{"id":10,"name":"Claire","url":"","description":"Claire, 26 ans, passionn\u00e9e de voyages et de danse. J\u2019adore d\u00e9nicher les nouveaut\u00e9s DIY et d\u00e9coration. Je blogue pour smartphoto les astuces \u00e0 r\u00e9aliser avec vos photos.","link":"https:\/\/www.smartphoto.fr\/inspiration\/author\/claire","slug":"claire","avatar_urls":{"24":"https:\/\/secure.gravatar.com\/avatar\/9f27a09fb8046031a47a9f22ce0ca8e9?s=24&d=mm&r=g","48":"https:\/\/secure.gravatar.com\/avatar\/9f27a09fb8046031a47a9f22ce0ca8e9?s=48&d=mm&r=g","96":"https:\/\/secure.gravatar.com\/avatar\/9f27a09fb8046031a47a9f22ce0ca8e9?s=96&d=mm&r=g"},"meta":[],"yoast_head":"<!-- This site is optimized with the Yoast SEO plugin v23.8 - https:\/\/yoast.com\/wordpress\/plugins\/seo\/ -->\n<title>Claire, Author at smartphoto FR<\/title>\n<meta name=\"robots\" content=\"index, follow, max-snippet:-1, max-image-preview:large, max-video-preview:-1\" \/>\n<link rel=\"canonical\" href=\"https:\/\/www.smartphoto.fr\/inspiration\/author\/claire\" \/>\n<meta property=\"og:locale\" content=\"fr_FR\" \/>\n<meta property=\"og:type\" content=\"profile\" \/>\n<meta property=\"og:title\" content=\"Claire, Author at smartphoto FR\" \/>\n<meta property=\"og:url\" content=\"https:\/\/www.smartphoto.fr\/inspiration\/author\/claire\" \/>\n<meta property=\"og:site_name\" content=\"smartphoto FR\" \/>\n<meta property=\"og:image\" content=\"https:\/\/secure.gravatar.com\/avatar\/9f27a09fb8046031a47a9f22ce0ca8e9?s=500&d=mm&r=g\" \/>\n<meta name=\"twitter:card\" content=\"summary_large_image\" \/>\n<meta name=\"twitter:site\" content=\"@smartphoto_fr\" \/>\n<script type=\"application\/ld+json\" class=\"yoast-schema-graph\">{\"@context\":\"https:\/\/schema.org\",\"@graph\":[{\"@type\":\"ProfilePage\",\"@id\":\"https:\/\/www.smartphoto.fr\/inspiration\/author\/claire\",\"url\":\"https:\/\/www.smartphoto.fr\/inspiration\/author\/claire\",\"name\":\"Claire, Author at smartphoto FR\",\"isPartOf\":{\"@id\":\"https:\/\/www.smartphoto.fr\/inspiration\/#website\"},\"breadcrumb\":{\"@id\":\"https:\/\/www.smartphoto.fr\/inspiration\/author\/claire#breadcrumb\"},\"inLanguage\":\"fr-FR\",\"potentialAction\":[{\"@type\":\"ReadAction\",\"target\":[\"https:\/\/www.smartphoto.fr\/inspiration\/author\/claire\"]}]},{\"@type\":\"BreadcrumbList\",\"@id\":\"https:\/\/www.smartphoto.fr\/inspiration\/author\/claire#breadcrumb\",\"itemListElement\":[{\"@type\":\"ListItem\",\"position\":1,\"name\":\"Home\",\"item\":\"https:\/\/www.smartphoto.fr\/inspiration\/\"},{\"@type\":\"ListItem\",\"position\":2,\"name\":\"Archives for Claire\"}]},{\"@type\":\"WebSite\",\"@id\":\"https:\/\/www.smartphoto.fr\/inspiration\/#website\",\"url\":\"https:\/\/www.smartphoto.fr\/inspiration\/\",\"name\":\"smartphoto FR\",\"description\":\"Le blog de smartphoto France.\",\"potentialAction\":[{\"@type\":\"SearchAction\",\"target\":{\"@type\":\"EntryPoint\",\"urlTemplate\":\"https:\/\/www.smartphoto.fr\/inspiration\/?s={search_term_string}\"},\"query-input\":{\"@type\":\"PropertyValueSpecification\",\"valueRequired\":true,\"valueName\":\"search_term_string\"}}],\"inLanguage\":\"fr-FR\"},{\"@type\":\"Person\",\"@id\":\"https:\/\/www.smartphoto.fr\/inspiration\/#\/schema\/person\/b743c2a89fcff4d18195130bb0259ffe\",\"name\":\"Claire\",\"image\":{\"@type\":\"ImageObject\",\"inLanguage\":\"fr-FR\",\"@id\":\"https:\/\/www.smartphoto.fr\/inspiration\/#\/schema\/person\/image\/\",\"url\":\"https:\/\/secure.gravatar.com\/avatar\/9f27a09fb8046031a47a9f22ce0ca8e9?s=96&d=mm&r=g\",\"contentUrl\":\"https:\/\/secure.gravatar.com\/avatar\/9f27a09fb8046031a47a9f22ce0ca8e9?s=96&d=mm&r=g\",\"caption\":\"Claire\"},\"description\":\"Claire, 26 ans, passionn\u00e9e de voyages et de danse. J\u2019adore d\u00e9nicher les nouveaut\u00e9s DIY et d\u00e9coration. Je blogue pour smartphoto les astuces \u00e0 r\u00e9aliser avec vos photos.\",\"mainEntityOfPage\":{\"@id\":\"https:\/\/www.smartphoto.fr\/inspiration\/author\/claire\"}}]}<\/script>\n<!-- \/ Yoast SEO plugin. -->","yoast_head_json":{"title":"Claire, Author at smartphoto FR","robots":{"index":"index","follow":"follow","max-snippet":"max-snippet:-1","max-image-preview":"max-image-preview:large","max-video-preview":"max-video-preview:-1"},"canonical":"https:\/\/www.smartphoto.fr\/inspiration\/author\/claire","og_locale":"fr_FR","og_type":"profile","og_title":"Claire, Author at smartphoto FR","og_url":"https:\/\/www.smartphoto.fr\/inspiration\/author\/claire","og_site_name":"smartphoto FR","og_image":[{"url":"https:\/\/secure.gravatar.com\/avatar\/9f27a09fb8046031a47a9f22ce0ca8e9?s=500&d=mm&r=g"}],"twitter_card":"summary_large_image","twitter_site":"@smartphoto_fr","schema":{"@context":"https:\/\/schema.org","@graph":[{"@type":"ProfilePage","@id":"https:\/\/www.smartphoto.fr\/inspiration\/author\/claire","url":"https:\/\/www.smartphoto.fr\/inspiration\/author\/claire","name":"Claire, Author at smartphoto FR","isPartOf":{"@id":"https:\/\/www.smartphoto.fr\/inspiration\/#website"},"breadcrumb":{"@id":"https:\/\/www.smartphoto.fr\/inspiration\/author\/claire#breadcrumb"},"inLanguage":"fr-FR","potentialAction":[{"@type":"ReadAction","target":["https:\/\/www.smartphoto.fr\/inspiration\/author\/claire"]}]},{"@type":"BreadcrumbList","@id":"https:\/\/www.smartphoto.fr\/inspiration\/author\/claire#breadcrumb","itemListElement":[{"@type":"ListItem","position":1,"name":"Home","item":"https:\/\/www.smartphoto.fr\/inspiration\/"},{"@type":"ListItem","position":2,"name":"Archives for Claire"}]},{"@type":"WebSite","@id":"https:\/\/www.smartphoto.fr\/inspiration\/#website","url":"https:\/\/www.smartphoto.fr\/inspiration\/","name":"smartphoto FR","description":"Le blog de smartphoto France.","potentialAction":[{"@type":"SearchAction","target":{"@type":"EntryPoint","urlTemplate":"https:\/\/www.smartphoto.fr\/inspiration\/?s={search_term_string}"},"query-input":{"@type":"PropertyValueSpecification","valueRequired":true,"valueName":"search_term_string"}}],"inLanguage":"fr-FR"},{"@type":"Person","@id":"https:\/\/www.smartphoto.fr\/inspiration\/#\/schema\/person\/b743c2a89fcff4d18195130bb0259ffe","name":"Claire","image":{"@type":"ImageObject","inLanguage":"fr-FR","@id":"https:\/\/www.smartphoto.fr\/inspiration\/#\/schema\/person\/image\/","url":"https:\/\/secure.gravatar.com\/avatar\/9f27a09fb8046031a47a9f22ce0ca8e9?s=96&d=mm&r=g","contentUrl":"https:\/\/secure.gravatar.com\/avatar\/9f27a09fb8046031a47a9f22ce0ca8e9?s=96&d=mm&r=g","caption":"Claire"},"description":"Claire, 26 ans, passionn\u00e9e de voyages et de danse. J\u2019adore d\u00e9nicher les nouveaut\u00e9s DIY et d\u00e9coration. Je blogue pour smartphoto les astuces \u00e0 r\u00e9aliser avec vos photos.","mainEntityOfPage":{"@id":"https:\/\/www.smartphoto.fr\/inspiration\/author\/claire"}}]}},"_links":{"self":[{"href":"https:\/\/www.smartphoto.fr\/inspiration\/wp-json\/wp\/v2\/users\/10","targetHints":{"allow":["GET"]}}],"collection":[{"href":"https:\/\/www.smartphoto.fr\/inspiration\/wp-json\/wp\/v2\/users"}]}}