{"id":9673,"date":"2020-07-10T13:35:36","date_gmt":"2020-07-10T11:35:36","guid":{"rendered":"\/inspiration\/?p=9673"},"modified":"2024-08-21T10:43:56","modified_gmt":"2024-08-21T08:43:56","slug":"creez-vos-masques-personnalises","status":"publish","type":"post","link":"https:\/\/www.smartphoto.fr\/inspiration\/creez-vos-masques-personnalises","title":{"rendered":"Cr\u00e9ez vos masques personnalis\u00e9s"},"content":{"rendered":"\n<p>Cr\u00e9ez vos masques en tissu personnalis\u00e9s sur smartphoto.fr. Vendus par sets de 4, ces masques \u00ab\u00a0grand public\u00a0\u00bb certifi\u00e9s existent en 2 tailles, et sont personnalisables \u00e0 l&rsquo;infini ! Cr\u00e9ez des masques super originaux pour vous et votre famille. Voici plein d&rsquo;id\u00e9es pour vous inspirer ! <\/p>\n\n\n\n<blockquote class=\"wp-block-quote is-layout-flow wp-block-quote-is-layout-flow\">\n<p>Gr\u00e2ce \u00e0 vous, <strong>smartphoto a collect\u00e9 plus de 10.000 \u20ac pour la recherche sur le Covid-19<\/strong>  ! En effet, du 6 mai au 8 juillet 2020, pour chaque set de masques vendu, 2\u20ac \u00e9taient revers\u00e9s \u00e0 la recherche sur le Covid-19.<\/p>\n<\/blockquote>\n\n\n\n<figure class=\"wp-block-image size-large\"><img decoding=\"async\" src=\"https:\/\/storage.googleapis.com\/smartphoto-express-production-wp-blogs-com\/9\/2020\/05\/masque-buccal-personnalis\u00e9-smartphoto.jpg\" alt=\"\" class=\"wp-image-42199\" \/><\/figure>\n\n\n\n<h2 class=\"wp-block-heading\">Cr\u00e9er un masque personnalis\u00e9 : photo, texte, motifs,&#8230;<\/h2>\n\n\n\n<p>Nos masques sont vendus par set de 4 masques, \u00e0 personnaliser individuellement sur notre site. Cela les rend plus amusants et chaleureux pour vous, et pour toutes les personnes qui croiseront votre chemin. <\/p>\n\n\n\n<h4 class=\"wp-block-heading\">Comment cr\u00e9er mes masques personnalis\u00e9s ? <\/h4>\n\n\n\n<ul class=\"wp-block-list\">\n<li>Rendez-vous sur la page suivante :  <a href=\"https:\/\/www.smartphoto.fr\/cadeaux-photo\/masque_buccal\">https:\/\/www.smartphoto.fr\/cadeaux-photo\/masque_buccal<\/a> <\/li>\n\n\n\n<li>Cliquez sur le bouton bleu \u00ab\u00a0cr\u00e9er votre masque personnalis\u00e9\u00a0\u00bb<\/li>\n\n\n\n<li>Choisissez un design<\/li>\n\n\n\n<li>Utilisez les fl\u00e8ches ou les miniatures \u00e0 droite pour voir les 4 exemplaires diff\u00e9rents.<\/li>\n\n\n\n<li>A gauche, ouvrez le volet pour tester les diff\u00e9rentes mises en page (texte ou photo), et d\u00e9couvrir les arri\u00e8re-plan color\u00e9s ou \u00e0 motifs.<\/li>\n\n\n\n<li>Vous pouvez \u00e9galement utiliser des filtres ou changer la police et la couleur du texte.<\/li>\n<\/ul>\n\n\n\n<figure class=\"wp-block-gallery has-nested-images columns-4 is-cropped wp-block-gallery-1 is-layout-flex wp-block-gallery-is-layout-flex\">\n<figure class=\"wp-block-image size-large\"><img decoding=\"async\" data-id=\"42237\" src=\"https:\/\/storage.googleapis.com\/smartphoto-express-production-wp-blogs-com\/9\/2020\/05\/amsks.png\" alt=\"\" class=\"wp-image-42237\" \/><\/figure>\n\n\n\n<figure class=\"wp-block-image size-large\"><img decoding=\"async\" data-id=\"42238\" src=\"https:\/\/storage.googleapis.com\/smartphoto-express-production-wp-blogs-com\/9\/2020\/05\/amsks2.png\" alt=\"\" class=\"wp-image-42238\" \/><\/figure>\n\n\n\n<figure class=\"wp-block-image size-large\"><img decoding=\"async\" data-id=\"42239\" src=\"https:\/\/storage.googleapis.com\/smartphoto-express-production-wp-blogs-com\/9\/2020\/05\/amsks3-1024x820.png\" alt=\"\" class=\"wp-image-42239\" \/><\/figure>\n\n\n\n<figure class=\"wp-block-image size-large\"><img decoding=\"async\" data-id=\"42241\" src=\"https:\/\/storage.googleapis.com\/smartphoto-express-production-wp-blogs-com\/9\/2020\/05\/amsks4.png\" alt=\"\" class=\"wp-image-42241\" \/><\/figure>\n<figcaption class=\"blocks-gallery-caption wp-element-caption\"><strong>Cr\u00e9ez 4 masques diff\u00e9rents<\/strong><\/figcaption><\/figure>\n\n\n\n<h4 class=\"wp-block-heading\">Vous cherchez des id\u00e9es ? <\/h4>\n\n\n\n<p>Vous pouvez s\u00e9lectionner un design pr\u00eat \u00e0 l&#8217;emploi, et \u00e9ventuellement modifier les texte ou la couleur d&rsquo;arri\u00e8re-plan.<\/p>\n\n\n\n<figure class=\"wp-block-gallery has-nested-images columns-3 is-cropped wp-block-gallery-2 is-layout-flex wp-block-gallery-is-layout-flex\">\n<figure class=\"wp-block-image size-large\"><img loading=\"lazy\" decoding=\"async\" width=\"386\" height=\"385\" data-id=\"9679\" src=\"https:\/\/storage.googleapis.com\/smartphoto-express-production-wp-blogs-com\/10\/2020\/07\/eat-sleep-isolate-repeat.png\" alt=\"\" class=\"wp-image-9679\" srcset=\"https:\/\/storage.googleapis.com\/smartphoto-express-production-wp-blogs-com\/10\/2020\/07\/eat-sleep-isolate-repeat.png 386w, https:\/\/storage.googleapis.com\/smartphoto-express-production-wp-blogs-com\/10\/2020\/07\/eat-sleep-isolate-repeat-300x300.png 300w, https:\/\/storage.googleapis.com\/smartphoto-express-production-wp-blogs-com\/10\/2020\/07\/eat-sleep-isolate-repeat-150x150.png 150w\" sizes=\"auto, (max-width: 386px) 100vw, 386px\" \/><\/figure>\n\n\n\n<figure class=\"wp-block-image size-large\"><img loading=\"lazy\" decoding=\"async\" width=\"385\" height=\"388\" data-id=\"9680\" src=\"https:\/\/storage.googleapis.com\/smartphoto-express-production-wp-blogs-com\/10\/2020\/07\/masques.png\" alt=\"\" class=\"wp-image-9680\" srcset=\"https:\/\/storage.googleapis.com\/smartphoto-express-production-wp-blogs-com\/10\/2020\/07\/masques.png 385w, https:\/\/storage.googleapis.com\/smartphoto-express-production-wp-blogs-com\/10\/2020\/07\/masques-298x300.png 298w, https:\/\/storage.googleapis.com\/smartphoto-express-production-wp-blogs-com\/10\/2020\/07\/masques-150x150.png 150w\" sizes=\"auto, (max-width: 385px) 100vw, 385px\" \/><\/figure>\n\n\n\n<figure class=\"wp-block-image size-large\"><img loading=\"lazy\" decoding=\"async\" width=\"388\" height=\"386\" data-id=\"9681\" src=\"https:\/\/storage.googleapis.com\/smartphoto-express-production-wp-blogs-com\/10\/2020\/07\/barbu.png\" alt=\"\" class=\"wp-image-9681\" srcset=\"https:\/\/storage.googleapis.com\/smartphoto-express-production-wp-blogs-com\/10\/2020\/07\/barbu.png 388w, https:\/\/storage.googleapis.com\/smartphoto-express-production-wp-blogs-com\/10\/2020\/07\/barbu-300x298.png 300w, https:\/\/storage.googleapis.com\/smartphoto-express-production-wp-blogs-com\/10\/2020\/07\/barbu-150x150.png 150w\" sizes=\"auto, (max-width: 388px) 100vw, 388px\" \/><\/figure>\n\n\n\n<figure class=\"wp-block-image size-large\"><img loading=\"lazy\" decoding=\"async\" width=\"391\" height=\"386\" data-id=\"9682\" src=\"https:\/\/storage.googleapis.com\/smartphoto-express-production-wp-blogs-com\/10\/2020\/07\/if-you-can-read-this-yure-too-close.png\" alt=\"\" class=\"wp-image-9682\" srcset=\"https:\/\/storage.googleapis.com\/smartphoto-express-production-wp-blogs-com\/10\/2020\/07\/if-you-can-read-this-yure-too-close.png 391w, https:\/\/storage.googleapis.com\/smartphoto-express-production-wp-blogs-com\/10\/2020\/07\/if-you-can-read-this-yure-too-close-300x296.png 300w\" sizes=\"auto, (max-width: 391px) 100vw, 391px\" \/><\/figure>\n\n\n\n<figure class=\"wp-block-image size-large\"><img loading=\"lazy\" decoding=\"async\" width=\"385\" height=\"385\" data-id=\"9683\" src=\"https:\/\/storage.googleapis.com\/smartphoto-express-production-wp-blogs-com\/10\/2020\/07\/vegetal.png\" alt=\"\" class=\"wp-image-9683\" srcset=\"https:\/\/storage.googleapis.com\/smartphoto-express-production-wp-blogs-com\/10\/2020\/07\/vegetal.png 385w, https:\/\/storage.googleapis.com\/smartphoto-express-production-wp-blogs-com\/10\/2020\/07\/vegetal-300x300.png 300w, https:\/\/storage.googleapis.com\/smartphoto-express-production-wp-blogs-com\/10\/2020\/07\/vegetal-150x150.png 150w\" sizes=\"auto, (max-width: 385px) 100vw, 385px\" \/><\/figure>\n\n\n\n<figure class=\"wp-block-image size-large\"><img loading=\"lazy\" decoding=\"async\" width=\"383\" height=\"387\" data-id=\"9684\" src=\"https:\/\/storage.googleapis.com\/smartphoto-express-production-wp-blogs-com\/10\/2020\/07\/bal-masqu\u00e9.png\" alt=\"\" class=\"wp-image-9684\" srcset=\"https:\/\/storage.googleapis.com\/smartphoto-express-production-wp-blogs-com\/10\/2020\/07\/bal-masqu\u00e9.png 383w, https:\/\/storage.googleapis.com\/smartphoto-express-production-wp-blogs-com\/10\/2020\/07\/bal-masqu\u00e9-297x300.png 297w\" sizes=\"auto, (max-width: 383px) 100vw, 383px\" \/><\/figure>\n\n\n\n<figure class=\"wp-block-image size-large\"><img loading=\"lazy\" decoding=\"async\" width=\"379\" height=\"388\" data-id=\"9685\" src=\"https:\/\/storage.googleapis.com\/smartphoto-express-production-wp-blogs-com\/10\/2020\/07\/Plumes.png\" alt=\"\" class=\"wp-image-9685\" srcset=\"https:\/\/storage.googleapis.com\/smartphoto-express-production-wp-blogs-com\/10\/2020\/07\/Plumes.png 379w, https:\/\/storage.googleapis.com\/smartphoto-express-production-wp-blogs-com\/10\/2020\/07\/Plumes-293x300.png 293w\" sizes=\"auto, (max-width: 379px) 100vw, 379px\" \/><\/figure>\n\n\n\n<figure class=\"wp-block-image size-large\"><img loading=\"lazy\" decoding=\"async\" width=\"385\" height=\"390\" data-id=\"9686\" src=\"https:\/\/storage.googleapis.com\/smartphoto-express-production-wp-blogs-com\/10\/2020\/07\/hello.png\" alt=\"\" class=\"wp-image-9686\" srcset=\"https:\/\/storage.googleapis.com\/smartphoto-express-production-wp-blogs-com\/10\/2020\/07\/hello.png 385w, https:\/\/storage.googleapis.com\/smartphoto-express-production-wp-blogs-com\/10\/2020\/07\/hello-296x300.png 296w\" sizes=\"auto, (max-width: 385px) 100vw, 385px\" \/><\/figure>\n\n\n\n<figure class=\"wp-block-image size-large\"><img loading=\"lazy\" decoding=\"async\" width=\"387\" height=\"385\" data-id=\"9687\" src=\"https:\/\/storage.googleapis.com\/smartphoto-express-production-wp-blogs-com\/10\/2020\/07\/masque-museau-de-chien.png\" alt=\"\" class=\"wp-image-9687\" srcset=\"https:\/\/storage.googleapis.com\/smartphoto-express-production-wp-blogs-com\/10\/2020\/07\/masque-museau-de-chien.png 387w, https:\/\/storage.googleapis.com\/smartphoto-express-production-wp-blogs-com\/10\/2020\/07\/masque-museau-de-chien-300x298.png 300w, https:\/\/storage.googleapis.com\/smartphoto-express-production-wp-blogs-com\/10\/2020\/07\/masque-museau-de-chien-150x150.png 150w\" sizes=\"auto, (max-width: 387px) 100vw, 387px\" \/><\/figure>\n<\/figure>\n\n\n\n<p>D\u00e9couvrez dans le cr\u00e9ateur<strong> tous les arri\u00e8res-plan ou fonds color\u00e9s <\/strong>disponibles : ils peuvent \u00eatre ajout\u00e9s \u00e0 toutes les mises en page avec texte. Voici quelques id\u00e9es de citations sympas !<\/p>\n\n\n\n<figure class=\"wp-block-gallery has-nested-images columns-2 is-cropped wp-block-gallery-3 is-layout-flex wp-block-gallery-is-layout-flex\">\n<figure class=\"wp-block-image size-large\"><img decoding=\"async\" data-id=\"42212\" src=\"https:\/\/storage.googleapis.com\/smartphoto-express-production-wp-blogs-com\/9\/2020\/05\/Masque-1024x482.png\" alt=\"\" class=\"wp-image-42212\" \/><figcaption class=\"wp-element-caption\">\u00ab\u00a0Tous les super-h\u00e9ros portent un masque\u00a0\u00bb<\/figcaption><\/figure>\n\n\n\n<figure class=\"wp-block-image size-large\"><img decoding=\"async\" data-id=\"42200\" src=\"https:\/\/storage.googleapis.com\/smartphoto-express-production-wp-blogs-com\/9\/2020\/05\/Barbu-1024x451.png\" alt=\"\" class=\"wp-image-42200\" \/><figcaption class=\"wp-element-caption\">\u00ab\u00a0Sous ce masque se cache&#8230;\u00a0\u00bb<\/figcaption><\/figure>\n\n\n\n<figure class=\"wp-block-image size-large\"><img decoding=\"async\" data-id=\"42220\" src=\"https:\/\/storage.googleapis.com\/smartphoto-express-production-wp-blogs-com\/9\/2020\/05\/toclose.png\" alt=\"\" class=\"wp-image-42220\" \/><figcaption class=\"wp-element-caption\">\u00ab\u00a0Si vous pouvez lire ceci, vous \u00eates trop pr\u00e8s\u00a0\u00bb<\/figcaption><\/figure>\n\n\n\n<figure class=\"wp-block-image size-large\"><img decoding=\"async\" data-id=\"42226\" src=\"https:\/\/storage.googleapis.com\/smartphoto-express-production-wp-blogs-com\/9\/2020\/05\/masque-personnalis\u00e9-texte-smartphoto2.png\" alt=\"\" class=\"wp-image-42226\" \/><figcaption class=\"wp-element-caption\">\u00ab\u00a0J&rsquo;apprends \u00e0 sourire avec les yeux, \u00e0 vous!\u00a0\u00bb<\/figcaption><\/figure>\n\n\n\n<figure class=\"wp-block-image size-large\"><img decoding=\"async\" data-id=\"42227\" src=\"https:\/\/storage.googleapis.com\/smartphoto-express-production-wp-blogs-com\/9\/2020\/05\/lapluie-1.png\" alt=\"\" class=\"wp-image-42227\" \/><figcaption class=\"wp-element-caption\">\u00ab\u00a0Apr\u00e8s la pluie, le beau temps\u00a0\u00bb<\/figcaption><\/figure>\n\n\n\n<figure class=\"wp-block-image size-large\"><img decoding=\"async\" data-id=\"42242\" src=\"https:\/\/storage.googleapis.com\/smartphoto-express-production-wp-blogs-com\/9\/2020\/05\/masque-personnalis\u00e9-texte-smartphoto-1.png\" alt=\"\" class=\"wp-image-42242\" \/><figcaption class=\"wp-element-caption\"> \u00ab\u00a0Ci-dessous, quelqu&rsquo;un vous sourit\u00a0\u00bb <\/figcaption><\/figure>\n<\/figure>\n\n\n\n<p>Ces <strong>arri\u00e8re-plans<\/strong> se suffisent \u00e0 eux-m\u00eame ! Si vous n&rsquo;introduisez pas de texte, vous obtiendrez simplement un masque avec un super motif.<\/p>\n\n\n\n<figure class=\"wp-block-gallery has-nested-images columns-2 is-cropped wp-block-gallery-4 is-layout-flex wp-block-gallery-is-layout-flex\">\n<figure class=\"wp-block-image size-large\"><img decoding=\"async\" data-id=\"42202\" src=\"https:\/\/storage.googleapis.com\/smartphoto-express-production-wp-blogs-com\/9\/2020\/05\/camera.png\" alt=\"\" class=\"wp-image-42202\" \/><figcaption class=\"wp-element-caption\">Arri\u00e8re-plan \u00ab\u00a0cam\u00e9ras\u00a0\u00bb<\/figcaption><\/figure>\n\n\n\n<figure class=\"wp-block-image size-large\"><img decoding=\"async\" data-id=\"42223\" src=\"https:\/\/storage.googleapis.com\/smartphoto-express-production-wp-blogs-com\/9\/2020\/05\/masque-personnalis\u00e9-estival-smartphoto.png\" alt=\"\" class=\"wp-image-42223\" \/><figcaption class=\"wp-element-caption\">Arri\u00e8re-plan \u00ab\u00a0Past\u00e8que\u00a0\u00bb<\/figcaption><\/figure>\n\n\n\n<figure class=\"wp-block-image size-large\"><img decoding=\"async\" data-id=\"42221\" src=\"https:\/\/storage.googleapis.com\/smartphoto-express-production-wp-blogs-com\/9\/2020\/05\/zebra.png\" alt=\"\" class=\"wp-image-42221\" \/><figcaption class=\"wp-element-caption\">Arri\u00e8re-plan \u00ab\u00a0z\u00e8bre\u00a0\u00bb<\/figcaption><\/figure>\n\n\n\n<figure class=\"wp-block-image size-large\"><img decoding=\"async\" data-id=\"42224\" src=\"https:\/\/storage.googleapis.com\/smartphoto-express-production-wp-blogs-com\/9\/2020\/05\/masque-personnalis\u00e9-motif-patte-de-chien-smartphoto.png\" alt=\"\" class=\"wp-image-42224\" \/><figcaption class=\"wp-element-caption\">Arri\u00e8re-plan \u00ab\u00a0pattes de chien\u00a0\u00bb<\/figcaption><\/figure>\n<\/figure>\n\n\n\n<p>Vous pouvez aussi utiliser une <strong>illustration<\/strong> que vous avez cr\u00e9\u00e9e ou libre de droit, et l&rsquo;ajouter \u00e0 votre masque gr\u00e2ce \u00e0 la mise en page avec photo (voir volet de gauche dans le cr\u00e9ateur). Les exemples ci-dessous ont \u00e9t\u00e9 cr\u00e9\u00e9s avec des photos acquises sur fr.freepik.com.<\/p>\n\n\n\n<figure class=\"wp-block-gallery has-nested-images columns-2 is-cropped wp-block-gallery-5 is-layout-flex wp-block-gallery-is-layout-flex\">\n<figure class=\"wp-block-image size-large\"><img decoding=\"async\" data-id=\"42201\" src=\"https:\/\/storage.googleapis.com\/smartphoto-express-production-wp-blogs-com\/9\/2020\/05\/beest-1024x610.png\" alt=\"\" class=\"wp-image-42201\" \/><figcaption class=\"wp-element-caption\">Masque \u00ab\u00a0Le chat de Chesterfield\u00a0\u00bb<\/figcaption><\/figure>\n\n\n\n<figure class=\"wp-block-image size-large\"><img decoding=\"async\" data-id=\"42215\" src=\"https:\/\/storage.googleapis.com\/smartphoto-express-production-wp-blogs-com\/9\/2020\/05\/mouth.png\" alt=\"\" class=\"wp-image-42215\" \/><figcaption class=\"wp-element-caption\">Masque \u00ab\u00a0pop\u00a0\u00bb<\/figcaption><\/figure>\n\n\n\n<figure class=\"wp-block-image size-large\"><img decoding=\"async\" data-id=\"42217\" src=\"https:\/\/storage.googleapis.com\/smartphoto-express-production-wp-blogs-com\/9\/2020\/05\/requin-1024x521.png\" alt=\"\" class=\"wp-image-42217\" \/><figcaption class=\"wp-element-caption\">Sourire de requin<\/figcaption><\/figure>\n\n\n\n<figure class=\"wp-block-image size-large\"><img decoding=\"async\" data-id=\"42214\" src=\"https:\/\/storage.googleapis.com\/smartphoto-express-production-wp-blogs-com\/9\/2020\/05\/moustache.png\" alt=\"\" class=\"wp-image-42214\" \/><figcaption class=\"wp-element-caption\">Masque avec une moustache<\/figcaption><\/figure>\n<\/figure>\n\n\n\n<p>Ajoutez une <strong>photo<\/strong> de vous, de votre animal, ou des photos rigolotes libres de droit. Amusez-vous, on a bien besoin d&rsquo;un peu d&rsquo;humour dans ce contexte.<\/p>\n\n\n\n<figure class=\"wp-block-gallery has-nested-images columns-2 is-cropped wp-block-gallery-6 is-layout-flex wp-block-gallery-is-layout-flex\">\n<figure class=\"wp-block-image size-large\"><img decoding=\"async\" data-id=\"42208\" src=\"https:\/\/storage.googleapis.com\/smartphoto-express-production-wp-blogs-com\/9\/2020\/05\/kat2.png\" alt=\"\" class=\"wp-image-42208\" \/><figcaption class=\"wp-element-caption\">Photo de chat<\/figcaption><\/figure>\n\n\n\n<figure class=\"wp-block-image size-large\"><img decoding=\"async\" data-id=\"42207\" src=\"https:\/\/storage.googleapis.com\/smartphoto-express-production-wp-blogs-com\/9\/2020\/05\/kat1.png\" alt=\"\" class=\"wp-image-42207\" \/><figcaption class=\"wp-element-caption\">Photo de votre animal, ou libre de droit<\/figcaption><\/figure>\n\n\n\n<figure class=\"wp-block-image size-large\"><img decoding=\"async\" data-id=\"42209\" src=\"https:\/\/storage.googleapis.com\/smartphoto-express-production-wp-blogs-com\/9\/2020\/05\/konijn.png\" alt=\"\" class=\"wp-image-42209\" \/><figcaption class=\"wp-element-caption\">Museau de lapin<\/figcaption><\/figure>\n\n\n\n<figure class=\"wp-block-image size-large\"><img decoding=\"async\" data-id=\"42216\" src=\"https:\/\/storage.googleapis.com\/smartphoto-express-production-wp-blogs-com\/9\/2020\/05\/mouthkey-1024x659.png\" alt=\"\" class=\"wp-image-42216\" \/><figcaption class=\"wp-element-caption\">Sourire de singe<\/figcaption><\/figure>\n<\/figure>\n\n\n\n<blockquote class=\"wp-block-quote is-style-default is-layout-flow wp-block-quote-is-layout-flow\">\n<p>Merci \u00e0 nos coll\u00e8gues qui ont partag\u00e9 leur cr\u00e9ativit\u00e9 pour cet article !<\/p>\n<\/blockquote>\n\n\n\n<h2 class=\"wp-block-heading\">Et pour les enfants ?<\/h2>\n\n\n\n<p><strong>Nos masques sont disponibles en 2 tailles : M et S. <\/strong>Pour savoir la taille qui vous convient, <a href=\"https:\/\/www.smartphoto.be\/fr\/cadeaux-photo\/textile\/guide-des-tailles\">consultez le guide des tailles<\/a> ! La taille M convient pour la plupart des adultes, et la taille S est parfaite si vous \u00eates plut\u00f4t petit(e) ou pour les adolescent(e)s.<\/p>\n\n\n\n<figure class=\"wp-block-image size-large\"><img decoding=\"async\" src=\"https:\/\/storage.googleapis.com\/smartphoto-express-production-wp-blogs-com\/9\/2020\/07\/phpX7hCz6_5f043eb4af273_5f043f4f74e20.jpg\" alt=\"\" class=\"wp-image-42336\" \/><\/figure>\n\n\n\n<h2 class=\"wp-block-heading\">Le partenaire parfait<\/h2>\n\n\n\n<p>Lorsqu&rsquo;il a sembl\u00e9 \u00e9vident que l&rsquo;utilisation de masques buccaux \u00ab\u00a0grand public\u00a0\u00bb allait se g\u00e9n\u00e9raliser, smartphoto s&rsquo;est imm\u00e9diatement mis au travail. En tant que sp\u00e9cialistes en produits personnalis\u00e9s, il nous a sembl\u00e9 que notre expertise devait servir \u00e0<strong> apporter une touche plus humaine \u00e0 ce nouveau geste barri\u00e8re<\/strong>.<\/p>\n\n\n\n<figure class=\"wp-block-image size-large\"><img decoding=\"async\" src=\"https:\/\/cdn.webshopapp.com\/shops\/94198\/files\/320596719\/bedanktmerci-vlag.jpg\" alt=\"\" \/><figcaption class=\"wp-element-caption\">Visix, sp\u00e9cialis\u00e9 en impression textile notamment pour les drapeaux et banni\u00e8res, est un partenaire qui a fait ses preuves. Photo : Visix.<\/figcaption><\/figure>\n\n\n\n<p>Nous avons recherch\u00e9 le meilleur partenaire et l&rsquo;avons trouv\u00e9 avec <strong>Visix<\/strong>, sp\u00e9cialiste en impression sur textiles. Cette entreprise belge qui nous a d\u00e9j\u00e0 prouv\u00e9 son s\u00e9rieux et la qualit\u00e9 de son travail, dispose de toutes les installations et comp\u00e9tences n\u00e9cessaires pour fabriquer des masques buccaux personnalis\u00e9s \u00e0 la fois confortables et beaux.<\/p>\n\n\n\n<h3 class=\"wp-block-heading\">Ces masques sont-ils conformes \u00e0 la r\u00e9glementation ?<\/h3>\n\n\n\n<p><\/p>\n\n\n\n<p>Apr\u00e8s le confinement, on a vu arriver sur le march\u00e9 toute sorte de masques de qualit\u00e9s tr\u00e8s variable. Smartphoto a voulu offrir la meilleure qualit\u00e9 possible pour un prix abordable : ainsi, ces masques sont munis d&rsquo;une double couche de tissu 100% polyester, certifi\u00e9 OEKO-TEX Standard 100 et d&rsquo;un \u00e9lastique \u00e0 placer autour de la t\u00eate.<\/p>\n\n\n\n<div class=\"wp-block-media-text alignwide is-stacked-on-mobile\"><figure class=\"wp-block-media-text__media\"><img decoding=\"async\" src=\"https:\/\/storage.googleapis.com\/smartphoto-express-production-wp-blogs-com\/9\/2020\/07\/phpWDXzaf_5f0440229ecec_5f04402bd803e.jpg\" alt=\"\" class=\"wp-image-42335 size-full\" \/><\/figure><div class=\"wp-block-media-text__content\">\n<p>Mise \u00e0 jour du 8 juillet : Les masques en tissu smartphoto sont d\u00e9sormais <strong>certifi\u00e9s Covid-19 CENTEX BEL<\/strong><\/p>\n<\/div><\/div>\n\n\n\n<p>Ces masques en tissu sont des masques \u00ab\u00a0de confort\u00a0\u00bb, grand public, ou \u00ab\u00a0masques d&rsquo;hygi\u00e8ne\u00a0\u00bb ou encore \u00ab\u00a0masque barri\u00e8re\u00a0\u00bb.  Ces masques ne sont cependant <strong>pas<\/strong> des EPI (Equipement de protection individuels port\u00e9s par les professionnels) <strong>ni<\/strong> des masques \u00e0 usage du personnel soignant. <\/p>\n\n\n\n<p>Ce type de masque ne pr\u00e9tend pas filtrer les virus, mais il est cependant recommand\u00e9s d&rsquo;en porter lorsque vous sortez dans des lieux publics o\u00f9 il est difficile de respecter \u00e0 100% une distance d&rsquo;1m50 entre les personnes.<\/p>\n\n\n\n<h2 class=\"wp-block-heading\">smartphoto soutient la recherche<\/h2>\n\n\n\n<p>Parce que nous aurions tous pr\u00e9f\u00e9r\u00e9 ne jamais avoir besoin de tels masques, smartphoto a choisi de reverser une partie des b\u00e9n\u00e9fices de ce produit pour la recherche sur le Coronavirus. <\/p>\n\n\n\n<p>Entre le 6\/05 et le 8\/07\/2020,<strong> smartphoto a collect\u00e9, gr\u00e2ce \u00e0 ses clients, plus de 10.000\u20ac \u00e0 destination de la recherche universitaire sur le Covid-19<\/strong>. Cette somme a \u00e9t\u00e9 r\u00e9partie \u00e9quitablement entre 2 fonds de recherche universitaire (<a href=\"https:\/\/getinvolved.uclouvain.be\/covid-19\/~mon-don\">la Fondation Louvain <\/a>et <a href=\"https:\/\/www.ugent.be\/\">l&rsquo;UGent)<\/a>. Les dons sur la vente des masques sont d\u00e9sormais cl\u00f4tur\u00e9s.<\/p>\n\n\n\n<p>Prenez soin de vous et des autres \u2764<\/p>\n\n\n\n<figure class=\"wp-block-image size-large\"><a href=\"https:\/\/www.instagram.com\/smartphoto_fr\/\"><img loading=\"lazy\" decoding=\"async\" width=\"720\" height=\"280\" src=\"https:\/\/storage.googleapis.com\/smartphoto-express-production-wp-blogs-com\/10\/2020\/07\/CTA_Blog_HashtagMySmartphoto_FR.jpg\" alt=\"\" class=\"wp-image-9678\" srcset=\"https:\/\/storage.googleapis.com\/smartphoto-express-production-wp-blogs-com\/10\/2020\/07\/CTA_Blog_HashtagMySmartphoto_FR.jpg 720w, https:\/\/storage.googleapis.com\/smartphoto-express-production-wp-blogs-com\/10\/2020\/07\/CTA_Blog_HashtagMySmartphoto_FR-300x117.jpg 300w\" sizes=\"auto, (max-width: 720px) 100vw, 720px\" \/><\/a><\/figure>\n","protected":false},"excerpt":{"rendered":"<p>Plein d&rsquo;id\u00e9es et inspiration pour cr\u00e9er vos masques personnalis\u00e9s smartphoto : id\u00e9es de citations et designs rigolos. Qualit\u00e9 certifi\u00e9e Covid-19 Centex-bel.<\/p>\n","protected":false},"author":39,"featured_media":9689,"comment_status":"open","ping_status":"open","sticky":false,"template":"","format":"standard","meta":{"om_disable_all_campaigns":false,"_monsterinsights_skip_tracking":false,"_monsterinsights_sitenote_active":false,"_monsterinsights_sitenote_note":"","_monsterinsights_sitenote_category":0,"footnotes":""},"categories":[16,1],"tags":[],"class_list":["post-9673","post","type-post","status-publish","format-standard","has-post-thumbnail","hentry","category-idees","category-smartphoto"],"yoast_head":"<!-- This site is optimized with the Yoast SEO plugin v23.8 - https:\/\/yoast.com\/wordpress\/plugins\/seo\/ -->\n<title>Cr\u00e9ez vos masques personnalis\u00e9s - smartphoto FR<\/title>\n<meta name=\"description\" content=\"Plein d&#039;id\u00e9es et inspiration pour cr\u00e9er vos masques personnalis\u00e9s smartphoto : id\u00e9es de citations et designs rigolos.\" \/>\n<meta name=\"robots\" content=\"index, follow, max-snippet:-1, max-image-preview:large, max-video-preview:-1\" \/>\n<link rel=\"canonical\" href=\"https:\/\/www.smartphoto.fr\/inspiration\/creez-vos-masques-personnalises\" \/>\n<meta property=\"og:locale\" content=\"fr_FR\" \/>\n<meta property=\"og:type\" content=\"article\" \/>\n<meta property=\"og:title\" content=\"Cr\u00e9ez vos masques personnalis\u00e9s - smartphoto FR\" \/>\n<meta property=\"og:description\" content=\"Plein d&#039;id\u00e9es et inspiration pour cr\u00e9er vos masques personnalis\u00e9s smartphoto : id\u00e9es de citations et designs rigolos.\" \/>\n<meta property=\"og:url\" content=\"https:\/\/www.smartphoto.fr\/inspiration\/creez-vos-masques-personnalises\" \/>\n<meta property=\"og:site_name\" content=\"smartphoto FR\" \/>\n<meta property=\"article:publisher\" content=\"https:\/\/www.facebook.com\/smartphoto.fr\" \/>\n<meta property=\"article:published_time\" content=\"2020-07-10T11:35:36+00:00\" \/>\n<meta property=\"article:modified_time\" content=\"2024-08-21T08:43:56+00:00\" \/>\n<meta property=\"og:image\" content=\"https:\/\/storage.googleapis.com\/smartphoto-express-production-wp-blogs-com\/10\/2020\/07\/phpWDXzaf_5f0440229ecec_5f04402bd803e.jpg\" \/>\n\t<meta property=\"og:image:width\" content=\"780\" \/>\n\t<meta property=\"og:image:height\" content=\"537\" \/>\n\t<meta property=\"og:image:type\" content=\"image\/jpeg\" \/>\n<meta name=\"author\" content=\"Caroline\" \/>\n<meta name=\"twitter:card\" content=\"summary_large_image\" \/>\n<meta name=\"twitter:creator\" content=\"@smartphoto_fr\" \/>\n<meta name=\"twitter:site\" content=\"@smartphoto_fr\" \/>\n<meta name=\"twitter:label1\" content=\"Written by\" \/>\n\t<meta name=\"twitter:data1\" content=\"Caroline\" \/>\n\t<meta name=\"twitter:label2\" content=\"Est. reading time\" \/>\n\t<meta name=\"twitter:data2\" content=\"12 minutes\" \/>\n<script type=\"application\/ld+json\" class=\"yoast-schema-graph\">{\"@context\":\"https:\/\/schema.org\",\"@graph\":[{\"@type\":\"WebPage\",\"@id\":\"https:\/\/www.smartphoto.fr\/inspiration\/creez-vos-masques-personnalises\",\"url\":\"https:\/\/www.smartphoto.fr\/inspiration\/creez-vos-masques-personnalises\",\"name\":\"Cr\u00e9ez vos masques personnalis\u00e9s - smartphoto FR\",\"isPartOf\":{\"@id\":\"https:\/\/www.smartphoto.fr\/inspiration\/#website\"},\"primaryImageOfPage\":{\"@id\":\"https:\/\/www.smartphoto.fr\/inspiration\/creez-vos-masques-personnalises#primaryimage\"},\"image\":{\"@id\":\"https:\/\/www.smartphoto.fr\/inspiration\/creez-vos-masques-personnalises#primaryimage\"},\"thumbnailUrl\":\"https:\/\/storage.googleapis.com\/smartphoto-express-production-wp-blogs-com\/10\/2020\/07\/phpWDXzaf_5f0440229ecec_5f04402bd803e.jpg\",\"datePublished\":\"2020-07-10T11:35:36+00:00\",\"dateModified\":\"2024-08-21T08:43:56+00:00\",\"author\":{\"@id\":\"https:\/\/www.smartphoto.fr\/inspiration\/#\/schema\/person\/14abe7c86f4bda0d741e3ec66a39733e\"},\"description\":\"Plein d'id\u00e9es et inspiration pour cr\u00e9er vos masques personnalis\u00e9s smartphoto : id\u00e9es de citations et designs rigolos.\",\"breadcrumb\":{\"@id\":\"https:\/\/www.smartphoto.fr\/inspiration\/creez-vos-masques-personnalises#breadcrumb\"},\"inLanguage\":\"fr-FR\",\"potentialAction\":[{\"@type\":\"ReadAction\",\"target\":[\"https:\/\/www.smartphoto.fr\/inspiration\/creez-vos-masques-personnalises\"]}]},{\"@type\":\"ImageObject\",\"inLanguage\":\"fr-FR\",\"@id\":\"https:\/\/www.smartphoto.fr\/inspiration\/creez-vos-masques-personnalises#primaryimage\",\"url\":\"https:\/\/storage.googleapis.com\/smartphoto-express-production-wp-blogs-com\/10\/2020\/07\/phpWDXzaf_5f0440229ecec_5f04402bd803e.jpg\",\"contentUrl\":\"https:\/\/storage.googleapis.com\/smartphoto-express-production-wp-blogs-com\/10\/2020\/07\/phpWDXzaf_5f0440229ecec_5f04402bd803e.jpg\",\"width\":780,\"height\":537},{\"@type\":\"BreadcrumbList\",\"@id\":\"https:\/\/www.smartphoto.fr\/inspiration\/creez-vos-masques-personnalises#breadcrumb\",\"itemListElement\":[{\"@type\":\"ListItem\",\"position\":1,\"name\":\"Home\",\"item\":\"https:\/\/www.smartphoto.fr\/inspiration\/\"},{\"@type\":\"ListItem\",\"position\":2,\"name\":\"Cr\u00e9ez vos masques personnalis\u00e9s\"}]},{\"@type\":\"WebSite\",\"@id\":\"https:\/\/www.smartphoto.fr\/inspiration\/#website\",\"url\":\"https:\/\/www.smartphoto.fr\/inspiration\/\",\"name\":\"smartphoto FR\",\"description\":\"Le blog de smartphoto France.\",\"potentialAction\":[{\"@type\":\"SearchAction\",\"target\":{\"@type\":\"EntryPoint\",\"urlTemplate\":\"https:\/\/www.smartphoto.fr\/inspiration\/?s={search_term_string}\"},\"query-input\":{\"@type\":\"PropertyValueSpecification\",\"valueRequired\":true,\"valueName\":\"search_term_string\"}}],\"inLanguage\":\"fr-FR\"},{\"@type\":\"Person\",\"@id\":\"https:\/\/www.smartphoto.fr\/inspiration\/#\/schema\/person\/14abe7c86f4bda0d741e3ec66a39733e\",\"name\":\"Caroline\",\"image\":{\"@type\":\"ImageObject\",\"inLanguage\":\"fr-FR\",\"@id\":\"https:\/\/www.smartphoto.fr\/inspiration\/#\/schema\/person\/image\/\",\"url\":\"https:\/\/secure.gravatar.com\/avatar\/3bf4c2775ae12d0bb3bb504b56a0508c?s=96&d=mm&r=g\",\"contentUrl\":\"https:\/\/secure.gravatar.com\/avatar\/3bf4c2775ae12d0bb3bb504b56a0508c?s=96&d=mm&r=g\",\"caption\":\"Caroline\"},\"description\":\"Des id\u00e9es cr\u00e9atives pour vous inspirer, des sujets qui vous aident vraiment dans votre quotidien, voil\u00e0 ce que j'esp\u00e8re partager avec vous via ce blog. Quand je ne blogue pas pour smartphoto, je profites de bons moments en famille avec mon ch\u00e9ri et mes enfants, ou j'\u00e9tudie et je pratique le yoga.\",\"sameAs\":[\"http:\/\/www.smartphoto.fr\/inspiration\",\"https:\/\/www.instagram.com\/smartphoto_fr\/\"],\"url\":\"https:\/\/www.smartphoto.fr\/inspiration\/author\/caroline\"}]}<\/script>\n<!-- \/ Yoast SEO plugin. -->","yoast_head_json":{"title":"Cr\u00e9ez vos masques personnalis\u00e9s - smartphoto FR","description":"Plein d'id\u00e9es et inspiration pour cr\u00e9er vos masques personnalis\u00e9s smartphoto : id\u00e9es de citations et designs rigolos.","robots":{"index":"index","follow":"follow","max-snippet":"max-snippet:-1","max-image-preview":"max-image-preview:large","max-video-preview":"max-video-preview:-1"},"canonical":"https:\/\/www.smartphoto.fr\/inspiration\/creez-vos-masques-personnalises","og_locale":"fr_FR","og_type":"article","og_title":"Cr\u00e9ez vos masques personnalis\u00e9s - smartphoto FR","og_description":"Plein d'id\u00e9es et inspiration pour cr\u00e9er vos masques personnalis\u00e9s smartphoto : id\u00e9es de citations et designs rigolos.","og_url":"https:\/\/www.smartphoto.fr\/inspiration\/creez-vos-masques-personnalises","og_site_name":"smartphoto FR","article_publisher":"https:\/\/www.facebook.com\/smartphoto.fr","article_published_time":"2020-07-10T11:35:36+00:00","article_modified_time":"2024-08-21T08:43:56+00:00","og_image":[{"width":780,"height":537,"url":"https:\/\/storage.googleapis.com\/smartphoto-express-production-wp-blogs-com\/10\/2020\/07\/phpWDXzaf_5f0440229ecec_5f04402bd803e.jpg","type":"image\/jpeg"}],"author":"Caroline","twitter_card":"summary_large_image","twitter_creator":"@smartphoto_fr","twitter_site":"@smartphoto_fr","twitter_misc":{"Written by":"Caroline","Est. reading time":"12 minutes"},"schema":{"@context":"https:\/\/schema.org","@graph":[{"@type":"WebPage","@id":"https:\/\/www.smartphoto.fr\/inspiration\/creez-vos-masques-personnalises","url":"https:\/\/www.smartphoto.fr\/inspiration\/creez-vos-masques-personnalises","name":"Cr\u00e9ez vos masques personnalis\u00e9s - smartphoto FR","isPartOf":{"@id":"https:\/\/www.smartphoto.fr\/inspiration\/#website"},"primaryImageOfPage":{"@id":"https:\/\/www.smartphoto.fr\/inspiration\/creez-vos-masques-personnalises#primaryimage"},"image":{"@id":"https:\/\/www.smartphoto.fr\/inspiration\/creez-vos-masques-personnalises#primaryimage"},"thumbnailUrl":"https:\/\/storage.googleapis.com\/smartphoto-express-production-wp-blogs-com\/10\/2020\/07\/phpWDXzaf_5f0440229ecec_5f04402bd803e.jpg","datePublished":"2020-07-10T11:35:36+00:00","dateModified":"2024-08-21T08:43:56+00:00","author":{"@id":"https:\/\/www.smartphoto.fr\/inspiration\/#\/schema\/person\/14abe7c86f4bda0d741e3ec66a39733e"},"description":"Plein d'id\u00e9es et inspiration pour cr\u00e9er vos masques personnalis\u00e9s smartphoto : id\u00e9es de citations et designs rigolos.","breadcrumb":{"@id":"https:\/\/www.smartphoto.fr\/inspiration\/creez-vos-masques-personnalises#breadcrumb"},"inLanguage":"fr-FR","potentialAction":[{"@type":"ReadAction","target":["https:\/\/www.smartphoto.fr\/inspiration\/creez-vos-masques-personnalises"]}]},{"@type":"ImageObject","inLanguage":"fr-FR","@id":"https:\/\/www.smartphoto.fr\/inspiration\/creez-vos-masques-personnalises#primaryimage","url":"https:\/\/storage.googleapis.com\/smartphoto-express-production-wp-blogs-com\/10\/2020\/07\/phpWDXzaf_5f0440229ecec_5f04402bd803e.jpg","contentUrl":"https:\/\/storage.googleapis.com\/smartphoto-express-production-wp-blogs-com\/10\/2020\/07\/phpWDXzaf_5f0440229ecec_5f04402bd803e.jpg","width":780,"height":537},{"@type":"BreadcrumbList","@id":"https:\/\/www.smartphoto.fr\/inspiration\/creez-vos-masques-personnalises#breadcrumb","itemListElement":[{"@type":"ListItem","position":1,"name":"Home","item":"https:\/\/www.smartphoto.fr\/inspiration\/"},{"@type":"ListItem","position":2,"name":"Cr\u00e9ez vos masques personnalis\u00e9s"}]},{"@type":"WebSite","@id":"https:\/\/www.smartphoto.fr\/inspiration\/#website","url":"https:\/\/www.smartphoto.fr\/inspiration\/","name":"smartphoto FR","description":"Le blog de smartphoto France.","potentialAction":[{"@type":"SearchAction","target":{"@type":"EntryPoint","urlTemplate":"https:\/\/www.smartphoto.fr\/inspiration\/?s={search_term_string}"},"query-input":{"@type":"PropertyValueSpecification","valueRequired":true,"valueName":"search_term_string"}}],"inLanguage":"fr-FR"},{"@type":"Person","@id":"https:\/\/www.smartphoto.fr\/inspiration\/#\/schema\/person\/14abe7c86f4bda0d741e3ec66a39733e","name":"Caroline","image":{"@type":"ImageObject","inLanguage":"fr-FR","@id":"https:\/\/www.smartphoto.fr\/inspiration\/#\/schema\/person\/image\/","url":"https:\/\/secure.gravatar.com\/avatar\/3bf4c2775ae12d0bb3bb504b56a0508c?s=96&d=mm&r=g","contentUrl":"https:\/\/secure.gravatar.com\/avatar\/3bf4c2775ae12d0bb3bb504b56a0508c?s=96&d=mm&r=g","caption":"Caroline"},"description":"Des id\u00e9es cr\u00e9atives pour vous inspirer, des sujets qui vous aident vraiment dans votre quotidien, voil\u00e0 ce que j'esp\u00e8re partager avec vous via ce blog. Quand je ne blogue pas pour smartphoto, je profites de bons moments en famille avec mon ch\u00e9ri et mes enfants, ou j'\u00e9tudie et je pratique le yoga.","sameAs":["http:\/\/www.smartphoto.fr\/inspiration","https:\/\/www.instagram.com\/smartphoto_fr\/"],"url":"https:\/\/www.smartphoto.fr\/inspiration\/author\/caroline"}]}},"_links":{"self":[{"href":"https:\/\/www.smartphoto.fr\/inspiration\/wp-json\/wp\/v2\/posts\/9673","targetHints":{"allow":["GET"]}}],"collection":[{"href":"https:\/\/www.smartphoto.fr\/inspiration\/wp-json\/wp\/v2\/posts"}],"about":[{"href":"https:\/\/www.smartphoto.fr\/inspiration\/wp-json\/wp\/v2\/types\/post"}],"author":[{"embeddable":true,"href":"https:\/\/www.smartphoto.fr\/inspiration\/wp-json\/wp\/v2\/users\/39"}],"replies":[{"embeddable":true,"href":"https:\/\/www.smartphoto.fr\/inspiration\/wp-json\/wp\/v2\/comments?post=9673"}],"version-history":[{"count":5,"href":"https:\/\/www.smartphoto.fr\/inspiration\/wp-json\/wp\/v2\/posts\/9673\/revisions"}],"predecessor-version":[{"id":11854,"href":"https:\/\/www.smartphoto.fr\/inspiration\/wp-json\/wp\/v2\/posts\/9673\/revisions\/11854"}],"wp:featuredmedia":[{"embeddable":true,"href":"https:\/\/www.smartphoto.fr\/inspiration\/wp-json\/wp\/v2\/media\/9689"}],"wp:attachment":[{"href":"https:\/\/www.smartphoto.fr\/inspiration\/wp-json\/wp\/v2\/media?parent=9673"}],"wp:term":[{"taxonomy":"category","embeddable":true,"href":"https:\/\/www.smartphoto.fr\/inspiration\/wp-json\/wp\/v2\/categories?post=9673"},{"taxonomy":"post_tag","embeddable":true,"href":"https:\/\/www.smartphoto.fr\/inspiration\/wp-json\/wp\/v2\/tags?post=9673"}],"curies":[{"name":"wp","href":"https:\/\/api.w.org\/{rel}","templated":true}]}}