{"id":9334,"date":"2025-03-25T15:33:24","date_gmt":"2025-03-25T14:33:24","guid":{"rendered":"\/inspiration\/?p=9334"},"modified":"2025-08-21T15:47:52","modified_gmt":"2025-08-21T13:47:52","slug":"texte-fete-des-meres-original","status":"publish","type":"post","link":"https:\/\/www.smartphoto.fr\/inspiration\/texte-fete-des-meres-original","title":{"rendered":"Textes F\u00eate des M\u00e8res : + de 50 textes &amp; messages originaux pour dire \u00ab\u00a0Bonne f\u00eate Maman\u00a0\u00bb"},"content":{"rendered":"\n<div class=\"wp-block-group\"><div class=\"wp-block-group__inner-container is-layout-constrained wp-block-group-is-layout-constrained\">\n<p>Vous pensez que votre amour pour votre Maman est une \u00e9vidence ? Et pourtant, toutes les mamans aiment entendre des mots d\u2019amour de la part de leurs enfants ! C\u2019est pour \u00e7a qu\u2019il y a&nbsp;<a href=\"https:\/\/www.smartphoto.fr\/cadeau-fete-des-meres-personnalise\">la f\u00eate des m\u00e8res<\/a>, m\u00eame si on vous encourage \u00e0 ne pas attendre cette bonne excuse \ud83e\udd17 D\u00e9couvrez plus de 50 citations, compliments, messages et textes originaux&nbsp; ou humoristiques pour c\u00e9l\u00e9brer votre maman.<\/p>\n\n\n<div class=\"wp-block-image\">\n<figure class=\"aligncenter size-full is-resized\"><img loading=\"lazy\" decoding=\"async\" width=\"999\" height=\"576\" src=\"https:\/\/storage.googleapis.com\/smartphoto-express-production-wp-blogs-com\/10\/2022\/04\/Textes-pour-la-fete-des-Meres.jpg\" alt=\"Textes et messages originaux pour la f\u00eate des M\u00e8res. Faites plaisir \u00e0 votre maman ou belle-Maman en lui offrant un texte original. + de 50 id\u00e9es et astuces d'\u00e9criture\" class=\"wp-image-12116\" style=\"width:700px\" srcset=\"https:\/\/storage.googleapis.com\/smartphoto-express-production-wp-blogs-com\/10\/2022\/04\/Textes-pour-la-fete-des-Meres.jpg 999w, https:\/\/storage.googleapis.com\/smartphoto-express-production-wp-blogs-com\/10\/2022\/04\/Textes-pour-la-fete-des-Meres-300x173.jpg 300w, https:\/\/storage.googleapis.com\/smartphoto-express-production-wp-blogs-com\/10\/2022\/04\/Textes-pour-la-fete-des-Meres-768x443.jpg 768w\" sizes=\"auto, (max-width: 999px) 100vw, 999px\" \/><figcaption class=\"wp-element-caption\">Extraits du livret de citations de smartphoto. <a href=\"https:\/\/www.smartphoto.fr\/cadeaux-photo\/livret-de-citations\">Cr\u00e9ez le v\u00f4tre ici<\/a>.<\/figcaption><\/figure><\/div>\n\n\n<p>Choisissez un texte, adaptez-le \u00e0 votre situation, et faites-en un joli cadeau pour votre Maman. Vous trouverez toutes nos id\u00e9es de cadeaux avec texte personnalis\u00e9 en bas de cet article \ud83d\ude09<\/p>\n<\/div><\/div>\n\n\n\n<div style=\"height:16px\" aria-hidden=\"true\" class=\"wp-block-spacer\"><\/div>\n\n\n\n<div class=\"wp-block-group\"><div class=\"wp-block-group__inner-container is-layout-constrained wp-block-group-is-layout-constrained\">\n<h2 class=\"wp-block-heading\" id=\"les-plus-beaux-textes-de-fete-des-meres\"><strong>Les plus beaux textes de f\u00eate des M\u00e8res<\/strong><\/h2>\n\n\n\n<h4 class=\"wp-block-heading\" id=\"texte-fete-des-meres-citations-pour-maman\"><strong>Textes et citations pour Maman<\/strong><\/h4>\n\n\n\n<p id=\"vous-n-etre-pas-trop-fan-de-grands-discours-et-cherchez-un-texte-court-et-efficace-voici-quelques-idees-de-texte-fete-des-meres-qui-devraient-parfaitement-vous-convenir\">Vous cherchez un texte court et efficace ?  Voici quelques id\u00e9es de texte f\u00eate des M\u00e8res qui devraient parfaitement vous convenir.<\/p>\n\n\n\n<ul class=\"wp-block-list\">\n<li><em>Joyeuse f\u00eate des M\u00e8res \u00e0 la femme qui fait battre mon c\u0153ur depuis le premier jour<\/em><\/li>\n\n\n\n<li><em>Comme une fleur qui s&rsquo;\u00e9panouit, ton amour me fait grandir chaque jour, Maman<\/em><\/li>\n\n\n\n<li><em>Maman, ton sourire illumine ma vie depuis toujours<\/em><\/li>\n\n\n\n<li><em>Dans tes bras, je suis \u00e0 la maison. Merci d&rsquo;\u00eatre mon roc dans les temp\u00eates de la vie, Maman ch\u00e9rie.<\/em><\/li>\n\n\n\n<li><em>Les mots sont trop petits pour dire l&rsquo;immense amour que j&rsquo;ai pour toi, Maman<\/em><\/li>\n\n\n\n<li><em>Maman je t\u2019aime jusqu\u2019\u00e0 la Lune \u2026 et retour<\/em> <em>!<\/em><\/li>\n\n\n\n<li><em>Une Maman porte son enfant 9 mois dans son ventre, 3 ans dans ses bras et pour toujours dans son coeur.<\/em><\/li>\n\n\n\n<li><em>MOM la t\u00eate en bas se lit WOW<\/em><\/li>\n\n\n\n<li><em>Je le tiens de ma Maman<\/em><\/li>\n\n\n\n<li><em>Tu es M\u00e8re-Veilleuse !<\/em><\/li>\n\n\n\n<li><em>Pr\u00e8s de toi Maman, je me sens chez moi.<\/em><\/li>\n\n\n\n<li><em>Ce que je pr\u00e9f\u00e9re chez moi, Maman, c\u2019est quand je te ressemble<\/em><\/li>\n\n\n\n<li><em>De toutes les Maman du monde j\u2019ai tellement de chance que tu sois la mienne !<\/em><\/li>\n\n\n\n<li><em>Maman, si je sais ce qu\u2019est l\u2019amour, c\u2019est gr\u00e2ce \u00e0 toi&nbsp;<\/em><\/li>\n<\/ul>\n\n\n\n<figure class=\"wp-block-gallery has-nested-images columns-2 is-cropped wp-block-gallery-1 is-layout-flex wp-block-gallery-is-layout-flex\">\n<figure class=\"wp-block-image size-full\"><a href=\"https:\/\/www.smartphoto.fr\/cadeaux-photo\/mug-personnalise-photo\/pour-fete-des-meres?preocc=Mothersday\"><img decoding=\"async\" src=\"https:\/\/storage.googleapis.com\/smartphoto-express-production-wp-blogs-com\/10\/2025\/03\/Texte-bonne-fete-Maman-sur-Mug-original-personnalise-de-fete-des-Meres-edited.jpg\" alt=\"\" class=\"wp-image-12148\" \/><\/a><\/figure>\n\n\n\n<figure class=\"wp-block-image size-large\"><a href=\"https:\/\/www.smartphoto.fr\/cadeaux-photo\/tapis-de-souris-photo\/pour-fete-des-meres?preocc=Mothersday\"><img decoding=\"async\" src=\"https:\/\/storage.googleapis.com\/smartphoto-express-production-wp-blogs-com\/10\/2025\/03\/Texte-bonne-fete-Maman-tapis-de-souris-personnalise-edited.jpg\" alt=\"\" class=\"wp-image-12153\" \/><\/a><\/figure>\n\n\n\n<figure class=\"wp-block-image size-full\"><a href=\"https:\/\/www.smartphoto.fr\/cadeaux-photo\/planche-a-decouper-bois\/pour-fete-des-meres?preocc=Mothersday\"><img decoding=\"async\" src=\"https:\/\/storage.googleapis.com\/smartphoto-express-production-wp-blogs-com\/10\/2025\/03\/texte-fete-des-meres-citation-pour-maman-maman-blog-edited.jpg\" alt=\"\" class=\"wp-image-12146\" \/><\/a><\/figure>\n\n\n\n<figure class=\"wp-block-image size-large\"><a href=\"https:\/\/www.smartphoto.fr\/cadeaux-photo\/coque-iphone-photo\/pour-fete-des-meres?preocc=Mothersday\"><img decoding=\"async\" src=\"https:\/\/storage.googleapis.com\/smartphoto-express-production-wp-blogs-com\/10\/2025\/03\/Texte-bonne-fete-Maman-sur-coque-pour-telephone-personnalisee-edited.jpg\" alt=\"\" class=\"wp-image-12147\" \/><\/a><\/figure>\n\n\n\n<figure class=\"wp-block-image size-full\"><a href=\"https:\/\/www.smartphoto.fr\/cadeaux-photo\/chocolat-personnalise\/c%C5%93ur-en-chocolat-avec-photo\/pour-fete-des-meres?preocc=Mothersday\"><img decoding=\"async\" src=\"https:\/\/storage.googleapis.com\/smartphoto-express-production-wp-blogs-com\/10\/2025\/03\/Texte-bonne-fete-Maman-sur-Chocolat-personnalise-original-de-fete-des-Meres-edited.jpg\" alt=\"\" class=\"wp-image-12144\" \/><\/a><\/figure>\n<\/figure>\n<\/div><\/div>\n\n\n\n<div style=\"height:16px\" aria-hidden=\"true\" class=\"wp-block-spacer\"><\/div>\n\n\n\n<div class=\"wp-block-group\"><div class=\"wp-block-group__inner-container is-layout-constrained wp-block-group-is-layout-constrained\">\n<div class=\"wp-block-group\"><div class=\"wp-block-group__inner-container is-layout-constrained wp-block-group-is-layout-constrained\">\n<h2 class=\"wp-block-heading\">Quelle est la citation la plus belle pour la f\u00eate des m\u00e8res ?<\/h2>\n\n\n\n<p>Vous cherchez une <strong><em>citation pour la f\u00eate des M\u00e8res<\/em><\/strong> ? Voici les 5 citations les plus populaires pour faire honneur \u00e0 votre Maman dle jour de sa f\u00eate:<\/p>\n\n\n\n<ul class=\"wp-block-list\">\n<li>\u00ab\u00a0Le c\u0153ur d&rsquo;une m\u00e8re est un ab\u00eeme au fond duquel se trouve toujours un pardon.\u00a0\u00bb &#8211; Honor\u00e9 de Balzac<\/li>\n\n\n\n<li>\u00ab\u00a0Les mamans, \u00e7a pardonne toujours ; c&rsquo;est venu au monde pour \u00e7a.\u00a0\u00bb&nbsp;Source : Alexandre Dumas<\/li>\n\n\n\n<li>\u00ab\u00a0Une maman, c&rsquo;est comme du coton : elle est douce \u00e0 l&rsquo;int\u00e9rieur comme \u00e0 l&rsquo;ext\u00e9rieur et nettoie tous les maux.\u00a0\u00bb &#8211; Source : Jean Gastaldi<\/li>\n\n\n\n<li>\u00ab\u00a0La f\u00eate des m\u00e8res est un pr\u00e9texte, car on f\u00eate toute l&rsquo;ann\u00e9e sa maman.\u00a0\u00bb Source : Jean Gastaldi<\/li>\n\n\n\n<li>\u00ab\u00a0Les bras des m\u00e8res sont faits de tendresse ; les enfants y dorment profond\u00e9ment.\u00a0\u00bb&nbsp;Source : Victor Hugo<\/li>\n<\/ul>\n\n\n\n<figure class=\"wp-block-image size-full\"><img loading=\"lazy\" decoding=\"async\" width=\"999\" height=\"506\" src=\"https:\/\/storage.googleapis.com\/smartphoto-express-production-wp-blogs-com\/10\/2022\/04\/ciations-pour-la-fete-des-meres-textes-classiques.jpg\" alt=\"\" class=\"wp-image-12117\" srcset=\"https:\/\/storage.googleapis.com\/smartphoto-express-production-wp-blogs-com\/10\/2022\/04\/ciations-pour-la-fete-des-meres-textes-classiques.jpg 999w, https:\/\/storage.googleapis.com\/smartphoto-express-production-wp-blogs-com\/10\/2022\/04\/ciations-pour-la-fete-des-meres-textes-classiques-300x152.jpg 300w, https:\/\/storage.googleapis.com\/smartphoto-express-production-wp-blogs-com\/10\/2022\/04\/ciations-pour-la-fete-des-meres-textes-classiques-768x389.jpg 768w\" sizes=\"auto, (max-width: 999px) 100vw, 999px\" \/><\/figure>\n\n\n\n<h2 class=\"wp-block-heading\" id=\"textes-fete-des-meres-petits-poemes-pour-maman\"><strong>Textes f\u00eate des M\u00e8res : petits po\u00e8mes pour Maman<\/strong><\/h2>\n\n\n\n<p>Votre Maman aime les beaux mots et les jolis sentiments ? Voici quelques textes plus \u00e9labor\u00e9s qui constitueront une base parfaite pour \u00e9crire votre propre po\u00e8me de f\u00eate des m\u00e8res. Pour un texte de f\u00eate des m\u00e8res original, nous vous conseillons de le personnaliser autant que possible \u270d:<\/p>\n\n\n\n<div class=\"wp-block-columns is-layout-flex wp-container-core-columns-is-layout-1 wp-block-columns-is-layout-flex\">\n<div class=\"wp-block-column is-layout-flow wp-block-column-is-layout-flow\">\n<p>Aujourd&rsquo;hui, c&rsquo;est la f\u00eate&#8230;<br>C&rsquo;est <em>ta<\/em> f\u00eate, ma Maman !<br>Je profite de ce jour<br>Pour te dire mon amour<br>Avec un p&rsquo;tit cadeau<br>\u00e0 ch\u00e9rir pour toujours<br>Merci Maman ch\u00e9rie<br>D&rsquo;\u00eatre pour moi chaque jour<br>Une super Maman, <br>une Maman d&rsquo;Amour  <em>\u2665<\/em> <\/p>\n\n\n\n<p>Po\u00e8me d&rsquo;un ado pour sa belle-maman:<br>\u00c0 ma belle-maman<br>Le destin nous a r\u00e9unies<br>Dans cette famille ch\u00e9rie<br>Et chaque jour qui passe<br>Me montre avec gr\u00e2ce<br>Que tu as su m&rsquo;accueillir<br>Avec ton plus beau sourire<br>Merci pour ta tendresse<br>Tes conseils et ta sagesse<br>En ce jour de f\u00eate des m\u00e8res<br>Je veux te dire sinc\u00e8re : Tu es bien plus qu&rsquo;une belle-maman<br>Tu es mon troisi\u00e8me parent<\/p>\n\n\n\n<p>Bonne f\u00eate Maman !<br>Maman ch\u00e9rie<br><em>C&rsquo;est ta f\u00eate aujourd&rsquo;hui<br>Je me sens bien petit<br>Moi qui n&rsquo;ai qu&rsquo;un seul jour<br>Pour remercier Maman<br>D&rsquo;\u00eatre, bon an mal an,<br>La meilleure des Mamans<\/em><\/p>\n\n\n\n<p>Pour ta f\u00eate, j&rsquo;ai rassembl\u00e9 :<br>Des mots tout doux<br>Un bouquet de bisous<br>Des p&rsquo;tits c\u00e2lins super chous<br>Et des moments \u00e0 nous<br>Une fleur de bonheur<br>Un po\u00e8me de mon c\u0153ur<br>Et enfin, simplement,<br>Un grand \u00ab\u00a0Je t&rsquo;aime, Maman\u00a0\u00bb<\/p>\n<\/div>\n\n\n\n<div class=\"wp-block-column is-layout-flow wp-block-column-is-layout-flow\">\n<p><em>Ma Maman <br>Ma Maman a un rire d&rsquo;argent<br>Des mains de soie<br>Un visage en amande<br>Les cheveux de jais<br>Et les yeux de l&rsquo;amour<br>Ma Maman sans aucun doute<br>M&rsquo;a permis de suivre ma route<br>Et pour ce beau cadeau<br>Je veux lui dire merci.<br>Je t&rsquo;aime, Maman ch\u00e9rie !<\/em><\/p>\n\n\n\n<p><em>Po\u00e8me facile pour un jeune enfant:<br>Petite comptine pour Maman<br>Je suis tout(e) petit(e) encore<br>Mais mon c\u0153ur est en or<br>Pour te dire en ce jour<br>Tout mon plus grand amour<br>Un dessin, un c\u00e2lin<br>Un bisou du matin<br>Pour ma ch\u00e8re maman<br>La plus douce des mamans<br>Bonne f\u00eate aujourd&rsquo;hui<br>Je t&rsquo;aime \u00e0 l&rsquo;infini !<\/em><\/p>\n\n\n\n<pre class=\"wp-block-code\"><code><em>Po\u00e8me facile pour un jeune enfant:\nPetite comptine pour Maman\nJe suis tout(e) petit(e) encore\nMais mon c\u0153ur est en or\nPour te dire en ce jour\nTout mon plus grand amour\nUn dessin, un c\u00e2lin\nUn bisou du matin\nPour ma ch\u00e8re maman\nLa plus douce des mamans\nBonne f\u00eate aujourd'hui\nJe t'aime \u00e0 l'infini !<\/em><\/code><\/pre>\n<\/div>\n<\/div>\n<\/div><\/div>\n\n\n\n<figure class=\"wp-block-image size-full\"><a href=\"https:\/\/www.smartphoto.fr\/cadeaux-photo\/boite-biscuits-photo\/pour-fete-des-meres?preocc=Mothersday\"><img loading=\"lazy\" decoding=\"async\" width=\"985\" height=\"561\" src=\"https:\/\/storage.googleapis.com\/smartphoto-express-production-wp-blogs-com\/10\/2025\/03\/Citation-de-fete-des-Mers-boite-a-biscuits-en-metal.jpg\" alt=\"\" class=\"wp-image-12149\" srcset=\"https:\/\/storage.googleapis.com\/smartphoto-express-production-wp-blogs-com\/10\/2025\/03\/Citation-de-fete-des-Mers-boite-a-biscuits-en-metal.jpg 985w, https:\/\/storage.googleapis.com\/smartphoto-express-production-wp-blogs-com\/10\/2025\/03\/Citation-de-fete-des-Mers-boite-a-biscuits-en-metal-300x171.jpg 300w, https:\/\/storage.googleapis.com\/smartphoto-express-production-wp-blogs-com\/10\/2025\/03\/Citation-de-fete-des-Mers-boite-a-biscuits-en-metal-768x437.jpg 768w\" sizes=\"auto, (max-width: 985px) 100vw, 985px\" \/><\/a><\/figure>\n<\/div><\/div>\n\n\n\n<div style=\"height:16px\" aria-hidden=\"true\" class=\"wp-block-spacer\"><\/div>\n\n\n\n<div class=\"wp-block-group\"><div class=\"wp-block-group__inner-container is-layout-constrained wp-block-group-is-layout-constrained\">\n<h2 class=\"wp-block-heading\" id=\"texte-fete-des-meres-des-textes-originaux-et-rigolos\"><strong>Texte f\u00eate des M\u00e8res : astuces pour \u00e9crire un texte personnel &amp; original<\/strong><\/h2>\n\n\n\n<p>Si vous voulez cr\u00e9er un texte unique et personnalis\u00e9, voici quelques astuces d&rsquo;\u00e9criture qui vous permettront de cr\u00e9er facilement un <strong>texte de f\u00eate des M\u00e8res original et unique<\/strong>.<\/p>\n\n\n\n<h2 class=\"wp-block-heading\" id=\"1-la-definition\">1. La d\u00e9finition : <\/h2>\n\n\n\n<p>Cr\u00e9ez votre propre d\u00e9finition du mot Maman, en d\u00e9crivant ce que la v\u00f4tre fait de mieux. C&rsquo;est l&rsquo;occasion aussi de la taquiner sur ses petits travers \ud83d\ude09<\/p>\n\n\n\n<p>Exemple : <\/p>\n\n\n\n<p class=\"has-text-align-center\"><strong style=\"font-style: italic\">Maman <\/strong><i>(nom f\u00e9minin)<br>1. La personne qui vous mettra sur un pi\u00e9destal, quoique vous fassiez.<br>2. L&rsquo;incarnation de l&rsquo;amour inconditionnel. <br>3. Le seul adulte de la maison qui a toujours raison.<br>Synonyme : Super-H\u00e9ros \u2665<\/i><\/p>\n\n\n\n<figure class=\"wp-block-image size-full\"><a href=\"https:\/\/www.smartphoto.fr\/deco-photo\/poster-pele-mele?optiongroup=posterframe\" target=\"_blank\" rel=\"noreferrer noopener\"><img loading=\"lazy\" decoding=\"async\" width=\"872\" height=\"593\" src=\"https:\/\/storage.googleapis.com\/smartphoto-express-production-wp-blogs-com\/10\/2025\/03\/Texte-pour-la-fete-des-Meres-ecrire-soi-meme-un-texte-personnel-conseils-et-astuces.jpg\" alt=\"\" class=\"wp-image-12150\" srcset=\"https:\/\/storage.googleapis.com\/smartphoto-express-production-wp-blogs-com\/10\/2025\/03\/Texte-pour-la-fete-des-Meres-ecrire-soi-meme-un-texte-personnel-conseils-et-astuces.jpg 872w, https:\/\/storage.googleapis.com\/smartphoto-express-production-wp-blogs-com\/10\/2025\/03\/Texte-pour-la-fete-des-Meres-ecrire-soi-meme-un-texte-personnel-conseils-et-astuces-300x204.jpg 300w, https:\/\/storage.googleapis.com\/smartphoto-express-production-wp-blogs-com\/10\/2025\/03\/Texte-pour-la-fete-des-Meres-ecrire-soi-meme-un-texte-personnel-conseils-et-astuces-768x522.jpg 768w\" sizes=\"auto, (max-width: 872px) 100vw, 872px\" \/><\/a><\/figure>\n\n\n\n<h2 class=\"wp-block-heading\" id=\"la-to-do-list\">2. La to-do-list<\/h2>\n\n\n\n<p>Cr\u00e9ez une liste de choses \u00e0 faire sp\u00e9ciale f\u00eate des m\u00e8res, en y mettant uniquement les choses qu&rsquo;elle adore ou r\u00eave de faire un jour &#8230; et assurez-vous qu&rsquo;elle puisse cocher toutes les cases sur la journ\u00e9e !<\/p>\n\n\n\n<p><em>To-do list de Maman<\/em><\/p>\n\n\n\n<p><em>\u2665 Prendre un petit-d\u00e9jeuner au lit<br>\u2665 Regarder ton film favori<br>\u2665 Savourer un bain (de soleil)<br>\u2665 D\u00e9guster ton chocolat pr\u00e9f\u00e9r\u00e9<br>\u2665 Recevoir des c\u00e2lins de tes enfants<br><\/em><\/p>\n\n\n<div class=\"wp-block-image\">\n<figure class=\"aligncenter size-full\"><img loading=\"lazy\" decoding=\"async\" width=\"713\" height=\"403\" src=\"https:\/\/storage.googleapis.com\/smartphoto-express-production-wp-blogs-com\/10\/2022\/04\/Notebook_Shoot_LifestyleGroup9.jpg\" alt=\"\" class=\"wp-image-12119\" srcset=\"https:\/\/storage.googleapis.com\/smartphoto-express-production-wp-blogs-com\/10\/2022\/04\/Notebook_Shoot_LifestyleGroup9.jpg 713w, https:\/\/storage.googleapis.com\/smartphoto-express-production-wp-blogs-com\/10\/2022\/04\/Notebook_Shoot_LifestyleGroup9-300x170.jpg 300w\" sizes=\"auto, (max-width: 713px) 100vw, 713px\" \/><figcaption class=\"wp-element-caption\">Ces textes iront parfaitement sur un de <a href=\"https:\/\/www.smartphoto.fr\/produits\/deco-bureau\">ces articles de bureau personnalis\u00e9s<\/a>. Pour les mamans d\u00e9bord\u00e9es !<\/figcaption><\/figure><\/div>\n\n\n<h2 class=\"wp-block-heading\" id=\"l-acrostiche\">3. L&rsquo;acrostiche<\/h2>\n\n\n\n<p>\u00c9crivez sur un papier MAMAN \u00e0 la verticale. Pour chaque lettre, trouvez un mot qui le d\u00e9finit ou qui rappelle un souvenir, quelque chose qu&rsquo;elle aime, une de ses qualit\u00e9s. <\/p>\n\n\n\n<p>Variantes : <\/p>\n\n\n\n<ul class=\"wp-block-list\">\n<li>Pour plus d&rsquo;originalit\u00e9, choisissez le \u00ab\u00a0surnom\u00a0\u00bb de votre Maman (Mamnounette, Mamichou,&#8230;) ou son pr\u00e9nom.<\/li>\n\n\n\n<li>Pour chaque lettre, r\u00e9digez une phrase ou un mot. On vous donne ici quelques id\u00e9es de qualit\u00e9s qui pourraient s&rsquo;appliquer \u00e0 votre Maman. Faites votre choix !<\/li>\n<\/ul>\n\n\n\n<p><em><strong>M<\/strong> Merveilleuse, Malicieuse, Manuelle, Motivante, Myst\u00e9rieuse, Mignonne, Morale.<br><strong>A  <\/strong>Adorable, Ang\u00e9lique, Aimable, Accomplie, Admirable, Amusante, Attentive, Audacieuse.<br><strong>M  <\/strong>Maligne, Modeste, Minutieuse, M\u00e9ritante, Majestueuse, Mod\u00e8le.<br><strong>A  <\/strong>Artiste, Agile, Aimante, Apaisante, Authentique, Aventureuse.<br><strong>N  <\/strong>Naturelle, Noble, Nuanc\u00e9e, Novatrice, Narratrice, Nourrici\u00e8re, Noceuse, N\u00e9cessaire, N&rsquo;a jamais tort.<\/em><\/p>\n\n\n\n<figure class=\"wp-block-image size-large\"><img decoding=\"async\" src=\"https:\/\/storage.googleapis.com\/smartphoto-express-production-wp-blogs-com\/9\/2020\/05\/dessous-de-verre-en-bois-avec-texte.png\" alt=\"dessous de verre en bois personnalis\u00e9 pour la f\u00eate des m\u00e8res\" class=\"wp-image-42181\" \/><figcaption class=\"wp-element-caption\"><a href=\"https:\/\/www.smartphoto.fr\/cadeau-fete-des-meres\/designselection.aspx?cpc=coastersround&amp;cppn=round90_lowpoly&amp;dg=lowpoly\">Dessous de verre en bois<\/a> personnalis\u00e9s <\/figcaption><\/figure>\n<\/div><\/div>\n\n\n\n<div style=\"height:16px\" aria-hidden=\"true\" class=\"wp-block-spacer\"><\/div>\n\n\n\n<h2 class=\"wp-block-heading\" id=\"texte-fete-des-meres-des-textes-droles-pour-une-maman-qui-a-de-l-humour\"><br>Texte f\u00eate des M\u00e8res : des textes dr\u00f4les pour une maman qui a de l&rsquo;humour<\/h2>\n\n\n\n<p>Votre maman a toujours une blague sous le coude pour remonter l\u2019ambiance familiale ? Alors lui \u00e9crire un texte de f\u00eate des M\u00e8res humoristique serait le plus bel honneur ! Ajoutez \u00e0 cela une cadeau de f\u00eate des m\u00e8res personnalis\u00e9, ou inscrivez-le sur votre carte de f\u00eate des m\u00e8res (<a href=\"https:\/\/www.smartphoto.fr\/magazine-maman\">\u00e0 imprimer gratuitement ici<\/a>) pour lui arracher une petite larme \u2026 de rire, \u00e9videmment \ud83d\ude05:<\/p>\n\n\n\n<ul class=\"wp-block-list\">\n<li>Maman, merci d&rsquo;\u00eatre mon GPS dans la vie&#8230;<br>M\u00eame si parfois je fais semblant de ne pas entendre tes \u00ab\u00a0recalcul d&rsquo;itin\u00e9raire\u00a0\u00bb \ud83d\ude09<\/li>\n\n\n\n<li>Ce qui est fantastique avec toi, Maman, c&rsquo;est que tu me connais par c\u0153ur, et que tu m&rsquo;aimes quand m\u00eame.<\/li>\n\n\n\n<li>Ch\u00e8re Maman,<br>Tu m&rsquo;as appris \u00e0 marcher, parler et manger proprement.<br>2 r\u00e9ussites sur 3, ce n&rsquo;est pas si mal ! \ud83e\udd17<\/li>\n\n\n\n<li>Une maman, c&rsquo;est comme une f\u00e9e :<br>Elle transforme les larmes en sourires,<br>Les bobos en bisous,<br>Et les l\u00e9gumes en avions \u2708\ufe0f<\/li>\n\n\n\n<li>Si l&rsquo;amour d&rsquo;une maman \u00e9tait mesurable,<br>Le tien ferait exploser tous les compteurs&#8230;<br>Comme les b\u00eatises que je faisais petit(e) !<\/li>\n\n\n\n<li>Recette d&rsquo;une Super Maman :<br>1 tasse de patience<br>2 cuill\u00e8res de c\u00e2lins<br>3 pinc\u00e9es de magie<br>Et une dose infinie d&rsquo;amour<br>PS : Pour le dosage parfait, demandez \u00e0 la mienne ! \ud83d\udc9d<\/li>\n\n\n\n<li>J\u2019\u00e9tais une m\u00e8re parfaite.<br>Puis j\u2019ai eu des enfants\u2026<\/li>\n\n\n\n<li>Les vraies mamans ne sont pas parfaites, les mamans parfaites n\u2019existent pas, et je suis l\u2019exception qui confirme la r\u00e8gle \ud83d\ude00<\/li>\n\n\n\n<li>Maman, f\u00e9licitations :<br>Tu m\u2019as tellement bien r\u00e9ussi(e), tu peux en \u00eatre fi\u00e8re !<\/li>\n\n\n\n<li><em>Avoir des enfants, c\u2019est\u2026<br>Initi\u00e9 par l\u2019amour<br>Rendu possible par le caf\u00e9<br>Soutenu par le vin \ud83d\ude02<\/em><\/li>\n\n\n\n<li>Mam\u2019hahaha !<\/li>\n<\/ul>\n\n\n\n<figure class=\"wp-block-gallery has-nested-images columns-default is-cropped wp-block-gallery-2 is-layout-flex wp-block-gallery-is-layout-flex\">\n<figure class=\"wp-block-image size-full\"><img loading=\"lazy\" decoding=\"async\" width=\"999\" height=\"576\" data-id=\"12151\" src=\"https:\/\/storage.googleapis.com\/smartphoto-express-production-wp-blogs-com\/10\/2025\/03\/Textes-pour-la-fete-des-Meres.jpg\" alt=\"\" class=\"wp-image-12151\" srcset=\"https:\/\/storage.googleapis.com\/smartphoto-express-production-wp-blogs-com\/10\/2025\/03\/Textes-pour-la-fete-des-Meres.jpg 999w, https:\/\/storage.googleapis.com\/smartphoto-express-production-wp-blogs-com\/10\/2025\/03\/Textes-pour-la-fete-des-Meres-300x173.jpg 300w, https:\/\/storage.googleapis.com\/smartphoto-express-production-wp-blogs-com\/10\/2025\/03\/Textes-pour-la-fete-des-Meres-768x443.jpg 768w\" sizes=\"auto, (max-width: 999px) 100vw, 999px\" \/><\/figure>\n<figcaption class=\"blocks-gallery-caption wp-element-caption\">Livret de citations <a href=\"https:\/\/www.smartphoto.fr\/cadeaux-photo\/livret-de-citations\">smartphoto<\/a><\/figcaption><\/figure>\n\n\n\n<figure class=\"wp-block-gallery has-nested-images columns-2 is-cropped wp-block-gallery-3 is-layout-flex wp-block-gallery-is-layout-flex\">\n<figure class=\"wp-block-image size-large\"><img loading=\"lazy\" decoding=\"async\" width=\"594\" height=\"588\" data-id=\"11097\" src=\"https:\/\/storage.googleapis.com\/smartphoto-express-production-wp-blogs-com\/10\/2022\/04\/Maman-heros.png\" alt=\"texte original pour wonder maman\" class=\"wp-image-11097\" srcset=\"https:\/\/storage.googleapis.com\/smartphoto-express-production-wp-blogs-com\/10\/2022\/04\/Maman-heros.png 594w, https:\/\/storage.googleapis.com\/smartphoto-express-production-wp-blogs-com\/10\/2022\/04\/Maman-heros-300x297.png 300w\" sizes=\"auto, (max-width: 594px) 100vw, 594px\" \/><\/figure>\n\n\n\n<figure class=\"wp-block-image size-large\"><img loading=\"lazy\" decoding=\"async\" width=\"596\" height=\"577\" data-id=\"11096\" src=\"https:\/\/storage.googleapis.com\/smartphoto-express-production-wp-blogs-com\/10\/2022\/04\/Maman-soutien.png\" alt=\"texte original f\u00eate des m\u00e8res\" class=\"wp-image-11096\" srcset=\"https:\/\/storage.googleapis.com\/smartphoto-express-production-wp-blogs-com\/10\/2022\/04\/Maman-soutien.png 596w, https:\/\/storage.googleapis.com\/smartphoto-express-production-wp-blogs-com\/10\/2022\/04\/Maman-soutien-300x290.png 300w\" sizes=\"auto, (max-width: 596px) 100vw, 596px\" \/><\/figure>\n\n\n\n<figure class=\"wp-block-image size-large\"><img loading=\"lazy\" decoding=\"async\" width=\"608\" height=\"589\" data-id=\"11095\" src=\"https:\/\/storage.googleapis.com\/smartphoto-express-production-wp-blogs-com\/10\/2022\/04\/Maman-poste-reine.png\" alt=\"texte rigolo pour maman\" class=\"wp-image-11095\" srcset=\"https:\/\/storage.googleapis.com\/smartphoto-express-production-wp-blogs-com\/10\/2022\/04\/Maman-poste-reine.png 608w, https:\/\/storage.googleapis.com\/smartphoto-express-production-wp-blogs-com\/10\/2022\/04\/Maman-poste-reine-300x291.png 300w\" sizes=\"auto, (max-width: 608px) 100vw, 608px\" \/><\/figure>\n\n\n\n<figure class=\"wp-block-image size-large\"><img decoding=\"async\" data-id=\"11101\" src=\"https:\/\/storage.googleapis.com\/smartphoto-express-production-wp-blogs-com\/10\/2022\/04\/Maman-definition-edited.png\" alt=\"texte original f\u00eate des m\u00e8res\" class=\"wp-image-11101\" \/><\/figure>\n<figcaption class=\"blocks-gallery-caption wp-element-caption\">Extraits du <a href=\"https:\/\/www.smartphoto.fr\/cadeaux-photo\/livret-de-citations\">livret de citations<\/a> smartphoto<\/figcaption><\/figure>\n\n\n\n<div style=\"height:16px\" aria-hidden=\"true\" class=\"wp-block-spacer\"><\/div>\n\n\n\n<h2 class=\"wp-block-heading\" id=\"idee-bonus-imprimez-des-petits-compliments-pour-la-fete-des-meres\"><strong>Quel est un texte \u00e9mouvant pour la f\u00eate des m\u00e8res ? Les petits compliments pour la f\u00eate des m\u00e8res<\/strong><\/h2>\n\n\n\n<p>Vous voulez offrir un cadeau vraiment original pour la f\u00eate des m\u00e8res, sans sortir de chez vous ? D\u00e9couvrez <a href=\"https:\/\/www.smartphoto.fr\/inspiration\/fete-des-meres-9-idees-creatives\">les petits compliments \u00e0 imprimer dans cet article<\/a> (en bas de l\u2019article). Vous pouvez aussi l\u2019accompagner d\u2019un autre cadeau qui \u2018restera\u2019 plus longtemps, comme cette jolie <a href=\"https:\/\/www.smartphoto.fr\/cadeaux-photo\/boite-biscuits-photo\">bo\u00eete en m\u00e9tal <\/a>personnalis\u00e9e. \ud83d\ude18<\/p>\n\n\n\n<p><em>Vous trouverez encore plus d&rsquo;id\u00e9es dans cette liste de compliments pour Maman:<\/em><\/p>\n\n\n\n<ul class=\"wp-block-list\">\n<li>Maman, merci car tu m&rsquo;as tout appris.<\/li>\n\n\n\n<li>Maman, tu es mon rayon de soleil quotidien, celle qui illumine chaque moment de ma vie<\/li>\n\n\n\n<li>Maman, ta force tranquille m&rsquo;inspire et me guide chaque jour<\/li>\n\n\n\n<li>Ch\u00e8re maman, ton amour inconditionnel est le plus beau cadeau que je re\u00e7ois chaque jour<\/li>\n\n\n\n<li>Maman, tu es une source de bonheur in\u00e9puisable pour toute ta famille, merci d&rsquo;\u00eatre si pr\u00e9cieuse pour nous.<\/li>\n\n\n\n<li>Maman, ta sagesse et ta tendresse font de toi une femme extraordinaire<\/li>\n\n\n\n<li>Tu as le don magique de transformer les moments ordinaires en souvenirs pr\u00e9cieux<\/li>\n\n\n\n<li>Maman, tu es la meilleure amie dont je n&rsquo;aurais m\u00eame pas os\u00e9 r\u00eaver.<\/li>\n\n\n\n<li>Ton c\u0153ur immense a toujours assez d&rsquo;amour pour chacun d&rsquo;entre nous<\/li>\n\n\n\n<li>Tu es celle qui rend notre maison si chaleureuse et accueillante<\/li>\n\n\n\n<li>Ton sourire est le plus doux des r\u00e9conforts, merci d&rsquo;\u00eatre une maman si attentionn\u00e9e<\/li>\n\n\n\n<li>Tu es la meilleure maman du monde<\/li>\n\n\n\n<li>Maman, c&rsquo;est toujours vers toi que je reviens car tu es ma maison.<\/li>\n\n\n\n<li>Tu es ma m\u00e8re-veilleuse<\/li>\n\n\n\n<li>Maman, tu as ma reconnaissance \u00e9ternelle pour tout ce que tu m&rsquo;as donn\u00e9<\/li>\n\n\n\n<li>Je connais un super-h\u00e9ros qui ne porte pas de cape, et je l&rsquo;appelle Maman.<\/li>\n\n\n\n<li>Maman [nom f.] Personne de genre f\u00e9minin qui aura toujours la premi\u00e8re place dans mon c\u0153ur.<\/li>\n\n\n\n<li>Maman, avec toi je me sens invincible. Merci de me donner tant de force et d&rsquo;Amour.<\/li>\n\n\n\n<li>Merci Maman d&rsquo;\u00eatre un tel exemple dans ma vie.<\/li>\n<\/ul>\n\n\n<div class=\"wp-block-image\">\n<figure class=\"aligncenter size-large is-resized\"><a href=\"\/inspiration\/fete-des-meres-9-idees-creatives\" target=\"_blank\" rel=\"noreferrer noopener\"><img decoding=\"async\" src=\"https:\/\/storage.googleapis.com\/smartphoto-express-production-wp-blogs-com\/7\/2020\/04\/Moederdag-teksjes-diy.jpg\" alt=\"compliments \u00e0 t\u00e9l\u00e9charger et \u00e0 imprimer pour la f\u00eate des m\u00e8res\" class=\"wp-image-45746\" style=\"width:564px;height:auto\" \/><\/a><figcaption class=\"wp-element-caption\"><em>Texte pour la f\u00eate des m\u00e8res : d\u00e9couvrez les petits compliments \u00e0 imprimer<\/em><\/figcaption><\/figure><\/div>\n\n\n<hr class=\"wp-block-separator has-alpha-channel-opacity\" \/>\n\n\n\n<p><strong>Alors, inspir\u00e9 ? Ecrivez maintenant votre texte de f\u00eate des m\u00e8res original &#8230; l&rsquo;inspiration n&rsquo;attend pas <\/strong>\ud83d\ude09<\/p>\n\n\n\n<p id=\"vous-avez-deja-cree-et-commande-votre-cadeau-partagez-une-photo-de-votre-creation-avec-le-hashtag-mysmartphoto-pour-inspirer-notre-communaute\">Vous avez d\u00e9j\u00e0 cr\u00e9\u00e9 et command\u00e9 votre cadeau ? Partagez une photo de votre cr\u00e9ation avec le hashtag #<strong>mysmartphoto<\/strong> pour inspirer notre communaut\u00e9 \ud83e\udd70<\/p>\n\n\n\n<h3 class=\"wp-block-heading\">Articles Similaires<\/h3>\n\n\n\n<ul class=\"wp-block-list\">\n<li><a href=\"https:\/\/www.smartphoto.fr\/inspiration\/bonne-fete-mamie-textes\">Bonne f\u00eate Mamie : po\u00e8mes et textes pour la f\u00eate des grand-m\u00e8res<\/a><\/li>\n\n\n\n<li><a href=\"https:\/\/www.smartphoto.fr\/inspiration\/fete-des-meres-9-idees-creatives\">F\u00eate des M\u00e8res : 9 id\u00e9es cr\u00e9atives pour g\u00e2ter votre maman<\/a><\/li>\n\n\n\n<li><a href=\"https:\/\/www.smartphoto.fr\/inspiration\/premiere-fete-des-meres\">Pour sa premi\u00e8re f\u00eate des M\u00e8res : surprenez la jeune maman<\/a><\/li>\n\n\n\n<li><a href=\"https:\/\/www.smartphoto.fr\/inspiration\/idee-cadeau-pour-maman-diy-fete-des-meres\">Id\u00e9e cadeau pour maman : DIY f\u00eate des m\u00e8res<\/a><\/li>\n<\/ul>\n\n\n\n<hr class=\"wp-block-separator has-css-opacity\" \/>\n\n\n<div class=\"wp-block-image\">\n<figure class=\"aligncenter size-large\"><a href=\"https:\/\/www.smartphoto.fr\/cadeau-fete-des-meres\" target=\"_blank\" rel=\"noreferrer noopener\"><img decoding=\"async\" src=\"https:\/\/storage.googleapis.com\/smartphoto-express-production-wp-blogs-com\/9\/2019\/04\/CTA_Blog_MothersDay_Gifts_FR.jpg\" alt=\"id\u00e9es de cadeaux personnalis\u00e9s chez smartphoto\" class=\"wp-image-41138\" \/><\/a><\/figure><\/div>","protected":false},"excerpt":{"rendered":"<p>D\u00e9couvrez + de 50 textes originaux pour la f\u00eate des m\u00e8res &#8230; ou pour c\u00e9l\u00e9brer votre Maman 365 jours par an !<\/p>\n","protected":false},"author":39,"featured_media":12116,"comment_status":"open","ping_status":"open","sticky":false,"template":"","format":"standard","meta":{"om_disable_all_campaigns":false,"_monsterinsights_skip_tracking":false,"_monsterinsights_sitenote_active":false,"_monsterinsights_sitenote_note":"","_monsterinsights_sitenote_category":0,"footnotes":""},"categories":[74,1],"tags":[],"class_list":["post-9334","post","type-post","status-publish","format-standard","has-post-thumbnail","hentry","category-fete-des-meres","category-smartphoto"],"yoast_head":"<!-- This site is optimized with the Yoast SEO plugin v23.8 - https:\/\/yoast.com\/wordpress\/plugins\/seo\/ -->\n<title>+ de 50 textes originaux pour la f\u00eate des M\u00e8res<\/title>\n<meta name=\"description\" content=\"Faites plaisir \u00e0 votre maman ou Belle-Maman en lui offrant un texte original : citations, compliments, astuces d&#039;\u00e9critures,... piquez nos id\u00e9es maintenant et remerciez-nous plus tard !\" \/>\n<meta name=\"robots\" content=\"index, follow, max-snippet:-1, max-image-preview:large, max-video-preview:-1\" \/>\n<link rel=\"canonical\" href=\"https:\/\/www.smartphoto.fr\/inspiration\/texte-fete-des-meres-original\" \/>\n<meta property=\"og:locale\" content=\"fr_FR\" \/>\n<meta property=\"og:type\" content=\"article\" \/>\n<meta property=\"og:title\" content=\"+ de 50 textes originaux pour la f\u00eate des M\u00e8res\" \/>\n<meta property=\"og:description\" content=\"Faites plaisir \u00e0 votre maman ou Belle-Maman en lui offrant un texte original : citations, compliments, astuces d&#039;\u00e9critures,... piquez nos id\u00e9es maintenant et remerciez-nous plus tard !\" \/>\n<meta property=\"og:url\" content=\"https:\/\/www.smartphoto.fr\/inspiration\/texte-fete-des-meres-original\" \/>\n<meta property=\"og:site_name\" content=\"smartphoto FR\" \/>\n<meta property=\"article:publisher\" content=\"https:\/\/www.facebook.com\/smartphoto.fr\" \/>\n<meta property=\"article:published_time\" content=\"2025-03-25T14:33:24+00:00\" \/>\n<meta property=\"article:modified_time\" content=\"2025-08-21T13:47:52+00:00\" \/>\n<meta property=\"og:image\" content=\"https:\/\/storage.googleapis.com\/smartphoto-express-production-wp-blogs-com\/10\/2022\/04\/Textes-pour-la-fete-des-Meres.jpg\" \/>\n\t<meta property=\"og:image:width\" content=\"999\" \/>\n\t<meta property=\"og:image:height\" content=\"576\" \/>\n\t<meta property=\"og:image:type\" content=\"image\/jpeg\" \/>\n<meta name=\"author\" content=\"Caroline\" \/>\n<meta name=\"twitter:card\" content=\"summary_large_image\" \/>\n<meta name=\"twitter:creator\" content=\"@smartphoto_fr\" \/>\n<meta name=\"twitter:site\" content=\"@smartphoto_fr\" \/>\n<meta name=\"twitter:label1\" content=\"Written by\" \/>\n\t<meta name=\"twitter:data1\" content=\"Caroline\" \/>\n\t<meta name=\"twitter:label2\" content=\"Est. reading time\" \/>\n\t<meta name=\"twitter:data2\" content=\"13 minutes\" \/>\n<script type=\"application\/ld+json\" class=\"yoast-schema-graph\">{\"@context\":\"https:\/\/schema.org\",\"@graph\":[{\"@type\":\"WebPage\",\"@id\":\"https:\/\/www.smartphoto.fr\/inspiration\/texte-fete-des-meres-original\",\"url\":\"https:\/\/www.smartphoto.fr\/inspiration\/texte-fete-des-meres-original\",\"name\":\"+ de 50 textes originaux pour la f\u00eate des M\u00e8res\",\"isPartOf\":{\"@id\":\"https:\/\/www.smartphoto.fr\/inspiration\/#website\"},\"primaryImageOfPage\":{\"@id\":\"https:\/\/www.smartphoto.fr\/inspiration\/texte-fete-des-meres-original#primaryimage\"},\"image\":{\"@id\":\"https:\/\/www.smartphoto.fr\/inspiration\/texte-fete-des-meres-original#primaryimage\"},\"thumbnailUrl\":\"https:\/\/storage.googleapis.com\/smartphoto-express-production-wp-blogs-com\/10\/2022\/04\/Textes-pour-la-fete-des-Meres.jpg\",\"datePublished\":\"2025-03-25T14:33:24+00:00\",\"dateModified\":\"2025-08-21T13:47:52+00:00\",\"author\":{\"@id\":\"https:\/\/www.smartphoto.fr\/inspiration\/#\/schema\/person\/14abe7c86f4bda0d741e3ec66a39733e\"},\"description\":\"Faites plaisir \u00e0 votre maman ou Belle-Maman en lui offrant un texte original : citations, compliments, astuces d'\u00e9critures,... piquez nos id\u00e9es maintenant et remerciez-nous plus tard !\",\"breadcrumb\":{\"@id\":\"https:\/\/www.smartphoto.fr\/inspiration\/texte-fete-des-meres-original#breadcrumb\"},\"inLanguage\":\"fr-FR\",\"potentialAction\":[{\"@type\":\"ReadAction\",\"target\":[\"https:\/\/www.smartphoto.fr\/inspiration\/texte-fete-des-meres-original\"]}]},{\"@type\":\"ImageObject\",\"inLanguage\":\"fr-FR\",\"@id\":\"https:\/\/www.smartphoto.fr\/inspiration\/texte-fete-des-meres-original#primaryimage\",\"url\":\"https:\/\/storage.googleapis.com\/smartphoto-express-production-wp-blogs-com\/10\/2022\/04\/Textes-pour-la-fete-des-Meres.jpg\",\"contentUrl\":\"https:\/\/storage.googleapis.com\/smartphoto-express-production-wp-blogs-com\/10\/2022\/04\/Textes-pour-la-fete-des-Meres.jpg\",\"width\":999,\"height\":576},{\"@type\":\"BreadcrumbList\",\"@id\":\"https:\/\/www.smartphoto.fr\/inspiration\/texte-fete-des-meres-original#breadcrumb\",\"itemListElement\":[{\"@type\":\"ListItem\",\"position\":1,\"name\":\"Home\",\"item\":\"https:\/\/www.smartphoto.fr\/inspiration\/\"},{\"@type\":\"ListItem\",\"position\":2,\"name\":\"Textes F\u00eate des M\u00e8res : + de 50 textes &amp; messages originaux pour dire \u00ab\u00a0Bonne f\u00eate Maman\u00a0\u00bb\"}]},{\"@type\":\"WebSite\",\"@id\":\"https:\/\/www.smartphoto.fr\/inspiration\/#website\",\"url\":\"https:\/\/www.smartphoto.fr\/inspiration\/\",\"name\":\"smartphoto FR\",\"description\":\"Le blog de smartphoto France.\",\"potentialAction\":[{\"@type\":\"SearchAction\",\"target\":{\"@type\":\"EntryPoint\",\"urlTemplate\":\"https:\/\/www.smartphoto.fr\/inspiration\/?s={search_term_string}\"},\"query-input\":{\"@type\":\"PropertyValueSpecification\",\"valueRequired\":true,\"valueName\":\"search_term_string\"}}],\"inLanguage\":\"fr-FR\"},{\"@type\":\"Person\",\"@id\":\"https:\/\/www.smartphoto.fr\/inspiration\/#\/schema\/person\/14abe7c86f4bda0d741e3ec66a39733e\",\"name\":\"Caroline\",\"image\":{\"@type\":\"ImageObject\",\"inLanguage\":\"fr-FR\",\"@id\":\"https:\/\/www.smartphoto.fr\/inspiration\/#\/schema\/person\/image\/\",\"url\":\"https:\/\/secure.gravatar.com\/avatar\/3bf4c2775ae12d0bb3bb504b56a0508c?s=96&d=mm&r=g\",\"contentUrl\":\"https:\/\/secure.gravatar.com\/avatar\/3bf4c2775ae12d0bb3bb504b56a0508c?s=96&d=mm&r=g\",\"caption\":\"Caroline\"},\"description\":\"Des id\u00e9es cr\u00e9atives pour vous inspirer, des sujets qui vous aident vraiment dans votre quotidien, voil\u00e0 ce que j'esp\u00e8re partager avec vous via ce blog. Quand je ne blogue pas pour smartphoto, je profites de bons moments en famille avec mon ch\u00e9ri et mes enfants, ou j'\u00e9tudie et je pratique le yoga.\",\"sameAs\":[\"http:\/\/www.smartphoto.fr\/inspiration\",\"https:\/\/www.instagram.com\/smartphoto_fr\/\"],\"url\":\"https:\/\/www.smartphoto.fr\/inspiration\/author\/caroline\"}]}<\/script>\n<!-- \/ Yoast SEO plugin. -->","yoast_head_json":{"title":"+ de 50 textes originaux pour la f\u00eate des M\u00e8res","description":"Faites plaisir \u00e0 votre maman ou Belle-Maman en lui offrant un texte original : citations, compliments, astuces d'\u00e9critures,... piquez nos id\u00e9es maintenant et remerciez-nous plus tard !","robots":{"index":"index","follow":"follow","max-snippet":"max-snippet:-1","max-image-preview":"max-image-preview:large","max-video-preview":"max-video-preview:-1"},"canonical":"https:\/\/www.smartphoto.fr\/inspiration\/texte-fete-des-meres-original","og_locale":"fr_FR","og_type":"article","og_title":"+ de 50 textes originaux pour la f\u00eate des M\u00e8res","og_description":"Faites plaisir \u00e0 votre maman ou Belle-Maman en lui offrant un texte original : citations, compliments, astuces d'\u00e9critures,... piquez nos id\u00e9es maintenant et remerciez-nous plus tard !","og_url":"https:\/\/www.smartphoto.fr\/inspiration\/texte-fete-des-meres-original","og_site_name":"smartphoto FR","article_publisher":"https:\/\/www.facebook.com\/smartphoto.fr","article_published_time":"2025-03-25T14:33:24+00:00","article_modified_time":"2025-08-21T13:47:52+00:00","og_image":[{"width":999,"height":576,"url":"https:\/\/storage.googleapis.com\/smartphoto-express-production-wp-blogs-com\/10\/2022\/04\/Textes-pour-la-fete-des-Meres.jpg","type":"image\/jpeg"}],"author":"Caroline","twitter_card":"summary_large_image","twitter_creator":"@smartphoto_fr","twitter_site":"@smartphoto_fr","twitter_misc":{"Written by":"Caroline","Est. reading time":"13 minutes"},"schema":{"@context":"https:\/\/schema.org","@graph":[{"@type":"WebPage","@id":"https:\/\/www.smartphoto.fr\/inspiration\/texte-fete-des-meres-original","url":"https:\/\/www.smartphoto.fr\/inspiration\/texte-fete-des-meres-original","name":"+ de 50 textes originaux pour la f\u00eate des M\u00e8res","isPartOf":{"@id":"https:\/\/www.smartphoto.fr\/inspiration\/#website"},"primaryImageOfPage":{"@id":"https:\/\/www.smartphoto.fr\/inspiration\/texte-fete-des-meres-original#primaryimage"},"image":{"@id":"https:\/\/www.smartphoto.fr\/inspiration\/texte-fete-des-meres-original#primaryimage"},"thumbnailUrl":"https:\/\/storage.googleapis.com\/smartphoto-express-production-wp-blogs-com\/10\/2022\/04\/Textes-pour-la-fete-des-Meres.jpg","datePublished":"2025-03-25T14:33:24+00:00","dateModified":"2025-08-21T13:47:52+00:00","author":{"@id":"https:\/\/www.smartphoto.fr\/inspiration\/#\/schema\/person\/14abe7c86f4bda0d741e3ec66a39733e"},"description":"Faites plaisir \u00e0 votre maman ou Belle-Maman en lui offrant un texte original : citations, compliments, astuces d'\u00e9critures,... piquez nos id\u00e9es maintenant et remerciez-nous plus tard !","breadcrumb":{"@id":"https:\/\/www.smartphoto.fr\/inspiration\/texte-fete-des-meres-original#breadcrumb"},"inLanguage":"fr-FR","potentialAction":[{"@type":"ReadAction","target":["https:\/\/www.smartphoto.fr\/inspiration\/texte-fete-des-meres-original"]}]},{"@type":"ImageObject","inLanguage":"fr-FR","@id":"https:\/\/www.smartphoto.fr\/inspiration\/texte-fete-des-meres-original#primaryimage","url":"https:\/\/storage.googleapis.com\/smartphoto-express-production-wp-blogs-com\/10\/2022\/04\/Textes-pour-la-fete-des-Meres.jpg","contentUrl":"https:\/\/storage.googleapis.com\/smartphoto-express-production-wp-blogs-com\/10\/2022\/04\/Textes-pour-la-fete-des-Meres.jpg","width":999,"height":576},{"@type":"BreadcrumbList","@id":"https:\/\/www.smartphoto.fr\/inspiration\/texte-fete-des-meres-original#breadcrumb","itemListElement":[{"@type":"ListItem","position":1,"name":"Home","item":"https:\/\/www.smartphoto.fr\/inspiration\/"},{"@type":"ListItem","position":2,"name":"Textes F\u00eate des M\u00e8res : + de 50 textes &amp; messages originaux pour dire \u00ab\u00a0Bonne f\u00eate Maman\u00a0\u00bb"}]},{"@type":"WebSite","@id":"https:\/\/www.smartphoto.fr\/inspiration\/#website","url":"https:\/\/www.smartphoto.fr\/inspiration\/","name":"smartphoto FR","description":"Le blog de smartphoto France.","potentialAction":[{"@type":"SearchAction","target":{"@type":"EntryPoint","urlTemplate":"https:\/\/www.smartphoto.fr\/inspiration\/?s={search_term_string}"},"query-input":{"@type":"PropertyValueSpecification","valueRequired":true,"valueName":"search_term_string"}}],"inLanguage":"fr-FR"},{"@type":"Person","@id":"https:\/\/www.smartphoto.fr\/inspiration\/#\/schema\/person\/14abe7c86f4bda0d741e3ec66a39733e","name":"Caroline","image":{"@type":"ImageObject","inLanguage":"fr-FR","@id":"https:\/\/www.smartphoto.fr\/inspiration\/#\/schema\/person\/image\/","url":"https:\/\/secure.gravatar.com\/avatar\/3bf4c2775ae12d0bb3bb504b56a0508c?s=96&d=mm&r=g","contentUrl":"https:\/\/secure.gravatar.com\/avatar\/3bf4c2775ae12d0bb3bb504b56a0508c?s=96&d=mm&r=g","caption":"Caroline"},"description":"Des id\u00e9es cr\u00e9atives pour vous inspirer, des sujets qui vous aident vraiment dans votre quotidien, voil\u00e0 ce que j'esp\u00e8re partager avec vous via ce blog. Quand je ne blogue pas pour smartphoto, je profites de bons moments en famille avec mon ch\u00e9ri et mes enfants, ou j'\u00e9tudie et je pratique le yoga.","sameAs":["http:\/\/www.smartphoto.fr\/inspiration","https:\/\/www.instagram.com\/smartphoto_fr\/"],"url":"https:\/\/www.smartphoto.fr\/inspiration\/author\/caroline"}]}},"_links":{"self":[{"href":"https:\/\/www.smartphoto.fr\/inspiration\/wp-json\/wp\/v2\/posts\/9334","targetHints":{"allow":["GET"]}}],"collection":[{"href":"https:\/\/www.smartphoto.fr\/inspiration\/wp-json\/wp\/v2\/posts"}],"about":[{"href":"https:\/\/www.smartphoto.fr\/inspiration\/wp-json\/wp\/v2\/types\/post"}],"author":[{"embeddable":true,"href":"https:\/\/www.smartphoto.fr\/inspiration\/wp-json\/wp\/v2\/users\/39"}],"replies":[{"embeddable":true,"href":"https:\/\/www.smartphoto.fr\/inspiration\/wp-json\/wp\/v2\/comments?post=9334"}],"version-history":[{"count":14,"href":"https:\/\/www.smartphoto.fr\/inspiration\/wp-json\/wp\/v2\/posts\/9334\/revisions"}],"predecessor-version":[{"id":12157,"href":"https:\/\/www.smartphoto.fr\/inspiration\/wp-json\/wp\/v2\/posts\/9334\/revisions\/12157"}],"wp:featuredmedia":[{"embeddable":true,"href":"https:\/\/www.smartphoto.fr\/inspiration\/wp-json\/wp\/v2\/media\/12116"}],"wp:attachment":[{"href":"https:\/\/www.smartphoto.fr\/inspiration\/wp-json\/wp\/v2\/media?parent=9334"}],"wp:term":[{"taxonomy":"category","embeddable":true,"href":"https:\/\/www.smartphoto.fr\/inspiration\/wp-json\/wp\/v2\/categories?post=9334"},{"taxonomy":"post_tag","embeddable":true,"href":"https:\/\/www.smartphoto.fr\/inspiration\/wp-json\/wp\/v2\/tags?post=9334"}],"curies":[{"name":"wp","href":"https:\/\/api.w.org\/{rel}","templated":true}]}}