{"id":9237,"date":"2019-06-06T14:17:11","date_gmt":"2019-06-06T12:17:11","guid":{"rendered":"\/inspiration\/?p=9237"},"modified":"2024-08-21T11:35:54","modified_gmt":"2024-08-21T09:35:54","slug":"5-nouveautes-smartphoto-cadeau-instituteur","status":"publish","type":"post","link":"https:\/\/www.smartphoto.fr\/inspiration\/5-nouveautes-smartphoto-cadeau-instituteur","title":{"rendered":"Les profs \u00e0 l&rsquo;honneur &#8211; 5 nouveaut\u00e9s smartphoto"},"content":{"rendered":"<h3>Nouveaut\u00e9s cadeau instituteur et professeur 2019<\/h3>\n<p>Smartphoto a encore frapp\u00e9 ! F\u00eatez la fin de l&rsquo;ann\u00e9e scolaire, avec une s\u00e9rie de cadeaux super originaux.<\/p>\n<p>Des mati\u00e8res naturelles, des accessoires super pratiques et de qualit\u00e9, et surtout des options de personnalisation \u00e9tendues qui font la part belle \u00e0 votre cr\u00e9ativit\u00e9. C&rsquo;est l&rsquo;occasion r\u00eav\u00e9e de cr\u00e9er un cadeau pour remercier les professeurs pour leur implication aupr\u00e8s de vos enfants et leur souhaiter de belles vacances.<\/p>\n<h2>1. Les dessous de verre en bois<\/h2>\n<p>Ces dessous de verres sont tellement jolis que je les commanderais bien juste pour les afficher partout chez moi. J&rsquo;adore la forme ronde qui met en valeur les photos, et la qualit\u00e9 d&rsquo;impression est juste fantastique. <a href=\"https:\/\/www.smartphoto.fr\/cadeaux-photo\/sous-verres-photo\">D\u00e9couvrez-les ici<\/a> !<\/p>\n<p><a href=\"\/fr\/cadeaux-photo\/sous-verres-photo\"><img loading=\"lazy\" decoding=\"async\" class=\"aligncenter wp-image-41219 size-full\" title=\"Cadeau instituteur et professeur - nouveaut\u00e9s smartphoto 2019 \" src=\"https:\/\/storage.googleapis.com\/smartphoto-express-production-wp-blogs-com\/9\/2019\/05\/Cadeau-fetedes-peres-2019.jpg\" alt=\"\" width=\"800\" height=\"534\" \/><\/a><\/p>\n<h2>2. Le porte-carte en cuir<\/h2>\n<p>Lorsqu&rsquo;on a d\u00e9couvert ce petit porte-carte en cuir, on a tout de suite craqu\u00e9. Adorable, pratique, de belle qualit\u00e9, et personnalis\u00e9 (gravure sur l&rsquo;avant), il a vraiment tout pour plaire.<\/p>\n<div id=\"attachment_41224\" style=\"width: 792px\" class=\"wp-caption aligncenter\"><img loading=\"lazy\" decoding=\"async\" aria-describedby=\"caption-attachment-41224\" class=\"wp-image-41224 size-full\" title=\"Cadeau instituteur et professeur - nouveaut\u00e9s smartphoto 2019 \" src=\"https:\/\/storage.googleapis.com\/smartphoto-express-production-wp-blogs-com\/9\/2019\/06\/phpDeiIoD_5caddce959d07_5caddcfd2d2c6-e1559571605380.jpg\" alt=\"\" width=\"782\" height=\"406\" \/><p id=\"caption-attachment-41224\" class=\"wp-caption-text\"><a href=\"https:\/\/www.smartphoto.fr\/cadeaux-photo\/porte-cartes-en-cuir\">Porte-cartes en cuir personnalis\u00e9<\/a>\u00a0&#8211; smartphoto<\/p><\/div>\n<p>D\u00e9couvrez les <a href=\"https:\/\/www.smartphoto.fr\/cadeaux-photo\/porte-cartes-en-cuir\">options de personnalisation du porte-cartes<\/a>.<\/p>\n<h2>3. Cr\u00e9ez votre design avec texte<\/h2>\n<p>Lib\u00e9rez votre cr\u00e9ativit\u00e9 avec ce nouveau design, pour lequel vous n&rsquo;avez pas besoin de photos. Il est bas\u00e9 sur une ou trois zones de texte, avec plus de 100 arri\u00e8res-plans diff\u00e9rents.<\/p>\n<h3>D\u00e9couvrez cette nouvelle option :<\/h3>\n<p>Allez d&rsquo;abord sur la page <a href=\"https:\/\/www.smartphoto.fr\/idee-cadeau-maitresse\/designselection.aspx?dg=textonly\">\u00ab\u00a0designs texte uniquement\u00a0\u00bb (ici)<\/a><\/p>\n<p>Choisissez un produit qui indique un petit \u00ab\u00a0pinceau magique\u00a0\u00bb comme dans l&rsquo;image ci-dessous.<\/p>\n<p><img loading=\"lazy\" decoding=\"async\" class=\"aligncenter wp-image-41214 size-full\" title=\"Cadeau instituteur et professeur - nouveaux designs smartphoto 2019 \" src=\"https:\/\/storage.googleapis.com\/smartphoto-express-production-wp-blogs-com\/9\/2019\/05\/designs-multicolore.jpg\" alt=\"\" width=\"387\" height=\"390\" \/><\/p>\n<p>Cliquez sur le produit qui vous int\u00e9resse, et dans le menu de gauche, cliquez sur \u00ab\u00a0arri\u00e8re-plan\u00a0\u00bb. Vous verrez alors les options de fonds unis. Cliquez encore dans le m\u00eame volet sur \u00ab\u00a0biblioth\u00e8que\u00a0\u00bb et en-dessous, sur \u00ab\u00a0arri\u00e8re-plan\u00a0\u00bb. Voil\u00e0 notre cachette aux tr\u00e9sors !<\/p>\n<p><img loading=\"lazy\" decoding=\"async\" class=\"aligncenter wp-image-41217\" title=\"Cadeau instituteur et professeur - nouveaux designs smartphoto 2019 \" src=\"https:\/\/storage.googleapis.com\/smartphoto-express-production-wp-blogs-com\/9\/2019\/05\/Capture.jpg\" alt=\"\" width=\"720\" height=\"357\" \/><\/p>\n<p>Cette option \u00ab\u00a0texte uniquement\u00a0\u00bb avec des fonds originaux est disponible sur les produits suivants : les <a href=\"https:\/\/www.smartphoto.fr\/cadeaux-photo\/mug-photo\">mugs<\/a>, les <a href=\"https:\/\/www.smartphoto.fr\/cadeaux-photo\/pot-fleurs\">pots de fleurs<\/a>, les coques pour GSM, les <a href=\"https:\/\/www.smartphoto.fr\/cadeaux-photo\/tote-bag-photo\/\">sacs en tissu<\/a> \u00ab\u00a0tote bags\u00a0\u00bb, les <a href=\"https:\/\/www.smartphoto.fr\/cadeaux-photo\/coussin-photo\">coussins<\/a>, les<a href=\"https:\/\/www.smartphoto.fr\/cadeaux-photo\/marque-page-papier\/\"> marque-page<\/a>, les <a href=\"https:\/\/www.smartphoto.fr\/cadeaux-photo\/etiquettes-bouteilles\/\">\u00e9tiquettes pour bouteilles<\/a>, mais aussi <a href=\"https:\/\/www.smartphoto.fr\/cadeaux-photo\/boule-a-neige\/\">la boule \u00e0 neige<\/a>\u00a0, la <a href=\"https:\/\/www.smartphoto.fr\/cadeaux-photo\/bouteille-isotherme\/\">bouteille en alu<\/a> et le <a href=\"https:\/\/www.smartphoto.fr\/cadeaux-photo\/mug-voyage-isotherme\/\">mug isotherme<\/a>.<\/p>\n<p><a href=\"https:\/\/www.smartphoto.fr\/cadeaux-photo\/coque-telephone\"><img loading=\"lazy\" decoding=\"async\" class=\"aligncenter wp-image-41216\" title=\"Cadeau instituteur et professeur - nouveaux designs smartphoto 2019 \" src=\"https:\/\/storage.googleapis.com\/smartphoto-express-production-wp-blogs-com\/9\/2019\/05\/options-de-personnalisation-des-coques-1.jpg\" alt=\"\" width=\"720\" height=\"356\" \/><\/a><\/p>\n<p>Et voil\u00e0 un exemple de r\u00e9sultat \u00ab\u00a0SUPER-PROF\u00a0\u00bb:<\/p>\n<div id=\"attachment_41235\" style=\"width: 730px\" class=\"wp-caption aligncenter\"><a href=\"\/fr\/cadeaux-photo\/mug-couleur-photo\"><img loading=\"lazy\" decoding=\"async\" aria-describedby=\"caption-attachment-41235\" class=\"wp-image-41235 size-full\" title=\"Cadeau instituteur et professeur - nouveaux designs smartphoto 2019 \" src=\"https:\/\/storage.googleapis.com\/smartphoto-express-production-wp-blogs-com\/9\/2019\/06\/Blog_Teacher_ColoredMug_FR.jpg\" alt=\"\" width=\"720\" height=\"400\" \/><\/a><p id=\"caption-attachment-41235\" class=\"wp-caption-text\">Mug couleur &#8211; <a href=\"https:\/\/www.smartphoto.fr\/cadeaux-photo\/mug-couleur-photo\">smartphoto <\/a><\/p><\/div>\n<h2>4. Les verres \u00e0 bi\u00e8re personnalis\u00e9s<\/h2>\n<p>Apr\u00e8s un mois de juin charg\u00e9, vos profs ador\u00e9s ont bien m\u00e9rit\u00e9 un moment de d\u00e9tente avec un ap\u00e9ro en terrasse. Pour le personnaliser, la phrase choc c&rsquo;est \u00ab\u00a0J&rsquo;ai un super pouvoir : je fais dispara\u00eetre la bi\u00e8re\u00a0\u00bb. Mais bien s\u00fbr, vous pouvez aussi y inscrire un nom, une date, une anecdote souvenir. D\u00e9couvrez ici <a href=\"https:\/\/www.smartphoto.fr\/produits\/designselection.aspx?pvc=hurricaneglassset2&amp;pcg=fun_ideas.kitchen&amp;p=hurricaneglassset2\">les diff\u00e9rents designs disponibles<\/a>. Les verres \u00e0 bi\u00e8re sont vendus par lot de deux, car la bi\u00e8re, \u00e7a se partage.<\/p>\n<div id=\"attachment_41210\" style=\"width: 730px\" class=\"wp-caption aligncenter\"><a href=\"https:\/\/www.smartphoto.fr\/cadeaux-photo\/verre-a-biere\"><img loading=\"lazy\" decoding=\"async\" aria-describedby=\"caption-attachment-41210\" class=\"wp-image-41210 size-full\" title=\"Cadeau instituteur et professeur - nouveaut\u00e9s smartphoto 2019 \" src=\"https:\/\/storage.googleapis.com\/smartphoto-express-production-wp-blogs-com\/9\/2019\/05\/bonne-fete-papa-citations-verre-biere.jpg\" alt=\"\" width=\"720\" height=\"400\" \/><\/a><p id=\"caption-attachment-41210\" class=\"wp-caption-text\">Verres \u00e0 bi\u00e8res personnalis\u00e9s &#8211; <a href=\"https:\/\/www.smartphoto.fr\/cadeaux-photo\/verre-a-biere\">smartphoto<\/a>.<\/p><\/div>\n<h2>5. Le plus beau porte-cl\u00e9 personnalis\u00e9<\/h2>\n<p>Cl\u00e9s de la classe, de la voiture, du local v\u00e9lo, de leur casier &#8230; Avec toutes ces cl\u00e9s qui s&rsquo;accumulent, un porte-cl\u00e9 solide et classe, c&rsquo;est une excellente id\u00e9e. \u00ab\u00a0Super-Prof\u00a0\u00bb fonctionne tr\u00e8s bien sur ce bel objet, et vous avez le choix entre\u00a0<a href=\"https:\/\/www.smartphoto.fr\/produits\/designselection.aspx?pvc=keyhangerleather&amp;pcg=fun_ideas.accessories&amp;p=keyhangerleather\">plusieurs designs pour la gravure<\/a>.<\/p>\n<p><a href=\"https:\/\/www.smartphoto.fr\/cadeaux-photo\/porte-cles-cuir\"><img loading=\"lazy\" decoding=\"async\" class=\"aligncenter wp-image-41236 size-full\" title=\"Cadeau instituteur et professeur - nouveaut\u00e9s smartphoto 2019 \" src=\"https:\/\/storage.googleapis.com\/smartphoto-express-production-wp-blogs-com\/9\/2019\/06\/Blog_KeyHanger_FR.jpg\" alt=\"\" width=\"720\" height=\"400\" \/><\/a><\/p>\n<p>Il existe \u00e9galement des porte-cl\u00e9s photo, en bois, plastique, m\u00e9tal, \u00e0 d\u00e9couvrir sur notre page consacr\u00e9e aux <a href=\"https:\/\/www.smartphoto.fr\/produits\/accessoires-sacs-et-cles\">porte-cl\u00e9s et accessoires pour sac personnalisables<\/a>.<\/p>\n<p><a href=\"\/fr\/produits\/accessoires-sacs-et-cles\"><img loading=\"lazy\" decoding=\"async\" class=\"aligncenter wp-image-41220 size-full\" title=\"Cadeau instituteur et professeur - nouveaut\u00e9s smartphoto 2019 \" src=\"https:\/\/storage.googleapis.com\/smartphoto-express-production-wp-blogs-com\/9\/2019\/06\/Porte-cl\u00e9s-tous-e1560245737786.jpg\" alt=\"\" width=\"518\" height=\"410\" \/><\/a><\/p>\n<p>Alors, quel cadeau vous tente le plus ?<\/p>\n<p>Vous avez aim\u00e9 nos id\u00e9es ?<\/p>\n<h3>Partagez le r\u00e9sultat sur les m\u00e9dias sociaux avec le #mysmartphoto !<\/h3>\n<p><a href=\"https:\/\/www.smartphoto.fr\/idee-cadeau-maitresse\"><img loading=\"lazy\" decoding=\"async\" class=\"aligncenter wp-image-41237 size-full\" title=\"Cadeau instituteur et professeur - smartphoto \" src=\"https:\/\/storage.googleapis.com\/smartphoto-express-production-wp-blogs-com\/9\/2019\/06\/Blog_Teacher_CTA_FR.jpg\" alt=\"\" width=\"720\" height=\"280\" \/><\/a><\/p>\n","protected":false},"excerpt":{"rendered":"<p>Nouveaut\u00e9s cadeau instituteur et professeur 2019<\/p>\n","protected":false},"author":39,"featured_media":7812,"comment_status":"open","ping_status":"open","sticky":false,"template":"","format":"standard","meta":{"om_disable_all_campaigns":false,"_monsterinsights_skip_tracking":false,"_monsterinsights_sitenote_active":false,"_monsterinsights_sitenote_note":"","_monsterinsights_sitenote_category":0,"footnotes":""},"categories":[81],"tags":[93,92],"class_list":["post-9237","post","type-post","status-publish","format-standard","has-post-thumbnail","hentry","category-ecole","tag-cadeau-professeur","tag-rentree-des-classes"],"yoast_head":"<!-- This site is optimized with the Yoast SEO plugin v23.8 - https:\/\/yoast.com\/wordpress\/plugins\/seo\/ -->\n<title>Les profs \u00e0 l&#039;honneur - 5 nouveaut\u00e9s smartphoto - smartphoto FR<\/title>\n<meta name=\"description\" content=\"F\u00eatez la fin de l&#039;ann\u00e9e scolaire, avec une s\u00e9rie de cadeaux super originaux. %\" \/>\n<meta name=\"robots\" content=\"index, follow, max-snippet:-1, max-image-preview:large, max-video-preview:-1\" \/>\n<link rel=\"canonical\" href=\"https:\/\/www.smartphoto.fr\/inspiration\/5-nouveautes-smartphoto-cadeau-instituteur\" \/>\n<meta property=\"og:locale\" content=\"fr_FR\" \/>\n<meta property=\"og:type\" content=\"article\" \/>\n<meta property=\"og:title\" content=\"Les profs \u00e0 l&#039;honneur - 5 nouveaut\u00e9s smartphoto - smartphoto FR\" \/>\n<meta property=\"og:description\" content=\"F\u00eatez la fin de l&#039;ann\u00e9e scolaire, avec une s\u00e9rie de cadeaux super originaux. %\" \/>\n<meta property=\"og:url\" content=\"https:\/\/www.smartphoto.fr\/inspiration\/5-nouveautes-smartphoto-cadeau-instituteur\" \/>\n<meta property=\"og:site_name\" content=\"smartphoto FR\" \/>\n<meta property=\"article:publisher\" content=\"https:\/\/www.facebook.com\/smartphoto.fr\" \/>\n<meta property=\"article:published_time\" content=\"2019-06-06T12:17:11+00:00\" \/>\n<meta property=\"article:modified_time\" content=\"2024-08-21T09:35:54+00:00\" \/>\n<meta property=\"og:image\" content=\"https:\/\/storage.googleapis.com\/smartphoto-express-production-wp-blogs-com\/10\/2018\/07\/phpAjDpey_5b0670e6a093e_5b0670eeaf9cb.jpg\" \/>\n\t<meta property=\"og:image:width\" content=\"800\" \/>\n\t<meta property=\"og:image:height\" content=\"534\" \/>\n\t<meta property=\"og:image:type\" content=\"image\/jpeg\" \/>\n<meta name=\"author\" content=\"Caroline\" \/>\n<meta name=\"twitter:card\" content=\"summary_large_image\" \/>\n<meta name=\"twitter:creator\" content=\"@smartphoto_fr\" \/>\n<meta name=\"twitter:site\" content=\"@smartphoto_fr\" \/>\n<meta name=\"twitter:label1\" content=\"Written by\" \/>\n\t<meta name=\"twitter:data1\" content=\"Caroline\" \/>\n\t<meta name=\"twitter:label2\" content=\"Est. reading time\" \/>\n\t<meta name=\"twitter:data2\" content=\"5 minutes\" \/>\n<script type=\"application\/ld+json\" class=\"yoast-schema-graph\">{\"@context\":\"https:\/\/schema.org\",\"@graph\":[{\"@type\":\"WebPage\",\"@id\":\"https:\/\/www.smartphoto.fr\/inspiration\/5-nouveautes-smartphoto-cadeau-instituteur\",\"url\":\"https:\/\/www.smartphoto.fr\/inspiration\/5-nouveautes-smartphoto-cadeau-instituteur\",\"name\":\"Les profs \u00e0 l'honneur - 5 nouveaut\u00e9s smartphoto - smartphoto FR\",\"isPartOf\":{\"@id\":\"https:\/\/www.smartphoto.fr\/inspiration\/#website\"},\"primaryImageOfPage\":{\"@id\":\"https:\/\/www.smartphoto.fr\/inspiration\/5-nouveautes-smartphoto-cadeau-instituteur#primaryimage\"},\"image\":{\"@id\":\"https:\/\/www.smartphoto.fr\/inspiration\/5-nouveautes-smartphoto-cadeau-instituteur#primaryimage\"},\"thumbnailUrl\":\"https:\/\/storage.googleapis.com\/smartphoto-express-production-wp-blogs-com\/10\/2018\/07\/phpAjDpey_5b0670e6a093e_5b0670eeaf9cb.jpg\",\"datePublished\":\"2019-06-06T12:17:11+00:00\",\"dateModified\":\"2024-08-21T09:35:54+00:00\",\"author\":{\"@id\":\"https:\/\/www.smartphoto.fr\/inspiration\/#\/schema\/person\/14abe7c86f4bda0d741e3ec66a39733e\"},\"description\":\"F\u00eatez la fin de l'ann\u00e9e scolaire, avec une s\u00e9rie de cadeaux super originaux. %\",\"breadcrumb\":{\"@id\":\"https:\/\/www.smartphoto.fr\/inspiration\/5-nouveautes-smartphoto-cadeau-instituteur#breadcrumb\"},\"inLanguage\":\"fr-FR\",\"potentialAction\":[{\"@type\":\"ReadAction\",\"target\":[\"https:\/\/www.smartphoto.fr\/inspiration\/5-nouveautes-smartphoto-cadeau-instituteur\"]}]},{\"@type\":\"ImageObject\",\"inLanguage\":\"fr-FR\",\"@id\":\"https:\/\/www.smartphoto.fr\/inspiration\/5-nouveautes-smartphoto-cadeau-instituteur#primaryimage\",\"url\":\"https:\/\/storage.googleapis.com\/smartphoto-express-production-wp-blogs-com\/10\/2018\/07\/phpAjDpey_5b0670e6a093e_5b0670eeaf9cb.jpg\",\"contentUrl\":\"https:\/\/storage.googleapis.com\/smartphoto-express-production-wp-blogs-com\/10\/2018\/07\/phpAjDpey_5b0670e6a093e_5b0670eeaf9cb.jpg\",\"width\":800,\"height\":534,\"caption\":\"Exemples de polices et couleurs de caract\u00e8res diff\u00e9rents sur le coussins c\u0153ur et le coussin classique carr\u00e9.\"},{\"@type\":\"BreadcrumbList\",\"@id\":\"https:\/\/www.smartphoto.fr\/inspiration\/5-nouveautes-smartphoto-cadeau-instituteur#breadcrumb\",\"itemListElement\":[{\"@type\":\"ListItem\",\"position\":1,\"name\":\"Home\",\"item\":\"https:\/\/www.smartphoto.fr\/inspiration\/\"},{\"@type\":\"ListItem\",\"position\":2,\"name\":\"Les profs \u00e0 l&rsquo;honneur &#8211; 5 nouveaut\u00e9s smartphoto\"}]},{\"@type\":\"WebSite\",\"@id\":\"https:\/\/www.smartphoto.fr\/inspiration\/#website\",\"url\":\"https:\/\/www.smartphoto.fr\/inspiration\/\",\"name\":\"smartphoto FR\",\"description\":\"Le blog de smartphoto France.\",\"potentialAction\":[{\"@type\":\"SearchAction\",\"target\":{\"@type\":\"EntryPoint\",\"urlTemplate\":\"https:\/\/www.smartphoto.fr\/inspiration\/?s={search_term_string}\"},\"query-input\":{\"@type\":\"PropertyValueSpecification\",\"valueRequired\":true,\"valueName\":\"search_term_string\"}}],\"inLanguage\":\"fr-FR\"},{\"@type\":\"Person\",\"@id\":\"https:\/\/www.smartphoto.fr\/inspiration\/#\/schema\/person\/14abe7c86f4bda0d741e3ec66a39733e\",\"name\":\"Caroline\",\"image\":{\"@type\":\"ImageObject\",\"inLanguage\":\"fr-FR\",\"@id\":\"https:\/\/www.smartphoto.fr\/inspiration\/#\/schema\/person\/image\/\",\"url\":\"https:\/\/secure.gravatar.com\/avatar\/3bf4c2775ae12d0bb3bb504b56a0508c?s=96&d=mm&r=g\",\"contentUrl\":\"https:\/\/secure.gravatar.com\/avatar\/3bf4c2775ae12d0bb3bb504b56a0508c?s=96&d=mm&r=g\",\"caption\":\"Caroline\"},\"description\":\"Des id\u00e9es cr\u00e9atives pour vous inspirer, des sujets qui vous aident vraiment dans votre quotidien, voil\u00e0 ce que j'esp\u00e8re partager avec vous via ce blog. Quand je ne blogue pas pour smartphoto, je profites de bons moments en famille avec mon ch\u00e9ri et mes enfants, ou j'\u00e9tudie et je pratique le yoga.\",\"sameAs\":[\"http:\/\/www.smartphoto.fr\/inspiration\",\"https:\/\/www.instagram.com\/smartphoto_fr\/\"],\"url\":\"https:\/\/www.smartphoto.fr\/inspiration\/author\/caroline\"}]}<\/script>\n<!-- \/ Yoast SEO plugin. -->","yoast_head_json":{"title":"Les profs \u00e0 l'honneur - 5 nouveaut\u00e9s smartphoto - smartphoto FR","description":"F\u00eatez la fin de l'ann\u00e9e scolaire, avec une s\u00e9rie de cadeaux super originaux. %","robots":{"index":"index","follow":"follow","max-snippet":"max-snippet:-1","max-image-preview":"max-image-preview:large","max-video-preview":"max-video-preview:-1"},"canonical":"https:\/\/www.smartphoto.fr\/inspiration\/5-nouveautes-smartphoto-cadeau-instituteur","og_locale":"fr_FR","og_type":"article","og_title":"Les profs \u00e0 l'honneur - 5 nouveaut\u00e9s smartphoto - smartphoto FR","og_description":"F\u00eatez la fin de l'ann\u00e9e scolaire, avec une s\u00e9rie de cadeaux super originaux. %","og_url":"https:\/\/www.smartphoto.fr\/inspiration\/5-nouveautes-smartphoto-cadeau-instituteur","og_site_name":"smartphoto FR","article_publisher":"https:\/\/www.facebook.com\/smartphoto.fr","article_published_time":"2019-06-06T12:17:11+00:00","article_modified_time":"2024-08-21T09:35:54+00:00","og_image":[{"width":800,"height":534,"url":"https:\/\/storage.googleapis.com\/smartphoto-express-production-wp-blogs-com\/10\/2018\/07\/phpAjDpey_5b0670e6a093e_5b0670eeaf9cb.jpg","type":"image\/jpeg"}],"author":"Caroline","twitter_card":"summary_large_image","twitter_creator":"@smartphoto_fr","twitter_site":"@smartphoto_fr","twitter_misc":{"Written by":"Caroline","Est. reading time":"5 minutes"},"schema":{"@context":"https:\/\/schema.org","@graph":[{"@type":"WebPage","@id":"https:\/\/www.smartphoto.fr\/inspiration\/5-nouveautes-smartphoto-cadeau-instituteur","url":"https:\/\/www.smartphoto.fr\/inspiration\/5-nouveautes-smartphoto-cadeau-instituteur","name":"Les profs \u00e0 l'honneur - 5 nouveaut\u00e9s smartphoto - smartphoto FR","isPartOf":{"@id":"https:\/\/www.smartphoto.fr\/inspiration\/#website"},"primaryImageOfPage":{"@id":"https:\/\/www.smartphoto.fr\/inspiration\/5-nouveautes-smartphoto-cadeau-instituteur#primaryimage"},"image":{"@id":"https:\/\/www.smartphoto.fr\/inspiration\/5-nouveautes-smartphoto-cadeau-instituteur#primaryimage"},"thumbnailUrl":"https:\/\/storage.googleapis.com\/smartphoto-express-production-wp-blogs-com\/10\/2018\/07\/phpAjDpey_5b0670e6a093e_5b0670eeaf9cb.jpg","datePublished":"2019-06-06T12:17:11+00:00","dateModified":"2024-08-21T09:35:54+00:00","author":{"@id":"https:\/\/www.smartphoto.fr\/inspiration\/#\/schema\/person\/14abe7c86f4bda0d741e3ec66a39733e"},"description":"F\u00eatez la fin de l'ann\u00e9e scolaire, avec une s\u00e9rie de cadeaux super originaux. %","breadcrumb":{"@id":"https:\/\/www.smartphoto.fr\/inspiration\/5-nouveautes-smartphoto-cadeau-instituteur#breadcrumb"},"inLanguage":"fr-FR","potentialAction":[{"@type":"ReadAction","target":["https:\/\/www.smartphoto.fr\/inspiration\/5-nouveautes-smartphoto-cadeau-instituteur"]}]},{"@type":"ImageObject","inLanguage":"fr-FR","@id":"https:\/\/www.smartphoto.fr\/inspiration\/5-nouveautes-smartphoto-cadeau-instituteur#primaryimage","url":"https:\/\/storage.googleapis.com\/smartphoto-express-production-wp-blogs-com\/10\/2018\/07\/phpAjDpey_5b0670e6a093e_5b0670eeaf9cb.jpg","contentUrl":"https:\/\/storage.googleapis.com\/smartphoto-express-production-wp-blogs-com\/10\/2018\/07\/phpAjDpey_5b0670e6a093e_5b0670eeaf9cb.jpg","width":800,"height":534,"caption":"Exemples de polices et couleurs de caract\u00e8res diff\u00e9rents sur le coussins c\u0153ur et le coussin classique carr\u00e9."},{"@type":"BreadcrumbList","@id":"https:\/\/www.smartphoto.fr\/inspiration\/5-nouveautes-smartphoto-cadeau-instituteur#breadcrumb","itemListElement":[{"@type":"ListItem","position":1,"name":"Home","item":"https:\/\/www.smartphoto.fr\/inspiration\/"},{"@type":"ListItem","position":2,"name":"Les profs \u00e0 l&rsquo;honneur &#8211; 5 nouveaut\u00e9s smartphoto"}]},{"@type":"WebSite","@id":"https:\/\/www.smartphoto.fr\/inspiration\/#website","url":"https:\/\/www.smartphoto.fr\/inspiration\/","name":"smartphoto FR","description":"Le blog de smartphoto France.","potentialAction":[{"@type":"SearchAction","target":{"@type":"EntryPoint","urlTemplate":"https:\/\/www.smartphoto.fr\/inspiration\/?s={search_term_string}"},"query-input":{"@type":"PropertyValueSpecification","valueRequired":true,"valueName":"search_term_string"}}],"inLanguage":"fr-FR"},{"@type":"Person","@id":"https:\/\/www.smartphoto.fr\/inspiration\/#\/schema\/person\/14abe7c86f4bda0d741e3ec66a39733e","name":"Caroline","image":{"@type":"ImageObject","inLanguage":"fr-FR","@id":"https:\/\/www.smartphoto.fr\/inspiration\/#\/schema\/person\/image\/","url":"https:\/\/secure.gravatar.com\/avatar\/3bf4c2775ae12d0bb3bb504b56a0508c?s=96&d=mm&r=g","contentUrl":"https:\/\/secure.gravatar.com\/avatar\/3bf4c2775ae12d0bb3bb504b56a0508c?s=96&d=mm&r=g","caption":"Caroline"},"description":"Des id\u00e9es cr\u00e9atives pour vous inspirer, des sujets qui vous aident vraiment dans votre quotidien, voil\u00e0 ce que j'esp\u00e8re partager avec vous via ce blog. Quand je ne blogue pas pour smartphoto, je profites de bons moments en famille avec mon ch\u00e9ri et mes enfants, ou j'\u00e9tudie et je pratique le yoga.","sameAs":["http:\/\/www.smartphoto.fr\/inspiration","https:\/\/www.instagram.com\/smartphoto_fr\/"],"url":"https:\/\/www.smartphoto.fr\/inspiration\/author\/caroline"}]}},"_links":{"self":[{"href":"https:\/\/www.smartphoto.fr\/inspiration\/wp-json\/wp\/v2\/posts\/9237","targetHints":{"allow":["GET"]}}],"collection":[{"href":"https:\/\/www.smartphoto.fr\/inspiration\/wp-json\/wp\/v2\/posts"}],"about":[{"href":"https:\/\/www.smartphoto.fr\/inspiration\/wp-json\/wp\/v2\/types\/post"}],"author":[{"embeddable":true,"href":"https:\/\/www.smartphoto.fr\/inspiration\/wp-json\/wp\/v2\/users\/39"}],"replies":[{"embeddable":true,"href":"https:\/\/www.smartphoto.fr\/inspiration\/wp-json\/wp\/v2\/comments?post=9237"}],"version-history":[{"count":4,"href":"https:\/\/www.smartphoto.fr\/inspiration\/wp-json\/wp\/v2\/posts\/9237\/revisions"}],"predecessor-version":[{"id":11859,"href":"https:\/\/www.smartphoto.fr\/inspiration\/wp-json\/wp\/v2\/posts\/9237\/revisions\/11859"}],"wp:featuredmedia":[{"embeddable":true,"href":"https:\/\/www.smartphoto.fr\/inspiration\/wp-json\/wp\/v2\/media\/7812"}],"wp:attachment":[{"href":"https:\/\/www.smartphoto.fr\/inspiration\/wp-json\/wp\/v2\/media?parent=9237"}],"wp:term":[{"taxonomy":"category","embeddable":true,"href":"https:\/\/www.smartphoto.fr\/inspiration\/wp-json\/wp\/v2\/categories?post=9237"},{"taxonomy":"post_tag","embeddable":true,"href":"https:\/\/www.smartphoto.fr\/inspiration\/wp-json\/wp\/v2\/tags?post=9237"}],"curies":[{"name":"wp","href":"https:\/\/api.w.org\/{rel}","templated":true}]}}