{"id":9133,"date":"2019-11-20T13:48:19","date_gmt":"2019-11-20T12:48:19","guid":{"rendered":"\/inspiration\/?p=9133"},"modified":"2024-08-21T10:45:21","modified_gmt":"2024-08-21T08:45:21","slug":"diy-calendrier-de-lavent","status":"publish","type":"post","link":"https:\/\/www.smartphoto.fr\/inspiration\/diy-calendrier-de-lavent","title":{"rendered":"DIY: Cr\u00e9ez votre propre calendrier de l&rsquo;Avent avec des tirages photo"},"content":{"rendered":"\n<p><strong>Avez-vous l&rsquo;habitude de faire un calendrier de l\u2019Avent pour compter les jours avant la veill\u00e9e de No\u00ebl ? <\/strong><\/p>\n\n\n\n<p>D\u00e9compter les jours jusqu&rsquo;\u00e0 No\u00ebl avec votre partenaire ou vos enfants est tr\u00e8s amusant, surtout si vous pouvez cr\u00e9er votre calendrier vous-m\u00eame avec des souvenirs personnels. D\u00e9couvrez dans notre vid\u00e9o DIY comment cr\u00e9er en 1-2-3 votre propre calendrier de l\u2019Avent avec des tirages photo r\u00e9tro !<\/p>\n\n\n\n<h4 class=\"wp-block-heading\">Regardez la vid\u00e9o ci-dessous (se lit aussi sans le son :-)) et lisez le texte plus bas pour encore plus d&rsquo;explications, d&rsquo;astuces et d&rsquo;id\u00e9es inspirantes.<\/h4>\n\n\n\n<figure class=\"wp-block-embed is-type-video is-provider-youtube wp-block-embed-youtube wp-embed-aspect-4-3 wp-has-aspect-ratio\"><div class=\"wp-block-embed__wrapper\">\n<iframe loading=\"lazy\" title=\"Id\u00e9e DIY : Calendrier de l&#039;Avent\" width=\"680\" height=\"510\" src=\"https:\/\/www.youtube.com\/embed\/UdQe-epDQYU?feature=oembed\" frameborder=\"0\" allow=\"accelerometer; autoplay; encrypted-media; gyroscope; picture-in-picture\" allowfullscreen><\/iframe>\n<\/div><figcaption class=\"wp-element-caption\">Id\u00e9e DIY : Calendrier de l&rsquo;Avent<\/figcaption><\/figure>\n\n\n\n<h4 class=\"wp-block-heading\">Oui, je veux cr\u00e9er mon propre calendrier de l&rsquo;Avent !<\/h4>\n\n\n\n<p>Vous trouverez les explications et encore plus d&rsquo;inspiration \u00e9tape par \u00e9tape ci-dessous.<\/p>\n\n\n\n<h4 class=\"wp-block-heading\">Vous avez besoin de &#8230;<\/h4>\n\n\n\n<ul class=\"wp-block-list\">\n<li>Un grand cadre vintage<\/li>\n\n\n\n<li> de la corde, cordelette, ruban.<\/li>\n\n\n\n<li> 24 pinces \u00e0 linge en bois <\/li>\n\n\n\n<li>24<a href=\"https:\/\/www.smartphoto.fr\/tirage-photo\/tirage-photo-retro\"> tirages photo r\u00e9tro<\/a><\/li>\n\n\n\n<li> 24 <a href=\"https:\/\/www.smartphoto.fr\/cadeaux-photo\/stickers-deco-photo\">autocollants photo ronds<\/a> avec les num\u00e9ros 1 \u00e0 24<\/li>\n<\/ul>\n\n\n\n<h3 class=\"wp-block-heading\">R\u00e9digez un joli message sur chaque impression de photo r\u00e9tro<\/h3>\n\n\n\n<p>Essayez de faire un joli m\u00e9lange de messages sympas et \/ ou de petites missions que votre partenaire ou vos enfants doivent ex\u00e9cuter ce jour-l\u00e0, tels que:<\/p>\n\n\n\n<ul class=\"wp-block-list\">\n<li>Te rencontrer est la plus belle chose qui me soit arriv\u00e9&#8230;<\/li>\n\n\n\n<li>Tout ce que je veux pour No\u00ebl, c&rsquo;est toi<\/li>\n\n\n\n<li>Cuisiner des biscuits de No\u00ebl ensemble<\/li>\n\n\n\n<li>Aujourd&rsquo;hui on joue \u00e0 cache-cache<\/li>\n\n\n\n<li>Journ\u00e9e c\u00e2lin<\/li>\n\n\n\n<li>Fais une liste \u00ab\u00a0folle\u00a0\u00bb de ce que tu aimerais trouver sous le sapin<\/li>\n\n\n\n<li>2020 serait fantastique si &#8230;<\/li>\n\n\n\n<li>Merci \u00e0 2019 pour &#8230;<br> \u2026<\/li>\n<\/ul>\n\n\n\n<figure class=\"wp-block-image\"><img loading=\"lazy\" decoding=\"async\" width=\"1024\" height=\"683\" src=\"https:\/\/storage.googleapis.com\/smartphoto-express-production-wp-blogs-com\/10\/2019\/11\/Calendrier-de-lAvent-DIY-tirages-r\u00e9tro-1024x683.jpg\" alt=\"\" class=\"wp-image-9136\" srcset=\"https:\/\/storage.googleapis.com\/smartphoto-express-production-wp-blogs-com\/10\/2019\/11\/Calendrier-de-lAvent-DIY-tirages-r\u00e9tro.jpg 1024w, https:\/\/storage.googleapis.com\/smartphoto-express-production-wp-blogs-com\/10\/2019\/11\/Calendrier-de-lAvent-DIY-tirages-r\u00e9tro-300x200.jpg 300w, https:\/\/storage.googleapis.com\/smartphoto-express-production-wp-blogs-com\/10\/2019\/11\/Calendrier-de-lAvent-DIY-tirages-r\u00e9tro-768x512.jpg 768w\" sizes=\"auto, (max-width: 1024px) 100vw, 1024px\" \/><\/figure>\n\n\n\n<p><strong>Astuce : <\/strong>Dans notre cr\u00e9ateur en ligne, vous pouvez facilement ajouter du texte \u00e0 vos tirages photo.<\/p>\n\n\n\n<figure class=\"wp-block-image\"><img loading=\"lazy\" decoding=\"async\" width=\"1024\" height=\"683\" src=\"https:\/\/storage.googleapis.com\/smartphoto-express-production-wp-blogs-com\/10\/2019\/11\/Calendrier-de-lAvent-avec-des-tirages-r\u00e9tro-1024x683.jpg\" alt=\"\" class=\"wp-image-9135\" srcset=\"https:\/\/storage.googleapis.com\/smartphoto-express-production-wp-blogs-com\/10\/2019\/11\/Calendrier-de-lAvent-avec-des-tirages-r\u00e9tro.jpg 1024w, https:\/\/storage.googleapis.com\/smartphoto-express-production-wp-blogs-com\/10\/2019\/11\/Calendrier-de-lAvent-avec-des-tirages-r\u00e9tro-300x200.jpg 300w, https:\/\/storage.googleapis.com\/smartphoto-express-production-wp-blogs-com\/10\/2019\/11\/Calendrier-de-lAvent-avec-des-tirages-r\u00e9tro-768x512.jpg 768w\" sizes=\"auto, (max-width: 1024px) 100vw, 1024px\" \/><figcaption class=\"wp-element-caption\">Dans le <a href=\"https:\/\/www.smartphoto.fr\/tirage-photo\/prints-in-a-box\">Prints in a Box<\/a>, vous recevez 36 tirages photo. Et vous pourrez utiliser la bo\u00eete pour stocker le contenu de votre Calendrier de l&rsquo;Avent apr\u00e8s le 24 !<\/figcaption><\/figure>\n\n\n\n<h3 class=\"wp-block-heading\">Au travail !<\/h3>\n\n\n\n<p>Au dos du grand cadre vintage, attachez plusieurs rang\u00e9es de corde en l&rsquo;agrafant ou \u00e9pinglant sur les montants verticaux.<\/p>\n\n\n\n<figure class=\"wp-block-image\"><img loading=\"lazy\" decoding=\"async\" width=\"1024\" height=\"683\" src=\"https:\/\/storage.googleapis.com\/smartphoto-express-production-wp-blogs-com\/10\/2019\/11\/DIY-adventskalender-touw-1024x683-1024x683.jpg\" alt=\"\" class=\"wp-image-9137\" srcset=\"https:\/\/storage.googleapis.com\/smartphoto-express-production-wp-blogs-com\/10\/2019\/11\/DIY-adventskalender-touw-1024x683.jpg 1024w, https:\/\/storage.googleapis.com\/smartphoto-express-production-wp-blogs-com\/10\/2019\/11\/DIY-adventskalender-touw-1024x683-300x200.jpg 300w, https:\/\/storage.googleapis.com\/smartphoto-express-production-wp-blogs-com\/10\/2019\/11\/DIY-adventskalender-touw-1024x683-768x512.jpg 768w\" sizes=\"auto, (max-width: 1024px) 100vw, 1024px\" \/><\/figure>\n\n\n\n<p>Placez vos tirages photo dans l&rsquo;ordre souhait\u00e9 sur la table pour vous assurer que la composition finale vous convient.<\/p>\n\n\n\n<figure class=\"wp-block-gallery has-nested-images columns-default is-cropped wp-block-gallery-1 is-layout-flex wp-block-gallery-is-layout-flex\">\n<figure class=\"wp-block-image size-large\"><img loading=\"lazy\" decoding=\"async\" width=\"1024\" height=\"683\" data-id=\"9138\" src=\"https:\/\/storage.googleapis.com\/smartphoto-express-production-wp-blogs-com\/10\/2019\/11\/IMG_6398-min-1024x683-1024x683.jpg\" alt=\"\" class=\"wp-image-9138\" srcset=\"https:\/\/storage.googleapis.com\/smartphoto-express-production-wp-blogs-com\/10\/2019\/11\/IMG_6398-min-1024x683.jpg 1024w, https:\/\/storage.googleapis.com\/smartphoto-express-production-wp-blogs-com\/10\/2019\/11\/IMG_6398-min-1024x683-300x200.jpg 300w, https:\/\/storage.googleapis.com\/smartphoto-express-production-wp-blogs-com\/10\/2019\/11\/IMG_6398-min-1024x683-768x512.jpg 768w\" sizes=\"auto, (max-width: 1024px) 100vw, 1024px\" \/><\/figure>\n\n\n\n<figure class=\"wp-block-image size-large\"><img loading=\"lazy\" decoding=\"async\" width=\"1024\" height=\"683\" data-id=\"9139\" src=\"https:\/\/storage.googleapis.com\/smartphoto-express-production-wp-blogs-com\/10\/2019\/11\/DIY-adventskalender-stickers-1024x683-1024x683.jpg\" alt=\"\" class=\"wp-image-9139\" srcset=\"https:\/\/storage.googleapis.com\/smartphoto-express-production-wp-blogs-com\/10\/2019\/11\/DIY-adventskalender-stickers-1024x683.jpg 1024w, https:\/\/storage.googleapis.com\/smartphoto-express-production-wp-blogs-com\/10\/2019\/11\/DIY-adventskalender-stickers-1024x683-300x200.jpg 300w, https:\/\/storage.googleapis.com\/smartphoto-express-production-wp-blogs-com\/10\/2019\/11\/DIY-adventskalender-stickers-1024x683-768x512.jpg 768w\" sizes=\"auto, (max-width: 1024px) 100vw, 1024px\" \/><\/figure>\n<\/figure>\n\n\n\n<p>Retournez les photos une \u00e0 une pour y coller l&rsquo;autocollant avec le chiffre correspondant.<\/p>\n\n\n\n<figure class=\"wp-block-image\"><img loading=\"lazy\" decoding=\"async\" width=\"1024\" height=\"683\" src=\"https:\/\/storage.googleapis.com\/smartphoto-express-production-wp-blogs-com\/10\/2019\/11\/DIY-adventskalender-1024x683-1024x683.jpg\" alt=\"\" class=\"wp-image-9140\" srcset=\"https:\/\/storage.googleapis.com\/smartphoto-express-production-wp-blogs-com\/10\/2019\/11\/DIY-adventskalender-1024x683.jpg 1024w, https:\/\/storage.googleapis.com\/smartphoto-express-production-wp-blogs-com\/10\/2019\/11\/DIY-adventskalender-1024x683-300x200.jpg 300w, https:\/\/storage.googleapis.com\/smartphoto-express-production-wp-blogs-com\/10\/2019\/11\/DIY-adventskalender-1024x683-768x512.jpg 768w\" sizes=\"auto, (max-width: 1024px) 100vw, 1024px\" \/><\/figure>\n\n\n\n<h4 class=\"wp-block-heading\">Accrochez votre cadre au mur ou placez-le sur un placard contre le mur, puis suspendez les tirages photo aux pinces \u00e0 linge.<\/h4>\n\n\n\n<p>\u00c0 partir du 1 er d\u00e9cembre, vous pouvez retourner une photo chaque jour et d\u00e9couvrir le message ou l&rsquo;activit\u00e9 qui se cache derri\u00e8re!<\/p>\n\n\n\n<p><strong>Astuce<\/strong>: placez le message le plus important ou votre meilleure mission pour le 24 d\u00e9cembre ! Un grand c\u00e2lin familial peut-\u00eatre ? \ud83d\ude0d<\/p>\n\n\n\n<h4 class=\"wp-block-heading\">Vous voulez un calendrier de l&rsquo;Avent encore plus rapide \u00e0 pr\u00e9parer, mais quand m\u00eame personnalis\u00e9 ? <\/h4>\n\n\n\n<p><a href=\"https:\/\/www.smartphoto.fr\/calendrier-photo\/calendrier-avent-photos\">D\u00e9couvrez nos tout nouveaux calendriers<\/a> de l&rsquo;Avent avec des photos ou le calendrier avec des chocolats ET des photos.<\/p>\n\n\n\n<figure class=\"wp-block-gallery has-nested-images columns-default is-cropped wp-block-gallery-2 is-layout-flex wp-block-gallery-is-layout-flex\">\n<figure class=\"wp-block-image size-large\"><img loading=\"lazy\" decoding=\"async\" width=\"780\" height=\"537\" data-id=\"9142\" src=\"https:\/\/storage.googleapis.com\/smartphoto-express-production-wp-blogs-com\/10\/2019\/11\/carrousel1.jpg\" alt=\"\" class=\"wp-image-9142\" srcset=\"https:\/\/storage.googleapis.com\/smartphoto-express-production-wp-blogs-com\/10\/2019\/11\/carrousel1.jpg 780w, https:\/\/storage.googleapis.com\/smartphoto-express-production-wp-blogs-com\/10\/2019\/11\/carrousel1-300x207.jpg 300w, https:\/\/storage.googleapis.com\/smartphoto-express-production-wp-blogs-com\/10\/2019\/11\/carrousel1-768x529.jpg 768w\" sizes=\"auto, (max-width: 780px) 100vw, 780px\" \/><\/figure>\n\n\n\n<figure class=\"wp-block-image size-large\"><img loading=\"lazy\" decoding=\"async\" width=\"780\" height=\"537\" data-id=\"9143\" src=\"https:\/\/storage.googleapis.com\/smartphoto-express-production-wp-blogs-com\/10\/2019\/11\/carrousel1-en-1.jpg\" alt=\"\" class=\"wp-image-9143\" srcset=\"https:\/\/storage.googleapis.com\/smartphoto-express-production-wp-blogs-com\/10\/2019\/11\/carrousel1-en-1.jpg 780w, https:\/\/storage.googleapis.com\/smartphoto-express-production-wp-blogs-com\/10\/2019\/11\/carrousel1-en-1-300x207.jpg 300w, https:\/\/storage.googleapis.com\/smartphoto-express-production-wp-blogs-com\/10\/2019\/11\/carrousel1-en-1-768x529.jpg 768w\" sizes=\"auto, (max-width: 780px) 100vw, 780px\" \/><\/figure>\n<\/figure>\n\n\n\n<p>Nous vous souhaitons une p\u00e9riode de No\u00ebl super chaleureuse et joyeuse \u2665<\/p>\n\n\n\n<p> <strong> Lisez aussi:  <\/strong><\/p>\n\n\n\n<ul class=\"wp-block-list\">\n<li><strong> <\/strong><a href=\"\/inspiration\/idee-diy-suspension-photo-facile\">Bricolage: cr\u00e9ez votre propre suspension photo <\/a>  <\/li>\n\n\n\n<li> <a href=\"\/inspiration\/bonne-annee-meilleurs-voeux\">30 souhaits de No\u00ebl pour vos cartes de No\u00ebl <\/a>  <\/li>\n<\/ul>\n\n\n\n<figure class=\"wp-block-image\"><a href=\"https:\/\/www.smartphoto.fr\/noel\"><img loading=\"lazy\" decoding=\"async\" width=\"720\" height=\"280\" src=\"https:\/\/storage.googleapis.com\/smartphoto-express-production-wp-blogs-com\/10\/2019\/11\/Blog_ChristmasGeneral_CTA_FR.jpg\" alt=\"\" class=\"wp-image-9144\" srcset=\"https:\/\/storage.googleapis.com\/smartphoto-express-production-wp-blogs-com\/10\/2019\/11\/Blog_ChristmasGeneral_CTA_FR.jpg 720w, https:\/\/storage.googleapis.com\/smartphoto-express-production-wp-blogs-com\/10\/2019\/11\/Blog_ChristmasGeneral_CTA_FR-300x117.jpg 300w\" sizes=\"auto, (max-width: 720px) 100vw, 720px\" \/><\/a><\/figure>\n","protected":false},"excerpt":{"rendered":"<p>D\u00e9couvrez dans notre vid\u00e9o DIY comment cr\u00e9er en 1-2-3 votre propre calendrier de l\u2019Avent avec des tirages photo r\u00e9tro <\/p>\n","protected":false},"author":39,"featured_media":9140,"comment_status":"open","ping_status":"open","sticky":false,"template":"","format":"standard","meta":{"om_disable_all_campaigns":false,"_monsterinsights_skip_tracking":false,"_monsterinsights_sitenote_active":false,"_monsterinsights_sitenote_note":"","_monsterinsights_sitenote_category":0,"footnotes":""},"categories":[78,5],"tags":[],"class_list":["post-9133","post","type-post","status-publish","format-standard","has-post-thumbnail","hentry","category-noel","category-trucs-et-astuces"],"yoast_head":"<!-- This site is optimized with the Yoast SEO plugin v23.8 - https:\/\/yoast.com\/wordpress\/plugins\/seo\/ -->\n<title>DIY: un calendrier de l&#039;avent avec des tirages r\u00e9tro<\/title>\n<meta name=\"description\" content=\"D\u00e9couvrez dans notre vid\u00e9o DIY comment cr\u00e9er en 1-2-3 votre propre calendrier de l\u2019Avent avec des tirages photo r\u00e9tro\" \/>\n<meta name=\"robots\" content=\"index, follow, max-snippet:-1, max-image-preview:large, max-video-preview:-1\" \/>\n<link rel=\"canonical\" href=\"https:\/\/www.smartphoto.fr\/inspiration\/diy-calendrier-de-lavent\" \/>\n<meta property=\"og:locale\" content=\"fr_FR\" \/>\n<meta property=\"og:type\" content=\"article\" \/>\n<meta property=\"og:title\" content=\"DIY: un calendrier de l&#039;avent avec des tirages r\u00e9tro\" \/>\n<meta property=\"og:description\" content=\"D\u00e9couvrez dans notre vid\u00e9o DIY comment cr\u00e9er en 1-2-3 votre propre calendrier de l\u2019Avent avec des tirages photo r\u00e9tro\" \/>\n<meta property=\"og:url\" content=\"https:\/\/www.smartphoto.fr\/inspiration\/diy-calendrier-de-lavent\" \/>\n<meta property=\"og:site_name\" content=\"smartphoto FR\" \/>\n<meta property=\"article:publisher\" content=\"https:\/\/www.facebook.com\/smartphoto.fr\" \/>\n<meta property=\"article:published_time\" content=\"2019-11-20T12:48:19+00:00\" \/>\n<meta property=\"article:modified_time\" content=\"2024-08-21T08:45:21+00:00\" \/>\n<meta property=\"og:image\" content=\"https:\/\/storage.googleapis.com\/smartphoto-express-production-wp-blogs-com\/10\/2019\/11\/DIY-adventskalender-1024x683.jpg\" \/>\n\t<meta property=\"og:image:width\" content=\"1024\" \/>\n\t<meta property=\"og:image:height\" content=\"683\" \/>\n\t<meta property=\"og:image:type\" content=\"image\/jpeg\" \/>\n<meta name=\"author\" content=\"Caroline\" \/>\n<meta name=\"twitter:card\" content=\"summary_large_image\" \/>\n<meta name=\"twitter:creator\" content=\"@smartphoto_fr\" \/>\n<meta name=\"twitter:site\" content=\"@smartphoto_fr\" \/>\n<meta name=\"twitter:label1\" content=\"Written by\" \/>\n\t<meta name=\"twitter:data1\" content=\"Caroline\" \/>\n\t<meta name=\"twitter:label2\" content=\"Est. reading time\" \/>\n\t<meta name=\"twitter:data2\" content=\"5 minutes\" \/>\n<script type=\"application\/ld+json\" class=\"yoast-schema-graph\">{\"@context\":\"https:\/\/schema.org\",\"@graph\":[{\"@type\":\"WebPage\",\"@id\":\"https:\/\/www.smartphoto.fr\/inspiration\/diy-calendrier-de-lavent\",\"url\":\"https:\/\/www.smartphoto.fr\/inspiration\/diy-calendrier-de-lavent\",\"name\":\"DIY: un calendrier de l'avent avec des tirages r\u00e9tro\",\"isPartOf\":{\"@id\":\"https:\/\/www.smartphoto.fr\/inspiration\/#website\"},\"primaryImageOfPage\":{\"@id\":\"https:\/\/www.smartphoto.fr\/inspiration\/diy-calendrier-de-lavent#primaryimage\"},\"image\":{\"@id\":\"https:\/\/www.smartphoto.fr\/inspiration\/diy-calendrier-de-lavent#primaryimage\"},\"thumbnailUrl\":\"https:\/\/storage.googleapis.com\/smartphoto-express-production-wp-blogs-com\/10\/2019\/11\/DIY-adventskalender-1024x683.jpg\",\"datePublished\":\"2019-11-20T12:48:19+00:00\",\"dateModified\":\"2024-08-21T08:45:21+00:00\",\"author\":{\"@id\":\"https:\/\/www.smartphoto.fr\/inspiration\/#\/schema\/person\/14abe7c86f4bda0d741e3ec66a39733e\"},\"description\":\"D\u00e9couvrez dans notre vid\u00e9o DIY comment cr\u00e9er en 1-2-3 votre propre calendrier de l\u2019Avent avec des tirages photo r\u00e9tro\",\"breadcrumb\":{\"@id\":\"https:\/\/www.smartphoto.fr\/inspiration\/diy-calendrier-de-lavent#breadcrumb\"},\"inLanguage\":\"fr-FR\",\"potentialAction\":[{\"@type\":\"ReadAction\",\"target\":[\"https:\/\/www.smartphoto.fr\/inspiration\/diy-calendrier-de-lavent\"]}]},{\"@type\":\"ImageObject\",\"inLanguage\":\"fr-FR\",\"@id\":\"https:\/\/www.smartphoto.fr\/inspiration\/diy-calendrier-de-lavent#primaryimage\",\"url\":\"https:\/\/storage.googleapis.com\/smartphoto-express-production-wp-blogs-com\/10\/2019\/11\/DIY-adventskalender-1024x683.jpg\",\"contentUrl\":\"https:\/\/storage.googleapis.com\/smartphoto-express-production-wp-blogs-com\/10\/2019\/11\/DIY-adventskalender-1024x683.jpg\",\"width\":1024,\"height\":683},{\"@type\":\"BreadcrumbList\",\"@id\":\"https:\/\/www.smartphoto.fr\/inspiration\/diy-calendrier-de-lavent#breadcrumb\",\"itemListElement\":[{\"@type\":\"ListItem\",\"position\":1,\"name\":\"Home\",\"item\":\"https:\/\/www.smartphoto.fr\/inspiration\/\"},{\"@type\":\"ListItem\",\"position\":2,\"name\":\"DIY: Cr\u00e9ez votre propre calendrier de l&rsquo;Avent avec des tirages photo\"}]},{\"@type\":\"WebSite\",\"@id\":\"https:\/\/www.smartphoto.fr\/inspiration\/#website\",\"url\":\"https:\/\/www.smartphoto.fr\/inspiration\/\",\"name\":\"smartphoto FR\",\"description\":\"Le blog de smartphoto France.\",\"potentialAction\":[{\"@type\":\"SearchAction\",\"target\":{\"@type\":\"EntryPoint\",\"urlTemplate\":\"https:\/\/www.smartphoto.fr\/inspiration\/?s={search_term_string}\"},\"query-input\":{\"@type\":\"PropertyValueSpecification\",\"valueRequired\":true,\"valueName\":\"search_term_string\"}}],\"inLanguage\":\"fr-FR\"},{\"@type\":\"Person\",\"@id\":\"https:\/\/www.smartphoto.fr\/inspiration\/#\/schema\/person\/14abe7c86f4bda0d741e3ec66a39733e\",\"name\":\"Caroline\",\"image\":{\"@type\":\"ImageObject\",\"inLanguage\":\"fr-FR\",\"@id\":\"https:\/\/www.smartphoto.fr\/inspiration\/#\/schema\/person\/image\/\",\"url\":\"https:\/\/secure.gravatar.com\/avatar\/3bf4c2775ae12d0bb3bb504b56a0508c?s=96&d=mm&r=g\",\"contentUrl\":\"https:\/\/secure.gravatar.com\/avatar\/3bf4c2775ae12d0bb3bb504b56a0508c?s=96&d=mm&r=g\",\"caption\":\"Caroline\"},\"description\":\"Des id\u00e9es cr\u00e9atives pour vous inspirer, des sujets qui vous aident vraiment dans votre quotidien, voil\u00e0 ce que j'esp\u00e8re partager avec vous via ce blog. Quand je ne blogue pas pour smartphoto, je profites de bons moments en famille avec mon ch\u00e9ri et mes enfants, ou j'\u00e9tudie et je pratique le yoga.\",\"sameAs\":[\"http:\/\/www.smartphoto.fr\/inspiration\",\"https:\/\/www.instagram.com\/smartphoto_fr\/\"],\"url\":\"https:\/\/www.smartphoto.fr\/inspiration\/author\/caroline\"}]}<\/script>\n<!-- \/ Yoast SEO plugin. -->","yoast_head_json":{"title":"DIY: un calendrier de l'avent avec des tirages r\u00e9tro","description":"D\u00e9couvrez dans notre vid\u00e9o DIY comment cr\u00e9er en 1-2-3 votre propre calendrier de l\u2019Avent avec des tirages photo r\u00e9tro","robots":{"index":"index","follow":"follow","max-snippet":"max-snippet:-1","max-image-preview":"max-image-preview:large","max-video-preview":"max-video-preview:-1"},"canonical":"https:\/\/www.smartphoto.fr\/inspiration\/diy-calendrier-de-lavent","og_locale":"fr_FR","og_type":"article","og_title":"DIY: un calendrier de l'avent avec des tirages r\u00e9tro","og_description":"D\u00e9couvrez dans notre vid\u00e9o DIY comment cr\u00e9er en 1-2-3 votre propre calendrier de l\u2019Avent avec des tirages photo r\u00e9tro","og_url":"https:\/\/www.smartphoto.fr\/inspiration\/diy-calendrier-de-lavent","og_site_name":"smartphoto FR","article_publisher":"https:\/\/www.facebook.com\/smartphoto.fr","article_published_time":"2019-11-20T12:48:19+00:00","article_modified_time":"2024-08-21T08:45:21+00:00","og_image":[{"width":1024,"height":683,"url":"https:\/\/storage.googleapis.com\/smartphoto-express-production-wp-blogs-com\/10\/2019\/11\/DIY-adventskalender-1024x683.jpg","type":"image\/jpeg"}],"author":"Caroline","twitter_card":"summary_large_image","twitter_creator":"@smartphoto_fr","twitter_site":"@smartphoto_fr","twitter_misc":{"Written by":"Caroline","Est. reading time":"5 minutes"},"schema":{"@context":"https:\/\/schema.org","@graph":[{"@type":"WebPage","@id":"https:\/\/www.smartphoto.fr\/inspiration\/diy-calendrier-de-lavent","url":"https:\/\/www.smartphoto.fr\/inspiration\/diy-calendrier-de-lavent","name":"DIY: un calendrier de l'avent avec des tirages r\u00e9tro","isPartOf":{"@id":"https:\/\/www.smartphoto.fr\/inspiration\/#website"},"primaryImageOfPage":{"@id":"https:\/\/www.smartphoto.fr\/inspiration\/diy-calendrier-de-lavent#primaryimage"},"image":{"@id":"https:\/\/www.smartphoto.fr\/inspiration\/diy-calendrier-de-lavent#primaryimage"},"thumbnailUrl":"https:\/\/storage.googleapis.com\/smartphoto-express-production-wp-blogs-com\/10\/2019\/11\/DIY-adventskalender-1024x683.jpg","datePublished":"2019-11-20T12:48:19+00:00","dateModified":"2024-08-21T08:45:21+00:00","author":{"@id":"https:\/\/www.smartphoto.fr\/inspiration\/#\/schema\/person\/14abe7c86f4bda0d741e3ec66a39733e"},"description":"D\u00e9couvrez dans notre vid\u00e9o DIY comment cr\u00e9er en 1-2-3 votre propre calendrier de l\u2019Avent avec des tirages photo r\u00e9tro","breadcrumb":{"@id":"https:\/\/www.smartphoto.fr\/inspiration\/diy-calendrier-de-lavent#breadcrumb"},"inLanguage":"fr-FR","potentialAction":[{"@type":"ReadAction","target":["https:\/\/www.smartphoto.fr\/inspiration\/diy-calendrier-de-lavent"]}]},{"@type":"ImageObject","inLanguage":"fr-FR","@id":"https:\/\/www.smartphoto.fr\/inspiration\/diy-calendrier-de-lavent#primaryimage","url":"https:\/\/storage.googleapis.com\/smartphoto-express-production-wp-blogs-com\/10\/2019\/11\/DIY-adventskalender-1024x683.jpg","contentUrl":"https:\/\/storage.googleapis.com\/smartphoto-express-production-wp-blogs-com\/10\/2019\/11\/DIY-adventskalender-1024x683.jpg","width":1024,"height":683},{"@type":"BreadcrumbList","@id":"https:\/\/www.smartphoto.fr\/inspiration\/diy-calendrier-de-lavent#breadcrumb","itemListElement":[{"@type":"ListItem","position":1,"name":"Home","item":"https:\/\/www.smartphoto.fr\/inspiration\/"},{"@type":"ListItem","position":2,"name":"DIY: Cr\u00e9ez votre propre calendrier de l&rsquo;Avent avec des tirages photo"}]},{"@type":"WebSite","@id":"https:\/\/www.smartphoto.fr\/inspiration\/#website","url":"https:\/\/www.smartphoto.fr\/inspiration\/","name":"smartphoto FR","description":"Le blog de smartphoto France.","potentialAction":[{"@type":"SearchAction","target":{"@type":"EntryPoint","urlTemplate":"https:\/\/www.smartphoto.fr\/inspiration\/?s={search_term_string}"},"query-input":{"@type":"PropertyValueSpecification","valueRequired":true,"valueName":"search_term_string"}}],"inLanguage":"fr-FR"},{"@type":"Person","@id":"https:\/\/www.smartphoto.fr\/inspiration\/#\/schema\/person\/14abe7c86f4bda0d741e3ec66a39733e","name":"Caroline","image":{"@type":"ImageObject","inLanguage":"fr-FR","@id":"https:\/\/www.smartphoto.fr\/inspiration\/#\/schema\/person\/image\/","url":"https:\/\/secure.gravatar.com\/avatar\/3bf4c2775ae12d0bb3bb504b56a0508c?s=96&d=mm&r=g","contentUrl":"https:\/\/secure.gravatar.com\/avatar\/3bf4c2775ae12d0bb3bb504b56a0508c?s=96&d=mm&r=g","caption":"Caroline"},"description":"Des id\u00e9es cr\u00e9atives pour vous inspirer, des sujets qui vous aident vraiment dans votre quotidien, voil\u00e0 ce que j'esp\u00e8re partager avec vous via ce blog. Quand je ne blogue pas pour smartphoto, je profites de bons moments en famille avec mon ch\u00e9ri et mes enfants, ou j'\u00e9tudie et je pratique le yoga.","sameAs":["http:\/\/www.smartphoto.fr\/inspiration","https:\/\/www.instagram.com\/smartphoto_fr\/"],"url":"https:\/\/www.smartphoto.fr\/inspiration\/author\/caroline"}]}},"_links":{"self":[{"href":"https:\/\/www.smartphoto.fr\/inspiration\/wp-json\/wp\/v2\/posts\/9133","targetHints":{"allow":["GET"]}}],"collection":[{"href":"https:\/\/www.smartphoto.fr\/inspiration\/wp-json\/wp\/v2\/posts"}],"about":[{"href":"https:\/\/www.smartphoto.fr\/inspiration\/wp-json\/wp\/v2\/types\/post"}],"author":[{"embeddable":true,"href":"https:\/\/www.smartphoto.fr\/inspiration\/wp-json\/wp\/v2\/users\/39"}],"replies":[{"embeddable":true,"href":"https:\/\/www.smartphoto.fr\/inspiration\/wp-json\/wp\/v2\/comments?post=9133"}],"version-history":[{"count":7,"href":"https:\/\/www.smartphoto.fr\/inspiration\/wp-json\/wp\/v2\/posts\/9133\/revisions"}],"predecessor-version":[{"id":11857,"href":"https:\/\/www.smartphoto.fr\/inspiration\/wp-json\/wp\/v2\/posts\/9133\/revisions\/11857"}],"wp:featuredmedia":[{"embeddable":true,"href":"https:\/\/www.smartphoto.fr\/inspiration\/wp-json\/wp\/v2\/media\/9140"}],"wp:attachment":[{"href":"https:\/\/www.smartphoto.fr\/inspiration\/wp-json\/wp\/v2\/media?parent=9133"}],"wp:term":[{"taxonomy":"category","embeddable":true,"href":"https:\/\/www.smartphoto.fr\/inspiration\/wp-json\/wp\/v2\/categories?post=9133"},{"taxonomy":"post_tag","embeddable":true,"href":"https:\/\/www.smartphoto.fr\/inspiration\/wp-json\/wp\/v2\/tags?post=9133"}],"curies":[{"name":"wp","href":"https:\/\/api.w.org\/{rel}","templated":true}]}}