{"id":8717,"date":"2019-06-06T16:10:30","date_gmt":"2019-06-06T14:10:30","guid":{"rendered":"\/inspiration\/?p=8717"},"modified":"2020-05-26T15:56:06","modified_gmt":"2020-05-26T13:56:06","slug":"fete-des-peres-2019-les-nouveautes-smartphoto","status":"publish","type":"post","link":"https:\/\/www.smartphoto.fr\/inspiration\/fete-des-peres-2019-les-nouveautes-smartphoto","title":{"rendered":"F\u00eate des p\u00e8res 2019 : les nouveaut\u00e9s smartphoto"},"content":{"rendered":"\n<h3 class=\"wp-block-heading\">Cadeau original f\u00eate des p\u00e8res 2019<\/h3>\n\n\n\n<p>Smartphoto a encore frapp\u00e9 ! Pour la f\u00eate des p\u00e8res 2019, vous trouverez une s\u00e9rie de cadeaux super originaux, tout beaux, tout chauds, tout nouveaux.<\/p>\n\n\n\n<p>Des mati\u00e8res naturelles, des accessoires super pratiques et de qualit\u00e9, et surtout des options de personnalisation \u00e9tendues qui font la part belle \u00e0 votre cr\u00e9ativit\u00e9. Pour un cadeau toujours unique, et qu&rsquo;il gardera pr\u00e9cieusement pendant de longues ann\u00e9es !<\/p>\n\n\n\n<div class=\"wp-block-image\"><figure class=\"aligncenter\"><a href=\"https:\/\/www.smartphoto.fr\/cadeau-fete-des-peres-personnalise\"><img loading=\"lazy\" decoding=\"async\" width=\"800\" height=\"534\" src=\"https:\/\/storage.googleapis.com\/smartphoto-express-production-wp-blogs-com\/10\/2019\/06\/bonne-fete-papa-citations.jpg\" alt=\"\" class=\"wp-image-8719\" srcset=\"https:\/\/storage.googleapis.com\/smartphoto-express-production-wp-blogs-com\/10\/2019\/06\/bonne-fete-papa-citations.jpg 800w, https:\/\/storage.googleapis.com\/smartphoto-express-production-wp-blogs-com\/10\/2019\/06\/bonne-fete-papa-citations-300x200.jpg 300w, https:\/\/storage.googleapis.com\/smartphoto-express-production-wp-blogs-com\/10\/2019\/06\/bonne-fete-papa-citations-768x513.jpg 768w\" sizes=\"auto, (max-width: 800px) 100vw, 800px\" \/><\/a><\/figure><\/div>\n\n\n\n<h2 class=\"wp-block-heading\">1. Les dessous de verre en bois<\/h2>\n\n\n\n<p>Ces dessous de verres sont tellement jolis que je les commanderais bien juste pour les afficher partout chez moi. J&rsquo;adore la forme ronde qui met en valeur les photos, et la qualit\u00e9 d&rsquo;impression est juste fantastique. <a href=\"https:\/\/www.smartphoto.fr\/cadeaux-photo\/sous-verres-photo\">D\u00e9couvrez-les ici<\/a> !<\/p>\n\n\n\n<div class=\"wp-block-image\"><figure class=\"aligncenter\"><img loading=\"lazy\" decoding=\"async\" width=\"800\" height=\"534\" src=\"https:\/\/storage.googleapis.com\/smartphoto-express-production-wp-blogs-com\/10\/2019\/06\/Cadeau-fetedes-peres-2019.jpg\" alt=\"\" class=\"wp-image-8721\" srcset=\"https:\/\/storage.googleapis.com\/smartphoto-express-production-wp-blogs-com\/10\/2019\/06\/Cadeau-fetedes-peres-2019.jpg 800w, https:\/\/storage.googleapis.com\/smartphoto-express-production-wp-blogs-com\/10\/2019\/06\/Cadeau-fetedes-peres-2019-300x200.jpg 300w, https:\/\/storage.googleapis.com\/smartphoto-express-production-wp-blogs-com\/10\/2019\/06\/Cadeau-fetedes-peres-2019-768x513.jpg 768w\" sizes=\"auto, (max-width: 800px) 100vw, 800px\" \/><\/figure><\/div>\n\n\n\n<h2 class=\"wp-block-heading\">2. Le porte-carte en cuir<\/h2>\n\n\n\n<p>Lorsqu&rsquo;on a d\u00e9couvert ce petit porte-carte en cuir, on a tout de suite pens\u00e9 \u00e0 nos Papas. Adorable, pratique, de belle qualit\u00e9, et personnalis\u00e9, il a vraiment tout pour nous plaire. Et surtout, pour plaire \u00e0 Papa !<\/p>\n\n\n\n<div class=\"wp-block-image\"><figure class=\"aligncenter\"><img loading=\"lazy\" decoding=\"async\" width=\"720\" height=\"400\" src=\"https:\/\/storage.googleapis.com\/smartphoto-express-production-wp-blogs-com\/10\/2019\/06\/bonne-fete-papa-citations-porte-cartes-personnalise.jpg\" alt=\"\" class=\"wp-image-8722\" srcset=\"https:\/\/storage.googleapis.com\/smartphoto-express-production-wp-blogs-com\/10\/2019\/06\/bonne-fete-papa-citations-porte-cartes-personnalise.jpg 720w, https:\/\/storage.googleapis.com\/smartphoto-express-production-wp-blogs-com\/10\/2019\/06\/bonne-fete-papa-citations-porte-cartes-personnalise-300x167.jpg 300w\" sizes=\"auto, (max-width: 720px) 100vw, 720px\" \/><\/figure><\/div>\n\n\n\n<p>D\u00e9couvrez l&rsquo;int\u00e9rieur du porte-cartes ici : <a href=\"https:\/\/www.smartphoto.fr\/cadeaux-photo\/porte-cartes-en-cuir\">porte-cartes en cuir personnalis\u00e9 smartphoto<\/a>.<\/p>\n\n\n\n<h2 class=\"wp-block-heading\">3. Cr\u00e9ez votre design avec texte<\/h2>\n\n\n\n<p>Si vous aimez les cadeaux classiques, vous allez adorer les nouvelles options de personnalisation avec texte, disponibles sur quelques uns de nos best-sellers. Un design pour lequel vous n&rsquo;avez pas besoin de photos, car il est bas\u00e9 sur une ou trois zones de texte, avec plus de 100 arri\u00e8res-plans diff\u00e9rents.<\/p>\n\n\n\n<h3 class=\"wp-block-heading\">D\u00e9couvrez cette nouvelle option :<\/h3>\n\n\n\n<p>Allez d&rsquo;abord sur la page <a href=\"https:\/\/www.smartphoto.fr\/idee-cadeau-maitresse\/designselection.aspx?dg=textonly\">\u00ab\u00a0designs texte uniquement\u00a0\u00bb (ici)<\/a><\/p>\n\n\n\n<p>Choisissez un produit qui a un petit \u00ab\u00a0pinceau magique\u00a0\u00bb repr\u00e9sent\u00e9 comme dans l&rsquo;image ci-dessous.<\/p>\n\n\n\n<div class=\"wp-block-image\"><figure class=\"aligncenter\"><a href=\"https:\/\/www.smartphoto.fr\/idee-cadeau-maitresse\/designselection.aspx?dg=textonly\"><img loading=\"lazy\" decoding=\"async\" width=\"387\" height=\"390\" src=\"https:\/\/storage.googleapis.com\/smartphoto-express-production-wp-blogs-com\/10\/2019\/06\/designs-multicolore.jpg\" alt=\"\" class=\"wp-image-8723\" srcset=\"https:\/\/storage.googleapis.com\/smartphoto-express-production-wp-blogs-com\/10\/2019\/06\/designs-multicolore.jpg 387w, https:\/\/storage.googleapis.com\/smartphoto-express-production-wp-blogs-com\/10\/2019\/06\/designs-multicolore-150x150.jpg 150w, https:\/\/storage.googleapis.com\/smartphoto-express-production-wp-blogs-com\/10\/2019\/06\/designs-multicolore-298x300.jpg 298w\" sizes=\"auto, (max-width: 387px) 100vw, 387px\" \/><\/a><\/figure><\/div>\n\n\n\n<p>Cliquez sur le produit qui vous int\u00e9resse, et dans le menu de gauche, cliquez sur \u00ab\u00a0arri\u00e8re-plan\u00a0\u00bb. Vous verrez alors les options de fonds unis. Cliquez encore dans le m\u00eame volet sur \u00ab\u00a0biblioth\u00e8que\u00a0\u00bb et en-dessous, sur \u00ab\u00a0arri\u00e8re-plan\u00a0\u00bb. Voil\u00e0 notre cachette aux tr\u00e9sors !<\/p>\n\n\n\n<div class=\"wp-block-image\"><figure class=\"aligncenter\"><a href=\"https:\/\/www.smartphoto.fr\/cadeaux-photo\/mug-photo\"><img loading=\"lazy\" decoding=\"async\" width=\"1917\" height=\"950\" src=\"https:\/\/storage.googleapis.com\/smartphoto-express-production-wp-blogs-com\/10\/2019\/06\/Capture.jpg\" alt=\"\" class=\"wp-image-8724\" srcset=\"https:\/\/storage.googleapis.com\/smartphoto-express-production-wp-blogs-com\/10\/2019\/06\/Capture.jpg 1917w, https:\/\/storage.googleapis.com\/smartphoto-express-production-wp-blogs-com\/10\/2019\/06\/Capture-300x149.jpg 300w, https:\/\/storage.googleapis.com\/smartphoto-express-production-wp-blogs-com\/10\/2019\/06\/Capture-768x381.jpg 768w, https:\/\/storage.googleapis.com\/smartphoto-express-production-wp-blogs-com\/10\/2019\/06\/Capture-1024x507.jpg 1024w\" sizes=\"auto, (max-width: 1917px) 100vw, 1917px\" \/><\/a><\/figure><\/div>\n\n\n\n<p>Cette option \u00ab\u00a0texte uniquement\u00a0\u00bb avec des fonds originaux est disponible sur les produits suivants : les <a href=\"https:\/\/www.smartphoto.fr\/cadeaux-photo\/mug-photo\">mugs<\/a>, les <a href=\"https:\/\/www.smartphoto.fr\/cadeaux-photo\/pot-fleurs\">pots de fleurs<\/a>, les coques pour GSM, les <a href=\"https:\/\/www.smartphoto.fr\/cadeaux-photo\/tote-bag-photo\/\">sacs en tissu<\/a> \u00ab\u00a0tote bags\u00a0\u00bb, les <a href=\"https:\/\/www.smartphoto.fr\/cadeaux-photo\/coussin-photo\">coussins<\/a>, les<a href=\"https:\/\/www.smartphoto.fr\/cadeaux-photo\/marque-page-papier\/\"> marque-page<\/a>, les <a href=\"https:\/\/www.smartphoto.fr\/cadeaux-photo\/etiquettes-bouteilles\/\">\u00e9tiquettes pour bouteilles<\/a>, mais aussi <a href=\"https:\/\/www.smartphoto.fr\/cadeaux-photo\/boule-a-neige\">la boule \u00e0 neige<\/a>&nbsp;, la <a href=\"https:\/\/www.smartphoto.fr\/cadeaux-photo\/bouteille-isotherme\/\">bouteille en alu<\/a> et le <a href=\"https:\/\/www.smartphoto.fr\/cadeaux-photo\/mug-voyage-isotherme\/\">mug isotherme<\/a>.<\/p>\n\n\n\n<div class=\"wp-block-image\"><figure class=\"aligncenter\"><a href=\"https:\/\/www.smartphoto.fr\/cadeaux-photo\/coque-telephone\"><img loading=\"lazy\" decoding=\"async\" width=\"1916\" height=\"947\" src=\"https:\/\/storage.googleapis.com\/smartphoto-express-production-wp-blogs-com\/10\/2019\/06\/options-de-personnalisation-des-coques.jpg\" alt=\"\" class=\"wp-image-8725\" srcset=\"https:\/\/storage.googleapis.com\/smartphoto-express-production-wp-blogs-com\/10\/2019\/06\/options-de-personnalisation-des-coques.jpg 1916w, https:\/\/storage.googleapis.com\/smartphoto-express-production-wp-blogs-com\/10\/2019\/06\/options-de-personnalisation-des-coques-300x148.jpg 300w, https:\/\/storage.googleapis.com\/smartphoto-express-production-wp-blogs-com\/10\/2019\/06\/options-de-personnalisation-des-coques-768x380.jpg 768w, https:\/\/storage.googleapis.com\/smartphoto-express-production-wp-blogs-com\/10\/2019\/06\/options-de-personnalisation-des-coques-1024x506.jpg 1024w\" sizes=\"auto, (max-width: 1916px) 100vw, 1916px\" \/><\/a><\/figure><\/div>\n\n\n\n<p>Et voil\u00e0 un exemple de r\u00e9sultat \u00ab\u00a0SUPER-PAPA\u00a0\u00bb:<\/p>\n\n\n\n<div class=\"wp-block-image\"><figure class=\"aligncenter\"><a href=\"\/cadeaux-photo\/mug-photo\"><img loading=\"lazy\" decoding=\"async\" width=\"720\" height=\"400\" src=\"https:\/\/storage.googleapis.com\/smartphoto-express-production-wp-blogs-com\/10\/2019\/06\/Blog_Teacher_ColoredMug_FR.jpg\" alt=\"\" class=\"wp-image-8732\" srcset=\"https:\/\/storage.googleapis.com\/smartphoto-express-production-wp-blogs-com\/10\/2019\/06\/Blog_Teacher_ColoredMug_FR.jpg 720w, https:\/\/storage.googleapis.com\/smartphoto-express-production-wp-blogs-com\/10\/2019\/06\/Blog_Teacher_ColoredMug_FR-300x167.jpg 300w\" sizes=\"auto, (max-width: 720px) 100vw, 720px\" \/><\/a><\/figure><\/div>\n\n\n\n<h2 class=\"wp-block-heading\">4. Les verres \u00e0 bi\u00e8re personnalis\u00e9s<\/h2>\n\n\n\n<p>Certains y voient un verre \u00e0 cocktail pour f\u00eater le retour de l&rsquo;\u00e9t\u00e9, nous on s&rsquo;est vu sur la terrasse avec Papa, \u00e0 d\u00e9guster l&rsquo;ap\u00e9ro. Pour le personnaliser, la phrase choc c&rsquo;est \u00ab\u00a0J&rsquo;ai un super pouvoir : je fais dispara\u00eetre la bi\u00e8re\u00a0\u00bb. Mais bien s\u00fbr, vous pouvez aussi y inscrire son nom, une date, une anecdote souvenir. <a href=\"\/inspiration\/bonne-fete-papa-citations\">D\u00e9couvrez ici toutes nos id\u00e9es de citations pour la f\u00eate des p\u00e8re<\/a>. Et<a href=\"https:\/\/www.smartphoto.fr\/produits\/designselection.aspx?pvc=hurricaneglassset2&amp;pcg=fun_ideas.kitchen&amp;p=hurricaneglassset2\"> d\u00e9couvrez l\u00e0 les diff\u00e9rents designs disponibles<\/a>. Les verres \u00e0 bi\u00e8re sont vendus par lot de deux, car la bi\u00e8re, \u00e7a se partage.<\/p>\n\n\n\n<div class=\"wp-block-image\"><figure class=\"aligncenter\"><a href=\"\/cadeaux-photo\/verre-a-biere?occ=Fathersday\"><img loading=\"lazy\" decoding=\"async\" width=\"800\" height=\"533\" src=\"https:\/\/storage.googleapis.com\/smartphoto-express-production-wp-blogs-com\/10\/2019\/06\/Fete-papa-fetard.jpg\" alt=\"\" class=\"wp-image-8727\" srcset=\"https:\/\/storage.googleapis.com\/smartphoto-express-production-wp-blogs-com\/10\/2019\/06\/Fete-papa-fetard.jpg 800w, https:\/\/storage.googleapis.com\/smartphoto-express-production-wp-blogs-com\/10\/2019\/06\/Fete-papa-fetard-300x200.jpg 300w, https:\/\/storage.googleapis.com\/smartphoto-express-production-wp-blogs-com\/10\/2019\/06\/Fete-papa-fetard-768x512.jpg 768w\" sizes=\"auto, (max-width: 800px) 100vw, 800px\" \/><\/a><\/figure><\/div>\n\n\n\n<h2 class=\"wp-block-heading\">5. Le plus beau porte-cl\u00e9 pour la f\u00eate des p\u00e8res<\/h2>\n\n\n\n<p>Les belles mati\u00e8res, ils aiment \u00e7a nos papas-cromagnons. Quand \u00e9ventuellement ils sortent de leur grotte, ils passent un temps ind\u00e9termin\u00e9 \u00e0 chercher leurs cl\u00e9s. Avec ce porte-cl\u00e9 en cuir, ils auront une raison de plus de ne pas les perdre. \u00ab\u00a0Super-Papa\u00a0\u00bb fonctionne tr\u00e8s bien sur ce bel objet, et vous avez le choix entre&nbsp;<a href=\"https:\/\/www.smartphoto.fr\/produits\/designselection.aspx?pvc=keyhangerleather&amp;pcg=fun_ideas.accessories&amp;p=keyhangerleather\">plusieurs designs pour la gravure<\/a>.<\/p>\n\n\n\n<div class=\"wp-block-image\"><figure class=\"aligncenter\"><img loading=\"lazy\" decoding=\"async\" width=\"720\" height=\"400\" src=\"https:\/\/storage.googleapis.com\/smartphoto-express-production-wp-blogs-com\/10\/2019\/06\/bonne-fete-papa-citations-porte-cl\u00e9s-cuir.jpg\" alt=\"\" class=\"wp-image-8733\" srcset=\"https:\/\/storage.googleapis.com\/smartphoto-express-production-wp-blogs-com\/10\/2019\/06\/bonne-fete-papa-citations-porte-cl\u00e9s-cuir.jpg 720w, https:\/\/storage.googleapis.com\/smartphoto-express-production-wp-blogs-com\/10\/2019\/06\/bonne-fete-papa-citations-porte-cl\u00e9s-cuir-300x167.jpg 300w\" sizes=\"auto, (max-width: 720px) 100vw, 720px\" \/><\/figure><\/div>\n\n\n\n<p>Il existe \u00e9galement des porte-cl\u00e9s photo, en bois, plastique, m\u00e9tal, \u00e0 d\u00e9couvrir sur notre page consacr\u00e9e aux <a href=\"https:\/\/www.smartphoto.fr\/produits\/accessoires-sacs-et-cles\">porte-cl\u00e9s et accessoires pour sacs personnalisables<\/a>.<\/p>\n\n\n\n<div class=\"wp-block-image\"><figure class=\"aligncenter\"><a href=\"\/produits\/accessoires-sacs-et-cles\"><img loading=\"lazy\" decoding=\"async\" width=\"800\" height=\"531\" src=\"https:\/\/storage.googleapis.com\/smartphoto-express-production-wp-blogs-com\/10\/2019\/06\/Porte-cl\u00e9s-tous.jpg\" alt=\"\" class=\"wp-image-8729\" srcset=\"https:\/\/storage.googleapis.com\/smartphoto-express-production-wp-blogs-com\/10\/2019\/06\/Porte-cl\u00e9s-tous.jpg 800w, https:\/\/storage.googleapis.com\/smartphoto-express-production-wp-blogs-com\/10\/2019\/06\/Porte-cl\u00e9s-tous-300x199.jpg 300w, https:\/\/storage.googleapis.com\/smartphoto-express-production-wp-blogs-com\/10\/2019\/06\/Porte-cl\u00e9s-tous-768x510.jpg 768w\" sizes=\"auto, (max-width: 800px) 100vw, 800px\" \/><\/a><\/figure><\/div>\n\n\n\n<p>Alors, quel cadeau vous tente le plus ?<\/p>\n\n\n\n<p>Vous avez aim\u00e9 nos id\u00e9es pour la f\u00eate des p\u00e8res 2019 ? Partagez le r\u00e9sultat sur les m\u00e9dias sociaux avec le #smartphoto !<\/p>\n\n\n\n<div class=\"wp-block-image\"><figure class=\"aligncenter\"><a href=\"https:\/\/www.smartphoto.fr\/cadeau-fete-des-peres-personnalise\"><img loading=\"lazy\" decoding=\"async\" width=\"1440\" height=\"564\" src=\"https:\/\/storage.googleapis.com\/smartphoto-express-production-wp-blogs-com\/10\/2018\/05\/CTA-Fathers-day.png\" alt=\"Cliquez sur l'image pour voir la s\u00e9lection smartphoto de cadeaux photo personnalis\u00e9s pour la f\u00eate des p\u00e8res\" class=\"wp-image-7503\" srcset=\"https:\/\/storage.googleapis.com\/smartphoto-express-production-wp-blogs-com\/10\/2018\/05\/CTA-Fathers-day.png 1440w, https:\/\/storage.googleapis.com\/smartphoto-express-production-wp-blogs-com\/10\/2018\/05\/CTA-Fathers-day-300x118.png 300w, https:\/\/storage.googleapis.com\/smartphoto-express-production-wp-blogs-com\/10\/2018\/05\/CTA-Fathers-day-768x301.png 768w, https:\/\/storage.googleapis.com\/smartphoto-express-production-wp-blogs-com\/10\/2018\/05\/CTA-Fathers-day-1024x401.png 1024w\" sizes=\"auto, (max-width: 1440px) 100vw, 1440px\" \/><\/a><\/figure><\/div>\n","protected":false},"excerpt":{"rendered":"<p>Cadeau original f\u00eate des p\u00e8res 2019 Smartphoto a encore frapp\u00e9 ! Pour la f\u00eate des p\u00e8res 2019, vous trouverez une s\u00e9rie de cadeaux super originaux, tout beaux, tout chauds, tout nouveaux. Des mati\u00e8res naturelles, des accessoires super pratiques et de qualit\u00e9, et surtout des options de personnalisation \u00e9tendues qui font la part belle \u00e0 votre cr\u00e9ativit\u00e9. Pour un cadeau toujours unique, et qu&rsquo;il gardera pr\u00e9cieusement pendant de longues ann\u00e9es ! 1. Les dessous de verre en bois Ces dessous de verres sont tellement jolis que je les commanderais bien juste pour les afficher partout chez moi. J&rsquo;adore la forme ronde<\/p>\n","protected":false},"author":39,"featured_media":8719,"comment_status":"open","ping_status":"open","sticky":false,"template":"","format":"standard","meta":{"om_disable_all_campaigns":false,"_monsterinsights_skip_tracking":false,"_monsterinsights_sitenote_active":false,"_monsterinsights_sitenote_note":"","_monsterinsights_sitenote_category":0,"footnotes":""},"categories":[75],"tags":[],"class_list":["post-8717","post","type-post","status-publish","format-standard","has-post-thumbnail","hentry","category-fete-des-peres"],"yoast_head":"<!-- This site is optimized with the Yoast SEO plugin v23.8 - https:\/\/yoast.com\/wordpress\/plugins\/seo\/ -->\n<title>F\u00eate des p\u00e8res 2019 : les nouveaut\u00e9s smartphoto - smartphoto FR<\/title>\n<meta name=\"robots\" content=\"index, follow, max-snippet:-1, max-image-preview:large, max-video-preview:-1\" \/>\n<link rel=\"canonical\" href=\"https:\/\/www.smartphoto.fr\/inspiration\/fete-des-peres-2019-les-nouveautes-smartphoto\" \/>\n<meta property=\"og:locale\" content=\"fr_FR\" \/>\n<meta property=\"og:type\" content=\"article\" \/>\n<meta property=\"og:title\" content=\"F\u00eate des p\u00e8res 2019 : les nouveaut\u00e9s smartphoto - smartphoto FR\" \/>\n<meta property=\"og:description\" content=\"Cadeau original f\u00eate des p\u00e8res 2019 Smartphoto a encore frapp\u00e9 ! Pour la f\u00eate des p\u00e8res 2019, vous trouverez une s\u00e9rie de cadeaux super originaux, tout beaux, tout chauds, tout nouveaux. Des mati\u00e8res naturelles, des accessoires super pratiques et de qualit\u00e9, et surtout des options de personnalisation \u00e9tendues qui font la part belle \u00e0 votre cr\u00e9ativit\u00e9. Pour un cadeau toujours unique, et qu&rsquo;il gardera pr\u00e9cieusement pendant de longues ann\u00e9es ! 1. Les dessous de verre en bois Ces dessous de verres sont tellement jolis que je les commanderais bien juste pour les afficher partout chez moi. J&rsquo;adore la forme ronde\" \/>\n<meta property=\"og:url\" content=\"\/inspiration\/fete-des-peres-2019-les-nouveautes-smartphoto\" \/>\n<meta property=\"og:site_name\" content=\"smartphoto FR\" \/>\n<meta property=\"article:publisher\" content=\"https:\/\/www.facebook.com\/smartphoto.fr\" \/>\n<meta property=\"article:published_time\" content=\"2019-06-06T14:10:30+00:00\" \/>\n<meta property=\"article:modified_time\" content=\"2020-05-26T13:56:06+00:00\" \/>\n<meta property=\"og:image\" content=\"https:\/\/storage.googleapis.com\/smartphoto-express-production-wp-blogs-com\/10\/2019\/06\/bonne-fete-papa-citations.jpg\" \/>\n\t<meta property=\"og:image:width\" content=\"800\" \/>\n\t<meta property=\"og:image:height\" content=\"534\" \/>\n\t<meta property=\"og:image:type\" content=\"image\/jpeg\" \/>\n<meta name=\"author\" content=\"Caroline\" \/>\n<meta name=\"twitter:card\" content=\"summary_large_image\" \/>\n<meta name=\"twitter:creator\" content=\"@smartphoto_fr\" \/>\n<meta name=\"twitter:site\" content=\"@smartphoto_fr\" \/>\n<meta name=\"twitter:label1\" content=\"Written by\" \/>\n\t<meta name=\"twitter:data1\" content=\"Caroline\" \/>\n\t<meta name=\"twitter:label2\" content=\"Est. reading time\" \/>\n\t<meta name=\"twitter:data2\" content=\"3 minutes\" \/>\n<script type=\"application\/ld+json\" class=\"yoast-schema-graph\">{\"@context\":\"https:\/\/schema.org\",\"@graph\":[{\"@type\":\"WebPage\",\"@id\":\"\/inspiration\/fete-des-peres-2019-les-nouveautes-smartphoto\",\"url\":\"https:\/\/www.smartphoto.fr\/inspiration\/fete-des-peres-2019-les-nouveautes-smartphoto\",\"name\":\"F\u00eate des p\u00e8res 2019 : les nouveaut\u00e9s smartphoto - smartphoto FR\",\"isPartOf\":{\"@id\":\"https:\/\/www.smartphoto.fr\/inspiration\/#website\"},\"primaryImageOfPage\":{\"@id\":\"https:\/\/www.smartphoto.fr\/inspiration\/fete-des-peres-2019-les-nouveautes-smartphoto#primaryimage\"},\"image\":{\"@id\":\"https:\/\/www.smartphoto.fr\/inspiration\/fete-des-peres-2019-les-nouveautes-smartphoto#primaryimage\"},\"thumbnailUrl\":\"https:\/\/storage.googleapis.com\/smartphoto-express-production-wp-blogs-com\/10\/2019\/06\/bonne-fete-papa-citations.jpg\",\"datePublished\":\"2019-06-06T14:10:30+00:00\",\"dateModified\":\"2020-05-26T13:56:06+00:00\",\"author\":{\"@id\":\"https:\/\/www.smartphoto.fr\/inspiration\/#\/schema\/person\/14abe7c86f4bda0d741e3ec66a39733e\"},\"breadcrumb\":{\"@id\":\"https:\/\/www.smartphoto.fr\/inspiration\/fete-des-peres-2019-les-nouveautes-smartphoto#breadcrumb\"},\"inLanguage\":\"fr-FR\",\"potentialAction\":[{\"@type\":\"ReadAction\",\"target\":[\"https:\/\/www.smartphoto.fr\/inspiration\/fete-des-peres-2019-les-nouveautes-smartphoto\"]}]},{\"@type\":\"ImageObject\",\"inLanguage\":\"fr-FR\",\"@id\":\"https:\/\/www.smartphoto.fr\/inspiration\/fete-des-peres-2019-les-nouveautes-smartphoto#primaryimage\",\"url\":\"https:\/\/storage.googleapis.com\/smartphoto-express-production-wp-blogs-com\/10\/2019\/06\/bonne-fete-papa-citations.jpg\",\"contentUrl\":\"https:\/\/storage.googleapis.com\/smartphoto-express-production-wp-blogs-com\/10\/2019\/06\/bonne-fete-papa-citations.jpg\",\"width\":800,\"height\":534},{\"@type\":\"BreadcrumbList\",\"@id\":\"https:\/\/www.smartphoto.fr\/inspiration\/fete-des-peres-2019-les-nouveautes-smartphoto#breadcrumb\",\"itemListElement\":[{\"@type\":\"ListItem\",\"position\":1,\"name\":\"Home\",\"item\":\"https:\/\/www.smartphoto.fr\/inspiration\/\"},{\"@type\":\"ListItem\",\"position\":2,\"name\":\"F\u00eate des p\u00e8res 2019 : les nouveaut\u00e9s smartphoto\"}]},{\"@type\":\"WebSite\",\"@id\":\"https:\/\/www.smartphoto.fr\/inspiration\/#website\",\"url\":\"https:\/\/www.smartphoto.fr\/inspiration\/\",\"name\":\"smartphoto FR\",\"description\":\"Le blog de smartphoto France.\",\"potentialAction\":[{\"@type\":\"SearchAction\",\"target\":{\"@type\":\"EntryPoint\",\"urlTemplate\":\"https:\/\/www.smartphoto.fr\/inspiration\/?s={search_term_string}\"},\"query-input\":{\"@type\":\"PropertyValueSpecification\",\"valueRequired\":true,\"valueName\":\"search_term_string\"}}],\"inLanguage\":\"fr-FR\"},{\"@type\":\"Person\",\"@id\":\"https:\/\/www.smartphoto.fr\/inspiration\/#\/schema\/person\/14abe7c86f4bda0d741e3ec66a39733e\",\"name\":\"Caroline\",\"image\":{\"@type\":\"ImageObject\",\"inLanguage\":\"fr-FR\",\"@id\":\"https:\/\/www.smartphoto.fr\/inspiration\/#\/schema\/person\/image\/\",\"url\":\"https:\/\/secure.gravatar.com\/avatar\/3bf4c2775ae12d0bb3bb504b56a0508c?s=96&d=mm&r=g\",\"contentUrl\":\"https:\/\/secure.gravatar.com\/avatar\/3bf4c2775ae12d0bb3bb504b56a0508c?s=96&d=mm&r=g\",\"caption\":\"Caroline\"},\"description\":\"Des id\u00e9es cr\u00e9atives pour vous inspirer, des sujets qui vous aident vraiment dans votre quotidien, voil\u00e0 ce que j'esp\u00e8re partager avec vous via ce blog. Quand je ne blogue pas pour smartphoto, je profites de bons moments en famille avec mon ch\u00e9ri et mes enfants, ou j'\u00e9tudie et je pratique le yoga.\",\"sameAs\":[\"http:\/\/www.smartphoto.fr\/inspiration\",\"https:\/\/www.instagram.com\/smartphoto_fr\/\"],\"url\":\"https:\/\/www.smartphoto.fr\/inspiration\/author\/caroline\"}]}<\/script>\n<!-- \/ Yoast SEO plugin. -->","yoast_head_json":{"title":"F\u00eate des p\u00e8res 2019 : les nouveaut\u00e9s smartphoto - smartphoto FR","robots":{"index":"index","follow":"follow","max-snippet":"max-snippet:-1","max-image-preview":"max-image-preview:large","max-video-preview":"max-video-preview:-1"},"canonical":"https:\/\/www.smartphoto.fr\/inspiration\/fete-des-peres-2019-les-nouveautes-smartphoto","og_locale":"fr_FR","og_type":"article","og_title":"F\u00eate des p\u00e8res 2019 : les nouveaut\u00e9s smartphoto - smartphoto FR","og_description":"Cadeau original f\u00eate des p\u00e8res 2019 Smartphoto a encore frapp\u00e9 ! Pour la f\u00eate des p\u00e8res 2019, vous trouverez une s\u00e9rie de cadeaux super originaux, tout beaux, tout chauds, tout nouveaux. Des mati\u00e8res naturelles, des accessoires super pratiques et de qualit\u00e9, et surtout des options de personnalisation \u00e9tendues qui font la part belle \u00e0 votre cr\u00e9ativit\u00e9. Pour un cadeau toujours unique, et qu&rsquo;il gardera pr\u00e9cieusement pendant de longues ann\u00e9es ! 1. Les dessous de verre en bois Ces dessous de verres sont tellement jolis que je les commanderais bien juste pour les afficher partout chez moi. J&rsquo;adore la forme ronde","og_url":"\/inspiration\/fete-des-peres-2019-les-nouveautes-smartphoto","og_site_name":"smartphoto FR","article_publisher":"https:\/\/www.facebook.com\/smartphoto.fr","article_published_time":"2019-06-06T14:10:30+00:00","article_modified_time":"2020-05-26T13:56:06+00:00","og_image":[{"width":800,"height":534,"url":"https:\/\/storage.googleapis.com\/smartphoto-express-production-wp-blogs-com\/10\/2019\/06\/bonne-fete-papa-citations.jpg","type":"image\/jpeg"}],"author":"Caroline","twitter_card":"summary_large_image","twitter_creator":"@smartphoto_fr","twitter_site":"@smartphoto_fr","twitter_misc":{"Written by":"Caroline","Est. reading time":"3 minutes"},"schema":{"@context":"https:\/\/schema.org","@graph":[{"@type":"WebPage","@id":"\/inspiration\/fete-des-peres-2019-les-nouveautes-smartphoto","url":"https:\/\/www.smartphoto.fr\/inspiration\/fete-des-peres-2019-les-nouveautes-smartphoto","name":"F\u00eate des p\u00e8res 2019 : les nouveaut\u00e9s smartphoto - smartphoto FR","isPartOf":{"@id":"https:\/\/www.smartphoto.fr\/inspiration\/#website"},"primaryImageOfPage":{"@id":"https:\/\/www.smartphoto.fr\/inspiration\/fete-des-peres-2019-les-nouveautes-smartphoto#primaryimage"},"image":{"@id":"https:\/\/www.smartphoto.fr\/inspiration\/fete-des-peres-2019-les-nouveautes-smartphoto#primaryimage"},"thumbnailUrl":"https:\/\/storage.googleapis.com\/smartphoto-express-production-wp-blogs-com\/10\/2019\/06\/bonne-fete-papa-citations.jpg","datePublished":"2019-06-06T14:10:30+00:00","dateModified":"2020-05-26T13:56:06+00:00","author":{"@id":"https:\/\/www.smartphoto.fr\/inspiration\/#\/schema\/person\/14abe7c86f4bda0d741e3ec66a39733e"},"breadcrumb":{"@id":"https:\/\/www.smartphoto.fr\/inspiration\/fete-des-peres-2019-les-nouveautes-smartphoto#breadcrumb"},"inLanguage":"fr-FR","potentialAction":[{"@type":"ReadAction","target":["https:\/\/www.smartphoto.fr\/inspiration\/fete-des-peres-2019-les-nouveautes-smartphoto"]}]},{"@type":"ImageObject","inLanguage":"fr-FR","@id":"https:\/\/www.smartphoto.fr\/inspiration\/fete-des-peres-2019-les-nouveautes-smartphoto#primaryimage","url":"https:\/\/storage.googleapis.com\/smartphoto-express-production-wp-blogs-com\/10\/2019\/06\/bonne-fete-papa-citations.jpg","contentUrl":"https:\/\/storage.googleapis.com\/smartphoto-express-production-wp-blogs-com\/10\/2019\/06\/bonne-fete-papa-citations.jpg","width":800,"height":534},{"@type":"BreadcrumbList","@id":"https:\/\/www.smartphoto.fr\/inspiration\/fete-des-peres-2019-les-nouveautes-smartphoto#breadcrumb","itemListElement":[{"@type":"ListItem","position":1,"name":"Home","item":"https:\/\/www.smartphoto.fr\/inspiration\/"},{"@type":"ListItem","position":2,"name":"F\u00eate des p\u00e8res 2019 : les nouveaut\u00e9s smartphoto"}]},{"@type":"WebSite","@id":"https:\/\/www.smartphoto.fr\/inspiration\/#website","url":"https:\/\/www.smartphoto.fr\/inspiration\/","name":"smartphoto FR","description":"Le blog de smartphoto France.","potentialAction":[{"@type":"SearchAction","target":{"@type":"EntryPoint","urlTemplate":"https:\/\/www.smartphoto.fr\/inspiration\/?s={search_term_string}"},"query-input":{"@type":"PropertyValueSpecification","valueRequired":true,"valueName":"search_term_string"}}],"inLanguage":"fr-FR"},{"@type":"Person","@id":"https:\/\/www.smartphoto.fr\/inspiration\/#\/schema\/person\/14abe7c86f4bda0d741e3ec66a39733e","name":"Caroline","image":{"@type":"ImageObject","inLanguage":"fr-FR","@id":"https:\/\/www.smartphoto.fr\/inspiration\/#\/schema\/person\/image\/","url":"https:\/\/secure.gravatar.com\/avatar\/3bf4c2775ae12d0bb3bb504b56a0508c?s=96&d=mm&r=g","contentUrl":"https:\/\/secure.gravatar.com\/avatar\/3bf4c2775ae12d0bb3bb504b56a0508c?s=96&d=mm&r=g","caption":"Caroline"},"description":"Des id\u00e9es cr\u00e9atives pour vous inspirer, des sujets qui vous aident vraiment dans votre quotidien, voil\u00e0 ce que j'esp\u00e8re partager avec vous via ce blog. Quand je ne blogue pas pour smartphoto, je profites de bons moments en famille avec mon ch\u00e9ri et mes enfants, ou j'\u00e9tudie et je pratique le yoga.","sameAs":["http:\/\/www.smartphoto.fr\/inspiration","https:\/\/www.instagram.com\/smartphoto_fr\/"],"url":"https:\/\/www.smartphoto.fr\/inspiration\/author\/caroline"}]}},"_links":{"self":[{"href":"https:\/\/www.smartphoto.fr\/inspiration\/wp-json\/wp\/v2\/posts\/8717","targetHints":{"allow":["GET"]}}],"collection":[{"href":"https:\/\/www.smartphoto.fr\/inspiration\/wp-json\/wp\/v2\/posts"}],"about":[{"href":"https:\/\/www.smartphoto.fr\/inspiration\/wp-json\/wp\/v2\/types\/post"}],"author":[{"embeddable":true,"href":"https:\/\/www.smartphoto.fr\/inspiration\/wp-json\/wp\/v2\/users\/39"}],"replies":[{"embeddable":true,"href":"https:\/\/www.smartphoto.fr\/inspiration\/wp-json\/wp\/v2\/comments?post=8717"}],"version-history":[{"count":10,"href":"https:\/\/www.smartphoto.fr\/inspiration\/wp-json\/wp\/v2\/posts\/8717\/revisions"}],"predecessor-version":[{"id":9369,"href":"https:\/\/www.smartphoto.fr\/inspiration\/wp-json\/wp\/v2\/posts\/8717\/revisions\/9369"}],"wp:featuredmedia":[{"embeddable":true,"href":"https:\/\/www.smartphoto.fr\/inspiration\/wp-json\/wp\/v2\/media\/8719"}],"wp:attachment":[{"href":"https:\/\/www.smartphoto.fr\/inspiration\/wp-json\/wp\/v2\/media?parent=8717"}],"wp:term":[{"taxonomy":"category","embeddable":true,"href":"https:\/\/www.smartphoto.fr\/inspiration\/wp-json\/wp\/v2\/categories?post=8717"},{"taxonomy":"post_tag","embeddable":true,"href":"https:\/\/www.smartphoto.fr\/inspiration\/wp-json\/wp\/v2\/tags?post=8717"}],"curies":[{"name":"wp","href":"https:\/\/api.w.org\/{rel}","templated":true}]}}