{"id":8699,"date":"2019-05-07T11:01:09","date_gmt":"2019-05-07T09:01:09","guid":{"rendered":"\/inspiration\/?p=8699"},"modified":"2019-08-22T15:05:13","modified_gmt":"2019-08-22T13:05:13","slug":"fete-des-meres-2019","status":"publish","type":"post","link":"https:\/\/www.smartphoto.fr\/inspiration\/fete-des-meres-2019","title":{"rendered":"F\u00eate des m\u00e8res 2019 : d\u00e9couvrez les nouveaut\u00e9s smartphoto !"},"content":{"rendered":"<h3>F\u00eate des m\u00e8res 2019 : les nouveaux produits et designs smartphoto<\/h3>\n<p>Le 12 mai 2019, mettez \u00e0 l&rsquo;honneur votre maman ch\u00e9rie. Vous voulezleur offrir un cadeau unique, original et surtout tr\u00e8s personnel ? Cr\u00e9ez facilement et rapidement des cadeaux de f\u00eate des m\u00e8res 2019 via smartphoto. Chaque ann\u00e9es nous proposons de nouveaux produits et designs, ainsi vous ne serez jamais \u00e0 cours d&rsquo;id\u00e9es originales ! \ud83d\ude0a<\/p>\n<p><a href=\"\/cadeau-fete-des-meres-personnalise\"><img loading=\"lazy\" decoding=\"async\" class=\"aligncenter wp-image-8713 size-full\" title=\"F\u00eate des m\u00e8res 2019 - tous les cadeaux personnalis\u00e9s smartphoto \" src=\"https:\/\/storage.googleapis.com\/smartphoto-express-production-wp-blogs-com\/10\/2019\/05\/Blog_Mothersday_Products-1.jpg\" alt=\"\" width=\"720\" height=\"400\" srcset=\"https:\/\/storage.googleapis.com\/smartphoto-express-production-wp-blogs-com\/10\/2019\/05\/Blog_Mothersday_Products-1.jpg 720w, https:\/\/storage.googleapis.com\/smartphoto-express-production-wp-blogs-com\/10\/2019\/05\/Blog_Mothersday_Products-1-300x167.jpg 300w\" sizes=\"auto, (max-width: 720px) 100vw, 720px\" \/><\/a><\/p>\n<h3>Nouveaux produits pour la f\u00eate des m\u00e8res<\/h3>\n<p>Voici\u00a0<a href=\"https:\/\/www.smartphoto.fr\/nouveaux-produits\">9 nouveaux produits<\/a> pour la f\u00eate des m\u00e8res 2019 et<a href=\"https:\/\/www.smartphoto.fr\/cadeau-fete-des-meres-personnalise\/designs\">\u00a03 nouveaux designs<\/a> \u00e0 d\u00e9couvrir pour surprendre votre maman ce 12 mai 2019 !<\/p>\n<h2>1. La planche \u00e0 d\u00e9couper grav\u00e9e<\/h2>\n<div id=\"attachment_8701\" style=\"width: 810px\" class=\"wp-caption aligncenter\"><a href=\"\/cadeaux-photo\/planche-a-decouper-bois\"><img loading=\"lazy\" decoding=\"async\" aria-describedby=\"caption-attachment-8701\" class=\"wp-image-8701 size-full\" title=\"F\u00eate des m\u00e8res 2019 - Planches en bois personnalis\u00e9s pour la cuisine\" src=\"https:\/\/storage.googleapis.com\/smartphoto-express-production-wp-blogs-com\/10\/2019\/05\/Planche-en-bois-personnalis\u00e9e.jpg\" alt=\"\" width=\"800\" height=\"533\" srcset=\"https:\/\/storage.googleapis.com\/smartphoto-express-production-wp-blogs-com\/10\/2019\/05\/Planche-en-bois-personnalis\u00e9e.jpg 800w, https:\/\/storage.googleapis.com\/smartphoto-express-production-wp-blogs-com\/10\/2019\/05\/Planche-en-bois-personnalis\u00e9e-300x200.jpg 300w, https:\/\/storage.googleapis.com\/smartphoto-express-production-wp-blogs-com\/10\/2019\/05\/Planche-en-bois-personnalis\u00e9e-768x512.jpg 768w\" sizes=\"auto, (max-width: 800px) 100vw, 800px\" \/><\/a><p id=\"caption-attachment-8701\" class=\"wp-caption-text\">Planche \u00e0 d\u00e9couper en bois personnalis\u00e9e &#8211; ronde ou rectangulaire &#8211; <a href=\"https:\/\/www.smartphoto.fr\/cadeaux-photo\/planche-a-decouper-bois\">smartphoto<\/a><\/p><\/div>\n<p>Cette <a href=\"https:\/\/www.smartphoto.fr\/cadeaux-photo\/planche-a-decouper-bois\">planche \u00e0 d\u00e9couper<\/a> a plus d&rsquo;un tour dans son sac ! Planche \u00e0 tapas, planche de service, ou d\u00e9coration originale, c&rsquo;est l&rsquo;id\u00e9e cadeau id\u00e9al pour les Mamans qui aiment les bonnes choses. Ajoutez une citation dr\u00f4le ou un petit mot personnalis\u00e9 et surprenez-la avec ce cadeau original.<\/p>\n<p>Pssst &#8230; avec sa mati\u00e8re naturelle et avec sa finition huil\u00e9e, elle sent bon le bois et l&rsquo;huile d&rsquo;olive (on vous le dit, car \u00e7a ne se voit pas en photo \ud83d\ude09 )!<\/p>\n<h2>2. Verre \u00e0 cocktail personnalis\u00e9<\/h2>\n<div id=\"attachment_8707\" style=\"width: 790px\" class=\"wp-caption aligncenter\"><a href=\"\/cadeaux-photo\/verre-a-biere\"><img loading=\"lazy\" decoding=\"async\" aria-describedby=\"caption-attachment-8707\" class=\"wp-image-8707 size-full\" title=\"F\u00eate des m\u00e8res 2019 - Verres sur pied grav\u00e9s\" src=\"https:\/\/storage.googleapis.com\/smartphoto-express-production-wp-blogs-com\/10\/2019\/05\/Verre-\u00e0-bi\u00e8res-verre-\u00e0-cocktail-personnalis\u00e9-smartphoto.jpg\" alt=\"\" width=\"780\" height=\"537\" srcset=\"https:\/\/storage.googleapis.com\/smartphoto-express-production-wp-blogs-com\/10\/2019\/05\/Verre-\u00e0-bi\u00e8res-verre-\u00e0-cocktail-personnalis\u00e9-smartphoto.jpg 780w, https:\/\/storage.googleapis.com\/smartphoto-express-production-wp-blogs-com\/10\/2019\/05\/Verre-\u00e0-bi\u00e8res-verre-\u00e0-cocktail-personnalis\u00e9-smartphoto-300x207.jpg 300w, https:\/\/storage.googleapis.com\/smartphoto-express-production-wp-blogs-com\/10\/2019\/05\/Verre-\u00e0-bi\u00e8res-verre-\u00e0-cocktail-personnalis\u00e9-smartphoto-768x529.jpg 768w\" sizes=\"auto, (max-width: 780px) 100vw, 780px\" \/><\/a><p id=\"caption-attachment-8707\" class=\"wp-caption-text\">Verre \u00e0 bi\u00e8res .. ou \u00e0 cocktail \ud83d\ude09 grav\u00e9 &#8211; <a href=\"https:\/\/www.smartphoto.fr\/cadeaux-photo\/verre-a-biere\">smartphoto<\/a><\/p><\/div>\n<p>Egalement indispensable pour un ap\u00e9ritif d&rsquo;\u00e9t\u00e9 : notre tout <a href=\"https:\/\/www.smartphoto.fr\/cadeaux-photo\/verre-a-biere\">nouveau verre \u00e0 bi\u00e8re<\/a> (ou verres \u00e0 cocktail, le d\u00e9bat est ouvert ;-)). Faites-y graver son nom ou une belle citation et offrez-lui ce cadeau unique pour la f\u00eate des m\u00e8res 2019. Les verres sont vendus par lot de 2, parce qu&rsquo;un verre grav\u00e9 avec savoir, c&rsquo;est un plaisir qui se partage ! \ud83d\ude09<\/p>\n<h2>3. Porte-cartes en cuir grav\u00e9<\/h2>\n<div id=\"attachment_8704\" style=\"width: 794px\" class=\"wp-caption aligncenter\"><a href=\"\/cadeaux-photo\/porte-cartes-en-cuir\"><img loading=\"lazy\" decoding=\"async\" aria-describedby=\"caption-attachment-8704\" class=\"wp-image-8704 size-full\" title=\"F\u00eate des m\u00e8res 2019 - Un petit cadeau \u00e0 glisser dans son sac \u00e0 main\" src=\"https:\/\/storage.googleapis.com\/smartphoto-express-production-wp-blogs-com\/10\/2019\/05\/Porte-cartes-en-cuir-grav\u00e9-smartphoto-e1557218771283.jpg\" alt=\"\" width=\"784\" height=\"390\" srcset=\"https:\/\/storage.googleapis.com\/smartphoto-express-production-wp-blogs-com\/10\/2019\/05\/Porte-cartes-en-cuir-grav\u00e9-smartphoto-e1557218771283.jpg 784w, https:\/\/storage.googleapis.com\/smartphoto-express-production-wp-blogs-com\/10\/2019\/05\/Porte-cartes-en-cuir-grav\u00e9-smartphoto-e1557218771283-300x149.jpg 300w, https:\/\/storage.googleapis.com\/smartphoto-express-production-wp-blogs-com\/10\/2019\/05\/Porte-cartes-en-cuir-grav\u00e9-smartphoto-e1557218771283-768x382.jpg 768w\" sizes=\"auto, (max-width: 784px) 100vw, 784px\" \/><\/a><p id=\"caption-attachment-8704\" class=\"wp-caption-text\">Porte-cartes en cuir grav\u00e9 <a href=\"https:\/\/www.smartphoto.fr\/cadeaux-photo\/porte-cartes-en-cuir\">smartphoto<\/a><\/p><\/div>\n<p>Les mamans et leur sac \u00e0 main, c&rsquo;est tout un po\u00e8me \ud83d\ude02 Avec ce <a href=\"https:\/\/www.smartphoto.fr\/cadeaux-photo\/porte-cartes-en-cuir\">porte-carte \u00e9l\u00e9gant et pratique<\/a>, elle aura un espace bien d\u00e9fini pour ranger ses cartes les plus utilis\u00e9es, et elle pourra aussi y glisser une petite photo souvenir ! Faites-y graver son nom ou un mot doux, ce sera un exemplaire unique. Sourire assur\u00e9 \u00e0 la caisse !<\/p>\n<h2>4. Porte-cl\u00e9s en cuir personnalis\u00e9<\/h2>\n<div id=\"attachment_8705\" style=\"width: 810px\" class=\"wp-caption aligncenter\"><a href=\"\/cadeaux-photo\/porte-cles-cuir\"><img loading=\"lazy\" decoding=\"async\" aria-describedby=\"caption-attachment-8705\" class=\"wp-image-8705 size-full\" title=\"F\u00eate des m\u00e8res 2019 - Porte-cl\u00e9 en cuir personnalis\u00e9\" src=\"https:\/\/storage.googleapis.com\/smartphoto-express-production-wp-blogs-com\/10\/2019\/05\/Porte-cl\u00e9-en-cuir-grav\u00e9-smartphoto.jpg\" alt=\"\" width=\"800\" height=\"533\" srcset=\"https:\/\/storage.googleapis.com\/smartphoto-express-production-wp-blogs-com\/10\/2019\/05\/Porte-cl\u00e9-en-cuir-grav\u00e9-smartphoto.jpg 800w, https:\/\/storage.googleapis.com\/smartphoto-express-production-wp-blogs-com\/10\/2019\/05\/Porte-cl\u00e9-en-cuir-grav\u00e9-smartphoto-300x200.jpg 300w, https:\/\/storage.googleapis.com\/smartphoto-express-production-wp-blogs-com\/10\/2019\/05\/Porte-cl\u00e9-en-cuir-grav\u00e9-smartphoto-768x512.jpg 768w\" sizes=\"auto, (max-width: 800px) 100vw, 800px\" \/><\/a><p id=\"caption-attachment-8705\" class=\"wp-caption-text\">Porte-cl\u00e9 en cuir grav\u00e9 &#8211; <a href=\"https:\/\/www.smartphoto.fr\/cadeaux-photo\/porte-cles-cuir\">smartphoto<\/a><\/p><\/div>\n<p>Votre maman est une nomade tout le temps en d\u00e9placement ? Alors notre nouveau porte-cl\u00e9s en cuir est le cadeau de f\u00eate des m\u00e8res 2019 id\u00e9al pour elle ! Ajoutez ce <a href=\"https:\/\/www.smartphoto.fr\/cadeaux-photo\/porte-cles-cuir\">porte-cl\u00e9 en cuir personnalis\u00e9<\/a> \u00e0 son trousseau de cl\u00e9s et faites-la sourire chaque jour avec la belle citation que vous aurez choisie pour elle\u00a0 !<\/p>\n<h2>5. Sous-verres photo<\/h2>\n<div id=\"attachment_8706\" style=\"width: 808px\" class=\"wp-caption aligncenter\"><a href=\"\/cadeaux-photo\/sous-verres-photo\"><img loading=\"lazy\" decoding=\"async\" aria-describedby=\"caption-attachment-8706\" class=\"wp-image-8706 size-full\" title=\"F\u00eate des m\u00e8res 2019 - Sous-verres personnalis\u00e9s smartphoto\" src=\"https:\/\/storage.googleapis.com\/smartphoto-express-production-wp-blogs-com\/10\/2019\/05\/Sous-verres-photo-ronds-smartphoto-e1557218905417.jpg\" alt=\"\" width=\"798\" height=\"416\" srcset=\"https:\/\/storage.googleapis.com\/smartphoto-express-production-wp-blogs-com\/10\/2019\/05\/Sous-verres-photo-ronds-smartphoto-e1557218905417.jpg 798w, https:\/\/storage.googleapis.com\/smartphoto-express-production-wp-blogs-com\/10\/2019\/05\/Sous-verres-photo-ronds-smartphoto-e1557218905417-300x156.jpg 300w, https:\/\/storage.googleapis.com\/smartphoto-express-production-wp-blogs-com\/10\/2019\/05\/Sous-verres-photo-ronds-smartphoto-e1557218905417-768x400.jpg 768w\" sizes=\"auto, (max-width: 798px) 100vw, 798px\" \/><\/a><p id=\"caption-attachment-8706\" class=\"wp-caption-text\">Sous-verres ronds photo &#8211; <a href=\"https:\/\/www.smartphoto.fr\/cadeaux-photo\/sous-verres-photo\">smartphoto<\/a><\/p><\/div>\n<p>Votre Maman aime recevoir du monde pour l&rsquo;ap\u00e9ro ? Alors, elle adorera <a href=\"https:\/\/www.smartphoto.fr\/cadeaux-photo\/sous-verres-photo\">ces dessous de verre personnalis\u00e9s\u00a0<\/a>! Ils apportent une touche agr\u00e9able \u00e0 chaque table et elle profitera ainsi des plus belles photos de ses enfants et petits-enfants. \ud83d\ude0a<\/p>\n<h2>6. Marque-page original<\/h2>\n<div id=\"attachment_8703\" style=\"width: 810px\" class=\"wp-caption aligncenter\"><a href=\"\/cadeaux-photo\/marque-page-papier\"><img loading=\"lazy\" decoding=\"async\" aria-describedby=\"caption-attachment-8703\" class=\"wp-image-8703 size-full\" src=\"https:\/\/storage.googleapis.com\/smartphoto-express-production-wp-blogs-com\/10\/2019\/05\/57092848_2391198637599741_1567775831701323776_n-e1557219151963.jpg\" alt=\"F\u00eate des m\u00e8res 2019 - nouveaut\u00e9s smartphoto - marque page papier\" width=\"800\" height=\"422\" srcset=\"https:\/\/storage.googleapis.com\/smartphoto-express-production-wp-blogs-com\/10\/2019\/05\/57092848_2391198637599741_1567775831701323776_n-e1557219151963.jpg 800w, https:\/\/storage.googleapis.com\/smartphoto-express-production-wp-blogs-com\/10\/2019\/05\/57092848_2391198637599741_1567775831701323776_n-e1557219151963-300x158.jpg 300w, https:\/\/storage.googleapis.com\/smartphoto-express-production-wp-blogs-com\/10\/2019\/05\/57092848_2391198637599741_1567775831701323776_n-e1557219151963-768x405.jpg 768w\" sizes=\"auto, (max-width: 800px) 100vw, 800px\" \/><\/a><p id=\"caption-attachment-8703\" class=\"wp-caption-text\">Marque-page papier original, vendus par 5 \u00e0 personnaliser s\u00e9par\u00e9ment &#8211; <a href=\"https:\/\/www.smartphoto.fr\/cadeaux-photo\/marque-page-papier\">smartphoto<\/a><\/p><\/div>\n<p>Votre maman est-elle une amoureuse des livres ? Alors, vous allez certainement faire son bonheur avec ces <a href=\"https:\/\/www.smartphoto.fr\/cadeaux-photo\/marque-page-papier\">marque-page en papier<\/a> \u00e0 cr\u00e9er vous-m\u00eame en un clin d\u2019\u0153il ! Ajoutez une photo de vous deux qui \u00e9voque imm\u00e9diatement un beau souvenir et rendez ses moments de lecture encore plus agr\u00e9ables !<\/p>\n<p>\u2192 Fan de ce design plein d&rsquo;amour ? <a href=\"https:\/\/www.smartphoto.fr\/cadeau-fete-des-meres-personnalise\/designselection.aspx?dg=heartshapedframe\">D\u00e9couvrez-le sur d&rsquo;autres produits photo<\/a>!<\/p>\n<h2>7. Magnets de F\u00eate des m\u00e8res 2019<\/h2>\n<blockquote>\n<div id=\"attachment_8710\" style=\"width: 790px\" class=\"wp-caption aligncenter\"><a href=\"\/designselection.aspx?p=magnetsheetsquare&amp;dg=mothersdaymagnets\"><img loading=\"lazy\" decoding=\"async\" aria-describedby=\"caption-attachment-8710\" class=\"wp-image-8710 size-full\" title=\"F\u00eate des m\u00e8re 2019 - Magnets souples personnalis\u00e9s avec citations\" src=\"https:\/\/storage.googleapis.com\/smartphoto-express-production-wp-blogs-com\/10\/2019\/05\/tile2x1_MothersDay_Magnets.jpg\" alt=\"\" width=\"780\" height=\"384\" srcset=\"https:\/\/storage.googleapis.com\/smartphoto-express-production-wp-blogs-com\/10\/2019\/05\/tile2x1_MothersDay_Magnets.jpg 780w, https:\/\/storage.googleapis.com\/smartphoto-express-production-wp-blogs-com\/10\/2019\/05\/tile2x1_MothersDay_Magnets-300x148.jpg 300w, https:\/\/storage.googleapis.com\/smartphoto-express-production-wp-blogs-com\/10\/2019\/05\/tile2x1_MothersDay_Magnets-768x378.jpg 768w\" sizes=\"auto, (max-width: 780px) 100vw, 780px\" \/><\/a><p id=\"caption-attachment-8710\" class=\"wp-caption-text\">Magnets f\u00eate des m\u00e8res personnalis\u00e9s avec citation et photo &#8211; <a href=\"https:\/\/www.smartphoto.fr\/designselection.aspx?p=magnetsheetsquare&amp;dg=mothersdaymagnets\">smartphoto<\/a><\/p><\/div>\n<p style=\"text-align: left\">\u00ab\u00a0De tous les cadeaux que la vie a \u00e0 offrir, une m\u00e8re aimante est le plus pr\u00e9cieux.\u00a0\u00bb<\/p>\n<\/blockquote>\n<p>Vous aimez cette citation ? D\u00e9couvrez <a href=\"https:\/\/www.smartphoto.fr\/designselection.aspx?p=magnetsheetsquare&amp;dg=mothersdaymagnets\">nos magnets de f\u00eate des m\u00e8re<\/a> et imprimez vos photos pr\u00e9f\u00e9r\u00e9s avec des citations pr\u00e9d\u00e9finies ou \u00e0 \u00e9crire vous-m\u00eames. C&rsquo;est vrai, finalement &#8230;\u00a0 quelle citation d\u00e9finirait le mieux votre maman ? \ud83d\ude0a<\/p>\n<h2>8. Cadeau rapide : le pot de fleurs<\/h2>\n<div id=\"attachment_8711\" style=\"width: 410px\" class=\"wp-caption aligncenter\"><a href=\"\/cadeaux-photo\/pot-fleurs\"><img loading=\"lazy\" decoding=\"async\" aria-describedby=\"caption-attachment-8711\" class=\"wp-image-8711 size-full\" title=\" Fete des meres 2019 - pot de fleurs personnalis\u00e9 &quot;Pour Maman d'amour&quot;\" src=\"https:\/\/storage.googleapis.com\/smartphoto-express-production-wp-blogs-com\/10\/2019\/05\/tile1x1_MothersDay_FlowerPot_FR.jpg\" alt=\"\" width=\"400\" height=\"400\" srcset=\"https:\/\/storage.googleapis.com\/smartphoto-express-production-wp-blogs-com\/10\/2019\/05\/tile1x1_MothersDay_FlowerPot_FR.jpg 400w, https:\/\/storage.googleapis.com\/smartphoto-express-production-wp-blogs-com\/10\/2019\/05\/tile1x1_MothersDay_FlowerPot_FR-150x150.jpg 150w, https:\/\/storage.googleapis.com\/smartphoto-express-production-wp-blogs-com\/10\/2019\/05\/tile1x1_MothersDay_FlowerPot_FR-300x300.jpg 300w\" sizes=\"auto, (max-width: 400px) 100vw, 400px\" \/><\/a><p id=\"caption-attachment-8711\" class=\"wp-caption-text\">Pot de fleur pour la f\u00eate des m\u00e8res 2019 &#8211; <a href=\"https:\/\/www.smartphoto.fr\/cadeaux-photo\/pot-fleurs\">smartphoto<\/a><\/p><\/div>\n<p>Vous n&rsquo;avez pas beaucoup de temps pour pr\u00e9parer votre cadeau de f\u00eate des m\u00e8res 2019 &#8230; mais vous voulez quand m\u00eame marquer le coup ? Ce <a href=\"https:\/\/www.smartphoto.fr\/cadeaux-photo\/pot-fleurs\">pot de fleur personnalis\u00e9<\/a> est un incontournable. Choisissez simplement une photo, ou encore plus rapide, r\u00e9digez un petit mot doux, et glissez-y une jolie petite plante apr\u00e8s r\u00e9ception. A coup s\u00fbr, cette jolie d\u00e9co aura une place de choix sur son bureau !<\/p>\n<p>Et parce que nous aimons vous faciliter la t\u00e2che, voil\u00e0 quelques id\u00e9es de ce que vous pourriez \u00e9crire sur ce pot avec <a href=\"https:\/\/www.smartphoto.fr\/cadeau-fete-des-meres-personnalise\/designselection.aspx?dg=watercolorswirl\">le design aquarell<\/a>e pr\u00e9sent\u00e9 ci-dessus :<\/p>\n<ul>\n<li>Pour Maman d&rsquo;amour<\/li>\n<li>Maman je t&rsquo;aime<\/li>\n<li>Bonne f\u00eate Maman !<\/li>\n<li>Pour la meilleure Maman<\/li>\n<li>Super Maman<\/li>\n<li>Merci Maman<\/li>\n<li>Bonne journ\u00e9e &lt;3<\/li>\n<li>Maman CHERIE !<\/li>\n<li>Tu es ma MAMAN pr\u00e9f\u00e9r\u00e9e<\/li>\n<li>M\u00e8re &#8211; veilleuse<\/li>\n<li>Mam&rsquo;ange<\/li>\n<li>Bonjour tendresse<\/li>\n<li>Maman ador\u00e9e<\/li>\n<li>F\u00e9e du logis<\/li>\n<li>Bienvenue chez (son pr\u00e9nom)<\/li>\n<li>Ici, c&rsquo;est Maman qui d\u00e9cide<\/li>\n<\/ul>\n<h2>9. Coussin d\u00e9co avec le design Mint flowers<\/h2>\n<div id=\"attachment_8709\" style=\"width: 790px\" class=\"wp-caption aligncenter\"><a href=\"\/cadeau-fete-des-meres-personnalise\/designselection.aspx?dg=flowersnegative\"><img loading=\"lazy\" decoding=\"async\" aria-describedby=\"caption-attachment-8709\" class=\"wp-image-8709 size-full\" title=\"F\u00eate des m\u00e8res 2019 - coussin personnalis\u00e9 design mint flower\" src=\"https:\/\/storage.googleapis.com\/smartphoto-express-production-wp-blogs-com\/10\/2019\/05\/Coussin-cadeau-maman-2x1.jpg\" alt=\"\" width=\"780\" height=\"384\" srcset=\"https:\/\/storage.googleapis.com\/smartphoto-express-production-wp-blogs-com\/10\/2019\/05\/Coussin-cadeau-maman-2x1.jpg 780w, https:\/\/storage.googleapis.com\/smartphoto-express-production-wp-blogs-com\/10\/2019\/05\/Coussin-cadeau-maman-2x1-300x148.jpg 300w, https:\/\/storage.googleapis.com\/smartphoto-express-production-wp-blogs-com\/10\/2019\/05\/Coussin-cadeau-maman-2x1-768x378.jpg 768w\" sizes=\"auto, (max-width: 780px) 100vw, 780px\" \/><\/a><p id=\"caption-attachment-8709\" class=\"wp-caption-text\">Coussin avec nouveau design 2019 \u00ab\u00a0mint flower\u00a0\u00bb &#8211; <a href=\"https:\/\/www.smartphoto.fr\/produits\/designselection.aspx?pcg=fun_ideas.pillows&amp;occ=mothersday&amp;p=pillowpattern\">smartphoto<\/a><\/p><\/div>\n<p>Le coussin est\u00a0<strong><em>le<\/em> <\/strong>produit\u00a0f\u00e9tiche des mamans ! Ce produit n&rsquo;est pas nouveau, mais il s&rsquo;orne de nouveaux <a href=\"https:\/\/www.smartphoto.fr\/produits\/designselection.aspx?pcg=fun_ideas.pillows&amp;occ=mothersday&amp;p=pillowpattern\">designs d\u00e9velopp\u00e9s sp\u00e9cialement pour la f\u00eate des m\u00e8res 2019<\/a> : celui-ci a retenu plus particuli\u00e8rement notre attention, avec la possibilit\u00e9 d&rsquo;\u00e9crire un texte en dessous de la photo, et sa couleur fra\u00eeche, parfaite pour ce printemps 2019 !<\/p>\n<p>\u2665\u2665\u2665\u2665\u2665<\/p>\n<h2>Serial pleaser<\/h2>\n<p>Vous \u00eates tomb\u00e9 sous le charme d&rsquo;un des designs f\u00eate des m\u00e8res ? Cr\u00e9ez plusieurs produits photo avec le m\u00eame design et ajoutez-y une photo diff\u00e9rente \u00e0 chaque fois. De cette fa\u00e7on, vous pouvez surprendre votre maman avec une s\u00e9rie de cadeaux qui s\u2019harmonise parfaitement !<\/p>\n<div id=\"attachment_8708\" style=\"width: 790px\" class=\"wp-caption aligncenter\"><img loading=\"lazy\" decoding=\"async\" aria-describedby=\"caption-attachment-8708\" class=\"wp-image-8708 size-full\" title=\"Cadeaux aux designs harmonis\u00e9s - f\u00eate des m\u00e8res 2019\" src=\"https:\/\/storage.googleapis.com\/smartphoto-express-production-wp-blogs-com\/10\/2019\/05\/tile2x1_MothersDay_GeneralProducts_NL.jpg\" alt=\"\" width=\"780\" height=\"384\" srcset=\"https:\/\/storage.googleapis.com\/smartphoto-express-production-wp-blogs-com\/10\/2019\/05\/tile2x1_MothersDay_GeneralProducts_NL.jpg 780w, https:\/\/storage.googleapis.com\/smartphoto-express-production-wp-blogs-com\/10\/2019\/05\/tile2x1_MothersDay_GeneralProducts_NL-300x148.jpg 300w, https:\/\/storage.googleapis.com\/smartphoto-express-production-wp-blogs-com\/10\/2019\/05\/tile2x1_MothersDay_GeneralProducts_NL-768x378.jpg 768w\" sizes=\"auto, (max-width: 780px) 100vw, 780px\" \/><p id=\"caption-attachment-8708\" class=\"wp-caption-text\">Designs <a href=\"https:\/\/www.smartphoto.fr\/cadeau-fete-des-meres-personnalise\/designselection.aspx?dg=marblewishes\"><strong><em>marbre<\/em> <\/strong><\/a>sur le livre photo, et design <a href=\"https:\/\/www.smartphoto.fr\/cadeau-fete-des-meres-personnalise\/designselection.aspx?dg=hexagondiamond\"><strong><em>diamond<\/em> <\/strong><\/a>sur le pot de fleurs &#8211; <a href=\"https:\/\/www.smartphoto.fr\/cadeau-fete-des-meres-personnalise\/designs\">smartphoto<\/a><\/p><\/div>\n<p>Pssst ! vous avez cr\u00e9\u00e9 un cadeau de f\u00eate des m\u00e8res avec smartphoto ou sur base des conseils de cet article ? Taguez smartphoto.fr sur les m\u00e9dias sociaux ou utilisez le hashtag #smartphoto &#8230; vous gagnerez peut-\u00eatre une ptite surprise \ud83d\ude42<\/p>\n<p>\u2665\u2665\u2665\u2665\u2665<\/p>\n<p>Vous cherchez encore des id\u00e9es pour la f\u00eate des m\u00e8res ? T\u00e9l\u00e9chargez notre E-magazine, il est truff\u00e9 de conseils audacieux et d&rsquo;id\u00e9es pour g\u00e2ter votre maman ce 12 mai !<\/p>\n<h3>Inspiration : <a href=\"https:\/\/www.smartphoto.fr\/magazine-maman\">E-Magazine pour la f\u00eate des m\u00e8res<\/a><\/h3>\n<p><a href=\"https:\/\/www.smartphoto.fr\/magazine-maman\"><img loading=\"lazy\" decoding=\"async\" class=\"aligncenter wp-image-41111 size-full\" src=\"https:\/\/storage.googleapis.com\/smartphoto-express-production-wp-blogs-com\/9\/2019\/04\/Facebook_Print_Emagazine_FR-e1556791592206.jpg\" alt=\"\" width=\"700\" height=\"368\" \/><\/a><\/p>\n<h3>Lisez aussi:<\/h3>\n<p><a href=\"\/inspiration\/fete-des-meres-9-idees-creatives\">9 id\u00e9es cr\u00e9atives pour surprendre votre maman<\/a><br \/>\n<a href=\"\/inspiration\/premiere-fete-des-meres\">Premi\u00e8re f\u00eate des m\u00e8res: cadeaux pour les jeunes mamans<\/a><br \/>\n<a href=\"\/inspiration\/plateau-petit-dejeuner-fete-des-meres\">Petit-d\u00e9jeuner f\u00eate des m\u00e8res : dites-le avec un petit-d\u00e9jeuner original<\/a><\/p>\n","protected":false},"excerpt":{"rendered":"<p>F\u00eate des m\u00e8res 2019 : les nouveaux produits et designs smartphoto Le 12 mai 2019, mettez \u00e0 l&rsquo;honneur votre maman ch\u00e9rie. Vous voulezleur offrir un cadeau unique, original et surtout tr\u00e8s personnel ? Cr\u00e9ez facilement et rapidement des cadeaux de f\u00eate des m\u00e8res 2019 via smartphoto. Chaque ann\u00e9es nous proposons de nouveaux produits et designs, ainsi vous ne serez jamais \u00e0 cours d&rsquo;id\u00e9es originales ! \ud83d\ude0a Nouveaux produits pour la f\u00eate des m\u00e8res Voici\u00a09 nouveaux produits pour la f\u00eate des m\u00e8res 2019 et\u00a03 nouveaux designs \u00e0 d\u00e9couvrir pour surprendre votre maman ce 12 mai 2019 ! 1. La planche \u00e0<\/p>\n","protected":false},"author":39,"featured_media":8713,"comment_status":"open","ping_status":"open","sticky":false,"template":"","format":"standard","meta":{"om_disable_all_campaigns":false,"_monsterinsights_skip_tracking":false,"_monsterinsights_sitenote_active":false,"_monsterinsights_sitenote_note":"","_monsterinsights_sitenote_category":0,"footnotes":""},"categories":[74],"tags":[],"class_list":["post-8699","post","type-post","status-publish","format-standard","has-post-thumbnail","hentry","category-fete-des-meres"],"yoast_head":"<!-- This site is optimized with the Yoast SEO plugin v23.8 - https:\/\/yoast.com\/wordpress\/plugins\/seo\/ -->\n<title>F\u00eate des m\u00e8res 2019 : d\u00e9couvrez les nouveaut\u00e9s smartphoto !<\/title>\n<meta name=\"description\" content=\"D\u00e9couvrez des cadeaux originaux sp\u00e9cialement con\u00e7us pour la f\u00eate des m\u00e8res 2019 ! Vous n&#039;avez pas encore d&#039;id\u00e9e pour la f\u00eate des m\u00e8res ? On a ce qu&#039;il vous faut !\" \/>\n<meta name=\"robots\" content=\"index, follow, max-snippet:-1, max-image-preview:large, max-video-preview:-1\" \/>\n<link rel=\"canonical\" href=\"https:\/\/www.smartphoto.fr\/inspiration\/fete-des-meres-2019\" \/>\n<meta property=\"og:locale\" content=\"fr_FR\" \/>\n<meta property=\"og:type\" content=\"article\" \/>\n<meta property=\"og:title\" content=\"F\u00eate des m\u00e8res 2019 : d\u00e9couvrez les nouveaut\u00e9s smartphoto !\" \/>\n<meta property=\"og:description\" content=\"D\u00e9couvrez des cadeaux originaux sp\u00e9cialement con\u00e7us pour la f\u00eate des m\u00e8res 2019 ! Vous n&#039;avez pas encore d&#039;id\u00e9e pour la f\u00eate des m\u00e8res ? On a ce qu&#039;il vous faut !\" \/>\n<meta property=\"og:url\" content=\"\/inspiration\/fete-des-meres-2019\" \/>\n<meta property=\"og:site_name\" content=\"smartphoto FR\" \/>\n<meta property=\"article:publisher\" content=\"https:\/\/www.facebook.com\/smartphoto.fr\" \/>\n<meta property=\"article:published_time\" content=\"2019-05-07T09:01:09+00:00\" \/>\n<meta property=\"article:modified_time\" content=\"2019-08-22T13:05:13+00:00\" \/>\n<meta property=\"og:image\" content=\"https:\/\/storage.googleapis.com\/smartphoto-express-production-wp-blogs-com\/10\/2019\/05\/Blog_Mothersday_Products-1.jpg\" \/>\n\t<meta property=\"og:image:width\" content=\"720\" \/>\n\t<meta property=\"og:image:height\" content=\"400\" \/>\n\t<meta property=\"og:image:type\" content=\"image\/jpeg\" \/>\n<meta name=\"author\" content=\"Caroline\" \/>\n<meta name=\"twitter:card\" content=\"summary_large_image\" \/>\n<meta name=\"twitter:creator\" content=\"@smartphoto_fr\" \/>\n<meta name=\"twitter:site\" content=\"@smartphoto_fr\" \/>\n<meta name=\"twitter:label1\" content=\"Written by\" \/>\n\t<meta name=\"twitter:data1\" content=\"Caroline\" \/>\n\t<meta name=\"twitter:label2\" content=\"Est. reading time\" \/>\n\t<meta name=\"twitter:data2\" content=\"6 minutes\" \/>\n<script type=\"application\/ld+json\" class=\"yoast-schema-graph\">{\"@context\":\"https:\/\/schema.org\",\"@graph\":[{\"@type\":\"WebPage\",\"@id\":\"\/inspiration\/fete-des-meres-2019\",\"url\":\"https:\/\/www.smartphoto.fr\/inspiration\/fete-des-meres-2019\",\"name\":\"F\u00eate des m\u00e8res 2019 : d\u00e9couvrez les nouveaut\u00e9s smartphoto !\",\"isPartOf\":{\"@id\":\"https:\/\/www.smartphoto.fr\/inspiration\/#website\"},\"primaryImageOfPage\":{\"@id\":\"https:\/\/www.smartphoto.fr\/inspiration\/fete-des-meres-2019#primaryimage\"},\"image\":{\"@id\":\"https:\/\/www.smartphoto.fr\/inspiration\/fete-des-meres-2019#primaryimage\"},\"thumbnailUrl\":\"https:\/\/storage.googleapis.com\/smartphoto-express-production-wp-blogs-com\/10\/2019\/05\/Blog_Mothersday_Products-1.jpg\",\"datePublished\":\"2019-05-07T09:01:09+00:00\",\"dateModified\":\"2019-08-22T13:05:13+00:00\",\"author\":{\"@id\":\"https:\/\/www.smartphoto.fr\/inspiration\/#\/schema\/person\/14abe7c86f4bda0d741e3ec66a39733e\"},\"description\":\"D\u00e9couvrez des cadeaux originaux sp\u00e9cialement con\u00e7us pour la f\u00eate des m\u00e8res 2019 ! Vous n'avez pas encore d'id\u00e9e pour la f\u00eate des m\u00e8res ? On a ce qu'il vous faut !\",\"breadcrumb\":{\"@id\":\"https:\/\/www.smartphoto.fr\/inspiration\/fete-des-meres-2019#breadcrumb\"},\"inLanguage\":\"fr-FR\",\"potentialAction\":[{\"@type\":\"ReadAction\",\"target\":[\"https:\/\/www.smartphoto.fr\/inspiration\/fete-des-meres-2019\"]}]},{\"@type\":\"ImageObject\",\"inLanguage\":\"fr-FR\",\"@id\":\"https:\/\/www.smartphoto.fr\/inspiration\/fete-des-meres-2019#primaryimage\",\"url\":\"https:\/\/storage.googleapis.com\/smartphoto-express-production-wp-blogs-com\/10\/2019\/05\/Blog_Mothersday_Products-1.jpg\",\"contentUrl\":\"https:\/\/storage.googleapis.com\/smartphoto-express-production-wp-blogs-com\/10\/2019\/05\/Blog_Mothersday_Products-1.jpg\",\"width\":720,\"height\":400},{\"@type\":\"BreadcrumbList\",\"@id\":\"https:\/\/www.smartphoto.fr\/inspiration\/fete-des-meres-2019#breadcrumb\",\"itemListElement\":[{\"@type\":\"ListItem\",\"position\":1,\"name\":\"Home\",\"item\":\"https:\/\/www.smartphoto.fr\/inspiration\/\"},{\"@type\":\"ListItem\",\"position\":2,\"name\":\"F\u00eate des m\u00e8res 2019 : d\u00e9couvrez les nouveaut\u00e9s smartphoto !\"}]},{\"@type\":\"WebSite\",\"@id\":\"https:\/\/www.smartphoto.fr\/inspiration\/#website\",\"url\":\"https:\/\/www.smartphoto.fr\/inspiration\/\",\"name\":\"smartphoto FR\",\"description\":\"Le blog de smartphoto France.\",\"potentialAction\":[{\"@type\":\"SearchAction\",\"target\":{\"@type\":\"EntryPoint\",\"urlTemplate\":\"https:\/\/www.smartphoto.fr\/inspiration\/?s={search_term_string}\"},\"query-input\":{\"@type\":\"PropertyValueSpecification\",\"valueRequired\":true,\"valueName\":\"search_term_string\"}}],\"inLanguage\":\"fr-FR\"},{\"@type\":\"Person\",\"@id\":\"https:\/\/www.smartphoto.fr\/inspiration\/#\/schema\/person\/14abe7c86f4bda0d741e3ec66a39733e\",\"name\":\"Caroline\",\"image\":{\"@type\":\"ImageObject\",\"inLanguage\":\"fr-FR\",\"@id\":\"https:\/\/www.smartphoto.fr\/inspiration\/#\/schema\/person\/image\/\",\"url\":\"https:\/\/secure.gravatar.com\/avatar\/3bf4c2775ae12d0bb3bb504b56a0508c?s=96&d=mm&r=g\",\"contentUrl\":\"https:\/\/secure.gravatar.com\/avatar\/3bf4c2775ae12d0bb3bb504b56a0508c?s=96&d=mm&r=g\",\"caption\":\"Caroline\"},\"description\":\"Des id\u00e9es cr\u00e9atives pour vous inspirer, des sujets qui vous aident vraiment dans votre quotidien, voil\u00e0 ce que j'esp\u00e8re partager avec vous via ce blog. Quand je ne blogue pas pour smartphoto, je profites de bons moments en famille avec mon ch\u00e9ri et mes enfants, ou j'\u00e9tudie et je pratique le yoga.\",\"sameAs\":[\"http:\/\/www.smartphoto.fr\/inspiration\",\"https:\/\/www.instagram.com\/smartphoto_fr\/\"],\"url\":\"https:\/\/www.smartphoto.fr\/inspiration\/author\/caroline\"}]}<\/script>\n<!-- \/ Yoast SEO plugin. -->","yoast_head_json":{"title":"F\u00eate des m\u00e8res 2019 : d\u00e9couvrez les nouveaut\u00e9s smartphoto !","description":"D\u00e9couvrez des cadeaux originaux sp\u00e9cialement con\u00e7us pour la f\u00eate des m\u00e8res 2019 ! Vous n'avez pas encore d'id\u00e9e pour la f\u00eate des m\u00e8res ? On a ce qu'il vous faut !","robots":{"index":"index","follow":"follow","max-snippet":"max-snippet:-1","max-image-preview":"max-image-preview:large","max-video-preview":"max-video-preview:-1"},"canonical":"https:\/\/www.smartphoto.fr\/inspiration\/fete-des-meres-2019","og_locale":"fr_FR","og_type":"article","og_title":"F\u00eate des m\u00e8res 2019 : d\u00e9couvrez les nouveaut\u00e9s smartphoto !","og_description":"D\u00e9couvrez des cadeaux originaux sp\u00e9cialement con\u00e7us pour la f\u00eate des m\u00e8res 2019 ! Vous n'avez pas encore d'id\u00e9e pour la f\u00eate des m\u00e8res ? On a ce qu'il vous faut !","og_url":"\/inspiration\/fete-des-meres-2019","og_site_name":"smartphoto FR","article_publisher":"https:\/\/www.facebook.com\/smartphoto.fr","article_published_time":"2019-05-07T09:01:09+00:00","article_modified_time":"2019-08-22T13:05:13+00:00","og_image":[{"width":720,"height":400,"url":"https:\/\/storage.googleapis.com\/smartphoto-express-production-wp-blogs-com\/10\/2019\/05\/Blog_Mothersday_Products-1.jpg","type":"image\/jpeg"}],"author":"Caroline","twitter_card":"summary_large_image","twitter_creator":"@smartphoto_fr","twitter_site":"@smartphoto_fr","twitter_misc":{"Written by":"Caroline","Est. reading time":"6 minutes"},"schema":{"@context":"https:\/\/schema.org","@graph":[{"@type":"WebPage","@id":"\/inspiration\/fete-des-meres-2019","url":"https:\/\/www.smartphoto.fr\/inspiration\/fete-des-meres-2019","name":"F\u00eate des m\u00e8res 2019 : d\u00e9couvrez les nouveaut\u00e9s smartphoto !","isPartOf":{"@id":"https:\/\/www.smartphoto.fr\/inspiration\/#website"},"primaryImageOfPage":{"@id":"https:\/\/www.smartphoto.fr\/inspiration\/fete-des-meres-2019#primaryimage"},"image":{"@id":"https:\/\/www.smartphoto.fr\/inspiration\/fete-des-meres-2019#primaryimage"},"thumbnailUrl":"https:\/\/storage.googleapis.com\/smartphoto-express-production-wp-blogs-com\/10\/2019\/05\/Blog_Mothersday_Products-1.jpg","datePublished":"2019-05-07T09:01:09+00:00","dateModified":"2019-08-22T13:05:13+00:00","author":{"@id":"https:\/\/www.smartphoto.fr\/inspiration\/#\/schema\/person\/14abe7c86f4bda0d741e3ec66a39733e"},"description":"D\u00e9couvrez des cadeaux originaux sp\u00e9cialement con\u00e7us pour la f\u00eate des m\u00e8res 2019 ! Vous n'avez pas encore d'id\u00e9e pour la f\u00eate des m\u00e8res ? On a ce qu'il vous faut !","breadcrumb":{"@id":"https:\/\/www.smartphoto.fr\/inspiration\/fete-des-meres-2019#breadcrumb"},"inLanguage":"fr-FR","potentialAction":[{"@type":"ReadAction","target":["https:\/\/www.smartphoto.fr\/inspiration\/fete-des-meres-2019"]}]},{"@type":"ImageObject","inLanguage":"fr-FR","@id":"https:\/\/www.smartphoto.fr\/inspiration\/fete-des-meres-2019#primaryimage","url":"https:\/\/storage.googleapis.com\/smartphoto-express-production-wp-blogs-com\/10\/2019\/05\/Blog_Mothersday_Products-1.jpg","contentUrl":"https:\/\/storage.googleapis.com\/smartphoto-express-production-wp-blogs-com\/10\/2019\/05\/Blog_Mothersday_Products-1.jpg","width":720,"height":400},{"@type":"BreadcrumbList","@id":"https:\/\/www.smartphoto.fr\/inspiration\/fete-des-meres-2019#breadcrumb","itemListElement":[{"@type":"ListItem","position":1,"name":"Home","item":"https:\/\/www.smartphoto.fr\/inspiration\/"},{"@type":"ListItem","position":2,"name":"F\u00eate des m\u00e8res 2019 : d\u00e9couvrez les nouveaut\u00e9s smartphoto !"}]},{"@type":"WebSite","@id":"https:\/\/www.smartphoto.fr\/inspiration\/#website","url":"https:\/\/www.smartphoto.fr\/inspiration\/","name":"smartphoto FR","description":"Le blog de smartphoto France.","potentialAction":[{"@type":"SearchAction","target":{"@type":"EntryPoint","urlTemplate":"https:\/\/www.smartphoto.fr\/inspiration\/?s={search_term_string}"},"query-input":{"@type":"PropertyValueSpecification","valueRequired":true,"valueName":"search_term_string"}}],"inLanguage":"fr-FR"},{"@type":"Person","@id":"https:\/\/www.smartphoto.fr\/inspiration\/#\/schema\/person\/14abe7c86f4bda0d741e3ec66a39733e","name":"Caroline","image":{"@type":"ImageObject","inLanguage":"fr-FR","@id":"https:\/\/www.smartphoto.fr\/inspiration\/#\/schema\/person\/image\/","url":"https:\/\/secure.gravatar.com\/avatar\/3bf4c2775ae12d0bb3bb504b56a0508c?s=96&d=mm&r=g","contentUrl":"https:\/\/secure.gravatar.com\/avatar\/3bf4c2775ae12d0bb3bb504b56a0508c?s=96&d=mm&r=g","caption":"Caroline"},"description":"Des id\u00e9es cr\u00e9atives pour vous inspirer, des sujets qui vous aident vraiment dans votre quotidien, voil\u00e0 ce que j'esp\u00e8re partager avec vous via ce blog. Quand je ne blogue pas pour smartphoto, je profites de bons moments en famille avec mon ch\u00e9ri et mes enfants, ou j'\u00e9tudie et je pratique le yoga.","sameAs":["http:\/\/www.smartphoto.fr\/inspiration","https:\/\/www.instagram.com\/smartphoto_fr\/"],"url":"https:\/\/www.smartphoto.fr\/inspiration\/author\/caroline"}]}},"_links":{"self":[{"href":"https:\/\/www.smartphoto.fr\/inspiration\/wp-json\/wp\/v2\/posts\/8699","targetHints":{"allow":["GET"]}}],"collection":[{"href":"https:\/\/www.smartphoto.fr\/inspiration\/wp-json\/wp\/v2\/posts"}],"about":[{"href":"https:\/\/www.smartphoto.fr\/inspiration\/wp-json\/wp\/v2\/types\/post"}],"author":[{"embeddable":true,"href":"https:\/\/www.smartphoto.fr\/inspiration\/wp-json\/wp\/v2\/users\/39"}],"replies":[{"embeddable":true,"href":"https:\/\/www.smartphoto.fr\/inspiration\/wp-json\/wp\/v2\/comments?post=8699"}],"version-history":[{"count":4,"href":"https:\/\/www.smartphoto.fr\/inspiration\/wp-json\/wp\/v2\/posts\/8699\/revisions"}],"predecessor-version":[{"id":8958,"href":"https:\/\/www.smartphoto.fr\/inspiration\/wp-json\/wp\/v2\/posts\/8699\/revisions\/8958"}],"wp:featuredmedia":[{"embeddable":true,"href":"https:\/\/www.smartphoto.fr\/inspiration\/wp-json\/wp\/v2\/media\/8713"}],"wp:attachment":[{"href":"https:\/\/www.smartphoto.fr\/inspiration\/wp-json\/wp\/v2\/media?parent=8699"}],"wp:term":[{"taxonomy":"category","embeddable":true,"href":"https:\/\/www.smartphoto.fr\/inspiration\/wp-json\/wp\/v2\/categories?post=8699"},{"taxonomy":"post_tag","embeddable":true,"href":"https:\/\/www.smartphoto.fr\/inspiration\/wp-json\/wp\/v2\/tags?post=8699"}],"curies":[{"name":"wp","href":"https:\/\/api.w.org\/{rel}","templated":true}]}}