{"id":8610,"date":"2022-07-25T13:56:47","date_gmt":"2022-07-25T11:56:47","guid":{"rendered":"\/inspiration\/?p=8610"},"modified":"2023-04-18T15:47:30","modified_gmt":"2023-04-18T13:47:30","slug":"garden-party-decoration-fete-exterieur","status":"publish","type":"post","link":"https:\/\/www.smartphoto.fr\/inspiration\/garden-party-decoration-fete-exterieur","title":{"rendered":"D\u00e9coration de f\u00eate au jardin"},"content":{"rendered":"\n<h3 class=\"wp-block-heading\">Vous organisez une f\u00eate \u00e0 l&rsquo;ext\u00e9rieur cet \u00e9t\u00e9 ? Voici 6 id\u00e9es \u00e0 ne pas manquer pour une garden party dont vos invit\u00e9s se souviendront !<\/h3>\n\n\n\n<figure class=\"wp-block-image size-large\"><img decoding=\"async\" src=\"https:\/\/storage.googleapis.com\/smartphoto-express-production-wp-blogs-com\/9\/2021\/05\/Blog-vlagjes.jpg\" alt=\"Garden party decoration de fete exterieur : 6 id\u00e9es inspirantes de d\u00e9coration d'ext\u00e9rieur pour une garden party\" class=\"wp-image-42697\" \/><\/figure>\n\n\n\n<h2 class=\"wp-block-heading\">1. Comment faire un beau buffet au jardin ?<\/h2>\n\n\n\n<p>Le buffet peut tout \u00e0 fait faire partie de la d\u00e9coration de votre f\u00eate en ext\u00e9rieur! Que vous organisiez un buffet \u201cgourmand\u201d avec des bonbons et g\u00e2teaux, ou \u201chealthy\u201d avec des crudit\u00e9s \u00e0 tremper et des brochettes de fruits, voici 2 astuces incontournables pour rendre votre buffet d\u00e9coratif :<\/p>\n\n\n\n<ul class=\"wp-block-list\"><li>pensez aux couleurs des plats : beaucoup de couleurs diff\u00e9rentes ou 2-3 tons majoritaires dans votre buffet seront du plus bel effet. Vous pouvez m\u00eame cr\u00e9er un buffet monochrome si votre th\u00e8me s&rsquo;y pr\u00eate !<\/li><li>Pour la disposition des plats, cr\u00e9ez du volume en ajoutant des plats en hauteur: soupi\u00e8re, pr\u00e9sentoir \u00e0 g\u00e2teau, h\u00e9risson de brochettes de fruits. Le volume rendra le buffet beaucoup plus attractif visuellement.<\/li><\/ul>\n\n\n<div class=\"wp-block-image\">\n<figure class=\"aligncenter size-full\"><img decoding=\"async\" src=\"https:\/\/storage.googleapis.com\/smartphoto-express-production-wp-blogs-com\/9\/2022\/07\/Deco-de-fete-au-jardin-le-buffet.jpg\" alt=\"id\u00e9es d\u00e9coration d'ext\u00e9rieur pour une garden party : un beau buffet, 2 astuces\" class=\"wp-image-43805\" \/><\/figure><\/div>\n\n\n<h2 class=\"wp-block-heading\">2. D\u00e9co naturelle<\/h2>\n\n\n\n<p>Avec un brin de cr\u00e9ativit\u00e9, votre jardin peut vous offrir des d\u00e9cos fantastiques pour une f\u00eate d&rsquo;ext\u00e9rieur. Voici nos id\u00e9es pr\u00e9f\u00e9r\u00e9es :<\/p>\n\n\n\n<ul class=\"wp-block-list\"><li>Cr\u00e9er un bouquet de fleurs du jardin \u00e0 placer dans un grand fruit comme cet ananas, qui peut \u00eatre la pi\u00e8ce centrale d&rsquo;une table de f\u00eate. L&rsquo;astuce \u00e0 connaitre ? Aprs\u00e8 avoir \u00e9vid\u00e9 le fruit, glissez-y un bocal ou un verre. Tadaaam!<\/li><\/ul>\n\n\n<div class=\"wp-block-image\">\n<figure class=\"aligncenter size-full\"><img decoding=\"async\" src=\"https:\/\/storage.googleapis.com\/smartphoto-express-production-wp-blogs-com\/9\/2022\/07\/Deco-fete-de-jardin-la-deco-naturelle.jpg\" alt=\"D\u00e9co Garden party : un bouquet de fleurs original\" class=\"wp-image-43792\" \/><\/figure><\/div>\n\n\n<ul class=\"wp-block-list\"><li>Pour une garden party o\u00f9 les invit\u00e9s sont plac\u00e9s \u00e0 table, vous pouvez ajouter des fleurs aux ronds de serviette, c&rsquo;est tout simple et \u00e7a apporte une touche de po\u00e9sie irrempla\u00e7able. <\/li><\/ul>\n\n\n\n<figure class=\"wp-block-image alignnone\"><a href=\"https:\/\/www.smartphoto.fr\/cadeaux-photo\/rond-de-serviette-personnalise\"><img decoding=\"async\" src=\"https:\/\/storage.googleapis.com\/smartphoto-express-production-wp-blogs-com\/9\/2019\/03\/Rond-de-serviette-e1553095322986.jpg\" alt=\"id\u00e9es inspirantes de d\u00e9coration d'ext\u00e9rieur pour une garden party : ronds de serviette personnalis\u00e9s smartphoto\" class=\"wp-image-40988\" \/><\/a><figcaption>Ronds de serviette personnalis\u00e9s <a href=\"https:\/\/www.smartphoto.fr\/cadeaux-photo\/rond-de-serviette-personnalise\">smartphoto<\/a><\/figcaption><\/figure>\n\n\n\n<ul class=\"wp-block-list\"><li>Peindre des branches \u00e0 la bombe de peinture pour y suspendre des photos, bonbons, &#8230;<\/li><\/ul>\n\n\n<div class=\"wp-block-image\">\n<figure class=\"aligncenter\"><a href=\"https:\/\/www.smartphoto.fr\/tirage-photo\/tirage-photo-retro\"><img decoding=\"async\" src=\"https:\/\/storage.googleapis.com\/smartphoto-express-production-wp-blogs-com\/9\/2019\/03\/phpSjPf9J_59d39aebbb2c2_59d39af59ec27.jpg\" alt=\"id\u00e9es inspirantes de d\u00e9coration d'ext\u00e9rieur pour une garden party : 3 branches darbre dans un vase color\u00e9, sur lesquelles sont suspendues des photos carr\u00e9es r\u00e9tro.\" class=\"wp-image-40992\" \/><\/a><figcaption>Tirages photo carr\u00e9s <a href=\"https:\/\/www.smartphoto.fr\/tirage-photo\/tirage-photo-retro\">smartphoto<\/a><\/figcaption><\/figure><\/div>\n\n\n<ul class=\"wp-block-list\"><li>Accrocher des objets aux arbres (faux cadeaux, parapluies color\u00e9s, ballons, rubans&#8230;). S&rsquo;il n&rsquo;y a pas d&rsquo;arbres dans l&rsquo;espace ext\u00e9rieur que vous avez choisi, il sera peut-\u00eatre prudent de pr\u00e9voir une tonnelle. Pensez alors \u00e0 d\u00e9corer la tonnelle de votre f\u00eate d&rsquo;ext\u00e9rieur avec des ballons, des <a href=\"https:\/\/www.smartphoto.fr\/cadeaux-photo\/guirlande-de-fanions\" target=\"_blank\" rel=\"noreferrer noopener\">guirlandes <\/a>ou des fleurs.<\/li><\/ul>\n\n\n\n<figure class=\"wp-block-image\"><img decoding=\"async\" src=\"https:\/\/storage.googleapis.com\/smartphoto-express-production-wp-blogs-com\/9\/2019\/03\/phpkDTbff_584fc7efa07e7_584fc8cb5a7dc-e1553098383246.jpg\" alt=\"Garden party decoration de f\u00eate d'exterieur : tonnelle, arbres, ballons, guirlandes, pensez \u00e0 d\u00e9corer en hauteur \u00e9galement !\" class=\"wp-image-40993\" \/><\/figure>\n\n\n\n<h2 class=\"wp-block-heading\">3. Des bulles<\/h2>\n\n\n\n<p>Les bulles apportent un air festif \u00e0 n\u2019importe quel \u00e9v\u00e9nement. C\u2019est \u00e0 la fois une jolie d\u00e9co \u00e9ph\u00e9m\u00e8re et une fantastique attraction pour petits et grands. Le petit plus : offrez de jolis <a href=\"https:\/\/www.smartphoto.fr\/cadeaux-photo\/tube-a-bulles\">tubes \u00e0 bulles de savon<\/a> personnalis\u00e9s \u00e0 vos invit\u00e9s, ils seront ravis de les garder en souvenir de votre f\u00eate.<\/p>\n\n\n\n<figure class=\"wp-block-image alignnone\"><a href=\"https:\/\/www.smartphoto.fr\/cadeaux-photo\/tube-a-bulles\"><img decoding=\"async\" src=\"https:\/\/storage.googleapis.com\/smartphoto-express-production-wp-blogs-com\/9\/2019\/03\/bubble-e1553097536857.jpg\" alt=\"Enfants jouant avec des bulles de savon\" class=\"wp-image-40990\" \/><\/a><\/figure>\n\n\n\n<h3 class=\"wp-block-heading\">Variante :<\/h3>\n\n\n\n<p>Pensez aux bulles g\u00e9antes !<\/p>\n\n\n\n<figure class=\"wp-block-image alignnone wp-image-40991 size-full\"><img decoding=\"async\" src=\"https:\/\/storage.googleapis.com\/smartphoto-express-production-wp-blogs-com\/9\/2019\/03\/phpmbvBCZ_5ab21dc5c41d5_5ab21dec1fe94-e1553097568860.jpg\" alt=\"Jeune fille jouant avec des bulles de savon g\u00e9antes\" class=\"wp-image-40991\" \/><\/figure>\n\n\n\n<h2 class=\"wp-block-heading\">4. Une d\u00e9co de jardin maligne<\/h2>\n\n\n\n<p>Certains \u00e9l\u00e9ments de d\u00e9co peuvent se r\u00e9v\u00e9ler tr\u00e8s utiles : ces verres ne sont-ils pas adorables, d\u00e9cor\u00e9s d&rsquo;un papier \u00e0 cupcake ? Ainsi, les boissons des petits sont prot\u00e9g\u00e9es des insectes, et en plus c&rsquo;est super mignon.<\/p>\n\n\n<div class=\"wp-block-image\">\n<figure class=\"aligncenter size-full\"><img decoding=\"async\" src=\"https:\/\/storage.googleapis.com\/smartphoto-express-production-wp-blogs-com\/9\/2022\/07\/Deco-de-fete-au-jardin-la-deco-maligne-contre-les-insectes.jpg\" alt=\"Garden party : astuce d\u00e9coration avec des papiers \u00e0 cupcakes, prot\u00e9gez les verres des insectes.\" class=\"wp-image-43795\" \/><\/figure><\/div>\n\n\n<h2 class=\"wp-block-heading\">5. Indiquez le chemin<\/h2>\n\n\n\n<p>Pour aider vos invit\u00e9s \u00e0 trouver leur chemin, vous pouvez la jouer ludique et color\u00e9e en tra\u00e7ant des signes \u00e0 la craie, ou avec des <a href=\"https:\/\/www.smartphoto.fr\/cadeaux-photo\/plaque-de-porte-photo\">signaux personnalis\u00e9<\/a>s.\u00a0Vous voyez grand ? Cr\u00e9ez <a href=\"https:\/\/www.smartphoto.fr\/deco-photo\/banderole-exterieur\">une banderole personnalis\u00e9e<\/a> pour accueillir vos invit\u00e9s d\u00e8s l&rsquo;entr\u00e9e et donner ainsi le ton de votre f\u00eate !<\/p>\n\n\n<div class=\"wp-block-image\">\n<figure class=\"aligncenter size-full\"><img decoding=\"async\" src=\"https:\/\/storage.googleapis.com\/smartphoto-express-production-wp-blogs-com\/9\/2022\/07\/Deco-de-fete-au-jardin-indiquer-le-chemin-de-facon-ludique.jpg\" alt=\"Garden party :  id\u00e9es de d\u00e9coration d'ext\u00e9rieur, indiquez le chemin avec des panneaux et banderoles, tracez \u00e0 la craie des fl\u00e8ches,...\" class=\"wp-image-43796\" \/><\/figure><\/div>\n\n\n<h2 class=\"wp-block-heading\">6. Sortez les meubles<\/h2>\n\n\n\n<p>Rien de tel, pour se sentir chez soi au jardin, que de sortir les meubles. En effet, les meubles de jardin peuvent parfois manquer de style, ou peut-\u00eatre n&rsquo;avez-vous pas suffisamment de meubles de jardin pour votre f\u00eate ?! Pour une garden party r\u00e9ussie, surveillez la m\u00e9t\u00e9o et prot\u00e9gez les pieds de vos meubles de l&rsquo;humidit\u00e9 si n\u00e9cessaire. Ces pr\u00e9cautions prises, r\u00e9coltez les compliments et profitez de votre f\u00eate.<\/p>\n\n\n<div class=\"wp-block-image\">\n<figure class=\"aligncenter size-large is-resized\"><img decoding=\"async\" src=\"https:\/\/storage.googleapis.com\/smartphoto-express-production-wp-blogs-com\/9\/2022\/07\/Deco-de-fete-au-jardin-sortez-les-meubles-684x1024.jpg\" alt=\"Garden party d\u00e9co de f\u00eate d'ext\u00e9rieur  sortez les meubles \u00e0 l'ext\u00e9rieur pour une f\u00eate styl\u00e9e!\" class=\"wp-image-43806\" width=\"500\" \/><\/figure><\/div>\n\n\n<h3 class=\"wp-block-heading\">Alors, avez-vous trouv\u00e9 des id\u00e9es inspirantes ? Comment allez-vous d\u00e9corer votre f\u00eate d&rsquo;ext\u00e9rieur ?<\/h3>\n\n\n\n<p>Pssst : pour profiter du jardin cet \u00e9t\u00e9, d\u00e9couvrez aussi <a href=\"https:\/\/www.smartphoto.fr\/inspiration\/staycation-vacances-extraordinaires-a-la-maison\">6 id\u00e9es pour des staycations de r\u00eave<\/a> !<\/p>\n\n\n\n<p>Partagez vos cr\u00e9ations, id\u00e9es et questions avec le hashtag #mysmartphoto sur <a href=\"https:\/\/www.facebook.com\/smartphoto.fr?utm_source=blog&amp;utm_medium=social&amp;utm_campaign=tuinfeest\" target=\"_blank\" rel=\"noreferrer noopener\">Facebook<\/a>, <a href=\"https:\/\/www.instagram.com\/smartphoto_fr\/\" target=\"_blank\" rel=\"noreferrer noopener\">Instagram<\/a>, <a href=\"https:\/\/www.pinterest.com\/smartphotofr\/_shop\/\" target=\"_blank\" rel=\"noreferrer noopener\">Pinterest<\/a> ou <a href=\"https:\/\/www.tiktok.com\/@smartphoto_official?lang=en\" target=\"_blank\" rel=\"noreferrer noopener\">TikTok<\/a> !<\/p>\n\n\n<div class=\"wp-block-image\">\n<figure class=\"aligncenter\"><a href=\"https:\/\/www.smartphoto.fr\/decoration-fete\"><img decoding=\"async\" src=\"https:\/\/storage.googleapis.com\/smartphoto-express-production-wp-blogs-com\/9\/2019\/03\/CTA_Blog_Communion_Deco_FR.jpg\" alt=\"\" class=\"wp-image-40996\" \/><\/a><\/figure><\/div>","protected":false},"excerpt":{"rendered":"<p>Vous organisez une f\u00eate d&rsquo;ext\u00e9rieur ou une garden party dans votre jardin ? D\u00e9corez malin avec ces 6 id\u00e9es d\u00e9co de f\u00eate d&rsquo;ext\u00e9rieur au jardin<\/p>\n","protected":false},"author":39,"featured_media":8612,"comment_status":"open","ping_status":"open","sticky":false,"template":"","format":"standard","meta":{"om_disable_all_campaigns":false,"_monsterinsights_skip_tracking":false,"_monsterinsights_sitenote_active":false,"_monsterinsights_sitenote_note":"","_monsterinsights_sitenote_category":0,"footnotes":""},"categories":[70,72,13,76,80],"tags":[],"class_list":["post-8610","post","type-post","status-publish","format-standard","has-post-thumbnail","hentry","category-anniversaire","category-communion","category-decoration","category-mariage","category-paques"],"yoast_head":"<!-- This site is optimized with the Yoast SEO plugin v23.8 - https:\/\/yoast.com\/wordpress\/plugins\/seo\/ -->\n<title>D\u00e9coration de f\u00eate au jardin<\/title>\n<meta name=\"description\" content=\"Vous organisez une f\u00eate d&#039;ext\u00e9rieur ou une garden party dans votre jardin ? D\u00e9corez malin avec ces 6 id\u00e9es d\u00e9co de f\u00eate d&#039;ext\u00e9rieur au jardin\" \/>\n<meta name=\"robots\" content=\"index, follow, max-snippet:-1, max-image-preview:large, max-video-preview:-1\" \/>\n<link rel=\"canonical\" href=\"https:\/\/www.smartphoto.fr\/inspiration\/garden-party-decoration-fete-exterieur\" \/>\n<meta property=\"og:locale\" content=\"fr_FR\" \/>\n<meta property=\"og:type\" content=\"article\" \/>\n<meta property=\"og:title\" content=\"D\u00e9coration de f\u00eate au jardin\" \/>\n<meta property=\"og:description\" content=\"Vous organisez une f\u00eate d&#039;ext\u00e9rieur ou une garden party dans votre jardin ? D\u00e9corez malin avec ces 6 id\u00e9es d\u00e9co de f\u00eate d&#039;ext\u00e9rieur au jardin\" \/>\n<meta property=\"og:url\" content=\"\/inspiration\/garden-party-decoration-fete-exterieur\" \/>\n<meta property=\"og:site_name\" content=\"smartphoto FR\" \/>\n<meta property=\"article:publisher\" content=\"https:\/\/www.facebook.com\/smartphoto.fr\" \/>\n<meta property=\"article:published_time\" content=\"2022-07-25T11:56:47+00:00\" \/>\n<meta property=\"article:modified_time\" content=\"2023-04-18T13:47:30+00:00\" \/>\n<meta property=\"og:image\" content=\"https:\/\/storage.googleapis.com\/smartphoto-express-production-wp-blogs-com\/10\/2019\/04\/53019-720.jpg\" \/>\n\t<meta property=\"og:image:width\" content=\"720\" \/>\n\t<meta property=\"og:image:height\" content=\"496\" \/>\n\t<meta property=\"og:image:type\" content=\"image\/jpeg\" \/>\n<meta name=\"author\" content=\"Caroline\" \/>\n<meta name=\"twitter:card\" content=\"summary_large_image\" \/>\n<meta name=\"twitter:creator\" content=\"@smartphoto_fr\" \/>\n<meta name=\"twitter:site\" content=\"@smartphoto_fr\" \/>\n<meta name=\"twitter:label1\" content=\"Written by\" \/>\n\t<meta name=\"twitter:data1\" content=\"Caroline\" \/>\n\t<meta name=\"twitter:label2\" content=\"Est. reading time\" \/>\n\t<meta name=\"twitter:data2\" content=\"5 minutes\" \/>\n<script type=\"application\/ld+json\" class=\"yoast-schema-graph\">{\"@context\":\"https:\/\/schema.org\",\"@graph\":[{\"@type\":\"WebPage\",\"@id\":\"\/inspiration\/garden-party-decoration-fete-exterieur\",\"url\":\"https:\/\/www.smartphoto.fr\/inspiration\/garden-party-decoration-fete-exterieur\",\"name\":\"D\u00e9coration de f\u00eate au jardin\",\"isPartOf\":{\"@id\":\"https:\/\/www.smartphoto.fr\/inspiration\/#website\"},\"primaryImageOfPage\":{\"@id\":\"https:\/\/www.smartphoto.fr\/inspiration\/garden-party-decoration-fete-exterieur#primaryimage\"},\"image\":{\"@id\":\"https:\/\/www.smartphoto.fr\/inspiration\/garden-party-decoration-fete-exterieur#primaryimage\"},\"thumbnailUrl\":\"https:\/\/storage.googleapis.com\/smartphoto-express-production-wp-blogs-com\/10\/2019\/04\/53019-720.jpg\",\"datePublished\":\"2022-07-25T11:56:47+00:00\",\"dateModified\":\"2023-04-18T13:47:30+00:00\",\"author\":{\"@id\":\"https:\/\/www.smartphoto.fr\/inspiration\/#\/schema\/person\/14abe7c86f4bda0d741e3ec66a39733e\"},\"description\":\"Vous organisez une f\u00eate d'ext\u00e9rieur ou une garden party dans votre jardin ? D\u00e9corez malin avec ces 6 id\u00e9es d\u00e9co de f\u00eate d'ext\u00e9rieur au jardin\",\"breadcrumb\":{\"@id\":\"https:\/\/www.smartphoto.fr\/inspiration\/garden-party-decoration-fete-exterieur#breadcrumb\"},\"inLanguage\":\"fr-FR\",\"potentialAction\":[{\"@type\":\"ReadAction\",\"target\":[\"https:\/\/www.smartphoto.fr\/inspiration\/garden-party-decoration-fete-exterieur\"]}]},{\"@type\":\"ImageObject\",\"inLanguage\":\"fr-FR\",\"@id\":\"https:\/\/www.smartphoto.fr\/inspiration\/garden-party-decoration-fete-exterieur#primaryimage\",\"url\":\"https:\/\/storage.googleapis.com\/smartphoto-express-production-wp-blogs-com\/10\/2019\/04\/53019-720.jpg\",\"contentUrl\":\"https:\/\/storage.googleapis.com\/smartphoto-express-production-wp-blogs-com\/10\/2019\/04\/53019-720.jpg\",\"width\":720,\"height\":496,\"caption\":\"Kids enjoying the party in the garden\"},{\"@type\":\"BreadcrumbList\",\"@id\":\"https:\/\/www.smartphoto.fr\/inspiration\/garden-party-decoration-fete-exterieur#breadcrumb\",\"itemListElement\":[{\"@type\":\"ListItem\",\"position\":1,\"name\":\"Home\",\"item\":\"https:\/\/www.smartphoto.fr\/inspiration\/\"},{\"@type\":\"ListItem\",\"position\":2,\"name\":\"D\u00e9coration de f\u00eate au jardin\"}]},{\"@type\":\"WebSite\",\"@id\":\"https:\/\/www.smartphoto.fr\/inspiration\/#website\",\"url\":\"https:\/\/www.smartphoto.fr\/inspiration\/\",\"name\":\"smartphoto FR\",\"description\":\"Le blog de smartphoto France.\",\"potentialAction\":[{\"@type\":\"SearchAction\",\"target\":{\"@type\":\"EntryPoint\",\"urlTemplate\":\"https:\/\/www.smartphoto.fr\/inspiration\/?s={search_term_string}\"},\"query-input\":{\"@type\":\"PropertyValueSpecification\",\"valueRequired\":true,\"valueName\":\"search_term_string\"}}],\"inLanguage\":\"fr-FR\"},{\"@type\":\"Person\",\"@id\":\"https:\/\/www.smartphoto.fr\/inspiration\/#\/schema\/person\/14abe7c86f4bda0d741e3ec66a39733e\",\"name\":\"Caroline\",\"image\":{\"@type\":\"ImageObject\",\"inLanguage\":\"fr-FR\",\"@id\":\"https:\/\/www.smartphoto.fr\/inspiration\/#\/schema\/person\/image\/\",\"url\":\"https:\/\/secure.gravatar.com\/avatar\/3bf4c2775ae12d0bb3bb504b56a0508c?s=96&d=mm&r=g\",\"contentUrl\":\"https:\/\/secure.gravatar.com\/avatar\/3bf4c2775ae12d0bb3bb504b56a0508c?s=96&d=mm&r=g\",\"caption\":\"Caroline\"},\"description\":\"Des id\u00e9es cr\u00e9atives pour vous inspirer, des sujets qui vous aident vraiment dans votre quotidien, voil\u00e0 ce que j'esp\u00e8re partager avec vous via ce blog. Quand je ne blogue pas pour smartphoto, je profites de bons moments en famille avec mon ch\u00e9ri et mes enfants, ou j'\u00e9tudie et je pratique le yoga.\",\"sameAs\":[\"http:\/\/www.smartphoto.fr\/inspiration\",\"https:\/\/www.instagram.com\/smartphoto_fr\/\"],\"url\":\"https:\/\/www.smartphoto.fr\/inspiration\/author\/caroline\"}]}<\/script>\n<!-- \/ Yoast SEO plugin. -->","yoast_head_json":{"title":"D\u00e9coration de f\u00eate au jardin","description":"Vous organisez une f\u00eate d'ext\u00e9rieur ou une garden party dans votre jardin ? D\u00e9corez malin avec ces 6 id\u00e9es d\u00e9co de f\u00eate d'ext\u00e9rieur au jardin","robots":{"index":"index","follow":"follow","max-snippet":"max-snippet:-1","max-image-preview":"max-image-preview:large","max-video-preview":"max-video-preview:-1"},"canonical":"https:\/\/www.smartphoto.fr\/inspiration\/garden-party-decoration-fete-exterieur","og_locale":"fr_FR","og_type":"article","og_title":"D\u00e9coration de f\u00eate au jardin","og_description":"Vous organisez une f\u00eate d'ext\u00e9rieur ou une garden party dans votre jardin ? D\u00e9corez malin avec ces 6 id\u00e9es d\u00e9co de f\u00eate d'ext\u00e9rieur au jardin","og_url":"\/inspiration\/garden-party-decoration-fete-exterieur","og_site_name":"smartphoto FR","article_publisher":"https:\/\/www.facebook.com\/smartphoto.fr","article_published_time":"2022-07-25T11:56:47+00:00","article_modified_time":"2023-04-18T13:47:30+00:00","og_image":[{"width":720,"height":496,"url":"https:\/\/storage.googleapis.com\/smartphoto-express-production-wp-blogs-com\/10\/2019\/04\/53019-720.jpg","type":"image\/jpeg"}],"author":"Caroline","twitter_card":"summary_large_image","twitter_creator":"@smartphoto_fr","twitter_site":"@smartphoto_fr","twitter_misc":{"Written by":"Caroline","Est. reading time":"5 minutes"},"schema":{"@context":"https:\/\/schema.org","@graph":[{"@type":"WebPage","@id":"\/inspiration\/garden-party-decoration-fete-exterieur","url":"https:\/\/www.smartphoto.fr\/inspiration\/garden-party-decoration-fete-exterieur","name":"D\u00e9coration de f\u00eate au jardin","isPartOf":{"@id":"https:\/\/www.smartphoto.fr\/inspiration\/#website"},"primaryImageOfPage":{"@id":"https:\/\/www.smartphoto.fr\/inspiration\/garden-party-decoration-fete-exterieur#primaryimage"},"image":{"@id":"https:\/\/www.smartphoto.fr\/inspiration\/garden-party-decoration-fete-exterieur#primaryimage"},"thumbnailUrl":"https:\/\/storage.googleapis.com\/smartphoto-express-production-wp-blogs-com\/10\/2019\/04\/53019-720.jpg","datePublished":"2022-07-25T11:56:47+00:00","dateModified":"2023-04-18T13:47:30+00:00","author":{"@id":"https:\/\/www.smartphoto.fr\/inspiration\/#\/schema\/person\/14abe7c86f4bda0d741e3ec66a39733e"},"description":"Vous organisez une f\u00eate d'ext\u00e9rieur ou une garden party dans votre jardin ? D\u00e9corez malin avec ces 6 id\u00e9es d\u00e9co de f\u00eate d'ext\u00e9rieur au jardin","breadcrumb":{"@id":"https:\/\/www.smartphoto.fr\/inspiration\/garden-party-decoration-fete-exterieur#breadcrumb"},"inLanguage":"fr-FR","potentialAction":[{"@type":"ReadAction","target":["https:\/\/www.smartphoto.fr\/inspiration\/garden-party-decoration-fete-exterieur"]}]},{"@type":"ImageObject","inLanguage":"fr-FR","@id":"https:\/\/www.smartphoto.fr\/inspiration\/garden-party-decoration-fete-exterieur#primaryimage","url":"https:\/\/storage.googleapis.com\/smartphoto-express-production-wp-blogs-com\/10\/2019\/04\/53019-720.jpg","contentUrl":"https:\/\/storage.googleapis.com\/smartphoto-express-production-wp-blogs-com\/10\/2019\/04\/53019-720.jpg","width":720,"height":496,"caption":"Kids enjoying the party in the garden"},{"@type":"BreadcrumbList","@id":"https:\/\/www.smartphoto.fr\/inspiration\/garden-party-decoration-fete-exterieur#breadcrumb","itemListElement":[{"@type":"ListItem","position":1,"name":"Home","item":"https:\/\/www.smartphoto.fr\/inspiration\/"},{"@type":"ListItem","position":2,"name":"D\u00e9coration de f\u00eate au jardin"}]},{"@type":"WebSite","@id":"https:\/\/www.smartphoto.fr\/inspiration\/#website","url":"https:\/\/www.smartphoto.fr\/inspiration\/","name":"smartphoto FR","description":"Le blog de smartphoto France.","potentialAction":[{"@type":"SearchAction","target":{"@type":"EntryPoint","urlTemplate":"https:\/\/www.smartphoto.fr\/inspiration\/?s={search_term_string}"},"query-input":{"@type":"PropertyValueSpecification","valueRequired":true,"valueName":"search_term_string"}}],"inLanguage":"fr-FR"},{"@type":"Person","@id":"https:\/\/www.smartphoto.fr\/inspiration\/#\/schema\/person\/14abe7c86f4bda0d741e3ec66a39733e","name":"Caroline","image":{"@type":"ImageObject","inLanguage":"fr-FR","@id":"https:\/\/www.smartphoto.fr\/inspiration\/#\/schema\/person\/image\/","url":"https:\/\/secure.gravatar.com\/avatar\/3bf4c2775ae12d0bb3bb504b56a0508c?s=96&d=mm&r=g","contentUrl":"https:\/\/secure.gravatar.com\/avatar\/3bf4c2775ae12d0bb3bb504b56a0508c?s=96&d=mm&r=g","caption":"Caroline"},"description":"Des id\u00e9es cr\u00e9atives pour vous inspirer, des sujets qui vous aident vraiment dans votre quotidien, voil\u00e0 ce que j'esp\u00e8re partager avec vous via ce blog. Quand je ne blogue pas pour smartphoto, je profites de bons moments en famille avec mon ch\u00e9ri et mes enfants, ou j'\u00e9tudie et je pratique le yoga.","sameAs":["http:\/\/www.smartphoto.fr\/inspiration","https:\/\/www.instagram.com\/smartphoto_fr\/"],"url":"https:\/\/www.smartphoto.fr\/inspiration\/author\/caroline"}]}},"_links":{"self":[{"href":"https:\/\/www.smartphoto.fr\/inspiration\/wp-json\/wp\/v2\/posts\/8610","targetHints":{"allow":["GET"]}}],"collection":[{"href":"https:\/\/www.smartphoto.fr\/inspiration\/wp-json\/wp\/v2\/posts"}],"about":[{"href":"https:\/\/www.smartphoto.fr\/inspiration\/wp-json\/wp\/v2\/types\/post"}],"author":[{"embeddable":true,"href":"https:\/\/www.smartphoto.fr\/inspiration\/wp-json\/wp\/v2\/users\/39"}],"replies":[{"embeddable":true,"href":"https:\/\/www.smartphoto.fr\/inspiration\/wp-json\/wp\/v2\/comments?post=8610"}],"version-history":[{"count":10,"href":"https:\/\/www.smartphoto.fr\/inspiration\/wp-json\/wp\/v2\/posts\/8610\/revisions"}],"predecessor-version":[{"id":11372,"href":"https:\/\/www.smartphoto.fr\/inspiration\/wp-json\/wp\/v2\/posts\/8610\/revisions\/11372"}],"wp:featuredmedia":[{"embeddable":true,"href":"https:\/\/www.smartphoto.fr\/inspiration\/wp-json\/wp\/v2\/media\/8612"}],"wp:attachment":[{"href":"https:\/\/www.smartphoto.fr\/inspiration\/wp-json\/wp\/v2\/media?parent=8610"}],"wp:term":[{"taxonomy":"category","embeddable":true,"href":"https:\/\/www.smartphoto.fr\/inspiration\/wp-json\/wp\/v2\/categories?post=8610"},{"taxonomy":"post_tag","embeddable":true,"href":"https:\/\/www.smartphoto.fr\/inspiration\/wp-json\/wp\/v2\/tags?post=8610"}],"curies":[{"name":"wp","href":"https:\/\/api.w.org\/{rel}","templated":true}]}}