{"id":8435,"date":"2019-01-08T14:17:44","date_gmt":"2019-01-08T13:17:44","guid":{"rendered":"\/inspiration\/?p=8435"},"modified":"2019-08-22T15:09:26","modified_gmt":"2019-08-22T13:09:26","slug":"nos-plus-beaux-moments-2018","status":"publish","type":"post","link":"https:\/\/www.smartphoto.fr\/inspiration\/nos-plus-beaux-moments-2018","title":{"rendered":"Les plus beaux moments smartphoto 2018"},"content":{"rendered":"<p><strong>2018, quelle ann\u00e9e g\u00e9niale !\u00a0<\/strong><\/p>\n<p id=\"tw-target-text\" class=\"tw-data-text tw-ta tw-text-small\" dir=\"ltr\"><span lang=\"fr\">Janvier, le temps des bonnes intentions et des c\u00e9l\u00e9brations fr\u00e9quentes du Nouvel An, mais aussi le moment o\u00f9 nous souhaitons revenir sur une fantastique ann\u00e9e 2018. Chez smartphoto, l&rsquo;ann\u00e9e s&rsquo;est d\u00e9roul\u00e9e tel des montagnes russes, pleine de nouveaut\u00e9s sur notre site Web. Nous tenions \u00e0 remercier\u00a0\u00a0les milliers de clients fantastiques toujours pr\u00eat \u00e0 nous soutenir.\u00a0<\/span><\/p>\n<p id=\"tw-target-text\" class=\"tw-data-text tw-ta tw-text-small\" dir=\"ltr\"><span lang=\"fr\">Nous avons rassembl\u00e9 un certain nombre de ces beaux moments, qu&rsquo;il s&rsquo;agisse de s\u00e9ances photo, de brainstorming, de prises de vue de films ou d&rsquo;images provenant de notre d\u00e9p\u00f4t de production, en une seule vid\u00e9o.<\/span><\/p>\n<p id=\"tw-target-text\" class=\"tw-data-text tw-ta tw-text-small\" dir=\"ltr\"><span lang=\"fr\">Il est d\u00e9sormais temps pour nous de passer \u00e0 cette belle ann\u00e9e 2019, ann\u00e9e dans laquelle nous esp\u00e9rons aussi pouvoir immortaliser vos plus beaux souvenirs. \u2764<\/span><\/p>\n<p><iframe loading=\"lazy\" width=\"680\" height=\"383\" src=\"https:\/\/www.youtube.com\/embed\/NLAPNjjz4-M?feature=oembed&#038;enablejsapi=1&#038;origin=https:\/\/www.smartphoto.fr\/inspiration\" frameborder=\"0\" allow=\"accelerometer; autoplay; encrypted-media; gyroscope; picture-in-picture\" allowfullscreen><\/iframe><\/p>\n","protected":false},"excerpt":{"rendered":"<p>2018, quelle ann\u00e9e g\u00e9niale !\u00a0 Janvier, le temps des bonnes intentions et des c\u00e9l\u00e9brations fr\u00e9quentes du Nouvel An, mais aussi le moment o\u00f9 nous souhaitons revenir sur une fantastique ann\u00e9e 2018. Chez smartphoto, l&rsquo;ann\u00e9e s&rsquo;est d\u00e9roul\u00e9e tel des montagnes russes, pleine de nouveaut\u00e9s sur notre site Web. Nous tenions \u00e0 remercier\u00a0\u00a0les milliers de clients fantastiques toujours pr\u00eat \u00e0 nous soutenir.\u00a0 Nous avons rassembl\u00e9 un certain nombre de ces beaux moments, qu&rsquo;il s&rsquo;agisse de s\u00e9ances photo, de brainstorming, de prises de vue de films ou d&rsquo;images provenant de notre d\u00e9p\u00f4t de production, en une seule vid\u00e9o. Il est d\u00e9sormais temps pour<\/p>\n","protected":false},"author":1,"featured_media":8440,"comment_status":"open","ping_status":"open","sticky":false,"template":"","format":"standard","meta":{"om_disable_all_campaigns":false,"_monsterinsights_skip_tracking":false,"_monsterinsights_sitenote_active":false,"_monsterinsights_sitenote_note":"","_monsterinsights_sitenote_category":0,"footnotes":""},"categories":[85],"tags":[],"class_list":["post-8435","post","type-post","status-publish","format-standard","has-post-thumbnail","hentry","category-en-coulisses"],"yoast_head":"<!-- This site is optimized with the Yoast SEO plugin v23.8 - https:\/\/yoast.com\/wordpress\/plugins\/seo\/ -->\n<title>Les plus beaux moments smartphoto 2018 - smartphoto FR<\/title>\n<meta name=\"robots\" content=\"index, follow, max-snippet:-1, max-image-preview:large, max-video-preview:-1\" \/>\n<link rel=\"canonical\" href=\"https:\/\/www.smartphoto.fr\/inspiration\/nos-plus-beaux-moments-2018\" \/>\n<meta property=\"og:locale\" content=\"fr_FR\" \/>\n<meta property=\"og:type\" content=\"article\" \/>\n<meta property=\"og:title\" content=\"Les plus beaux moments smartphoto 2018 - smartphoto FR\" \/>\n<meta property=\"og:description\" content=\"2018, quelle ann\u00e9e g\u00e9niale !\u00a0 Janvier, le temps des bonnes intentions et des c\u00e9l\u00e9brations fr\u00e9quentes du Nouvel An, mais aussi le moment o\u00f9 nous souhaitons revenir sur une fantastique ann\u00e9e 2018. Chez smartphoto, l&rsquo;ann\u00e9e s&rsquo;est d\u00e9roul\u00e9e tel des montagnes russes, pleine de nouveaut\u00e9s sur notre site Web. Nous tenions \u00e0 remercier\u00a0\u00a0les milliers de clients fantastiques toujours pr\u00eat \u00e0 nous soutenir.\u00a0 Nous avons rassembl\u00e9 un certain nombre de ces beaux moments, qu&rsquo;il s&rsquo;agisse de s\u00e9ances photo, de brainstorming, de prises de vue de films ou d&rsquo;images provenant de notre d\u00e9p\u00f4t de production, en une seule vid\u00e9o. Il est d\u00e9sormais temps pour\" \/>\n<meta property=\"og:url\" content=\"\/inspiration\/nos-plus-beaux-moments-2018\" \/>\n<meta property=\"og:site_name\" content=\"smartphoto FR\" \/>\n<meta property=\"article:publisher\" content=\"https:\/\/www.facebook.com\/smartphoto.fr\" \/>\n<meta property=\"article:published_time\" content=\"2019-01-08T13:17:44+00:00\" \/>\n<meta property=\"article:modified_time\" content=\"2019-08-22T13:09:26+00:00\" \/>\n<meta property=\"og:image\" content=\"https:\/\/storage.googleapis.com\/smartphoto-express-production-wp-blogs-com\/10\/2019\/01\/Blank-2200-x-984.jpg\" \/>\n\t<meta property=\"og:image:width\" content=\"2200\" \/>\n\t<meta property=\"og:image:height\" content=\"984\" \/>\n\t<meta property=\"og:image:type\" content=\"image\/jpeg\" \/>\n<meta name=\"author\" content=\"admin\" \/>\n<meta name=\"twitter:card\" content=\"summary_large_image\" \/>\n<meta name=\"twitter:creator\" content=\"@smartphoto_fr\" \/>\n<meta name=\"twitter:site\" content=\"@smartphoto_fr\" \/>\n<meta name=\"twitter:label1\" content=\"Written by\" \/>\n\t<meta name=\"twitter:data1\" content=\"admin\" \/>\n\t<meta name=\"twitter:label2\" content=\"Est. reading time\" \/>\n\t<meta name=\"twitter:data2\" content=\"1 minute\" \/>\n<script type=\"application\/ld+json\" class=\"yoast-schema-graph\">{\"@context\":\"https:\/\/schema.org\",\"@graph\":[{\"@type\":\"WebPage\",\"@id\":\"\/inspiration\/nos-plus-beaux-moments-2018\",\"url\":\"https:\/\/www.smartphoto.fr\/inspiration\/nos-plus-beaux-moments-2018\",\"name\":\"Les plus beaux moments smartphoto 2018 - smartphoto FR\",\"isPartOf\":{\"@id\":\"https:\/\/www.smartphoto.fr\/inspiration\/#website\"},\"primaryImageOfPage\":{\"@id\":\"https:\/\/www.smartphoto.fr\/inspiration\/nos-plus-beaux-moments-2018#primaryimage\"},\"image\":{\"@id\":\"https:\/\/www.smartphoto.fr\/inspiration\/nos-plus-beaux-moments-2018#primaryimage\"},\"thumbnailUrl\":\"https:\/\/storage.googleapis.com\/smartphoto-express-production-wp-blogs-com\/10\/2019\/01\/Blank-2200-x-984.jpg\",\"datePublished\":\"2019-01-08T13:17:44+00:00\",\"dateModified\":\"2019-08-22T13:09:26+00:00\",\"author\":{\"@id\":\"https:\/\/www.smartphoto.fr\/inspiration\/#\/schema\/person\/c256b3f50ae468ee69f4b486108c797b\"},\"breadcrumb\":{\"@id\":\"https:\/\/www.smartphoto.fr\/inspiration\/nos-plus-beaux-moments-2018#breadcrumb\"},\"inLanguage\":\"fr-FR\",\"potentialAction\":[{\"@type\":\"ReadAction\",\"target\":[\"https:\/\/www.smartphoto.fr\/inspiration\/nos-plus-beaux-moments-2018\"]}]},{\"@type\":\"ImageObject\",\"inLanguage\":\"fr-FR\",\"@id\":\"https:\/\/www.smartphoto.fr\/inspiration\/nos-plus-beaux-moments-2018#primaryimage\",\"url\":\"https:\/\/storage.googleapis.com\/smartphoto-express-production-wp-blogs-com\/10\/2019\/01\/Blank-2200-x-984.jpg\",\"contentUrl\":\"https:\/\/storage.googleapis.com\/smartphoto-express-production-wp-blogs-com\/10\/2019\/01\/Blank-2200-x-984.jpg\",\"width\":2200,\"height\":984},{\"@type\":\"BreadcrumbList\",\"@id\":\"https:\/\/www.smartphoto.fr\/inspiration\/nos-plus-beaux-moments-2018#breadcrumb\",\"itemListElement\":[{\"@type\":\"ListItem\",\"position\":1,\"name\":\"Home\",\"item\":\"https:\/\/www.smartphoto.fr\/inspiration\/\"},{\"@type\":\"ListItem\",\"position\":2,\"name\":\"Les plus beaux moments smartphoto 2018\"}]},{\"@type\":\"WebSite\",\"@id\":\"https:\/\/www.smartphoto.fr\/inspiration\/#website\",\"url\":\"https:\/\/www.smartphoto.fr\/inspiration\/\",\"name\":\"smartphoto FR\",\"description\":\"Le blog de smartphoto France.\",\"potentialAction\":[{\"@type\":\"SearchAction\",\"target\":{\"@type\":\"EntryPoint\",\"urlTemplate\":\"https:\/\/www.smartphoto.fr\/inspiration\/?s={search_term_string}\"},\"query-input\":{\"@type\":\"PropertyValueSpecification\",\"valueRequired\":true,\"valueName\":\"search_term_string\"}}],\"inLanguage\":\"fr-FR\"},{\"@type\":\"Person\",\"@id\":\"https:\/\/www.smartphoto.fr\/inspiration\/#\/schema\/person\/c256b3f50ae468ee69f4b486108c797b\",\"name\":\"admin\",\"image\":{\"@type\":\"ImageObject\",\"inLanguage\":\"fr-FR\",\"@id\":\"https:\/\/www.smartphoto.fr\/inspiration\/#\/schema\/person\/image\/\",\"url\":\"https:\/\/secure.gravatar.com\/avatar\/8f9488249a21b1f2cc85dc7982dc95c4?s=96&d=mm&r=g\",\"contentUrl\":\"https:\/\/secure.gravatar.com\/avatar\/8f9488249a21b1f2cc85dc7982dc95c4?s=96&d=mm&r=g\",\"caption\":\"admin\"},\"url\":\"https:\/\/www.smartphoto.fr\/inspiration\/author\/admin\"}]}<\/script>\n<!-- \/ Yoast SEO plugin. -->","yoast_head_json":{"title":"Les plus beaux moments smartphoto 2018 - smartphoto FR","robots":{"index":"index","follow":"follow","max-snippet":"max-snippet:-1","max-image-preview":"max-image-preview:large","max-video-preview":"max-video-preview:-1"},"canonical":"https:\/\/www.smartphoto.fr\/inspiration\/nos-plus-beaux-moments-2018","og_locale":"fr_FR","og_type":"article","og_title":"Les plus beaux moments smartphoto 2018 - smartphoto FR","og_description":"2018, quelle ann\u00e9e g\u00e9niale !\u00a0 Janvier, le temps des bonnes intentions et des c\u00e9l\u00e9brations fr\u00e9quentes du Nouvel An, mais aussi le moment o\u00f9 nous souhaitons revenir sur une fantastique ann\u00e9e 2018. Chez smartphoto, l&rsquo;ann\u00e9e s&rsquo;est d\u00e9roul\u00e9e tel des montagnes russes, pleine de nouveaut\u00e9s sur notre site Web. Nous tenions \u00e0 remercier\u00a0\u00a0les milliers de clients fantastiques toujours pr\u00eat \u00e0 nous soutenir.\u00a0 Nous avons rassembl\u00e9 un certain nombre de ces beaux moments, qu&rsquo;il s&rsquo;agisse de s\u00e9ances photo, de brainstorming, de prises de vue de films ou d&rsquo;images provenant de notre d\u00e9p\u00f4t de production, en une seule vid\u00e9o. Il est d\u00e9sormais temps pour","og_url":"\/inspiration\/nos-plus-beaux-moments-2018","og_site_name":"smartphoto FR","article_publisher":"https:\/\/www.facebook.com\/smartphoto.fr","article_published_time":"2019-01-08T13:17:44+00:00","article_modified_time":"2019-08-22T13:09:26+00:00","og_image":[{"width":2200,"height":984,"url":"https:\/\/storage.googleapis.com\/smartphoto-express-production-wp-blogs-com\/10\/2019\/01\/Blank-2200-x-984.jpg","type":"image\/jpeg"}],"author":"admin","twitter_card":"summary_large_image","twitter_creator":"@smartphoto_fr","twitter_site":"@smartphoto_fr","twitter_misc":{"Written by":"admin","Est. reading time":"1 minute"},"schema":{"@context":"https:\/\/schema.org","@graph":[{"@type":"WebPage","@id":"\/inspiration\/nos-plus-beaux-moments-2018","url":"https:\/\/www.smartphoto.fr\/inspiration\/nos-plus-beaux-moments-2018","name":"Les plus beaux moments smartphoto 2018 - smartphoto FR","isPartOf":{"@id":"https:\/\/www.smartphoto.fr\/inspiration\/#website"},"primaryImageOfPage":{"@id":"https:\/\/www.smartphoto.fr\/inspiration\/nos-plus-beaux-moments-2018#primaryimage"},"image":{"@id":"https:\/\/www.smartphoto.fr\/inspiration\/nos-plus-beaux-moments-2018#primaryimage"},"thumbnailUrl":"https:\/\/storage.googleapis.com\/smartphoto-express-production-wp-blogs-com\/10\/2019\/01\/Blank-2200-x-984.jpg","datePublished":"2019-01-08T13:17:44+00:00","dateModified":"2019-08-22T13:09:26+00:00","author":{"@id":"https:\/\/www.smartphoto.fr\/inspiration\/#\/schema\/person\/c256b3f50ae468ee69f4b486108c797b"},"breadcrumb":{"@id":"https:\/\/www.smartphoto.fr\/inspiration\/nos-plus-beaux-moments-2018#breadcrumb"},"inLanguage":"fr-FR","potentialAction":[{"@type":"ReadAction","target":["https:\/\/www.smartphoto.fr\/inspiration\/nos-plus-beaux-moments-2018"]}]},{"@type":"ImageObject","inLanguage":"fr-FR","@id":"https:\/\/www.smartphoto.fr\/inspiration\/nos-plus-beaux-moments-2018#primaryimage","url":"https:\/\/storage.googleapis.com\/smartphoto-express-production-wp-blogs-com\/10\/2019\/01\/Blank-2200-x-984.jpg","contentUrl":"https:\/\/storage.googleapis.com\/smartphoto-express-production-wp-blogs-com\/10\/2019\/01\/Blank-2200-x-984.jpg","width":2200,"height":984},{"@type":"BreadcrumbList","@id":"https:\/\/www.smartphoto.fr\/inspiration\/nos-plus-beaux-moments-2018#breadcrumb","itemListElement":[{"@type":"ListItem","position":1,"name":"Home","item":"https:\/\/www.smartphoto.fr\/inspiration\/"},{"@type":"ListItem","position":2,"name":"Les plus beaux moments smartphoto 2018"}]},{"@type":"WebSite","@id":"https:\/\/www.smartphoto.fr\/inspiration\/#website","url":"https:\/\/www.smartphoto.fr\/inspiration\/","name":"smartphoto FR","description":"Le blog de smartphoto France.","potentialAction":[{"@type":"SearchAction","target":{"@type":"EntryPoint","urlTemplate":"https:\/\/www.smartphoto.fr\/inspiration\/?s={search_term_string}"},"query-input":{"@type":"PropertyValueSpecification","valueRequired":true,"valueName":"search_term_string"}}],"inLanguage":"fr-FR"},{"@type":"Person","@id":"https:\/\/www.smartphoto.fr\/inspiration\/#\/schema\/person\/c256b3f50ae468ee69f4b486108c797b","name":"admin","image":{"@type":"ImageObject","inLanguage":"fr-FR","@id":"https:\/\/www.smartphoto.fr\/inspiration\/#\/schema\/person\/image\/","url":"https:\/\/secure.gravatar.com\/avatar\/8f9488249a21b1f2cc85dc7982dc95c4?s=96&d=mm&r=g","contentUrl":"https:\/\/secure.gravatar.com\/avatar\/8f9488249a21b1f2cc85dc7982dc95c4?s=96&d=mm&r=g","caption":"admin"},"url":"https:\/\/www.smartphoto.fr\/inspiration\/author\/admin"}]}},"_links":{"self":[{"href":"https:\/\/www.smartphoto.fr\/inspiration\/wp-json\/wp\/v2\/posts\/8435","targetHints":{"allow":["GET"]}}],"collection":[{"href":"https:\/\/www.smartphoto.fr\/inspiration\/wp-json\/wp\/v2\/posts"}],"about":[{"href":"https:\/\/www.smartphoto.fr\/inspiration\/wp-json\/wp\/v2\/types\/post"}],"author":[{"embeddable":true,"href":"https:\/\/www.smartphoto.fr\/inspiration\/wp-json\/wp\/v2\/users\/1"}],"replies":[{"embeddable":true,"href":"https:\/\/www.smartphoto.fr\/inspiration\/wp-json\/wp\/v2\/comments?post=8435"}],"version-history":[{"count":4,"href":"https:\/\/www.smartphoto.fr\/inspiration\/wp-json\/wp\/v2\/posts\/8435\/revisions"}],"predecessor-version":[{"id":8443,"href":"https:\/\/www.smartphoto.fr\/inspiration\/wp-json\/wp\/v2\/posts\/8435\/revisions\/8443"}],"wp:featuredmedia":[{"embeddable":true,"href":"https:\/\/www.smartphoto.fr\/inspiration\/wp-json\/wp\/v2\/media\/8440"}],"wp:attachment":[{"href":"https:\/\/www.smartphoto.fr\/inspiration\/wp-json\/wp\/v2\/media?parent=8435"}],"wp:term":[{"taxonomy":"category","embeddable":true,"href":"https:\/\/www.smartphoto.fr\/inspiration\/wp-json\/wp\/v2\/categories?post=8435"},{"taxonomy":"post_tag","embeddable":true,"href":"https:\/\/www.smartphoto.fr\/inspiration\/wp-json\/wp\/v2\/tags?post=8435"}],"curies":[{"name":"wp","href":"https:\/\/api.w.org\/{rel}","templated":true}]}}