{"id":8179,"date":"2025-11-18T17:44:57","date_gmt":"2025-11-18T16:44:57","guid":{"rendered":"\/inspiration\/?p=8179"},"modified":"2025-11-18T17:45:00","modified_gmt":"2025-11-18T16:45:00","slug":"bonne-annee-meilleurs-voeux","status":"publish","type":"post","link":"https:\/\/www.smartphoto.fr\/inspiration\/bonne-annee-meilleurs-voeux","title":{"rendered":"Joyeux No\u00ebl, bonne ann\u00e9e, meilleurs voeux : 30 id\u00e9es pour un message de No\u00ebl original"},"content":{"rendered":"\n<p><strong>Joyeux No\u00ebl, bonne ann\u00e9e, meilleurs v\u0153ux, \u2026 Chaque ann\u00e9e, vous envoyez les m\u00eames souhaits \u00e0 votre entourage. Vous montrez ainsi \u00e0 vos proches que vous pensez \u00e0 eux, ce qui est d\u00e9j\u00e0 magnifique ! Mais vous avez peut-\u00eatre envie d\u2019envoyer un message de No\u00ebl original cette ann\u00e9e ? Cette liste de messages pour souhaiter un joyeux No\u00ebl et\/ ou une bonne ann\u00e9e devrait vous inspirer \ud83d\ude42<\/strong><\/p>\n\n\n\n<h2 class=\"wp-block-heading\">Message de No\u00ebl, bonne ann\u00e9e et meilleurs v\u0153ux originaux <\/h2>\n\n\n<div class=\"wp-block-image\">\n<figure class=\"aligncenter size-full\"><img loading=\"lazy\" decoding=\"async\" width=\"960\" height=\"485\" src=\"https:\/\/storage.googleapis.com\/smartphoto-express-production-wp-blogs-com\/10\/2024\/11\/Texte-et-messages-pour-vos-Voeux-de-Noel-et-Nouvel-An-Blog-smartphoto-1.jpg\" alt=\"\" class=\"wp-image-12840\" srcset=\"https:\/\/storage.googleapis.com\/smartphoto-express-production-wp-blogs-com\/10\/2024\/11\/Texte-et-messages-pour-vos-Voeux-de-Noel-et-Nouvel-An-Blog-smartphoto-1.jpg 960w, https:\/\/storage.googleapis.com\/smartphoto-express-production-wp-blogs-com\/10\/2024\/11\/Texte-et-messages-pour-vos-Voeux-de-Noel-et-Nouvel-An-Blog-smartphoto-1-300x152.jpg 300w, https:\/\/storage.googleapis.com\/smartphoto-express-production-wp-blogs-com\/10\/2024\/11\/Texte-et-messages-pour-vos-Voeux-de-Noel-et-Nouvel-An-Blog-smartphoto-1-768x388.jpg 768w\" sizes=\"auto, (max-width: 960px) 100vw, 960px\" \/><figcaption class=\"wp-element-caption\">Cartes de<a href=\"https:\/\/www.smartphoto.fr\/noel\/carte-de-v%C5%93ux\"> voeux smartphoto<\/a><\/figcaption><\/figure><\/div>\n\n\n<h3 class=\"wp-block-heading\"><strong>Nos meilleurs v\u0153ux, simplement mais diff\u00e9remment.<\/strong><\/h3>\n\n\n\n<p>Vous cherchez quelques mots simples et originaux pour votre carte de v\u0153ux ou pour accompagner un cadeau ? Souhaiter \u201cBonne ann\u00e9e, meilleurs v\u0153ux\u201d d\u2019une fa\u00e7on simple mais originale ? Ces quelques phrases devraient vous convenir. <\/p>\n\n\n\n<ul class=\"wp-block-list\">\n<li><em>No\u00ebl a une place sp\u00e9ciale dans mon c\u0153ur &#8230; comme toi !<\/em><\/li>\n\n\n\n<li>J&rsquo;ai vers\u00e9 365 jours de bonheur, d&rsquo;amiti\u00e9, d&rsquo;amour, de sant\u00e9 et de joie sur ton compte. Fais-en bon usage \ud83d\ude42<\/li>\n<\/ul>\n\n\n<div class=\"wp-block-image\">\n<figure class=\"aligncenter size-full\"><img loading=\"lazy\" decoding=\"async\" width=\"1013\" height=\"753\" src=\"https:\/\/storage.googleapis.com\/smartphoto-express-production-wp-blogs-com\/10\/2024\/11\/Texte-et-messages-de-Noel-Voeux-365-jours-design-rose-et-rouge.jpg\" alt=\"\" class=\"wp-image-12841\" srcset=\"https:\/\/storage.googleapis.com\/smartphoto-express-production-wp-blogs-com\/10\/2024\/11\/Texte-et-messages-de-Noel-Voeux-365-jours-design-rose-et-rouge.jpg 1013w, https:\/\/storage.googleapis.com\/smartphoto-express-production-wp-blogs-com\/10\/2024\/11\/Texte-et-messages-de-Noel-Voeux-365-jours-design-rose-et-rouge-300x223.jpg 300w, https:\/\/storage.googleapis.com\/smartphoto-express-production-wp-blogs-com\/10\/2024\/11\/Texte-et-messages-de-Noel-Voeux-365-jours-design-rose-et-rouge-768x571.jpg 768w\" sizes=\"auto, (max-width: 1013px) 100vw, 1013px\" \/><figcaption class=\"wp-element-caption\"> Cartes de<a href=\"https:\/\/www.smartphoto.fr\/noel\/carte-de-v%C5%93ux\"> voeux smartphoto<\/a> <\/figcaption><\/figure><\/div>\n\n\n<ul class=\"wp-block-list\">\n<li>Que votre amour brille, p\u00e9tille, et explose de joie en 2026 !<\/li>\n\n\n\n<li>J\u2019aurais pu publier mes v\u0153ux sur Facebook\u2026 Mais j\u2019aime trop les jolies cartes \ud83d\ude42 Que 2026 vous comble !<\/li>\n\n\n\n<li>Nouvelle ann\u00e9e, nouvelles opportunit\u00e9s &#8230; F\u00eatons et dansons 2026 !<\/li>\n\n\n\n<li>Tous nos v\u0153ux d\u2019amour, paix, hospitalit\u00e9, et solidarit\u00e9 pour No\u00ebl.<\/li>\n\n\n\n<li>Plaisir, joies, r\u00e9alisation et \u00e9panouissement pour 2026.<\/li>\n\n\n\n<li>Bonne ann\u00e9e ! Paix, bonheur et bonne humeur \ud83d\ude42<\/li>\n\n\n\n<li>Fermez les yeux et faites un v\u0153u pour la nouvelle ann\u00e9e. Chhht ! C\u2019est un secret \ud83d\ude42<\/li>\n\n\n\n<li>2026 sera une ann\u00e9e inoubliable !<\/li>\n<\/ul>\n\n\n<div class=\"wp-block-image\">\n<figure class=\"aligncenter size-full is-resized\"><img loading=\"lazy\" decoding=\"async\" width=\"700\" height=\"468\" src=\"https:\/\/storage.googleapis.com\/smartphoto-express-production-wp-blogs-com\/10\/2021\/11\/Photo-by-Jonathan-Borba-from-Pexels.jpg\" alt=\"Joyeux No\u00ebl et Bonne ann\u00e9e ! Texte et messages pour cartes de voeux de no\u00ebl et nouvel an\" class=\"wp-image-10610\" style=\"width:700px;height:468px\" srcset=\"https:\/\/storage.googleapis.com\/smartphoto-express-production-wp-blogs-com\/10\/2021\/11\/Photo-by-Jonathan-Borba-from-Pexels.jpg 700w, https:\/\/storage.googleapis.com\/smartphoto-express-production-wp-blogs-com\/10\/2021\/11\/Photo-by-Jonathan-Borba-from-Pexels-300x201.jpg 300w\" sizes=\"auto, (max-width: 700px) 100vw, 700px\" \/><\/figure><\/div>\n\n\n<h3 class=\"wp-block-heading\"><strong>Po\u00e8mes pour carte de v\u0153ux et carte de No\u00ebl. Souhaitez la bonne ann\u00e9e \u00e0 vos proches !<\/strong><\/h3>\n\n\n\n<p>Vous voulez adresser vos meilleurs v\u0153ux avec un message plus long et po\u00e9tique ? Ces id\u00e9es de message de bonne ann\u00e9e originales devraient vous plaire.<\/p>\n\n\n\n<h2 class=\"wp-block-heading\"> Message de No\u00ebl po\u00e9tique <\/h2>\n\n\n\n<p>&nbsp;<\/p>\n\n\n\n<p class=\"has-text-align-center\">Les lumi\u00e8res scintillent, les flocons dansent dans le froid. <\/p>\n\n\n\n<p class=\"has-text-align-center\">Amis et familles se rassemblent pour r\u00e9chauffer les c\u0153urs.<\/p>\n\n\n\n<p class=\"has-text-align-center\">Que votre No\u00ebl scintille, festif et serein,<\/p>\n\n\n\n<p class=\"has-text-align-center\">et que l&rsquo;An Nouveau soit magique et prometteur.<\/p>\n\n\n\n<p class=\"has-text-align-center\">*<\/p>\n\n\n\n<figure class=\"wp-block-image size-full\"><img loading=\"lazy\" decoding=\"async\" width=\"1460\" height=\"788\" src=\"https:\/\/storage.googleapis.com\/smartphoto-express-production-wp-blogs-com\/10\/2024\/11\/Texte-et-messages-de-Noel-Poeme-de-Noel-design-vert-et-dore.jpg\" alt=\"\" class=\"wp-image-12842\" srcset=\"https:\/\/storage.googleapis.com\/smartphoto-express-production-wp-blogs-com\/10\/2024\/11\/Texte-et-messages-de-Noel-Poeme-de-Noel-design-vert-et-dore.jpg 1460w, https:\/\/storage.googleapis.com\/smartphoto-express-production-wp-blogs-com\/10\/2024\/11\/Texte-et-messages-de-Noel-Poeme-de-Noel-design-vert-et-dore-300x162.jpg 300w, https:\/\/storage.googleapis.com\/smartphoto-express-production-wp-blogs-com\/10\/2024\/11\/Texte-et-messages-de-Noel-Poeme-de-Noel-design-vert-et-dore-1024x553.jpg 1024w, https:\/\/storage.googleapis.com\/smartphoto-express-production-wp-blogs-com\/10\/2024\/11\/Texte-et-messages-de-Noel-Poeme-de-Noel-design-vert-et-dore-768x415.jpg 768w\" sizes=\"auto, (max-width: 1460px) 100vw, 1460px\" \/><\/figure>\n\n\n\n<p class=\"has-text-align-center\">Que 2026 vous apporte :<br>S\u00e9curit\u00e9 et joie,<br>Excellente sant\u00e9,<br>Amour de vos proches,<br>\u00c9panouissement au travail,<br>Passions enrichissantes,<br>Et des enfants rayonnants.<\/p>\n\n\n\n<figure class=\"wp-block-image size-large\"><img loading=\"lazy\" decoding=\"async\" width=\"1024\" height=\"753\" src=\"https:\/\/storage.googleapis.com\/smartphoto-express-production-wp-blogs-com\/10\/2024\/11\/Texte-et-messages-de-Noel-Que-souhaiter-pour-le-nouvel-an-design-Pere-Noel-1024x753.jpg\" alt=\"\" class=\"wp-image-12843\" srcset=\"https:\/\/storage.googleapis.com\/smartphoto-express-production-wp-blogs-com\/10\/2024\/11\/Texte-et-messages-de-Noel-Que-souhaiter-pour-le-nouvel-an-design-Pere-Noel-1024x753.jpg 1024w, https:\/\/storage.googleapis.com\/smartphoto-express-production-wp-blogs-com\/10\/2024\/11\/Texte-et-messages-de-Noel-Que-souhaiter-pour-le-nouvel-an-design-Pere-Noel-300x221.jpg 300w, https:\/\/storage.googleapis.com\/smartphoto-express-production-wp-blogs-com\/10\/2024\/11\/Texte-et-messages-de-Noel-Que-souhaiter-pour-le-nouvel-an-design-Pere-Noel-768x565.jpg 768w, https:\/\/storage.googleapis.com\/smartphoto-express-production-wp-blogs-com\/10\/2024\/11\/Texte-et-messages-de-Noel-Que-souhaiter-pour-le-nouvel-an-design-Pere-Noel.jpg 1043w\" sizes=\"auto, (max-width: 1024px) 100vw, 1024px\" \/><\/figure>\n\n\n\n<p class=\"has-text-align-center\"><span style=\"font-weight: 400\">Au sapin de No\u00ebl <\/span><\/p>\n\n\n\n<p class=\"has-text-align-center\"><span style=\"font-weight: 400\">J\u2019ai accroch\u00e9 pour toi<\/span><\/p>\n\n\n\n<p class=\"has-text-align-center\"><span style=\"font-weight: 400\">Entre l\u2019\u00e9toile et le houx<\/span><\/p>\n\n\n\n<p class=\"has-text-align-center\"><span style=\"font-weight: 400\">Un v\u0153u beau et doux<\/span><\/p>\n\n\n\n<p class=\"has-text-align-center\"><span style=\"font-weight: 400\">Pour que No\u00ebl soit en joie<\/span><\/p>\n\n\n\n<p class=\"has-text-align-center\">A<span style=\"font-weight: 400\">insi que l\u2019ann\u00e9e nouvelle !<\/span><\/p>\n\n\n\n<p class=\"has-text-align-center\"><span style=\"font-weight: 400\">*<\/span><\/p>\n\n\n\n<p class=\"has-text-align-center\"><span style=\"font-weight: 400\">Accueille la nouvelle ann\u00e9e,<\/span><\/p>\n\n\n\n<p class=\"has-text-align-center\"><span style=\"font-weight: 400\">Jeune et exalt\u00e9e<\/span><\/p>\n\n\n\n<p class=\"has-text-align-center\"><span style=\"font-weight: 400\">Profites de ses promesses<\/span><\/p>\n\n\n\n<p class=\"has-text-align-center\"><span style=\"font-weight: 400\">Et des myst\u00e8res qu\u2019elle berce<\/span><\/p>\n\n\n\n<p class=\"has-text-align-center\"><span style=\"font-weight: 400\">F\u00eates, joyeux, l\u2019ann\u00e9e nouvelle, et<\/span><\/p>\n\n\n\n<p class=\"has-text-align-center\"><span style=\"font-weight: 400\">profites d\u2019un heureux No\u00ebl !<\/span><\/p>\n\n\n\n<p class=\"has-text-align-center\"><span style=\"font-weight: 400\">*<\/span><\/p>\n\n\n\n<p class=\"has-text-align-center\"><span style=\"font-weight: 400\">Douce nuit, blanche nuit, <\/span><\/p>\n\n\n\n<p class=\"has-text-align-center\"><span style=\"font-weight: 400\">C&rsquo;est No\u00ebl aujourd&rsquo;hui <\/span><\/p>\n\n\n\n<p class=\"has-text-align-center\"><span style=\"font-weight: 400\">Et pendant que tes clochers joyeux <\/span><\/p>\n\n\n\n<p class=\"has-text-align-center\"><span style=\"font-weight: 400\">Carillonnent \u00e0 la vo\u00fbte des cieux, <\/span><\/p>\n\n\n\n<p class=\"has-text-align-center\"><span style=\"font-weight: 400\">Sous le toit des chaumi\u00e8res <\/span><\/p>\n\n\n\n<p class=\"has-text-align-center\"><span style=\"font-weight: 400\">On a le c\u0153ur bien heureux. <\/span><\/p>\n\n\n\n<p class=\"has-text-align-center\"><i><span style=\"font-weight: 400\">Extrait de Douce nuit (1960) de Tino Rossi<\/span><\/i><\/p>\n\n\n\n<p class=\"has-text-align-center\"><span style=\"font-weight: 400\">*<\/span><\/p>\n\n\n\n<p class=\"has-text-align-center\"><span style=\"font-weight: 400\">L\u2019\u00e9toile apporte un message heureux<\/span><\/p>\n\n\n\n<p class=\"has-text-align-center\"><span style=\"font-weight: 400\">No\u00ebl arrive, ce moment joyeux<\/span><\/p>\n\n\n\n<p class=\"has-text-align-center\"><span style=\"font-weight: 400\">tout le monde est heureux<\/span><\/p>\n\n\n\n<p class=\"has-text-align-center\"><span style=\"font-weight: 400\">Et ensemble \u00e0 No\u00ebl,<\/span><\/p>\n\n\n\n<p class=\"has-text-align-center\"><span style=\"font-weight: 400\">Nous f\u00eatons la vie et ses merveilles !<\/span><\/p>\n\n\n\n<p class=\"has-text-align-center\"><span style=\"font-weight: 400\">*<\/span><\/p>\n\n\n\n<p class=\"has-text-align-center\">Je te souhaite mille lumi\u00e8res<\/p>\n\n\n\n<p class=\"has-text-align-center\">Dans les yeux et dans le c\u0153ur<\/p>\n\n\n\n<p class=\"has-text-align-center\">Avec No\u00ebl et Nouvel An<\/p>\n\n\n\n<p class=\"has-text-align-center\">qui s&rsquo;annoncent brillamment !<\/p>\n\n\n\n<p class=\"has-text-align-center\"><span style=\"font-weight: 400\">*<\/span><\/p>\n\n\n\n<p class=\"has-text-align-center\"><span style=\"font-weight: 400\">Il faut savoir voir, dans un ann\u00e9e qui se termine<\/span><\/p>\n\n\n\n<p class=\"has-text-align-center\"><span style=\"font-weight: 400\">Le d\u00e9but d\u2019une nouvelle vie qui se dessine<\/span><\/p>\n\n\n\n<p class=\"has-text-align-center\"><span style=\"font-weight: 400\">Les r\u00e9veillons de fin d\u2019ann\u00e9e sont des pauses pour se r\u00e9inventer<\/span><\/p>\n\n\n\n<p class=\"has-text-align-center\"><span style=\"font-weight: 400\">Se retrouver, retrouver ceux que l\u2019on aime afin qu\u2019arrive la s\u00e9r\u00e9nit\u00e9<\/span><\/p>\n\n\n\n<p class=\"has-text-align-center\"><span style=\"font-weight: 400\">R\u00e9fl\u00e9chir \u00e0 ce qui nous est essentiel dans une pleine conscience du bonheur<\/span><\/p>\n\n\n\n<p class=\"has-text-align-center\"><span style=\"font-weight: 400\">Telle est la cl\u00e9 d\u2019une vie r\u00e9ussie qui trouve dans chaque instant une nouvelle lueur<\/span><\/p>\n\n\n\n<p class=\"has-text-align-center\"><i><span style=\"font-weight: 400\">Source : <\/span><\/i><a href=\"https:\/\/www.messages-voeux.com\/joyeux-noel-original\/\"><i><span style=\"font-weight: 400\">https:\/\/www.messages-voeux.com\/joyeux-noel-original\/<\/span><\/i><\/a><\/p>\n\n\n\n<p class=\"has-text-align-center\">*<\/p>\n\n\n\n<p class=\"has-text-align-center\"><span style=\"font-weight: 400\">Que la paix et la joie de No\u00ebl,<\/span><\/p>\n\n\n\n<p class=\"has-text-align-center\"><span style=\"font-weight: 400\"> vous accompagne toute l&rsquo;ann\u00e9e.<\/span><\/p>\n\n\n\n<p class=\"has-text-align-center\"><span style=\"font-weight: 400\">Je vous souhaite tout le meilleur !<\/span><\/p>\n\n\n\n<p class=\"has-text-align-center\"><span style=\"font-weight: 400\">Un joyeux No\u00ebl<\/span><\/p>\n\n\n\n<p class=\"has-text-align-center\"><span style=\"font-weight: 400\"> et une ann\u00e9e 202<\/span>6<\/p>\n\n\n\n<p class=\"has-text-align-center\"><span style=\"font-weight: 400\">pleine de bonheurs !<\/span><\/p>\n\n\n\n<p class=\"has-text-align-center\"><span style=\"font-weight: 400\">*<\/span><\/p>\n\n\n\n<p class=\"has-text-align-center\"><span style=\"font-weight: 400\">Je vous envoie de la joie,<\/span><\/p>\n\n\n\n<p class=\"has-text-align-center\"><span style=\"font-weight: 400\">pour vous et votre famille.<\/span><\/p>\n\n\n\n<p class=\"has-text-align-center\"><span style=\"font-weight: 400\">L&rsquo;espoir de No\u00ebl<\/span><\/p>\n\n\n\n<p class=\"has-text-align-center\"><span style=\"font-weight: 400\">pour une nouvelle ann\u00e9e<\/span><\/p>\n\n\n\n<p class=\"has-text-align-center\"><span style=\"font-weight: 400\">FANTASTIQUE<\/span><\/p>\n\n\n\n<p class=\"has-text-align-center\">*<\/p>\n\n\n<div class=\"wp-block-image\">\n<figure class=\"aligncenter size-large\"><a href=\"https:\/\/www.smartphoto.fr\/noel\/carte-de-v%C5%93ux\" target=\"_blank\" rel=\"noreferrer noopener\"><img loading=\"lazy\" decoding=\"async\" width=\"1024\" height=\"599\" src=\"https:\/\/storage.googleapis.com\/smartphoto-express-production-wp-blogs-com\/10\/2022\/11\/Carte-de-noel-1024x599.jpg\" alt=\"Joyeux No\u00ebl, bonne ann\u00e9e, meilleurs voeux : 25 id\u00e9es pour un message de No\u00ebl original\" class=\"wp-image-11274\" srcset=\"https:\/\/storage.googleapis.com\/smartphoto-express-production-wp-blogs-com\/10\/2022\/11\/Carte-de-noel-1024x599.jpg 1024w, https:\/\/storage.googleapis.com\/smartphoto-express-production-wp-blogs-com\/10\/2022\/11\/Carte-de-noel-300x176.jpg 300w, https:\/\/storage.googleapis.com\/smartphoto-express-production-wp-blogs-com\/10\/2022\/11\/Carte-de-noel-768x450.jpg 768w, https:\/\/storage.googleapis.com\/smartphoto-express-production-wp-blogs-com\/10\/2022\/11\/Carte-de-noel.jpg 1329w\" sizes=\"auto, (max-width: 1024px) 100vw, 1024px\" \/><\/a><figcaption class=\"wp-element-caption\">Message de No\u00ebl po\u00e9tique &#8211; texte et carte <a href=\"https:\/\/www.smartphoto.fr\/noel\/carte-de-v%C5%93ux\" target=\"_blank\" rel=\"noreferrer noopener\">smartphoto<\/a><\/figcaption><\/figure><\/div>\n\n\n<h2 class=\"wp-block-heading\"><strong>Des voeux&nbsp; pour penser aux autres <\/strong><\/h2>\n\n\n\n<p class=\"has-text-align-center\"><span style=\"font-weight: 400\">Si je ne devais faire qu\u2019un v\u0153u,<\/span><\/p>\n\n\n\n<p class=\"has-text-align-center\"><span style=\"font-weight: 400\">ce serait un No\u00ebl chaleureux<\/span><\/p>\n\n\n\n<p class=\"has-text-align-center\"><span style=\"font-weight: 400\">pour tous ceux qui ont besoin<\/span><\/p>\n\n\n\n<p class=\"has-text-align-center\"><span style=\"font-weight: 400\">qu\u2019on leur tende la main.<\/span><\/p>\n\n\n\n<h2 class=\"wp-block-heading\">Voeu de Nouvel an pour chanter et danser<\/h2>\n\n\n\n<p class=\"has-text-align-center\">&nbsp;Une nouvelle ann\u00e9e nous offre une nouvelle chance\u2026<br>A nous de la f\u00eater, la vivre, la chanter, la danser !&nbsp;<\/p>\n\n\n<div class=\"wp-block-image\">\n<figure class=\"aligncenter size-full\"><img loading=\"lazy\" decoding=\"async\" width=\"952\" height=\"708\" src=\"https:\/\/storage.googleapis.com\/smartphoto-express-production-wp-blogs-com\/10\/2022\/11\/Voeux-de-Nouvel-An-2025.jpg\" alt=\"\" class=\"wp-image-11905\" srcset=\"https:\/\/storage.googleapis.com\/smartphoto-express-production-wp-blogs-com\/10\/2022\/11\/Voeux-de-Nouvel-An-2025.jpg 952w, https:\/\/storage.googleapis.com\/smartphoto-express-production-wp-blogs-com\/10\/2022\/11\/Voeux-de-Nouvel-An-2025-300x223.jpg 300w, https:\/\/storage.googleapis.com\/smartphoto-express-production-wp-blogs-com\/10\/2022\/11\/Voeux-de-Nouvel-An-2025-768x571.jpg 768w\" sizes=\"auto, (max-width: 952px) 100vw, 952px\" \/><\/figure><\/div>\n\n\n<h2 class=\"wp-block-heading\">Ambiance de No\u00ebl pour vos voeux<\/h2>\n\n\n<p style=\"text-align: center\"><span style=\"font-weight: 400\">Voil\u00e0 d\u00e9j\u00e0 d\u00e9cembre<\/span><\/p>\n<p style=\"text-align: center\"><span style=\"font-weight: 400\">A nous, les p\u00e2tisseries et les bougies,<\/span><\/p>\n<p style=\"text-align: center\"><span style=\"font-weight: 400\">la neige et les chants de No\u00ebl,<\/span><\/p>\n<p style=\"text-align: center\"><span style=\"font-weight: 400\">la joie, la f\u00eate et ses merveilles !<\/span><\/p>\n<p style=\"text-align: center\"><span style=\"font-weight: 400\">Que l\u2019amour vous inonde pour No\u00ebl<\/span><\/p>\n<p style=\"text-align: center\"><span style=\"font-weight: 400\">Que 2026 soit pleine de vie.<\/span><\/p>\n<p style=\"text-align: center\"><span style=\"font-weight: 400\">*<\/span><\/p>\n<p style=\"text-align: center\"><span style=\"font-weight: 400\">Chaleur, amour et convivialit\u00e9,<\/span><\/p>\n<p style=\"text-align: center\"><span style=\"font-weight: 400\">Pour les f\u00eates de fin d\u2019ann\u00e9e. <\/span><\/p>\n<p style=\"text-align: center\"><span style=\"font-weight: 400\">Et une ann\u00e9e de bonheur<\/span><\/p>\n<p style=\"text-align: center\"><span style=\"font-weight: 400\">en 2026 pour ton c\u0153ur.<\/span><\/p>\n<p style=\"text-align: center\"><span style=\"font-weight: 400\">*<\/span><\/p>\n<p style=\"text-align: center\"><span style=\"font-weight: 400\">No\u00ebl est l\u00e0, <\/span><\/p>\n<p style=\"text-align: center\"><span style=\"font-weight: 400\">Ce joyeux No\u00ebl, des cadeaux plein les bras,<\/span><\/p>\n<p style=\"text-align: center\"><span style=\"font-weight: 400\">Qui r\u00e9chauffe nos c\u0153urs et apporte la joie,<\/span><\/p>\n<p style=\"text-align: center\"><span style=\"font-weight: 400\">Jour des plus beaux souvenirs,<\/span><\/p>\n<p style=\"text-align: center\"><span style=\"font-weight: 400\">Plus beau jour de l&rsquo;ann\u00e9e.<\/span><\/p>\n<p style=\"text-align: center\"><b>Washington Irving<\/b><span style=\"font-weight: 400\"> (<\/span><a href=\"https:\/\/www.dicocitations.com\/item-117.html\"><span style=\"font-weight: 400\">source<\/span><\/a><span style=\"font-weight: 400\">)<\/span><\/p>\n<p style=\"text-align: center\">*<\/p>\n\n\n<h2 class=\"wp-block-heading\"> Texte pour des v\u0153ux rigolos et l\u00e9gers <\/h2>\n\n\n<p style=\"text-align: center\"><span style=\"font-weight: 400\">Nous vous souhaitons une bonne ann\u00e9e<\/span><\/p>\n<p style=\"text-align: center\"><span style=\"font-weight: 400\">Des pieds \u00e0 la t\u00eate,<\/span><\/p>\n<p style=\"text-align: center\"><span style=\"font-weight: 400\">au pas, au trot ou au galop,<\/span><\/p>\n<p style=\"text-align: center\"><span style=\"font-weight: 400\">et m\u00eame sans dessus-dessous.<\/span><\/p>\n<p style=\"text-align: center\">*<\/p>\n\n\n<h3 class=\"wp-block-heading\"><strong>Des v\u0153ux pour faire la paix<\/strong><\/h3>\n\n\n<p style=\"text-align: center\"><span style=\"font-weight: 400\">Que ton No\u00ebl soit combl\u00e9<\/span><\/p>\n<p style=\"text-align: center\"><span style=\"font-weight: 400\">de chaleur et de gaiet\u00e9<\/span><\/p>\n<p style=\"text-align: center\"><span style=\"font-weight: 400\">Le moment est venu <\/span><\/p>\n<p style=\"text-align: center\"><span style=\"font-weight: 400\">de donner et de partager,<\/span><\/p>\n<p style=\"text-align: center\"><span style=\"font-weight: 400\">d&rsquo;aimer et de pardonner. <\/span><\/p>\n<p style=\"text-align: center\"><span style=\"font-weight: 400\">Je te souhaite au menu<\/span><\/p>\n<p style=\"text-align: center\"><span style=\"font-weight: 400\">un tr\u00e8s joyeux No\u00ebl <\/span><\/p>\n<p style=\"text-align: center\"><span style=\"font-weight: 400\">et une magnifique nouvelle ann\u00e9e !<\/span><\/p>\n<p style=\"text-align: center\"><span style=\"font-weight: 400\">*<\/span><\/p>\n<p style=\"text-align: center\"><span style=\"font-weight: 400\">Au revoir 2026,<\/span><\/p>\n<p style=\"text-align: center\"><span style=\"font-weight: 400\">Avec tes joies, tes \u00e9checs et tes r\u00e9ussites.<\/span><\/p>\n<p style=\"text-align: center\"><span style=\"font-weight: 400\">365 jours sont d\u00e9j\u00e0 pass\u00e9s<\/span><\/p>\n<p style=\"text-align: center\"><span style=\"font-weight: 400\">Et le temps est venu <\/span><\/p>\n<p style=\"text-align: center\"><span style=\"font-weight: 400\">d\u2019accueillir une nouvelle ann\u00e9e !<\/span><\/p>\n<p style=\"text-align: center\"><span style=\"font-weight: 400\">*<\/span><\/p>\n\n\n<h3 class=\"wp-block-heading\"> <strong>Des voeux pour les amoureux <\/strong> <\/h3>\n\n\n<p style=\"text-align: center\"><span style=\"font-weight: 400\">Mes meilleurs v\u0153ux,<\/span><\/p>\n<p style=\"text-align: center\"><span style=\"font-weight: 400\">de moi \u00e0 toi,<\/span><\/p>\n<p style=\"text-align: center\"><span style=\"font-weight: 400\">Et que 2026<\/span><\/p>\n<p style=\"text-align: center\"><span style=\"font-weight: 400\">Me garde dans tes bras<\/span><\/p>\n<p style=\"text-align: center\"><span style=\"font-weight: 400\">parce que je t&rsquo;aime avec ardeur<\/span><\/p>\n<p style=\"text-align: center\"><span style=\"font-weight: 400\">Joyeux No\u00ebl mon c\u0153ur !<\/span><\/p>\n<p style=\"text-align: center\"><span style=\"font-weight: 400\">*<\/span><\/p>\n\n\n<h2 class=\"wp-block-heading has-text-align-center\">Et vous, qu&rsquo;attendez-vous de 2026 ?<\/h2>\n\n\n\n<h4 class=\"wp-block-heading\"><strong>Si vous avez trouv\u00e9 votre message de No\u00ebl original, <a href=\"https:\/\/www.smartphoto.fr\/noel\/carte-de-v%C5%93ux\">allez le tester maintenant sur nos cartes de No\u00ebl<\/a> !<\/strong><\/h4>\n\n\n\n<p><strong>Partagez votre message de bonne ann\u00e9e\/ meilleurs voeux original sur les m\u00e9dias sociaux avec le hashtag #mysmartphoto<\/strong><\/p>\n\n\n<div class=\"wp-block-image\">\n<figure class=\"aligncenter\"><a href=\"https:\/\/www.smartphoto.fr\/noel\/carte-de-v%C5%93ux\" target=\"_blank\" rel=\"noreferrer noopener\"><img loading=\"lazy\" decoding=\"async\" width=\"720\" height=\"280\" src=\"https:\/\/storage.googleapis.com\/smartphoto-express-production-wp-blogs-com\/10\/2019\/11\/Blog_ChristmasCards_CTA_FR.jpg\" alt=\"Joyeux No\u00ebl, bonne ann\u00e9e, meilleurs voeux : 25 id\u00e9es pour un message de No\u00ebl original\" class=\"wp-image-9114\" srcset=\"https:\/\/storage.googleapis.com\/smartphoto-express-production-wp-blogs-com\/10\/2019\/11\/Blog_ChristmasCards_CTA_FR.jpg 720w, https:\/\/storage.googleapis.com\/smartphoto-express-production-wp-blogs-com\/10\/2019\/11\/Blog_ChristmasCards_CTA_FR-300x117.jpg 300w\" sizes=\"auto, (max-width: 720px) 100vw, 720px\" \/><\/a><\/figure><\/div>\n\n\n<p>Avez-vous d\u2019autres id\u00e9es de texte original pour souhaiter une bonne ann\u00e9e et adresser vos meilleurs v\u0153ux de fin d\u2019ann\u00e9e ? Partagez-les dans les commentaires ci-dessous ou sur <a href=\"https:\/\/www.facebook.com\/smartphoto.fr\" target=\"_blank\" rel=\"noreferrer noopener\">Facebook<\/a>, <a href=\"https:\/\/www.instagram.com\/smartphoto_fr\/\" target=\"_blank\" rel=\"noreferrer noopener\">Instagram<\/a>, <a href=\"https:\/\/www.tiktok.com\/@smartphoto_official?lang=en\" target=\"_blank\" rel=\"noreferrer noopener\">TikTok<\/a> ou <a href=\"https:\/\/www.pinterest.com\/smartphotofr\/\" target=\"_blank\" rel=\"noreferrer noopener\">Pinterest<\/a>. <\/p>\n\n\n\n<p><\/p>\n","protected":false},"excerpt":{"rendered":"<p>Joyeux No\u00ebl, bonne ann\u00e9e, meilleurs voeux, \u2026 Envoyez un message de No\u00ebl original \u00e0 vos proches gr\u00e2ce \u00e0 nos id\u00e9es de textes pour cartes de voeux , r\u00e9digez vos propre messages pour souhaiter un joyeux No\u00ebl et\/ ou une bonne ann\u00e9e ou copiez ceux-ci !<\/p>\n","protected":false},"author":39,"featured_media":12840,"comment_status":"open","ping_status":"open","sticky":false,"template":"","format":"standard","meta":{"om_disable_all_campaigns":false,"_monsterinsights_skip_tracking":false,"_monsterinsights_sitenote_active":false,"_monsterinsights_sitenote_note":"","_monsterinsights_sitenote_category":0,"footnotes":""},"categories":[78,79],"tags":[],"class_list":["post-8179","post","type-post","status-publish","format-standard","has-post-thumbnail","hentry","category-noel","category-nouvel-an"],"yoast_head":"<!-- This site is optimized with the Yoast SEO plugin v23.8 - https:\/\/yoast.com\/wordpress\/plugins\/seo\/ -->\n<title>30 id\u00e9es pour souhaiter Joyeux No\u00ebl et Bonne Ann\u00e9e 2026<\/title>\n<meta name=\"description\" content=\"Bonne ann\u00e9e, meilleurs voeux, \u2026 Mais vous avez peut-\u00eatre envie d\u2019envoyer un message de bonne ann\u00e9e original cette ann\u00e9e? Inspirez-vous...\" \/>\n<meta name=\"robots\" content=\"index, follow, max-snippet:-1, max-image-preview:large, max-video-preview:-1\" \/>\n<link rel=\"canonical\" href=\"https:\/\/www.smartphoto.fr\/inspiration\/bonne-annee-meilleurs-voeux\" \/>\n<meta property=\"og:locale\" content=\"fr_FR\" \/>\n<meta property=\"og:type\" content=\"article\" \/>\n<meta property=\"og:title\" content=\"30 id\u00e9es pour souhaiter Joyeux No\u00ebl et Bonne Ann\u00e9e 2026\" \/>\n<meta property=\"og:description\" content=\"Bonne ann\u00e9e, meilleurs voeux, \u2026 Mais vous avez peut-\u00eatre envie d\u2019envoyer un message de bonne ann\u00e9e original cette ann\u00e9e? Inspirez-vous...\" \/>\n<meta property=\"og:url\" content=\"https:\/\/www.smartphoto.fr\/inspiration\/bonne-annee-meilleurs-voeux\" \/>\n<meta property=\"og:site_name\" content=\"smartphoto FR\" \/>\n<meta property=\"article:publisher\" content=\"https:\/\/www.facebook.com\/smartphoto.fr\" \/>\n<meta property=\"article:published_time\" content=\"2025-11-18T16:44:57+00:00\" \/>\n<meta property=\"article:modified_time\" content=\"2025-11-18T16:45:00+00:00\" \/>\n<meta property=\"og:image\" content=\"https:\/\/storage.googleapis.com\/smartphoto-express-production-wp-blogs-com\/10\/2024\/11\/Texte-et-messages-pour-vos-Voeux-de-Noel-et-Nouvel-An-Blog-smartphoto-1.jpg\" \/>\n\t<meta property=\"og:image:width\" content=\"960\" \/>\n\t<meta property=\"og:image:height\" content=\"485\" \/>\n\t<meta property=\"og:image:type\" content=\"image\/jpeg\" \/>\n<meta name=\"author\" content=\"Caroline\" \/>\n<meta name=\"twitter:card\" content=\"summary_large_image\" \/>\n<meta name=\"twitter:creator\" content=\"@smartphoto_fr\" \/>\n<meta name=\"twitter:site\" content=\"@smartphoto_fr\" \/>\n<meta name=\"twitter:label1\" content=\"Written by\" \/>\n\t<meta name=\"twitter:data1\" content=\"Caroline\" \/>\n\t<meta name=\"twitter:label2\" content=\"Est. reading time\" \/>\n\t<meta name=\"twitter:data2\" content=\"7 minutes\" \/>\n<script type=\"application\/ld+json\" class=\"yoast-schema-graph\">{\"@context\":\"https:\/\/schema.org\",\"@graph\":[{\"@type\":\"WebPage\",\"@id\":\"https:\/\/www.smartphoto.fr\/inspiration\/bonne-annee-meilleurs-voeux\",\"url\":\"https:\/\/www.smartphoto.fr\/inspiration\/bonne-annee-meilleurs-voeux\",\"name\":\"30 id\u00e9es pour souhaiter Joyeux No\u00ebl et Bonne Ann\u00e9e 2026\",\"isPartOf\":{\"@id\":\"https:\/\/www.smartphoto.fr\/inspiration\/#website\"},\"primaryImageOfPage\":{\"@id\":\"https:\/\/www.smartphoto.fr\/inspiration\/bonne-annee-meilleurs-voeux#primaryimage\"},\"image\":{\"@id\":\"https:\/\/www.smartphoto.fr\/inspiration\/bonne-annee-meilleurs-voeux#primaryimage\"},\"thumbnailUrl\":\"https:\/\/storage.googleapis.com\/smartphoto-express-production-wp-blogs-com\/10\/2024\/11\/Texte-et-messages-pour-vos-Voeux-de-Noel-et-Nouvel-An-Blog-smartphoto-1.jpg\",\"datePublished\":\"2025-11-18T16:44:57+00:00\",\"dateModified\":\"2025-11-18T16:45:00+00:00\",\"author\":{\"@id\":\"https:\/\/www.smartphoto.fr\/inspiration\/#\/schema\/person\/14abe7c86f4bda0d741e3ec66a39733e\"},\"description\":\"Bonne ann\u00e9e, meilleurs voeux, \u2026 Mais vous avez peut-\u00eatre envie d\u2019envoyer un message de bonne ann\u00e9e original cette ann\u00e9e? Inspirez-vous...\",\"breadcrumb\":{\"@id\":\"https:\/\/www.smartphoto.fr\/inspiration\/bonne-annee-meilleurs-voeux#breadcrumb\"},\"inLanguage\":\"fr-FR\",\"potentialAction\":[{\"@type\":\"ReadAction\",\"target\":[\"https:\/\/www.smartphoto.fr\/inspiration\/bonne-annee-meilleurs-voeux\"]}]},{\"@type\":\"ImageObject\",\"inLanguage\":\"fr-FR\",\"@id\":\"https:\/\/www.smartphoto.fr\/inspiration\/bonne-annee-meilleurs-voeux#primaryimage\",\"url\":\"https:\/\/storage.googleapis.com\/smartphoto-express-production-wp-blogs-com\/10\/2024\/11\/Texte-et-messages-pour-vos-Voeux-de-Noel-et-Nouvel-An-Blog-smartphoto-1.jpg\",\"contentUrl\":\"https:\/\/storage.googleapis.com\/smartphoto-express-production-wp-blogs-com\/10\/2024\/11\/Texte-et-messages-pour-vos-Voeux-de-Noel-et-Nouvel-An-Blog-smartphoto-1.jpg\",\"width\":960,\"height\":485},{\"@type\":\"BreadcrumbList\",\"@id\":\"https:\/\/www.smartphoto.fr\/inspiration\/bonne-annee-meilleurs-voeux#breadcrumb\",\"itemListElement\":[{\"@type\":\"ListItem\",\"position\":1,\"name\":\"Home\",\"item\":\"https:\/\/www.smartphoto.fr\/inspiration\/\"},{\"@type\":\"ListItem\",\"position\":2,\"name\":\"Joyeux No\u00ebl, bonne ann\u00e9e, meilleurs voeux : 30 id\u00e9es pour un message de No\u00ebl original\"}]},{\"@type\":\"WebSite\",\"@id\":\"https:\/\/www.smartphoto.fr\/inspiration\/#website\",\"url\":\"https:\/\/www.smartphoto.fr\/inspiration\/\",\"name\":\"smartphoto FR\",\"description\":\"Le blog de smartphoto France.\",\"potentialAction\":[{\"@type\":\"SearchAction\",\"target\":{\"@type\":\"EntryPoint\",\"urlTemplate\":\"https:\/\/www.smartphoto.fr\/inspiration\/?s={search_term_string}\"},\"query-input\":{\"@type\":\"PropertyValueSpecification\",\"valueRequired\":true,\"valueName\":\"search_term_string\"}}],\"inLanguage\":\"fr-FR\"},{\"@type\":\"Person\",\"@id\":\"https:\/\/www.smartphoto.fr\/inspiration\/#\/schema\/person\/14abe7c86f4bda0d741e3ec66a39733e\",\"name\":\"Caroline\",\"image\":{\"@type\":\"ImageObject\",\"inLanguage\":\"fr-FR\",\"@id\":\"https:\/\/www.smartphoto.fr\/inspiration\/#\/schema\/person\/image\/\",\"url\":\"https:\/\/secure.gravatar.com\/avatar\/3bf4c2775ae12d0bb3bb504b56a0508c?s=96&d=mm&r=g\",\"contentUrl\":\"https:\/\/secure.gravatar.com\/avatar\/3bf4c2775ae12d0bb3bb504b56a0508c?s=96&d=mm&r=g\",\"caption\":\"Caroline\"},\"description\":\"Des id\u00e9es cr\u00e9atives pour vous inspirer, des sujets qui vous aident vraiment dans votre quotidien, voil\u00e0 ce que j'esp\u00e8re partager avec vous via ce blog. Quand je ne blogue pas pour smartphoto, je profites de bons moments en famille avec mon ch\u00e9ri et mes enfants, ou j'\u00e9tudie et je pratique le yoga.\",\"sameAs\":[\"http:\/\/www.smartphoto.fr\/inspiration\",\"https:\/\/www.instagram.com\/smartphoto_fr\/\"],\"url\":\"https:\/\/www.smartphoto.fr\/inspiration\/author\/caroline\"}]}<\/script>\n<!-- \/ Yoast SEO plugin. -->","yoast_head_json":{"title":"30 id\u00e9es pour souhaiter Joyeux No\u00ebl et Bonne Ann\u00e9e 2026","description":"Bonne ann\u00e9e, meilleurs voeux, \u2026 Mais vous avez peut-\u00eatre envie d\u2019envoyer un message de bonne ann\u00e9e original cette ann\u00e9e? Inspirez-vous...","robots":{"index":"index","follow":"follow","max-snippet":"max-snippet:-1","max-image-preview":"max-image-preview:large","max-video-preview":"max-video-preview:-1"},"canonical":"https:\/\/www.smartphoto.fr\/inspiration\/bonne-annee-meilleurs-voeux","og_locale":"fr_FR","og_type":"article","og_title":"30 id\u00e9es pour souhaiter Joyeux No\u00ebl et Bonne Ann\u00e9e 2026","og_description":"Bonne ann\u00e9e, meilleurs voeux, \u2026 Mais vous avez peut-\u00eatre envie d\u2019envoyer un message de bonne ann\u00e9e original cette ann\u00e9e? Inspirez-vous...","og_url":"https:\/\/www.smartphoto.fr\/inspiration\/bonne-annee-meilleurs-voeux","og_site_name":"smartphoto FR","article_publisher":"https:\/\/www.facebook.com\/smartphoto.fr","article_published_time":"2025-11-18T16:44:57+00:00","article_modified_time":"2025-11-18T16:45:00+00:00","og_image":[{"width":960,"height":485,"url":"https:\/\/storage.googleapis.com\/smartphoto-express-production-wp-blogs-com\/10\/2024\/11\/Texte-et-messages-pour-vos-Voeux-de-Noel-et-Nouvel-An-Blog-smartphoto-1.jpg","type":"image\/jpeg"}],"author":"Caroline","twitter_card":"summary_large_image","twitter_creator":"@smartphoto_fr","twitter_site":"@smartphoto_fr","twitter_misc":{"Written by":"Caroline","Est. reading time":"7 minutes"},"schema":{"@context":"https:\/\/schema.org","@graph":[{"@type":"WebPage","@id":"https:\/\/www.smartphoto.fr\/inspiration\/bonne-annee-meilleurs-voeux","url":"https:\/\/www.smartphoto.fr\/inspiration\/bonne-annee-meilleurs-voeux","name":"30 id\u00e9es pour souhaiter Joyeux No\u00ebl et Bonne Ann\u00e9e 2026","isPartOf":{"@id":"https:\/\/www.smartphoto.fr\/inspiration\/#website"},"primaryImageOfPage":{"@id":"https:\/\/www.smartphoto.fr\/inspiration\/bonne-annee-meilleurs-voeux#primaryimage"},"image":{"@id":"https:\/\/www.smartphoto.fr\/inspiration\/bonne-annee-meilleurs-voeux#primaryimage"},"thumbnailUrl":"https:\/\/storage.googleapis.com\/smartphoto-express-production-wp-blogs-com\/10\/2024\/11\/Texte-et-messages-pour-vos-Voeux-de-Noel-et-Nouvel-An-Blog-smartphoto-1.jpg","datePublished":"2025-11-18T16:44:57+00:00","dateModified":"2025-11-18T16:45:00+00:00","author":{"@id":"https:\/\/www.smartphoto.fr\/inspiration\/#\/schema\/person\/14abe7c86f4bda0d741e3ec66a39733e"},"description":"Bonne ann\u00e9e, meilleurs voeux, \u2026 Mais vous avez peut-\u00eatre envie d\u2019envoyer un message de bonne ann\u00e9e original cette ann\u00e9e? Inspirez-vous...","breadcrumb":{"@id":"https:\/\/www.smartphoto.fr\/inspiration\/bonne-annee-meilleurs-voeux#breadcrumb"},"inLanguage":"fr-FR","potentialAction":[{"@type":"ReadAction","target":["https:\/\/www.smartphoto.fr\/inspiration\/bonne-annee-meilleurs-voeux"]}]},{"@type":"ImageObject","inLanguage":"fr-FR","@id":"https:\/\/www.smartphoto.fr\/inspiration\/bonne-annee-meilleurs-voeux#primaryimage","url":"https:\/\/storage.googleapis.com\/smartphoto-express-production-wp-blogs-com\/10\/2024\/11\/Texte-et-messages-pour-vos-Voeux-de-Noel-et-Nouvel-An-Blog-smartphoto-1.jpg","contentUrl":"https:\/\/storage.googleapis.com\/smartphoto-express-production-wp-blogs-com\/10\/2024\/11\/Texte-et-messages-pour-vos-Voeux-de-Noel-et-Nouvel-An-Blog-smartphoto-1.jpg","width":960,"height":485},{"@type":"BreadcrumbList","@id":"https:\/\/www.smartphoto.fr\/inspiration\/bonne-annee-meilleurs-voeux#breadcrumb","itemListElement":[{"@type":"ListItem","position":1,"name":"Home","item":"https:\/\/www.smartphoto.fr\/inspiration\/"},{"@type":"ListItem","position":2,"name":"Joyeux No\u00ebl, bonne ann\u00e9e, meilleurs voeux : 30 id\u00e9es pour un message de No\u00ebl original"}]},{"@type":"WebSite","@id":"https:\/\/www.smartphoto.fr\/inspiration\/#website","url":"https:\/\/www.smartphoto.fr\/inspiration\/","name":"smartphoto FR","description":"Le blog de smartphoto France.","potentialAction":[{"@type":"SearchAction","target":{"@type":"EntryPoint","urlTemplate":"https:\/\/www.smartphoto.fr\/inspiration\/?s={search_term_string}"},"query-input":{"@type":"PropertyValueSpecification","valueRequired":true,"valueName":"search_term_string"}}],"inLanguage":"fr-FR"},{"@type":"Person","@id":"https:\/\/www.smartphoto.fr\/inspiration\/#\/schema\/person\/14abe7c86f4bda0d741e3ec66a39733e","name":"Caroline","image":{"@type":"ImageObject","inLanguage":"fr-FR","@id":"https:\/\/www.smartphoto.fr\/inspiration\/#\/schema\/person\/image\/","url":"https:\/\/secure.gravatar.com\/avatar\/3bf4c2775ae12d0bb3bb504b56a0508c?s=96&d=mm&r=g","contentUrl":"https:\/\/secure.gravatar.com\/avatar\/3bf4c2775ae12d0bb3bb504b56a0508c?s=96&d=mm&r=g","caption":"Caroline"},"description":"Des id\u00e9es cr\u00e9atives pour vous inspirer, des sujets qui vous aident vraiment dans votre quotidien, voil\u00e0 ce que j'esp\u00e8re partager avec vous via ce blog. Quand je ne blogue pas pour smartphoto, je profites de bons moments en famille avec mon ch\u00e9ri et mes enfants, ou j'\u00e9tudie et je pratique le yoga.","sameAs":["http:\/\/www.smartphoto.fr\/inspiration","https:\/\/www.instagram.com\/smartphoto_fr\/"],"url":"https:\/\/www.smartphoto.fr\/inspiration\/author\/caroline"}]}},"_links":{"self":[{"href":"https:\/\/www.smartphoto.fr\/inspiration\/wp-json\/wp\/v2\/posts\/8179","targetHints":{"allow":["GET"]}}],"collection":[{"href":"https:\/\/www.smartphoto.fr\/inspiration\/wp-json\/wp\/v2\/posts"}],"about":[{"href":"https:\/\/www.smartphoto.fr\/inspiration\/wp-json\/wp\/v2\/types\/post"}],"author":[{"embeddable":true,"href":"https:\/\/www.smartphoto.fr\/inspiration\/wp-json\/wp\/v2\/users\/39"}],"replies":[{"embeddable":true,"href":"https:\/\/www.smartphoto.fr\/inspiration\/wp-json\/wp\/v2\/comments?post=8179"}],"version-history":[{"count":27,"href":"https:\/\/www.smartphoto.fr\/inspiration\/wp-json\/wp\/v2\/posts\/8179\/revisions"}],"predecessor-version":[{"id":12845,"href":"https:\/\/www.smartphoto.fr\/inspiration\/wp-json\/wp\/v2\/posts\/8179\/revisions\/12845"}],"wp:featuredmedia":[{"embeddable":true,"href":"https:\/\/www.smartphoto.fr\/inspiration\/wp-json\/wp\/v2\/media\/12840"}],"wp:attachment":[{"href":"https:\/\/www.smartphoto.fr\/inspiration\/wp-json\/wp\/v2\/media?parent=8179"}],"wp:term":[{"taxonomy":"category","embeddable":true,"href":"https:\/\/www.smartphoto.fr\/inspiration\/wp-json\/wp\/v2\/categories?post=8179"},{"taxonomy":"post_tag","embeddable":true,"href":"https:\/\/www.smartphoto.fr\/inspiration\/wp-json\/wp\/v2\/tags?post=8179"}],"curies":[{"name":"wp","href":"https:\/\/api.w.org\/{rel}","templated":true}]}}