{"id":8166,"date":"2021-11-29T18:40:53","date_gmt":"2021-11-29T17:40:53","guid":{"rendered":"\/inspiration\/?p=8166"},"modified":"2022-03-08T15:53:06","modified_gmt":"2022-03-08T14:53:06","slug":"deco-de-noel","status":"publish","type":"post","link":"https:\/\/www.smartphoto.fr\/inspiration\/deco-de-noel","title":{"rendered":"D\u00e9co de No\u00ebl : embellissez votre maison en 6 \u00e9tapes avec Smartphoto"},"content":{"rendered":"\n<p><strong>No\u00ebl, c&rsquo;est avant tout des moments conviviaux pass\u00e9s en compagnie de nos proches. Pour rendre ces moments encore plus uniques et inoubliables, vous pouvez rajouter une d\u00e9co personnalis\u00e9e \u00e0 votre d\u00e9co de no\u00ebl. Cet objet d\u00e9co unique rendra votre d\u00e9co de No\u00ebl originale et inoubliable<\/strong> !<\/p>\n\n\n\n<div class=\"wp-block-image\"><figure class=\"aligncenter size-full is-resized\"><img decoding=\"async\" src=\"https:\/\/storage.googleapis.com\/smartphoto-express-production-wp-blogs-com\/10\/2021\/11\/deco-de-Noel-en-famille.jpg\" alt=\"\" class=\"wp-image-10626\" width=\"500\" srcset=\"https:\/\/storage.googleapis.com\/smartphoto-express-production-wp-blogs-com\/10\/2021\/11\/deco-de-Noel-en-famille.jpg 800w, https:\/\/storage.googleapis.com\/smartphoto-express-production-wp-blogs-com\/10\/2021\/11\/deco-de-Noel-en-famille-300x200.jpg 300w, https:\/\/storage.googleapis.com\/smartphoto-express-production-wp-blogs-com\/10\/2021\/11\/deco-de-Noel-en-famille-768x513.jpg 768w\" sizes=\"(max-width: 800px) 100vw, 800px\" \/><figcaption>D\u00e9corer votre foyer pour No\u00ebl, \u00e7a doit rester un plaisir ! Faites simple ou tr\u00e8s festif, selon vos pr\u00e9f\u00e9rences et votre budget.<\/figcaption><\/figure><\/div>\n\n\n\n<h2 class=\"wp-block-heading\">D\u00e9co de No\u00ebl &#8211; \u00c9tape 1: Choisir et d\u00e9corer le sapin<\/h2>\n\n\n\n<p>Pas de d\u00e9co de No\u00ebl sans sapin ! Que ce soit un vrai, un faux, un sapin upcycl\u00e9 ou m\u00eame un sapin en papier, ce qui compte c&rsquo;est que vous l&rsquo;aimiez.<\/p>\n\n\n\n<div class=\"wp-block-image\"><figure class=\"aligncenter size-full is-resized\"><img decoding=\"async\" src=\"https:\/\/storage.googleapis.com\/smartphoto-express-production-wp-blogs-com\/10\/2021\/11\/choix-du-sapin.jpg\" alt=\"\" class=\"wp-image-10627\" width=\"500\" srcset=\"https:\/\/storage.googleapis.com\/smartphoto-express-production-wp-blogs-com\/10\/2021\/11\/choix-du-sapin.jpg 800w, https:\/\/storage.googleapis.com\/smartphoto-express-production-wp-blogs-com\/10\/2021\/11\/choix-du-sapin-300x200.jpg 300w, https:\/\/storage.googleapis.com\/smartphoto-express-production-wp-blogs-com\/10\/2021\/11\/choix-du-sapin-768x513.jpg 768w\" sizes=\"(max-width: 800px) 100vw, 800px\" \/><figcaption>Un sapin qui vous pla\u00eet, c&rsquo;est la premi\u00e8re \u00e9tape d&rsquo;une d\u00e9co de No\u00ebl qui vous ressemble<\/figcaption><\/figure><\/div>\n\n\n\n<p>Pour d\u00e9corer votre sapin, vous avez largement le choix, et sans doute \u00eates vous d\u00e9j\u00e0 \u00e9quip\u00e9. Mais que diriez-vous d&rsquo;ajouter une tradition magique \u00e0 vos f\u00eates de No\u00ebl ? Chaque ann\u00e9e, <a href=\"https:\/\/www.smartphoto.fr\/cadeaux-photo\/boules-de-noel-photo\" target=\"_blank\" rel=\"noreferrer noopener\">commandez une boule de No\u00ebl personnalis\u00e9e<\/a> avec une photo de famille, voire une photo par membre de la famille. Voil\u00e0 qui fera discuter vos convives chaque ann\u00e9e autour du sapin \ud83d\ude09<\/p>\n\n\n\n<div class=\"wp-block-image\"><figure class=\"aligncenter size-full is-resized\"><a href=\"https:\/\/www.smartphoto.fr\/cadeaux-photo\/boules-de-noel-photo\" target=\"_blank\" rel=\"noopener\"><img decoding=\"async\" src=\"https:\/\/storage.googleapis.com\/smartphoto-express-production-wp-blogs-com\/10\/2021\/11\/xmas-baubles-boules-de-Noel.jpg\" alt=\"\" class=\"wp-image-10628\" width=\"500\" srcset=\"https:\/\/storage.googleapis.com\/smartphoto-express-production-wp-blogs-com\/10\/2021\/11\/xmas-baubles-boules-de-Noel.jpg 800w, https:\/\/storage.googleapis.com\/smartphoto-express-production-wp-blogs-com\/10\/2021\/11\/xmas-baubles-boules-de-Noel-300x200.jpg 300w, https:\/\/storage.googleapis.com\/smartphoto-express-production-wp-blogs-com\/10\/2021\/11\/xmas-baubles-boules-de-Noel-768x511.jpg 768w\" sizes=\"(max-width: 800px) 100vw, 800px\" \/><\/a><figcaption>D\u00e9co de No\u00ebl &#8211; Boules de No\u00ebl<\/figcaption><\/figure><\/div>\n\n\n\n<p>Ces <a href=\"https:\/\/www.smartphoto.fr\/cadeaux-photo\/decoration-noel-bois\" target=\"_blank\" rel=\"noreferrer noopener\">d\u00e9corations de No\u00ebl en bois<\/a> sont \u00e9galement super chouettes pour \u00e9gayer votre sapin, elles lui donnent une touche \u00e9l\u00e9gante. En plus, apr\u00e8s No\u00ebl, vous pouvez les suspendre au mur ou autre part dans la maison. Situation parfaite !<\/p>\n\n\n\n<div class=\"wp-block-image\"><figure class=\"aligncenter size-full is-resized\"><a href=\"https:\/\/www.smartphoto.fr\/cadeaux-photo\/decoration-noel-bois\" target=\"_blank\" rel=\"noopener\"><img decoding=\"async\" src=\"https:\/\/storage.googleapis.com\/smartphoto-express-production-wp-blogs-com\/10\/2021\/11\/deco-de-noel-en-bois.jpg\" alt=\"\" class=\"wp-image-10629\" width=\"500\" srcset=\"https:\/\/storage.googleapis.com\/smartphoto-express-production-wp-blogs-com\/10\/2021\/11\/deco-de-noel-en-bois.jpg 780w, https:\/\/storage.googleapis.com\/smartphoto-express-production-wp-blogs-com\/10\/2021\/11\/deco-de-noel-en-bois-300x207.jpg 300w, https:\/\/storage.googleapis.com\/smartphoto-express-production-wp-blogs-com\/10\/2021\/11\/deco-de-noel-en-bois-768x529.jpg 768w\" sizes=\"(max-width: 780px) 100vw, 780px\" \/><\/a><figcaption>D\u00e9co de No\u00ebl &#8211; D\u00e9corations de No\u00ebl en bois<\/figcaption><\/figure><\/div>\n\n\n\n<h2 class=\"wp-block-heading\">\u00c9tape 2 : guirlandes et lumi\u00e8re<\/h2>\n\n\n\n<p>Au milieu d&rsquo;un hiver sombre, No\u00ebl est un \u00e9v\u00e8nement entour\u00e9 d&rsquo;une abondance de petites lumi\u00e8res. Pour votre maison, vous pouvez bien s\u00fbr installer des guirlandes lumineuses. Les guirlandes Led sont \u00e0 la fois s\u00fbres et \u00e9conomiques. A l&rsquo;int\u00e9rieur comme \u00e0 l&rsquo;ext\u00e9rieur, elles seront du plus bel effet. <\/p>\n\n\n\n<div class=\"wp-block-image\"><figure class=\"aligncenter size-full is-resized\"><img decoding=\"async\" src=\"https:\/\/storage.googleapis.com\/smartphoto-express-production-wp-blogs-com\/10\/2021\/11\/enfants-lumiere.jpg\" alt=\"\" class=\"wp-image-10630\" width=\"500\" srcset=\"https:\/\/storage.googleapis.com\/smartphoto-express-production-wp-blogs-com\/10\/2021\/11\/enfants-lumiere.jpg 800w, https:\/\/storage.googleapis.com\/smartphoto-express-production-wp-blogs-com\/10\/2021\/11\/enfants-lumiere-300x200.jpg 300w, https:\/\/storage.googleapis.com\/smartphoto-express-production-wp-blogs-com\/10\/2021\/11\/enfants-lumiere-768x513.jpg 768w\" sizes=\"(max-width: 800px) 100vw, 800px\" \/><\/figure><\/div>\n\n\n\n<h3 class=\"wp-block-heading\">Et pour la touche personnalis\u00e9e : les bougies et photophores<\/h3>\n\n\n\n<p>Mais puisque nous parlons ici de d\u00e9co personnalis\u00e9e, nous allons vous donner une astuce en or : ces <a href=\"https:\/\/www.smartphoto.fr\/cadeaux-photo\/bougeoir-photo\" target=\"_blank\" rel=\"noreferrer noopener\">photophores en verre translucide<\/a> ont \u00e0 la fois le peps et la douceur requises pour une d\u00e9co de No\u00ebl qui rendra votre maison apaisante&nbsp;en un rien de temps ! <a href=\"https:\/\/www.smartphoto.fr\/cadeaux-photo\/bougeoir-photo\">Le boug<\/a><a href=\"https:\/\/www.smartphoto.fr\/cadeaux-photo\/bougeoir-photo\" target=\"_blank\" rel=\"noreferrer noopener\">e<\/a><a href=\"https:\/\/www.smartphoto.fr\/cadeaux-photo\/bougeoir-photo\">oir en c\u00e9ramique<\/a> est \u00e9galement un incontournable. Parfait pour une ambiance de No\u00ebl toute douce et cocoon. <\/p>\n\n\n\n<div class=\"wp-block-image\"><figure class=\"aligncenter size-full is-resized\"><a href=\"https:\/\/www.smartphoto.fr\/cadeaux-photo\/bougeoir-photo\" target=\"_blank\" rel=\"noopener\"><img decoding=\"async\" src=\"https:\/\/storage.googleapis.com\/smartphoto-express-production-wp-blogs-com\/10\/2021\/11\/bougeoir.jpg\" alt=\"\" class=\"wp-image-10631\" width=\"500\" srcset=\"https:\/\/storage.googleapis.com\/smartphoto-express-production-wp-blogs-com\/10\/2021\/11\/bougeoir.jpg 780w, https:\/\/storage.googleapis.com\/smartphoto-express-production-wp-blogs-com\/10\/2021\/11\/bougeoir-300x207.jpg 300w, https:\/\/storage.googleapis.com\/smartphoto-express-production-wp-blogs-com\/10\/2021\/11\/bougeoir-768x529.jpg 768w\" sizes=\"(max-width: 780px) 100vw, 780px\" \/><\/a><figcaption>D\u00e9co de No\u00ebl &#8211; <a href=\"https:\/\/www.smartphoto.fr\/cadeaux-photo\/bougeoir-photo\" target=\"_blank\" rel=\"noreferrer noopener\">Bougeoir<\/a> photo en c\u00e9ramique<\/figcaption><\/figure><\/div>\n\n\n\n<p>Pssst : n&rsquo;h\u00e9sitez pas \u00e0 utiliser des bougies Led si vous voulez \u00eatre tranquille en terme de s\u00e9curit\u00e9 et si vous avez des enfants. De notre c\u00f4t\u00e9, nous les avons test\u00e9es et approuv\u00e9es !<\/p>\n\n\n\n<h2 class=\"wp-block-heading\">D\u00e9co de No\u00ebl &#8211; \u00c9tape 3: des murs au plafond<\/h2>\n\n\n\n<p>Une d\u00e9co de No\u00ebl chaleureuse peut \u00eatre tr\u00e8s minimaliste, ou remplir tout l&rsquo;espace pour un effet hyper fun et cocoon. Vous pouvez ajouter aux murs des photos de No\u00ebl que vous aimez, ou <a href=\"https:\/\/www.smartphoto.fr\/cadeaux-photo\/guirlande-de-fanions\" target=\"_blank\" rel=\"noreferrer noopener\">cr\u00e9er une guirlande de fanion <\/a>avec vos photos et vos voeux. Pssst : les guirlandes sont imprim\u00e9es recto verso ! <\/p>\n\n\n\n<div class=\"wp-block-image\"><figure class=\"aligncenter is-resized\"><a href=\"https:\/\/www.smartphoto.fr\/cadeaux-photo\/guirlande-de-fanions\" target=\"_blank\" rel=\"noopener\"><img decoding=\"async\" src=\"https:\/\/storage.googleapis.com\/smartphoto-express-production-wp-blogs-com\/9\/2019\/11\/deco-de-noel-guirlandes.jpg\" alt=\"\" class=\"wp-image-41784\" width=\"500\" \/><\/a><figcaption>D\u00e9co de No\u00ebl &#8211; Guirlande personnalis\u00e9e photo<\/figcaption><\/figure><\/div>\n\n\n\n<p>Un <a href=\"https:\/\/www.smartphoto.fr\/deco-photo\/poster-pele-mele\" target=\"_blank\" rel=\"noreferrer noopener\">poster photo avec support magn\u00e9tique<\/a> est la d\u00e9co murale id\u00e9ale pour changer r\u00e9guli\u00e8rement l&rsquo;atmosph\u00e8re de votre maison : vous pouvez <a href=\"https:\/\/www.smartphoto.fr\/deco-photo\/poster-pele-mele\" target=\"_blank\" rel=\"noreferrer noopener\">changer le poster<\/a> en un tour de main !<\/p>\n\n\n\n<div class=\"wp-block-image\"><figure class=\"aligncenter size-full is-resized\"><a href=\"https:\/\/www.smartphoto.fr\/deco-photo\/poster-pele-mele\" target=\"_blank\" rel=\"noopener\"><img decoding=\"async\" src=\"https:\/\/storage.googleapis.com\/smartphoto-express-production-wp-blogs-com\/10\/2021\/11\/poster-support-magnetique.jpg\" alt=\"\" class=\"wp-image-10632\" width=\"500\" srcset=\"https:\/\/storage.googleapis.com\/smartphoto-express-production-wp-blogs-com\/10\/2021\/11\/poster-support-magnetique.jpg 780w, https:\/\/storage.googleapis.com\/smartphoto-express-production-wp-blogs-com\/10\/2021\/11\/poster-support-magnetique-300x207.jpg 300w, https:\/\/storage.googleapis.com\/smartphoto-express-production-wp-blogs-com\/10\/2021\/11\/poster-support-magnetique-768x529.jpg 768w\" sizes=\"(max-width: 780px) 100vw, 780px\" \/><\/a><figcaption>Imprimez votre photo de voeux pour d\u00e9corer vos murs \u00e0 No\u00ebl !<\/figcaption><\/figure><\/div>\n\n\n\n<div class=\"wp-block-media-text alignwide is-stacked-on-mobile\"><figure class=\"wp-block-media-text__media\"><a href=\"https:\/\/www.smartphoto.fr\/deco-photo\/photo-sur-toile?optiongroup=canvasframe\" target=\"_blank\" rel=\"noopener\"><img loading=\"lazy\" decoding=\"async\" width=\"780\" height=\"537\" src=\"https:\/\/storage.googleapis.com\/smartphoto-express-production-wp-blogs-com\/10\/2021\/11\/framed-canvas.jpg\" alt=\"\" class=\"wp-image-10633 size-full\" srcset=\"https:\/\/storage.googleapis.com\/smartphoto-express-production-wp-blogs-com\/10\/2021\/11\/framed-canvas.jpg 780w, https:\/\/storage.googleapis.com\/smartphoto-express-production-wp-blogs-com\/10\/2021\/11\/framed-canvas-300x207.jpg 300w, https:\/\/storage.googleapis.com\/smartphoto-express-production-wp-blogs-com\/10\/2021\/11\/framed-canvas-768x529.jpg 768w\" sizes=\"auto, (max-width: 780px) 100vw, 780px\" \/><\/a><\/figure><div class=\"wp-block-media-text__content\">\n<blockquote class=\"wp-block-quote is-layout-flow wp-block-quote-is-layout-flow\"><p>Pour une version plus durable et tr\u00e8s chic, choisissez la <a href=\"https:\/\/www.smartphoto.fr\/deco-photo\/photo-sur-toile?optiongroup=canvasframe\" target=\"_blank\" rel=\"noreferrer noopener\">toile photo avec cadre<\/a><\/p><\/blockquote>\n<\/div><\/div>\n\n\n\n<p>Si vous aimez la d\u00e9co utile, <a href=\"https:\/\/www.smartphoto.fr\/calendrier-photo\/planning-annuel-support-magnetique\" target=\"_blank\" rel=\"noreferrer noopener\">ce planning annuel avec photos<\/a> devrait vous plaire. Vous pouvez r\u00e9utiliser le support magn\u00e9tique chaque ann\u00e9e et <a href=\"https:\/\/www.smartphoto.fr\/calendrier-photo\/planning-annuel\" target=\"_blank\" rel=\"noreferrer noopener\">r\u00e9-imprimer seulement le planning<\/a>. Parfait pour les familles surbook\u00e9es qui veulent faire de grands projets pour la nouvelle ann\u00e9e !<\/p>\n\n\n\n<div class=\"wp-block-image\"><figure class=\"aligncenter size-full is-resized\"><a href=\"https:\/\/www.smartphoto.fr\/calendrier-photo\/planning-annuel-support-magnetique\" target=\"_blank\" rel=\"noopener\"><img decoding=\"async\" src=\"https:\/\/storage.googleapis.com\/smartphoto-express-production-wp-blogs-com\/10\/2021\/11\/2022-planning-deco.jpg\" alt=\"\" class=\"wp-image-10634\" width=\"500\" srcset=\"https:\/\/storage.googleapis.com\/smartphoto-express-production-wp-blogs-com\/10\/2021\/11\/2022-planning-deco.jpg 780w, https:\/\/storage.googleapis.com\/smartphoto-express-production-wp-blogs-com\/10\/2021\/11\/2022-planning-deco-300x207.jpg 300w, https:\/\/storage.googleapis.com\/smartphoto-express-production-wp-blogs-com\/10\/2021\/11\/2022-planning-deco-768x529.jpg 768w\" sizes=\"(max-width: 780px) 100vw, 780px\" \/><\/a><figcaption>Planning annuel avec photos<\/figcaption><\/figure><\/div>\n\n\n\n<h2 class=\"wp-block-heading\"> D\u00e9co de No\u00ebl &#8211; \u00c9tape 4:  Un \u00e9l\u00e9ment de d\u00e9co qui attire l&rsquo;oeil<\/h2>\n\n\n\n<p>Pour une d\u00e9co qui vous ressemble, ajoutez un accessoire de d\u00e9coration qui sort de l&rsquo;ordinaire et qui attirera l&rsquo;oeil de vos visiteurs. Cela peut \u00eatre une fa\u00e7on de pr\u00e9senter votre cr\u00e8che de No\u00ebl, si vous en installez une, ou une statue de P\u00e8re No\u00ebl, ou encore un accessoire de d\u00e9coration personnalis\u00e9 qui refl\u00e8tera \u00e0 merveille l&rsquo;esprit de votre famille pour No\u00ebl. <strong><em>Pour cela, nous avons quelques id\u00e9es&#8230;<\/em><\/strong><\/p>\n\n\n\n<h3 class=\"wp-block-heading\">4.1. Les pots de fleurs personnalis\u00e9s <\/h3>\n\n\n\n<p>Cette id\u00e9e d\u00e9co de No\u00ebl est notre favori absolu ! Il s&rsquo;agit de <a href=\"https:\/\/www.smartphoto.fr\/cadeaux-photo\/pot-fleurs\" target=\"_blank\" rel=\"noreferrer noopener\">pots de fleurs en c\u00e9ramique<\/a> personnalis\u00e9s avec vos photos et \/ ou des citations et textes de votre choix. Vous pouvez en commander un set de 3, livr\u00e9 avec un plateau de pr\u00e9sentation en bois, ou en commander un seul. C&rsquo;est l&rsquo;accessoire parfait pour une d\u00e9co qui sort de l&rsquo;ordinaire ! Ils peuvent aussi servir \u00e0 pr\u00e9senter des bonbons, des couverts etc. sur un buffet de f\u00eate.<\/p>\n\n\n\n<div class=\"wp-block-image\"><figure class=\"aligncenter size-full is-resized\"><a href=\"https:\/\/www.smartphoto.fr\/cadeaux-photo\/pot-fleurs\" target=\"_blank\" rel=\"noopener\"><img decoding=\"async\" src=\"https:\/\/storage.googleapis.com\/smartphoto-express-production-wp-blogs-com\/10\/2021\/11\/pots-de-fleurs.jpg\" alt=\"\" class=\"wp-image-10635\" width=\"500\" srcset=\"https:\/\/storage.googleapis.com\/smartphoto-express-production-wp-blogs-com\/10\/2021\/11\/pots-de-fleurs.jpg 780w, https:\/\/storage.googleapis.com\/smartphoto-express-production-wp-blogs-com\/10\/2021\/11\/pots-de-fleurs-300x207.jpg 300w, https:\/\/storage.googleapis.com\/smartphoto-express-production-wp-blogs-com\/10\/2021\/11\/pots-de-fleurs-768x529.jpg 768w\" sizes=\"(max-width: 780px) 100vw, 780px\" \/><\/a><figcaption>D\u00e9co de No\u00ebl &#8211; <a href=\"https:\/\/www.smartphoto.fr\/cadeaux-photo\/pot-fleurs\" target=\"_blank\" rel=\"noreferrer noopener\">Petits pot de fleurs<\/a> en c\u00e9ramique<\/figcaption><\/figure><\/div>\n\n\n\n<h3 class=\"wp-block-heading\">4.2 D\u00e9co de No\u00ebl personnalis\u00e9e : les coussins<\/h3>\n\n\n\n<p>On reste dans le cocooning et le confort mais cette fois-ci on parle de <a href=\"https:\/\/www.smartphoto.fr\/cadeaux-photo\/coussin-photo\" target=\"_blank\" rel=\"noreferrer noopener\">coussins<\/a> personnalis\u00e9s sur le th\u00e8me de No\u00ebl. Bien \u00e9videmment, vous pouvez ici aussi choisir de le personnaliser avec du texte ou des photos. Plusieurs mod\u00e8les et formats sont disponibles. A coup sur une pi\u00e8ce unique ! <\/p>\n\n\n\n<figure class=\"wp-block-gallery has-nested-images columns-default is-cropped wp-block-gallery-1 is-layout-flex wp-block-gallery-is-layout-flex\">\n<figure class=\"wp-block-image size-large\"><img decoding=\"async\" data-id=\"43011\" src=\"https:\/\/storage.googleapis.com\/smartphoto-express-production-wp-blogs-com\/9\/2021\/11\/Pillow-valentin.jpg\" alt=\"\" class=\"wp-image-43011\" \/><\/figure>\n\n\n\n<figure class=\"wp-block-image size-large\"><img decoding=\"async\" data-id=\"43012\" src=\"https:\/\/storage.googleapis.com\/smartphoto-express-production-wp-blogs-com\/9\/2021\/11\/Pillow40x40FrontNBack_GIF_Lifestyle6.gif\" alt=\"\" class=\"wp-image-43012\" \/><\/figure>\n\n\n\n<figure class=\"wp-block-image size-large\"><img decoding=\"async\" data-id=\"43014\" src=\"https:\/\/storage.googleapis.com\/smartphoto-express-production-wp-blogs-com\/9\/2021\/11\/coussin-deco-de-Noel-bebe.jpg\" alt=\"\" class=\"wp-image-43014\" \/><\/figure>\n<\/figure>\n\n\n\n<h4 class=\"wp-block-heading\">D\u00e9couvrez ici tous les <a href=\"https:\/\/www.smartphoto.fr\/noel\/decoration-noel\" target=\"_blank\" rel=\"noreferrer noopener\">objets de d\u00e9coration \u00e0 personnaliser pour No\u00ebl <\/a><\/h4>\n\n\n\n<h3 class=\"wp-block-heading\">4.3.  D\u00e9co de No\u00ebl : un mur magn\u00e9tique avec vos photos<\/h3>\n\n\n\n<p>Vous avez un mur magn\u00e9tique ? Profitez en pour cr\u00e9er une d\u00e9co qui sort de l&rsquo;ordinaire avec des magnets r\u00e9alis\u00e9s \u00e0 partir de vos photos. Vous pariez que tout le monde ira discuter pr\u00e8s de cette d\u00e9co ? <\/p>\n\n\n\n<div class=\"wp-block-image\"><figure class=\"aligncenter size-full is-resized\"><a href=\"https:\/\/www.smartphoto.fr\/cadeaux-photo\/magnet-personnalise\" target=\"_blank\" rel=\"noopener\"><img decoding=\"async\" src=\"https:\/\/storage.googleapis.com\/smartphoto-express-production-wp-blogs-com\/9\/2021\/11\/magnets-retro.jpg\" alt=\"\" class=\"wp-image-43020\" width=\"500\" \/><\/a><figcaption>D\u00e9couvrez ici tous les <strong><a href=\"https:\/\/www.smartphoto.fr\/cadeaux-photo\/magnet-personnalise\" target=\"_blank\" rel=\"noreferrer noopener\">magnets<\/a><\/strong> smartphoto<\/figcaption><\/figure><\/div>\n\n\n\n<div class=\"wp-block-media-text alignwide is-stacked-on-mobile\"><figure class=\"wp-block-media-text__media\"><a href=\"https:\/\/www.smartphoto.fr\/designselection.aspx?p=magnetsheetsquare&amp;dg=christmasmagnets\" target=\"_blank\" rel=\"noopener\"><img decoding=\"async\" src=\"https:\/\/storage.googleapis.com\/smartphoto-express-production-wp-blogs-com\/9\/2021\/11\/magnets-deco-de-noel-1.jpg\" alt=\"\" class=\"wp-image-43021 size-full\" \/><\/a><\/figure><div class=\"wp-block-media-text__content\">\n<blockquote class=\"wp-block-quote is-layout-flow wp-block-quote-is-layout-flow\"><p>D\u00e9couvrez tous nos <a href=\"https:\/\/www.smartphoto.fr\/cadeaux-photo\/magnet-personnalise\" target=\"_blank\" rel=\"noreferrer noopener\">formats de magnets<\/a> ainsi qu&rsquo;une collection sp\u00e9ciale de <a href=\"https:\/\/www.smartphoto.fr\/designselection.aspx?p=magnetsheetsquare&amp;dg=christmasmagnets\" target=\"_blank\" rel=\"noreferrer noopener\">magnets photo de No\u00ebl<\/a> ! Une d\u00e9co super originale, n&rsquo;est-ce pas ?<\/p><\/blockquote>\n<\/div><\/div>\n\n\n\n<h2 class=\"wp-block-heading\">D\u00e9co de No\u00ebl &#8211; \u00c9tape 5 : D\u00e9cos \u00e0 poser pour No\u00ebl<\/h2>\n\n\n\n<p>La 4\u00e8me \u00e9tape est la plus amusante selon moi : il s&rsquo;agit de disposer des petites d\u00e9corations de No\u00ebl un peu partout dans votre maison. Les \u00e9taf\u00e8res, meuble d&rsquo;entr\u00e9e, la bilbioth\u00e8que et la table de salon sont les lieux les plus habituels, mais vous pouvez \u00eatre cr\u00e9atif et inventer votre d\u00e9co selon vos pr\u00e9f\u00e9rences ! <strong><em>Ces quelques objets devraient vous inspirer&#8230;<\/em><\/strong><\/p>\n\n\n\n<h3 class=\"wp-block-heading\">5.1. Du salon&#8230;<\/h3>\n\n\n\n<p>Ces <a href=\"https:\/\/www.smartphoto.fr\/cadeaux-photo\/sous-verre-luxe\" target=\"_blank\" rel=\"noreferrer noopener\">sous-verres<\/a> sont une excellente fa\u00e7on d&rsquo;afficher vos plus belles photos sur la table du salon. La qualit\u00e9 d&rsquo;impression est vraiment incroyable ! Vous pouvez aussi choisir un design avec photo et texte, ou m\u00eame avec du texte uniquement, pour afficher de jolies citations ou des voeux de No\u00ebl. D\u00e9couvrez <a href=\"\/inspiration\/bonne-annee-meilleurs-voeux\" target=\"_blank\" rel=\"noreferrer noopener\">des id\u00e9es de texte dans cet article<\/a>.<\/p>\n\n\n\n<div class=\"wp-block-image\"><figure class=\"aligncenter size-full is-resized\"><a href=\"https:\/\/www.smartphoto.fr\/cadeaux-photo\/sous-verre-luxe\" target=\"_blank\" rel=\"noopener\"><img decoding=\"async\" src=\"https:\/\/storage.googleapis.com\/smartphoto-express-production-wp-blogs-com\/9\/2021\/11\/dessous-de-verre.jpg\" alt=\"\" class=\"wp-image-43023\" width=\"500\" \/><\/a><\/figure><\/div>\n\n\n\n<h3 class=\"wp-block-heading\">5.2. &#8230; \u00e0 la salle de bain !<\/h3>\n\n\n\n<p>Vous voulez une petite touche d\u00e9co de No\u00ebl <strong>dans votre salle de bain<\/strong> ? D\u00e9couvrez<a href=\"https:\/\/www.smartphoto.fr\/coffret-cadeau\/coffret-cadeau-relax\" target=\"_blank\" rel=\"noreferrer noopener\"> le coffret relax<\/a>, et commandez un set avec diffuseur de parfum personnalis\u00e9. Pour une ambiance de No\u00ebl d\u00e9licieusement parfum\u00e9e.<\/p>\n\n\n\n<div class=\"wp-block-image\"><figure class=\"aligncenter size-full is-resized\"><a href=\"https:\/\/www.smartphoto.fr\/coffret-cadeau\/coffret-cadeau-relax\" target=\"_blank\" rel=\"noopener\"><img loading=\"lazy\" decoding=\"async\" src=\"https:\/\/storage.googleapis.com\/smartphoto-express-production-wp-blogs-com\/9\/2021\/11\/Relax-box.jpg\" alt=\"\" class=\"wp-image-43025\" width=\"500\" height=\"333\" \/><\/a><figcaption>Existe aussi en<a href=\"https:\/\/www.smartphoto.fr\/coffret-cadeau\/coffret-cadeau-relax?pvc=S2GRelaxTerraHouseperfumeXLStickSqEngraved\" target=\"_blank\" rel=\"noreferrer noopener\"> version Terracotta<\/a><\/figcaption><\/figure><\/div>\n\n\n\n<h3 class=\"wp-block-heading\">5.3. D\u00e9co de No\u00ebl avec vos souvenirs <\/h3>\n\n\n\n<p>Cr\u00e9ez une <a href=\"https:\/\/www.smartphoto.fr\/cadeaux-photo\/photo-sur-verre\" target=\"_blank\" rel=\"noreferrer noopener\">photo sur verre<\/a> avec vos souvenirs pr\u00e9f\u00e9r\u00e9s de l&rsquo;ann\u00e9e qui s&rsquo;ach\u00e8ve. Une d\u00e9co \u00e0 ch\u00e9rire et conserver pour plus tard !<\/p>\n\n\n\n<div class=\"wp-block-image\"><figure class=\"aligncenter size-full is-resized\"><a href=\"https:\/\/www.smartphoto.fr\/cadeaux-photo\/photo-sur-verre\" target=\"_blank\" rel=\"noopener\"><img decoding=\"async\" src=\"https:\/\/storage.googleapis.com\/smartphoto-express-production-wp-blogs-com\/9\/2021\/11\/bloc-photo-sur-verre.jpg\" alt=\"\" class=\"wp-image-43022\" width=\"500\" \/><\/a><\/figure><\/div>\n\n\n\n<p>Pour afficher quelques photos et citations de No\u00ebl en toute simplicit\u00e9, composez une <a href=\"https:\/\/www.smartphoto.fr\/faire-part-cartes\/carte-portfolio\" target=\"_blank\" rel=\"noreferrer noopener\">carte portfolio<\/a> \u00e0 votre go\u00fbt. Avec ses 8 volets, vous avez tout l&rsquo;espace pour vous exprimer, sans la complexit\u00e9 d&rsquo;un livre photo. <\/p>\n\n\n\n<div class=\"wp-block-image\"><figure class=\"aligncenter size-full is-resized\"><a href=\"https:\/\/www.smartphoto.fr\/faire-part-cartes\/carte-portfolio\" target=\"_blank\" rel=\"noopener\"><img decoding=\"async\" src=\"https:\/\/storage.googleapis.com\/smartphoto-express-production-wp-blogs-com\/9\/2021\/11\/carte-de-Noel-portfolio.jpg\" alt=\"\" class=\"wp-image-43026\" width=\"500\" \/><\/a><\/figure><\/div>\n\n\n\n<p><strong><em>Ce sont aussi d&rsquo;adorables petits <a href=\"https:\/\/www.smartphoto.fr\/anniversaire\/cadeaux-remerciements-invites\" target=\"_blank\" rel=\"noreferrer noopener\">cadeaux \u00e0 offrir \u00e0 vos invit\u00e9s<\/a> !<\/em><\/strong><\/p>\n\n\n\n<h3 class=\"wp-block-heading\">D\u00e9co de No\u00ebl &#8211; \u00c9tape 6: d\u00e9coration de la table<\/h3>\n\n\n\n<p>Le d\u00eener de No\u00ebl se rapproche, il est donc temps dresser votre table sur le th\u00e8me de No\u00ebl.<\/p>\n\n\n\n<h3 class=\"wp-block-heading\"><strong>6.1 : Cartes de menu<\/strong><\/h3>\n\n\n\n<p>Tout d&rsquo;abord vous faites votre menu. Ensuite, vous choisissez les plats. Et enfin, il ne vous restera plus qu&rsquo;\u00e0 les inscrire dans votre&nbsp;<a href=\"https:\/\/www.smartphoto.fr\/produits\/designselection.aspx?pcg=cards.large&amp;occ=xmas&amp;purpose=menu\" target=\"_blank\" rel=\"noreferrer noopener\">carte de menu<\/a>. De cette fa\u00e7on, vous mettrez d\u00e9j\u00e0 l&rsquo;eau \u00e0 la bouche de vos invit\u00e9s!<\/p>\n\n\n\n<div class=\"wp-block-image\"><figure class=\"aligncenter is-resized\"><a href=\"https:\/\/www.smartphoto.fr\/produits\/designselection.aspx?pcg=cards.large&amp;occ=xmas&amp;purpose=menu\" target=\"_blank\" rel=\"noopener\"><img decoding=\"async\" src=\"https:\/\/storage.googleapis.com\/smartphoto-express-production-wp-blogs-com\/9\/2019\/11\/deco-de-noel-menu.jpg\" alt=\"\" class=\"wp-image-41788\" width=\"500\" \/><\/a><figcaption>D\u00e9co de No\u00ebl &#8211; <a href=\"https:\/\/www.smartphoto.fr\/produits\/designselection.aspx?pcg=cards.large&amp;occ=xmas&amp;purpose=menu\" target=\"_blank\" rel=\"noreferrer noopener\">Cartes menu<\/a><\/figcaption><\/figure><\/div>\n\n\n\n<h3 class=\"wp-block-heading\"><strong>6.2 : sets de table<\/strong><\/h3>\n\n\n\n<p>Si vous avez des enfants \u00e0 votre table de No\u00ebl, vous pourrez appr\u00e9cier l&rsquo;utilisation de sets de table ! <\/p>\n\n\n\n<p>Vous pouvez choisir de faitre imprimer de beaux <a href=\"https:\/\/www.smartphoto.fr\/cadeaux-photo\/set-de-table-plastique\" target=\"_blank\" rel=\"noreferrer noopener\">sets de table r\u00e9utilisables<\/a> en plastique flexible et lavable. Les enfants vont les adorer ! <\/p>\n\n\n\n<div class=\"wp-block-image\"><figure class=\"aligncenter size-full is-resized\"><a href=\"https:\/\/www.smartphoto.fr\/cadeaux-photo\/set-de-table-plastique\" target=\"_blank\" rel=\"noopener\"><img decoding=\"async\" src=\"https:\/\/storage.googleapis.com\/smartphoto-express-production-wp-blogs-com\/9\/2021\/11\/set-de-table.jpg\" alt=\"\" class=\"wp-image-43028\" width=\"500\" \/><\/a><\/figure><\/div>\n\n\n\n<div class=\"wp-block-media-text alignwide is-stacked-on-mobile\" style=\"grid-template-columns:44% auto\"><figure class=\"wp-block-media-text__media\"><a href=\"https:\/\/www.smartphoto.fr\/cadeaux-photo\/lot-sets-de-table-photo\" target=\"_blank\" rel=\"noopener\"><img decoding=\"async\" src=\"https:\/\/storage.googleapis.com\/smartphoto-express-production-wp-blogs-com\/9\/2021\/11\/set-de-table-papier.jpg\" alt=\"\" class=\"wp-image-43029 size-full\" \/><\/a><\/figure><div class=\"wp-block-media-text__content\">\n<blockquote class=\"wp-block-quote is-layout-flow wp-block-quote-is-layout-flow\"><p>Vous pouvez \u00e9galement commander <a href=\"https:\/\/www.smartphoto.fr\/cadeaux-photo\/lot-sets-de-table-photo\" target=\"_blank\" rel=\"noreferrer noopener\">des sets de table en papier<\/a>, mais ils ne passeront pas les f\u00eates \ud83d\ude09<\/p><\/blockquote>\n<\/div><\/div>\n\n\n\n<h3 class=\"wp-block-heading\"><strong>6.3 : Cartes nominatives<\/strong><\/h3>\n\n\n\n<p>Vous voulez placer vos invit\u00e9s ? Faites imprimer des <a href=\"https:\/\/www.smartphoto.fr\/faire-part-cartes\/marque-place-personnalise\" target=\"_blank\" rel=\"noreferrer noopener\">marques-places<\/a> personnalis\u00e9s pour vos invit\u00e9s !&nbsp;Choisissez une photo ou une citation qui correspond vraiment \u00e0 la personne d\u00e9sign\u00e9e, ou utilisez leur photo, un dessin&#8230; laissez parler votre cr\u00e9ativit\u00e9 !&nbsp;&nbsp;<\/p>\n\n\n\n<div class=\"wp-block-image\"><figure class=\"aligncenter is-resized\"><a href=\"https:\/\/www.smartphoto.fr\/faire-part-cartes\/marque-place-personnalise\" target=\"_blank\" rel=\"noopener\"><img decoding=\"async\" src=\"https:\/\/storage.googleapis.com\/smartphoto-express-production-wp-blogs-com\/9\/2019\/11\/deco-de-noel-cartes-de-table.jpg\" alt=\"\" class=\"wp-image-41790\" width=\"500\" \/><\/a><figcaption>D\u00e9co de No\u00ebl &#8211; <a href=\"https:\/\/www.smartphoto.fr\/faire-part-cartes\/marque-place-personnalise\" target=\"_blank\" rel=\"noreferrer noopener\">Marques-place<\/a><\/figcaption><\/figure><\/div>\n\n\n\n<h3 class=\"wp-block-heading\">6.3. Verres grav\u00e9s personnalis\u00e9s<\/h3>\n\n\n\n<p>Quoi de plus sp\u00e9cial que les f\u00eates de No\u00ebl ? Pour l&rsquo;occasion, vous pouvez faire graver des accessoires avec des textes tels que \u00ab\u00a0Joyeux No\u00ebl \u00ab\u00a0, \u00ab\u00a0Bonne ann\u00e9e 2022\u00a0\u00bb, etc. <a href=\"https:\/\/www.smartphoto.fr\/cadeaux-photo\/carafe\">Cette carafe en verre<\/a> est magnifique sur une table et peut \u00e9galement servir de d\u00e9co originale, en y pla\u00e7ant de petites boules de No\u00ebl aux tons assortis \u00e0 votre d\u00e9co de No\u00ebl !<\/p>\n\n\n\n<div class=\"wp-block-image\"><figure class=\"aligncenter size-full\"><a href=\"https:\/\/www.smartphoto.fr\/cadeaux-photo\/produits-graves\"><img decoding=\"async\" src=\"https:\/\/storage.googleapis.com\/smartphoto-express-production-wp-blogs-com\/9\/2021\/11\/deco-de-Noel-carafe.jpg\" alt=\"\" class=\"wp-image-43037\" \/><\/a><figcaption>D\u00e9couvrez ici tous les<a href=\"https:\/\/www.smartphoto.fr\/cadeaux-photo\/produits-graves\" target=\"_blank\" rel=\"noreferrer noopener\"> produits grav\u00e9s smartphoto<\/a><\/figcaption><\/figure><\/div>\n\n\n\n<hr class=\"wp-block-separator\" \/>\n\n\n\n<p>Il existe de nombreux autres produits de la gamme de smartphoto qui peuvent \u00eatre utiles pendant la p\u00e9riode de No\u00ebl. <a href=\"https:\/\/www.smartphoto.fr\/noel\/decoration-noel\" target=\"_blank\" rel=\"noreferrer noopener\">D\u00e9couvrez-les ici !<\/a><\/p>\n\n\n\n<p>D&rsquo;autres bonnes id\u00e9es pour d\u00e9corer la maison avec smartphoto?  Partagez les en commentaires ou partagez vos cr\u00e9ations avec le hashtag   <strong>#mysmartphoto<\/strong> sur <a href=\"https:\/\/www.facebook.com\/smartphoto.fr\" target=\"_blank\" rel=\"noreferrer noopener\">Facebook<\/a>, <a href=\"https:\/\/www.instagram.com\/smartphoto_fr\/\" target=\"_blank\" rel=\"noreferrer noopener\">Instagram<\/a> ou <a href=\"https:\/\/www.pinterest.com\/smartphotofr\/\" target=\"_blank\" rel=\"noreferrer noopener\">Pinterest<\/a> !<\/p>\n\n\n\n<figure class=\"wp-block-image\"><a href=\"https:\/\/www.smartphoto.fr\/noel\/decoration-noel\"><img decoding=\"async\" src=\"https:\/\/storage.googleapis.com\/smartphoto-express-production-wp-blogs-com\/9\/2019\/11\/Blog_ChristmasDeco_CTA_FR.jpg\" alt=\"\" class=\"wp-image-41792\" \/><\/a><\/figure>\n\n\n\n<p><strong>Lisez aussi : <\/strong><\/p>\n\n\n\n<ul class=\"wp-block-list\"><li><a href=\"https:\/\/www.smartphoto.fr\/inspiration\/decoration-table-de-noel\" target=\"_blank\" rel=\"noreferrer noopener\">D\u00e9coration de table de No\u00ebl : 11 id\u00e9es \u00e0 tomber<\/a><\/li><li><a href=\"https:\/\/www.smartphoto.fr\/inspiration\/diy-deco-noel\" target=\"_blank\" rel=\"noreferrer noopener\">DIY d\u00e9co No\u00ebl : plein d&rsquo;id\u00e9es pour votre d\u00e9co<\/a><\/li><li><a href=\"\/inspiration\/bonne-annee-meilleurs-voeux\" target=\"_blank\" rel=\"noreferrer noopener\">Des id\u00e9es de textes pour vos voeux<\/a><\/li><\/ul>\n\n\n<p><\/p>","protected":false},"excerpt":{"rendered":"<p>No\u00ebl, c&rsquo;est avant tout des moments conviviaux pass\u00e9s en compagnie de nos proches. Pour rendre ces moments encore plus uniques et inoubliables, vous pouvez rajouter une d\u00e9co personnalis\u00e9e \u00e0 votre d\u00e9co de no\u00ebl. Cet objet d\u00e9co unique rendra votre d\u00e9co de No\u00ebl originale et inoubliable ! D\u00e9co de No\u00ebl &#8211; \u00c9tape 1: Choisir et d\u00e9corer le sapin Pas de d\u00e9co de No\u00ebl sans sapin ! Que ce soit un vrai, un faux, un sapin upcycl\u00e9 ou m\u00eame un sapin en papier, ce qui compte c&rsquo;est que vous l&rsquo;aimiez. Pour d\u00e9corer votre sapin, vous avez largement le choix, et sans doute<\/p>\n","protected":false},"author":1,"featured_media":10639,"comment_status":"open","ping_status":"open","sticky":false,"template":"","format":"standard","meta":{"om_disable_all_campaigns":false,"_monsterinsights_skip_tracking":false,"_monsterinsights_sitenote_active":false,"_monsterinsights_sitenote_note":"","_monsterinsights_sitenote_category":0,"footnotes":""},"categories":[13,78],"tags":[],"class_list":["post-8166","post","type-post","status-publish","format-standard","has-post-thumbnail","hentry","category-decoration","category-noel"],"yoast_head":"<!-- This site is optimized with the Yoast SEO plugin v23.8 - https:\/\/yoast.com\/wordpress\/plugins\/seo\/ -->\n<title>D\u00e9co de No\u00ebl : embellissez votre maison en 6 \u00e9tapes avec Smartphoto<\/title>\n<meta name=\"description\" content=\"Pour rendre votre No\u00ebl encore plus uniques et inoubliables, je vous propose de rajouter une touche suppl\u00e9mentaire \u00e0 votre d\u00e9co de no\u00ebl. Par ici =&gt;\" \/>\n<meta name=\"robots\" content=\"index, follow, max-snippet:-1, max-image-preview:large, max-video-preview:-1\" \/>\n<link rel=\"canonical\" href=\"https:\/\/www.smartphoto.fr\/inspiration\/deco-de-noel\" \/>\n<meta property=\"og:locale\" content=\"fr_FR\" \/>\n<meta property=\"og:type\" content=\"article\" \/>\n<meta property=\"og:title\" content=\"D\u00e9co de No\u00ebl : embellissez votre maison en 6 \u00e9tapes avec Smartphoto\" \/>\n<meta property=\"og:description\" content=\"Pour rendre votre No\u00ebl encore plus uniques et inoubliables, je vous propose de rajouter une touche suppl\u00e9mentaire \u00e0 votre d\u00e9co de no\u00ebl. Par ici =&gt;\" \/>\n<meta property=\"og:url\" content=\"\/inspiration\/deco-de-noel\" \/>\n<meta property=\"og:site_name\" content=\"smartphoto FR\" \/>\n<meta property=\"article:publisher\" content=\"https:\/\/www.facebook.com\/smartphoto.fr\" \/>\n<meta property=\"article:published_time\" content=\"2021-11-29T17:40:53+00:00\" \/>\n<meta property=\"article:modified_time\" content=\"2022-03-08T14:53:06+00:00\" \/>\n<meta property=\"og:image\" content=\"https:\/\/storage.googleapis.com\/smartphoto-express-production-wp-blogs-com\/10\/2021\/11\/matin-de-Noel-en-famille.jpg\" \/>\n\t<meta property=\"og:image:width\" content=\"800\" \/>\n\t<meta property=\"og:image:height\" content=\"534\" \/>\n\t<meta property=\"og:image:type\" content=\"image\/jpeg\" \/>\n<meta name=\"author\" content=\"admin\" \/>\n<meta name=\"twitter:card\" content=\"summary_large_image\" \/>\n<meta name=\"twitter:creator\" content=\"@smartphoto_fr\" \/>\n<meta name=\"twitter:site\" content=\"@smartphoto_fr\" \/>\n<meta name=\"twitter:label1\" content=\"Written by\" \/>\n\t<meta name=\"twitter:data1\" content=\"admin\" \/>\n\t<meta name=\"twitter:label2\" content=\"Est. reading time\" \/>\n\t<meta name=\"twitter:data2\" content=\"8 minutes\" \/>\n<script type=\"application\/ld+json\" class=\"yoast-schema-graph\">{\"@context\":\"https:\/\/schema.org\",\"@graph\":[{\"@type\":\"WebPage\",\"@id\":\"\/inspiration\/deco-de-noel\",\"url\":\"https:\/\/www.smartphoto.fr\/inspiration\/deco-de-noel\",\"name\":\"D\u00e9co de No\u00ebl : embellissez votre maison en 6 \u00e9tapes avec Smartphoto\",\"isPartOf\":{\"@id\":\"https:\/\/www.smartphoto.fr\/inspiration\/#website\"},\"primaryImageOfPage\":{\"@id\":\"https:\/\/www.smartphoto.fr\/inspiration\/deco-de-noel#primaryimage\"},\"image\":{\"@id\":\"https:\/\/www.smartphoto.fr\/inspiration\/deco-de-noel#primaryimage\"},\"thumbnailUrl\":\"https:\/\/storage.googleapis.com\/smartphoto-express-production-wp-blogs-com\/10\/2021\/11\/matin-de-Noel-en-famille.jpg\",\"datePublished\":\"2021-11-29T17:40:53+00:00\",\"dateModified\":\"2022-03-08T14:53:06+00:00\",\"author\":{\"@id\":\"https:\/\/www.smartphoto.fr\/inspiration\/#\/schema\/person\/c256b3f50ae468ee69f4b486108c797b\"},\"description\":\"Pour rendre votre No\u00ebl encore plus uniques et inoubliables, je vous propose de rajouter une touche suppl\u00e9mentaire \u00e0 votre d\u00e9co de no\u00ebl. Par ici =>\",\"breadcrumb\":{\"@id\":\"https:\/\/www.smartphoto.fr\/inspiration\/deco-de-noel#breadcrumb\"},\"inLanguage\":\"fr-FR\",\"potentialAction\":[{\"@type\":\"ReadAction\",\"target\":[\"https:\/\/www.smartphoto.fr\/inspiration\/deco-de-noel\"]}]},{\"@type\":\"ImageObject\",\"inLanguage\":\"fr-FR\",\"@id\":\"https:\/\/www.smartphoto.fr\/inspiration\/deco-de-noel#primaryimage\",\"url\":\"https:\/\/storage.googleapis.com\/smartphoto-express-production-wp-blogs-com\/10\/2021\/11\/matin-de-Noel-en-famille.jpg\",\"contentUrl\":\"https:\/\/storage.googleapis.com\/smartphoto-express-production-wp-blogs-com\/10\/2021\/11\/matin-de-Noel-en-famille.jpg\",\"width\":800,\"height\":534},{\"@type\":\"BreadcrumbList\",\"@id\":\"https:\/\/www.smartphoto.fr\/inspiration\/deco-de-noel#breadcrumb\",\"itemListElement\":[{\"@type\":\"ListItem\",\"position\":1,\"name\":\"Home\",\"item\":\"https:\/\/www.smartphoto.fr\/inspiration\/\"},{\"@type\":\"ListItem\",\"position\":2,\"name\":\"D\u00e9co de No\u00ebl : embellissez votre maison en 6 \u00e9tapes avec Smartphoto\"}]},{\"@type\":\"WebSite\",\"@id\":\"https:\/\/www.smartphoto.fr\/inspiration\/#website\",\"url\":\"https:\/\/www.smartphoto.fr\/inspiration\/\",\"name\":\"smartphoto FR\",\"description\":\"Le blog de smartphoto France.\",\"potentialAction\":[{\"@type\":\"SearchAction\",\"target\":{\"@type\":\"EntryPoint\",\"urlTemplate\":\"https:\/\/www.smartphoto.fr\/inspiration\/?s={search_term_string}\"},\"query-input\":{\"@type\":\"PropertyValueSpecification\",\"valueRequired\":true,\"valueName\":\"search_term_string\"}}],\"inLanguage\":\"fr-FR\"},{\"@type\":\"Person\",\"@id\":\"https:\/\/www.smartphoto.fr\/inspiration\/#\/schema\/person\/c256b3f50ae468ee69f4b486108c797b\",\"name\":\"admin\",\"image\":{\"@type\":\"ImageObject\",\"inLanguage\":\"fr-FR\",\"@id\":\"https:\/\/www.smartphoto.fr\/inspiration\/#\/schema\/person\/image\/\",\"url\":\"https:\/\/secure.gravatar.com\/avatar\/8f9488249a21b1f2cc85dc7982dc95c4?s=96&d=mm&r=g\",\"contentUrl\":\"https:\/\/secure.gravatar.com\/avatar\/8f9488249a21b1f2cc85dc7982dc95c4?s=96&d=mm&r=g\",\"caption\":\"admin\"},\"url\":\"https:\/\/www.smartphoto.fr\/inspiration\/author\/admin\"}]}<\/script>\n<!-- \/ Yoast SEO plugin. -->","yoast_head_json":{"title":"D\u00e9co de No\u00ebl : embellissez votre maison en 6 \u00e9tapes avec Smartphoto","description":"Pour rendre votre No\u00ebl encore plus uniques et inoubliables, je vous propose de rajouter une touche suppl\u00e9mentaire \u00e0 votre d\u00e9co de no\u00ebl. Par ici =>","robots":{"index":"index","follow":"follow","max-snippet":"max-snippet:-1","max-image-preview":"max-image-preview:large","max-video-preview":"max-video-preview:-1"},"canonical":"https:\/\/www.smartphoto.fr\/inspiration\/deco-de-noel","og_locale":"fr_FR","og_type":"article","og_title":"D\u00e9co de No\u00ebl : embellissez votre maison en 6 \u00e9tapes avec Smartphoto","og_description":"Pour rendre votre No\u00ebl encore plus uniques et inoubliables, je vous propose de rajouter une touche suppl\u00e9mentaire \u00e0 votre d\u00e9co de no\u00ebl. Par ici =>","og_url":"\/inspiration\/deco-de-noel","og_site_name":"smartphoto FR","article_publisher":"https:\/\/www.facebook.com\/smartphoto.fr","article_published_time":"2021-11-29T17:40:53+00:00","article_modified_time":"2022-03-08T14:53:06+00:00","og_image":[{"width":800,"height":534,"url":"https:\/\/storage.googleapis.com\/smartphoto-express-production-wp-blogs-com\/10\/2021\/11\/matin-de-Noel-en-famille.jpg","type":"image\/jpeg"}],"author":"admin","twitter_card":"summary_large_image","twitter_creator":"@smartphoto_fr","twitter_site":"@smartphoto_fr","twitter_misc":{"Written by":"admin","Est. reading time":"8 minutes"},"schema":{"@context":"https:\/\/schema.org","@graph":[{"@type":"WebPage","@id":"\/inspiration\/deco-de-noel","url":"https:\/\/www.smartphoto.fr\/inspiration\/deco-de-noel","name":"D\u00e9co de No\u00ebl : embellissez votre maison en 6 \u00e9tapes avec Smartphoto","isPartOf":{"@id":"https:\/\/www.smartphoto.fr\/inspiration\/#website"},"primaryImageOfPage":{"@id":"https:\/\/www.smartphoto.fr\/inspiration\/deco-de-noel#primaryimage"},"image":{"@id":"https:\/\/www.smartphoto.fr\/inspiration\/deco-de-noel#primaryimage"},"thumbnailUrl":"https:\/\/storage.googleapis.com\/smartphoto-express-production-wp-blogs-com\/10\/2021\/11\/matin-de-Noel-en-famille.jpg","datePublished":"2021-11-29T17:40:53+00:00","dateModified":"2022-03-08T14:53:06+00:00","author":{"@id":"https:\/\/www.smartphoto.fr\/inspiration\/#\/schema\/person\/c256b3f50ae468ee69f4b486108c797b"},"description":"Pour rendre votre No\u00ebl encore plus uniques et inoubliables, je vous propose de rajouter une touche suppl\u00e9mentaire \u00e0 votre d\u00e9co de no\u00ebl. Par ici =>","breadcrumb":{"@id":"https:\/\/www.smartphoto.fr\/inspiration\/deco-de-noel#breadcrumb"},"inLanguage":"fr-FR","potentialAction":[{"@type":"ReadAction","target":["https:\/\/www.smartphoto.fr\/inspiration\/deco-de-noel"]}]},{"@type":"ImageObject","inLanguage":"fr-FR","@id":"https:\/\/www.smartphoto.fr\/inspiration\/deco-de-noel#primaryimage","url":"https:\/\/storage.googleapis.com\/smartphoto-express-production-wp-blogs-com\/10\/2021\/11\/matin-de-Noel-en-famille.jpg","contentUrl":"https:\/\/storage.googleapis.com\/smartphoto-express-production-wp-blogs-com\/10\/2021\/11\/matin-de-Noel-en-famille.jpg","width":800,"height":534},{"@type":"BreadcrumbList","@id":"https:\/\/www.smartphoto.fr\/inspiration\/deco-de-noel#breadcrumb","itemListElement":[{"@type":"ListItem","position":1,"name":"Home","item":"https:\/\/www.smartphoto.fr\/inspiration\/"},{"@type":"ListItem","position":2,"name":"D\u00e9co de No\u00ebl : embellissez votre maison en 6 \u00e9tapes avec Smartphoto"}]},{"@type":"WebSite","@id":"https:\/\/www.smartphoto.fr\/inspiration\/#website","url":"https:\/\/www.smartphoto.fr\/inspiration\/","name":"smartphoto FR","description":"Le blog de smartphoto France.","potentialAction":[{"@type":"SearchAction","target":{"@type":"EntryPoint","urlTemplate":"https:\/\/www.smartphoto.fr\/inspiration\/?s={search_term_string}"},"query-input":{"@type":"PropertyValueSpecification","valueRequired":true,"valueName":"search_term_string"}}],"inLanguage":"fr-FR"},{"@type":"Person","@id":"https:\/\/www.smartphoto.fr\/inspiration\/#\/schema\/person\/c256b3f50ae468ee69f4b486108c797b","name":"admin","image":{"@type":"ImageObject","inLanguage":"fr-FR","@id":"https:\/\/www.smartphoto.fr\/inspiration\/#\/schema\/person\/image\/","url":"https:\/\/secure.gravatar.com\/avatar\/8f9488249a21b1f2cc85dc7982dc95c4?s=96&d=mm&r=g","contentUrl":"https:\/\/secure.gravatar.com\/avatar\/8f9488249a21b1f2cc85dc7982dc95c4?s=96&d=mm&r=g","caption":"admin"},"url":"https:\/\/www.smartphoto.fr\/inspiration\/author\/admin"}]}},"_links":{"self":[{"href":"https:\/\/www.smartphoto.fr\/inspiration\/wp-json\/wp\/v2\/posts\/8166","targetHints":{"allow":["GET"]}}],"collection":[{"href":"https:\/\/www.smartphoto.fr\/inspiration\/wp-json\/wp\/v2\/posts"}],"about":[{"href":"https:\/\/www.smartphoto.fr\/inspiration\/wp-json\/wp\/v2\/types\/post"}],"author":[{"embeddable":true,"href":"https:\/\/www.smartphoto.fr\/inspiration\/wp-json\/wp\/v2\/users\/1"}],"replies":[{"embeddable":true,"href":"https:\/\/www.smartphoto.fr\/inspiration\/wp-json\/wp\/v2\/comments?post=8166"}],"version-history":[{"count":14,"href":"https:\/\/www.smartphoto.fr\/inspiration\/wp-json\/wp\/v2\/posts\/8166\/revisions"}],"predecessor-version":[{"id":11032,"href":"https:\/\/www.smartphoto.fr\/inspiration\/wp-json\/wp\/v2\/posts\/8166\/revisions\/11032"}],"wp:featuredmedia":[{"embeddable":true,"href":"https:\/\/www.smartphoto.fr\/inspiration\/wp-json\/wp\/v2\/media\/10639"}],"wp:attachment":[{"href":"https:\/\/www.smartphoto.fr\/inspiration\/wp-json\/wp\/v2\/media?parent=8166"}],"wp:term":[{"taxonomy":"category","embeddable":true,"href":"https:\/\/www.smartphoto.fr\/inspiration\/wp-json\/wp\/v2\/categories?post=8166"},{"taxonomy":"post_tag","embeddable":true,"href":"https:\/\/www.smartphoto.fr\/inspiration\/wp-json\/wp\/v2\/tags?post=8166"}],"curies":[{"name":"wp","href":"https:\/\/api.w.org\/{rel}","templated":true}]}}