{"id":8127,"date":"2018-10-21T10:45:45","date_gmt":"2018-10-21T08:45:45","guid":{"rendered":"\/inspiration\/?p=8127"},"modified":"2022-02-22T23:24:33","modified_gmt":"2022-02-22T22:24:33","slug":"voeux-de-fin-dannee","status":"publish","type":"post","link":"https:\/\/www.smartphoto.fr\/inspiration\/voeux-de-fin-dannee","title":{"rendered":"Voeux de fin d&rsquo;ann\u00e9e : comment \u00eatre pr\u00eat \u00e0 temps?"},"content":{"rendered":"<p><b>Chaque ann\u00e9e, c\u2019est la course pour envoyer vos voeux de fin d&rsquo;ann\u00e9e ? Il est temps de changer de rythme ! Avec ce plan \u201cpas \u00e0 pas\u201d, le stress des voeux de fin d&rsquo;ann\u00e9e fond comme neige au soleil.<\/b><\/p>\n<p><span style=\"font-weight: 400\">Comment envoyer vos voeux de fin d&rsquo;ann\u00e9e \u00e0 temps ? D\u00e8s maintenant, r\u00e9servez un peu de temps dans votre agenda pour chaque \u00e9tape de ce plan !<\/span><\/p>\n<p><img loading=\"lazy\" decoding=\"async\" class=\"alignnone wp-image-40270 size-full\" src=\"https:\/\/storage.googleapis.com\/smartphoto-express-production-wp-blogs-com\/9\/2018\/10\/v1.jpg\" alt=\" \u00eatre pr\u00eat \u00e0 temps - voeux de bonne ann\u00e9e\" width=\"780\" height=\"384\" \/><\/p>\n<h2><span style=\"font-weight: 400\">\u00c9tape 1: choisissez ou prenez vos photos<\/span><\/h2>\n<p><b>Quand ? La premi\u00e8re semaine de d\u00e9cembre.<\/b><\/p>\n<p><span style=\"font-weight: 400\">Quelle photo souhaitez-vous placer sur vos voeux de fin d&rsquo;ann\u00e9e ? Vous pouvez choisir une belle photo de vos vacances, ou prendre une photo pour l\u2019occasion, sur le th\u00e8me de No\u00ebl par exemple. Si vous voulez prendre une nouvelle photo, prenez le temps de la mise en sc\u00e8ne et prenez beaucoup de photos avec des angles diff\u00e9rents, vous pourrez ensuite choisir la meilleure version pour vos voeux de bonne ann\u00e9e.\u00a0<\/span><\/p>\n<p><img loading=\"lazy\" decoding=\"async\" class=\"alignnone size-full wp-image-8302\" src=\"https:\/\/storage.googleapis.com\/smartphoto-express-production-wp-blogs-com\/10\/2018\/10\/Photoshoot.jpg\" alt=\"Photoshoot - voeux de fin d'ann\u00e9e \" width=\"800\" height=\"533\" srcset=\"https:\/\/storage.googleapis.com\/smartphoto-express-production-wp-blogs-com\/10\/2018\/10\/Photoshoot.jpg 800w, https:\/\/storage.googleapis.com\/smartphoto-express-production-wp-blogs-com\/10\/2018\/10\/Photoshoot-300x200.jpg 300w, https:\/\/storage.googleapis.com\/smartphoto-express-production-wp-blogs-com\/10\/2018\/10\/Photoshoot-768x512.jpg 768w\" sizes=\"auto, (max-width: 800px) 100vw, 800px\" \/><\/p>\n<h2><\/h2>\n<h2><\/h2>\n<h2><\/h2>\n<h2><\/h2>\n<h2><\/h2>\n<h2><\/h2>\n<h2><\/h2>\n<h2><\/h2>\n<h2><\/h2>\n<h2 style=\"text-align: left\"><span style=\"font-weight: 400\">\u00c9tape 2 : rassemblez les adresses<\/span><\/h2>\n<p style=\"text-align: left\"><b>Quand ? La premi\u00e8re semaine de d\u00e9cembre.<\/b><\/p>\n<p style=\"text-align: left\"><span style=\"font-weight: 400\">Il vaut mieux pr\u00e9parer cette \u00e9tape tout au long de l&rsquo;ann\u00e9e : chaque fois que vous recevez une invitation, un faire-part, etc. notez l\u2019adresse de vos proches dans un fichier \u00e9lectronique ou placez l\u2019enveloppe avec l\u2019adresse de l\u2019exp\u00e9diteur dans une farde. D\u00e9but d\u00e9cembre, rassemblez le tout et compl\u00e9tez votre liste.<\/span><\/p>\n<p><img loading=\"lazy\" decoding=\"async\" class=\"alignnone size-full wp-image-8303\" src=\"https:\/\/storage.googleapis.com\/smartphoto-express-production-wp-blogs-com\/10\/2018\/10\/lettres_adresses.jpg\" alt=\"lettres_adresses- voeux de fin d'ann\u00e9e \" width=\"780\" height=\"537\" srcset=\"https:\/\/storage.googleapis.com\/smartphoto-express-production-wp-blogs-com\/10\/2018\/10\/lettres_adresses.jpg 780w, https:\/\/storage.googleapis.com\/smartphoto-express-production-wp-blogs-com\/10\/2018\/10\/lettres_adresses-300x207.jpg 300w, https:\/\/storage.googleapis.com\/smartphoto-express-production-wp-blogs-com\/10\/2018\/10\/lettres_adresses-768x529.jpg 768w\" sizes=\"auto, (max-width: 780px) 100vw, 780px\" \/><\/p>\n<p>&nbsp;<\/p>\n<h2><span style=\"font-weight: 400\">\u00c9tape 3: formulez vos voeux de fin d&rsquo;ann\u00e9e<\/span><\/h2>\n<p><b>Quand ? La deuxi\u00e8me semaine de d\u00e9cembre.<\/b><\/p>\n<p><span style=\"font-weight: 400\">Ca vaut la peine de s\u2019y prendre un peu \u00e0 l\u2019avance pour trouver un joli texte pour souhaiter une bonne fin d&rsquo;ann\u00e9e \u00e0 vos proches. Choisissez un souhait qui correspond \u00e0 votre personnalit\u00e9 et que vos proches seront heureux de lire et d\u2019afficher au mur. Vous pouvez le faire en m\u00eame temps que l\u2019\u00e9tape 4.<\/span><\/p>\n<p><img loading=\"lazy\" decoding=\"async\" class=\"alignnone wp-image-40272 size-full\" src=\"https:\/\/storage.googleapis.com\/smartphoto-express-production-wp-blogs-com\/9\/2018\/10\/v3.jpg\" alt=\"formulez vos - voeux de bonne ann\u00e9e\" width=\"800\" height=\"533\" \/><\/p>\n<h2><span style=\"font-weight: 400\">\u00c9tape 4: cr\u00e9ez vos voeux de fin d&rsquo;ann\u00e9e<\/span><\/h2>\n<p><b>Quand ? La deuxi\u00e8me semaine de d\u00e9cembre.<\/b><\/p>\n<p><span style=\"font-weight: 400\">Choisissez un design existant ou cr\u00e9ez votre propre composition, c\u2019est \u00e0 vous de voir ! Vous voulez des voeux parfaits ? D\u00e9couvrez les autocollants pour l\u2019adresse de l\u2019exp\u00e9diteur et ceux pour l\u2019adresse du destinataire. Vous pouvez les assortir au style de vos <a href=\"https:\/\/www.smartphoto.fr\/faire-part-cartes\/carte-bonne-annee\">cartes de voeux<\/a> !<\/span><\/p>\n<p><img loading=\"lazy\" decoding=\"async\" class=\"alignnone size-full wp-image-8304\" src=\"https:\/\/storage.googleapis.com\/smartphoto-express-production-wp-blogs-com\/10\/2018\/10\/carte-voeux-de-fins-dann\u00e9e.jpg\" alt=\"carte voeux de fins d'ann\u00e9e - personnalisable \" width=\"800\" height=\"533\" srcset=\"https:\/\/storage.googleapis.com\/smartphoto-express-production-wp-blogs-com\/10\/2018\/10\/carte-voeux-de-fins-dann\u00e9e.jpg 800w, https:\/\/storage.googleapis.com\/smartphoto-express-production-wp-blogs-com\/10\/2018\/10\/carte-voeux-de-fins-dann\u00e9e-300x200.jpg 300w, https:\/\/storage.googleapis.com\/smartphoto-express-production-wp-blogs-com\/10\/2018\/10\/carte-voeux-de-fins-dann\u00e9e-768x512.jpg 768w\" sizes=\"auto, (max-width: 800px) 100vw, 800px\" \/><\/p>\n<h2><span style=\"font-weight: 400\">\u00c9tape 5: envoyez vos voeux de fin d&rsquo;ann\u00e9e<\/span><\/h2>\n<p><b>Quand ? La troisi\u00e8me semaine de d\u00e9cembre.<\/b><\/p>\n<p><span style=\"font-weight: 400\">Vous avez re\u00e7u vos cartes ? Pr\u00e9voyez une soir\u00e9e en famille cette semaine pour mettre sous enveloppe et envoyez vos voeux de bonne ann\u00e9e. Gr\u00e2ce aux autocollants d&rsquo;adresse, vous n&rsquo;avez plus besoin d&rsquo;\u00e9crire les adresses \u00e0 la main. Nos <a href=\"https:\/\/www.smartphoto.fr\/cadeaux-photo\/etiquettes-adresse\">\u00e9tiquettes adresse\u00a0<\/a><\/span>personnalis\u00e9es, sont faciles \u00e0 utiliser. Il vous suffit de coller l&rsquo;\u00e9tiquette sur toutes vos invitations et le tour est jou\u00e9 ! Ainsi, il vous reste un peu de temps pour profiter de cette soir\u00e9e en famille \ud83d\ude42<\/p>\n<p><img loading=\"lazy\" decoding=\"async\" class=\"alignnone wp-image-40303 size-full\" src=\"https:\/\/storage.googleapis.com\/smartphoto-express-production-wp-blogs-com\/9\/2018\/10\/vh.jpg\" alt=\"envoyez vos - voeux de bonne ann\u00e9e\" width=\"780\" height=\"537\" \/><\/p>\n<p>&nbsp;<\/p>\n<p><b>Avez-vous d\u2019autres conseils pour envoyer vos voeux de bonne ann\u00e9e \u00e0 temps ? <\/b><\/p>\n<p><b>Partagez vos id\u00e9es dans les commentaires ci-dessous ou sur les m\u00e9dias sociaux avec le hashtag #smartphoto : <a href=\"https:\/\/www.facebook.com\/smartphoto.fr\/\">facebook<\/a>, <a href=\"https:\/\/www.instagram.com\/smartphoto_fr\/\">instagram<\/a>, <a href=\"https:\/\/www.pinterest.com\/smartphotofr\/\">pinterest<\/a> ou <a href=\"https:\/\/twitter.com\/smartphoto_fr\">twitter<\/a>\u00a0<\/b><\/p>\n<p><a href=\"https:\/\/www.smartphoto.fr\/noel\/carte-de-v%C5%93ux\"><img loading=\"lazy\" decoding=\"async\" class=\"alignnone wp-image-40304 size-full\" src=\"https:\/\/storage.googleapis.com\/smartphoto-express-production-wp-blogs-com\/9\/2018\/10\/Blog_ChristmasCards_CTA_FR.jpg\" alt=\"d\u00e9couvrez nos cartes de voeux - voeux de bonne ann\u00e9e\" width=\"720\" height=\"280\" \/><\/a><\/p>\n<p>&nbsp;<\/p>\n<p>&nbsp;<\/p>\n","protected":false},"excerpt":{"rendered":"<p>Chaque ann\u00e9e, c\u2019est la course pour envoyer vos voeux de fin d&rsquo;ann\u00e9e ? Il est temps de changer de rythme ! Avec ce plan \u201cpas \u00e0 pas\u201d, le stress des voeux de fin d&rsquo;ann\u00e9e fond comme neige au soleil. Comment envoyer vos voeux de fin d&rsquo;ann\u00e9e \u00e0 temps ? D\u00e8s maintenant, r\u00e9servez un peu de temps dans votre agenda pour chaque \u00e9tape de ce plan ! \u00c9tape 1: choisissez ou prenez vos photos Quand ? La premi\u00e8re semaine de d\u00e9cembre. Quelle photo souhaitez-vous placer sur vos voeux de fin d&rsquo;ann\u00e9e ? Vous pouvez choisir une belle photo de vos vacances,<\/p>\n","protected":false},"author":1,"featured_media":8303,"comment_status":"open","ping_status":"open","sticky":false,"template":"","format":"standard","meta":{"om_disable_all_campaigns":false,"_monsterinsights_skip_tracking":false,"_monsterinsights_sitenote_active":false,"_monsterinsights_sitenote_note":"","_monsterinsights_sitenote_category":0,"footnotes":""},"categories":[78,79],"tags":[],"class_list":["post-8127","post","type-post","status-publish","format-standard","has-post-thumbnail","hentry","category-noel","category-nouvel-an"],"yoast_head":"<!-- This site is optimized with the Yoast SEO plugin v23.8 - https:\/\/yoast.com\/wordpress\/plugins\/seo\/ -->\n<title>Voeux de fin d&#039;ann\u00e9e : comment \u00eatre pr\u00eat \u00e0 temps? - smartphoto FR<\/title>\n<meta name=\"description\" content=\"Chaque ann\u00e9e, c\u2019est la course pour envoyer vos voeux de fin d&#039;ann\u00e9e ? Il est temps de changer de rythme ! Avec ce plan \u201cpas \u00e0 pas\u201d, le stress s&#039;arr\u00eate l\u00e0 !\" \/>\n<meta name=\"robots\" content=\"index, follow, max-snippet:-1, max-image-preview:large, max-video-preview:-1\" \/>\n<link rel=\"canonical\" href=\"https:\/\/www.smartphoto.fr\/inspiration\/voeux-de-fin-dannee\" \/>\n<meta property=\"og:locale\" content=\"fr_FR\" \/>\n<meta property=\"og:type\" content=\"article\" \/>\n<meta property=\"og:title\" content=\"Voeux de fin d&#039;ann\u00e9e : comment \u00eatre pr\u00eat \u00e0 temps? - smartphoto FR\" \/>\n<meta property=\"og:description\" content=\"Chaque ann\u00e9e, c\u2019est la course pour envoyer vos voeux de fin d&#039;ann\u00e9e ? Il est temps de changer de rythme ! Avec ce plan \u201cpas \u00e0 pas\u201d, le stress s&#039;arr\u00eate l\u00e0 !\" \/>\n<meta property=\"og:url\" content=\"\/inspiration\/voeux-de-fin-dannee\" \/>\n<meta property=\"og:site_name\" content=\"smartphoto FR\" \/>\n<meta property=\"article:publisher\" content=\"https:\/\/www.facebook.com\/smartphoto.fr\" \/>\n<meta property=\"article:published_time\" content=\"2018-10-21T08:45:45+00:00\" \/>\n<meta property=\"article:modified_time\" content=\"2022-02-22T22:24:33+00:00\" \/>\n<meta property=\"og:image\" content=\"https:\/\/storage.googleapis.com\/smartphoto-express-production-wp-blogs-com\/10\/2018\/10\/lettres_adresses.jpg\" \/>\n\t<meta property=\"og:image:width\" content=\"780\" \/>\n\t<meta property=\"og:image:height\" content=\"537\" \/>\n\t<meta property=\"og:image:type\" content=\"image\/jpeg\" \/>\n<meta name=\"author\" content=\"admin\" \/>\n<meta name=\"twitter:card\" content=\"summary_large_image\" \/>\n<meta name=\"twitter:creator\" content=\"@smartphoto_fr\" \/>\n<meta name=\"twitter:site\" content=\"@smartphoto_fr\" \/>\n<meta name=\"twitter:label1\" content=\"Written by\" \/>\n\t<meta name=\"twitter:data1\" content=\"admin\" \/>\n\t<meta name=\"twitter:label2\" content=\"Est. reading time\" \/>\n\t<meta name=\"twitter:data2\" content=\"3 minutes\" \/>\n<script type=\"application\/ld+json\" class=\"yoast-schema-graph\">{\"@context\":\"https:\/\/schema.org\",\"@graph\":[{\"@type\":\"WebPage\",\"@id\":\"\/inspiration\/voeux-de-fin-dannee\",\"url\":\"https:\/\/www.smartphoto.fr\/inspiration\/voeux-de-fin-dannee\",\"name\":\"Voeux de fin d'ann\u00e9e : comment \u00eatre pr\u00eat \u00e0 temps? - smartphoto FR\",\"isPartOf\":{\"@id\":\"https:\/\/www.smartphoto.fr\/inspiration\/#website\"},\"primaryImageOfPage\":{\"@id\":\"https:\/\/www.smartphoto.fr\/inspiration\/voeux-de-fin-dannee#primaryimage\"},\"image\":{\"@id\":\"https:\/\/www.smartphoto.fr\/inspiration\/voeux-de-fin-dannee#primaryimage\"},\"thumbnailUrl\":\"https:\/\/storage.googleapis.com\/smartphoto-express-production-wp-blogs-com\/10\/2018\/10\/lettres_adresses.jpg\",\"datePublished\":\"2018-10-21T08:45:45+00:00\",\"dateModified\":\"2022-02-22T22:24:33+00:00\",\"author\":{\"@id\":\"https:\/\/www.smartphoto.fr\/inspiration\/#\/schema\/person\/c256b3f50ae468ee69f4b486108c797b\"},\"description\":\"Chaque ann\u00e9e, c\u2019est la course pour envoyer vos voeux de fin d'ann\u00e9e ? Il est temps de changer de rythme ! Avec ce plan \u201cpas \u00e0 pas\u201d, le stress s'arr\u00eate l\u00e0 !\",\"breadcrumb\":{\"@id\":\"https:\/\/www.smartphoto.fr\/inspiration\/voeux-de-fin-dannee#breadcrumb\"},\"inLanguage\":\"fr-FR\",\"potentialAction\":[{\"@type\":\"ReadAction\",\"target\":[\"https:\/\/www.smartphoto.fr\/inspiration\/voeux-de-fin-dannee\"]}]},{\"@type\":\"ImageObject\",\"inLanguage\":\"fr-FR\",\"@id\":\"https:\/\/www.smartphoto.fr\/inspiration\/voeux-de-fin-dannee#primaryimage\",\"url\":\"https:\/\/storage.googleapis.com\/smartphoto-express-production-wp-blogs-com\/10\/2018\/10\/lettres_adresses.jpg\",\"contentUrl\":\"https:\/\/storage.googleapis.com\/smartphoto-express-production-wp-blogs-com\/10\/2018\/10\/lettres_adresses.jpg\",\"width\":780,\"height\":537,\"caption\":\"voeux de fin d'ann\u00e9e\"},{\"@type\":\"BreadcrumbList\",\"@id\":\"https:\/\/www.smartphoto.fr\/inspiration\/voeux-de-fin-dannee#breadcrumb\",\"itemListElement\":[{\"@type\":\"ListItem\",\"position\":1,\"name\":\"Home\",\"item\":\"https:\/\/www.smartphoto.fr\/inspiration\/\"},{\"@type\":\"ListItem\",\"position\":2,\"name\":\"Voeux de fin d&rsquo;ann\u00e9e : comment \u00eatre pr\u00eat \u00e0 temps?\"}]},{\"@type\":\"WebSite\",\"@id\":\"https:\/\/www.smartphoto.fr\/inspiration\/#website\",\"url\":\"https:\/\/www.smartphoto.fr\/inspiration\/\",\"name\":\"smartphoto FR\",\"description\":\"Le blog de smartphoto France.\",\"potentialAction\":[{\"@type\":\"SearchAction\",\"target\":{\"@type\":\"EntryPoint\",\"urlTemplate\":\"https:\/\/www.smartphoto.fr\/inspiration\/?s={search_term_string}\"},\"query-input\":{\"@type\":\"PropertyValueSpecification\",\"valueRequired\":true,\"valueName\":\"search_term_string\"}}],\"inLanguage\":\"fr-FR\"},{\"@type\":\"Person\",\"@id\":\"https:\/\/www.smartphoto.fr\/inspiration\/#\/schema\/person\/c256b3f50ae468ee69f4b486108c797b\",\"name\":\"admin\",\"image\":{\"@type\":\"ImageObject\",\"inLanguage\":\"fr-FR\",\"@id\":\"https:\/\/www.smartphoto.fr\/inspiration\/#\/schema\/person\/image\/\",\"url\":\"https:\/\/secure.gravatar.com\/avatar\/8f9488249a21b1f2cc85dc7982dc95c4?s=96&d=mm&r=g\",\"contentUrl\":\"https:\/\/secure.gravatar.com\/avatar\/8f9488249a21b1f2cc85dc7982dc95c4?s=96&d=mm&r=g\",\"caption\":\"admin\"},\"url\":\"https:\/\/www.smartphoto.fr\/inspiration\/author\/admin\"}]}<\/script>\n<!-- \/ Yoast SEO plugin. -->","yoast_head_json":{"title":"Voeux de fin d'ann\u00e9e : comment \u00eatre pr\u00eat \u00e0 temps? - smartphoto FR","description":"Chaque ann\u00e9e, c\u2019est la course pour envoyer vos voeux de fin d'ann\u00e9e ? Il est temps de changer de rythme ! Avec ce plan \u201cpas \u00e0 pas\u201d, le stress s'arr\u00eate l\u00e0 !","robots":{"index":"index","follow":"follow","max-snippet":"max-snippet:-1","max-image-preview":"max-image-preview:large","max-video-preview":"max-video-preview:-1"},"canonical":"https:\/\/www.smartphoto.fr\/inspiration\/voeux-de-fin-dannee","og_locale":"fr_FR","og_type":"article","og_title":"Voeux de fin d'ann\u00e9e : comment \u00eatre pr\u00eat \u00e0 temps? - smartphoto FR","og_description":"Chaque ann\u00e9e, c\u2019est la course pour envoyer vos voeux de fin d'ann\u00e9e ? Il est temps de changer de rythme ! Avec ce plan \u201cpas \u00e0 pas\u201d, le stress s'arr\u00eate l\u00e0 !","og_url":"\/inspiration\/voeux-de-fin-dannee","og_site_name":"smartphoto FR","article_publisher":"https:\/\/www.facebook.com\/smartphoto.fr","article_published_time":"2018-10-21T08:45:45+00:00","article_modified_time":"2022-02-22T22:24:33+00:00","og_image":[{"width":780,"height":537,"url":"https:\/\/storage.googleapis.com\/smartphoto-express-production-wp-blogs-com\/10\/2018\/10\/lettres_adresses.jpg","type":"image\/jpeg"}],"author":"admin","twitter_card":"summary_large_image","twitter_creator":"@smartphoto_fr","twitter_site":"@smartphoto_fr","twitter_misc":{"Written by":"admin","Est. reading time":"3 minutes"},"schema":{"@context":"https:\/\/schema.org","@graph":[{"@type":"WebPage","@id":"\/inspiration\/voeux-de-fin-dannee","url":"https:\/\/www.smartphoto.fr\/inspiration\/voeux-de-fin-dannee","name":"Voeux de fin d'ann\u00e9e : comment \u00eatre pr\u00eat \u00e0 temps? - smartphoto FR","isPartOf":{"@id":"https:\/\/www.smartphoto.fr\/inspiration\/#website"},"primaryImageOfPage":{"@id":"https:\/\/www.smartphoto.fr\/inspiration\/voeux-de-fin-dannee#primaryimage"},"image":{"@id":"https:\/\/www.smartphoto.fr\/inspiration\/voeux-de-fin-dannee#primaryimage"},"thumbnailUrl":"https:\/\/storage.googleapis.com\/smartphoto-express-production-wp-blogs-com\/10\/2018\/10\/lettres_adresses.jpg","datePublished":"2018-10-21T08:45:45+00:00","dateModified":"2022-02-22T22:24:33+00:00","author":{"@id":"https:\/\/www.smartphoto.fr\/inspiration\/#\/schema\/person\/c256b3f50ae468ee69f4b486108c797b"},"description":"Chaque ann\u00e9e, c\u2019est la course pour envoyer vos voeux de fin d'ann\u00e9e ? Il est temps de changer de rythme ! Avec ce plan \u201cpas \u00e0 pas\u201d, le stress s'arr\u00eate l\u00e0 !","breadcrumb":{"@id":"https:\/\/www.smartphoto.fr\/inspiration\/voeux-de-fin-dannee#breadcrumb"},"inLanguage":"fr-FR","potentialAction":[{"@type":"ReadAction","target":["https:\/\/www.smartphoto.fr\/inspiration\/voeux-de-fin-dannee"]}]},{"@type":"ImageObject","inLanguage":"fr-FR","@id":"https:\/\/www.smartphoto.fr\/inspiration\/voeux-de-fin-dannee#primaryimage","url":"https:\/\/storage.googleapis.com\/smartphoto-express-production-wp-blogs-com\/10\/2018\/10\/lettres_adresses.jpg","contentUrl":"https:\/\/storage.googleapis.com\/smartphoto-express-production-wp-blogs-com\/10\/2018\/10\/lettres_adresses.jpg","width":780,"height":537,"caption":"voeux de fin d'ann\u00e9e"},{"@type":"BreadcrumbList","@id":"https:\/\/www.smartphoto.fr\/inspiration\/voeux-de-fin-dannee#breadcrumb","itemListElement":[{"@type":"ListItem","position":1,"name":"Home","item":"https:\/\/www.smartphoto.fr\/inspiration\/"},{"@type":"ListItem","position":2,"name":"Voeux de fin d&rsquo;ann\u00e9e : comment \u00eatre pr\u00eat \u00e0 temps?"}]},{"@type":"WebSite","@id":"https:\/\/www.smartphoto.fr\/inspiration\/#website","url":"https:\/\/www.smartphoto.fr\/inspiration\/","name":"smartphoto FR","description":"Le blog de smartphoto France.","potentialAction":[{"@type":"SearchAction","target":{"@type":"EntryPoint","urlTemplate":"https:\/\/www.smartphoto.fr\/inspiration\/?s={search_term_string}"},"query-input":{"@type":"PropertyValueSpecification","valueRequired":true,"valueName":"search_term_string"}}],"inLanguage":"fr-FR"},{"@type":"Person","@id":"https:\/\/www.smartphoto.fr\/inspiration\/#\/schema\/person\/c256b3f50ae468ee69f4b486108c797b","name":"admin","image":{"@type":"ImageObject","inLanguage":"fr-FR","@id":"https:\/\/www.smartphoto.fr\/inspiration\/#\/schema\/person\/image\/","url":"https:\/\/secure.gravatar.com\/avatar\/8f9488249a21b1f2cc85dc7982dc95c4?s=96&d=mm&r=g","contentUrl":"https:\/\/secure.gravatar.com\/avatar\/8f9488249a21b1f2cc85dc7982dc95c4?s=96&d=mm&r=g","caption":"admin"},"url":"https:\/\/www.smartphoto.fr\/inspiration\/author\/admin"}]}},"_links":{"self":[{"href":"https:\/\/www.smartphoto.fr\/inspiration\/wp-json\/wp\/v2\/posts\/8127","targetHints":{"allow":["GET"]}}],"collection":[{"href":"https:\/\/www.smartphoto.fr\/inspiration\/wp-json\/wp\/v2\/posts"}],"about":[{"href":"https:\/\/www.smartphoto.fr\/inspiration\/wp-json\/wp\/v2\/types\/post"}],"author":[{"embeddable":true,"href":"https:\/\/www.smartphoto.fr\/inspiration\/wp-json\/wp\/v2\/users\/1"}],"replies":[{"embeddable":true,"href":"https:\/\/www.smartphoto.fr\/inspiration\/wp-json\/wp\/v2\/comments?post=8127"}],"version-history":[{"count":11,"href":"https:\/\/www.smartphoto.fr\/inspiration\/wp-json\/wp\/v2\/posts\/8127\/revisions"}],"predecessor-version":[{"id":8853,"href":"https:\/\/www.smartphoto.fr\/inspiration\/wp-json\/wp\/v2\/posts\/8127\/revisions\/8853"}],"wp:featuredmedia":[{"embeddable":true,"href":"https:\/\/www.smartphoto.fr\/inspiration\/wp-json\/wp\/v2\/media\/8303"}],"wp:attachment":[{"href":"https:\/\/www.smartphoto.fr\/inspiration\/wp-json\/wp\/v2\/media?parent=8127"}],"wp:term":[{"taxonomy":"category","embeddable":true,"href":"https:\/\/www.smartphoto.fr\/inspiration\/wp-json\/wp\/v2\/categories?post=8127"},{"taxonomy":"post_tag","embeddable":true,"href":"https:\/\/www.smartphoto.fr\/inspiration\/wp-json\/wp\/v2\/tags?post=8127"}],"curies":[{"name":"wp","href":"https:\/\/api.w.org\/{rel}","templated":true}]}}