{"id":7858,"date":"2019-08-20T12:03:49","date_gmt":"2019-08-20T10:03:49","guid":{"rendered":"\/inspiration\/?p=7858"},"modified":"2021-09-07T15:13:44","modified_gmt":"2021-09-07T13:13:44","slug":"quel-livre-photo","status":"publish","type":"post","link":"https:\/\/www.smartphoto.fr\/inspiration\/quel-livre-photo","title":{"rendered":"Quel livre pour mes photos ?"},"content":{"rendered":"<h3>Choisir son album photo smartphoto<\/h3>\n<p><strong>Vous avez un certain type de photos sous la main, et vous ne savez pas quel livre photo choisir pour les mettre en valeur ? Voici 5 livres photo qui r\u00e9pondront le mieux \u00e0 vos besoins !<\/strong><\/p>\n<h2><img loading=\"lazy\" decoding=\"async\" class=\"size-full wp-image-40003 alignnone\" src=\"https:\/\/storage.googleapis.com\/smartphoto-express-production-wp-blogs-com\/9\/2018\/08\/MLandscapeHardCover_Shoot_Lifestyle16-1.jpg\" alt=\"\" width=\"800\" height=\"534\" \/><\/h2>\n<h2>1. Mes photos de l\u2019ann\u00e9e<\/h2>\n<p><strong>Pour de nombreuses familles, l\u2019album photo annuel est un rituel incontournable. Un must si vous avez beaucoup de photos du quotidien, sans \u00e9v\u00e9nement ou th\u00e8me particulier.<\/strong><\/p>\n<h4>Le choix smartphoto :\u00a0<a href=\"https:\/\/www.smartphoto.fr\/produits\/designselection.aspx?pcg=photobooks.photobooks_all&amp;occ=yearbook&amp;p=photobookllhardpers&amp;sortmethod=new\" target=\"_blank\" rel=\"noopener\">Livre L paysage \u00e0 couverture rigide, avec un design annuel<\/a>.<\/h4>\n<p><a href=\"https:\/\/www.smartphoto.fr\/livre-photo\/l-paysage-couverture-rigide\"><img loading=\"lazy\" decoding=\"async\" class=\"alignnone wp-image-39981 size-full\" title=\"Quel livre photo pour mes photos de l'ann\u00e9e - album photo de famille\" src=\"https:\/\/storage.googleapis.com\/smartphoto-express-production-wp-blogs-com\/9\/2018\/08\/biglandscape_yearbookblack.jpg\" alt=\"Livre photo annuel - couverture solide noire avec photos.\" width=\"600\" height=\"600\" \/><\/a><\/p>\n<h3>Comment faire ?<\/h3>\n<ul>\n<li><img loading=\"lazy\" decoding=\"async\" class=\"alignright wp-image-39134 size-medium\" src=\"https:\/\/storage.googleapis.com\/smartphoto-express-production-wp-blogs-com\/9\/2017\/01\/livre_photo_de_l_annee_2017-300x200.jpg\" alt=\"Livre photo de l\u2019ann\u00e9e\" width=\"300\" height=\"200\" \/>Rassemblez vos photos au m\u00eame endroit, par exemple <a href=\"https:\/\/www.smartphoto.fr\/mon-compte\/mes-photos\" target=\"_blank\" rel=\"noopener\">sur votre compte smartphoto<\/a>.<\/li>\n<li><a href=\"https:\/\/www.smartphoto.fr\/produits\/designselection.aspx?pcg=photobooks.photobooks_all&amp;occ=yearbook&amp;p=photobookllhardpers&amp;sortmethod=new\" target=\"_blank\" rel=\"noopener\">Ouvrez cette page pour voir les designs annuels<\/a>. Ces designs incluent des pages saisonni\u00e8res et un index des mois de l\u2019ann\u00e9e. Vous pouvez bien s\u00fbr <a href=\"https:\/\/www.smartphoto.fr\/produits\/designselection.aspx?pvc=photobookllhardpers&amp;pcg=photobooks.photobooks_all&amp;p=photobookllhardpers&amp;sortmethod=new\" target=\"_blank\" rel=\"noopener\">choisir un autre design<\/a> si vous pr\u00e9f\u00e9rez \ud83d\ude42<\/li>\n<li>Ajoutez vos photos et optez pour <strong>le remplissage manuel ou automatique<\/strong>. Le remplissage automatique placera vos photos par ordre chronologique, en tenant compte du ratio de vos images (si l\u2019image est en format paysage ou portrait).<\/li>\n<li>Ouvrez l\u2019\u0153il ! Si une <strong>photo est marqu\u00e9e d\u2019un triangle<\/strong>, c\u2019est que la qualit\u00e9 n\u2019est pas suffisante: vous pouvez la remplacer par une meilleure ou rendre la photo plus petite en faisant glisser les coins de la photo avec votre curseur.<\/li>\n<\/ul>\n<blockquote><p><strong>Le saviez-vous ? <\/strong>Vous avez fait une erreur dans votre album ? Contactez<a href=\"https:\/\/www.smartphoto.fr\/contact\" target=\"_blank\" rel=\"noopener\"> le service client<\/a> pour profiter de la <a href=\"https:\/\/www.smartphoto.fr\/smartgarantie\" target=\"_blank\" rel=\"noopener\">smartgarantie<\/a>.<\/p><\/blockquote>\n<p><strong>Le petit plus :<\/strong> notez l\u2019ann\u00e9e sur le dos de votre livre photo, et r\u00e9utilisez le m\u00eame format (voire, le m\u00eame design&#8230;) d&rsquo;ann\u00e9e en ann\u00e9e.<\/p>\n<div id=\"attachment_39990\" style=\"width: 910px\" class=\"wp-caption alignnone\"><img loading=\"lazy\" decoding=\"async\" aria-describedby=\"caption-attachment-39990\" class=\"wp-image-39990 size-full\" title=\"Collection de livres photo annuels #shelfie\" src=\"https:\/\/storage.googleapis.com\/smartphoto-express-production-wp-blogs-com\/9\/2018\/08\/FB_SummerContent17.jpg\" alt=\"\" width=\"900\" height=\"600\" \/><p id=\"caption-attachment-39990\" class=\"wp-caption-text\">Une jolie collection de livres photo de l&rsquo;ann\u00e9e !<\/p><\/div>\n<h2>2. Mes photos Instagram<\/h2>\n<p><strong>Vos meilleures photos sont sur Instagram ? G\u00e9nial, votre s\u00e9lection est toute pr\u00eate !<\/strong><\/p>\n<h4>Le choix smartphoto : <a href=\"https:\/\/www.smartphoto.fr\/produits\/designselection.aspx?pcg=photobooks.photobooks_all&amp;p=photobooklsqhardpers&amp;cpc=photobooklsqhardpers&amp;cppn=bigsquare_allsquares&amp;sortmethod=new\" target=\"_blank\" rel=\"noopener noreferrer\">livre L carr\u00e9 avec le design photos carr\u00e9es.<\/a><\/h4>\n<div id=\"attachment_39984\" style=\"width: 810px\" class=\"wp-caption alignnone\"><a href=\"https:\/\/www.smartphoto.fr\/livre-photo\/l-carre-couverture-rigide\"><img loading=\"lazy\" decoding=\"async\" aria-describedby=\"caption-attachment-39984\" class=\"wp-image-39984 size-full\" title=\"Quel livre photo pour mes photos Instagram\" src=\"https:\/\/storage.googleapis.com\/smartphoto-express-production-wp-blogs-com\/9\/2018\/08\/LSquareSoftCover_Shoot_Lifestyle12.jpg\" alt=\"\" width=\"800\" height=\"533\" \/><\/a><p id=\"caption-attachment-39984\" class=\"wp-caption-text\">Toutes les photos de ce design sont carr\u00e9es<\/p><\/div>\n<blockquote><p><strong>Le saviez-vous ?<\/strong> Dans le cr\u00e9ateur, vous pourrez t\u00e9l\u00e9charger vos photos directement depuis votre compte Instagram.<\/p><\/blockquote>\n<h3>Comment faire ?<\/h3>\n<ul>\n<li><a href=\"https:\/\/www.smartphoto.fr\/produits\/designselection.aspx?pcg=photobooks.photobooks_all&amp;p=photobooklsqhardpers&amp;cpc=photobooklsqhardpers&amp;cppn=bigsquare_allsquares&amp;sortmethod=new\" target=\"_blank\" rel=\"noopener\"><img loading=\"lazy\" decoding=\"async\" class=\"alignright size-medium wp-image-37261\" src=\"https:\/\/storage.googleapis.com\/smartphoto-express-production-wp-blogs-com\/9\/2015\/08\/livre-photo-instagram-3a-300x137.jpg\" alt=\"\" width=\"300\" height=\"137\" \/>Ouvrez l\u2019album ici<\/a>, et cliquez sur \u00ab\u00a0je choisis ce design\u00a0\u00bb<\/li>\n<li>Cliquez sur \u201c<strong>ajouter des photos<\/strong>\u201d en haut \u00e0 gauche, et connectez vous \u00e0 votre compte Instagram<\/li>\n<li>Choisissez les photos que vous voulez imprimer. Ne chargez que celles-l\u00e0, ce sera plus simple ensuite !<\/li>\n<li>Optez pour le <strong>remplissage automatique<\/strong>.<\/li>\n<li><strong>V\u00e9rifiez<\/strong> la mise en page et la qualit\u00e9 des images. Si une image n\u2019a pas la qualit\u00e9 suffisante, le plus simple est g\u00e9n\u00e9ralement de la mettre en plus petit : cliquez sur la photo et faites coulisser les coins de la photo pour changer sa taille.<\/li>\n<\/ul>\n<blockquote><p><strong>L\u2019astuce :<\/strong> Vous pouvez changer la mise en page d\u2019une page en cliquant \u00e0 gauche sur \u201cmise en page &gt; \u201ccarr\u00e9\u201d ou sur \u201cpages\u201d. Il suffit de glisser-d\u00e9poser la mise en page de votre choix sur la page concern\u00e9e !<\/p><\/blockquote>\n<h2>3. Quel livre photo pour des photos en basse qualit\u00e9<\/h2>\n<p><strong>Vous pensez que vos photos en basse qualit\u00e9 n\u2019iront jamais dans un album ? D\u00e9trompez-vous, tout est une question de mise en page.<\/strong><\/p>\n<h4>Le choix smartphoto : <a href=\"https:\/\/www.smartphoto.fr\/livre-photo\/creer-un-livre-photo\" target=\"_blank\" rel=\"noopener\">n\u2019importe quel livre photo<\/a>, avec une mise en page adapt\u00e9e<\/h4>\n<div id=\"attachment_39986\" style=\"width: 810px\" class=\"wp-caption alignnone\"><img loading=\"lazy\" decoding=\"async\" aria-describedby=\"caption-attachment-39986\" class=\"wp-image-39986 size-full\" title=\"Quel livre photo pour des photos en basse qualit\u00e9\" src=\"https:\/\/storage.googleapis.com\/smartphoto-express-production-wp-blogs-com\/9\/2018\/08\/MLandscapeHardCover_Shoot_Lifestyle16.jpg\" alt=\"Livre photo avec une mise en page reprenant des petits formats de photo.\" width=\"800\" height=\"534\" \/><p id=\"caption-attachment-39986\" class=\"wp-caption-text\">Vous pouvez faire de tr\u00e8s jolis albums avec des photos en petite qualit\u00e9. Le plus important, ce sont les souvenirs !<\/p><\/div>\n<blockquote><p><strong>Le saviez vous ?<\/strong> Il est toujours pr\u00e9f\u00e9rable de faire votre s\u00e9lection de photos avant de cr\u00e9er votre album. Cela vous fera gagner beaucoup de temps !<\/p><\/blockquote>\n<h3>Comment faire ?<\/h3>\n<ul>\n<li><a href=\"https:\/\/www.smartphoto.fr\/livre-photo\/creer-un-livre-photo\" target=\"_blank\" rel=\"noopener\">Choisissez le format et le design de votre choix<\/a>, oui oui n\u2019importe lequel !<img loading=\"lazy\" decoding=\"async\" class=\"alignright wp-image-7872 size-medium\" src=\"https:\/\/storage.googleapis.com\/smartphoto-express-production-wp-blogs-com\/10\/2018\/08\/BookMLandscapeHard_Shoot_Lifestyle_Group12_55bf39ce6a181-300x200.jpg\" alt=\"\" width=\"300\" height=\"200\" srcset=\"https:\/\/storage.googleapis.com\/smartphoto-express-production-wp-blogs-com\/10\/2018\/08\/BookMLandscapeHard_Shoot_Lifestyle_Group12_55bf39ce6a181-300x200.jpg 300w, https:\/\/storage.googleapis.com\/smartphoto-express-production-wp-blogs-com\/10\/2018\/08\/BookMLandscapeHard_Shoot_Lifestyle_Group12_55bf39ce6a181-768x512.jpg 768w, https:\/\/storage.googleapis.com\/smartphoto-express-production-wp-blogs-com\/10\/2018\/08\/BookMLandscapeHard_Shoot_Lifestyle_Group12_55bf39ce6a181.jpg 800w\" sizes=\"auto, (max-width: 300px) 100vw, 300px\" \/><\/li>\n<li>D\u2019abord, appliquez \u00e0 votre album une mise en page avec des petites photos. Dans le volet de gauche, <strong>allez sur \u201cpages\u201d<\/strong> pour voir les mises en pages li\u00e9es \u00e0 votre design. Choisissez celle qui vous convient le mieux : appliquez la sur toutes les pages. Vous pourrez encore agrandir le cadre de certaines photos apr\u00e8s. Vous pouvez aussi aller <strong>sur \u201cmise en page\u201d<\/strong> pour voir d\u2019autres mises en page.<\/li>\n<li>Vos photos seront peut-\u00eatre moins parlantes que de grandes photos. Vous pouvez ajouter <strong>quelques mots, du texte ou des illustrations<\/strong> pour guider le lecteur au fil des pages.<\/li>\n<li>T\u00e9l\u00e9chargez vos photos et choisissez le remplissage automatique.<\/li>\n<li>V\u00e9rifiez vos photos, apportez la derni\u00e8re touche.<\/li>\n<\/ul>\n<blockquote><p><strong>L\u2019astuce :<\/strong>\u00a0Un livre photo a\u00e9r\u00e9 et structur\u00e9 sera plus agr\u00e9able \u00e0 lire. Utilisez de temps en temps une pages vides ou avec seulement un contenu (photo, texte, titre, ou illustration) .<\/p><\/blockquote>\n<h2>4. Des photos en haute qualit\u00e9<\/h2>\n<p><strong>Vous avez de tr\u00e8s belle photos de votre b\u00e9b\u00e9, de votre mariage, ou encore d\u2019un voyage fantastique ? Ces photos m\u00e9ritent d\u2019\u00eatre imprim\u00e9es en grand. Votre livre pourra tr\u00f4ner, ouvert, sur la table basse du salon et deviendra un v\u00e9ritable \u00e9l\u00e9ment de d\u00e9coration !<\/strong><\/p>\n<h4>Le choix smartphoto : <a href=\"https:\/\/www.smartphoto.fr\/produits\/designselection.aspx?pcg=photobooks.photobooks_all&amp;p=photobookxllhardpers&amp;sortmethod=new\" target=\"_blank\" rel=\"noopener\">livre XL paysage<\/a>, couverture rigide, avec finition brillante.<\/h4>\n<p><img loading=\"lazy\" decoding=\"async\" class=\"wp-image-39982 size-full\" style=\"font-size: 16px\" src=\"https:\/\/storage.googleapis.com\/smartphoto-express-production-wp-blogs-com\/9\/2018\/08\/BookXLLandscapeHard_Shoot_Lifestyle2_55bf330c1db3b.jpg\" alt=\"\" width=\"800\" height=\"419\" \/><\/p>\n<h3>Comment faire ?<\/h3>\n<ul>\n<li><a href=\"https:\/\/www.smartphoto.fr\/produits\/designselection.aspx?pcg=photobooks.photobooks_all&amp;p=photobookxllhardpers&amp;sortmethod=new\" target=\"_blank\" rel=\"noopener\">Choisissez le design<\/a> qui convient le mieux pour vos photos. Vous pouvez filtrer les designs en fonction des \u00e9v\u00e9nements (naissance, mariage,&#8230;) ou des th\u00e8mes-couleur.<\/li>\n<li>Ajoutez votre s\u00e9lection de photos manuellement ou automatiquement. A vous de voir !<\/li>\n<li>V\u00e9rifiez vos photos, ajoutez \u00e9ventuellement du texte et des illustrations.<\/li>\n<li>Dans le cr\u00e9ateur, sous \u00ab\u00a0options\u00a0\u00bb, optez pour un <strong>papier mat ou brillant<\/strong>, qui donnera \u00e0 ce livre photo un look plus luxueux et am\u00e9liorera la long\u00e9vit\u00e9 des couleurs. Le prix s&rsquo;adapte automatiquement dans l&rsquo;aper\u00e7u en haut \u00e0 droite de l&rsquo;\u00e9cran.<\/li>\n<\/ul>\n<p><img loading=\"lazy\" decoding=\"async\" class=\"size-full wp-image-39987 alignnone\" src=\"https:\/\/storage.googleapis.com\/smartphoto-express-production-wp-blogs-com\/9\/2018\/08\/Standard-matte-glossy-s.jpg\" alt=\"\" width=\"950\" height=\"634\" \/><\/p>\n<p>Les livres photos sont toujours imprim\u00e9s sur un <strong>papier photo de qualit\u00e9.<\/strong> Ici, de gauche \u00e0 droite, le<strong> papier standard, mat et brillant.<\/strong><\/p>\n<div id=\"attachment_39988\" style=\"width: 730px\" class=\"wp-caption alignnone\"><img loading=\"lazy\" decoding=\"async\" aria-describedby=\"caption-attachment-39988\" class=\"wp-image-39988 size-full\" src=\"https:\/\/storage.googleapis.com\/smartphoto-express-production-wp-blogs-com\/9\/2018\/08\/BookXLSquareHard_Shoot_Lifestyle14-720.jpg\" alt=\"\" width=\"720\" height=\"305\" \/><p id=\"caption-attachment-39988\" class=\"wp-caption-text\">Mettez vos plus belles photos en double page. Avec la reliure \u00e0 plat, c\u2019est comme si les deux pages ne formaient qu\u2019une seule photo. Pour un r\u00e9sultat bluffant !<\/p><\/div>\n<h2>5. Une f\u00eate, un city trip,&#8230;<\/h2>\n<p><strong>Vous avez v\u00e9cu un \u00e9v\u00e9nement sympa et souhaitez imprimer ces photos dans un chouette album, pour vous ou pour l\u2019offrir ?<\/strong><\/p>\n<h4>Le choix smartphoto :<a href=\"https:\/\/www.smartphoto.fr\/produits\/designselection.aspx?pvc=photobookmlsoftpers&amp;pcg=photobooks.photobooks_all&amp;p=photobookmlsoftpers&amp;sortmethod=new\" target=\"_blank\" rel=\"noopener\"> livre M paysage \u00e0 couverture souple<\/a><\/h4>\n<div id=\"attachment_39991\" style=\"width: 790px\" class=\"wp-caption alignnone\"><a href=\"https:\/\/www.smartphoto.fr\/livre-photo\/m-paysage-couverture-souple\"><img loading=\"lazy\" decoding=\"async\" aria-describedby=\"caption-attachment-39991\" class=\"wp-image-39991 size-full\" title=\"Le livre M \u00e0 couverture souple : un petit livre joli et bon march\u00e9 !\" src=\"https:\/\/storage.googleapis.com\/smartphoto-express-production-wp-blogs-com\/9\/2018\/08\/carrousel3.jpg\" alt=\"Le livre M \u00e0 couverture souple : un petit livre joli et bon march\u00e9 !\" width=\"780\" height=\"537\" \/><\/a><p id=\"caption-attachment-39991\" class=\"wp-caption-text\">Le livre M \u00e0 couverture souple : un petit livre joli et bon march\u00e9 !<\/p><\/div>\n<h3>Comment faire ?<\/h3>\n<ul>\n<li>Rendez-vous <a href=\"https:\/\/www.smartphoto.fr\/produits\/designselection.aspx?pvc=photobookmlsoftpers&amp;pcg=photobooks.photobooks_all&amp;p=photobookmlsoftpers&amp;sortmethod=new\" target=\"_blank\" rel=\"noopener noreferrer\">sur cette page pour choisir votre design<\/a>.\u00a0C\u2019est l\u2019occasion r\u00eav\u00e9e d&rsquo;oser un <strong>design original<\/strong>, avec des couleurs et un th\u00e8me adapt\u00e9.<\/li>\n<li>Ajoutez votre s\u00e9lection de photos manuellement ou automatiquement. A vous de voir !<\/li>\n<li>V\u00e9rifiez vos photos, ajoutez \u00e9ventuellement du texte et des illustrations<\/li>\n<\/ul>\n<blockquote><p><strong>Le petit plus:<\/strong> si c\u2019est pour offrir, ajoutez un petit mot, ou une photo-surprise au d\u00e9but ou \u00e0 la fin de l\u2019album. Vous pouvez ajouter un champs de texte dans le cr\u00e9ateur via le menu Texte &gt; ajouter du texte en haut \u00e0 gauche.<br \/>\n&#8212;<\/p><\/blockquote>\n<p><strong>Avez-vous trouv\u00e9 le livre photo qui convient \u00e0 vos photos ?<\/strong> Quel livre photo avez-vous choisi ? Partagez vos cr\u00e9ations sur <a href=\"https:\/\/www.facebook.com\/smartphoto.fr\" target=\"_blank\" rel=\"noopener\">Facebook<\/a>, <a href=\"http:\/\/instagram.com\/smartphoto_fr\" target=\"_blank\" rel=\"noopener\">Instagram<\/a>, ou\u00a0<a href=\"http:\/\/www.pinterest.com\/smartphotofr\/\" target=\"_blank\" rel=\"noopener\">Pinterest<\/a> avec le hashtag #mysmartphoto.<\/p>\n<p><a href=\"https:\/\/www.smartphoto.fr\/livre-photo\"><img loading=\"lazy\" decoding=\"async\" class=\"alignleft wp-image-39933 size-full\" title=\"Envie de cr\u00e9er votre livre photo ? Rassemblez vos souvenirs en quelques clics. Cliquez sur l'image pour cr\u00e9er un album photo smartphoto.\" src=\"https:\/\/storage.googleapis.com\/smartphoto-express-production-wp-blogs-com\/9\/2018\/08\/CTA_Photobook_FR.jpg\" alt=\"Envie de cr\u00e9er votre livre photo ? Rassemblez vos souvenirs en quelques clics. Cliquez sur l'image pour cr\u00e9er un album photo smartphoto.\" width=\"720\" height=\"280\" \/><\/a><\/p>\n","protected":false},"excerpt":{"rendered":"<p>Choisir son album photo smartphoto Vous avez un certain type de photos sous la main, et vous ne savez pas quel livre photo choisir pour les mettre en valeur ? Voici 5 livres photo qui r\u00e9pondront le mieux \u00e0 vos besoins ! 1. Mes photos de l\u2019ann\u00e9e Pour de nombreuses familles, l\u2019album photo annuel est un rituel incontournable. Un must si vous avez beaucoup de photos du quotidien, sans \u00e9v\u00e9nement ou th\u00e8me particulier. Le choix smartphoto :\u00a0Livre L paysage \u00e0 couverture rigide, avec un design annuel. Comment faire ? Rassemblez vos photos au m\u00eame endroit, par exemple sur votre compte<\/p>\n","protected":false},"author":39,"featured_media":7863,"comment_status":"open","ping_status":"open","sticky":false,"template":"","format":"standard","meta":{"om_disable_all_campaigns":false,"_monsterinsights_skip_tracking":false,"_monsterinsights_sitenote_active":false,"_monsterinsights_sitenote_note":"","_monsterinsights_sitenote_category":0,"footnotes":""},"categories":[5],"tags":[],"class_list":["post-7858","post","type-post","status-publish","format-standard","has-post-thumbnail","hentry","category-trucs-et-astuces"],"yoast_head":"<!-- This site is optimized with the Yoast SEO plugin v23.8 - https:\/\/yoast.com\/wordpress\/plugins\/seo\/ -->\n<title>Quel livre pour mes photos ? Choisissez le livre id\u00e9al selon vos besoins - smartphoto.fr<\/title>\n<meta name=\"description\" content=\"Quel livre photo choisir ? D\u00e9couvrez le livre photo id\u00e9al pour vos photos instagram, photos de mariage, photos d&#039;anniversaire ou photos de famille.\" \/>\n<meta name=\"robots\" content=\"index, follow, max-snippet:-1, max-image-preview:large, max-video-preview:-1\" \/>\n<link rel=\"canonical\" href=\"https:\/\/www.smartphoto.fr\/inspiration\/quel-livre-photo\" \/>\n<meta property=\"og:locale\" content=\"fr_FR\" \/>\n<meta property=\"og:type\" content=\"article\" \/>\n<meta property=\"og:title\" content=\"Quel livre pour mes photos ? Choisissez le livre id\u00e9al selon vos besoins - smartphoto.fr\" \/>\n<meta property=\"og:description\" content=\"Quel livre photo choisir ? D\u00e9couvrez le livre photo id\u00e9al pour vos photos instagram, photos de mariage, photos d&#039;anniversaire ou photos de famille.\" \/>\n<meta property=\"og:url\" content=\"\/inspiration\/quel-livre-photo\" \/>\n<meta property=\"og:site_name\" content=\"smartphoto FR\" \/>\n<meta property=\"article:publisher\" content=\"https:\/\/www.facebook.com\/smartphoto.fr\" \/>\n<meta property=\"article:published_time\" content=\"2019-08-20T10:03:49+00:00\" \/>\n<meta property=\"article:modified_time\" content=\"2021-09-07T13:13:44+00:00\" \/>\n<meta property=\"og:image\" content=\"https:\/\/storage.googleapis.com\/smartphoto-express-production-wp-blogs-com\/10\/2018\/08\/FB_SummerContent17.jpg\" \/>\n\t<meta property=\"og:image:width\" content=\"900\" \/>\n\t<meta property=\"og:image:height\" content=\"600\" \/>\n\t<meta property=\"og:image:type\" content=\"image\/jpeg\" \/>\n<meta name=\"author\" content=\"Caroline\" \/>\n<meta name=\"twitter:card\" content=\"summary_large_image\" \/>\n<meta name=\"twitter:creator\" content=\"@smartphoto_fr\" \/>\n<meta name=\"twitter:site\" content=\"@smartphoto_fr\" \/>\n<meta name=\"twitter:label1\" content=\"Written by\" \/>\n\t<meta name=\"twitter:data1\" content=\"Caroline\" \/>\n\t<meta name=\"twitter:label2\" content=\"Est. reading time\" \/>\n\t<meta name=\"twitter:data2\" content=\"6 minutes\" \/>\n<script type=\"application\/ld+json\" class=\"yoast-schema-graph\">{\"@context\":\"https:\/\/schema.org\",\"@graph\":[{\"@type\":\"WebPage\",\"@id\":\"\/inspiration\/quel-livre-photo\",\"url\":\"https:\/\/www.smartphoto.fr\/inspiration\/quel-livre-photo\",\"name\":\"Quel livre pour mes photos ? Choisissez le livre id\u00e9al selon vos besoins - smartphoto.fr\",\"isPartOf\":{\"@id\":\"https:\/\/www.smartphoto.fr\/inspiration\/#website\"},\"primaryImageOfPage\":{\"@id\":\"https:\/\/www.smartphoto.fr\/inspiration\/quel-livre-photo#primaryimage\"},\"image\":{\"@id\":\"https:\/\/www.smartphoto.fr\/inspiration\/quel-livre-photo#primaryimage\"},\"thumbnailUrl\":\"https:\/\/storage.googleapis.com\/smartphoto-express-production-wp-blogs-com\/10\/2018\/08\/FB_SummerContent17.jpg\",\"datePublished\":\"2019-08-20T10:03:49+00:00\",\"dateModified\":\"2021-09-07T13:13:44+00:00\",\"author\":{\"@id\":\"https:\/\/www.smartphoto.fr\/inspiration\/#\/schema\/person\/14abe7c86f4bda0d741e3ec66a39733e\"},\"description\":\"Quel livre photo choisir ? D\u00e9couvrez le livre photo id\u00e9al pour vos photos instagram, photos de mariage, photos d'anniversaire ou photos de famille.\",\"breadcrumb\":{\"@id\":\"https:\/\/www.smartphoto.fr\/inspiration\/quel-livre-photo#breadcrumb\"},\"inLanguage\":\"fr-FR\",\"potentialAction\":[{\"@type\":\"ReadAction\",\"target\":[\"https:\/\/www.smartphoto.fr\/inspiration\/quel-livre-photo\"]}]},{\"@type\":\"ImageObject\",\"inLanguage\":\"fr-FR\",\"@id\":\"https:\/\/www.smartphoto.fr\/inspiration\/quel-livre-photo#primaryimage\",\"url\":\"https:\/\/storage.googleapis.com\/smartphoto-express-production-wp-blogs-com\/10\/2018\/08\/FB_SummerContent17.jpg\",\"contentUrl\":\"https:\/\/storage.googleapis.com\/smartphoto-express-production-wp-blogs-com\/10\/2018\/08\/FB_SummerContent17.jpg\",\"width\":900,\"height\":600},{\"@type\":\"BreadcrumbList\",\"@id\":\"https:\/\/www.smartphoto.fr\/inspiration\/quel-livre-photo#breadcrumb\",\"itemListElement\":[{\"@type\":\"ListItem\",\"position\":1,\"name\":\"Home\",\"item\":\"https:\/\/www.smartphoto.fr\/inspiration\/\"},{\"@type\":\"ListItem\",\"position\":2,\"name\":\"Quel livre pour mes photos ?\"}]},{\"@type\":\"WebSite\",\"@id\":\"https:\/\/www.smartphoto.fr\/inspiration\/#website\",\"url\":\"https:\/\/www.smartphoto.fr\/inspiration\/\",\"name\":\"smartphoto FR\",\"description\":\"Le blog de smartphoto France.\",\"potentialAction\":[{\"@type\":\"SearchAction\",\"target\":{\"@type\":\"EntryPoint\",\"urlTemplate\":\"https:\/\/www.smartphoto.fr\/inspiration\/?s={search_term_string}\"},\"query-input\":{\"@type\":\"PropertyValueSpecification\",\"valueRequired\":true,\"valueName\":\"search_term_string\"}}],\"inLanguage\":\"fr-FR\"},{\"@type\":\"Person\",\"@id\":\"https:\/\/www.smartphoto.fr\/inspiration\/#\/schema\/person\/14abe7c86f4bda0d741e3ec66a39733e\",\"name\":\"Caroline\",\"image\":{\"@type\":\"ImageObject\",\"inLanguage\":\"fr-FR\",\"@id\":\"https:\/\/www.smartphoto.fr\/inspiration\/#\/schema\/person\/image\/\",\"url\":\"https:\/\/secure.gravatar.com\/avatar\/3bf4c2775ae12d0bb3bb504b56a0508c?s=96&d=mm&r=g\",\"contentUrl\":\"https:\/\/secure.gravatar.com\/avatar\/3bf4c2775ae12d0bb3bb504b56a0508c?s=96&d=mm&r=g\",\"caption\":\"Caroline\"},\"description\":\"Des id\u00e9es cr\u00e9atives pour vous inspirer, des sujets qui vous aident vraiment dans votre quotidien, voil\u00e0 ce que j'esp\u00e8re partager avec vous via ce blog. Quand je ne blogue pas pour smartphoto, je profites de bons moments en famille avec mon ch\u00e9ri et mes enfants, ou j'\u00e9tudie et je pratique le yoga.\",\"sameAs\":[\"http:\/\/www.smartphoto.fr\/inspiration\",\"https:\/\/www.instagram.com\/smartphoto_fr\/\"],\"url\":\"https:\/\/www.smartphoto.fr\/inspiration\/author\/caroline\"}]}<\/script>\n<!-- \/ Yoast SEO plugin. -->","yoast_head_json":{"title":"Quel livre pour mes photos ? Choisissez le livre id\u00e9al selon vos besoins - smartphoto.fr","description":"Quel livre photo choisir ? D\u00e9couvrez le livre photo id\u00e9al pour vos photos instagram, photos de mariage, photos d'anniversaire ou photos de famille.","robots":{"index":"index","follow":"follow","max-snippet":"max-snippet:-1","max-image-preview":"max-image-preview:large","max-video-preview":"max-video-preview:-1"},"canonical":"https:\/\/www.smartphoto.fr\/inspiration\/quel-livre-photo","og_locale":"fr_FR","og_type":"article","og_title":"Quel livre pour mes photos ? Choisissez le livre id\u00e9al selon vos besoins - smartphoto.fr","og_description":"Quel livre photo choisir ? D\u00e9couvrez le livre photo id\u00e9al pour vos photos instagram, photos de mariage, photos d'anniversaire ou photos de famille.","og_url":"\/inspiration\/quel-livre-photo","og_site_name":"smartphoto FR","article_publisher":"https:\/\/www.facebook.com\/smartphoto.fr","article_published_time":"2019-08-20T10:03:49+00:00","article_modified_time":"2021-09-07T13:13:44+00:00","og_image":[{"width":900,"height":600,"url":"https:\/\/storage.googleapis.com\/smartphoto-express-production-wp-blogs-com\/10\/2018\/08\/FB_SummerContent17.jpg","type":"image\/jpeg"}],"author":"Caroline","twitter_card":"summary_large_image","twitter_creator":"@smartphoto_fr","twitter_site":"@smartphoto_fr","twitter_misc":{"Written by":"Caroline","Est. reading time":"6 minutes"},"schema":{"@context":"https:\/\/schema.org","@graph":[{"@type":"WebPage","@id":"\/inspiration\/quel-livre-photo","url":"https:\/\/www.smartphoto.fr\/inspiration\/quel-livre-photo","name":"Quel livre pour mes photos ? Choisissez le livre id\u00e9al selon vos besoins - smartphoto.fr","isPartOf":{"@id":"https:\/\/www.smartphoto.fr\/inspiration\/#website"},"primaryImageOfPage":{"@id":"https:\/\/www.smartphoto.fr\/inspiration\/quel-livre-photo#primaryimage"},"image":{"@id":"https:\/\/www.smartphoto.fr\/inspiration\/quel-livre-photo#primaryimage"},"thumbnailUrl":"https:\/\/storage.googleapis.com\/smartphoto-express-production-wp-blogs-com\/10\/2018\/08\/FB_SummerContent17.jpg","datePublished":"2019-08-20T10:03:49+00:00","dateModified":"2021-09-07T13:13:44+00:00","author":{"@id":"https:\/\/www.smartphoto.fr\/inspiration\/#\/schema\/person\/14abe7c86f4bda0d741e3ec66a39733e"},"description":"Quel livre photo choisir ? D\u00e9couvrez le livre photo id\u00e9al pour vos photos instagram, photos de mariage, photos d'anniversaire ou photos de famille.","breadcrumb":{"@id":"https:\/\/www.smartphoto.fr\/inspiration\/quel-livre-photo#breadcrumb"},"inLanguage":"fr-FR","potentialAction":[{"@type":"ReadAction","target":["https:\/\/www.smartphoto.fr\/inspiration\/quel-livre-photo"]}]},{"@type":"ImageObject","inLanguage":"fr-FR","@id":"https:\/\/www.smartphoto.fr\/inspiration\/quel-livre-photo#primaryimage","url":"https:\/\/storage.googleapis.com\/smartphoto-express-production-wp-blogs-com\/10\/2018\/08\/FB_SummerContent17.jpg","contentUrl":"https:\/\/storage.googleapis.com\/smartphoto-express-production-wp-blogs-com\/10\/2018\/08\/FB_SummerContent17.jpg","width":900,"height":600},{"@type":"BreadcrumbList","@id":"https:\/\/www.smartphoto.fr\/inspiration\/quel-livre-photo#breadcrumb","itemListElement":[{"@type":"ListItem","position":1,"name":"Home","item":"https:\/\/www.smartphoto.fr\/inspiration\/"},{"@type":"ListItem","position":2,"name":"Quel livre pour mes photos ?"}]},{"@type":"WebSite","@id":"https:\/\/www.smartphoto.fr\/inspiration\/#website","url":"https:\/\/www.smartphoto.fr\/inspiration\/","name":"smartphoto FR","description":"Le blog de smartphoto France.","potentialAction":[{"@type":"SearchAction","target":{"@type":"EntryPoint","urlTemplate":"https:\/\/www.smartphoto.fr\/inspiration\/?s={search_term_string}"},"query-input":{"@type":"PropertyValueSpecification","valueRequired":true,"valueName":"search_term_string"}}],"inLanguage":"fr-FR"},{"@type":"Person","@id":"https:\/\/www.smartphoto.fr\/inspiration\/#\/schema\/person\/14abe7c86f4bda0d741e3ec66a39733e","name":"Caroline","image":{"@type":"ImageObject","inLanguage":"fr-FR","@id":"https:\/\/www.smartphoto.fr\/inspiration\/#\/schema\/person\/image\/","url":"https:\/\/secure.gravatar.com\/avatar\/3bf4c2775ae12d0bb3bb504b56a0508c?s=96&d=mm&r=g","contentUrl":"https:\/\/secure.gravatar.com\/avatar\/3bf4c2775ae12d0bb3bb504b56a0508c?s=96&d=mm&r=g","caption":"Caroline"},"description":"Des id\u00e9es cr\u00e9atives pour vous inspirer, des sujets qui vous aident vraiment dans votre quotidien, voil\u00e0 ce que j'esp\u00e8re partager avec vous via ce blog. Quand je ne blogue pas pour smartphoto, je profites de bons moments en famille avec mon ch\u00e9ri et mes enfants, ou j'\u00e9tudie et je pratique le yoga.","sameAs":["http:\/\/www.smartphoto.fr\/inspiration","https:\/\/www.instagram.com\/smartphoto_fr\/"],"url":"https:\/\/www.smartphoto.fr\/inspiration\/author\/caroline"}]}},"_links":{"self":[{"href":"https:\/\/www.smartphoto.fr\/inspiration\/wp-json\/wp\/v2\/posts\/7858","targetHints":{"allow":["GET"]}}],"collection":[{"href":"https:\/\/www.smartphoto.fr\/inspiration\/wp-json\/wp\/v2\/posts"}],"about":[{"href":"https:\/\/www.smartphoto.fr\/inspiration\/wp-json\/wp\/v2\/types\/post"}],"author":[{"embeddable":true,"href":"https:\/\/www.smartphoto.fr\/inspiration\/wp-json\/wp\/v2\/users\/39"}],"replies":[{"embeddable":true,"href":"https:\/\/www.smartphoto.fr\/inspiration\/wp-json\/wp\/v2\/comments?post=7858"}],"version-history":[{"count":7,"href":"https:\/\/www.smartphoto.fr\/inspiration\/wp-json\/wp\/v2\/posts\/7858\/revisions"}],"predecessor-version":[{"id":10537,"href":"https:\/\/www.smartphoto.fr\/inspiration\/wp-json\/wp\/v2\/posts\/7858\/revisions\/10537"}],"wp:featuredmedia":[{"embeddable":true,"href":"https:\/\/www.smartphoto.fr\/inspiration\/wp-json\/wp\/v2\/media\/7863"}],"wp:attachment":[{"href":"https:\/\/www.smartphoto.fr\/inspiration\/wp-json\/wp\/v2\/media?parent=7858"}],"wp:term":[{"taxonomy":"category","embeddable":true,"href":"https:\/\/www.smartphoto.fr\/inspiration\/wp-json\/wp\/v2\/categories?post=7858"},{"taxonomy":"post_tag","embeddable":true,"href":"https:\/\/www.smartphoto.fr\/inspiration\/wp-json\/wp\/v2\/tags?post=7858"}],"curies":[{"name":"wp","href":"https:\/\/api.w.org\/{rel}","templated":true}]}}