{"id":7703,"date":"2018-07-10T16:21:43","date_gmt":"2018-07-10T14:21:43","guid":{"rendered":"\/inspiration\/?p=7703"},"modified":"2019-08-27T16:28:26","modified_gmt":"2019-08-27T14:28:26","slug":"vivre-avec-des-enfants-gifs","status":"publish","type":"post","link":"https:\/\/www.smartphoto.fr\/inspiration\/vivre-avec-des-enfants-gifs","title":{"rendered":"La vie avec des enfants, en 10 gifs"},"content":{"rendered":"<h3>10 gifs qui montrent \u00e0 quel point votre vie a chang\u00e9 depuis que vous avez des enfants<\/h3>\n<p>Superman &#8211; Spiderman &#8211; Maman \u2026 Il n\u2019y a pas de hasard, les Maman sont des super-h\u00e9ros (et bien s\u00fbr, les Papas aussi \ud83d\ude42 ). La vie avec les enfants est tr\u00e8s diff\u00e9rente de la vie sans enfants. Cela va sans dire, en fait. Et pourtant en voyant ces 10 gifs et photos, c\u2019est encore plus concret \ud83d\ude09<\/p>\n<p><img loading=\"lazy\" decoding=\"async\" class=\"aligncenter size-full wp-image-7707\" src=\"https:\/\/storage.googleapis.com\/smartphoto-express-production-wp-blogs-com\/10\/2018\/07\/125167497_55e9a76e455f8-768x673.jpg\" alt=\"\" width=\"768\" height=\"673\" srcset=\"https:\/\/storage.googleapis.com\/smartphoto-express-production-wp-blogs-com\/10\/2018\/07\/125167497_55e9a76e455f8-768x673.jpg 768w, https:\/\/storage.googleapis.com\/smartphoto-express-production-wp-blogs-com\/10\/2018\/07\/125167497_55e9a76e455f8-768x673-300x263.jpg 300w\" sizes=\"auto, (max-width: 768px) 100vw, 768px\" \/><\/p>\n<h2>\u00ab\u00a0C\u2019est moi qui appuie sur le bouton\u00a0\u00bb<\/h2>\n<p>Ne songez jamais, jamais, jamais !! \u00e0 appuyer sur un bouton vous-m\u00eame. Au feu de circulation, dans l&rsquo;ascenseur, le bus ou le train, tout ce qui ressemble \u00e0 un bouton appartient \u00e0 votre enfants, d\u00e8s qu\u2019ils est en \u00e2ge pr\u00e9scolaire. Et malheur \u00e0 vous si vous oubliez cela.<\/p>\n<div style=\"width: 260px\" class=\"wp-caption alignnone\"><img loading=\"lazy\" decoding=\"async\" src=\"https:\/\/media.giphy.com\/media\/9xaSFaFC79Qif2SIqL\/giphy.gif\" alt=\"\" width=\"250\" height=\"189\" \/><p class=\"wp-caption-text\">\u00a0\u00bb Et ce bouton, il fait quoi ?\u00a0\u00bb<\/p><\/div>\n<p>Via <a href=\"http:\/\/www.giphy.com\/\" target=\"_blank\" rel=\"noopener noreferrer\">Giphy<\/a><\/p>\n<h2>\u00ab\u00a0Qu&rsquo;est-ce que tu manges, Maman ?\u00a0\u00bb<\/h2>\n<p>Vous essayez de limiter les bonbons avec votre prog\u00e9niture autant que possible. Mais parfois vous voulez vous accorder un petit plaisir coupable (ou non). Et vous pensiez bien sur qu\u2019il ne remarquerait rien du tout \u2026 Erreur de d\u00e9butant.<\/p>\n<p><img loading=\"lazy\" decoding=\"async\" class=\"alignnone size-full\" src=\"https:\/\/media.giphy.com\/media\/8mn7K51hGIJnWpK9Cz\/giphy.gif\" width=\"500\" height=\"281\" \/><\/p>\n<p>Via <a href=\"http:\/\/www.giphy.com\/\" target=\"_blank\" rel=\"noopener noreferrer\">Giphy<\/a><\/p>\n<h2>L&rsquo;\u00e9cole ou la jungle?<\/h2>\n<p>Vous vous assurez toujours que vos enfants soient correctement habill\u00e9s pour aller \u00e0 l&rsquo;\u00e9cole. Mais la tenue dans laquelle ils rentrent \u00e0 la maison \u2026 comment dire ? C\u2019est pourquoi le bac \u00e0 linge salle est d\u00e9sormais dans l\u2019entr\u00e9e !<\/p>\n<p><img loading=\"lazy\" decoding=\"async\" class=\"alignnone size-full\" src=\"https:\/\/media.giphy.com\/media\/fnxQJiCudT7V6ehIUp\/giphy.gif\" width=\"200\" height=\"150\" \/><\/p>\n<p>Via <a href=\"http:\/\/www.giphy.com\/\" target=\"_blank\" rel=\"noopener noreferrer\">Giphy<\/a><\/p>\n<h2>Le rouleau magique<\/h2>\n<p>Avec les enfants, on d\u00e9couvre tout le potentiel ludique du papier toilette. Le d\u00e9rouler semble avoir une attraction magique pour les moins de 6 ans \ud83d\ude09<\/p>\n<p><img loading=\"lazy\" decoding=\"async\" class=\"alignnone size-full\" src=\"https:\/\/media.giphy.com\/media\/15smGPIFEp51Bd8evu\/giphy.gif\" width=\"500\" height=\"370\" \/><\/p>\n<p>Via <a href=\"http:\/\/www.giphy.com\/\" target=\"_blank\" rel=\"noopener noreferrer\">Giphy<\/a><\/p>\n<h2>\u00ab\u00a0Je m&rsquo;ennuie\u00a0\u00bb<\/h2>\n<p>Comment occuper les enfants pendant les vacances? Si ce n\u2019est pas encore le cas, vous serez bient\u00f4t un expert en jeux cr\u00e9atifs &#8211; ou en dessins anim\u00e9s.<\/p>\n<p><img loading=\"lazy\" decoding=\"async\" class=\"alignnone size-full\" src=\"https:\/\/media.giphy.com\/media\/ckTXNORQLTXk4fUBRg\/giphy.gif\" width=\"480\" height=\"270\" \/><\/p>\n<p>Via <a href=\"http:\/\/www.giphy.com\/\" target=\"_blank\" rel=\"noopener noreferrer\">Giphy<\/a><\/p>\n<h2>Une nouvelle id\u00e9e du rangement<\/h2>\n<p>Avant votre premier-n\u00e9, votre maison \u00e9tait absolument parfaite. Aujourd\u2019hui, elle est g\u00e9n\u00e9ralement en d\u00e9sordre, m\u00eame si vous venez de terminer le m\u00e9nage. Et la premi\u00e8re chose que vous faites quand vous rangez, c\u2019est de ramasser les blocs de lego au sol !<\/p>\n<div style=\"width: 290px\" class=\"wp-caption alignnone\"><img loading=\"lazy\" decoding=\"async\" src=\"https:\/\/media.giphy.com\/media\/SHzlb85lE04MvZhG8Y\/giphy.gif\" alt=\"\" width=\"280\" height=\"349\" \/><p class=\"wp-caption-text\">Quand tu marches sur un lego &#8230; #*^^xxx<\/p><\/div>\n<p>Via <a href=\"http:\/\/www.giphy.com\/\" target=\"_blank\" rel=\"noopener noreferrer\">Giphy<\/a><\/p>\n<h2>\u00ab\u00a0C\u2019est bon pour toi\u00a0\u00bb<\/h2>\n<p>Vos enfants mangeraient bien des p\u00e2tes et des saucisses tous les soirs. Et ce serait tellement facile de leur faire plaisir ! Malgr\u00e9 cela, vous cherchez \u00e0 les int\u00e9resser aux \u00ab bonnes choses \u00bb. Des cuill\u00e8res en forme d\u2019avion, des l\u00e9gumes en forme de dinosaures ou encore cette astuce machiav\u00e9lique \ud83d\ude09<\/p>\n<p><img loading=\"lazy\" decoding=\"async\" class=\"alignnone size-full\" src=\"https:\/\/media.giphy.com\/media\/7FgWgg0QUDvC2cbxn0\/giphy.gif\" width=\"400\" height=\"240\" \/><\/p>\n<p>Via <a href=\"http:\/\/www.giphy.com\/\" target=\"_blank\" rel=\"noopener noreferrer\">Giphy<\/a><\/p>\n<h2>\u00ab\u00a0Oui oui, je vais le faire &#8230;\u00a0\u00bb<\/h2>\n<p>Bien s\u00fbr, vous voulez que vos enfants deviennent ind\u00e9pendants, \u2026 mais si vous demandez quelque chose, vous avez en moyenne cinq ans de plus quand le travail est finalement termin\u00e9.<\/p>\n<p><img loading=\"lazy\" decoding=\"async\" class=\"alignnone size-full\" src=\"https:\/\/media.giphy.com\/media\/9rr6rxQkCRRhXVG0my\/giphy.gif\" width=\"480\" height=\"317\" \/><\/p>\n<p>Via <a href=\"http:\/\/www.giphy.com\/\" target=\"_blank\" rel=\"noopener noreferrer\">Giphy<\/a><\/p>\n<h2>Biberons perdus<\/h2>\n<p>Si vous n&rsquo;avez pas encore instaur\u00e9 une r\u00e8gle stricte qui dit qu&rsquo;on mange seumlement \u00e0 table, vous vous exposez \u00e0 des d\u00e9couvertes &#8230; aventureuses, d\u00e8s que vous bougerez un meuble !Mieux vaut avoir l\u2019estomac bien accroch\u00e9.<\/p>\n<p><img loading=\"lazy\" decoding=\"async\" class=\"alignnone size-full\" src=\"https:\/\/media.giphy.com\/media\/pk4N972lVKtlCiquqQ\/giphy.gif\" width=\"400\" height=\"232\" \/><\/p>\n<p>Via <a href=\"http:\/\/www.giphy.com\/\" target=\"_blank\" rel=\"noopener noreferrer\">Giphy<\/a><\/p>\n<h2>Une balade au supermarch\u00e9<\/h2>\n<p>Avant, vous pouviez fl\u00e2ner au supermarch\u00e9, chercher tranquillement l\u2019inspiration pour le repas du soir. Maintenant, vous foncez avec votre liste de course, et votre objectif principal est d\u2019avoir fini avant tout crise de col\u00e8re, sans quoi vous serez bon pour glisser 1 kilo de bonbons dans votre panier.<\/p>\n<p><img loading=\"lazy\" decoding=\"async\" class=\"alignnone size-full\" src=\"https:\/\/media.giphy.com\/media\/ycCiXvKOhb9tJh5iGr\/giphy.gif\" width=\"480\" height=\"480\" \/><\/p>\n<p>Via <a href=\"http:\/\/www.giphy.com\/\" target=\"_blank\" rel=\"noopener noreferrer\">Giphy<\/a><\/p>\n<h3><strong>Et bien s\u00fbr, vous ne pourriez plus imaginer votre vie sans vos petits tr\u00e9sors. <\/strong><\/h3>\n<h4><strong>Parce que vous \u00eates tomb\u00e9 par hasard sur les plus chouettes enfants du monde.<\/strong><\/h4>\n<p>Comment votre vie a-t-elle chang\u00e9 depuis que vous avez des enfants? Partagez vos id\u00e9es avec nous sur\u00a0<strong><a href=\"https:\/\/www.facebook.com\/smartphoto.fr\" target=\"_blank\" rel=\"noopener noreferrer\">Facebook<\/a>,\u00a0<a href=\"https:\/\/twitter.com\/smartphoto_fr\" target=\"_blank\" rel=\"noopener noreferrer\">Twitter<\/a>,\u00a0<a href=\"http:\/\/instagram.com\/smartphoto_fr\" target=\"_blank\" rel=\"noopener noreferrer\">Instagram<\/a>, ou\u00a0<a href=\"http:\/\/www.pinterest.com\/smartphotofr\">Pinterest<\/a>\u00a0<\/strong>.<\/p>\n<hr \/>\n<h3>Autocollants gratuits !<\/h3>\n<p>Psst: commandez des autocollants gratuits* ! Cliquez sur le lien ci-dessous pour que le code s&rsquo;applique automatiquement.<\/p>\n<p><i>* Offre valable avec le code promo SIMPLECOMMESMARTPHOTO jusqu\u2019au 16\/09\/2019, pour une commande effectu\u00e9e sur <\/i><i><a class=\"Xx\" href=\"https:\/\/www.google.com\/url?q=http:\/\/www.smartphoto.be&amp;sa=D&amp;source=hangouts&amp;ust=1535462032520000&amp;usg=AFQjCNE1Zq3YvcEvW8yDEouzJ7HtIE7IMQ\" target=\"_blank\" rel=\"nofollow noreferrer noopener\">www.smartphoto.fr<\/a><\/i><i>. Offre non cumulable avec d\u2019autres promotions. Frais de livraison non compris.\u00a0<\/i><\/p>\n<p><a href=\"https:\/\/www.smartphoto.fr\/cadeaux-photo\/etiquettes-enfant?epc=simplecommesmartphoto\" target=\"_blank\" rel=\"noopener noreferrer\"><img loading=\"lazy\" decoding=\"async\" class=\"alignnone wp-image-7775 size-full\" title=\"Cadeau ! Commandez vos autocollants gratuits avec le code promo simplecommesmartphoto.\" src=\"https:\/\/storage.googleapis.com\/smartphoto-express-production-wp-blogs-com\/10\/2018\/07\/CTA_Blog_FreeStickers_FR.jpg\" alt=\"Cadeau ! Commandez vos autocollants gratuits avec le code promo simplecommesmartphoto. Cliquez sur l'image et le code s'appliquera automatiquement !\" width=\"720\" height=\"280\" srcset=\"https:\/\/storage.googleapis.com\/smartphoto-express-production-wp-blogs-com\/10\/2018\/07\/CTA_Blog_FreeStickers_FR.jpg 720w, https:\/\/storage.googleapis.com\/smartphoto-express-production-wp-blogs-com\/10\/2018\/07\/CTA_Blog_FreeStickers_FR-300x117.jpg 300w\" sizes=\"auto, (max-width: 720px) 100vw, 720px\" \/><\/a><\/p>\n","protected":false},"excerpt":{"rendered":"<p>10 gifs qui montrent \u00e0 quel point votre vie a chang\u00e9 depuis que vous avez des enfants Superman &#8211; Spiderman &#8211; Maman \u2026 Il n\u2019y a pas de hasard, les Maman sont des super-h\u00e9ros (et bien s\u00fbr, les Papas aussi \ud83d\ude42 ). La vie avec les enfants est tr\u00e8s diff\u00e9rente de la vie sans enfants. Cela va sans dire, en fait. Et pourtant en voyant ces 10 gifs et photos, c\u2019est encore plus concret \ud83d\ude09 \u00ab\u00a0C\u2019est moi qui appuie sur le bouton\u00a0\u00bb Ne songez jamais, jamais, jamais !! \u00e0 appuyer sur un bouton vous-m\u00eame. Au feu de circulation, dans l&rsquo;ascenseur,<\/p>\n","protected":false},"author":39,"featured_media":7707,"comment_status":"open","ping_status":"open","sticky":false,"template":"","format":"standard","meta":{"om_disable_all_campaigns":false,"_monsterinsights_skip_tracking":false,"_monsterinsights_sitenote_active":false,"_monsterinsights_sitenote_note":"","_monsterinsights_sitenote_category":0,"footnotes":""},"categories":[83],"tags":[],"class_list":["post-7703","post","type-post","status-publish","format-standard","has-post-thumbnail","hentry","category-vacances"],"yoast_head":"<!-- This site is optimized with the Yoast SEO plugin v23.8 - https:\/\/yoast.com\/wordpress\/plugins\/seo\/ -->\n<title>La vie avec des enfants, en 10 gifs - smartphoto FR<\/title>\n<meta name=\"description\" content=\"Papa, Maman, Beau-Papa, Belle-Maman, ils ont tous ceci en commun : ils comprendront sans probl\u00e8me les 10 gifs repris dans cet article ;-)\" \/>\n<meta name=\"robots\" content=\"index, follow, max-snippet:-1, max-image-preview:large, max-video-preview:-1\" \/>\n<link rel=\"canonical\" href=\"https:\/\/www.smartphoto.fr\/inspiration\/vivre-avec-des-enfants-gifs\" \/>\n<meta property=\"og:locale\" content=\"fr_FR\" \/>\n<meta property=\"og:type\" content=\"article\" \/>\n<meta property=\"og:title\" content=\"La vie avec des enfants, en 10 gifs - smartphoto FR\" \/>\n<meta property=\"og:description\" content=\"Papa, Maman, Beau-Papa, Belle-Maman, ils ont tous ceci en commun : ils comprendront sans probl\u00e8me les 10 gifs repris dans cet article ;-)\" \/>\n<meta property=\"og:url\" content=\"\/inspiration\/vivre-avec-des-enfants-gifs\" \/>\n<meta property=\"og:site_name\" content=\"smartphoto FR\" \/>\n<meta property=\"article:publisher\" content=\"https:\/\/www.facebook.com\/smartphoto.fr\" \/>\n<meta property=\"article:published_time\" content=\"2018-07-10T14:21:43+00:00\" \/>\n<meta property=\"article:modified_time\" content=\"2019-08-27T14:28:26+00:00\" \/>\n<meta property=\"og:image\" content=\"https:\/\/storage.googleapis.com\/smartphoto-express-production-wp-blogs-com\/10\/2018\/07\/125167497_55e9a76e455f8-768x673.jpg\" \/>\n\t<meta property=\"og:image:width\" content=\"768\" \/>\n\t<meta property=\"og:image:height\" content=\"673\" \/>\n\t<meta property=\"og:image:type\" content=\"image\/jpeg\" \/>\n<meta name=\"author\" content=\"Caroline\" \/>\n<meta name=\"twitter:card\" content=\"summary_large_image\" \/>\n<meta name=\"twitter:creator\" content=\"@smartphoto_fr\" \/>\n<meta name=\"twitter:site\" content=\"@smartphoto_fr\" \/>\n<meta name=\"twitter:label1\" content=\"Written by\" \/>\n\t<meta name=\"twitter:data1\" content=\"Caroline\" \/>\n\t<meta name=\"twitter:label2\" content=\"Est. reading time\" \/>\n\t<meta name=\"twitter:data2\" content=\"3 minutes\" \/>\n<script type=\"application\/ld+json\" class=\"yoast-schema-graph\">{\"@context\":\"https:\/\/schema.org\",\"@graph\":[{\"@type\":\"WebPage\",\"@id\":\"\/inspiration\/vivre-avec-des-enfants-gifs\",\"url\":\"https:\/\/www.smartphoto.fr\/inspiration\/vivre-avec-des-enfants-gifs\",\"name\":\"La vie avec des enfants, en 10 gifs - smartphoto FR\",\"isPartOf\":{\"@id\":\"https:\/\/www.smartphoto.fr\/inspiration\/#website\"},\"primaryImageOfPage\":{\"@id\":\"https:\/\/www.smartphoto.fr\/inspiration\/vivre-avec-des-enfants-gifs#primaryimage\"},\"image\":{\"@id\":\"https:\/\/www.smartphoto.fr\/inspiration\/vivre-avec-des-enfants-gifs#primaryimage\"},\"thumbnailUrl\":\"https:\/\/storage.googleapis.com\/smartphoto-express-production-wp-blogs-com\/10\/2018\/07\/125167497_55e9a76e455f8-768x673.jpg\",\"datePublished\":\"2018-07-10T14:21:43+00:00\",\"dateModified\":\"2019-08-27T14:28:26+00:00\",\"author\":{\"@id\":\"https:\/\/www.smartphoto.fr\/inspiration\/#\/schema\/person\/14abe7c86f4bda0d741e3ec66a39733e\"},\"description\":\"Papa, Maman, Beau-Papa, Belle-Maman, ils ont tous ceci en commun : ils comprendront sans probl\u00e8me les 10 gifs repris dans cet article ;-)\",\"breadcrumb\":{\"@id\":\"https:\/\/www.smartphoto.fr\/inspiration\/vivre-avec-des-enfants-gifs#breadcrumb\"},\"inLanguage\":\"fr-FR\",\"potentialAction\":[{\"@type\":\"ReadAction\",\"target\":[\"https:\/\/www.smartphoto.fr\/inspiration\/vivre-avec-des-enfants-gifs\"]}]},{\"@type\":\"ImageObject\",\"inLanguage\":\"fr-FR\",\"@id\":\"https:\/\/www.smartphoto.fr\/inspiration\/vivre-avec-des-enfants-gifs#primaryimage\",\"url\":\"https:\/\/storage.googleapis.com\/smartphoto-express-production-wp-blogs-com\/10\/2018\/07\/125167497_55e9a76e455f8-768x673.jpg\",\"contentUrl\":\"https:\/\/storage.googleapis.com\/smartphoto-express-production-wp-blogs-com\/10\/2018\/07\/125167497_55e9a76e455f8-768x673.jpg\",\"width\":768,\"height\":673},{\"@type\":\"BreadcrumbList\",\"@id\":\"https:\/\/www.smartphoto.fr\/inspiration\/vivre-avec-des-enfants-gifs#breadcrumb\",\"itemListElement\":[{\"@type\":\"ListItem\",\"position\":1,\"name\":\"Home\",\"item\":\"https:\/\/www.smartphoto.fr\/inspiration\/\"},{\"@type\":\"ListItem\",\"position\":2,\"name\":\"La vie avec des enfants, en 10 gifs\"}]},{\"@type\":\"WebSite\",\"@id\":\"https:\/\/www.smartphoto.fr\/inspiration\/#website\",\"url\":\"https:\/\/www.smartphoto.fr\/inspiration\/\",\"name\":\"smartphoto FR\",\"description\":\"Le blog de smartphoto France.\",\"potentialAction\":[{\"@type\":\"SearchAction\",\"target\":{\"@type\":\"EntryPoint\",\"urlTemplate\":\"https:\/\/www.smartphoto.fr\/inspiration\/?s={search_term_string}\"},\"query-input\":{\"@type\":\"PropertyValueSpecification\",\"valueRequired\":true,\"valueName\":\"search_term_string\"}}],\"inLanguage\":\"fr-FR\"},{\"@type\":\"Person\",\"@id\":\"https:\/\/www.smartphoto.fr\/inspiration\/#\/schema\/person\/14abe7c86f4bda0d741e3ec66a39733e\",\"name\":\"Caroline\",\"image\":{\"@type\":\"ImageObject\",\"inLanguage\":\"fr-FR\",\"@id\":\"https:\/\/www.smartphoto.fr\/inspiration\/#\/schema\/person\/image\/\",\"url\":\"https:\/\/secure.gravatar.com\/avatar\/3bf4c2775ae12d0bb3bb504b56a0508c?s=96&d=mm&r=g\",\"contentUrl\":\"https:\/\/secure.gravatar.com\/avatar\/3bf4c2775ae12d0bb3bb504b56a0508c?s=96&d=mm&r=g\",\"caption\":\"Caroline\"},\"description\":\"Des id\u00e9es cr\u00e9atives pour vous inspirer, des sujets qui vous aident vraiment dans votre quotidien, voil\u00e0 ce que j'esp\u00e8re partager avec vous via ce blog. Quand je ne blogue pas pour smartphoto, je profites de bons moments en famille avec mon ch\u00e9ri et mes enfants, ou j'\u00e9tudie et je pratique le yoga.\",\"sameAs\":[\"http:\/\/www.smartphoto.fr\/inspiration\",\"https:\/\/www.instagram.com\/smartphoto_fr\/\"],\"url\":\"https:\/\/www.smartphoto.fr\/inspiration\/author\/caroline\"}]}<\/script>\n<!-- \/ Yoast SEO plugin. -->","yoast_head_json":{"title":"La vie avec des enfants, en 10 gifs - smartphoto FR","description":"Papa, Maman, Beau-Papa, Belle-Maman, ils ont tous ceci en commun : ils comprendront sans probl\u00e8me les 10 gifs repris dans cet article ;-)","robots":{"index":"index","follow":"follow","max-snippet":"max-snippet:-1","max-image-preview":"max-image-preview:large","max-video-preview":"max-video-preview:-1"},"canonical":"https:\/\/www.smartphoto.fr\/inspiration\/vivre-avec-des-enfants-gifs","og_locale":"fr_FR","og_type":"article","og_title":"La vie avec des enfants, en 10 gifs - smartphoto FR","og_description":"Papa, Maman, Beau-Papa, Belle-Maman, ils ont tous ceci en commun : ils comprendront sans probl\u00e8me les 10 gifs repris dans cet article ;-)","og_url":"\/inspiration\/vivre-avec-des-enfants-gifs","og_site_name":"smartphoto FR","article_publisher":"https:\/\/www.facebook.com\/smartphoto.fr","article_published_time":"2018-07-10T14:21:43+00:00","article_modified_time":"2019-08-27T14:28:26+00:00","og_image":[{"width":768,"height":673,"url":"https:\/\/storage.googleapis.com\/smartphoto-express-production-wp-blogs-com\/10\/2018\/07\/125167497_55e9a76e455f8-768x673.jpg","type":"image\/jpeg"}],"author":"Caroline","twitter_card":"summary_large_image","twitter_creator":"@smartphoto_fr","twitter_site":"@smartphoto_fr","twitter_misc":{"Written by":"Caroline","Est. reading time":"3 minutes"},"schema":{"@context":"https:\/\/schema.org","@graph":[{"@type":"WebPage","@id":"\/inspiration\/vivre-avec-des-enfants-gifs","url":"https:\/\/www.smartphoto.fr\/inspiration\/vivre-avec-des-enfants-gifs","name":"La vie avec des enfants, en 10 gifs - smartphoto FR","isPartOf":{"@id":"https:\/\/www.smartphoto.fr\/inspiration\/#website"},"primaryImageOfPage":{"@id":"https:\/\/www.smartphoto.fr\/inspiration\/vivre-avec-des-enfants-gifs#primaryimage"},"image":{"@id":"https:\/\/www.smartphoto.fr\/inspiration\/vivre-avec-des-enfants-gifs#primaryimage"},"thumbnailUrl":"https:\/\/storage.googleapis.com\/smartphoto-express-production-wp-blogs-com\/10\/2018\/07\/125167497_55e9a76e455f8-768x673.jpg","datePublished":"2018-07-10T14:21:43+00:00","dateModified":"2019-08-27T14:28:26+00:00","author":{"@id":"https:\/\/www.smartphoto.fr\/inspiration\/#\/schema\/person\/14abe7c86f4bda0d741e3ec66a39733e"},"description":"Papa, Maman, Beau-Papa, Belle-Maman, ils ont tous ceci en commun : ils comprendront sans probl\u00e8me les 10 gifs repris dans cet article ;-)","breadcrumb":{"@id":"https:\/\/www.smartphoto.fr\/inspiration\/vivre-avec-des-enfants-gifs#breadcrumb"},"inLanguage":"fr-FR","potentialAction":[{"@type":"ReadAction","target":["https:\/\/www.smartphoto.fr\/inspiration\/vivre-avec-des-enfants-gifs"]}]},{"@type":"ImageObject","inLanguage":"fr-FR","@id":"https:\/\/www.smartphoto.fr\/inspiration\/vivre-avec-des-enfants-gifs#primaryimage","url":"https:\/\/storage.googleapis.com\/smartphoto-express-production-wp-blogs-com\/10\/2018\/07\/125167497_55e9a76e455f8-768x673.jpg","contentUrl":"https:\/\/storage.googleapis.com\/smartphoto-express-production-wp-blogs-com\/10\/2018\/07\/125167497_55e9a76e455f8-768x673.jpg","width":768,"height":673},{"@type":"BreadcrumbList","@id":"https:\/\/www.smartphoto.fr\/inspiration\/vivre-avec-des-enfants-gifs#breadcrumb","itemListElement":[{"@type":"ListItem","position":1,"name":"Home","item":"https:\/\/www.smartphoto.fr\/inspiration\/"},{"@type":"ListItem","position":2,"name":"La vie avec des enfants, en 10 gifs"}]},{"@type":"WebSite","@id":"https:\/\/www.smartphoto.fr\/inspiration\/#website","url":"https:\/\/www.smartphoto.fr\/inspiration\/","name":"smartphoto FR","description":"Le blog de smartphoto France.","potentialAction":[{"@type":"SearchAction","target":{"@type":"EntryPoint","urlTemplate":"https:\/\/www.smartphoto.fr\/inspiration\/?s={search_term_string}"},"query-input":{"@type":"PropertyValueSpecification","valueRequired":true,"valueName":"search_term_string"}}],"inLanguage":"fr-FR"},{"@type":"Person","@id":"https:\/\/www.smartphoto.fr\/inspiration\/#\/schema\/person\/14abe7c86f4bda0d741e3ec66a39733e","name":"Caroline","image":{"@type":"ImageObject","inLanguage":"fr-FR","@id":"https:\/\/www.smartphoto.fr\/inspiration\/#\/schema\/person\/image\/","url":"https:\/\/secure.gravatar.com\/avatar\/3bf4c2775ae12d0bb3bb504b56a0508c?s=96&d=mm&r=g","contentUrl":"https:\/\/secure.gravatar.com\/avatar\/3bf4c2775ae12d0bb3bb504b56a0508c?s=96&d=mm&r=g","caption":"Caroline"},"description":"Des id\u00e9es cr\u00e9atives pour vous inspirer, des sujets qui vous aident vraiment dans votre quotidien, voil\u00e0 ce que j'esp\u00e8re partager avec vous via ce blog. Quand je ne blogue pas pour smartphoto, je profites de bons moments en famille avec mon ch\u00e9ri et mes enfants, ou j'\u00e9tudie et je pratique le yoga.","sameAs":["http:\/\/www.smartphoto.fr\/inspiration","https:\/\/www.instagram.com\/smartphoto_fr\/"],"url":"https:\/\/www.smartphoto.fr\/inspiration\/author\/caroline"}]}},"_links":{"self":[{"href":"https:\/\/www.smartphoto.fr\/inspiration\/wp-json\/wp\/v2\/posts\/7703","targetHints":{"allow":["GET"]}}],"collection":[{"href":"https:\/\/www.smartphoto.fr\/inspiration\/wp-json\/wp\/v2\/posts"}],"about":[{"href":"https:\/\/www.smartphoto.fr\/inspiration\/wp-json\/wp\/v2\/types\/post"}],"author":[{"embeddable":true,"href":"https:\/\/www.smartphoto.fr\/inspiration\/wp-json\/wp\/v2\/users\/39"}],"replies":[{"embeddable":true,"href":"https:\/\/www.smartphoto.fr\/inspiration\/wp-json\/wp\/v2\/comments?post=7703"}],"version-history":[{"count":7,"href":"https:\/\/www.smartphoto.fr\/inspiration\/wp-json\/wp\/v2\/posts\/7703\/revisions"}],"predecessor-version":[{"id":8990,"href":"https:\/\/www.smartphoto.fr\/inspiration\/wp-json\/wp\/v2\/posts\/7703\/revisions\/8990"}],"wp:featuredmedia":[{"embeddable":true,"href":"https:\/\/www.smartphoto.fr\/inspiration\/wp-json\/wp\/v2\/media\/7707"}],"wp:attachment":[{"href":"https:\/\/www.smartphoto.fr\/inspiration\/wp-json\/wp\/v2\/media?parent=7703"}],"wp:term":[{"taxonomy":"category","embeddable":true,"href":"https:\/\/www.smartphoto.fr\/inspiration\/wp-json\/wp\/v2\/categories?post=7703"},{"taxonomy":"post_tag","embeddable":true,"href":"https:\/\/www.smartphoto.fr\/inspiration\/wp-json\/wp\/v2\/tags?post=7703"}],"curies":[{"name":"wp","href":"https:\/\/api.w.org\/{rel}","templated":true}]}}