{"id":7549,"date":"2025-06-03T11:09:55","date_gmt":"2025-06-03T09:09:55","guid":{"rendered":"\/inspiration\/?p=7549"},"modified":"2025-09-04T16:40:09","modified_gmt":"2025-09-04T14:40:09","slug":"idee-cadeau-papa-les-classiques","status":"publish","type":"post","link":"https:\/\/www.smartphoto.fr\/inspiration\/idee-cadeau-papa-les-classiques","title":{"rendered":"Id\u00e9e cadeau Papa : 10 classiques revisit\u00e9s"},"content":{"rendered":"\n<h3 class=\"wp-block-heading\" id=\"cadeau-de-fete-des-peres-original\">Cadeau de f\u00eate des p\u00e8res original<\/h3>\n\n\n\n<p><span style=\"font-weight: 400\"><strong>Vous \u00eates \u00e0 la recherche d\u2019une chouette <\/strong>id\u00e9e <\/span><a href=\"https:\/\/www.smartphoto.fr\/cadeau-fete-des-peres-personnalise\"><strong><span style=\"font-weight: 400\">cadeau pour la f\u00eate des P\u00e8res<\/span><\/strong><\/a><span style=\"font-weight: 400\"><strong>, et vous ne savez pas quoi acheter ? Voici 10 cadeaux qui sont de grands \u00ab\u00a0classiques\u00a0\u00bb pour la f\u00eate des P\u00e8res, remis au go\u00fbt du jour. Ainsi, vous \u00eates certain que votre cadeau fera plaisir \u00e0 votre papa ou votre partenaire, mais vous l\u2019avez quand m\u00eame personnalis\u00e9 ! Alors, c\u2019est gagnant-gagnant \ud83d\ude09<\/strong><\/span><\/p>\n\n\n\n<figure class=\"wp-block-gallery aligncenter has-nested-images columns-default is-cropped wp-block-gallery-1 is-layout-flex wp-block-gallery-is-layout-flex\">\n<figure class=\"wp-block-image size-full\"><img decoding=\"async\" data-id=\"45675\" src=\"https:\/\/storage.googleapis.com\/smartphoto-express-production-wp-blogs-com\/9\/2025\/06\/Fete-des-peres-cadeaux-traditionnels-1.jpg\" alt=\"\" class=\"wp-image-45675\" \/><\/figure>\n\n\n\n<figure class=\"wp-block-image size-large\"><img loading=\"lazy\" decoding=\"async\" width=\"780\" height=\"537\" data-id=\"9517\" src=\"https:\/\/storage.googleapis.com\/smartphoto-express-production-wp-blogs-com\/10\/2020\/06\/mug-perso.jpg\" alt=\"Mug \u00e9maill\u00e9 personnalis\u00e9 - f\u00eate des p\u00e8res - id\u00e9e cadeau papa\" class=\"wp-image-9517\" srcset=\"https:\/\/storage.googleapis.com\/smartphoto-express-production-wp-blogs-com\/10\/2020\/06\/mug-perso.jpg 780w, https:\/\/storage.googleapis.com\/smartphoto-express-production-wp-blogs-com\/10\/2020\/06\/mug-perso-300x207.jpg 300w, https:\/\/storage.googleapis.com\/smartphoto-express-production-wp-blogs-com\/10\/2020\/06\/mug-perso-768x529.jpg 768w\" sizes=\"auto, (max-width: 780px) 100vw, 780px\" \/><\/figure>\n\n\n\n<figure class=\"wp-block-image size-full\"><img decoding=\"async\" data-id=\"44738\" src=\"https:\/\/storage.googleapis.com\/smartphoto-express-production-wp-blogs-com\/9\/2024\/01\/BottleOpener_Shoot_Lifestyle7.jpg\" alt=\"\" class=\"wp-image-44738\" \/><\/figure>\n\n\n\n<figure class=\"wp-block-image size-large\"><img loading=\"lazy\" decoding=\"async\" width=\"360\" height=\"360\" data-id=\"9513\" src=\"https:\/\/storage.googleapis.com\/smartphoto-express-production-wp-blogs-com\/10\/2019\/05\/Coque-telephone-personnalis\u00e9-dessin.jpg\" alt=\"Coque telephone personnalis\u00e9e - F\u00eate des p\u00e8res - id\u00e9e cadeau papa\" class=\"wp-image-9513\" srcset=\"https:\/\/storage.googleapis.com\/smartphoto-express-production-wp-blogs-com\/10\/2019\/05\/Coque-telephone-personnalis\u00e9-dessin.jpg 360w, https:\/\/storage.googleapis.com\/smartphoto-express-production-wp-blogs-com\/10\/2019\/05\/Coque-telephone-personnalis\u00e9-dessin-300x300.jpg 300w, https:\/\/storage.googleapis.com\/smartphoto-express-production-wp-blogs-com\/10\/2019\/05\/Coque-telephone-personnalis\u00e9-dessin-150x150.jpg 150w\" sizes=\"auto, (max-width: 360px) 100vw, 360px\" \/><\/figure>\n\n\n\n<figure class=\"wp-block-image size-full\"><img decoding=\"async\" data-id=\"45676\" src=\"https:\/\/storage.googleapis.com\/smartphoto-express-production-wp-blogs-com\/9\/2025\/06\/Fete-des-peres-cadeaux-traditionnels-3.jpg\" alt=\"\" class=\"wp-image-45676\" \/><\/figure>\n\n\n\n<figure class=\"wp-block-image size-full\"><img decoding=\"async\" data-id=\"45678\" src=\"https:\/\/storage.googleapis.com\/smartphoto-express-production-wp-blogs-com\/9\/2025\/06\/Fete-des-peres-cadeaux-traditionnels-14.jpg\" alt=\"\" class=\"wp-image-45678\" \/><\/figure>\n<\/figure>\n\n\n\n<div class=\"wp-block-group\"><div class=\"wp-block-group__inner-container is-layout-constrained wp-block-group-is-layout-constrained\">\n<div class=\"wp-block-group\"><div class=\"wp-block-group__inner-container is-layout-constrained wp-block-group-is-layout-constrained\">\n<h2 class=\"wp-block-heading\"><strong>Que donner \u00e0 un p\u00e8re qui a tout ?<\/strong><\/h2>\n\n\n\n<h2 class=\"wp-block-heading\">1<strong>. Un mug avec un clin d&rsquo;\u0153il pour la f\u00eate des P\u00e8res \u2615<\/strong><\/h2>\n\n\n\n<p>Votre p\u00e8re est-il un aventurier n\u00e9 ?&nbsp;Alors cette&nbsp;<a href=\"https:\/\/www.smartphoto.fr\/cadeaux-photo\/mug_emaille\">tasse \u00e9maill\u00e9e<\/a>&nbsp;est le cadeau parfait !&nbsp;Comme il sera fier de montrer son cadeau personnalis\u00e9 pour la f\u00eate des P\u00e8res lors d\u2019une soir\u00e9e ensemble autour du feu de camp.&nbsp;<\/p>\n\n\n\n<p>C&rsquo;est styl\u00e9, r\u00e9tro et super pratique&nbsp;\ud83d\ude09 Ajoutez une photo qu&rsquo;il adorera ou choisissez un texte qui le fera rire :<\/p>\n\n\n\n<blockquote class=\"wp-block-quote is-layout-flow wp-block-quote-is-layout-flow\">\n<ul class=\"wp-block-list\">\n<li>\u00ab Cette tasse appartient au meilleur papa (et \u00e0 son addiction au caf\u00e9) \u00bb<\/li>\n\n\n\n<li>\u00ab Sans cette tasse, pas de superpouvoir. \u00bb<\/li>\n\n\n\n<li>Toi PAPARLER a moi avant CAFE<\/li>\n<\/ul>\n<\/blockquote>\n\n\n\n<figure class=\"wp-block-image size-large\"><img loading=\"lazy\" decoding=\"async\" width=\"780\" height=\"537\" src=\"https:\/\/storage.googleapis.com\/smartphoto-express-production-wp-blogs-com\/10\/2020\/06\/mug-perso.jpg\" alt=\"Mug \u00e9maill\u00e9 personnalis\u00e9 pour la f\u00eate des p\u00e8res.\" class=\"wp-image-9517\" srcset=\"https:\/\/storage.googleapis.com\/smartphoto-express-production-wp-blogs-com\/10\/2020\/06\/mug-perso.jpg 780w, https:\/\/storage.googleapis.com\/smartphoto-express-production-wp-blogs-com\/10\/2020\/06\/mug-perso-300x207.jpg 300w, https:\/\/storage.googleapis.com\/smartphoto-express-production-wp-blogs-com\/10\/2020\/06\/mug-perso-768x529.jpg 768w\" sizes=\"auto, (max-width: 780px) 100vw, 780px\" \/><figcaption class=\"wp-element-caption\"><a href=\"https:\/\/www.smartphoto.fr\/cadeaux-photo\/mug_emaille\">Mug \u00e9maill\u00e9 <\/a><\/figcaption><\/figure>\n<\/div><\/div>\n\n\n\n<p>Cette tasse deviendra un \u00e9l\u00e9ment permanent de son rituel matinal. Imaginez ceci : il ouvre le placard, sort&nbsp;<em>sa<\/em>&nbsp;tasse et lit le message doux ou dr\u00f4le tandis que l\u2019odeur du caf\u00e9 frais se r\u00e9pand. Voil\u00e0 une excellente fa\u00e7on de commencer la journ\u00e9e ! De plus, une telle tasse est parfaite pour le bureau &#8211; un rep\u00e8re. C&rsquo;est le cadeau id\u00e9al pour les papas qui aiment le caf\u00e9, le th\u00e9 et l&rsquo;humour.<\/p>\n<\/div><\/div>\n\n\n\n<div class=\"wp-block-group\"><div class=\"wp-block-group__inner-container is-layout-constrained wp-block-group-is-layout-constrained\">\n<h2 class=\"wp-block-heading\" id=\"2-mug-emaille-pour-papa-style\"><strong>2. Porte-cl\u00e9s personnalis\u00e9 : le cadeau de f\u00eate des P\u00e8res \u00e0 emporter \ud83d\udd11<\/strong><\/h2>\n\n\n\n<p>Qu&rsquo;il prenne la voiture, se rende au bureau ou fasse du jogging, avec un&nbsp;<a href=\"https:\/\/www.smartphoto.fr\/cadeaux-photo\/porte-cle-photo\/fete-des-peres\">porte-cl\u00e9s personnalis\u00e9,<\/a>&nbsp;il a toujours ses proches \u00e0 proximit\u00e9. Une belle photo ou un texte ludique le rend encore plus sp\u00e9cial :<\/p>\n\n\n\n<blockquote class=\"wp-block-quote is-layout-flow wp-block-quote-is-layout-flow\">\n<ul class=\"wp-block-list\">\n<li>\u00ab Super papa \u2014 toujours en mouvement, toujours dans nos c\u0153urs. \u00bb<\/li>\n\n\n\n<li>\u00ab La cl\u00e9 du succ\u00e8s de papa (et la porte d&rsquo;entr\u00e9e) \u00bb.<\/li>\n<\/ul>\n<\/blockquote>\n\n\n\n<figure class=\"wp-block-image size-full\"><a href=\"https:\/\/www.smartphoto.fr\/cadeaux-photo\/porte-cle-photo\/fete-des-peres\"><img decoding=\"async\" src=\"https:\/\/storage.googleapis.com\/smartphoto-express-production-wp-blogs-com\/9\/2023\/05\/Fete-des-peres-cadeaux-traditionnels-10.jpg\" alt=\"\" class=\"wp-image-45673\" \/><\/a><\/figure>\n<\/div><\/div>\n\n\n\n<p>Ce porte-cl\u00e9s n\u2019est pas seulement pratique ; c&rsquo;est un petit peu d&rsquo;amour de ses enfants qui l&rsquo;accompagnera partout. Chaque fois qu&rsquo;il r\u00e9cup\u00e8re ses cl\u00e9s, il re\u00e7oit un subtil rappel des personnes qui l&rsquo;aiment. Il est id\u00e9al pour les p\u00e8res qui sont souvent en d\u00e9placement, mais qui souhaitent n\u00e9anmoins rester connect\u00e9s \u00e0 leur famille. De plus, c&rsquo;est un accessoire \u00e9l\u00e9gant qui transforme un simple trousseau de cl\u00e9s en un objet personnel et significatif.<\/p>\n\n\n\n<h2 class=\"wp-block-heading\"><strong>#<\/strong>3: D\u00e9coration de bureau de motivante<\/h2>\n\n\n\n<p>Pour les papas qui passent leur journ\u00e9e \u00e0 travailler sur un \u00e9cran, la <a href=\"https:\/\/www.smartphoto.fr\/produits\/deco-bureau\">d\u00e9coration de bureau<\/a> est un vrai classique. Qu&rsquo;il s&rsquo;agisse d&rsquo;un<a href=\"https:\/\/www.smartphoto.fr\/cadeaux-photo\/tapis-de-souris-photo\"> tapis de souris<\/a> (ergonomique), d&rsquo;un <a href=\"https:\/\/www.smartphoto.fr\/cadeaux-photo\/presentoir-photos\">pr\u00e9sentoir photo<\/a> ou d&rsquo;un <a href=\"https:\/\/www.smartphoto.fr\/cadeaux-photo\/pot-crayons-photo\">pot \u00e0 crayons<\/a>; avec un gentil message ou une jolie photo, chaque journ\u00e9e de travail commencera avec un esprit positif !<\/p>\n\n\n\n<figure class=\"wp-block-image size-large\"><a href=\"https:\/\/www.smartphoto.fr\/cadeaux-photo\/tapis-de-souris-photo\"><img loading=\"lazy\" decoding=\"async\" width=\"768\" height=\"513\" src=\"https:\/\/storage.googleapis.com\/smartphoto-express-production-wp-blogs-com\/10\/2021\/05\/phpKEgADe_5fce34fa2a31c_5fce3500a58f2-768x513-1.jpg\" alt=\"\" class=\"wp-image-10462\" srcset=\"https:\/\/storage.googleapis.com\/smartphoto-express-production-wp-blogs-com\/10\/2021\/05\/phpKEgADe_5fce34fa2a31c_5fce3500a58f2-768x513-1.jpg 768w, https:\/\/storage.googleapis.com\/smartphoto-express-production-wp-blogs-com\/10\/2021\/05\/phpKEgADe_5fce34fa2a31c_5fce3500a58f2-768x513-1-300x200.jpg 300w\" sizes=\"auto, (max-width: 768px) 100vw, 768px\" \/><\/a><\/figure>\n\n\n\n<h2 class=\"wp-block-heading\">#4 : Livret de citations avec vos meilleurs souvenirs<\/h2>\n\n\n\n<p>Sans aucun doute, vous avez d&rsquo;innombrables anecdotes et de merveilleux souvenirs concernant votre Papa. Rassemblez-les dans ce livret de citaitons ! Avec des citations amusantes, des mots doux et des photos souvenirs, vous ferez certainement plaisir \u00e0 votre papa, et le verrez peut-\u00eatre m\u00eame verser une larme ! \ud83d\udd8b\ufe0f<\/p>\n\n\n\n<figure class=\"wp-block-image size-large\"><img loading=\"lazy\" decoding=\"async\" width=\"1024\" height=\"497\" src=\"https:\/\/storage.googleapis.com\/smartphoto-express-production-wp-blogs-com\/10\/2021\/05\/quotebook-fra-famille2-1024x497.jpg\" alt=\"\" class=\"wp-image-10463\" srcset=\"https:\/\/storage.googleapis.com\/smartphoto-express-production-wp-blogs-com\/10\/2021\/05\/quotebook-fra-famille2-1024x497.jpg 1024w, https:\/\/storage.googleapis.com\/smartphoto-express-production-wp-blogs-com\/10\/2021\/05\/quotebook-fra-famille2-300x145.jpg 300w, https:\/\/storage.googleapis.com\/smartphoto-express-production-wp-blogs-com\/10\/2021\/05\/quotebook-fra-famille2-768x372.jpg 768w, https:\/\/storage.googleapis.com\/smartphoto-express-production-wp-blogs-com\/10\/2021\/05\/quotebook-fra-famille2-1536x745.jpg 1536w, https:\/\/storage.googleapis.com\/smartphoto-express-production-wp-blogs-com\/10\/2021\/05\/quotebook-fra-famille2.jpg 1854w\" sizes=\"auto, (max-width: 1024px) 100vw, 1024px\" \/><figcaption class=\"wp-element-caption\"><a href=\"https:\/\/www.smartphoto.fr\/cadeaux-photo\/livret-de-citations\">Livret de citations : d\u00e9couvrez-le ici <\/a><\/figcaption><\/figure>\n\n\n\n<h2 class=\"wp-block-heading\"><b>#5 : Bo\u00eete \u00e0 biscuits<\/b><\/h2>\n\n\n\n<p><span style=\"font-weight: 400\">Votre papa aime les douceurs ? Il ne dit jamais non \u00e0 quelques biscuits ? Alors, cette <\/span><a href=\"https:\/\/www.smartphoto.fr\/cadeaux-photo\/boite-biscuits-photo\"><span style=\"font-weight: 400\">bo\u00eete \u00e0 biscuits<\/span><\/a><span style=\"font-weight: 400\"> personnalis\u00e9e est le cadeau de f\u00eate des p\u00e8res id\u00e9al. Et pour un cadeau plus personnel, faites appel \u00e0 vos talents de cuisinier, et fabriquez vous-m\u00eame les d\u00e9licieux biscuits qui la garniront. C&rsquo;est une boite de grande qualit\u00e9 qu&rsquo;il pourra ensuite utiliser pour ranger ses souvenirs ou de petits outils (4 formats disponibles).<\/span><\/p>\n\n\n<div class=\"wp-block-image is-resized\">\n<figure class=\"aligncenter size-large\"><img loading=\"lazy\" decoding=\"async\" width=\"780\" height=\"537\" src=\"https:\/\/storage.googleapis.com\/smartphoto-express-production-wp-blogs-com\/10\/2021\/05\/smartphoto-nouveautes-niew-4.jpg\" alt=\"\" class=\"wp-image-10460\" srcset=\"https:\/\/storage.googleapis.com\/smartphoto-express-production-wp-blogs-com\/10\/2021\/05\/smartphoto-nouveautes-niew-4.jpg 780w, https:\/\/storage.googleapis.com\/smartphoto-express-production-wp-blogs-com\/10\/2021\/05\/smartphoto-nouveautes-niew-4-300x207.jpg 300w, https:\/\/storage.googleapis.com\/smartphoto-express-production-wp-blogs-com\/10\/2021\/05\/smartphoto-nouveautes-niew-4-768x529.jpg 768w\" sizes=\"auto, (max-width: 780px) 100vw, 780px\" \/><\/figure><\/div>\n\n\n<h2 class=\"wp-block-heading\"><b>#5 : D\u00e9capsuleur photo<\/b><\/h2>\n\n\n\n<p>D\u00e9capsulez une bouteille comme un \u00ab&nbsp;pro&nbsp;\u00bb tout en vous rem\u00e9morant vos meilleurs moments, gr\u00e2ce \u00e0 ce d\u00e9capsuleur photo personnalis\u00e9. Le cadeau id\u00e9al et l\u2019accessoire indispensable pour vos barbecues estivaux&nbsp;!<br>Ce <span style=\"font-weight: 400\"><a href=\"https:\/\/www.smartphoto.fr\/cadeaux-photo\/decapsuleur-photo\">d\u00e9capsuleur photo <\/a>est non seulement utile, mais donne \u00e9galement une touche personnelle \u00e0 vos ap\u00e9ros. Avec une belle photo ou une chouette citation, ce d\u00e9capsuleur deviendra votre meilleur ami.<\/span><\/p>\n\n\n<div class=\"wp-block-image is-resized\">\n<figure class=\"aligncenter size-large\"><img loading=\"lazy\" decoding=\"async\" width=\"780\" height=\"537\" src=\"https:\/\/storage.googleapis.com\/smartphoto-express-production-wp-blogs-com\/10\/2020\/06\/bottleopener-carrousel1.jpg\" alt=\"\" class=\"wp-image-9514\" srcset=\"https:\/\/storage.googleapis.com\/smartphoto-express-production-wp-blogs-com\/10\/2020\/06\/bottleopener-carrousel1.jpg 780w, https:\/\/storage.googleapis.com\/smartphoto-express-production-wp-blogs-com\/10\/2020\/06\/bottleopener-carrousel1-300x207.jpg 300w, https:\/\/storage.googleapis.com\/smartphoto-express-production-wp-blogs-com\/10\/2020\/06\/bottleopener-carrousel1-768x529.jpg 768w\" sizes=\"auto, (max-width: 780px) 100vw, 780px\" \/><figcaption class=\"wp-element-caption\"><a href=\"https:\/\/www.smartphoto.fr\/cadeaux-photo\/decapsuleur-photo\">D\u00e9capsuleur personnalisable<\/a><\/figcaption><\/figure><\/div>\n\n\n<h2 class=\"wp-block-heading\"><b>#6 : Porte-cartes en cuir<\/b><\/h2>\n\n\n\n<p><span style=\"font-weight: 400\">Celui-ci est sans aucun doute un cadeau tr\u00e8s classique pour un homme : un portefeuille ! Mais pas n&rsquo;importe lequel. Tr\u00e8s classe et pratique, notre <\/span><span style=\"font-weight: 400\"><a href=\"https:\/\/www.smartphoto.fr\/cadeaux-photo\/porte-cartes-en-cuir\">porte-cartes en cuir<\/a>&nbsp;permettra \u00e0 monsieur Papa de n<\/span><span style=\"font-weight: 400\">\u2019emporter que ses cartes les plus importante et une photo de ses enfants ador\u00e9s, point \u00e0 la ligne. En plus, le format est super pratique et c\u2019est personnalis\u00e9 : que voudrait-il de plus ? &nbsp;<\/span><\/p>\n\n\n<div class=\"wp-block-image\">\n<figure class=\"aligncenter\"><a href=\"https:\/\/www.smartphoto.fr\/cadeaux-photo\/porte-cartes-en-cuir\"><img decoding=\"async\" src=\"https:\/\/storage.googleapis.com\/smartphoto-express-production-wp-blogs-com\/9\/2018\/05\/Kadanza-php5D08ze_5caddce448568_5caddcf7091c1-2.jpg\" alt=\"\" class=\"wp-image-41160\" \/><\/a><figcaption class=\"wp-element-caption\"><a href=\"https:\/\/www.smartphoto.fr\/cadeaux-photo\/porte-cartes-en-cuir\">Porte-cartes en cuir<\/a><\/figcaption><\/figure><\/div>\n\n\n<h2 class=\"wp-block-heading\"><b>#7 : Jeu de cartes personnalis\u00e9s<\/b><\/h2>\n\n\n\n<p><span style=\"font-weight: 400\">Votre p\u00e8re ou partenaire aime jouer aux cartes avec ses amis ? Ou peut-\u00eatre vous jouez parfois ensemble ? Effet garanti avec ces <\/span><a href=\"https:\/\/www.smartphoto.fr\/cadeaux-photo\/jeu-cartes-classique\"><span style=\"font-weight: 400\">jeux de cartes personnalis\u00e9s<\/span><\/a><span style=\"font-weight: 400\"> avec photos et\/ou texte ! Vous pouvez y ajouter 7 diff\u00e9rentes photos, en personnalisant aussi bien l&rsquo;avant que l\u2019arri\u00e8re des cartes. Un cadeau terriblement classique, mais pr\u00e9sent\u00e9 de fa\u00e7on originale ! <\/span><\/p>\n\n\n<div class=\"wp-block-image size-full wp-image-41161\">\n<figure class=\"aligncenter\"><img decoding=\"async\" src=\"https:\/\/storage.googleapis.com\/smartphoto-express-production-wp-blogs-com\/9\/2018\/05\/Jeudecartes-rectoverso.jpg\" alt=\"\" class=\"wp-image-41161\" \/><figcaption class=\"wp-element-caption\"><a href=\"https:\/\/www.smartphoto.fr\/cadeaux-photo\/jeu-cartes-classique\">Jeu de cartes personnalis\u00e9 recto verso &#8211; smartphoto<\/a><\/figcaption><\/figure><\/div>\n\n\n<p>C&rsquo;est branch\u00e9, c&rsquo;est r\u00e9tro et c&rsquo;est super pratique!<\/p>\n\n\n\n<h2 class=\"wp-block-heading\"><strong><strong>7. Id\u00e9e cadeau pour papa:  sa photo pr\u00e9f\u00e9r\u00e9e sur une affiche \ud83d\uddbc\ufe0f<\/strong><\/strong><\/h2>\n\n\n\n<p>Montrez-lui combien il compte pour vous avec une&nbsp;<a href=\"https:\/\/www.smartphoto.fr\/deco-photo\/poster-pele-mele\/fete-des-peres?theme=theme.fathersday\">affiche personnalis\u00e9e<\/a>&nbsp;. Imaginez un collage de vos meilleurs moments, sa photo pr\u00e9f\u00e9r\u00e9e ou un message fort&nbsp;:<\/p>\n\n\n\n<blockquote class=\"wp-block-quote is-layout-flow wp-block-quote-is-layout-flow\">\n<ul class=\"wp-block-list\">\n<li>\u00ab Papa, notre h\u00e9ros en format XL. \u00bb<\/li>\n\n\n\n<li>\u00ab L\u2019homme, le mythe, la star. \u00bb<\/li>\n<\/ul>\n<\/blockquote>\n\n\n\n<figure class=\"wp-block-image\"><a href=\"https:\/\/www.smartphoto.fr\/deco-photo\/poster-pele-mele\/fete-des-peres?theme=theme.fathersday\"><img decoding=\"async\" src=\"https:\/\/storage.googleapis.com\/smartphoto-express-production-wp-blogs-com\/7\/2024\/05\/AcrylicPhoto_Shoot_Lifestyle10.jpg\" alt=\"\" class=\"wp-image-51617\" \/><\/a><\/figure>\n\n\n\n<p>Que ce soit pour son bureau ou son salon, cette affiche lui montrera chaque jour \u00e0 quel point il est sp\u00e9cial. Un cadeau pr\u00e9cieux qui fera plaisir \u00e0 un \u00eatre cher. Ces posters sont parfaits pour les papas qui aiment \u00eatre entour\u00e9s de beaux souvenirs et exposer fi\u00e8rement leur famille avec leurs photos pr\u00e9f\u00e9r\u00e9es. De plus, ils \u00e9gayeront n&rsquo;importe quel mur terne.<\/p>\n\n\n\n<h2 class=\"wp-block-heading\"><strong>8. Le tapis de souris F\u00eate des P\u00e8res pour travailler avec le sourire \ud83d\uddb1\ufe0f<\/strong><\/h2>\n\n\n\n<p>Papa passe beaucoup de temps devant l&rsquo;ordinateur&nbsp;? Personnalisez son espace de travail avec un&nbsp;<a href=\"https:\/\/www.smartphoto.fr\/cadeaux-photo\/tapis-de-souris-photo\/fete-des-peres\">tapis de souris <\/a>personnalis\u00e9. Ajoutez des photos et un texte joyeux&nbsp;:<\/p>\n\n\n\n<blockquote class=\"wp-block-quote is-layout-flow wp-block-quote-is-layout-flow\">\n<ul class=\"wp-block-list\">\n<li>\u00ab&nbsp;Chhht&#8230; Papa travaille !&nbsp;\u00bb<\/li>\n\n\n\n<li>\u00ab Le bureau de papa: laboratoire du succ\u00e8s \u00bb<\/li>\n\n\n\n<li>\u00ab Pour le meilleur Papa &#8211; Bonne f\u00eate Papa ! Je t&rsquo;aime, Emma. \u00bb<\/li>\n<\/ul>\n<\/blockquote>\n\n\n\n<figure class=\"wp-block-gallery has-nested-images columns-default is-cropped wp-block-gallery-2 is-layout-flex wp-block-gallery-is-layout-flex\">\n<figure class=\"wp-block-image size-large\"><img loading=\"lazy\" decoding=\"async\" width=\"1024\" height=\"681\" data-id=\"12427\" src=\"https:\/\/storage.googleapis.com\/smartphoto-express-production-wp-blogs-com\/10\/2025\/06\/Bonne-fete-papa-Textes-et-citations-fete-des-peres-Tapis-de-souris-super-papa-1024x681.jpg\" alt=\"\" class=\"wp-image-12427\" srcset=\"https:\/\/storage.googleapis.com\/smartphoto-express-production-wp-blogs-com\/10\/2025\/06\/Bonne-fete-papa-Textes-et-citations-fete-des-peres-Tapis-de-souris-super-papa-1024x681.jpg 1024w, https:\/\/storage.googleapis.com\/smartphoto-express-production-wp-blogs-com\/10\/2025\/06\/Bonne-fete-papa-Textes-et-citations-fete-des-peres-Tapis-de-souris-super-papa-300x200.jpg 300w, https:\/\/storage.googleapis.com\/smartphoto-express-production-wp-blogs-com\/10\/2025\/06\/Bonne-fete-papa-Textes-et-citations-fete-des-peres-Tapis-de-souris-super-papa-768x511.jpg 768w, https:\/\/storage.googleapis.com\/smartphoto-express-production-wp-blogs-com\/10\/2025\/06\/Bonne-fete-papa-Textes-et-citations-fete-des-peres-Tapis-de-souris-super-papa-1536x1022.jpg 1536w, https:\/\/storage.googleapis.com\/smartphoto-express-production-wp-blogs-com\/10\/2025\/06\/Bonne-fete-papa-Textes-et-citations-fete-des-peres-Tapis-de-souris-super-papa.jpg 2000w\" sizes=\"auto, (max-width: 1024px) 100vw, 1024px\" \/><\/figure>\n\n\n\n<figure class=\"wp-block-image size-large\"><img loading=\"lazy\" decoding=\"async\" width=\"780\" height=\"537\" data-id=\"12428\" src=\"https:\/\/storage.googleapis.com\/smartphoto-express-production-wp-blogs-com\/10\/2025\/06\/Fete-des-peres-cadeaux-traditionnels-11.jpg\" alt=\"\" class=\"wp-image-12428\" srcset=\"https:\/\/storage.googleapis.com\/smartphoto-express-production-wp-blogs-com\/10\/2025\/06\/Fete-des-peres-cadeaux-traditionnels-11.jpg 780w, https:\/\/storage.googleapis.com\/smartphoto-express-production-wp-blogs-com\/10\/2025\/06\/Fete-des-peres-cadeaux-traditionnels-11-300x207.jpg 300w, https:\/\/storage.googleapis.com\/smartphoto-express-production-wp-blogs-com\/10\/2025\/06\/Fete-des-peres-cadeaux-traditionnels-11-768x529.jpg 768w\" sizes=\"auto, (max-width: 780px) 100vw, 780px\" \/><\/figure>\n<\/figure>\n\n\n\n<p>Chaque mouvement de souris lui rappelle qu&rsquo;il est non seulement un travailleur acharn\u00e9, mais aussi un p\u00e8re formidable. Parfait pour le bureau ou le t\u00e9l\u00e9travail. De plus, un tapis de souris personnalis\u00e9 donne \u00e0 son bureau une allure plus d\u00e9contract\u00e9e et plus chaleureuse, exactement ce dont il a besoin pendant ses longues journ\u00e9es de travail.<\/p>\n\n\n\n<h2 class=\"wp-block-heading\"><strong>9. Comme papa, toujours pr\u00eat avec un d\u00e9capsuleur \ud83c\udf7b<\/strong><\/h2>\n\n\n\n<p>Ouvrir une bouteille devient soudain beaucoup plus amusant avec un&nbsp;<a href=\"https:\/\/www.smartphoto.fr\/cadeaux-photo\/decapsuleur-photo\/fete-des-peres\">d\u00e9capsuleur personnalis\u00e9<\/a>&nbsp;. L&rsquo;id\u00e9e cadeau qu&rsquo;il vous faut pour un barbecue ou une soir\u00e9e conviviale en terrasse&nbsp;:<\/p>\n\n\n\n<blockquote class=\"wp-block-quote is-layout-flow wp-block-quote-is-layout-flow\">\n<ul class=\"wp-block-list\">\n<li>\u00ab Ouvert pour la pause bien m\u00e9rit\u00e9e de papa. \u00bb<\/li>\n\n\n\n<li>\u00ab C\u2019est ici que commence le confort. \u00bb<\/li>\n<\/ul>\n<\/blockquote>\n\n\n<div class=\"wp-block-image\">\n<figure class=\"aligncenter\"><a href=\"https:\/\/www.smartphoto.fr\/cadeaux-photo\/decapsuleur-photo\/fete-des-peres\"><img decoding=\"async\" src=\"https:\/\/storage.googleapis.com\/smartphoto-express-production-wp-blogs-com\/7\/2024\/05\/BottleOpener_Shoot_Lifestyle10.jpg\" alt=\"D\u00e9capsuleur comme cadeau de f\u00eate des p\u00e8res\" class=\"wp-image-51615\" \/><\/a><\/figure><\/div>\n\n\n<p>Petit, pratique et plein de caract\u00e8re, exactement comme il l&rsquo;aime. Ainsi, chaque verre devient une f\u00eate et il pense toujours \u00e0 vous lorsqu&rsquo;il utilise le d\u00e9capsuleur. Ce d\u00e9capsuleur est l&rsquo;accessoire id\u00e9al pour les papas qui aiment les rencontres et sont toujours pr\u00eats \u00e0 trinquer aux bons moments.<\/p>\n\n\n\n<h2 class=\"wp-block-heading\"><strong>10. Casquette de baseball pour les papas sportifs \ud83e\udde2<\/strong><\/h2>\n\n\n\n<p>Pour les papas sportifs et audacieux, optez pour une&nbsp;<a href=\"https:\/\/www.smartphoto.fr\/cadeaux-photo\/casquette-de-baseball\/fete-des-peres?activetab=specifications\">casquette de baseball personnalis\u00e9e<\/a>&nbsp;avec broderie. Une casquette qui non seulement prot\u00e8ge du soleil, mais souligne aussi son statut de super papa. Choisissez un pr\u00e9nom, un texte humoristique ou des initiales et cr\u00e9ez un accessoire qu&rsquo;il portera fi\u00e8rement au quotidien.<\/p>\n\n\n\n<blockquote class=\"wp-block-quote is-layout-flow wp-block-quote-is-layout-flow\">\n<ul class=\"wp-block-list\">\n<li>\u00ab Super papa \u00bb<\/li>\n\n\n\n<li>\u00ab Papa puissant \u00bb<\/li>\n\n\n\n<li>\u00ab Papa sportif \u00bb<\/li>\n<\/ul>\n<\/blockquote>\n\n\n\n<figure class=\"wp-block-image\"><a href=\"https:\/\/www.smartphoto.fr\/cadeaux-photo\/casquette-de-baseball\/fete-des-peres?activetab=specifications\"><img decoding=\"async\" src=\"https:\/\/storage.googleapis.com\/smartphoto-express-production-wp-blogs-com\/7\/2024\/05\/1200x800_Blog_Baseballcap-768x512-1.jpg\" alt=\"Casquette personnalis\u00e9e comme cadeau de f\u00eate des p\u00e8res\" class=\"wp-image-51614\" \/><\/a><\/figure>\n\n\n\n<p>Sur le terrain, dans le jardin ou en week-end, avec sa casquette personnalis\u00e9e, il restera toujours \u00e9l\u00e9gant et original. Cette casquette est la touche finale de n&rsquo;importe quelle tenue et une fa\u00e7on subtile et pleine de sens de c\u00e9l\u00e9brer la f\u00eate des P\u00e8res au quotidien.<\/p>\n\n\n\n<h2 class=\"wp-block-heading\"><strong>Laissez parler votre c\u0153ur avec des cadeaux amusants pour la f\u00eate des P\u00e8res<\/strong><\/h2>\n\n\n\n<p>Avec un cadeau personnalis\u00e9 pour la F\u00eate des P\u00e8res propos\u00e9 par smartphoto, montrez que vous avez vraiment fait un effort. Un cadeau original et durable, loin d&rsquo;\u00eatre un cadeau standard. Du mug ludique au puzzle original en passant par le d\u00e9capsuleur original&nbsp;: chaque objet raconte votre histoire.<\/p>\n\n\n\n<p>Alors cette ann\u00e9e, la f\u00eate des P\u00e8res ne sera pas seulement amusante, elle sera l\u00e9gendaire, avec un grand clin d&rsquo;\u0153il et surtout beaucoup d&rsquo;amour.<\/p>\n\n\n\n<h2 class=\"wp-block-heading\"><strong>Vous cherchez un cadeau de derni\u00e8re minute pour la f\u00eate des P\u00e8res ?<\/strong><\/h2>\n\n\n\n<p>Le temps a fil\u00e9 trop vite et vous cherchez de toute urgence un cadeau pour la f\u00eate des P\u00e8res? Pas de panique ! Sur notre <a href=\"https:\/\/www.smartphoto.fr\/cadeau-fete-des-peres-personnalise\">page F\u00eate des P\u00e8res<\/a>, vous trouverez diff\u00e9rents cadeaux pouvant \u00eatre livr\u00e9s le lendemain. Avec notre livraison rapide, vous n&rsquo;avez pas \u00e0 faire de compromis sur la qualit\u00e9 ou la valeur \u00e9motionnelle &#8211; que vous choisissiez une tasse photo, un porte-cl\u00e9s ou un tapis de souris, nous veillerons \u00e0 ce que votre cadeau de derni\u00e8re minute pour la f\u00eate des P\u00e8res arrive \u00e0 temps pour surprendre papa. M\u00eame avec peu de temps, vous pouvez lui offrir un cadeau plein de sensqui le touchera !<\/p>\n\n\n\n<p>Vous cherchez toujours de belles citations pour la f\u00eate des P\u00e8res \u00e0 mettre sur votre cadeau ? D\u00e9couvrez notre blog avec&nbsp;<a href=\"https:\/\/www.smartphoto.fr\/inspiration\/bonne-fete-papa-citations\">10 citations originales pour la f\u00eate des P\u00e8res<\/a>&nbsp;pour vous inspirer et cr\u00e9er un message personnel qui lui ira droit au c\u0153ur !<\/p>\n\n\n\n<p>Faites-nous savoir quel cadeau classsique de f\u00eate des P\u00e8res vous avez revisit\u00e9 via notre page&nbsp;<a href=\"https:\/\/www.facebook.com\/smartphoto.fr\/\" target=\"_blank\" rel=\"noreferrer noopener\">&nbsp;Facebook<\/a>&nbsp;,&nbsp;&nbsp;<a href=\"https:\/\/www.instagram.com\/smartphotofr\/\" target=\"_blank\" rel=\"noreferrer noopener\">Instagram<\/a>&nbsp;,&nbsp;<a href=\"https:\/\/www.tiktok.com\/@smartphoto_official?lang=en\" target=\"_blank\" rel=\"noreferrer noopener\">TikTok<\/a>&nbsp;&nbsp;et&nbsp;&nbsp;<a href=\"https:\/\/www.pinterest.com\/smartphotobe\/\" target=\"_blank\" rel=\"noreferrer noopener\">Pinterest<\/a>&nbsp;&nbsp;avec le hashtag&nbsp;<strong>#mysmartphoto<\/strong>&nbsp;.<\/p>\n\n\n\n<p><strong>Bonne f\u00eate des P\u00e8res !<\/strong><\/p>\n\n\n\n<figure class=\"wp-block-image size-full\"><a href=\"https:\/\/www.smartphoto.fr\/cadeau-fete-des-peres-personnalise\"><img loading=\"lazy\" decoding=\"async\" width=\"720\" height=\"280\" src=\"https:\/\/storage.googleapis.com\/smartphoto-express-production-wp-blogs-com\/10\/2020\/06\/CTA_Blog_FathersDay_Gifts_FR.jpg\" alt=\"\" class=\"wp-image-9462\" srcset=\"https:\/\/storage.googleapis.com\/smartphoto-express-production-wp-blogs-com\/10\/2020\/06\/CTA_Blog_FathersDay_Gifts_FR.jpg 720w, https:\/\/storage.googleapis.com\/smartphoto-express-production-wp-blogs-com\/10\/2020\/06\/CTA_Blog_FathersDay_Gifts_FR-300x117.jpg 300w\" sizes=\"auto, (max-width: 720px) 100vw, 720px\" \/><\/a><\/figure>\n","protected":false},"excerpt":{"rendered":"<p>Id\u00e9e cadeau Papa : pour la f\u00eate des p\u00e8res, revisitez vos classique. La bouteille de vin, le d\u00e9capsuleur, le porte-cl\u00e9s, oui, mais avec une touche en plus!<\/p>\n","protected":false},"author":39,"featured_media":12393,"comment_status":"open","ping_status":"open","sticky":false,"template":"","format":"standard","meta":{"om_disable_all_campaigns":false,"_monsterinsights_skip_tracking":false,"_monsterinsights_sitenote_active":false,"_monsterinsights_sitenote_note":"","_monsterinsights_sitenote_category":0,"footnotes":""},"categories":[75],"tags":[],"class_list":["post-7549","post","type-post","status-publish","format-standard","has-post-thumbnail","hentry","category-fete-des-peres"],"yoast_head":"<!-- This site is optimized with the Yoast SEO plugin v23.8 - https:\/\/yoast.com\/wordpress\/plugins\/seo\/ -->\n<title>Id\u00e9es cadeau Papa: 10 classiques remis au go\u00fbt du jour - smartphoto<\/title>\n<meta name=\"description\" content=\"Id\u00e9e cadeau Papa : pour la f\u00eate des p\u00e8res, revisitez vos classique. La bouteille de vin, le d\u00e9capsuleur, le porte-cl\u00e9s, oui, mais avec une touche en plus!\" \/>\n<meta name=\"robots\" content=\"index, follow, max-snippet:-1, max-image-preview:large, max-video-preview:-1\" \/>\n<link rel=\"canonical\" href=\"https:\/\/www.smartphoto.fr\/inspiration\/idee-cadeau-papa-les-classiques\" \/>\n<meta property=\"og:locale\" content=\"fr_FR\" \/>\n<meta property=\"og:type\" content=\"article\" \/>\n<meta property=\"og:title\" content=\"Id\u00e9es cadeau Papa: 10 classiques remis au go\u00fbt du jour - smartphoto\" \/>\n<meta property=\"og:description\" content=\"Id\u00e9e cadeau Papa : pour la f\u00eate des p\u00e8res, revisitez vos classique. La bouteille de vin, le d\u00e9capsuleur, le porte-cl\u00e9s, oui, mais avec une touche en plus!\" \/>\n<meta property=\"og:url\" content=\"https:\/\/www.smartphoto.fr\/inspiration\/idee-cadeau-papa-les-classiques\" \/>\n<meta property=\"og:site_name\" content=\"smartphoto FR\" \/>\n<meta property=\"article:publisher\" content=\"https:\/\/www.facebook.com\/smartphoto.fr\" \/>\n<meta property=\"article:published_time\" content=\"2025-06-03T09:09:55+00:00\" \/>\n<meta property=\"article:modified_time\" content=\"2025-09-04T14:40:09+00:00\" \/>\n<meta property=\"og:image\" content=\"https:\/\/storage.googleapis.com\/smartphoto-express-production-wp-blogs-com\/10\/2025\/06\/Fete-des-peres-cadeaux-traditionnels-1.jpg\" \/>\n\t<meta property=\"og:image:width\" content=\"768\" \/>\n\t<meta property=\"og:image:height\" content=\"512\" \/>\n\t<meta property=\"og:image:type\" content=\"image\/jpeg\" \/>\n<meta name=\"author\" content=\"Caroline\" \/>\n<meta name=\"twitter:card\" content=\"summary_large_image\" \/>\n<meta name=\"twitter:creator\" content=\"@smartphoto_fr\" \/>\n<meta name=\"twitter:site\" content=\"@smartphoto_fr\" \/>\n<meta name=\"twitter:label1\" content=\"Written by\" \/>\n\t<meta name=\"twitter:data1\" content=\"Caroline\" \/>\n\t<meta name=\"twitter:label2\" content=\"Est. reading time\" \/>\n\t<meta name=\"twitter:data2\" content=\"12 minutes\" \/>\n<script type=\"application\/ld+json\" class=\"yoast-schema-graph\">{\"@context\":\"https:\/\/schema.org\",\"@graph\":[{\"@type\":\"WebPage\",\"@id\":\"https:\/\/www.smartphoto.fr\/inspiration\/idee-cadeau-papa-les-classiques\",\"url\":\"https:\/\/www.smartphoto.fr\/inspiration\/idee-cadeau-papa-les-classiques\",\"name\":\"Id\u00e9es cadeau Papa: 10 classiques remis au go\u00fbt du jour - smartphoto\",\"isPartOf\":{\"@id\":\"https:\/\/www.smartphoto.fr\/inspiration\/#website\"},\"primaryImageOfPage\":{\"@id\":\"https:\/\/www.smartphoto.fr\/inspiration\/idee-cadeau-papa-les-classiques#primaryimage\"},\"image\":{\"@id\":\"https:\/\/www.smartphoto.fr\/inspiration\/idee-cadeau-papa-les-classiques#primaryimage\"},\"thumbnailUrl\":\"https:\/\/storage.googleapis.com\/smartphoto-express-production-wp-blogs-com\/10\/2025\/06\/Fete-des-peres-cadeaux-traditionnels-1.jpg\",\"datePublished\":\"2025-06-03T09:09:55+00:00\",\"dateModified\":\"2025-09-04T14:40:09+00:00\",\"author\":{\"@id\":\"https:\/\/www.smartphoto.fr\/inspiration\/#\/schema\/person\/14abe7c86f4bda0d741e3ec66a39733e\"},\"description\":\"Id\u00e9e cadeau Papa : pour la f\u00eate des p\u00e8res, revisitez vos classique. La bouteille de vin, le d\u00e9capsuleur, le porte-cl\u00e9s, oui, mais avec une touche en plus!\",\"breadcrumb\":{\"@id\":\"https:\/\/www.smartphoto.fr\/inspiration\/idee-cadeau-papa-les-classiques#breadcrumb\"},\"inLanguage\":\"fr-FR\",\"potentialAction\":[{\"@type\":\"ReadAction\",\"target\":[\"https:\/\/www.smartphoto.fr\/inspiration\/idee-cadeau-papa-les-classiques\"]}]},{\"@type\":\"ImageObject\",\"inLanguage\":\"fr-FR\",\"@id\":\"https:\/\/www.smartphoto.fr\/inspiration\/idee-cadeau-papa-les-classiques#primaryimage\",\"url\":\"https:\/\/storage.googleapis.com\/smartphoto-express-production-wp-blogs-com\/10\/2025\/06\/Fete-des-peres-cadeaux-traditionnels-1.jpg\",\"contentUrl\":\"https:\/\/storage.googleapis.com\/smartphoto-express-production-wp-blogs-com\/10\/2025\/06\/Fete-des-peres-cadeaux-traditionnels-1.jpg\",\"width\":768,\"height\":512},{\"@type\":\"BreadcrumbList\",\"@id\":\"https:\/\/www.smartphoto.fr\/inspiration\/idee-cadeau-papa-les-classiques#breadcrumb\",\"itemListElement\":[{\"@type\":\"ListItem\",\"position\":1,\"name\":\"Home\",\"item\":\"https:\/\/www.smartphoto.fr\/inspiration\/\"},{\"@type\":\"ListItem\",\"position\":2,\"name\":\"Id\u00e9e cadeau Papa : 10 classiques revisit\u00e9s\"}]},{\"@type\":\"WebSite\",\"@id\":\"https:\/\/www.smartphoto.fr\/inspiration\/#website\",\"url\":\"https:\/\/www.smartphoto.fr\/inspiration\/\",\"name\":\"smartphoto FR\",\"description\":\"Le blog de smartphoto France.\",\"potentialAction\":[{\"@type\":\"SearchAction\",\"target\":{\"@type\":\"EntryPoint\",\"urlTemplate\":\"https:\/\/www.smartphoto.fr\/inspiration\/?s={search_term_string}\"},\"query-input\":{\"@type\":\"PropertyValueSpecification\",\"valueRequired\":true,\"valueName\":\"search_term_string\"}}],\"inLanguage\":\"fr-FR\"},{\"@type\":\"Person\",\"@id\":\"https:\/\/www.smartphoto.fr\/inspiration\/#\/schema\/person\/14abe7c86f4bda0d741e3ec66a39733e\",\"name\":\"Caroline\",\"image\":{\"@type\":\"ImageObject\",\"inLanguage\":\"fr-FR\",\"@id\":\"https:\/\/www.smartphoto.fr\/inspiration\/#\/schema\/person\/image\/\",\"url\":\"https:\/\/secure.gravatar.com\/avatar\/3bf4c2775ae12d0bb3bb504b56a0508c?s=96&d=mm&r=g\",\"contentUrl\":\"https:\/\/secure.gravatar.com\/avatar\/3bf4c2775ae12d0bb3bb504b56a0508c?s=96&d=mm&r=g\",\"caption\":\"Caroline\"},\"description\":\"Des id\u00e9es cr\u00e9atives pour vous inspirer, des sujets qui vous aident vraiment dans votre quotidien, voil\u00e0 ce que j'esp\u00e8re partager avec vous via ce blog. Quand je ne blogue pas pour smartphoto, je profites de bons moments en famille avec mon ch\u00e9ri et mes enfants, ou j'\u00e9tudie et je pratique le yoga.\",\"sameAs\":[\"http:\/\/www.smartphoto.fr\/inspiration\",\"https:\/\/www.instagram.com\/smartphoto_fr\/\"],\"url\":\"https:\/\/www.smartphoto.fr\/inspiration\/author\/caroline\"}]}<\/script>\n<!-- \/ Yoast SEO plugin. -->","yoast_head_json":{"title":"Id\u00e9es cadeau Papa: 10 classiques remis au go\u00fbt du jour - smartphoto","description":"Id\u00e9e cadeau Papa : pour la f\u00eate des p\u00e8res, revisitez vos classique. La bouteille de vin, le d\u00e9capsuleur, le porte-cl\u00e9s, oui, mais avec une touche en plus!","robots":{"index":"index","follow":"follow","max-snippet":"max-snippet:-1","max-image-preview":"max-image-preview:large","max-video-preview":"max-video-preview:-1"},"canonical":"https:\/\/www.smartphoto.fr\/inspiration\/idee-cadeau-papa-les-classiques","og_locale":"fr_FR","og_type":"article","og_title":"Id\u00e9es cadeau Papa: 10 classiques remis au go\u00fbt du jour - smartphoto","og_description":"Id\u00e9e cadeau Papa : pour la f\u00eate des p\u00e8res, revisitez vos classique. La bouteille de vin, le d\u00e9capsuleur, le porte-cl\u00e9s, oui, mais avec une touche en plus!","og_url":"https:\/\/www.smartphoto.fr\/inspiration\/idee-cadeau-papa-les-classiques","og_site_name":"smartphoto FR","article_publisher":"https:\/\/www.facebook.com\/smartphoto.fr","article_published_time":"2025-06-03T09:09:55+00:00","article_modified_time":"2025-09-04T14:40:09+00:00","og_image":[{"width":768,"height":512,"url":"https:\/\/storage.googleapis.com\/smartphoto-express-production-wp-blogs-com\/10\/2025\/06\/Fete-des-peres-cadeaux-traditionnels-1.jpg","type":"image\/jpeg"}],"author":"Caroline","twitter_card":"summary_large_image","twitter_creator":"@smartphoto_fr","twitter_site":"@smartphoto_fr","twitter_misc":{"Written by":"Caroline","Est. reading time":"12 minutes"},"schema":{"@context":"https:\/\/schema.org","@graph":[{"@type":"WebPage","@id":"https:\/\/www.smartphoto.fr\/inspiration\/idee-cadeau-papa-les-classiques","url":"https:\/\/www.smartphoto.fr\/inspiration\/idee-cadeau-papa-les-classiques","name":"Id\u00e9es cadeau Papa: 10 classiques remis au go\u00fbt du jour - smartphoto","isPartOf":{"@id":"https:\/\/www.smartphoto.fr\/inspiration\/#website"},"primaryImageOfPage":{"@id":"https:\/\/www.smartphoto.fr\/inspiration\/idee-cadeau-papa-les-classiques#primaryimage"},"image":{"@id":"https:\/\/www.smartphoto.fr\/inspiration\/idee-cadeau-papa-les-classiques#primaryimage"},"thumbnailUrl":"https:\/\/storage.googleapis.com\/smartphoto-express-production-wp-blogs-com\/10\/2025\/06\/Fete-des-peres-cadeaux-traditionnels-1.jpg","datePublished":"2025-06-03T09:09:55+00:00","dateModified":"2025-09-04T14:40:09+00:00","author":{"@id":"https:\/\/www.smartphoto.fr\/inspiration\/#\/schema\/person\/14abe7c86f4bda0d741e3ec66a39733e"},"description":"Id\u00e9e cadeau Papa : pour la f\u00eate des p\u00e8res, revisitez vos classique. La bouteille de vin, le d\u00e9capsuleur, le porte-cl\u00e9s, oui, mais avec une touche en plus!","breadcrumb":{"@id":"https:\/\/www.smartphoto.fr\/inspiration\/idee-cadeau-papa-les-classiques#breadcrumb"},"inLanguage":"fr-FR","potentialAction":[{"@type":"ReadAction","target":["https:\/\/www.smartphoto.fr\/inspiration\/idee-cadeau-papa-les-classiques"]}]},{"@type":"ImageObject","inLanguage":"fr-FR","@id":"https:\/\/www.smartphoto.fr\/inspiration\/idee-cadeau-papa-les-classiques#primaryimage","url":"https:\/\/storage.googleapis.com\/smartphoto-express-production-wp-blogs-com\/10\/2025\/06\/Fete-des-peres-cadeaux-traditionnels-1.jpg","contentUrl":"https:\/\/storage.googleapis.com\/smartphoto-express-production-wp-blogs-com\/10\/2025\/06\/Fete-des-peres-cadeaux-traditionnels-1.jpg","width":768,"height":512},{"@type":"BreadcrumbList","@id":"https:\/\/www.smartphoto.fr\/inspiration\/idee-cadeau-papa-les-classiques#breadcrumb","itemListElement":[{"@type":"ListItem","position":1,"name":"Home","item":"https:\/\/www.smartphoto.fr\/inspiration\/"},{"@type":"ListItem","position":2,"name":"Id\u00e9e cadeau Papa : 10 classiques revisit\u00e9s"}]},{"@type":"WebSite","@id":"https:\/\/www.smartphoto.fr\/inspiration\/#website","url":"https:\/\/www.smartphoto.fr\/inspiration\/","name":"smartphoto FR","description":"Le blog de smartphoto France.","potentialAction":[{"@type":"SearchAction","target":{"@type":"EntryPoint","urlTemplate":"https:\/\/www.smartphoto.fr\/inspiration\/?s={search_term_string}"},"query-input":{"@type":"PropertyValueSpecification","valueRequired":true,"valueName":"search_term_string"}}],"inLanguage":"fr-FR"},{"@type":"Person","@id":"https:\/\/www.smartphoto.fr\/inspiration\/#\/schema\/person\/14abe7c86f4bda0d741e3ec66a39733e","name":"Caroline","image":{"@type":"ImageObject","inLanguage":"fr-FR","@id":"https:\/\/www.smartphoto.fr\/inspiration\/#\/schema\/person\/image\/","url":"https:\/\/secure.gravatar.com\/avatar\/3bf4c2775ae12d0bb3bb504b56a0508c?s=96&d=mm&r=g","contentUrl":"https:\/\/secure.gravatar.com\/avatar\/3bf4c2775ae12d0bb3bb504b56a0508c?s=96&d=mm&r=g","caption":"Caroline"},"description":"Des id\u00e9es cr\u00e9atives pour vous inspirer, des sujets qui vous aident vraiment dans votre quotidien, voil\u00e0 ce que j'esp\u00e8re partager avec vous via ce blog. Quand je ne blogue pas pour smartphoto, je profites de bons moments en famille avec mon ch\u00e9ri et mes enfants, ou j'\u00e9tudie et je pratique le yoga.","sameAs":["http:\/\/www.smartphoto.fr\/inspiration","https:\/\/www.instagram.com\/smartphoto_fr\/"],"url":"https:\/\/www.smartphoto.fr\/inspiration\/author\/caroline"}]}},"_links":{"self":[{"href":"https:\/\/www.smartphoto.fr\/inspiration\/wp-json\/wp\/v2\/posts\/7549","targetHints":{"allow":["GET"]}}],"collection":[{"href":"https:\/\/www.smartphoto.fr\/inspiration\/wp-json\/wp\/v2\/posts"}],"about":[{"href":"https:\/\/www.smartphoto.fr\/inspiration\/wp-json\/wp\/v2\/types\/post"}],"author":[{"embeddable":true,"href":"https:\/\/www.smartphoto.fr\/inspiration\/wp-json\/wp\/v2\/users\/39"}],"replies":[{"embeddable":true,"href":"https:\/\/www.smartphoto.fr\/inspiration\/wp-json\/wp\/v2\/comments?post=7549"}],"version-history":[{"count":32,"href":"https:\/\/www.smartphoto.fr\/inspiration\/wp-json\/wp\/v2\/posts\/7549\/revisions"}],"predecessor-version":[{"id":12710,"href":"https:\/\/www.smartphoto.fr\/inspiration\/wp-json\/wp\/v2\/posts\/7549\/revisions\/12710"}],"wp:featuredmedia":[{"embeddable":true,"href":"https:\/\/www.smartphoto.fr\/inspiration\/wp-json\/wp\/v2\/media\/12393"}],"wp:attachment":[{"href":"https:\/\/www.smartphoto.fr\/inspiration\/wp-json\/wp\/v2\/media?parent=7549"}],"wp:term":[{"taxonomy":"category","embeddable":true,"href":"https:\/\/www.smartphoto.fr\/inspiration\/wp-json\/wp\/v2\/categories?post=7549"},{"taxonomy":"post_tag","embeddable":true,"href":"https:\/\/www.smartphoto.fr\/inspiration\/wp-json\/wp\/v2\/tags?post=7549"}],"curies":[{"name":"wp","href":"https:\/\/api.w.org\/{rel}","templated":true}]}}