{"id":7491,"date":"2018-05-28T18:25:51","date_gmt":"2018-05-28T16:25:51","guid":{"rendered":"\/inspiration\/?p=7491"},"modified":"2019-07-18T11:21:19","modified_gmt":"2019-07-18T09:21:19","slug":"guide-cadeau-de-fete-des-peres","status":"publish","type":"post","link":"https:\/\/www.smartphoto.fr\/inspiration\/guide-cadeau-de-fete-des-peres","title":{"rendered":"F\u00eate des p\u00e8res : trouvez le cadeau parfait"},"content":{"rendered":"<h3>Id\u00e9e cadeau de f\u00eate des p\u00e8res<\/h3>\n<p>En 2018, la f\u00eate des p\u00e8res est c\u00e9l\u00e9br\u00e9e le dimanche 17 juin. Vous cherchez un cadeau de f\u00eate des p\u00e8res original pour votre papa ? D\u00e9couvrez notre guide-cadeau ci-dessous. Vous trouverez plein d&rsquo;id\u00e9es de cadeaux personnalis\u00e9s pour toutes les bourses et tous les go\u00fbts. D\u00e9finissez la cat\u00e9gorie qui correspond le mieux \u00e0 sa personnalit\u00e9, et faites votre choix parmi les 3 cadeaux propos\u00e9s.<\/p>\n<p>Avec un cadeau bien choisi, montrez \u00e0 votre papa ch\u00e9ri que vous le connaissez par c\u0153ur \ud83d\ude42<\/p>\n<p><a href=\"https:\/\/www.smartphoto.fr\/cadeau-fete-des-peres-personnalise\" target=\"_blank\" rel=\"noopener\"><img loading=\"lazy\" decoding=\"async\" class=\"aligncenter wp-image-7492 size-full\" title=\"Cadeau de f\u00eate des p\u00e8res: guide des cadeaux photo personnalis\u00e9s smartphoto\" src=\"https:\/\/storage.googleapis.com\/smartphoto-express-production-wp-blogs-com\/10\/2018\/05\/dv1171047_55e9a38fead8f.jpg\" alt=\"Photo de 3 g\u00e9n\u00e9rations d'hommes: enfant, p\u00e8re et grand p\u00e8re ensemble\" width=\"800\" height=\"524\" srcset=\"https:\/\/storage.googleapis.com\/smartphoto-express-production-wp-blogs-com\/10\/2018\/05\/dv1171047_55e9a38fead8f.jpg 800w, https:\/\/storage.googleapis.com\/smartphoto-express-production-wp-blogs-com\/10\/2018\/05\/dv1171047_55e9a38fead8f-300x197.jpg 300w, https:\/\/storage.googleapis.com\/smartphoto-express-production-wp-blogs-com\/10\/2018\/05\/dv1171047_55e9a38fead8f-768x503.jpg 768w\" sizes=\"auto, (max-width: 800px) 100vw, 800px\" \/><\/a><\/p>\n<p>Sur le visuel qui accompagne chaque profil, vous verrez \u00e0 quelle gamme de prix chaque produit correspond et combien de <a href=\"https:\/\/www.smartphoto.fr\/cadeau-fete-des-peres-personnalise\/designs\">design<\/a> sont disponibles.<\/p>\n<p>La l\u00e9gende suivante peut vous aider :<\/p>\n<p><img loading=\"lazy\" decoding=\"async\" class=\"aligncenter wp-image-7493 size-full\" title=\"Cadeau de f\u00eate des p\u00e8res: suivez le guide !\" src=\"https:\/\/storage.googleapis.com\/smartphoto-express-production-wp-blogs-com\/10\/2018\/05\/Guide-cadeau-smartpoto-f\u00eate-des-p\u00e8res.jpg\" alt=\"L\u00e9gende pour lire les visuels de l'article\" width=\"720\" height=\"250\" srcset=\"https:\/\/storage.googleapis.com\/smartphoto-express-production-wp-blogs-com\/10\/2018\/05\/Guide-cadeau-smartpoto-f\u00eate-des-p\u00e8res.jpg 720w, https:\/\/storage.googleapis.com\/smartphoto-express-production-wp-blogs-com\/10\/2018\/05\/Guide-cadeau-smartpoto-f\u00eate-des-p\u00e8res-300x104.jpg 300w\" sizes=\"auto, (max-width: 720px) 100vw, 720px\" \/><\/p>\n<h2>\u00a0<a href=\"https:\/\/www.smartphoto.fr\/produits\/productselectionpage?productcategories=fun_ideas&amp;tags=forwho.him\" target=\"_blank\" rel=\"noopener\"><img loading=\"lazy\" decoding=\"async\" class=\"aligncenter wp-image-7494 size-full\" title=\"Cadeau de f\u00eate des p\u00e8res: accessoires, 3 id\u00e9es cadeau\" src=\"https:\/\/storage.googleapis.com\/smartphoto-express-production-wp-blogs-com\/10\/2018\/05\/Accessoires.jpg\" alt=\"Cadeau pour Papa: les accessoires. Boutons de manchettes, Briquet, Porte-cl\u00e9s.\" width=\"720\" height=\"400\" srcset=\"https:\/\/storage.googleapis.com\/smartphoto-express-production-wp-blogs-com\/10\/2018\/05\/Accessoires.jpg 720w, https:\/\/storage.googleapis.com\/smartphoto-express-production-wp-blogs-com\/10\/2018\/05\/Accessoires-300x167.jpg 300w\" sizes=\"auto, (max-width: 720px) 100vw, 720px\" \/><\/a><\/h2>\n<h2>Accessoires<\/h2>\n<p>Boutons de manchettes\u00a0\u2013 \u20ac 24,95- ce produit n&rsquo;est plus disponible<\/p>\n<p><a href=\"https:\/\/www.smartphoto.fr\/cadeaux-photo\/briquet-photo\" target=\"_blank\" rel=\"noopener\">Briquet<\/a>\u00a0\u2013\u00a0\u20ac 44,95<\/p>\n<p><a href=\"https:\/\/www.smartphoto.fr\/cadeaux-photo\/porte-cle-photo\" target=\"_blank\" rel=\"noopener\">Porte-cl\u00e9s\u00a0<\/a>\u2013 \u20ac 8,95<\/p>\n<p>Votre papa aime porter des accessoires originaux ? Alors les produits ci-dessous feront un beau cadeau de f\u00eate des p\u00e8res. Il est toujours utile d&rsquo;avoir un briquet dans son sac. Choisissez une citation inspirante ou une photo de vous sur ce joli briquet. Votre papa r\u00e9fl\u00e9chira \u00e0 deux fois s&rsquo;il veut l&rsquo;utiliser pour allumer une cigarette \ud83d\ude09<\/p>\n<p>Vous avez un papa distrait qui perd souvent ses cl\u00e9s? Offrez-lui ce <a href=\"https:\/\/www.smartphoto.fr\/inspiration\/porte-cle-fete-des-peres\" target=\"_blank\" rel=\"noopener\">porte-cl\u00e9s original et unique<\/a> en cadeau. Au moins ses cl\u00e9s seront toujours reconnaissables s&rsquo;il les oublie quelque part !<\/p>\n<p>&nbsp;<\/p>\n<p><a href=\"https:\/\/www.smartphoto.fr\/deco-photo\" target=\"_blank\" rel=\"noopener\"><img loading=\"lazy\" decoding=\"async\" class=\"aligncenter wp-image-7501 size-full\" title=\"Cadeau de f\u00eate des p\u00e8res: papa fan de photo, 3 id\u00e9es cadeau\" src=\"https:\/\/storage.googleapis.com\/smartphoto-express-production-wp-blogs-com\/10\/2018\/05\/Papa-photographe-id\u00e9es-cadeau.jpg\" alt=\"Cadeau pour papa fan de photo: cadre photo panoramique, toile polyptique, poster d'ext\u00e9rieur\" width=\"720\" height=\"400\" srcset=\"https:\/\/storage.googleapis.com\/smartphoto-express-production-wp-blogs-com\/10\/2018\/05\/Papa-photographe-id\u00e9es-cadeau.jpg 720w, https:\/\/storage.googleapis.com\/smartphoto-express-production-wp-blogs-com\/10\/2018\/05\/Papa-photographe-id\u00e9es-cadeau-300x167.jpg 300w\" sizes=\"auto, (max-width: 720px) 100vw, 720px\" \/><\/a><\/p>\n<h2>Papa photographe<\/h2>\n<p><a href=\"https:\/\/www.smartphoto.fr\/deco-photo\/banderole-exterieur\" target=\"_blank\" rel=\"noopener\">Poster d&rsquo;ext\u00e9rieur<\/a>\u00a0\u2013 d\u00e8s \u20ac 24,95<\/p>\n<p><a href=\"https:\/\/www.smartphoto.fr\/deco-photo\/polyptyque-une-photo\" target=\"_blank\" rel=\"noopener\">Polyptyque 1 photo\u00a0<\/a>\u2013 d\u00e8s \u20ac 89,95<\/p>\n<p><a href=\"https:\/\/www.smartphoto.fr\/cadres-photo-accessoires-deco\/panoramique\" target=\"_blank\" rel=\"noopener\">Cadre photo panoramique<\/a>\u00a0\u00a0\u2013 d\u00e8s \u20ac 30<\/p>\n<p>Votre papa passe beaucoup de temps \u00e0 prendre des photos, les retoucher, les trier ? Il s&rsquo;extasie devant de grandes impression de photo qui lui plaisent ? Ou peut-\u00eatre aime-t-il simplement afficher de belles photos au mur, chez lui ou au bureau ? Vous ferez sans aucun doute son bonheur avec un magnifique cadre photo panoramique. Le cadre est en bois, et le verre acrylique a une surface antireflet.<\/p>\n<p>Si vous voulez ajouter une touche moderne, pensez au polyptyque qui donne un aspect \u00ab\u00a0galerie\u00a0\u00bb \u00e0 votre d\u00e9co. Vous pouvez choisir le <a href=\"https:\/\/www.smartphoto.fr\/deco-photo\/polyptyque-une-photo\" target=\"_blank\" rel=\"noopener\">polyptyque 1 photo<\/a> (la m\u00eame photo est imprim\u00e9e en plusieurs parties sur des toiles de m\u00eame format) ou le <a href=\"https:\/\/www.smartphoto.fr\/deco-photo\/polyptyque-toile-plusieurs-photos\" target=\"_blank\" rel=\"noopener\">polyptyque avec\u00a0plusieurs photos diff\u00e9rentes<\/a>. Et s&rsquo;il cherche \u00e0 d\u00e9corer sa terrasse ou son jardin, vous pouvez commander un poster d&rsquo;ext\u00e9rieur ! Il r\u00e9siste \u00e0 tous les temps. On parie qu&rsquo;il va inviter ses amis pour un ap\u00e9ro, cet \u00e9t\u00e9 ? \ud83d\ude09<\/p>\n<p><a href=\"https:\/\/www.smartphoto.fr\/search?searchTerm=caf%C3%A9\" target=\"_blank\" rel=\"noopener\"><img loading=\"lazy\" decoding=\"async\" class=\"aligncenter wp-image-7495 size-full\" title=\"Cadeau de f\u00eate des p\u00e8res : papa fan de caf\u00e9, 3 id\u00e9es cadeau\" src=\"https:\/\/storage.googleapis.com\/smartphoto-express-production-wp-blogs-com\/10\/2018\/05\/Papa-fan-de-caf\u00e9.jpg\" alt=\"3 id\u00e9es cadeau pour un papa qui aime le caf\u00e9: service \u00e0 caf\u00e9, mug magique et mug isotherme\" width=\"720\" height=\"400\" srcset=\"https:\/\/storage.googleapis.com\/smartphoto-express-production-wp-blogs-com\/10\/2018\/05\/Papa-fan-de-caf\u00e9.jpg 720w, https:\/\/storage.googleapis.com\/smartphoto-express-production-wp-blogs-com\/10\/2018\/05\/Papa-fan-de-caf\u00e9-300x167.jpg 300w\" sizes=\"auto, (max-width: 720px) 100vw, 720px\" \/><\/a><\/p>\n<h2>Papa fan de caf\u00e9<\/h2>\n<p><a href=\"https:\/\/www.smartphoto.fr\/cadeaux-photo\/tasses-a-cafe-photo\" target=\"_blank\" rel=\"noopener\">Service \u00e0 caf\u00e9<\/a>\u00a0(2 tasses et sous-tasses) \u2013 \u20ac 18,95<\/p>\n<p><a href=\"https:\/\/www.smartphoto.fr\/cadeaux-photo\/mug-magique-photo\" target=\"_blank\" rel=\"noopener\">Mug magique<\/a>\u00a0\u2013 \u20ac 14,95<\/p>\n<p><a href=\"https:\/\/www.smartphoto.fr\/cadeaux-photo\/mug-voyage-isotherme\" target=\"_blank\" rel=\"noopener\">Mug de voyage isotherme<\/a>\u00a0\u2013 \u20ac 19,95<\/p>\n<p>Chez smartphoto, on aime s&rsquo;assurer que tout le monde puisse trouver son bonheur avec nos produits. Si votre papa est un amateur de caf\u00e9 ou d&rsquo;autres boissons chaudes, un ensemble Espresso ou Magic Mug pourrait l&rsquo;enchanter !<\/p>\n<p>Votre p\u00e8re est souvent au travail, \u00e0 l&rsquo;ext\u00e9rieur ou en d\u00e9placement ? Il m\u00e9rite certainement une tasse thermos personnalis\u00e9e. Si vous mettez une photo de vous dessus, vous serez toujours avec lui sur la route .<\/p>\n<p><a href=\"https:\/\/www.smartphoto.fr\/cadeau-fete-des-peres-personnalise\/cadeau-personnalise-papa-bon-vivant\" target=\"_blank\" rel=\"noopener\"><img loading=\"lazy\" decoding=\"async\" class=\"aligncenter wp-image-7500 size-full\" title=\"Cadeau de f\u00eate des p\u00e8res: papa f\u00eatard, 3 id\u00e9es cadeau.\" src=\"https:\/\/storage.googleapis.com\/smartphoto-express-production-wp-blogs-com\/10\/2018\/05\/Papa-f\u00eatard-id\u00e9es-cadeau.jpg\" alt=\"3 cadeaux pour papa f\u00eatard: boite photo pour bouteille de vin, verre \u00e0 vin grav\u00e9 et \u00e9tiquette pour bouteille de vin\" width=\"720\" height=\"400\" srcset=\"https:\/\/storage.googleapis.com\/smartphoto-express-production-wp-blogs-com\/10\/2018\/05\/Papa-f\u00eatard-id\u00e9es-cadeau.jpg 720w, https:\/\/storage.googleapis.com\/smartphoto-express-production-wp-blogs-com\/10\/2018\/05\/Papa-f\u00eatard-id\u00e9es-cadeau-300x167.jpg 300w\" sizes=\"auto, (max-width: 720px) 100vw, 720px\" \/><\/a><\/p>\n<h2>Papa f\u00eatard<\/h2>\n<p><a href=\"https:\/\/www.smartphoto.fr\/cadeaux-photo\/boite-bouteille-vin\" target=\"_blank\" rel=\"noopener\">Bo\u00eete cadeau pour bouteille de vin<\/a>\u00a0\u2013 \u20ac 6,95<\/p>\n<p><a href=\"https:\/\/www.smartphoto.fr\/cadeaux-photo\/verre-a-vin\" target=\"_blank\" rel=\"noopener\">Verres \u00e0 vin grav\u00e9s<\/a>\u00a0\u2013 \u20ac 29,95<\/p>\n<p><a href=\"https:\/\/www.smartphoto.fr\/cadeaux-photo\/etiquettes-bouteilles\" target=\"_blank\" rel=\"noopener\">Etiquettes pour bouteilles<\/a>\u00a0\u2013 \u20ac 7,95<\/p>\n<p>Si votre papa aime le vin, et saute sur chaque occasion de faire la f\u00eate, voici un cadeau qui devrait lui plaire. Surprenez-le avec une bo\u00eete cadeau personnalis\u00e9e ou une \u00e9tiquette pour le vin, ce qui personnalisera \u00e0 merveille toute bouteille que vous pourriez lui offrir.<\/p>\n<p>Pour un cadeau plus luxueux, pensez \u00e0 nos verres grav\u00e9s personnalis\u00e9s. Ils viennent par deux, parce qu&rsquo;il faut \u00eatre au moins deux pour trinquer \u00e0 sa sant\u00e9 !<\/p>\n<h2><a href=\"https:\/\/www.smartphoto.fr\/cadeau-fete-des-peres-personnalise\/cadeau-personnalise-papa-bon-vivant\" target=\"_blank\" rel=\"noopener\"><img loading=\"lazy\" decoding=\"async\" class=\"aligncenter wp-image-7499 size-full\" title=\"Cadeau de f\u00eate des p\u00e8res: papa cordon bleu, 3 id\u00e9es cadeau.\" src=\"https:\/\/storage.googleapis.com\/smartphoto-express-production-wp-blogs-com\/10\/2018\/05\/Papa-cordon-bleu-id\u00e9es-cadeau.jpg\" alt=\"Cadeaux pour papa qui aime cuisiner: tablier personnalis\u00e9, planche \u00e0 d\u00e9couper en verre, livre de cuisine customis\u00e9\" width=\"720\" height=\"400\" srcset=\"https:\/\/storage.googleapis.com\/smartphoto-express-production-wp-blogs-com\/10\/2018\/05\/Papa-cordon-bleu-id\u00e9es-cadeau.jpg 720w, https:\/\/storage.googleapis.com\/smartphoto-express-production-wp-blogs-com\/10\/2018\/05\/Papa-cordon-bleu-id\u00e9es-cadeau-300x167.jpg 300w\" sizes=\"auto, (max-width: 720px) 100vw, 720px\" \/><\/a><\/h2>\n<h2>Papa cordon bleu<\/h2>\n<p><a href=\"https:\/\/www.smartphoto.fr\/cadeaux-photo\/tablier-cuisine-photo\" target=\"_blank\" rel=\"noopener\">Tablier personnalis\u00e9<\/a>\u00a0\u2013 \u20ac 18,95<\/p>\n<p><a href=\"https:\/\/www.smartphoto.fr\/cadeaux-photo\/planche-a-decouper-photo\" target=\"_blank\" rel=\"noopener\">Planche \u00e0 d\u00e9couper en verre tremp\u00e9\u00a0<\/a>\u2013 \u20ac 23,95<\/p>\n<p><a href=\"https:\/\/www.smartphoto.fr\/cadeaux-photo\/livre-de-recettes\" target=\"_blank\" rel=\"noopener\">Livre de recettes customis\u00e9<\/a>\u00a0\u2013 \u20ac 15,95<\/p>\n<p>Votre papa aime cuisiner ? Il sera encore plus heureux d&rsquo;\u00eatre en cuisine si quelques accessoires lui rappellent combien vous l&rsquo;aimez \ud83d\ude42\u00a0Sur un tablier de cuisine, vous pouvez ajouter une photo de votre famille et un message attentionn\u00e9. Ses v\u00eatements seront prot\u00e9g\u00e9s des taches, et il sera s\u00fbrement fier de le porter.<\/p>\n<p>Une planche \u00e0 d\u00e9couper (en verre tremp\u00e9 de qualit\u00e9) avec une photo de son lieu de vacances pr\u00e9f\u00e9r\u00e9 le mettra de bonne humeur au moment de pr\u00e9parer le repas familial.<\/p>\n<p>Avec un livre de recettes personnalis\u00e9, vous lui permettez de noter ses meilleures recettes pour pouvoir r\u00e9galer toute la famille, encore et encore.<\/p>\n<p>&nbsp;<\/p>\n<h2><a href=\"https:\/\/www.smartphoto.fr\/cadeau-fete-des-peres-personnalise\/cadeau-personnalise-papa-geek\" target=\"_blank\" rel=\"noopener\"><img loading=\"lazy\" decoding=\"async\" class=\"aligncenter wp-image-7498 size-full\" title=\"Cadeau de f\u00eate des p\u00e8res : papa geek, 3 id\u00e9es cadeau\" src=\"https:\/\/storage.googleapis.com\/smartphoto-express-production-wp-blogs-com\/10\/2018\/05\/Papa-connect\u00e9-id\u00e9es-cadeau.jpg\" alt=\"Cadeaux pour papa connect\u00e9, geek: tapis de souris ergonomique avec photo et texte, coques pour smartphone, smartcover ipad avec photo.\" width=\"720\" height=\"400\" srcset=\"https:\/\/storage.googleapis.com\/smartphoto-express-production-wp-blogs-com\/10\/2018\/05\/Papa-connect\u00e9-id\u00e9es-cadeau.jpg 720w, https:\/\/storage.googleapis.com\/smartphoto-express-production-wp-blogs-com\/10\/2018\/05\/Papa-connect\u00e9-id\u00e9es-cadeau-300x167.jpg 300w\" sizes=\"auto, (max-width: 720px) 100vw, 720px\" \/><\/a>Papa connect\u00e9<\/h2>\n<p><a href=\"https:\/\/www.smartphoto.fr\/cadeaux-photo\/tapis-de-souris-ergonomique\" target=\"_blank\" rel=\"noopener\">Tapis de souris ergonomique avec photo et texte<\/a>\u00a0\u2013 14,95 \u20ac<\/p>\n<p><a href=\"https:\/\/www.smartphoto.fr\/cadeaux-photo\/coque-telephone\" target=\"_blank\" rel=\"noopener\">Etui smartphone ou \u00e9tui pour iPhone, Samsung et Huawei<\/a>\u00a0\u2013 Etui 24,95 \u20ac \/ Etui 19,95 \u20ac<\/p>\n<p><a href=\"https:\/\/www.smartphoto.fr\/cadeaux-photo\/etui-ipad-smart-cover\" target=\"_blank\" rel=\"noopener\">Smart cover iPad avec photo<\/a>\u00a0\u2013 39,95 \u20ac<\/p>\n<p>Votre papa est r\u00e9guli\u00e8rement derri\u00e8re son ordinateur, sa tablette ou son smartphone? Dans ce cas, vous trouverez ici le cadeau de f\u00eate des p\u00e8res parfait. Trouvez une chouette photo pour ce tapis de souris ergonomique qui prot\u00e9gera son poignet lorsqu&rsquo;il sera devant son ordinateur.<\/p>\n<p>L&rsquo;\u00e9tui pour smartphone est id\u00e9al s&rsquo;il utilise beaucoup son smartphone. L&rsquo;iPad Smart Cover est tr\u00e8s pratique et prot\u00e9gera l&rsquo;\u00e9cran de son ipad tout en servant de support pour une utilisation prolong\u00e9e.<\/p>\n<p>&nbsp;<\/p>\n<h2><a href=\"https:\/\/www.smartphoto.fr\/cadeau-fete-des-peres-personnalise\/cadeau-personnalise-papa-boulot\" target=\"_blank\" rel=\"noopener\"><img loading=\"lazy\" decoding=\"async\" class=\"aligncenter wp-image-7497 size-full\" title=\"Cadeau de f\u00eate des p\u00e8res: papa bosseur, 3 id\u00e9es cadeau\" src=\"https:\/\/storage.googleapis.com\/smartphoto-express-production-wp-blogs-com\/10\/2018\/05\/Papa-bosseur-id\u00e9es-cadeau.jpg\" alt=\"Cadeaux pour papa bosseur: Sous-main papier personnalis\u00e9, Porte-document personnalis\u00e9, Porte-cartes de visite en m\u00e9tal\" width=\"720\" height=\"400\" srcset=\"https:\/\/storage.googleapis.com\/smartphoto-express-production-wp-blogs-com\/10\/2018\/05\/Papa-bosseur-id\u00e9es-cadeau.jpg 720w, https:\/\/storage.googleapis.com\/smartphoto-express-production-wp-blogs-com\/10\/2018\/05\/Papa-bosseur-id\u00e9es-cadeau-300x167.jpg 300w\" sizes=\"auto, (max-width: 720px) 100vw, 720px\" \/><\/a>Papa bosseur<\/h2>\n<p><a href=\"https:\/\/www.smartphoto.fr\/cadeaux-photo\/sous-main-papier-photo\" target=\"_blank\" rel=\"noopener\">Sous-main papier personnalis\u00e9<\/a>\u00a0\u2013 14,95 \u20ac<\/p>\n<p><a href=\"https:\/\/www.smartphoto.fr\/cadeaux-photo\/conferencier-porte-documents\" target=\"_blank\" rel=\"noopener\">Porte-document personnalis\u00e9<\/a>\u00a0\u2013 19,95 \u20ac<\/p>\n<p>Porte-cartes de visite en m\u00e9tal\u00a0\u2013 44,95 \u20ac\u00a0&#8211; ce produit n&rsquo;est plus disponible<\/p>\n<p>Ce porte-document personnalis\u00e9 est le cadeau id\u00e9al si votre p\u00e8re doit souvent r\u00e9aliser des pr\u00e9sentations ou prendre des notes en d\u00e9placement.<\/p>\n<p>Le sous-main photo pos\u00e9 sur son bureau lui permettra de prendre ses notes \u00e0 la vol\u00e9e, et lui donnera le sourire en arrivant au bureau.<\/p>\n<h2><a href=\"https:\/\/www.smartphoto.fr\/cadeau-fete-des-peres-personnalise\/cadeau-personnalise-papa-bon-vivant\" target=\"_blank\" rel=\"noopener\"><img loading=\"lazy\" decoding=\"async\" class=\"aligncenter wp-image-7496 size-full\" title=\"Cadeau de f\u00eate des p\u00e8res: papa amateur de whisky, 3 id\u00e9es cadeau\" src=\"https:\/\/storage.googleapis.com\/smartphoto-express-production-wp-blogs-com\/10\/2018\/05\/Papa-amateur-de-whisky-id\u00e9es-cadeau.jpg\" alt=\"Cadeaux pour Papa qui aime le whisky: Verre \u00e0 Whisky personnalis\u00e9, Carafe en verre grav\u00e9, Sous-verres photo\" width=\"720\" height=\"400\" srcset=\"https:\/\/storage.googleapis.com\/smartphoto-express-production-wp-blogs-com\/10\/2018\/05\/Papa-amateur-de-whisky-id\u00e9es-cadeau.jpg 720w, https:\/\/storage.googleapis.com\/smartphoto-express-production-wp-blogs-com\/10\/2018\/05\/Papa-amateur-de-whisky-id\u00e9es-cadeau-300x167.jpg 300w\" sizes=\"auto, (max-width: 720px) 100vw, 720px\" \/><\/a>Papa amateur de Whisky<\/h2>\n<p><a href=\"https:\/\/www.smartphoto.fr\/cadeaux-photo\/verre-whisky-grave\" target=\"_blank\" rel=\"noopener\">Verre \u00e0 Whisky personnalis\u00e9<\/a>\u2013\u00a0\u20ac 14,95<\/p>\n<p><a href=\"https:\/\/www.smartphoto.fr\/cadeaux-photo\/carafe\" target=\"_blank\" rel=\"noopener\">Carafe en verre grav\u00e9<\/a>\u2013\u00a0\u20ac 24,95<\/p>\n<p><a href=\"https:\/\/www.smartphoto.fr\/cadeaux-photo\/sous-verres-photo\" target=\"_blank\" rel=\"noopener\">Sous-verres photo<\/a>\u2013\u00a0\u20ac 19,95<\/p>\n<p>Votre papa appr\u00e9cie de boire un verre de bon\u00a0whisky de temps en temps? Pensez-vous qu&rsquo;il serait heureux de d\u00e9guster sa boisson pr\u00e9f\u00e9r\u00e9e dans un verre personnalis\u00e9? Sur ce verre \u00e0 Whisky, inscrivez ce que vous voudrez !<\/p>\n<p>Vous pouvez plut\u00f4t opter pour une carafe personnalis\u00e9e qui servira pour toute sorte de boissons. Les sous-verres photo seront tr\u00e8s utile, surtout s&rsquo;il tient aussi \u00e0 ses jolie meubles \ud83d\ude42<\/p>\n<p>&nbsp;<\/p>\n<p>&nbsp;<\/p>\n<h2>\u2666\u2666\u2666<\/h2>\n<h2>Un super cadeau, pour un super papa<\/h2>\n<p>Avez-vous trouv\u00e9 une id\u00e9e cadeau de f\u00eate des p\u00e8res qui plaira \u00e0 votre papa ? Rassemblez vos plus belles photos et passez votre commande sans tarder \ud83d\ude42 Mais surtout, rappelez-vous que c&rsquo;est le geste qui compte.<\/p>\n<p>Bonne f\u00eate \u00e0 tous les papas !<\/p>\n<h2>\u2666\u2666\u2666<\/h2>\n<p>Psst ! Vous n&rsquo;avez pas flash\u00e9 ? Voyez ici nos id\u00e9es pour un \u00ab\u00a0<a href=\"https:\/\/www.smartphoto.fr\/cadeau-fete-des-peres-personnalise\/cadeau-personnalise-super-papa\" target=\"_blank\" rel=\"noopener\">super Papa<\/a>\u00a0\u00bb ou un \u00ab\u00a0<a href=\"https:\/\/www.smartphoto.fr\/cadeau-fete-des-peres-personnalise\/cadeau-personnalise-papa-bon-vivant\" target=\"_blank\" rel=\"noopener\">Papa bon vivant<\/a>\u00ab\u00a0.<\/p>\n<p>Avez-vous d\u2019autres id\u00e9es \u00e0 partager ? Dites-nous tout sur nos pages\u00a0<a href=\"https:\/\/www.facebook.com\/smartphoto.fr\" target=\"_blank\" rel=\"noopener\">Facebook<\/a>,\u00a0<a href=\"https:\/\/twitter.com\/smartphoto_fr\" target=\"_blank\" rel=\"noopener\">Twitter<\/a>,\u00a0<a href=\"http:\/\/instagram.com\/smartphoto_fr\" target=\"_blank\" rel=\"noopener\">Instagram<\/a>, ou\u00a0<a href=\"http:\/\/www.pinterest.com\/smartphotofr\/\" target=\"_blank\" rel=\"noopener\">Pinterest<\/a>\u00a0! Promis, on vous r\u00e9pondra\u00a0\ud83d\ude42<\/p>\n<p><a href=\"https:\/\/www.smartphoto.fr\/cadeau-fete-des-peres-personnalise\" target=\"_blank\" rel=\"noopener\"><img loading=\"lazy\" decoding=\"async\" class=\"aligncenter wp-image-7503 size-full\" title=\"Cadeau f\u00eate des p\u00e8res s\u00e9lection de cadeaux photo originaux smartphoto\" src=\"https:\/\/storage.googleapis.com\/smartphoto-express-production-wp-blogs-com\/10\/2018\/05\/CTA-Fathers-day.png\" alt=\"Cliquez sur l'image pour voir la s\u00e9lection smartphoto de cadeaux photo personnalis\u00e9s pour la f\u00eate des p\u00e8res\" width=\"1440\" height=\"564\" srcset=\"https:\/\/storage.googleapis.com\/smartphoto-express-production-wp-blogs-com\/10\/2018\/05\/CTA-Fathers-day.png 1440w, https:\/\/storage.googleapis.com\/smartphoto-express-production-wp-blogs-com\/10\/2018\/05\/CTA-Fathers-day-300x118.png 300w, https:\/\/storage.googleapis.com\/smartphoto-express-production-wp-blogs-com\/10\/2018\/05\/CTA-Fathers-day-768x301.png 768w, https:\/\/storage.googleapis.com\/smartphoto-express-production-wp-blogs-com\/10\/2018\/05\/CTA-Fathers-day-1024x401.png 1024w\" sizes=\"auto, (max-width: 1440px) 100vw, 1440px\" \/><\/a><\/p>\n","protected":false},"excerpt":{"rendered":"<p>Id\u00e9e cadeau de f\u00eate des p\u00e8res En 2018, la f\u00eate des p\u00e8res est c\u00e9l\u00e9br\u00e9e le dimanche 17 juin. Vous cherchez un cadeau de f\u00eate des p\u00e8res original pour votre papa ? D\u00e9couvrez notre guide-cadeau ci-dessous. Vous trouverez plein d&rsquo;id\u00e9es de cadeaux personnalis\u00e9s pour toutes les bourses et tous les go\u00fbts. D\u00e9finissez la cat\u00e9gorie qui correspond le mieux \u00e0 sa personnalit\u00e9, et faites votre choix parmi les 3 cadeaux propos\u00e9s. Avec un cadeau bien choisi, montrez \u00e0 votre papa ch\u00e9ri que vous le connaissez par c\u0153ur \ud83d\ude42 Sur le visuel qui accompagne chaque profil, vous verrez \u00e0 quelle gamme de prix<\/p>\n","protected":false},"author":39,"featured_media":7492,"comment_status":"open","ping_status":"open","sticky":false,"template":"","format":"standard","meta":{"om_disable_all_campaigns":false,"_monsterinsights_skip_tracking":false,"_monsterinsights_sitenote_active":false,"_monsterinsights_sitenote_note":"","_monsterinsights_sitenote_category":0,"footnotes":""},"categories":[75],"tags":[],"class_list":["post-7491","post","type-post","status-publish","format-standard","has-post-thumbnail","hentry","category-fete-des-peres"],"yoast_head":"<!-- This site is optimized with the Yoast SEO plugin v23.8 - https:\/\/yoast.com\/wordpress\/plugins\/seo\/ -->\n<title>Cadeau de f\u00eate des p\u00e8res : trouvez le cadeau parfait pour votre papa. Suivez le guide !<\/title>\n<meta name=\"description\" content=\"Vous cherchez un super cadeau pour la f\u00eate des p\u00e8res ? Le 10 juin, g\u00e2tez votre papa avec un chouette cadeau de f\u00eate des p\u00e8res personnalis\u00e9.\" \/>\n<meta name=\"robots\" content=\"index, follow, max-snippet:-1, max-image-preview:large, max-video-preview:-1\" \/>\n<link rel=\"canonical\" href=\"https:\/\/www.smartphoto.fr\/inspiration\/guide-cadeau-de-fete-des-peres\" \/>\n<meta property=\"og:locale\" content=\"fr_FR\" \/>\n<meta property=\"og:type\" content=\"article\" \/>\n<meta property=\"og:title\" content=\"Cadeau de f\u00eate des p\u00e8res : trouvez le cadeau parfait pour votre papa. Suivez le guide !\" \/>\n<meta property=\"og:description\" content=\"Vous cherchez un super cadeau pour la f\u00eate des p\u00e8res ? Le 10 juin, g\u00e2tez votre papa avec un chouette cadeau de f\u00eate des p\u00e8res personnalis\u00e9.\" \/>\n<meta property=\"og:url\" content=\"\/inspiration\/guide-cadeau-de-fete-des-peres\" \/>\n<meta property=\"og:site_name\" content=\"smartphoto FR\" \/>\n<meta property=\"article:publisher\" content=\"https:\/\/www.facebook.com\/smartphoto.fr\" \/>\n<meta property=\"article:published_time\" content=\"2018-05-28T16:25:51+00:00\" \/>\n<meta property=\"article:modified_time\" content=\"2019-07-18T09:21:19+00:00\" \/>\n<meta property=\"og:image\" content=\"https:\/\/storage.googleapis.com\/smartphoto-express-production-wp-blogs-com\/10\/2018\/05\/dv1171047_55e9a38fead8f.jpg\" \/>\n\t<meta property=\"og:image:width\" content=\"800\" \/>\n\t<meta property=\"og:image:height\" content=\"524\" \/>\n\t<meta property=\"og:image:type\" content=\"image\/jpeg\" \/>\n<meta name=\"author\" content=\"Caroline\" \/>\n<meta name=\"twitter:card\" content=\"summary_large_image\" \/>\n<meta name=\"twitter:creator\" content=\"@smartphoto_fr\" \/>\n<meta name=\"twitter:site\" content=\"@smartphoto_fr\" \/>\n<meta name=\"twitter:label1\" content=\"Written by\" \/>\n\t<meta name=\"twitter:data1\" content=\"Caroline\" \/>\n\t<meta name=\"twitter:label2\" content=\"Est. reading time\" \/>\n\t<meta name=\"twitter:data2\" content=\"5 minutes\" \/>\n<script type=\"application\/ld+json\" class=\"yoast-schema-graph\">{\"@context\":\"https:\/\/schema.org\",\"@graph\":[{\"@type\":\"WebPage\",\"@id\":\"\/inspiration\/guide-cadeau-de-fete-des-peres\",\"url\":\"https:\/\/www.smartphoto.fr\/inspiration\/guide-cadeau-de-fete-des-peres\",\"name\":\"Cadeau de f\u00eate des p\u00e8res : trouvez le cadeau parfait pour votre papa. Suivez le guide !\",\"isPartOf\":{\"@id\":\"https:\/\/www.smartphoto.fr\/inspiration\/#website\"},\"primaryImageOfPage\":{\"@id\":\"https:\/\/www.smartphoto.fr\/inspiration\/guide-cadeau-de-fete-des-peres#primaryimage\"},\"image\":{\"@id\":\"https:\/\/www.smartphoto.fr\/inspiration\/guide-cadeau-de-fete-des-peres#primaryimage\"},\"thumbnailUrl\":\"https:\/\/storage.googleapis.com\/smartphoto-express-production-wp-blogs-com\/10\/2018\/05\/dv1171047_55e9a38fead8f.jpg\",\"datePublished\":\"2018-05-28T16:25:51+00:00\",\"dateModified\":\"2019-07-18T09:21:19+00:00\",\"author\":{\"@id\":\"https:\/\/www.smartphoto.fr\/inspiration\/#\/schema\/person\/14abe7c86f4bda0d741e3ec66a39733e\"},\"description\":\"Vous cherchez un super cadeau pour la f\u00eate des p\u00e8res ? Le 10 juin, g\u00e2tez votre papa avec un chouette cadeau de f\u00eate des p\u00e8res personnalis\u00e9.\",\"breadcrumb\":{\"@id\":\"https:\/\/www.smartphoto.fr\/inspiration\/guide-cadeau-de-fete-des-peres#breadcrumb\"},\"inLanguage\":\"fr-FR\",\"potentialAction\":[{\"@type\":\"ReadAction\",\"target\":[\"https:\/\/www.smartphoto.fr\/inspiration\/guide-cadeau-de-fete-des-peres\"]}]},{\"@type\":\"ImageObject\",\"inLanguage\":\"fr-FR\",\"@id\":\"https:\/\/www.smartphoto.fr\/inspiration\/guide-cadeau-de-fete-des-peres#primaryimage\",\"url\":\"https:\/\/storage.googleapis.com\/smartphoto-express-production-wp-blogs-com\/10\/2018\/05\/dv1171047_55e9a38fead8f.jpg\",\"contentUrl\":\"https:\/\/storage.googleapis.com\/smartphoto-express-production-wp-blogs-com\/10\/2018\/05\/dv1171047_55e9a38fead8f.jpg\",\"width\":800,\"height\":524,\"caption\":\"Photo de 3 g\u00e9n\u00e9rations d'hommes: enfant, p\u00e8re et grand p\u00e8re ensemble\"},{\"@type\":\"BreadcrumbList\",\"@id\":\"https:\/\/www.smartphoto.fr\/inspiration\/guide-cadeau-de-fete-des-peres#breadcrumb\",\"itemListElement\":[{\"@type\":\"ListItem\",\"position\":1,\"name\":\"Home\",\"item\":\"https:\/\/www.smartphoto.fr\/inspiration\/\"},{\"@type\":\"ListItem\",\"position\":2,\"name\":\"F\u00eate des p\u00e8res : trouvez le cadeau parfait\"}]},{\"@type\":\"WebSite\",\"@id\":\"https:\/\/www.smartphoto.fr\/inspiration\/#website\",\"url\":\"https:\/\/www.smartphoto.fr\/inspiration\/\",\"name\":\"smartphoto FR\",\"description\":\"Le blog de smartphoto France.\",\"potentialAction\":[{\"@type\":\"SearchAction\",\"target\":{\"@type\":\"EntryPoint\",\"urlTemplate\":\"https:\/\/www.smartphoto.fr\/inspiration\/?s={search_term_string}\"},\"query-input\":{\"@type\":\"PropertyValueSpecification\",\"valueRequired\":true,\"valueName\":\"search_term_string\"}}],\"inLanguage\":\"fr-FR\"},{\"@type\":\"Person\",\"@id\":\"https:\/\/www.smartphoto.fr\/inspiration\/#\/schema\/person\/14abe7c86f4bda0d741e3ec66a39733e\",\"name\":\"Caroline\",\"image\":{\"@type\":\"ImageObject\",\"inLanguage\":\"fr-FR\",\"@id\":\"https:\/\/www.smartphoto.fr\/inspiration\/#\/schema\/person\/image\/\",\"url\":\"https:\/\/secure.gravatar.com\/avatar\/3bf4c2775ae12d0bb3bb504b56a0508c?s=96&d=mm&r=g\",\"contentUrl\":\"https:\/\/secure.gravatar.com\/avatar\/3bf4c2775ae12d0bb3bb504b56a0508c?s=96&d=mm&r=g\",\"caption\":\"Caroline\"},\"description\":\"Des id\u00e9es cr\u00e9atives pour vous inspirer, des sujets qui vous aident vraiment dans votre quotidien, voil\u00e0 ce que j'esp\u00e8re partager avec vous via ce blog. Quand je ne blogue pas pour smartphoto, je profites de bons moments en famille avec mon ch\u00e9ri et mes enfants, ou j'\u00e9tudie et je pratique le yoga.\",\"sameAs\":[\"http:\/\/www.smartphoto.fr\/inspiration\",\"https:\/\/www.instagram.com\/smartphoto_fr\/\"],\"url\":\"https:\/\/www.smartphoto.fr\/inspiration\/author\/caroline\"}]}<\/script>\n<!-- \/ Yoast SEO plugin. -->","yoast_head_json":{"title":"Cadeau de f\u00eate des p\u00e8res : trouvez le cadeau parfait pour votre papa. Suivez le guide !","description":"Vous cherchez un super cadeau pour la f\u00eate des p\u00e8res ? Le 10 juin, g\u00e2tez votre papa avec un chouette cadeau de f\u00eate des p\u00e8res personnalis\u00e9.","robots":{"index":"index","follow":"follow","max-snippet":"max-snippet:-1","max-image-preview":"max-image-preview:large","max-video-preview":"max-video-preview:-1"},"canonical":"https:\/\/www.smartphoto.fr\/inspiration\/guide-cadeau-de-fete-des-peres","og_locale":"fr_FR","og_type":"article","og_title":"Cadeau de f\u00eate des p\u00e8res : trouvez le cadeau parfait pour votre papa. Suivez le guide !","og_description":"Vous cherchez un super cadeau pour la f\u00eate des p\u00e8res ? Le 10 juin, g\u00e2tez votre papa avec un chouette cadeau de f\u00eate des p\u00e8res personnalis\u00e9.","og_url":"\/inspiration\/guide-cadeau-de-fete-des-peres","og_site_name":"smartphoto FR","article_publisher":"https:\/\/www.facebook.com\/smartphoto.fr","article_published_time":"2018-05-28T16:25:51+00:00","article_modified_time":"2019-07-18T09:21:19+00:00","og_image":[{"width":800,"height":524,"url":"https:\/\/storage.googleapis.com\/smartphoto-express-production-wp-blogs-com\/10\/2018\/05\/dv1171047_55e9a38fead8f.jpg","type":"image\/jpeg"}],"author":"Caroline","twitter_card":"summary_large_image","twitter_creator":"@smartphoto_fr","twitter_site":"@smartphoto_fr","twitter_misc":{"Written by":"Caroline","Est. reading time":"5 minutes"},"schema":{"@context":"https:\/\/schema.org","@graph":[{"@type":"WebPage","@id":"\/inspiration\/guide-cadeau-de-fete-des-peres","url":"https:\/\/www.smartphoto.fr\/inspiration\/guide-cadeau-de-fete-des-peres","name":"Cadeau de f\u00eate des p\u00e8res : trouvez le cadeau parfait pour votre papa. Suivez le guide !","isPartOf":{"@id":"https:\/\/www.smartphoto.fr\/inspiration\/#website"},"primaryImageOfPage":{"@id":"https:\/\/www.smartphoto.fr\/inspiration\/guide-cadeau-de-fete-des-peres#primaryimage"},"image":{"@id":"https:\/\/www.smartphoto.fr\/inspiration\/guide-cadeau-de-fete-des-peres#primaryimage"},"thumbnailUrl":"https:\/\/storage.googleapis.com\/smartphoto-express-production-wp-blogs-com\/10\/2018\/05\/dv1171047_55e9a38fead8f.jpg","datePublished":"2018-05-28T16:25:51+00:00","dateModified":"2019-07-18T09:21:19+00:00","author":{"@id":"https:\/\/www.smartphoto.fr\/inspiration\/#\/schema\/person\/14abe7c86f4bda0d741e3ec66a39733e"},"description":"Vous cherchez un super cadeau pour la f\u00eate des p\u00e8res ? Le 10 juin, g\u00e2tez votre papa avec un chouette cadeau de f\u00eate des p\u00e8res personnalis\u00e9.","breadcrumb":{"@id":"https:\/\/www.smartphoto.fr\/inspiration\/guide-cadeau-de-fete-des-peres#breadcrumb"},"inLanguage":"fr-FR","potentialAction":[{"@type":"ReadAction","target":["https:\/\/www.smartphoto.fr\/inspiration\/guide-cadeau-de-fete-des-peres"]}]},{"@type":"ImageObject","inLanguage":"fr-FR","@id":"https:\/\/www.smartphoto.fr\/inspiration\/guide-cadeau-de-fete-des-peres#primaryimage","url":"https:\/\/storage.googleapis.com\/smartphoto-express-production-wp-blogs-com\/10\/2018\/05\/dv1171047_55e9a38fead8f.jpg","contentUrl":"https:\/\/storage.googleapis.com\/smartphoto-express-production-wp-blogs-com\/10\/2018\/05\/dv1171047_55e9a38fead8f.jpg","width":800,"height":524,"caption":"Photo de 3 g\u00e9n\u00e9rations d'hommes: enfant, p\u00e8re et grand p\u00e8re ensemble"},{"@type":"BreadcrumbList","@id":"https:\/\/www.smartphoto.fr\/inspiration\/guide-cadeau-de-fete-des-peres#breadcrumb","itemListElement":[{"@type":"ListItem","position":1,"name":"Home","item":"https:\/\/www.smartphoto.fr\/inspiration\/"},{"@type":"ListItem","position":2,"name":"F\u00eate des p\u00e8res : trouvez le cadeau parfait"}]},{"@type":"WebSite","@id":"https:\/\/www.smartphoto.fr\/inspiration\/#website","url":"https:\/\/www.smartphoto.fr\/inspiration\/","name":"smartphoto FR","description":"Le blog de smartphoto France.","potentialAction":[{"@type":"SearchAction","target":{"@type":"EntryPoint","urlTemplate":"https:\/\/www.smartphoto.fr\/inspiration\/?s={search_term_string}"},"query-input":{"@type":"PropertyValueSpecification","valueRequired":true,"valueName":"search_term_string"}}],"inLanguage":"fr-FR"},{"@type":"Person","@id":"https:\/\/www.smartphoto.fr\/inspiration\/#\/schema\/person\/14abe7c86f4bda0d741e3ec66a39733e","name":"Caroline","image":{"@type":"ImageObject","inLanguage":"fr-FR","@id":"https:\/\/www.smartphoto.fr\/inspiration\/#\/schema\/person\/image\/","url":"https:\/\/secure.gravatar.com\/avatar\/3bf4c2775ae12d0bb3bb504b56a0508c?s=96&d=mm&r=g","contentUrl":"https:\/\/secure.gravatar.com\/avatar\/3bf4c2775ae12d0bb3bb504b56a0508c?s=96&d=mm&r=g","caption":"Caroline"},"description":"Des id\u00e9es cr\u00e9atives pour vous inspirer, des sujets qui vous aident vraiment dans votre quotidien, voil\u00e0 ce que j'esp\u00e8re partager avec vous via ce blog. Quand je ne blogue pas pour smartphoto, je profites de bons moments en famille avec mon ch\u00e9ri et mes enfants, ou j'\u00e9tudie et je pratique le yoga.","sameAs":["http:\/\/www.smartphoto.fr\/inspiration","https:\/\/www.instagram.com\/smartphoto_fr\/"],"url":"https:\/\/www.smartphoto.fr\/inspiration\/author\/caroline"}]}},"_links":{"self":[{"href":"https:\/\/www.smartphoto.fr\/inspiration\/wp-json\/wp\/v2\/posts\/7491","targetHints":{"allow":["GET"]}}],"collection":[{"href":"https:\/\/www.smartphoto.fr\/inspiration\/wp-json\/wp\/v2\/posts"}],"about":[{"href":"https:\/\/www.smartphoto.fr\/inspiration\/wp-json\/wp\/v2\/types\/post"}],"author":[{"embeddable":true,"href":"https:\/\/www.smartphoto.fr\/inspiration\/wp-json\/wp\/v2\/users\/39"}],"replies":[{"embeddable":true,"href":"https:\/\/www.smartphoto.fr\/inspiration\/wp-json\/wp\/v2\/comments?post=7491"}],"version-history":[{"count":8,"href":"https:\/\/www.smartphoto.fr\/inspiration\/wp-json\/wp\/v2\/posts\/7491\/revisions"}],"predecessor-version":[{"id":8892,"href":"https:\/\/www.smartphoto.fr\/inspiration\/wp-json\/wp\/v2\/posts\/7491\/revisions\/8892"}],"wp:featuredmedia":[{"embeddable":true,"href":"https:\/\/www.smartphoto.fr\/inspiration\/wp-json\/wp\/v2\/media\/7492"}],"wp:attachment":[{"href":"https:\/\/www.smartphoto.fr\/inspiration\/wp-json\/wp\/v2\/media?parent=7491"}],"wp:term":[{"taxonomy":"category","embeddable":true,"href":"https:\/\/www.smartphoto.fr\/inspiration\/wp-json\/wp\/v2\/categories?post=7491"},{"taxonomy":"post_tag","embeddable":true,"href":"https:\/\/www.smartphoto.fr\/inspiration\/wp-json\/wp\/v2\/tags?post=7491"}],"curies":[{"name":"wp","href":"https:\/\/api.w.org\/{rel}","templated":true}]}}