{"id":6903,"date":"2017-11-17T11:13:39","date_gmt":"2017-11-17T10:13:39","guid":{"rendered":"\/inspiration\/?p=6903"},"modified":"2019-06-25T11:36:18","modified_gmt":"2019-06-25T09:36:18","slug":"cadeau-personnalise-grands-parents","status":"publish","type":"post","link":"https:\/\/www.smartphoto.fr\/inspiration\/cadeau-personnalise-grands-parents","title":{"rendered":"Cadeau personnalis\u00e9 grands-parents : 5 raisons de leur offrir un calendrier personnalis\u00e9"},"content":{"rendered":"<p><span style=\"font-weight: 400\"><strong>Cadeau personnalis\u00e9 grands-parents<\/strong><br \/>\nVous cherchez un cadeau personnalis\u00e9 grands-parents original, utile et touchant ? Pensez au calendrier photo !<\/span><!--more--><\/p>\n<p><span style=\"font-weight: 400\">Vous ne savez pas quoi d\u00e9poser au pied du sapin pour vos parents ou grands-parents cette ann\u00e9e ? On vous conseille\u00a0<strong><a href=\"https:\/\/www.smartphoto.fr\/calendrier-photo\">le calendrier photo personnalis\u00e9<\/a><\/strong>\u00a0et on vous explique pourquoi ce cadeau a autant de succ\u00e8s tous les ans.<\/span><\/p>\n<p><a href=\"https:\/\/www.smartphoto.fr\/calendrier-photo\" target=\"_blank\"><img loading=\"lazy\" decoding=\"async\" class=\"alignnone wp-image-6906 size-full\" src=\"https:\/\/storage.googleapis.com\/smartphoto-express-production-wp-blogs-com\/10\/2017\/11\/cadeau_de_Noel_grands_parents_4.jpg\" alt=\"cadeau personnalis\u00e9 grands-parents\" width=\"720\" height=\"481\" srcset=\"https:\/\/storage.googleapis.com\/smartphoto-express-production-wp-blogs-com\/10\/2017\/11\/cadeau_de_Noel_grands_parents_4.jpg 720w, https:\/\/storage.googleapis.com\/smartphoto-express-production-wp-blogs-com\/10\/2017\/11\/cadeau_de_Noel_grands_parents_4-300x200.jpg 300w\" sizes=\"auto, (max-width: 720px) 100vw, 720px\" \/><\/a><\/p>\n<h1><span style=\"font-weight: 400\">Cadeau personnalis\u00e9 grands-parents : le calendrier, ce cadeau incontournable<\/span><\/h1>\n<h2>1\u00e8re raison : les photos r\u00e9centes<\/h2>\n<p><a href=\"https:\/\/www.smartphoto.fr\/calendrier-photo\" target=\"_blank\"><img loading=\"lazy\" decoding=\"async\" class=\"alignnone wp-image-6907 size-full\" src=\"https:\/\/storage.googleapis.com\/smartphoto-express-production-wp-blogs-com\/10\/2017\/11\/cadeau_de_Noel_grands_parents_6.jpg\" alt=\"cadeau personnalis\u00e9 grands-parents\" width=\"720\" height=\"480\" srcset=\"https:\/\/storage.googleapis.com\/smartphoto-express-production-wp-blogs-com\/10\/2017\/11\/cadeau_de_Noel_grands_parents_6.jpg 720w, https:\/\/storage.googleapis.com\/smartphoto-express-production-wp-blogs-com\/10\/2017\/11\/cadeau_de_Noel_grands_parents_6-300x200.jpg 300w\" sizes=\"auto, (max-width: 720px) 100vw, 720px\" \/><\/a><\/p>\n<p>Si vous avez des enfants, vous connaissez cette classique question des grands-parents : \u201cQuand est-ce que tu nous apportes des photos des petits ?\u201d. Si vous n\u2019avez pas d\u2019enfant, il y a de fortes chances que la photo la plus r\u00e9cente que vos grands-parents\/parents aient de vous soit celle de votre remise dipl\u00f4me. Au moins vous n\u2019avez pas une ride sur la photo !<\/p>\n<p><span style=\"font-weight: 400\">On est tellement habitu\u00e9 \u00e0 voir nos photos sur Facebook, Instagram et sur notre t\u00e9l\u00e9phone, qu\u2019on en oublie que nos grands-parents\/parents ne sont pas aussi accros que nous \u00e0 toute cette nouvelle technologie. Cr\u00e9er un calendrier personnalis\u00e9 est donc la solution id\u00e9ale pour rassembler toutes les photos ! Vous verrez leur regard s\u2019illuminer \u00e0 la vue de toutes ces<strong>\u00a0photos de leurs petits-enfants<\/strong>. Petite astuce, vous pouvez associer les photos de chaque mois aux anniversaires par exemple. Chacun aura alors son mois d\u2019honneur sur le calendrier de mamie.<\/span><\/p>\n<h2><strong>2\u00e8me raison : fini les oublis<\/strong><\/h2>\n<p><img loading=\"lazy\" decoding=\"async\" class=\"aligncenter wp-image-6908 size-full\" src=\"https:\/\/storage.googleapis.com\/smartphoto-express-production-wp-blogs-com\/10\/2017\/11\/cadeau_de_Noel_grands_parents_8.gif\" alt=\"cadeau personnalis\u00e9 grands-parents\" width=\"500\" height=\"275\" \/><\/p>\n<p style=\"text-align: center\">Source :\u00a0<a href=\"https:\/\/giphy.com\/gifs\/cheese-ratatouille-ubyFR0Ykyv5u0\">Giphy<\/a><\/p>\n<p><span style=\"font-weight: 400\">Il faut l\u2019admettre, parfois, en vieillissant,\u00a0<strong>la m\u00e9moire se transforme en petit gruy\u00e8re<\/strong>. On vous propose de remplir le calendrier avec les dates d\u2019anniversaire de toute la famille avant d\u2019offrir le calendrier \u00e0 vos grands-parents. Vous pouvez aussi y ajouter les f\u00eates des petits-enfants, la Saint-Nicolas, la Sainte-Catherine ou les dates de vos f\u00eates de famille !<\/span><span style=\"font-weight: 400\"><br \/>\n<\/span><span style=\"font-weight: 400\">Et pour une petite touche d\u2019amour suppl\u00e9mentaire, laissez un petit mot pour le jour de leur anniversaire !<\/span><\/p>\n<h2><strong>3\u00e8me raison : la fiert\u00e9<\/strong><\/h2>\n<p><a href=\"https:\/\/www.smartphoto.fr\/calendrier-photo\" target=\"_blank\"><img loading=\"lazy\" decoding=\"async\" class=\"alignnone wp-image-6904 size-full\" src=\"https:\/\/storage.googleapis.com\/smartphoto-express-production-wp-blogs-com\/10\/2017\/11\/cadeau-de-No\u00ebl-grands-parents_7.jpg\" alt=\"cadeau personnalis\u00e9 grands-parents\" width=\"720\" height=\"480\" srcset=\"https:\/\/storage.googleapis.com\/smartphoto-express-production-wp-blogs-com\/10\/2017\/11\/cadeau-de-No\u00ebl-grands-parents_7.jpg 720w, https:\/\/storage.googleapis.com\/smartphoto-express-production-wp-blogs-com\/10\/2017\/11\/cadeau-de-No\u00ebl-grands-parents_7-300x200.jpg 300w\" sizes=\"auto, (max-width: 720px) 100vw, 720px\" \/><\/a><\/p>\n<p><span style=\"font-weight: 400\">Si vous l\u2019ignoriez encore, il y a une \u201cchose\u201d dont tous les grands-parents sont fiers, TOUS ! Leurs petits-enfants bien s\u00fbr ! Lorsque leur amis, les voisins (plus ou moins n\u2019importe qui en fait) viennent les voir, les grands-parents sont fiers de parler de leurs si beaux petits-enfants.<strong>\u00a0A les \u00e9couter, vos bambins sont (presque) parfaits.<\/strong>\u00a0Apr\u00e8s tant d\u2019\u00e9loges, il faut montrer une jolie photo aux visiteurs, et l\u00e0, c\u2019est le drame ! La derni\u00e8re photo de votre fils de 5 ans qu\u2019ils ont \u00e0 leur montrer est une photo de lui \u00e0 sa f\u00eate d\u2019anniversaire pour ses 1 an ! D\u2019o\u00f9 la question au point num\u00e9ro 1, lors de votre prochaine visite, non vous n\u2019y \u00e9chapperait pas ! Avec un calendrier personnalis\u00e9, ceux-ci pourront montrer chaque ann\u00e9e de nouvelles photos de vos petits bouts sans devoir retourner la maison pour en trouver une. En plus, ils vous complimenteront pour avoir pris les temps de leur cr\u00e9er un si joli calendrier comme cadeau personnalis\u00e9 grands-parents !<\/span><\/p>\n<h2><strong>4\u00e8me raison : le pense-b\u00eate<\/strong><\/h2>\n<p><span style=\"font-weight: 400\">N\u2019oublions pas l\u2019utilit\u00e9 d\u2019un calendrier ! Ca aidera bien s\u00fbr vos grands-parents\/parents dans leur organisation quotidienne. Ils le rempliront au fur et \u00e0 mesure et verront en un clin d\u2019oeil les jours o\u00f9 ils gardent vos petits bouts, les jours o\u00f9 ils se r\u00e9unissent avec leur amis ou encore quand commence leur s\u00e9jour \u00e0 la mer ;-).<\/span><span style=\"font-weight: 400\"><br \/>\n<\/span><span style=\"font-weight: 400\">En fonction des activit\u00e9s de vos grands-parents\/parents et de l\u2019utilit\u00e9 du calendrier, vous pouvez opter pour des types de calendriers diff\u00e9rents :<\/span><\/p>\n<ul>\n<li><span style=\"font-weight: 400\"><a href=\"https:\/\/www.smartphoto.fr\/calendrier-photo\/calendrier-mural\">le calendrier mural<\/a>\u00a0-&gt; une vision mois par mois, id\u00e9al pour faire des annotations<\/span><\/li>\n<li><span style=\"font-weight: 400\"><a href=\"https:\/\/www.smartphoto.fr\/calendrier-photo\/calendrier-de-cuisine\">le calendrier de cuisine<\/a>\u00a0-&gt; plus fin que le calendrier mural, possibilit\u00e9 de faire des petites annotations<\/span><\/li>\n<li><span style=\"font-weight: 400\"><a href=\"https:\/\/www.smartphoto.fr\/calendrier-photo\/calendrier-anniversaire\">le calendrier anniversaire<\/a>\u00a0-&gt; aucune ann\u00e9e sur le calendrier, pour le r\u00e9utiliser tous les ans.<\/span><\/li>\n<li><span style=\"font-weight: 400\"><a href=\"https:\/\/www.smartphoto.fr\/calendrier-photo\/planning-annuel\">le planning annuel<\/a>\u00a0-&gt; une vision globale de l\u2019ann\u00e9e en un clin d\u2019oeil<\/span><\/li>\n<li><span style=\"font-weight: 400\"><a href=\"https:\/\/www.smartphoto.fr\/calendrier-photo\/calendrier-support-bois\">le calendrier photo avec support bois<\/a>\u00a0-&gt; une pr\u00e9sentation soign\u00e9e pour les grands-m\u00e8res qui adorent la d\u00e9co. Une vision par mois, pas d\u2019annotation possible.<\/span><\/li>\n<\/ul>\n<p><a href=\"https:\/\/www.smartphoto.fr\/calendrier-photo\/calendrier-support-bois\" target=\"_blank\"><img loading=\"lazy\" decoding=\"async\" class=\"alignnone wp-image-6905 size-full\" src=\"https:\/\/storage.googleapis.com\/smartphoto-express-production-wp-blogs-com\/10\/2017\/11\/cadeau_de_Noel_grands_parents_1.jpg\" alt=\"cadeau personnalis\u00e9 grands-parents\" width=\"720\" height=\"414\" srcset=\"https:\/\/storage.googleapis.com\/smartphoto-express-production-wp-blogs-com\/10\/2017\/11\/cadeau_de_Noel_grands_parents_1.jpg 720w, https:\/\/storage.googleapis.com\/smartphoto-express-production-wp-blogs-com\/10\/2017\/11\/cadeau_de_Noel_grands_parents_1-300x173.jpg 300w\" sizes=\"auto, (max-width: 720px) 100vw, 720px\" \/><\/a><\/p>\n<p>Et pour les grands-parents qui ont une vie bien charg\u00e9e, on a une alternative au calendrier comme cadeau personnalis\u00e9 grands-parents : l\u2019agenda personnalis\u00e9 ! Vous pouvez m\u00eame choisir entre un\u00a0<a href=\"https:\/\/www.smartphoto.fr\/calendrier-photo\/agenda-photo\">agenda \u00e0 couverture souple<\/a>\u00a0ou\u00a0<a href=\"https:\/\/www.smartphoto.fr\/calendrier-photo\/agenda-simili-cuir\">rigide<\/a>\u00a0!<\/p>\n<h2><strong>5\u00e8me raison : le sourire d\u00e8s le matin<\/strong><\/h2>\n<p><span style=\"font-weight: 400\">Il n\u2019y a rien de plus agr\u00e9able le matin que de voir des\u00a0<strong>photos des gens que l\u2019on aime<\/strong>\u00a0lorsqu\u2019on regarde son calendrier. Si votre grand-m\u00e8re ou grand-p\u00e8re vit seul(e), c\u2019est encore plus important qu\u2019il ou elle se sente entour\u00e9(e) par sa famille. M\u00eame si on fait ce qu\u2019on peut, rares sont ceux qui peuvent passer voir les grands-parents tous les jours. Gr\u00e2ce \u00e0 votre calendrier personnalis\u00e9, tous les matins, en jetant un oeil \u00e0 leur calendrier, ils penseront \u00e0 vous et \u00e7a leur donnera le sourire !<\/span><\/p>\n<p><img loading=\"lazy\" decoding=\"async\" class=\"aligncenter wp-image-6909 size-full\" src=\"https:\/\/storage.googleapis.com\/smartphoto-express-production-wp-blogs-com\/10\/2017\/11\/cadeau_de_Noel_grands_parents_10b.gif\" alt=\"cadeau personnalis\u00e9 grands-parents\" width=\"500\" height=\"400\" \/><\/p>\n<p style=\"text-align: center\">Image :\u00a0<a href=\"https:\/\/tenor.com\/view\/jerry-mouse-heartbeat-love-ilu-gif-6123204\">Tenor<\/a><\/p>\n<p><span style=\"font-weight: 400\">Si apr\u00e8s tout \u00e7a je ne vous avais pas encore convaincu que le calendrier personnalis\u00e9 \u00e9tait LE cadeau personnalis\u00e9 grands-parents, prenez en compte ceci : c\u2019est super\u00a0<strong>facile et rapide \u00e0 cr\u00e9er<\/strong>\u00a0! Vous avez un large choix de designs, jusqu\u2019\u00e0 28 diff\u00e9rents pour le calendrier mural ! Et vous pouvez choisir le nombre de photo que vous ajoutez sur chaque page !\u00a0<\/span><span style=\"font-weight: 400\"><br \/>\n<\/span><span style=\"font-weight: 400\"><br \/>\n<\/span><span style=\"font-weight: 400\">Je crois que vous n\u2019avez plus d\u2019excuses pour g\u00e2ter vos grands-parents cette ann\u00e9e \ud83d\ude09<\/span><\/p>\n<p><span style=\"font-weight: 400\">Et si vous cherchez des id\u00e9es cadeaux pour le reste de votre famille, d\u00e9couvrez\u00a0<a href=\"\/inspiration\/idee-cadeau-de-noel-femme\">nos id\u00e9es cadeaux pour elle<\/a>\u00a0et\u00a0<a href=\"\/inspiration\/idee-cadeau-noel-homme\">pour lui<\/a>.<\/span><\/p>\n<p><strong>Vous avez une autre bonne raison d\u2019offrir un calendrier comme cadeau personnalis\u00e9 grands-parents ? Partagez-les avec nous dans les commentaires ou sur les r\u00e9seaux sociaux !<\/strong><\/p>\n<p><span style=\"font-weight: 400\"><a href=\"https:\/\/www.smartphoto.fr\/noel\" target=\"_blank\"><img loading=\"lazy\" decoding=\"async\" class=\"alignnone wp-image-6910 size-full\" src=\"https:\/\/storage.googleapis.com\/smartphoto-express-production-wp-blogs-com\/10\/2017\/11\/Blog_ChristmasGifts_CTA_FR.jpg\" alt=\"cadeau personnalis\u00e9 grands-parents\" width=\"720\" height=\"280\" srcset=\"https:\/\/storage.googleapis.com\/smartphoto-express-production-wp-blogs-com\/10\/2017\/11\/Blog_ChristmasGifts_CTA_FR.jpg 720w, https:\/\/storage.googleapis.com\/smartphoto-express-production-wp-blogs-com\/10\/2017\/11\/Blog_ChristmasGifts_CTA_FR-300x117.jpg 300w\" sizes=\"auto, (max-width: 720px) 100vw, 720px\" \/><\/a><\/span><\/p>\n","protected":false},"excerpt":{"rendered":"<p>Cadeau personnalis\u00e9 grands-parents Vous cherchez un cadeau personnalis\u00e9 grands-parents original, utile et touchant ? Pensez au calendrier photo !<\/p>\n","protected":false},"author":10,"featured_media":6906,"comment_status":"open","ping_status":"open","sticky":false,"template":"","format":"standard","meta":{"om_disable_all_campaigns":false,"_monsterinsights_skip_tracking":false,"_monsterinsights_sitenote_active":false,"_monsterinsights_sitenote_note":"","_monsterinsights_sitenote_category":0,"footnotes":""},"categories":[78],"tags":[],"class_list":["post-6903","post","type-post","status-publish","format-standard","has-post-thumbnail","hentry","category-noel"],"yoast_head":"<!-- This site is optimized with the Yoast SEO plugin v23.8 - https:\/\/yoast.com\/wordpress\/plugins\/seo\/ -->\n<title>Cadeau personnalis\u00e9 grands-parents : 5 raisons de leur offrir un calendrier personnalis\u00e9<\/title>\n<meta name=\"description\" content=\"Vous cherchez un cadeau personnalis\u00e9 grands-parents original, utile et touchant ? Personnalisez un calendrier mural, de bureau,... Ils vont l&#039;adorer.\" \/>\n<meta name=\"robots\" content=\"index, follow, max-snippet:-1, max-image-preview:large, max-video-preview:-1\" \/>\n<link rel=\"canonical\" href=\"https:\/\/www.smartphoto.fr\/inspiration\/cadeau-personnalise-grands-parents\" \/>\n<meta property=\"og:locale\" content=\"fr_FR\" \/>\n<meta property=\"og:type\" content=\"article\" \/>\n<meta property=\"og:title\" content=\"Cadeau personnalis\u00e9 grands-parents : 5 raisons de leur offrir un calendrier personnalis\u00e9\" \/>\n<meta property=\"og:description\" content=\"Vous cherchez un cadeau personnalis\u00e9 grands-parents original, utile et touchant ? Personnalisez un calendrier mural, de bureau,... Ils vont l&#039;adorer.\" \/>\n<meta property=\"og:url\" content=\"\/inspiration\/cadeau-personnalise-grands-parents\" \/>\n<meta property=\"og:site_name\" content=\"smartphoto FR\" \/>\n<meta property=\"article:publisher\" content=\"https:\/\/www.facebook.com\/smartphoto.fr\" \/>\n<meta property=\"article:published_time\" content=\"2017-11-17T10:13:39+00:00\" \/>\n<meta property=\"article:modified_time\" content=\"2019-06-25T09:36:18+00:00\" \/>\n<meta property=\"og:image\" content=\"https:\/\/storage.googleapis.com\/smartphoto-express-production-wp-blogs-com\/10\/2017\/11\/cadeau_de_Noel_grands_parents_4.jpg\" \/>\n\t<meta property=\"og:image:width\" content=\"720\" \/>\n\t<meta property=\"og:image:height\" content=\"481\" \/>\n\t<meta property=\"og:image:type\" content=\"image\/jpeg\" \/>\n<meta name=\"author\" content=\"Claire\" \/>\n<meta name=\"twitter:card\" content=\"summary_large_image\" \/>\n<meta name=\"twitter:creator\" content=\"@smartphoto_fr\" \/>\n<meta name=\"twitter:site\" content=\"@smartphoto_fr\" \/>\n<meta name=\"twitter:label1\" content=\"Written by\" \/>\n\t<meta name=\"twitter:data1\" content=\"Claire\" \/>\n\t<meta name=\"twitter:label2\" content=\"Est. reading time\" \/>\n\t<meta name=\"twitter:data2\" content=\"5 minutes\" \/>\n<script type=\"application\/ld+json\" class=\"yoast-schema-graph\">{\"@context\":\"https:\/\/schema.org\",\"@graph\":[{\"@type\":\"WebPage\",\"@id\":\"\/inspiration\/cadeau-personnalise-grands-parents\",\"url\":\"https:\/\/www.smartphoto.fr\/inspiration\/cadeau-personnalise-grands-parents\",\"name\":\"Cadeau personnalis\u00e9 grands-parents : 5 raisons de leur offrir un calendrier personnalis\u00e9\",\"isPartOf\":{\"@id\":\"https:\/\/www.smartphoto.fr\/inspiration\/#website\"},\"primaryImageOfPage\":{\"@id\":\"https:\/\/www.smartphoto.fr\/inspiration\/cadeau-personnalise-grands-parents#primaryimage\"},\"image\":{\"@id\":\"https:\/\/www.smartphoto.fr\/inspiration\/cadeau-personnalise-grands-parents#primaryimage\"},\"thumbnailUrl\":\"https:\/\/storage.googleapis.com\/smartphoto-express-production-wp-blogs-com\/10\/2017\/11\/cadeau_de_Noel_grands_parents_4.jpg\",\"datePublished\":\"2017-11-17T10:13:39+00:00\",\"dateModified\":\"2019-06-25T09:36:18+00:00\",\"author\":{\"@id\":\"https:\/\/www.smartphoto.fr\/inspiration\/#\/schema\/person\/b743c2a89fcff4d18195130bb0259ffe\"},\"description\":\"Vous cherchez un cadeau personnalis\u00e9 grands-parents original, utile et touchant ? Personnalisez un calendrier mural, de bureau,... Ils vont l'adorer.\",\"breadcrumb\":{\"@id\":\"https:\/\/www.smartphoto.fr\/inspiration\/cadeau-personnalise-grands-parents#breadcrumb\"},\"inLanguage\":\"fr-FR\",\"potentialAction\":[{\"@type\":\"ReadAction\",\"target\":[\"https:\/\/www.smartphoto.fr\/inspiration\/cadeau-personnalise-grands-parents\"]}]},{\"@type\":\"ImageObject\",\"inLanguage\":\"fr-FR\",\"@id\":\"https:\/\/www.smartphoto.fr\/inspiration\/cadeau-personnalise-grands-parents#primaryimage\",\"url\":\"https:\/\/storage.googleapis.com\/smartphoto-express-production-wp-blogs-com\/10\/2017\/11\/cadeau_de_Noel_grands_parents_4.jpg\",\"contentUrl\":\"https:\/\/storage.googleapis.com\/smartphoto-express-production-wp-blogs-com\/10\/2017\/11\/cadeau_de_Noel_grands_parents_4.jpg\",\"width\":720,\"height\":481,\"caption\":\"cadeau de No\u00ebl grands-parents\"},{\"@type\":\"BreadcrumbList\",\"@id\":\"https:\/\/www.smartphoto.fr\/inspiration\/cadeau-personnalise-grands-parents#breadcrumb\",\"itemListElement\":[{\"@type\":\"ListItem\",\"position\":1,\"name\":\"Home\",\"item\":\"https:\/\/www.smartphoto.fr\/inspiration\/\"},{\"@type\":\"ListItem\",\"position\":2,\"name\":\"Cadeau personnalis\u00e9 grands-parents : 5 raisons de leur offrir un calendrier personnalis\u00e9\"}]},{\"@type\":\"WebSite\",\"@id\":\"https:\/\/www.smartphoto.fr\/inspiration\/#website\",\"url\":\"https:\/\/www.smartphoto.fr\/inspiration\/\",\"name\":\"smartphoto FR\",\"description\":\"Le blog de smartphoto France.\",\"potentialAction\":[{\"@type\":\"SearchAction\",\"target\":{\"@type\":\"EntryPoint\",\"urlTemplate\":\"https:\/\/www.smartphoto.fr\/inspiration\/?s={search_term_string}\"},\"query-input\":{\"@type\":\"PropertyValueSpecification\",\"valueRequired\":true,\"valueName\":\"search_term_string\"}}],\"inLanguage\":\"fr-FR\"},{\"@type\":\"Person\",\"@id\":\"https:\/\/www.smartphoto.fr\/inspiration\/#\/schema\/person\/b743c2a89fcff4d18195130bb0259ffe\",\"name\":\"Claire\",\"image\":{\"@type\":\"ImageObject\",\"inLanguage\":\"fr-FR\",\"@id\":\"https:\/\/www.smartphoto.fr\/inspiration\/#\/schema\/person\/image\/\",\"url\":\"https:\/\/secure.gravatar.com\/avatar\/9f27a09fb8046031a47a9f22ce0ca8e9?s=96&d=mm&r=g\",\"contentUrl\":\"https:\/\/secure.gravatar.com\/avatar\/9f27a09fb8046031a47a9f22ce0ca8e9?s=96&d=mm&r=g\",\"caption\":\"Claire\"},\"description\":\"Claire, 26 ans, passionn\u00e9e de voyages et de danse. J\u2019adore d\u00e9nicher les nouveaut\u00e9s DIY et d\u00e9coration. Je blogue pour smartphoto les astuces \u00e0 r\u00e9aliser avec vos photos.\",\"url\":\"https:\/\/www.smartphoto.fr\/inspiration\/author\/claire\"}]}<\/script>\n<!-- \/ Yoast SEO plugin. -->","yoast_head_json":{"title":"Cadeau personnalis\u00e9 grands-parents : 5 raisons de leur offrir un calendrier personnalis\u00e9","description":"Vous cherchez un cadeau personnalis\u00e9 grands-parents original, utile et touchant ? Personnalisez un calendrier mural, de bureau,... Ils vont l'adorer.","robots":{"index":"index","follow":"follow","max-snippet":"max-snippet:-1","max-image-preview":"max-image-preview:large","max-video-preview":"max-video-preview:-1"},"canonical":"https:\/\/www.smartphoto.fr\/inspiration\/cadeau-personnalise-grands-parents","og_locale":"fr_FR","og_type":"article","og_title":"Cadeau personnalis\u00e9 grands-parents : 5 raisons de leur offrir un calendrier personnalis\u00e9","og_description":"Vous cherchez un cadeau personnalis\u00e9 grands-parents original, utile et touchant ? Personnalisez un calendrier mural, de bureau,... Ils vont l'adorer.","og_url":"\/inspiration\/cadeau-personnalise-grands-parents","og_site_name":"smartphoto FR","article_publisher":"https:\/\/www.facebook.com\/smartphoto.fr","article_published_time":"2017-11-17T10:13:39+00:00","article_modified_time":"2019-06-25T09:36:18+00:00","og_image":[{"width":720,"height":481,"url":"https:\/\/storage.googleapis.com\/smartphoto-express-production-wp-blogs-com\/10\/2017\/11\/cadeau_de_Noel_grands_parents_4.jpg","type":"image\/jpeg"}],"author":"Claire","twitter_card":"summary_large_image","twitter_creator":"@smartphoto_fr","twitter_site":"@smartphoto_fr","twitter_misc":{"Written by":"Claire","Est. reading time":"5 minutes"},"schema":{"@context":"https:\/\/schema.org","@graph":[{"@type":"WebPage","@id":"\/inspiration\/cadeau-personnalise-grands-parents","url":"https:\/\/www.smartphoto.fr\/inspiration\/cadeau-personnalise-grands-parents","name":"Cadeau personnalis\u00e9 grands-parents : 5 raisons de leur offrir un calendrier personnalis\u00e9","isPartOf":{"@id":"https:\/\/www.smartphoto.fr\/inspiration\/#website"},"primaryImageOfPage":{"@id":"https:\/\/www.smartphoto.fr\/inspiration\/cadeau-personnalise-grands-parents#primaryimage"},"image":{"@id":"https:\/\/www.smartphoto.fr\/inspiration\/cadeau-personnalise-grands-parents#primaryimage"},"thumbnailUrl":"https:\/\/storage.googleapis.com\/smartphoto-express-production-wp-blogs-com\/10\/2017\/11\/cadeau_de_Noel_grands_parents_4.jpg","datePublished":"2017-11-17T10:13:39+00:00","dateModified":"2019-06-25T09:36:18+00:00","author":{"@id":"https:\/\/www.smartphoto.fr\/inspiration\/#\/schema\/person\/b743c2a89fcff4d18195130bb0259ffe"},"description":"Vous cherchez un cadeau personnalis\u00e9 grands-parents original, utile et touchant ? Personnalisez un calendrier mural, de bureau,... Ils vont l'adorer.","breadcrumb":{"@id":"https:\/\/www.smartphoto.fr\/inspiration\/cadeau-personnalise-grands-parents#breadcrumb"},"inLanguage":"fr-FR","potentialAction":[{"@type":"ReadAction","target":["https:\/\/www.smartphoto.fr\/inspiration\/cadeau-personnalise-grands-parents"]}]},{"@type":"ImageObject","inLanguage":"fr-FR","@id":"https:\/\/www.smartphoto.fr\/inspiration\/cadeau-personnalise-grands-parents#primaryimage","url":"https:\/\/storage.googleapis.com\/smartphoto-express-production-wp-blogs-com\/10\/2017\/11\/cadeau_de_Noel_grands_parents_4.jpg","contentUrl":"https:\/\/storage.googleapis.com\/smartphoto-express-production-wp-blogs-com\/10\/2017\/11\/cadeau_de_Noel_grands_parents_4.jpg","width":720,"height":481,"caption":"cadeau de No\u00ebl grands-parents"},{"@type":"BreadcrumbList","@id":"https:\/\/www.smartphoto.fr\/inspiration\/cadeau-personnalise-grands-parents#breadcrumb","itemListElement":[{"@type":"ListItem","position":1,"name":"Home","item":"https:\/\/www.smartphoto.fr\/inspiration\/"},{"@type":"ListItem","position":2,"name":"Cadeau personnalis\u00e9 grands-parents : 5 raisons de leur offrir un calendrier personnalis\u00e9"}]},{"@type":"WebSite","@id":"https:\/\/www.smartphoto.fr\/inspiration\/#website","url":"https:\/\/www.smartphoto.fr\/inspiration\/","name":"smartphoto FR","description":"Le blog de smartphoto France.","potentialAction":[{"@type":"SearchAction","target":{"@type":"EntryPoint","urlTemplate":"https:\/\/www.smartphoto.fr\/inspiration\/?s={search_term_string}"},"query-input":{"@type":"PropertyValueSpecification","valueRequired":true,"valueName":"search_term_string"}}],"inLanguage":"fr-FR"},{"@type":"Person","@id":"https:\/\/www.smartphoto.fr\/inspiration\/#\/schema\/person\/b743c2a89fcff4d18195130bb0259ffe","name":"Claire","image":{"@type":"ImageObject","inLanguage":"fr-FR","@id":"https:\/\/www.smartphoto.fr\/inspiration\/#\/schema\/person\/image\/","url":"https:\/\/secure.gravatar.com\/avatar\/9f27a09fb8046031a47a9f22ce0ca8e9?s=96&d=mm&r=g","contentUrl":"https:\/\/secure.gravatar.com\/avatar\/9f27a09fb8046031a47a9f22ce0ca8e9?s=96&d=mm&r=g","caption":"Claire"},"description":"Claire, 26 ans, passionn\u00e9e de voyages et de danse. J\u2019adore d\u00e9nicher les nouveaut\u00e9s DIY et d\u00e9coration. Je blogue pour smartphoto les astuces \u00e0 r\u00e9aliser avec vos photos.","url":"https:\/\/www.smartphoto.fr\/inspiration\/author\/claire"}]}},"_links":{"self":[{"href":"https:\/\/www.smartphoto.fr\/inspiration\/wp-json\/wp\/v2\/posts\/6903","targetHints":{"allow":["GET"]}}],"collection":[{"href":"https:\/\/www.smartphoto.fr\/inspiration\/wp-json\/wp\/v2\/posts"}],"about":[{"href":"https:\/\/www.smartphoto.fr\/inspiration\/wp-json\/wp\/v2\/types\/post"}],"author":[{"embeddable":true,"href":"https:\/\/www.smartphoto.fr\/inspiration\/wp-json\/wp\/v2\/users\/10"}],"replies":[{"embeddable":true,"href":"https:\/\/www.smartphoto.fr\/inspiration\/wp-json\/wp\/v2\/comments?post=6903"}],"version-history":[{"count":8,"href":"https:\/\/www.smartphoto.fr\/inspiration\/wp-json\/wp\/v2\/posts\/6903\/revisions"}],"predecessor-version":[{"id":8824,"href":"https:\/\/www.smartphoto.fr\/inspiration\/wp-json\/wp\/v2\/posts\/6903\/revisions\/8824"}],"wp:featuredmedia":[{"embeddable":true,"href":"https:\/\/www.smartphoto.fr\/inspiration\/wp-json\/wp\/v2\/media\/6906"}],"wp:attachment":[{"href":"https:\/\/www.smartphoto.fr\/inspiration\/wp-json\/wp\/v2\/media?parent=6903"}],"wp:term":[{"taxonomy":"category","embeddable":true,"href":"https:\/\/www.smartphoto.fr\/inspiration\/wp-json\/wp\/v2\/categories?post=6903"},{"taxonomy":"post_tag","embeddable":true,"href":"https:\/\/www.smartphoto.fr\/inspiration\/wp-json\/wp\/v2\/tags?post=6903"}],"curies":[{"name":"wp","href":"https:\/\/api.w.org\/{rel}","templated":true}]}}