{"id":6640,"date":"2017-10-13T15:05:04","date_gmt":"2017-10-13T13:05:04","guid":{"rendered":"\/inspiration\/?p=6640"},"modified":"2018-08-23T18:37:00","modified_gmt":"2018-08-23T16:37:00","slug":"calendrier-personnalise-avec-photos","status":"publish","type":"post","link":"https:\/\/www.smartphoto.fr\/inspiration\/calendrier-personnalise-avec-photos","title":{"rendered":"Calendrier personnalis\u00e9\u00a0avec photos\u00a0: cr\u00e9ez une \u0153uvre d\u2019art avec vos souvenirs\u00a0!"},"content":{"rendered":"<p>L\u2019automne a envahi le pays. La chute des feuilles annonce l\u2019arriv\u00e9e d\u2019une nouvelle ann\u00e9e qui, tradition oblige, va de pair avec un nouveau calendrier photo personnalis\u00e9 et un nouvel<br \/>\nagenda photo.<\/p>\n<h3><strong>Calendrier personnalis\u00e9 avec photos<\/strong><\/h3>\n<p>Vous saviez sans doute d\u00e9j\u00e0 que smartphoto vous propose de r\u00e9aliser votre <a href=\"https:\/\/www.smartphoto.fr\/calendrier-photo\">calendrier ou agenda personnalis\u00e9<\/a>. Mais si vous souhaitez \u00e9pater vos proches et vos amis avec votre calendrier\u00a02018, suivez ces quelques conseils et cr\u00e9ez une \u0153uvre d\u2019art originale gr\u00e2ce \u00e0 ces id\u00e9es de calendrier th\u00e9matique\u00a0!<\/p>\n<h2>1. Calendrier onirique<\/h2>\n<h3>Calendrier nature<\/h3>\n<p><img loading=\"lazy\" decoding=\"async\" class=\"size-full wp-image-6665 alignleft\" src=\"https:\/\/storage.googleapis.com\/smartphoto-express-production-wp-blogs-com\/10\/2017\/09\/Calendar1.jpg\" alt=\"\" width=\"360\" height=\"360\" srcset=\"https:\/\/storage.googleapis.com\/smartphoto-express-production-wp-blogs-com\/10\/2017\/09\/Calendar1.jpg 360w, https:\/\/storage.googleapis.com\/smartphoto-express-production-wp-blogs-com\/10\/2017\/09\/Calendar1-150x150.jpg 150w, https:\/\/storage.googleapis.com\/smartphoto-express-production-wp-blogs-com\/10\/2017\/09\/Calendar1-300x300.jpg 300w\" sizes=\"auto, (max-width: 360px) 100vw, 360px\" \/>Vous ressentez une irr\u00e9sistible envie d\u2019immortaliser la sc\u00e8ne \u00e0 la vue d\u2019un coucher de soleil, d\u2019un bosquet en fleur ou d\u2019un papillon virevoltant\u00a0? Dans ce cas, <a href=\"https:\/\/www.smartphoto.fr\/calendrier-photo\">r\u00e9alisez un calendrier photo personnalis\u00e9 <\/a>d\u00e9di\u00e9 \u00e0 la beaut\u00e9 de la nature. Ainsi, vous resterez organis\u00e9 tout en invitant la nature dans votre int\u00e9rieur.<\/p>\n<div class=\"clear\" style=\"height:0px\"><\/div>\n<h3>Photographie de rue<\/h3>\n<p><img loading=\"lazy\" decoding=\"async\" class=\"size-full wp-image-6666 alignleft\" src=\"https:\/\/storage.googleapis.com\/smartphoto-express-production-wp-blogs-com\/10\/2017\/09\/Calendar2.jpg\" alt=\"\" width=\"360\" height=\"360\" srcset=\"https:\/\/storage.googleapis.com\/smartphoto-express-production-wp-blogs-com\/10\/2017\/09\/Calendar2.jpg 360w, https:\/\/storage.googleapis.com\/smartphoto-express-production-wp-blogs-com\/10\/2017\/09\/Calendar2-150x150.jpg 150w, https:\/\/storage.googleapis.com\/smartphoto-express-production-wp-blogs-com\/10\/2017\/09\/Calendar2-300x300.jpg 300w\" sizes=\"auto, (max-width: 360px) 100vw, 360px\" \/>Bien entendu, il n\u2019est pas n\u00e9cessaire de choisir des photos de la nature pour transformer un calendrier photo personnalis\u00e9 en chef-d\u2019\u0153uvre artistique. Si vous aimez la photographie urbaine ou abstraite et mitraillez tout ce que vous croisez sur votre chemin, groupez vos photos par th\u00e8me et associez chaque mois de l\u2019ann\u00e9e \u00e0 un th\u00e8me diff\u00e9rent\u00a0: chats, chaussures, maisons, objets insolites en rue, personnes dans des poses bizarres, etc.<\/p>\n<p>Si la photo n\u2019est pas votre point fort, mais que l\u2019id\u00e9e de r\u00e9aliser un calendrier artistique vous s\u00e9duit, jetez donc un \u0153il aux sites suivants, qui proposent de magnifiques clich\u00e9s\u00a0:<\/p>\n<ul style=\"margin: -17px 0 20px 0\">\n<li><a href=\"https:\/\/pixabay.com\/\" target=\"_blank\" rel=\"noopener\">pixabay.com<\/a><\/li>\n<li><a href=\"https:\/\/picjumbo.com\/\" target=\"_blank\" rel=\"noopener\">picjumbo.com<\/a><\/li>\n<li><a href=\"http:\/\/freestocks.org\/\" target=\"_blank\" rel=\"noopener\">freestocks.org<\/a><\/li>\n<li><a href=\"https:\/\/unsplash.com\/\" target=\"_blank\" rel=\"noopener\">unsplash.com<\/a><\/li>\n<li><a href=\"https:\/\/stocksnap.io\/\" target=\"_blank\" rel=\"noopener\">stocksnap.io<\/a><\/li>\n<\/ul>\n<p>Tenez toujours compte des droits d\u2019auteur qui peuvent s\u2019appliquer aux images que vous trouvez sur Internet. Les collections des sites ci-dessus sont libres de droits.<\/p>\n<div class=\"clear\" style=\"height:0px\"><\/div>\n<h2>2. Calendrier fa\u00e7on m\u00e9dias sociaux<\/h2>\n<p><a href=\"https:\/\/www.smartphoto.fr\/calendrier-photo\" target=\"_blank\" rel=\"noopener\"><img loading=\"lazy\" decoding=\"async\" class=\"alignnone wp-image-6667 size-full\" src=\"https:\/\/storage.googleapis.com\/smartphoto-express-production-wp-blogs-com\/10\/2017\/09\/Calendar3.jpg\" alt=\"calendrier personnalis\u00e9 avec photos\" width=\"720\" height=\"360\" srcset=\"https:\/\/storage.googleapis.com\/smartphoto-express-production-wp-blogs-com\/10\/2017\/09\/Calendar3.jpg 720w, https:\/\/storage.googleapis.com\/smartphoto-express-production-wp-blogs-com\/10\/2017\/09\/Calendar3-300x150.jpg 300w\" sizes=\"auto, (max-width: 720px) 100vw, 720px\" \/><\/a><\/p>\n<p style=\"text-align: center\"><a href=\"https:\/\/www.smartphoto.fr\/calendrier-photo\/calendrier-support-bois\">Calendrier photo avec support en bois &#8211; smartphoto<\/a><\/p>\n<p>Le calendrier m\u00e9dias sociaux s\u2019adresse tout particuli\u00e8rement aux accros des m\u00e9dias sociaux qui publient chaque jour des selfies enthousiastes, des photos de b\u00e9b\u00e9 rigolotes ou des clich\u00e9s de famille spontan\u00e9s sur Facebook ou Instagram\u00a0!<\/p>\n<p>V\u00e9rifiez quelles photos ont d\u00e9croch\u00e9 le plus de likes l\u2019an dernier, enregistrez-les dans un dossier s\u00e9par\u00e9 sur votre ordinateur et triez-les par mois. Compl\u00e9tez chaque mois du calendrier avec les photos publi\u00e9es l\u2019ann\u00e9e pr\u00e9c\u00e9dente au cours du m\u00eame mois.<\/p>\n<p>Les plus enthousiastes peuvent m\u00eame mentionner le nombre de likes pour chaque photo\u00a0! Pour ajouter du texte ou des illustrations \u00e0 une photo, suivez nos conseils ci-dessous.<\/p>\n<h2>3. Faites parler votre calendrier personnalis\u00e9 avec photos<\/h2>\n<h3>Laissez parler le philosophe qui se cache en vous<\/h3>\n<p><a href=\"https:\/\/www.smartphoto.fr\/calendrier-photo\" target=\"_blank\" rel=\"noopener\"><img loading=\"lazy\" decoding=\"async\" class=\"alignnone wp-image-6668 size-full\" src=\"https:\/\/storage.googleapis.com\/smartphoto-express-production-wp-blogs-com\/10\/2017\/09\/Calendar4.jpg\" alt=\"calendrier personnalis\u00e9 avec photos\" width=\"720\" height=\"360\" srcset=\"https:\/\/storage.googleapis.com\/smartphoto-express-production-wp-blogs-com\/10\/2017\/09\/Calendar4.jpg 720w, https:\/\/storage.googleapis.com\/smartphoto-express-production-wp-blogs-com\/10\/2017\/09\/Calendar4-300x150.jpg 300w\" sizes=\"auto, (max-width: 720px) 100vw, 720px\" \/><\/a><\/p>\n<p style=\"text-align: center\"><a href=\"https:\/\/www.smartphoto.fr\/calendrier-photo\/planning-annuel\">Planning annuel &#8211; smartphoto<\/a><\/p>\n<p>Si vous \u00eates plut\u00f4t du genre philosophe et que vous n\u2019avez pas envie de voir vos selfies en permanence, pensez \u00e0 int\u00e9grer des citations inspirantes dans votre calendrier. Consultez donc les sites suivants afin de t\u00e9l\u00e9charger des images libres de droits avec des citations ou des po\u00e8mes\u00a0:<\/p>\n<ul style=\"margin: -17px 0 20px 0\">\n<li><a href=\"https:\/\/pixabay.com\" target=\"_blank\" rel=\"noopener\">pixabay.com<\/a><\/li>\n<\/ul>\n<h3>Photos \u00e0 message<\/h3>\n<p>Une autre astuce tr\u00e8s sympa consiste \u00e0 ajouter un titre, un proverbe ou une citation inspirante \u00e0 vos propres photos. Vous pourrez laisser libre cours \u00e0 votre cr\u00e9ativit\u00e9 sur le site\u00a0:<\/p>\n<ul style=\"margin: -17px 0 20px 0\">\n<li><a href=\"http:\/\/www.befunky.com\/create\/\" target=\"_blank\" rel=\"noopener\">www.befunky.com<\/a><\/li>\n<\/ul>\n<p><a href=\"https:\/\/www.smartphoto.fr\/calendrier-photo\" target=\"_blank\" rel=\"noopener\"><img loading=\"lazy\" decoding=\"async\" class=\"alignnone wp-image-6652 size-full\" src=\"https:\/\/storage.googleapis.com\/smartphoto-express-production-wp-blogs-com\/10\/2017\/09\/befunky_screenshot.jpg\" alt=\"calendrier personnalis\u00e9 avec photos\" width=\"720\" height=\"360\" srcset=\"https:\/\/storage.googleapis.com\/smartphoto-express-production-wp-blogs-com\/10\/2017\/09\/befunky_screenshot.jpg 720w, https:\/\/storage.googleapis.com\/smartphoto-express-production-wp-blogs-com\/10\/2017\/09\/befunky_screenshot-300x150.jpg 300w\" sizes=\"auto, (max-width: 720px) 100vw, 720px\" \/><\/a><\/p>\n<p>\u00c9crivez quelques phrases amusantes dans un phylact\u00e8re ou associez diff\u00e9rentes tailles et polices de caract\u00e8re pour y ajouter une touche de modernit\u00e9. Voici quelques exemples\u00a0:<\/p>\n<p><a href=\"https:\/\/www.smartphoto.fr\/calendrier-photo\"><img loading=\"lazy\" decoding=\"async\" class=\"col-2 col-2-1 alignnone wp-image-6653 size-full\" src=\"https:\/\/storage.googleapis.com\/smartphoto-express-production-wp-blogs-com\/10\/2017\/09\/befunky1.jpg\" alt=\"calendrier personnalis\u00e9 avec photos\" width=\"360\" height=\"360\" srcset=\"https:\/\/storage.googleapis.com\/smartphoto-express-production-wp-blogs-com\/10\/2017\/09\/befunky1.jpg 360w, https:\/\/storage.googleapis.com\/smartphoto-express-production-wp-blogs-com\/10\/2017\/09\/befunky1-150x150.jpg 150w, https:\/\/storage.googleapis.com\/smartphoto-express-production-wp-blogs-com\/10\/2017\/09\/befunky1-300x300.jpg 300w\" sizes=\"auto, (max-width: 360px) 100vw, 360px\" \/><\/a><img loading=\"lazy\" decoding=\"async\" class=\"col-2 col-2-2 alignnone wp-image-6654 size-full\" src=\"https:\/\/storage.googleapis.com\/smartphoto-express-production-wp-blogs-com\/10\/2017\/09\/befunky2.jpg\" alt=\"calendrier personnalis\u00e9 avec photos\" width=\"360\" height=\"360\" srcset=\"https:\/\/storage.googleapis.com\/smartphoto-express-production-wp-blogs-com\/10\/2017\/09\/befunky2.jpg 360w, https:\/\/storage.googleapis.com\/smartphoto-express-production-wp-blogs-com\/10\/2017\/09\/befunky2-150x150.jpg 150w, https:\/\/storage.googleapis.com\/smartphoto-express-production-wp-blogs-com\/10\/2017\/09\/befunky2-300x300.jpg 300w\" sizes=\"auto, (max-width: 360px) 100vw, 360px\" \/><\/p>\n<h3>Calendrier photo personnalis\u00e9 \u00e0 offrir<\/h3>\n<p>Si vous offrez des calendriers photos personnalis\u00e9s \u00e0 toute la famille, ins\u00e9rez donc des messages pour papy, mamie, parrain, marraine, etc. En d\u00e9cembre, pensez par exemple \u00e0 ajouter un petit clin d\u2019\u0153il\u00a0: \u00ab\u00a0Cher parrain, n\u2019oublie pas\u00a0: au nouvel an, \u00e9trennes aux enfants\u00a0!\u00a0\u00bb Chaque mois, vous leur apporterez le sourire lorsqu\u2019ils tourneront la page. \ud83d\ude09<\/p>\n<h2>4. Calendrier anniversaire<\/h2>\n<p><img loading=\"lazy\" decoding=\"async\" class=\"size-full wp-image-6661 alignleft\" src=\"https:\/\/storage.googleapis.com\/smartphoto-express-production-wp-blogs-com\/10\/2017\/09\/Calendar5.jpg\" alt=\"\" width=\"360\" height=\"360\" srcset=\"https:\/\/storage.googleapis.com\/smartphoto-express-production-wp-blogs-com\/10\/2017\/09\/Calendar5.jpg 360w, https:\/\/storage.googleapis.com\/smartphoto-express-production-wp-blogs-com\/10\/2017\/09\/Calendar5-150x150.jpg 150w, https:\/\/storage.googleapis.com\/smartphoto-express-production-wp-blogs-com\/10\/2017\/09\/Calendar5-300x300.jpg 300w\" sizes=\"auto, (max-width: 360px) 100vw, 360px\" \/>Le <a href=\"https:\/\/www.smartphoto.fr\/calendrier-photo\/calendrier-anniversaire\">calendrier anniversaire<\/a> est un calendrier perp\u00e9tuel qui s\u2019utilise pendant d&rsquo;ann\u00e9e en ann\u00e9e. Raison de plus pour cr\u00e9er un joli calendrier. Chaque mois, ins\u00e9rez les photos de vos proches qui f\u00eatent leur anniversaire. En prime (et en guise d\u2019aide-m\u00e9moire), le site ci-dessus <a href=\"http:\/\/www.befunky.com\" target=\"_blank\" rel=\"noopener\">www.befunky.com<\/a> vous permet aussi de noter la date de leur anniversaire sur leur photo.<\/p>\n<div class=\"clear\" style=\"height:0px\"><\/div>\n<h2>5. Au travail<\/h2>\n<h3>Calendrier tapis de souris<\/h3>\n<p><a href=\"https:\/\/www.smartphoto.fr\/calendrier-photo\/tapis-souris-calendrier\" target=\"_blank\" rel=\"noopener\"><img loading=\"lazy\" decoding=\"async\" class=\"alignnone wp-image-6655 size-full\" src=\"https:\/\/storage.googleapis.com\/smartphoto-express-production-wp-blogs-com\/10\/2017\/09\/Calendar7.jpg\" alt=\"calendrier personnalis\u00e9 avec photos\" width=\"720\" height=\"360\" srcset=\"https:\/\/storage.googleapis.com\/smartphoto-express-production-wp-blogs-com\/10\/2017\/09\/Calendar7.jpg 720w, https:\/\/storage.googleapis.com\/smartphoto-express-production-wp-blogs-com\/10\/2017\/09\/Calendar7-300x150.jpg 300w\" sizes=\"auto, (max-width: 720px) 100vw, 720px\" \/><\/a><\/p>\n<p>Chaque jour, un calendrier vous apporte de la bonne humeur o\u00f9 que vous vous trouviez\u00a0: dans votre cuisine, mais aussi au bureau. D\u00e8s lors, smartphoto vous propose depuis peu un<a href=\"https:\/\/www.smartphoto.fr\/calendrier-photo\/tapis-souris-calendrier\"> calendrier tapis de souris<\/a>, afin de garder non seulement la date, mais aussi vos plus beaux souvenirs litt\u00e9ralement\u00a0<em>sous la main<\/em>. D\u00e9corez-le avec les grimaces de vos enfants pour relativiser les courriels grincheux ou avec un magnifique paysage de voyage afin d\u2019oublier votre stress.\u00a0Les accros \u00e0 leur ordinateur profiteront ainsi tous les jours de leur calendrier personnalis\u00e9 avec photos.<\/p>\n<h3>Calendrier de bureau<\/h3>\n<p><a href=\"https:\/\/www.smartphoto.fr\/calendrier-photo\/calendrier-de-bureau\" target=\"_blank\" rel=\"noopener\"><img loading=\"lazy\" decoding=\"async\" class=\"alignnone wp-image-6656 size-full\" src=\"https:\/\/storage.googleapis.com\/smartphoto-express-production-wp-blogs-com\/10\/2017\/09\/Calendar8.jpg\" alt=\"calendrier personnalis\u00e9 avec photos\" width=\"720\" height=\"360\" srcset=\"https:\/\/storage.googleapis.com\/smartphoto-express-production-wp-blogs-com\/10\/2017\/09\/Calendar8.jpg 720w, https:\/\/storage.googleapis.com\/smartphoto-express-production-wp-blogs-com\/10\/2017\/09\/Calendar8-300x150.jpg 300w\" sizes=\"auto, (max-width: 720px) 100vw, 720px\" \/><\/a><\/p>\n<p>Bien entendu, pour r\u00e9duire le stress au travail, rien de tel que le <a href=\"https:\/\/www.smartphoto.fr\/calendrier-photo\/calendrier-de-bureau\">calendrier de bureau<\/a>. Il est disponible dans deux formats\u00a0: le petit calendrier pour les bureaux d\u00e9sordonn\u00e9s et tr\u00e8s encombr\u00e9s et le grand calendrier pour les espaces bien rang\u00e9s. \ud83d\ude42<\/p>\n<h2>6. L\u2019agenda photo des meilleurs amis<\/h2>\n<p><a href=\"https:\/\/www.smartphoto.fr\/calendrier-photo\" target=\"_blank\" rel=\"noopener\"><img loading=\"lazy\" decoding=\"async\" class=\"alignnone wp-image-6657 size-full\" src=\"https:\/\/storage.googleapis.com\/smartphoto-express-production-wp-blogs-com\/10\/2017\/09\/Calendar9.jpg\" alt=\"calendrier personnalis\u00e9 avec photos\" width=\"720\" height=\"360\" srcset=\"https:\/\/storage.googleapis.com\/smartphoto-express-production-wp-blogs-com\/10\/2017\/09\/Calendar9.jpg 720w, https:\/\/storage.googleapis.com\/smartphoto-express-production-wp-blogs-com\/10\/2017\/09\/Calendar9-300x150.jpg 300w\" sizes=\"auto, (max-width: 720px) 100vw, 720px\" \/><\/a><\/p>\n<p style=\"text-align: center\"><a href=\"https:\/\/www.smartphoto.fr\/calendrier-photo\/agenda-simili-cuir\">Agenda couverture simili cuir &#8211; smartphoto<\/a><\/p>\n<p>Les astuces ci-dessus conviennent aussi aux agendas photos. Cr\u00e9ez le v\u00f4tre et commandez-le en deux exemplaires\u00a0: un pour vous et un pour votre meilleur(e) ami(e). Ainsi, vous partagerez vos plus beaux souvenirs tout au long de l\u2019ann\u00e9e. D\u00e9sormais, smartphoto propose \u00e9galement des agendas avec couverture en couleur dans son assortiment (vert bleut\u00e9, rose ou noir), afin d\u2019\u00e9gayer encore plus le cadeau de votre meilleur(e) ami(e). L&rsquo;agenda est une chouette alternative au calendrier personnalis\u00e9 avec photos, en plus, il rentre dans un sac \u00e0 main !<\/p>\n<h2>7. Lettres d\u2019enfant<\/h2>\n<p><img loading=\"lazy\" decoding=\"async\" class=\"col-2 col-2-1 alignnone wp-image-6692 size-full\" src=\"https:\/\/storage.googleapis.com\/smartphoto-express-production-wp-blogs-com\/10\/2017\/10\/Calendar12.jpg\" width=\"360\" height=\"360\" srcset=\"https:\/\/storage.googleapis.com\/smartphoto-express-production-wp-blogs-com\/10\/2017\/10\/Calendar12.jpg 360w, https:\/\/storage.googleapis.com\/smartphoto-express-production-wp-blogs-com\/10\/2017\/10\/Calendar12-150x150.jpg 150w, https:\/\/storage.googleapis.com\/smartphoto-express-production-wp-blogs-com\/10\/2017\/10\/Calendar12-300x300.jpg 300w\" sizes=\"auto, (max-width: 360px) 100vw, 360px\" \/><a href=\"https:\/\/www.smartphoto.fr\/calendrier-photo\" target=\"_blank\" rel=\"noopener\"><img loading=\"lazy\" decoding=\"async\" class=\"col-2 col-2-1 alignnone wp-image-6691 size-full\" src=\"https:\/\/storage.googleapis.com\/smartphoto-express-production-wp-blogs-com\/10\/2017\/10\/Calendar13.jpg\" alt=\"calendrier personnalis\u00e9 avec photos\" width=\"360\" height=\"360\" srcset=\"https:\/\/storage.googleapis.com\/smartphoto-express-production-wp-blogs-com\/10\/2017\/10\/Calendar13.jpg 360w, https:\/\/storage.googleapis.com\/smartphoto-express-production-wp-blogs-com\/10\/2017\/10\/Calendar13-150x150.jpg 150w, https:\/\/storage.googleapis.com\/smartphoto-express-production-wp-blogs-com\/10\/2017\/10\/Calendar13-300x300.jpg 300w\" sizes=\"auto, (max-width: 360px) 100vw, 360px\" \/><\/a><\/p>\n<p>Voici une belle id\u00e9e <strong>\u00e0 utiliser en classe<\/strong>\u00a0: cr\u00e9ez un calendrier photo \u00e0 partir de photos d\u2019\u00e9l\u00e8ves formant la premi\u00e8re lettre de chaque mois. Les instituteurs les plus ambitieux peuvent m\u00eame \u00e9crire le nom du mois en entier. \ud83d\ude42 Un bon exercice pour apprendre les lettres et les mois aux enfants et une activit\u00e9 qui resserrera \u00e0 coup s\u00fbr les liens de la classe.<\/p>\n<p>Bien entendu, vous pouvez aussi r\u00e9aliser ce calendrier personnalis\u00e9 avec photos \u00e0 la maison avec vos enfants et associer des photos de vacances avec des dessins num\u00e9ris\u00e9s.<\/p>\n<h2>8. Conseils et astuces<\/h2>\n<ul>\n<li>La plupart des calendriers photos personnalis\u00e9s de smartphoto permettent de choisir une <strong>mise en pages diff\u00e9rente<\/strong> pour chaque mois dans la colonne de gauche. Faites glisser le mod\u00e8le de votre choix sur votre calendrier. C\u2019est fait\u00a0!<\/li>\n<\/ul>\n<p><img loading=\"lazy\" decoding=\"async\" class=\"aligncenter wp-image-6664 size-full\" src=\"https:\/\/storage.googleapis.com\/smartphoto-express-production-wp-blogs-com\/10\/2017\/09\/screenshot_lay_out2.jpg\" alt=\"calendrier personnalis\u00e9 avec photos\" width=\"500\" height=\"360\" srcset=\"https:\/\/storage.googleapis.com\/smartphoto-express-production-wp-blogs-com\/10\/2017\/09\/screenshot_lay_out2.jpg 500w, https:\/\/storage.googleapis.com\/smartphoto-express-production-wp-blogs-com\/10\/2017\/09\/screenshot_lay_out2-300x216.jpg 300w\" sizes=\"auto, (max-width: 500px) 100vw, 500px\" \/><\/p>\n<ul>\n<li>Pour chaque mois, choisissez les <strong>photos prises durant la m\u00eame p\u00e9riode<\/strong>. Vous \u00e9viterez ainsi les photos de plage en plein mois de d\u00e9cembre et les f\u00eates de No\u00ebl en ao\u00fbt.<\/li>\n<li>Assurez-vous que la<strong> r\u00e9solution de votre photo<\/strong> est suffisamment \u00e9lev\u00e9e. Smartphoto affiche automatiquement la r\u00e9solution lors de la cr\u00e9ation de votre produit. Un triangle blanc contenant un point d\u2019exclamation indique que votre photo ne sera pas nette\u00a0:<\/li>\n<\/ul>\n<p><img loading=\"lazy\" decoding=\"async\" class=\"aligncenter wp-image-6663 size-full\" src=\"https:\/\/storage.googleapis.com\/smartphoto-express-production-wp-blogs-com\/10\/2017\/09\/screenshot_format2.jpg\" alt=\"calendrier personnalis\u00e9 avec photos\" width=\"500\" height=\"360\" srcset=\"https:\/\/storage.googleapis.com\/smartphoto-express-production-wp-blogs-com\/10\/2017\/09\/screenshot_format2.jpg 500w, https:\/\/storage.googleapis.com\/smartphoto-express-production-wp-blogs-com\/10\/2017\/09\/screenshot_format2-300x216.jpg 300w\" sizes=\"auto, (max-width: 500px) 100vw, 500px\" \/><\/p>\n<ul>\n<li><strong>Agenda photo<\/strong>\u00a0: dans le nouveau design cartonn\u00e9 (voir photo), les champs r\u00e9serv\u00e9s aux photos dissimulent des espaces pour prendre des notes. Si vous n\u2019y placez pas de photos, vous aurez d\u2019autant plus de place pour griffonner vos id\u00e9es.<\/li>\n<\/ul>\n<p><img loading=\"lazy\" decoding=\"async\" class=\"aligncenter wp-image-6662 size-full\" src=\"https:\/\/storage.googleapis.com\/smartphoto-express-production-wp-blogs-com\/10\/2017\/09\/Calendar10.jpg\" alt=\"calendrier personnalis\u00e9 avec photos\" width=\"500\" height=\"360\" srcset=\"https:\/\/storage.googleapis.com\/smartphoto-express-production-wp-blogs-com\/10\/2017\/09\/Calendar10.jpg 500w, https:\/\/storage.googleapis.com\/smartphoto-express-production-wp-blogs-com\/10\/2017\/09\/Calendar10-300x216.jpg 300w\" sizes=\"auto, (max-width: 500px) 100vw, 500px\" \/><\/p>\n<p>&nbsp;<\/p>\n<h3>Vous avez une autre id\u00e9e de th\u00e8me pour un calendrier personnalis\u00e9 avec photos ?<\/h3>\n<p>Partagez-les dans les commentaires ci-dessous ou\u00a0sur\u00a0<a href=\"https:\/\/www.facebook.com\/smartphoto.be\">Facebook<\/a>,\u00a0<a href=\"https:\/\/twitter.com\/smartphoto_be\" target=\"_blank\" rel=\"noopener\">Twitter<\/a>,\u00a0<a href=\"http:\/\/instagram.com\/smartphotobe\" target=\"_blank\" rel=\"noopener\">Instagram<\/a>, ou\u00a0<a href=\"http:\/\/www.pinterest.com\/smartphotobe\/\" target=\"_blank\" rel=\"noopener\">Pinterest<\/a>\u00a0avec le hashtag #smartphoto.<\/p>\n<p>&nbsp;<\/p>\n<p><a href=\"https:\/\/www.smartphoto.fr\/calendrier-photo\"><img loading=\"lazy\" decoding=\"async\" class=\"alignleft wp-image-5250 size-full\" src=\"https:\/\/storage.googleapis.com\/smartphoto-express-production-wp-blogs-com\/10\/2015\/09\/calendrier-personnalis\u00e9-2016-cta-fr.jpg\" alt=\"\" width=\"700\" height=\"250\" srcset=\"https:\/\/storage.googleapis.com\/smartphoto-express-production-wp-blogs-com\/10\/2015\/09\/calendrier-personnalis\u00e9-2016-cta-fr.jpg 700w, https:\/\/storage.googleapis.com\/smartphoto-express-production-wp-blogs-com\/10\/2015\/09\/calendrier-personnalis\u00e9-2016-cta-fr-300x107.jpg 300w\" sizes=\"auto, (max-width: 700px) 100vw, 700px\" \/><\/a><\/p>\n","protected":false},"excerpt":{"rendered":"<p>L\u2019automne a envahi le pays. La chute des feuilles annonce l\u2019arriv\u00e9e d\u2019une nouvelle ann\u00e9e qui, tradition oblige, va de pair avec un nouveau calendrier photo personnalis\u00e9 et un nouvel agenda photo. Calendrier personnalis\u00e9 avec photos Vous saviez sans doute d\u00e9j\u00e0 que smartphoto vous propose de r\u00e9aliser votre calendrier ou agenda personnalis\u00e9. Mais si vous souhaitez \u00e9pater vos proches et vos amis avec votre calendrier\u00a02018, suivez ces quelques conseils et cr\u00e9ez une \u0153uvre d\u2019art originale gr\u00e2ce \u00e0 ces id\u00e9es de calendrier th\u00e9matique\u00a0! 1. Calendrier onirique Calendrier nature Vous ressentez une irr\u00e9sistible envie d\u2019immortaliser la sc\u00e8ne \u00e0 la vue d\u2019un coucher de<\/p>\n","protected":false},"author":1,"featured_media":6667,"comment_status":"open","ping_status":"open","sticky":false,"template":"","format":"standard","meta":{"om_disable_all_campaigns":false,"_monsterinsights_skip_tracking":false,"_monsterinsights_sitenote_active":false,"_monsterinsights_sitenote_note":"","_monsterinsights_sitenote_category":0,"footnotes":""},"categories":[81,16,5],"tags":[],"class_list":["post-6640","post","type-post","status-publish","format-standard","has-post-thumbnail","hentry","category-ecole","category-idees","category-trucs-et-astuces"],"yoast_head":"<!-- This site is optimized with the Yoast SEO plugin v23.8 - https:\/\/yoast.com\/wordpress\/plugins\/seo\/ -->\n<title>Calendrier personnalis\u00e9 avec photos : th\u00e8mes, conseils et astuces<\/title>\n<meta name=\"description\" content=\"C&#039;est le moment de r\u00e9aliser votre calendrier personnalis\u00e9 avec photos. D\u00e9couvrez nos id\u00e9es cr\u00e9atives pour un calendrier unique : th\u00e8mes, conseils et astuces\" \/>\n<meta name=\"robots\" content=\"index, follow, max-snippet:-1, max-image-preview:large, max-video-preview:-1\" \/>\n<link rel=\"canonical\" href=\"https:\/\/www.smartphoto.fr\/inspiration\/calendrier-personnalise-avec-photos\" \/>\n<meta property=\"og:locale\" content=\"fr_FR\" \/>\n<meta property=\"og:type\" content=\"article\" \/>\n<meta property=\"og:title\" content=\"Calendrier personnalis\u00e9 avec photos : th\u00e8mes, conseils et astuces\" \/>\n<meta property=\"og:description\" content=\"C&#039;est le moment de r\u00e9aliser votre calendrier personnalis\u00e9 avec photos. D\u00e9couvrez nos id\u00e9es cr\u00e9atives pour un calendrier unique : th\u00e8mes, conseils et astuces\" \/>\n<meta property=\"og:url\" content=\"\/inspiration\/calendrier-personnalise-avec-photos\" \/>\n<meta property=\"og:site_name\" content=\"smartphoto FR\" \/>\n<meta property=\"article:publisher\" content=\"https:\/\/www.facebook.com\/smartphoto.fr\" \/>\n<meta property=\"article:published_time\" content=\"2017-10-13T13:05:04+00:00\" \/>\n<meta property=\"article:modified_time\" content=\"2018-08-23T16:37:00+00:00\" \/>\n<meta property=\"og:image\" content=\"https:\/\/storage.googleapis.com\/smartphoto-express-production-wp-blogs-com\/10\/2017\/09\/Calendar3.jpg\" \/>\n\t<meta property=\"og:image:width\" content=\"720\" \/>\n\t<meta property=\"og:image:height\" content=\"360\" \/>\n\t<meta property=\"og:image:type\" content=\"image\/jpeg\" \/>\n<meta name=\"author\" content=\"admin\" \/>\n<meta name=\"twitter:card\" content=\"summary_large_image\" \/>\n<meta name=\"twitter:creator\" content=\"@smartphoto_fr\" \/>\n<meta name=\"twitter:site\" content=\"@smartphoto_fr\" \/>\n<meta name=\"twitter:label1\" content=\"Written by\" \/>\n\t<meta name=\"twitter:data1\" content=\"admin\" \/>\n\t<meta name=\"twitter:label2\" content=\"Est. reading time\" \/>\n\t<meta name=\"twitter:data2\" content=\"6 minutes\" \/>\n<script type=\"application\/ld+json\" class=\"yoast-schema-graph\">{\"@context\":\"https:\/\/schema.org\",\"@graph\":[{\"@type\":\"WebPage\",\"@id\":\"\/inspiration\/calendrier-personnalise-avec-photos\",\"url\":\"https:\/\/www.smartphoto.fr\/inspiration\/calendrier-personnalise-avec-photos\",\"name\":\"Calendrier personnalis\u00e9 avec photos : th\u00e8mes, conseils et astuces\",\"isPartOf\":{\"@id\":\"https:\/\/www.smartphoto.fr\/inspiration\/#website\"},\"primaryImageOfPage\":{\"@id\":\"https:\/\/www.smartphoto.fr\/inspiration\/calendrier-personnalise-avec-photos#primaryimage\"},\"image\":{\"@id\":\"https:\/\/www.smartphoto.fr\/inspiration\/calendrier-personnalise-avec-photos#primaryimage\"},\"thumbnailUrl\":\"https:\/\/storage.googleapis.com\/smartphoto-express-production-wp-blogs-com\/10\/2017\/09\/Calendar3.jpg\",\"datePublished\":\"2017-10-13T13:05:04+00:00\",\"dateModified\":\"2018-08-23T16:37:00+00:00\",\"author\":{\"@id\":\"https:\/\/www.smartphoto.fr\/inspiration\/#\/schema\/person\/c256b3f50ae468ee69f4b486108c797b\"},\"description\":\"C'est le moment de r\u00e9aliser votre calendrier personnalis\u00e9 avec photos. D\u00e9couvrez nos id\u00e9es cr\u00e9atives pour un calendrier unique : th\u00e8mes, conseils et astuces\",\"breadcrumb\":{\"@id\":\"https:\/\/www.smartphoto.fr\/inspiration\/calendrier-personnalise-avec-photos#breadcrumb\"},\"inLanguage\":\"fr-FR\",\"potentialAction\":[{\"@type\":\"ReadAction\",\"target\":[\"https:\/\/www.smartphoto.fr\/inspiration\/calendrier-personnalise-avec-photos\"]}]},{\"@type\":\"ImageObject\",\"inLanguage\":\"fr-FR\",\"@id\":\"https:\/\/www.smartphoto.fr\/inspiration\/calendrier-personnalise-avec-photos#primaryimage\",\"url\":\"https:\/\/storage.googleapis.com\/smartphoto-express-production-wp-blogs-com\/10\/2017\/09\/Calendar3.jpg\",\"contentUrl\":\"https:\/\/storage.googleapis.com\/smartphoto-express-production-wp-blogs-com\/10\/2017\/09\/Calendar3.jpg\",\"width\":720,\"height\":360},{\"@type\":\"BreadcrumbList\",\"@id\":\"https:\/\/www.smartphoto.fr\/inspiration\/calendrier-personnalise-avec-photos#breadcrumb\",\"itemListElement\":[{\"@type\":\"ListItem\",\"position\":1,\"name\":\"Home\",\"item\":\"https:\/\/www.smartphoto.fr\/inspiration\/\"},{\"@type\":\"ListItem\",\"position\":2,\"name\":\"Calendrier personnalis\u00e9\u00a0avec photos\u00a0: cr\u00e9ez une \u0153uvre d\u2019art avec vos souvenirs\u00a0!\"}]},{\"@type\":\"WebSite\",\"@id\":\"https:\/\/www.smartphoto.fr\/inspiration\/#website\",\"url\":\"https:\/\/www.smartphoto.fr\/inspiration\/\",\"name\":\"smartphoto FR\",\"description\":\"Le blog de smartphoto France.\",\"potentialAction\":[{\"@type\":\"SearchAction\",\"target\":{\"@type\":\"EntryPoint\",\"urlTemplate\":\"https:\/\/www.smartphoto.fr\/inspiration\/?s={search_term_string}\"},\"query-input\":{\"@type\":\"PropertyValueSpecification\",\"valueRequired\":true,\"valueName\":\"search_term_string\"}}],\"inLanguage\":\"fr-FR\"},{\"@type\":\"Person\",\"@id\":\"https:\/\/www.smartphoto.fr\/inspiration\/#\/schema\/person\/c256b3f50ae468ee69f4b486108c797b\",\"name\":\"admin\",\"image\":{\"@type\":\"ImageObject\",\"inLanguage\":\"fr-FR\",\"@id\":\"https:\/\/www.smartphoto.fr\/inspiration\/#\/schema\/person\/image\/\",\"url\":\"https:\/\/secure.gravatar.com\/avatar\/8f9488249a21b1f2cc85dc7982dc95c4?s=96&d=mm&r=g\",\"contentUrl\":\"https:\/\/secure.gravatar.com\/avatar\/8f9488249a21b1f2cc85dc7982dc95c4?s=96&d=mm&r=g\",\"caption\":\"admin\"},\"url\":\"https:\/\/www.smartphoto.fr\/inspiration\/author\/admin\"}]}<\/script>\n<!-- \/ Yoast SEO plugin. -->","yoast_head_json":{"title":"Calendrier personnalis\u00e9 avec photos : th\u00e8mes, conseils et astuces","description":"C'est le moment de r\u00e9aliser votre calendrier personnalis\u00e9 avec photos. D\u00e9couvrez nos id\u00e9es cr\u00e9atives pour un calendrier unique : th\u00e8mes, conseils et astuces","robots":{"index":"index","follow":"follow","max-snippet":"max-snippet:-1","max-image-preview":"max-image-preview:large","max-video-preview":"max-video-preview:-1"},"canonical":"https:\/\/www.smartphoto.fr\/inspiration\/calendrier-personnalise-avec-photos","og_locale":"fr_FR","og_type":"article","og_title":"Calendrier personnalis\u00e9 avec photos : th\u00e8mes, conseils et astuces","og_description":"C'est le moment de r\u00e9aliser votre calendrier personnalis\u00e9 avec photos. D\u00e9couvrez nos id\u00e9es cr\u00e9atives pour un calendrier unique : th\u00e8mes, conseils et astuces","og_url":"\/inspiration\/calendrier-personnalise-avec-photos","og_site_name":"smartphoto FR","article_publisher":"https:\/\/www.facebook.com\/smartphoto.fr","article_published_time":"2017-10-13T13:05:04+00:00","article_modified_time":"2018-08-23T16:37:00+00:00","og_image":[{"width":720,"height":360,"url":"https:\/\/storage.googleapis.com\/smartphoto-express-production-wp-blogs-com\/10\/2017\/09\/Calendar3.jpg","type":"image\/jpeg"}],"author":"admin","twitter_card":"summary_large_image","twitter_creator":"@smartphoto_fr","twitter_site":"@smartphoto_fr","twitter_misc":{"Written by":"admin","Est. reading time":"6 minutes"},"schema":{"@context":"https:\/\/schema.org","@graph":[{"@type":"WebPage","@id":"\/inspiration\/calendrier-personnalise-avec-photos","url":"https:\/\/www.smartphoto.fr\/inspiration\/calendrier-personnalise-avec-photos","name":"Calendrier personnalis\u00e9 avec photos : th\u00e8mes, conseils et astuces","isPartOf":{"@id":"https:\/\/www.smartphoto.fr\/inspiration\/#website"},"primaryImageOfPage":{"@id":"https:\/\/www.smartphoto.fr\/inspiration\/calendrier-personnalise-avec-photos#primaryimage"},"image":{"@id":"https:\/\/www.smartphoto.fr\/inspiration\/calendrier-personnalise-avec-photos#primaryimage"},"thumbnailUrl":"https:\/\/storage.googleapis.com\/smartphoto-express-production-wp-blogs-com\/10\/2017\/09\/Calendar3.jpg","datePublished":"2017-10-13T13:05:04+00:00","dateModified":"2018-08-23T16:37:00+00:00","author":{"@id":"https:\/\/www.smartphoto.fr\/inspiration\/#\/schema\/person\/c256b3f50ae468ee69f4b486108c797b"},"description":"C'est le moment de r\u00e9aliser votre calendrier personnalis\u00e9 avec photos. D\u00e9couvrez nos id\u00e9es cr\u00e9atives pour un calendrier unique : th\u00e8mes, conseils et astuces","breadcrumb":{"@id":"https:\/\/www.smartphoto.fr\/inspiration\/calendrier-personnalise-avec-photos#breadcrumb"},"inLanguage":"fr-FR","potentialAction":[{"@type":"ReadAction","target":["https:\/\/www.smartphoto.fr\/inspiration\/calendrier-personnalise-avec-photos"]}]},{"@type":"ImageObject","inLanguage":"fr-FR","@id":"https:\/\/www.smartphoto.fr\/inspiration\/calendrier-personnalise-avec-photos#primaryimage","url":"https:\/\/storage.googleapis.com\/smartphoto-express-production-wp-blogs-com\/10\/2017\/09\/Calendar3.jpg","contentUrl":"https:\/\/storage.googleapis.com\/smartphoto-express-production-wp-blogs-com\/10\/2017\/09\/Calendar3.jpg","width":720,"height":360},{"@type":"BreadcrumbList","@id":"https:\/\/www.smartphoto.fr\/inspiration\/calendrier-personnalise-avec-photos#breadcrumb","itemListElement":[{"@type":"ListItem","position":1,"name":"Home","item":"https:\/\/www.smartphoto.fr\/inspiration\/"},{"@type":"ListItem","position":2,"name":"Calendrier personnalis\u00e9\u00a0avec photos\u00a0: cr\u00e9ez une \u0153uvre d\u2019art avec vos souvenirs\u00a0!"}]},{"@type":"WebSite","@id":"https:\/\/www.smartphoto.fr\/inspiration\/#website","url":"https:\/\/www.smartphoto.fr\/inspiration\/","name":"smartphoto FR","description":"Le blog de smartphoto France.","potentialAction":[{"@type":"SearchAction","target":{"@type":"EntryPoint","urlTemplate":"https:\/\/www.smartphoto.fr\/inspiration\/?s={search_term_string}"},"query-input":{"@type":"PropertyValueSpecification","valueRequired":true,"valueName":"search_term_string"}}],"inLanguage":"fr-FR"},{"@type":"Person","@id":"https:\/\/www.smartphoto.fr\/inspiration\/#\/schema\/person\/c256b3f50ae468ee69f4b486108c797b","name":"admin","image":{"@type":"ImageObject","inLanguage":"fr-FR","@id":"https:\/\/www.smartphoto.fr\/inspiration\/#\/schema\/person\/image\/","url":"https:\/\/secure.gravatar.com\/avatar\/8f9488249a21b1f2cc85dc7982dc95c4?s=96&d=mm&r=g","contentUrl":"https:\/\/secure.gravatar.com\/avatar\/8f9488249a21b1f2cc85dc7982dc95c4?s=96&d=mm&r=g","caption":"admin"},"url":"https:\/\/www.smartphoto.fr\/inspiration\/author\/admin"}]}},"_links":{"self":[{"href":"https:\/\/www.smartphoto.fr\/inspiration\/wp-json\/wp\/v2\/posts\/6640","targetHints":{"allow":["GET"]}}],"collection":[{"href":"https:\/\/www.smartphoto.fr\/inspiration\/wp-json\/wp\/v2\/posts"}],"about":[{"href":"https:\/\/www.smartphoto.fr\/inspiration\/wp-json\/wp\/v2\/types\/post"}],"author":[{"embeddable":true,"href":"https:\/\/www.smartphoto.fr\/inspiration\/wp-json\/wp\/v2\/users\/1"}],"replies":[{"embeddable":true,"href":"https:\/\/www.smartphoto.fr\/inspiration\/wp-json\/wp\/v2\/comments?post=6640"}],"version-history":[{"count":12,"href":"https:\/\/www.smartphoto.fr\/inspiration\/wp-json\/wp\/v2\/posts\/6640\/revisions"}],"predecessor-version":[{"id":7954,"href":"https:\/\/www.smartphoto.fr\/inspiration\/wp-json\/wp\/v2\/posts\/6640\/revisions\/7954"}],"wp:featuredmedia":[{"embeddable":true,"href":"https:\/\/www.smartphoto.fr\/inspiration\/wp-json\/wp\/v2\/media\/6667"}],"wp:attachment":[{"href":"https:\/\/www.smartphoto.fr\/inspiration\/wp-json\/wp\/v2\/media?parent=6640"}],"wp:term":[{"taxonomy":"category","embeddable":true,"href":"https:\/\/www.smartphoto.fr\/inspiration\/wp-json\/wp\/v2\/categories?post=6640"},{"taxonomy":"post_tag","embeddable":true,"href":"https:\/\/www.smartphoto.fr\/inspiration\/wp-json\/wp\/v2\/tags?post=6640"}],"curies":[{"name":"wp","href":"https:\/\/api.w.org\/{rel}","templated":true}]}}