{"id":6400,"date":"2018-09-18T12:34:07","date_gmt":"2018-09-18T10:34:07","guid":{"rendered":"\/inspiration\/?p=6400"},"modified":"2022-03-08T15:23:18","modified_gmt":"2022-03-08T14:23:18","slug":"journee-mondiale-des-animaux","status":"publish","type":"post","link":"https:\/\/www.smartphoto.fr\/inspiration\/journee-mondiale-des-animaux","title":{"rendered":"Chouchoutez votre animal de compagnie pour la Journ\u00e9e mondiale des animaux !"},"content":{"rendered":"<p>Un animal de compagnie a ravi votre c\u0153ur ? Cet article est fait pour vous ! \u00c0 l\u2019occasion de la Journ\u00e9e mondiale des animaux (le 4 octobre) \u2013 mais aussi, pourquoi pas, pour l\u2019anniversaire de votre chien, de votre chat, de votre lapin, de votre cheval ou de votre hamster \u2013 voici quelques id\u00e9es amusantes pour lui donner une place dans votre int\u00e9rieur \u00e0 la mesure de celle qu\u2019il occupe dans votre c\u0153ur.<\/p>\n<h2>Un mot de bienvenue sur votre paillasson photo<\/h2>\n<p><a href=\"https:\/\/www.smartphoto.fr\/cadeaux-photo\/paillasson-photo\" target=\"_blank\" rel=\"noopener noreferrer\"><img loading=\"lazy\" decoding=\"async\" class=\"alignnone wp-image-6502 size-full\" title=\"journ\u00e9e mondiale des animaux\" src=\"https:\/\/storage.googleapis.com\/smartphoto-express-production-wp-blogs-com\/10\/2017\/09\/Animals16.jpg\" alt=\"journ\u00e9e mondiale des animaux\" width=\"720\" height=\"360\" srcset=\"https:\/\/storage.googleapis.com\/smartphoto-express-production-wp-blogs-com\/10\/2017\/09\/Animals16.jpg 720w, https:\/\/storage.googleapis.com\/smartphoto-express-production-wp-blogs-com\/10\/2017\/09\/Animals16-300x150.jpg 300w\" sizes=\"auto, (max-width: 720px) 100vw, 720px\" \/><\/a><\/p>\n<p>D\u00e8s que l\u2019on sonne, votre chien se pr\u00e9cipite \u00e0 la porte pour faire la f\u00eate \u00e0 vos visiteurs. Mais ces visiteurs, eux, ne savent pas toujours ce que votre compagnon \u00e0 quatre pattes essaie de leur dire, ni comment ils doivent r\u00e9agir.<\/p>\n<p>Pourquoi, d\u00e8s lors, ne pas placer pr\u00e8s de votre porte d\u2019entr\u00e9e un<a href=\"https:\/\/www.smartphoto.fr\/cadeaux-photo\/paillasson-photo\"> paillasson photo<\/a> qui se fera l\u2019interpr\u00e8te de votre chien&nbsp;? Ou l\u2019utiliser pour faire passer subtilement un message \u00e0 ceux qui s\u2019essuient les pieds&nbsp;? \ud83d\ude09<\/p>\n<p>Quelques exemples&nbsp;:<\/p>\n<blockquote><p>Pieds propres en ma demeure,<br \/>\nMon ami toujours tu demeures.<\/p>\n<p>Si tu as peur de moi,<br \/>\ndis-le \u00e0 mon humain&nbsp;!<\/p>\n<p>Mon paillasson<br \/>\nest ton paillasson.<\/p>\n<p>On joue&nbsp;? Dis, on joue&nbsp;? Dis, on joue&nbsp;?<br \/>\nBon, ok\u2026 Bienvenue&nbsp;!<br \/>\nTu veux jouer avec moi&nbsp;?<\/p><\/blockquote>\n<h2>Attention : chien ou chat dangereux&nbsp;!<\/h2>\n<p><a href=\"https:\/\/www.smartphoto.fr\/cadeaux-photo\/plaque-de-porte-photo\" target=\"_blank\" rel=\"noopener noreferrer\"><img loading=\"lazy\" decoding=\"async\" class=\"alignnone wp-image-6504 size-full\" title=\"journ\u00e9e mondiale des animaux\" src=\"https:\/\/storage.googleapis.com\/smartphoto-express-production-wp-blogs-com\/10\/2017\/09\/Animals18.jpg\" alt=\"journ\u00e9e mondiale des animaux\" width=\"720\" height=\"360\" srcset=\"https:\/\/storage.googleapis.com\/smartphoto-express-production-wp-blogs-com\/10\/2017\/09\/Animals18.jpg 720w, https:\/\/storage.googleapis.com\/smartphoto-express-production-wp-blogs-com\/10\/2017\/09\/Animals18-300x150.jpg 300w\" sizes=\"auto, (max-width: 720px) 100vw, 720px\" \/><\/a><\/p>\n<p>\u00c0 l\u2019inverse, pour dissuader les voleurs, vous pouvez afficher \u00e0 la fen\u00eatre une <a href=\"https:\/\/www.smartphoto.fr\/cadeaux-photo\/plaque-de-porte-photo\">plaque de porte photo<\/a>. Et m\u00eame amuser les passants en y mettant une photo trop mignonne de votre chat, de votre petit chien ou de votre hamster. \ud83d\ude42<\/p>\n<h2>Photo sur toile<\/h2>\n<h3>Portrait de famille sur toile<\/h3>\n<p><a href=\"https:\/\/www.smartphoto.fr\/deco-photo\" target=\"_blank\" rel=\"noopener noreferrer\"><img loading=\"lazy\" decoding=\"async\" class=\"alignnone wp-image-6524 size-full\" title=\"Journ\u00e9e mondiale des animaux\" src=\"https:\/\/storage.googleapis.com\/smartphoto-express-production-wp-blogs-com\/10\/2017\/09\/Animals20.jpg\" alt=\"Journ\u00e9e mondiale des animaux\" width=\"720\" height=\"360\" srcset=\"https:\/\/storage.googleapis.com\/smartphoto-express-production-wp-blogs-com\/10\/2017\/09\/Animals20.jpg 720w, https:\/\/storage.googleapis.com\/smartphoto-express-production-wp-blogs-com\/10\/2017\/09\/Animals20-300x150.jpg 300w\" sizes=\"auto, (max-width: 720px) 100vw, 720px\" \/><\/a><\/p>\n<p>Il est certain que votre animal de compagnie est un membre de la famille \u00e0 part enti\u00e8re . Et \u00e0 ce titre, il a aussi sa place sur la photo de famille, n\u2019est-ce pas&nbsp;? Une id\u00e9e pour rendre cette photo vraiment originale&nbsp;: cherchez une photo de votre animal de compagnie qui regarde d\u2019un c\u00f4t\u00e9, et une photo de chaque membre de la famille qui regarde l\u2019autre c\u00f4t\u00e9. Il ne vous reste plus qu\u2019\u00e0 combiner ces photos sur une <a href=\"https:\/\/www.smartphoto.fr\/deco-photo\">toile <\/a>comme dans l\u2019exemple ci-dessus.<\/p>\n<h3>Votre animal de compagnie au format panoramique<\/h3>\n<p><a href=\"https:\/\/www.smartphoto.fr\/deco-photo\/photo-sur-aluminium\" target=\"_blank\" rel=\"noopener noreferrer\"><img loading=\"lazy\" decoding=\"async\" class=\"alignnone wp-image-6500 size-full\" title=\"journ\u00e9e mondiale des animaux\" src=\"https:\/\/storage.googleapis.com\/smartphoto-express-production-wp-blogs-com\/10\/2017\/09\/Animals13.jpg\" alt=\"journ\u00e9e mondiale des animaux\" width=\"720\" height=\"360\" srcset=\"https:\/\/storage.googleapis.com\/smartphoto-express-production-wp-blogs-com\/10\/2017\/09\/Animals13.jpg 720w, https:\/\/storage.googleapis.com\/smartphoto-express-production-wp-blogs-com\/10\/2017\/09\/Animals13-300x150.jpg 300w\" sizes=\"auto, (max-width: 720px) 100vw, 720px\" \/><\/a><\/p>\n<p>Pour une photo plus sobre, ne mettez que votre animal de compagnie sous les feux des projecteurs. Choisissez un format panoramique dans <a href=\"https:\/\/www.smartphoto.fr\/deco-photo\">la rubrique&nbsp;d\u00e9co photo de smartphoto<\/a> et ins\u00e9rez-y une photo de votre animal en pleine nature. Ne placez pas votre lapin, chat ou poule en plein milieu de la photo, mais d\u00e9calez-le l\u00e9g\u00e8rement vers la gauche ou vers la droite. Les \u00e9l\u00e9ments naturels qui occuperont le c\u00f4t\u00e9 oppos\u00e9 feront l\u2019effet d\u2019un grand bol d\u2019air frais dans votre int\u00e9rieur. <a href=\"https:\/\/www.smartphoto.fr\/deco-photo\/tableau-photo-alu-brosse\"><span style=\"color: #ff0000\">Commandez cette photo sur un tableau alu bross\u00e9 pour un effet plus original<\/span><\/a>&nbsp;et le tour est jou\u00e9&nbsp;!<\/p>\n<h2>Un sac pour ranger toutes vos petites affaires en voyage<\/h2>\n<p><a href=\"https:\/\/www.smartphoto.fr\/cadeaux-photo\/trousse-maquillage\" target=\"_blank\" rel=\"noopener noreferrer\"><img loading=\"lazy\" decoding=\"async\" class=\"alignnone wp-image-6499 size-full\" title=\"journ\u00e9e mondiale des animaux\" src=\"https:\/\/storage.googleapis.com\/smartphoto-express-production-wp-blogs-com\/10\/2017\/09\/Animals12.jpg\" alt=\"journ\u00e9e mondiale des animaux\" width=\"720\" height=\"360\" srcset=\"https:\/\/storage.googleapis.com\/smartphoto-express-production-wp-blogs-com\/10\/2017\/09\/Animals12.jpg 720w, https:\/\/storage.googleapis.com\/smartphoto-express-production-wp-blogs-com\/10\/2017\/09\/Animals12-300x150.jpg 300w\" sizes=\"auto, (max-width: 720px) 100vw, 720px\" \/><\/a><\/p>\n<p>Certains y verront une <a href=\"https:\/\/www.smartphoto.fr\/cadeaux-photo\/trousse-maquillage\">trousse \u00e0 maquillage<\/a>, mais rien ne vous emp\u00eache de l\u2019utiliser comme trousse de secours ou de vous en servir pour y ranger toutes les petites affaires de votre animal de compagnie, comme&nbsp;:<\/p>\n<ul style=\"margin: -17px 0 20px 0\">\n<li>une pince \u00e0 tiques,<\/li>\n<li>sa museli\u00e8re,<\/li>\n<li>des pipettes anti-puces,<\/li>\n<li>sa laisse,<\/li>\n<li>son passeport,<\/li>\n<li>les coordonn\u00e9es de votre v\u00e9t\u00e9rinaire,<\/li>\n<li>des sacs \u00e0 crotte (eh oui),<\/li>\n<li>des friandises,<\/li>\n<li>un coupe-ongles.<\/li>\n<\/ul>\n<h2>Gamelle pour chien et chat et m\u00e9daille pour chien<\/h2>\n<p><a href=\"https:\/\/www.smartphoto.fr\/cadeaux-photo\/medaille-chien-photo\" target=\"_blank\" rel=\"noopener noreferrer\"><img loading=\"lazy\" decoding=\"async\" class=\"col-2 col-2-1 alignnone wp-image-6505 size-full\" title=\"journ\u00e9e mondiale des animaux\" src=\"https:\/\/storage.googleapis.com\/smartphoto-express-production-wp-blogs-com\/10\/2017\/09\/Animals2.jpg\" alt=\"journ\u00e9e mondiale des animaux\" width=\"360\" height=\"360\" srcset=\"https:\/\/storage.googleapis.com\/smartphoto-express-production-wp-blogs-com\/10\/2017\/09\/Animals2.jpg 360w, https:\/\/storage.googleapis.com\/smartphoto-express-production-wp-blogs-com\/10\/2017\/09\/Animals2-150x150.jpg 150w, https:\/\/storage.googleapis.com\/smartphoto-express-production-wp-blogs-com\/10\/2017\/09\/Animals2-300x300.jpg 300w\" sizes=\"auto, (max-width: 360px) 100vw, 360px\" \/><\/a><a href=\"https:\/\/www.smartphoto.fr\/cadeaux-photo\/gamelle-chat-chien-photo\" target=\"_blank\" rel=\"noopener noreferrer\"><img loading=\"lazy\" decoding=\"async\" class=\"col-2 col-2-2 alignnone wp-image-6503 size-full\" title=\"journ\u00e9e mondiale des animaux\" src=\"https:\/\/storage.googleapis.com\/smartphoto-express-production-wp-blogs-com\/10\/2017\/09\/Animals17.jpg\" alt=\"journ\u00e9e mondiale des animaux\" width=\"360\" height=\"360\" srcset=\"https:\/\/storage.googleapis.com\/smartphoto-express-production-wp-blogs-com\/10\/2017\/09\/Animals17.jpg 360w, https:\/\/storage.googleapis.com\/smartphoto-express-production-wp-blogs-com\/10\/2017\/09\/Animals17-150x150.jpg 150w, https:\/\/storage.googleapis.com\/smartphoto-express-production-wp-blogs-com\/10\/2017\/09\/Animals17-300x300.jpg 300w\" sizes=\"auto, (max-width: 360px) 100vw, 360px\" \/><\/a><\/p>\n<p>Parfois, il ne faut pas aller chercher trop loin pour g\u00e2ter sa boule de poils pour la journ\u00e9e mondiale des animaux. Smartphoto propose aussi des produits sp\u00e9cialement con\u00e7us pour les animaux. Comme <a href=\"https:\/\/www.smartphoto.fr\/cadeaux-photo\/gamelle-chat-chien-photo\">des gamelles pour chien et chat<\/a> ou <a href=\"https:\/\/www.smartphoto.fr\/cadeaux-photo\/medaille-chien-photo\">des m\u00e9dailles pour chien<\/a>.<br \/>\nQuelques id\u00e9es d\u2019inscription rigolotes pour la gamelle pour chien et chat ? Que pensez-vous de ceci&nbsp;:<\/p>\n<blockquote><p>Comme un chef<\/p>\n<p>J\u2019en veux encore !<\/p>\n<p>Quoi, c\u2019est tout ?<\/p>\n<p>Petit-d\u00e9j \u2013 lunch \u2013 d\u00eener<\/p>\n<p>Il y a quoi comme dessert ?<\/p>\n<p>Le plein, s\u2019il vous pla\u00eet<\/p><\/blockquote>\n<h2>Un porte-cl\u00e9s photo pour vous<\/h2>\n<p><a href=\"https:\/\/www.smartphoto.fr\/cadeaux-photo\/porte-cles-alu\" target=\"_blank\" rel=\"noopener noreferrer\"><img loading=\"lazy\" decoding=\"async\" class=\"alignnone wp-image-6506 size-full\" title=\"journ\u00e9e mondiale des animaux\" src=\"https:\/\/storage.googleapis.com\/smartphoto-express-production-wp-blogs-com\/10\/2017\/09\/Animals7.jpg\" alt=\"journ\u00e9e mondiale des animaux\" width=\"720\" height=\"360\" srcset=\"https:\/\/storage.googleapis.com\/smartphoto-express-production-wp-blogs-com\/10\/2017\/09\/Animals7.jpg 720w, https:\/\/storage.googleapis.com\/smartphoto-express-production-wp-blogs-com\/10\/2017\/09\/Animals7-300x150.jpg 300w\" sizes=\"auto, (max-width: 720px) 100vw, 720px\" \/><\/a><\/p>\n<p>Votre boule de poils a d\u00e9rob\u00e9 la cl\u00e9 de votre c\u0153ur. Quoi de plus logique d\u00e8s lors que\u2026 <a href=\"https:\/\/www.smartphoto.fr\/cadeaux-photo\/porte-cles-alu\">un porte-cl\u00e9s avec une photo<\/a> de ladite boule de poils et un c\u0153ur&nbsp;? \ud83d\ude42<\/p>\n<h2>Quelle patte&nbsp;!<\/h2>\n<h3>Pour signer vos cartes\u2026<\/h3>\n<p><img loading=\"lazy\" decoding=\"async\" class=\"col-2 col-2-1 alignnone wp-image-6510 size-full\" src=\"https:\/\/storage.googleapis.com\/smartphoto-express-production-wp-blogs-com\/10\/2017\/09\/istock_485538259.jpg\" width=\"360\" height=\"360\" srcset=\"https:\/\/storage.googleapis.com\/smartphoto-express-production-wp-blogs-com\/10\/2017\/09\/istock_485538259.jpg 360w, https:\/\/storage.googleapis.com\/smartphoto-express-production-wp-blogs-com\/10\/2017\/09\/istock_485538259-150x150.jpg 150w, https:\/\/storage.googleapis.com\/smartphoto-express-production-wp-blogs-com\/10\/2017\/09\/istock_485538259-300x300.jpg 300w\" sizes=\"auto, (max-width: 360px) 100vw, 360px\" \/><a href=\"https:\/\/www.smartphoto.fr\/faire-part-cartes\" target=\"_blank\" rel=\"noopener noreferrer\"><img loading=\"lazy\" decoding=\"async\" class=\"col-2 col-2-2 alignnone wp-image-6511 size-full\" title=\"journ\u00e9e mondiale des animaux\" src=\"https:\/\/storage.googleapis.com\/smartphoto-express-production-wp-blogs-com\/10\/2017\/09\/Animals10_copy.jpg\" alt=\"journ\u00e9e mondiale des animaux\" width=\"360\" height=\"360\" srcset=\"https:\/\/storage.googleapis.com\/smartphoto-express-production-wp-blogs-com\/10\/2017\/09\/Animals10_copy.jpg 360w, https:\/\/storage.googleapis.com\/smartphoto-express-production-wp-blogs-com\/10\/2017\/09\/Animals10_copy-150x150.jpg 150w, https:\/\/storage.googleapis.com\/smartphoto-express-production-wp-blogs-com\/10\/2017\/09\/Animals10_copy-300x300.jpg 300w\" sizes=\"auto, (max-width: 360px) 100vw, 360px\" \/><\/a><\/p>\n<p>En tant que membre \u00e0 part enti\u00e8re de la famille, pourquoi votre chien ou votre matou ne signerait-il pas lui aussi les cartes que vous envoyez&nbsp;? Mais comment faire sans devoir \u00e0 chaque fois sortir la bouteille d\u2019encre, se battre avec l\u2019int\u00e9ress\u00e9 et avoir ensuite des traces de pattes partout dans la maison ?<\/p>\n<p>C\u2019est tr\u00e8s simple. Pr\u00e9parez votre appareil photo, attendez qu\u2019il pleuve puis\u2026 prenez en photo une trace de patte boueuse sur le sol&nbsp;! Faites imprimer cette photo sur <a href=\"https:\/\/www.smartphoto.fr\/cadeaux-photo\/autocollants-fete\">des \u00e9tiquettes<\/a>. Vous n\u2019aurez plus qu\u2019\u00e0 l\u2019utiliser sur <a href=\"https:\/\/www.smartphoto.fr\/faire-part-cartes\">vos cartes de v\u0153ux<\/a>, faire-part de naissance ou cartes de vacances&nbsp;!<\/p>\n<h3>\u2026 ou sur un pendentif en forme de c\u0153ur pour la journ\u00e9e mondiale des animaux<\/h3>\n<p><a href=\"https:\/\/www.smartphoto.fr\/cadeaux-photo\/pendentif-gravure-photo\" target=\"_blank\" rel=\"noopener noreferrer\"><img loading=\"lazy\" decoding=\"async\" class=\"alignnone wp-image-6498 size-full\" title=\"journ\u00e9e mondiale des animaux\" src=\"https:\/\/storage.googleapis.com\/smartphoto-express-production-wp-blogs-com\/10\/2017\/09\/Animals11.jpg\" alt=\"journ\u00e9e mondiale des animaux\" width=\"720\" height=\"360\" srcset=\"https:\/\/storage.googleapis.com\/smartphoto-express-production-wp-blogs-com\/10\/2017\/09\/Animals11.jpg 720w, https:\/\/storage.googleapis.com\/smartphoto-express-production-wp-blogs-com\/10\/2017\/09\/Animals11-300x150.jpg 300w\" sizes=\"auto, (max-width: 720px) 100vw, 720px\" \/><\/a><\/p>\n<p>Les vrais mordus des animaux peuvent aller un pas \u2013 ou une patte \u2013 plus loin. Reproduisez votre photo de patte sur un <a href=\"https:\/\/www.smartphoto.fr\/cadeaux-photo\/pendentif-gravure-photo\">pendentif en forme de c\u0153ur grav\u00e9<\/a> (couleur or ou argent, au choix) et emmenez votre meilleur ami partout avec vous.<\/p>\n<p>Vous voyez, ce ne sont pas les id\u00e9es qui manquent pour rendre \u00e0 vos petits amis l\u2019hommage qu\u2019ils m\u00e9ritent en cette Journ\u00e9e mondiale des animaux&nbsp;!<\/p>\n<p><a href=\"https:\/\/www.smartphoto.fr\/cadeaux-animaux\"><img loading=\"lazy\" decoding=\"async\" class=\"aligncenter wp-image-5561 size-full\" src=\"https:\/\/storage.googleapis.com\/smartphoto-express-production-wp-blogs-com\/10\/2014\/09\/banner_blog_cta-fr.jpg\" alt=\"\" width=\"700\" height=\"250\" srcset=\"https:\/\/storage.googleapis.com\/smartphoto-express-production-wp-blogs-com\/10\/2014\/09\/banner_blog_cta-fr.jpg 700w, https:\/\/storage.googleapis.com\/smartphoto-express-production-wp-blogs-com\/10\/2014\/09\/banner_blog_cta-fr-300x107.jpg 300w\" sizes=\"auto, (max-width: 700px) 100vw, 700px\" \/><\/a><\/p>\n","protected":false},"excerpt":{"rendered":"<p>Un animal de compagnie a ravi votre c\u0153ur ? Cet article est fait pour vous ! \u00c0 l\u2019occasion de la Journ\u00e9e mondiale des animaux (le 4 octobre) \u2013 mais aussi, pourquoi pas, pour l\u2019anniversaire de votre chien, de votre chat, de votre lapin, de votre cheval ou de votre hamster \u2013 voici quelques id\u00e9es amusantes pour lui donner une place dans votre int\u00e9rieur \u00e0 la mesure de celle qu\u2019il occupe dans votre c\u0153ur. Un mot de bienvenue sur votre paillasson photo D\u00e8s que l\u2019on sonne, votre chien se pr\u00e9cipite \u00e0 la porte pour faire la f\u00eate \u00e0 vos visiteurs. Mais<\/p>\n","protected":false},"author":1,"featured_media":6671,"comment_status":"open","ping_status":"open","sticky":false,"template":"","format":"standard","meta":{"om_disable_all_campaigns":false,"_monsterinsights_skip_tracking":false,"_monsterinsights_sitenote_active":false,"_monsterinsights_sitenote_note":"","_monsterinsights_sitenote_category":0,"footnotes":""},"categories":[98],"tags":[],"class_list":["post-6400","post","type-post","status-publish","format-standard","has-post-thumbnail","hentry","category-animaux"],"yoast_head":"<!-- This site is optimized with the Yoast SEO plugin v23.8 - https:\/\/yoast.com\/wordpress\/plugins\/seo\/ -->\n<title>Journ\u00e9e mondiale des animaux : chouchoutez votre animal<\/title>\n<meta name=\"description\" content=\"Un animal de compagnie a ravi votre c\u0153ur ? Cet article est fait pour vous ! \u00c0 l\u2019occasion de la Journ\u00e9e mondiale des animaux, g\u00e2tez votre animal !\" \/>\n<meta name=\"robots\" content=\"index, follow, max-snippet:-1, max-image-preview:large, max-video-preview:-1\" \/>\n<link rel=\"canonical\" href=\"https:\/\/www.smartphoto.fr\/inspiration\/journee-mondiale-des-animaux\" \/>\n<meta property=\"og:locale\" content=\"fr_FR\" \/>\n<meta property=\"og:type\" content=\"article\" \/>\n<meta property=\"og:title\" content=\"Journ\u00e9e mondiale des animaux : chouchoutez votre animal\" \/>\n<meta property=\"og:description\" content=\"Un animal de compagnie a ravi votre c\u0153ur ? Cet article est fait pour vous ! \u00c0 l\u2019occasion de la Journ\u00e9e mondiale des animaux, g\u00e2tez votre animal !\" \/>\n<meta property=\"og:url\" content=\"\/inspiration\/journee-mondiale-des-animaux\" \/>\n<meta property=\"og:site_name\" content=\"smartphoto FR\" \/>\n<meta property=\"article:publisher\" content=\"https:\/\/www.facebook.com\/smartphoto.fr\" \/>\n<meta property=\"article:published_time\" content=\"2018-09-18T10:34:07+00:00\" \/>\n<meta property=\"article:modified_time\" content=\"2022-03-08T14:23:18+00:00\" \/>\n<meta property=\"og:image\" content=\"https:\/\/storage.googleapis.com\/smartphoto-express-production-wp-blogs-com\/10\/2017\/09\/journee-mondiale-des-animaux.jpg\" \/>\n\t<meta property=\"og:image:width\" content=\"480\" \/>\n\t<meta property=\"og:image:height\" content=\"285\" \/>\n\t<meta property=\"og:image:type\" content=\"image\/jpeg\" \/>\n<meta name=\"author\" content=\"admin\" \/>\n<meta name=\"twitter:card\" content=\"summary_large_image\" \/>\n<meta name=\"twitter:creator\" content=\"@smartphoto_fr\" \/>\n<meta name=\"twitter:site\" content=\"@smartphoto_fr\" \/>\n<meta name=\"twitter:label1\" content=\"Written by\" \/>\n\t<meta name=\"twitter:data1\" content=\"admin\" \/>\n\t<meta name=\"twitter:label2\" content=\"Est. reading time\" \/>\n\t<meta name=\"twitter:data2\" content=\"5 minutes\" \/>\n<script type=\"application\/ld+json\" class=\"yoast-schema-graph\">{\"@context\":\"https:\/\/schema.org\",\"@graph\":[{\"@type\":\"WebPage\",\"@id\":\"\/inspiration\/journee-mondiale-des-animaux\",\"url\":\"https:\/\/www.smartphoto.fr\/inspiration\/journee-mondiale-des-animaux\",\"name\":\"Journ\u00e9e mondiale des animaux : chouchoutez votre animal\",\"isPartOf\":{\"@id\":\"https:\/\/www.smartphoto.fr\/inspiration\/#website\"},\"primaryImageOfPage\":{\"@id\":\"https:\/\/www.smartphoto.fr\/inspiration\/journee-mondiale-des-animaux#primaryimage\"},\"image\":{\"@id\":\"https:\/\/www.smartphoto.fr\/inspiration\/journee-mondiale-des-animaux#primaryimage\"},\"thumbnailUrl\":\"https:\/\/storage.googleapis.com\/smartphoto-express-production-wp-blogs-com\/10\/2017\/09\/journee-mondiale-des-animaux.jpg\",\"datePublished\":\"2018-09-18T10:34:07+00:00\",\"dateModified\":\"2022-03-08T14:23:18+00:00\",\"author\":{\"@id\":\"https:\/\/www.smartphoto.fr\/inspiration\/#\/schema\/person\/c256b3f50ae468ee69f4b486108c797b\"},\"description\":\"Un animal de compagnie a ravi votre c\u0153ur ? Cet article est fait pour vous ! \u00c0 l\u2019occasion de la Journ\u00e9e mondiale des animaux, g\u00e2tez votre animal !\",\"breadcrumb\":{\"@id\":\"https:\/\/www.smartphoto.fr\/inspiration\/journee-mondiale-des-animaux#breadcrumb\"},\"inLanguage\":\"fr-FR\",\"potentialAction\":[{\"@type\":\"ReadAction\",\"target\":[\"https:\/\/www.smartphoto.fr\/inspiration\/journee-mondiale-des-animaux\"]}]},{\"@type\":\"ImageObject\",\"inLanguage\":\"fr-FR\",\"@id\":\"https:\/\/www.smartphoto.fr\/inspiration\/journee-mondiale-des-animaux#primaryimage\",\"url\":\"https:\/\/storage.googleapis.com\/smartphoto-express-production-wp-blogs-com\/10\/2017\/09\/journee-mondiale-des-animaux.jpg\",\"contentUrl\":\"https:\/\/storage.googleapis.com\/smartphoto-express-production-wp-blogs-com\/10\/2017\/09\/journee-mondiale-des-animaux.jpg\",\"width\":480,\"height\":285,\"caption\":\"journ\u00e9e mondiale des animaux\"},{\"@type\":\"BreadcrumbList\",\"@id\":\"https:\/\/www.smartphoto.fr\/inspiration\/journee-mondiale-des-animaux#breadcrumb\",\"itemListElement\":[{\"@type\":\"ListItem\",\"position\":1,\"name\":\"Home\",\"item\":\"https:\/\/www.smartphoto.fr\/inspiration\/\"},{\"@type\":\"ListItem\",\"position\":2,\"name\":\"Chouchoutez votre animal de compagnie pour la Journ\u00e9e mondiale des animaux !\"}]},{\"@type\":\"WebSite\",\"@id\":\"https:\/\/www.smartphoto.fr\/inspiration\/#website\",\"url\":\"https:\/\/www.smartphoto.fr\/inspiration\/\",\"name\":\"smartphoto FR\",\"description\":\"Le blog de smartphoto France.\",\"potentialAction\":[{\"@type\":\"SearchAction\",\"target\":{\"@type\":\"EntryPoint\",\"urlTemplate\":\"https:\/\/www.smartphoto.fr\/inspiration\/?s={search_term_string}\"},\"query-input\":{\"@type\":\"PropertyValueSpecification\",\"valueRequired\":true,\"valueName\":\"search_term_string\"}}],\"inLanguage\":\"fr-FR\"},{\"@type\":\"Person\",\"@id\":\"https:\/\/www.smartphoto.fr\/inspiration\/#\/schema\/person\/c256b3f50ae468ee69f4b486108c797b\",\"name\":\"admin\",\"image\":{\"@type\":\"ImageObject\",\"inLanguage\":\"fr-FR\",\"@id\":\"https:\/\/www.smartphoto.fr\/inspiration\/#\/schema\/person\/image\/\",\"url\":\"https:\/\/secure.gravatar.com\/avatar\/8f9488249a21b1f2cc85dc7982dc95c4?s=96&d=mm&r=g\",\"contentUrl\":\"https:\/\/secure.gravatar.com\/avatar\/8f9488249a21b1f2cc85dc7982dc95c4?s=96&d=mm&r=g\",\"caption\":\"admin\"},\"url\":\"https:\/\/www.smartphoto.fr\/inspiration\/author\/admin\"}]}<\/script>\n<!-- \/ Yoast SEO plugin. -->","yoast_head_json":{"title":"Journ\u00e9e mondiale des animaux : chouchoutez votre animal","description":"Un animal de compagnie a ravi votre c\u0153ur ? Cet article est fait pour vous ! \u00c0 l\u2019occasion de la Journ\u00e9e mondiale des animaux, g\u00e2tez votre animal !","robots":{"index":"index","follow":"follow","max-snippet":"max-snippet:-1","max-image-preview":"max-image-preview:large","max-video-preview":"max-video-preview:-1"},"canonical":"https:\/\/www.smartphoto.fr\/inspiration\/journee-mondiale-des-animaux","og_locale":"fr_FR","og_type":"article","og_title":"Journ\u00e9e mondiale des animaux : chouchoutez votre animal","og_description":"Un animal de compagnie a ravi votre c\u0153ur ? Cet article est fait pour vous ! \u00c0 l\u2019occasion de la Journ\u00e9e mondiale des animaux, g\u00e2tez votre animal !","og_url":"\/inspiration\/journee-mondiale-des-animaux","og_site_name":"smartphoto FR","article_publisher":"https:\/\/www.facebook.com\/smartphoto.fr","article_published_time":"2018-09-18T10:34:07+00:00","article_modified_time":"2022-03-08T14:23:18+00:00","og_image":[{"width":480,"height":285,"url":"https:\/\/storage.googleapis.com\/smartphoto-express-production-wp-blogs-com\/10\/2017\/09\/journee-mondiale-des-animaux.jpg","type":"image\/jpeg"}],"author":"admin","twitter_card":"summary_large_image","twitter_creator":"@smartphoto_fr","twitter_site":"@smartphoto_fr","twitter_misc":{"Written by":"admin","Est. reading time":"5 minutes"},"schema":{"@context":"https:\/\/schema.org","@graph":[{"@type":"WebPage","@id":"\/inspiration\/journee-mondiale-des-animaux","url":"https:\/\/www.smartphoto.fr\/inspiration\/journee-mondiale-des-animaux","name":"Journ\u00e9e mondiale des animaux : chouchoutez votre animal","isPartOf":{"@id":"https:\/\/www.smartphoto.fr\/inspiration\/#website"},"primaryImageOfPage":{"@id":"https:\/\/www.smartphoto.fr\/inspiration\/journee-mondiale-des-animaux#primaryimage"},"image":{"@id":"https:\/\/www.smartphoto.fr\/inspiration\/journee-mondiale-des-animaux#primaryimage"},"thumbnailUrl":"https:\/\/storage.googleapis.com\/smartphoto-express-production-wp-blogs-com\/10\/2017\/09\/journee-mondiale-des-animaux.jpg","datePublished":"2018-09-18T10:34:07+00:00","dateModified":"2022-03-08T14:23:18+00:00","author":{"@id":"https:\/\/www.smartphoto.fr\/inspiration\/#\/schema\/person\/c256b3f50ae468ee69f4b486108c797b"},"description":"Un animal de compagnie a ravi votre c\u0153ur ? Cet article est fait pour vous ! \u00c0 l\u2019occasion de la Journ\u00e9e mondiale des animaux, g\u00e2tez votre animal !","breadcrumb":{"@id":"https:\/\/www.smartphoto.fr\/inspiration\/journee-mondiale-des-animaux#breadcrumb"},"inLanguage":"fr-FR","potentialAction":[{"@type":"ReadAction","target":["https:\/\/www.smartphoto.fr\/inspiration\/journee-mondiale-des-animaux"]}]},{"@type":"ImageObject","inLanguage":"fr-FR","@id":"https:\/\/www.smartphoto.fr\/inspiration\/journee-mondiale-des-animaux#primaryimage","url":"https:\/\/storage.googleapis.com\/smartphoto-express-production-wp-blogs-com\/10\/2017\/09\/journee-mondiale-des-animaux.jpg","contentUrl":"https:\/\/storage.googleapis.com\/smartphoto-express-production-wp-blogs-com\/10\/2017\/09\/journee-mondiale-des-animaux.jpg","width":480,"height":285,"caption":"journ\u00e9e mondiale des animaux"},{"@type":"BreadcrumbList","@id":"https:\/\/www.smartphoto.fr\/inspiration\/journee-mondiale-des-animaux#breadcrumb","itemListElement":[{"@type":"ListItem","position":1,"name":"Home","item":"https:\/\/www.smartphoto.fr\/inspiration\/"},{"@type":"ListItem","position":2,"name":"Chouchoutez votre animal de compagnie pour la Journ\u00e9e mondiale des animaux !"}]},{"@type":"WebSite","@id":"https:\/\/www.smartphoto.fr\/inspiration\/#website","url":"https:\/\/www.smartphoto.fr\/inspiration\/","name":"smartphoto FR","description":"Le blog de smartphoto France.","potentialAction":[{"@type":"SearchAction","target":{"@type":"EntryPoint","urlTemplate":"https:\/\/www.smartphoto.fr\/inspiration\/?s={search_term_string}"},"query-input":{"@type":"PropertyValueSpecification","valueRequired":true,"valueName":"search_term_string"}}],"inLanguage":"fr-FR"},{"@type":"Person","@id":"https:\/\/www.smartphoto.fr\/inspiration\/#\/schema\/person\/c256b3f50ae468ee69f4b486108c797b","name":"admin","image":{"@type":"ImageObject","inLanguage":"fr-FR","@id":"https:\/\/www.smartphoto.fr\/inspiration\/#\/schema\/person\/image\/","url":"https:\/\/secure.gravatar.com\/avatar\/8f9488249a21b1f2cc85dc7982dc95c4?s=96&d=mm&r=g","contentUrl":"https:\/\/secure.gravatar.com\/avatar\/8f9488249a21b1f2cc85dc7982dc95c4?s=96&d=mm&r=g","caption":"admin"},"url":"https:\/\/www.smartphoto.fr\/inspiration\/author\/admin"}]}},"_links":{"self":[{"href":"https:\/\/www.smartphoto.fr\/inspiration\/wp-json\/wp\/v2\/posts\/6400","targetHints":{"allow":["GET"]}}],"collection":[{"href":"https:\/\/www.smartphoto.fr\/inspiration\/wp-json\/wp\/v2\/posts"}],"about":[{"href":"https:\/\/www.smartphoto.fr\/inspiration\/wp-json\/wp\/v2\/types\/post"}],"author":[{"embeddable":true,"href":"https:\/\/www.smartphoto.fr\/inspiration\/wp-json\/wp\/v2\/users\/1"}],"replies":[{"embeddable":true,"href":"https:\/\/www.smartphoto.fr\/inspiration\/wp-json\/wp\/v2\/comments?post=6400"}],"version-history":[{"count":10,"href":"https:\/\/www.smartphoto.fr\/inspiration\/wp-json\/wp\/v2\/posts\/6400\/revisions"}],"predecessor-version":[{"id":11016,"href":"https:\/\/www.smartphoto.fr\/inspiration\/wp-json\/wp\/v2\/posts\/6400\/revisions\/11016"}],"wp:featuredmedia":[{"embeddable":true,"href":"https:\/\/www.smartphoto.fr\/inspiration\/wp-json\/wp\/v2\/media\/6671"}],"wp:attachment":[{"href":"https:\/\/www.smartphoto.fr\/inspiration\/wp-json\/wp\/v2\/media?parent=6400"}],"wp:term":[{"taxonomy":"category","embeddable":true,"href":"https:\/\/www.smartphoto.fr\/inspiration\/wp-json\/wp\/v2\/categories?post=6400"},{"taxonomy":"post_tag","embeddable":true,"href":"https:\/\/www.smartphoto.fr\/inspiration\/wp-json\/wp\/v2\/tags?post=6400"}],"curies":[{"name":"wp","href":"https:\/\/api.w.org\/{rel}","templated":true}]}}