{"id":6096,"date":"2017-07-03T12:28:09","date_gmt":"2017-07-03T10:28:09","guid":{"rendered":"\/inspiration\/?p=6096"},"modified":"2019-11-12T16:10:32","modified_gmt":"2019-11-12T15:10:32","slug":"petites-notes-souvenirs-2eme-partie","status":"publish","type":"post","link":"https:\/\/www.smartphoto.fr\/inspiration\/petites-notes-souvenirs-2eme-partie","title":{"rendered":"Les petites notes souvenirs : la nouvelle tendance des f\u00eates (2\u00e8me partie)"},"content":{"rendered":"<p><strong>Petites notes souvenirs<\/strong><\/p>\n<p>Faites le plein d&rsquo;id\u00e9es pour pr\u00e9senter les petites notes de mani\u00e8re originale \u00e0 votre f\u00eate.<\/p>\n<p>Dans la <a href=\"\/inspiration\/petites-notes-souvenirs-1ere-partie\"><strong>partie&nbsp;1<\/strong> de cet article de blog consacr\u00e9 aux petites notes souvenirs<\/a>, nous vous avons donn\u00e9 des exemples de questions \u00e0 poser aux invit\u00e9s par le biais des notes souvenirs, en fonction de l\u2019\u00e9v\u00e9nement organis\u00e9. Dans la partie&nbsp;2, vous allez d\u00e9couvrir plein d\u2019id\u00e9es originales pour pr\u00e9senter avec style les petites notes souvenirs laiss\u00e9es par vos invit\u00e9s.<\/p>\n<h2>\u00c9tape&nbsp;3. Profitez au maximum de vos petites notes souvenirs&nbsp;!<\/h2>\n<p>Voil\u00e0, vos invit\u00e9s ont laiss\u00e9 leurs messages. Et maintenant&nbsp;? \u00c7a ne s\u2019arr\u00eate pas l\u00e0&nbsp;! Les possibilit\u00e9s pour profiter un peu plus longtemps de <a href=\"https:\/\/www.smartphoto.fr\/cadeaux-photo\/petites-notes-souvenirs\">vos petites notes souvenirs<\/a> sont infinies. Vous trouverez plus bas quelques id\u00e9es qui vous permettront de les utiliser pour d\u00e9corer le lieu m\u00eame de la f\u00eate.<\/p>\n<h3>Corde \u00e0 souhaits<\/h3>\n<p><a href=\"https:\/\/www.smartphoto.fr\/cadeaux-photo\/bloc-notes-photo?utm_source=blog&amp;utm_medium=social&amp;utm_campaign=petitesnotespartie2\" target=\"_blank\" rel=\"noopener noreferrer\"><img loading=\"lazy\" decoding=\"async\" class=\"alignnone wp-image-6103 size-full\" title=\"petites notes souvenirs\" src=\"https:\/\/storage.googleapis.com\/smartphoto-express-production-wp-blogs-com\/10\/2017\/06\/wishleaves5.jpg\" alt=\"petites notes souvenirs\" width=\"720\" height=\"360\" srcset=\"https:\/\/storage.googleapis.com\/smartphoto-express-production-wp-blogs-com\/10\/2017\/06\/wishleaves5.jpg 720w, https:\/\/storage.googleapis.com\/smartphoto-express-production-wp-blogs-com\/10\/2017\/06\/wishleaves5-300x150.jpg 300w\" sizes=\"auto, (max-width: 720px) 100vw, 720px\" \/><\/a><\/p>\n<p>Invitez tous vos convives \u00e0 accrocher leurs petites notes souvenirs \u00e0 l\u2019aide de pinces \u00e0 linge sur un ruban que vous aurez au pr\u00e9alable suspendu. Et voil\u00e0 une bien belle corde \u00e0 souhaits pour \u00e9gayer la salle&nbsp;!<\/p>\n<p>Vous pouvez, bien entendu, remplacer les pinces \u00e0 linge par des bouts de ruban Washi color\u00e9.<\/p>\n<h3>F\u00eate de naissance<\/h3>\n<p><a href=\"https:\/\/www.smartphoto.fr\/cadeaux-photo\/bloc-notes-photo?utm_source=blog&amp;utm_medium=social&amp;utm_campaign=petitesnotespartie2\" target=\"_blank\" rel=\"noopener noreferrer\"><img loading=\"lazy\" decoding=\"async\" class=\"alignnone wp-image-6104 size-full\" title=\"petites notes souvenirs\" src=\"https:\/\/storage.googleapis.com\/smartphoto-express-production-wp-blogs-com\/10\/2017\/06\/wishleaves6.jpg\" alt=\"petites notes souvenirs\" width=\"720\" height=\"360\" srcset=\"https:\/\/storage.googleapis.com\/smartphoto-express-production-wp-blogs-com\/10\/2017\/06\/wishleaves6.jpg 720w, https:\/\/storage.googleapis.com\/smartphoto-express-production-wp-blogs-com\/10\/2017\/06\/wishleaves6-300x150.jpg 300w\" sizes=\"auto, (max-width: 720px) 100vw, 720px\" \/><\/a><\/p>\n<p>Passons maintenant aux messages recueillis \u00e0 la naissance de votre b\u00e9b\u00e9 (<a href=\"\/inspiration\/petites-notes-souvenirs-1ere-partie\">reportez-vous \u00e0 la <strong>partie&nbsp;1<\/strong><\/a>)&nbsp;: accompagnez les souhaits r\u00e9dig\u00e9s quelques ann\u00e9es plus t\u00f4t en vue du 6e, 12e et 18e anniversaire de votre enfant d\u2019un cadeau adapt\u00e9.<\/p>\n<p>Par exemple&nbsp;:<\/p>\n<ul style=\"margin: -17px 0 20px 0\">\n<li>6e anniversaire&nbsp;: une adorable lunch box pour enfants<\/li>\n<li>12e anniversaire&nbsp;: un pot \u00e0 crayons pour son entr\u00e9e en secondaire<\/li>\n<li>18e anniversaire&nbsp;: un sac en bandouli\u00e8re pour rester parfaitement organis\u00e9 comme un adulte&nbsp;!<\/li>\n<\/ul>\n<h3>Un mur des souhaits pour tous les v\u0153ux de bonheur<\/h3>\n<p><img loading=\"lazy\" decoding=\"async\" class=\"size-full wp-image-6105 alignleft\" src=\"https:\/\/storage.googleapis.com\/smartphoto-express-production-wp-blogs-com\/10\/2017\/06\/wishleaves7.jpg\" alt=\"\" width=\"360\" height=\"360\" srcset=\"https:\/\/storage.googleapis.com\/smartphoto-express-production-wp-blogs-com\/10\/2017\/06\/wishleaves7.jpg 360w, https:\/\/storage.googleapis.com\/smartphoto-express-production-wp-blogs-com\/10\/2017\/06\/wishleaves7-150x150.jpg 150w, https:\/\/storage.googleapis.com\/smartphoto-express-production-wp-blogs-com\/10\/2017\/06\/wishleaves7-300x300.jpg 300w\" sizes=\"auto, (max-width: 360px) 100vw, 360px\" \/>Envie de garder secrets encore un peu les v\u0153ux de bonheur re\u00e7us lors de votre mariage&nbsp;? C\u2019est possible&nbsp;! Cr\u00e9ez un mur des souhaits o\u00f9 vous disposerez une multitude d\u2019enveloppes. Chacun des invit\u00e9s pourra y d\u00e9poser sa petite note souvenir et, une fois la f\u00eate termin\u00e9e, il ne vous restera plus qu\u2019\u00e0 les lire au calme.<\/p>\n<p>Vous pouvez aussi cr\u00e9er votre mur des souhaits \u00e0 l\u2019aide d\u2019un grillage soutenu par un cadre en bois. Vos convives pourront alors enrouler leurs messages et les glisser dans l\u2019un des interstices du grillage. Joli et original&nbsp;!<\/p>\n<div class=\"clear\" style=\"height:0px\"><\/div>\n<h3>Pot \u00e0 souhaits<\/h3>\n<p><img loading=\"lazy\" decoding=\"async\" class=\"size-full wp-image-6106 alignleft\" src=\"https:\/\/storage.googleapis.com\/smartphoto-express-production-wp-blogs-com\/10\/2017\/06\/wishleaves8.jpg\" alt=\"\" width=\"360\" height=\"360\" srcset=\"https:\/\/storage.googleapis.com\/smartphoto-express-production-wp-blogs-com\/10\/2017\/06\/wishleaves8.jpg 360w, https:\/\/storage.googleapis.com\/smartphoto-express-production-wp-blogs-com\/10\/2017\/06\/wishleaves8-150x150.jpg 150w, https:\/\/storage.googleapis.com\/smartphoto-express-production-wp-blogs-com\/10\/2017\/06\/wishleaves8-300x300.jpg 300w\" sizes=\"auto, (max-width: 360px) 100vw, 360px\" \/>La grande tendance en ce moment, ce sont les pots \u00e0 souhaits. Placez vos pots sur votre table de f\u00eate, pour que vos convives puissent y glisser facilement leurs petites notes souvenirs. Pour plus de gait\u00e9, vous pouvez aussi les coller sur le couvercle ou la paroi du pot. Un concept cr\u00e9atif et des d\u00e9corations originales pour les tables.<\/p>\n<div class=\"clear\" style=\"height:0px\"><\/div>\n<h3>Pr\u00e9sentoir \u00e0 souhaits<\/h3>\n<p><img loading=\"lazy\" decoding=\"async\" class=\"size-full wp-image-6107 alignleft\" src=\"https:\/\/storage.googleapis.com\/smartphoto-express-production-wp-blogs-com\/10\/2017\/06\/wishleaves9.jpg\" alt=\"\" width=\"360\" height=\"360\" srcset=\"https:\/\/storage.googleapis.com\/smartphoto-express-production-wp-blogs-com\/10\/2017\/06\/wishleaves9.jpg 360w, https:\/\/storage.googleapis.com\/smartphoto-express-production-wp-blogs-com\/10\/2017\/06\/wishleaves9-150x150.jpg 150w, https:\/\/storage.googleapis.com\/smartphoto-express-production-wp-blogs-com\/10\/2017\/06\/wishleaves9-300x300.jpg 300w\" sizes=\"auto, (max-width: 360px) 100vw, 360px\" \/>Vous avez chin\u00e9 un ancien pr\u00e9sentoir \u00e0 cartes ou trouv\u00e9 dans le vaste choix disponible en ligne un adorable pr\u00e9sentoir&nbsp;? Parfait&nbsp;! Un pr\u00e9sentoir \u00e0 cartes est un accessoire id\u00e9al pour rassembler toutes vos notes souvenirs de fa\u00e7on v\u00e9ritablement originale. Placez une petite lampe de bureau dedans ou derri\u00e8re, et cr\u00e9ez un jeu de lumi\u00e8re qui transformera instantan\u00e9ment cet accessoire en un \u00e9l\u00e9ment de d\u00e9coration incontournable lors de votre f\u00eate.<\/p>\n<div class=\"clear\" style=\"height:0px\"><\/div>\n<h3>Arbre \u00e0 souhaits<\/h3>\n<p><img loading=\"lazy\" decoding=\"async\" class=\"size-full wp-image-6098 alignleft\" src=\"https:\/\/storage.googleapis.com\/smartphoto-express-production-wp-blogs-com\/10\/2017\/06\/Wishing-tree.jpg\" alt=\"\" width=\"360\" height=\"360\" srcset=\"https:\/\/storage.googleapis.com\/smartphoto-express-production-wp-blogs-com\/10\/2017\/06\/Wishing-tree.jpg 360w, https:\/\/storage.googleapis.com\/smartphoto-express-production-wp-blogs-com\/10\/2017\/06\/Wishing-tree-150x150.jpg 150w, https:\/\/storage.googleapis.com\/smartphoto-express-production-wp-blogs-com\/10\/2017\/06\/Wishing-tree-300x300.jpg 300w\" sizes=\"auto, (max-width: 360px) 100vw, 360px\" \/>Et que serait cette rubrique sans l\u2019incontournable arbre \u00e0 souhaits&nbsp;! Vous organisez une f\u00eate d&rsquo;anniversaire pour enfants dans le jardin&nbsp;? Demandez aux invit\u00e9s de suspendre leurs petites notes souvenirs sur les branches d\u2019un arbre. Votre arbre \u00e0 souhaits est pr\u00eat&nbsp;! Il ne reste plus qu\u2019\u00e0 attendre que les v\u0153ux se r\u00e9alisent&nbsp;! \ud83d\ude42<\/p>\n<p>Bien \u00e9videmment, vous ne devez pas n\u00e9cessairement utiliser les branches de l\u2019arbre&nbsp;! Vous pouvez aussi tenter quelque chose de diff\u00e9rent. Pourquoi ne pas enrouler une corde ou des guirlandes de No\u00ebl autour du tronc pour y accueillir les notes souvenirs&nbsp;?<\/p>\n<div class=\"clear\" style=\"height:0px\"><\/div>\n<h2>\u00c9tape&nbsp;4. Des souvenirs \u00e0 garder pour plus tard&nbsp;!<\/h2>\n<p>La f\u00eate est termin\u00e9e. Il est temps de vous d\u00e9barrasser de vos petites notes souvenirs&nbsp;? Certainement pas&nbsp;! Que la f\u00eate des souvenirs continue&nbsp;!<\/p>\n<h3>Album de souhaits<\/h3>\n<p><a href=\"https:\/\/www.smartphoto.fr\/livre-photo?utm_source=blog&amp;utm_medium=social&amp;utm_campaign=petitesnotespartie2\" target=\"_blank\" rel=\"noopener noreferrer\"><img loading=\"lazy\" decoding=\"async\" class=\"alignnone wp-image-6108 size-full\" title=\"petites notes souvenirs\" src=\"https:\/\/storage.googleapis.com\/smartphoto-express-production-wp-blogs-com\/10\/2017\/06\/wishleaves10.jpg\" alt=\"petites notes souvenirs\" width=\"720\" height=\"360\" srcset=\"https:\/\/storage.googleapis.com\/smartphoto-express-production-wp-blogs-com\/10\/2017\/06\/wishleaves10.jpg 720w, https:\/\/storage.googleapis.com\/smartphoto-express-production-wp-blogs-com\/10\/2017\/06\/wishleaves10-300x150.jpg 300w\" sizes=\"auto, (max-width: 720px) 100vw, 720px\" \/><\/a><\/p>\n<p>Au m\u00eame titre que les photos prises pendant la f\u00eate, les notes souvenirs laiss\u00e9es par vos invit\u00e9s sont autant de tr\u00e9sors \u00e0 ch\u00e9rir. Pourquoi ne pas les coller dans <a href=\"https:\/\/www.smartphoto.fr\/livre-photo\">le livre photo de votre f\u00eate<\/a>, diss\u00e9min\u00e9es \u00e7a et l\u00e0 parmi les photos&nbsp;? Et si vous avez une photo individuelle de chacun de vos invit\u00e9s, amusez-vous \u00e0 associer chaque photo \u00e0 la note souvenir correspondante.<\/p>\n<h3>Capsule temporelle remplie de souhaits<\/h3>\n<p><a href=\"https:\/\/www.smartphoto.fr\/cadeaux-photo\/bloc-notes-photo?utm_source=blog&amp;utm_medium=social&amp;utm_campaign=petitesnotespartie2\" target=\"_blank\" rel=\"noopener noreferrer\"><img loading=\"lazy\" decoding=\"async\" class=\"alignnone wp-image-6109 size-full\" title=\"petites notes souvenirs\" src=\"https:\/\/storage.googleapis.com\/smartphoto-express-production-wp-blogs-com\/10\/2017\/06\/wishleaves11.jpg\" alt=\"petites notes souvenirs\" width=\"720\" height=\"360\" srcset=\"https:\/\/storage.googleapis.com\/smartphoto-express-production-wp-blogs-com\/10\/2017\/06\/wishleaves11.jpg 720w, https:\/\/storage.googleapis.com\/smartphoto-express-production-wp-blogs-com\/10\/2017\/06\/wishleaves11-300x150.jpg 300w\" sizes=\"auto, (max-width: 720px) 100vw, 720px\" \/><\/a><\/p>\n<p>Placez toutes les petites notes souvenirs dans un bocal ou une bo\u00eete en bois, fermez herm\u00e9tiquement et enterrez votre tr\u00e9sor dans le jardin. Au bout de 10&nbsp;ans, d\u00e9terrez-le et lisez les souhaits, afin de voir lesquels sont devenus r\u00e9alit\u00e9. Une v\u00e9ritable capsule temporelle&nbsp;!<\/p>\n<h3>Message dans une bouteille<\/h3>\n<p>Envie d\u2019aller encore plus loin&nbsp;? Alors lib\u00e9rez votre esprit d\u2019aventure. D\u00e9posez toutes vos petites notes souvenirs, avec vos coordonn\u00e9es, dans une bouteille en verre et jetez-la \u00e0 la mer. Qui sait&nbsp;? Peut-\u00eatre que quelqu\u2019un tombera sur votre bouteille de souhaits et vous contactera d\u2019Angleterre ou du Portugal&nbsp;!<\/p>\n<h3>Bo\u00eete \u00e0 bijoux<\/h3>\n<p><a href=\"https:\/\/www.smartphoto.fr\/cadeaux-photo\/boite-bijoux-photo?utm_source=blog&amp;utm_medium=social&amp;utm_campaign=petitesnotespartie2\" target=\"_blank\" rel=\"noopener noreferrer\"><img loading=\"lazy\" decoding=\"async\" class=\"alignnone wp-image-6110 size-full\" title=\"petites notes souvenirs\" src=\"https:\/\/storage.googleapis.com\/smartphoto-express-production-wp-blogs-com\/10\/2017\/06\/wishleaves12.jpg\" alt=\"petites notes souvenirs\" width=\"720\" height=\"360\" srcset=\"https:\/\/storage.googleapis.com\/smartphoto-express-production-wp-blogs-com\/10\/2017\/06\/wishleaves12.jpg 720w, https:\/\/storage.googleapis.com\/smartphoto-express-production-wp-blogs-com\/10\/2017\/06\/wishleaves12-300x150.jpg 300w\" sizes=\"auto, (max-width: 720px) 100vw, 720px\" \/><\/a><\/p>\n<p>Mais peut-\u00eatre que l\u2019id\u00e9e de devoir attendre des ann\u00e9es pour pouvoir relire vos petites notes souvenirs, si vous les revoyez un jour, ne vous tente pas. Dans ce cas, vous pouvez tout simplement les rassembler dans une <a href=\"https:\/\/www.smartphoto.fr\/cadeaux-photo\/boite-bijoux-photo\">bo\u00eete \u00e0 bijoux orn\u00e9e de votre photo de mariage sur le couvercle<\/a>, qu\u2019il vous suffira d\u2019ouvrir d\u00e8s que vous aurez envie de lire un souhait.<\/p>\n<p>Est-ce que vos petites notes souvenirs vont vous aider \u00e0 concr\u00e9tiser tous vos souhaits&nbsp;? Sait-on jamais \ud83d\ude09<\/p>\n","protected":false},"excerpt":{"rendered":"<p>Petites notes souvenirs Faites le plein d&rsquo;id\u00e9es pour pr\u00e9senter les petites notes de mani\u00e8re originale \u00e0 votre f\u00eate. Dans la partie&nbsp;1 de cet article de blog consacr\u00e9 aux petites notes souvenirs, nous vous avons donn\u00e9 des exemples de questions \u00e0 poser aux invit\u00e9s par le biais des notes souvenirs, en fonction de l\u2019\u00e9v\u00e9nement organis\u00e9. Dans la partie&nbsp;2, vous allez d\u00e9couvrir plein d\u2019id\u00e9es originales pour pr\u00e9senter avec style les petites notes souvenirs laiss\u00e9es par vos invit\u00e9s. \u00c9tape&nbsp;3. Profitez au maximum de vos petites notes souvenirs&nbsp;! Voil\u00e0, vos invit\u00e9s ont laiss\u00e9 leurs messages. Et maintenant&nbsp;? \u00c7a ne s\u2019arr\u00eate pas l\u00e0&nbsp;! Les possibilit\u00e9s<\/p>\n","protected":false},"author":1,"featured_media":6103,"comment_status":"open","ping_status":"open","sticky":false,"template":"","format":"standard","meta":{"om_disable_all_campaigns":false,"_monsterinsights_skip_tracking":false,"_monsterinsights_sitenote_active":false,"_monsterinsights_sitenote_note":"","_monsterinsights_sitenote_category":0,"footnotes":""},"categories":[70,16,76,77],"tags":[],"class_list":["post-6096","post","type-post","status-publish","format-standard","has-post-thumbnail","hentry","category-anniversaire","category-idees","category-mariage","category-naissance"],"yoast_head":"<!-- This site is optimized with the Yoast SEO plugin v23.8 - https:\/\/yoast.com\/wordpress\/plugins\/seo\/ -->\n<title>Les petites notes souvenirs : id\u00e9es originales pour la d\u00e9coration de votre f\u00eate<\/title>\n<meta name=\"description\" content=\"D\u00e9couvrez plein d\u2019id\u00e9es originales pour pr\u00e9senter avec style les petites notes souvenirs laiss\u00e9es par vos invit\u00e9s. Les possibilit\u00e9s sont infinies !\" \/>\n<meta name=\"robots\" content=\"index, follow, max-snippet:-1, max-image-preview:large, max-video-preview:-1\" \/>\n<link rel=\"canonical\" href=\"https:\/\/www.smartphoto.fr\/inspiration\/petites-notes-souvenirs-2eme-partie\" \/>\n<meta property=\"og:locale\" content=\"fr_FR\" \/>\n<meta property=\"og:type\" content=\"article\" \/>\n<meta property=\"og:title\" content=\"Les petites notes souvenirs : id\u00e9es originales pour la d\u00e9coration de votre f\u00eate\" \/>\n<meta property=\"og:description\" content=\"D\u00e9couvrez plein d\u2019id\u00e9es originales pour pr\u00e9senter avec style les petites notes souvenirs laiss\u00e9es par vos invit\u00e9s. Les possibilit\u00e9s sont infinies !\" \/>\n<meta property=\"og:url\" content=\"\/inspiration\/petites-notes-souvenirs-2eme-partie\" \/>\n<meta property=\"og:site_name\" content=\"smartphoto FR\" \/>\n<meta property=\"article:publisher\" content=\"https:\/\/www.facebook.com\/smartphoto.fr\" \/>\n<meta property=\"article:published_time\" content=\"2017-07-03T10:28:09+00:00\" \/>\n<meta property=\"article:modified_time\" content=\"2019-11-12T15:10:32+00:00\" \/>\n<meta property=\"og:image\" content=\"https:\/\/storage.googleapis.com\/smartphoto-express-production-wp-blogs-com\/10\/2017\/06\/wishleaves5.jpg\" \/>\n\t<meta property=\"og:image:width\" content=\"720\" \/>\n\t<meta property=\"og:image:height\" content=\"360\" \/>\n\t<meta property=\"og:image:type\" content=\"image\/jpeg\" \/>\n<meta name=\"author\" content=\"admin\" \/>\n<meta name=\"twitter:card\" content=\"summary_large_image\" \/>\n<meta name=\"twitter:creator\" content=\"@smartphoto_fr\" \/>\n<meta name=\"twitter:site\" content=\"@smartphoto_fr\" \/>\n<meta name=\"twitter:label1\" content=\"Written by\" \/>\n\t<meta name=\"twitter:data1\" content=\"admin\" \/>\n\t<meta name=\"twitter:label2\" content=\"Est. reading time\" \/>\n\t<meta name=\"twitter:data2\" content=\"5 minutes\" \/>\n<script type=\"application\/ld+json\" class=\"yoast-schema-graph\">{\"@context\":\"https:\/\/schema.org\",\"@graph\":[{\"@type\":\"WebPage\",\"@id\":\"\/inspiration\/petites-notes-souvenirs-2eme-partie\",\"url\":\"https:\/\/www.smartphoto.fr\/inspiration\/petites-notes-souvenirs-2eme-partie\",\"name\":\"Les petites notes souvenirs : id\u00e9es originales pour la d\u00e9coration de votre f\u00eate\",\"isPartOf\":{\"@id\":\"https:\/\/www.smartphoto.fr\/inspiration\/#website\"},\"primaryImageOfPage\":{\"@id\":\"https:\/\/www.smartphoto.fr\/inspiration\/petites-notes-souvenirs-2eme-partie#primaryimage\"},\"image\":{\"@id\":\"https:\/\/www.smartphoto.fr\/inspiration\/petites-notes-souvenirs-2eme-partie#primaryimage\"},\"thumbnailUrl\":\"https:\/\/storage.googleapis.com\/smartphoto-express-production-wp-blogs-com\/10\/2017\/06\/wishleaves5.jpg\",\"datePublished\":\"2017-07-03T10:28:09+00:00\",\"dateModified\":\"2019-11-12T15:10:32+00:00\",\"author\":{\"@id\":\"https:\/\/www.smartphoto.fr\/inspiration\/#\/schema\/person\/c256b3f50ae468ee69f4b486108c797b\"},\"description\":\"D\u00e9couvrez plein d\u2019id\u00e9es originales pour pr\u00e9senter avec style les petites notes souvenirs laiss\u00e9es par vos invit\u00e9s. Les possibilit\u00e9s sont infinies !\",\"breadcrumb\":{\"@id\":\"https:\/\/www.smartphoto.fr\/inspiration\/petites-notes-souvenirs-2eme-partie#breadcrumb\"},\"inLanguage\":\"fr-FR\",\"potentialAction\":[{\"@type\":\"ReadAction\",\"target\":[\"https:\/\/www.smartphoto.fr\/inspiration\/petites-notes-souvenirs-2eme-partie\"]}]},{\"@type\":\"ImageObject\",\"inLanguage\":\"fr-FR\",\"@id\":\"https:\/\/www.smartphoto.fr\/inspiration\/petites-notes-souvenirs-2eme-partie#primaryimage\",\"url\":\"https:\/\/storage.googleapis.com\/smartphoto-express-production-wp-blogs-com\/10\/2017\/06\/wishleaves5.jpg\",\"contentUrl\":\"https:\/\/storage.googleapis.com\/smartphoto-express-production-wp-blogs-com\/10\/2017\/06\/wishleaves5.jpg\",\"width\":720,\"height\":360,\"caption\":\"petites notes souvenirs\"},{\"@type\":\"BreadcrumbList\",\"@id\":\"https:\/\/www.smartphoto.fr\/inspiration\/petites-notes-souvenirs-2eme-partie#breadcrumb\",\"itemListElement\":[{\"@type\":\"ListItem\",\"position\":1,\"name\":\"Home\",\"item\":\"https:\/\/www.smartphoto.fr\/inspiration\/\"},{\"@type\":\"ListItem\",\"position\":2,\"name\":\"Les petites notes souvenirs : la nouvelle tendance des f\u00eates (2\u00e8me partie)\"}]},{\"@type\":\"WebSite\",\"@id\":\"https:\/\/www.smartphoto.fr\/inspiration\/#website\",\"url\":\"https:\/\/www.smartphoto.fr\/inspiration\/\",\"name\":\"smartphoto FR\",\"description\":\"Le blog de smartphoto France.\",\"potentialAction\":[{\"@type\":\"SearchAction\",\"target\":{\"@type\":\"EntryPoint\",\"urlTemplate\":\"https:\/\/www.smartphoto.fr\/inspiration\/?s={search_term_string}\"},\"query-input\":{\"@type\":\"PropertyValueSpecification\",\"valueRequired\":true,\"valueName\":\"search_term_string\"}}],\"inLanguage\":\"fr-FR\"},{\"@type\":\"Person\",\"@id\":\"https:\/\/www.smartphoto.fr\/inspiration\/#\/schema\/person\/c256b3f50ae468ee69f4b486108c797b\",\"name\":\"admin\",\"image\":{\"@type\":\"ImageObject\",\"inLanguage\":\"fr-FR\",\"@id\":\"https:\/\/www.smartphoto.fr\/inspiration\/#\/schema\/person\/image\/\",\"url\":\"https:\/\/secure.gravatar.com\/avatar\/8f9488249a21b1f2cc85dc7982dc95c4?s=96&d=mm&r=g\",\"contentUrl\":\"https:\/\/secure.gravatar.com\/avatar\/8f9488249a21b1f2cc85dc7982dc95c4?s=96&d=mm&r=g\",\"caption\":\"admin\"},\"url\":\"https:\/\/www.smartphoto.fr\/inspiration\/author\/admin\"}]}<\/script>\n<!-- \/ Yoast SEO plugin. -->","yoast_head_json":{"title":"Les petites notes souvenirs : id\u00e9es originales pour la d\u00e9coration de votre f\u00eate","description":"D\u00e9couvrez plein d\u2019id\u00e9es originales pour pr\u00e9senter avec style les petites notes souvenirs laiss\u00e9es par vos invit\u00e9s. Les possibilit\u00e9s sont infinies !","robots":{"index":"index","follow":"follow","max-snippet":"max-snippet:-1","max-image-preview":"max-image-preview:large","max-video-preview":"max-video-preview:-1"},"canonical":"https:\/\/www.smartphoto.fr\/inspiration\/petites-notes-souvenirs-2eme-partie","og_locale":"fr_FR","og_type":"article","og_title":"Les petites notes souvenirs : id\u00e9es originales pour la d\u00e9coration de votre f\u00eate","og_description":"D\u00e9couvrez plein d\u2019id\u00e9es originales pour pr\u00e9senter avec style les petites notes souvenirs laiss\u00e9es par vos invit\u00e9s. Les possibilit\u00e9s sont infinies !","og_url":"\/inspiration\/petites-notes-souvenirs-2eme-partie","og_site_name":"smartphoto FR","article_publisher":"https:\/\/www.facebook.com\/smartphoto.fr","article_published_time":"2017-07-03T10:28:09+00:00","article_modified_time":"2019-11-12T15:10:32+00:00","og_image":[{"width":720,"height":360,"url":"https:\/\/storage.googleapis.com\/smartphoto-express-production-wp-blogs-com\/10\/2017\/06\/wishleaves5.jpg","type":"image\/jpeg"}],"author":"admin","twitter_card":"summary_large_image","twitter_creator":"@smartphoto_fr","twitter_site":"@smartphoto_fr","twitter_misc":{"Written by":"admin","Est. reading time":"5 minutes"},"schema":{"@context":"https:\/\/schema.org","@graph":[{"@type":"WebPage","@id":"\/inspiration\/petites-notes-souvenirs-2eme-partie","url":"https:\/\/www.smartphoto.fr\/inspiration\/petites-notes-souvenirs-2eme-partie","name":"Les petites notes souvenirs : id\u00e9es originales pour la d\u00e9coration de votre f\u00eate","isPartOf":{"@id":"https:\/\/www.smartphoto.fr\/inspiration\/#website"},"primaryImageOfPage":{"@id":"https:\/\/www.smartphoto.fr\/inspiration\/petites-notes-souvenirs-2eme-partie#primaryimage"},"image":{"@id":"https:\/\/www.smartphoto.fr\/inspiration\/petites-notes-souvenirs-2eme-partie#primaryimage"},"thumbnailUrl":"https:\/\/storage.googleapis.com\/smartphoto-express-production-wp-blogs-com\/10\/2017\/06\/wishleaves5.jpg","datePublished":"2017-07-03T10:28:09+00:00","dateModified":"2019-11-12T15:10:32+00:00","author":{"@id":"https:\/\/www.smartphoto.fr\/inspiration\/#\/schema\/person\/c256b3f50ae468ee69f4b486108c797b"},"description":"D\u00e9couvrez plein d\u2019id\u00e9es originales pour pr\u00e9senter avec style les petites notes souvenirs laiss\u00e9es par vos invit\u00e9s. Les possibilit\u00e9s sont infinies !","breadcrumb":{"@id":"https:\/\/www.smartphoto.fr\/inspiration\/petites-notes-souvenirs-2eme-partie#breadcrumb"},"inLanguage":"fr-FR","potentialAction":[{"@type":"ReadAction","target":["https:\/\/www.smartphoto.fr\/inspiration\/petites-notes-souvenirs-2eme-partie"]}]},{"@type":"ImageObject","inLanguage":"fr-FR","@id":"https:\/\/www.smartphoto.fr\/inspiration\/petites-notes-souvenirs-2eme-partie#primaryimage","url":"https:\/\/storage.googleapis.com\/smartphoto-express-production-wp-blogs-com\/10\/2017\/06\/wishleaves5.jpg","contentUrl":"https:\/\/storage.googleapis.com\/smartphoto-express-production-wp-blogs-com\/10\/2017\/06\/wishleaves5.jpg","width":720,"height":360,"caption":"petites notes souvenirs"},{"@type":"BreadcrumbList","@id":"https:\/\/www.smartphoto.fr\/inspiration\/petites-notes-souvenirs-2eme-partie#breadcrumb","itemListElement":[{"@type":"ListItem","position":1,"name":"Home","item":"https:\/\/www.smartphoto.fr\/inspiration\/"},{"@type":"ListItem","position":2,"name":"Les petites notes souvenirs : la nouvelle tendance des f\u00eates (2\u00e8me partie)"}]},{"@type":"WebSite","@id":"https:\/\/www.smartphoto.fr\/inspiration\/#website","url":"https:\/\/www.smartphoto.fr\/inspiration\/","name":"smartphoto FR","description":"Le blog de smartphoto France.","potentialAction":[{"@type":"SearchAction","target":{"@type":"EntryPoint","urlTemplate":"https:\/\/www.smartphoto.fr\/inspiration\/?s={search_term_string}"},"query-input":{"@type":"PropertyValueSpecification","valueRequired":true,"valueName":"search_term_string"}}],"inLanguage":"fr-FR"},{"@type":"Person","@id":"https:\/\/www.smartphoto.fr\/inspiration\/#\/schema\/person\/c256b3f50ae468ee69f4b486108c797b","name":"admin","image":{"@type":"ImageObject","inLanguage":"fr-FR","@id":"https:\/\/www.smartphoto.fr\/inspiration\/#\/schema\/person\/image\/","url":"https:\/\/secure.gravatar.com\/avatar\/8f9488249a21b1f2cc85dc7982dc95c4?s=96&d=mm&r=g","contentUrl":"https:\/\/secure.gravatar.com\/avatar\/8f9488249a21b1f2cc85dc7982dc95c4?s=96&d=mm&r=g","caption":"admin"},"url":"https:\/\/www.smartphoto.fr\/inspiration\/author\/admin"}]}},"_links":{"self":[{"href":"https:\/\/www.smartphoto.fr\/inspiration\/wp-json\/wp\/v2\/posts\/6096","targetHints":{"allow":["GET"]}}],"collection":[{"href":"https:\/\/www.smartphoto.fr\/inspiration\/wp-json\/wp\/v2\/posts"}],"about":[{"href":"https:\/\/www.smartphoto.fr\/inspiration\/wp-json\/wp\/v2\/types\/post"}],"author":[{"embeddable":true,"href":"https:\/\/www.smartphoto.fr\/inspiration\/wp-json\/wp\/v2\/users\/1"}],"replies":[{"embeddable":true,"href":"https:\/\/www.smartphoto.fr\/inspiration\/wp-json\/wp\/v2\/comments?post=6096"}],"version-history":[{"count":13,"href":"https:\/\/www.smartphoto.fr\/inspiration\/wp-json\/wp\/v2\/posts\/6096\/revisions"}],"predecessor-version":[{"id":9096,"href":"https:\/\/www.smartphoto.fr\/inspiration\/wp-json\/wp\/v2\/posts\/6096\/revisions\/9096"}],"wp:featuredmedia":[{"embeddable":true,"href":"https:\/\/www.smartphoto.fr\/inspiration\/wp-json\/wp\/v2\/media\/6103"}],"wp:attachment":[{"href":"https:\/\/www.smartphoto.fr\/inspiration\/wp-json\/wp\/v2\/media?parent=6096"}],"wp:term":[{"taxonomy":"category","embeddable":true,"href":"https:\/\/www.smartphoto.fr\/inspiration\/wp-json\/wp\/v2\/categories?post=6096"},{"taxonomy":"post_tag","embeddable":true,"href":"https:\/\/www.smartphoto.fr\/inspiration\/wp-json\/wp\/v2\/tags?post=6096"}],"curies":[{"name":"wp","href":"https:\/\/api.w.org\/{rel}","templated":true}]}}