{"id":5979,"date":"2017-05-20T13:31:00","date_gmt":"2017-05-20T13:31:00","guid":{"rendered":"\/inspiration\/?p=5979"},"modified":"2021-07-19T22:33:56","modified_gmt":"2021-07-19T20:33:56","slug":"t-shirt-fete-des-peres-personnalise","status":"publish","type":"post","link":"https:\/\/www.smartphoto.fr\/inspiration\/t-shirt-fete-des-peres-personnalise","title":{"rendered":"Cr\u00e9er un t-shirt f\u00eate des p\u00e8res personnalis\u00e9"},"content":{"rendered":"<p><strong>T-shirt f\u00eate des p\u00e8res personnalis\u00e9<br \/>\n<span style=\"font-weight: 400\">Envie de surprendre votre papa cette ann\u00e9e ? En quelques clics, personnalisez un joli t-shirt f\u00eate des p\u00e8res.<\/span><\/strong><!--more--><\/p>\n<h2><span style=\"font-weight: 400\">T-shirt f\u00eate des p\u00e8res personnalis\u00e9<\/span><\/h2>\n<p><span style=\"font-weight: 400\"><a href=\"\/cadeaux-photo\/t-shirt-photo\" target=\"_blank\" rel=\"noopener noreferrer\"><img loading=\"lazy\" decoding=\"async\" class=\"alignnone wp-image-5981 size-full\" src=\"https:\/\/storage.googleapis.com\/smartphoto-express-production-wp-blogs-com\/10\/2017\/05\/t-shirt-fete-des-peres-personnalise.jpg\" alt=\"t-shirt f\u00eate des p\u00e8res\" width=\"1000\" height=\"668\" srcset=\"https:\/\/storage.googleapis.com\/smartphoto-express-production-wp-blogs-com\/10\/2017\/05\/t-shirt-fete-des-peres-personnalise.jpg 1000w, https:\/\/storage.googleapis.com\/smartphoto-express-production-wp-blogs-com\/10\/2017\/05\/t-shirt-fete-des-peres-personnalise-300x200.jpg 300w, https:\/\/storage.googleapis.com\/smartphoto-express-production-wp-blogs-com\/10\/2017\/05\/t-shirt-fete-des-peres-personnalise-768x513.jpg 768w\" sizes=\"auto, (max-width: 1000px) 100vw, 1000px\" \/><\/a><br \/>\n<\/span><\/p>\n<p><span style=\"font-weight: 400\">Faites porter \u00e0 votre papa votre propre cr\u00e9ation :-). Votre cadeau ne pourra que le faire sourire, un t-shirt unique, pens\u00e9 pour lui. Que vous ayez envie de<strong><a href=\"https:\/\/www.smartphoto.fr\/cadeaux-photo\/t-shirt-photo\"> cr\u00e9er un t-shirt f\u00eate des p\u00e8res avec des photos<\/a><\/strong> de famille ou plut\u00f4t avec du texte, vous trouverez votre bonheur sur smartphoto. Ce n\u2019est pas le choix qui manque ! Il vous faudra toutefois faire un choix parmi les 37 designs disponibles. &nbsp;Dans les designs les les plus classiques, il y a bien s\u00fbr le \u201c<strong>P pour papa<\/strong>\u201d avec des photos de famille. Et parmi les plus originaux, la place de <strong>parking pour b\u00e9b\u00e9 sur le ventre de papa<\/strong> ! Vous pouvez \u00e9galement y ajouter son nom ou son surnom :). Si votre papa a de l&rsquo;humour vous pouvez opter pour le design avec une couronne pour lui montrer qu&rsquo;il est le roi des papas !<\/span><\/p>\n<p>*<em> Pour t\u00e9l\u00e9charger le design parking \u00e0 b\u00e9b\u00e9, c&rsquo;est par ici : t\u00e9l\u00e9charger<\/em>&nbsp;<em>l\u2019image en&nbsp;<a href=\"https:\/\/storage.googleapis.com\/smartphoto-express-production-wp-blogs-com\/10\/2017\/05\/Smartphoto_Blog_BabyParking_White_T-Shirt.png\" target=\"_blank\" rel=\"noopener noreferrer\"><strong><u>blanc<\/u><\/strong><\/a>&nbsp;ou en&nbsp;<a href=\"https:\/\/storage.googleapis.com\/smartphoto-express-production-wp-blogs-com\/10\/2017\/05\/Smartphoto_Blog_BabyParking_Black_T-Shirt.png\" target=\"_blank\" rel=\"noopener noreferrer\"><strong><u>noir<\/u><\/strong><\/a>.<\/em><\/p>\n<p><a href=\"\/cadeaux-photo\/textile\/vetements\" target=\"_blank\" rel=\"noopener noreferrer\"><img loading=\"lazy\" decoding=\"async\" class=\"alignnone wp-image-5980 size-full\" src=\"https:\/\/storage.googleapis.com\/smartphoto-express-production-wp-blogs-com\/10\/2017\/05\/t-shirt-fete-des-peres-photo.jpg\" alt=\"t-shirt f\u00eate des p\u00e8res\" width=\"1000\" height=\"667\" srcset=\"https:\/\/storage.googleapis.com\/smartphoto-express-production-wp-blogs-com\/10\/2017\/05\/t-shirt-fete-des-peres-photo.jpg 1000w, https:\/\/storage.googleapis.com\/smartphoto-express-production-wp-blogs-com\/10\/2017\/05\/t-shirt-fete-des-peres-photo-300x200.jpg 300w, https:\/\/storage.googleapis.com\/smartphoto-express-production-wp-blogs-com\/10\/2017\/05\/t-shirt-fete-des-peres-photo-768x512.jpg 768w\" sizes=\"auto, (max-width: 1000px) 100vw, 1000px\" \/><\/a><\/p>\n<p><span style=\"font-weight: 400\">Si vous souhaitez lui offrir un t-shirt plus \u201cphoto\u201d que \u201ctexte\u201d, vous pouvez <strong>ajouter jusqu&rsquo;\u00e0 11 photos<\/strong> sur votre t-shirt f\u00eate des p\u00e8res personnalis\u00e9. Il ne vous reste plus qu\u2019\u00e0 choisir vos photos et \u00e0 commander la bonne taille \ud83d\ude42 !<\/span><\/p>\n<p><span style=\"font-weight: 400\"><a href=\"https:\/\/www.smartphoto.fr\/cadeaux-photo\/t-shirt-photo\">Tous les t-shirt sont disponibles en 5 couleurs et tailles<\/a>: blanc, noir, rouge, bleu fonc\u00e9 et gris et S, M, L, XL et XXL.<\/span><span style=\"font-weight: 400\"><br \/>\n<\/span><\/p>\n<p><span style=\"font-weight: 400\">Psst ! Vous voulez encore <strong>plus d\u2019id\u00e9es cadeaux f\u00eate des p\u00e8res<\/strong> ? D\u00e9couvrez notre <a href=\"https:\/\/www.smartphoto.fr\/cadeau-fete-des-peres-personnalise\">boutique f\u00eate des p\u00e8res<\/a> et nos articles pour <a href=\"\/inspiration\/porte-cle-fete-des-peres\">personnaliser un porte-cl\u00e9 f\u00eate des p\u00e8res <\/a>et <a href=\"\/inspiration\/bricolage-fete-des-peres\">r\u00e9aliser un bricolage de f\u00eate des p\u00e8res.<\/a><br \/>\n<\/span><span style=\"font-weight: 400\">Pour les retardataires, il n&rsquo;est pas trop tard, <a href=\"\/inspiration\/idee-fete-des-peres\">t\u00e9l\u00e9chargez notre DIY coupon pour la f\u00eate des p\u00e8res<\/a>.<br \/>\n<\/span><span style=\"font-weight: 400\"><br \/>\n<\/span><span style=\"font-weight: 400\">On adore voir vos cr\u00e9ations ! Partagez avec nous votre t-shirt f\u00eate des p\u00e8res personnalis\u00e9 sur les r\u00e9seaux sociaux <strong><a href=\"https:\/\/www.facebook.com\/smartphoto.fr\" target=\"_blank\" rel=\"noopener noreferrer\">Facebook<\/a>,&nbsp;<a href=\"https:\/\/twitter.com\/smartphoto_fr\" target=\"_blank\" rel=\"noopener noreferrer\">Twitter<\/a>,&nbsp;<a href=\"https:\/\/instagram.com\/smartphoto_fr\/\" target=\"_blank\" rel=\"noopener noreferrer\">Instagram<\/a>,&nbsp;<a href=\"https:\/\/www.pinterest.com\/smartphotofr\/\" target=\"_blank\" rel=\"noopener noreferrer\">Pinterest<\/a>&nbsp;<\/strong>ou<strong>&nbsp;<a href=\"https:\/\/plus.google.com\/+SmartphotoFr\/posts\" target=\"_blank\" rel=\"noopener noreferrer\">Google+<\/a><\/strong>&nbsp; avec le hashtag #smartphoto.<\/span><\/p>\n","protected":false},"excerpt":{"rendered":"<p>T-shirt f\u00eate des p\u00e8res personnalis\u00e9 Envie de surprendre votre papa cette ann\u00e9e ? En quelques clics, personnalisez un joli t-shirt f\u00eate des p\u00e8res.<\/p>\n","protected":false},"author":10,"featured_media":5981,"comment_status":"open","ping_status":"open","sticky":false,"template":"","format":"standard","meta":{"om_disable_all_campaigns":false,"_monsterinsights_skip_tracking":false,"_monsterinsights_sitenote_active":false,"_monsterinsights_sitenote_note":"","_monsterinsights_sitenote_category":0,"footnotes":""},"categories":[75],"tags":[],"class_list":["post-5979","post","type-post","status-publish","format-standard","has-post-thumbnail","hentry","category-fete-des-peres"],"yoast_head":"<!-- This site is optimized with the Yoast SEO plugin v23.8 - https:\/\/yoast.com\/wordpress\/plugins\/seo\/ -->\n<title>Cr\u00e9er facilement un t-shirt f\u00eate des p\u00e8res personnalis\u00e9<\/title>\n<meta name=\"description\" content=\"Envie de surprendre votre papa pour la f\u00eate des p\u00e8res cette ann\u00e9e ? En quelques clics, personnalisez un joli t-shirt f\u00eate des p\u00e8res.\" \/>\n<meta name=\"robots\" content=\"index, follow, max-snippet:-1, max-image-preview:large, max-video-preview:-1\" \/>\n<link rel=\"canonical\" href=\"https:\/\/www.smartphoto.fr\/inspiration\/t-shirt-fete-des-peres-personnalise\" \/>\n<meta property=\"og:locale\" content=\"fr_FR\" \/>\n<meta property=\"og:type\" content=\"article\" \/>\n<meta property=\"og:title\" content=\"Cr\u00e9er facilement un t-shirt f\u00eate des p\u00e8res personnalis\u00e9\" \/>\n<meta property=\"og:description\" content=\"Envie de surprendre votre papa pour la f\u00eate des p\u00e8res cette ann\u00e9e ? En quelques clics, personnalisez un joli t-shirt f\u00eate des p\u00e8res.\" \/>\n<meta property=\"og:url\" content=\"\/inspiration\/t-shirt-fete-des-peres-personnalise\" \/>\n<meta property=\"og:site_name\" content=\"smartphoto FR\" \/>\n<meta property=\"article:publisher\" content=\"https:\/\/www.facebook.com\/smartphoto.fr\" \/>\n<meta property=\"article:published_time\" content=\"2017-05-20T13:31:00+00:00\" \/>\n<meta property=\"article:modified_time\" content=\"2021-07-19T20:33:56+00:00\" \/>\n<meta property=\"og:image\" content=\"https:\/\/storage.googleapis.com\/smartphoto-express-production-wp-blogs-com\/10\/2017\/05\/t-shirt-fete-des-peres-personnalise.jpg\" \/>\n\t<meta property=\"og:image:width\" content=\"1000\" \/>\n\t<meta property=\"og:image:height\" content=\"668\" \/>\n\t<meta property=\"og:image:type\" content=\"image\/jpeg\" \/>\n<meta name=\"author\" content=\"Claire\" \/>\n<meta name=\"twitter:card\" content=\"summary_large_image\" \/>\n<meta name=\"twitter:creator\" content=\"@smartphoto_fr\" \/>\n<meta name=\"twitter:site\" content=\"@smartphoto_fr\" \/>\n<meta name=\"twitter:label1\" content=\"Written by\" \/>\n\t<meta name=\"twitter:data1\" content=\"Claire\" \/>\n\t<meta name=\"twitter:label2\" content=\"Est. reading time\" \/>\n\t<meta name=\"twitter:data2\" content=\"2 minutes\" \/>\n<script type=\"application\/ld+json\" class=\"yoast-schema-graph\">{\"@context\":\"https:\/\/schema.org\",\"@graph\":[{\"@type\":\"WebPage\",\"@id\":\"\/inspiration\/t-shirt-fete-des-peres-personnalise\",\"url\":\"https:\/\/www.smartphoto.fr\/inspiration\/t-shirt-fete-des-peres-personnalise\",\"name\":\"Cr\u00e9er facilement un t-shirt f\u00eate des p\u00e8res personnalis\u00e9\",\"isPartOf\":{\"@id\":\"https:\/\/www.smartphoto.fr\/inspiration\/#website\"},\"primaryImageOfPage\":{\"@id\":\"https:\/\/www.smartphoto.fr\/inspiration\/t-shirt-fete-des-peres-personnalise#primaryimage\"},\"image\":{\"@id\":\"https:\/\/www.smartphoto.fr\/inspiration\/t-shirt-fete-des-peres-personnalise#primaryimage\"},\"thumbnailUrl\":\"https:\/\/storage.googleapis.com\/smartphoto-express-production-wp-blogs-com\/10\/2017\/05\/t-shirt-fete-des-peres-personnalise.jpg\",\"datePublished\":\"2017-05-20T13:31:00+00:00\",\"dateModified\":\"2021-07-19T20:33:56+00:00\",\"author\":{\"@id\":\"https:\/\/www.smartphoto.fr\/inspiration\/#\/schema\/person\/b743c2a89fcff4d18195130bb0259ffe\"},\"description\":\"Envie de surprendre votre papa pour la f\u00eate des p\u00e8res cette ann\u00e9e ? En quelques clics, personnalisez un joli t-shirt f\u00eate des p\u00e8res.\",\"breadcrumb\":{\"@id\":\"https:\/\/www.smartphoto.fr\/inspiration\/t-shirt-fete-des-peres-personnalise#breadcrumb\"},\"inLanguage\":\"fr-FR\",\"potentialAction\":[{\"@type\":\"ReadAction\",\"target\":[\"https:\/\/www.smartphoto.fr\/inspiration\/t-shirt-fete-des-peres-personnalise\"]}]},{\"@type\":\"ImageObject\",\"inLanguage\":\"fr-FR\",\"@id\":\"https:\/\/www.smartphoto.fr\/inspiration\/t-shirt-fete-des-peres-personnalise#primaryimage\",\"url\":\"https:\/\/storage.googleapis.com\/smartphoto-express-production-wp-blogs-com\/10\/2017\/05\/t-shirt-fete-des-peres-personnalise.jpg\",\"contentUrl\":\"https:\/\/storage.googleapis.com\/smartphoto-express-production-wp-blogs-com\/10\/2017\/05\/t-shirt-fete-des-peres-personnalise.jpg\",\"width\":1000,\"height\":668,\"caption\":\"t-shirt f\u00eate des p\u00e8res\"},{\"@type\":\"BreadcrumbList\",\"@id\":\"https:\/\/www.smartphoto.fr\/inspiration\/t-shirt-fete-des-peres-personnalise#breadcrumb\",\"itemListElement\":[{\"@type\":\"ListItem\",\"position\":1,\"name\":\"Home\",\"item\":\"https:\/\/www.smartphoto.fr\/inspiration\/\"},{\"@type\":\"ListItem\",\"position\":2,\"name\":\"Cr\u00e9er un t-shirt f\u00eate des p\u00e8res personnalis\u00e9\"}]},{\"@type\":\"WebSite\",\"@id\":\"https:\/\/www.smartphoto.fr\/inspiration\/#website\",\"url\":\"https:\/\/www.smartphoto.fr\/inspiration\/\",\"name\":\"smartphoto FR\",\"description\":\"Le blog de smartphoto France.\",\"potentialAction\":[{\"@type\":\"SearchAction\",\"target\":{\"@type\":\"EntryPoint\",\"urlTemplate\":\"https:\/\/www.smartphoto.fr\/inspiration\/?s={search_term_string}\"},\"query-input\":{\"@type\":\"PropertyValueSpecification\",\"valueRequired\":true,\"valueName\":\"search_term_string\"}}],\"inLanguage\":\"fr-FR\"},{\"@type\":\"Person\",\"@id\":\"https:\/\/www.smartphoto.fr\/inspiration\/#\/schema\/person\/b743c2a89fcff4d18195130bb0259ffe\",\"name\":\"Claire\",\"image\":{\"@type\":\"ImageObject\",\"inLanguage\":\"fr-FR\",\"@id\":\"https:\/\/www.smartphoto.fr\/inspiration\/#\/schema\/person\/image\/\",\"url\":\"https:\/\/secure.gravatar.com\/avatar\/9f27a09fb8046031a47a9f22ce0ca8e9?s=96&d=mm&r=g\",\"contentUrl\":\"https:\/\/secure.gravatar.com\/avatar\/9f27a09fb8046031a47a9f22ce0ca8e9?s=96&d=mm&r=g\",\"caption\":\"Claire\"},\"description\":\"Claire, 26 ans, passionn\u00e9e de voyages et de danse. J\u2019adore d\u00e9nicher les nouveaut\u00e9s DIY et d\u00e9coration. Je blogue pour smartphoto les astuces \u00e0 r\u00e9aliser avec vos photos.\",\"url\":\"https:\/\/www.smartphoto.fr\/inspiration\/author\/claire\"}]}<\/script>\n<!-- \/ Yoast SEO plugin. -->","yoast_head_json":{"title":"Cr\u00e9er facilement un t-shirt f\u00eate des p\u00e8res personnalis\u00e9","description":"Envie de surprendre votre papa pour la f\u00eate des p\u00e8res cette ann\u00e9e ? En quelques clics, personnalisez un joli t-shirt f\u00eate des p\u00e8res.","robots":{"index":"index","follow":"follow","max-snippet":"max-snippet:-1","max-image-preview":"max-image-preview:large","max-video-preview":"max-video-preview:-1"},"canonical":"https:\/\/www.smartphoto.fr\/inspiration\/t-shirt-fete-des-peres-personnalise","og_locale":"fr_FR","og_type":"article","og_title":"Cr\u00e9er facilement un t-shirt f\u00eate des p\u00e8res personnalis\u00e9","og_description":"Envie de surprendre votre papa pour la f\u00eate des p\u00e8res cette ann\u00e9e ? En quelques clics, personnalisez un joli t-shirt f\u00eate des p\u00e8res.","og_url":"\/inspiration\/t-shirt-fete-des-peres-personnalise","og_site_name":"smartphoto FR","article_publisher":"https:\/\/www.facebook.com\/smartphoto.fr","article_published_time":"2017-05-20T13:31:00+00:00","article_modified_time":"2021-07-19T20:33:56+00:00","og_image":[{"width":1000,"height":668,"url":"https:\/\/storage.googleapis.com\/smartphoto-express-production-wp-blogs-com\/10\/2017\/05\/t-shirt-fete-des-peres-personnalise.jpg","type":"image\/jpeg"}],"author":"Claire","twitter_card":"summary_large_image","twitter_creator":"@smartphoto_fr","twitter_site":"@smartphoto_fr","twitter_misc":{"Written by":"Claire","Est. reading time":"2 minutes"},"schema":{"@context":"https:\/\/schema.org","@graph":[{"@type":"WebPage","@id":"\/inspiration\/t-shirt-fete-des-peres-personnalise","url":"https:\/\/www.smartphoto.fr\/inspiration\/t-shirt-fete-des-peres-personnalise","name":"Cr\u00e9er facilement un t-shirt f\u00eate des p\u00e8res personnalis\u00e9","isPartOf":{"@id":"https:\/\/www.smartphoto.fr\/inspiration\/#website"},"primaryImageOfPage":{"@id":"https:\/\/www.smartphoto.fr\/inspiration\/t-shirt-fete-des-peres-personnalise#primaryimage"},"image":{"@id":"https:\/\/www.smartphoto.fr\/inspiration\/t-shirt-fete-des-peres-personnalise#primaryimage"},"thumbnailUrl":"https:\/\/storage.googleapis.com\/smartphoto-express-production-wp-blogs-com\/10\/2017\/05\/t-shirt-fete-des-peres-personnalise.jpg","datePublished":"2017-05-20T13:31:00+00:00","dateModified":"2021-07-19T20:33:56+00:00","author":{"@id":"https:\/\/www.smartphoto.fr\/inspiration\/#\/schema\/person\/b743c2a89fcff4d18195130bb0259ffe"},"description":"Envie de surprendre votre papa pour la f\u00eate des p\u00e8res cette ann\u00e9e ? En quelques clics, personnalisez un joli t-shirt f\u00eate des p\u00e8res.","breadcrumb":{"@id":"https:\/\/www.smartphoto.fr\/inspiration\/t-shirt-fete-des-peres-personnalise#breadcrumb"},"inLanguage":"fr-FR","potentialAction":[{"@type":"ReadAction","target":["https:\/\/www.smartphoto.fr\/inspiration\/t-shirt-fete-des-peres-personnalise"]}]},{"@type":"ImageObject","inLanguage":"fr-FR","@id":"https:\/\/www.smartphoto.fr\/inspiration\/t-shirt-fete-des-peres-personnalise#primaryimage","url":"https:\/\/storage.googleapis.com\/smartphoto-express-production-wp-blogs-com\/10\/2017\/05\/t-shirt-fete-des-peres-personnalise.jpg","contentUrl":"https:\/\/storage.googleapis.com\/smartphoto-express-production-wp-blogs-com\/10\/2017\/05\/t-shirt-fete-des-peres-personnalise.jpg","width":1000,"height":668,"caption":"t-shirt f\u00eate des p\u00e8res"},{"@type":"BreadcrumbList","@id":"https:\/\/www.smartphoto.fr\/inspiration\/t-shirt-fete-des-peres-personnalise#breadcrumb","itemListElement":[{"@type":"ListItem","position":1,"name":"Home","item":"https:\/\/www.smartphoto.fr\/inspiration\/"},{"@type":"ListItem","position":2,"name":"Cr\u00e9er un t-shirt f\u00eate des p\u00e8res personnalis\u00e9"}]},{"@type":"WebSite","@id":"https:\/\/www.smartphoto.fr\/inspiration\/#website","url":"https:\/\/www.smartphoto.fr\/inspiration\/","name":"smartphoto FR","description":"Le blog de smartphoto France.","potentialAction":[{"@type":"SearchAction","target":{"@type":"EntryPoint","urlTemplate":"https:\/\/www.smartphoto.fr\/inspiration\/?s={search_term_string}"},"query-input":{"@type":"PropertyValueSpecification","valueRequired":true,"valueName":"search_term_string"}}],"inLanguage":"fr-FR"},{"@type":"Person","@id":"https:\/\/www.smartphoto.fr\/inspiration\/#\/schema\/person\/b743c2a89fcff4d18195130bb0259ffe","name":"Claire","image":{"@type":"ImageObject","inLanguage":"fr-FR","@id":"https:\/\/www.smartphoto.fr\/inspiration\/#\/schema\/person\/image\/","url":"https:\/\/secure.gravatar.com\/avatar\/9f27a09fb8046031a47a9f22ce0ca8e9?s=96&d=mm&r=g","contentUrl":"https:\/\/secure.gravatar.com\/avatar\/9f27a09fb8046031a47a9f22ce0ca8e9?s=96&d=mm&r=g","caption":"Claire"},"description":"Claire, 26 ans, passionn\u00e9e de voyages et de danse. J\u2019adore d\u00e9nicher les nouveaut\u00e9s DIY et d\u00e9coration. Je blogue pour smartphoto les astuces \u00e0 r\u00e9aliser avec vos photos.","url":"https:\/\/www.smartphoto.fr\/inspiration\/author\/claire"}]}},"_links":{"self":[{"href":"https:\/\/www.smartphoto.fr\/inspiration\/wp-json\/wp\/v2\/posts\/5979","targetHints":{"allow":["GET"]}}],"collection":[{"href":"https:\/\/www.smartphoto.fr\/inspiration\/wp-json\/wp\/v2\/posts"}],"about":[{"href":"https:\/\/www.smartphoto.fr\/inspiration\/wp-json\/wp\/v2\/types\/post"}],"author":[{"embeddable":true,"href":"https:\/\/www.smartphoto.fr\/inspiration\/wp-json\/wp\/v2\/users\/10"}],"replies":[{"embeddable":true,"href":"https:\/\/www.smartphoto.fr\/inspiration\/wp-json\/wp\/v2\/comments?post=5979"}],"version-history":[{"count":6,"href":"https:\/\/www.smartphoto.fr\/inspiration\/wp-json\/wp\/v2\/posts\/5979\/revisions"}],"predecessor-version":[{"id":10503,"href":"https:\/\/www.smartphoto.fr\/inspiration\/wp-json\/wp\/v2\/posts\/5979\/revisions\/10503"}],"wp:featuredmedia":[{"embeddable":true,"href":"https:\/\/www.smartphoto.fr\/inspiration\/wp-json\/wp\/v2\/media\/5981"}],"wp:attachment":[{"href":"https:\/\/www.smartphoto.fr\/inspiration\/wp-json\/wp\/v2\/media?parent=5979"}],"wp:term":[{"taxonomy":"category","embeddable":true,"href":"https:\/\/www.smartphoto.fr\/inspiration\/wp-json\/wp\/v2\/categories?post=5979"},{"taxonomy":"post_tag","embeddable":true,"href":"https:\/\/www.smartphoto.fr\/inspiration\/wp-json\/wp\/v2\/tags?post=5979"}],"curies":[{"name":"wp","href":"https:\/\/api.w.org\/{rel}","templated":true}]}}