{"id":5879,"date":"2019-04-25T12:26:38","date_gmt":"2019-04-25T10:26:38","guid":{"rendered":"\/inspiration\/?p=5879"},"modified":"2019-06-25T11:29:28","modified_gmt":"2019-06-25T09:29:28","slug":"carte-fete-des-meres","status":"publish","type":"post","link":"https:\/\/www.smartphoto.fr\/inspiration\/carte-fete-des-meres","title":{"rendered":"Carte f\u00eate des m\u00e8res : personnalisez votre petit mot"},"content":{"rendered":"<p><b>Carte f\u00eate des m\u00e8res<\/b><\/p>\n<p><span style=\"font-weight: 400\">Envie d\u2019\u00e9crire un petit mot doux \u00e0 votre maman pour la f\u00eate des m\u00e8res ? D\u00e9nichez la carte f\u00eate des m\u00e8res qui la fera sourire.<\/span><\/p>\n<p><img loading=\"lazy\" decoding=\"async\" class=\"size-full wp-image-8647 alignnone\" src=\"https:\/\/storage.googleapis.com\/smartphoto-express-production-wp-blogs-com\/10\/2018\/05\/Blog_MothersDay_Printable_FR2.jpg\" alt=\"\" width=\"720\" height=\"400\" srcset=\"https:\/\/storage.googleapis.com\/smartphoto-express-production-wp-blogs-com\/10\/2018\/05\/Blog_MothersDay_Printable_FR2.jpg 720w, https:\/\/storage.googleapis.com\/smartphoto-express-production-wp-blogs-com\/10\/2018\/05\/Blog_MothersDay_Printable_FR2-300x167.jpg 300w\" sizes=\"auto, (max-width: 720px) 100vw, 720px\" \/><\/p>\n<p><span style=\"font-weight: 400\">Cette ann\u00e9e, hors de question, d\u2019acheter une simple carte en derni\u00e8re minute au supermarch\u00e9. Votre maman m\u00e9rite mieux que \u00e7a. Et si vous <a href=\"https:\/\/www.smartphoto.fr\/faire-part-cartes\">personnalisez sa carte<\/a> f\u00eate des m\u00e8res avec des photos de vous 2 ou des photos de ses petits-enfants ?<br \/>\n<\/span><span style=\"font-weight: 400\"><br \/>\n<\/span><span style=\"font-weight: 400\"><em>Un conseil:<\/em> pour imprimer seulement une ou deux cartes, choisissez d&rsquo;abord le style de d\u00e9coupe, puis cliquez sur le design qui vous pla\u00eet et entrez la quantit\u00e9 souhait\u00e9e sous le titre du produit, juste avant de cliquer sur \u00ab\u00a0je choisis ce design\u00a0\u00bb.<\/span><\/p>\n<h2>Une carte f\u00eate des m\u00e8res toute simple<\/h2>\n<p><a href=\"https:\/\/www.smartphoto.fr\/faire-part-cartes\/faire-part-1-volet?utm_source=blog&amp;utm_medium=social&amp;utm_campaign=cartefetedesmeres\" target=\"_blank\" rel=\"noopener\"><img loading=\"lazy\" decoding=\"async\" class=\"alignnone wp-image-5883 size-full\" src=\"https:\/\/storage.googleapis.com\/smartphoto-express-production-wp-blogs-com\/10\/2017\/05\/carte-fete-des-meres-1.jpg\" alt=\"carte f\u00eate des m\u00e8res\" width=\"720\" height=\"377\" srcset=\"https:\/\/storage.googleapis.com\/smartphoto-express-production-wp-blogs-com\/10\/2017\/05\/carte-fete-des-meres-1.jpg 720w, https:\/\/storage.googleapis.com\/smartphoto-express-production-wp-blogs-com\/10\/2017\/05\/carte-fete-des-meres-1-300x157.jpg 300w\" sizes=\"auto, (max-width: 720px) 100vw, 720px\" \/><\/a><\/p>\n<p><span style=\"font-weight: 400\">Personnalisez facilement votre carte f\u00eate des m\u00e8res la plus simple,\u00a0\u00a0<a href=\"https:\/\/www.smartphoto.fr\/faire-part-cartes\/faire-part-1-volet\">la carte 1 volet<\/a>. D\u00e9couvrez <a href=\"https:\/\/www.smartphoto.fr\/cadeau-fete-des-meres-personnalise\/designs\">nos designs f\u00eate des m\u00e8res<\/a>, et cr\u00e9ez une carte unique pour g\u00e2ter votre maman comme elle le m\u00e9rite. <\/span><span style=\"font-weight: 400\">Si vous souhaitez commander un cadeau photo personnalis\u00e9 avec le m\u00eame design que celui de votre carte de f\u00eate des m\u00e8res, c\u2019est possible ! <\/span><\/p>\n<div id=\"attachment_8648\" style=\"width: 410px\" class=\"wp-caption alignnone\"><a href=\"https:\/\/www.smartphoto.fr\/cadeau-fete-des-meres-personnalise\/designs\"><img loading=\"lazy\" decoding=\"async\" aria-describedby=\"caption-attachment-8648\" class=\"wp-image-8648 size-full\" src=\"https:\/\/storage.googleapis.com\/smartphoto-express-production-wp-blogs-com\/10\/2018\/05\/tile1x1_MothersDay_NewDesigns.gif\" alt=\"\" width=\"400\" height=\"400\" \/><\/a><p id=\"caption-attachment-8648\" class=\"wp-caption-text\">D\u00e9couvrez par ici tous nos produits disponibles avec les designs de f\u00eate des m\u00e8res.<\/p><\/div>\n<h2>Une carte f\u00eate des m\u00e8res \u00e0 poser<\/h2>\n<p><a href=\"https:\/\/www.smartphoto.fr\/faire-part-cartes\/faire-part-2-volets?utm_source=blog&amp;utm_medium=social&amp;utm_campaign=cartefetedesmeres\" target=\"_blank\" rel=\"noopener\"><img loading=\"lazy\" decoding=\"async\" class=\"alignnone wp-image-5880 size-full\" src=\"https:\/\/storage.googleapis.com\/smartphoto-express-production-wp-blogs-com\/10\/2017\/05\/carte-fete-des-meres-3.jpg\" alt=\"carte f\u00eate des m\u00e8res\" width=\"720\" height=\"377\" srcset=\"https:\/\/storage.googleapis.com\/smartphoto-express-production-wp-blogs-com\/10\/2017\/05\/carte-fete-des-meres-3.jpg 720w, https:\/\/storage.googleapis.com\/smartphoto-express-production-wp-blogs-com\/10\/2017\/05\/carte-fete-des-meres-3-300x157.jpg 300w\" sizes=\"auto, (max-width: 720px) 100vw, 720px\" \/><\/a><\/p>\n<p><span style=\"font-weight: 400\">Votre maman adore conserver les cartes sur son meuble d\u2019entr\u00e9e ou dans le salon ? Optez alors pour la <a href=\"https:\/\/www.smartphoto.fr\/faire-part-cartes\/faire-part-2-volets\">carte 2 volets<\/a>. Vous pouvez ajouter vos photos sur le volet ext\u00e9rieur et \u00e9crire votre petit mot sur les 2 volets internes ! Vous aurez toute la place n\u00e9cessaire pour lui faire une d\u00e9claration d\u2019amour.<\/span><\/p>\n<h2>Formats originaux<\/h2>\n<p>Envie de surprendre votre maman avec une carte particuli\u00e8rement jolie ? D\u00e9couvrez <a href=\"https:\/\/www.smartphoto.fr\/faire-part-cartes\/faire-part-formats-originaux\">les cartes d\u00e9coup\u00e9es<\/a>, con\u00e7ues r\u00e9cemment par nos designers: accolade, nuage ou diagonale, vous trouverez s\u00fbrement le style qui vous convient.<\/p>\n<p><a href=\"https:\/\/www.smartphoto.fr\/faire-part-cartes\/faire-part-formats-originaux\"><img loading=\"lazy\" decoding=\"async\" class=\"alignnone wp-image-7385 size-full\" title=\"Carte f\u00eate des m\u00e8res originale - photo, format original, design f\u00eate des m\u00e8res\" src=\"https:\/\/storage.googleapis.com\/smartphoto-express-production-wp-blogs-com\/10\/2018\/05\/Blog_Cards_Shapes_720_450_FR.png\" alt=\"Carte f\u00eate des m\u00e8res originale - photo, format original, design f\u00eate des m\u00e8res\" width=\"720\" height=\"450\" srcset=\"https:\/\/storage.googleapis.com\/smartphoto-express-production-wp-blogs-com\/10\/2018\/05\/Blog_Cards_Shapes_720_450_FR.png 720w, https:\/\/storage.googleapis.com\/smartphoto-express-production-wp-blogs-com\/10\/2018\/05\/Blog_Cards_Shapes_720_450_FR-300x188.png 300w\" sizes=\"auto, (max-width: 720px) 100vw, 720px\" \/><\/a><\/p>\n<h2>Un mot doux magn\u00e9tique<\/h2>\n<p><span style=\"font-weight: 400\"> Si vous souhaitez que votre maman accroche sa carte de f\u00eate des m\u00e8res sur le frigo, pensez \u00e0 cr\u00e9er des <a href=\"https:\/\/www.smartphoto.fr\/designselection.aspx?p=magnetsheetsquare&amp;dg=mothersdaymagnets\">magnets personnalis\u00e9s<\/a> !<\/span><\/p>\n<p><a href=\"https:\/\/www.smartphoto.fr\/designselection.aspx?p=magnetsheetsquare&amp;dg=mothersdaymagnets\"><img loading=\"lazy\" decoding=\"async\" class=\"wp-image-8650 size-full alignnone\" src=\"https:\/\/storage.googleapis.com\/smartphoto-express-production-wp-blogs-com\/10\/2018\/05\/tile2x1_MothersDay_Magnets.jpg\" alt=\"\" width=\"780\" height=\"384\" srcset=\"https:\/\/storage.googleapis.com\/smartphoto-express-production-wp-blogs-com\/10\/2018\/05\/tile2x1_MothersDay_Magnets.jpg 780w, https:\/\/storage.googleapis.com\/smartphoto-express-production-wp-blogs-com\/10\/2018\/05\/tile2x1_MothersDay_Magnets-300x148.jpg 300w, https:\/\/storage.googleapis.com\/smartphoto-express-production-wp-blogs-com\/10\/2018\/05\/tile2x1_MothersDay_Magnets-768x378.jpg 768w\" sizes=\"auto, (max-width: 780px) 100vw, 780px\" \/><\/a><\/p>\n<h2>La f\u00eate des m\u00e8res en mode DIY<\/h2>\n<p><span style=\"font-weight: 400\">Toutes nos cartes photo sont d&rsquo;excellente qualit\u00e9, le seul inconv\u00e9nient \u00e9tant qu&rsquo;il faut s&rsquo;y prendre un minimum \u00e0 l&rsquo;avance. <\/span><\/p>\n<p><span style=\"font-weight: 400\">Vous \u00eates plut\u00f4t derni\u00e8re minute, ou encore vous aimez bricoler ? Vous pouvez cr\u00e9er un carte de f\u00eate des m\u00e8res vous-m\u00eame \u00e0 la maison ! Pour vous aider, nous avons cr\u00e9\u00e9 un mod\u00e8le de carte \u00e0 imprimer gratuitement pour la f\u00eate des m\u00e8re.\u00a0<\/span><\/p>\n<p><a href=\"https:\/\/www.smartphoto.fr\/magazine-maman\"><img loading=\"lazy\" decoding=\"async\" class=\"alignnone wp-image-8649\" src=\"https:\/\/storage.googleapis.com\/smartphoto-express-production-wp-blogs-com\/10\/2018\/05\/Facebook_Print_Emagazine_FR.jpg\" alt=\"\" width=\"738\" height=\"388\" srcset=\"https:\/\/storage.googleapis.com\/smartphoto-express-production-wp-blogs-com\/10\/2018\/05\/Facebook_Print_Emagazine_FR.jpg 1200w, https:\/\/storage.googleapis.com\/smartphoto-express-production-wp-blogs-com\/10\/2018\/05\/Facebook_Print_Emagazine_FR-300x158.jpg 300w, https:\/\/storage.googleapis.com\/smartphoto-express-production-wp-blogs-com\/10\/2018\/05\/Facebook_Print_Emagazine_FR-768x403.jpg 768w, https:\/\/storage.googleapis.com\/smartphoto-express-production-wp-blogs-com\/10\/2018\/05\/Facebook_Print_Emagazine_FR-1024x538.jpg 1024w\" sizes=\"auto, (max-width: 738px) 100vw, 738px\" \/><\/a><\/p>\n<p>Vous aimez les cadeaux non-mat\u00e9riels ? Que diriez-vous de lui imprimer des petits mots doux \u00e0 disperser un peu partout dans la maison ? Nos compliments \u00e0 imprimer pour la f\u00eate des m\u00e8re sont parfaits pour \u00e7a ! Imprimez-les et utilisez-les tels quels, pour accompagner un cadeau, comme marque page ou comme \u00e9tiquette d\u00e9corative pour votre cadeau. On vous les offre !<\/p>\n<p><a href=\"https:\/\/www.smartphoto.fr\/magazine-maman\"><img loading=\"lazy\" decoding=\"async\" class=\"wp-image-8651 size-full alignright\" src=\"https:\/\/storage.googleapis.com\/smartphoto-express-production-wp-blogs-com\/10\/2018\/05\/tile1x1_MothersDay_Blog_FR.jpg\" alt=\"\" width=\"400\" height=\"400\" srcset=\"https:\/\/storage.googleapis.com\/smartphoto-express-production-wp-blogs-com\/10\/2018\/05\/tile1x1_MothersDay_Blog_FR.jpg 400w, https:\/\/storage.googleapis.com\/smartphoto-express-production-wp-blogs-com\/10\/2018\/05\/tile1x1_MothersDay_Blog_FR-150x150.jpg 150w, https:\/\/storage.googleapis.com\/smartphoto-express-production-wp-blogs-com\/10\/2018\/05\/tile1x1_MothersDay_Blog_FR-300x300.jpg 300w\" sizes=\"auto, (max-width: 400px) 100vw, 400px\" \/><\/a><\/p>\n<p><strong>\u2665<\/strong><\/p>\n<p><strong>T\u00e9l\u00e9chargez d\u00e8s maintenant <a href=\"https:\/\/www.smartphoto.fr\/magazine-maman\">notre e-magazine de f\u00eate des m\u00e8res. <\/a>Oui oui, c&rsquo;est gratuit !<\/strong><\/p>\n<p>Il contient la carte \u00e0 imprimer, les compliments et plein d\u2019id\u00e9es \u00e0 croquer<\/p>\n<p>\u2665<a href=\"\/cadeau-fete-des-meres-personnalise\"><img loading=\"lazy\" decoding=\"async\" class=\"aligncenter wp-image-8691 size-full\" src=\"https:\/\/storage.googleapis.com\/smartphoto-express-production-wp-blogs-com\/10\/2019\/04\/CTA_Blog_MothersDay_Gifts_FR.jpg\" alt=\"\" width=\"720\" height=\"280\" srcset=\"https:\/\/storage.googleapis.com\/smartphoto-express-production-wp-blogs-com\/10\/2019\/04\/CTA_Blog_MothersDay_Gifts_FR.jpg 720w, https:\/\/storage.googleapis.com\/smartphoto-express-production-wp-blogs-com\/10\/2019\/04\/CTA_Blog_MothersDay_Gifts_FR-300x117.jpg 300w\" sizes=\"auto, (max-width: 720px) 100vw, 720px\" \/><\/a><\/p>\n","protected":false},"excerpt":{"rendered":"<p>Carte f\u00eate des m\u00e8res Envie d\u2019\u00e9crire un petit mot doux \u00e0 votre maman pour la f\u00eate des m\u00e8res ? D\u00e9nichez la carte f\u00eate des m\u00e8res qui la fera sourire. Cette ann\u00e9e, hors de question, d\u2019acheter une simple carte en derni\u00e8re minute au supermarch\u00e9. Votre maman m\u00e9rite mieux que \u00e7a. Et si vous personnalisez sa carte f\u00eate des m\u00e8res avec des photos de vous 2 ou des photos de ses petits-enfants ? Un conseil: pour imprimer seulement une ou deux cartes, choisissez d&rsquo;abord le style de d\u00e9coupe, puis cliquez sur le design qui vous pla\u00eet et entrez la quantit\u00e9 souhait\u00e9e sous<\/p>\n","protected":false},"author":10,"featured_media":8647,"comment_status":"open","ping_status":"open","sticky":false,"template":"","format":"standard","meta":{"om_disable_all_campaigns":false,"_monsterinsights_skip_tracking":false,"_monsterinsights_sitenote_active":false,"_monsterinsights_sitenote_note":"","_monsterinsights_sitenote_category":0,"footnotes":""},"categories":[69,74],"tags":[],"class_list":["post-5879","post","type-post","status-publish","format-standard","has-post-thumbnail","hentry","category-bricolage","category-fete-des-meres"],"yoast_head":"<!-- This site is optimized with the Yoast SEO plugin v23.8 - https:\/\/yoast.com\/wordpress\/plugins\/seo\/ -->\n<title>Carte f\u00eate des m\u00e8res : personnalisez votre petit mot avec une carte photo originale<\/title>\n<meta name=\"description\" content=\"Envie d\u2019\u00e9crire une carte f\u00eate des m\u00e8res \u00e0 votre maman ? Voici nos plus beaux designs... et pour les retardataires, lisez jusqu&#039;au bout !\" \/>\n<meta name=\"robots\" content=\"index, follow, max-snippet:-1, max-image-preview:large, max-video-preview:-1\" \/>\n<link rel=\"canonical\" href=\"https:\/\/www.smartphoto.fr\/inspiration\/carte-fete-des-meres\" \/>\n<meta property=\"og:locale\" content=\"fr_FR\" \/>\n<meta property=\"og:type\" content=\"article\" \/>\n<meta property=\"og:title\" content=\"Carte f\u00eate des m\u00e8res : personnalisez votre petit mot avec une carte photo originale\" \/>\n<meta property=\"og:description\" content=\"Envie d\u2019\u00e9crire une carte f\u00eate des m\u00e8res \u00e0 votre maman ? Voici nos plus beaux designs... et pour les retardataires, lisez jusqu&#039;au bout !\" \/>\n<meta property=\"og:url\" content=\"\/inspiration\/carte-fete-des-meres\" \/>\n<meta property=\"og:site_name\" content=\"smartphoto FR\" \/>\n<meta property=\"article:publisher\" content=\"https:\/\/www.facebook.com\/smartphoto.fr\" \/>\n<meta property=\"article:published_time\" content=\"2019-04-25T10:26:38+00:00\" \/>\n<meta property=\"article:modified_time\" content=\"2019-06-25T09:29:28+00:00\" \/>\n<meta property=\"og:image\" content=\"https:\/\/storage.googleapis.com\/smartphoto-express-production-wp-blogs-com\/10\/2018\/05\/Blog_MothersDay_Printable_FR2.jpg\" \/>\n\t<meta property=\"og:image:width\" content=\"720\" \/>\n\t<meta property=\"og:image:height\" content=\"400\" \/>\n\t<meta property=\"og:image:type\" content=\"image\/jpeg\" \/>\n<meta name=\"author\" content=\"Claire\" \/>\n<meta name=\"twitter:card\" content=\"summary_large_image\" \/>\n<meta name=\"twitter:creator\" content=\"@smartphoto_fr\" \/>\n<meta name=\"twitter:site\" content=\"@smartphoto_fr\" \/>\n<meta name=\"twitter:label1\" content=\"Written by\" \/>\n\t<meta name=\"twitter:data1\" content=\"Claire\" \/>\n\t<meta name=\"twitter:label2\" content=\"Est. reading time\" \/>\n\t<meta name=\"twitter:data2\" content=\"3 minutes\" \/>\n<script type=\"application\/ld+json\" class=\"yoast-schema-graph\">{\"@context\":\"https:\/\/schema.org\",\"@graph\":[{\"@type\":\"WebPage\",\"@id\":\"\/inspiration\/carte-fete-des-meres\",\"url\":\"https:\/\/www.smartphoto.fr\/inspiration\/carte-fete-des-meres\",\"name\":\"Carte f\u00eate des m\u00e8res : personnalisez votre petit mot avec une carte photo originale\",\"isPartOf\":{\"@id\":\"https:\/\/www.smartphoto.fr\/inspiration\/#website\"},\"primaryImageOfPage\":{\"@id\":\"https:\/\/www.smartphoto.fr\/inspiration\/carte-fete-des-meres#primaryimage\"},\"image\":{\"@id\":\"https:\/\/www.smartphoto.fr\/inspiration\/carte-fete-des-meres#primaryimage\"},\"thumbnailUrl\":\"https:\/\/storage.googleapis.com\/smartphoto-express-production-wp-blogs-com\/10\/2018\/05\/Blog_MothersDay_Printable_FR2.jpg\",\"datePublished\":\"2019-04-25T10:26:38+00:00\",\"dateModified\":\"2019-06-25T09:29:28+00:00\",\"author\":{\"@id\":\"https:\/\/www.smartphoto.fr\/inspiration\/#\/schema\/person\/b743c2a89fcff4d18195130bb0259ffe\"},\"description\":\"Envie d\u2019\u00e9crire une carte f\u00eate des m\u00e8res \u00e0 votre maman ? Voici nos plus beaux designs... et pour les retardataires, lisez jusqu'au bout !\",\"breadcrumb\":{\"@id\":\"https:\/\/www.smartphoto.fr\/inspiration\/carte-fete-des-meres#breadcrumb\"},\"inLanguage\":\"fr-FR\",\"potentialAction\":[{\"@type\":\"ReadAction\",\"target\":[\"https:\/\/www.smartphoto.fr\/inspiration\/carte-fete-des-meres\"]}]},{\"@type\":\"ImageObject\",\"inLanguage\":\"fr-FR\",\"@id\":\"https:\/\/www.smartphoto.fr\/inspiration\/carte-fete-des-meres#primaryimage\",\"url\":\"https:\/\/storage.googleapis.com\/smartphoto-express-production-wp-blogs-com\/10\/2018\/05\/Blog_MothersDay_Printable_FR2.jpg\",\"contentUrl\":\"https:\/\/storage.googleapis.com\/smartphoto-express-production-wp-blogs-com\/10\/2018\/05\/Blog_MothersDay_Printable_FR2.jpg\",\"width\":720,\"height\":400},{\"@type\":\"BreadcrumbList\",\"@id\":\"https:\/\/www.smartphoto.fr\/inspiration\/carte-fete-des-meres#breadcrumb\",\"itemListElement\":[{\"@type\":\"ListItem\",\"position\":1,\"name\":\"Home\",\"item\":\"https:\/\/www.smartphoto.fr\/inspiration\/\"},{\"@type\":\"ListItem\",\"position\":2,\"name\":\"Carte f\u00eate des m\u00e8res : personnalisez votre petit mot\"}]},{\"@type\":\"WebSite\",\"@id\":\"https:\/\/www.smartphoto.fr\/inspiration\/#website\",\"url\":\"https:\/\/www.smartphoto.fr\/inspiration\/\",\"name\":\"smartphoto FR\",\"description\":\"Le blog de smartphoto France.\",\"potentialAction\":[{\"@type\":\"SearchAction\",\"target\":{\"@type\":\"EntryPoint\",\"urlTemplate\":\"https:\/\/www.smartphoto.fr\/inspiration\/?s={search_term_string}\"},\"query-input\":{\"@type\":\"PropertyValueSpecification\",\"valueRequired\":true,\"valueName\":\"search_term_string\"}}],\"inLanguage\":\"fr-FR\"},{\"@type\":\"Person\",\"@id\":\"https:\/\/www.smartphoto.fr\/inspiration\/#\/schema\/person\/b743c2a89fcff4d18195130bb0259ffe\",\"name\":\"Claire\",\"image\":{\"@type\":\"ImageObject\",\"inLanguage\":\"fr-FR\",\"@id\":\"https:\/\/www.smartphoto.fr\/inspiration\/#\/schema\/person\/image\/\",\"url\":\"https:\/\/secure.gravatar.com\/avatar\/9f27a09fb8046031a47a9f22ce0ca8e9?s=96&d=mm&r=g\",\"contentUrl\":\"https:\/\/secure.gravatar.com\/avatar\/9f27a09fb8046031a47a9f22ce0ca8e9?s=96&d=mm&r=g\",\"caption\":\"Claire\"},\"description\":\"Claire, 26 ans, passionn\u00e9e de voyages et de danse. J\u2019adore d\u00e9nicher les nouveaut\u00e9s DIY et d\u00e9coration. Je blogue pour smartphoto les astuces \u00e0 r\u00e9aliser avec vos photos.\",\"url\":\"https:\/\/www.smartphoto.fr\/inspiration\/author\/claire\"}]}<\/script>\n<!-- \/ Yoast SEO plugin. -->","yoast_head_json":{"title":"Carte f\u00eate des m\u00e8res : personnalisez votre petit mot avec une carte photo originale","description":"Envie d\u2019\u00e9crire une carte f\u00eate des m\u00e8res \u00e0 votre maman ? Voici nos plus beaux designs... et pour les retardataires, lisez jusqu'au bout !","robots":{"index":"index","follow":"follow","max-snippet":"max-snippet:-1","max-image-preview":"max-image-preview:large","max-video-preview":"max-video-preview:-1"},"canonical":"https:\/\/www.smartphoto.fr\/inspiration\/carte-fete-des-meres","og_locale":"fr_FR","og_type":"article","og_title":"Carte f\u00eate des m\u00e8res : personnalisez votre petit mot avec une carte photo originale","og_description":"Envie d\u2019\u00e9crire une carte f\u00eate des m\u00e8res \u00e0 votre maman ? Voici nos plus beaux designs... et pour les retardataires, lisez jusqu'au bout !","og_url":"\/inspiration\/carte-fete-des-meres","og_site_name":"smartphoto FR","article_publisher":"https:\/\/www.facebook.com\/smartphoto.fr","article_published_time":"2019-04-25T10:26:38+00:00","article_modified_time":"2019-06-25T09:29:28+00:00","og_image":[{"width":720,"height":400,"url":"https:\/\/storage.googleapis.com\/smartphoto-express-production-wp-blogs-com\/10\/2018\/05\/Blog_MothersDay_Printable_FR2.jpg","type":"image\/jpeg"}],"author":"Claire","twitter_card":"summary_large_image","twitter_creator":"@smartphoto_fr","twitter_site":"@smartphoto_fr","twitter_misc":{"Written by":"Claire","Est. reading time":"3 minutes"},"schema":{"@context":"https:\/\/schema.org","@graph":[{"@type":"WebPage","@id":"\/inspiration\/carte-fete-des-meres","url":"https:\/\/www.smartphoto.fr\/inspiration\/carte-fete-des-meres","name":"Carte f\u00eate des m\u00e8res : personnalisez votre petit mot avec une carte photo originale","isPartOf":{"@id":"https:\/\/www.smartphoto.fr\/inspiration\/#website"},"primaryImageOfPage":{"@id":"https:\/\/www.smartphoto.fr\/inspiration\/carte-fete-des-meres#primaryimage"},"image":{"@id":"https:\/\/www.smartphoto.fr\/inspiration\/carte-fete-des-meres#primaryimage"},"thumbnailUrl":"https:\/\/storage.googleapis.com\/smartphoto-express-production-wp-blogs-com\/10\/2018\/05\/Blog_MothersDay_Printable_FR2.jpg","datePublished":"2019-04-25T10:26:38+00:00","dateModified":"2019-06-25T09:29:28+00:00","author":{"@id":"https:\/\/www.smartphoto.fr\/inspiration\/#\/schema\/person\/b743c2a89fcff4d18195130bb0259ffe"},"description":"Envie d\u2019\u00e9crire une carte f\u00eate des m\u00e8res \u00e0 votre maman ? Voici nos plus beaux designs... et pour les retardataires, lisez jusqu'au bout !","breadcrumb":{"@id":"https:\/\/www.smartphoto.fr\/inspiration\/carte-fete-des-meres#breadcrumb"},"inLanguage":"fr-FR","potentialAction":[{"@type":"ReadAction","target":["https:\/\/www.smartphoto.fr\/inspiration\/carte-fete-des-meres"]}]},{"@type":"ImageObject","inLanguage":"fr-FR","@id":"https:\/\/www.smartphoto.fr\/inspiration\/carte-fete-des-meres#primaryimage","url":"https:\/\/storage.googleapis.com\/smartphoto-express-production-wp-blogs-com\/10\/2018\/05\/Blog_MothersDay_Printable_FR2.jpg","contentUrl":"https:\/\/storage.googleapis.com\/smartphoto-express-production-wp-blogs-com\/10\/2018\/05\/Blog_MothersDay_Printable_FR2.jpg","width":720,"height":400},{"@type":"BreadcrumbList","@id":"https:\/\/www.smartphoto.fr\/inspiration\/carte-fete-des-meres#breadcrumb","itemListElement":[{"@type":"ListItem","position":1,"name":"Home","item":"https:\/\/www.smartphoto.fr\/inspiration\/"},{"@type":"ListItem","position":2,"name":"Carte f\u00eate des m\u00e8res : personnalisez votre petit mot"}]},{"@type":"WebSite","@id":"https:\/\/www.smartphoto.fr\/inspiration\/#website","url":"https:\/\/www.smartphoto.fr\/inspiration\/","name":"smartphoto FR","description":"Le blog de smartphoto France.","potentialAction":[{"@type":"SearchAction","target":{"@type":"EntryPoint","urlTemplate":"https:\/\/www.smartphoto.fr\/inspiration\/?s={search_term_string}"},"query-input":{"@type":"PropertyValueSpecification","valueRequired":true,"valueName":"search_term_string"}}],"inLanguage":"fr-FR"},{"@type":"Person","@id":"https:\/\/www.smartphoto.fr\/inspiration\/#\/schema\/person\/b743c2a89fcff4d18195130bb0259ffe","name":"Claire","image":{"@type":"ImageObject","inLanguage":"fr-FR","@id":"https:\/\/www.smartphoto.fr\/inspiration\/#\/schema\/person\/image\/","url":"https:\/\/secure.gravatar.com\/avatar\/9f27a09fb8046031a47a9f22ce0ca8e9?s=96&d=mm&r=g","contentUrl":"https:\/\/secure.gravatar.com\/avatar\/9f27a09fb8046031a47a9f22ce0ca8e9?s=96&d=mm&r=g","caption":"Claire"},"description":"Claire, 26 ans, passionn\u00e9e de voyages et de danse. J\u2019adore d\u00e9nicher les nouveaut\u00e9s DIY et d\u00e9coration. Je blogue pour smartphoto les astuces \u00e0 r\u00e9aliser avec vos photos.","url":"https:\/\/www.smartphoto.fr\/inspiration\/author\/claire"}]}},"_links":{"self":[{"href":"https:\/\/www.smartphoto.fr\/inspiration\/wp-json\/wp\/v2\/posts\/5879","targetHints":{"allow":["GET"]}}],"collection":[{"href":"https:\/\/www.smartphoto.fr\/inspiration\/wp-json\/wp\/v2\/posts"}],"about":[{"href":"https:\/\/www.smartphoto.fr\/inspiration\/wp-json\/wp\/v2\/types\/post"}],"author":[{"embeddable":true,"href":"https:\/\/www.smartphoto.fr\/inspiration\/wp-json\/wp\/v2\/users\/10"}],"replies":[{"embeddable":true,"href":"https:\/\/www.smartphoto.fr\/inspiration\/wp-json\/wp\/v2\/comments?post=5879"}],"version-history":[{"count":18,"href":"https:\/\/www.smartphoto.fr\/inspiration\/wp-json\/wp\/v2\/posts\/5879\/revisions"}],"predecessor-version":[{"id":8791,"href":"https:\/\/www.smartphoto.fr\/inspiration\/wp-json\/wp\/v2\/posts\/5879\/revisions\/8791"}],"wp:featuredmedia":[{"embeddable":true,"href":"https:\/\/www.smartphoto.fr\/inspiration\/wp-json\/wp\/v2\/media\/8647"}],"wp:attachment":[{"href":"https:\/\/www.smartphoto.fr\/inspiration\/wp-json\/wp\/v2\/media?parent=5879"}],"wp:term":[{"taxonomy":"category","embeddable":true,"href":"https:\/\/www.smartphoto.fr\/inspiration\/wp-json\/wp\/v2\/categories?post=5879"},{"taxonomy":"post_tag","embeddable":true,"href":"https:\/\/www.smartphoto.fr\/inspiration\/wp-json\/wp\/v2\/tags?post=5879"}],"curies":[{"name":"wp","href":"https:\/\/api.w.org\/{rel}","templated":true}]}}