{"id":5842,"date":"2025-03-10T15:31:42","date_gmt":"2025-03-10T14:31:42","guid":{"rendered":"\/inspiration\/?p=5842"},"modified":"2025-08-21T15:53:04","modified_gmt":"2025-08-21T13:53:04","slug":"premiere-fete-des-peres","status":"publish","type":"post","link":"https:\/\/www.smartphoto.fr\/inspiration\/premiere-fete-des-peres","title":{"rendered":"Premi\u00e8re f\u00eate des P\u00e8res : 7 id\u00e9es cadeau originales"},"content":{"rendered":"\n<p>La premi\u00e8re f\u00eate des P\u00e8res de votre homme approche ? Pas de panique ! Des cadeaux d\u00e9tente aux souvenirs \u00e9mouvants, on a d\u00e9nich\u00e9 7 id\u00e9es qui vont faire fondre le c\u0153ur du nouveau papa. D\u00e9couvrez notre s\u00e9lection sp\u00e9ciale pour rendre ce moment inoubliable !<\/p>\n\n\n<div class=\"wp-block-image\">\n<figure class=\"aligncenter size-large is-resized\"><img loading=\"lazy\" decoding=\"async\" width=\"1024\" height=\"538\" src=\"https:\/\/storage.googleapis.com\/smartphoto-express-production-wp-blogs-com\/10\/2022\/05\/Premiere-fete-des-Peres-Papa-et-bebe-3-1024x538.jpeg\" alt=\"\" class=\"wp-image-12219\" style=\"width:700px\" title=\"premi\u00e8re f\u00eate des p\u00e8res: id\u00e9es cadeau personnalis\u00e9s\" srcset=\"https:\/\/storage.googleapis.com\/smartphoto-express-production-wp-blogs-com\/10\/2022\/05\/Premiere-fete-des-Peres-Papa-et-bebe-3-1024x538.jpeg 1024w, https:\/\/storage.googleapis.com\/smartphoto-express-production-wp-blogs-com\/10\/2022\/05\/Premiere-fete-des-Peres-Papa-et-bebe-3-300x158.jpeg 300w, https:\/\/storage.googleapis.com\/smartphoto-express-production-wp-blogs-com\/10\/2022\/05\/Premiere-fete-des-Peres-Papa-et-bebe-3-768x403.jpeg 768w, https:\/\/storage.googleapis.com\/smartphoto-express-production-wp-blogs-com\/10\/2022\/05\/Premiere-fete-des-Peres-Papa-et-bebe-3.jpeg 1200w\" sizes=\"auto, (max-width: 1024px) 100vw, 1024px\" \/><figcaption class=\"wp-element-caption\">Cadeau f\u00eate des P\u00e8res b\u00e9b\u00e9<\/figcaption><\/figure><\/div>\n\n\n<p>Vous venez d\u2019accueillir votre premier enfant ? Quelle merveilleuse nouvelle, et quel challenge aussi ! Heureusement, vous pouvez compter sur un partenaire ultra-motiv\u00e9 pr\u00eat \u00e0 tout donner. Et devenir papa pour la premi\u00e8re fois est loin d\u2019\u00eatre une plaisanterie\u2026 c\u2019est pourquoi la <strong>premi\u00e8re f\u00eate des P\u00e8res<\/strong> est l\u2019occasion parfaite de lui montrer votre appr\u00e9ciation \u00e0 travers un chouette cadeau personnalis\u00e9.<\/p>\n\n\n\n<p>De votre c\u00f4t\u00e9, vous \u00eates bien occup\u00e9e aussi, \u00e9videmment, donc nous allons vous pr\u00e9-m\u00e2cher le travail\u00a0! Voici <strong>sept id\u00e9es cadeaux originales<\/strong> pour une premi\u00e8re <strong>f\u00eate des P\u00e8res m\u00e9morable<\/strong>.<\/p>\n\n\n\n<h2 class=\"wp-block-heading\" id=\"1-cheque-cadeau-pour-deux\">1. Ch\u00e8que cadeau pour deux<\/h2>\n\n\n\n<p>Un cadeau de f\u00eate des P\u00e8res parfait pour la premi\u00e8re ann\u00e9e de B\u00e9b\u00e9, c&rsquo;est un bon cadeau pour un moment en couple&#8230; sans b\u00e9b\u00e9 ! Contradictoire ? Pas vraiment, sans votre couple, pas de b\u00e9b\u00e9, alors c&rsquo;est important d&rsquo;en prendre soin. Tout le monde en b\u00e9n\u00e9ficiera.&nbsp;<\/p>\n\n\n\n<h4 class=\"wp-block-heading\">Comment faire plaisir \u00e0 un jeune papa ?<\/h4>\n\n\n\n<ul class=\"wp-block-list\">\n<li>Trouvez une activit\u00e9 qui vous plait \u00e0 tous les deux (mais surtout \u00e0 lui)<\/li>\n\n\n\n<li>Pensez \u00e0 trouver une solution sympa pour que b\u00e9b\u00e9 puisse aussi passer un bon moment, que ce soit chez un grand-parent, chez son parrain ou sa marraine.<\/li>\n\n\n\n<li>R\u00e9servez : attention, la f\u00eate des P\u00e8res c&rsquo;est un dimanche !<\/li>\n\n\n\n<li>Surprenez votre conjoint d\u00e8s le saut du lit le jour de sa premi\u00e8re f\u00eate des P\u00e8res avec votre surprise.<\/li>\n\n\n\n<li>Profitez de la journ\u00e9e pour dire \u00e0 votre conjoint \u00e0 quel point vous appr\u00e9ciez sa fa\u00e7on de remplir son r\u00f4le de p\u00e8re<\/li>\n\n\n\n<li>Pr\u00e9voyez une soir\u00e9e relax pour vous retrouver en famille apr\u00e8s cette belle journ\u00e9e.<\/li>\n<\/ul>\n\n\n<div class=\"wp-block-image\">\n<figure class=\"aligncenter size-full\"><img loading=\"lazy\" decoding=\"async\" width=\"1013\" height=\"740\" src=\"https:\/\/storage.googleapis.com\/smartphoto-express-production-wp-blogs-com\/10\/2022\/05\/Carte-personnalisee-une-pause-pour-Papa.jpg\" alt=\"\" class=\"wp-image-12213\" title=\"premi\u00e8re f\u00eate des p\u00e8res id\u00e9e cadeau: bon pour un moment \u00e0 2\" srcset=\"https:\/\/storage.googleapis.com\/smartphoto-express-production-wp-blogs-com\/10\/2022\/05\/Carte-personnalisee-une-pause-pour-Papa.jpg 1013w, https:\/\/storage.googleapis.com\/smartphoto-express-production-wp-blogs-com\/10\/2022\/05\/Carte-personnalisee-une-pause-pour-Papa-300x219.jpg 300w, https:\/\/storage.googleapis.com\/smartphoto-express-production-wp-blogs-com\/10\/2022\/05\/Carte-personnalisee-une-pause-pour-Papa-768x561.jpg 768w\" sizes=\"auto, (max-width: 1013px) 100vw, 1013px\" \/><figcaption class=\"wp-element-caption\">Cadeau pour\u00a01ere f\u00eate des P\u00e8res<\/figcaption><\/figure><\/div>\n\n\n<p><strong>Astuce <\/strong>: cr\u00e9ez votre propre <strong>ch\u00e8que cadeau de 1\u00e8re f\u00eate des P\u00e8res,<\/strong>\u00a0pour un r\u00e9sultat plus original ! Comment faire ? Suivez le guide:<\/p>\n\n\n\n<ul class=\"wp-block-list\">\n<li>Trouvez une photo illustrant votre cadeau,&nbsp;<\/li>\n\n\n\n<li>Ajoutez-la sur une carte \u00e0 personnaliser&nbsp;<\/li>\n\n\n\n<li>Ajoutez un texte sympa et des informations sur votre cadeau.<\/li>\n<\/ul>\n\n\n\n<p>Vous profiterez bient\u00f4t d\u2019un super moment \u00e0 2 !<\/p>\n\n\n\n<h2 class=\"wp-block-heading\" id=\"2-une-photo-pour-son-bureau\">2. Une photo pour son bureau<\/h2>\n\n\n\n<figure class=\"wp-block-gallery aligncenter has-nested-images columns-default is-cropped wp-block-gallery-1 is-layout-flex wp-block-gallery-is-layout-flex\">\n<figure class=\"wp-block-image size-full\"><a href=\"https:\/\/www.smartphoto.fr\/cadeaux-photo\/cadre-souvenir\"><img decoding=\"async\" data-id=\"12215\" src=\"https:\/\/storage.googleapis.com\/smartphoto-express-production-wp-blogs-com\/10\/2025\/04\/Cadeau-premiere-fete-des-Peres-bureau-photo-edited.jpg\" alt=\"D\u00e9coration de bureau pour un nouveau papa \" class=\"wp-image-12215\" \/><\/a><figcaption class=\"wp-element-caption\"><a href=\"https:\/\/www.smartphoto.fr\/cadeaux-photo\/cadre-souvenir\">le cadre souvenir<\/a> avec empreinte <\/figcaption><\/figure>\n\n\n\n<figure class=\"wp-block-image size-full\"><img loading=\"lazy\" decoding=\"async\" width=\"800\" height=\"534\" data-id=\"12216\" src=\"https:\/\/storage.googleapis.com\/smartphoto-express-production-wp-blogs-com\/10\/2022\/05\/Cadeau-premiere-fete-des-Peres-bureau-photo1.jpg\" alt=\"\" class=\"wp-image-12216\" srcset=\"https:\/\/storage.googleapis.com\/smartphoto-express-production-wp-blogs-com\/10\/2022\/05\/Cadeau-premiere-fete-des-Peres-bureau-photo1.jpg 800w, https:\/\/storage.googleapis.com\/smartphoto-express-production-wp-blogs-com\/10\/2022\/05\/Cadeau-premiere-fete-des-Peres-bureau-photo1-300x200.jpg 300w, https:\/\/storage.googleapis.com\/smartphoto-express-production-wp-blogs-com\/10\/2022\/05\/Cadeau-premiere-fete-des-Peres-bureau-photo1-768x513.jpg 768w\" sizes=\"auto, (max-width: 800px) 100vw, 800px\" \/><figcaption class=\"wp-element-caption\">Cadeau pour&nbsp;1ere fete des peres calendrier<\/figcaption><\/figure>\n<\/figure>\n\n\n\n<p>Comme tous les jeunes parents, votre ch\u00e9ri adore montrer les photos les plus mignonnes de son b\u00e9b\u00e9 \u00e0 tout le monde depuis son t\u00e9l\u00e9phone ? Alors immortalisez-les sur une belle <a href=\"https:\/\/www.smartphoto.fr\/produits\/deco-bureau\">d\u00e9coration de bureau<\/a><a href=\"https:\/\/www.smartphoto.fr\/produits\/deco-interieur\">,<\/a> qu\u2019il sera fier d&rsquo;exhiber quand il sera au bureau. Vous n&rsquo;arrivez pas \u00e0 choisir une seule photo ? Cr\u00e9ez un <a href=\"https:\/\/www.smartphoto.fr\/calendrier-photo\/calendrier-de-bureau\">calendrier photo dans un support design<\/a> ou un <a href=\"https:\/\/www.smartphoto.fr\/cadeaux-photo\/bloc-photo-bois\">bloc photo \u00e9l\u00e9gant sur bois<\/a>, et vos photos trouveront toutes leur place !<\/p>\n\n\n\n<p>Pssst : pour les tout-petits, pensez <a href=\"https:\/\/www.smartphoto.fr\/cadeaux-photo\/cadre-souvenir\">au cadre souvenirs<\/a> avec une trace de pied ou main de b\u00e9b\u00e9. Le petit plus : le syst\u00e8me innovant de ce cadre permet de cr\u00e9er la trace du pied et\/ou de la main de b\u00e9b\u00e9 sans qu&rsquo;aucune encre ne touche sa peau !<\/p>\n\n\n\n<h2 class=\"wp-block-heading\" id=\"3-une-photo-sur-chocolat\">3. Une photo sur chocolat<\/h2>\n\n\n\n<p>Le chocolat dispara\u00eet-il toujours comme neige au soleil ? Votre b\u00e9b\u00e9 est encore trop jeune pour cela, mais son papa lui, appr\u00e9ciera certainement ce cadeau super original pour sa premi\u00e8re f\u00eate des P\u00e8res. Parce que ce petit b\u00e9b\u00e9 est \u00e0 croquer, bien s\u00fbr ! Mmm \ud83c\udf6b<\/p>\n\n\n\n<figure class=\"wp-block-gallery has-nested-images columns-default is-cropped wp-block-gallery-2 is-layout-flex wp-block-gallery-is-layout-flex\">\n<figure class=\"wp-block-image size-large is-style-default\"><img decoding=\"async\" data-id=\"43702\" src=\"https:\/\/storage.googleapis.com\/smartphoto-express-production-wp-blogs-com\/9\/2022\/05\/Chocolat-personnalise-cadeau-premiere-fete-des-peres-1.jpg\" alt=\"Cadeau premiere fete des peres\" class=\"wp-image-43702\" \/><\/figure>\n\n\n\n<figure class=\"wp-block-image size-large is-style-default\"><img decoding=\"async\" data-id=\"43700\" src=\"https:\/\/storage.googleapis.com\/smartphoto-express-production-wp-blogs-com\/9\/2022\/05\/Chocolate-set-photos.jpg\" alt=\"premiere fete des peres\" class=\"wp-image-43700\" \/><\/figure>\n<figcaption class=\"blocks-gallery-caption wp-element-caption\">Vous avez le choix entre le <a href=\"https:\/\/www.smartphoto.fr\/cadeaux-photo\/chocolat-personnalise\/chocolat-avec-photo\" target=\"_blank\" rel=\"noreferrer noopener\">chocolat personnalis\u00e9 entier<\/a> ou un <a href=\"https:\/\/www.smartphoto.fr\/cadeaux-photo\/chocolat-personnalise\/chocolats-personnalises\" target=\"_blank\" rel=\"noreferrer noopener\">set de 24 chocolats identiques<\/a><\/figcaption><\/figure>\n\n\n\n<h2 class=\"wp-block-heading\" id=\"4-un-coffret-cadeau-pour-le-bbq\">4. Un coffret cadeau pour le BBQ<\/h2>\n\n\n<div class=\"wp-block-image is-style-default\">\n<figure class=\"aligncenter size-full is-resized\"><a href=\"https:\/\/www.smartphoto.fr\/coffret-cadeau\/box-cadeau-barbecue\" target=\"_blank\" rel=\"noopener\"><img decoding=\"async\" src=\"https:\/\/storage.googleapis.com\/smartphoto-express-production-wp-blogs-com\/9\/2022\/05\/Coffret-BBQ-cadeau-premiere-fete-des-peres.jpg\" alt=\"premiere fete des peres\" class=\"wp-image-43703\" style=\"width:700px\" \/><\/a><\/figure><\/div>\n\n\n<div style=\"height:14px\" aria-hidden=\"true\" class=\"wp-block-spacer\"><\/div>\n\n\n\n<p>Les jeunes papas ont parfois besoin d\u2019une pause. Une vraie soir\u00e9e de f\u00eate peut faire des merveilles ! Et quoi de mieux qu\u2019un d\u00e9licieux barbecue pour c\u00e9l\u00e9brer l\u2019arriv\u00e9e de l\u2019\u00e9t\u00e9 ? <a href=\"https:\/\/www.smartphoto.fr\/coffret-cadeau\/box-cadeau-barbecue\">Ce coffret cadeau barbecue <\/a>est le cadeau de f\u00eate des P\u00e8res id\u00e9al pour les jeunes papas ! Ce colis contient un tablier personnalis\u00e9, de la semoule, un m\u00e9lange pour salades, des herbes proven\u00e7ales, un assaisonnement pour barbecue et du bois d\u2019olivier fum\u00e9 \u00e0 glisser sur les braises. Personnalisez le tablier avec des photos ou un texte amusant.<\/p>\n\n\n\n<h2 class=\"wp-block-heading\" id=\"5-des-bons-a-offrir\">5. Des bons \u00e0 offrir<\/h2>\n\n\n<div class=\"wp-block-image\">\n<figure class=\"aligncenter size-full is-resized\"><a href=\"https:\/\/www.smartphoto.fr\/cadeaux-photo\/bloc-notes-photo\" target=\"_blank\" rel=\"noopener noreferrer\"><img loading=\"lazy\" decoding=\"async\" width=\"780\" height=\"537\" src=\"https:\/\/storage.googleapis.com\/smartphoto-express-production-wp-blogs-com\/10\/2022\/05\/Bloc-notes-pour-papa.jpg\" alt=\"\" class=\"wp-image-12220\" style=\"width:617px;height:auto\" title=\"premi\u00e8re f\u00eate des p\u00e8res: bons cadeau personnalis\u00e9s DIY\" srcset=\"https:\/\/storage.googleapis.com\/smartphoto-express-production-wp-blogs-com\/10\/2022\/05\/Bloc-notes-pour-papa.jpg 780w, https:\/\/storage.googleapis.com\/smartphoto-express-production-wp-blogs-com\/10\/2022\/05\/Bloc-notes-pour-papa-300x207.jpg 300w, https:\/\/storage.googleapis.com\/smartphoto-express-production-wp-blogs-com\/10\/2022\/05\/Bloc-notes-pour-papa-768x529.jpg 768w\" sizes=\"auto, (max-width: 780px) 100vw, 780px\" \/><\/a><\/figure><\/div>\n\n\n<p>\u00c0 l\u2019aide d\u2019un <a href=\"https:\/\/www.smartphoto.fr\/cadeaux-photo\/bloc-notes-photo\">bloc-notes<\/a>, r\u00e9alisez un <strong>carnet personnalis\u00e9 de bons \u00e0 offrir.<\/strong> Ce petit cadeau DIY est super rapide \u00e0 r\u00e9aliser si vous utilisez un carnet dont vous disposez d\u00e9j\u00e0 il constitue un DIY de derni\u00e8re minute tr\u00e8s sympa. Il demande seulement un peu d&rsquo;imagination.<\/p>\n\n\n\n<h4 class=\"wp-block-heading\">Voici quelques id\u00e9es pour formuler vos bons :<\/h4>\n\n\n\n<ul class=\"wp-block-list\">\n<li>des petites attentions pour lui de votre part,<\/li>\n\n\n\n<li>un bon pour une soir\u00e9e libre avec ses amis (vous vous occupez du b\u00e9b\u00e9),&nbsp;<\/li>\n\n\n\n<li>un bon \u00e0 vous donner pour d\u00e9l\u00e9guer diff\u00e9rentes petites t\u00e2ches dont il est habituellement responsable et qu\u2019il n\u2019aime pas trop faire.<\/li>\n<\/ul>\n\n\n\n<h4 class=\"wp-block-heading\">Voil\u00e0 trois questions \u00e0 se poser pour trouver les meilleures id\u00e9es:<\/h4>\n\n\n\n<ul class=\"wp-block-list\">\n<li>Qu\u2019est-ce qu\u2019il aime par-dessus tout ? Pas besoin de quelque chose de compliqu\u00e9 : j\u2019en connais qui sont aux anges s\u2019ils peuvent manger une pizza devant une bonne s\u00e9rie.<\/li>\n\n\n\n<li>De quoi se plaint-il g\u00e9n\u00e9ralement, qu\u2019il trouve trop lourd ou contraignant et dont vous pourriez-le lib\u00e9rer (la paperasse, le repassage de ses chemises, \u2026) ?<\/li>\n\n\n\n<li>Qu\u2019aimait-il faire avant l\u2019arriv\u00e9e du b\u00e9b\u00e9 et que vous n\u2019avez plus le temps ou l\u2019\u00e9nergie de faire ? Que ce soit avec ou sans vous, c\u2019est SA f\u00eate cette fois, n\u2019oubliez pas \ud83d\ude09<\/li>\n<\/ul>\n\n\n\n<p>C\u2019est un cadeau facile mais qui demande un peu d\u2019attention\u2026 et c\u2019est bien d\u2019attention et d\u2019amour que sont faits les meilleurs cadeaux, n\u2019est-ce pas ? Vous n\u2019avez pas le temps de commander un bloc-notes ?<\/p>\n\n\n\n<p>Sur le m\u00eame principe, d\u00e9couvrez notre <a href=\"https:\/\/www.smartphoto.fr\/inspiration\/idee-fete-des-peres\">DIY facile pour la f\u00eate des P\u00e8res<\/a>, avec un design gratuit \u00e0 imprimer vous-m\u00eame.<\/p>\n\n\n\n<div class=\"wp-block-media-text alignwide is-stacked-on-mobile\"><figure class=\"wp-block-media-text__media\"><img decoding=\"async\" src=\"https:\/\/storage.googleapis.com\/smartphoto-express-production-wp-blogs-com\/9\/2017\/05\/idee-fete-des-peres-carnet-bon-cadeau-2.jpg\" alt=\"id\u00e9e cadeau f\u00eate des p\u00e8res b\u00e9b\u00e9\" class=\"wp-image-37921 size-full\" \/><\/figure><div class=\"wp-block-media-text__content\">\n<blockquote class=\"wp-block-quote is-layout-flow wp-block-quote-is-layout-flow\">\n<p>Sur le m\u00eame principe, d\u00e9couvrez notre <a href=\"https:\/\/www.smartphoto.fr\/inspiration\/idee-fete-des-peres\">DIY facile pour la f\u00eate des P\u00e8res<\/a>, avec un design gratuit \u00e0 imprimer vous-m\u00eame.<\/p>\n<\/blockquote>\n<\/div><\/div>\n\n\n\n<h2 class=\"wp-block-heading\" id=\"6-un-t-shirt-personnalise-pour-ce-super-papa\">6. Un t-shirt personnalis\u00e9 pour ce super papa<\/h2>\n\n\n<div class=\"wp-block-image\">\n<figure class=\"aligncenter\"><a href=\"https:\/\/www.smartphoto.fr\/cadeaux-photo\/t-shirt-photo?utm_source=blog&amp;utm_medium=social&amp;utm_campaign=premierefetedesperes\" target=\"_blank\" rel=\"noopener noreferrer\"><img decoding=\"async\" src=\"https:\/\/storage.googleapis.com\/smartphoto-express-production-wp-blogs-com\/9\/2017\/05\/Tshirts.jpg\" alt=\"premi\u00e8re f\u00eate des p\u00e8res\" class=\"wp-image-37812\" title=\"premi\u00e8re f\u00eate des p\u00e8res: T-shirt personnalis\u00e9 Papa\" \/><\/a><\/figure><\/div>\n\n\n<p>Pour que sa premi\u00e8re f\u00eate des P\u00e8res soit vraiment inoubliable, offrez-lui un <a href=\"https:\/\/www.smartphoto.fr\/cadeaux-photo\/t-shirt-photo\"><strong>T-shirt photo original<\/strong> <\/a>d\u00e9crivant la paternit\u00e9 en quelques mots. <\/p>\n\n\n\n<h3 class=\"wp-block-heading\">Messages de T-shirts pour jeune papa:<\/h3>\n\n\n\n<ul class=\"wp-block-list\">\n<li>\u00ab Meilleur papa depuis &#8230; \u00bb \u00e0 compl\u00e9ter avec l&rsquo;ann\u00e9e de naissance du premier enfant<\/li>\n\n\n\n<li>\u00ab\u00a0Parking pour b\u00e9b\u00e9\u00a0\u00bb parce que les b\u00e9b\u00e9s adorent s\u2019endormir sur le ventre de leur papa, sur le canap\u00e9 !<br><em>*Cliquez sur les liens suivants pour ouvrir une image en <a href=\"https:\/\/storage.googleapis.com\/smartphoto-express-production-wp-blogs-com\/9\/2017\/05\/Smartphoto_Blog_BabyParking_White_T-Shirt.png\"><strong><u>blanc<\/u><\/strong><\/a> ou en <a href=\"https:\/\/storage.googleapis.com\/smartphoto-express-production-wp-blogs-com\/9\/2017\/05\/Smartphoto_Blog_BabyParking_Black_T-Shirt.png\"><strong><u>noir<\/u><\/strong><\/a> \u00e0 t\u00e9l\u00e9charger et \u00e0 mettre sur le t-shirt<\/em><\/li>\n\n\n\n<li>\u00ab\u00a0Pas de babillage, svp\u00a0\u00bb pour \u00e9viter les conversations trop compliqu\u00e9es<\/li>\n\n\n\n<li>\u00ab\u00a0Merci, il le tient de son p\u00e8re\u00a0\u00bb s\u2019applique \u00e0 tous les compliments que les gens formulent \u00e0 propos du b\u00e9b\u00e9<\/li>\n\n\n\n<li>J\u2019ai surv\u00e9cu \u00e0 mon premier mois de papa<\/li>\n\n\n\n<li>P comme Papa<\/li>\n<\/ul>\n\n\n\n<h3 class=\"wp-block-heading\">T-shirt Papa-B\u00e9b\u00e9:<\/h3>\n\n\n\n<p>Vous pouvez aussi cr\u00e9er une<strong> combinaison d&rsquo;un body pour b\u00e9b\u00e9 et d&rsquo;un t-shirt pour le jeune papa<\/strong> et son b\u00e9b\u00e9:<\/p>\n\n\n\n<ul class=\"wp-block-list\">\n<li><em><strong>Id\u00e9e 1: le papa fatigu\u00e9<\/strong><\/em>\n<ul class=\"wp-block-list\">\n<li>T-shirt de Papa : \u00ab\u00a0Dor&#8230; quoi ?\u00a0\u00bb.\u00a0<\/li>\n\n\n\n<li>Body de b\u00e9b\u00e9 : \u00ab\u00a0Si tu t&rsquo;endors, je me r\u00e9veille !\u00a0\u00bb<\/li>\n<\/ul>\n<\/li>\n\n\n\n<li><em><strong>Id\u00e9e 2: l&rsquo;a\u00een\u00e9 aura toujours une place sp\u00e9ciale dans le c\u0153ur de son Papa:<\/strong><\/em>\n<ul class=\"wp-block-list\">\n<li>T-shirt de Papa: \u00ab\u00a0Pour toujours son premier amour\u00a0\u00bb<\/li>\n\n\n\n<li>Body de b\u00e9b\u00e9 \u00ab\u00a0Pour toujours son enfant pr\u00e9f\u00e9r\u00e9\u00a0\u00bb<\/li>\n<\/ul>\n<\/li>\n\n\n\n<li><em><strong>Id\u00e9e 3: La famille super:<\/strong><\/em>\n<ul class=\"wp-block-list\">\n<li>T-shirt de Papa: Super Papa&nbsp;<\/li>\n\n\n\n<li>Body de b\u00e9b\u00e9: Super B\u00e9b\u00e9<\/li>\n<\/ul>\n<\/li>\n\n\n\n<li><em><strong>Id\u00e9e 4: Animal totem, \u00e0 adapter selon vos envies<\/strong><\/em>\n<ul class=\"wp-block-list\">\n<li>T-shirt de Papa: Papa ours<\/li>\n\n\n\n<li>Body de b\u00e9b\u00e9: B\u00e9b\u00e9 ours<\/li>\n<\/ul>\n<\/li>\n\n\n\n<li><em><strong>Id\u00e9e 5: mill\u00e9sim\u00e9&nbsp;<\/strong><\/em>\n<ul class=\"wp-block-list\">\n<li>T-shirt de Papa: Papa de [pr\u00e9nom de b\u00e9b\u00e9] depuis [ann\u00e9e de naissance de b\u00e9b\u00e9]<\/li>\n\n\n\n<li>Body de b\u00e9b\u00e9: B\u00e9b\u00e9 parfait depuis [ann\u00e9e de naissance de b\u00e9b\u00e9]<\/li>\n<\/ul>\n<\/li>\n\n\n\n<li><em><strong>Id\u00e9e 6 : minimaliste:<\/strong><\/em>\n<ul class=\"wp-block-list\">\n<li>T-shirt de Papa: Le p\u00e8re &#8211; 1984 &#8211;<\/li>\n\n\n\n<li>Body de b\u00e9b\u00e9: Le fils &#8211; 2025 &#8211;&nbsp;\/ La fille &#8211; 2025 &#8211;<\/li>\n<\/ul>\n<\/li>\n<\/ul>\n\n\n\n<h2 class=\"wp-block-heading\" id=\"7-des-aimants-photos\">7. Le mug photo du jeune papa<\/h2>\n\n\n\n<p>En tant que jeune papa, les matins sont souvent compliqu\u00e9s. Se lever t\u00f4t apr\u00e8s avoir peu dormi, \u00e0 peine le temps de prendre un petit d\u00e9jeuner tranquille\u2026 Ajoutez les plus belles photos de votre enfant <a href=\"https:\/\/www.smartphoto.fr\/cadeaux-photo\/mug-personnalise-photo\/fete-des-peres\">\u00e0 ce mug photo de f\u00eate des P\u00e8res<\/a>\u00a0en y ajoutant un texte sympa. Cette attention lui fera forc\u00e9ment plaisir et vous verrez sa mauvaise humeur matinale fondre comme neige au soleil !<\/p>\n\n\n\n<h4 class=\"wp-block-heading\">Voici ici des id\u00e9es de citations \u00e0 mettre sur les mugs:<\/h4>\n\n\n\n<ul class=\"wp-block-list\">\n<li>\u00ab&nbsp;Qui a besoin d&rsquo;un super-h\u00e9ros quand on a un papa&nbsp;?&nbsp;\u00bb<\/li>\n\n\n\n<li>\u00ab\u00a0Les gens qui disent qu&rsquo;ils dorment comme des b\u00e9b\u00e9s n&rsquo;en ont g\u00e9n\u00e9ralement pas\u00a0\u00bb<\/li>\n\n\n\n<li>\u00ab\u00a0Tu es ma raison pr\u00e9f\u00e9r\u00e9e de manquer de sommeil\u00a0\u00bb (avec une photo de b\u00e9b\u00e9)<\/li>\n\n\n\n<li>\u00ab\u00a0Avant toute chose, un caf\u00e9!\u00a0\u00bb<\/li>\n\n\n\n<li>\u2026<\/li>\n<\/ul>\n\n\n\n<figure class=\"wp-block-image size-large\"><a href=\"https:\/\/www.smartphoto.fr\/cadeaux-photo\/mug-magique-photo?theme=theme.birth.gifts.dad\"><img loading=\"lazy\" decoding=\"async\" width=\"1024\" height=\"538\" src=\"https:\/\/storage.googleapis.com\/smartphoto-express-production-wp-blogs-com\/10\/2022\/05\/MagicMug_Shoot_Lifestyle14-1-1024x538.jpeg\" alt=\"\" class=\"wp-image-12218\" srcset=\"https:\/\/storage.googleapis.com\/smartphoto-express-production-wp-blogs-com\/10\/2022\/05\/MagicMug_Shoot_Lifestyle14-1-1024x538.jpeg 1024w, https:\/\/storage.googleapis.com\/smartphoto-express-production-wp-blogs-com\/10\/2022\/05\/MagicMug_Shoot_Lifestyle14-1-300x158.jpeg 300w, https:\/\/storage.googleapis.com\/smartphoto-express-production-wp-blogs-com\/10\/2022\/05\/MagicMug_Shoot_Lifestyle14-1-768x403.jpeg 768w, https:\/\/storage.googleapis.com\/smartphoto-express-production-wp-blogs-com\/10\/2022\/05\/MagicMug_Shoot_Lifestyle14-1.jpeg 1200w\" sizes=\"auto, (max-width: 1024px) 100vw, 1024px\" \/><\/a><\/figure>\n\n\n\n<p>\u2666\u2666\u2666\u2666<\/p>\n\n\n\n<h2 class=\"wp-block-heading\">Bonus: quel cadeau de f\u00eate des P\u00e8res pour un futur papa ?<\/h2>\n\n\n\n<p>Vous attendez <strong>un b\u00e9b\u00e9 pour 2025<\/strong> ? Quelle belle occasion de c\u00e9l\u00e9brer la toute premi\u00e8re f\u00eate des P\u00e8res de votre homme,&#8230; eh oui, m\u00eame si b\u00e9b\u00e9 n&rsquo;est pas encore l\u00e0 ! Vous pouvez adapter les id\u00e9es ci-dessous \u00e0 vos circonstances, ou cr\u00e9er une\u00a0<strong>surprise<\/strong> m\u00e9morable avec nos coffrets souvenirs personnalis\u00e9s.<\/p>\n\n\n\n<p>Cr\u00e9ez un <a href=\"https:\/\/www.smartphoto.fr\/cadeaux-photo\/boite-a-souvenir?theme=theme.pregnancy.keepsake\">coffret \u00ab\u00a0Futur Super Papa\u00a0\u00bb<\/a> pour le p\u00e8re de votre enfant: un cadeau sur mesure pour un papa unique ! Glissez-y un <strong>message personnel<\/strong> touchant accompagn\u00e9 d&rsquo;une \u00e9chographie sur le mug magique. Ajoutez un <strong>porte-cl\u00e9s<\/strong> avec une photo de vous deux et un mot tendre, lui disant combien vous appr\u00e9ciez de fonder une famille avec lui.\u00a0<\/p>\n\n\n\n<p>Compl\u00e9tez le coffret avec ses boissons ou snacks pr\u00e9f\u00e9r\u00e9s, et un carnet personnalis\u00e9 o\u00f9 il pourra noter toutes ses futures aventures de jeune papa. Une attention qui le touchera s&rsquo;il a la plume facile ! Vous pouvez aussi rassembler vos photos pr\u00e9f\u00e9r\u00e9es de la grossesse dans un <a href=\"https:\/\/www.smartphoto.fr\/tirage-photo\/album-photo-poche\/souvenir-de-grossesse\">livre photo de poche<\/a>.<\/p>\n\n\n\n<figure class=\"wp-block-gallery aligncenter has-nested-images columns-default is-cropped wp-block-gallery-3 is-layout-flex wp-block-gallery-is-layout-flex\">\n<figure class=\"wp-block-image size-full\"><a href=\"https:\/\/www.smartphoto.fr\/cadeaux-photo\/boite-a-souvenir?theme=theme.pregnancy.keepsake\"><img loading=\"lazy\" decoding=\"async\" width=\"780\" height=\"537\" data-id=\"12223\" src=\"https:\/\/storage.googleapis.com\/smartphoto-express-production-wp-blogs-com\/10\/2022\/05\/souvenirs-de-grossesse-boite-a-souvenirs.jpg\" alt=\"\" class=\"wp-image-12223\" srcset=\"https:\/\/storage.googleapis.com\/smartphoto-express-production-wp-blogs-com\/10\/2022\/05\/souvenirs-de-grossesse-boite-a-souvenirs.jpg 780w, https:\/\/storage.googleapis.com\/smartphoto-express-production-wp-blogs-com\/10\/2022\/05\/souvenirs-de-grossesse-boite-a-souvenirs-300x207.jpg 300w, https:\/\/storage.googleapis.com\/smartphoto-express-production-wp-blogs-com\/10\/2022\/05\/souvenirs-de-grossesse-boite-a-souvenirs-768x529.jpg 768w\" sizes=\"auto, (max-width: 780px) 100vw, 780px\" \/><\/a><figcaption class=\"wp-element-caption\">Bo\u00eete souvenirs pour futur papa<\/figcaption><\/figure>\n\n\n\n<figure class=\"wp-block-image size-full\"><a href=\"https:\/\/www.smartphoto.fr\/tirage-photo\/album-photo-poche\/souvenir-de-grossesse\"><img loading=\"lazy\" decoding=\"async\" width=\"780\" height=\"537\" data-id=\"12222\" src=\"https:\/\/storage.googleapis.com\/smartphoto-express-production-wp-blogs-com\/10\/2022\/05\/Souvenirs-de-grossese-livre-photo-de-poche.jpg\" alt=\"\" class=\"wp-image-12222\" srcset=\"https:\/\/storage.googleapis.com\/smartphoto-express-production-wp-blogs-com\/10\/2022\/05\/Souvenirs-de-grossese-livre-photo-de-poche.jpg 780w, https:\/\/storage.googleapis.com\/smartphoto-express-production-wp-blogs-com\/10\/2022\/05\/Souvenirs-de-grossese-livre-photo-de-poche-300x207.jpg 300w, https:\/\/storage.googleapis.com\/smartphoto-express-production-wp-blogs-com\/10\/2022\/05\/Souvenirs-de-grossese-livre-photo-de-poche-768x529.jpg 768w\" sizes=\"auto, (max-width: 780px) 100vw, 780px\" \/><\/a><figcaption class=\"wp-element-caption\">Livre photo de poche futur papa<\/figcaption><\/figure>\n<\/figure>\n\n\n\n<p>\u2666\u2666\u2666\u2666<\/p>\n\n\n\n<p>En cette premi\u00e8re f\u00eate des P\u00e8res, votre b\u00e9b\u00e9 est encore trop petit pour faire un cadeau\u2026 Alors, en attendant, c\u2019est \u00e0 vous de faire preuve de cr\u00e9ativit\u00e9 ! En suivant les astuces ci-dessus, vous verrez qu\u2019il n\u2019est pas si compliqu\u00e9 de combler le nouveau papa et de faire de cette premi\u00e8re f\u00eate des P\u00e8res une journ\u00e9e remplie de joie.<\/p>\n\n\n\n<h4 class=\"wp-block-heading\">Vous cherchez encore plus d&rsquo;inspiration pour la f\u00eate des p\u00e8res ? <\/h4>\n\n\n\n<p><a href=\"https:\/\/www.smartphoto.fr\/inspiration\/pele-mele-fete-des-peres-astuces\">D\u00e9couvrez comment r\u00e9aliser un joli p\u00eale-m\u00eale<\/a>, ou commandez directement sur notre<a href=\"https:\/\/www.smartphoto.fr\/cadeau-fete-des-peres-personnalise\"> boutique f\u00eate des p\u00e8res<\/a>.\u00a0Pour certains cadeaux, une seule photo ou citation suffisent !<\/p>\n\n\n\n<p>Vous avez d\u2019autres id\u00e9es de cadeau pour la premi\u00e8re f\u00eate des P\u00e8res ? Partagez-les avec nous sur&nbsp;<strong><a href=\"https:\/\/www.facebook.com\/smartphoto.fr\" target=\"_blank\" rel=\"noopener noreferrer\">Facebook<\/a>, <a href=\"http:\/\/instagram.com\/smartphotofr\" target=\"_blank\" rel=\"noopener noreferrer\">Instagram<\/a>, <a href=\"https:\/\/www.tiktok.com\/@smartphoto_official\" target=\"_blank\" rel=\"noreferrer noopener\">TikTok<\/a> ou<a href=\"http:\/\/www.pinterest.com\/smartphoto_fr\/\" target=\"_blank\" rel=\"noreferrer noopener\">&nbsp;Pinterest.<\/a><\/strong><\/p>\n\n\n<div class=\"wp-block-image\">\n<figure class=\"aligncenter size-full\"><a href=\"https:\/\/www.smartphoto.fr\/cadeau-fete-des-peres-personnalise\" target=\"_blank\" rel=\"noopener\"><img decoding=\"async\" src=\"https:\/\/storage.googleapis.com\/smartphoto-express-production-wp-blogs-com\/9\/2019\/05\/CTA_Blog_FathersDay_Gifts_FR.jpg\" alt=\"\" class=\"wp-image-42257\" title=\"Inspiration cadeaux photo personnalis\u00e9s f\u00eate des p\u00e8res\" \/><\/a><\/figure><\/div>","protected":false},"excerpt":{"rendered":"<p>Premi\u00e8re f\u00eate des P\u00e8res: d\u00e9couvrez 7 id\u00e9es qui vont faire fondre le c\u0153ur d&rsquo;un futur ou jeune papa pour la f\u00eate des P\u00e8res 2025<\/p>\n","protected":false},"author":75,"featured_media":12224,"comment_status":"open","ping_status":"open","sticky":false,"template":"","format":"standard","meta":{"om_disable_all_campaigns":false,"_monsterinsights_skip_tracking":false,"_monsterinsights_sitenote_active":false,"_monsterinsights_sitenote_note":"","_monsterinsights_sitenote_category":0,"footnotes":""},"categories":[75,77],"tags":[],"class_list":["post-5842","post","type-post","status-publish","format-standard","has-post-thumbnail","hentry","category-fete-des-peres","category-naissance"],"yoast_head":"<!-- This site is optimized with the Yoast SEO plugin v23.8 - https:\/\/yoast.com\/wordpress\/plugins\/seo\/ -->\n<title>Premi\u00e8re f\u00eate des P\u00e8res : 7 cadeaux pour un jeune papa<\/title>\n<meta name=\"description\" content=\"Premi\u00e8re f\u00eate des P\u00e8res: d\u00e9couvrez 7 id\u00e9es qui vont faire fondre le c\u0153ur d&#039;un futur ou jeune papa pour la f\u00eate des P\u00e8res 2025\" \/>\n<meta name=\"robots\" content=\"index, follow, max-snippet:-1, max-image-preview:large, max-video-preview:-1\" \/>\n<link rel=\"canonical\" href=\"https:\/\/www.smartphoto.fr\/inspiration\/premiere-fete-des-peres\" \/>\n<meta property=\"og:locale\" content=\"fr_FR\" \/>\n<meta property=\"og:type\" content=\"article\" \/>\n<meta property=\"og:title\" content=\"Premi\u00e8re f\u00eate des P\u00e8res : 7 cadeaux pour un jeune papa\" \/>\n<meta property=\"og:description\" content=\"Premi\u00e8re f\u00eate des P\u00e8res: d\u00e9couvrez 7 id\u00e9es qui vont faire fondre le c\u0153ur d&#039;un futur ou jeune papa pour la f\u00eate des P\u00e8res 2025\" \/>\n<meta property=\"og:url\" content=\"https:\/\/www.smartphoto.fr\/inspiration\/premiere-fete-des-peres\" \/>\n<meta property=\"og:site_name\" content=\"smartphoto FR\" \/>\n<meta property=\"article:publisher\" content=\"https:\/\/www.facebook.com\/smartphoto.fr\" \/>\n<meta property=\"article:published_time\" content=\"2025-03-10T14:31:42+00:00\" \/>\n<meta property=\"article:modified_time\" content=\"2025-08-21T13:53:04+00:00\" \/>\n<meta property=\"og:image\" content=\"https:\/\/storage.googleapis.com\/smartphoto-express-production-wp-blogs-com\/10\/2022\/05\/Premiere-fete-des-Peres-Papa-et-bebe-3-1.jpeg\" \/>\n\t<meta property=\"og:image:width\" content=\"1200\" \/>\n\t<meta property=\"og:image:height\" content=\"630\" \/>\n\t<meta property=\"og:image:type\" content=\"image\/jpeg\" \/>\n<meta name=\"author\" content=\"Thomas\" \/>\n<meta name=\"twitter:card\" content=\"summary_large_image\" \/>\n<meta name=\"twitter:creator\" content=\"@smartphoto_fr\" \/>\n<meta name=\"twitter:site\" content=\"@smartphoto_fr\" \/>\n<meta name=\"twitter:label1\" content=\"Written by\" \/>\n\t<meta name=\"twitter:data1\" content=\"Thomas\" \/>\n\t<meta name=\"twitter:label2\" content=\"Est. reading time\" \/>\n\t<meta name=\"twitter:data2\" content=\"12 minutes\" \/>\n<script type=\"application\/ld+json\" class=\"yoast-schema-graph\">{\"@context\":\"https:\/\/schema.org\",\"@graph\":[{\"@type\":\"WebPage\",\"@id\":\"https:\/\/www.smartphoto.fr\/inspiration\/premiere-fete-des-peres\",\"url\":\"https:\/\/www.smartphoto.fr\/inspiration\/premiere-fete-des-peres\",\"name\":\"Premi\u00e8re f\u00eate des P\u00e8res : 7 cadeaux pour un jeune papa\",\"isPartOf\":{\"@id\":\"https:\/\/www.smartphoto.fr\/inspiration\/#website\"},\"primaryImageOfPage\":{\"@id\":\"https:\/\/www.smartphoto.fr\/inspiration\/premiere-fete-des-peres#primaryimage\"},\"image\":{\"@id\":\"https:\/\/www.smartphoto.fr\/inspiration\/premiere-fete-des-peres#primaryimage\"},\"thumbnailUrl\":\"https:\/\/storage.googleapis.com\/smartphoto-express-production-wp-blogs-com\/10\/2022\/05\/Premiere-fete-des-Peres-Papa-et-bebe-3-1.jpeg\",\"datePublished\":\"2025-03-10T14:31:42+00:00\",\"dateModified\":\"2025-08-21T13:53:04+00:00\",\"author\":{\"@id\":\"https:\/\/www.smartphoto.fr\/inspiration\/#\/schema\/person\/df061fec64ae1e1439155a8659077679\"},\"description\":\"Premi\u00e8re f\u00eate des P\u00e8res: d\u00e9couvrez 7 id\u00e9es qui vont faire fondre le c\u0153ur d'un futur ou jeune papa pour la f\u00eate des P\u00e8res 2025\",\"breadcrumb\":{\"@id\":\"https:\/\/www.smartphoto.fr\/inspiration\/premiere-fete-des-peres#breadcrumb\"},\"inLanguage\":\"fr-FR\",\"potentialAction\":[{\"@type\":\"ReadAction\",\"target\":[\"https:\/\/www.smartphoto.fr\/inspiration\/premiere-fete-des-peres\"]}]},{\"@type\":\"ImageObject\",\"inLanguage\":\"fr-FR\",\"@id\":\"https:\/\/www.smartphoto.fr\/inspiration\/premiere-fete-des-peres#primaryimage\",\"url\":\"https:\/\/storage.googleapis.com\/smartphoto-express-production-wp-blogs-com\/10\/2022\/05\/Premiere-fete-des-Peres-Papa-et-bebe-3-1.jpeg\",\"contentUrl\":\"https:\/\/storage.googleapis.com\/smartphoto-express-production-wp-blogs-com\/10\/2022\/05\/Premiere-fete-des-Peres-Papa-et-bebe-3-1.jpeg\",\"width\":1200,\"height\":630},{\"@type\":\"BreadcrumbList\",\"@id\":\"https:\/\/www.smartphoto.fr\/inspiration\/premiere-fete-des-peres#breadcrumb\",\"itemListElement\":[{\"@type\":\"ListItem\",\"position\":1,\"name\":\"Home\",\"item\":\"https:\/\/www.smartphoto.fr\/inspiration\/\"},{\"@type\":\"ListItem\",\"position\":2,\"name\":\"Premi\u00e8re f\u00eate des P\u00e8res : 7 id\u00e9es cadeau originales\"}]},{\"@type\":\"WebSite\",\"@id\":\"https:\/\/www.smartphoto.fr\/inspiration\/#website\",\"url\":\"https:\/\/www.smartphoto.fr\/inspiration\/\",\"name\":\"smartphoto FR\",\"description\":\"Le blog de smartphoto France.\",\"potentialAction\":[{\"@type\":\"SearchAction\",\"target\":{\"@type\":\"EntryPoint\",\"urlTemplate\":\"https:\/\/www.smartphoto.fr\/inspiration\/?s={search_term_string}\"},\"query-input\":{\"@type\":\"PropertyValueSpecification\",\"valueRequired\":true,\"valueName\":\"search_term_string\"}}],\"inLanguage\":\"fr-FR\"},{\"@type\":\"Person\",\"@id\":\"https:\/\/www.smartphoto.fr\/inspiration\/#\/schema\/person\/df061fec64ae1e1439155a8659077679\",\"name\":\"Thomas\",\"image\":{\"@type\":\"ImageObject\",\"inLanguage\":\"fr-FR\",\"@id\":\"https:\/\/www.smartphoto.fr\/inspiration\/#\/schema\/person\/image\/\",\"url\":\"https:\/\/secure.gravatar.com\/avatar\/960f05a7606c17edb3c4b5274c3731c1?s=96&d=mm&r=g\",\"contentUrl\":\"https:\/\/secure.gravatar.com\/avatar\/960f05a7606c17edb3c4b5274c3731c1?s=96&d=mm&r=g\",\"caption\":\"Thomas\"},\"description\":\"Vous apporter du contenu utile, simple et smart, c'est mon dada. Je suis aussi passionn\u00e9 par les animaux, les voyages et la culture japonaise. Comme vous, je fais des centaines de photos que je peine \u00e0 trier, imprimer, utiliser. Alors ensemble, explorons les solutions qui s'offrent \u00e0 nous !\",\"url\":\"https:\/\/www.smartphoto.fr\/inspiration\/author\/thomas\"}]}<\/script>\n<!-- \/ Yoast SEO plugin. -->","yoast_head_json":{"title":"Premi\u00e8re f\u00eate des P\u00e8res : 7 cadeaux pour un jeune papa","description":"Premi\u00e8re f\u00eate des P\u00e8res: d\u00e9couvrez 7 id\u00e9es qui vont faire fondre le c\u0153ur d'un futur ou jeune papa pour la f\u00eate des P\u00e8res 2025","robots":{"index":"index","follow":"follow","max-snippet":"max-snippet:-1","max-image-preview":"max-image-preview:large","max-video-preview":"max-video-preview:-1"},"canonical":"https:\/\/www.smartphoto.fr\/inspiration\/premiere-fete-des-peres","og_locale":"fr_FR","og_type":"article","og_title":"Premi\u00e8re f\u00eate des P\u00e8res : 7 cadeaux pour un jeune papa","og_description":"Premi\u00e8re f\u00eate des P\u00e8res: d\u00e9couvrez 7 id\u00e9es qui vont faire fondre le c\u0153ur d'un futur ou jeune papa pour la f\u00eate des P\u00e8res 2025","og_url":"https:\/\/www.smartphoto.fr\/inspiration\/premiere-fete-des-peres","og_site_name":"smartphoto FR","article_publisher":"https:\/\/www.facebook.com\/smartphoto.fr","article_published_time":"2025-03-10T14:31:42+00:00","article_modified_time":"2025-08-21T13:53:04+00:00","og_image":[{"width":1200,"height":630,"url":"https:\/\/storage.googleapis.com\/smartphoto-express-production-wp-blogs-com\/10\/2022\/05\/Premiere-fete-des-Peres-Papa-et-bebe-3-1.jpeg","type":"image\/jpeg"}],"author":"Thomas","twitter_card":"summary_large_image","twitter_creator":"@smartphoto_fr","twitter_site":"@smartphoto_fr","twitter_misc":{"Written by":"Thomas","Est. reading time":"12 minutes"},"schema":{"@context":"https:\/\/schema.org","@graph":[{"@type":"WebPage","@id":"https:\/\/www.smartphoto.fr\/inspiration\/premiere-fete-des-peres","url":"https:\/\/www.smartphoto.fr\/inspiration\/premiere-fete-des-peres","name":"Premi\u00e8re f\u00eate des P\u00e8res : 7 cadeaux pour un jeune papa","isPartOf":{"@id":"https:\/\/www.smartphoto.fr\/inspiration\/#website"},"primaryImageOfPage":{"@id":"https:\/\/www.smartphoto.fr\/inspiration\/premiere-fete-des-peres#primaryimage"},"image":{"@id":"https:\/\/www.smartphoto.fr\/inspiration\/premiere-fete-des-peres#primaryimage"},"thumbnailUrl":"https:\/\/storage.googleapis.com\/smartphoto-express-production-wp-blogs-com\/10\/2022\/05\/Premiere-fete-des-Peres-Papa-et-bebe-3-1.jpeg","datePublished":"2025-03-10T14:31:42+00:00","dateModified":"2025-08-21T13:53:04+00:00","author":{"@id":"https:\/\/www.smartphoto.fr\/inspiration\/#\/schema\/person\/df061fec64ae1e1439155a8659077679"},"description":"Premi\u00e8re f\u00eate des P\u00e8res: d\u00e9couvrez 7 id\u00e9es qui vont faire fondre le c\u0153ur d'un futur ou jeune papa pour la f\u00eate des P\u00e8res 2025","breadcrumb":{"@id":"https:\/\/www.smartphoto.fr\/inspiration\/premiere-fete-des-peres#breadcrumb"},"inLanguage":"fr-FR","potentialAction":[{"@type":"ReadAction","target":["https:\/\/www.smartphoto.fr\/inspiration\/premiere-fete-des-peres"]}]},{"@type":"ImageObject","inLanguage":"fr-FR","@id":"https:\/\/www.smartphoto.fr\/inspiration\/premiere-fete-des-peres#primaryimage","url":"https:\/\/storage.googleapis.com\/smartphoto-express-production-wp-blogs-com\/10\/2022\/05\/Premiere-fete-des-Peres-Papa-et-bebe-3-1.jpeg","contentUrl":"https:\/\/storage.googleapis.com\/smartphoto-express-production-wp-blogs-com\/10\/2022\/05\/Premiere-fete-des-Peres-Papa-et-bebe-3-1.jpeg","width":1200,"height":630},{"@type":"BreadcrumbList","@id":"https:\/\/www.smartphoto.fr\/inspiration\/premiere-fete-des-peres#breadcrumb","itemListElement":[{"@type":"ListItem","position":1,"name":"Home","item":"https:\/\/www.smartphoto.fr\/inspiration\/"},{"@type":"ListItem","position":2,"name":"Premi\u00e8re f\u00eate des P\u00e8res : 7 id\u00e9es cadeau originales"}]},{"@type":"WebSite","@id":"https:\/\/www.smartphoto.fr\/inspiration\/#website","url":"https:\/\/www.smartphoto.fr\/inspiration\/","name":"smartphoto FR","description":"Le blog de smartphoto France.","potentialAction":[{"@type":"SearchAction","target":{"@type":"EntryPoint","urlTemplate":"https:\/\/www.smartphoto.fr\/inspiration\/?s={search_term_string}"},"query-input":{"@type":"PropertyValueSpecification","valueRequired":true,"valueName":"search_term_string"}}],"inLanguage":"fr-FR"},{"@type":"Person","@id":"https:\/\/www.smartphoto.fr\/inspiration\/#\/schema\/person\/df061fec64ae1e1439155a8659077679","name":"Thomas","image":{"@type":"ImageObject","inLanguage":"fr-FR","@id":"https:\/\/www.smartphoto.fr\/inspiration\/#\/schema\/person\/image\/","url":"https:\/\/secure.gravatar.com\/avatar\/960f05a7606c17edb3c4b5274c3731c1?s=96&d=mm&r=g","contentUrl":"https:\/\/secure.gravatar.com\/avatar\/960f05a7606c17edb3c4b5274c3731c1?s=96&d=mm&r=g","caption":"Thomas"},"description":"Vous apporter du contenu utile, simple et smart, c'est mon dada. Je suis aussi passionn\u00e9 par les animaux, les voyages et la culture japonaise. Comme vous, je fais des centaines de photos que je peine \u00e0 trier, imprimer, utiliser. Alors ensemble, explorons les solutions qui s'offrent \u00e0 nous !","url":"https:\/\/www.smartphoto.fr\/inspiration\/author\/thomas"}]}},"_links":{"self":[{"href":"https:\/\/www.smartphoto.fr\/inspiration\/wp-json\/wp\/v2\/posts\/5842","targetHints":{"allow":["GET"]}}],"collection":[{"href":"https:\/\/www.smartphoto.fr\/inspiration\/wp-json\/wp\/v2\/posts"}],"about":[{"href":"https:\/\/www.smartphoto.fr\/inspiration\/wp-json\/wp\/v2\/types\/post"}],"author":[{"embeddable":true,"href":"https:\/\/www.smartphoto.fr\/inspiration\/wp-json\/wp\/v2\/users\/75"}],"replies":[{"embeddable":true,"href":"https:\/\/www.smartphoto.fr\/inspiration\/wp-json\/wp\/v2\/comments?post=5842"}],"version-history":[{"count":27,"href":"https:\/\/www.smartphoto.fr\/inspiration\/wp-json\/wp\/v2\/posts\/5842\/revisions"}],"predecessor-version":[{"id":12238,"href":"https:\/\/www.smartphoto.fr\/inspiration\/wp-json\/wp\/v2\/posts\/5842\/revisions\/12238"}],"wp:featuredmedia":[{"embeddable":true,"href":"https:\/\/www.smartphoto.fr\/inspiration\/wp-json\/wp\/v2\/media\/12224"}],"wp:attachment":[{"href":"https:\/\/www.smartphoto.fr\/inspiration\/wp-json\/wp\/v2\/media?parent=5842"}],"wp:term":[{"taxonomy":"category","embeddable":true,"href":"https:\/\/www.smartphoto.fr\/inspiration\/wp-json\/wp\/v2\/categories?post=5842"},{"taxonomy":"post_tag","embeddable":true,"href":"https:\/\/www.smartphoto.fr\/inspiration\/wp-json\/wp\/v2\/tags?post=5842"}],"curies":[{"name":"wp","href":"https:\/\/api.w.org\/{rel}","templated":true}]}}