{"id":5770,"date":"2024-04-29T15:08:57","date_gmt":"2024-04-29T13:08:57","guid":{"rendered":"\/inspiration\/?p=5770"},"modified":"2025-06-10T15:33:17","modified_gmt":"2025-06-10T13:33:17","slug":"plateau-petit-dejeuner-fete-des-meres","status":"publish","type":"post","link":"https:\/\/www.smartphoto.fr\/inspiration\/plateau-petit-dejeuner-fete-des-meres","title":{"rendered":"Un petit d\u00e9jeuner personnalis\u00e9 f\u00eate des M\u00e8res : la surprise au r\u00e9veil !"},"content":{"rendered":"\n<p><strong><strong>Pr\u00e9parer un petit d\u00e9jeuner pour la f\u00eate des M\u00e8res<\/strong><\/strong><\/p>\n\n\n\n<p>Surprenez votre maman au saut du lit avec un joli plateau gourmand et personnalis\u00e9, r\u00e9alis\u00e9 par vos soins.<\/p>\n\n\n\n<p>Sur les 365 jours que compte une ann\u00e9e, un seul f\u00eate officiellement les mamans : La f\u00eate des M\u00e8res. Une journ\u00e9e unique ! C&rsquo;est donc LE moment de r\u00e9fl\u00e9chir \u00e0 la meilleure mani\u00e8re de faire plaisir \u00e0 votre maman ou \u00e0 la m\u00e8re de vos enfants. Pour d\u00e9buter cette journ\u00e9e sp\u00e9ciale que diriez-vous de lui servir le petit d\u00e9jeuner de f\u00eate des M\u00e8res au lit ?<\/p>\n\n\n<div class=\"wp-block-image\">\n<figure class=\"aligncenter is-resized\"><img decoding=\"async\" src=\"https:\/\/storage.googleapis.com\/smartphoto-express-production-wp-blogs-com\/9\/2019\/02\/Fete-des-meres-petit-desjeuner.jpg\" alt=\"F\u00eate des M\u00e8res\" class=\"wp-image-41064\" style=\"aspect-ratio:1.784119106699752;width:847px;height:auto\" \/><\/figure><\/div>\n\n\n<p>Je sais ce que vous pensez : c\u2019est trop attendu ! Ce \u00e0 quoi je vous r\u00e9ponds&nbsp;: si vous y mettez du v\u00f4tre, vous pourrez rendre ce petit d\u00e9jeuner vraiment original. <\/p>\n\n\n\n<p>Pr\u00eat \u00e0 d\u00e9couvrir de super chouettes id\u00e9es&nbsp;? Alors lisez ce qui suit&nbsp;\ud83d\ude42<\/p>\n\n\n\n<h2 class=\"wp-block-heading\" id=\"petit-dejeuner-sur-commande\">Petit d\u00e9jeuner sur commande<\/h2>\n\n\n<div class=\"wp-block-image is-resized\">\n<figure class=\"alignleft\"><a href=\"https:\/\/www.smartphoto.fr\/faire-part-cartes?utm_source=blog&amp;utm_medium=social&amp;utm_campaign=petitdejeunerfetedesmeres\" target=\"_blank\" rel=\"noopener noreferrer\"><img decoding=\"async\" src=\"https:\/\/storage.googleapis.com\/smartphoto-express-production-wp-blogs-com\/9\/2017\/04\/Wenskaart2.jpg\" alt=\"menu personnalis\u00e9 petit d\u00e9jeuner f\u00eate des m\u00e8res\" class=\"wp-image-37740\" \/><\/a><\/figure><\/div>\n\n\n<p>Le plateau petit d\u00e9jeuner f\u00eate des M\u00e8res ne doit pas n\u00e9cessairement \u00eatre une surprise. Peut-\u00eatre pr\u00e9f\u00e9rez-vous en faire un moment bien planifi\u00e9. Si c\u2019est le cas, <a href=\"https:\/\/www.smartphoto.fr\/faire-part-cartes\">r\u00e9alisez \u00e0 l\u2019avance une carte<\/a> \u00e0 faire remplir par l\u2019heureuse maman. Demandez-lui \u00e0 quelle heure elle aimerait son petit d\u00e9jeuner, quelle confiture, quel pain, quelle boisson lui plairait, et si elle a envie d\u2019un fruit pour accompagner le tout.<\/p>\n\n\n\n<p>La v\u00e9ritable surprise surviendra au moment o\u00f9 elle d\u00e9couvrira le contenu original de son panier petit d\u00e9jeuner.<\/p>\n\n\n\n<div style=\"height:20px\" aria-hidden=\"true\" class=\"wp-block-spacer\"><\/div>\n\n\n\n<h2 class=\"wp-block-heading\" id=\"panier-ou-plateau\">Panier ou plateau ? Comment lui apporter au lit ?<\/h2>\n\n\n<div class=\"wp-block-image\">\n<figure class=\"aligncenter size-full is-resized\"><img loading=\"lazy\" decoding=\"async\" width=\"1024\" height=\"683\" src=\"https:\/\/storage.googleapis.com\/smartphoto-express-production-wp-blogs-com\/10\/2024\/04\/Petit-dejeuner-fete-des-Meres-personnalise-original-3.jpg\" alt=\"\" class=\"wp-image-12448\" style=\"aspect-ratio:1.776470588235294;width:844px;height:auto\" srcset=\"https:\/\/storage.googleapis.com\/smartphoto-express-production-wp-blogs-com\/10\/2024\/04\/Petit-dejeuner-fete-des-Meres-personnalise-original-3.jpg 1024w, https:\/\/storage.googleapis.com\/smartphoto-express-production-wp-blogs-com\/10\/2024\/04\/Petit-dejeuner-fete-des-Meres-personnalise-original-3-300x200.jpg 300w, https:\/\/storage.googleapis.com\/smartphoto-express-production-wp-blogs-com\/10\/2024\/04\/Petit-dejeuner-fete-des-Meres-personnalise-original-3-768x512.jpg 768w\" sizes=\"auto, (max-width: 1024px) 100vw, 1024px\" \/><\/figure><\/div>\n\n\n<p>Soignez la pr\u00e9sentation du petit d\u00e9jeuner \u00e0 servir \u00e0 l\u2019heureuse maman. Vous souhaitez tout disposer de fa\u00e7on ordonn\u00e9e dans un panier petit d\u00e9jeuner&nbsp;? \u00c0 moins que vous ne pr\u00e9f\u00e9riez disposez le tout sur un plateau ? Ou encore une jolie caisse en bois renfermant le petit d\u00e9jeuner de toute la famille&nbsp;?<\/p>\n\n\n<div class=\"wp-block-image\">\n<figure class=\"aligncenter size-full is-resized\"><img loading=\"lazy\" decoding=\"async\" width=\"780\" height=\"537\" src=\"https:\/\/storage.googleapis.com\/smartphoto-express-production-wp-blogs-com\/10\/2024\/04\/Petit-dejeuner-fete-des-Meres-personnalise-original-11.jpg\" alt=\"\" class=\"wp-image-12449\" style=\"aspect-ratio:2;width:846px;height:auto\" srcset=\"https:\/\/storage.googleapis.com\/smartphoto-express-production-wp-blogs-com\/10\/2024\/04\/Petit-dejeuner-fete-des-Meres-personnalise-original-11.jpg 780w, https:\/\/storage.googleapis.com\/smartphoto-express-production-wp-blogs-com\/10\/2024\/04\/Petit-dejeuner-fete-des-Meres-personnalise-original-11-300x207.jpg 300w, https:\/\/storage.googleapis.com\/smartphoto-express-production-wp-blogs-com\/10\/2024\/04\/Petit-dejeuner-fete-des-Meres-personnalise-original-11-768x529.jpg 768w\" sizes=\"auto, (max-width: 780px) 100vw, 780px\" \/><\/figure><\/div>\n\n\n<p>Quel que soit le conteneur choisi, ajoutez-y des n\u0153uds de satin, un petit bouquet de fleurs ou quelques fleurs individuelles nonchalamment dispos\u00e9es ci et l\u00e0, sans oublier une jolie carte.<\/p>\n\n\n\n<h2 class=\"wp-block-heading\" id=\"une-bouteille-a-la-mere\">\u00ab\u00a0Une bouteille \u00e0 la M\u00e8re\u00a0\u00bb : pour la faire chavirer de bonheur<\/h2>\n\n\n\n<p>Si le petit-d\u00e9jeuner inclut la boisson favorite de votre maman, vous pouvez en faire quelque chose d\u2019inoubliable&nbsp;! Collez une <a href=\"https:\/\/www.smartphoto.fr\/cadeaux-photo\/etiquettes-bouteilles\">\u00e9tiquette pour bouteille <\/a>sur votre bouteille de champagne, de lait ou de jus de fruit, pour un message des plus inattendus.  Si vous avez un peu plus de budget, vous pouvez aussi commander une <a href=\"https:\/\/www.smartphoto.fr\/cadeaux-photo\/carafe\">carafe en verre grav\u00e9<\/a>. <\/p>\n\n\n\n<figure class=\"wp-block-gallery has-nested-images columns-default is-cropped wp-block-gallery-1 is-layout-flex wp-block-gallery-is-layout-flex\">\n<figure class=\"wp-block-image size-large is-style-default\"><img decoding=\"async\" data-id=\"43578\" src=\"https:\/\/storage.googleapis.com\/smartphoto-express-production-wp-blogs-com\/9\/2022\/04\/Petit-dejeuner-maman.jpg\" alt=\"Plateau petit d\u00e9jeuner f\u00eate des M\u00e8res : la surprise au r\u00e9veil !\" class=\"wp-image-43578\" \/><\/figure>\n<\/figure>\n\n\n\n<p>Et n\u2019oubliez pas d\u2019y ajouter un petit mot perso&nbsp;!<\/p>\n\n\n\n<p>Quelques exemples pour vous aider ?<\/p>\n\n\n\n<ul class=\"wp-block-list\">\n<li>Ch\u00e8re maman, ton amour nous r\u00e9chauffe le c\u0153ur&nbsp;!<\/li>\n\n\n\n<li>Une bouteille bien habill\u00e9e pour te remercier de toujours prendre soin de nous.<\/li>\n\n\n\n<li>C\u2019est un jour sp\u00e9cial. En cette l\u2019occasion, la bouteille s\u2019est mise sur son 31.<\/li>\n\n\n\n<li>Tout comme cette bouteille, tu es grav\u00e9e dans nos c\u0153urs.<\/li>\n<\/ul>\n\n\n\n<h2 class=\"wp-block-heading\" id=\"plateau-petit-dejeuner-fete-des-meres-etiquettes-amusantes\">Plateau petit d\u00e9jeuner f\u00eate des M\u00e8res : \u00e9tiquettes amusantes<\/h2>\n\n\n\n<figure class=\"wp-block-gallery has-nested-images columns-4 is-cropped wp-block-gallery-2 is-layout-flex wp-block-gallery-is-layout-flex\">\n<figure class=\"wp-block-image size-large\"><img decoding=\"async\" data-id=\"37741\" src=\"https:\/\/storage.googleapis.com\/smartphoto-express-production-wp-blogs-com\/9\/2017\/04\/StickersGranola.jpg\" alt=\"sac plastique personnalis\u00e9 granola\" class=\"wp-image-37741\" \/><\/figure>\n\n\n\n<figure class=\"wp-block-image size-large\"><img decoding=\"async\" data-id=\"37739\" src=\"https:\/\/storage.googleapis.com\/smartphoto-express-production-wp-blogs-com\/9\/2017\/04\/StickersYoghurt.jpg\" alt=\"verre avec granola et yogourt\" class=\"wp-image-37739\" \/><\/figure>\n<\/figure>\n\n\n\n<p>Remplissez de petits sacs en papier ou plastique de biscuits, de mini-p\u00e2tisseries ou de granola, et collez-y une <a href=\"https:\/\/www.smartphoto.fr\/cadeaux-photo\/etiquettes\">\u00e9tiquette personnalis\u00e9e<\/a> porteur d\u2019un message amusant. Si votre maman aime les petits d\u00e9jeuners sains, allez plus loin en remplissant un bocal de couches successives de yaourt, baies, avoine, amandes, pommes&#8230; Mieux vaut le pr\u00e9parer le matin m\u00eame pour que l\u2019avoine reste croustillant.<\/p>\n\n\n\n<figure class=\"wp-block-gallery has-nested-images columns-default is-cropped wp-block-gallery-3 is-layout-flex wp-block-gallery-is-layout-flex\">\n<figure class=\"wp-block-image size-large\"><img decoding=\"async\" data-id=\"37738\" src=\"https:\/\/storage.googleapis.com\/smartphoto-express-production-wp-blogs-com\/9\/2017\/04\/StickersHoning2.jpg\" alt=\"\u00e9tiquettes personnalis\u00e9es pots\" class=\"wp-image-37738\" \/><\/figure>\n\n\n\n<figure class=\"wp-block-image size-large\"><img decoding=\"async\" data-id=\"37748\" src=\"https:\/\/storage.googleapis.com\/smartphoto-express-production-wp-blogs-com\/9\/2017\/04\/StickersConfituur.jpg\" alt=\"\u00e9tiquette personnalis\u00e9e confiture\" class=\"wp-image-37748\" \/><\/figure>\n<\/figure>\n\n\n\n<p>Vous pouvez \u00e9galement coller une \u00e9tiquette originale sur de petits pots de confiture, de miel ou de copeaux de chocolat. \u00c9crivez un po\u00e8me ou d\u00e9crivez avec humour le contenu, et finissez par un joli ruban.<\/p>\n\n\n\n<p>Id\u00e9es de texte&nbsp;:<\/p>\n\n\n\n<ul class=\"wp-block-list\">\n<li>Miel&nbsp;: ce produit a \u00e9t\u00e9 confectionn\u00e9 par des abeilles qui ne travaillent que pour des M\u00e8res veilleuses&nbsp;; miam miam, ce miel<\/li>\n\n\n\n<li>Confiture&nbsp;: une tendre marmelade pour la plus tendre des mamans&nbsp;; mar-maman-lade<\/li>\n<\/ul>\n\n\n\n<h2 class=\"wp-block-heading\" id=\"mugs-magiques\">Un mug (magique) : \u00e9merveillez l\u00e0 au r\u00e9veil<\/h2>\n\n\n\n<p>Versez lui son caf\u00e9 au r\u00e9veil et regardez ses yeux s&rsquo;ouvrir d&rsquo;\u00e9merveillement. Ce <a href=\"https:\/\/www.smartphoto.be\/fr\/cadeaux-photo\/mug-photo\">mug magique<\/a> r\u00e9v\u00e8le une photo d\u00e8s qu\u2019un liquide chaud est vers\u00e9 dedans. Mais il existe aussi bien d\u2019autres mani\u00e8res de pr\u00e9senter le caf\u00e9 ou le lait avec personnalit\u00e9. Via une tasse \u00e0 caf\u00e9 ou un set de tasses au texte coordonn\u00e9, par exemple.<\/p>\n\n\n\n<figure class=\"wp-block-gallery aligncenter has-nested-images columns-3 is-cropped wp-block-gallery-4 is-layout-flex wp-block-gallery-is-layout-flex\">\n<figure class=\"wp-block-image size-full\"><img loading=\"lazy\" decoding=\"async\" width=\"800\" height=\"532\" data-id=\"12450\" src=\"https:\/\/storage.googleapis.com\/smartphoto-express-production-wp-blogs-com\/10\/2024\/04\/Petit-dejeuner-fete-des-Meres-personnalise-original-16.jpg\" alt=\"\" class=\"wp-image-12450\" srcset=\"https:\/\/storage.googleapis.com\/smartphoto-express-production-wp-blogs-com\/10\/2024\/04\/Petit-dejeuner-fete-des-Meres-personnalise-original-16.jpg 800w, https:\/\/storage.googleapis.com\/smartphoto-express-production-wp-blogs-com\/10\/2024\/04\/Petit-dejeuner-fete-des-Meres-personnalise-original-16-300x200.jpg 300w, https:\/\/storage.googleapis.com\/smartphoto-express-production-wp-blogs-com\/10\/2024\/04\/Petit-dejeuner-fete-des-Meres-personnalise-original-16-768x511.jpg 768w\" sizes=\"auto, (max-width: 800px) 100vw, 800px\" \/><\/figure>\n\n\n\n<figure class=\"wp-block-image size-full\"><img loading=\"lazy\" decoding=\"async\" width=\"1024\" height=\"1024\" data-id=\"12451\" src=\"https:\/\/storage.googleapis.com\/smartphoto-express-production-wp-blogs-com\/10\/2024\/04\/Petit-dejeuner-fete-des-Meres-personnalise-original-17.jpg\" alt=\"\" class=\"wp-image-12451\" srcset=\"https:\/\/storage.googleapis.com\/smartphoto-express-production-wp-blogs-com\/10\/2024\/04\/Petit-dejeuner-fete-des-Meres-personnalise-original-17.jpg 1024w, https:\/\/storage.googleapis.com\/smartphoto-express-production-wp-blogs-com\/10\/2024\/04\/Petit-dejeuner-fete-des-Meres-personnalise-original-17-300x300.jpg 300w, https:\/\/storage.googleapis.com\/smartphoto-express-production-wp-blogs-com\/10\/2024\/04\/Petit-dejeuner-fete-des-Meres-personnalise-original-17-150x150.jpg 150w, https:\/\/storage.googleapis.com\/smartphoto-express-production-wp-blogs-com\/10\/2024\/04\/Petit-dejeuner-fete-des-Meres-personnalise-original-17-768x768.jpg 768w\" sizes=\"auto, (max-width: 1024px) 100vw, 1024px\" \/><\/figure>\n<\/figure>\n\n\n\n<p>Id\u00e9es de texte&nbsp;:<\/p>\n\n\n\n<ul class=\"wp-block-list\">\n<li>1. Avec maman 2. Nous sommes toujours heureux<\/li>\n\n\n\n<li>1. Maman est la plus merveilleuse et la meilleure 2. chanteuse, conductrice, cheffe coque, du monde<\/li>\n\n\n\n<li>1. Du plus adorable des enfants 2. \u00c1 la meilleure des mamans<\/li>\n<\/ul>\n\n\n\n<h2 class=\"wp-block-heading\" id=\"boite-a-biscuits-avec-dessin\">La bo\u00eete \u00e0 biscuits avec un dessin perso<\/h2>\n\n\n\n<div class=\"wp-block-media-text alignwide is-stacked-on-mobile\"><figure class=\"wp-block-media-text__media\"><img decoding=\"async\" src=\"https:\/\/storage.googleapis.com\/smartphoto-express-production-wp-blogs-com\/9\/2017\/04\/CookieTin.jpg\" alt=\"Bo\u00eete \u00e0 biscuit personnalis\u00e9e dessin enfant\" class=\"wp-image-37752 size-full\" \/><\/figure><div class=\"wp-block-media-text__content\">\n<p>Demandez aux enfants de faire un dessin pour leur maman, prenez-le en photo et faites-le imprimer sur une <a href=\"https:\/\/www.smartphoto.fr\/cadeaux-photo\/boite-biscuits-photo\">bo\u00eete \u00e0 biscuits en forme de c\u0153ur<\/a>. Et si vous voulez offrir un g\u00e2teau ou des biscuits le jour de la f\u00eate des M\u00e8res, vous pouvez les cacher \u00e0 l\u2019int\u00e9rieur de la bo\u00eete. Une surprise du plus bel effet sur votre plateau petit d\u00e9jeuner f\u00eate des M\u00e8res, dont elle se souviendra longtemps puisque elle pourra r\u00e9utiliser par la suite la bo\u00eete \u00e0 biscuits pour y stocker d\u2019autres gourmandises.<\/p>\n<\/div><\/div>\n\n\n\n<div style=\"height:15px\" aria-hidden=\"true\" class=\"wp-block-spacer\"><\/div>\n\n\n\n<div class=\"wp-block-media-text is-stacked-on-mobile\"><figure class=\"wp-block-media-text__media\"><img loading=\"lazy\" decoding=\"async\" width=\"600\" height=\"600\" src=\"https:\/\/storage.googleapis.com\/smartphoto-express-production-wp-blogs-com\/10\/2024\/04\/600x600-1.jpg\" alt=\"boite \u00e0 cookies photo smartphoto\" class=\"wp-image-11703 size-full\" srcset=\"https:\/\/storage.googleapis.com\/smartphoto-express-production-wp-blogs-com\/10\/2024\/04\/600x600-1.jpg 600w, https:\/\/storage.googleapis.com\/smartphoto-express-production-wp-blogs-com\/10\/2024\/04\/600x600-1-300x300.jpg 300w, https:\/\/storage.googleapis.com\/smartphoto-express-production-wp-blogs-com\/10\/2024\/04\/600x600-1-150x150.jpg 150w\" sizes=\"auto, (max-width: 600px) 100vw, 600px\" \/><\/figure><div class=\"wp-block-media-text__content\">\n<p>Vous pouvez aussi imprimer directement une jolie photo de votre famille \u00e0 mettre sur <a href=\"https:\/\/www.smartphoto.fr\/cadeaux-photo\/boite-biscuits-photo\">la bo\u00eete<\/a>. Cela lui fera autant plaisir, c&rsquo;est certain ! Et pourquoi pas d\u00e9j\u00e0 les remplir de delicieux biscuits pour la maman gourmande ? C&rsquo;est aussi possible.<\/p>\n<\/div><\/div>\n\n\n\n<div style=\"height:15px\" aria-hidden=\"true\" class=\"wp-block-spacer\"><\/div>\n\n\n\n<h2 class=\"wp-block-heading\" id=\"des-souvenirs-a-profusion-au-menu\">Des souvenirs \u00e0 profusion au menu<\/h2>\n\n\n\n<p>Lors d\u2019un petit d\u00e9jeuner de f\u00eate des M\u00e8res, le pain, les p\u00e2tisseries et autres douceurs m\u00e9ritent aussi une pr\u00e9sentation sp\u00e9ciale&nbsp;: pourquoi ne pas utiliser un <a href=\"https:\/\/www.smartphoto.fr\/cadeaux-photo\/bol-aperitif-photo\">bol en c\u00e9ramique personnalis\u00e9<\/a>, par exemple&nbsp;? D\u00e9corez-le de photos de maman avec ses enfants, et ajoutez-y des clich\u00e9s plus anciens de son enfance, pris avec sa propre m\u00e8re. Outre le pain, ce bol servira une bonne dose de nostalgie.<\/p>\n\n\n<div class=\"wp-block-image\">\n<figure class=\"aligncenter size-large is-resized\"><img loading=\"lazy\" decoding=\"async\" width=\"1024\" height=\"538\" src=\"https:\/\/storage.googleapis.com\/smartphoto-express-production-wp-blogs-com\/10\/2024\/04\/CerealBowl_Shoot_Lifestyle5-1-1024x538.jpg\" alt=\"\" class=\"wp-image-11705\" style=\"aspect-ratio:1.7865168539325842;width:843px;height:auto\" srcset=\"https:\/\/storage.googleapis.com\/smartphoto-express-production-wp-blogs-com\/10\/2024\/04\/CerealBowl_Shoot_Lifestyle5-1-1024x538.jpg 1024w, https:\/\/storage.googleapis.com\/smartphoto-express-production-wp-blogs-com\/10\/2024\/04\/CerealBowl_Shoot_Lifestyle5-1-300x158.jpg 300w, https:\/\/storage.googleapis.com\/smartphoto-express-production-wp-blogs-com\/10\/2024\/04\/CerealBowl_Shoot_Lifestyle5-1-768x403.jpg 768w, https:\/\/storage.googleapis.com\/smartphoto-express-production-wp-blogs-com\/10\/2024\/04\/CerealBowl_Shoot_Lifestyle5-1.jpg 1200w\" sizes=\"auto, (max-width: 1024px) 100vw, 1024px\" \/><\/figure><\/div>\n\n\n<p>Et n\u2019oubliez pas qu\u2019un jus de fruit fra\u00eechement press\u00e9 est encore meilleur lorsqu\u2019il est servi dans un verre arborant une photo qui rappelle de bons souvenirs. Cr\u00e9ez <a href=\"https:\/\/www.smartphoto.fr\/cadeaux-photo\/verre-givre-photo\">un set de verres personnalis\u00e9s<\/a> pour toute la famille ou un exemplaire unique pour maman.<\/p>\n\n\n\n<figure class=\"wp-block-image size-full is-resized\"><img loading=\"lazy\" decoding=\"async\" width=\"780\" height=\"537\" src=\"https:\/\/storage.googleapis.com\/smartphoto-express-production-wp-blogs-com\/10\/2024\/04\/FrostedGlass_Shoot_lifestyle13.jpg\" alt=\"Verre personnalis\u00e9 smartphoto\" class=\"wp-image-11704\" style=\"aspect-ratio:1.452513966480447;width:840px;height:auto\" srcset=\"https:\/\/storage.googleapis.com\/smartphoto-express-production-wp-blogs-com\/10\/2024\/04\/FrostedGlass_Shoot_lifestyle13.jpg 780w, https:\/\/storage.googleapis.com\/smartphoto-express-production-wp-blogs-com\/10\/2024\/04\/FrostedGlass_Shoot_lifestyle13-300x207.jpg 300w, https:\/\/storage.googleapis.com\/smartphoto-express-production-wp-blogs-com\/10\/2024\/04\/FrostedGlass_Shoot_lifestyle13-768x529.jpg 768w\" sizes=\"auto, (max-width: 780px) 100vw, 780px\" \/><\/figure>\n\n\n\n<h2 class=\"wp-block-heading\" id=\"crepes-en-forme-de-lettres\">Cr\u00eapes en forme de lettres<\/h2>\n\n\n<div class=\"wp-block-image\">\n<figure class=\"aligncenter is-resized\"><img decoding=\"async\" src=\"https:\/\/storage.googleapis.com\/smartphoto-express-production-wp-blogs-com\/9\/2017\/04\/Pannenkoeken.jpg\" alt=\"cr\u00eapes f\u00eate des m\u00e8res\" class=\"wp-image-37747\" style=\"aspect-ratio:2;width:836px;height:auto\" \/><\/figure><\/div>\n\n\n<p>Vous voulez vous retrousser les manches et d\u00e9ployer votre cr\u00e9ativit\u00e9 en cuisine&nbsp;? Pr\u00e9parez votre p\u00e2te \u00e0 cr\u00eape pr\u00e9f\u00e9r\u00e9e, versez-la dans un flacon souple ou une poche \u00e0 douille, et c\u2019est parti pour une s\u00e9ance d\u2019\u00e9criture \u00e0 m\u00eame la po\u00eale. Voici quelques id\u00e9es de chouettes messages&nbsp;:<\/p>\n\n\n\n<ul class=\"wp-block-list\">\n<li>Debout maman&nbsp;!<\/li>\n\n\n\n<li>Je (c\u0153ur) maman<\/li>\n\n\n\n<li>Gros c\u00e2lin&nbsp;!<\/li>\n<\/ul>\n\n\n\n<p>On dit bien que le chemin le plus court vers le c\u0153ur passe par l\u2019estomac. Et en ce jour sp\u00e9cial, on ne la laisse pas toucher aux fourneaux&nbsp;! Alors, le jour de la f\u00eate des M\u00e8res, servez-lui de bon matin tout votre amour, dans un plateau petit d\u00e9jeuner f\u00eate des M\u00e8res beau et original.<\/p>\n\n\n\n<p>Attention&nbsp;: des effets secondaires peuvent survenir, comme des larmes (de joie)  <strong>\u2665<\/strong><\/p>\n\n\n<div class=\"wp-block-image\">\n<figure class=\"aligncenter size-full\"><a href=\"https:\/\/www.smartphoto.fr\/cadeau-fete-des-meres\"><img decoding=\"async\" src=\"https:\/\/storage.googleapis.com\/smartphoto-express-production-wp-blogs-com\/9\/2019\/04\/CTA_Blog_MothersDay_Gifts_FR.jpg\" alt=\"plateau petit d\u00e9jeuner f\u00eate des m\u00e8res\" class=\"wp-image-41138\" \/><\/a><\/figure><\/div>","protected":false},"excerpt":{"rendered":"<p>Surprenez votre maman au saut du lit avec un joli plateau petit d\u00e9jeuner f\u00eate des m\u00e8res. Gourmand et personnalis\u00e9, votre maman va adorer !<\/p>\n","protected":false},"author":39,"featured_media":8638,"comment_status":"open","ping_status":"open","sticky":false,"template":"","format":"standard","meta":{"om_disable_all_campaigns":false,"_monsterinsights_skip_tracking":false,"_monsterinsights_sitenote_active":false,"_monsterinsights_sitenote_note":"","_monsterinsights_sitenote_category":0,"footnotes":""},"categories":[74],"tags":[],"class_list":["post-5770","post","type-post","status-publish","format-standard","has-post-thumbnail","hentry","category-fete-des-meres"],"yoast_head":"<!-- This site is optimized with the Yoast SEO plugin v23.8 - https:\/\/yoast.com\/wordpress\/plugins\/seo\/ -->\n<title>Plateau petit d\u00e9jeuner f\u00eate des M\u00e8res : surprise garantie Un petit d\u00e9jeuner personnalis\u00e9 f\u00eate des M\u00e8res : la surprise au r\u00e9veil !<\/title>\n<meta name=\"description\" content=\"Surprenez votre maman au saut du lit avec un joli plateau petit d\u00e9jeuner f\u00eate des M\u00e8res. Gourmand et personnalis\u00e9, votre maman va adorer !\" \/>\n<meta name=\"robots\" content=\"index, follow, max-snippet:-1, max-image-preview:large, max-video-preview:-1\" \/>\n<link rel=\"canonical\" href=\"https:\/\/www.smartphoto.fr\/inspiration\/plateau-petit-dejeuner-fete-des-meres\" \/>\n<meta property=\"og:locale\" content=\"fr_FR\" \/>\n<meta property=\"og:type\" content=\"article\" \/>\n<meta property=\"og:title\" content=\"Plateau petit d\u00e9jeuner f\u00eate des M\u00e8res : surprise garantie Un petit d\u00e9jeuner personnalis\u00e9 f\u00eate des M\u00e8res : la surprise au r\u00e9veil !\" \/>\n<meta property=\"og:description\" content=\"Surprenez votre maman au saut du lit avec un joli plateau petit d\u00e9jeuner f\u00eate des M\u00e8res. Gourmand et personnalis\u00e9, votre maman va adorer !\" \/>\n<meta property=\"og:url\" content=\"https:\/\/www.smartphoto.fr\/inspiration\/plateau-petit-dejeuner-fete-des-meres\" \/>\n<meta property=\"og:site_name\" content=\"smartphoto FR\" \/>\n<meta property=\"article:publisher\" content=\"https:\/\/www.facebook.com\/smartphoto.fr\" \/>\n<meta property=\"article:published_time\" content=\"2024-04-29T13:08:57+00:00\" \/>\n<meta property=\"article:modified_time\" content=\"2025-06-10T13:33:17+00:00\" \/>\n<meta property=\"og:image\" content=\"https:\/\/storage.googleapis.com\/smartphoto-express-production-wp-blogs-com\/10\/2019\/02\/Fete-des-meres-petit-desjeuner.jpg\" \/>\n\t<meta property=\"og:image:width\" content=\"719\" \/>\n\t<meta property=\"og:image:height\" content=\"403\" \/>\n\t<meta property=\"og:image:type\" content=\"image\/jpeg\" \/>\n<meta name=\"author\" content=\"Caroline\" \/>\n<meta name=\"twitter:card\" content=\"summary_large_image\" \/>\n<meta name=\"twitter:creator\" content=\"@smartphoto_fr\" \/>\n<meta name=\"twitter:site\" content=\"@smartphoto_fr\" \/>\n<meta name=\"twitter:label1\" content=\"Written by\" \/>\n\t<meta name=\"twitter:data1\" content=\"Caroline\" \/>\n\t<meta name=\"twitter:label2\" content=\"Est. reading time\" \/>\n\t<meta name=\"twitter:data2\" content=\"9 minutes\" \/>\n<script type=\"application\/ld+json\" class=\"yoast-schema-graph\">{\"@context\":\"https:\/\/schema.org\",\"@graph\":[{\"@type\":\"WebPage\",\"@id\":\"https:\/\/www.smartphoto.fr\/inspiration\/plateau-petit-dejeuner-fete-des-meres\",\"url\":\"https:\/\/www.smartphoto.fr\/inspiration\/plateau-petit-dejeuner-fete-des-meres\",\"name\":\"Plateau petit d\u00e9jeuner f\u00eate des M\u00e8res : surprise garantie Un petit d\u00e9jeuner personnalis\u00e9 f\u00eate des M\u00e8res : la surprise au r\u00e9veil !\",\"isPartOf\":{\"@id\":\"https:\/\/www.smartphoto.fr\/inspiration\/#website\"},\"primaryImageOfPage\":{\"@id\":\"https:\/\/www.smartphoto.fr\/inspiration\/plateau-petit-dejeuner-fete-des-meres#primaryimage\"},\"image\":{\"@id\":\"https:\/\/www.smartphoto.fr\/inspiration\/plateau-petit-dejeuner-fete-des-meres#primaryimage\"},\"thumbnailUrl\":\"https:\/\/storage.googleapis.com\/smartphoto-express-production-wp-blogs-com\/10\/2019\/02\/Fete-des-meres-petit-desjeuner.jpg\",\"datePublished\":\"2024-04-29T13:08:57+00:00\",\"dateModified\":\"2025-06-10T13:33:17+00:00\",\"author\":{\"@id\":\"https:\/\/www.smartphoto.fr\/inspiration\/#\/schema\/person\/14abe7c86f4bda0d741e3ec66a39733e\"},\"description\":\"Surprenez votre maman au saut du lit avec un joli plateau petit d\u00e9jeuner f\u00eate des M\u00e8res. Gourmand et personnalis\u00e9, votre maman va adorer !\",\"breadcrumb\":{\"@id\":\"https:\/\/www.smartphoto.fr\/inspiration\/plateau-petit-dejeuner-fete-des-meres#breadcrumb\"},\"inLanguage\":\"fr-FR\",\"potentialAction\":[{\"@type\":\"ReadAction\",\"target\":[\"https:\/\/www.smartphoto.fr\/inspiration\/plateau-petit-dejeuner-fete-des-meres\"]}]},{\"@type\":\"ImageObject\",\"inLanguage\":\"fr-FR\",\"@id\":\"https:\/\/www.smartphoto.fr\/inspiration\/plateau-petit-dejeuner-fete-des-meres#primaryimage\",\"url\":\"https:\/\/storage.googleapis.com\/smartphoto-express-production-wp-blogs-com\/10\/2019\/02\/Fete-des-meres-petit-desjeuner.jpg\",\"contentUrl\":\"https:\/\/storage.googleapis.com\/smartphoto-express-production-wp-blogs-com\/10\/2019\/02\/Fete-des-meres-petit-desjeuner.jpg\",\"width\":719,\"height\":403},{\"@type\":\"BreadcrumbList\",\"@id\":\"https:\/\/www.smartphoto.fr\/inspiration\/plateau-petit-dejeuner-fete-des-meres#breadcrumb\",\"itemListElement\":[{\"@type\":\"ListItem\",\"position\":1,\"name\":\"Home\",\"item\":\"https:\/\/www.smartphoto.fr\/inspiration\/\"},{\"@type\":\"ListItem\",\"position\":2,\"name\":\"Un petit d\u00e9jeuner personnalis\u00e9 f\u00eate des M\u00e8res : la surprise au r\u00e9veil !\"}]},{\"@type\":\"WebSite\",\"@id\":\"https:\/\/www.smartphoto.fr\/inspiration\/#website\",\"url\":\"https:\/\/www.smartphoto.fr\/inspiration\/\",\"name\":\"smartphoto FR\",\"description\":\"Le blog de smartphoto France.\",\"potentialAction\":[{\"@type\":\"SearchAction\",\"target\":{\"@type\":\"EntryPoint\",\"urlTemplate\":\"https:\/\/www.smartphoto.fr\/inspiration\/?s={search_term_string}\"},\"query-input\":{\"@type\":\"PropertyValueSpecification\",\"valueRequired\":true,\"valueName\":\"search_term_string\"}}],\"inLanguage\":\"fr-FR\"},{\"@type\":\"Person\",\"@id\":\"https:\/\/www.smartphoto.fr\/inspiration\/#\/schema\/person\/14abe7c86f4bda0d741e3ec66a39733e\",\"name\":\"Caroline\",\"image\":{\"@type\":\"ImageObject\",\"inLanguage\":\"fr-FR\",\"@id\":\"https:\/\/www.smartphoto.fr\/inspiration\/#\/schema\/person\/image\/\",\"url\":\"https:\/\/secure.gravatar.com\/avatar\/3bf4c2775ae12d0bb3bb504b56a0508c?s=96&d=mm&r=g\",\"contentUrl\":\"https:\/\/secure.gravatar.com\/avatar\/3bf4c2775ae12d0bb3bb504b56a0508c?s=96&d=mm&r=g\",\"caption\":\"Caroline\"},\"description\":\"Des id\u00e9es cr\u00e9atives pour vous inspirer, des sujets qui vous aident vraiment dans votre quotidien, voil\u00e0 ce que j'esp\u00e8re partager avec vous via ce blog. Quand je ne blogue pas pour smartphoto, je profites de bons moments en famille avec mon ch\u00e9ri et mes enfants, ou j'\u00e9tudie et je pratique le yoga.\",\"sameAs\":[\"http:\/\/www.smartphoto.fr\/inspiration\",\"https:\/\/www.instagram.com\/smartphoto_fr\/\"],\"url\":\"https:\/\/www.smartphoto.fr\/inspiration\/author\/caroline\"}]}<\/script>\n<!-- \/ Yoast SEO plugin. -->","yoast_head_json":{"title":"Plateau petit d\u00e9jeuner f\u00eate des M\u00e8res : surprise garantie Un petit d\u00e9jeuner personnalis\u00e9 f\u00eate des M\u00e8res : la surprise au r\u00e9veil !","description":"Surprenez votre maman au saut du lit avec un joli plateau petit d\u00e9jeuner f\u00eate des M\u00e8res. Gourmand et personnalis\u00e9, votre maman va adorer !","robots":{"index":"index","follow":"follow","max-snippet":"max-snippet:-1","max-image-preview":"max-image-preview:large","max-video-preview":"max-video-preview:-1"},"canonical":"https:\/\/www.smartphoto.fr\/inspiration\/plateau-petit-dejeuner-fete-des-meres","og_locale":"fr_FR","og_type":"article","og_title":"Plateau petit d\u00e9jeuner f\u00eate des M\u00e8res : surprise garantie Un petit d\u00e9jeuner personnalis\u00e9 f\u00eate des M\u00e8res : la surprise au r\u00e9veil !","og_description":"Surprenez votre maman au saut du lit avec un joli plateau petit d\u00e9jeuner f\u00eate des M\u00e8res. Gourmand et personnalis\u00e9, votre maman va adorer !","og_url":"https:\/\/www.smartphoto.fr\/inspiration\/plateau-petit-dejeuner-fete-des-meres","og_site_name":"smartphoto FR","article_publisher":"https:\/\/www.facebook.com\/smartphoto.fr","article_published_time":"2024-04-29T13:08:57+00:00","article_modified_time":"2025-06-10T13:33:17+00:00","og_image":[{"width":719,"height":403,"url":"https:\/\/storage.googleapis.com\/smartphoto-express-production-wp-blogs-com\/10\/2019\/02\/Fete-des-meres-petit-desjeuner.jpg","type":"image\/jpeg"}],"author":"Caroline","twitter_card":"summary_large_image","twitter_creator":"@smartphoto_fr","twitter_site":"@smartphoto_fr","twitter_misc":{"Written by":"Caroline","Est. reading time":"9 minutes"},"schema":{"@context":"https:\/\/schema.org","@graph":[{"@type":"WebPage","@id":"https:\/\/www.smartphoto.fr\/inspiration\/plateau-petit-dejeuner-fete-des-meres","url":"https:\/\/www.smartphoto.fr\/inspiration\/plateau-petit-dejeuner-fete-des-meres","name":"Plateau petit d\u00e9jeuner f\u00eate des M\u00e8res : surprise garantie Un petit d\u00e9jeuner personnalis\u00e9 f\u00eate des M\u00e8res : la surprise au r\u00e9veil !","isPartOf":{"@id":"https:\/\/www.smartphoto.fr\/inspiration\/#website"},"primaryImageOfPage":{"@id":"https:\/\/www.smartphoto.fr\/inspiration\/plateau-petit-dejeuner-fete-des-meres#primaryimage"},"image":{"@id":"https:\/\/www.smartphoto.fr\/inspiration\/plateau-petit-dejeuner-fete-des-meres#primaryimage"},"thumbnailUrl":"https:\/\/storage.googleapis.com\/smartphoto-express-production-wp-blogs-com\/10\/2019\/02\/Fete-des-meres-petit-desjeuner.jpg","datePublished":"2024-04-29T13:08:57+00:00","dateModified":"2025-06-10T13:33:17+00:00","author":{"@id":"https:\/\/www.smartphoto.fr\/inspiration\/#\/schema\/person\/14abe7c86f4bda0d741e3ec66a39733e"},"description":"Surprenez votre maman au saut du lit avec un joli plateau petit d\u00e9jeuner f\u00eate des M\u00e8res. Gourmand et personnalis\u00e9, votre maman va adorer !","breadcrumb":{"@id":"https:\/\/www.smartphoto.fr\/inspiration\/plateau-petit-dejeuner-fete-des-meres#breadcrumb"},"inLanguage":"fr-FR","potentialAction":[{"@type":"ReadAction","target":["https:\/\/www.smartphoto.fr\/inspiration\/plateau-petit-dejeuner-fete-des-meres"]}]},{"@type":"ImageObject","inLanguage":"fr-FR","@id":"https:\/\/www.smartphoto.fr\/inspiration\/plateau-petit-dejeuner-fete-des-meres#primaryimage","url":"https:\/\/storage.googleapis.com\/smartphoto-express-production-wp-blogs-com\/10\/2019\/02\/Fete-des-meres-petit-desjeuner.jpg","contentUrl":"https:\/\/storage.googleapis.com\/smartphoto-express-production-wp-blogs-com\/10\/2019\/02\/Fete-des-meres-petit-desjeuner.jpg","width":719,"height":403},{"@type":"BreadcrumbList","@id":"https:\/\/www.smartphoto.fr\/inspiration\/plateau-petit-dejeuner-fete-des-meres#breadcrumb","itemListElement":[{"@type":"ListItem","position":1,"name":"Home","item":"https:\/\/www.smartphoto.fr\/inspiration\/"},{"@type":"ListItem","position":2,"name":"Un petit d\u00e9jeuner personnalis\u00e9 f\u00eate des M\u00e8res : la surprise au r\u00e9veil !"}]},{"@type":"WebSite","@id":"https:\/\/www.smartphoto.fr\/inspiration\/#website","url":"https:\/\/www.smartphoto.fr\/inspiration\/","name":"smartphoto FR","description":"Le blog de smartphoto France.","potentialAction":[{"@type":"SearchAction","target":{"@type":"EntryPoint","urlTemplate":"https:\/\/www.smartphoto.fr\/inspiration\/?s={search_term_string}"},"query-input":{"@type":"PropertyValueSpecification","valueRequired":true,"valueName":"search_term_string"}}],"inLanguage":"fr-FR"},{"@type":"Person","@id":"https:\/\/www.smartphoto.fr\/inspiration\/#\/schema\/person\/14abe7c86f4bda0d741e3ec66a39733e","name":"Caroline","image":{"@type":"ImageObject","inLanguage":"fr-FR","@id":"https:\/\/www.smartphoto.fr\/inspiration\/#\/schema\/person\/image\/","url":"https:\/\/secure.gravatar.com\/avatar\/3bf4c2775ae12d0bb3bb504b56a0508c?s=96&d=mm&r=g","contentUrl":"https:\/\/secure.gravatar.com\/avatar\/3bf4c2775ae12d0bb3bb504b56a0508c?s=96&d=mm&r=g","caption":"Caroline"},"description":"Des id\u00e9es cr\u00e9atives pour vous inspirer, des sujets qui vous aident vraiment dans votre quotidien, voil\u00e0 ce que j'esp\u00e8re partager avec vous via ce blog. Quand je ne blogue pas pour smartphoto, je profites de bons moments en famille avec mon ch\u00e9ri et mes enfants, ou j'\u00e9tudie et je pratique le yoga.","sameAs":["http:\/\/www.smartphoto.fr\/inspiration","https:\/\/www.instagram.com\/smartphoto_fr\/"],"url":"https:\/\/www.smartphoto.fr\/inspiration\/author\/caroline"}]}},"_links":{"self":[{"href":"https:\/\/www.smartphoto.fr\/inspiration\/wp-json\/wp\/v2\/posts\/5770","targetHints":{"allow":["GET"]}}],"collection":[{"href":"https:\/\/www.smartphoto.fr\/inspiration\/wp-json\/wp\/v2\/posts"}],"about":[{"href":"https:\/\/www.smartphoto.fr\/inspiration\/wp-json\/wp\/v2\/types\/post"}],"author":[{"embeddable":true,"href":"https:\/\/www.smartphoto.fr\/inspiration\/wp-json\/wp\/v2\/users\/39"}],"replies":[{"embeddable":true,"href":"https:\/\/www.smartphoto.fr\/inspiration\/wp-json\/wp\/v2\/comments?post=5770"}],"version-history":[{"count":33,"href":"https:\/\/www.smartphoto.fr\/inspiration\/wp-json\/wp\/v2\/posts\/5770\/revisions"}],"predecessor-version":[{"id":12452,"href":"https:\/\/www.smartphoto.fr\/inspiration\/wp-json\/wp\/v2\/posts\/5770\/revisions\/12452"}],"wp:featuredmedia":[{"embeddable":true,"href":"https:\/\/www.smartphoto.fr\/inspiration\/wp-json\/wp\/v2\/media\/8638"}],"wp:attachment":[{"href":"https:\/\/www.smartphoto.fr\/inspiration\/wp-json\/wp\/v2\/media?parent=5770"}],"wp:term":[{"taxonomy":"category","embeddable":true,"href":"https:\/\/www.smartphoto.fr\/inspiration\/wp-json\/wp\/v2\/categories?post=5770"},{"taxonomy":"post_tag","embeddable":true,"href":"https:\/\/www.smartphoto.fr\/inspiration\/wp-json\/wp\/v2\/tags?post=5770"}],"curies":[{"name":"wp","href":"https:\/\/api.w.org\/{rel}","templated":true}]}}