{"id":5768,"date":"2017-04-27T13:42:14","date_gmt":"2017-04-27T13:42:14","guid":{"rendered":"\/inspiration\/?p=5768"},"modified":"2018-08-20T17:47:37","modified_gmt":"2018-08-20T15:47:37","slug":"deco-de-fete-personnalisee","status":"publish","type":"post","link":"https:\/\/www.smartphoto.fr\/inspiration\/deco-de-fete-personnalisee","title":{"rendered":"D\u00e9co de f\u00eate personnalis\u00e9e : une f\u00eate qui vous ressemble !"},"content":{"rendered":"<h3>D\u00e9co de f\u00eate personnalis\u00e9e<\/h3>\n<p>Vous organisez un \u00e9v\u00e9nement et vous \u00eates \u00e0 la recherche d&rsquo;id\u00e9es d\u00e9co inspir\u00e9e pour la f\u00eate ? Vous \u00eates au bon endroit !<\/p>\n<p>Que la f\u00eate commence\u00a0!<\/p>\n<p><a href=\"https:\/\/www.smartphoto.fr\/tirage-photo\/tirage-photo-carre?utm_source=blog&amp;utm_medium=social&amp;utm_campaign=decodefeteperso\" target=\"_blank\" rel=\"noopener\"><img loading=\"lazy\" decoding=\"async\" class=\"wp-image-5783 size-full aligncenter\" src=\"https:\/\/storage.googleapis.com\/smartphoto-express-production-wp-blogs-com\/10\/2017\/04\/Fotoslinger2.jpg\" alt=\"d\u00e9co de f\u00eate personnalis\u00e9e\" width=\"360\" height=\"360\" srcset=\"https:\/\/storage.googleapis.com\/smartphoto-express-production-wp-blogs-com\/10\/2017\/04\/Fotoslinger2.jpg 360w, https:\/\/storage.googleapis.com\/smartphoto-express-production-wp-blogs-com\/10\/2017\/04\/Fotoslinger2-150x150.jpg 150w, https:\/\/storage.googleapis.com\/smartphoto-express-production-wp-blogs-com\/10\/2017\/04\/Fotoslinger2-300x300.jpg 300w\" sizes=\"auto, (max-width: 360px) 100vw, 360px\" \/><\/a><\/p>\n<p>Hourra\u00a0!! Profiter d\u2019un bon repas, en bonne compagnie, dans une atmosph\u00e8re chaleureuse, sans se soucier du monde ext\u00e9rieur&#8230; Que ce soit pour une f\u00eate d\u2019anniversaire, une pendaison de cr\u00e9maill\u00e8re, un anniversaire de mariage, une premi\u00e8re communion ou un simple barbecue\u00a0: tout le monde aime recevoir des invitations\u00a0! Mais organiser la f\u00eate est une toute autre histoire. G\u00e9n\u00e9ralement, qui dit pr\u00e9paration, dit exp\u00e9rience \u00e9prouvante pour l\u2019h\u00f4te. Outre l\u2019aspect organisationnel, il lui faut en effet trouver une d\u00e9co de f\u00eate personnalis\u00e9e et originale. Et ce n\u2019est pas si simple\u00a0!<\/p>\n<p>Car souvent, les d\u00e9corations de f\u00eate se r\u00e9sument \u00e0 des bouquets de ballons au mur, des serviettes de couleur et quelques fleurs sur la table. Mais pourquoi se contenter d\u2019une mise en sc\u00e8ne terne sachant qu\u2019il suffirait de vraiment pas grand-chose pour apporter une touche personnelle \u00e0 l\u2019\u00e9v\u00e9nement\u00a0? Pensez, par exemple, \u00e0 des accessoires amusants \u00e0 poser sur la table, \u00e0 des d\u00e9corations murales repr\u00e9sentant des photos de vos amis ou \u00e0 une mani\u00e8re originale d\u2019ouvrir les cadeaux. Gr\u00e2ce \u00e0 ces petites intentions, vos invit\u00e9s se souviendront longtemps de votre f\u00eate, et pas uniquement du buffet\u00a0!<\/p>\n<p>Votre f\u00eate approche et la nervosit\u00e9 li\u00e9e \u00e0 son organisation vous gagne\u00a0? D\u00e9tendez-vous et suivez les astuces de d\u00e9coration ci-dessous. Effet garanti\u00a0!<\/p>\n<h2>1. Photos sur toile<\/h2>\n<p><a href=\"https:\/\/www.smartphoto.fr\/deco-photo\/toiles-photo?utm_source=blog&amp;utm_medium=social&amp;utm_campaign=decodefeteperso\" target=\"_blank\" rel=\"noopener\"><img loading=\"lazy\" decoding=\"async\" class=\"alignnone wp-image-5791 size-full\" src=\"https:\/\/storage.googleapis.com\/smartphoto-express-production-wp-blogs-com\/10\/2017\/04\/VriendenCanvas.jpg\" alt=\"d\u00e9co de f\u00eate personnalis\u00e9e\" width=\"720\" height=\"360\" srcset=\"https:\/\/storage.googleapis.com\/smartphoto-express-production-wp-blogs-com\/10\/2017\/04\/VriendenCanvas.jpg 720w, https:\/\/storage.googleapis.com\/smartphoto-express-production-wp-blogs-com\/10\/2017\/04\/VriendenCanvas-300x150.jpg 300w\" sizes=\"auto, (max-width: 720px) 100vw, 720px\" \/><\/a><\/p>\n<p>Recueillez des photos de vos invit\u00e9s (provenant des r\u00e9seaux sociaux ou d\u2019une f\u00eate pr\u00e9c\u00e9dente) et assemblez-les pour r\u00e9aliser un <a href=\"https:\/\/www.smartphoto.fr\/deco-photo\/toiles-photo\">collage sur toile<\/a>. Vous pouvez opter pour un collage compl\u00e8tement d\u00e9jant\u00e9 rassemblant les photos les plus folles, ou au contraire miser sur une disposition sage o\u00f9 vos invit\u00e9s sont tous sur leur 31. Votre montage attirera \u00e0 coup s\u00fbr l\u2019attention et d\u00e9corera \u00e0 merveille votre mur.<\/p>\n<h2>2. D\u00e9corations pour cadeaux<\/h2>\n<h3><a href=\"https:\/\/www.smartphoto.fr\/cadeaux-photo\/etiquettes?utm_source=blog&amp;utm_medium=social&amp;utm_campaign=decodefeteperso\" target=\"_blank\" rel=\"noopener\"><img loading=\"lazy\" decoding=\"async\" class=\"alignnone wp-image-5786 size-full\" src=\"https:\/\/storage.googleapis.com\/smartphoto-express-production-wp-blogs-com\/10\/2017\/04\/Pakjes.jpg\" alt=\"d\u00e9co de f\u00eate personnalis\u00e9e\" width=\"720\" height=\"360\" srcset=\"https:\/\/storage.googleapis.com\/smartphoto-express-production-wp-blogs-com\/10\/2017\/04\/Pakjes.jpg 720w, https:\/\/storage.googleapis.com\/smartphoto-express-production-wp-blogs-com\/10\/2017\/04\/Pakjes-300x150.jpg 300w\" sizes=\"auto, (max-width: 720px) 100vw, 720px\" \/><\/a><\/h3>\n<p>Transformez les cadeaux que vous recevez en \u0153uvre d\u2019art avant m\u00eame de les ouvrir. Vous organisez un barbecue\u00a0? Suspendez-les \u00e0 l\u2019aide de rubans \u00e0 un arbre (orn\u00e9 d\u2019illuminations de No\u00ebl) ou accrochez-les aux chaises. Si votre f\u00eate se d\u00e9roule \u00e0 l\u2019int\u00e9rieur, fixez-les de mani\u00e8re artistique \u00e0 votre tringle \u00e0 rideau ou votre rampe d\u2019escalier.<\/p>\n<h2>3. Devinettes inattendues<\/h2>\n<p><a href=\"https:\/\/www.smartphoto.fr\/cadeaux-photo\/etiquettes?utm_source=blog&amp;utm_medium=social&amp;utm_campaign=decodefeteperso\" target=\"_blank\" rel=\"noopener\"><img loading=\"lazy\" decoding=\"async\" class=\"alignnone wp-image-5788 size-full\" src=\"https:\/\/storage.googleapis.com\/smartphoto-express-production-wp-blogs-com\/10\/2017\/04\/StickersRaadsel.jpg\" alt=\"d\u00e9co de f\u00eate personnalis\u00e9e\" width=\"720\" height=\"360\" srcset=\"https:\/\/storage.googleapis.com\/smartphoto-express-production-wp-blogs-com\/10\/2017\/04\/StickersRaadsel.jpg 720w, https:\/\/storage.googleapis.com\/smartphoto-express-production-wp-blogs-com\/10\/2017\/04\/StickersRaadsel-300x150.jpg 300w\" sizes=\"auto, (max-width: 720px) 100vw, 720px\" \/><\/a><\/p>\n<p>Allez encore plus loin en lan\u00e7ant un jeu autour des cadeaux. Cr\u00e9ez \u00e0 l\u2019avance de <a href=\"https:\/\/www.smartphoto.fr\/cadeaux-photo\/etiquettes\">petites \u00e9tiquettes cadeaux <\/a>sur lesquelles sont inscrites des \u00e9nigmes* ou des devinettes, et collez-les \u00e0 diff\u00e9rents endroits de la maison. Distribuez ensuite \u00e0 chacun de vos invit\u00e9s un<a href=\"https:\/\/www.smartphoto.fr\/cadeaux-photo\/stickers-retro-photo\"> sticker r\u00e9tro <\/a>avec son nom et la r\u00e9ponse \u00e0 l\u2019une des devinettes, et collez ce sticker sur son cadeau. L\u2019h\u00f4te sera autoris\u00e9 \u00e0 ouvrir le cadeau en question uniquement lorsque l\u2019invit\u00e9 aura trouv\u00e9 la devinette correspondante.<\/p>\n<p><em>* Pensez \u00e0 Internet, qui regorge d\u2019id\u00e9es d\u2019\u00e9nigmes.<\/em><\/p>\n<h2>4. D\u00e9co de f\u00eate personnalis\u00e9e : banderole personnalis\u00e9e<\/h2>\n<p><a href=\"https:\/\/www.smartphoto.fr\/deco-photo\/banderole-exterieur?utm_source=blog&amp;utm_medium=social&amp;utm_campaign=decodefeteperso\" target=\"_blank\" rel=\"noopener\"><img loading=\"lazy\" decoding=\"async\" class=\"alignnone wp-image-5785 size-full\" src=\"https:\/\/storage.googleapis.com\/smartphoto-express-production-wp-blogs-com\/10\/2017\/04\/Outdoorposter.jpg\" alt=\"d\u00e9co de f\u00eate personnalis\u00e9e\" width=\"720\" height=\"360\" srcset=\"https:\/\/storage.googleapis.com\/smartphoto-express-production-wp-blogs-com\/10\/2017\/04\/Outdoorposter.jpg 720w, https:\/\/storage.googleapis.com\/smartphoto-express-production-wp-blogs-com\/10\/2017\/04\/Outdoorposter-300x150.jpg 300w\" sizes=\"auto, (max-width: 720px) 100vw, 720px\" \/><\/a><\/p>\n<p>Qui dit barbecue, dit d\u00e9corations de jardin. Et si possible, des d\u00e9corations qui peuvent rester en place une fois la f\u00eate finie. Utilisez une grande <a href=\"https:\/\/www.smartphoto.fr\/deco-photo\/banderole-exterieur\">banderole personnalis\u00e9e<\/a> et transformez votre jardin en un champ de lavande pour un petit air de Provence, en un vert p\u00e2turage o\u00f9 des vaches paissent paisiblement ou encore en un magnifique coucher de soleil sur une plage exotique. Et si votre f\u00eate est plac\u00e9e sous le signe d\u2019un th\u00e8me sp\u00e9cial, n\u2019h\u00e9sitez pas \u00e0 coordonner votre banderole \u00e0 d\u2019autres \u00e9l\u00e9ments d\u00e9coratifs assortis. De cette mani\u00e8re, votre d\u00e9co de f\u00eate personnalis\u00e9e cr\u00e9era une atmosph\u00e8re coh\u00e9rente qui perdurera tout au long de l\u2019\u00e9v\u00e9nement.<\/p>\n<h2>5. Guirlande de photos joyeuses<\/h2>\n<p><a href=\"https:\/\/www.smartphoto.fr\/tirage-photo\/tirage-photo-carre?utm_source=blog&amp;utm_medium=social&amp;utm_campaign=decodefeteperso\" target=\"_blank\" rel=\"noopener\"><img loading=\"lazy\" decoding=\"async\" class=\"alignnone wp-image-5782 size-full\" src=\"https:\/\/storage.googleapis.com\/smartphoto-express-production-wp-blogs-com\/10\/2017\/04\/Fotoslinger.jpg\" alt=\"d\u00e9co de f\u00eate personnalis\u00e9e\" width=\"720\" height=\"360\" srcset=\"https:\/\/storage.googleapis.com\/smartphoto-express-production-wp-blogs-com\/10\/2017\/04\/Fotoslinger.jpg 720w, https:\/\/storage.googleapis.com\/smartphoto-express-production-wp-blogs-com\/10\/2017\/04\/Fotoslinger-300x150.jpg 300w\" sizes=\"auto, (max-width: 720px) 100vw, 720px\" \/><\/a><\/p>\n<p>Pourquoi attendre No\u00ebl pour sortir vos guirlandes lumineuses\u00a0? Suspendez vos illuminations de No\u00ebl entre deux points de votre salon ou de votre jardin et, \u00e0 l\u2019aide de pinces \u00e0 linge, accrochez-y des <a href=\"https:\/\/www.smartphoto.fr\/tirage-photo\/tirage-photo-carre\">tirages r\u00e9tro<\/a> en lien avec la f\u00eate. Par exemple, si vous organisez votre anniversaire, suspendez une photo illustrant chaque ann\u00e9e de votre vie, par ordre chronologique. Et voil\u00e0 une mise en sc\u00e8ne qui en fera fondre plus d\u2019un\u00a0!<br \/>\nC\u2019est votre anniversaire de mariage\u00a0? Proc\u00e9dez de la m\u00eame mani\u00e8re en retra\u00e7ant la vie de votre couple par des moments cl\u00e9s\u00a0: les d\u00e9buts de votre relation, vos premiers voyages ensemble, votre mariage, la naissance des enfants&#8230;\u00a0C&rsquo;est s\u00fbr, votre d\u00e9co de f\u00eate personnalis\u00e9e avec des tirages photo r\u00e9tro en fera fondre plus d&rsquo;un ;-).<\/p>\n<h2>6. Arbres \u00e0 photos en guise de d\u00e9corations de table<\/h2>\n<p><a href=\"https:\/\/www.smartphoto.fr\/tirage-photo\/developpement-photo?utm_source=blog&amp;utm_medium=social&amp;utm_campaign=decodefeteperso\" target=\"_blank\" rel=\"noopener\"><img loading=\"lazy\" decoding=\"async\" class=\"alignnone wp-image-5781 size-full\" src=\"https:\/\/storage.googleapis.com\/smartphoto-express-production-wp-blogs-com\/10\/2017\/04\/Fotoboom.jpg\" alt=\"d\u00e9co de f\u00eate personnalis\u00e9e\" width=\"720\" height=\"360\" srcset=\"https:\/\/storage.googleapis.com\/smartphoto-express-production-wp-blogs-com\/10\/2017\/04\/Fotoboom.jpg 720w, https:\/\/storage.googleapis.com\/smartphoto-express-production-wp-blogs-com\/10\/2017\/04\/Fotoboom-300x150.jpg 300w\" sizes=\"auto, (max-width: 720px) 100vw, 720px\" \/><\/a><\/p>\n<p>Ces arbres \u00e0 photo sont tr\u00e8s faciles \u00e0 r\u00e9aliser soi-m\u00eame et se r\u00e9v\u00e8leront parfaits sur votre table pour engager la conversation entre les convives. Prenez quelques branches, faites un trou dans plusieurs <a href=\"https:\/\/www.smartphoto.fr\/tirage-photo\/developpement-photo\">tirages r\u00e9tro ou noir &amp; blanc<\/a> \u00e0 l\u2019aide d\u2019une perforatrice, et attachez-les aux branches avec du ruban. Vous pouvez choisir des photos en lien avec le th\u00e8me de la f\u00eate ou surprendre vos invit\u00e9s avec des photos d\u2019eux.<\/p>\n<h2>7. Sets de table menu<\/h2>\n<p><a href=\"https:\/\/www.smartphoto.fr\/cadeaux-photo\/lot-sets-de-table-photo?utm_source=blog&amp;utm_medium=social&amp;utm_campaign=decodefeteperso\" target=\"_blank\" rel=\"noopener\"><img loading=\"lazy\" decoding=\"async\" class=\"alignnone wp-image-5787 size-full\" src=\"https:\/\/storage.googleapis.com\/smartphoto-express-production-wp-blogs-com\/10\/2017\/04\/Placemat-1.jpg\" alt=\"d\u00e9co de f\u00eate personnalis\u00e9e\" width=\"720\" height=\"360\" srcset=\"https:\/\/storage.googleapis.com\/smartphoto-express-production-wp-blogs-com\/10\/2017\/04\/Placemat-1.jpg 720w, https:\/\/storage.googleapis.com\/smartphoto-express-production-wp-blogs-com\/10\/2017\/04\/Placemat-1-300x150.jpg 300w\" sizes=\"auto, (max-width: 720px) 100vw, 720px\" \/><\/a><\/p>\n<p>Vous avez probablement d\u00e9j\u00e0 vu dans les restaurants ces <a href=\"https:\/\/www.smartphoto.fr\/cadeaux-photo\/lot-sets-de-table-photo\">sets de table personnalis\u00e9s<\/a> qui pr\u00e9sentent en m\u00eame temps le menu. Bonne nouvelle\u00a0: vous pouvez en r\u00e9aliser vous-m\u00eame tr\u00e8s facilement. Si vous ne voulez pas tout r\u00e9v\u00e9ler, histoire de surprendre vos convives, pourquoi ne pas d\u00e9crire les diff\u00e9rents mets de fa\u00e7on amusante, voire myst\u00e9rieuse\u00a0? Optez, par exemple, pour un tr\u00e9sor enterr\u00e9 (pommes de terre), une profondeur des mers toute de rose v\u00eatue (saumon), des balles de ping pong vertes (choux de Bruxelles)&#8230;<\/p>\n<h2>8. Dites-le avec des fleurs<\/h2>\n<p><img loading=\"lazy\" decoding=\"async\" class=\"alignleft wp-image-5790 size-full\" src=\"https:\/\/storage.googleapis.com\/smartphoto-express-production-wp-blogs-com\/10\/2017\/04\/StickerVaas.jpg\" alt=\"d\u00e9co de f\u00eate personnalis\u00e9e\" width=\"360\" height=\"360\" srcset=\"https:\/\/storage.googleapis.com\/smartphoto-express-production-wp-blogs-com\/10\/2017\/04\/StickerVaas.jpg 360w, https:\/\/storage.googleapis.com\/smartphoto-express-production-wp-blogs-com\/10\/2017\/04\/StickerVaas-150x150.jpg 150w, https:\/\/storage.googleapis.com\/smartphoto-express-production-wp-blogs-com\/10\/2017\/04\/StickerVaas-300x300.jpg 300w\" sizes=\"auto, (max-width: 360px) 100vw, 360px\" \/>Les fleurs, \u00e7a \u00e9gaie toujours une table. Mais quand en plus les fleurs sont pr\u00e9sent\u00e9es dans un vase original, c\u2019est encore mieux\u00a0! Glanez quelques jolis vases et apposez-y des <a href=\"https:\/\/www.smartphoto.fr\/cadeaux-photo\/etiquettes\">\u00e9tiquettes \u00e0 bocaux<\/a> en fonction du th\u00e8me de votre f\u00eate\u00a0: design festif, romantique, classique&#8230; Vous pouvez aussi ajouter des photos de vos invit\u00e9s ou de vous-m\u00eame pour une touche personnelle.<\/p>\n<div class=\"clear\" style=\"height:0px\"><\/div>\n<img loading=\"lazy\" decoding=\"async\" class=\"alignleft wp-image-5789 size-full\" src=\"https:\/\/storage.googleapis.com\/smartphoto-express-production-wp-blogs-com\/10\/2017\/04\/StickerSuiker.jpg\" alt=\"d\u00e9co de f\u00eate personnalis\u00e9e\" width=\"360\" height=\"360\" srcset=\"https:\/\/storage.googleapis.com\/smartphoto-express-production-wp-blogs-com\/10\/2017\/04\/StickerSuiker.jpg 360w, https:\/\/storage.googleapis.com\/smartphoto-express-production-wp-blogs-com\/10\/2017\/04\/StickerSuiker-150x150.jpg 150w, https:\/\/storage.googleapis.com\/smartphoto-express-production-wp-blogs-com\/10\/2017\/04\/StickerSuiker-300x300.jpg 300w\" sizes=\"auto, (max-width: 360px) 100vw, 360px\" \/>Reprenez l\u2019id\u00e9e sur votre pot \u00e0 sucre, pour un d\u00e9tail qui sera du plus bel effet au moment du caf\u00e9. Indiquez sur l\u2019\u00e9tiquette le contenu du r\u00e9cipient (sucre blanc, caf\u00e9 instantan\u00e9, sel&#8230;) et voil\u00e0 un bien joli souvenir, en plus d\u2019\u00eatre pratique, que vous pourrez conserver une fois la f\u00eate finie.<\/p>\n<div class=\"clear\" style=\"height:0px\"><\/div>\n<h2>9. \u00c9tiquettes ronds de serviette originales<\/h2>\n<p><a href=\"https:\/\/www.smartphoto.fr\/cadeaux-photo\/etiquettes-ronds-serviette?utm_source=blog&amp;utm_medium=social&amp;utm_campaign=decodefeteperso\" target=\"_blank\" rel=\"noopener\"><img loading=\"lazy\" decoding=\"async\" class=\"alignnone wp-image-5784 size-full\" src=\"https:\/\/storage.googleapis.com\/smartphoto-express-production-wp-blogs-com\/10\/2017\/04\/Napkinsticker.jpg\" alt=\"d\u00e9co de f\u00eate personnalis\u00e9e\" width=\"720\" height=\"360\" srcset=\"https:\/\/storage.googleapis.com\/smartphoto-express-production-wp-blogs-com\/10\/2017\/04\/Napkinsticker.jpg 720w, https:\/\/storage.googleapis.com\/smartphoto-express-production-wp-blogs-com\/10\/2017\/04\/Napkinsticker-300x150.jpg 300w\" sizes=\"auto, (max-width: 720px) 100vw, 720px\" \/><\/a><\/p>\n<p>Pliez les serviettes selon des formes cr\u00e9atives et terminez par une <a href=\"https:\/\/www.smartphoto.fr\/cadeaux-photo\/etiquettes-ronds-serviette\">\u00e9tiquette rond de serviette<\/a>. Si vous voulez gagner du temps en utilisant la m\u00eame \u00e9tiquette pour tout le monde, ces \u00e9tiquettes ronds de serviette s\u2019av\u00e8rent parfaites. Elles sont fournies par 24, toutes identiques. En revanche, si vous pr\u00e9f\u00e9rez apporter une touche d\u2019originalit\u00e9 en concoctant une \u00e9tiquette personnalis\u00e9e pour chaque convive, avec une photo de la personne ou des symboles en lien avec la f\u00eate, pr\u00e9f\u00e9rez les <a href=\"https:\/\/www.smartphoto.fr\/cadeaux-photo\/autocollants-cadeaux-photo\">\u00e9tiquettes cadeaux<\/a>. Vous recevrez 24\u00a0designs diff\u00e9rents.<\/p>\n<p>Le secret d\u2019une f\u00eate r\u00e9ussie ne repose pas uniquement sur l\u2019enthousiasme des convives. La pr\u00e9paration et une d\u00e9co de f\u00eate personnalis\u00e9e et originale sont tout aussi importantes. Et en tant qu\u2019h\u00f4te, cette t\u00e2che vous revient\u00a0! Pensez au th\u00e8me, laissez aller votre imagination et r\u00e9fl\u00e9chissez au moindre d\u00e9tail de la d\u00e9coration. Quelques \u00e9l\u00e9ments personnels orn\u00e9s de photos en rapport avec l\u2019\u00e9v\u00e9nement apporteront la touche finale. Faites de votre f\u00eate une occasion inoubliable et surtout&#8230; n\u2019oubliez pas de vous amuser\u00a0!<\/p>\n","protected":false},"excerpt":{"rendered":"<p>D\u00e9co de f\u00eate personnalis\u00e9e Vous organisez un \u00e9v\u00e9nement et vous \u00eates \u00e0 la recherche d&rsquo;id\u00e9es d\u00e9co inspir\u00e9e pour la f\u00eate ? Vous \u00eates au bon endroit ! Que la f\u00eate commence\u00a0! Hourra\u00a0!! Profiter d\u2019un bon repas, en bonne compagnie, dans une atmosph\u00e8re chaleureuse, sans se soucier du monde ext\u00e9rieur&#8230; Que ce soit pour une f\u00eate d\u2019anniversaire, une pendaison de cr\u00e9maill\u00e8re, un anniversaire de mariage, une premi\u00e8re communion ou un simple barbecue\u00a0: tout le monde aime recevoir des invitations\u00a0! Mais organiser la f\u00eate est une toute autre histoire. G\u00e9n\u00e9ralement, qui dit pr\u00e9paration, dit exp\u00e9rience \u00e9prouvante pour l\u2019h\u00f4te. Outre l\u2019aspect organisationnel, il<\/p>\n","protected":false},"author":1,"featured_media":5783,"comment_status":"open","ping_status":"open","sticky":false,"template":"","format":"standard","meta":{"om_disable_all_campaigns":false,"_monsterinsights_skip_tracking":false,"_monsterinsights_sitenote_active":false,"_monsterinsights_sitenote_note":"","_monsterinsights_sitenote_category":0,"footnotes":""},"categories":[70,13],"tags":[],"class_list":["post-5768","post","type-post","status-publish","format-standard","has-post-thumbnail","hentry","category-anniversaire","category-decoration"],"yoast_head":"<!-- This site is optimized with the Yoast SEO plugin v23.8 - https:\/\/yoast.com\/wordpress\/plugins\/seo\/ -->\n<title>D\u00e9co de f\u00eate personnalis\u00e9e : pour une f\u00eate qui vous ressemble<\/title>\n<meta name=\"description\" content=\"Vous organisez un \u00e9v\u00e9nement et vous \u00eates \u00e0 la recherche d&#039;id\u00e9es pour une d\u00e9co de f\u00eate personnalis\u00e9e ? Vous \u00eates au bon endroit !\" \/>\n<meta name=\"robots\" content=\"index, follow, max-snippet:-1, max-image-preview:large, max-video-preview:-1\" \/>\n<link rel=\"canonical\" href=\"https:\/\/www.smartphoto.fr\/inspiration\/deco-de-fete-personnalisee\" \/>\n<meta property=\"og:locale\" content=\"fr_FR\" \/>\n<meta property=\"og:type\" content=\"article\" \/>\n<meta property=\"og:title\" content=\"D\u00e9co de f\u00eate personnalis\u00e9e : pour une f\u00eate qui vous ressemble\" \/>\n<meta property=\"og:description\" content=\"Vous organisez un \u00e9v\u00e9nement et vous \u00eates \u00e0 la recherche d&#039;id\u00e9es pour une d\u00e9co de f\u00eate personnalis\u00e9e ? Vous \u00eates au bon endroit !\" \/>\n<meta property=\"og:url\" content=\"\/inspiration\/deco-de-fete-personnalisee\" \/>\n<meta property=\"og:site_name\" content=\"smartphoto FR\" \/>\n<meta property=\"article:publisher\" content=\"https:\/\/www.facebook.com\/smartphoto.fr\" \/>\n<meta property=\"article:published_time\" content=\"2017-04-27T13:42:14+00:00\" \/>\n<meta property=\"article:modified_time\" content=\"2018-08-20T15:47:37+00:00\" \/>\n<meta property=\"og:image\" content=\"https:\/\/storage.googleapis.com\/smartphoto-express-production-wp-blogs-com\/10\/2017\/04\/Fotoslinger2.jpg\" \/>\n\t<meta property=\"og:image:width\" content=\"360\" \/>\n\t<meta property=\"og:image:height\" content=\"360\" \/>\n\t<meta property=\"og:image:type\" content=\"image\/jpeg\" \/>\n<meta name=\"author\" content=\"admin\" \/>\n<meta name=\"twitter:card\" content=\"summary_large_image\" \/>\n<meta name=\"twitter:creator\" content=\"@smartphoto_fr\" \/>\n<meta name=\"twitter:site\" content=\"@smartphoto_fr\" \/>\n<meta name=\"twitter:label1\" content=\"Written by\" \/>\n\t<meta name=\"twitter:data1\" content=\"admin\" \/>\n\t<meta name=\"twitter:label2\" content=\"Est. reading time\" \/>\n\t<meta name=\"twitter:data2\" content=\"7 minutes\" \/>\n<script type=\"application\/ld+json\" class=\"yoast-schema-graph\">{\"@context\":\"https:\/\/schema.org\",\"@graph\":[{\"@type\":\"WebPage\",\"@id\":\"\/inspiration\/deco-de-fete-personnalisee\",\"url\":\"https:\/\/www.smartphoto.fr\/inspiration\/deco-de-fete-personnalisee\",\"name\":\"D\u00e9co de f\u00eate personnalis\u00e9e : pour une f\u00eate qui vous ressemble\",\"isPartOf\":{\"@id\":\"https:\/\/www.smartphoto.fr\/inspiration\/#website\"},\"primaryImageOfPage\":{\"@id\":\"https:\/\/www.smartphoto.fr\/inspiration\/deco-de-fete-personnalisee#primaryimage\"},\"image\":{\"@id\":\"https:\/\/www.smartphoto.fr\/inspiration\/deco-de-fete-personnalisee#primaryimage\"},\"thumbnailUrl\":\"https:\/\/storage.googleapis.com\/smartphoto-express-production-wp-blogs-com\/10\/2017\/04\/Fotoslinger2.jpg\",\"datePublished\":\"2017-04-27T13:42:14+00:00\",\"dateModified\":\"2018-08-20T15:47:37+00:00\",\"author\":{\"@id\":\"https:\/\/www.smartphoto.fr\/inspiration\/#\/schema\/person\/c256b3f50ae468ee69f4b486108c797b\"},\"description\":\"Vous organisez un \u00e9v\u00e9nement et vous \u00eates \u00e0 la recherche d'id\u00e9es pour une d\u00e9co de f\u00eate personnalis\u00e9e ? Vous \u00eates au bon endroit !\",\"breadcrumb\":{\"@id\":\"https:\/\/www.smartphoto.fr\/inspiration\/deco-de-fete-personnalisee#breadcrumb\"},\"inLanguage\":\"fr-FR\",\"potentialAction\":[{\"@type\":\"ReadAction\",\"target\":[\"https:\/\/www.smartphoto.fr\/inspiration\/deco-de-fete-personnalisee\"]}]},{\"@type\":\"ImageObject\",\"inLanguage\":\"fr-FR\",\"@id\":\"https:\/\/www.smartphoto.fr\/inspiration\/deco-de-fete-personnalisee#primaryimage\",\"url\":\"https:\/\/storage.googleapis.com\/smartphoto-express-production-wp-blogs-com\/10\/2017\/04\/Fotoslinger2.jpg\",\"contentUrl\":\"https:\/\/storage.googleapis.com\/smartphoto-express-production-wp-blogs-com\/10\/2017\/04\/Fotoslinger2.jpg\",\"width\":360,\"height\":360,\"caption\":\"d\u00e9co de f\u00eate personnalis\u00e9e\"},{\"@type\":\"BreadcrumbList\",\"@id\":\"https:\/\/www.smartphoto.fr\/inspiration\/deco-de-fete-personnalisee#breadcrumb\",\"itemListElement\":[{\"@type\":\"ListItem\",\"position\":1,\"name\":\"Home\",\"item\":\"https:\/\/www.smartphoto.fr\/inspiration\/\"},{\"@type\":\"ListItem\",\"position\":2,\"name\":\"D\u00e9co de f\u00eate personnalis\u00e9e : une f\u00eate qui vous ressemble !\"}]},{\"@type\":\"WebSite\",\"@id\":\"https:\/\/www.smartphoto.fr\/inspiration\/#website\",\"url\":\"https:\/\/www.smartphoto.fr\/inspiration\/\",\"name\":\"smartphoto FR\",\"description\":\"Le blog de smartphoto France.\",\"potentialAction\":[{\"@type\":\"SearchAction\",\"target\":{\"@type\":\"EntryPoint\",\"urlTemplate\":\"https:\/\/www.smartphoto.fr\/inspiration\/?s={search_term_string}\"},\"query-input\":{\"@type\":\"PropertyValueSpecification\",\"valueRequired\":true,\"valueName\":\"search_term_string\"}}],\"inLanguage\":\"fr-FR\"},{\"@type\":\"Person\",\"@id\":\"https:\/\/www.smartphoto.fr\/inspiration\/#\/schema\/person\/c256b3f50ae468ee69f4b486108c797b\",\"name\":\"admin\",\"image\":{\"@type\":\"ImageObject\",\"inLanguage\":\"fr-FR\",\"@id\":\"https:\/\/www.smartphoto.fr\/inspiration\/#\/schema\/person\/image\/\",\"url\":\"https:\/\/secure.gravatar.com\/avatar\/8f9488249a21b1f2cc85dc7982dc95c4?s=96&d=mm&r=g\",\"contentUrl\":\"https:\/\/secure.gravatar.com\/avatar\/8f9488249a21b1f2cc85dc7982dc95c4?s=96&d=mm&r=g\",\"caption\":\"admin\"},\"url\":\"https:\/\/www.smartphoto.fr\/inspiration\/author\/admin\"}]}<\/script>\n<!-- \/ Yoast SEO plugin. -->","yoast_head_json":{"title":"D\u00e9co de f\u00eate personnalis\u00e9e : pour une f\u00eate qui vous ressemble","description":"Vous organisez un \u00e9v\u00e9nement et vous \u00eates \u00e0 la recherche d'id\u00e9es pour une d\u00e9co de f\u00eate personnalis\u00e9e ? Vous \u00eates au bon endroit !","robots":{"index":"index","follow":"follow","max-snippet":"max-snippet:-1","max-image-preview":"max-image-preview:large","max-video-preview":"max-video-preview:-1"},"canonical":"https:\/\/www.smartphoto.fr\/inspiration\/deco-de-fete-personnalisee","og_locale":"fr_FR","og_type":"article","og_title":"D\u00e9co de f\u00eate personnalis\u00e9e : pour une f\u00eate qui vous ressemble","og_description":"Vous organisez un \u00e9v\u00e9nement et vous \u00eates \u00e0 la recherche d'id\u00e9es pour une d\u00e9co de f\u00eate personnalis\u00e9e ? Vous \u00eates au bon endroit !","og_url":"\/inspiration\/deco-de-fete-personnalisee","og_site_name":"smartphoto FR","article_publisher":"https:\/\/www.facebook.com\/smartphoto.fr","article_published_time":"2017-04-27T13:42:14+00:00","article_modified_time":"2018-08-20T15:47:37+00:00","og_image":[{"width":360,"height":360,"url":"https:\/\/storage.googleapis.com\/smartphoto-express-production-wp-blogs-com\/10\/2017\/04\/Fotoslinger2.jpg","type":"image\/jpeg"}],"author":"admin","twitter_card":"summary_large_image","twitter_creator":"@smartphoto_fr","twitter_site":"@smartphoto_fr","twitter_misc":{"Written by":"admin","Est. reading time":"7 minutes"},"schema":{"@context":"https:\/\/schema.org","@graph":[{"@type":"WebPage","@id":"\/inspiration\/deco-de-fete-personnalisee","url":"https:\/\/www.smartphoto.fr\/inspiration\/deco-de-fete-personnalisee","name":"D\u00e9co de f\u00eate personnalis\u00e9e : pour une f\u00eate qui vous ressemble","isPartOf":{"@id":"https:\/\/www.smartphoto.fr\/inspiration\/#website"},"primaryImageOfPage":{"@id":"https:\/\/www.smartphoto.fr\/inspiration\/deco-de-fete-personnalisee#primaryimage"},"image":{"@id":"https:\/\/www.smartphoto.fr\/inspiration\/deco-de-fete-personnalisee#primaryimage"},"thumbnailUrl":"https:\/\/storage.googleapis.com\/smartphoto-express-production-wp-blogs-com\/10\/2017\/04\/Fotoslinger2.jpg","datePublished":"2017-04-27T13:42:14+00:00","dateModified":"2018-08-20T15:47:37+00:00","author":{"@id":"https:\/\/www.smartphoto.fr\/inspiration\/#\/schema\/person\/c256b3f50ae468ee69f4b486108c797b"},"description":"Vous organisez un \u00e9v\u00e9nement et vous \u00eates \u00e0 la recherche d'id\u00e9es pour une d\u00e9co de f\u00eate personnalis\u00e9e ? Vous \u00eates au bon endroit !","breadcrumb":{"@id":"https:\/\/www.smartphoto.fr\/inspiration\/deco-de-fete-personnalisee#breadcrumb"},"inLanguage":"fr-FR","potentialAction":[{"@type":"ReadAction","target":["https:\/\/www.smartphoto.fr\/inspiration\/deco-de-fete-personnalisee"]}]},{"@type":"ImageObject","inLanguage":"fr-FR","@id":"https:\/\/www.smartphoto.fr\/inspiration\/deco-de-fete-personnalisee#primaryimage","url":"https:\/\/storage.googleapis.com\/smartphoto-express-production-wp-blogs-com\/10\/2017\/04\/Fotoslinger2.jpg","contentUrl":"https:\/\/storage.googleapis.com\/smartphoto-express-production-wp-blogs-com\/10\/2017\/04\/Fotoslinger2.jpg","width":360,"height":360,"caption":"d\u00e9co de f\u00eate personnalis\u00e9e"},{"@type":"BreadcrumbList","@id":"https:\/\/www.smartphoto.fr\/inspiration\/deco-de-fete-personnalisee#breadcrumb","itemListElement":[{"@type":"ListItem","position":1,"name":"Home","item":"https:\/\/www.smartphoto.fr\/inspiration\/"},{"@type":"ListItem","position":2,"name":"D\u00e9co de f\u00eate personnalis\u00e9e : une f\u00eate qui vous ressemble !"}]},{"@type":"WebSite","@id":"https:\/\/www.smartphoto.fr\/inspiration\/#website","url":"https:\/\/www.smartphoto.fr\/inspiration\/","name":"smartphoto FR","description":"Le blog de smartphoto France.","potentialAction":[{"@type":"SearchAction","target":{"@type":"EntryPoint","urlTemplate":"https:\/\/www.smartphoto.fr\/inspiration\/?s={search_term_string}"},"query-input":{"@type":"PropertyValueSpecification","valueRequired":true,"valueName":"search_term_string"}}],"inLanguage":"fr-FR"},{"@type":"Person","@id":"https:\/\/www.smartphoto.fr\/inspiration\/#\/schema\/person\/c256b3f50ae468ee69f4b486108c797b","name":"admin","image":{"@type":"ImageObject","inLanguage":"fr-FR","@id":"https:\/\/www.smartphoto.fr\/inspiration\/#\/schema\/person\/image\/","url":"https:\/\/secure.gravatar.com\/avatar\/8f9488249a21b1f2cc85dc7982dc95c4?s=96&d=mm&r=g","contentUrl":"https:\/\/secure.gravatar.com\/avatar\/8f9488249a21b1f2cc85dc7982dc95c4?s=96&d=mm&r=g","caption":"admin"},"url":"https:\/\/www.smartphoto.fr\/inspiration\/author\/admin"}]}},"_links":{"self":[{"href":"https:\/\/www.smartphoto.fr\/inspiration\/wp-json\/wp\/v2\/posts\/5768","targetHints":{"allow":["GET"]}}],"collection":[{"href":"https:\/\/www.smartphoto.fr\/inspiration\/wp-json\/wp\/v2\/posts"}],"about":[{"href":"https:\/\/www.smartphoto.fr\/inspiration\/wp-json\/wp\/v2\/types\/post"}],"author":[{"embeddable":true,"href":"https:\/\/www.smartphoto.fr\/inspiration\/wp-json\/wp\/v2\/users\/1"}],"replies":[{"embeddable":true,"href":"https:\/\/www.smartphoto.fr\/inspiration\/wp-json\/wp\/v2\/comments?post=5768"}],"version-history":[{"count":18,"href":"https:\/\/www.smartphoto.fr\/inspiration\/wp-json\/wp\/v2\/posts\/5768\/revisions"}],"predecessor-version":[{"id":7934,"href":"https:\/\/www.smartphoto.fr\/inspiration\/wp-json\/wp\/v2\/posts\/5768\/revisions\/7934"}],"wp:featuredmedia":[{"embeddable":true,"href":"https:\/\/www.smartphoto.fr\/inspiration\/wp-json\/wp\/v2\/media\/5783"}],"wp:attachment":[{"href":"https:\/\/www.smartphoto.fr\/inspiration\/wp-json\/wp\/v2\/media?parent=5768"}],"wp:term":[{"taxonomy":"category","embeddable":true,"href":"https:\/\/www.smartphoto.fr\/inspiration\/wp-json\/wp\/v2\/categories?post=5768"},{"taxonomy":"post_tag","embeddable":true,"href":"https:\/\/www.smartphoto.fr\/inspiration\/wp-json\/wp\/v2\/tags?post=5768"}],"curies":[{"name":"wp","href":"https:\/\/api.w.org\/{rel}","templated":true}]}}