{"id":4122,"date":"2016-11-24T11:46:10","date_gmt":"2016-11-24T10:46:10","guid":{"rendered":"http:\/\/www.wistiti.fr\/?p=4122"},"modified":"2018-09-12T15:29:05","modified_gmt":"2018-09-12T13:29:05","slug":"idee-deco-noel","status":"publish","type":"post","link":"https:\/\/www.smartphoto.fr\/inspiration\/idee-deco-noel","title":{"rendered":"Id\u00e9e d\u00e9co No\u00ebl : 10 tendances \u00e0 ne pas louper"},"content":{"rendered":"<h3 class=\"more-space\" style=\"color: #404040;text-align: justify\"><b>Id\u00e9e d\u00e9co No\u00ebl<\/b><\/h3>\n<div class=\"text-content\" style=\"color: #404040;text-align: justify\">\n<p>No\u00ebl approche \u00e0 grands pas et arrive le moment de d\u00e9corer son int\u00e9rieur et surtout la pi\u00e8ce ma\u00eetresse de la maison durant cette p\u00e9riode : le sapin de No\u00ebl !Faites le plein d&rsquo;id\u00e9es d\u00e9co de No\u00ebl avec \u00a0nous.<\/p>\n<p><img loading=\"lazy\" decoding=\"async\" class=\"aligncenter wp-image-4127 size-full\" src=\"https:\/\/storage.googleapis.com\/smartphoto-express-production-wp-blogs-com\/10\/2016\/11\/idee-deco-noel-Blog-1.jpg\" alt=\"id\u00e9e d\u00e9co No\u00ebl\" width=\"700\" height=\"366\" \/>La d\u00e9coration du sapin se fait g\u00e9n\u00e9ralement en famille, et petits et grands ont des \u00e9toiles plein les yeux. On vous donne des id\u00e9es de d\u00e9coration du sapin aux cadeaux en passant par la table et votre d\u00e9co ! Parmi ces 10 id\u00e9es tendance, quelle id\u00e9e d\u00e9co No\u00ebl vous s\u00e9duira pour cette ann\u00e9e ?<\/p>\n<h2>1 &#8211; Tendance noir et dor\u00e9<\/h2>\n<p><img loading=\"lazy\" decoding=\"async\" class=\"aligncenter wp-image-4132 size-full\" src=\"https:\/\/storage.googleapis.com\/smartphoto-express-production-wp-blogs-com\/10\/2016\/11\/idee-deco-noel-1.jpg\" alt=\"id\u00e9e d\u00e9co No\u00ebl\" width=\"716\" height=\"541\" \/><\/p>\n<p style=\"text-align: center\">Source :\u00a0<span style=\"color: #ff8584\"><a href=\"http:\/\/www.lizmarieblog.com\/2014\/12\/25-easy-creative-gift-wrapping-ideas\/\" target=\"_blank\" rel=\"noopener\"><span style=\"color: #ff8584\">LiZ Marie Blog<\/span><\/a>, <a href=\"http:\/\/www.blog.birdsparty.com\/2015\/12\/black-gold-christmas-tablescape-geometric-simple-diy-trees.html\" target=\"_blank\" rel=\"noopener\"><span style=\"color: #ff8584\">Birds Party<\/span><\/a> &amp; <a href=\"https:\/\/www.smartphoto.fr\/faire-part-cartes\/marque-place-personnalise\" target=\"_blank\" rel=\"noopener\"><span style=\"color: #ff8584\">smartphoto<\/span><\/a><\/span><\/p>\n<p>Le noir et le dor\u00e9 sont deux couleurs qui, associ\u00e9es, symbolisent la f\u00eate. Elles ont donc toute leur place dans la d\u00e9coration pour No\u00ebl. On peut miser par exemple sur une nappe de table de couleur noire sur laquelle seront d\u00e9pos\u00e9es des \u00e9toiles dor\u00e9es. On ne verra qu&rsquo;elles ! Ou alors une nappe blanche et m\u00e9langer des objets de d\u00e9coration noirs et dor\u00e9s. On peut aussi emballer les cadeaux avec du papier noir et \u00e9crire les pr\u00e9noms de ceux \u00e0 qui ils sont destin\u00e9s \u00e0 l&rsquo;aide d&rsquo;un stylo dor\u00e9. De nombreuses associations avec ces deux couleurs sont possibles.<\/p>\n<h2>2 &#8211; Ambiance scandinave<\/h2>\n<p><img loading=\"lazy\" decoding=\"async\" class=\"aligncenter wp-image-4133 size-full\" src=\"https:\/\/storage.googleapis.com\/smartphoto-express-production-wp-blogs-com\/10\/2016\/11\/idee-deco-noel-2.jpg\" alt=\"id\u00e9e d\u00e9co No\u00ebl\" width=\"716\" height=\"529\" \/><\/p>\n<p style=\"text-align: center\">Source :\u00a0<span style=\"color: #ff8584\"><a style=\"color: #2bb29b\" title=\"Classy and Style\" href=\"http:\/\/classy-and-style.tumblr.com\/post\/38717923711\/emilanton-table-setting-christmas\" target=\"_blank\" rel=\"noopener\"><span style=\"color: #ff8584\">Classy and Style<\/span><\/a>,\u00a0<a style=\"color: #ff8f64\" title=\"Cute as a Fox\" href=\"http:\/\/www.cuteasafox.com\/2013\/12\/rustic-hand-painted-woodland-creature.html\" target=\"_blank\" rel=\"noopener\"><span style=\"color: #ff8584\">Cute as a Fox<\/span><\/a>\u00a0&amp;\u00a0<a style=\"color: #ff8f64\" title=\"Wilton\" href=\"http:\/\/blog.wilton.com\/index.php\/woodland-animal-cakes-cupcakes\/\" target=\"_blank\" rel=\"noopener\"><span style=\"color: #ff8584\">Wilton<\/span><\/a><\/span><\/p>\n<p>Pour une id\u00e9e de d\u00e9co No\u00ebl originale, on utilise un mat\u00e9riau tr\u00e8s appr\u00e9ci\u00e9 dans les pays nordiques : le bois. Avec du bois, on peut r\u00e9aliser plein d&rsquo;\u00e9l\u00e9ments de d\u00e9coration pour No\u00ebl. On peut, par exemple, r\u00e9aliser des objets \u00e0 accrocher dans le sapin. Un peu de peinture pour cr\u00e9er des petits personnages et le tour est jou\u00e9 !<\/p>\n<h2>3 &#8211; Tendance noir et blanc<\/h2>\n<p><img loading=\"lazy\" decoding=\"async\" class=\"aligncenter wp-image-4134 size-full\" title=\"id\u00e9e d\u00e9co No\u00ebl\" src=\"https:\/\/storage.googleapis.com\/smartphoto-express-production-wp-blogs-com\/10\/2016\/11\/idee-deco-noel-3.jpg\" alt=\"id\u00e9e d\u00e9co No\u00ebl\" width=\"716\" height=\"541\" \/><\/p>\n<p style=\"text-align: center\">Source :\u00a0<span style=\"color: #ff8584\"><a style=\"color: #2bb29b\" title=\"Cuded\" href=\"http:\/\/www.cuded.com\/2015\/11\/65-christmas-home-decor-ideas\/\" target=\"_blank\" rel=\"noopener\"><span style=\"color: #ff8584\">Cuded<\/span><\/a>,\u00a0<a style=\"color: #ff8f64\" title=\"Not a Paperhouse\" href=\"http:\/\/notapaperhouse.com\/tafelgut-teas-straight-from-germany\/\" target=\"_blank\" rel=\"noopener\"><span style=\"color: #ff8584\">Not a Paperhouse<\/span><\/a>\u00a0&amp; <a href=\"https:\/\/www.smartphoto.fr\/produits\/designselection.aspx?pcg=cards.large&amp;occ=xmas\" target=\"_blank\" rel=\"noopener\"><span style=\"color: #ff8584\">smartphoto<\/span><\/a><\/span><\/p>\n<p>Ces deux couleurs sont oppos\u00e9es mais se marient tellement bien ensemble. La d\u00e9coration de table peut entr\u00e8rent \u00eatre compos\u00e9e de ces deux couleurs. Pour une grande tabl\u00e9e, on peut r\u00e9aliser des menus, \u00e9crits noir sur blanc, puis ajouter des serviettes noires et blanches, des bougeoirs, des petits sapins&#8230; Cela apporte une touche de chic au repas de No\u00ebl.<\/p>\n<h2>4 &#8211; Menthe \u00e0 l&rsquo;eau<\/h2>\n<p><img loading=\"lazy\" decoding=\"async\" class=\"aligncenter wp-image-4135 size-full\" src=\"https:\/\/storage.googleapis.com\/smartphoto-express-production-wp-blogs-com\/10\/2016\/11\/idee-deco-noel-4.jpg\" alt=\"id\u00e9e d\u00e9co No\u00ebl\" width=\"716\" height=\"541\" \/><\/p>\n<p style=\"text-align: center\">Source :\u00a0<span style=\"color: #ff8584\"><a style=\"color: #2bb29b\" title=\"Made in Persbo\" href=\"http:\/\/madeinpersbo.blogspot.be\/\" target=\"_blank\" rel=\"noopener\"><span style=\"color: #ff8584\">Made in Persbo<\/span><\/a>,\u00a0<a style=\"color: #ff8f64\" title=\"Pibjoerg\" href=\"http:\/\/www.pibjoerg.dk\/Christmas\" target=\"_blank\" rel=\"noopener\"><span style=\"color: #ff8584\">Pibjoerg<\/span><\/a>,\u00a0<a style=\"color: #ff8f64\" title=\"Sugar and Cloth\" href=\"http:\/\/sugarandcloth.com\/2014\/12\/diy-mini-wooden-christmas-trees\/\" target=\"_blank\" rel=\"noopener\"><span style=\"color: #ff8584\">Sugar and Cloth<\/span><\/a>\u00a0&amp; <a href=\"https:\/\/www.smartphoto.fr\/faire-part-cartes\" target=\"_blank\" rel=\"noopener\"><span style=\"color: #ff8584\">smartphoto<\/span><\/a><\/span><\/p>\n<p>On ne pense pas du tout \u00e0 cette couleur pour notre d\u00e9coration de No\u00ebl, et pourtant, la couleur menthe \u00e0 l\u2019eau, en plus d&rsquo;\u00eatre moderne, est la couleur de cette ann\u00e9e 2016. Boules du sapin, assiettes, petites bougies, quelques petites touches suffisent \u00e0 cr\u00e9er une d\u00e9coration de No\u00ebl originale. Les plus cr\u00e9atifs trouveront sans aucun doute une id\u00e9e d\u00e9co No\u00ebl \u00e0 cr\u00e9er o\u00f9 la couleur menthe \u00e0 l&rsquo;eau sera \u00e0 l&rsquo;honneur ! Et pourquoi ne pas la d\u00e9cliner dans <a title=\"Un sapin de No\u00ebl original cette ann\u00e9e ? Trouvez votre bonheur parmi nos 14 sapins originaux\" href=\"https:\/\/www.smartphoto.fr\/inspiration\/un-sapin-de-noel-original-cette-annee-trouvez-votre-bonheur-parmi-nos-14-sapins-originaux\" target=\"_blank\" rel=\"noopener\">un sapin de No\u00ebl original<\/a> ?<\/p>\n<h2>5 &#8211; No\u00ebl riche en \u00e9motion et dans nos assiettes<\/h2>\n<p><img loading=\"lazy\" decoding=\"async\" class=\"aligncenter wp-image-4138 size-full\" src=\"https:\/\/storage.googleapis.com\/smartphoto-express-production-wp-blogs-com\/10\/2016\/11\/idee-deco-noel-theme-vin.jpg\" alt=\"id\u00e9e d\u00e9co No\u00ebl\" width=\"716\" height=\"541\" \/><\/p>\n<p style=\"text-align: center\">Source :\u00a0<span style=\"color: #ff8584\"><a style=\"color: #2bb29b\" title=\"Etsy\" href=\"http:\/\/www.photosmile.be\/deze-10-kersttrends-van-2016-moet-je-gezien-hebben\/.https:\/\/www.etsy.com\/nl\/listing\/253127195\/bourgondie-en-goud-garland-bourgondie?ga_order=most_relevant&amp;ga_search_type=all&amp;ga_view_type=gallery&amp;ga_search_query=gold+and+maroon&amp;ref=sc_gallery_2&amp;plkey=b7aa0189bf47ed6feb1490a23d995ccb7501bda4%3A253127195\" target=\"_blank\" rel=\"noopener\"><span style=\"color: #ff8584\">Etsy<\/span><\/a>\u00a0&amp; \u00a0<a style=\"color: #ff8f64\" title=\"Colin Cowie Weddings\" href=\"http:\/\/www.colincowieweddings.com\/inspiration-and-details\/how-to-design-your-table-setting\" target=\"_blank\" rel=\"noopener\"><span style=\"color: #ff8584\">Colin Cowie Weddings<\/span><\/a><\/span><\/p>\n<p>On le sait tr\u00e8s bien, les repas de f\u00eate sont g\u00e9n\u00e9ralement bien servis, c&rsquo;est l&rsquo;occasion de se faire plaisir et se retrouver autour de bons plats : tartiflette, fondue, raclette, un beau plateau de fromages&#8230; Alors pour que tout soit parfait, on mise sur une belle table, qui donne envie. On peut la d\u00e9corer avec des fleurs, des branches de sapin, des petites guirlandes en papier, des bougies&#8230; Bref, tous les accessoires qui rendent une table unique. Pour les f\u00eates, on met les petits plats dans les grands !<\/p>\n<h2>6 &#8211; Id\u00e9e d\u00e9co No\u00ebl : Rose romantique<\/h2>\n<p><img loading=\"lazy\" decoding=\"async\" class=\"aligncenter wp-image-4139 size-full\" src=\"https:\/\/storage.googleapis.com\/smartphoto-express-production-wp-blogs-com\/10\/2016\/11\/idee-deco-noel-romantique-rose.jpg\" alt=\"id\u00e9e d\u00e9co No\u00ebl\" width=\"716\" height=\"541\" \/><\/p>\n<p style=\"text-align: center\">Source :\u00a0<span style=\"color: #ff8584\"><a style=\"color: #2bb29b\" title=\"We heart it\" href=\"http:\/\/weheartit.com\/entry\/205871384\" target=\"_blank\" rel=\"noopener\"><span style=\"color: #ff8584\">We Heart It<\/span><\/a>,\u00a0<a style=\"color: #ff8f64\" title=\"Ana-Rosa\" href=\"http:\/\/ana-rosa.tumblr.com\/post\/134753150373\/kiyumie-source-my-edit\" target=\"_blank\" rel=\"noopener\"><span style=\"color: #ff8584\">Ana-Rosa<\/span><\/a>,\u00a0<a style=\"color: #ff8f64\" title=\"A positively beautiful blog\" href=\"http:\/\/apositivelybeautifulblog2.tumblr.com\/post\/134938916153\" target=\"_blank\" rel=\"noopener\"><span style=\"color: #ff8584\">A positively beautiful blog<\/span><\/a>,\u00a0<a style=\"color: #ff8f64\" title=\"Pinterest\" href=\"https:\/\/www.pinterest.com\/pin\/532902568389871955\/\" target=\"_blank\" rel=\"noopener\"><span style=\"color: #ff8584\">Pinterest<\/span><\/a>\u00a0&amp; <a href=\"https:\/\/www.smartphoto.fr\/faire-part-cartes\/faire-part-2-volets\" target=\"_blank\" rel=\"noopener\"><span style=\"color: #ff8584\">smartphoto<\/span><\/a><\/span><\/p>\n<p>Le rose est la couleur de l&rsquo;amour, ce qui correspond parfaitement \u00e0 la p\u00e9riode de No\u00ebl. Avec un rose p\u00e2le, on reste dans le c\u00f4t\u00e9 festif sans tomber dans une d\u00e9coration de Saint-Valentin. Pour la d\u00e9coration de table, on peut opter pour des plumes l\u00e9g\u00e8rement ros\u00e9es, des pommes de pins recouvertes de paillettes roses, quelques boules de No\u00ebl pos\u00e9es sur la table pour rappeler le c\u00f4t\u00e9 festif. Et pour le dessert ou le caf\u00e9, rien de mieux que des petits bonbons tout rose.<\/p>\n<h2>7 &#8211; En toute simplicit\u00e9<\/h2>\n<p><img loading=\"lazy\" decoding=\"async\" class=\"aligncenter wp-image-4136 size-full\" src=\"https:\/\/storage.googleapis.com\/smartphoto-express-production-wp-blogs-com\/10\/2016\/11\/idee-deco-noel-7.jpg\" alt=\"id\u00e9e d\u00e9co No\u00ebl\" width=\"716\" height=\"541\" \/><\/p>\n<p style=\"text-align: center\">Source :\u00a0<span style=\"color: #ff8584\"><a style=\"color: #ff8f64\" title=\"The Merry Thought\" href=\"http:\/\/themerrythought.com\/diy\/simple-christmas-tree-display\/\" target=\"_blank\" rel=\"noopener\"><span style=\"color: #ff8584\">The Merry Thought<\/span><\/a>,\u00a0<a style=\"color: #ff8f64\" title=\"Pinterest\" href=\"https:\/\/www.pinterest.com\/pin\/457819118344323010\/\" target=\"_blank\" rel=\"noopener\"><span style=\"color: #ff8584\">Pinterest<\/span><\/a>\u00a0&amp;\u00a0<a style=\"color: #ff8f64\" title=\"Scandinavian Love Song\" href=\"http:\/\/www.scandinavianlovesong.com\/2015\/12\/gift-wrapping-2015.html\" target=\"_blank\" rel=\"noopener\"><span style=\"color: #ff8584\">Scandinavian Love Song<\/span><\/a><\/span><\/p>\n<p>Parfois, rien de mieux que la simplicit\u00e9 pour marquer des points. Une simple guirlande lumineuse dans le sapin accompagn\u00e9e de quelques boules argent\u00e9es par-ci par-l\u00e0 peut s&rsquo;av\u00e9rer bien plus jolie qu&rsquo;un sapin trop surcharg\u00e9. Pour voir une d\u00e9co simple en action <a title=\"Comment d\u00e9corer un sapin de No\u00ebl\" href=\"https:\/\/www.smartphoto.fr\/inspiration\/comment-decorer-un-sapin-de-noel\" target=\"_blank\" rel=\"noopener\">regardez nos vid\u00e9os<\/a> ! Et pour la d\u00e9coration d&rsquo;int\u00e9rieur, on peut accrocher de grosses \u00e9toiles au mur \u00e0 plusieurs endroits et rien d&rsquo;autre. Il suffit de quelques objets pour cr\u00e9er une d\u00e9coration de f\u00eates. Autre id\u00e9e, on opte pour des mat\u00e9riaux naturels : le papier, le bois, la ficelle et on se laisse porter par son imagination pour fabriquer sa d\u00e9coration de No\u00ebl. Une d\u00e9coration simple mais qui, bien agenc\u00e9e, peut faire toute la diff\u00e9rence.<\/p>\n<h2>8 &#8211; Rouge et blanc<\/h2>\n<p><img loading=\"lazy\" decoding=\"async\" class=\"aligncenter wp-image-4137 size-full\" src=\"https:\/\/storage.googleapis.com\/smartphoto-express-production-wp-blogs-com\/10\/2016\/11\/idee-deco-noel-8-rouge-et-blanc.jpg\" alt=\"id\u00e9e d\u00e9co No\u00ebl\" width=\"716\" height=\"541\" \/><\/p>\n<p style=\"text-align: center\">Source :\u00a0<span style=\"color: #ff8584\"><a style=\"color: #2bb29b\" title=\"The Lily Pad Cottage\" href=\"http:\/\/www.thelilypadcottage.com\/2014\/12\/red-white-christmas-tablescape.html\" target=\"_blank\" rel=\"noopener\"><span style=\"color: #ff8584\">The Lily Pad Cottage<\/span><\/a>,\u00a0<a style=\"color: #ff8f64\" title=\"Pinterest\" href=\"https:\/\/www.pinterest.com\/pin\/345792077623547899\/\" target=\"_blank\" rel=\"noopener\"><span style=\"color: #ff8584\">Pinterest<\/span><\/a>,\u00a0<a style=\"color: #ff8f64\" title=\"Titi Crafty\" href=\"http:\/\/titicrafty.com\/2013\/12\/15-christmas-wrapping-and-tags-ideas-the-weekly-round-up\/\" target=\"_blank\" rel=\"noopener\"><span style=\"color: #ff8584\">Titi Crafty<\/span><\/a>,\u00a0<a style=\"color: #ff8f64\" title=\"Ezi Buy\" href=\"https:\/\/www.ezibuy.com\/shop\/nz\/deer-decorations\/p\/86692\" target=\"_blank\" rel=\"noopener\"><span style=\"color: #ff8584\">Ezi Buy<\/span><\/a>,\u00a0<a style=\"color: #ff8f64\" title=\"Etsy\" href=\"https:\/\/www.etsy.com\/nl\/listing\/171234715\/gepersonaliseerde-brei-christmas?utm_source=Pinterest&amp;utm_medium=PageTools&amp;utm_campaign=Share\" target=\"_blank\" rel=\"noopener\"><span style=\"color: #ff8584\">Etsy<\/span><\/a>\u00a0&amp;\u00a0<a href=\"https:\/\/www.smartphoto.fr\/faire-part-cartes\" target=\"_blank\" rel=\"noopener\"><span style=\"color: #ff8584\">smartphoto<\/span><\/a><\/span><\/p>\n<p>Le rouge et le blanc sont deux couleurs qui se marient bien ensemble et qui donnent du chic \u00e0 une d\u00e9coration. Un sapin uniquement d\u00e9cor\u00e9 avec des boules et des guirlandes rouges et blanches sera un vrai sapin de f\u00eates. Pour donner encore plus d&rsquo;effet, le sapin peut \u00eatre floqu\u00e9. Assiettes blanches sur une nappe rouge ou l&rsquo;inverse, le rouge et blanc seront \u00e0 l&rsquo;honneur pendant cette p\u00e9riode de f\u00eates. Une derni\u00e8re id\u00e9e d\u00e9co No\u00ebl en petit plus : vous pouvez rajouter des sucres d&rsquo;orge dans le sapin, sur la table ou en offrir \u00e0 vos invit\u00e9s pour coller parfaitement \u00e0 ce th\u00e8me \u00ab\u00a0rouge et blanc\u00a0\u00bb. Pour une ribambelle d&rsquo;id\u00e9es pour d\u00e9corer votre table pour les f\u00eates, rendez-vous par<a title=\"D\u00e9coration table de No\u00ebl : 11 id\u00e9es \u00e0 tomber !\" href=\"https:\/\/www.smartphoto.fr\/inspiration\/decoration-table-de-noel\" target=\"_blank\" rel=\"noopener\"> ici <\/a>!<\/p>\n<h2>9 &#8211; L&rsquo;appel de la nature<\/h2>\n<p><img loading=\"lazy\" decoding=\"async\" class=\"aligncenter wp-image-4130 size-full\" src=\"https:\/\/storage.googleapis.com\/smartphoto-express-production-wp-blogs-com\/10\/2016\/11\/idee-deco-noel-9-naturel.jpg\" alt=\"id\u00e9e d\u00e9co No\u00ebl\" width=\"716\" height=\"541\" \/><\/p>\n<p style=\"text-align: center\">Source :\u00a0<span style=\"color: #545454\">\u00a0<\/span><span style=\"color: #ff8584\"><a style=\"color: #ff8f64\" title=\"Bloglovin\" href=\"https:\/\/www.bloglovin.com\/blogs\/my-scandinavian-home-3174055\/a-beautifully-simple-diy-christmas-candleholder-4670890716\" target=\"_blank\" rel=\"noopener\"><span style=\"color: #ff8584\">Bloglovin<\/span><\/a>,\u00a0<a style=\"color: #2bb29b\" title=\"My Scandinavian Home\" href=\"http:\/\/www.myscandinavianhome.com\/2015\/11\/a-day-at-snowy-log-cabin-diy-christmas.html\" target=\"_blank\" rel=\"noopener\"><span style=\"color: #ff8584\">My Scandinavian Home<\/span><\/a>\u00a0&amp; <a href=\"https:\/\/www.smartphoto.fr\/faire-part-cartes\/faire-part-1-volet\" target=\"_blank\" rel=\"noopener\"><span style=\"color: #ff8584\">smartphoto<\/span><\/a><\/span><\/p>\n<p>Si vous vous sentez proche de la nature, votre d\u00e9coration de No\u00ebl peut \u00eatre compos\u00e9e d&rsquo;\u00e9l\u00e9ments naturels. Vous pouvez, par exemple, utiliser de petites branches de sapin \u00e0 mettre dans des bougeoirs en verre, suspendre des guirlandes en forme de sapin, ramasser des pommes de pins et les d\u00e9poser sur la table. Si vous envoyez des cartes de v\u0153ux, pensez aux cartes de v\u0153ux personnalis\u00e9es ayant pour motifs des sapins ou des flocons de neige. Et si vous ne manquez d&rsquo;<a title=\"Carte de v\u0153ux originale : des id\u00e9es pour \u00e9pater vos proches\" href=\"https:\/\/www.smartphoto.fr\/inspiration\/carte-de-voeux-originale-des-idees-pour-epater-vos-proches\" target=\"_blank\" rel=\"noopener\">id\u00e9es pour r\u00e9aliser votre carte de voeux personnalis\u00e9e<\/a>, on en a mis de c\u00f4t\u00e9 pour vous \ud83d\ude09<\/p>\n<h2>10 &#8211; Id\u00e9e d\u00e9co No\u00ebl : L\u2019argent et son style ind\u00e9modable<\/h2>\n<p><img loading=\"lazy\" decoding=\"async\" class=\"aligncenter wp-image-4131 size-full\" src=\"https:\/\/storage.googleapis.com\/smartphoto-express-production-wp-blogs-com\/10\/2016\/11\/idee-deco-noel-10-argente.jpg\" alt=\"id\u00e9e d\u00e9co No\u00ebl\" width=\"716\" height=\"541\" \/><\/p>\n<p style=\"text-align: center\">Source :\u00a0<span style=\"color: #ff8584\"><a style=\"color: #ff8f64\" title=\"Christmas Snydle\" href=\"http:\/\/christmas.snydle.com\/silver-christmas-decorating-ideas.html\" target=\"_blank\" rel=\"noopener\"><span style=\"color: #ff8584\">Christmas Snydle<\/span><\/a>\u00a0&amp;\u00a0<a style=\"color: #ff8f64\" title=\"Scandinavian Simplicity\" href=\"http:\/\/scandinavian-simplicity.blogspot.be\/2013\/12\/13.html\" target=\"_blank\" rel=\"noopener\"><span style=\"color: #ff8584\">Scandinavian Simplicity<\/span><\/a><\/span><\/p>\n<p>Vous l&rsquo;aurez sans doute remarqu\u00e9, en cette p\u00e9riode de f\u00eates, il y a de la lumi\u00e8re partout ! Les rues sont illumin\u00e9es, les vitrines \u00e9galement et il faut dire aussi que les enfants ont des \u00e9toiles plein les yeux. Alors l&rsquo;argent a toute sa place dans la d\u00e9coration de No\u00ebl. Ornements, boules, guirlandes, \u00e9toiles&#8230; l&rsquo;argent est ind\u00e9modable, vous \u00eates s\u00fbr de ne pas vous tromper.<\/p>\n<p>Alors pour quelle tendance de d\u00e9coration de No\u00ebl allez-vous vous laisser s\u00e9duire ? Il y a forc\u00e9ment une id\u00e9e d\u00e9co No\u00ebl que vous avez envie de r\u00e9aliser pour ces f\u00eates de fin d&rsquo;ann\u00e9e. Attention toutefois \u00e0 ne pas tomber dans l&rsquo;exc\u00e8s. Il est pr\u00e9f\u00e9rable de se concentrer sur un seul th\u00e8me et d\u00e9cliner plusieurs id\u00e9es plut\u00f4t que de m\u00e9langer des id\u00e9es de diff\u00e9rents th\u00e8mes.<\/p>\n<hr \/>\n<p>Derni\u00e8re petite astuce, maintenant que la question de votre d\u00e9co est r\u00e9gl\u00e9e, n&rsquo;oubliez pas <a title=\"Id\u00e9e emballage cadeau original : les plus beaux cadeaux ? Ce sont les v\u00f4tres !\" href=\"https:\/\/www.smartphoto.fr\/inspiration\/idee-emballage-cadeau-original\" target=\"_blank\" rel=\"noopener\">les chouettes emballages cadeaux <\/a>pour mettre sous le sapin. Il ne faudrait pas tout g\u00e2cher \ud83d\ude42<\/p>\n<\/div>\n<p><span style=\"font-weight: bold;color: #545454\">Vous voulez partager avec nous une autre id\u00e9e d\u00e9co No\u00ebl ? Partagez-la avec nous dans les commentaires ou sur\u00a0<\/span><a style=\"font-weight: bold;color: #ff8584\" href=\"https:\/\/www.facebook.com\/smartphoto.fr\" target=\"_blank\" rel=\"noopener\">Facebook<\/a><span style=\"font-weight: bold;color: #545454\">,\u00a0<\/span><a style=\"font-weight: bold;color: #ff8584\" href=\"https:\/\/twitter.com\/smartphoto_fr\" target=\"_blank\" rel=\"noopener\">Twitter<\/a><span style=\"font-weight: bold;color: #545454\">,\u00a0<\/span><a style=\"font-weight: bold;color: #ff8584\" href=\"https:\/\/instagram.com\/smartphoto_fr\/\" target=\"_blank\" rel=\"noopener\">Instagram<\/a><span style=\"font-weight: bold;color: #545454\">,\u00a0<\/span><a style=\"font-weight: bold;color: #ff8584\" href=\"https:\/\/www.pinterest.com\/smartphotofr\/\" target=\"_blank\" rel=\"noopener\">Pinterest<\/a><span style=\"font-weight: bold;color: #545454\">\u00a0ou\u00a0<\/span><a style=\"font-weight: bold;color: #ff8584\" href=\"https:\/\/plus.google.com\/+SmartphotoFr\/posts\" target=\"_blank\" rel=\"noopener\">Google+<\/a><span style=\"font-weight: bold;color: #545454\">\u00a0\u00a0avec le hashtag #smartphoto !<\/span><\/p>\n","protected":false},"excerpt":{"rendered":"<p>Id\u00e9e d\u00e9co No\u00ebl No\u00ebl approche \u00e0 grands pas et arrive le moment de d\u00e9corer son int\u00e9rieur et surtout la pi\u00e8ce ma\u00eetresse de la maison durant cette p\u00e9riode : le sapin de No\u00ebl !Faites le plein d&rsquo;id\u00e9es d\u00e9co de No\u00ebl avec \u00a0nous. La d\u00e9coration du sapin se fait g\u00e9n\u00e9ralement en famille, et petits et grands ont des \u00e9toiles plein les yeux. On vous donne des id\u00e9es de d\u00e9coration du sapin aux cadeaux en passant par la table et votre d\u00e9co ! Parmi ces 10 id\u00e9es tendance, quelle id\u00e9e d\u00e9co No\u00ebl vous s\u00e9duira pour cette ann\u00e9e ? 1 &#8211; Tendance noir et<\/p>\n","protected":false},"author":10,"featured_media":0,"comment_status":"open","ping_status":"open","sticky":false,"template":"","format":"standard","meta":{"om_disable_all_campaigns":false,"_monsterinsights_skip_tracking":false,"_monsterinsights_sitenote_active":false,"_monsterinsights_sitenote_note":"","_monsterinsights_sitenote_category":0,"footnotes":""},"categories":[13,16,78],"tags":[],"class_list":["post-4122","post","type-post","status-publish","format-standard","hentry","category-decoration","category-idees","category-noel"],"yoast_head":"<!-- This site is optimized with the Yoast SEO plugin v23.8 - https:\/\/yoast.com\/wordpress\/plugins\/seo\/ -->\n<title>Id\u00e9e d\u00e9co No\u00ebl : 10 tendances \u00e0 ne pas louper<\/title>\n<meta name=\"description\" content=\"Vous recherchez la bonne id\u00e9e d\u00e9co No\u00ebl pour votre int\u00e9rieur et votre sapin ? Vous \u00eates au bon endroit ! D\u00e9couvrez 10 tendances d\u00e9co \u00e0 ne pas louper.\" \/>\n<meta name=\"robots\" content=\"index, follow, max-snippet:-1, max-image-preview:large, max-video-preview:-1\" \/>\n<link rel=\"canonical\" href=\"https:\/\/www.smartphoto.fr\/inspiration\/idee-deco-noel\" \/>\n<meta property=\"og:locale\" content=\"fr_FR\" \/>\n<meta property=\"og:type\" content=\"article\" \/>\n<meta property=\"og:title\" content=\"Id\u00e9e d\u00e9co No\u00ebl : 10 tendances \u00e0 ne pas louper\" \/>\n<meta property=\"og:description\" content=\"Vous recherchez la bonne id\u00e9e d\u00e9co No\u00ebl pour votre int\u00e9rieur et votre sapin ? Vous \u00eates au bon endroit ! D\u00e9couvrez 10 tendances d\u00e9co \u00e0 ne pas louper.\" \/>\n<meta property=\"og:url\" content=\"\/inspiration\/idee-deco-noel\" \/>\n<meta property=\"og:site_name\" content=\"smartphoto FR\" \/>\n<meta property=\"article:publisher\" content=\"https:\/\/www.facebook.com\/smartphoto.fr\" \/>\n<meta property=\"article:published_time\" content=\"2016-11-24T10:46:10+00:00\" \/>\n<meta property=\"article:modified_time\" content=\"2018-09-12T13:29:05+00:00\" \/>\n<meta name=\"author\" content=\"Claire\" \/>\n<meta name=\"twitter:card\" content=\"summary_large_image\" \/>\n<meta name=\"twitter:creator\" content=\"@smartphoto_fr\" \/>\n<meta name=\"twitter:site\" content=\"@smartphoto_fr\" \/>\n<meta name=\"twitter:label1\" content=\"Written by\" \/>\n\t<meta name=\"twitter:data1\" content=\"Claire\" \/>\n\t<meta name=\"twitter:label2\" content=\"Est. reading time\" \/>\n\t<meta name=\"twitter:data2\" content=\"7 minutes\" \/>\n<script type=\"application\/ld+json\" class=\"yoast-schema-graph\">{\"@context\":\"https:\/\/schema.org\",\"@graph\":[{\"@type\":\"WebPage\",\"@id\":\"\/inspiration\/idee-deco-noel\",\"url\":\"https:\/\/www.smartphoto.fr\/inspiration\/idee-deco-noel\",\"name\":\"Id\u00e9e d\u00e9co No\u00ebl : 10 tendances \u00e0 ne pas louper\",\"isPartOf\":{\"@id\":\"https:\/\/www.smartphoto.fr\/inspiration\/#website\"},\"primaryImageOfPage\":{\"@id\":\"https:\/\/www.smartphoto.fr\/inspiration\/idee-deco-noel#primaryimage\"},\"image\":{\"@id\":\"https:\/\/www.smartphoto.fr\/inspiration\/idee-deco-noel#primaryimage\"},\"thumbnailUrl\":\"https:\/\/storage.googleapis.com\/smartphoto-express-production-wp-blogs-com\/10\/2016\/11\/idee-deco-noel-Blog-1.jpg\",\"datePublished\":\"2016-11-24T10:46:10+00:00\",\"dateModified\":\"2018-09-12T13:29:05+00:00\",\"author\":{\"@id\":\"https:\/\/www.smartphoto.fr\/inspiration\/#\/schema\/person\/b743c2a89fcff4d18195130bb0259ffe\"},\"description\":\"Vous recherchez la bonne id\u00e9e d\u00e9co No\u00ebl pour votre int\u00e9rieur et votre sapin ? Vous \u00eates au bon endroit ! D\u00e9couvrez 10 tendances d\u00e9co \u00e0 ne pas louper.\",\"breadcrumb\":{\"@id\":\"https:\/\/www.smartphoto.fr\/inspiration\/idee-deco-noel#breadcrumb\"},\"inLanguage\":\"fr-FR\",\"potentialAction\":[{\"@type\":\"ReadAction\",\"target\":[\"https:\/\/www.smartphoto.fr\/inspiration\/idee-deco-noel\"]}]},{\"@type\":\"ImageObject\",\"inLanguage\":\"fr-FR\",\"@id\":\"https:\/\/www.smartphoto.fr\/inspiration\/idee-deco-noel#primaryimage\",\"url\":\"https:\/\/storage.googleapis.com\/smartphoto-express-production-wp-blogs-com\/10\/2016\/11\/idee-deco-noel-Blog-1.jpg\",\"contentUrl\":\"https:\/\/storage.googleapis.com\/smartphoto-express-production-wp-blogs-com\/10\/2016\/11\/idee-deco-noel-Blog-1.jpg\"},{\"@type\":\"BreadcrumbList\",\"@id\":\"https:\/\/www.smartphoto.fr\/inspiration\/idee-deco-noel#breadcrumb\",\"itemListElement\":[{\"@type\":\"ListItem\",\"position\":1,\"name\":\"Home\",\"item\":\"https:\/\/www.smartphoto.fr\/inspiration\/\"},{\"@type\":\"ListItem\",\"position\":2,\"name\":\"Id\u00e9e d\u00e9co No\u00ebl : 10 tendances \u00e0 ne pas louper\"}]},{\"@type\":\"WebSite\",\"@id\":\"https:\/\/www.smartphoto.fr\/inspiration\/#website\",\"url\":\"https:\/\/www.smartphoto.fr\/inspiration\/\",\"name\":\"smartphoto FR\",\"description\":\"Le blog de smartphoto France.\",\"potentialAction\":[{\"@type\":\"SearchAction\",\"target\":{\"@type\":\"EntryPoint\",\"urlTemplate\":\"https:\/\/www.smartphoto.fr\/inspiration\/?s={search_term_string}\"},\"query-input\":{\"@type\":\"PropertyValueSpecification\",\"valueRequired\":true,\"valueName\":\"search_term_string\"}}],\"inLanguage\":\"fr-FR\"},{\"@type\":\"Person\",\"@id\":\"https:\/\/www.smartphoto.fr\/inspiration\/#\/schema\/person\/b743c2a89fcff4d18195130bb0259ffe\",\"name\":\"Claire\",\"image\":{\"@type\":\"ImageObject\",\"inLanguage\":\"fr-FR\",\"@id\":\"https:\/\/www.smartphoto.fr\/inspiration\/#\/schema\/person\/image\/\",\"url\":\"https:\/\/secure.gravatar.com\/avatar\/9f27a09fb8046031a47a9f22ce0ca8e9?s=96&d=mm&r=g\",\"contentUrl\":\"https:\/\/secure.gravatar.com\/avatar\/9f27a09fb8046031a47a9f22ce0ca8e9?s=96&d=mm&r=g\",\"caption\":\"Claire\"},\"description\":\"Claire, 26 ans, passionn\u00e9e de voyages et de danse. J\u2019adore d\u00e9nicher les nouveaut\u00e9s DIY et d\u00e9coration. Je blogue pour smartphoto les astuces \u00e0 r\u00e9aliser avec vos photos.\",\"url\":\"https:\/\/www.smartphoto.fr\/inspiration\/author\/claire\"}]}<\/script>\n<!-- \/ Yoast SEO plugin. -->","yoast_head_json":{"title":"Id\u00e9e d\u00e9co No\u00ebl : 10 tendances \u00e0 ne pas louper","description":"Vous recherchez la bonne id\u00e9e d\u00e9co No\u00ebl pour votre int\u00e9rieur et votre sapin ? Vous \u00eates au bon endroit ! D\u00e9couvrez 10 tendances d\u00e9co \u00e0 ne pas louper.","robots":{"index":"index","follow":"follow","max-snippet":"max-snippet:-1","max-image-preview":"max-image-preview:large","max-video-preview":"max-video-preview:-1"},"canonical":"https:\/\/www.smartphoto.fr\/inspiration\/idee-deco-noel","og_locale":"fr_FR","og_type":"article","og_title":"Id\u00e9e d\u00e9co No\u00ebl : 10 tendances \u00e0 ne pas louper","og_description":"Vous recherchez la bonne id\u00e9e d\u00e9co No\u00ebl pour votre int\u00e9rieur et votre sapin ? Vous \u00eates au bon endroit ! D\u00e9couvrez 10 tendances d\u00e9co \u00e0 ne pas louper.","og_url":"\/inspiration\/idee-deco-noel","og_site_name":"smartphoto FR","article_publisher":"https:\/\/www.facebook.com\/smartphoto.fr","article_published_time":"2016-11-24T10:46:10+00:00","article_modified_time":"2018-09-12T13:29:05+00:00","author":"Claire","twitter_card":"summary_large_image","twitter_creator":"@smartphoto_fr","twitter_site":"@smartphoto_fr","twitter_misc":{"Written by":"Claire","Est. reading time":"7 minutes"},"schema":{"@context":"https:\/\/schema.org","@graph":[{"@type":"WebPage","@id":"\/inspiration\/idee-deco-noel","url":"https:\/\/www.smartphoto.fr\/inspiration\/idee-deco-noel","name":"Id\u00e9e d\u00e9co No\u00ebl : 10 tendances \u00e0 ne pas louper","isPartOf":{"@id":"https:\/\/www.smartphoto.fr\/inspiration\/#website"},"primaryImageOfPage":{"@id":"https:\/\/www.smartphoto.fr\/inspiration\/idee-deco-noel#primaryimage"},"image":{"@id":"https:\/\/www.smartphoto.fr\/inspiration\/idee-deco-noel#primaryimage"},"thumbnailUrl":"https:\/\/storage.googleapis.com\/smartphoto-express-production-wp-blogs-com\/10\/2016\/11\/idee-deco-noel-Blog-1.jpg","datePublished":"2016-11-24T10:46:10+00:00","dateModified":"2018-09-12T13:29:05+00:00","author":{"@id":"https:\/\/www.smartphoto.fr\/inspiration\/#\/schema\/person\/b743c2a89fcff4d18195130bb0259ffe"},"description":"Vous recherchez la bonne id\u00e9e d\u00e9co No\u00ebl pour votre int\u00e9rieur et votre sapin ? Vous \u00eates au bon endroit ! D\u00e9couvrez 10 tendances d\u00e9co \u00e0 ne pas louper.","breadcrumb":{"@id":"https:\/\/www.smartphoto.fr\/inspiration\/idee-deco-noel#breadcrumb"},"inLanguage":"fr-FR","potentialAction":[{"@type":"ReadAction","target":["https:\/\/www.smartphoto.fr\/inspiration\/idee-deco-noel"]}]},{"@type":"ImageObject","inLanguage":"fr-FR","@id":"https:\/\/www.smartphoto.fr\/inspiration\/idee-deco-noel#primaryimage","url":"https:\/\/storage.googleapis.com\/smartphoto-express-production-wp-blogs-com\/10\/2016\/11\/idee-deco-noel-Blog-1.jpg","contentUrl":"https:\/\/storage.googleapis.com\/smartphoto-express-production-wp-blogs-com\/10\/2016\/11\/idee-deco-noel-Blog-1.jpg"},{"@type":"BreadcrumbList","@id":"https:\/\/www.smartphoto.fr\/inspiration\/idee-deco-noel#breadcrumb","itemListElement":[{"@type":"ListItem","position":1,"name":"Home","item":"https:\/\/www.smartphoto.fr\/inspiration\/"},{"@type":"ListItem","position":2,"name":"Id\u00e9e d\u00e9co No\u00ebl : 10 tendances \u00e0 ne pas louper"}]},{"@type":"WebSite","@id":"https:\/\/www.smartphoto.fr\/inspiration\/#website","url":"https:\/\/www.smartphoto.fr\/inspiration\/","name":"smartphoto FR","description":"Le blog de smartphoto France.","potentialAction":[{"@type":"SearchAction","target":{"@type":"EntryPoint","urlTemplate":"https:\/\/www.smartphoto.fr\/inspiration\/?s={search_term_string}"},"query-input":{"@type":"PropertyValueSpecification","valueRequired":true,"valueName":"search_term_string"}}],"inLanguage":"fr-FR"},{"@type":"Person","@id":"https:\/\/www.smartphoto.fr\/inspiration\/#\/schema\/person\/b743c2a89fcff4d18195130bb0259ffe","name":"Claire","image":{"@type":"ImageObject","inLanguage":"fr-FR","@id":"https:\/\/www.smartphoto.fr\/inspiration\/#\/schema\/person\/image\/","url":"https:\/\/secure.gravatar.com\/avatar\/9f27a09fb8046031a47a9f22ce0ca8e9?s=96&d=mm&r=g","contentUrl":"https:\/\/secure.gravatar.com\/avatar\/9f27a09fb8046031a47a9f22ce0ca8e9?s=96&d=mm&r=g","caption":"Claire"},"description":"Claire, 26 ans, passionn\u00e9e de voyages et de danse. J\u2019adore d\u00e9nicher les nouveaut\u00e9s DIY et d\u00e9coration. Je blogue pour smartphoto les astuces \u00e0 r\u00e9aliser avec vos photos.","url":"https:\/\/www.smartphoto.fr\/inspiration\/author\/claire"}]}},"_links":{"self":[{"href":"https:\/\/www.smartphoto.fr\/inspiration\/wp-json\/wp\/v2\/posts\/4122","targetHints":{"allow":["GET"]}}],"collection":[{"href":"https:\/\/www.smartphoto.fr\/inspiration\/wp-json\/wp\/v2\/posts"}],"about":[{"href":"https:\/\/www.smartphoto.fr\/inspiration\/wp-json\/wp\/v2\/types\/post"}],"author":[{"embeddable":true,"href":"https:\/\/www.smartphoto.fr\/inspiration\/wp-json\/wp\/v2\/users\/10"}],"replies":[{"embeddable":true,"href":"https:\/\/www.smartphoto.fr\/inspiration\/wp-json\/wp\/v2\/comments?post=4122"}],"version-history":[{"count":5,"href":"https:\/\/www.smartphoto.fr\/inspiration\/wp-json\/wp\/v2\/posts\/4122\/revisions"}],"predecessor-version":[{"id":8055,"href":"https:\/\/www.smartphoto.fr\/inspiration\/wp-json\/wp\/v2\/posts\/4122\/revisions\/8055"}],"wp:attachment":[{"href":"https:\/\/www.smartphoto.fr\/inspiration\/wp-json\/wp\/v2\/media?parent=4122"}],"wp:term":[{"taxonomy":"category","embeddable":true,"href":"https:\/\/www.smartphoto.fr\/inspiration\/wp-json\/wp\/v2\/categories?post=4122"},{"taxonomy":"post_tag","embeddable":true,"href":"https:\/\/www.smartphoto.fr\/inspiration\/wp-json\/wp\/v2\/tags?post=4122"}],"curies":[{"name":"wp","href":"https:\/\/api.w.org\/{rel}","templated":true}]}}