{"id":4026,"date":"2016-11-16T13:56:27","date_gmt":"2016-11-16T12:56:27","guid":{"rendered":"http:\/\/www.wistiti.fr\/?p=4026"},"modified":"2018-09-17T14:33:08","modified_gmt":"2018-09-17T12:33:08","slug":"comment-decorer-un-sapin-de-noel","status":"publish","type":"post","link":"https:\/\/www.smartphoto.fr\/inspiration\/comment-decorer-un-sapin-de-noel","title":{"rendered":"Comment d\u00e9corer un sapin de No\u00ebl"},"content":{"rendered":"<h3 style=\"text-align: justify\"><strong>Comment d\u00e9corer un sapin de No\u00ebl<br \/>\n<\/strong><\/h3>\n<p style=\"text-align: justify\">Les pr\u00e9paratifs des f\u00eates de fin d&rsquo;ann\u00e9e commencent pour beaucoup d&rsquo;entre nous, et l&rsquo;une des \u00e9tapes cruciales est de savoir comment d\u00e9corer un sapin de No\u00ebl.<\/p>\n<p style=\"text-align: justify\"><img loading=\"lazy\" decoding=\"async\" class=\"aligncenter wp-image-4027 size-full\" title=\"comment-decorer-un-sapin-de-noel- en 9 \u00e9tapes !\" src=\"https:\/\/storage.googleapis.com\/smartphoto-express-production-wp-blogs-com\/10\/2016\/11\/comment-decorer-un-sapin-de-noel-cover.jpg\" alt=\"comment-decorer-un-sapin-de-noel-cover\" width=\"700\" height=\"366\" \/><\/p>\n<p style=\"text-align: justify\">Avoir le plus beau des sapins n\u00e9cessite un soup\u00e7on d&rsquo;organisation, une dose de bon go\u00fbt et quelques astuces. Voici quelques conseils pour un arbre de No\u00ebl r\u00e9ussi.<\/p>\n<h2 style=\"text-align: justify\">Choisir le bon sapin<\/h2>\n<p style=\"text-align: justify\">Il existe plusieurs vari\u00e9t\u00e9s de sapin, renseignez-vous bien lors de l&rsquo;achat. On conseille en g\u00e9n\u00e9ral le Nordman, qui ne perd pas ses \u00e9pines facilement, mais en revanche n&rsquo;a aucune odeur. L&rsquo;\u00e9pic\u00e9a a autant d&rsquo;allure et une odeur plus prononc\u00e9e, mais sachez que les \u00e9pines vont avoir tendance \u00e0 tomber rapidement. Avant de choisir votre sapin, estimez combien de semaines vous souhaitez garder l&rsquo;arbre.<\/p>\n<div style=\"width: 394px\" class=\"wp-caption aligncenter\"><img loading=\"lazy\" decoding=\"async\" src=\"https:\/\/media.giphy.com\/media\/3oz8xBnzz9PQsNvY40\/giphy.gif\" alt=\"Via Giphy\" width=\"384\" height=\"480\" \/><p class=\"wp-caption-text\">Via Giphy<\/p><\/div>\n<h2 style=\"text-align: justify\">Ramener le sapin chez vous<\/h2>\n<p style=\"text-align: justify\">Attention aux dimensions de l&rsquo;arbre ! Bien d\u00e9corer son sapin de No\u00ebl n&rsquo;oblige en rien \u00e0 poss\u00e9der le sp\u00e9cimen le plus gigantesque. Que vous habitiez un studio ou un immense manoir, veillez \u00e0 respecter les proportions de la pi\u00e8ce, selon sa grandeur mais aussi selon sa hauteur de plafond. Le transport est lui aussi une notion \u00e0 prendre en compte du point de vente \u00e0 chez vous : une camionnette peut \u00eatre n\u00e9cessaire pour ne pas ab\u00eemer votre sapin.<\/p>\n<p>&nbsp;<\/p>\n<h2 style=\"text-align: justify\">Bien choisir l&rsquo;endroit du sapin pour votre int\u00e9rieur<\/h2>\n<p style=\"text-align: justify\">De mani\u00e8re g\u00e9n\u00e9rale, il faut \u00e9viter de positionner l&rsquo;arbre \u00e0 proximit\u00e9 d&rsquo;une source de chaleur, surtout s&rsquo;il est en pot. Tout est question de confort personnel et de bon sens ensuite ; on \u00e9vite de bloquer un acc\u00e8s \u00e0 un escalier ou \u00e0 une porte, la visibilit\u00e9 d&rsquo;un \u00e9cran \u00e0 cause de quelques branches, ou la proximit\u00e9 d&rsquo;animaux qui pourraient ruiner en un temps record tous vos questionnements sur \u00ab comment d\u00e9corer un sapin de No\u00ebl \u00bb.<\/p>\n<div style=\"width: 436px\" class=\"wp-caption aligncenter\"><img loading=\"lazy\" decoding=\"async\" src=\"https:\/\/media.giphy.com\/media\/d2YZ37SN7TMakJJC\/giphy.gif\" alt=\"\" width=\"426\" height=\"324\" \/><p class=\"wp-caption-text\">Via Giphy<\/p><\/div>\n<h2 style=\"text-align: justify\">Acheter les d\u00e9corations<\/h2>\n<p style=\"text-align: justify\">Impossible de d\u00e9corer son sapin de No\u00ebl sans faire un minimum d&rsquo;achats, cela vaut aussi pour les adeptes du DIY. Il y a des pi\u00e8ces incontournables accessibles \u00e0 tous les budgets. Commencez vos recherches de d\u00e9corations le plus t\u00f4t possible car tout dispara\u00eet tr\u00e8s vite d\u00e8s le mois de novembre dans les rayons !<\/p>\n<div style=\"width: 410px\" class=\"wp-caption aligncenter\"><img loading=\"lazy\" decoding=\"async\" src=\"https:\/\/media.giphy.com\/media\/l0MYN7mdvcZBBpEly\/giphy.gif\" alt=\"\" width=\"400\" height=\"275\" \/><p class=\"wp-caption-text\">Via Giphy<\/p><\/div>\n<p>&nbsp;<\/p>\n<h2 style=\"text-align: justify\">D&rsquo;abord les guirlandes lumineuses<\/h2>\n<p style=\"text-align: justify\">Poss\u00e9der au moins une guirlande lumineuse est indispensable \u00e0 tout No\u00ebl en famille, n&rsquo;en d\u00e9plaise \u00e0 ceux qui veulent faire des \u00e9conomies d&rsquo;\u00e9nergie! En vous y prenant assez t\u00f4t, vous pourrez en trouver de bonne qualit\u00e9 et pas cher. Encore une fois, attention aux dimensions. Savoir comment d\u00e9corer un sapin de No\u00ebl implique de s&rsquo;y conna\u00eetre en guirlandes lumineuses. Moult choix s&rsquo;offrent \u00e0 vous, entre diff\u00e9rentes couleurs, diff\u00e9rentes fr\u00e9quences de clignotement et de nombreuses formes d&rsquo;ampoules, il est possible de laisser place \u00e0 toutes les fantaisies.<\/p>\n<div style=\"width: 460px\" class=\"wp-caption aligncenter\"><img loading=\"lazy\" decoding=\"async\" src=\"https:\/\/media.giphy.com\/media\/GBW7YzC4tXYQ0\/giphy.gif\" alt=\"\" width=\"450\" height=\"299\" \/><p class=\"wp-caption-text\">Via Giphy<\/p><\/div>\n<h2 style=\"text-align: justify\">Ensuite les guirlandes<\/h2>\n<p style=\"text-align: justify\">Les guirlandes non lumineuses doivent \u00eatre choisies avec encore plus de tact et de bon go\u00fbt que les autres. Pour d\u00e9corer son sapin de No\u00ebl convenablement, il est conseill\u00e9 de d\u00e9finir un th\u00e8me ou au moins un code couleur au pr\u00e9alable pour un rendu chic et classe, \u00e0 votre image.<\/p>\n<div style=\"width: 170px\" class=\"wp-caption aligncenter\"><img loading=\"lazy\" decoding=\"async\" src=\"https:\/\/media.giphy.com\/media\/rlYmMTMovMH1C\/giphy.gif\" alt=\"\" width=\"160\" height=\"160\" \/><p class=\"wp-caption-text\">Via Giphy<\/p><\/div>\n<h2 style=\"text-align: justify\">C&rsquo;est l&rsquo;heure des boules de No\u00ebl<\/h2>\n<p style=\"text-align: justify\">C&rsquo;est le seul moment o\u00f9 l&rsquo;on peut vraiment se l\u00e2cher lorsque l&rsquo;on cherche comment d\u00e9corer un sapin de No\u00ebl. Le choix de boules de No\u00ebl est aujourd&rsquo;hui tellement diversifi\u00e9 et original qu&rsquo;en cette mati\u00e8re, vous pouvez vous faire plaisir et associer de nombreux d\u00e9tails et th\u00e8mes personnels qui vont contribuer \u00e0 personnaliser au maximum votre arbre de No\u00ebl. Vous pouvez m\u00eame r\u00e9alis\u00e9 des <a href=\"https:\/\/www.smartphoto.fr\/cadeaux-photo\/boules-de-noel-photo\" target=\"_blank\" rel=\"noopener\">boules de No\u00ebl avec vos photos<\/a> ! Vous pouvez \u00e9galement <a title=\"Bricolage de No\u00ebl facile : cr\u00e9ez vos boules de No\u00ebl !\" href=\"https:\/\/www.smartphoto.fr\/inspiration\/bricolage-de-noel-facile\">r\u00e9aliser vos boules de No\u00ebl vous-m\u00eame<\/a>.<\/p>\n<div style=\"width: 410px\" class=\"wp-caption aligncenter\"><img loading=\"lazy\" decoding=\"async\" src=\"https:\/\/media.giphy.com\/media\/8GbmBOTB9Ely0\/giphy.gif\" alt=\"\" width=\"400\" height=\"300\" \/><p class=\"wp-caption-text\">Via Giphy<\/p><\/div>\n<h2 style=\"text-align: justify\">Comment d\u00e9corer un sapin de No\u00ebl : Les paquets<\/h2>\n<p style=\"text-align: justify\">Il est commun\u00e9ment admis que \u00ab c&rsquo;est le geste qui compte \u00bb. Voil\u00e0 un sujet clos concernant le contenu de vos cadeaux ! Mais gardez \u00e0 l&rsquo;esprit que l&#8217;emballage des paquets est un \u00e9l\u00e9ment de d\u00e9coration \u00e0 part enti\u00e8re. A vous donc de mettre toute votre patience et votre sens de l&rsquo;esth\u00e9tique dans la r\u00e9alisation des paquets cadeaux pour vos proches \u00e0 poser au pied du sapin pour un effet bonne humeur imm\u00e9diat.<\/p>\n<div style=\"width: 255px\" class=\"wp-caption aligncenter\"><img loading=\"lazy\" decoding=\"async\" src=\"https:\/\/media.giphy.com\/media\/MFOEBssUaigb6\/giphy.gif\" alt=\"\" width=\"245\" height=\"145\" \/><p class=\"wp-caption-text\">Via Giphy<\/p><\/div>\n<p>&nbsp;<\/p>\n<h2 style=\"text-align: justify\">M\u00e9fiez-vous du chat<\/h2>\n<p style=\"text-align: justify\">Nous avons \u00e9voqu\u00e9 plus haut la n\u00e9cessit\u00e9 de s&rsquo;\u00e9loigner de certains animaux pour d\u00e9corer son sapin. Nos amis les f\u00e9lid\u00e9s sont les plus grands ennemis de vos d\u00e9corations. Ces derniers ne r\u00e9sistent en g\u00e9n\u00e9ral pas au plaisir d&rsquo;escalader l&rsquo;arbre ou de se vautrer entre les branches en d\u00e9crochant vos boules pour les plus fain\u00e9ants. Pr\u00e9parez-vous \u00e0 red\u00e9corer votre sapin r\u00e9guli\u00e8rement si le chat est syst\u00e9matiquement pr\u00e9sent dans la pi\u00e8ce o\u00f9 se trouve le sapin.<\/p>\n<p><img loading=\"lazy\" decoding=\"async\" class=\"aligncenter wp-image-4032 size-full\" style=\"text-align: justify\" src=\"https:\/\/storage.googleapis.com\/smartphoto-express-production-wp-blogs-com\/10\/2016\/11\/comment-decorer-un-sapin-de-noel-9-le-chat.gif\" alt=\"comment d\u00e9corer un sapin de No\u00ebl\" width=\"512\" height=\"342\" \/><\/p>\n<p style=\"text-align: justify\">Le fait de savoir comment d\u00e9corer un sapin de No\u00ebl est avant tout un moyen de vous faire plaisir. Si vous d\u00e9sirez sortir des sentiers battus et faire preuve d&rsquo;originalit\u00e9, c&rsquo;est le moment de vous surpasser. Comme nous avons pu le voir, avec un peu de bon sens et d&rsquo;organisation, il est possible pour chaque famille de poss\u00e9der le plus beau des sapins cette ann\u00e9e. Dernier conseil, <a title=\"Playlist de No\u00ebl : top 20 des chansons de fin d\u2019ann\u00e9e !\" href=\"https:\/\/www.smartphoto.fr\/inspiration\/playlist-noel-top-20-en-chansons\" target=\"_blank\" rel=\"noopener\">d\u00e9corez votre sapin en musique<\/a> !<\/p>\n<p><img decoding=\"async\" class=\"aligncenter\" src=\"https:\/\/media.giphy.com\/media\/GmVa6YLmEIef6\/giphy.gif\" \/><\/p>\n<p>&nbsp;<\/p>\n<p style=\"text-align: justify\"><span style=\"font-weight: bold;color: #545454\">Vous voulez partager avec nous comment d\u00e9corer un sapin de No\u00ebl \u00e0 votre fa\u00e7on ? Partagez-la avec nous dans les commentaires\u00a0<\/span><span style=\"font-weight: bold;color: #545454\">ou sur\u00a0<a style=\"color: #ff8584\" href=\"https:\/\/www.facebook.com\/smartphoto.fr\" target=\"_blank\" rel=\"noopener\">Fa<\/a><\/span><span style=\"font-weight: bold;color: #545454\"><a style=\"color: #ff8584\" href=\"https:\/\/www.facebook.com\/smartphoto.fr\" target=\"_blank\" rel=\"noopener\">cebook<\/a>,\u00a0<a style=\"color: #ff8584\" href=\"https:\/\/twitter.com\/smartphoto_fr\" target=\"_blank\" rel=\"noopener\">Twitter<\/a>,\u00a0<a style=\"color: #ff8584\" href=\"https:\/\/instagram.com\/smartphoto_fr\/\" target=\"_blank\" rel=\"noopener\">Instagram<\/a>, ou\u00a0<a style=\"color: #ff8584\" href=\"https:\/\/www.pinterest.com\/smartphotofr\/\" target=\"_blank\" rel=\"noopener\">Pinterest<\/a>\u00a0avec le hashtag #smartphoto !<\/span><\/p>\n","protected":false},"excerpt":{"rendered":"<p>Comment d\u00e9corer un sapin de No\u00ebl Les pr\u00e9paratifs des f\u00eates de fin d&rsquo;ann\u00e9e commencent pour beaucoup d&rsquo;entre nous, et l&rsquo;une des \u00e9tapes cruciales est de savoir comment d\u00e9corer un sapin de No\u00ebl. Avoir le plus beau des sapins n\u00e9cessite un soup\u00e7on d&rsquo;organisation, une dose de bon go\u00fbt et quelques astuces. Voici quelques conseils pour un arbre de No\u00ebl r\u00e9ussi. Choisir le bon sapin Il existe plusieurs vari\u00e9t\u00e9s de sapin, renseignez-vous bien lors de l&rsquo;achat. On conseille en g\u00e9n\u00e9ral le Nordman, qui ne perd pas ses \u00e9pines facilement, mais en revanche n&rsquo;a aucune odeur. L&rsquo;\u00e9pic\u00e9a a autant d&rsquo;allure et une odeur<\/p>\n","protected":false},"author":10,"featured_media":0,"comment_status":"open","ping_status":"open","sticky":false,"template":"","format":"standard","meta":{"om_disable_all_campaigns":false,"_monsterinsights_skip_tracking":false,"_monsterinsights_sitenote_active":false,"_monsterinsights_sitenote_note":"","_monsterinsights_sitenote_category":0,"footnotes":""},"categories":[13,16,78],"tags":[],"class_list":["post-4026","post","type-post","status-publish","format-standard","hentry","category-decoration","category-idees","category-noel"],"yoast_head":"<!-- This site is optimized with the Yoast SEO plugin v23.8 - https:\/\/yoast.com\/wordpress\/plugins\/seo\/ -->\n<title>Comment d\u00e9corer un sapin de No\u00ebl : tutoriel vid\u00e9o<\/title>\n<meta name=\"description\" content=\"Les pr\u00e9paratifs des f\u00eates de fin d&#039;ann\u00e9e commencent et l&#039;une des \u00e9tapes cruciales est de savoir comment d\u00e9corer un sapin de No\u00ebl. On vous montre en vid\u00e9o !\" \/>\n<meta name=\"robots\" content=\"index, follow, max-snippet:-1, max-image-preview:large, max-video-preview:-1\" \/>\n<link rel=\"canonical\" href=\"https:\/\/www.smartphoto.fr\/inspiration\/comment-decorer-un-sapin-de-noel\" \/>\n<meta property=\"og:locale\" content=\"fr_FR\" \/>\n<meta property=\"og:type\" content=\"article\" \/>\n<meta property=\"og:title\" content=\"Comment d\u00e9corer un sapin de No\u00ebl : tutoriel vid\u00e9o\" \/>\n<meta property=\"og:description\" content=\"Les pr\u00e9paratifs des f\u00eates de fin d&#039;ann\u00e9e commencent et l&#039;une des \u00e9tapes cruciales est de savoir comment d\u00e9corer un sapin de No\u00ebl. On vous montre en vid\u00e9o !\" \/>\n<meta property=\"og:url\" content=\"\/inspiration\/comment-decorer-un-sapin-de-noel\" \/>\n<meta property=\"og:site_name\" content=\"smartphoto FR\" \/>\n<meta property=\"article:publisher\" content=\"https:\/\/www.facebook.com\/smartphoto.fr\" \/>\n<meta property=\"article:published_time\" content=\"2016-11-16T12:56:27+00:00\" \/>\n<meta property=\"article:modified_time\" content=\"2018-09-17T12:33:08+00:00\" \/>\n<meta name=\"author\" content=\"Claire\" \/>\n<meta name=\"twitter:card\" content=\"summary_large_image\" \/>\n<meta name=\"twitter:creator\" content=\"@smartphoto_fr\" \/>\n<meta name=\"twitter:site\" content=\"@smartphoto_fr\" \/>\n<meta name=\"twitter:label1\" content=\"Written by\" \/>\n\t<meta name=\"twitter:data1\" content=\"Claire\" \/>\n\t<meta name=\"twitter:label2\" content=\"Est. reading time\" \/>\n\t<meta name=\"twitter:data2\" content=\"5 minutes\" \/>\n<script type=\"application\/ld+json\" class=\"yoast-schema-graph\">{\"@context\":\"https:\/\/schema.org\",\"@graph\":[{\"@type\":\"WebPage\",\"@id\":\"\/inspiration\/comment-decorer-un-sapin-de-noel\",\"url\":\"https:\/\/www.smartphoto.fr\/inspiration\/comment-decorer-un-sapin-de-noel\",\"name\":\"Comment d\u00e9corer un sapin de No\u00ebl : tutoriel vid\u00e9o\",\"isPartOf\":{\"@id\":\"https:\/\/www.smartphoto.fr\/inspiration\/#website\"},\"primaryImageOfPage\":{\"@id\":\"https:\/\/www.smartphoto.fr\/inspiration\/comment-decorer-un-sapin-de-noel#primaryimage\"},\"image\":{\"@id\":\"https:\/\/www.smartphoto.fr\/inspiration\/comment-decorer-un-sapin-de-noel#primaryimage\"},\"thumbnailUrl\":\"https:\/\/storage.googleapis.com\/smartphoto-express-production-wp-blogs-com\/10\/2016\/11\/comment-decorer-un-sapin-de-noel-cover.jpg\",\"datePublished\":\"2016-11-16T12:56:27+00:00\",\"dateModified\":\"2018-09-17T12:33:08+00:00\",\"author\":{\"@id\":\"https:\/\/www.smartphoto.fr\/inspiration\/#\/schema\/person\/b743c2a89fcff4d18195130bb0259ffe\"},\"description\":\"Les pr\u00e9paratifs des f\u00eates de fin d'ann\u00e9e commencent et l'une des \u00e9tapes cruciales est de savoir comment d\u00e9corer un sapin de No\u00ebl. On vous montre en vid\u00e9o !\",\"breadcrumb\":{\"@id\":\"https:\/\/www.smartphoto.fr\/inspiration\/comment-decorer-un-sapin-de-noel#breadcrumb\"},\"inLanguage\":\"fr-FR\",\"potentialAction\":[{\"@type\":\"ReadAction\",\"target\":[\"https:\/\/www.smartphoto.fr\/inspiration\/comment-decorer-un-sapin-de-noel\"]}]},{\"@type\":\"ImageObject\",\"inLanguage\":\"fr-FR\",\"@id\":\"https:\/\/www.smartphoto.fr\/inspiration\/comment-decorer-un-sapin-de-noel#primaryimage\",\"url\":\"https:\/\/storage.googleapis.com\/smartphoto-express-production-wp-blogs-com\/10\/2016\/11\/comment-decorer-un-sapin-de-noel-cover.jpg\",\"contentUrl\":\"https:\/\/storage.googleapis.com\/smartphoto-express-production-wp-blogs-com\/10\/2016\/11\/comment-decorer-un-sapin-de-noel-cover.jpg\"},{\"@type\":\"BreadcrumbList\",\"@id\":\"https:\/\/www.smartphoto.fr\/inspiration\/comment-decorer-un-sapin-de-noel#breadcrumb\",\"itemListElement\":[{\"@type\":\"ListItem\",\"position\":1,\"name\":\"Home\",\"item\":\"https:\/\/www.smartphoto.fr\/inspiration\/\"},{\"@type\":\"ListItem\",\"position\":2,\"name\":\"Comment d\u00e9corer un sapin de No\u00ebl\"}]},{\"@type\":\"WebSite\",\"@id\":\"https:\/\/www.smartphoto.fr\/inspiration\/#website\",\"url\":\"https:\/\/www.smartphoto.fr\/inspiration\/\",\"name\":\"smartphoto FR\",\"description\":\"Le blog de smartphoto France.\",\"potentialAction\":[{\"@type\":\"SearchAction\",\"target\":{\"@type\":\"EntryPoint\",\"urlTemplate\":\"https:\/\/www.smartphoto.fr\/inspiration\/?s={search_term_string}\"},\"query-input\":{\"@type\":\"PropertyValueSpecification\",\"valueRequired\":true,\"valueName\":\"search_term_string\"}}],\"inLanguage\":\"fr-FR\"},{\"@type\":\"Person\",\"@id\":\"https:\/\/www.smartphoto.fr\/inspiration\/#\/schema\/person\/b743c2a89fcff4d18195130bb0259ffe\",\"name\":\"Claire\",\"image\":{\"@type\":\"ImageObject\",\"inLanguage\":\"fr-FR\",\"@id\":\"https:\/\/www.smartphoto.fr\/inspiration\/#\/schema\/person\/image\/\",\"url\":\"https:\/\/secure.gravatar.com\/avatar\/9f27a09fb8046031a47a9f22ce0ca8e9?s=96&d=mm&r=g\",\"contentUrl\":\"https:\/\/secure.gravatar.com\/avatar\/9f27a09fb8046031a47a9f22ce0ca8e9?s=96&d=mm&r=g\",\"caption\":\"Claire\"},\"description\":\"Claire, 26 ans, passionn\u00e9e de voyages et de danse. J\u2019adore d\u00e9nicher les nouveaut\u00e9s DIY et d\u00e9coration. Je blogue pour smartphoto les astuces \u00e0 r\u00e9aliser avec vos photos.\",\"url\":\"https:\/\/www.smartphoto.fr\/inspiration\/author\/claire\"}]}<\/script>\n<!-- \/ Yoast SEO plugin. -->","yoast_head_json":{"title":"Comment d\u00e9corer un sapin de No\u00ebl : tutoriel vid\u00e9o","description":"Les pr\u00e9paratifs des f\u00eates de fin d'ann\u00e9e commencent et l'une des \u00e9tapes cruciales est de savoir comment d\u00e9corer un sapin de No\u00ebl. On vous montre en vid\u00e9o !","robots":{"index":"index","follow":"follow","max-snippet":"max-snippet:-1","max-image-preview":"max-image-preview:large","max-video-preview":"max-video-preview:-1"},"canonical":"https:\/\/www.smartphoto.fr\/inspiration\/comment-decorer-un-sapin-de-noel","og_locale":"fr_FR","og_type":"article","og_title":"Comment d\u00e9corer un sapin de No\u00ebl : tutoriel vid\u00e9o","og_description":"Les pr\u00e9paratifs des f\u00eates de fin d'ann\u00e9e commencent et l'une des \u00e9tapes cruciales est de savoir comment d\u00e9corer un sapin de No\u00ebl. On vous montre en vid\u00e9o !","og_url":"\/inspiration\/comment-decorer-un-sapin-de-noel","og_site_name":"smartphoto FR","article_publisher":"https:\/\/www.facebook.com\/smartphoto.fr","article_published_time":"2016-11-16T12:56:27+00:00","article_modified_time":"2018-09-17T12:33:08+00:00","author":"Claire","twitter_card":"summary_large_image","twitter_creator":"@smartphoto_fr","twitter_site":"@smartphoto_fr","twitter_misc":{"Written by":"Claire","Est. reading time":"5 minutes"},"schema":{"@context":"https:\/\/schema.org","@graph":[{"@type":"WebPage","@id":"\/inspiration\/comment-decorer-un-sapin-de-noel","url":"https:\/\/www.smartphoto.fr\/inspiration\/comment-decorer-un-sapin-de-noel","name":"Comment d\u00e9corer un sapin de No\u00ebl : tutoriel vid\u00e9o","isPartOf":{"@id":"https:\/\/www.smartphoto.fr\/inspiration\/#website"},"primaryImageOfPage":{"@id":"https:\/\/www.smartphoto.fr\/inspiration\/comment-decorer-un-sapin-de-noel#primaryimage"},"image":{"@id":"https:\/\/www.smartphoto.fr\/inspiration\/comment-decorer-un-sapin-de-noel#primaryimage"},"thumbnailUrl":"https:\/\/storage.googleapis.com\/smartphoto-express-production-wp-blogs-com\/10\/2016\/11\/comment-decorer-un-sapin-de-noel-cover.jpg","datePublished":"2016-11-16T12:56:27+00:00","dateModified":"2018-09-17T12:33:08+00:00","author":{"@id":"https:\/\/www.smartphoto.fr\/inspiration\/#\/schema\/person\/b743c2a89fcff4d18195130bb0259ffe"},"description":"Les pr\u00e9paratifs des f\u00eates de fin d'ann\u00e9e commencent et l'une des \u00e9tapes cruciales est de savoir comment d\u00e9corer un sapin de No\u00ebl. On vous montre en vid\u00e9o !","breadcrumb":{"@id":"https:\/\/www.smartphoto.fr\/inspiration\/comment-decorer-un-sapin-de-noel#breadcrumb"},"inLanguage":"fr-FR","potentialAction":[{"@type":"ReadAction","target":["https:\/\/www.smartphoto.fr\/inspiration\/comment-decorer-un-sapin-de-noel"]}]},{"@type":"ImageObject","inLanguage":"fr-FR","@id":"https:\/\/www.smartphoto.fr\/inspiration\/comment-decorer-un-sapin-de-noel#primaryimage","url":"https:\/\/storage.googleapis.com\/smartphoto-express-production-wp-blogs-com\/10\/2016\/11\/comment-decorer-un-sapin-de-noel-cover.jpg","contentUrl":"https:\/\/storage.googleapis.com\/smartphoto-express-production-wp-blogs-com\/10\/2016\/11\/comment-decorer-un-sapin-de-noel-cover.jpg"},{"@type":"BreadcrumbList","@id":"https:\/\/www.smartphoto.fr\/inspiration\/comment-decorer-un-sapin-de-noel#breadcrumb","itemListElement":[{"@type":"ListItem","position":1,"name":"Home","item":"https:\/\/www.smartphoto.fr\/inspiration\/"},{"@type":"ListItem","position":2,"name":"Comment d\u00e9corer un sapin de No\u00ebl"}]},{"@type":"WebSite","@id":"https:\/\/www.smartphoto.fr\/inspiration\/#website","url":"https:\/\/www.smartphoto.fr\/inspiration\/","name":"smartphoto FR","description":"Le blog de smartphoto France.","potentialAction":[{"@type":"SearchAction","target":{"@type":"EntryPoint","urlTemplate":"https:\/\/www.smartphoto.fr\/inspiration\/?s={search_term_string}"},"query-input":{"@type":"PropertyValueSpecification","valueRequired":true,"valueName":"search_term_string"}}],"inLanguage":"fr-FR"},{"@type":"Person","@id":"https:\/\/www.smartphoto.fr\/inspiration\/#\/schema\/person\/b743c2a89fcff4d18195130bb0259ffe","name":"Claire","image":{"@type":"ImageObject","inLanguage":"fr-FR","@id":"https:\/\/www.smartphoto.fr\/inspiration\/#\/schema\/person\/image\/","url":"https:\/\/secure.gravatar.com\/avatar\/9f27a09fb8046031a47a9f22ce0ca8e9?s=96&d=mm&r=g","contentUrl":"https:\/\/secure.gravatar.com\/avatar\/9f27a09fb8046031a47a9f22ce0ca8e9?s=96&d=mm&r=g","caption":"Claire"},"description":"Claire, 26 ans, passionn\u00e9e de voyages et de danse. J\u2019adore d\u00e9nicher les nouveaut\u00e9s DIY et d\u00e9coration. Je blogue pour smartphoto les astuces \u00e0 r\u00e9aliser avec vos photos.","url":"https:\/\/www.smartphoto.fr\/inspiration\/author\/claire"}]}},"_links":{"self":[{"href":"https:\/\/www.smartphoto.fr\/inspiration\/wp-json\/wp\/v2\/posts\/4026","targetHints":{"allow":["GET"]}}],"collection":[{"href":"https:\/\/www.smartphoto.fr\/inspiration\/wp-json\/wp\/v2\/posts"}],"about":[{"href":"https:\/\/www.smartphoto.fr\/inspiration\/wp-json\/wp\/v2\/types\/post"}],"author":[{"embeddable":true,"href":"https:\/\/www.smartphoto.fr\/inspiration\/wp-json\/wp\/v2\/users\/10"}],"replies":[{"embeddable":true,"href":"https:\/\/www.smartphoto.fr\/inspiration\/wp-json\/wp\/v2\/comments?post=4026"}],"version-history":[{"count":9,"href":"https:\/\/www.smartphoto.fr\/inspiration\/wp-json\/wp\/v2\/posts\/4026\/revisions"}],"predecessor-version":[{"id":8097,"href":"https:\/\/www.smartphoto.fr\/inspiration\/wp-json\/wp\/v2\/posts\/4026\/revisions\/8097"}],"wp:attachment":[{"href":"https:\/\/www.smartphoto.fr\/inspiration\/wp-json\/wp\/v2\/media?parent=4026"}],"wp:term":[{"taxonomy":"category","embeddable":true,"href":"https:\/\/www.smartphoto.fr\/inspiration\/wp-json\/wp\/v2\/categories?post=4026"},{"taxonomy":"post_tag","embeddable":true,"href":"https:\/\/www.smartphoto.fr\/inspiration\/wp-json\/wp\/v2\/tags?post=4026"}],"curies":[{"name":"wp","href":"https:\/\/api.w.org\/{rel}","templated":true}]}}