{"id":3774,"date":"2019-06-12T11:23:48","date_gmt":"2019-06-12T09:23:48","guid":{"rendered":"http:\/\/www.wistiti.fr\/?p=3774"},"modified":"2025-12-09T17:26:43","modified_gmt":"2025-12-09T16:26:43","slug":"album-photo-personnalise-6-idees-originales","status":"publish","type":"post","link":"https:\/\/www.smartphoto.fr\/inspiration\/album-photo-personnalise-6-idees-originales","title":{"rendered":"Album photo personnalis\u00e9 : 6 id\u00e9es originales"},"content":{"rendered":"<p><strong>Album photo personnalis\u00e9 : votre cr\u00e9ation en quelques clics !<\/strong><\/p>\n<p><strong><a href=\"https:\/\/www.smartphoto.fr\/livre-photo\"><img loading=\"lazy\" decoding=\"async\" class=\"aligncenter wp-image-41244 size-full\" src=\"https:\/\/storage.googleapis.com\/smartphoto-express-production-wp-blogs-com\/9\/2017\/07\/Blog_Original_Photobook_FR.jpg\" alt=\"6 id\u00e9es pour votre livre photo\" width=\"720\" height=\"400\" \/><\/a><\/strong><br \/>\nAvez-vous de magnifiques photos de votre voyage ? Ou de chouettes photos de vos enfants ? Avec un album photo\u00a0personnalis\u00e9, vous pouvez raconter l\u2019histoire compl\u00e8te de votre voyage ou rassembler les plus belles photos de vos enfants !<\/p>\n<p>Pour faire de votre album photo une cr\u00e9ation dont vous serez fier, vous trouvez ici 6 id\u00e9es originales faciles \u00e0 mettre en oeuvre. D\u2019un album photo alphabet \u00e0 un collage de photos carr\u00e9es. L\u2019avantage suppl\u00e9mentaire d\u2019un album photo personnalis\u00e9, c\u2019est que c\u2019est aussi un bel objet de d\u00e9coration\u00a0<img decoding=\"async\" class=\"emoji\" src=\"https:\/\/s.w.org\/images\/core\/emoji\/11\/svg\/1f642.svg\" alt=\"\ud83d\ude42\" \/>\u00a0!<\/p>\n<h2>#Id\u00e9e 1 : L\u2019ABC de \u2026<\/h2>\n<p>Avec <a href=\"https:\/\/www.smartphoto.fr\/livre-photo\">l\u2019<b>album photo<\/b><\/a><b>\u00a0alphabet<\/b>, racontez votre histoire en 24 lettres ! Chaque photo est repr\u00e9sent\u00e9e par un mot commen\u00e7ant toujours par une autre lettre de l\u2019alphabet. De cette mani\u00e8re, personne ne se laisse distraire par de grands blocs de texte et vous pouvez ajouter des photos plus grandes.<\/p>\n<p>Cet album photo ludique pourrait aussi \u00eatre un instrument pour\u00a0<b>apprendre l\u2019alphabet\u00a0<\/b>\u00e0 de jeunes enfants ! Ils le retiendront encore mieux \u00e0 l\u2019aide des photos de leurs proches associ\u00e9es \u00e0 des mots courts et simples. dans ce cas choisissez une reliure en spirale, plus faciles \u00e0 manipuler pour les petites mains.<\/p>\n<p><a href=\"https:\/\/www.smartphoto.fr\/livre-photo\"><img loading=\"lazy\" decoding=\"async\" class=\"aligncenter wp-image-41245 size-full\" src=\"https:\/\/storage.googleapis.com\/smartphoto-express-production-wp-blogs-com\/9\/2017\/07\/Blog_ABC_Book.jpg\" alt=\"6 id\u00e9es pour votre livre photo\" width=\"720\" height=\"400\" \/><\/a><\/p>\n<h2>#Id\u00e9e 2 : Carr\u00e9 est le mot-cl\u00e9 !<\/h2>\n<p>Les<b>\u00a0<a href=\"https:\/\/www.smartphoto.fr\/tirage-photo\/tirage-photo-carre\">photos carr\u00e9es<\/a><\/b>\u00a0sont totalement \u00e0 la mode ! Le grand avantage des\u00a0photos carr\u00e9es\u00a0dans un album photo personnalis\u00e9 avec est que toutes les photos ont les m\u00eames dimensions ce qui cr\u00e9e une harmonie.<\/p>\n<p>Les photos vintage prises avec des appareils instantan\u00e9s ou analogiques ont un charme particulier. Malheureusement,\u00a0<b>les couleurs peuvent s\u2019estomper<\/b>\u00a0apr\u00e8s un certain temps et les photos. Pour \u00e9viter de perdre ces pr\u00e9cieux souvenirs, scannez vos photos et imprimez-les dans un album photo.<\/p>\n<p><a href=\"https:\/\/www.smartphoto.fr\/livre-photo\" target=\"_blank\" rel=\"noopener noreferrer\"><img loading=\"lazy\" decoding=\"async\" class=\"wp-image-38456 size-full aligncenter\" src=\"https:\/\/storage.googleapis.com\/smartphoto-express-production-wp-blogs-com\/9\/2016\/06\/album-photo-1.jpg\" alt=\"album photo\" width=\"800\" height=\"533\" \/><\/a><\/p>\n<h2>#Id\u00e9e 3 : Album photo personnalis\u00e9 : le Journal de b\u00e9b\u00e9<\/h2>\n<p>Un b\u00e9b\u00e9 est le plus beau cadeau qui existe. Mais il grandit si vite, n\u2019est-ce pas ?\u00a0<b>Photographiez<\/b>\u00a0ses changements pour les revoir plus tard.\u00a0<b>Tenez aussi un journal<\/b>\u00a0dans lequel vous pouvez \u00e9crire vos sentiments et d\u00e9crire tous les changements que votre enfant subit pendant la premi\u00e8re ann\u00e9e de sa vie.<\/p>\n<div id=\"attachment_41253\" class=\"wp-caption aligncenter\">\n<p><a href=\"https:\/\/www.smartphoto.fr\/tirage-photo\/collection-100\"><img loading=\"lazy\" decoding=\"async\" class=\"aligncenter wp-image-41253 size-full\" src=\"https:\/\/storage.googleapis.com\/smartphoto-express-production-wp-blogs-com\/9\/2019\/06\/Blog_Collection52.jpg\" alt=\"\" width=\"720\" height=\"400\" \/><\/a><\/p>\n<p class=\"wp-caption-text\">Livre photo Collection 100 \u2013 le livre photo le plus facile \u00e0 cr\u00e9er !<\/p>\n<\/div>\n<p>Rendez la premi\u00e8re ann\u00e9e de votre enfant \u00e9ternelle avec un\u00a0<a href=\"https:\/\/www.smartphoto.fr\/livre-photo\">album photo<\/a> personnalis\u00e9. Divisez votre album entre <b>texte et photo<\/b>. Sur les pages de gauche, r\u00e9digez un petit r\u00e9sum\u00e9 de tout ce que vous avez \u00e9crit dans son carnet pendant un mois. Sur les pages de droite, vous ajoutez une belle photo de votre b\u00e9b\u00e9. Un souvenir imp\u00e9rissable ! Imprimez-le en deux exemplaires pour pouvoir l&rsquo;offrir \u00e0 votre enfant quand il a 16 ou 18 ans.<\/p>\n<p><a href=\"http:\/\/blog.hannamac.com\/2011\/10\/18\/mia-month-8\/\" target=\"_blank\" rel=\"attachment wp-att-34285 noopener noreferrer\"><img loading=\"lazy\" decoding=\"async\" class=\"aligncenter wp-image-34285 size-full\" src=\"https:\/\/storage.googleapis.com\/smartphoto-express-production-wp-blogs-com\/9\/2016\/06\/album-photo-journal.png\" alt=\"album photo personnalis\u00e9\" width=\"562\" height=\"305\" \/><\/a><\/p>\n<h2>#Id\u00e9e 4 : Album\u00a0<del>photo<\/del>\u00a0dessin\u00e9 !<\/h2>\n<p>Avez-vous des\u00a0<b>dessins\u00a0<\/b>de vos enfants que vous ne voulez pas perdre ? Conservez-les dans un album photo personnalis\u00e9 ! Vous pourriez inventer une histoire dr\u00f4le avec ces dessins.<\/p>\n<p><a href=\"https:\/\/www.smartphoto.fr\/livre-photo\"><img loading=\"lazy\" decoding=\"async\" class=\"aligncenter wp-image-41247 size-full\" src=\"https:\/\/storage.googleapis.com\/smartphoto-express-production-wp-blogs-com\/9\/2017\/07\/Blog_Photobook_Kids_Drawing.jpg\" alt=\"6 id\u00e9es pour votre livre photo\" width=\"720\" height=\"400\" \/><\/a><\/p>\n<p>Les dessins sont d\u00e9j\u00e0 affich\u00e9s au-dessus de votre lit ? Dans ce cas, nous avons une autre id\u00e9e pour surprendre vos petits ! Faites un <a href=\"https:\/\/www.smartphoto.fr\/livre-personnalise-pour-enfant\/mynamebook-animaux\">conte personnel<\/a>\u00a0avec d\u2019autres images, mais o\u00f9 vos enfants sont toujours les\u00a0<b>principaux acteurs<\/b>. De beaux r\u00eaves garantis !<\/p>\n<p><a href=\"https:\/\/www.smartphoto.be\/fr\/livre-personnalise-pour-enfant?utm_source=blog&amp;utm_medium=social&amp;utm_campaign=albumphoto\" target=\"_blank\" rel=\"attachment wp-att-34283 noopener noreferrer\"><img loading=\"lazy\" decoding=\"async\" class=\"aligncenter wp-image-34283\" src=\"https:\/\/storage.googleapis.com\/smartphoto-express-production-wp-blogs-com\/9\/2016\/06\/album-photo-conte-pour-enfant-Mynamebook.jpg\" alt=\"album photo personnalis\u00e9\" width=\"700\" height=\"467\" \/><\/a><\/p>\n<h2>#Id\u00e9e 5 : Bucket list<\/h2>\n<p>Avez-vous une bucket list ? Cette liste de choses que vous voulez faire avant un certain \u00e2ge ? Si oui, prenez un moment pour r<span style=\"font-size: inherit\">assembler les<\/span><b style=\"font-size: inherit\"> photos <\/b><span style=\"font-size: inherit\">des aventures extraordinaires que vous avez v\u00e9cues dans un <\/span><a style=\"font-size: inherit\" href=\"https:\/\/www.smartphoto.fr\/livre-photo\" target=\"_blank\" rel=\"noopener noreferrer\">album photo<\/a><span style=\"font-size: inherit\">. Sinon, il va sans dire, mettez-vous y tout de suite ! Quand f\u00eaterez-vous votre prochaine d\u00e9cade ? \ud83d\ude0e<\/span><\/p>\n<h2># Id\u00e9e 6 : Projet photo 52\/365<\/h2>\n<p>Vous prenez trop peu de photos \u00e0 votre o\u00fbt ou vous voulez am\u00e9liorer vos prises de vue ? Mettez en place un projet photo ! Prenez chaque semaine une photo et r\u00e9alisez un <a href=\"https:\/\/www.smartphoto.fr\/tirage-photo\/collection-52\">livre Collection 52<\/a> \u00e0 la fin de l\u2019ann\u00e9e.<\/p>\n<p>Choisissez un th\u00e8me pour donner un fil rouge \u00e0 votre projet, par exemple :<\/p>\n<ul>\n<li style=\"text-align: justify\">52 semaines \u00e0 hauteur d&rsquo;enfants,<\/li>\n<li style=\"text-align: justify\">52 jours \/ semaines pr\u00e9c\u00e9dent votre mariage<\/li>\n<li style=\"text-align: justify\">Vos 52 plus belles photos de nature,<\/li>\n<li style=\"text-align: justify\">52 portraits de vos proches.<\/li>\n<\/ul>\n<p>A la fin de l&rsquo;ann\u00e9e t\u00e9l\u00e9chargez vos photos et l&rsquo;\u00e9diteur cr\u00e9era pour vous un petit album reli\u00e9, avec une photo par page recto-verso. M\u00eame la couverture est g\u00e9n\u00e9r\u00e9e automatiquement ! Votre livre est cr\u00e9\u00e9 en 5 minutes, vous n&rsquo;avez plus qu&rsquo;\u00e0 r\u00e9diger un titre et partager votre projet en image avec \u00a0vos proches \ud83d\udc4c<\/p>\n<p><a href=\"https:\/\/www.smartphoto.fr\/tirage-photo\/collection-52\"><img loading=\"lazy\" decoding=\"async\" class=\"aligncenter wp-image-39990 size-full\" src=\"https:\/\/storage.googleapis.com\/smartphoto-express-production-wp-blogs-com\/9\/2018\/08\/FB_SummerContent17.jpg\" alt=\"\" width=\"900\" height=\"600\" \/><\/a><\/p>\n<p><strong>Inspir\u00e9 ?\u00a0<\/strong><\/p>\n<p>N\u2019h\u00e9sitez pas \u00e0 nous faire part de vos id\u00e9es pour r\u00e9aliser un chouette album photo personnalis\u00e9 dans les commentaires ou sur notre page\u00a0<strong><a href=\"https:\/\/www.facebook.com\/smartphoto.fr\">Facebook<\/a>,\u00a0<a href=\"https:\/\/www.instagram.com\/smartphoto_fr\/\">Instagram<\/a> <\/strong>ou\u00a0<a href=\"https:\/\/www.pinterest.com\/smartphotofr\/\"><strong>Pinterest\u00a0<\/strong><\/a>avec le hashtag #mysmartphoto.<\/p>\n<p><a href=\"https:\/\/www.smartphoto.fr\/livre-photo\"><img loading=\"lazy\" decoding=\"async\" class=\"aligncenter wp-image-41250 size-full\" src=\"https:\/\/storage.googleapis.com\/smartphoto-express-production-wp-blogs-com\/9\/2017\/07\/Blog_Photobook_CTA_FR.jpg\" alt=\"6 id\u00e9es pour votre livre photo\" width=\"720\" height=\"280\" \/><\/a><\/p>\n","protected":false},"excerpt":{"rendered":"<p>Album photo personnalis\u00e9 : votre cr\u00e9ation en quelques clics ! Avez-vous de magnifiques photos de votre voyage ? Ou de chouettes photos de vos enfants ? Avec un album photo\u00a0personnalis\u00e9, vous pouvez raconter l\u2019histoire compl\u00e8te de votre voyage ou rassembler les plus belles photos de vos enfants ! Pour faire de votre album photo une cr\u00e9ation dont vous serez fier, vous trouvez ici 6 id\u00e9es originales faciles \u00e0 mettre en oeuvre. D\u2019un album photo alphabet \u00e0 un collage de photos carr\u00e9es. L\u2019avantage suppl\u00e9mentaire d\u2019un album photo personnalis\u00e9, c\u2019est que c\u2019est aussi un bel objet de d\u00e9coration\u00a0\u00a0! #Id\u00e9e 1 : L\u2019ABC<\/p>\n","protected":false},"author":8,"featured_media":8746,"comment_status":"open","ping_status":"open","sticky":false,"template":"","format":"standard","meta":{"om_disable_all_campaigns":false,"_monsterinsights_skip_tracking":false,"_monsterinsights_sitenote_active":false,"_monsterinsights_sitenote_note":"","_monsterinsights_sitenote_category":0,"footnotes":""},"categories":[16],"tags":[],"class_list":["post-3774","post","type-post","status-publish","format-standard","has-post-thumbnail","hentry","category-idees"],"yoast_head":"<!-- This site is optimized with the Yoast SEO plugin v23.8 - https:\/\/yoast.com\/wordpress\/plugins\/seo\/ -->\n<title>Album photo personnalis\u00e9 : 6 id\u00e9es originales et inattendues<\/title>\n<meta name=\"description\" content=\"Vous avez des photos de votre voyage ou de vos enfants ? Racontez vos histoires en images, cr\u00e9ez un superbe album photo personnalis\u00e9 !\" \/>\n<meta name=\"robots\" content=\"index, follow, max-snippet:-1, max-image-preview:large, max-video-preview:-1\" \/>\n<link rel=\"canonical\" href=\"https:\/\/www.smartphoto.fr\/inspiration\/album-photo-personnalise-6-idees-originales\" \/>\n<meta property=\"og:locale\" content=\"fr_FR\" \/>\n<meta property=\"og:type\" content=\"article\" \/>\n<meta property=\"og:title\" content=\"Album photo personnalis\u00e9 : 6 id\u00e9es originales et inattendues\" \/>\n<meta property=\"og:description\" content=\"Vous avez des photos de votre voyage ou de vos enfants ? Racontez vos histoires en images, cr\u00e9ez un superbe album photo personnalis\u00e9 !\" \/>\n<meta property=\"og:url\" content=\"https:\/\/www.smartphoto.fr\/inspiration\/album-photo-personnalise-6-idees-originales\" \/>\n<meta property=\"og:site_name\" content=\"smartphoto FR\" \/>\n<meta property=\"article:publisher\" content=\"https:\/\/www.facebook.com\/smartphoto.fr\" \/>\n<meta property=\"article:published_time\" content=\"2019-06-12T09:23:48+00:00\" \/>\n<meta property=\"article:modified_time\" content=\"2025-12-09T16:26:43+00:00\" \/>\n<meta name=\"author\" content=\"Camille\" \/>\n<meta name=\"twitter:card\" content=\"summary_large_image\" \/>\n<meta name=\"twitter:image\" content=\"https:\/\/storage.googleapis.com\/smartphoto-express-production-wp-blogs-com\/10\/2017\/07\/Blog_ABC_Book.jpg\" \/>\n<meta name=\"twitter:creator\" content=\"@smartphoto_fr\" \/>\n<meta name=\"twitter:site\" content=\"@smartphoto_fr\" \/>\n<meta name=\"twitter:label1\" content=\"Written by\" \/>\n\t<meta name=\"twitter:data1\" content=\"Camille\" \/>\n\t<meta name=\"twitter:label2\" content=\"Est. reading time\" \/>\n\t<meta name=\"twitter:data2\" content=\"6 minutes\" \/>\n<script type=\"application\/ld+json\" class=\"yoast-schema-graph\">{\"@context\":\"https:\/\/schema.org\",\"@graph\":[{\"@type\":\"WebPage\",\"@id\":\"https:\/\/www.smartphoto.fr\/inspiration\/album-photo-personnalise-6-idees-originales\",\"url\":\"https:\/\/www.smartphoto.fr\/inspiration\/album-photo-personnalise-6-idees-originales\",\"name\":\"Album photo personnalis\u00e9 : 6 id\u00e9es originales et inattendues\",\"isPartOf\":{\"@id\":\"https:\/\/www.smartphoto.fr\/inspiration\/#website\"},\"primaryImageOfPage\":{\"@id\":\"https:\/\/www.smartphoto.fr\/inspiration\/album-photo-personnalise-6-idees-originales#primaryimage\"},\"image\":{\"@id\":\"https:\/\/www.smartphoto.fr\/inspiration\/album-photo-personnalise-6-idees-originales#primaryimage\"},\"thumbnailUrl\":\"https:\/\/storage.googleapis.com\/smartphoto-express-production-wp-blogs-com\/10\/2017\/07\/Blog_ABC_Book.jpg\",\"datePublished\":\"2019-06-12T09:23:48+00:00\",\"dateModified\":\"2025-12-09T16:26:43+00:00\",\"author\":{\"@id\":\"https:\/\/www.smartphoto.fr\/inspiration\/#\/schema\/person\/c6273b932edd5430f80dd2f25e053f93\"},\"description\":\"Vous avez des photos de votre voyage ou de vos enfants ? Racontez vos histoires en images, cr\u00e9ez un superbe album photo personnalis\u00e9 !\",\"breadcrumb\":{\"@id\":\"https:\/\/www.smartphoto.fr\/inspiration\/album-photo-personnalise-6-idees-originales#breadcrumb\"},\"inLanguage\":\"fr-FR\",\"potentialAction\":[{\"@type\":\"ReadAction\",\"target\":[\"https:\/\/www.smartphoto.fr\/inspiration\/album-photo-personnalise-6-idees-originales\"]}]},{\"@type\":\"ImageObject\",\"inLanguage\":\"fr-FR\",\"@id\":\"https:\/\/www.smartphoto.fr\/inspiration\/album-photo-personnalise-6-idees-originales#primaryimage\",\"url\":\"https:\/\/storage.googleapis.com\/smartphoto-express-production-wp-blogs-com\/10\/2017\/07\/Blog_ABC_Book.jpg\",\"contentUrl\":\"https:\/\/storage.googleapis.com\/smartphoto-express-production-wp-blogs-com\/10\/2017\/07\/Blog_ABC_Book.jpg\",\"width\":720,\"height\":400},{\"@type\":\"BreadcrumbList\",\"@id\":\"https:\/\/www.smartphoto.fr\/inspiration\/album-photo-personnalise-6-idees-originales#breadcrumb\",\"itemListElement\":[{\"@type\":\"ListItem\",\"position\":1,\"name\":\"Home\",\"item\":\"https:\/\/www.smartphoto.fr\/inspiration\/\"},{\"@type\":\"ListItem\",\"position\":2,\"name\":\"Album photo personnalis\u00e9 : 6 id\u00e9es originales\"}]},{\"@type\":\"WebSite\",\"@id\":\"https:\/\/www.smartphoto.fr\/inspiration\/#website\",\"url\":\"https:\/\/www.smartphoto.fr\/inspiration\/\",\"name\":\"smartphoto FR\",\"description\":\"Le blog de smartphoto France.\",\"potentialAction\":[{\"@type\":\"SearchAction\",\"target\":{\"@type\":\"EntryPoint\",\"urlTemplate\":\"https:\/\/www.smartphoto.fr\/inspiration\/?s={search_term_string}\"},\"query-input\":{\"@type\":\"PropertyValueSpecification\",\"valueRequired\":true,\"valueName\":\"search_term_string\"}}],\"inLanguage\":\"fr-FR\"},{\"@type\":\"Person\",\"@id\":\"https:\/\/www.smartphoto.fr\/inspiration\/#\/schema\/person\/c6273b932edd5430f80dd2f25e053f93\",\"name\":\"Camille\",\"image\":{\"@type\":\"ImageObject\",\"inLanguage\":\"fr-FR\",\"@id\":\"https:\/\/www.smartphoto.fr\/inspiration\/#\/schema\/person\/image\/\",\"url\":\"https:\/\/secure.gravatar.com\/avatar\/a91e307f8905ae5fadfaf463403971c2?s=96&d=mm&r=g\",\"contentUrl\":\"https:\/\/secure.gravatar.com\/avatar\/a91e307f8905ae5fadfaf463403971c2?s=96&d=mm&r=g\",\"caption\":\"Camille\"},\"description\":\"Camille, 31 ans et expatri\u00e9e en Belgique depuis plus de 4 ans. J'adore le badminton et les voyages. Je suis curieuse de tout et je d\u00e9niche pour vous les meilleurs trucs &amp; astuces pour sublimer vos photos !\",\"url\":\"https:\/\/www.smartphoto.fr\/inspiration\/author\/camille\"}]}<\/script>\n<!-- \/ Yoast SEO plugin. -->","yoast_head_json":{"title":"Album photo personnalis\u00e9 : 6 id\u00e9es originales et inattendues","description":"Vous avez des photos de votre voyage ou de vos enfants ? Racontez vos histoires en images, cr\u00e9ez un superbe album photo personnalis\u00e9 !","robots":{"index":"index","follow":"follow","max-snippet":"max-snippet:-1","max-image-preview":"max-image-preview:large","max-video-preview":"max-video-preview:-1"},"canonical":"https:\/\/www.smartphoto.fr\/inspiration\/album-photo-personnalise-6-idees-originales","og_locale":"fr_FR","og_type":"article","og_title":"Album photo personnalis\u00e9 : 6 id\u00e9es originales et inattendues","og_description":"Vous avez des photos de votre voyage ou de vos enfants ? Racontez vos histoires en images, cr\u00e9ez un superbe album photo personnalis\u00e9 !","og_url":"https:\/\/www.smartphoto.fr\/inspiration\/album-photo-personnalise-6-idees-originales","og_site_name":"smartphoto FR","article_publisher":"https:\/\/www.facebook.com\/smartphoto.fr","article_published_time":"2019-06-12T09:23:48+00:00","article_modified_time":"2025-12-09T16:26:43+00:00","author":"Camille","twitter_card":"summary_large_image","twitter_image":"https:\/\/storage.googleapis.com\/smartphoto-express-production-wp-blogs-com\/10\/2017\/07\/Blog_ABC_Book.jpg","twitter_creator":"@smartphoto_fr","twitter_site":"@smartphoto_fr","twitter_misc":{"Written by":"Camille","Est. reading time":"6 minutes"},"schema":{"@context":"https:\/\/schema.org","@graph":[{"@type":"WebPage","@id":"https:\/\/www.smartphoto.fr\/inspiration\/album-photo-personnalise-6-idees-originales","url":"https:\/\/www.smartphoto.fr\/inspiration\/album-photo-personnalise-6-idees-originales","name":"Album photo personnalis\u00e9 : 6 id\u00e9es originales et inattendues","isPartOf":{"@id":"https:\/\/www.smartphoto.fr\/inspiration\/#website"},"primaryImageOfPage":{"@id":"https:\/\/www.smartphoto.fr\/inspiration\/album-photo-personnalise-6-idees-originales#primaryimage"},"image":{"@id":"https:\/\/www.smartphoto.fr\/inspiration\/album-photo-personnalise-6-idees-originales#primaryimage"},"thumbnailUrl":"https:\/\/storage.googleapis.com\/smartphoto-express-production-wp-blogs-com\/10\/2017\/07\/Blog_ABC_Book.jpg","datePublished":"2019-06-12T09:23:48+00:00","dateModified":"2025-12-09T16:26:43+00:00","author":{"@id":"https:\/\/www.smartphoto.fr\/inspiration\/#\/schema\/person\/c6273b932edd5430f80dd2f25e053f93"},"description":"Vous avez des photos de votre voyage ou de vos enfants ? Racontez vos histoires en images, cr\u00e9ez un superbe album photo personnalis\u00e9 !","breadcrumb":{"@id":"https:\/\/www.smartphoto.fr\/inspiration\/album-photo-personnalise-6-idees-originales#breadcrumb"},"inLanguage":"fr-FR","potentialAction":[{"@type":"ReadAction","target":["https:\/\/www.smartphoto.fr\/inspiration\/album-photo-personnalise-6-idees-originales"]}]},{"@type":"ImageObject","inLanguage":"fr-FR","@id":"https:\/\/www.smartphoto.fr\/inspiration\/album-photo-personnalise-6-idees-originales#primaryimage","url":"https:\/\/storage.googleapis.com\/smartphoto-express-production-wp-blogs-com\/10\/2017\/07\/Blog_ABC_Book.jpg","contentUrl":"https:\/\/storage.googleapis.com\/smartphoto-express-production-wp-blogs-com\/10\/2017\/07\/Blog_ABC_Book.jpg","width":720,"height":400},{"@type":"BreadcrumbList","@id":"https:\/\/www.smartphoto.fr\/inspiration\/album-photo-personnalise-6-idees-originales#breadcrumb","itemListElement":[{"@type":"ListItem","position":1,"name":"Home","item":"https:\/\/www.smartphoto.fr\/inspiration\/"},{"@type":"ListItem","position":2,"name":"Album photo personnalis\u00e9 : 6 id\u00e9es originales"}]},{"@type":"WebSite","@id":"https:\/\/www.smartphoto.fr\/inspiration\/#website","url":"https:\/\/www.smartphoto.fr\/inspiration\/","name":"smartphoto FR","description":"Le blog de smartphoto France.","potentialAction":[{"@type":"SearchAction","target":{"@type":"EntryPoint","urlTemplate":"https:\/\/www.smartphoto.fr\/inspiration\/?s={search_term_string}"},"query-input":{"@type":"PropertyValueSpecification","valueRequired":true,"valueName":"search_term_string"}}],"inLanguage":"fr-FR"},{"@type":"Person","@id":"https:\/\/www.smartphoto.fr\/inspiration\/#\/schema\/person\/c6273b932edd5430f80dd2f25e053f93","name":"Camille","image":{"@type":"ImageObject","inLanguage":"fr-FR","@id":"https:\/\/www.smartphoto.fr\/inspiration\/#\/schema\/person\/image\/","url":"https:\/\/secure.gravatar.com\/avatar\/a91e307f8905ae5fadfaf463403971c2?s=96&d=mm&r=g","contentUrl":"https:\/\/secure.gravatar.com\/avatar\/a91e307f8905ae5fadfaf463403971c2?s=96&d=mm&r=g","caption":"Camille"},"description":"Camille, 31 ans et expatri\u00e9e en Belgique depuis plus de 4 ans. J'adore le badminton et les voyages. Je suis curieuse de tout et je d\u00e9niche pour vous les meilleurs trucs &amp; astuces pour sublimer vos photos !","url":"https:\/\/www.smartphoto.fr\/inspiration\/author\/camille"}]}},"_links":{"self":[{"href":"https:\/\/www.smartphoto.fr\/inspiration\/wp-json\/wp\/v2\/posts\/3774","targetHints":{"allow":["GET"]}}],"collection":[{"href":"https:\/\/www.smartphoto.fr\/inspiration\/wp-json\/wp\/v2\/posts"}],"about":[{"href":"https:\/\/www.smartphoto.fr\/inspiration\/wp-json\/wp\/v2\/types\/post"}],"author":[{"embeddable":true,"href":"https:\/\/www.smartphoto.fr\/inspiration\/wp-json\/wp\/v2\/users\/8"}],"replies":[{"embeddable":true,"href":"https:\/\/www.smartphoto.fr\/inspiration\/wp-json\/wp\/v2\/comments?post=3774"}],"version-history":[{"count":12,"href":"https:\/\/www.smartphoto.fr\/inspiration\/wp-json\/wp\/v2\/posts\/3774\/revisions"}],"predecessor-version":[{"id":12897,"href":"https:\/\/www.smartphoto.fr\/inspiration\/wp-json\/wp\/v2\/posts\/3774\/revisions\/12897"}],"wp:featuredmedia":[{"embeddable":true,"href":"https:\/\/www.smartphoto.fr\/inspiration\/wp-json\/wp\/v2\/media\/8746"}],"wp:attachment":[{"href":"https:\/\/www.smartphoto.fr\/inspiration\/wp-json\/wp\/v2\/media?parent=3774"}],"wp:term":[{"taxonomy":"category","embeddable":true,"href":"https:\/\/www.smartphoto.fr\/inspiration\/wp-json\/wp\/v2\/categories?post=3774"},{"taxonomy":"post_tag","embeddable":true,"href":"https:\/\/www.smartphoto.fr\/inspiration\/wp-json\/wp\/v2\/tags?post=3774"}],"curies":[{"name":"wp","href":"https:\/\/api.w.org\/{rel}","templated":true}]}}