{"id":3709,"date":"2017-05-10T15:59:56","date_gmt":"2017-05-10T15:59:56","guid":{"rendered":"http:\/\/www.wistiti.fr\/?p=3709"},"modified":"2023-06-08T11:10:41","modified_gmt":"2023-06-08T09:10:41","slug":"cadeau-pour-papa-des-sous-verres-personnalises","status":"publish","type":"post","link":"https:\/\/www.smartphoto.fr\/inspiration\/cadeau-pour-papa-des-sous-verres-personnalises","title":{"rendered":"Cadeau pour papa : des sous-verres personnalis\u00e9s"},"content":{"rendered":"<p><strong>Cadeau pour papa<\/strong><br \/>\nLa f\u00eate des p\u00e8res approche, cette ann\u00e9e offrez-lui un cadeau original et personnalis\u00e9 ! Cr\u00e9ez-lui des sous-verres avec ses photos pr\u00e9f\u00e9r\u00e9es \ud83d\ude42<!--more--><\/p>\n<p style=\"text-align: justify\"><a href=\"http:\/\/www.smartphoto.fr\/cadeaux-photos\/sous-verres?utm_source=blog&amp;utm_medium=social&amp;utm_campaign=cadeaupourpapa\" target=\"_blank\" rel=\"noopener noreferrer\"><img loading=\"lazy\" decoding=\"async\" class=\"aligncenter wp-image-3863 size-full\" src=\"https:\/\/storage.googleapis.com\/smartphoto-express-production-wp-blogs-com\/10\/2016\/05\/cadeau-pour-papa-cover-1.jpg\" alt=\"cadeau pour papa\" width=\"700\" height=\"366\" \/><\/a><\/p>\n<p style=\"text-align: justify\">Voici une id\u00e9e cadeau papa originale et facile \u00e0 cr\u00e9er ! Je vous guide dans la cr\u00e9ation et vous dis pourquoi j&rsquo;ai tout de suite ador\u00e9 ce cadeau pour papa.<\/p>\n<h2>Hop choisissez votre mod\u00e8le<\/h2>\n<p><a href=\"http:\/\/www.smartphoto.fr\/cadeaux-photos\/sous-verres?utm_source=blog&amp;utm_medium=social&amp;utm_campaign=cadeaupourpapa\" target=\"_blank\" rel=\"noopener noreferrer\"><img loading=\"lazy\" decoding=\"async\" class=\"alignnone wp-image-5936 size-full\" src=\"https:\/\/storage.googleapis.com\/smartphoto-express-production-wp-blogs-com\/10\/2016\/05\/cadeau-pour-papa-1-1.jpg\" alt=\"cadeau pour papa\" width=\"720\" height=\"377\" srcset=\"https:\/\/storage.googleapis.com\/smartphoto-express-production-wp-blogs-com\/10\/2016\/05\/cadeau-pour-papa-1-1.jpg 720w, https:\/\/storage.googleapis.com\/smartphoto-express-production-wp-blogs-com\/10\/2016\/05\/cadeau-pour-papa-1-1-300x157.jpg 300w\" sizes=\"auto, (max-width: 720px) 100vw, 720px\" \/><\/a><\/p>\n<p style=\"text-align: justify\">Sur <a href=\"https:\/\/www.smartphoto.fr\/cadeaux-photo\/sous-verre-luxe\" target=\"_blank\" rel=\"noopener noreferrer\">smartphoto<\/a>, les sous-verres sont vendus par 6. Vous devez donc choisir les 6 photos pr\u00e9f\u00e9r\u00e9es de votre papa. Apr\u00e8s avoir choisi le design de votre cadeau pour papa, t\u00e9l\u00e9chargez vos photos.\u00a0 C&rsquo;est peut-\u00eatre l\u00e0 l&rsquo;\u00e9tape la plus difficile \ud83d\ude09 ! Le t\u00e9l\u00e9chargement des photos est rapide.<span style=\"font-size: inherit\">\u00a0Il n&rsquo;y a plus qu&rsquo;\u00e0<\/span><a style=\"font-size: inherit\" href=\"https:\/\/www.smartphoto.fr\/cadeaux-photo\/sous-verre-luxe\" target=\"_blank\" rel=\"noopener noreferrer\"> commander<\/a><span style=\"font-size: inherit\"> et attendre que votre paquet arrive dans la bo\u00eete aux lettres.<\/span><\/p>\n<h2>Le plus de ce cadeau pour papa<\/h2>\n<p><a href=\"http:\/\/www.smartphoto.fr\/cadeaux-photos\/sous-verres?utm_source=blog&amp;utm_medium=social&amp;utm_campaign=cadeaupourpapa\" target=\"_blank\" rel=\"noopener noreferrer\"><img loading=\"lazy\" decoding=\"async\" class=\"alignnone wp-image-5935 size-full\" src=\"https:\/\/storage.googleapis.com\/smartphoto-express-production-wp-blogs-com\/10\/2016\/05\/cadeau-pour-papa-sous-verres-personnalises.jpg\" alt=\"cadeau pour papa\" width=\"720\" height=\"377\" srcset=\"https:\/\/storage.googleapis.com\/smartphoto-express-production-wp-blogs-com\/10\/2016\/05\/cadeau-pour-papa-sous-verres-personnalises.jpg 720w, https:\/\/storage.googleapis.com\/smartphoto-express-production-wp-blogs-com\/10\/2016\/05\/cadeau-pour-papa-sous-verres-personnalises-300x157.jpg 300w\" sizes=\"auto, (max-width: 720px) 100vw, 720px\" \/><\/a><\/p>\n<p style=\"text-align: justify\">A l&rsquo;approche de la f\u00eate des p\u00e8res, on cherche toujours l&rsquo;id\u00e9e cadeau papa qui lui fera plaisir sans nous ruiner. J&rsquo;ai craqu\u00e9 sur ces sous-verres personnalis\u00e9s pour plusieurs raisons. Vous savez comment les parents r\u00e2lent parfois de ne pas avoir de photos de leurs enfants (ou petits-enfants). Avec ce cadeau, je fais d&rsquo;une pierre deux coups ! L&rsquo;occasion de se d\u00e9barrasser des anciens sous-verres d\u00e9pareill\u00e9s, qu&rsquo;il est oblig\u00e9 d&rsquo;utiliser \u00e0 l&rsquo;ap\u00e9ro, et l&rsquo;occasion de regarder les photos de famille plus souvent \ud83d\ude42 . En plus, ils sont livr\u00e9s dans une jolie bo\u00eete. Parfait comme id\u00e9e cadeau papa \ud83d\ude42 ! La qualit\u00e9 d&rsquo;impression des <a href=\"https:\/\/www.smartphoto.fr\/cadeaux-photo\/sous-verre-luxe\" target=\"_blank\" rel=\"noopener noreferrer\">sous-verres personnalis\u00e9s<\/a> est top et gr\u00e2ce au li\u00e8ge \u00e0 l&rsquo;arri\u00e8re ils sont anti-d\u00e9rapants.\u00a0Pour une combinaison parfaite, offrez-lui une bouteille de vin avec une <a href=\"https:\/\/www.smartphoto.fr\/cadeaux-photo\/etiquettes-bouteilles\">\u00e9tiquette personnalis\u00e9e<\/a> !<\/p>\n<h2 style=\"text-align: justify\">Si vous avez des enfants<\/h2>\n<p style=\"text-align: justify\">Pour attendrir encore un plus pour votre papounet, demandez \u00e0 vos enfants de participer au cadeau. Ils peuvent vous aider \u00e0 parfaire l&#8217;emballage du cadeau pour papa. Vous avez seulement besoin d&rsquo;un peu de papier, de la ficelle et un stylo. Faites \u00e9crire \u00e0 vos petits bouts un petit mot pour leur (grand-)p\u00e8re.<\/p>\n<p style=\"text-align: justify\"><a href=\"https:\/\/www.smartphoto.fr\/cadeaux-photo\/sous-verres-photo?utm_source=blog&amp;utm_medium=social&amp;utm_campaign=cadeaupourpapa\" target=\"_blank\" rel=\"noopener noreferrer\"><img loading=\"lazy\" decoding=\"async\" class=\"aligncenter wp-image-3712\" src=\"https:\/\/storage.googleapis.com\/smartphoto-express-production-wp-blogs-com\/10\/2016\/05\/cadeau-pour-papa-4.jpg\" alt=\"cadeau pour papa\" width=\"700\" height=\"467\" \/><\/a><\/p>\n<h2 style=\"text-align: justify\">Plus d&rsquo;id\u00e9es cadeaux<\/h2>\n<p style=\"text-align: justify\">Je vous l&rsquo;ai dit, j&rsquo;ai \u00e9t\u00e9 s\u00e9duite par l&rsquo;id\u00e9e du cadeau personnalis\u00e9 comme cadeau de f\u00eate des p\u00e8res ! J&rsquo;ai choisi les sous-verres mais il y a plein d&rsquo;autres id\u00e9es qui m&rsquo;ont s\u00e9duites. J&rsquo;aime beaucoup la <a href=\"https:\/\/www.smartphoto.fr\/cadeaux-photo\/coque-telephone\" target=\"_blank\" rel=\"noopener noreferrer\">coque smartphone personnalis\u00e9e<\/a>, les <a href=\"https:\/\/www.smartphoto.fr\/calendrier-photo\" target=\"_blank\" rel=\"noopener noreferrer\">calendriers modernes<\/a> et les <a href=\"https:\/\/www.smartphoto.fr\/cadeaux-photo\/mug-personnalise-photo\" target=\"_blank\" rel=\"noopener noreferrer\">mugs personnalis\u00e9s<\/a>. A vous de trouver le cadeau pour papa qui lui fera plaisir \ud83d\ude42<\/p>\n<p style=\"text-align: justify\">D\u00e9couvrez toutes <a href=\"https:\/\/www.smartphoto.fr\/cadeau-fete-des-peres-personnalise\" target=\"_blank\" rel=\"noopener noreferrer\" data-wplink-edit=\"true\">les id\u00e9es cadeaux par ici<\/a><\/p>\n<p style=\"text-align: justify\"><a href=\"https:\/\/www.smartphoto.fr\/cadeau-fete-des-peres-personnalise?utm_source=blog&amp;utm_medium=social&amp;utm_campaign=cadeaupourpapa\" target=\"_blank\" rel=\"noopener noreferrer\"><img loading=\"lazy\" decoding=\"async\" class=\"aligncenter wp-image-3713\" src=\"https:\/\/storage.googleapis.com\/smartphoto-express-production-wp-blogs-com\/10\/2016\/05\/cadeau-pour-papa-5.jpg\" alt=\"cadeau pour papa\" width=\"700\" height=\"467\" \/><\/a><\/p>\n<p style=\"text-align: justify\">Vous cherchez une autre id\u00e9e cadeau papa pour la premi\u00e8re f\u00eate des p\u00e8res ? Allez, je vous donne quelques id\u00e9es dans mon article <a href=\"\/inspiration\/premiere-fete-des-peres\" data-wplink-edit=\"true\">premi\u00e8re f\u00eate des p\u00e8res<\/a>.<\/p>\n<p style=\"text-align: justify\"><span style=\"font-weight: bold\">N\u2019h\u00e9sitez pas \u00e0 nous faire part de vos id\u00e9es cadeaux dans les commentaires ou sur notre page <a href=\"https:\/\/www.facebook.com\/smartphoto.fr\">Facebook<\/a>, <a href=\"https:\/\/twitter.com\/smartphoto_fr\">Twitter<\/a>, <a href=\"https:\/\/instagram.com\/smartphoto_fr\/\">Instagram<\/a> et <a href=\"https:\/\/www.pinterest.com\/smartphotofr\/\">Pinterest<\/a><\/span><\/p>\n<p style=\"text-align: justify\"><a href=\"https:\/\/www.smartphoto.fr\/cadeau-fete-des-peres-personnalise\" target=\"_blank\" rel=\"noopener noreferrer\"><img loading=\"lazy\" decoding=\"async\" class=\"aligncenter wp-image-3714 size-full\" src=\"https:\/\/storage.googleapis.com\/smartphoto-express-production-wp-blogs-com\/10\/2016\/05\/banner_blog_fete_des_peres_FR.png\" alt=\"cadeau pour papa\" width=\"700\" height=\"250\" \/><\/a><\/p>\n","protected":false},"excerpt":{"rendered":"<p>Cadeau pour papa La f\u00eate des p\u00e8res approche, cette ann\u00e9e offrez-lui un cadeau original et personnalis\u00e9 ! Cr\u00e9ez-lui des sous-verres avec ses photos pr\u00e9f\u00e9r\u00e9es \ud83d\ude42<\/p>\n","protected":false},"author":10,"featured_media":5935,"comment_status":"open","ping_status":"open","sticky":false,"template":"","format":"standard","meta":{"om_disable_all_campaigns":false,"_monsterinsights_skip_tracking":false,"_monsterinsights_sitenote_active":false,"_monsterinsights_sitenote_note":"","_monsterinsights_sitenote_category":0,"footnotes":""},"categories":[75],"tags":[],"class_list":["post-3709","post","type-post","status-publish","format-standard","has-post-thumbnail","hentry","category-fete-des-peres"],"yoast_head":"<!-- This site is optimized with the Yoast SEO plugin v23.8 - https:\/\/yoast.com\/wordpress\/plugins\/seo\/ -->\n<title>Cadeau pour papa : objets photos personnalis\u00e9s<\/title>\n<meta name=\"description\" content=\"Pour la f\u00eate des p\u00e8res ou pour son anniversaire, trouver le cadeau id\u00e9al est difficile. On a d\u00e9nich\u00e9 un cadeau pour papa id\u00e9al et facile \u00e0 trouver !\" \/>\n<meta name=\"robots\" content=\"index, follow, max-snippet:-1, max-image-preview:large, max-video-preview:-1\" \/>\n<link rel=\"canonical\" href=\"https:\/\/www.smartphoto.fr\/inspiration\/cadeau-pour-papa-des-sous-verres-personnalises\" \/>\n<meta property=\"og:locale\" content=\"fr_FR\" \/>\n<meta property=\"og:type\" content=\"article\" \/>\n<meta property=\"og:title\" content=\"Cadeau pour papa : objets photos personnalis\u00e9s\" \/>\n<meta property=\"og:description\" content=\"Pour la f\u00eate des p\u00e8res ou pour son anniversaire, trouver le cadeau id\u00e9al est difficile. On a d\u00e9nich\u00e9 un cadeau pour papa id\u00e9al et facile \u00e0 trouver !\" \/>\n<meta property=\"og:url\" content=\"\/inspiration\/cadeau-pour-papa-des-sous-verres-personnalises\" \/>\n<meta property=\"og:site_name\" content=\"smartphoto FR\" \/>\n<meta property=\"article:publisher\" content=\"https:\/\/www.facebook.com\/smartphoto.fr\" \/>\n<meta property=\"article:published_time\" content=\"2017-05-10T15:59:56+00:00\" \/>\n<meta property=\"article:modified_time\" content=\"2023-06-08T09:10:41+00:00\" \/>\n<meta name=\"author\" content=\"Claire\" \/>\n<meta name=\"twitter:card\" content=\"summary_large_image\" \/>\n<meta name=\"twitter:image\" content=\"https:\/\/storage.googleapis.com\/smartphoto-express-production-wp-blogs-com\/10\/2016\/05\/cadeau-pour-papa-sous-verres-personnalises.jpg\" \/>\n<meta name=\"twitter:creator\" content=\"@smartphoto_fr\" \/>\n<meta name=\"twitter:site\" content=\"@smartphoto_fr\" \/>\n<meta name=\"twitter:label1\" content=\"Written by\" \/>\n\t<meta name=\"twitter:data1\" content=\"Claire\" \/>\n\t<meta name=\"twitter:label2\" content=\"Est. reading time\" \/>\n\t<meta name=\"twitter:data2\" content=\"4 minutes\" \/>\n<script type=\"application\/ld+json\" class=\"yoast-schema-graph\">{\"@context\":\"https:\/\/schema.org\",\"@graph\":[{\"@type\":\"WebPage\",\"@id\":\"\/inspiration\/cadeau-pour-papa-des-sous-verres-personnalises\",\"url\":\"https:\/\/www.smartphoto.fr\/inspiration\/cadeau-pour-papa-des-sous-verres-personnalises\",\"name\":\"Cadeau pour papa : objets photos personnalis\u00e9s\",\"isPartOf\":{\"@id\":\"https:\/\/www.smartphoto.fr\/inspiration\/#website\"},\"primaryImageOfPage\":{\"@id\":\"https:\/\/www.smartphoto.fr\/inspiration\/cadeau-pour-papa-des-sous-verres-personnalises#primaryimage\"},\"image\":{\"@id\":\"https:\/\/www.smartphoto.fr\/inspiration\/cadeau-pour-papa-des-sous-verres-personnalises#primaryimage\"},\"thumbnailUrl\":\"https:\/\/storage.googleapis.com\/smartphoto-express-production-wp-blogs-com\/10\/2016\/05\/cadeau-pour-papa-sous-verres-personnalises.jpg\",\"datePublished\":\"2017-05-10T15:59:56+00:00\",\"dateModified\":\"2023-06-08T09:10:41+00:00\",\"author\":{\"@id\":\"https:\/\/www.smartphoto.fr\/inspiration\/#\/schema\/person\/b743c2a89fcff4d18195130bb0259ffe\"},\"description\":\"Pour la f\u00eate des p\u00e8res ou pour son anniversaire, trouver le cadeau id\u00e9al est difficile. On a d\u00e9nich\u00e9 un cadeau pour papa id\u00e9al et facile \u00e0 trouver !\",\"breadcrumb\":{\"@id\":\"https:\/\/www.smartphoto.fr\/inspiration\/cadeau-pour-papa-des-sous-verres-personnalises#breadcrumb\"},\"inLanguage\":\"fr-FR\",\"potentialAction\":[{\"@type\":\"ReadAction\",\"target\":[\"https:\/\/www.smartphoto.fr\/inspiration\/cadeau-pour-papa-des-sous-verres-personnalises\"]}]},{\"@type\":\"ImageObject\",\"inLanguage\":\"fr-FR\",\"@id\":\"https:\/\/www.smartphoto.fr\/inspiration\/cadeau-pour-papa-des-sous-verres-personnalises#primaryimage\",\"url\":\"https:\/\/storage.googleapis.com\/smartphoto-express-production-wp-blogs-com\/10\/2016\/05\/cadeau-pour-papa-sous-verres-personnalises.jpg\",\"contentUrl\":\"https:\/\/storage.googleapis.com\/smartphoto-express-production-wp-blogs-com\/10\/2016\/05\/cadeau-pour-papa-sous-verres-personnalises.jpg\",\"width\":720,\"height\":377,\"caption\":\"cadeau pour papa\"},{\"@type\":\"BreadcrumbList\",\"@id\":\"https:\/\/www.smartphoto.fr\/inspiration\/cadeau-pour-papa-des-sous-verres-personnalises#breadcrumb\",\"itemListElement\":[{\"@type\":\"ListItem\",\"position\":1,\"name\":\"Home\",\"item\":\"https:\/\/www.smartphoto.fr\/inspiration\/\"},{\"@type\":\"ListItem\",\"position\":2,\"name\":\"Cadeau pour papa : des sous-verres personnalis\u00e9s\"}]},{\"@type\":\"WebSite\",\"@id\":\"https:\/\/www.smartphoto.fr\/inspiration\/#website\",\"url\":\"https:\/\/www.smartphoto.fr\/inspiration\/\",\"name\":\"smartphoto FR\",\"description\":\"Le blog de smartphoto France.\",\"potentialAction\":[{\"@type\":\"SearchAction\",\"target\":{\"@type\":\"EntryPoint\",\"urlTemplate\":\"https:\/\/www.smartphoto.fr\/inspiration\/?s={search_term_string}\"},\"query-input\":{\"@type\":\"PropertyValueSpecification\",\"valueRequired\":true,\"valueName\":\"search_term_string\"}}],\"inLanguage\":\"fr-FR\"},{\"@type\":\"Person\",\"@id\":\"https:\/\/www.smartphoto.fr\/inspiration\/#\/schema\/person\/b743c2a89fcff4d18195130bb0259ffe\",\"name\":\"Claire\",\"image\":{\"@type\":\"ImageObject\",\"inLanguage\":\"fr-FR\",\"@id\":\"https:\/\/www.smartphoto.fr\/inspiration\/#\/schema\/person\/image\/\",\"url\":\"https:\/\/secure.gravatar.com\/avatar\/9f27a09fb8046031a47a9f22ce0ca8e9?s=96&d=mm&r=g\",\"contentUrl\":\"https:\/\/secure.gravatar.com\/avatar\/9f27a09fb8046031a47a9f22ce0ca8e9?s=96&d=mm&r=g\",\"caption\":\"Claire\"},\"description\":\"Claire, 26 ans, passionn\u00e9e de voyages et de danse. J\u2019adore d\u00e9nicher les nouveaut\u00e9s DIY et d\u00e9coration. Je blogue pour smartphoto les astuces \u00e0 r\u00e9aliser avec vos photos.\",\"url\":\"https:\/\/www.smartphoto.fr\/inspiration\/author\/claire\"}]}<\/script>\n<!-- \/ Yoast SEO plugin. -->","yoast_head_json":{"title":"Cadeau pour papa : objets photos personnalis\u00e9s","description":"Pour la f\u00eate des p\u00e8res ou pour son anniversaire, trouver le cadeau id\u00e9al est difficile. On a d\u00e9nich\u00e9 un cadeau pour papa id\u00e9al et facile \u00e0 trouver !","robots":{"index":"index","follow":"follow","max-snippet":"max-snippet:-1","max-image-preview":"max-image-preview:large","max-video-preview":"max-video-preview:-1"},"canonical":"https:\/\/www.smartphoto.fr\/inspiration\/cadeau-pour-papa-des-sous-verres-personnalises","og_locale":"fr_FR","og_type":"article","og_title":"Cadeau pour papa : objets photos personnalis\u00e9s","og_description":"Pour la f\u00eate des p\u00e8res ou pour son anniversaire, trouver le cadeau id\u00e9al est difficile. On a d\u00e9nich\u00e9 un cadeau pour papa id\u00e9al et facile \u00e0 trouver !","og_url":"\/inspiration\/cadeau-pour-papa-des-sous-verres-personnalises","og_site_name":"smartphoto FR","article_publisher":"https:\/\/www.facebook.com\/smartphoto.fr","article_published_time":"2017-05-10T15:59:56+00:00","article_modified_time":"2023-06-08T09:10:41+00:00","author":"Claire","twitter_card":"summary_large_image","twitter_image":"https:\/\/storage.googleapis.com\/smartphoto-express-production-wp-blogs-com\/10\/2016\/05\/cadeau-pour-papa-sous-verres-personnalises.jpg","twitter_creator":"@smartphoto_fr","twitter_site":"@smartphoto_fr","twitter_misc":{"Written by":"Claire","Est. reading time":"4 minutes"},"schema":{"@context":"https:\/\/schema.org","@graph":[{"@type":"WebPage","@id":"\/inspiration\/cadeau-pour-papa-des-sous-verres-personnalises","url":"https:\/\/www.smartphoto.fr\/inspiration\/cadeau-pour-papa-des-sous-verres-personnalises","name":"Cadeau pour papa : objets photos personnalis\u00e9s","isPartOf":{"@id":"https:\/\/www.smartphoto.fr\/inspiration\/#website"},"primaryImageOfPage":{"@id":"https:\/\/www.smartphoto.fr\/inspiration\/cadeau-pour-papa-des-sous-verres-personnalises#primaryimage"},"image":{"@id":"https:\/\/www.smartphoto.fr\/inspiration\/cadeau-pour-papa-des-sous-verres-personnalises#primaryimage"},"thumbnailUrl":"https:\/\/storage.googleapis.com\/smartphoto-express-production-wp-blogs-com\/10\/2016\/05\/cadeau-pour-papa-sous-verres-personnalises.jpg","datePublished":"2017-05-10T15:59:56+00:00","dateModified":"2023-06-08T09:10:41+00:00","author":{"@id":"https:\/\/www.smartphoto.fr\/inspiration\/#\/schema\/person\/b743c2a89fcff4d18195130bb0259ffe"},"description":"Pour la f\u00eate des p\u00e8res ou pour son anniversaire, trouver le cadeau id\u00e9al est difficile. On a d\u00e9nich\u00e9 un cadeau pour papa id\u00e9al et facile \u00e0 trouver !","breadcrumb":{"@id":"https:\/\/www.smartphoto.fr\/inspiration\/cadeau-pour-papa-des-sous-verres-personnalises#breadcrumb"},"inLanguage":"fr-FR","potentialAction":[{"@type":"ReadAction","target":["https:\/\/www.smartphoto.fr\/inspiration\/cadeau-pour-papa-des-sous-verres-personnalises"]}]},{"@type":"ImageObject","inLanguage":"fr-FR","@id":"https:\/\/www.smartphoto.fr\/inspiration\/cadeau-pour-papa-des-sous-verres-personnalises#primaryimage","url":"https:\/\/storage.googleapis.com\/smartphoto-express-production-wp-blogs-com\/10\/2016\/05\/cadeau-pour-papa-sous-verres-personnalises.jpg","contentUrl":"https:\/\/storage.googleapis.com\/smartphoto-express-production-wp-blogs-com\/10\/2016\/05\/cadeau-pour-papa-sous-verres-personnalises.jpg","width":720,"height":377,"caption":"cadeau pour papa"},{"@type":"BreadcrumbList","@id":"https:\/\/www.smartphoto.fr\/inspiration\/cadeau-pour-papa-des-sous-verres-personnalises#breadcrumb","itemListElement":[{"@type":"ListItem","position":1,"name":"Home","item":"https:\/\/www.smartphoto.fr\/inspiration\/"},{"@type":"ListItem","position":2,"name":"Cadeau pour papa : des sous-verres personnalis\u00e9s"}]},{"@type":"WebSite","@id":"https:\/\/www.smartphoto.fr\/inspiration\/#website","url":"https:\/\/www.smartphoto.fr\/inspiration\/","name":"smartphoto FR","description":"Le blog de smartphoto France.","potentialAction":[{"@type":"SearchAction","target":{"@type":"EntryPoint","urlTemplate":"https:\/\/www.smartphoto.fr\/inspiration\/?s={search_term_string}"},"query-input":{"@type":"PropertyValueSpecification","valueRequired":true,"valueName":"search_term_string"}}],"inLanguage":"fr-FR"},{"@type":"Person","@id":"https:\/\/www.smartphoto.fr\/inspiration\/#\/schema\/person\/b743c2a89fcff4d18195130bb0259ffe","name":"Claire","image":{"@type":"ImageObject","inLanguage":"fr-FR","@id":"https:\/\/www.smartphoto.fr\/inspiration\/#\/schema\/person\/image\/","url":"https:\/\/secure.gravatar.com\/avatar\/9f27a09fb8046031a47a9f22ce0ca8e9?s=96&d=mm&r=g","contentUrl":"https:\/\/secure.gravatar.com\/avatar\/9f27a09fb8046031a47a9f22ce0ca8e9?s=96&d=mm&r=g","caption":"Claire"},"description":"Claire, 26 ans, passionn\u00e9e de voyages et de danse. J\u2019adore d\u00e9nicher les nouveaut\u00e9s DIY et d\u00e9coration. Je blogue pour smartphoto les astuces \u00e0 r\u00e9aliser avec vos photos.","url":"https:\/\/www.smartphoto.fr\/inspiration\/author\/claire"}]}},"_links":{"self":[{"href":"https:\/\/www.smartphoto.fr\/inspiration\/wp-json\/wp\/v2\/posts\/3709","targetHints":{"allow":["GET"]}}],"collection":[{"href":"https:\/\/www.smartphoto.fr\/inspiration\/wp-json\/wp\/v2\/posts"}],"about":[{"href":"https:\/\/www.smartphoto.fr\/inspiration\/wp-json\/wp\/v2\/types\/post"}],"author":[{"embeddable":true,"href":"https:\/\/www.smartphoto.fr\/inspiration\/wp-json\/wp\/v2\/users\/10"}],"replies":[{"embeddable":true,"href":"https:\/\/www.smartphoto.fr\/inspiration\/wp-json\/wp\/v2\/comments?post=3709"}],"version-history":[{"count":8,"href":"https:\/\/www.smartphoto.fr\/inspiration\/wp-json\/wp\/v2\/posts\/3709\/revisions"}],"predecessor-version":[{"id":11446,"href":"https:\/\/www.smartphoto.fr\/inspiration\/wp-json\/wp\/v2\/posts\/3709\/revisions\/11446"}],"wp:featuredmedia":[{"embeddable":true,"href":"https:\/\/www.smartphoto.fr\/inspiration\/wp-json\/wp\/v2\/media\/5935"}],"wp:attachment":[{"href":"https:\/\/www.smartphoto.fr\/inspiration\/wp-json\/wp\/v2\/media?parent=3709"}],"wp:term":[{"taxonomy":"category","embeddable":true,"href":"https:\/\/www.smartphoto.fr\/inspiration\/wp-json\/wp\/v2\/categories?post=3709"},{"taxonomy":"post_tag","embeddable":true,"href":"https:\/\/www.smartphoto.fr\/inspiration\/wp-json\/wp\/v2\/tags?post=3709"}],"curies":[{"name":"wp","href":"https:\/\/api.w.org\/{rel}","templated":true}]}}