{"id":3639,"date":"2016-04-01T13:39:44","date_gmt":"2016-04-01T11:39:44","guid":{"rendered":"http:\/\/www.wistiti.fr\/?p=3639"},"modified":"2021-01-25T17:38:29","modified_gmt":"2021-01-25T16:38:29","slug":"cartes-personnalisees-coulisses","status":"publish","type":"post","link":"https:\/\/www.smartphoto.fr\/inspiration\/cartes-personnalisees-coulisses","title":{"rendered":"Cartes personnalis\u00e9es : dans les coulisses de smartphoto"},"content":{"rendered":"<p><span style=\"font-weight: 400\"><strong>Cartes personnalis\u00e9es&nbsp;<\/strong><br \/>\nVous vous demandez comment \u00e7a se passe dans <strong>les coulisses de smartphoto<\/strong> ? D\u00e9couvrez en images comment nous cr\u00e9ons vos produits. De la cr\u00e9ation des designs \u00e0 la production, venez jeter un coup d\u2019oeil dans les coulisses de smartphoto.<\/span><\/p>\n<p><a href=\"https:\/\/storage.googleapis.com\/smartphoto-express-production-wp-blogs-com\/10\/2016\/04\/cartes-personnalis\u00e9es-cover-fr.jpg\"><img loading=\"lazy\" decoding=\"async\" class=\"aligncenter size-full wp-image-3655\" src=\"https:\/\/storage.googleapis.com\/smartphoto-express-production-wp-blogs-com\/10\/2016\/04\/cartes-personnalis\u00e9es-cover-fr.jpg\" alt=\"cartes personnalis\u00e9es\" width=\"700\" height=\"366\"><\/a><br \/>\nVous avez cr\u00e9\u00e9s un&nbsp;<a href=\"https:\/\/www.smartphoto.fr\/livre-photo\" target=\"_blank\" rel=\"noopener noreferrer\">livre photo<\/a>, un&nbsp;<a href=\"https:\/\/www.smartphoto.fr\/cadeaux-photo\" target=\"_blank\" rel=\"noopener noreferrer\">cadeau<\/a>&nbsp;ou des&nbsp;<a href=\"https:\/\/www.smartphoto.fr\/noel\/carte-de-v%C5%93ux\" target=\"_blank\" rel=\"noopener noreferrer\">faire-part personnalis\u00e9s<\/a>&nbsp;? Vous \u00eates<strong>&nbsp;curieux<\/strong>&nbsp;de conna\u00eetre le&nbsp;<strong>processus de cr\u00e9ation<\/strong>&nbsp;de nos produits ? D\u00e9couvrez vite comment nous produisons les cartes personnalis\u00e9es en cette p\u00e9riode de Communion. D\u00e9couvrez \u00e9galement&nbsp;<a href=\"https:\/\/www.smartphoto.fr\/inspiration\/creer-un-livre-photo\">le processus de cr\u00e9ation de nos livres photo par ic<\/a>i.<\/p>\n<p><span style=\"font-weight: 400\">Avant que vos produits ne soient livr\u00e9s chez vous, un long processus de cr\u00e9ation commence dans nos ateliers : des premi\u00e8res recherches cr\u00e9atives, \u00e0 la production, en passant par le contr\u00f4le qualit\u00e9 jusqu&rsquo;\u00e0 l\u2019emballage.<\/span><\/p>\n<h2>Cartes personnalis\u00e9es : recherche des designs<\/h2>\n<p><span style=\"font-weight: 400\">Avant que vous puissiez commander des faire-part sur le site, il y a, \u00e9videmment, beaucoup d\u2019\u00e9tapes \u00e0 r\u00e9aliser. <\/span><span style=\"font-weight: 400\"><br \/>\n<\/span><span style=\"font-weight: 400\"><br \/>\n<\/span><span style=\"font-weight: 400\">Tout commence par une \u00e9tude <strong>des couleurs et des tendances de l\u2019ann\u00e9e<\/strong>. Une fois ces informations r\u00e9unies, nos designers commencent \u00e0 dessiner des designs potentiels. Les premi\u00e8res \u00e9bauches se font sur papier. Une fois le motif clairement d\u00e9fini, nos designers les recr\u00e9ent dans Photoshop et Illustrator. <\/span><\/p>\n<p>Les designs sont alors travaill\u00e9s sur un format avant d\u2019\u00eatre \u00e9tendus \u00e0 toute la gamme.<\/p>\n<p><strong><a href=\"https:\/\/storage.googleapis.com\/smartphoto-express-production-wp-blogs-com\/10\/2016\/04\/cartes-personnalisees-1.jpg\"><img loading=\"lazy\" decoding=\"async\" class=\"aligncenter size-full wp-image-3653\" src=\"https:\/\/storage.googleapis.com\/smartphoto-express-production-wp-blogs-com\/10\/2016\/04\/cartes-personnalisees-1.jpg\" alt=\"cartes personnalis\u00e9es\" width=\"1150\" height=\"768\"><\/a> <\/strong><\/p>\n<p><b>Cr\u00e9ez vos propres cartes personnalis\u00e9es<\/b><\/p>\n<p><span style=\"font-weight: 400\">Avant de lancer les imprimantes, il faut des commandes bien s\u00fbr. Notre page de faire-part a \u00e9t\u00e9 con\u00e7ue pour faciliter votre navigation parmi tous nos designs et toutes les options disponibles. Votre enfant f\u00eate sa <strong>Communion<\/strong> ou une f\u00eate la\u00efque cette ann\u00e9e ? D\u00e9couvrez tous nos magnifiques&nbsp;<\/span><a href=\"https:\/\/www.smartphoto.fr\/communion\" target=\"_blank\" rel=\"noopener noreferrer\">faire-part personnalis\u00e9s et remerciements<\/a>&nbsp;!<\/p>\n<p><span style=\"font-weight: 400\">Chez smartphoto, vous pouvez personnaliser vos cartes de A \u00e0 Z,&nbsp; pour toutes les occasions. Selon le design choisi, vous pouvez en changer la couleur, le format, choisir le type de papier d\u2019impression et la finition des bords : arrondis, nuage, bords ronds en diagonale, accolades&#8230;<\/span><\/p>\n<p><a href=\"https:\/\/storage.googleapis.com\/smartphoto-express-production-wp-blogs-com\/10\/2016\/04\/cartes-personnalisees-15.jpg\"><img loading=\"lazy\" decoding=\"async\" class=\"aligncenter size-full wp-image-3651\" src=\"https:\/\/storage.googleapis.com\/smartphoto-express-production-wp-blogs-com\/10\/2016\/04\/cartes-personnalisees-15.jpg\" alt=\"cartes personnalis\u00e9es\" width=\"1222\" height=\"666\"><\/a><\/p>\n<h2>Processus de production<\/h2>\n<p><span style=\"font-weight: 400\">Afin de vous livrer le plus rapidement possible, nous lan\u00e7ons l\u2019impression au plus vite apr\u00e8s que vous ayez pass\u00e9 commande. Toutes les commandes sont tri\u00e9es selon le<strong> format de cartes<\/strong>, le<strong> type de papier<\/strong> et les<strong> finitions<\/strong>. Les cartes personnalis\u00e9es sont ensuite envoy\u00e9es \u00e0 l\u2019impression.<\/span><span style=\"font-weight: 400\"><br \/>\n<\/span><span style=\"font-weight: 400\"><br \/>\n<\/span><span style=\"font-weight: 400\">Apr\u00e8s une impression test tous les matins, des milliers de feuilles de papier sont imprim\u00e9s tous les jours. L\u2019impression se fait sur des machines diff\u00e9rentes en fonction du type de papier : <strong>standard, scintillant ou mat<\/strong>.<\/span><\/p>\n<p><a href=\"https:\/\/storage.googleapis.com\/smartphoto-express-production-wp-blogs-com\/10\/2016\/04\/cartes-personnalisees-3.jpg\"><img loading=\"lazy\" decoding=\"async\" class=\"aligncenter size-full wp-image-3640\" src=\"https:\/\/storage.googleapis.com\/smartphoto-express-production-wp-blogs-com\/10\/2016\/04\/cartes-personnalisees-3.jpg\" alt=\"cartes personnalis\u00e9es\" width=\"1150\" height=\"768\"><\/a><\/p>\n<p>Une fois sorties de l\u2019imprimante, nous appliquons une couche sp\u00e9ciale sur vos cartes pour fixer les couleurs. Cela am\u00e9liore la brillance et fait ressortir&nbsp;<strong>les couleurs naturelles<\/strong>&nbsp;de vos photos.<\/p>\n<p><a href=\"https:\/\/storage.googleapis.com\/smartphoto-express-production-wp-blogs-com\/10\/2016\/04\/cartes-personnalisees-14.jpg\"><img loading=\"lazy\" decoding=\"async\" class=\"aligncenter size-full wp-image-3650\" src=\"https:\/\/storage.googleapis.com\/smartphoto-express-production-wp-blogs-com\/10\/2016\/04\/cartes-personnalisees-14.jpg\" alt=\"cartes personnalis\u00e9es\" width=\"1152\" height=\"768\"><\/a><\/p>\n<p>Ensuite, les cartes sont coup\u00e9es pour correspondre au format choisi. Pour&nbsp;<a href=\"https:\/\/www.smartphoto.fr\/faire-part-cartes\/faire-part-2-volets\" target=\"_blank\" rel=\"noopener noreferrer\">les faire-part en plusieurs volets<\/a>, nous utilisons une machine \u00e0 rainage qui effectue le pli au bon endroit.<\/p>\n<p><a href=\"https:\/\/storage.googleapis.com\/smartphoto-express-production-wp-blogs-com\/10\/2016\/04\/cartes-personnalisees-4.jpg\"><img loading=\"lazy\" decoding=\"async\" class=\"aligncenter size-full wp-image-3641\" src=\"https:\/\/storage.googleapis.com\/smartphoto-express-production-wp-blogs-com\/10\/2016\/04\/cartes-personnalisees-4.jpg\" alt=\"cartes personnalis\u00e9es\" width=\"1150\" height=\"768\"><\/a><\/p>\n<p><span style=\"font-weight: 400\">Les cartes sont parfaitement coup\u00e9es et pli\u00e9es ? C\u2019est le moment de penser aux enveloppes. Nous avons plusieurs types d\u2019enveloppes diff\u00e9rentes ! Les <strong>enveloppes blanches sont offertes<\/strong> mais vous pouvez opter pour des enveloppes scintillantes ou color\u00e9es, pour mieux assortir les enveloppes aux couleurs de votre faire-part.<\/span><\/p>\n<p><a href=\"https:\/\/storage.googleapis.com\/smartphoto-express-production-wp-blogs-com\/10\/2016\/04\/cartes-personnalisees-5.jpg\"><img loading=\"lazy\" decoding=\"async\" class=\"aligncenter size-full wp-image-3642\" src=\"https:\/\/storage.googleapis.com\/smartphoto-express-production-wp-blogs-com\/10\/2016\/04\/cartes-personnalisees-5.jpg\" alt=\"cartes personnalis\u00e9es\" width=\"1150\" height=\"768\"><\/a><\/p>\n<p><strong>On y est presque !<\/strong><\/p>\n<p><span style=\"font-weight: 400\">Les cartes personnalis\u00e9es font un dernier arr\u00eat \u00e0 l\u2019espace prix de notre production pour confirmer que le prix factur\u00e9 correspond \u00e0 la commande produite.<\/span><\/p>\n<p><a href=\"https:\/\/storage.googleapis.com\/smartphoto-express-production-wp-blogs-com\/10\/2016\/04\/cartes-personnalisees-7.jpg\"><img loading=\"lazy\" decoding=\"async\" class=\"aligncenter size-full wp-image-3644\" src=\"https:\/\/storage.googleapis.com\/smartphoto-express-production-wp-blogs-com\/10\/2016\/04\/cartes-personnalisees-7.jpg\" alt=\"cartes personnalis\u00e9es\" width=\"1152\" height=\"768\"><\/a><\/p>\n<h2>Contr\u00f4le qualit\u00e9<\/h2>\n<p><span style=\"font-weight: 400\">Quand vos cartes sont pr\u00eates, elles passent par notre contr\u00f4le qualit\u00e9 ! Elles doivent \u00eatre parfaites et correspondre \u00e0 votre cr\u00e9ation, r\u00e9alis\u00e9e en ligne.<\/span><\/p>\n<p><a href=\"https:\/\/storage.googleapis.com\/smartphoto-express-production-wp-blogs-com\/10\/2016\/04\/cartes-personnalisees-8.jpg\"><img loading=\"lazy\" decoding=\"async\" class=\"aligncenter size-full wp-image-3645\" src=\"https:\/\/storage.googleapis.com\/smartphoto-express-production-wp-blogs-com\/10\/2016\/04\/cartes-personnalisees-8.jpg\" alt=\"cartes personnalis\u00e9es\" width=\"768\" height=\"1150\"><\/a><\/p>\n<p><a href=\"https:\/\/storage.googleapis.com\/smartphoto-express-production-wp-blogs-com\/10\/2016\/04\/cartes-personnalisees-9.jpg\"><img loading=\"lazy\" decoding=\"async\" class=\"aligncenter size-full wp-image-3646\" src=\"https:\/\/storage.googleapis.com\/smartphoto-express-production-wp-blogs-com\/10\/2016\/04\/cartes-personnalisees-9.jpg\" alt=\"cartes personnalis\u00e9es\" width=\"1150\" height=\"768\"><\/a><\/p>\n<p><a href=\"https:\/\/storage.googleapis.com\/smartphoto-express-production-wp-blogs-com\/10\/2016\/04\/cartes-personnalisees-10.jpg\"><img loading=\"lazy\" decoding=\"async\" class=\"aligncenter size-full wp-image-3647\" src=\"https:\/\/storage.googleapis.com\/smartphoto-express-production-wp-blogs-com\/10\/2016\/04\/cartes-personnalisees-10.jpg\" alt=\"cartes personnalis\u00e9es\" width=\"1150\" height=\"768\"><\/a><\/p>\n<p><b>Emballage<\/b><b><br \/>\n<\/b><b><br \/>\n<\/b>Rien d\u2019anormal remarqu\u00e9 au contr\u00f4le qualit\u00e9 ? Super ! Nous pr\u00e9parons avec enthousiasme votre commande.<\/p>\n<p><a href=\"https:\/\/storage.googleapis.com\/smartphoto-express-production-wp-blogs-com\/10\/2016\/04\/cartes-personnalisees-11.jpg\"><img loading=\"lazy\" decoding=\"async\" class=\"aligncenter size-full wp-image-3648\" src=\"https:\/\/storage.googleapis.com\/smartphoto-express-production-wp-blogs-com\/10\/2016\/04\/cartes-personnalisees-11.jpg\" alt=\"cartes personnalis\u00e9es\" width=\"768\" height=\"1152\"><\/a><\/p>\n<p>Les cartes sont emball\u00e9es dans des enveloppes protectrices sp\u00e9ciales et sont alors pr\u00eates \u00e0 \u00eatre exp\u00e9di\u00e9es. Vous n\u2019avez plus qu\u2019\u00e0 attendre que le facteur passe.<\/p>\n<p><a href=\"https:\/\/storage.googleapis.com\/smartphoto-express-production-wp-blogs-com\/10\/2016\/04\/cartes-personnalisees-12.jpg\"><img loading=\"lazy\" decoding=\"async\" class=\"aligncenter size-full wp-image-3649\" src=\"https:\/\/storage.googleapis.com\/smartphoto-express-production-wp-blogs-com\/10\/2016\/04\/cartes-personnalisees-12.jpg\" alt=\"cartes personnalis\u00e9es\" width=\"768\" height=\"1152\"><\/a><\/p>\n<p>Vous avez une question sur votre commande ?<br \/>\n<span style=\"font-weight: 400\">N\u2019h\u00e9sitez pas \u00e0 contacter notre service client. <strong>Notre \u00e9quipe est toujours ravie de r\u00e9pondre \u00e0 vos questions.<\/strong><\/span><\/p>\n<p><a href=\"https:\/\/storage.googleapis.com\/smartphoto-express-production-wp-blogs-com\/10\/2016\/04\/cartes-personnalisees-213.jpg\"><img loading=\"lazy\" decoding=\"async\" class=\"aligncenter size-full wp-image-3652\" src=\"https:\/\/storage.googleapis.com\/smartphoto-express-production-wp-blogs-com\/10\/2016\/04\/cartes-personnalisees-213.jpg\" alt=\"cartes personnalis\u00e9es\" width=\"1150\" height=\"768\"><\/a><\/p>\n<h3>Et vous ? Vous avez cr\u00e9\u00e9 des faire-part sur <strong>smartphoto.fr<\/strong> ?<\/h3>\n<p>Qu\u2019avez-vous pens\u00e9 de cette exp\u00e9rience ? Nous serions ravis d\u2019avoir votre avis dans les commentaires, ou sur&nbsp;<span style=\"font-weight: bold;color: #545454\">&nbsp;<a href=\"https:\/\/www.facebook.com\/smartphoto.fr\">Facebook<\/a>,&nbsp;<a href=\"https:\/\/twitter.com\/smartphoto_fr\">Twitter<\/a>,&nbsp;<a href=\"https:\/\/instagram.com\/smartphoto_fr\/\">Instagram<\/a>,&nbsp;<a href=\"https:\/\/www.pinterest.com\/smartphotofr\/\">Pinterest<\/a>&nbsp;<\/span>avec le #smartphoto !<\/p>\n<p><span style=\"font-weight: 400\">\u00c0 lire \u00e9galement :<\/span><\/p>\n<ul>\n<li><a title=\"Id\u00e9e invitation communion : cr\u00e9er facilement de beaux faire-part\" href=\"https:\/\/www.smartphoto.fr\/inspiration\/comment-creer-les-plus-jolis-faire-part-de-communion\" target=\"_blank\" rel=\"bookmark noopener noreferrer\">Id\u00e9e invitation communion : cr\u00e9er facilement de beaux faire-part<br \/>\n<\/a><\/li>\n<li><a title=\"Photo communion : 7 astuces pour un faire-part communion personnalis\u00e9 r\u00e9ussi\" href=\"https:\/\/www.smartphoto.fr\/inspiration\/prendre-des-photos-de-communion-originales\" target=\"_blank\" rel=\"bookmark noopener noreferrer\">Photo communion : 5 astuces pour un faire-part communion personnalis\u00e9 r\u00e9ussi<\/a><\/li>\n<\/ul>\n","protected":false},"excerpt":{"rendered":"<p>Cartes personnalis\u00e9es&nbsp; Vous vous demandez comment \u00e7a se passe dans les coulisses de smartphoto ? D\u00e9couvrez en images comment nous cr\u00e9ons vos produits. De la cr\u00e9ation des designs \u00e0 la production, venez jeter un coup d\u2019oeil dans les coulisses de smartphoto. Vous avez cr\u00e9\u00e9s un&nbsp;livre photo, un&nbsp;cadeau&nbsp;ou des&nbsp;faire-part personnalis\u00e9s&nbsp;? Vous \u00eates&nbsp;curieux&nbsp;de conna\u00eetre le&nbsp;processus de cr\u00e9ation&nbsp;de nos produits ? D\u00e9couvrez vite comment nous produisons les cartes personnalis\u00e9es en cette p\u00e9riode de Communion. D\u00e9couvrez \u00e9galement&nbsp;le processus de cr\u00e9ation de nos livres photo par ici. Avant que vos produits ne soient livr\u00e9s chez vous, un long processus de cr\u00e9ation commence dans nos ateliers<\/p>\n","protected":false},"author":10,"featured_media":0,"comment_status":"open","ping_status":"open","sticky":false,"template":"","format":"standard","meta":{"om_disable_all_campaigns":false,"_monsterinsights_skip_tracking":false,"_monsterinsights_sitenote_active":false,"_monsterinsights_sitenote_note":"","_monsterinsights_sitenote_category":0,"footnotes":""},"categories":[85],"tags":[],"class_list":["post-3639","post","type-post","status-publish","format-standard","hentry","category-en-coulisses"],"yoast_head":"<!-- This site is optimized with the Yoast SEO plugin v23.8 - https:\/\/yoast.com\/wordpress\/plugins\/seo\/ -->\n<title>Cartes personnalis\u00e9es : dans les coulisses de smartphoto<\/title>\n<meta name=\"description\" content=\"Vous vous demandez comment \u00e7a se passe dans les coulisses de smartphoto ? D\u00e9couvrez en images comment nous cr\u00e9ons vos cartes personnalis\u00e9es.\" \/>\n<meta name=\"robots\" content=\"index, follow, max-snippet:-1, max-image-preview:large, max-video-preview:-1\" \/>\n<link rel=\"canonical\" href=\"https:\/\/www.smartphoto.fr\/inspiration\/cartes-personnalisees-coulisses\" \/>\n<meta property=\"og:locale\" content=\"fr_FR\" \/>\n<meta property=\"og:type\" content=\"article\" \/>\n<meta property=\"og:title\" content=\"Cartes personnalis\u00e9es : dans les coulisses de smartphoto\" \/>\n<meta property=\"og:description\" content=\"Vous vous demandez comment \u00e7a se passe dans les coulisses de smartphoto ? D\u00e9couvrez en images comment nous cr\u00e9ons vos cartes personnalis\u00e9es.\" \/>\n<meta property=\"og:url\" content=\"\/inspiration\/cartes-personnalisees-coulisses\" \/>\n<meta property=\"og:site_name\" content=\"smartphoto FR\" \/>\n<meta property=\"article:publisher\" content=\"https:\/\/www.facebook.com\/smartphoto.fr\" \/>\n<meta property=\"article:published_time\" content=\"2016-04-01T11:39:44+00:00\" \/>\n<meta property=\"article:modified_time\" content=\"2021-01-25T16:38:29+00:00\" \/>\n<meta property=\"og:image\" content=\"https:\/\/storage.googleapis.com\/smartphoto-express-production-wp-blogs-com\/10\/2016\/04\/cartes-personnalis\u00e9es-cover-fr-1.jpg\" \/>\n\t<meta property=\"og:image:width\" content=\"700\" \/>\n\t<meta property=\"og:image:height\" content=\"366\" \/>\n\t<meta property=\"og:image:type\" content=\"image\/jpeg\" \/>\n<meta name=\"author\" content=\"Claire\" \/>\n<meta name=\"twitter:card\" content=\"summary_large_image\" \/>\n<meta name=\"twitter:creator\" content=\"@smartphoto_fr\" \/>\n<meta name=\"twitter:site\" content=\"@smartphoto_fr\" \/>\n<meta name=\"twitter:label1\" content=\"Written by\" \/>\n\t<meta name=\"twitter:data1\" content=\"Claire\" \/>\n\t<meta name=\"twitter:label2\" content=\"Est. reading time\" \/>\n\t<meta name=\"twitter:data2\" content=\"4 minutes\" \/>\n<script type=\"application\/ld+json\" class=\"yoast-schema-graph\">{\"@context\":\"https:\/\/schema.org\",\"@graph\":[{\"@type\":\"WebPage\",\"@id\":\"\/inspiration\/cartes-personnalisees-coulisses\",\"url\":\"https:\/\/www.smartphoto.fr\/inspiration\/cartes-personnalisees-coulisses\",\"name\":\"Cartes personnalis\u00e9es : dans les coulisses de smartphoto\",\"isPartOf\":{\"@id\":\"https:\/\/www.smartphoto.fr\/inspiration\/#website\"},\"primaryImageOfPage\":{\"@id\":\"https:\/\/www.smartphoto.fr\/inspiration\/cartes-personnalisees-coulisses#primaryimage\"},\"image\":{\"@id\":\"https:\/\/www.smartphoto.fr\/inspiration\/cartes-personnalisees-coulisses#primaryimage\"},\"thumbnailUrl\":\"https:\/\/storage.googleapis.com\/smartphoto-express-production-wp-blogs-com\/10\/2016\/04\/cartes-personnalisees-1.jpg\",\"datePublished\":\"2016-04-01T11:39:44+00:00\",\"dateModified\":\"2021-01-25T16:38:29+00:00\",\"author\":{\"@id\":\"https:\/\/www.smartphoto.fr\/inspiration\/#\/schema\/person\/b743c2a89fcff4d18195130bb0259ffe\"},\"description\":\"Vous vous demandez comment \u00e7a se passe dans les coulisses de smartphoto ? D\u00e9couvrez en images comment nous cr\u00e9ons vos cartes personnalis\u00e9es.\",\"breadcrumb\":{\"@id\":\"https:\/\/www.smartphoto.fr\/inspiration\/cartes-personnalisees-coulisses#breadcrumb\"},\"inLanguage\":\"fr-FR\",\"potentialAction\":[{\"@type\":\"ReadAction\",\"target\":[\"https:\/\/www.smartphoto.fr\/inspiration\/cartes-personnalisees-coulisses\"]}]},{\"@type\":\"ImageObject\",\"inLanguage\":\"fr-FR\",\"@id\":\"https:\/\/www.smartphoto.fr\/inspiration\/cartes-personnalisees-coulisses#primaryimage\",\"url\":\"https:\/\/storage.googleapis.com\/smartphoto-express-production-wp-blogs-com\/10\/2016\/04\/cartes-personnalisees-1.jpg\",\"contentUrl\":\"https:\/\/storage.googleapis.com\/smartphoto-express-production-wp-blogs-com\/10\/2016\/04\/cartes-personnalisees-1.jpg\"},{\"@type\":\"BreadcrumbList\",\"@id\":\"https:\/\/www.smartphoto.fr\/inspiration\/cartes-personnalisees-coulisses#breadcrumb\",\"itemListElement\":[{\"@type\":\"ListItem\",\"position\":1,\"name\":\"Home\",\"item\":\"https:\/\/www.smartphoto.fr\/inspiration\/\"},{\"@type\":\"ListItem\",\"position\":2,\"name\":\"Cartes personnalis\u00e9es : dans les coulisses de smartphoto\"}]},{\"@type\":\"WebSite\",\"@id\":\"https:\/\/www.smartphoto.fr\/inspiration\/#website\",\"url\":\"https:\/\/www.smartphoto.fr\/inspiration\/\",\"name\":\"smartphoto FR\",\"description\":\"Le blog de smartphoto France.\",\"potentialAction\":[{\"@type\":\"SearchAction\",\"target\":{\"@type\":\"EntryPoint\",\"urlTemplate\":\"https:\/\/www.smartphoto.fr\/inspiration\/?s={search_term_string}\"},\"query-input\":{\"@type\":\"PropertyValueSpecification\",\"valueRequired\":true,\"valueName\":\"search_term_string\"}}],\"inLanguage\":\"fr-FR\"},{\"@type\":\"Person\",\"@id\":\"https:\/\/www.smartphoto.fr\/inspiration\/#\/schema\/person\/b743c2a89fcff4d18195130bb0259ffe\",\"name\":\"Claire\",\"image\":{\"@type\":\"ImageObject\",\"inLanguage\":\"fr-FR\",\"@id\":\"https:\/\/www.smartphoto.fr\/inspiration\/#\/schema\/person\/image\/\",\"url\":\"https:\/\/secure.gravatar.com\/avatar\/9f27a09fb8046031a47a9f22ce0ca8e9?s=96&d=mm&r=g\",\"contentUrl\":\"https:\/\/secure.gravatar.com\/avatar\/9f27a09fb8046031a47a9f22ce0ca8e9?s=96&d=mm&r=g\",\"caption\":\"Claire\"},\"description\":\"Claire, 26 ans, passionn\u00e9e de voyages et de danse. J\u2019adore d\u00e9nicher les nouveaut\u00e9s DIY et d\u00e9coration. Je blogue pour smartphoto les astuces \u00e0 r\u00e9aliser avec vos photos.\",\"url\":\"https:\/\/www.smartphoto.fr\/inspiration\/author\/claire\"}]}<\/script>\n<!-- \/ Yoast SEO plugin. -->","yoast_head_json":{"title":"Cartes personnalis\u00e9es : dans les coulisses de smartphoto","description":"Vous vous demandez comment \u00e7a se passe dans les coulisses de smartphoto ? D\u00e9couvrez en images comment nous cr\u00e9ons vos cartes personnalis\u00e9es.","robots":{"index":"index","follow":"follow","max-snippet":"max-snippet:-1","max-image-preview":"max-image-preview:large","max-video-preview":"max-video-preview:-1"},"canonical":"https:\/\/www.smartphoto.fr\/inspiration\/cartes-personnalisees-coulisses","og_locale":"fr_FR","og_type":"article","og_title":"Cartes personnalis\u00e9es : dans les coulisses de smartphoto","og_description":"Vous vous demandez comment \u00e7a se passe dans les coulisses de smartphoto ? D\u00e9couvrez en images comment nous cr\u00e9ons vos cartes personnalis\u00e9es.","og_url":"\/inspiration\/cartes-personnalisees-coulisses","og_site_name":"smartphoto FR","article_publisher":"https:\/\/www.facebook.com\/smartphoto.fr","article_published_time":"2016-04-01T11:39:44+00:00","article_modified_time":"2021-01-25T16:38:29+00:00","og_image":[{"width":700,"height":366,"url":"https:\/\/storage.googleapis.com\/smartphoto-express-production-wp-blogs-com\/10\/2016\/04\/cartes-personnalis\u00e9es-cover-fr-1.jpg","type":"image\/jpeg"}],"author":"Claire","twitter_card":"summary_large_image","twitter_creator":"@smartphoto_fr","twitter_site":"@smartphoto_fr","twitter_misc":{"Written by":"Claire","Est. reading time":"4 minutes"},"schema":{"@context":"https:\/\/schema.org","@graph":[{"@type":"WebPage","@id":"\/inspiration\/cartes-personnalisees-coulisses","url":"https:\/\/www.smartphoto.fr\/inspiration\/cartes-personnalisees-coulisses","name":"Cartes personnalis\u00e9es : dans les coulisses de smartphoto","isPartOf":{"@id":"https:\/\/www.smartphoto.fr\/inspiration\/#website"},"primaryImageOfPage":{"@id":"https:\/\/www.smartphoto.fr\/inspiration\/cartes-personnalisees-coulisses#primaryimage"},"image":{"@id":"https:\/\/www.smartphoto.fr\/inspiration\/cartes-personnalisees-coulisses#primaryimage"},"thumbnailUrl":"https:\/\/storage.googleapis.com\/smartphoto-express-production-wp-blogs-com\/10\/2016\/04\/cartes-personnalisees-1.jpg","datePublished":"2016-04-01T11:39:44+00:00","dateModified":"2021-01-25T16:38:29+00:00","author":{"@id":"https:\/\/www.smartphoto.fr\/inspiration\/#\/schema\/person\/b743c2a89fcff4d18195130bb0259ffe"},"description":"Vous vous demandez comment \u00e7a se passe dans les coulisses de smartphoto ? D\u00e9couvrez en images comment nous cr\u00e9ons vos cartes personnalis\u00e9es.","breadcrumb":{"@id":"https:\/\/www.smartphoto.fr\/inspiration\/cartes-personnalisees-coulisses#breadcrumb"},"inLanguage":"fr-FR","potentialAction":[{"@type":"ReadAction","target":["https:\/\/www.smartphoto.fr\/inspiration\/cartes-personnalisees-coulisses"]}]},{"@type":"ImageObject","inLanguage":"fr-FR","@id":"https:\/\/www.smartphoto.fr\/inspiration\/cartes-personnalisees-coulisses#primaryimage","url":"https:\/\/storage.googleapis.com\/smartphoto-express-production-wp-blogs-com\/10\/2016\/04\/cartes-personnalisees-1.jpg","contentUrl":"https:\/\/storage.googleapis.com\/smartphoto-express-production-wp-blogs-com\/10\/2016\/04\/cartes-personnalisees-1.jpg"},{"@type":"BreadcrumbList","@id":"https:\/\/www.smartphoto.fr\/inspiration\/cartes-personnalisees-coulisses#breadcrumb","itemListElement":[{"@type":"ListItem","position":1,"name":"Home","item":"https:\/\/www.smartphoto.fr\/inspiration\/"},{"@type":"ListItem","position":2,"name":"Cartes personnalis\u00e9es : dans les coulisses de smartphoto"}]},{"@type":"WebSite","@id":"https:\/\/www.smartphoto.fr\/inspiration\/#website","url":"https:\/\/www.smartphoto.fr\/inspiration\/","name":"smartphoto FR","description":"Le blog de smartphoto France.","potentialAction":[{"@type":"SearchAction","target":{"@type":"EntryPoint","urlTemplate":"https:\/\/www.smartphoto.fr\/inspiration\/?s={search_term_string}"},"query-input":{"@type":"PropertyValueSpecification","valueRequired":true,"valueName":"search_term_string"}}],"inLanguage":"fr-FR"},{"@type":"Person","@id":"https:\/\/www.smartphoto.fr\/inspiration\/#\/schema\/person\/b743c2a89fcff4d18195130bb0259ffe","name":"Claire","image":{"@type":"ImageObject","inLanguage":"fr-FR","@id":"https:\/\/www.smartphoto.fr\/inspiration\/#\/schema\/person\/image\/","url":"https:\/\/secure.gravatar.com\/avatar\/9f27a09fb8046031a47a9f22ce0ca8e9?s=96&d=mm&r=g","contentUrl":"https:\/\/secure.gravatar.com\/avatar\/9f27a09fb8046031a47a9f22ce0ca8e9?s=96&d=mm&r=g","caption":"Claire"},"description":"Claire, 26 ans, passionn\u00e9e de voyages et de danse. J\u2019adore d\u00e9nicher les nouveaut\u00e9s DIY et d\u00e9coration. Je blogue pour smartphoto les astuces \u00e0 r\u00e9aliser avec vos photos.","url":"https:\/\/www.smartphoto.fr\/inspiration\/author\/claire"}]}},"_links":{"self":[{"href":"https:\/\/www.smartphoto.fr\/inspiration\/wp-json\/wp\/v2\/posts\/3639","targetHints":{"allow":["GET"]}}],"collection":[{"href":"https:\/\/www.smartphoto.fr\/inspiration\/wp-json\/wp\/v2\/posts"}],"about":[{"href":"https:\/\/www.smartphoto.fr\/inspiration\/wp-json\/wp\/v2\/types\/post"}],"author":[{"embeddable":true,"href":"https:\/\/www.smartphoto.fr\/inspiration\/wp-json\/wp\/v2\/users\/10"}],"replies":[{"embeddable":true,"href":"https:\/\/www.smartphoto.fr\/inspiration\/wp-json\/wp\/v2\/comments?post=3639"}],"version-history":[{"count":9,"href":"https:\/\/www.smartphoto.fr\/inspiration\/wp-json\/wp\/v2\/posts\/3639\/revisions"}],"predecessor-version":[{"id":10305,"href":"https:\/\/www.smartphoto.fr\/inspiration\/wp-json\/wp\/v2\/posts\/3639\/revisions\/10305"}],"wp:attachment":[{"href":"https:\/\/www.smartphoto.fr\/inspiration\/wp-json\/wp\/v2\/media?parent=3639"}],"wp:term":[{"taxonomy":"category","embeddable":true,"href":"https:\/\/www.smartphoto.fr\/inspiration\/wp-json\/wp\/v2\/categories?post=3639"},{"taxonomy":"post_tag","embeddable":true,"href":"https:\/\/www.smartphoto.fr\/inspiration\/wp-json\/wp\/v2\/tags?post=3639"}],"curies":[{"name":"wp","href":"https:\/\/api.w.org\/{rel}","templated":true}]}}