{"id":3265,"date":"2015-03-17T17:09:59","date_gmt":"2015-03-17T16:09:59","guid":{"rendered":"http:\/\/www.wistiti.fr\/?p=3265"},"modified":"2019-06-25T10:22:57","modified_gmt":"2019-06-25T08:22:57","slug":"decoration-de-fete-de-communion-idees-stylees","status":"publish","type":"post","link":"https:\/\/www.smartphoto.fr\/inspiration\/decoration-de-fete-de-communion-idees-stylees","title":{"rendered":"D\u00e9coration de f\u00eate de Communion : 5 id\u00e9es styl\u00e9es !"},"content":{"rendered":"<p><strong>D\u00e9coration de f\u00eate de communion\u00a0<\/strong><\/p>\n<p>La communion, qu\u2019il s\u2019agisse de la premi\u00e8re communion, de la confirmation ou de la communion solennelle, est une \u00e9tape importante dans la vie spirituelle et religieuse de vos enfants.\u00a0<!--more--><\/p>\n<p><a href=\"https:\/\/storage.googleapis.com\/smartphoto-express-production-wp-blogs-com\/10\/2015\/03\/deocration-de-fete-de-communion-ou-fete-laique-donnez-du-style-a-votre-fete-1.png\"><img loading=\"lazy\" decoding=\"async\" class=\"aligncenter size-full wp-image-3283\" src=\"https:\/\/storage.googleapis.com\/smartphoto-express-production-wp-blogs-com\/10\/2015\/03\/deocration-de-fete-de-communion-ou-fete-laique-donnez-du-style-a-votre-fete-1.png\" alt=\"d\u00e9coration de f\u00eate de communion : 5 id\u00e9es styl\u00e9es\" width=\"710\" height=\"472\" \/><\/a><\/p>\n<p>Et \u00e0 juste titre, vous souhaitez que ce soit un jour inoubliable non seulement pour votre enfant, mais aussi pour toute votre famille et vos amis.<\/p>\n<p>Et tout cela demande beaucoup d\u2019organisation. Maintenant que vous avez r\u00e9gl\u00e9 les questions de la tenue pour la communion, que vous avez choisi et command\u00e9 vos faire-part de communion, il est temps de penser \u00e0 l\u2019organisation et la d\u00e9coration de f\u00eate de communion : la d\u00e9coration du lieu, le menu, la d\u00e9coration de table, les cartes du menu et cartes de table, les photos de la f\u00eate etc\u2026<br \/>\nLaissez-vous inspirer par nos quelques conseils pour la d\u00e9coration de votre f\u00eate de communion.<\/p>\n<h2>D\u00e9coration de f\u00eate de communion : \u00e0 table !<\/h2>\n<p>La communion est une f\u00eate de famille : les plus jeunes comme les moins jeunes sont r\u00e9unis et votre enfant attire toute l\u2019attention autour de lui \u00e0 cette occasion.<br \/>\nVous voulez que la f\u00eate soit une r\u00e9ussite pour tout le monde et ce n\u2019est pas toujours facile de trouver un \u00e9quilibre. R\u00e9unissez les enfants ensemble \u00e0 la m\u00eame table : les adultes peuvent ainsi profiter de leur d\u00e9jeuner et discuter ensemble confortablement apr\u00e8s le repas, pendant que les enfants s\u2019amusent de leur c\u00f4t\u00e9.<br \/>\nLes bougies et fleurs restent un classique incontournable pour les tables d\u2019adultes.<\/p>\n<p style=\"text-align: center\"><a href=\"https:\/\/storage.googleapis.com\/smartphoto-express-production-wp-blogs-com\/10\/2015\/03\/decoration-communion-donnez-du-style-a-votre-fete-51.jpg\"><img loading=\"lazy\" decoding=\"async\" class=\"aligncenter wp-image-3281\" src=\"https:\/\/storage.googleapis.com\/smartphoto-express-production-wp-blogs-com\/10\/2015\/03\/decoration-communion-donnez-du-style-a-votre-fete-51-1024x1024.jpg\" alt=\"d\u00e9coration de f\u00eate de communion 6\" width=\"700\" height=\"700\" \/><\/a>Source : <a href=\"https:\/\/www.beaublue.be\/collections\/vederlicht-turquoise\" target=\"_blank\">Beaublue<\/a><\/p>\n<p>La table des enfants peut \u00eatre d\u00e9cor\u00e9e avec des ballons ou banderoles. En prime, vous pouvez leur offrir quelques petits cadeaux \u00e0 chacun. Avec une belle surprise, soyez s\u00fbre qu\u2019ils prendront beaucoup de plaisir avec leurs nouveaux jouets.<\/p>\n<p><a href=\"https:\/\/storage.googleapis.com\/smartphoto-express-production-wp-blogs-com\/10\/2015\/03\/decoration-communion-donnez-du-style-a-votre-fete-2.png\"><img loading=\"lazy\" decoding=\"async\" class=\"aligncenter size-full wp-image-3269\" src=\"https:\/\/storage.googleapis.com\/smartphoto-express-production-wp-blogs-com\/10\/2015\/03\/decoration-communion-donnez-du-style-a-votre-fete-2.png\" alt=\"D\u00e9coration de f\u00eate de communion 4\" width=\"700\" height=\"450\" \/><\/a><\/p>\n<h2>Choisissez un th\u00e8me ou une couleur<\/h2>\n<p>Vous voulez donner \u00e0 \u00e0 votre d\u00e9coration de f\u00eate de Communion une petite touche sp\u00e9ciale ? Organisez une f\u00eate \u00e0 th\u00e8me !<br \/>\nNe cherchez pas trop loin et laissez votre enfant s\u2019exprimer : optez par exemple pour sa couleur pr\u00e9f\u00e9r\u00e9e ou pour un th\u00e8me en lien avec son passe-temps pr\u00e9f\u00e9r\u00e9 comme le football, la danse, l\u2019\u00e9quitation, le th\u00e9\u00e2tre, etc.<\/p>\n<p>Vous pouvez aller encore plus loin en d\u00e9clinant le th\u00e8me \u00e0 votre d\u00e9coration de table.<br \/>\nVous \u00eates en qu\u00eate de perfection et souhaitez d\u00e9velopper toute votre d\u00e9co autour du m\u00eame th\u00e8me ? Cela peut prendre un petit peu plus de temps mais le r\u00e9sultat n\u2019en sera que plus \u00e9tonnant et original. Pensez \u00e0 accorder sur le m\u00eame th\u00e8me vos faire-part de communion, les cartes du menu, les cartes de table, les remerciements, voire m\u00eame les collations.<br \/>\nPensez \u00e0 pr\u00e9venir vos invit\u00e9s \u2013 par exemple en indiquant le th\u00e8me que vous avez choisi sur vos faire-part de communion \u2013 pour que tout le monde soit raccord avec le th\u00e8me le jour J !<\/p>\n<h2>Personnalisez la d\u00e9coration de votre f\u00eate de communion<\/h2>\n<p>Vous avez probablement d\u00e9j\u00e0 pass\u00e9 du temps \u00e0 parfaire vos faire-part de communion : belle photo, tenue ad\u00e9quate, design personnalis\u00e9\u2026 Pourquoi ne pas profiter de l\u2019occasion pour se servir de ce beau travail pour votre f\u00eate ?<br \/>\nPensez \u00e0 utiliser des sets de table personnalis\u00e9s \u00e0 l\u2019effigie de votre communiant. Avec des cartes de table personnalis\u00e9es, c\u2019est l\u2019ensemble parfait pour une belle table.<br \/>\nPour la d\u00e9coration de l\u2019espace, vous avez aussi la possibilit\u00e9, avec <a href=\"https:\/\/www.smartphoto.fr\/\">smartphoto<\/a>, de cr\u00e9er des mini drapeaux ou encore une guirlande personnalis\u00e9s.<\/p>\n<p><img loading=\"lazy\" decoding=\"async\" class=\"aligncenter wp-image-3268\" src=\"https:\/\/storage.googleapis.com\/smartphoto-express-production-wp-blogs-com\/10\/2015\/03\/decoration-communion-donnez-du-style-a-votre-fete-2.jpg\" alt=\"D\u00e9coration de f\u00eate de communion 5\" width=\"700\" height=\"467\" \/><\/p>\n<h2>N\u2019oubliez pas le jardin !<\/h2>\n<p>Avec un peu de chance, vous pourrez profiter toute la journ\u00e9e d\u2019un beau soleil et les enfants pourront se d\u00e9fouler dans le jardin. Ce serait aussi une bonne id\u00e9e de donner une touche festive \u00e0 votre jardin si vous en avez un. Et en plus, point positif et non n\u00e9gligeable, cela ne vous prendra pas beaucoup de temps !<br \/>\nCr\u00e9ez par exemple tr\u00e8s facilement une atmosph\u00e8re f\u00e9erique avec des boules de d\u00e9coration color\u00e9es en papier.<br \/>\nVous n\u2019avez pas un grand jardin ? Pensez alors \u00e0 disposer des boules de papier seulement sur quelques branches, ce sera amplement suffisant \ud83d\ude42<\/p>\n<p><a href=\"https:\/\/storage.googleapis.com\/smartphoto-express-production-wp-blogs-com\/10\/2015\/03\/decoration-communion-donnez-du-style-a-votre-fete-3.png\"><img loading=\"lazy\" decoding=\"async\" class=\"aligncenter size-full wp-image-3270\" src=\"https:\/\/storage.googleapis.com\/smartphoto-express-production-wp-blogs-com\/10\/2015\/03\/decoration-communion-donnez-du-style-a-votre-fete-3.png\" alt=\"D\u00e9coration de f\u00eate de communion 3\" width=\"700\" height=\"416\" \/><\/a><\/p>\n<h2>Remerciements de communion et cadeaux souvenir<\/h2>\n<p>Gardez un petit coin libre pour disposer les cadeaux de communion et les remerciements tels que les boites de drag\u00e9es.<br \/>\nD\u00e9corez joliment cet espace avec des fleurs ou des guirlandes et cela attirera l\u2019attention de vos invit\u00e9s.<br \/>\nEn outre, vous pouvez aussi ajouter sur cette table un livre d\u2019or o\u00f9 les invit\u00e9s pourront laisser un petit mot de remerciement, ce qui laissera un souvenir m\u00e9morable \u00e0 relire plus tard.<\/p>\n<p><a href=\"https:\/\/storage.googleapis.com\/smartphoto-express-production-wp-blogs-com\/10\/2015\/03\/decoration-communion-donnez-du-style-a-votre-fete-4.jpg\"><img loading=\"lazy\" decoding=\"async\" class=\"aligncenter wp-image-3271\" src=\"https:\/\/storage.googleapis.com\/smartphoto-express-production-wp-blogs-com\/10\/2015\/03\/decoration-communion-donnez-du-style-a-votre-fete-4.jpg\" alt=\"D\u00e9coration de f\u00eate de communion 2\" width=\"700\" height=\"467\" \/><\/a><\/p>\n<p>Bonne chance dans tous ces pr\u00e9paratifs ! Et surtout, profitez de cette belle journ\u00e9e qui vous attend le jour J !<br \/>\nVous avez envie d\u2019encore plus de conseils et d\u2019inspiration ? Jetez un \u0153il \u00e0 notre tableau d\u00e9di\u00e9 aux Communions\u00a0\u00a0et f\u00eates la\u00efques sur Pinterest.<br \/>\nVous avez une bonne id\u00e9e \u00e0 partager ? Ou vous avez d\u00e9j\u00e0 organis\u00e9 une f\u00eate de communion et vous souhaitez partager vos id\u00e9es ? N\u2019h\u00e9sitez pas \u00e0 nous en faire part sur notre page Facebook ou sur <a href=\"https:\/\/twitter.com\/smartphoto_fr?lang=fr\">Twitter<\/a> avec le hashtag #smartphoto.<\/p>\n<p><a href=\"https:\/\/www.smartphoto.fr\/communion\"><img loading=\"lazy\" decoding=\"async\" class=\"aligncenter wp-image-3272 size-full\" src=\"https:\/\/storage.googleapis.com\/smartphoto-express-production-wp-blogs-com\/10\/2015\/03\/decoration-communion-donnez-du-style-a-votre-fete-CTA.png\" alt=\"D\u00e9coration de f\u00eate de communion\" width=\"700\" height=\"250\" \/><\/a><\/p>\n<p>&nbsp;<\/p>\n","protected":false},"excerpt":{"rendered":"<p>D\u00e9coration de f\u00eate de communion\u00a0 La communion, qu\u2019il s\u2019agisse de la premi\u00e8re communion, de la confirmation ou de la communion solennelle, est une \u00e9tape importante dans la vie spirituelle et religieuse de vos enfants.\u00a0<\/p>\n","protected":false},"author":8,"featured_media":0,"comment_status":"open","ping_status":"open","sticky":false,"template":"","format":"standard","meta":{"om_disable_all_campaigns":false,"_monsterinsights_skip_tracking":false,"_monsterinsights_sitenote_active":false,"_monsterinsights_sitenote_note":"","_monsterinsights_sitenote_category":0,"footnotes":""},"categories":[72,13],"tags":[],"class_list":["post-3265","post","type-post","status-publish","format-standard","hentry","category-communion","category-decoration"],"yoast_head":"<!-- This site is optimized with the Yoast SEO plugin v23.8 - https:\/\/yoast.com\/wordpress\/plugins\/seo\/ -->\n<title>D\u00e9coration de f\u00eate de Communion : 5 id\u00e9es styl\u00e9es ! - smartphoto FR<\/title>\n<meta name=\"description\" content=\"Vous pr\u00e9parez une f\u00eate de communion pour votre enfant ? D\u00e9couvrez 5 astuces pour une d\u00e9coration de f\u00eate de communion qui a du style !\" \/>\n<meta name=\"robots\" content=\"index, follow, max-snippet:-1, max-image-preview:large, max-video-preview:-1\" \/>\n<link rel=\"canonical\" href=\"https:\/\/www.smartphoto.fr\/inspiration\/decoration-de-fete-de-communion-idees-stylees\" \/>\n<meta property=\"og:locale\" content=\"fr_FR\" \/>\n<meta property=\"og:type\" content=\"article\" \/>\n<meta property=\"og:title\" content=\"D\u00e9coration de f\u00eate de Communion : 5 id\u00e9es styl\u00e9es ! - smartphoto FR\" \/>\n<meta property=\"og:description\" content=\"Vous pr\u00e9parez une f\u00eate de communion pour votre enfant ? D\u00e9couvrez 5 astuces pour une d\u00e9coration de f\u00eate de communion qui a du style !\" \/>\n<meta property=\"og:url\" content=\"\/inspiration\/decoration-de-fete-de-communion-idees-stylees\" \/>\n<meta property=\"og:site_name\" content=\"smartphoto FR\" \/>\n<meta property=\"article:publisher\" content=\"https:\/\/www.facebook.com\/smartphoto.fr\" \/>\n<meta property=\"article:published_time\" content=\"2015-03-17T16:09:59+00:00\" \/>\n<meta property=\"article:modified_time\" content=\"2019-06-25T08:22:57+00:00\" \/>\n<meta property=\"og:image\" content=\"https:\/\/storage.googleapis.com\/smartphoto-express-production-wp-blogs-com\/10\/2015\/03\/deocration-de-fete-de-communion-ou-fete-laique-donnez-du-style-a-votre-fete-1-1.png\" \/>\n\t<meta property=\"og:image:width\" content=\"710\" \/>\n\t<meta property=\"og:image:height\" content=\"472\" \/>\n\t<meta property=\"og:image:type\" content=\"image\/png\" \/>\n<meta name=\"author\" content=\"Camille\" \/>\n<meta name=\"twitter:card\" content=\"summary_large_image\" \/>\n<meta name=\"twitter:creator\" content=\"@smartphoto_fr\" \/>\n<meta name=\"twitter:site\" content=\"@smartphoto_fr\" \/>\n<meta name=\"twitter:label1\" content=\"Written by\" \/>\n\t<meta name=\"twitter:data1\" content=\"Camille\" \/>\n\t<meta name=\"twitter:label2\" content=\"Est. reading time\" \/>\n\t<meta name=\"twitter:data2\" content=\"4 minutes\" \/>\n<script type=\"application\/ld+json\" class=\"yoast-schema-graph\">{\"@context\":\"https:\/\/schema.org\",\"@graph\":[{\"@type\":\"WebPage\",\"@id\":\"\/inspiration\/decoration-de-fete-de-communion-idees-stylees\",\"url\":\"https:\/\/www.smartphoto.fr\/inspiration\/decoration-de-fete-de-communion-idees-stylees\",\"name\":\"D\u00e9coration de f\u00eate de Communion : 5 id\u00e9es styl\u00e9es ! - smartphoto FR\",\"isPartOf\":{\"@id\":\"https:\/\/www.smartphoto.fr\/inspiration\/#website\"},\"primaryImageOfPage\":{\"@id\":\"https:\/\/www.smartphoto.fr\/inspiration\/decoration-de-fete-de-communion-idees-stylees#primaryimage\"},\"image\":{\"@id\":\"https:\/\/www.smartphoto.fr\/inspiration\/decoration-de-fete-de-communion-idees-stylees#primaryimage\"},\"thumbnailUrl\":\"https:\/\/storage.googleapis.com\/smartphoto-express-production-wp-blogs-com\/10\/2015\/03\/deocration-de-fete-de-communion-ou-fete-laique-donnez-du-style-a-votre-fete-1.png\",\"datePublished\":\"2015-03-17T16:09:59+00:00\",\"dateModified\":\"2019-06-25T08:22:57+00:00\",\"author\":{\"@id\":\"https:\/\/www.smartphoto.fr\/inspiration\/#\/schema\/person\/c6273b932edd5430f80dd2f25e053f93\"},\"description\":\"Vous pr\u00e9parez une f\u00eate de communion pour votre enfant ? D\u00e9couvrez 5 astuces pour une d\u00e9coration de f\u00eate de communion qui a du style !\",\"breadcrumb\":{\"@id\":\"https:\/\/www.smartphoto.fr\/inspiration\/decoration-de-fete-de-communion-idees-stylees#breadcrumb\"},\"inLanguage\":\"fr-FR\",\"potentialAction\":[{\"@type\":\"ReadAction\",\"target\":[\"https:\/\/www.smartphoto.fr\/inspiration\/decoration-de-fete-de-communion-idees-stylees\"]}]},{\"@type\":\"ImageObject\",\"inLanguage\":\"fr-FR\",\"@id\":\"https:\/\/www.smartphoto.fr\/inspiration\/decoration-de-fete-de-communion-idees-stylees#primaryimage\",\"url\":\"https:\/\/storage.googleapis.com\/smartphoto-express-production-wp-blogs-com\/10\/2015\/03\/deocration-de-fete-de-communion-ou-fete-laique-donnez-du-style-a-votre-fete-1.png\",\"contentUrl\":\"https:\/\/storage.googleapis.com\/smartphoto-express-production-wp-blogs-com\/10\/2015\/03\/deocration-de-fete-de-communion-ou-fete-laique-donnez-du-style-a-votre-fete-1.png\"},{\"@type\":\"BreadcrumbList\",\"@id\":\"https:\/\/www.smartphoto.fr\/inspiration\/decoration-de-fete-de-communion-idees-stylees#breadcrumb\",\"itemListElement\":[{\"@type\":\"ListItem\",\"position\":1,\"name\":\"Home\",\"item\":\"https:\/\/www.smartphoto.fr\/inspiration\/\"},{\"@type\":\"ListItem\",\"position\":2,\"name\":\"D\u00e9coration de f\u00eate de Communion : 5 id\u00e9es styl\u00e9es !\"}]},{\"@type\":\"WebSite\",\"@id\":\"https:\/\/www.smartphoto.fr\/inspiration\/#website\",\"url\":\"https:\/\/www.smartphoto.fr\/inspiration\/\",\"name\":\"smartphoto FR\",\"description\":\"Le blog de smartphoto France.\",\"potentialAction\":[{\"@type\":\"SearchAction\",\"target\":{\"@type\":\"EntryPoint\",\"urlTemplate\":\"https:\/\/www.smartphoto.fr\/inspiration\/?s={search_term_string}\"},\"query-input\":{\"@type\":\"PropertyValueSpecification\",\"valueRequired\":true,\"valueName\":\"search_term_string\"}}],\"inLanguage\":\"fr-FR\"},{\"@type\":\"Person\",\"@id\":\"https:\/\/www.smartphoto.fr\/inspiration\/#\/schema\/person\/c6273b932edd5430f80dd2f25e053f93\",\"name\":\"Camille\",\"image\":{\"@type\":\"ImageObject\",\"inLanguage\":\"fr-FR\",\"@id\":\"https:\/\/www.smartphoto.fr\/inspiration\/#\/schema\/person\/image\/\",\"url\":\"https:\/\/secure.gravatar.com\/avatar\/a91e307f8905ae5fadfaf463403971c2?s=96&d=mm&r=g\",\"contentUrl\":\"https:\/\/secure.gravatar.com\/avatar\/a91e307f8905ae5fadfaf463403971c2?s=96&d=mm&r=g\",\"caption\":\"Camille\"},\"description\":\"Camille, 31 ans et expatri\u00e9e en Belgique depuis plus de 4 ans. J'adore le badminton et les voyages. Je suis curieuse de tout et je d\u00e9niche pour vous les meilleurs trucs &amp; astuces pour sublimer vos photos !\",\"url\":\"https:\/\/www.smartphoto.fr\/inspiration\/author\/camille\"}]}<\/script>\n<!-- \/ Yoast SEO plugin. -->","yoast_head_json":{"title":"D\u00e9coration de f\u00eate de Communion : 5 id\u00e9es styl\u00e9es ! - smartphoto FR","description":"Vous pr\u00e9parez une f\u00eate de communion pour votre enfant ? D\u00e9couvrez 5 astuces pour une d\u00e9coration de f\u00eate de communion qui a du style !","robots":{"index":"index","follow":"follow","max-snippet":"max-snippet:-1","max-image-preview":"max-image-preview:large","max-video-preview":"max-video-preview:-1"},"canonical":"https:\/\/www.smartphoto.fr\/inspiration\/decoration-de-fete-de-communion-idees-stylees","og_locale":"fr_FR","og_type":"article","og_title":"D\u00e9coration de f\u00eate de Communion : 5 id\u00e9es styl\u00e9es ! - smartphoto FR","og_description":"Vous pr\u00e9parez une f\u00eate de communion pour votre enfant ? D\u00e9couvrez 5 astuces pour une d\u00e9coration de f\u00eate de communion qui a du style !","og_url":"\/inspiration\/decoration-de-fete-de-communion-idees-stylees","og_site_name":"smartphoto FR","article_publisher":"https:\/\/www.facebook.com\/smartphoto.fr","article_published_time":"2015-03-17T16:09:59+00:00","article_modified_time":"2019-06-25T08:22:57+00:00","og_image":[{"width":710,"height":472,"url":"https:\/\/storage.googleapis.com\/smartphoto-express-production-wp-blogs-com\/10\/2015\/03\/deocration-de-fete-de-communion-ou-fete-laique-donnez-du-style-a-votre-fete-1-1.png","type":"image\/png"}],"author":"Camille","twitter_card":"summary_large_image","twitter_creator":"@smartphoto_fr","twitter_site":"@smartphoto_fr","twitter_misc":{"Written by":"Camille","Est. reading time":"4 minutes"},"schema":{"@context":"https:\/\/schema.org","@graph":[{"@type":"WebPage","@id":"\/inspiration\/decoration-de-fete-de-communion-idees-stylees","url":"https:\/\/www.smartphoto.fr\/inspiration\/decoration-de-fete-de-communion-idees-stylees","name":"D\u00e9coration de f\u00eate de Communion : 5 id\u00e9es styl\u00e9es ! - smartphoto FR","isPartOf":{"@id":"https:\/\/www.smartphoto.fr\/inspiration\/#website"},"primaryImageOfPage":{"@id":"https:\/\/www.smartphoto.fr\/inspiration\/decoration-de-fete-de-communion-idees-stylees#primaryimage"},"image":{"@id":"https:\/\/www.smartphoto.fr\/inspiration\/decoration-de-fete-de-communion-idees-stylees#primaryimage"},"thumbnailUrl":"https:\/\/storage.googleapis.com\/smartphoto-express-production-wp-blogs-com\/10\/2015\/03\/deocration-de-fete-de-communion-ou-fete-laique-donnez-du-style-a-votre-fete-1.png","datePublished":"2015-03-17T16:09:59+00:00","dateModified":"2019-06-25T08:22:57+00:00","author":{"@id":"https:\/\/www.smartphoto.fr\/inspiration\/#\/schema\/person\/c6273b932edd5430f80dd2f25e053f93"},"description":"Vous pr\u00e9parez une f\u00eate de communion pour votre enfant ? D\u00e9couvrez 5 astuces pour une d\u00e9coration de f\u00eate de communion qui a du style !","breadcrumb":{"@id":"https:\/\/www.smartphoto.fr\/inspiration\/decoration-de-fete-de-communion-idees-stylees#breadcrumb"},"inLanguage":"fr-FR","potentialAction":[{"@type":"ReadAction","target":["https:\/\/www.smartphoto.fr\/inspiration\/decoration-de-fete-de-communion-idees-stylees"]}]},{"@type":"ImageObject","inLanguage":"fr-FR","@id":"https:\/\/www.smartphoto.fr\/inspiration\/decoration-de-fete-de-communion-idees-stylees#primaryimage","url":"https:\/\/storage.googleapis.com\/smartphoto-express-production-wp-blogs-com\/10\/2015\/03\/deocration-de-fete-de-communion-ou-fete-laique-donnez-du-style-a-votre-fete-1.png","contentUrl":"https:\/\/storage.googleapis.com\/smartphoto-express-production-wp-blogs-com\/10\/2015\/03\/deocration-de-fete-de-communion-ou-fete-laique-donnez-du-style-a-votre-fete-1.png"},{"@type":"BreadcrumbList","@id":"https:\/\/www.smartphoto.fr\/inspiration\/decoration-de-fete-de-communion-idees-stylees#breadcrumb","itemListElement":[{"@type":"ListItem","position":1,"name":"Home","item":"https:\/\/www.smartphoto.fr\/inspiration\/"},{"@type":"ListItem","position":2,"name":"D\u00e9coration de f\u00eate de Communion : 5 id\u00e9es styl\u00e9es !"}]},{"@type":"WebSite","@id":"https:\/\/www.smartphoto.fr\/inspiration\/#website","url":"https:\/\/www.smartphoto.fr\/inspiration\/","name":"smartphoto FR","description":"Le blog de smartphoto France.","potentialAction":[{"@type":"SearchAction","target":{"@type":"EntryPoint","urlTemplate":"https:\/\/www.smartphoto.fr\/inspiration\/?s={search_term_string}"},"query-input":{"@type":"PropertyValueSpecification","valueRequired":true,"valueName":"search_term_string"}}],"inLanguage":"fr-FR"},{"@type":"Person","@id":"https:\/\/www.smartphoto.fr\/inspiration\/#\/schema\/person\/c6273b932edd5430f80dd2f25e053f93","name":"Camille","image":{"@type":"ImageObject","inLanguage":"fr-FR","@id":"https:\/\/www.smartphoto.fr\/inspiration\/#\/schema\/person\/image\/","url":"https:\/\/secure.gravatar.com\/avatar\/a91e307f8905ae5fadfaf463403971c2?s=96&d=mm&r=g","contentUrl":"https:\/\/secure.gravatar.com\/avatar\/a91e307f8905ae5fadfaf463403971c2?s=96&d=mm&r=g","caption":"Camille"},"description":"Camille, 31 ans et expatri\u00e9e en Belgique depuis plus de 4 ans. J'adore le badminton et les voyages. Je suis curieuse de tout et je d\u00e9niche pour vous les meilleurs trucs &amp; astuces pour sublimer vos photos !","url":"https:\/\/www.smartphoto.fr\/inspiration\/author\/camille"}]}},"_links":{"self":[{"href":"https:\/\/www.smartphoto.fr\/inspiration\/wp-json\/wp\/v2\/posts\/3265","targetHints":{"allow":["GET"]}}],"collection":[{"href":"https:\/\/www.smartphoto.fr\/inspiration\/wp-json\/wp\/v2\/posts"}],"about":[{"href":"https:\/\/www.smartphoto.fr\/inspiration\/wp-json\/wp\/v2\/types\/post"}],"author":[{"embeddable":true,"href":"https:\/\/www.smartphoto.fr\/inspiration\/wp-json\/wp\/v2\/users\/8"}],"replies":[{"embeddable":true,"href":"https:\/\/www.smartphoto.fr\/inspiration\/wp-json\/wp\/v2\/comments?post=3265"}],"version-history":[{"count":3,"href":"https:\/\/www.smartphoto.fr\/inspiration\/wp-json\/wp\/v2\/posts\/3265\/revisions"}],"predecessor-version":[{"id":8755,"href":"https:\/\/www.smartphoto.fr\/inspiration\/wp-json\/wp\/v2\/posts\/3265\/revisions\/8755"}],"wp:attachment":[{"href":"https:\/\/www.smartphoto.fr\/inspiration\/wp-json\/wp\/v2\/media?parent=3265"}],"wp:term":[{"taxonomy":"category","embeddable":true,"href":"https:\/\/www.smartphoto.fr\/inspiration\/wp-json\/wp\/v2\/categories?post=3265"},{"taxonomy":"post_tag","embeddable":true,"href":"https:\/\/www.smartphoto.fr\/inspiration\/wp-json\/wp\/v2\/tags?post=3265"}],"curies":[{"name":"wp","href":"https:\/\/api.w.org\/{rel}","templated":true}]}}