{"id":3162,"date":"2015-12-28T15:26:58","date_gmt":"2015-12-28T14:26:58","guid":{"rendered":"http:\/\/www.wistiti.fr\/?p=3162"},"modified":"2017-09-11T09:18:20","modified_gmt":"2017-09-11T07:18:20","slug":"ski-en-france","status":"publish","type":"post","link":"https:\/\/www.smartphoto.fr\/inspiration\/ski-en-france","title":{"rendered":"Ski en France : d\u00e9nichez la station qu&rsquo;il vous faut !"},"content":{"rendered":"<p style=\"text-align: justify\"><b id=\"textpreview_title\">Ski en France\u00a0<\/b><\/p>\n<div id=\"textpreview\" style=\"text-align: justify\">Les premiers flocons sont d\u00e9j\u00e0 tomb\u00e9s et la p\u00e9riode du ski va bient\u00f4t battre son plein. Il est temps de savoir o\u00f9 aller skier cette ann\u00e9e !<!--more--><\/div>\n<div style=\"text-align: center\"><\/div>\n<div style=\"text-align: center\"><\/div>\n<div style=\"text-align: center\"><\/div>\n<div style=\"text-align: center\"><\/div>\n<div style=\"text-align: center\"><\/div>\n<div style=\"text-align: center\"><\/div>\n<div style=\"text-align: center\"><\/div>\n<div style=\"text-align: center\">\n<p><img loading=\"lazy\" decoding=\"async\" class=\"aligncenter size-full wp-image-3167\" src=\"https:\/\/storage.googleapis.com\/smartphoto-express-production-wp-blogs-com\/10\/2015\/12\/ski-en-france-gif-ski.gif\" alt=\"ski en france\" width=\"400\" height=\"225\" \/><\/p>\n<p>Image : <a href=\"https:\/\/www.tumblr.com\/tagged\/ski-gif\" target=\"_blank\">Tumblr<\/a><\/p>\n<\/div>\n<div style=\"text-align: justify\">Pour ceux qui aiment les beaux paysages blancs, les fondues au sommet de la montagne, d\u00e9valer les pistes ou m\u00eame faire des batailles de boules de neige, faire du ski en France est id\u00e9al. Mais entre tout ce qui est propos\u00e9, il est souvent difficile de s&rsquo;y retrouver. Pas de panique, nous vous avons donc pr\u00e9par\u00e9 une petite liste pour vous aider \u00e0 choisir la petite station de ski qui vous correspondra le mieux pour cet hiver.<\/div>\n<div style=\"text-align: justify\"><\/div>\n<h2 style=\"text-align: justify\">1) Un peu de myst\u00e8re, une station secr\u00e8te<\/h2>\n<div style=\"text-align: justify\"><\/div>\n<div style=\"text-align: center\"><a href=\"https:\/\/storage.googleapis.com\/smartphoto-express-production-wp-blogs-com\/10\/2015\/12\/ski-en-france-val-d-arly_5481350.jpg\"><img loading=\"lazy\" decoding=\"async\" class=\"aligncenter size-full wp-image-3164\" src=\"https:\/\/storage.googleapis.com\/smartphoto-express-production-wp-blogs-com\/10\/2015\/12\/ski-en-france-val-d-arly_5481350.jpg\" alt=\"ski en france\" width=\"1520\" height=\"1006\" \/><\/a>Source : <a href=\"http:\/\/www.lexpress.fr\/tendances\/voyage\/nos-dix-stations-de-ski-secretes_1744214.html\" target=\"_blank\">L&rsquo;Express<\/a><\/div>\n<div style=\"text-align: justify\">Si vous voulez profiter de ces vacances pour \u00eatre un peu au calme, loin de la foule des grandes stations et de l&rsquo;agitation quotidienne, vous pouvez d\u00e9cider de vous rendre dans une <strong>station peu fr\u00e9quent\u00e9e comme celle du Val d&rsquo;Arly en Savoie<\/strong>. Rassurez-vous, ces stations ne sont pas priv\u00e9es de neige pour autant et il est tout \u00e0 fait possible de skier sur des kilom\u00e8tres de piste. Ces petites stations peu connues sont parfaites pour des s\u00e9jours en famille ou entre amis qui veulent se ressourcer. Vous vous laisserez s\u00e9duire par l&rsquo;authenticit\u00e9 des lieux, par les chalets entour\u00e9s de<strong> vastes \u00e9tendues de neige et par les lacs givr\u00e9s<\/strong>&#8230; Autre point fort de ces stations secr\u00e8tes : les prix pratiqu\u00e9s, plus bas que dans les grandes stations.<\/div>\n<h2 style=\"text-align: justify\"><\/h2>\n<h2 style=\"text-align: justify\">2) Le ski en France en all-in<\/h2>\n<div style=\"text-align: justify\"><\/div>\n<div style=\"text-align: center\"><a href=\"https:\/\/storage.googleapis.com\/smartphoto-express-production-wp-blogs-com\/10\/2015\/12\/ski-en-france-all-in.jpg\"><img loading=\"lazy\" decoding=\"async\" class=\"aligncenter size-full wp-image-3166\" src=\"https:\/\/storage.googleapis.com\/smartphoto-express-production-wp-blogs-com\/10\/2015\/12\/ski-en-france-all-in.jpg\" alt=\"ski en france\" width=\"1520\" height=\"1001\" \/><\/a>Source : <a href=\"http:\/\/www.lexpress.fr\/tendances\/voyage\/pour-des-vacances-au-ski-le-all-inclusive-a-tout-compris_1744625.html\" target=\"_blank\">L&rsquo;Express<\/a><\/div>\n<div style=\"text-align: justify\"><\/div>\n<div style=\"text-align: justify\">Si vous \u00eates adeptes des s\u00e9jours tout compris o\u00f9 vous n&rsquo;avez \u00e0 vous soucier de rien, nous avons trouv\u00e9 des <strong>stations de ski en France<\/strong> o\u00f9 vous passerez de bonnes vacances sans vous soucier de l&rsquo;organisation de votre s\u00e9jour. Ces s\u00e9jours dits \u00ab\u00a0all-in\u00a0\u00bb s\u00e9duisent de plus en plus de vacanciers depuis quelques ann\u00e9es. Vous choisissez les options que vous voulez ajouter \u00e0 votre forfait de base : cours de ski, restaurant, jacuzzi&#8230; Loin de la petite station de ski au calme, la <strong>station de Serre-Chevalier<\/strong> vous propose un s\u00e9jour all-in en pension compl\u00e8te avec la location du mat\u00e9riel, l&rsquo;acc\u00e8s aux terrasses et m\u00eame la prise en charge des enfants pendant que les parents font du ski. Atout majeur de ces s\u00e9jours all-in : vous savez exactement ce que vous allez payer.<\/div>\n<h2 style=\"text-align: justify\"><\/h2>\n<h2 style=\"text-align: justify\">3) Les stations \u00e0 un prix abordable<\/h2>\n<div style=\"text-align: justify\"><\/div>\n<div style=\"text-align: center\"><a href=\"https:\/\/storage.googleapis.com\/smartphoto-express-production-wp-blogs-com\/10\/2015\/12\/ski-en-france-station_de_ski_Areches_Beaufort_1.jpg\"><img loading=\"lazy\" decoding=\"async\" class=\"aligncenter size-full wp-image-3163\" src=\"https:\/\/storage.googleapis.com\/smartphoto-express-production-wp-blogs-com\/10\/2015\/12\/ski-en-france-station_de_ski_Areches_Beaufort_1.jpg\" alt=\"ski en france\" width=\"536\" height=\"357\" \/><\/a>Source : <a href=\"http:\/\/www.i-skimontagne.com\/stations_de_ski\/Areches_Beaufort.php\" target=\"_blank\">I-skimontagne<\/a><\/div>\n<div style=\"text-align: justify\">Vous avez toujours r\u00eav\u00e9 de faire du ski mais en additionnant le voyage, l&rsquo;h\u00e9bergement, l&rsquo;\u00e9quipement, l&rsquo;acc\u00e8s aux pistes et les extras, vous vous rendez compte que cela peut revenir tr\u00e8s cher ? Nous avons trouv\u00e9 une solution pour vous ! Des stations de ski en France ont pens\u00e9 \u00e0 ceux qui ont un <strong>petit budget<\/strong> mais qui veulent tout de m\u00eame profiter de la neige en montagne. Par exemple, la petite station de ski d&rsquo;Ar\u00eaches-Beaufort dans les Alpes, <strong>destin\u00e9e aux familles<\/strong> qui se laisseront s\u00e9duire par l&rsquo;architecture authentique, propose des tarifs bon march\u00e9. Facile d&rsquo;acc\u00e8s gr\u00e2ce \u00e0 la gare TGV, cette petite station dispose d&rsquo;un domaine skiable de 55 kilom\u00e8tres. Petit plus : vous aurez s\u00fbrement l&rsquo;occasion de go\u00fbter un petit morceau de fromage !<\/div>\n<div style=\"text-align: justify\"><\/div>\n<h2 style=\"text-align: justify\"><\/h2>\n<h2 style=\"text-align: justify\">4) Le ski en France au printemps<\/h2>\n<div style=\"text-align: justify\"><\/div>\n<div style=\"text-align: center\"><a href=\"https:\/\/storage.googleapis.com\/smartphoto-express-production-wp-blogs-com\/10\/2015\/12\/ski-en-france-les-2-alpes.jpg\"><img loading=\"lazy\" decoding=\"async\" class=\"aligncenter size-full wp-image-3168\" src=\"https:\/\/storage.googleapis.com\/smartphoto-express-production-wp-blogs-com\/10\/2015\/12\/ski-en-france-les-2-alpes.jpg\" alt=\"ski en france\" width=\"616\" height=\"347\" \/><\/a>Source : <a href=\"http:\/\/www.skiinfo.fr\/alpes-du-nord\/les-2-alpes\/station-de-ski.html\" target=\"_blank\">Skiinfo<\/a><\/div>\n<div style=\"text-align: justify\">Vous souhaitez profiter de la neige mais vous pr\u00e9f\u00e9rez <strong>skier au printemps<\/strong> ? Plusieurs stations de ski restent ouvertes au printemps et vous proposent de venir skier m\u00eame si l&rsquo;hiver est pass\u00e9. Dot\u00e9e d&rsquo;une r\u00e9putation internationale,<strong> la station des 2 Alpes<\/strong>\u00a0vous accueillera sur son domaine d&rsquo;altitude (l&rsquo;une des plus hautes stations) jusqu&rsquo;\u00e0 la fin du mois d&rsquo;avril. N&rsquo;ayez crainte, m\u00eame en venant au printemps, vous profiterez d&rsquo;une neige naturelle. Venir skier au printemps vous permettra \u00e9galement de profiter du soleil tout en b\u00e9n\u00e9ficiant de prix r\u00e9duits. Bonus : de nombreuses animations et festivals sont organis\u00e9s pr\u00e8s des stations de ski pour vous faire profiter de vos vacances de printemps \u00e0 la montagne.<\/div>\n<div style=\"text-align: justify\"><\/div>\n<h2 style=\"text-align: justify\"><\/h2>\n<h2 style=\"text-align: justify\">5) La plus haute station d&rsquo;Europe<\/h2>\n<div style=\"text-align: justify\"><\/div>\n<div style=\"text-align: center\"><a href=\"https:\/\/storage.googleapis.com\/smartphoto-express-production-wp-blogs-com\/10\/2015\/12\/ski-en-france-valthorens.jpg\"><img loading=\"lazy\" decoding=\"async\" class=\"aligncenter size-full wp-image-3165\" src=\"https:\/\/storage.googleapis.com\/smartphoto-express-production-wp-blogs-com\/10\/2015\/12\/ski-en-france-valthorens.jpg\" alt=\"ski en france\" width=\"411\" height=\"411\" \/><\/a>Source : <a href=\"http:\/\/www.skiinfo.fr\/alpes-du-nord\/val-thorens\/photos-station-id367636.html#content_pos\" target=\"_blank\">Skiinfo<\/a><\/div>\n<div style=\"text-align: center\"><\/div>\n<div style=\"text-align: justify\">Pour terminer, on vous propose de d\u00e9couvrir ou red\u00e9couvrir la plus haute station d&rsquo;Europe : <strong>Val Thorens<\/strong>. Celle-ci propose de tr\u00e8s nombreuses activit\u00e9s : vous pourrez d\u00e9valer les pistes en VTT, prendre place \u00e0 bord d&rsquo;un bolide pour encha\u00eener les tours de pistes, faire de la tyrolienne pour les plus courageux ou du kart sur glace pour des frissons garantis, d\u00e9buter le ski cross&#8230; Au vu du nombre d&rsquo;activit\u00e9s possibles, vous \u00eates certains de ne pas vous ennuyer si vous d\u00e9cidez de venir \u00e0 Val Thorens. En un mot : Val Thorens est <strong>une station qui bouge de jour comme de nuit<\/strong> !<\/div>\n<div style=\"text-align: justify\"><\/div>\n<div style=\"text-align: justify\"><\/div>\n<div style=\"text-align: justify\">Pour quelle station avez-vous craqu\u00e9 ? Si vous voulez \u00eatre au calme, optez pour une petite station peu fr\u00e9quent\u00e9e ou partez au printemps, il y a moins de monde et c&rsquo;est souvent bien moins cher. Au contraire, si vous voulez profiter \u00e0 fond de vos vacances \u00e0 la montagne, posez vos valises \u00e0 Val Thorens. Enfin, n&rsquo;oubliez pas les s\u00e9jours all-in destin\u00e9s \u00e0 ceux qui ne veulent s&rsquo;occuper de rien et profiter vraiment de leurs vacances \u00e0 la montagne d\u00e8s leur arriv\u00e9e.<\/div>\n<div style=\"text-align: justify\"><\/div>\n<p>&nbsp;<\/p>\n<div style=\"text-align: justify\"><strong>Dernier conseil<\/strong> : n&rsquo;oubliez pas de prendre des photos pour garder des souvenirs de votre s\u00e9jour au ski !<\/div>\n<p>&nbsp;<\/p>\n<p><span style=\"font-weight: bold;color: #545454\">Vous avez un autre endroit favori pour aller au ski en France \u00a0? Partagez-le avec nous dans les commentaires ou sur\u00a0<a style=\"color: #ff8584\" href=\"https:\/\/www.facebook.com\/smartphoto.fr\" target=\"_blank\">Facebook<\/a>,\u00a0<a style=\"color: #ff8584\" href=\"https:\/\/twitter.com\/smartphoto_fr\" target=\"_blank\">Twitter<\/a>,\u00a0<a style=\"color: #ff8584\" href=\"https:\/\/instagram.com\/smartphoto_fr\/\" target=\"_blank\">Instagram<\/a>,\u00a0<a style=\"color: #ff8584\" href=\"https:\/\/www.pinterest.com\/smartphotofr\/\" target=\"_blank\">Pinterest<\/a>\u00a0ou\u00a0<a style=\"color: #ff8584\" href=\"https:\/\/plus.google.com\/+SmartphotoFr\/posts\" target=\"_blank\">Google+<\/a>\u00a0<\/span><span style=\"font-weight: bold;color: #545454\">\u00a0avec le hashtag #smartphoto !<\/span><\/p>\n","protected":false},"excerpt":{"rendered":"<p>Ski en France\u00a0 Les premiers flocons sont d\u00e9j\u00e0 tomb\u00e9s et la p\u00e9riode du ski va bient\u00f4t battre son plein. Il est temps de savoir o\u00f9 aller skier cette ann\u00e9e !<\/p>\n","protected":false},"author":10,"featured_media":0,"comment_status":"open","ping_status":"open","sticky":false,"template":"","format":"standard","meta":{"om_disable_all_campaigns":false,"_monsterinsights_skip_tracking":false,"_monsterinsights_sitenote_active":false,"_monsterinsights_sitenote_note":"","_monsterinsights_sitenote_category":0,"footnotes":""},"categories":[16,5],"tags":[],"class_list":["post-3162","post","type-post","status-publish","format-standard","hentry","category-idees","category-trucs-et-astuces"],"yoast_head":"<!-- This site is optimized with the Yoast SEO plugin v23.8 - https:\/\/yoast.com\/wordpress\/plugins\/seo\/ -->\n<title>Ski en France : d\u00e9nichez la station qu&#039;il vous faut !<\/title>\n<meta name=\"description\" content=\"Ski en France : les premiers flocons sont d\u00e9j\u00e0 tomb\u00e9s et la p\u00e9riode du ski va bient\u00f4t battre son plein. Il est temps de savoir o\u00f9 aller skier cette ann\u00e9e !\" \/>\n<meta name=\"robots\" content=\"index, follow, max-snippet:-1, max-image-preview:large, max-video-preview:-1\" \/>\n<link rel=\"canonical\" href=\"https:\/\/www.smartphoto.fr\/inspiration\/ski-en-france\" \/>\n<meta property=\"og:locale\" content=\"fr_FR\" \/>\n<meta property=\"og:type\" content=\"article\" \/>\n<meta property=\"og:title\" content=\"Ski en France : d\u00e9nichez la station qu&#039;il vous faut !\" \/>\n<meta property=\"og:description\" content=\"Ski en France : les premiers flocons sont d\u00e9j\u00e0 tomb\u00e9s et la p\u00e9riode du ski va bient\u00f4t battre son plein. Il est temps de savoir o\u00f9 aller skier cette ann\u00e9e !\" \/>\n<meta property=\"og:url\" content=\"\/inspiration\/ski-en-france\" \/>\n<meta property=\"og:site_name\" content=\"smartphoto FR\" \/>\n<meta property=\"article:publisher\" content=\"https:\/\/www.facebook.com\/smartphoto.fr\" \/>\n<meta property=\"article:published_time\" content=\"2015-12-28T14:26:58+00:00\" \/>\n<meta property=\"article:modified_time\" content=\"2017-09-11T07:18:20+00:00\" \/>\n<meta property=\"og:image\" content=\"https:\/\/storage.googleapis.com\/smartphoto-express-production-wp-blogs-com\/10\/2015\/12\/cover-ski-en-France.jpg\" \/>\n\t<meta property=\"og:image:width\" content=\"700\" \/>\n\t<meta property=\"og:image:height\" content=\"400\" \/>\n\t<meta property=\"og:image:type\" content=\"image\/jpeg\" \/>\n<meta name=\"author\" content=\"Claire\" \/>\n<meta name=\"twitter:card\" content=\"summary_large_image\" \/>\n<meta name=\"twitter:creator\" content=\"@smartphoto_fr\" \/>\n<meta name=\"twitter:site\" content=\"@smartphoto_fr\" \/>\n<meta name=\"twitter:label1\" content=\"Written by\" \/>\n\t<meta name=\"twitter:data1\" content=\"Claire\" \/>\n\t<meta name=\"twitter:label2\" content=\"Est. reading time\" \/>\n\t<meta name=\"twitter:data2\" content=\"5 minutes\" \/>\n<script type=\"application\/ld+json\" class=\"yoast-schema-graph\">{\"@context\":\"https:\/\/schema.org\",\"@graph\":[{\"@type\":\"WebPage\",\"@id\":\"\/inspiration\/ski-en-france\",\"url\":\"https:\/\/www.smartphoto.fr\/inspiration\/ski-en-france\",\"name\":\"Ski en France : d\u00e9nichez la station qu'il vous faut !\",\"isPartOf\":{\"@id\":\"https:\/\/www.smartphoto.fr\/inspiration\/#website\"},\"primaryImageOfPage\":{\"@id\":\"https:\/\/www.smartphoto.fr\/inspiration\/ski-en-france#primaryimage\"},\"image\":{\"@id\":\"https:\/\/www.smartphoto.fr\/inspiration\/ski-en-france#primaryimage\"},\"thumbnailUrl\":\"https:\/\/storage.googleapis.com\/smartphoto-express-production-wp-blogs-com\/10\/2015\/12\/ski-en-france-gif-ski.gif\",\"datePublished\":\"2015-12-28T14:26:58+00:00\",\"dateModified\":\"2017-09-11T07:18:20+00:00\",\"author\":{\"@id\":\"https:\/\/www.smartphoto.fr\/inspiration\/#\/schema\/person\/b743c2a89fcff4d18195130bb0259ffe\"},\"description\":\"Ski en France : les premiers flocons sont d\u00e9j\u00e0 tomb\u00e9s et la p\u00e9riode du ski va bient\u00f4t battre son plein. Il est temps de savoir o\u00f9 aller skier cette ann\u00e9e !\",\"breadcrumb\":{\"@id\":\"https:\/\/www.smartphoto.fr\/inspiration\/ski-en-france#breadcrumb\"},\"inLanguage\":\"fr-FR\",\"potentialAction\":[{\"@type\":\"ReadAction\",\"target\":[\"https:\/\/www.smartphoto.fr\/inspiration\/ski-en-france\"]}]},{\"@type\":\"ImageObject\",\"inLanguage\":\"fr-FR\",\"@id\":\"https:\/\/www.smartphoto.fr\/inspiration\/ski-en-france#primaryimage\",\"url\":\"https:\/\/storage.googleapis.com\/smartphoto-express-production-wp-blogs-com\/10\/2015\/12\/ski-en-france-gif-ski.gif\",\"contentUrl\":\"https:\/\/storage.googleapis.com\/smartphoto-express-production-wp-blogs-com\/10\/2015\/12\/ski-en-france-gif-ski.gif\"},{\"@type\":\"BreadcrumbList\",\"@id\":\"https:\/\/www.smartphoto.fr\/inspiration\/ski-en-france#breadcrumb\",\"itemListElement\":[{\"@type\":\"ListItem\",\"position\":1,\"name\":\"Home\",\"item\":\"https:\/\/www.smartphoto.fr\/inspiration\/\"},{\"@type\":\"ListItem\",\"position\":2,\"name\":\"Ski en France : d\u00e9nichez la station qu&rsquo;il vous faut !\"}]},{\"@type\":\"WebSite\",\"@id\":\"https:\/\/www.smartphoto.fr\/inspiration\/#website\",\"url\":\"https:\/\/www.smartphoto.fr\/inspiration\/\",\"name\":\"smartphoto FR\",\"description\":\"Le blog de smartphoto France.\",\"potentialAction\":[{\"@type\":\"SearchAction\",\"target\":{\"@type\":\"EntryPoint\",\"urlTemplate\":\"https:\/\/www.smartphoto.fr\/inspiration\/?s={search_term_string}\"},\"query-input\":{\"@type\":\"PropertyValueSpecification\",\"valueRequired\":true,\"valueName\":\"search_term_string\"}}],\"inLanguage\":\"fr-FR\"},{\"@type\":\"Person\",\"@id\":\"https:\/\/www.smartphoto.fr\/inspiration\/#\/schema\/person\/b743c2a89fcff4d18195130bb0259ffe\",\"name\":\"Claire\",\"image\":{\"@type\":\"ImageObject\",\"inLanguage\":\"fr-FR\",\"@id\":\"https:\/\/www.smartphoto.fr\/inspiration\/#\/schema\/person\/image\/\",\"url\":\"https:\/\/secure.gravatar.com\/avatar\/9f27a09fb8046031a47a9f22ce0ca8e9?s=96&d=mm&r=g\",\"contentUrl\":\"https:\/\/secure.gravatar.com\/avatar\/9f27a09fb8046031a47a9f22ce0ca8e9?s=96&d=mm&r=g\",\"caption\":\"Claire\"},\"description\":\"Claire, 26 ans, passionn\u00e9e de voyages et de danse. J\u2019adore d\u00e9nicher les nouveaut\u00e9s DIY et d\u00e9coration. Je blogue pour smartphoto les astuces \u00e0 r\u00e9aliser avec vos photos.\",\"url\":\"https:\/\/www.smartphoto.fr\/inspiration\/author\/claire\"}]}<\/script>\n<!-- \/ Yoast SEO plugin. -->","yoast_head_json":{"title":"Ski en France : d\u00e9nichez la station qu'il vous faut !","description":"Ski en France : les premiers flocons sont d\u00e9j\u00e0 tomb\u00e9s et la p\u00e9riode du ski va bient\u00f4t battre son plein. Il est temps de savoir o\u00f9 aller skier cette ann\u00e9e !","robots":{"index":"index","follow":"follow","max-snippet":"max-snippet:-1","max-image-preview":"max-image-preview:large","max-video-preview":"max-video-preview:-1"},"canonical":"https:\/\/www.smartphoto.fr\/inspiration\/ski-en-france","og_locale":"fr_FR","og_type":"article","og_title":"Ski en France : d\u00e9nichez la station qu'il vous faut !","og_description":"Ski en France : les premiers flocons sont d\u00e9j\u00e0 tomb\u00e9s et la p\u00e9riode du ski va bient\u00f4t battre son plein. Il est temps de savoir o\u00f9 aller skier cette ann\u00e9e !","og_url":"\/inspiration\/ski-en-france","og_site_name":"smartphoto FR","article_publisher":"https:\/\/www.facebook.com\/smartphoto.fr","article_published_time":"2015-12-28T14:26:58+00:00","article_modified_time":"2017-09-11T07:18:20+00:00","og_image":[{"width":700,"height":400,"url":"https:\/\/storage.googleapis.com\/smartphoto-express-production-wp-blogs-com\/10\/2015\/12\/cover-ski-en-France.jpg","type":"image\/jpeg"}],"author":"Claire","twitter_card":"summary_large_image","twitter_creator":"@smartphoto_fr","twitter_site":"@smartphoto_fr","twitter_misc":{"Written by":"Claire","Est. reading time":"5 minutes"},"schema":{"@context":"https:\/\/schema.org","@graph":[{"@type":"WebPage","@id":"\/inspiration\/ski-en-france","url":"https:\/\/www.smartphoto.fr\/inspiration\/ski-en-france","name":"Ski en France : d\u00e9nichez la station qu'il vous faut !","isPartOf":{"@id":"https:\/\/www.smartphoto.fr\/inspiration\/#website"},"primaryImageOfPage":{"@id":"https:\/\/www.smartphoto.fr\/inspiration\/ski-en-france#primaryimage"},"image":{"@id":"https:\/\/www.smartphoto.fr\/inspiration\/ski-en-france#primaryimage"},"thumbnailUrl":"https:\/\/storage.googleapis.com\/smartphoto-express-production-wp-blogs-com\/10\/2015\/12\/ski-en-france-gif-ski.gif","datePublished":"2015-12-28T14:26:58+00:00","dateModified":"2017-09-11T07:18:20+00:00","author":{"@id":"https:\/\/www.smartphoto.fr\/inspiration\/#\/schema\/person\/b743c2a89fcff4d18195130bb0259ffe"},"description":"Ski en France : les premiers flocons sont d\u00e9j\u00e0 tomb\u00e9s et la p\u00e9riode du ski va bient\u00f4t battre son plein. Il est temps de savoir o\u00f9 aller skier cette ann\u00e9e !","breadcrumb":{"@id":"https:\/\/www.smartphoto.fr\/inspiration\/ski-en-france#breadcrumb"},"inLanguage":"fr-FR","potentialAction":[{"@type":"ReadAction","target":["https:\/\/www.smartphoto.fr\/inspiration\/ski-en-france"]}]},{"@type":"ImageObject","inLanguage":"fr-FR","@id":"https:\/\/www.smartphoto.fr\/inspiration\/ski-en-france#primaryimage","url":"https:\/\/storage.googleapis.com\/smartphoto-express-production-wp-blogs-com\/10\/2015\/12\/ski-en-france-gif-ski.gif","contentUrl":"https:\/\/storage.googleapis.com\/smartphoto-express-production-wp-blogs-com\/10\/2015\/12\/ski-en-france-gif-ski.gif"},{"@type":"BreadcrumbList","@id":"https:\/\/www.smartphoto.fr\/inspiration\/ski-en-france#breadcrumb","itemListElement":[{"@type":"ListItem","position":1,"name":"Home","item":"https:\/\/www.smartphoto.fr\/inspiration\/"},{"@type":"ListItem","position":2,"name":"Ski en France : d\u00e9nichez la station qu&rsquo;il vous faut !"}]},{"@type":"WebSite","@id":"https:\/\/www.smartphoto.fr\/inspiration\/#website","url":"https:\/\/www.smartphoto.fr\/inspiration\/","name":"smartphoto FR","description":"Le blog de smartphoto France.","potentialAction":[{"@type":"SearchAction","target":{"@type":"EntryPoint","urlTemplate":"https:\/\/www.smartphoto.fr\/inspiration\/?s={search_term_string}"},"query-input":{"@type":"PropertyValueSpecification","valueRequired":true,"valueName":"search_term_string"}}],"inLanguage":"fr-FR"},{"@type":"Person","@id":"https:\/\/www.smartphoto.fr\/inspiration\/#\/schema\/person\/b743c2a89fcff4d18195130bb0259ffe","name":"Claire","image":{"@type":"ImageObject","inLanguage":"fr-FR","@id":"https:\/\/www.smartphoto.fr\/inspiration\/#\/schema\/person\/image\/","url":"https:\/\/secure.gravatar.com\/avatar\/9f27a09fb8046031a47a9f22ce0ca8e9?s=96&d=mm&r=g","contentUrl":"https:\/\/secure.gravatar.com\/avatar\/9f27a09fb8046031a47a9f22ce0ca8e9?s=96&d=mm&r=g","caption":"Claire"},"description":"Claire, 26 ans, passionn\u00e9e de voyages et de danse. J\u2019adore d\u00e9nicher les nouveaut\u00e9s DIY et d\u00e9coration. Je blogue pour smartphoto les astuces \u00e0 r\u00e9aliser avec vos photos.","url":"https:\/\/www.smartphoto.fr\/inspiration\/author\/claire"}]}},"_links":{"self":[{"href":"https:\/\/www.smartphoto.fr\/inspiration\/wp-json\/wp\/v2\/posts\/3162","targetHints":{"allow":["GET"]}}],"collection":[{"href":"https:\/\/www.smartphoto.fr\/inspiration\/wp-json\/wp\/v2\/posts"}],"about":[{"href":"https:\/\/www.smartphoto.fr\/inspiration\/wp-json\/wp\/v2\/types\/post"}],"author":[{"embeddable":true,"href":"https:\/\/www.smartphoto.fr\/inspiration\/wp-json\/wp\/v2\/users\/10"}],"replies":[{"embeddable":true,"href":"https:\/\/www.smartphoto.fr\/inspiration\/wp-json\/wp\/v2\/comments?post=3162"}],"version-history":[{"count":5,"href":"https:\/\/www.smartphoto.fr\/inspiration\/wp-json\/wp\/v2\/posts\/3162\/revisions"}],"predecessor-version":[{"id":6563,"href":"https:\/\/www.smartphoto.fr\/inspiration\/wp-json\/wp\/v2\/posts\/3162\/revisions\/6563"}],"wp:attachment":[{"href":"https:\/\/www.smartphoto.fr\/inspiration\/wp-json\/wp\/v2\/media?parent=3162"}],"wp:term":[{"taxonomy":"category","embeddable":true,"href":"https:\/\/www.smartphoto.fr\/inspiration\/wp-json\/wp\/v2\/categories?post=3162"},{"taxonomy":"post_tag","embeddable":true,"href":"https:\/\/www.smartphoto.fr\/inspiration\/wp-json\/wp\/v2\/tags?post=3162"}],"curies":[{"name":"wp","href":"https:\/\/api.w.org\/{rel}","templated":true}]}}