{"id":3086,"date":"2017-12-26T13:27:05","date_gmt":"2017-12-26T12:27:05","guid":{"rendered":"http:\/\/www.wistiti.fr\/?p=3086"},"modified":"2022-03-08T15:00:37","modified_gmt":"2022-03-08T14:00:37","slug":"les-bonnes-resolutions-pour-2018","status":"publish","type":"post","link":"https:\/\/www.smartphoto.fr\/inspiration\/les-bonnes-resolutions-pour-2018","title":{"rendered":"Nouvel An : les bonnes r\u00e9solutions pour 2018"},"content":{"rendered":"<h3 style=\"text-align: justify\"><b id=\"textpreview_title\">Les bonnes r\u00e9solutions pour 2018<\/b><\/h3>\n<div id=\"textpreview\" style=\"text-align: justify\">La nouvelle ann\u00e9e approche \u00e0 grands pas, et avec elle, jaillit tout un flot de bonnes r\u00e9solutions qui sont magnifiques sur le papier, mais qui s&rsquo;av\u00e8rent aussi, pour la plupart d&rsquo;entre nous, tout bonnement intenables&nbsp;! D\u00e9couvrez nos propositions de r\u00e9solutions tenables pour 2018 et qui vous changeront la vie !<\/div>\n<div><\/div>\n<div style=\"text-align: justify\"><img loading=\"lazy\" decoding=\"async\" class=\"alignnone wp-image-3132 size-full\" title=\"les bonnes r\u00e9solutions 2018\" src=\"https:\/\/storage.googleapis.com\/smartphoto-express-production-wp-blogs-com\/10\/2015\/12\/Les-bonnes-resolutions-cover-Fr.jpg\" alt=\"les bonnes r\u00e9solutions 2018\" width=\"700\" height=\"366\"><\/div>\n<div><\/div>\n<div style=\"text-align: justify\">On se fixe souvent des r\u00e9solutions intenables. En effet, devenir v\u00e9g\u00e9tarien lorsque l&rsquo;on adore le saucisson, arr\u00eater de fumer quand on fume deux paquets par jour, ou devenir un grand sportif quand on ne poss\u00e8de pas m\u00eame une paire de baskets et que le point de c\u00f4t\u00e9 pointe son nez au bout de cinq minutes (quatre minutes et trente deux secondes en r\u00e9alit\u00e9) de jogging, c&rsquo;est impossible, et c&rsquo;est super frustrant de ne pas y arriver. Alors en 2018, pour que les bonnes r\u00e9solutions ne finissent pas au placard, il convient de <strong>se fixer des objectifs r\u00e9alisables<\/strong>, en tenant compte de ses capacit\u00e9s, mais aussi de sa motivation&nbsp;! Voici quelques id\u00e9es pour votre r\u00e9solution nouvelle ann\u00e9e.<\/div>\n<div style=\"text-align: justify\"><\/div>\n<h2 style=\"text-align: justify\">Bonnes r\u00e9solutions entre filles<\/h2>\n<h2 style=\"text-align: justify\"><a href=\"https:\/\/storage.googleapis.com\/smartphoto-express-production-wp-blogs-com\/10\/2016\/12\/les-bonnes-r\u00e9solutions-diner-entre-filles.jpg\"><img loading=\"lazy\" decoding=\"async\" class=\"size-full wp-image-3088 alignnone\" src=\"https:\/\/storage.googleapis.com\/smartphoto-express-production-wp-blogs-com\/10\/2016\/12\/les-bonnes-r\u00e9solutions-diner-entre-filles.jpg\" alt=\"les bonnes r\u00e9solutions\" width=\"600\" height=\"400\"><\/a><\/h2>\n<div style=\"text-align: left\">Source image : <a href=\"http:\/\/www.laminutedemy.com\/les-soirees-entre-filles\/\" target=\"_blank\" rel=\"noopener noreferrer\">Laminutedemy<\/a><\/div>\n<p style=\"text-align: left\">Les enfants, les courses, le m\u00e9nage, le travail, consacrer du temps \u00e0 son amoureux&#8230; La plupart d&rsquo;entre nous ont une vie bien remplie. Mais il ne manque pas quelque chose au tableau&nbsp;? Si&nbsp;! Les copines&nbsp;! On trouve rarement le temps de se retrouver toutes ensemble. Pourtant, c&rsquo;est hyper important pour fuir le train train quotidien qui a tendance \u00e0 nous envahir.<\/p>\n<p style=\"text-align: left\">Alors \u00e0 partir de 2018, on met un point d&rsquo;honneur \u00e0 organiser <strong>un d\u00eener entre filles au moins une fois par mois<\/strong>. Effet bonne humeur garanti&nbsp;!<\/p>\n<h2>Se souvenir des anniversaires<\/h2>\n<h2 style=\"text-align: justify\"><a href=\"https:\/\/www.smartphoto.fr\/calendrier-photo\/calendrier-anniversaire\" target=\"_blank\" rel=\"noopener noreferrer\"><img loading=\"lazy\" decoding=\"async\" class=\"alignnone wp-image-3095 size-full\" title=\"les bonnes r\u00e9solutions; Se souvenir des anniversaires de la famille et des proches\" src=\"https:\/\/storage.googleapis.com\/smartphoto-express-production-wp-blogs-com\/10\/2016\/12\/les-bonnes-r\u00e9solutions-calendrier-personnalise-2016-anniversaire-1-1.png\" alt=\"les bonnes r\u00e9solutions; Se souvenir des anniversaires de la famille et des proches\" width=\"464\" height=\"693\"><\/a><a href=\"https:\/\/www.smartphoto.fr\/calendrier-photo\/calendrier-anniversaire\" target=\"_blank\" rel=\"noopener noreferrer\"><img loading=\"lazy\" decoding=\"async\" class=\"alignnone wp-image-3094 size-full\" title=\"les bonnes r\u00e9solutions; Se souvenir des anniversaires de la famille et des proches\" src=\"https:\/\/storage.googleapis.com\/smartphoto-express-production-wp-blogs-com\/10\/2016\/12\/les-bonnes-r\u00e9solutions-calendrier-personnalise-2016-anniversaire-1-2.png\" alt=\"les bonnes r\u00e9solutions; Se souvenir des anniversaires de la famille et des proches\" width=\"470\" height=\"694\"><\/a><\/h2>\n<div style=\"text-align: left\">Source image :<a href=\"https:\/\/www.smartphoto.fr\/calendrier-photo\/calendrier-anniversaire\" target=\"_blank\" rel=\"noopener noreferrer\"> smartphoto<\/a><\/div>\n<div style=\"text-align: justify\">\n<p>Plus on vieillit, plus on perd de neurones, et plus on perd la m\u00e9moire. Vous avez d\u00e9j\u00e0 essuy\u00e9 la vexation de l&rsquo;un de vos proches parce que vous aviez oubli\u00e9 son anniversaire&nbsp;? Moi, oui, j&rsquo;ai pass\u00e9 un sale quart d&rsquo;heure, et je ne veux plus jamais faire cet affront \u00e0 ceux que j&rsquo;aime. Ma solution&nbsp;? J&rsquo;ai investi dans un <a href=\"https:\/\/www.smartphoto.fr\/calendrier-photo\/calendrier-anniversaire\" target=\"_blank\" rel=\"noopener noreferrer\">calendrier sp\u00e9cial anniversaire<\/a> de chez Smartphoto&nbsp;: il ne comporte pas d&rsquo;ann\u00e9e, ni de jour, et vous pouvez le r\u00e9utiliser tous les ans. Plus aucune excuse pour zapper en 2018, ou alors c&rsquo;est que vous le faites expr\u00e8s&nbsp;! D\u00e9couvrez toutes nos astuces pour <a title=\"Calendrier anniversaire personnalis\u00e9 : 7 astuces pour sublimer votre calendrier\" href=\"https:\/\/www.smartphoto.fr\/inspiration\/calendrier-anniversaire-personnalise\" target=\"_blank\" rel=\"noopener noreferrer\">r\u00e9aliser un chouette calendrier anniversaire personnalis\u00e9<\/a>.<\/p>\n<h2 style=\"text-align: justify\">Prendre du temps pour son couple<\/h2>\n<p style=\"text-align: justify\">Etre en couple, c&rsquo;est souvent se voir chaque jour que Dieu fait, mais \u00e7a ne veut pas forc\u00e9ment dire passer du temps ensemble, ni partager des activit\u00e9s. On ne le r\u00e9p\u00e9tera jamais assez, la routine est un facteur nocif pour le couple&nbsp;: combien de gens vivent c\u00f4te \u00e0 c\u00f4te tous les jours sans m\u00eame se regarder&nbsp;? Pour oxyg\u00e9ner votre couple, vous devez passer du temps exclusivement en duo, sans les enfants, sans les amis (et surtout sans la belle-m\u00e8re). Des sites comme <a href=\"http:\/\/escapadesamoureuses.com\/\" target=\"_blank\" rel=\"noopener noreferrer\">escapadesamoureuses.com<\/a> sont sp\u00e9cialement con\u00e7us pour les week-end (ou les semaines) en amoureux. A visiter d&rsquo;urgence pour programmer votre prochain moment rien que tous les deux.<\/p>\n<h2 style=\"text-align: justify\">Enfin trier ses photos<\/h2>\n<h2 style=\"text-align: justify\"><a href=\"https:\/\/www.smartphoto.fr\/livre-photo\" target=\"_blank\" rel=\"noopener noreferrer\"><img loading=\"lazy\" decoding=\"async\" class=\"wp-image-3089 alignnone\" src=\"https:\/\/storage.googleapis.com\/smartphoto-express-production-wp-blogs-com\/10\/2016\/12\/les-bonnes-r\u00e9solutions-livres-photo.jpg\" alt=\"les bonnes r\u00e9solutions\" width=\"594\" height=\"484\"><\/a><\/h2>\n<h2 style=\"text-align: justify\"><a href=\"https:\/\/www.smartphoto.fr\/tirage-photo\/developpement-photo\" target=\"_blank\" rel=\"noopener noreferrer\"><img loading=\"lazy\" decoding=\"async\" class=\"size-full wp-image-3090 alignnone\" src=\"https:\/\/storage.googleapis.com\/smartphoto-express-production-wp-blogs-com\/10\/2016\/12\/les-bonnes-resolutions-photo.png\" alt=\"les bonnes r\u00e9solutions\" width=\"603\" height=\"434\"><\/a><\/h2>\n<p style=\"text-align: justify\">Source image : <a href=\"https:\/\/www.smartphoto.fr\/produits\" target=\"_blank\" rel=\"noopener noreferrer\">smartphoto<\/a><\/p>\n<\/div>\n<div style=\"text-align: justify\">Se mettre \u00e0 jour dans ses photos, c&rsquo;est toujours inscrit sur la liste des choses \u00e0 faire. Mais le probl\u00e8me, c&rsquo;est que \u00e7a reste sur la TO DO LIST, et que c&rsquo;est toujours le m\u00eame carnage dans votre r\u00e9pertoire photo. Alors pour 2018, prenez un moment pour tout trier par ordre chronologique, faire des dossiers, et effacer les photos floues ou rat\u00e9es (profitez-en pour vous d\u00e9barrasser discr\u00e8tement de celles o\u00f9 vous n&rsquo;\u00eates pas \u00e0 votre avantage). Pensez \u00e0<a href=\"https:\/\/www.smartphoto.fr\/livre-photo\" target=\"_blank\" rel=\"noopener noreferrer\"> r\u00e9aliser un album photo<\/a> avec les moments forts de l&rsquo;ann\u00e9e pr\u00e9c\u00e9dente. Et si vous pr\u00e9f\u00e9rez<a title=\"7 id\u00e9es pour un album photo scrapbooking d\u00e9tonant !\" href=\"https:\/\/www.smartphoto.fr\/inspiration\/un-album-photo-scrapbooking-detonant\" target=\"_blank\" rel=\"noopener noreferrer\"> le scrapbooking<\/a>, imprimez-vos<a href=\"https:\/\/www.smartphoto.fr\/tirage-photo\/developpement-photo\" target=\"_blank\" rel=\"noopener noreferrer\"> photos \u00e0 diff\u00e9rents formats<\/a> : carr\u00e9, r\u00e9tro, classic, noir &amp; blanc&#8230;<\/div>\n<div style=\"text-align: justify\">\n<h2>Se lever 10 minutes plus t\u00f4t<\/h2>\n<\/div>\n<div style=\"text-align: justify\"><a href=\"https:\/\/storage.googleapis.com\/smartphoto-express-production-wp-blogs-com\/10\/2016\/12\/les-bonnes-r\u00e9solutions-se-lever-10-min-plus-tot.jpg\"><img loading=\"lazy\" decoding=\"async\" class=\"size-full wp-image-3091 alignnone\" src=\"https:\/\/storage.googleapis.com\/smartphoto-express-production-wp-blogs-com\/10\/2016\/12\/les-bonnes-r\u00e9solutions-se-lever-10-min-plus-tot.jpg\" alt=\"les bonnes r\u00e9solutions\" width=\"849\" height=\"566\"><\/a><\/div>\n<div><\/div>\n<div style=\"text-align: justify\">Une r\u00e9solution que j&rsquo;ai tra\u00een\u00e9e pendant de nombreuses ann\u00e9es, c&rsquo;est celle de<strong> me lever plus t\u00f4t<\/strong>. Apr\u00e8s m&rsquo;\u00eatre fait violence, avoir d\u00e9truit plusieurs r\u00e9veils \u00e0 coup de poings, pour finalement me complaire dans le discours fataliste du \u00ab&nbsp;Que voulez-vous&nbsp;? Je suis pas du matin&#8230;&nbsp;\u00bb, j&rsquo;ai trouv\u00e9 la solution&nbsp;! Pas besoin de se lever aux aurores, j&rsquo;ai d\u00e9couvert que le fait de programmer son r\u00e9veil dix minutes plus t\u00f4t changeait tout&nbsp;! Ainsi, je pars d\u00e9sormais moins stress\u00e9e, et je ne me dis plus que je vais me maquiller dans la voiture au feu rouge (de toute fa\u00e7on, c&rsquo;est interdit!). Si vous d\u00e9cidez de vous lancer dans une toute nouvelle routine matinale en 2018, d\u00e9couvrez notre article pour<a title=\"Une routine matinale plus rapide en 10 astuces !\" href=\"https:\/\/www.smartphoto.fr\/inspiration\/routine-matinale\" target=\"_blank\" rel=\"noopener noreferrer\"> maximiser son temps pour une routine matinale efficace <\/a>!<\/div>\n<div style=\"text-align: justify\"><\/div>\n<h2 style=\"text-align: justify\">Voyager !<\/h2>\n<h2 style=\"text-align: justify\"><a style=\"text-align: center;font-size: 16px\" href=\"https:\/\/storage.googleapis.com\/smartphoto-express-production-wp-blogs-com\/10\/2016\/12\/les-bonnes-r\u00e9solutions-carnet-de-voayge.jpg\"><img loading=\"lazy\" decoding=\"async\" class=\"size-full wp-image-3087 alignnone\" src=\"https:\/\/storage.googleapis.com\/smartphoto-express-production-wp-blogs-com\/10\/2016\/12\/les-bonnes-r\u00e9solutions-carnet-de-voayge.jpg\" alt=\"les bonnes r\u00e9solutions\" width=\"392\" height=\"392\"><\/a><\/h2>\n<h2 style=\"text-align: justify\"><strong><span style=\"text-align: center;font-size: 16px\">Source image : le carnet de voyage chez <\/span><a style=\"text-align: center;font-size: 16px\" href=\"http:\/\/www.natureetdecouvertes.com\/livre\/papeterie-et-almanachs\/carnets\/petit-carnet-de-voyage-14105930\" target=\"_blank\" rel=\"noopener noreferrer\">Nature et d\u00e9couvertes<\/a><\/strong><\/h2>\n<p style=\"text-align: justify\">Comme je ne cesse de le r\u00e9p\u00e9ter \u00e0 mes enfants,<strong> voyager et d\u00e9couvrir de nouvelles cultures est essentiel<\/strong>. Pourtant, on en parle souvent sur le ton de la r\u00eavasserie, et ces projets restent souvent \u00e0 l&rsquo;\u00e9tat de projets lointains gr\u00e2ce aux bonnes excuses habituelles&nbsp;: je n&rsquo;ai qu&rsquo;une semaine de vacances\/ je n&rsquo;ai pas le budget\/ il faut que je me repose. H\u00e9 bien ces excuses sont bidons&nbsp;! Il faut faire pas mal de recherches, certes, mais il est tout \u00e0 fait <strong>possible de partir pas longtemps, pour pas cher<\/strong>, et il faut se dire qu&rsquo;on n&rsquo;est pas oblig\u00e9s de faire 3 visites culturelles tous les jours, histoire de ne pas revenir de vacances plus crev\u00e9s que le jour du d\u00e9part. On pense \u00e0 prendre des notes pendant son voyage pour se rappeler des bons plans et noter les coordonn\u00e9es des personnes qu&rsquo;on a rencontr\u00e9es !<\/p>\n<p>&nbsp;<\/p>\n<h2 style=\"text-align: justify\">Des petites attentions<\/h2>\n<h2 style=\"text-align: justify\"><a href=\"https:\/\/storage.googleapis.com\/smartphoto-express-production-wp-blogs-com\/10\/2016\/12\/les-bonnes-r\u00e9solutions-attentions-proches.jpg\"><img loading=\"lazy\" decoding=\"async\" class=\"size-full wp-image-3093 alignnone\" src=\"https:\/\/storage.googleapis.com\/smartphoto-express-production-wp-blogs-com\/10\/2016\/12\/les-bonnes-r\u00e9solutions-attentions-proches.jpg\" alt=\"les bonnes r\u00e9solutions\" width=\"736\" height=\"981\"><\/a><\/h2>\n<p style=\"text-align: justify\">Source image :<a href=\"https:\/\/www.pinterest.com\/pin\/ARWZiyibzTqbiRUp1_z2UVLWQaDNs1FbAmXE2brx2cOTwdGlezxWm1g\/\" target=\"_blank\" rel=\"noopener noreferrer\"> Pinterest<\/a><\/p>\n<div style=\"text-align: justify\">Le stress des cadeaux de No\u00ebl a an\u00e9anti votre moral&nbsp;? Pour en faire moins \u00e0 l&rsquo;approche d&rsquo;un tel \u00e9v\u00e9nement, dites vous que <strong>les cadeaux et les attentions sont bienvenus tout au long de l&rsquo;ann\u00e9e<\/strong>, pas besoin d&rsquo;occasion particuli\u00e8re&nbsp;! Aussi, quand vous voyez quelque chose qui pourrait plaire \u00e0 votre moiti\u00e9 ou \u00e0 vos proches, n&rsquo;h\u00e9sitez pas, m\u00eame si on est le 27 avril et que rien de particulier ne se passe ce jour l\u00e0.<\/div>\n<h2 style=\"text-align: justify\">Les bonnes r\u00e9solutions classiques: courir, arr\u00eater de fumer, &#8230;<\/h2>\n<h2 style=\"text-align: justify\"><a href=\"https:\/\/storage.googleapis.com\/smartphoto-express-production-wp-blogs-com\/10\/2016\/12\/les-bonnes-r\u00e9solutions-course-en-groupe.jpg\"><img loading=\"lazy\" decoding=\"async\" class=\"size-full wp-image-3092 alignnone\" src=\"https:\/\/storage.googleapis.com\/smartphoto-express-production-wp-blogs-com\/10\/2016\/12\/les-bonnes-r\u00e9solutions-course-en-groupe.jpg\" alt=\"les bonnes r\u00e9solutions\" width=\"1024\" height=\"682\"><\/a><\/h2>\n<div style=\"text-align: left\">Source image : <a href=\"http:\/\/s1119.photobucket.com\/user\/Melle_Dubndidu\/media\/Looks%202013\/courirengroupefillescrew5_zpse0dc9827.jpg.html\" target=\"_blank\" rel=\"noopener noreferrer\">Photobucket<\/a><\/div>\n<p style=\"text-align: justify\">Parmi les bonnes r\u00e9solutions qui reviennent tout le temps, arrivent en t\u00eate de liste&nbsp;: perdre du poids et arr\u00eater de fumer. Tr\u00e8s communes, ce sont aussi celles qui sont le plus souvent abandonn\u00e9es&nbsp;! Pourquoi&nbsp;? Parce que le fait de prendre de bonnes r\u00e9solutions ne rend pas la chose magique,&nbsp;<strong>il faut surtout vous fixer des objectifs que vous pourrez tenir<\/strong>.<\/p>\n<p style=\"text-align: justify\">Comment&nbsp;? H\u00e9 bien tout d&rsquo;abord, on commence par \u00eatre honn\u00eate avec soi m\u00eame&nbsp;: arr\u00eater de fumer d&rsquo;un seul coup si on est une grosse fumeuse, il faut se rendre \u00e0 l&rsquo;\u00e9vidence, c&rsquo;est impossible si ce n&rsquo;est pas progressif, et m\u00eame avec les meilleurs patchs du monde&nbsp;! Pr\u00e9f\u00e9rez une diminution progressive, par exemple en rempla\u00e7ant vos cigarettes habituelles contre une cigarette \u00e9lectronique. Il en va de m\u00eame pour les r\u00e9gimes&nbsp;: personne ne tient le coup en mangeant de la salade verte sans assaisonnement et des pommes vertes pendant un mois entier. Il vaut mieux y aller progressivement pour se donner une chance de respecter ses objectifs. Cela demande de la patience, mais cela vous \u00e9vitera de cloper une cartouche enti\u00e8re sur deux jours, ou de d\u00e9valiser le p\u00e2tissier du coin en macarons et autres flans et puddings d\u00e8s que la frustration sera trop grande et impossible \u00e0 g\u00e9rer.<\/p>\n<p style=\"text-align: justify\">M\u00eame principe pour le sport&nbsp;: il est inutile de vous dire que vous allez faire de l&rsquo;exercice chaque jour avec acharnement si vous \u00eates un peu flemmarde de nature. Il est plus intelligent de <strong>motiver une copine, une coll\u00e8gue ou quelqu&rsquo;un de la famille pour vous motiver \u00e0 aller ensemble \u00e0 la salle de sport<\/strong>. A date et heure convenue ensemble, vous ne pourrez pas procrastiner avec le tr\u00e8s rassurant &lsquo;J&rsquo;irais demain&rsquo;.<\/p>\n<p style=\"text-align: justify\">Vous l&rsquo;aurez compris, <strong>prendre des bonnes r\u00e9solutions, \u00e7a part d&rsquo;un bon sentiment, mais s&rsquo;y teni<\/strong>r, c&rsquo;est une autre paire de manches. La chose \u00e0 retenir est de vous fixer des objectifs r\u00e9alistes sous peine de tout laisser tomber. Et pour jauger ce dont vous \u00eates capable ou non, rien de tel que d&rsquo;\u00eatre honn\u00eate avec vous m\u00eame, et \u00e7a, ce n&rsquo;est pas une r\u00e9solution, c&rsquo;est une r\u00e9volution&nbsp;!<\/p>\n<p style=\"text-align: justify\"><span style=\"font-weight: bold;color: #545454\">Vous avez d&rsquo;autres r\u00e9solutions pour l&rsquo;ann\u00e9e 2018 ? Partagez-les avec nous sur&nbsp;&nbsp;<a style=\"color: #ff8584\" href=\"https:\/\/www.facebook.com\/smartphoto.fr\" target=\"_blank\" rel=\"noopener noreferrer\">Facebook<\/a>,&nbsp;<a style=\"color: #ff8584\" href=\"https:\/\/twitter.com\/smartphoto_fr\" target=\"_blank\" rel=\"noopener noreferrer\">Twitter<\/a>,&nbsp;<a style=\"color: #ff8584\" href=\"https:\/\/instagram.com\/smartphoto_fr\/\" target=\"_blank\" rel=\"noopener noreferrer\">Instagram<\/a>, ou&nbsp;<a style=\"color: #ff8584\" href=\"https:\/\/www.pinterest.com\/smartphotofr\/\" target=\"_blank\" rel=\"noopener noreferrer\">Pinterest<\/a>&nbsp;avec le hashtag #smartphoto !<\/span><\/p>\n<div style=\"text-align: justify\"><\/div>\n<div style=\"text-align: justify\"><a href=\"https:\/\/www.smartphoto.fr\/produits\" target=\"_blank\" rel=\"noopener noreferrer\"><img loading=\"lazy\" decoding=\"async\" class=\"alignnone wp-image-3125 size-full\" title=\"D\u00e9nichez les plus chouettes cadeaux photo sur smartphoto.fr\" src=\"https:\/\/storage.googleapis.com\/smartphoto-express-production-wp-blogs-com\/10\/2016\/12\/CTAFrance.jpg\" alt=\"D\u00e9nichez les plus chouettes cadeaux photo sur smartphoto.fr\" width=\"700\" height=\"250\"><\/a><\/div>\n<div style=\"text-align: justify\"><\/div>\n","protected":false},"excerpt":{"rendered":"<p>Les bonnes r\u00e9solutions pour 2018 La nouvelle ann\u00e9e approche \u00e0 grands pas, et avec elle, jaillit tout un flot de bonnes r\u00e9solutions qui sont magnifiques sur le papier, mais qui s&rsquo;av\u00e8rent aussi, pour la plupart d&rsquo;entre nous, tout bonnement intenables&nbsp;! D\u00e9couvrez nos propositions de r\u00e9solutions tenables pour 2018 et qui vous changeront la vie ! On se fixe souvent des r\u00e9solutions intenables. En effet, devenir v\u00e9g\u00e9tarien lorsque l&rsquo;on adore le saucisson, arr\u00eater de fumer quand on fume deux paquets par jour, ou devenir un grand sportif quand on ne poss\u00e8de pas m\u00eame une paire de baskets et que le point<\/p>\n","protected":false},"author":10,"featured_media":0,"comment_status":"open","ping_status":"open","sticky":false,"template":"","format":"standard","meta":{"om_disable_all_campaigns":false,"_monsterinsights_skip_tracking":false,"_monsterinsights_sitenote_active":false,"_monsterinsights_sitenote_note":"","_monsterinsights_sitenote_category":0,"footnotes":""},"categories":[16,79],"tags":[],"class_list":["post-3086","post","type-post","status-publish","format-standard","hentry","category-idees","category-nouvel-an"],"yoast_head":"<!-- This site is optimized with the Yoast SEO plugin v23.8 - https:\/\/yoast.com\/wordpress\/plugins\/seo\/ -->\n<title>Nouvel an : les bonnes r\u00e9solutions pour 2018<\/title>\n<meta name=\"description\" content=\"Les bonnes r\u00e9solutions pour 2018 : d\u00e9couvrez nos propositions de r\u00e9solutions tenables pour 2018 qui vous changeront la vie !\" \/>\n<meta name=\"robots\" content=\"index, follow, max-snippet:-1, max-image-preview:large, max-video-preview:-1\" \/>\n<link rel=\"canonical\" href=\"https:\/\/www.smartphoto.fr\/inspiration\/les-bonnes-resolutions-pour-2018\" \/>\n<meta property=\"og:locale\" content=\"fr_FR\" \/>\n<meta property=\"og:type\" content=\"article\" \/>\n<meta property=\"og:title\" content=\"Nouvel an : les bonnes r\u00e9solutions pour 2018\" \/>\n<meta property=\"og:description\" content=\"Les bonnes r\u00e9solutions pour 2018 : d\u00e9couvrez nos propositions de r\u00e9solutions tenables pour 2018 qui vous changeront la vie !\" \/>\n<meta property=\"og:url\" content=\"\/inspiration\/les-bonnes-resolutions-pour-2018\" \/>\n<meta property=\"og:site_name\" content=\"smartphoto FR\" \/>\n<meta property=\"article:publisher\" content=\"https:\/\/www.facebook.com\/smartphoto.fr\" \/>\n<meta property=\"article:published_time\" content=\"2017-12-26T12:27:05+00:00\" \/>\n<meta property=\"article:modified_time\" content=\"2022-03-08T14:00:37+00:00\" \/>\n<meta property=\"og:image\" content=\"https:\/\/storage.googleapis.com\/smartphoto-express-production-wp-blogs-com\/10\/2015\/12\/Les-bonnes-resolutions-cover-Fr.jpg\" \/>\n\t<meta property=\"og:image:width\" content=\"700\" \/>\n\t<meta property=\"og:image:height\" content=\"366\" \/>\n\t<meta property=\"og:image:type\" content=\"image\/jpeg\" \/>\n<meta name=\"author\" content=\"Claire\" \/>\n<meta name=\"twitter:card\" content=\"summary_large_image\" \/>\n<meta name=\"twitter:creator\" content=\"@smartphoto_fr\" \/>\n<meta name=\"twitter:site\" content=\"@smartphoto_fr\" \/>\n<meta name=\"twitter:label1\" content=\"Written by\" \/>\n\t<meta name=\"twitter:data1\" content=\"Claire\" \/>\n\t<meta name=\"twitter:label2\" content=\"Est. reading time\" \/>\n\t<meta name=\"twitter:data2\" content=\"7 minutes\" \/>\n<script type=\"application\/ld+json\" class=\"yoast-schema-graph\">{\"@context\":\"https:\/\/schema.org\",\"@graph\":[{\"@type\":\"WebPage\",\"@id\":\"\/inspiration\/les-bonnes-resolutions-pour-2018\",\"url\":\"https:\/\/www.smartphoto.fr\/inspiration\/les-bonnes-resolutions-pour-2018\",\"name\":\"Nouvel an : les bonnes r\u00e9solutions pour 2018\",\"isPartOf\":{\"@id\":\"https:\/\/www.smartphoto.fr\/inspiration\/#website\"},\"primaryImageOfPage\":{\"@id\":\"https:\/\/www.smartphoto.fr\/inspiration\/les-bonnes-resolutions-pour-2018#primaryimage\"},\"image\":{\"@id\":\"https:\/\/www.smartphoto.fr\/inspiration\/les-bonnes-resolutions-pour-2018#primaryimage\"},\"thumbnailUrl\":\"https:\/\/storage.googleapis.com\/smartphoto-express-production-wp-blogs-com\/10\/2015\/12\/Les-bonnes-resolutions-cover-Fr.jpg\",\"datePublished\":\"2017-12-26T12:27:05+00:00\",\"dateModified\":\"2022-03-08T14:00:37+00:00\",\"author\":{\"@id\":\"https:\/\/www.smartphoto.fr\/inspiration\/#\/schema\/person\/b743c2a89fcff4d18195130bb0259ffe\"},\"description\":\"Les bonnes r\u00e9solutions pour 2018 : d\u00e9couvrez nos propositions de r\u00e9solutions tenables pour 2018 qui vous changeront la vie !\",\"breadcrumb\":{\"@id\":\"https:\/\/www.smartphoto.fr\/inspiration\/les-bonnes-resolutions-pour-2018#breadcrumb\"},\"inLanguage\":\"fr-FR\",\"potentialAction\":[{\"@type\":\"ReadAction\",\"target\":[\"https:\/\/www.smartphoto.fr\/inspiration\/les-bonnes-resolutions-pour-2018\"]}]},{\"@type\":\"ImageObject\",\"inLanguage\":\"fr-FR\",\"@id\":\"https:\/\/www.smartphoto.fr\/inspiration\/les-bonnes-resolutions-pour-2018#primaryimage\",\"url\":\"https:\/\/storage.googleapis.com\/smartphoto-express-production-wp-blogs-com\/10\/2015\/12\/Les-bonnes-resolutions-cover-Fr.jpg\",\"contentUrl\":\"https:\/\/storage.googleapis.com\/smartphoto-express-production-wp-blogs-com\/10\/2015\/12\/Les-bonnes-resolutions-cover-Fr.jpg\"},{\"@type\":\"BreadcrumbList\",\"@id\":\"https:\/\/www.smartphoto.fr\/inspiration\/les-bonnes-resolutions-pour-2018#breadcrumb\",\"itemListElement\":[{\"@type\":\"ListItem\",\"position\":1,\"name\":\"Home\",\"item\":\"https:\/\/www.smartphoto.fr\/inspiration\/\"},{\"@type\":\"ListItem\",\"position\":2,\"name\":\"Nouvel An : les bonnes r\u00e9solutions pour 2018\"}]},{\"@type\":\"WebSite\",\"@id\":\"https:\/\/www.smartphoto.fr\/inspiration\/#website\",\"url\":\"https:\/\/www.smartphoto.fr\/inspiration\/\",\"name\":\"smartphoto FR\",\"description\":\"Le blog de smartphoto France.\",\"potentialAction\":[{\"@type\":\"SearchAction\",\"target\":{\"@type\":\"EntryPoint\",\"urlTemplate\":\"https:\/\/www.smartphoto.fr\/inspiration\/?s={search_term_string}\"},\"query-input\":{\"@type\":\"PropertyValueSpecification\",\"valueRequired\":true,\"valueName\":\"search_term_string\"}}],\"inLanguage\":\"fr-FR\"},{\"@type\":\"Person\",\"@id\":\"https:\/\/www.smartphoto.fr\/inspiration\/#\/schema\/person\/b743c2a89fcff4d18195130bb0259ffe\",\"name\":\"Claire\",\"image\":{\"@type\":\"ImageObject\",\"inLanguage\":\"fr-FR\",\"@id\":\"https:\/\/www.smartphoto.fr\/inspiration\/#\/schema\/person\/image\/\",\"url\":\"https:\/\/secure.gravatar.com\/avatar\/9f27a09fb8046031a47a9f22ce0ca8e9?s=96&d=mm&r=g\",\"contentUrl\":\"https:\/\/secure.gravatar.com\/avatar\/9f27a09fb8046031a47a9f22ce0ca8e9?s=96&d=mm&r=g\",\"caption\":\"Claire\"},\"description\":\"Claire, 26 ans, passionn\u00e9e de voyages et de danse. J\u2019adore d\u00e9nicher les nouveaut\u00e9s DIY et d\u00e9coration. Je blogue pour smartphoto les astuces \u00e0 r\u00e9aliser avec vos photos.\",\"url\":\"https:\/\/www.smartphoto.fr\/inspiration\/author\/claire\"}]}<\/script>\n<!-- \/ Yoast SEO plugin. -->","yoast_head_json":{"title":"Nouvel an : les bonnes r\u00e9solutions pour 2018","description":"Les bonnes r\u00e9solutions pour 2018 : d\u00e9couvrez nos propositions de r\u00e9solutions tenables pour 2018 qui vous changeront la vie !","robots":{"index":"index","follow":"follow","max-snippet":"max-snippet:-1","max-image-preview":"max-image-preview:large","max-video-preview":"max-video-preview:-1"},"canonical":"https:\/\/www.smartphoto.fr\/inspiration\/les-bonnes-resolutions-pour-2018","og_locale":"fr_FR","og_type":"article","og_title":"Nouvel an : les bonnes r\u00e9solutions pour 2018","og_description":"Les bonnes r\u00e9solutions pour 2018 : d\u00e9couvrez nos propositions de r\u00e9solutions tenables pour 2018 qui vous changeront la vie !","og_url":"\/inspiration\/les-bonnes-resolutions-pour-2018","og_site_name":"smartphoto FR","article_publisher":"https:\/\/www.facebook.com\/smartphoto.fr","article_published_time":"2017-12-26T12:27:05+00:00","article_modified_time":"2022-03-08T14:00:37+00:00","og_image":[{"width":700,"height":366,"url":"https:\/\/storage.googleapis.com\/smartphoto-express-production-wp-blogs-com\/10\/2015\/12\/Les-bonnes-resolutions-cover-Fr.jpg","type":"image\/jpeg"}],"author":"Claire","twitter_card":"summary_large_image","twitter_creator":"@smartphoto_fr","twitter_site":"@smartphoto_fr","twitter_misc":{"Written by":"Claire","Est. reading time":"7 minutes"},"schema":{"@context":"https:\/\/schema.org","@graph":[{"@type":"WebPage","@id":"\/inspiration\/les-bonnes-resolutions-pour-2018","url":"https:\/\/www.smartphoto.fr\/inspiration\/les-bonnes-resolutions-pour-2018","name":"Nouvel an : les bonnes r\u00e9solutions pour 2018","isPartOf":{"@id":"https:\/\/www.smartphoto.fr\/inspiration\/#website"},"primaryImageOfPage":{"@id":"https:\/\/www.smartphoto.fr\/inspiration\/les-bonnes-resolutions-pour-2018#primaryimage"},"image":{"@id":"https:\/\/www.smartphoto.fr\/inspiration\/les-bonnes-resolutions-pour-2018#primaryimage"},"thumbnailUrl":"https:\/\/storage.googleapis.com\/smartphoto-express-production-wp-blogs-com\/10\/2015\/12\/Les-bonnes-resolutions-cover-Fr.jpg","datePublished":"2017-12-26T12:27:05+00:00","dateModified":"2022-03-08T14:00:37+00:00","author":{"@id":"https:\/\/www.smartphoto.fr\/inspiration\/#\/schema\/person\/b743c2a89fcff4d18195130bb0259ffe"},"description":"Les bonnes r\u00e9solutions pour 2018 : d\u00e9couvrez nos propositions de r\u00e9solutions tenables pour 2018 qui vous changeront la vie !","breadcrumb":{"@id":"https:\/\/www.smartphoto.fr\/inspiration\/les-bonnes-resolutions-pour-2018#breadcrumb"},"inLanguage":"fr-FR","potentialAction":[{"@type":"ReadAction","target":["https:\/\/www.smartphoto.fr\/inspiration\/les-bonnes-resolutions-pour-2018"]}]},{"@type":"ImageObject","inLanguage":"fr-FR","@id":"https:\/\/www.smartphoto.fr\/inspiration\/les-bonnes-resolutions-pour-2018#primaryimage","url":"https:\/\/storage.googleapis.com\/smartphoto-express-production-wp-blogs-com\/10\/2015\/12\/Les-bonnes-resolutions-cover-Fr.jpg","contentUrl":"https:\/\/storage.googleapis.com\/smartphoto-express-production-wp-blogs-com\/10\/2015\/12\/Les-bonnes-resolutions-cover-Fr.jpg"},{"@type":"BreadcrumbList","@id":"https:\/\/www.smartphoto.fr\/inspiration\/les-bonnes-resolutions-pour-2018#breadcrumb","itemListElement":[{"@type":"ListItem","position":1,"name":"Home","item":"https:\/\/www.smartphoto.fr\/inspiration\/"},{"@type":"ListItem","position":2,"name":"Nouvel An : les bonnes r\u00e9solutions pour 2018"}]},{"@type":"WebSite","@id":"https:\/\/www.smartphoto.fr\/inspiration\/#website","url":"https:\/\/www.smartphoto.fr\/inspiration\/","name":"smartphoto FR","description":"Le blog de smartphoto France.","potentialAction":[{"@type":"SearchAction","target":{"@type":"EntryPoint","urlTemplate":"https:\/\/www.smartphoto.fr\/inspiration\/?s={search_term_string}"},"query-input":{"@type":"PropertyValueSpecification","valueRequired":true,"valueName":"search_term_string"}}],"inLanguage":"fr-FR"},{"@type":"Person","@id":"https:\/\/www.smartphoto.fr\/inspiration\/#\/schema\/person\/b743c2a89fcff4d18195130bb0259ffe","name":"Claire","image":{"@type":"ImageObject","inLanguage":"fr-FR","@id":"https:\/\/www.smartphoto.fr\/inspiration\/#\/schema\/person\/image\/","url":"https:\/\/secure.gravatar.com\/avatar\/9f27a09fb8046031a47a9f22ce0ca8e9?s=96&d=mm&r=g","contentUrl":"https:\/\/secure.gravatar.com\/avatar\/9f27a09fb8046031a47a9f22ce0ca8e9?s=96&d=mm&r=g","caption":"Claire"},"description":"Claire, 26 ans, passionn\u00e9e de voyages et de danse. J\u2019adore d\u00e9nicher les nouveaut\u00e9s DIY et d\u00e9coration. Je blogue pour smartphoto les astuces \u00e0 r\u00e9aliser avec vos photos.","url":"https:\/\/www.smartphoto.fr\/inspiration\/author\/claire"}]}},"_links":{"self":[{"href":"https:\/\/www.smartphoto.fr\/inspiration\/wp-json\/wp\/v2\/posts\/3086","targetHints":{"allow":["GET"]}}],"collection":[{"href":"https:\/\/www.smartphoto.fr\/inspiration\/wp-json\/wp\/v2\/posts"}],"about":[{"href":"https:\/\/www.smartphoto.fr\/inspiration\/wp-json\/wp\/v2\/types\/post"}],"author":[{"embeddable":true,"href":"https:\/\/www.smartphoto.fr\/inspiration\/wp-json\/wp\/v2\/users\/10"}],"replies":[{"embeddable":true,"href":"https:\/\/www.smartphoto.fr\/inspiration\/wp-json\/wp\/v2\/comments?post=3086"}],"version-history":[{"count":8,"href":"https:\/\/www.smartphoto.fr\/inspiration\/wp-json\/wp\/v2\/posts\/3086\/revisions"}],"predecessor-version":[{"id":10996,"href":"https:\/\/www.smartphoto.fr\/inspiration\/wp-json\/wp\/v2\/posts\/3086\/revisions\/10996"}],"wp:attachment":[{"href":"https:\/\/www.smartphoto.fr\/inspiration\/wp-json\/wp\/v2\/media?parent=3086"}],"wp:term":[{"taxonomy":"category","embeddable":true,"href":"https:\/\/www.smartphoto.fr\/inspiration\/wp-json\/wp\/v2\/categories?post=3086"},{"taxonomy":"post_tag","embeddable":true,"href":"https:\/\/www.smartphoto.fr\/inspiration\/wp-json\/wp\/v2\/tags?post=3086"}],"curies":[{"name":"wp","href":"https:\/\/api.w.org\/{rel}","templated":true}]}}