{"id":2844,"date":"2015-10-19T15:47:18","date_gmt":"2015-10-19T13:47:18","guid":{"rendered":"http:\/\/www.wistiti.fr\/?p=2844"},"modified":"2025-10-21T13:42:53","modified_gmt":"2025-10-21T11:42:53","slug":"decoration-murale-salon-4-idees","status":"publish","type":"post","link":"https:\/\/www.smartphoto.fr\/inspiration\/decoration-murale-salon-4-idees","title":{"rendered":"D\u00e9coration murale salon : 4 id\u00e9es pour habiller vos murs blancs"},"content":{"rendered":"<p style=\"text-align: justify\">D\u00e9couvrez 4 id\u00e9es de d\u00e9coration murale salon qui s&rsquo;adaptent \u00e0 tous les styles pour habiller vos pans de murs vides !<!--moremore-->La d\u00e9coration de votre salon a beau \u00eatre <strong>chaleureuse et soign\u00e9e<\/strong>, si les murs sont laiss\u00e9s blancs, il en r\u00e9sulte indiscutablement un effet de \u00ab vide \u00bb. \u00a0Cela g\u00e2che le r\u00e9sultat d\u2019ensemble, malgr\u00e9 toute l\u2019attention que vous avez port\u00e9e au choix des meubles et aux objets de d\u00e9coration. Heureusement, ce probl\u00e8me peut ais\u00e9ment \u00eatre corrig\u00e9 gr\u00e2ce \u00e0 des astuces simples.<\/p>\n<h2 style=\"text-align: justify\"><span style=\"font-weight: 400\">D\u00e9coration murale salon : Une horloge de style anglais<\/span><\/h2>\n<p style=\"text-align: justify\">Pour joindre l\u2019utile \u00e0 l\u2019agr\u00e9able, une horloge de style anglais trouve tout \u00e0 fait sa place dans une d\u00e9coration salon. Il en existe de toutes les tailles. Si le mur que vous souhaitez d\u00e9corer est enti\u00e8rement vide, n\u2019h\u00e9sitez pas \u00e0 en choisir une tr\u00e8s grande, elle occupera l&rsquo;espace de la plus belle des mani\u00e8res et pourra m\u00eame devenir la pi\u00e8ce ma\u00eetresse de la\u00a0<strong>d\u00e9coration de votre s\u00e9jour<\/strong>. Si le mur est en partie occup\u00e9 par un meuble bas, comme un buffet ou une console, vous pouvez adapter la taille de l\u2019horloge en fonction.<\/p>\n<p style=\"text-align: justify\">Certaines sont \u00e9pur\u00e9es, avec simplement les aiguilles et les chiffres romains, et elles seront parfaitement adapt\u00e9es \u00e0 une<strong>\u00a0d\u00e9coration moderne<\/strong>. D\u2019autres ont plus de d\u00e9tails, et seront du plus bel effet dans un salon scandinave ou plus traditionnel.<\/p>\n<h2 style=\"text-align: justify\"><span style=\"font-weight: 400\">D\u00e9coration murale salon : Une fresque de stickers<\/span><\/h2>\n<p style=\"text-align: justify\">Les\u00a0<strong>stickers muraux<\/strong>\u00a0sont incontournables depuis quelques ann\u00e9es. Il en existe de toutes sortes et pour tous les go\u00fbts. Si vous \u00eates dans une maison ou un appartement en location, c\u2019est id\u00e9al car certains stickers sont repositionnables. De plus, ils sont souvent peu co\u00fbteux. C\u2019est un tr\u00e8s bon moyen de peaufiner sa d\u00e9coration salon \u00e0 petit prix.<\/p>\n<p style=\"text-align: justify\">Vous pouvez laisser libre cours \u00e0 votre imagination et cr\u00e9er une\u00a0<strong>v\u00e9ritable fresque<\/strong>\u00a0\u00e0 partir de plusieurs stickers du m\u00eame type, pour un r\u00e9sultat original, que vous ne verrez nulle part ailleurs.<\/p>\n<h2 style=\"text-align: justify\"><span style=\"font-weight: 400\">D\u00e9coration murale salon : Un tableau photo en alu<a href=\"https:\/\/www.smartphoto.fr\/deco-photo\/tableau-photo-sur-aluminium?utm_source=blog&amp;utm_medium=social&amp;utm_campaign=decorationmuralesalon\" target=\"_blank\" rel=\"noopener\"><img loading=\"lazy\" decoding=\"async\" class=\"aligncenter size-full wp-image-2846\" src=\"https:\/\/storage.googleapis.com\/smartphoto-express-production-wp-blogs-com\/10\/2015\/10\/decoration-murale-salon-tableau-photo-alu.jpg\" alt=\"d\u00e9coration murale salon\" width=\"768\" height=\"528\" \/><\/a><\/span><\/h2>\n<p style=\"text-align: center\"><a href=\"https:\/\/www.smartphoto.fr\/deco-photo\/tableau-photo-sur-aluminium\" target=\"_blank\" rel=\"noopener\">Tableau photo alu<\/a>\u00a0: smartphoto<\/p>\n<p style=\"text-align: justify\">Pour un \u00e9l\u00e9ment de d\u00e9coration encore plus personnalis\u00e9, vous pouvez cr\u00e9er un<strong>\u00a0tableau photo en alu<\/strong>\u00a0sur\u00a0<a href=\"https:\/\/www.smartphoto.fr\/deco-photo\/tableau-photo-sur-aluminium\" target=\"_blank\" rel=\"noopener\">smartphoto.fr<\/a>. Choisissez une photo que vous aimez particuli\u00e8rement. Il peut s\u2019agir d\u2019une photo de famille, d\u2019une photo de mariage ou tout simplement d\u2019un paysage ou d\u2019un motif. Vous pouvez \u00e9galement cr\u00e9er un p\u00eale-m\u00eale de plusieurs photos.<\/p>\n<p style=\"text-align: justify\">Le support photo alu a pour avantage de mettre particuli\u00e8rement en valeur les photos gr\u00e2ce \u00e0 une technique d\u2019impression de tr\u00e8s haute qualit\u00e9 qui respecte tous les d\u00e9tails. Il est fourni avec un syst\u00e8me de fixation qui vous permettra de l\u2019accrocher de fa\u00e7on tr\u00e8s simple sur le mur de votre choix. D\u00e9couvrez le tableau alu en profondeur par\u00a0<a title=\"Tableau photo alu : d\u00e9couverte d\u2019un mat\u00e9riau tendance\" href=\"https:\/\/www.smartphoto.fr\/inspiration\/tableau-photo-alu-materiau-tendance\" target=\"_blank\" rel=\"noopener\">ici<\/a>.<\/p>\n<p style=\"text-align: justify\">Le tableau photo alu est\u00a0<strong>moderne<\/strong>\u00a0et s\u2019accorde tr\u00e8s bien dans les salons contemporains. Il donne aussi une touche de modernit\u00e9 aux d\u00e9corations plus anciennes.<\/p>\n<p style=\"text-align: justify\">Il existe en plusieurs formats, du plus petit (30x20cm), au plus grand (120x80cm).<\/p>\n<h2 style=\"text-align: justify\"><span style=\"font-weight: 400\">D\u00e9coration murale salon : Un troph\u00e9e de chasse en carton<\/span><\/h2>\n<p style=\"text-align: justify\">Inspir\u00e9s de la d\u00e9coration scandinave, les\u00a0<strong>troph\u00e9es de chasse en carton<\/strong>\u00a0sont tr\u00e8s tendances. Ils repr\u00e9sentent des t\u00eates d\u2019animaux : cerfs, lions, \u00e9l\u00e9phants\u2026 en feuilles de cartons assembl\u00e9es pour reproduire la t\u00eate de l\u2019animal en 3D.<\/p>\n<p style=\"text-align: justify\">Elles existent en carton naturel ou en carton peint, et vous pouvez \u00e9galement les personnaliser, avec de la peinture ou des collages.<\/p>\n<p style=\"text-align: justify\">Ces quatre astuces simples vous permettront, en deux temps trois mouvements, d\u2019am\u00e9liorer\u00a0<strong>l\u2019esth\u00e9tique de votre salon<\/strong>. N\u2019h\u00e9sitez pas \u00e0 partager avec nous et les autres lecteurs vos r\u00e9alisations ou vos autres id\u00e9es ! Et pour faire le plein d&rsquo;id\u00e9es de d\u00e9coration tendance lisez notre article :\u00a0<a title=\"Tendance d\u00e9co 2016 : des id\u00e9es qui donnent du pep\u2019s \u00e0 votre int\u00e9rieur !\" href=\"https:\/\/smartphoto.fr\/inspiration\/tendance-deco-2016-des-idees-qui-donnent-du-peps-a-votre-interieur\" target=\"_blank\" rel=\"noopener\">Tendance d\u00e9co 2016 : donnez du pep&rsquo;s \u00e0 votre int\u00e9rieur<\/a>.<\/p>\n<p style=\"text-align: justify\"><strong>Partagez avec nous vos id\u00e9es de d\u00e9coration murale salon dans les commentaires ou sur\u00a0<strong style=\"color: #545454\"><a style=\"color: #ff8584\" href=\"https:\/\/www.facebook.com\/smartphoto.fr\" target=\"_blank\" rel=\"noopener\">Facebook<\/a>,\u00a0<a style=\"color: #ff8584\" href=\"https:\/\/instagram.com\/smartphoto_fr\/\" target=\"_blank\" rel=\"noopener\">Instagram<\/a>,\u00a0<a style=\"color: #ff8584\" href=\"https:\/\/www.pinterest.com\/smartphotofr\/\" target=\"_blank\" rel=\"noopener\">Pinterest<\/a>\u00a0<\/strong>avec le hashtag #mysmartphoto<\/strong><\/p>\n<p style=\"text-align: justify\"><strong><a href=\"https:\/\/www.smartphoto.fr\/deco-photo\" target=\"_blank\" rel=\"noopener\"><img loading=\"lazy\" decoding=\"async\" class=\"aligncenter wp-image-2845 size-full\" src=\"https:\/\/storage.googleapis.com\/smartphoto-express-production-wp-blogs-com\/10\/2015\/10\/banner_blog_4_FR2.png\" alt=\"d\u00e9coration murale salon\" width=\"700\" height=\"250\" \/><\/a><\/strong><\/p>\n","protected":false},"excerpt":{"rendered":"<p>D\u00e9couvrez 4 id\u00e9es de d\u00e9coration murale salon qui s&rsquo;adaptent \u00e0 tous les styles pour habiller vos pans de murs vides !<\/p>\n","protected":false},"author":10,"featured_media":0,"comment_status":"open","ping_status":"open","sticky":false,"template":"","format":"standard","meta":{"om_disable_all_campaigns":false,"_monsterinsights_skip_tracking":false,"_monsterinsights_sitenote_active":false,"_monsterinsights_sitenote_note":"","_monsterinsights_sitenote_category":0,"footnotes":""},"categories":[13],"tags":[],"class_list":["post-2844","post","type-post","status-publish","format-standard","hentry","category-decoration"],"yoast_head":"<!-- This site is optimized with the Yoast SEO plugin v23.8 - https:\/\/yoast.com\/wordpress\/plugins\/seo\/ -->\n<title>D\u00e9coration murale salon : 4 id\u00e9es pour habiller vos murs<\/title>\n<meta name=\"description\" content=\"Habillez les murs de votre salon, d\u00e9couvrez 4 id\u00e9es de d\u00e9coration murale salon qui s&#039;adaptent \u00e0 tous les styles pour habiller vos pans de murs vides !\" \/>\n<meta name=\"robots\" content=\"index, follow, max-snippet:-1, max-image-preview:large, max-video-preview:-1\" \/>\n<link rel=\"canonical\" href=\"https:\/\/www.smartphoto.fr\/inspiration\/decoration-murale-salon-4-idees\" \/>\n<meta property=\"og:locale\" content=\"fr_FR\" \/>\n<meta property=\"og:type\" content=\"article\" \/>\n<meta property=\"og:title\" content=\"D\u00e9coration murale salon : 4 id\u00e9es pour habiller vos murs\" \/>\n<meta property=\"og:description\" content=\"Habillez les murs de votre salon, d\u00e9couvrez 4 id\u00e9es de d\u00e9coration murale salon qui s&#039;adaptent \u00e0 tous les styles pour habiller vos pans de murs vides !\" \/>\n<meta property=\"og:url\" content=\"https:\/\/www.smartphoto.fr\/inspiration\/decoration-murale-salon-4-idees\" \/>\n<meta property=\"og:site_name\" content=\"smartphoto FR\" \/>\n<meta property=\"article:publisher\" content=\"https:\/\/www.facebook.com\/smartphoto.fr\" \/>\n<meta property=\"article:published_time\" content=\"2015-10-19T13:47:18+00:00\" \/>\n<meta property=\"article:modified_time\" content=\"2025-10-21T11:42:53+00:00\" \/>\n<meta property=\"og:image\" content=\"https:\/\/storage.googleapis.com\/smartphoto-express-production-wp-blogs-com\/10\/2015\/10\/D\u00e9coration-murale-salon-cover-FR-1.png\" \/>\n\t<meta property=\"og:image:width\" content=\"700\" \/>\n\t<meta property=\"og:image:height\" content=\"450\" \/>\n\t<meta property=\"og:image:type\" content=\"image\/png\" \/>\n<meta name=\"author\" content=\"Claire\" \/>\n<meta name=\"twitter:card\" content=\"summary_large_image\" \/>\n<meta name=\"twitter:creator\" content=\"@smartphoto_fr\" \/>\n<meta name=\"twitter:site\" content=\"@smartphoto_fr\" \/>\n<meta name=\"twitter:label1\" content=\"Written by\" \/>\n\t<meta name=\"twitter:data1\" content=\"Claire\" \/>\n\t<meta name=\"twitter:label2\" content=\"Est. reading time\" \/>\n\t<meta name=\"twitter:data2\" content=\"4 minutes\" \/>\n<script type=\"application\/ld+json\" class=\"yoast-schema-graph\">{\"@context\":\"https:\/\/schema.org\",\"@graph\":[{\"@type\":\"WebPage\",\"@id\":\"https:\/\/www.smartphoto.fr\/inspiration\/decoration-murale-salon-4-idees\",\"url\":\"https:\/\/www.smartphoto.fr\/inspiration\/decoration-murale-salon-4-idees\",\"name\":\"D\u00e9coration murale salon : 4 id\u00e9es pour habiller vos murs\",\"isPartOf\":{\"@id\":\"https:\/\/www.smartphoto.fr\/inspiration\/#website\"},\"primaryImageOfPage\":{\"@id\":\"https:\/\/www.smartphoto.fr\/inspiration\/decoration-murale-salon-4-idees#primaryimage\"},\"image\":{\"@id\":\"https:\/\/www.smartphoto.fr\/inspiration\/decoration-murale-salon-4-idees#primaryimage\"},\"thumbnailUrl\":\"https:\/\/storage.googleapis.com\/smartphoto-express-production-wp-blogs-com\/10\/2015\/10\/decoration-murale-salon-tableau-photo-alu.jpg\",\"datePublished\":\"2015-10-19T13:47:18+00:00\",\"dateModified\":\"2025-10-21T11:42:53+00:00\",\"author\":{\"@id\":\"https:\/\/www.smartphoto.fr\/inspiration\/#\/schema\/person\/b743c2a89fcff4d18195130bb0259ffe\"},\"description\":\"Habillez les murs de votre salon, d\u00e9couvrez 4 id\u00e9es de d\u00e9coration murale salon qui s'adaptent \u00e0 tous les styles pour habiller vos pans de murs vides !\",\"breadcrumb\":{\"@id\":\"https:\/\/www.smartphoto.fr\/inspiration\/decoration-murale-salon-4-idees#breadcrumb\"},\"inLanguage\":\"fr-FR\",\"potentialAction\":[{\"@type\":\"ReadAction\",\"target\":[\"https:\/\/www.smartphoto.fr\/inspiration\/decoration-murale-salon-4-idees\"]}]},{\"@type\":\"ImageObject\",\"inLanguage\":\"fr-FR\",\"@id\":\"https:\/\/www.smartphoto.fr\/inspiration\/decoration-murale-salon-4-idees#primaryimage\",\"url\":\"https:\/\/storage.googleapis.com\/smartphoto-express-production-wp-blogs-com\/10\/2015\/10\/decoration-murale-salon-tableau-photo-alu.jpg\",\"contentUrl\":\"https:\/\/storage.googleapis.com\/smartphoto-express-production-wp-blogs-com\/10\/2015\/10\/decoration-murale-salon-tableau-photo-alu.jpg\"},{\"@type\":\"BreadcrumbList\",\"@id\":\"https:\/\/www.smartphoto.fr\/inspiration\/decoration-murale-salon-4-idees#breadcrumb\",\"itemListElement\":[{\"@type\":\"ListItem\",\"position\":1,\"name\":\"Home\",\"item\":\"https:\/\/www.smartphoto.fr\/inspiration\/\"},{\"@type\":\"ListItem\",\"position\":2,\"name\":\"D\u00e9coration murale salon : 4 id\u00e9es pour habiller vos murs blancs\"}]},{\"@type\":\"WebSite\",\"@id\":\"https:\/\/www.smartphoto.fr\/inspiration\/#website\",\"url\":\"https:\/\/www.smartphoto.fr\/inspiration\/\",\"name\":\"smartphoto FR\",\"description\":\"Le blog de smartphoto France.\",\"potentialAction\":[{\"@type\":\"SearchAction\",\"target\":{\"@type\":\"EntryPoint\",\"urlTemplate\":\"https:\/\/www.smartphoto.fr\/inspiration\/?s={search_term_string}\"},\"query-input\":{\"@type\":\"PropertyValueSpecification\",\"valueRequired\":true,\"valueName\":\"search_term_string\"}}],\"inLanguage\":\"fr-FR\"},{\"@type\":\"Person\",\"@id\":\"https:\/\/www.smartphoto.fr\/inspiration\/#\/schema\/person\/b743c2a89fcff4d18195130bb0259ffe\",\"name\":\"Claire\",\"image\":{\"@type\":\"ImageObject\",\"inLanguage\":\"fr-FR\",\"@id\":\"https:\/\/www.smartphoto.fr\/inspiration\/#\/schema\/person\/image\/\",\"url\":\"https:\/\/secure.gravatar.com\/avatar\/9f27a09fb8046031a47a9f22ce0ca8e9?s=96&d=mm&r=g\",\"contentUrl\":\"https:\/\/secure.gravatar.com\/avatar\/9f27a09fb8046031a47a9f22ce0ca8e9?s=96&d=mm&r=g\",\"caption\":\"Claire\"},\"description\":\"Claire, 26 ans, passionn\u00e9e de voyages et de danse. J\u2019adore d\u00e9nicher les nouveaut\u00e9s DIY et d\u00e9coration. Je blogue pour smartphoto les astuces \u00e0 r\u00e9aliser avec vos photos.\",\"url\":\"https:\/\/www.smartphoto.fr\/inspiration\/author\/claire\"}]}<\/script>\n<!-- \/ Yoast SEO plugin. -->","yoast_head_json":{"title":"D\u00e9coration murale salon : 4 id\u00e9es pour habiller vos murs","description":"Habillez les murs de votre salon, d\u00e9couvrez 4 id\u00e9es de d\u00e9coration murale salon qui s'adaptent \u00e0 tous les styles pour habiller vos pans de murs vides !","robots":{"index":"index","follow":"follow","max-snippet":"max-snippet:-1","max-image-preview":"max-image-preview:large","max-video-preview":"max-video-preview:-1"},"canonical":"https:\/\/www.smartphoto.fr\/inspiration\/decoration-murale-salon-4-idees","og_locale":"fr_FR","og_type":"article","og_title":"D\u00e9coration murale salon : 4 id\u00e9es pour habiller vos murs","og_description":"Habillez les murs de votre salon, d\u00e9couvrez 4 id\u00e9es de d\u00e9coration murale salon qui s'adaptent \u00e0 tous les styles pour habiller vos pans de murs vides !","og_url":"https:\/\/www.smartphoto.fr\/inspiration\/decoration-murale-salon-4-idees","og_site_name":"smartphoto FR","article_publisher":"https:\/\/www.facebook.com\/smartphoto.fr","article_published_time":"2015-10-19T13:47:18+00:00","article_modified_time":"2025-10-21T11:42:53+00:00","og_image":[{"width":700,"height":450,"url":"https:\/\/storage.googleapis.com\/smartphoto-express-production-wp-blogs-com\/10\/2015\/10\/D\u00e9coration-murale-salon-cover-FR-1.png","type":"image\/png"}],"author":"Claire","twitter_card":"summary_large_image","twitter_creator":"@smartphoto_fr","twitter_site":"@smartphoto_fr","twitter_misc":{"Written by":"Claire","Est. reading time":"4 minutes"},"schema":{"@context":"https:\/\/schema.org","@graph":[{"@type":"WebPage","@id":"https:\/\/www.smartphoto.fr\/inspiration\/decoration-murale-salon-4-idees","url":"https:\/\/www.smartphoto.fr\/inspiration\/decoration-murale-salon-4-idees","name":"D\u00e9coration murale salon : 4 id\u00e9es pour habiller vos murs","isPartOf":{"@id":"https:\/\/www.smartphoto.fr\/inspiration\/#website"},"primaryImageOfPage":{"@id":"https:\/\/www.smartphoto.fr\/inspiration\/decoration-murale-salon-4-idees#primaryimage"},"image":{"@id":"https:\/\/www.smartphoto.fr\/inspiration\/decoration-murale-salon-4-idees#primaryimage"},"thumbnailUrl":"https:\/\/storage.googleapis.com\/smartphoto-express-production-wp-blogs-com\/10\/2015\/10\/decoration-murale-salon-tableau-photo-alu.jpg","datePublished":"2015-10-19T13:47:18+00:00","dateModified":"2025-10-21T11:42:53+00:00","author":{"@id":"https:\/\/www.smartphoto.fr\/inspiration\/#\/schema\/person\/b743c2a89fcff4d18195130bb0259ffe"},"description":"Habillez les murs de votre salon, d\u00e9couvrez 4 id\u00e9es de d\u00e9coration murale salon qui s'adaptent \u00e0 tous les styles pour habiller vos pans de murs vides !","breadcrumb":{"@id":"https:\/\/www.smartphoto.fr\/inspiration\/decoration-murale-salon-4-idees#breadcrumb"},"inLanguage":"fr-FR","potentialAction":[{"@type":"ReadAction","target":["https:\/\/www.smartphoto.fr\/inspiration\/decoration-murale-salon-4-idees"]}]},{"@type":"ImageObject","inLanguage":"fr-FR","@id":"https:\/\/www.smartphoto.fr\/inspiration\/decoration-murale-salon-4-idees#primaryimage","url":"https:\/\/storage.googleapis.com\/smartphoto-express-production-wp-blogs-com\/10\/2015\/10\/decoration-murale-salon-tableau-photo-alu.jpg","contentUrl":"https:\/\/storage.googleapis.com\/smartphoto-express-production-wp-blogs-com\/10\/2015\/10\/decoration-murale-salon-tableau-photo-alu.jpg"},{"@type":"BreadcrumbList","@id":"https:\/\/www.smartphoto.fr\/inspiration\/decoration-murale-salon-4-idees#breadcrumb","itemListElement":[{"@type":"ListItem","position":1,"name":"Home","item":"https:\/\/www.smartphoto.fr\/inspiration\/"},{"@type":"ListItem","position":2,"name":"D\u00e9coration murale salon : 4 id\u00e9es pour habiller vos murs blancs"}]},{"@type":"WebSite","@id":"https:\/\/www.smartphoto.fr\/inspiration\/#website","url":"https:\/\/www.smartphoto.fr\/inspiration\/","name":"smartphoto FR","description":"Le blog de smartphoto France.","potentialAction":[{"@type":"SearchAction","target":{"@type":"EntryPoint","urlTemplate":"https:\/\/www.smartphoto.fr\/inspiration\/?s={search_term_string}"},"query-input":{"@type":"PropertyValueSpecification","valueRequired":true,"valueName":"search_term_string"}}],"inLanguage":"fr-FR"},{"@type":"Person","@id":"https:\/\/www.smartphoto.fr\/inspiration\/#\/schema\/person\/b743c2a89fcff4d18195130bb0259ffe","name":"Claire","image":{"@type":"ImageObject","inLanguage":"fr-FR","@id":"https:\/\/www.smartphoto.fr\/inspiration\/#\/schema\/person\/image\/","url":"https:\/\/secure.gravatar.com\/avatar\/9f27a09fb8046031a47a9f22ce0ca8e9?s=96&d=mm&r=g","contentUrl":"https:\/\/secure.gravatar.com\/avatar\/9f27a09fb8046031a47a9f22ce0ca8e9?s=96&d=mm&r=g","caption":"Claire"},"description":"Claire, 26 ans, passionn\u00e9e de voyages et de danse. J\u2019adore d\u00e9nicher les nouveaut\u00e9s DIY et d\u00e9coration. Je blogue pour smartphoto les astuces \u00e0 r\u00e9aliser avec vos photos.","url":"https:\/\/www.smartphoto.fr\/inspiration\/author\/claire"}]}},"_links":{"self":[{"href":"https:\/\/www.smartphoto.fr\/inspiration\/wp-json\/wp\/v2\/posts\/2844","targetHints":{"allow":["GET"]}}],"collection":[{"href":"https:\/\/www.smartphoto.fr\/inspiration\/wp-json\/wp\/v2\/posts"}],"about":[{"href":"https:\/\/www.smartphoto.fr\/inspiration\/wp-json\/wp\/v2\/types\/post"}],"author":[{"embeddable":true,"href":"https:\/\/www.smartphoto.fr\/inspiration\/wp-json\/wp\/v2\/users\/10"}],"replies":[{"embeddable":true,"href":"https:\/\/www.smartphoto.fr\/inspiration\/wp-json\/wp\/v2\/comments?post=2844"}],"version-history":[{"count":6,"href":"https:\/\/www.smartphoto.fr\/inspiration\/wp-json\/wp\/v2\/posts\/2844\/revisions"}],"predecessor-version":[{"id":12767,"href":"https:\/\/www.smartphoto.fr\/inspiration\/wp-json\/wp\/v2\/posts\/2844\/revisions\/12767"}],"wp:attachment":[{"href":"https:\/\/www.smartphoto.fr\/inspiration\/wp-json\/wp\/v2\/media?parent=2844"}],"wp:term":[{"taxonomy":"category","embeddable":true,"href":"https:\/\/www.smartphoto.fr\/inspiration\/wp-json\/wp\/v2\/categories?post=2844"},{"taxonomy":"post_tag","embeddable":true,"href":"https:\/\/www.smartphoto.fr\/inspiration\/wp-json\/wp\/v2\/tags?post=2844"}],"curies":[{"name":"wp","href":"https:\/\/api.w.org\/{rel}","templated":true}]}}