{"id":2754,"date":"2017-07-05T16:53:41","date_gmt":"2017-07-05T14:53:41","guid":{"rendered":"http:\/\/www.wistiti.fr\/?p=2754"},"modified":"2025-10-21T12:23:10","modified_gmt":"2025-10-21T10:23:10","slug":"tableau-triptyque-personnalise","status":"publish","type":"post","link":"https:\/\/www.smartphoto.fr\/inspiration\/tableau-triptyque-personnalise","title":{"rendered":"Tableau triptyque personnalis\u00e9 : quel style pour mon int\u00e9rieur ?"},"content":{"rendered":"<p style=\"text-align: justify\"><strong>Tableau triptyque personnalis\u00e9<\/strong><br \/>\nD\u00e9couvrez comment transformer vos photos en superbes triptyques. \u00a0Voil\u00e0 une d\u00e9coration personnalis\u00e9e au poil !<!--more--><\/p>\n<h2 style=\"text-align: justify\">D\u00e9couvrez ou red\u00e9couvrez vos photos en magnifiques triptyques<\/h2>\n<p><a href=\"https:\/\/www.smartphoto.fr\/deco-photo\/polyptyque-une-photo?utm_source=blog&amp;utm_medium=social&amp;utm_campaign=tryptyquepersonnalise\" target=\"_blank\" rel=\"noopener\"><img loading=\"lazy\" decoding=\"async\" class=\"alignnone wp-image-6230 size-full\" src=\"https:\/\/storage.googleapis.com\/smartphoto-express-production-wp-blogs-com\/10\/2015\/10\/tableau_tryptyque_personnalise.jpg\" alt=\"tableau triptyque personnalis\u00e9\" width=\"1000\" height=\"668\" srcset=\"https:\/\/storage.googleapis.com\/smartphoto-express-production-wp-blogs-com\/10\/2015\/10\/tableau_tryptyque_personnalise.jpg 1000w, https:\/\/storage.googleapis.com\/smartphoto-express-production-wp-blogs-com\/10\/2015\/10\/tableau_tryptyque_personnalise-300x200.jpg 300w, https:\/\/storage.googleapis.com\/smartphoto-express-production-wp-blogs-com\/10\/2015\/10\/tableau_tryptyque_personnalise-768x513.jpg 768w\" sizes=\"auto, (max-width: 1000px) 100vw, 1000px\" \/><\/a><\/p>\n<p style=\"text-align: justify\">Il n&rsquo;est pas toujours facile de trouver une id\u00e9e de d\u00e9coration pour orner les murs d&rsquo;une pi\u00e8ce, surtout lorsqu&rsquo;il s&rsquo;agit\u00a0de grands volumes. Attir\u00e9e par les <strong>tableaux triptyques<\/strong> du Moyen-Age depuis longtemps, j&rsquo;ai d\u00e9couvert avec <a href=\"https:\/\/www.smartphoto.fr\/deco-photo\/polyptyque-une-photo\" target=\"_blank\" rel=\"noopener\">smartphoto<\/a> que ces tableaux en trois parties pouvaient \u00eatre modernis\u00e9s, et m\u00eame mieux, personnalis\u00e9s. Ce fut la r\u00e9v\u00e9lation pour la d\u00e9coration de ce grand bureau tout triste avec ces murs blancs : le triptyque photo l&rsquo;a depuis r\u00e9veill\u00e9 avec brillo, et, d\u00e9tail qui ne g\u00e2che rien, personne n&rsquo;aura le m\u00eame, car c&rsquo;est moi (avec smartphoto) qui l&rsquo;ai fait ! Voici quelques pistes qui vous permettront de mettre \u00e0 l&rsquo;honneur le triptyque tout en exploitant <strong>vos plus belles photographies<\/strong>.<\/p>\n<h2 style=\"text-align: justify\">Les triptyques color\u00e9s<\/h2>\n<p style=\"text-align: justify\">C&rsquo;est bien connu, la couleur r\u00e9chauffe un int\u00e9rieur en deux temps trois mouvements. Vos derni\u00e8res photos de paysages restent parfois au fond du smartphone ou de l&rsquo;ordinateur, mais peuvent donner un r\u00e9sultat \u00e9poustouflant une fois adapt\u00e9es sur un tableau triptyque personnalis\u00e9. Les<strong> triptyques color\u00e9s<\/strong> conviennent tr\u00e8s bien \u00e9galement \u00e0 ceux qui aiment photographier leurs cr\u00e9ations culinaires : par exemple la s\u00e9rie de cupcakes color\u00e9s du dimanche ravie les papilles et les pupilles des convives, et se transforme en v\u00e9ritable \u0153uvre d&rsquo;art sur triptyque dans la cuisine. Ce flot de couleurs mettra l&rsquo;eau \u00e0 la bouche de toute la famille. Si vous souhaitez r\u00e9aliser un triptyque encore plus original, <a title=\"D\u00e9coration murale personnalis\u00e9e : comment la choisir en 2 minutes ?\" href=\"\/inspiration\/decoration-murale-personnalisee-choisir-en-2-min\" target=\"_blank\" rel=\"noopener\">d\u00e9couvrez tous les mat\u00e9riaux<\/a> sur lesquels le r\u00e9aliser !<\/p>\n<h2 style=\"text-align: justify\">Tableau triptyque personnalis\u00e9 : les souvenirs de vacances\/ voyages<\/h2>\n<p><span style=\"font-size: revert;text-align: justify;color: initial\">Une jolie d\u00e9coration murale peut avoir pour th\u00e8me <\/span><strong style=\"font-size: revert;text-align: justify;color: initial\">les souvenirs de voyage<\/strong><span style=\"font-size: revert;text-align: justify;color: initial\">. Cette plage de sable fin, ce coucher de soleil dans les montagnes, mais aussi ce feu d&rsquo;artifice ou ce monument peuvent prendre une dimension sup\u00e9rieure une fois int\u00e9gr\u00e9s \u00e0 un triptyque photo. A quoi bon acheter un tableau standard repr\u00e9sentant New York ou Londres quand on peut cr\u00e9er le sien avec <\/span><strong style=\"font-size: revert;text-align: justify;color: initial\">des photos personnalis\u00e9es<\/strong><span style=\"font-size: revert;text-align: justify;color: initial\">, qui nous \u00e9voquent un bon moment, et surtout des lieux que l&rsquo;on a vus de ses propres yeux ? Ouvrez d\u00e8s maintenant votre dossier photo &lsquo;voyages&rsquo; et laissez libre cours \u00e0 vos envies, les possibilit\u00e9s sont infinies.<\/span><\/p>\n<h2 style=\"text-align: justify\">Le polyptyque fa\u00e7on art moderne<\/h2>\n<p style=\"text-align: justify\">En disposant vos tableaux photo de mani\u00e8re originale et avec des motifs particuliers, il vous est possible de r\u00e9aliser une v\u00e9ritable \u0153uvre d&rsquo;art. J&rsquo;ai vu des rendus tr\u00e8s art contemporain qui n&rsquo;avaient vraiment rien \u00e0 envier \u00e0 certains tableaux hors de prix. Si vous avez une \u00e2me d&rsquo;artiste, que vous cr\u00e9ez ou tout simplement si vous aimez photographier des \u0153uvres d&rsquo;art, cela peut \u00eatre une excellente base pour <a href=\"https:\/\/www.smartphoto.fr\/deco-photo\" target=\"_blank\" rel=\"noopener\">cr\u00e9er votre d\u00e9coration murale au go\u00fbt du jour<\/a>, et qui surtout refl\u00e8te votre \u00e9tat d&rsquo;esprit et votre personnalit\u00e9.<\/p>\n<h2 style=\"text-align: justify\">Avec les dessins de vos enfants ou pour la d\u00e9co de vos enfants<\/h2>\n<p><span style=\"font-size: revert;text-align: justify;color: initial\">Mettez vos enfants \u00e0 contribution et invitez-les \u00e0 participer \u00e0 la cr\u00e9ation d&rsquo;un <\/span><strong style=\"font-size: revert;text-align: justify;color: initial\">tableau triptyque personnalis\u00e9<\/strong><span style=\"font-size: revert;text-align: justify;color: initial\"> pour leur chambre ou pour leur salle de jeux. D&rsquo;une part, c&rsquo;est une activit\u00e9 ludique et cr\u00e9ative que l&rsquo;on peut faire en famille, et d&rsquo;autre part, il y a de fortes chances pour qu&rsquo;ils soient super fiers du r\u00e9sultat. Un autre avantage : vous pourrez remplacer le tableau s&rsquo;ils grandissent ou que leurs go\u00fbts changent, ainsi on peut laisser les murs blancs et se l\u00e2cher sur la d\u00e9co du triptyque photo.<\/span><\/p>\n<h2 style=\"text-align: justify\">Un retour dans les 60&rsquo;s avec le triptyque pop art<\/h2>\n<p style=\"text-align: justify\">Le pop art est un ind\u00e9tr\u00f4nable en mati\u00e8re de <strong>d\u00e9coration d&rsquo;int\u00e9rieur<\/strong> : ind\u00e9modable, il traverse les g\u00e9n\u00e9rations et passionne encore les foules. Restez branch\u00e9s en cr\u00e9ant votre tableau triptyque personnalis\u00e9 fa\u00e7on pop art. Un graphisme \u00e9dulcor\u00e9, de la <strong>bonne humeur<\/strong>, de la <strong>cr\u00e9ativit\u00e9<\/strong>, tous les ingr\u00e9dients sont r\u00e9unis pour que vous l&rsquo;adoptiez en le fa\u00e7onnant selon votre personnalit\u00e9. Ce type de tableau trouve sa place dans n&rsquo;importe quelle pi\u00e8ce de la maison, aucune raison, donc, de vous en priver. On vous guide pour <a href=\"\/inspiration\/tableau-pop-art-personnalise-mode-demploi\">cr\u00e9er votre tableau pop-art personnalis\u00e9<\/a> en quelques minutes.<\/p>\n<p style=\"text-align: justify\">Le<strong> tableau triptyque personnalis\u00e9<\/strong> a cr\u00e9\u00e9 sa petite r\u00e9volution \u00e0 la maison, et ce n&rsquo;est pas l\u00e0 de s&rsquo;arr\u00eater, puisque les possibilit\u00e9s sont infinies ! Si vous avez besoin d&rsquo;un petit rappel sur la composition photo d&rsquo;un triptyque avant de commencer, c&rsquo;est par <a title=\"Photo sur toile : id\u00e9e cr\u00e9ative pour habiller un mur\" href=\"\/inspiration\/photo-sur-toile-idee-creative\" target=\"_blank\" rel=\"noopener\">ici<\/a> ! Ce format donne aux images une autre dimension et convient \u00e0 merveille pour habiller les grandes pi\u00e8ces hautes de plafond, ce qui n&rsquo;est pas toujours ais\u00e9. <strong>Faites appel \u00e0 votre imagination<\/strong>, il y a de fortes chances pour que vos murs en soient recouverts dans quelques temps<\/p>\n<p style=\"text-align: justify\"><strong style=\"font-weight: bold;color: #545454\">Partagez avec nous vos id\u00e9es de d\u00e9co murale personnalis\u00e9e dans les commentaires ou sur\u00a0<strong style=\"font-weight: bold;color: #545454\"><a href=\"https:\/\/www.facebook.com\/smartphoto.fr\">Facebook,<\/a> <a href=\"https:\/\/instagram.com\/smartphoto_fr\/\">Instagram<\/a>,\u00a0<a href=\"https:\/\/www.pinterest.com\/smartphotofr\/\">Pinterest<\/a> ou a<\/strong>vec le hashtag #mysmartphoto<\/strong><\/p>\n<p style=\"text-align: justify\"><a href=\"https:\/\/www.smartphoto.fr\/deco-photo\" target=\"_blank\" rel=\"noopener\"><img loading=\"lazy\" decoding=\"async\" class=\"aligncenter wp-image-2729 size-full\" src=\"https:\/\/storage.googleapis.com\/smartphoto-express-production-wp-blogs-com\/10\/2015\/10\/banner_blog_4_FR1-2.png\" alt=\"tableau tryptyque personnalis\u00e9\" width=\"700\" height=\"250\" \/><\/a><\/p>\n","protected":false},"excerpt":{"rendered":"<p>Tableau triptyque personnalis\u00e9 D\u00e9couvrez comment transformer vos photos en superbes triptyques. \u00a0Voil\u00e0 une d\u00e9coration personnalis\u00e9e au poil !<\/p>\n","protected":false},"author":10,"featured_media":6230,"comment_status":"open","ping_status":"open","sticky":false,"template":"","format":"standard","meta":{"om_disable_all_campaigns":false,"_monsterinsights_skip_tracking":false,"_monsterinsights_sitenote_active":false,"_monsterinsights_sitenote_note":"","_monsterinsights_sitenote_category":0,"footnotes":""},"categories":[13],"tags":[],"class_list":["post-2754","post","type-post","status-publish","format-standard","has-post-thumbnail","hentry","category-decoration"],"yoast_head":"<!-- This site is optimized with the Yoast SEO plugin v23.8 - https:\/\/yoast.com\/wordpress\/plugins\/seo\/ -->\n<title>Tableau triptyque personnalis\u00e9 : couleurs et mat\u00e9riaux<\/title>\n<meta name=\"description\" content=\"D\u00e9couvrez comment transformer votre photo pr\u00e9f\u00e9r\u00e9e en tableau triptyque personnalis\u00e9. Voil\u00e0 une d\u00e9coration personnalis\u00e9e au poil !\" \/>\n<meta name=\"robots\" content=\"index, follow, max-snippet:-1, max-image-preview:large, max-video-preview:-1\" \/>\n<link rel=\"canonical\" href=\"https:\/\/www.smartphoto.fr\/inspiration\/tableau-triptyque-personnalise\" \/>\n<meta property=\"og:locale\" content=\"fr_FR\" \/>\n<meta property=\"og:type\" content=\"article\" \/>\n<meta property=\"og:title\" content=\"Tableau triptyque personnalis\u00e9 : couleurs et mat\u00e9riaux\" \/>\n<meta property=\"og:description\" content=\"D\u00e9couvrez comment transformer votre photo pr\u00e9f\u00e9r\u00e9e en tableau triptyque personnalis\u00e9. Voil\u00e0 une d\u00e9coration personnalis\u00e9e au poil !\" \/>\n<meta property=\"og:url\" content=\"https:\/\/www.smartphoto.fr\/inspiration\/tableau-triptyque-personnalise\" \/>\n<meta property=\"og:site_name\" content=\"smartphoto FR\" \/>\n<meta property=\"article:publisher\" content=\"https:\/\/www.facebook.com\/smartphoto.fr\" \/>\n<meta property=\"article:published_time\" content=\"2017-07-05T14:53:41+00:00\" \/>\n<meta property=\"article:modified_time\" content=\"2025-10-21T10:23:10+00:00\" \/>\n<meta property=\"og:image\" content=\"https:\/\/storage.googleapis.com\/smartphoto-express-production-wp-blogs-com\/10\/2015\/10\/tableau_tryptyque_personnalise.jpg\" \/>\n\t<meta property=\"og:image:width\" content=\"1000\" \/>\n\t<meta property=\"og:image:height\" content=\"668\" \/>\n\t<meta property=\"og:image:type\" content=\"image\/jpeg\" \/>\n<meta name=\"author\" content=\"Claire\" \/>\n<meta name=\"twitter:card\" content=\"summary_large_image\" \/>\n<meta name=\"twitter:creator\" content=\"@smartphoto_fr\" \/>\n<meta name=\"twitter:site\" content=\"@smartphoto_fr\" \/>\n<meta name=\"twitter:label1\" content=\"Written by\" \/>\n\t<meta name=\"twitter:data1\" content=\"Claire\" \/>\n\t<meta name=\"twitter:label2\" content=\"Est. reading time\" \/>\n\t<meta name=\"twitter:data2\" content=\"5 minutes\" \/>\n<script type=\"application\/ld+json\" class=\"yoast-schema-graph\">{\"@context\":\"https:\/\/schema.org\",\"@graph\":[{\"@type\":\"WebPage\",\"@id\":\"https:\/\/www.smartphoto.fr\/inspiration\/tableau-triptyque-personnalise\",\"url\":\"https:\/\/www.smartphoto.fr\/inspiration\/tableau-triptyque-personnalise\",\"name\":\"Tableau triptyque personnalis\u00e9 : couleurs et mat\u00e9riaux\",\"isPartOf\":{\"@id\":\"https:\/\/www.smartphoto.fr\/inspiration\/#website\"},\"primaryImageOfPage\":{\"@id\":\"https:\/\/www.smartphoto.fr\/inspiration\/tableau-triptyque-personnalise#primaryimage\"},\"image\":{\"@id\":\"https:\/\/www.smartphoto.fr\/inspiration\/tableau-triptyque-personnalise#primaryimage\"},\"thumbnailUrl\":\"https:\/\/storage.googleapis.com\/smartphoto-express-production-wp-blogs-com\/10\/2015\/10\/tableau_tryptyque_personnalise.jpg\",\"datePublished\":\"2017-07-05T14:53:41+00:00\",\"dateModified\":\"2025-10-21T10:23:10+00:00\",\"author\":{\"@id\":\"https:\/\/www.smartphoto.fr\/inspiration\/#\/schema\/person\/b743c2a89fcff4d18195130bb0259ffe\"},\"description\":\"D\u00e9couvrez comment transformer votre photo pr\u00e9f\u00e9r\u00e9e en tableau triptyque personnalis\u00e9. Voil\u00e0 une d\u00e9coration personnalis\u00e9e au poil !\",\"breadcrumb\":{\"@id\":\"https:\/\/www.smartphoto.fr\/inspiration\/tableau-triptyque-personnalise#breadcrumb\"},\"inLanguage\":\"fr-FR\",\"potentialAction\":[{\"@type\":\"ReadAction\",\"target\":[\"https:\/\/www.smartphoto.fr\/inspiration\/tableau-triptyque-personnalise\"]}]},{\"@type\":\"ImageObject\",\"inLanguage\":\"fr-FR\",\"@id\":\"https:\/\/www.smartphoto.fr\/inspiration\/tableau-triptyque-personnalise#primaryimage\",\"url\":\"https:\/\/storage.googleapis.com\/smartphoto-express-production-wp-blogs-com\/10\/2015\/10\/tableau_tryptyque_personnalise.jpg\",\"contentUrl\":\"https:\/\/storage.googleapis.com\/smartphoto-express-production-wp-blogs-com\/10\/2015\/10\/tableau_tryptyque_personnalise.jpg\",\"width\":1000,\"height\":668,\"caption\":\"tableau tryptyque personnalis\u00e9\"},{\"@type\":\"BreadcrumbList\",\"@id\":\"https:\/\/www.smartphoto.fr\/inspiration\/tableau-triptyque-personnalise#breadcrumb\",\"itemListElement\":[{\"@type\":\"ListItem\",\"position\":1,\"name\":\"Home\",\"item\":\"https:\/\/www.smartphoto.fr\/inspiration\/\"},{\"@type\":\"ListItem\",\"position\":2,\"name\":\"Tableau triptyque personnalis\u00e9 : quel style pour mon int\u00e9rieur ?\"}]},{\"@type\":\"WebSite\",\"@id\":\"https:\/\/www.smartphoto.fr\/inspiration\/#website\",\"url\":\"https:\/\/www.smartphoto.fr\/inspiration\/\",\"name\":\"smartphoto FR\",\"description\":\"Le blog de smartphoto France.\",\"potentialAction\":[{\"@type\":\"SearchAction\",\"target\":{\"@type\":\"EntryPoint\",\"urlTemplate\":\"https:\/\/www.smartphoto.fr\/inspiration\/?s={search_term_string}\"},\"query-input\":{\"@type\":\"PropertyValueSpecification\",\"valueRequired\":true,\"valueName\":\"search_term_string\"}}],\"inLanguage\":\"fr-FR\"},{\"@type\":\"Person\",\"@id\":\"https:\/\/www.smartphoto.fr\/inspiration\/#\/schema\/person\/b743c2a89fcff4d18195130bb0259ffe\",\"name\":\"Claire\",\"image\":{\"@type\":\"ImageObject\",\"inLanguage\":\"fr-FR\",\"@id\":\"https:\/\/www.smartphoto.fr\/inspiration\/#\/schema\/person\/image\/\",\"url\":\"https:\/\/secure.gravatar.com\/avatar\/9f27a09fb8046031a47a9f22ce0ca8e9?s=96&d=mm&r=g\",\"contentUrl\":\"https:\/\/secure.gravatar.com\/avatar\/9f27a09fb8046031a47a9f22ce0ca8e9?s=96&d=mm&r=g\",\"caption\":\"Claire\"},\"description\":\"Claire, 26 ans, passionn\u00e9e de voyages et de danse. J\u2019adore d\u00e9nicher les nouveaut\u00e9s DIY et d\u00e9coration. Je blogue pour smartphoto les astuces \u00e0 r\u00e9aliser avec vos photos.\",\"url\":\"https:\/\/www.smartphoto.fr\/inspiration\/author\/claire\"}]}<\/script>\n<!-- \/ Yoast SEO plugin. -->","yoast_head_json":{"title":"Tableau triptyque personnalis\u00e9 : couleurs et mat\u00e9riaux","description":"D\u00e9couvrez comment transformer votre photo pr\u00e9f\u00e9r\u00e9e en tableau triptyque personnalis\u00e9. Voil\u00e0 une d\u00e9coration personnalis\u00e9e au poil !","robots":{"index":"index","follow":"follow","max-snippet":"max-snippet:-1","max-image-preview":"max-image-preview:large","max-video-preview":"max-video-preview:-1"},"canonical":"https:\/\/www.smartphoto.fr\/inspiration\/tableau-triptyque-personnalise","og_locale":"fr_FR","og_type":"article","og_title":"Tableau triptyque personnalis\u00e9 : couleurs et mat\u00e9riaux","og_description":"D\u00e9couvrez comment transformer votre photo pr\u00e9f\u00e9r\u00e9e en tableau triptyque personnalis\u00e9. Voil\u00e0 une d\u00e9coration personnalis\u00e9e au poil !","og_url":"https:\/\/www.smartphoto.fr\/inspiration\/tableau-triptyque-personnalise","og_site_name":"smartphoto FR","article_publisher":"https:\/\/www.facebook.com\/smartphoto.fr","article_published_time":"2017-07-05T14:53:41+00:00","article_modified_time":"2025-10-21T10:23:10+00:00","og_image":[{"width":1000,"height":668,"url":"https:\/\/storage.googleapis.com\/smartphoto-express-production-wp-blogs-com\/10\/2015\/10\/tableau_tryptyque_personnalise.jpg","type":"image\/jpeg"}],"author":"Claire","twitter_card":"summary_large_image","twitter_creator":"@smartphoto_fr","twitter_site":"@smartphoto_fr","twitter_misc":{"Written by":"Claire","Est. reading time":"5 minutes"},"schema":{"@context":"https:\/\/schema.org","@graph":[{"@type":"WebPage","@id":"https:\/\/www.smartphoto.fr\/inspiration\/tableau-triptyque-personnalise","url":"https:\/\/www.smartphoto.fr\/inspiration\/tableau-triptyque-personnalise","name":"Tableau triptyque personnalis\u00e9 : couleurs et mat\u00e9riaux","isPartOf":{"@id":"https:\/\/www.smartphoto.fr\/inspiration\/#website"},"primaryImageOfPage":{"@id":"https:\/\/www.smartphoto.fr\/inspiration\/tableau-triptyque-personnalise#primaryimage"},"image":{"@id":"https:\/\/www.smartphoto.fr\/inspiration\/tableau-triptyque-personnalise#primaryimage"},"thumbnailUrl":"https:\/\/storage.googleapis.com\/smartphoto-express-production-wp-blogs-com\/10\/2015\/10\/tableau_tryptyque_personnalise.jpg","datePublished":"2017-07-05T14:53:41+00:00","dateModified":"2025-10-21T10:23:10+00:00","author":{"@id":"https:\/\/www.smartphoto.fr\/inspiration\/#\/schema\/person\/b743c2a89fcff4d18195130bb0259ffe"},"description":"D\u00e9couvrez comment transformer votre photo pr\u00e9f\u00e9r\u00e9e en tableau triptyque personnalis\u00e9. Voil\u00e0 une d\u00e9coration personnalis\u00e9e au poil !","breadcrumb":{"@id":"https:\/\/www.smartphoto.fr\/inspiration\/tableau-triptyque-personnalise#breadcrumb"},"inLanguage":"fr-FR","potentialAction":[{"@type":"ReadAction","target":["https:\/\/www.smartphoto.fr\/inspiration\/tableau-triptyque-personnalise"]}]},{"@type":"ImageObject","inLanguage":"fr-FR","@id":"https:\/\/www.smartphoto.fr\/inspiration\/tableau-triptyque-personnalise#primaryimage","url":"https:\/\/storage.googleapis.com\/smartphoto-express-production-wp-blogs-com\/10\/2015\/10\/tableau_tryptyque_personnalise.jpg","contentUrl":"https:\/\/storage.googleapis.com\/smartphoto-express-production-wp-blogs-com\/10\/2015\/10\/tableau_tryptyque_personnalise.jpg","width":1000,"height":668,"caption":"tableau tryptyque personnalis\u00e9"},{"@type":"BreadcrumbList","@id":"https:\/\/www.smartphoto.fr\/inspiration\/tableau-triptyque-personnalise#breadcrumb","itemListElement":[{"@type":"ListItem","position":1,"name":"Home","item":"https:\/\/www.smartphoto.fr\/inspiration\/"},{"@type":"ListItem","position":2,"name":"Tableau triptyque personnalis\u00e9 : quel style pour mon int\u00e9rieur ?"}]},{"@type":"WebSite","@id":"https:\/\/www.smartphoto.fr\/inspiration\/#website","url":"https:\/\/www.smartphoto.fr\/inspiration\/","name":"smartphoto FR","description":"Le blog de smartphoto France.","potentialAction":[{"@type":"SearchAction","target":{"@type":"EntryPoint","urlTemplate":"https:\/\/www.smartphoto.fr\/inspiration\/?s={search_term_string}"},"query-input":{"@type":"PropertyValueSpecification","valueRequired":true,"valueName":"search_term_string"}}],"inLanguage":"fr-FR"},{"@type":"Person","@id":"https:\/\/www.smartphoto.fr\/inspiration\/#\/schema\/person\/b743c2a89fcff4d18195130bb0259ffe","name":"Claire","image":{"@type":"ImageObject","inLanguage":"fr-FR","@id":"https:\/\/www.smartphoto.fr\/inspiration\/#\/schema\/person\/image\/","url":"https:\/\/secure.gravatar.com\/avatar\/9f27a09fb8046031a47a9f22ce0ca8e9?s=96&d=mm&r=g","contentUrl":"https:\/\/secure.gravatar.com\/avatar\/9f27a09fb8046031a47a9f22ce0ca8e9?s=96&d=mm&r=g","caption":"Claire"},"description":"Claire, 26 ans, passionn\u00e9e de voyages et de danse. J\u2019adore d\u00e9nicher les nouveaut\u00e9s DIY et d\u00e9coration. Je blogue pour smartphoto les astuces \u00e0 r\u00e9aliser avec vos photos.","url":"https:\/\/www.smartphoto.fr\/inspiration\/author\/claire"}]}},"_links":{"self":[{"href":"https:\/\/www.smartphoto.fr\/inspiration\/wp-json\/wp\/v2\/posts\/2754","targetHints":{"allow":["GET"]}}],"collection":[{"href":"https:\/\/www.smartphoto.fr\/inspiration\/wp-json\/wp\/v2\/posts"}],"about":[{"href":"https:\/\/www.smartphoto.fr\/inspiration\/wp-json\/wp\/v2\/types\/post"}],"author":[{"embeddable":true,"href":"https:\/\/www.smartphoto.fr\/inspiration\/wp-json\/wp\/v2\/users\/10"}],"replies":[{"embeddable":true,"href":"https:\/\/www.smartphoto.fr\/inspiration\/wp-json\/wp\/v2\/comments?post=2754"}],"version-history":[{"count":11,"href":"https:\/\/www.smartphoto.fr\/inspiration\/wp-json\/wp\/v2\/posts\/2754\/revisions"}],"predecessor-version":[{"id":12758,"href":"https:\/\/www.smartphoto.fr\/inspiration\/wp-json\/wp\/v2\/posts\/2754\/revisions\/12758"}],"wp:featuredmedia":[{"embeddable":true,"href":"https:\/\/www.smartphoto.fr\/inspiration\/wp-json\/wp\/v2\/media\/6230"}],"wp:attachment":[{"href":"https:\/\/www.smartphoto.fr\/inspiration\/wp-json\/wp\/v2\/media?parent=2754"}],"wp:term":[{"taxonomy":"category","embeddable":true,"href":"https:\/\/www.smartphoto.fr\/inspiration\/wp-json\/wp\/v2\/categories?post=2754"},{"taxonomy":"post_tag","embeddable":true,"href":"https:\/\/www.smartphoto.fr\/inspiration\/wp-json\/wp\/v2\/tags?post=2754"}],"curies":[{"name":"wp","href":"https:\/\/api.w.org\/{rel}","templated":true}]}}