{"id":2740,"date":"2015-10-06T12:09:55","date_gmt":"2015-10-06T10:09:55","guid":{"rendered":"http:\/\/www.wistiti.fr\/?p=2740"},"modified":"2022-03-08T15:11:14","modified_gmt":"2022-03-08T14:11:14","slug":"tableau-photo-alu-materiau-tendance","status":"publish","type":"post","link":"https:\/\/www.smartphoto.fr\/inspiration\/tableau-photo-alu-materiau-tendance","title":{"rendered":"Tableau photo alu : d\u00e9couverte d\u2019un mat\u00e9riau tendance"},"content":{"rendered":"<p style=\"text-align: justify\"><strong>Tableau photo alu<br \/>\n<\/strong>Encore peu connu, le tableau photo alu est pourtant du plus bel effet. Embarquez avec nous \u00e0 la d\u00e9couverte de ce mat\u00e9riau moderne !<!--moremore--><a href=\"https:\/\/www.smartphoto.fr\/deco-photo?utm_source=blog&amp;utm_medium=social&amp;utm_campaign=tableauphotoaluCTA\" target=\"_blank\" rel=\"noopener\"><img loading=\"lazy\" decoding=\"async\" class=\"aligncenter size-full wp-image-2741\" src=\"https:\/\/storage.googleapis.com\/smartphoto-express-production-wp-blogs-com\/10\/2015\/10\/Tableau-photo-alu-cover-FR.jpg\" alt=\"tableau photo alu personnalis\u00e9\" width=\"700\" height=\"400\"><\/a>Votre d\u00e9coration murale personnalis\u00e9e est imprim\u00e9e sur une plaque d\u2019aluminium de deux millim\u00e8tres d\u2019\u00e9paisseur aux coins arrondis. Les formats carr\u00e9s, paysages ou portraits sont possibles, dans de nombreuses tailles diff\u00e9rentes. Zoomons sur ce mat\u00e9riau original qui embellira votre int\u00e9rieur et sublimera vos clich\u00e9s pr\u00e9f\u00e9r\u00e9s.<\/p>\n<h2><b>Pourquoi choisir le tableau photo sur alu ?<a href=\"https:\/\/storage.googleapis.com\/smartphoto-express-production-wp-blogs-com\/10\/2015\/10\/tableau-photo-alu-2.jpg\"><img loading=\"lazy\" decoding=\"async\" class=\"aligncenter wp-image-2742\" src=\"https:\/\/storage.googleapis.com\/smartphoto-express-production-wp-blogs-com\/10\/2015\/10\/tableau-photo-alu-2.jpg\" alt=\"tableau phot alu personnalis\u00e9\" width=\"700\" height=\"466\"><\/a><\/b><\/h2>\n<p style=\"text-align: justify\">Tout d\u2019abord, l\u2019impression d\u2019une&nbsp;<a href=\"https:\/\/www.smartphoto.fr\/deco-photo\/tableau-photo-sur-aluminium\">photo sur aluminium<\/a> est&nbsp;<strong>une technique moderne<\/strong>&nbsp;qui permet de changer de la traditionnelle, et n\u00e9anmoins tr\u00e8s appr\u00e9ci\u00e9e, photo sur toile. Ce support solide offrira \u00e0 vos photos un rendu sublime gr\u00e2ce \u00e0 une impression de tr\u00e8s haute qualit\u00e9. L\u2019impression est mate, puis recouverte d\u2019un vernis brillant qui illumine les zones blanches de la photographie. Il en r\u00e9sulte une mise en valeur exceptionnelle de l\u2019image qui pr\u00e9sente un contraste saisissant et une lumi\u00e8re magnifique.<\/p>\n<p style=\"text-align: justify\">Livr\u00e9e avec son syst\u00e8me de fixation, le tableau photo alu donne un&nbsp;<strong>effet galerie d\u2019art<\/strong>&nbsp;et vous permet de mettre en avant vos plus beaux souvenirs. Vous pouvez d\u00e9cider d\u2019imprimer un p\u00eale-m\u00eale de photos pour r\u00e9aliser votre d\u00e9coration murale personnalis\u00e9e, si vous n\u2019arrivez pas \u00e0 choisir entre plusieurs clich\u00e9s.<\/p>\n<p style=\"text-align: justify\">Encore peu r\u00e9pandu, le tableau photo alu sort du lot et habillera votre pi\u00e8ce d\u2019une touche d\u2019originalit\u00e9. Si l\u2019on devait comparer la photo sur aluminium aux autres mat\u00e9riaux, c\u2019est sans aucun doute la m\u00e9thode qui permet la plus&nbsp;<strong>haute qualit\u00e9 d\u2019impression<\/strong>. C\u2019est \u00e9galement le support le plus fin, avec seulement deux millim\u00e8tres d\u2019\u00e9paisseur, il se fond presque dans le mur, \u00e0 la mani\u00e8re d\u2019un poster, mais avec une solidit\u00e9 bien plus importante qui le rend tr\u00e8s r\u00e9sistant et durable dans le temps.<\/p>\n<h2><b>Dans quels genres d\u2019int\u00e9rieurs et o\u00f9 mettre un tableau photo sur alu ?<a href=\"https:\/\/storage.googleapis.com\/smartphoto-express-production-wp-blogs-com\/10\/2015\/10\/tableau-photo-alu-3.jpg\"><img loading=\"lazy\" decoding=\"async\" class=\"aligncenter wp-image-2743\" src=\"https:\/\/storage.googleapis.com\/smartphoto-express-production-wp-blogs-com\/10\/2015\/10\/tableau-photo-alu-3.jpg\" alt=\"tableau phot alu personnalis\u00e9\" width=\"700\" height=\"466\"><\/a><\/b><\/h2>\n<p style=\"text-align: justify\">Le&nbsp;<strong>tableau photo alu<\/strong>&nbsp;est id\u00e9al dans les int\u00e9rieurs contemporains. Il se fondra \u00e0 merveille dans une d\u00e9coration moderne et mettra en valeur les photos qui vous tiennent \u00e0 c\u0153ur. Si vos murs et vos meubles sont de bois clair, de blanc ou de noir laqu\u00e9, ou encore de gris, c\u2019est le mat\u00e9riau qu\u2019il vous faut. Son aspect m\u00e9tallis\u00e9 le rend \u00e9galement tout \u00e0 fait adapt\u00e9 aux d\u00e9corations industrielles. En effet, il s\u2019accordera tr\u00e8s bien avec les objets en m\u00e9tal.<\/p>\n<p style=\"text-align: justify\">Cependant, dans une pi\u00e8ce plus classique, le tableau photo en aluminium ne doit pas \u00eatre banni. Au contraire, il peut permettre d\u2019ajouter une touche de modernit\u00e9, de donner une nouvelle vie et<strong>&nbsp;une touche de pep\u2019s<\/strong>&nbsp;\u00e0 une d\u00e9coration qui date de quelques ann\u00e9es.<\/p>\n<p style=\"text-align: justify\">Si ce mat\u00e9riau pr\u00e9f\u00e8re \u00eatre en int\u00e9rieur qu\u2019en ext\u00e9rieur, il peut cependant \u00eatre affich\u00e9 dans toutes les pi\u00e8ces de votre choix : dans l\u2019entr\u00e9e, dans le s\u00e9jour au dessus d\u2019un buffet ou du canap\u00e9, dans la chambre en t\u00eate de lit\u2026 Plusieurs tableaux peuvent \u00e9galement \u00eatre dispos\u00e9s les uns \u00e0 c\u00f4t\u00e9 des autres le long d&rsquo;un couloir pour l\u2019habiller.<\/p>\n<p>D\u00e9couvrir en <a href=\"https:\/\/www.smartphoto.fr\/inspiration\/decoration-murale-personnalisee-choisir-en-2-min\" target=\"_blank\" rel=\"noopener\">un coup d&rsquo;oeil<\/a> tous les mat\u00e9riaux disponibles chez <a title=\"D\u00e9coration murale personnalis\u00e9e\" href=\"https:\/\/www.smartphoto.fr\/deco-photo\" target=\"_blank\" rel=\"noopener\">smartphoto<\/a>.<\/p>\n<h2><b>Quelques exemples<\/b><\/h2>\n<p><a href=\"https:\/\/www.smartphoto.fr\/deco-photo\/tableau-photo-sur-aluminium?utm_source=blog&amp;utm_medium=social&amp;utm_campaign=tableauphotoalu\" target=\"_blank\" rel=\"noopener\"><img loading=\"lazy\" decoding=\"async\" class=\"aligncenter wp-image-2745\" src=\"https:\/\/storage.googleapis.com\/smartphoto-express-production-wp-blogs-com\/10\/2015\/10\/tableau-photo-alu-5.png\" alt=\"tableau phot alu personnalis\u00e9\" width=\"700\" height=\"407\"><\/a><\/p>\n<p style=\"text-align: justify\">Vous pouvez r\u00e9aliser un p\u00eale-m\u00eale \u00e0 imprimer sur un seul grand tableau, mais vous pouvez \u00e9galement faire imprimer plusieurs petits tableaux et les disposer de vous-m\u00eame pour cr\u00e9er un ensemble harmonieux. On retrouve souvent cette technique au dessus des buffets, notamment dans les d\u00e9corations scandinaves. Pour cela, il faut choisir des images qui iront bien ensemble, comme plusieurs photos de votre mariage, ou diff\u00e9rents clich\u00e9s r\u00e9alis\u00e9s lors d\u2019une s\u00e9ance photo en famille.<\/p>\n<p><a href=\"https:\/\/storage.googleapis.com\/smartphoto-express-production-wp-blogs-com\/10\/2015\/10\/tableau-photo-alu-4.jpg\"><img loading=\"lazy\" decoding=\"async\" class=\"aligncenter size-full wp-image-2744\" src=\"https:\/\/storage.googleapis.com\/smartphoto-express-production-wp-blogs-com\/10\/2015\/10\/tableau-photo-alu-4.jpg\" alt=\"tableau phot alu personnalis\u00e9\" width=\"1024\" height=\"452\"><\/a><\/p>\n<p style=\"text-align: justify\">L\u2019aluminium met en valeur les photos aux couleurs vives et \u00e9clatantes, mais les photos en noir et blanc sont \u00e9galement magnifiques sur ce support. En effet, le vernis appos\u00e9 apr\u00e8s l\u2019impression \u00e9claire les zones blanches et&nbsp;<strong>sublime ce type de clich\u00e9<\/strong>. Si votre d\u00e9coration est \u00e9pur\u00e9e, c\u2019est le choix id\u00e9al. De beaux portraits en noir et blanc s\u2019y pr\u00eatent tout particuli\u00e8rement.<\/p>\n<p><a href=\"https:\/\/storage.googleapis.com\/smartphoto-express-production-wp-blogs-com\/10\/2015\/10\/tableau-photo-alu-6.jpg\"><img loading=\"lazy\" decoding=\"async\" class=\"aligncenter size-full wp-image-2746\" src=\"https:\/\/storage.googleapis.com\/smartphoto-express-production-wp-blogs-com\/10\/2015\/10\/tableau-photo-alu-6.jpg\" alt=\"tableau phot alu personnalis\u00e9\" width=\"900\" height=\"643\"><\/a><\/p>\n<p style=\"text-align: justify\">Ce support existe en tr\u00e8s grand format. Au dessus d\u2019un meuble de grande taille, comme un canap\u00e9 ou une console, c\u2019est id\u00e9al. Le mieux est de choisir une<strong>&nbsp;photo de famille, color\u00e9e et dynamique<\/strong>. Les expressions des visages seront alors bien visibles et auront l\u2019air si r\u00e9aliste que vous revivrez ce beau souvenir \u00e0 chaque fois que vos yeux se poseront sur votre cr\u00e9ation.<\/p>\n<p style=\"text-align: justify\">Osez le changement et essayez ce mat\u00e9riau<strong>&nbsp;unique et design<\/strong>&nbsp;pour votre prochain tableau photo personnalis\u00e9. Vous ne serez pas d\u00e9\u00e7u du r\u00e9sultat, et vos visiteurs ne manqueront pas de le remarquer ! Et si vous cherchez une d\u00e9coration plus pop et facile \u00e0 r\u00e9aliser, d\u00e9couvrez comment<a title=\"Cr\u00e9er son tableau pop art personnalis\u00e9 : mode d\u2019emploi\" href=\"https:\/\/www.smartphoto.fr\/inspiration\/tableau-pop-art-personnalise-mode-demploi\" target=\"_blank\" rel=\"noopener\">&nbsp;r\u00e9aliser en quelques minutes un magnifique tableau pop art&nbsp;<\/a>!<\/p>\n<p style=\"text-align: justify\"><strong>Partagez avec nous vos id\u00e9es de d\u00e9co murale personnalis\u00e9e dans les commentaires ou sur&nbsp;<strong style=\"color: #545454\"><a style=\"color: #ff8584\" href=\"https:\/\/www.facebook.com\/smartphoto.fr\" target=\"_blank\" rel=\"noopener\">Facebook<\/a>,&nbsp;<a style=\"color: #ff8584\" href=\"https:\/\/twitter.com\/smartphoto_fr\" target=\"_blank\" rel=\"noopener\">Twitter<\/a>,&nbsp;<a style=\"color: #ff8584\" href=\"https:\/\/instagram.com\/smartphoto_fr\/\" target=\"_blank\" rel=\"noopener\">Instagram<\/a>,&nbsp;<a style=\"color: #ff8584\" href=\"https:\/\/www.pinterest.com\/smartphotofr\/\" target=\"_blank\" rel=\"noopener\">Pinterest<\/a>&nbsp;ou&nbsp;<a style=\"color: #ff8584\" href=\"https:\/\/plus.google.com\/+SmartphotoFr\/posts\" target=\"_blank\" rel=\"noopener\">Google+<\/a>&nbsp;<\/strong>avec le hashtag #smartphoto<\/strong><\/p>\n<p style=\"text-align: justify\"><strong><a href=\"https:\/\/www.smartphoto.fr\/deco-photo\" target=\"_blank\" rel=\"noopener\"><img loading=\"lazy\" decoding=\"async\" class=\"aligncenter wp-image-2729 size-full\" src=\"https:\/\/storage.googleapis.com\/smartphoto-express-production-wp-blogs-com\/10\/2015\/10\/banner_blog_4_FR1-3.png\" alt=\"tableau photo alu personnalis\u00e9\" width=\"700\" height=\"250\"><\/a><\/strong><\/p>\n","protected":false},"excerpt":{"rendered":"<p>Tableau photo alu Encore peu connu, le tableau photo alu est pourtant du plus bel effet. Embarquez avec nous \u00e0 la d\u00e9couverte de ce mat\u00e9riau moderne !<\/p>\n","protected":false},"author":10,"featured_media":0,"comment_status":"open","ping_status":"open","sticky":false,"template":"","format":"standard","meta":{"om_disable_all_campaigns":false,"_monsterinsights_skip_tracking":false,"_monsterinsights_sitenote_active":false,"_monsterinsights_sitenote_note":"","_monsterinsights_sitenote_category":0,"footnotes":""},"categories":[13,16],"tags":[],"class_list":["post-2740","post","type-post","status-publish","format-standard","hentry","category-decoration","category-idees"],"yoast_head":"<!-- This site is optimized with the Yoast SEO plugin v23.8 - https:\/\/yoast.com\/wordpress\/plugins\/seo\/ -->\n<title>Tableau photo alu : d\u00e9couverte d&#039;un mat\u00e9riau moderne<\/title>\n<meta name=\"description\" content=\"Encore peu connu, le tableau photo alu est pourtant du plus bel effet. Embarquez avec nous \u00e0 la d\u00e9couverte de ce mat\u00e9riau moderne !\" \/>\n<meta name=\"robots\" content=\"index, follow, max-snippet:-1, max-image-preview:large, max-video-preview:-1\" \/>\n<link rel=\"canonical\" href=\"https:\/\/www.smartphoto.fr\/inspiration\/tableau-photo-alu-materiau-tendance\" \/>\n<meta property=\"og:locale\" content=\"fr_FR\" \/>\n<meta property=\"og:type\" content=\"article\" \/>\n<meta property=\"og:title\" content=\"Tableau photo alu : d\u00e9couverte d&#039;un mat\u00e9riau moderne\" \/>\n<meta property=\"og:description\" content=\"Encore peu connu, le tableau photo alu est pourtant du plus bel effet. Embarquez avec nous \u00e0 la d\u00e9couverte de ce mat\u00e9riau moderne !\" \/>\n<meta property=\"og:url\" content=\"\/inspiration\/tableau-photo-alu-materiau-tendance\" \/>\n<meta property=\"og:site_name\" content=\"smartphoto FR\" \/>\n<meta property=\"article:publisher\" content=\"https:\/\/www.facebook.com\/smartphoto.fr\" \/>\n<meta property=\"article:published_time\" content=\"2015-10-06T10:09:55+00:00\" \/>\n<meta property=\"article:modified_time\" content=\"2022-03-08T14:11:14+00:00\" \/>\n<meta property=\"og:image\" content=\"https:\/\/storage.googleapis.com\/smartphoto-express-production-wp-blogs-com\/10\/2015\/10\/Tableau-photo-alu-cover-FR-1.jpg\" \/>\n\t<meta property=\"og:image:width\" content=\"700\" \/>\n\t<meta property=\"og:image:height\" content=\"400\" \/>\n\t<meta property=\"og:image:type\" content=\"image\/jpeg\" \/>\n<meta name=\"author\" content=\"Claire\" \/>\n<meta name=\"twitter:card\" content=\"summary_large_image\" \/>\n<meta name=\"twitter:creator\" content=\"@smartphoto_fr\" \/>\n<meta name=\"twitter:site\" content=\"@smartphoto_fr\" \/>\n<meta name=\"twitter:label1\" content=\"Written by\" \/>\n\t<meta name=\"twitter:data1\" content=\"Claire\" \/>\n\t<meta name=\"twitter:label2\" content=\"Est. reading time\" \/>\n\t<meta name=\"twitter:data2\" content=\"5 minutes\" \/>\n<script type=\"application\/ld+json\" class=\"yoast-schema-graph\">{\"@context\":\"https:\/\/schema.org\",\"@graph\":[{\"@type\":\"WebPage\",\"@id\":\"\/inspiration\/tableau-photo-alu-materiau-tendance\",\"url\":\"https:\/\/www.smartphoto.fr\/inspiration\/tableau-photo-alu-materiau-tendance\",\"name\":\"Tableau photo alu : d\u00e9couverte d'un mat\u00e9riau moderne\",\"isPartOf\":{\"@id\":\"https:\/\/www.smartphoto.fr\/inspiration\/#website\"},\"primaryImageOfPage\":{\"@id\":\"https:\/\/www.smartphoto.fr\/inspiration\/tableau-photo-alu-materiau-tendance#primaryimage\"},\"image\":{\"@id\":\"https:\/\/www.smartphoto.fr\/inspiration\/tableau-photo-alu-materiau-tendance#primaryimage\"},\"thumbnailUrl\":\"https:\/\/storage.googleapis.com\/smartphoto-express-production-wp-blogs-com\/10\/2015\/10\/Tableau-photo-alu-cover-FR.jpg\",\"datePublished\":\"2015-10-06T10:09:55+00:00\",\"dateModified\":\"2022-03-08T14:11:14+00:00\",\"author\":{\"@id\":\"https:\/\/www.smartphoto.fr\/inspiration\/#\/schema\/person\/b743c2a89fcff4d18195130bb0259ffe\"},\"description\":\"Encore peu connu, le tableau photo alu est pourtant du plus bel effet. Embarquez avec nous \u00e0 la d\u00e9couverte de ce mat\u00e9riau moderne !\",\"breadcrumb\":{\"@id\":\"https:\/\/www.smartphoto.fr\/inspiration\/tableau-photo-alu-materiau-tendance#breadcrumb\"},\"inLanguage\":\"fr-FR\",\"potentialAction\":[{\"@type\":\"ReadAction\",\"target\":[\"https:\/\/www.smartphoto.fr\/inspiration\/tableau-photo-alu-materiau-tendance\"]}]},{\"@type\":\"ImageObject\",\"inLanguage\":\"fr-FR\",\"@id\":\"https:\/\/www.smartphoto.fr\/inspiration\/tableau-photo-alu-materiau-tendance#primaryimage\",\"url\":\"https:\/\/storage.googleapis.com\/smartphoto-express-production-wp-blogs-com\/10\/2015\/10\/Tableau-photo-alu-cover-FR.jpg\",\"contentUrl\":\"https:\/\/storage.googleapis.com\/smartphoto-express-production-wp-blogs-com\/10\/2015\/10\/Tableau-photo-alu-cover-FR.jpg\"},{\"@type\":\"BreadcrumbList\",\"@id\":\"https:\/\/www.smartphoto.fr\/inspiration\/tableau-photo-alu-materiau-tendance#breadcrumb\",\"itemListElement\":[{\"@type\":\"ListItem\",\"position\":1,\"name\":\"Home\",\"item\":\"https:\/\/www.smartphoto.fr\/inspiration\/\"},{\"@type\":\"ListItem\",\"position\":2,\"name\":\"Tableau photo alu : d\u00e9couverte d\u2019un mat\u00e9riau tendance\"}]},{\"@type\":\"WebSite\",\"@id\":\"https:\/\/www.smartphoto.fr\/inspiration\/#website\",\"url\":\"https:\/\/www.smartphoto.fr\/inspiration\/\",\"name\":\"smartphoto FR\",\"description\":\"Le blog de smartphoto France.\",\"potentialAction\":[{\"@type\":\"SearchAction\",\"target\":{\"@type\":\"EntryPoint\",\"urlTemplate\":\"https:\/\/www.smartphoto.fr\/inspiration\/?s={search_term_string}\"},\"query-input\":{\"@type\":\"PropertyValueSpecification\",\"valueRequired\":true,\"valueName\":\"search_term_string\"}}],\"inLanguage\":\"fr-FR\"},{\"@type\":\"Person\",\"@id\":\"https:\/\/www.smartphoto.fr\/inspiration\/#\/schema\/person\/b743c2a89fcff4d18195130bb0259ffe\",\"name\":\"Claire\",\"image\":{\"@type\":\"ImageObject\",\"inLanguage\":\"fr-FR\",\"@id\":\"https:\/\/www.smartphoto.fr\/inspiration\/#\/schema\/person\/image\/\",\"url\":\"https:\/\/secure.gravatar.com\/avatar\/9f27a09fb8046031a47a9f22ce0ca8e9?s=96&d=mm&r=g\",\"contentUrl\":\"https:\/\/secure.gravatar.com\/avatar\/9f27a09fb8046031a47a9f22ce0ca8e9?s=96&d=mm&r=g\",\"caption\":\"Claire\"},\"description\":\"Claire, 26 ans, passionn\u00e9e de voyages et de danse. J\u2019adore d\u00e9nicher les nouveaut\u00e9s DIY et d\u00e9coration. Je blogue pour smartphoto les astuces \u00e0 r\u00e9aliser avec vos photos.\",\"url\":\"https:\/\/www.smartphoto.fr\/inspiration\/author\/claire\"}]}<\/script>\n<!-- \/ Yoast SEO plugin. -->","yoast_head_json":{"title":"Tableau photo alu : d\u00e9couverte d'un mat\u00e9riau moderne","description":"Encore peu connu, le tableau photo alu est pourtant du plus bel effet. Embarquez avec nous \u00e0 la d\u00e9couverte de ce mat\u00e9riau moderne !","robots":{"index":"index","follow":"follow","max-snippet":"max-snippet:-1","max-image-preview":"max-image-preview:large","max-video-preview":"max-video-preview:-1"},"canonical":"https:\/\/www.smartphoto.fr\/inspiration\/tableau-photo-alu-materiau-tendance","og_locale":"fr_FR","og_type":"article","og_title":"Tableau photo alu : d\u00e9couverte d'un mat\u00e9riau moderne","og_description":"Encore peu connu, le tableau photo alu est pourtant du plus bel effet. Embarquez avec nous \u00e0 la d\u00e9couverte de ce mat\u00e9riau moderne !","og_url":"\/inspiration\/tableau-photo-alu-materiau-tendance","og_site_name":"smartphoto FR","article_publisher":"https:\/\/www.facebook.com\/smartphoto.fr","article_published_time":"2015-10-06T10:09:55+00:00","article_modified_time":"2022-03-08T14:11:14+00:00","og_image":[{"width":700,"height":400,"url":"https:\/\/storage.googleapis.com\/smartphoto-express-production-wp-blogs-com\/10\/2015\/10\/Tableau-photo-alu-cover-FR-1.jpg","type":"image\/jpeg"}],"author":"Claire","twitter_card":"summary_large_image","twitter_creator":"@smartphoto_fr","twitter_site":"@smartphoto_fr","twitter_misc":{"Written by":"Claire","Est. reading time":"5 minutes"},"schema":{"@context":"https:\/\/schema.org","@graph":[{"@type":"WebPage","@id":"\/inspiration\/tableau-photo-alu-materiau-tendance","url":"https:\/\/www.smartphoto.fr\/inspiration\/tableau-photo-alu-materiau-tendance","name":"Tableau photo alu : d\u00e9couverte d'un mat\u00e9riau moderne","isPartOf":{"@id":"https:\/\/www.smartphoto.fr\/inspiration\/#website"},"primaryImageOfPage":{"@id":"https:\/\/www.smartphoto.fr\/inspiration\/tableau-photo-alu-materiau-tendance#primaryimage"},"image":{"@id":"https:\/\/www.smartphoto.fr\/inspiration\/tableau-photo-alu-materiau-tendance#primaryimage"},"thumbnailUrl":"https:\/\/storage.googleapis.com\/smartphoto-express-production-wp-blogs-com\/10\/2015\/10\/Tableau-photo-alu-cover-FR.jpg","datePublished":"2015-10-06T10:09:55+00:00","dateModified":"2022-03-08T14:11:14+00:00","author":{"@id":"https:\/\/www.smartphoto.fr\/inspiration\/#\/schema\/person\/b743c2a89fcff4d18195130bb0259ffe"},"description":"Encore peu connu, le tableau photo alu est pourtant du plus bel effet. Embarquez avec nous \u00e0 la d\u00e9couverte de ce mat\u00e9riau moderne !","breadcrumb":{"@id":"https:\/\/www.smartphoto.fr\/inspiration\/tableau-photo-alu-materiau-tendance#breadcrumb"},"inLanguage":"fr-FR","potentialAction":[{"@type":"ReadAction","target":["https:\/\/www.smartphoto.fr\/inspiration\/tableau-photo-alu-materiau-tendance"]}]},{"@type":"ImageObject","inLanguage":"fr-FR","@id":"https:\/\/www.smartphoto.fr\/inspiration\/tableau-photo-alu-materiau-tendance#primaryimage","url":"https:\/\/storage.googleapis.com\/smartphoto-express-production-wp-blogs-com\/10\/2015\/10\/Tableau-photo-alu-cover-FR.jpg","contentUrl":"https:\/\/storage.googleapis.com\/smartphoto-express-production-wp-blogs-com\/10\/2015\/10\/Tableau-photo-alu-cover-FR.jpg"},{"@type":"BreadcrumbList","@id":"https:\/\/www.smartphoto.fr\/inspiration\/tableau-photo-alu-materiau-tendance#breadcrumb","itemListElement":[{"@type":"ListItem","position":1,"name":"Home","item":"https:\/\/www.smartphoto.fr\/inspiration\/"},{"@type":"ListItem","position":2,"name":"Tableau photo alu : d\u00e9couverte d\u2019un mat\u00e9riau tendance"}]},{"@type":"WebSite","@id":"https:\/\/www.smartphoto.fr\/inspiration\/#website","url":"https:\/\/www.smartphoto.fr\/inspiration\/","name":"smartphoto FR","description":"Le blog de smartphoto France.","potentialAction":[{"@type":"SearchAction","target":{"@type":"EntryPoint","urlTemplate":"https:\/\/www.smartphoto.fr\/inspiration\/?s={search_term_string}"},"query-input":{"@type":"PropertyValueSpecification","valueRequired":true,"valueName":"search_term_string"}}],"inLanguage":"fr-FR"},{"@type":"Person","@id":"https:\/\/www.smartphoto.fr\/inspiration\/#\/schema\/person\/b743c2a89fcff4d18195130bb0259ffe","name":"Claire","image":{"@type":"ImageObject","inLanguage":"fr-FR","@id":"https:\/\/www.smartphoto.fr\/inspiration\/#\/schema\/person\/image\/","url":"https:\/\/secure.gravatar.com\/avatar\/9f27a09fb8046031a47a9f22ce0ca8e9?s=96&d=mm&r=g","contentUrl":"https:\/\/secure.gravatar.com\/avatar\/9f27a09fb8046031a47a9f22ce0ca8e9?s=96&d=mm&r=g","caption":"Claire"},"description":"Claire, 26 ans, passionn\u00e9e de voyages et de danse. J\u2019adore d\u00e9nicher les nouveaut\u00e9s DIY et d\u00e9coration. Je blogue pour smartphoto les astuces \u00e0 r\u00e9aliser avec vos photos.","url":"https:\/\/www.smartphoto.fr\/inspiration\/author\/claire"}]}},"_links":{"self":[{"href":"https:\/\/www.smartphoto.fr\/inspiration\/wp-json\/wp\/v2\/posts\/2740","targetHints":{"allow":["GET"]}}],"collection":[{"href":"https:\/\/www.smartphoto.fr\/inspiration\/wp-json\/wp\/v2\/posts"}],"about":[{"href":"https:\/\/www.smartphoto.fr\/inspiration\/wp-json\/wp\/v2\/types\/post"}],"author":[{"embeddable":true,"href":"https:\/\/www.smartphoto.fr\/inspiration\/wp-json\/wp\/v2\/users\/10"}],"replies":[{"embeddable":true,"href":"https:\/\/www.smartphoto.fr\/inspiration\/wp-json\/wp\/v2\/comments?post=2740"}],"version-history":[{"count":4,"href":"https:\/\/www.smartphoto.fr\/inspiration\/wp-json\/wp\/v2\/posts\/2740\/revisions"}],"predecessor-version":[{"id":11008,"href":"https:\/\/www.smartphoto.fr\/inspiration\/wp-json\/wp\/v2\/posts\/2740\/revisions\/11008"}],"wp:attachment":[{"href":"https:\/\/www.smartphoto.fr\/inspiration\/wp-json\/wp\/v2\/media?parent=2740"}],"wp:term":[{"taxonomy":"category","embeddable":true,"href":"https:\/\/www.smartphoto.fr\/inspiration\/wp-json\/wp\/v2\/categories?post=2740"},{"taxonomy":"post_tag","embeddable":true,"href":"https:\/\/www.smartphoto.fr\/inspiration\/wp-json\/wp\/v2\/tags?post=2740"}],"curies":[{"name":"wp","href":"https:\/\/api.w.org\/{rel}","templated":true}]}}