{"id":2681,"date":"2015-09-23T17:42:02","date_gmt":"2015-09-23T15:42:02","guid":{"rendered":"http:\/\/www.wistiti.fr\/?p=2681"},"modified":"2018-06-14T16:31:37","modified_gmt":"2018-06-14T14:31:37","slug":"decoration-murale-personnalisee-choisir-en-2-min","status":"publish","type":"post","link":"https:\/\/www.smartphoto.fr\/inspiration\/decoration-murale-personnalisee-choisir-en-2-min","title":{"rendered":"D\u00e9coration murale personnalis\u00e9e &#8211; Choisir en 2 minutes !"},"content":{"rendered":"<h3 style=\"text-align: justify\"><b id=\"textpreview_title\">D\u00e9coration murale personnalis\u00e9e<\/b><\/h3>\n<p style=\"text-align: justify\">Pour un int\u00e9rieur qui ne ressemble \u00e0 aucun autre, la bonne id\u00e9e, c\u2019est la d\u00e9coration murale personnalis\u00e9e. D\u00e9couvrez notre tableau r\u00e9capitulatif pour choisir en 2 minutes, la d\u00e9coration adapt\u00e9e \u00e0 votre int\u00e9rieur !<\/p>\n<p style=\"text-align: justify\">\n<a href=\"https:\/\/storage.googleapis.com\/smartphoto-express-production-wp-blogs-com\/10\/2015\/09\/d\u00e9coration-murale-personnalis\u00e9e-Cover2.jpg\"><img loading=\"lazy\" decoding=\"async\" class=\"size-full wp-image-2684 alignnone\" src=\"https:\/\/storage.googleapis.com\/smartphoto-express-production-wp-blogs-com\/10\/2015\/09\/d\u00e9coration-murale-personnalis\u00e9e-Cover2.jpg\" alt=\"d\u00e9coration murale personnalis\u00e9e\" width=\"700\" height=\"500\" \/><\/a><\/p>\n<p style=\"text-align: justify\">Cr\u00e9er sa d\u00e9coration murale personnalis\u00e9e, c&rsquo;est tr\u00e8s simple : s\u00e9lectionnez une photo que vous aimez, choisissez votre mat\u00e9riau sur <a href=\"https:\/\/www.smartphoto.fr\/deco-photo\" target=\"_blank\" rel=\"noopener\">smartphoto<\/a>\u00a0et d\u00e9cidez o\u00f9 l&rsquo;accrocher chez vous ;-). Vous pouvez \u00e9galement cr\u00e9er un p\u00eale-m\u00eale \u00e0 partir de plusieurs images ou utiliser un design existant pour donner un effet \u00e0 votre d\u00e9co murale.\u00a0En fonction du rendu souhait\u00e9 et de l\u2019endroit o\u00f9 vous souhaitez l\u2019afficher, il existe plusieurs mat\u00e9riaux sur lesquels vous pouvez faire imprimer votre cr\u00e9ation.<\/p>\n<h2><strong>Choisir sa d\u00e9co murale en 2 minutes<\/strong><\/h2>\n<h2 style=\"text-align: justify\"><strong><a href=\"https:\/\/storage.googleapis.com\/smartphoto-express-production-wp-blogs-com\/10\/2015\/09\/decoration-murale-personnalisee-tableau-gd.jpg\"><img loading=\"lazy\" decoding=\"async\" class=\"alignnone wp-image-2701 size-full\" title=\"Choisir sa d\u00e9co murale en 2 minutes\" src=\"https:\/\/storage.googleapis.com\/smartphoto-express-production-wp-blogs-com\/10\/2015\/09\/decoration-murale-personnalisee-tableau-gd.jpg\" alt=\"Choisir sa d\u00e9co murale en 2 minutes\" width=\"700\" height=\"400\" \/><\/a><\/strong><\/h2>\n<div style=\"text-align: justify\">Afin de vous aider \u00e0 choisir le bon support pour votre d\u00e9coration murale personnalis\u00e9e, ce tableau r\u00e9pertorie les diff\u00e9rentes caract\u00e9ristiques des mat\u00e9riaux disponibles. D\u2019un simple coup d\u2019\u0153il, vous saurez lesquels ont un rendu mat ou brillant, lesquels sont r\u00e9sistants pour l\u2019affichage en ext\u00e9rieur\u2026 Les prix de base y sont \u00e9galement mentionn\u00e9s. Comme vous le verrez, tous les supports sont adapt\u00e9s \u00e0 la cr\u00e9ation d\u2019un p\u00eale-m\u00eale.<\/div>\n<h2><strong>Une toile d&rsquo;artiste<\/strong><\/h2>\n<h2 style=\"text-align: justify\"><a href=\"https:\/\/storage.googleapis.com\/smartphoto-express-production-wp-blogs-com\/10\/2015\/09\/d\u00e9coration-murale-personnalis\u00e9e-photo-sur-toile.jpg\"><img loading=\"lazy\" decoding=\"async\" class=\"size-full wp-image-2689 alignnone\" src=\"https:\/\/storage.googleapis.com\/smartphoto-express-production-wp-blogs-com\/10\/2015\/09\/d\u00e9coration-murale-personnalis\u00e9e-photo-sur-toile.jpg\" alt=\"d\u00e9coration murale personnalis\u00e9e\" width=\"700\" height=\"414\" \/><\/a><\/h2>\n<div style=\"text-align: justify\">Laissez libre cours \u00e0 votre \u00e2me d\u2019artiste en faisant imprimer vos plus beaux clich\u00e9s sur une v\u00e9ritable toile !<\/div>\n<div style=\"text-align: justify\"><a href=\"https:\/\/www.smartphoto.fr\/deco-photo\/photo-sur-toile\" target=\"_blank\" rel=\"noopener\"><strong><i>La toile classique<\/i><\/strong><\/a><br \/>\nCe support d\u2019entr\u00e9e de gamme est bon march\u00e9 mais sa qualit\u00e9 est excellente. La toile, d\u2019une \u00e9paisseur de 2cm, mettra en valeur la photo de votre choix ou un assemblage de photos. Son rendu mat et son relief la rendent particuli\u00e8rement adapt\u00e9e aux <strong>paysages en noir et blanc ou aux portraits<\/strong>.<br \/>\n<a href=\"https:\/\/www.smartphoto.fr\/deco-photo\/photo-sur-toile-luxe\" target=\"_blank\" rel=\"noopener\"><strong><i>La toile premium<\/i><\/strong><\/a><br \/>\nAvec son \u00e9paisseur de 4cm, la toile premium donnera \u00e0 votre cr\u00e9ation l\u2019aspect d\u2019<strong>un v\u00e9ritable tableau de galerie<\/strong>. De plus, elle est imperm\u00e9able, vous pouvez donc tout \u00e0 fait l\u2019exposer dans une pi\u00e8ce humide, ou la nettoyer avec un chiffon l\u00e9g\u00e8rement mouill\u00e9.<\/div>\n<h2 style=\"text-align: justify\">Une d\u00e9coration sobre et \u00e9l\u00e9gante<\/h2>\n<h2 style=\"text-align: justify\"><a href=\"https:\/\/storage.googleapis.com\/smartphoto-express-production-wp-blogs-com\/10\/2015\/09\/d\u00e9coration-murale-personnalis\u00e9e-forex.jpg\"><img loading=\"lazy\" decoding=\"async\" class=\"size-full wp-image-2687 alignnone\" src=\"https:\/\/storage.googleapis.com\/smartphoto-express-production-wp-blogs-com\/10\/2015\/09\/d\u00e9coration-murale-personnalis\u00e9e-forex.jpg\" alt=\"d\u00e9coration murale personnalis\u00e9e\" width=\"700\" height=\"467\" \/><\/a><\/h2>\n<div style=\"text-align: justify\">Le<a href=\"https:\/\/www.smartphoto.fr\/deco-photo\/tableau-photo-forex\" target=\"_blank\" rel=\"noopener\"> forex, ou PVC expans\u00e9<\/a>, est un support tr\u00e8s fin. Son rendu mat est sobre et \u00e9l\u00e9gant. Les photos \u00ab vintage \u00bb et le coloris s\u00e9pia sont particuli\u00e8rement mis en valeur par ce mat\u00e9riau. Il est <strong>ultra l\u00e9ger<\/strong> et donc tr\u00e8s facile \u00e0 accrocher au mur. Le syst\u00e8me de fixation est d\u2019ailleurs, comme pour tous les mod\u00e8les, fourni. Enti\u00e8rement \u00e9tanche, il est parfaitement possible de l\u2019afficher en ext\u00e9rieur. Vous pourrez choisir parmi diff\u00e9rents formats pour cr\u00e9er un assemblage de plusieurs petites photos, ou laisser libre cours \u00e0 votre imagination.<\/div>\n<h2 style=\"text-align: justify\">La beaut\u00e9 des couleurs<\/h2>\n<h2 style=\"text-align: justify\"><a href=\"https:\/\/storage.googleapis.com\/smartphoto-express-production-wp-blogs-com\/10\/2015\/09\/d\u00e9coration-murale-personnalis\u00e9e-plexi1.jpg\"><img loading=\"lazy\" decoding=\"async\" class=\"size-full wp-image-2686 alignnone\" src=\"https:\/\/storage.googleapis.com\/smartphoto-express-production-wp-blogs-com\/10\/2015\/09\/d\u00e9coration-murale-personnalis\u00e9e-plexi1.jpg\" alt=\"d\u00e9coration murale personnalis\u00e9e\" width=\"715\" height=\"266\" \/><\/a><\/h2>\n<div style=\"text-align: justify\"><a href=\"https:\/\/www.smartphoto.fr\/deco-photo\/photo-sur-plexi\" target=\"_blank\" rel=\"noopener\">L\u2019impression sur un support en plexi <\/a>offre une jolie brillance et donne un effet de profondeur \u00e0 vos photos. Les couleurs intenses rendent ce mat\u00e9riau particuli\u00e8rement adapt\u00e9 aux photographies de paysages color\u00e9s ou aux portraits car le r\u00e9sultat est tr\u00e8s r\u00e9aliste. C\u2019est \u00e9galement le support id\u00e9al pour vos souvenirs les plus joyeux et des sc\u00e8nes dynamiques, comme des enfants qui jouent. Affich\u00e9e en int\u00e9rieur ou en ext\u00e9rieur, cette d\u00e9coration murale personnalis\u00e9e ne laissera personne de marbre.<\/div>\n<h2 style=\"text-align: justify\">Le tableau photo en alu<\/h2>\n<h2 style=\"text-align: justify\"><a href=\"https:\/\/storage.googleapis.com\/smartphoto-express-production-wp-blogs-com\/10\/2015\/09\/d\u00e9coration-murale-personnalis\u00e9e-tableau-photo-alu.jpg\"><img loading=\"lazy\" decoding=\"async\" class=\"size-full wp-image-2688 alignnone\" src=\"https:\/\/storage.googleapis.com\/smartphoto-express-production-wp-blogs-com\/10\/2015\/09\/d\u00e9coration-murale-personnalis\u00e9e-tableau-photo-alu.jpg\" alt=\"d\u00e9coration murale personnalis\u00e9e\" width=\"700\" height=\"419\" \/><\/a><\/h2>\n<div style=\"text-align: justify\">Ce type de d\u00e9co murale permet une impression de tr\u00e8s grande qualit\u00e9. Les photos imprim\u00e9es sur ce <a href=\"https:\/\/www.smartphoto.fr\/deco-photo\/tableau-photo-sur-aluminium\" target=\"_blank\" rel=\"noopener\">support en alu<\/a> seront conformes \u00e0 vos clich\u00e9s et les moindres d\u00e9tails seront respect\u00e9s. C\u2019est un <strong>mat\u00e9riau moderne<\/strong> qui rencontre un grand succ\u00e8s. En effet, l\u2019alu s\u2019accorde \u00e0 merveille avec les int\u00e9rieurs contemporains et les d\u00e9corations industrielles. Si le rendu de l\u2019alu est mat, une finition d\u00e9pos\u00e9e par-dessus lui donne une brillance, notamment sur les zones blanches, qui met en valeur le clich\u00e9.<\/div>\n<h2 style=\"text-align: justify\">Le poster photo en alu<\/h2>\n<h2 style=\"text-align: justify\"><a href=\"https:\/\/storage.googleapis.com\/smartphoto-express-production-wp-blogs-com\/10\/2015\/09\/d\u00e9coration-murale-personnalis\u00e9e-poster-alu1.jpg\"><img loading=\"lazy\" decoding=\"async\" class=\"wp-image-2685 size-large alignnone\" src=\"https:\/\/storage.googleapis.com\/smartphoto-express-production-wp-blogs-com\/10\/2015\/09\/d\u00e9coration-murale-personnalis\u00e9e-poster-alu1-1024x649.jpg\" alt=\"d\u00e9coration murale personnalis\u00e9e\" width=\"1024\" height=\"649\" \/><\/a><\/h2>\n<div style=\"text-align: justify\">Pour la r\u00e9alisation d\u2019un <a href=\"https:\/\/www.smartphoto.fr\/deco-photo\/poster-alu\" target=\"_blank\" rel=\"noopener\">poster photo en alu<\/a>, la photo, ou la cr\u00e9ation de votre choix, est d\u2019abord imprim\u00e9e sur un papier photo de tr\u00e8s haute qualit\u00e9. Le contre-collage est ensuite effectu\u00e9 sur un support en aluminium. Cette d\u00e9coration murale a un rendu bien plus qualitatif que si vous accrochiez simplement une photo sur le mur. En effet, la photo finirait par gondoler, alors que le poster photo en alu restera intacte durablement.Vous n\u2019avez plus qu\u2019\u00e0 choisir les photos de votre choix et \u00e0 commencer votre cr\u00e9ation. Dans quelques jours seulement, votre int\u00e9rieur sera encore plus \u00e0 votre image gr\u00e2ce \u00e0 une <strong>d\u00e9coration murale personnalis\u00e9e<\/strong> ! Et si vous avez besoin d&rsquo;inspiration pour \u00a0la disposition et le choix des images de votre d\u00e9coration murale personnalis\u00e9e, d\u00e9couvrez nos <a href=\"https:\/\/www.smartphoto.fr\/inspiration\/posters-photo-sur-toile-idee-deco\">7 id\u00e9es p\u00e9tillantes<\/a>\u00a0!<\/div>\n<div style=\"text-align: justify\"><\/div>\n<div style=\"text-align: justify\"><strong style=\"font-weight: bold;color: #545454\">Partagez avec nous vos id\u00e9es de d\u00e9co murale personnalis\u00e9e dans les commentaires ou sur\u00a0<a style=\"color: #ff8584\" href=\"https:\/\/www.facebook.com\/smartphoto.fr\" target=\"_blank\" rel=\"noopener\">Facebook<\/a>,\u00a0<a style=\"color: #ff8584\" href=\"https:\/\/twitter.com\/smartphoto_fr\" target=\"_blank\" rel=\"noopener\">Twitter<\/a>,\u00a0<a style=\"color: #ff8584\" href=\"https:\/\/instagram.com\/smartphoto_fr\/\" target=\"_blank\" rel=\"noopener\">Instagram<\/a>, ou\u00a0<a style=\"color: #ff8584\" href=\"https:\/\/www.pinterest.com\/smartphotofr\/\" target=\"_blank\" rel=\"noopener\">Pinterest<\/a>\u00a0avec le hashtag #smartphoto<\/strong><\/div>\n<div style=\"text-align: justify\"><\/div>\n<div><\/div>\n<div style=\"text-align: justify\"><a href=\"https:\/\/www.smartphoto.fr\/deco-photo\" target=\"_blank\" rel=\"noopener\"><img loading=\"lazy\" decoding=\"async\" class=\"wp-image-2691 size-full alignnone\" src=\"https:\/\/storage.googleapis.com\/smartphoto-express-production-wp-blogs-com\/10\/2015\/09\/banner_blog_4_FR.png\" alt=\"d\u00e9coration murale personnalis\u00e9e\" width=\"700\" height=\"250\" \/><\/a><\/div>\n","protected":false},"excerpt":{"rendered":"<p>D\u00e9coration murale personnalis\u00e9e Pour un int\u00e9rieur qui ne ressemble \u00e0 aucun autre, la bonne id\u00e9e, c\u2019est la d\u00e9coration murale personnalis\u00e9e. D\u00e9couvrez notre tableau r\u00e9capitulatif pour choisir en 2 minutes, la d\u00e9coration adapt\u00e9e \u00e0 votre int\u00e9rieur ! Cr\u00e9er sa d\u00e9coration murale personnalis\u00e9e, c&rsquo;est tr\u00e8s simple : s\u00e9lectionnez une photo que vous aimez, choisissez votre mat\u00e9riau sur smartphoto\u00a0et d\u00e9cidez o\u00f9 l&rsquo;accrocher chez vous ;-). Vous pouvez \u00e9galement cr\u00e9er un p\u00eale-m\u00eale \u00e0 partir de plusieurs images ou utiliser un design existant pour donner un effet \u00e0 votre d\u00e9co murale.\u00a0En fonction du rendu souhait\u00e9 et de l\u2019endroit o\u00f9 vous souhaitez l\u2019afficher, il existe plusieurs<\/p>\n","protected":false},"author":10,"featured_media":0,"comment_status":"open","ping_status":"open","sticky":false,"template":"","format":"standard","meta":{"om_disable_all_campaigns":false,"_monsterinsights_skip_tracking":false,"_monsterinsights_sitenote_active":false,"_monsterinsights_sitenote_note":"","_monsterinsights_sitenote_category":0,"footnotes":""},"categories":[13,16],"tags":[],"class_list":["post-2681","post","type-post","status-publish","format-standard","hentry","category-decoration","category-idees"],"yoast_head":"<!-- This site is optimized with the Yoast SEO plugin v23.8 - https:\/\/yoast.com\/wordpress\/plugins\/seo\/ -->\n<title>D\u00e9coration murale personnalis\u00e9e : bien choisir son mat\u00e9riau<\/title>\n<meta name=\"description\" content=\"Pour un int\u00e9rieur original, pensez \u00e0 la d\u00e9coration murale personnalis\u00e9e. D\u00e9couvrez notre tableau r\u00e9capitulatif pour choisir en 2 minutes le bon mat\u00e9riau !\" \/>\n<meta name=\"robots\" content=\"index, follow, max-snippet:-1, max-image-preview:large, max-video-preview:-1\" \/>\n<link rel=\"canonical\" href=\"https:\/\/www.smartphoto.fr\/inspiration\/decoration-murale-personnalisee-choisir-en-2-min\" \/>\n<meta property=\"og:locale\" content=\"fr_FR\" \/>\n<meta property=\"og:type\" content=\"article\" \/>\n<meta property=\"og:title\" content=\"D\u00e9coration murale personnalis\u00e9e : bien choisir son mat\u00e9riau\" \/>\n<meta property=\"og:description\" content=\"Pour un int\u00e9rieur original, pensez \u00e0 la d\u00e9coration murale personnalis\u00e9e. D\u00e9couvrez notre tableau r\u00e9capitulatif pour choisir en 2 minutes le bon mat\u00e9riau !\" \/>\n<meta property=\"og:url\" content=\"\/inspiration\/decoration-murale-personnalisee-choisir-en-2-min\" \/>\n<meta property=\"og:site_name\" content=\"smartphoto FR\" \/>\n<meta property=\"article:publisher\" content=\"https:\/\/www.facebook.com\/smartphoto.fr\" \/>\n<meta property=\"article:published_time\" content=\"2015-09-23T15:42:02+00:00\" \/>\n<meta property=\"article:modified_time\" content=\"2018-06-14T14:31:37+00:00\" \/>\n<meta property=\"og:image\" content=\"https:\/\/storage.googleapis.com\/smartphoto-express-production-wp-blogs-com\/10\/2015\/09\/d\u00e9coration-murale-personnalis\u00e9e-Cover2-1.jpg\" \/>\n\t<meta property=\"og:image:width\" content=\"700\" \/>\n\t<meta property=\"og:image:height\" content=\"500\" \/>\n\t<meta property=\"og:image:type\" content=\"image\/jpeg\" \/>\n<meta name=\"author\" content=\"Claire\" \/>\n<meta name=\"twitter:card\" content=\"summary_large_image\" \/>\n<meta name=\"twitter:creator\" content=\"@smartphoto_fr\" \/>\n<meta name=\"twitter:site\" content=\"@smartphoto_fr\" \/>\n<meta name=\"twitter:label1\" content=\"Written by\" \/>\n\t<meta name=\"twitter:data1\" content=\"Claire\" \/>\n\t<meta name=\"twitter:label2\" content=\"Est. reading time\" \/>\n\t<meta name=\"twitter:data2\" content=\"4 minutes\" \/>\n<script type=\"application\/ld+json\" class=\"yoast-schema-graph\">{\"@context\":\"https:\/\/schema.org\",\"@graph\":[{\"@type\":\"WebPage\",\"@id\":\"\/inspiration\/decoration-murale-personnalisee-choisir-en-2-min\",\"url\":\"https:\/\/www.smartphoto.fr\/inspiration\/decoration-murale-personnalisee-choisir-en-2-min\",\"name\":\"D\u00e9coration murale personnalis\u00e9e : bien choisir son mat\u00e9riau\",\"isPartOf\":{\"@id\":\"https:\/\/www.smartphoto.fr\/inspiration\/#website\"},\"primaryImageOfPage\":{\"@id\":\"https:\/\/www.smartphoto.fr\/inspiration\/decoration-murale-personnalisee-choisir-en-2-min#primaryimage\"},\"image\":{\"@id\":\"https:\/\/www.smartphoto.fr\/inspiration\/decoration-murale-personnalisee-choisir-en-2-min#primaryimage\"},\"thumbnailUrl\":\"https:\/\/storage.googleapis.com\/smartphoto-express-production-wp-blogs-com\/10\/2015\/09\/decoration-murale-personnalisee-tableau-gd.jpg\",\"datePublished\":\"2015-09-23T15:42:02+00:00\",\"dateModified\":\"2018-06-14T14:31:37+00:00\",\"author\":{\"@id\":\"https:\/\/www.smartphoto.fr\/inspiration\/#\/schema\/person\/b743c2a89fcff4d18195130bb0259ffe\"},\"description\":\"Pour un int\u00e9rieur original, pensez \u00e0 la d\u00e9coration murale personnalis\u00e9e. D\u00e9couvrez notre tableau r\u00e9capitulatif pour choisir en 2 minutes le bon mat\u00e9riau !\",\"breadcrumb\":{\"@id\":\"https:\/\/www.smartphoto.fr\/inspiration\/decoration-murale-personnalisee-choisir-en-2-min#breadcrumb\"},\"inLanguage\":\"fr-FR\",\"potentialAction\":[{\"@type\":\"ReadAction\",\"target\":[\"https:\/\/www.smartphoto.fr\/inspiration\/decoration-murale-personnalisee-choisir-en-2-min\"]}]},{\"@type\":\"ImageObject\",\"inLanguage\":\"fr-FR\",\"@id\":\"https:\/\/www.smartphoto.fr\/inspiration\/decoration-murale-personnalisee-choisir-en-2-min#primaryimage\",\"url\":\"https:\/\/storage.googleapis.com\/smartphoto-express-production-wp-blogs-com\/10\/2015\/09\/decoration-murale-personnalisee-tableau-gd.jpg\",\"contentUrl\":\"https:\/\/storage.googleapis.com\/smartphoto-express-production-wp-blogs-com\/10\/2015\/09\/decoration-murale-personnalisee-tableau-gd.jpg\"},{\"@type\":\"BreadcrumbList\",\"@id\":\"https:\/\/www.smartphoto.fr\/inspiration\/decoration-murale-personnalisee-choisir-en-2-min#breadcrumb\",\"itemListElement\":[{\"@type\":\"ListItem\",\"position\":1,\"name\":\"Home\",\"item\":\"https:\/\/www.smartphoto.fr\/inspiration\/\"},{\"@type\":\"ListItem\",\"position\":2,\"name\":\"D\u00e9coration murale personnalis\u00e9e &#8211; Choisir en 2 minutes !\"}]},{\"@type\":\"WebSite\",\"@id\":\"https:\/\/www.smartphoto.fr\/inspiration\/#website\",\"url\":\"https:\/\/www.smartphoto.fr\/inspiration\/\",\"name\":\"smartphoto FR\",\"description\":\"Le blog de smartphoto France.\",\"potentialAction\":[{\"@type\":\"SearchAction\",\"target\":{\"@type\":\"EntryPoint\",\"urlTemplate\":\"https:\/\/www.smartphoto.fr\/inspiration\/?s={search_term_string}\"},\"query-input\":{\"@type\":\"PropertyValueSpecification\",\"valueRequired\":true,\"valueName\":\"search_term_string\"}}],\"inLanguage\":\"fr-FR\"},{\"@type\":\"Person\",\"@id\":\"https:\/\/www.smartphoto.fr\/inspiration\/#\/schema\/person\/b743c2a89fcff4d18195130bb0259ffe\",\"name\":\"Claire\",\"image\":{\"@type\":\"ImageObject\",\"inLanguage\":\"fr-FR\",\"@id\":\"https:\/\/www.smartphoto.fr\/inspiration\/#\/schema\/person\/image\/\",\"url\":\"https:\/\/secure.gravatar.com\/avatar\/9f27a09fb8046031a47a9f22ce0ca8e9?s=96&d=mm&r=g\",\"contentUrl\":\"https:\/\/secure.gravatar.com\/avatar\/9f27a09fb8046031a47a9f22ce0ca8e9?s=96&d=mm&r=g\",\"caption\":\"Claire\"},\"description\":\"Claire, 26 ans, passionn\u00e9e de voyages et de danse. J\u2019adore d\u00e9nicher les nouveaut\u00e9s DIY et d\u00e9coration. Je blogue pour smartphoto les astuces \u00e0 r\u00e9aliser avec vos photos.\",\"url\":\"https:\/\/www.smartphoto.fr\/inspiration\/author\/claire\"}]}<\/script>\n<!-- \/ Yoast SEO plugin. -->","yoast_head_json":{"title":"D\u00e9coration murale personnalis\u00e9e : bien choisir son mat\u00e9riau","description":"Pour un int\u00e9rieur original, pensez \u00e0 la d\u00e9coration murale personnalis\u00e9e. D\u00e9couvrez notre tableau r\u00e9capitulatif pour choisir en 2 minutes le bon mat\u00e9riau !","robots":{"index":"index","follow":"follow","max-snippet":"max-snippet:-1","max-image-preview":"max-image-preview:large","max-video-preview":"max-video-preview:-1"},"canonical":"https:\/\/www.smartphoto.fr\/inspiration\/decoration-murale-personnalisee-choisir-en-2-min","og_locale":"fr_FR","og_type":"article","og_title":"D\u00e9coration murale personnalis\u00e9e : bien choisir son mat\u00e9riau","og_description":"Pour un int\u00e9rieur original, pensez \u00e0 la d\u00e9coration murale personnalis\u00e9e. D\u00e9couvrez notre tableau r\u00e9capitulatif pour choisir en 2 minutes le bon mat\u00e9riau !","og_url":"\/inspiration\/decoration-murale-personnalisee-choisir-en-2-min","og_site_name":"smartphoto FR","article_publisher":"https:\/\/www.facebook.com\/smartphoto.fr","article_published_time":"2015-09-23T15:42:02+00:00","article_modified_time":"2018-06-14T14:31:37+00:00","og_image":[{"width":700,"height":500,"url":"https:\/\/storage.googleapis.com\/smartphoto-express-production-wp-blogs-com\/10\/2015\/09\/d\u00e9coration-murale-personnalis\u00e9e-Cover2-1.jpg","type":"image\/jpeg"}],"author":"Claire","twitter_card":"summary_large_image","twitter_creator":"@smartphoto_fr","twitter_site":"@smartphoto_fr","twitter_misc":{"Written by":"Claire","Est. reading time":"4 minutes"},"schema":{"@context":"https:\/\/schema.org","@graph":[{"@type":"WebPage","@id":"\/inspiration\/decoration-murale-personnalisee-choisir-en-2-min","url":"https:\/\/www.smartphoto.fr\/inspiration\/decoration-murale-personnalisee-choisir-en-2-min","name":"D\u00e9coration murale personnalis\u00e9e : bien choisir son mat\u00e9riau","isPartOf":{"@id":"https:\/\/www.smartphoto.fr\/inspiration\/#website"},"primaryImageOfPage":{"@id":"https:\/\/www.smartphoto.fr\/inspiration\/decoration-murale-personnalisee-choisir-en-2-min#primaryimage"},"image":{"@id":"https:\/\/www.smartphoto.fr\/inspiration\/decoration-murale-personnalisee-choisir-en-2-min#primaryimage"},"thumbnailUrl":"https:\/\/storage.googleapis.com\/smartphoto-express-production-wp-blogs-com\/10\/2015\/09\/decoration-murale-personnalisee-tableau-gd.jpg","datePublished":"2015-09-23T15:42:02+00:00","dateModified":"2018-06-14T14:31:37+00:00","author":{"@id":"https:\/\/www.smartphoto.fr\/inspiration\/#\/schema\/person\/b743c2a89fcff4d18195130bb0259ffe"},"description":"Pour un int\u00e9rieur original, pensez \u00e0 la d\u00e9coration murale personnalis\u00e9e. D\u00e9couvrez notre tableau r\u00e9capitulatif pour choisir en 2 minutes le bon mat\u00e9riau !","breadcrumb":{"@id":"https:\/\/www.smartphoto.fr\/inspiration\/decoration-murale-personnalisee-choisir-en-2-min#breadcrumb"},"inLanguage":"fr-FR","potentialAction":[{"@type":"ReadAction","target":["https:\/\/www.smartphoto.fr\/inspiration\/decoration-murale-personnalisee-choisir-en-2-min"]}]},{"@type":"ImageObject","inLanguage":"fr-FR","@id":"https:\/\/www.smartphoto.fr\/inspiration\/decoration-murale-personnalisee-choisir-en-2-min#primaryimage","url":"https:\/\/storage.googleapis.com\/smartphoto-express-production-wp-blogs-com\/10\/2015\/09\/decoration-murale-personnalisee-tableau-gd.jpg","contentUrl":"https:\/\/storage.googleapis.com\/smartphoto-express-production-wp-blogs-com\/10\/2015\/09\/decoration-murale-personnalisee-tableau-gd.jpg"},{"@type":"BreadcrumbList","@id":"https:\/\/www.smartphoto.fr\/inspiration\/decoration-murale-personnalisee-choisir-en-2-min#breadcrumb","itemListElement":[{"@type":"ListItem","position":1,"name":"Home","item":"https:\/\/www.smartphoto.fr\/inspiration\/"},{"@type":"ListItem","position":2,"name":"D\u00e9coration murale personnalis\u00e9e &#8211; Choisir en 2 minutes !"}]},{"@type":"WebSite","@id":"https:\/\/www.smartphoto.fr\/inspiration\/#website","url":"https:\/\/www.smartphoto.fr\/inspiration\/","name":"smartphoto FR","description":"Le blog de smartphoto France.","potentialAction":[{"@type":"SearchAction","target":{"@type":"EntryPoint","urlTemplate":"https:\/\/www.smartphoto.fr\/inspiration\/?s={search_term_string}"},"query-input":{"@type":"PropertyValueSpecification","valueRequired":true,"valueName":"search_term_string"}}],"inLanguage":"fr-FR"},{"@type":"Person","@id":"https:\/\/www.smartphoto.fr\/inspiration\/#\/schema\/person\/b743c2a89fcff4d18195130bb0259ffe","name":"Claire","image":{"@type":"ImageObject","inLanguage":"fr-FR","@id":"https:\/\/www.smartphoto.fr\/inspiration\/#\/schema\/person\/image\/","url":"https:\/\/secure.gravatar.com\/avatar\/9f27a09fb8046031a47a9f22ce0ca8e9?s=96&d=mm&r=g","contentUrl":"https:\/\/secure.gravatar.com\/avatar\/9f27a09fb8046031a47a9f22ce0ca8e9?s=96&d=mm&r=g","caption":"Claire"},"description":"Claire, 26 ans, passionn\u00e9e de voyages et de danse. J\u2019adore d\u00e9nicher les nouveaut\u00e9s DIY et d\u00e9coration. Je blogue pour smartphoto les astuces \u00e0 r\u00e9aliser avec vos photos.","url":"https:\/\/www.smartphoto.fr\/inspiration\/author\/claire"}]}},"_links":{"self":[{"href":"https:\/\/www.smartphoto.fr\/inspiration\/wp-json\/wp\/v2\/posts\/2681","targetHints":{"allow":["GET"]}}],"collection":[{"href":"https:\/\/www.smartphoto.fr\/inspiration\/wp-json\/wp\/v2\/posts"}],"about":[{"href":"https:\/\/www.smartphoto.fr\/inspiration\/wp-json\/wp\/v2\/types\/post"}],"author":[{"embeddable":true,"href":"https:\/\/www.smartphoto.fr\/inspiration\/wp-json\/wp\/v2\/users\/10"}],"replies":[{"embeddable":true,"href":"https:\/\/www.smartphoto.fr\/inspiration\/wp-json\/wp\/v2\/comments?post=2681"}],"version-history":[{"count":6,"href":"https:\/\/www.smartphoto.fr\/inspiration\/wp-json\/wp\/v2\/posts\/2681\/revisions"}],"predecessor-version":[{"id":7625,"href":"https:\/\/www.smartphoto.fr\/inspiration\/wp-json\/wp\/v2\/posts\/2681\/revisions\/7625"}],"wp:attachment":[{"href":"https:\/\/www.smartphoto.fr\/inspiration\/wp-json\/wp\/v2\/media?parent=2681"}],"wp:term":[{"taxonomy":"category","embeddable":true,"href":"https:\/\/www.smartphoto.fr\/inspiration\/wp-json\/wp\/v2\/categories?post=2681"},{"taxonomy":"post_tag","embeddable":true,"href":"https:\/\/www.smartphoto.fr\/inspiration\/wp-json\/wp\/v2\/tags?post=2681"}],"curies":[{"name":"wp","href":"https:\/\/api.w.org\/{rel}","templated":true}]}}