{"id":2493,"date":"2017-10-18T13:48:59","date_gmt":"2017-10-18T11:48:59","guid":{"rendered":"http:\/\/www.wistiti.fr\/?p=2493"},"modified":"2023-10-05T08:56:49","modified_gmt":"2023-10-05T06:56:49","slug":"calendrier-de-bureau-personnalise","status":"publish","type":"post","link":"https:\/\/www.smartphoto.fr\/inspiration\/calendrier-de-bureau-personnalise","title":{"rendered":"Calendrier de bureau personnalis\u00e9 2024 : la touche de bonne humeur au boulot"},"content":{"rendered":"<p style=\"text-align: justify\"><b>Calendrier de bureau personnalis\u00e9 2024<br \/>\n<\/b>Le retour au travail apr\u00e8s une p\u00e9riode de vacances est souvent synonyme de morosit\u00e9. Un temps gris, un bureau fade, et un calendrier publicitaire, c\u2019est le combo parfait pour se rendre compte que l\u2019ann\u00e9e va \u00eatre longue, tr\u00e8s longue\u2026 Un seul mot d\u2019ordre cette ann\u00e9e, personnalisez les lieux et optez pour un calendrier de bureau personnalis\u00e9 2024 qui vous ressemble.<br \/>\n<!--more--><\/p>\n<p style=\"text-align: justify\"><img loading=\"lazy\" decoding=\"async\" class=\"alignnone wp-image-11530 size-full\" src=\"https:\/\/storage.googleapis.com\/smartphoto-express-production-wp-blogs-com\/10\/2017\/10\/DeskCalendar_Shoot_Lifestyle6-2.jpg\" alt=\"\" width=\"1024\" height=\"681\" srcset=\"https:\/\/storage.googleapis.com\/smartphoto-express-production-wp-blogs-com\/10\/2017\/10\/DeskCalendar_Shoot_Lifestyle6-2.jpg 1024w, https:\/\/storage.googleapis.com\/smartphoto-express-production-wp-blogs-com\/10\/2017\/10\/DeskCalendar_Shoot_Lifestyle6-2-300x200.jpg 300w, https:\/\/storage.googleapis.com\/smartphoto-express-production-wp-blogs-com\/10\/2017\/10\/DeskCalendar_Shoot_Lifestyle6-2-768x511.jpg 768w\" sizes=\"auto, (max-width: 1024px) 100vw, 1024px\" \/><\/p>\n<p style=\"text-align: justify\">Voici les \u00e9tapes qui permettront de donner vie \u00e0 votre cr\u00e9ation. Elles sont valables pour un calendrier photo que vous allez utiliser au travail comme pour un calendrier de bureau personnalis\u00e9 qui viendra orner l\u2019espace de travail de la maison.<\/p>\n<h2><i><span style=\"font-weight: 400\">Rassemblez vos plus belles photos et s\u00e9lectionnez les meilleures<\/span><\/i><\/h2>\n<p style=\"text-align: center\"><img loading=\"lazy\" decoding=\"async\" class=\"alignnone wp-image-11531 \" src=\"https:\/\/storage.googleapis.com\/smartphoto-express-production-wp-blogs-com\/10\/2017\/10\/DeskCalendar_Shoot_Lifestyle7.jpg\" alt=\"calendrier de bureau personnalis\u00e9\" width=\"518\" height=\"675\" srcset=\"https:\/\/storage.googleapis.com\/smartphoto-express-production-wp-blogs-com\/10\/2017\/10\/DeskCalendar_Shoot_Lifestyle7.jpg 768w, https:\/\/storage.googleapis.com\/smartphoto-express-production-wp-blogs-com\/10\/2017\/10\/DeskCalendar_Shoot_Lifestyle7-230x300.jpg 230w\" sizes=\"auto, (max-width: 518px) 100vw, 518px\" \/><\/p>\n<p style=\"text-align: center\"><i><a href=\"https:\/\/www.smartphoto.fr\/calendrier-photo\/calendrier-de-bureau\" target=\"_blank\" rel=\"noopener noreferrer\">Petit calendrier de bureau<\/a><\/i><\/p>\n<p style=\"text-align: justify\">On passe beaucoup de bons moments en une ann\u00e9e, et ces derniers sont souvent immortalis\u00e9s par une jolie photo. C\u2019est le moment de vous servir de tous ces souvenirs afin d\u2019\u00e9laborer\u00a0<strong>un calendrier de bureau 2024 unique et original<\/strong>. Vous pouvez m\u00eame concocter des mois \u00e0 th\u00e8mes : par exemple, on garde les photos enneig\u00e9es pour les mois de janvier et f\u00e9vrier. Pour le d\u00e9but de l\u2019automne, on peut utiliser ces splendides photos sur lesquelles les enfants ramassent des marrons, le tout dans une ambiance de feuilles rouge\u00e2tres qui mettent en valeur leurs mines r\u00e9jouies. A l\u2019approche du printemps, ces photos champ\u00eatres de l\u2019ann\u00e9e pass\u00e9e, celles o\u00f9 la petite portait une ravissante couronne de p\u00e2querettes, seront tr\u00e8s appropri\u00e9es.<\/p>\n<p style=\"text-align: justify\">Surtout n\u2019oubliez pas : le bonheur de vos proches vous aidera \u00e0 \u00eatre plus efficace au travail en pensant aux futurs bons moments que vous allez vivre avec eux.<\/p>\n<h2><i><span style=\"font-weight: 400\">Choisissez votre mois de d\u00e9marrage<\/span><\/i><\/h2>\n<p><img loading=\"lazy\" decoding=\"async\" class=\"wp-image-11532 aligncenter\" src=\"https:\/\/storage.googleapis.com\/smartphoto-express-production-wp-blogs-com\/10\/2017\/10\/DeskCalenderWoodFlowers_Shoot_Lifestyle2.jpg\" alt=\"calendrier de bureau personnalis\u00e9\" width=\"660\" height=\"439\" srcset=\"https:\/\/storage.googleapis.com\/smartphoto-express-production-wp-blogs-com\/10\/2017\/10\/DeskCalenderWoodFlowers_Shoot_Lifestyle2.jpg 1024w, https:\/\/storage.googleapis.com\/smartphoto-express-production-wp-blogs-com\/10\/2017\/10\/DeskCalenderWoodFlowers_Shoot_Lifestyle2-300x200.jpg 300w, https:\/\/storage.googleapis.com\/smartphoto-express-production-wp-blogs-com\/10\/2017\/10\/DeskCalenderWoodFlowers_Shoot_Lifestyle2-768x511.jpg 768w\" sizes=\"auto, (max-width: 660px) 100vw, 660px\" \/><\/p>\n<p style=\"text-align: center\"><span style=\"font-weight: 400\"><a href=\"https:\/\/www.smartphoto.fr\/calendrier-photo\/calendrier-design-bois\" target=\"_blank\" rel=\"noopener noreferrer\">Calendrier photo avec support en bois<\/a><\/span><\/p>\n<p style=\"text-align: justify\"><span style=\"font-weight: 400\">Si l\u2019on ach\u00e8te un calendrier de bureau pour 2024, on sait qu\u2019il d\u00e9butera en janvier. Mais comment faire quand on rentre en septembre ? On passe quatre mois sans calendrier, ou on ach\u00e8te deux calendriers, un pour l\u2019ann\u00e9e 2023 d\u00e9j\u00e0 bien entam\u00e9e, et un pour 2024 ? Heureusement, cette \u00e9poque est r\u00e9volue et smartphoto vous permet de <strong style=\"font-weight: bold !important\">choisir le mois de d\u00e9marrage de votre calendrier<\/strong>\u00a0personnalis\u00e9 pour la r\u00e9alisation de votre calendrier de bureau. Cr\u00e9ez votre ann\u00e9e tout en souvenirs et en clins d\u2019\u0153il relatifs aux bons moments pass\u00e9s en famille ou entre amis selon vos besoins : il serait dommage de ne pas profiter d\u2019un mois ou deux sous pr\u00e9texte que vous n\u2019avez pas eu de choix. Cette option est possible pour les calendriers de bureau \u00e0 accrocher comme pour ceux \u00e0 poser. Inspiration et esprit pratique sont d\u00e9sormais indissociables.<\/span><\/p>\n<h2><i><span style=\"font-weight: 400\">Admirez\u2026 Et commencez \u00e0 penser \u00e0 votre calendrier de l\u2019ann\u00e9e prochaine<\/span><\/i><\/h2>\n<p><img loading=\"lazy\" decoding=\"async\" class=\"size-full wp-image-11533 aligncenter\" src=\"https:\/\/storage.googleapis.com\/smartphoto-express-production-wp-blogs-com\/10\/2017\/10\/DeskCalendar_Shoot_Lifestyle1.jpg\" alt=\"calendrier de bureau personnalis\u00e9\" width=\"1024\" height=\"683\" srcset=\"https:\/\/storage.googleapis.com\/smartphoto-express-production-wp-blogs-com\/10\/2017\/10\/DeskCalendar_Shoot_Lifestyle1.jpg 1024w, https:\/\/storage.googleapis.com\/smartphoto-express-production-wp-blogs-com\/10\/2017\/10\/DeskCalendar_Shoot_Lifestyle1-300x200.jpg 300w, https:\/\/storage.googleapis.com\/smartphoto-express-production-wp-blogs-com\/10\/2017\/10\/DeskCalendar_Shoot_Lifestyle1-768x512.jpg 768w\" sizes=\"auto, (max-width: 1024px) 100vw, 1024px\" \/><\/p>\n<p style=\"text-align: center\"><a href=\"https:\/\/www.smartphoto.fr\/calendrier-photo\/calendrier-spirale-a-poser\" target=\"_blank\" rel=\"noopener noreferrer\"><span style=\"font-weight: 400\">Grand calendrier de bureau<\/span><\/a><\/p>\n<p>A la r\u00e9ception de votre\u00a0<strong style=\"font-weight: bold !important\">calendrier de bureau personnalis\u00e9<\/strong>, il y a des chances pour que l\u2019\u00e9motivit\u00e9 gagne du terrain, car le r\u00e9sultat est vraiment \u00e9poustouflant. Vous vous \u00eates offert ce cadeau, sachez que vous pouvez \u00e9galement faire la surprise \u00e0 vos proches de cr\u00e9er pour eux un calendrier de bureau 2024, pour No\u00ebl par exemple, et ce avec des photos dont ils ne soup\u00e7onnent m\u00eame pas l\u2019existence. Ce genre d\u2019attention fait toujours plaisir et r\u00e9chauffe le c\u0153ur de tous ceux qui vont au boulot en tra\u00eenant des pieds. Vous pouvez aussi anticiper les choses et pr\u00e9parer un dossier photo pour votre calendrier de l\u2019ann\u00e9e prochaine. Ces cr\u00e9ations personnalis\u00e9es \u00e0 l\u2019extr\u00eame, en plus d\u2019\u00eatre pratiques, permettent d\u2019aborder le temps qui passe sous un jour nouveau. Plus qu\u2019un objet de d\u00e9coration, le calendrier de bureau devient un soutien psychologique et philosophique. Si vous avez besoin d\u2019inspiration, d\u00e9couvrez tous <a href=\"\/inspiration\/calendrier-photo-2024\">nos nouveaux designs de calendriers pour 2024<\/a>\u00a0!<\/p>\n<p style=\"text-align: justify\"><strong style=\"font-weight: bold !important\"><span style=\"font-weight: 400\">Apportez la joie directement sur votre bureau. Le calendrier de bureau personnalis\u00e9 a le pouvoir de vous redonner le sourire en cas de petit coup de mou. Allier le c\u00f4t\u00e9 pratique \u00e0 l\u2019originalit\u00e9, en passant par des photos de bonne qualit\u00e9 est le meilleur moyen de passer une ann\u00e9e constructive et agr\u00e9able. De plus, inutile d\u2019attendre le mois de janvier, l\u2019ann\u00e9e commence quand vous le d\u00e9sirez !<\/span><\/strong><\/p>\n<p style=\"text-align: justify\"><strong style=\"font-weight: bold !important\">Partagez avec nous les images que vous mettez sur votre calendrier de bureau dans les commentaires ou sur\u00a0<span style=\"color: #545454\"><a style=\"color: #ff8584\" href=\"https:\/\/www.facebook.com\/smartphoto.fr\" target=\"_blank\" rel=\"noopener noreferrer\">Facebook<\/a>,\u00a0<a style=\"color: #ff8584\" href=\"https:\/\/twitter.com\/smartphoto_fr\" target=\"_blank\" rel=\"noopener noreferrer\">Twitter<\/a>,\u00a0<a style=\"color: #ff8584\" href=\"https:\/\/instagram.com\/smartphoto_fr\/\" target=\"_blank\" rel=\"noopener noreferrer\">Instagram<\/a>,\u00a0<a style=\"color: #ff8584\" href=\"https:\/\/www.pinterest.com\/smartphotofr\/\" target=\"_blank\" rel=\"noopener noreferrer\">Pinterest<\/a>\u00a0ou\u00a0<a style=\"color: #ff8584\" href=\"https:\/\/plus.google.com\/+SmartphotoFr\/posts\" target=\"_blank\" rel=\"noopener noreferrer\">Google+<\/a><\/span>\u00a0avec le hashtag #smartphoto<a href=\"https:\/\/www.smartphoto.fr\/calendrier-photo\" target=\"_blank\" rel=\"noopener noreferrer\"><img loading=\"lazy\" decoding=\"async\" class=\"aligncenter wp-image-2667 size-full\" src=\"https:\/\/storage.googleapis.com\/smartphoto-express-production-wp-blogs-com\/10\/2015\/09\/CTA_CAL_ND_FR1.png\" alt=\"calendrier de bureau personnalise\" width=\"700\" height=\"250\" \/><\/a><\/strong><\/p>\n","protected":false},"excerpt":{"rendered":"<p>Calendrier de bureau personnalis\u00e9 2024 Le retour au travail apr\u00e8s une p\u00e9riode de vacances est souvent synonyme de morosit\u00e9. Un temps gris, un bureau fade, et un calendrier publicitaire, c\u2019est le combo parfait pour se rendre compte que l\u2019ann\u00e9e va \u00eatre longue, tr\u00e8s longue\u2026 Un seul mot d\u2019ordre cette ann\u00e9e, personnalisez les lieux et optez pour un calendrier de bureau personnalis\u00e9 2024 qui vous ressemble.<\/p>\n","protected":false},"author":10,"featured_media":7114,"comment_status":"open","ping_status":"open","sticky":false,"template":"","format":"standard","meta":{"om_disable_all_campaigns":false,"_monsterinsights_skip_tracking":false,"_monsterinsights_sitenote_active":false,"_monsterinsights_sitenote_note":"","_monsterinsights_sitenote_category":0,"footnotes":""},"categories":[16],"tags":[],"class_list":["post-2493","post","type-post","status-publish","format-standard","has-post-thumbnail","hentry","category-idees"],"yoast_head":"<!-- This site is optimized with the Yoast SEO plugin v23.8 - https:\/\/yoast.com\/wordpress\/plugins\/seo\/ -->\n<title>Calendrier de bureau personnalis\u00e9 2024 : inspiration<\/title>\n<meta name=\"description\" content=\"Fini le calendrier triste et classique au boulot, cette ann\u00e9e, personnalisez les lieux, cr\u00e9ez un calendrier de bureau personnalis\u00e9 2024 qui vous ressemble !\" \/>\n<meta name=\"robots\" content=\"index, follow, max-snippet:-1, max-image-preview:large, max-video-preview:-1\" \/>\n<link rel=\"canonical\" href=\"https:\/\/www.smartphoto.fr\/inspiration\/calendrier-de-bureau-personnalise\" \/>\n<meta property=\"og:locale\" content=\"fr_FR\" \/>\n<meta property=\"og:type\" content=\"article\" \/>\n<meta property=\"og:title\" content=\"Calendrier de bureau personnalis\u00e9 2024 : inspiration\" \/>\n<meta property=\"og:description\" content=\"Fini le calendrier triste et classique au boulot, cette ann\u00e9e, personnalisez les lieux, cr\u00e9ez un calendrier de bureau personnalis\u00e9 2024 qui vous ressemble !\" \/>\n<meta property=\"og:url\" content=\"https:\/\/www.smartphoto.fr\/inspiration\/calendrier-de-bureau-personnalise\" \/>\n<meta property=\"og:site_name\" content=\"smartphoto FR\" \/>\n<meta property=\"article:publisher\" content=\"https:\/\/www.facebook.com\/smartphoto.fr\" \/>\n<meta property=\"article:published_time\" content=\"2017-10-18T11:48:59+00:00\" \/>\n<meta property=\"article:modified_time\" content=\"2023-10-05T06:56:49+00:00\" \/>\n<meta property=\"og:image\" content=\"https:\/\/storage.googleapis.com\/smartphoto-express-production-wp-blogs-com\/10\/2015\/09\/DeskCalendar_Shoot_Lifestyle21.jpg\" \/>\n\t<meta property=\"og:image:width\" content=\"720\" \/>\n\t<meta property=\"og:image:height\" content=\"480\" \/>\n\t<meta property=\"og:image:type\" content=\"image\/jpeg\" \/>\n<meta name=\"author\" content=\"Claire\" \/>\n<meta name=\"twitter:card\" content=\"summary_large_image\" \/>\n<meta name=\"twitter:creator\" content=\"@smartphoto_fr\" \/>\n<meta name=\"twitter:site\" content=\"@smartphoto_fr\" \/>\n<meta name=\"twitter:label1\" content=\"Written by\" \/>\n\t<meta name=\"twitter:data1\" content=\"Claire\" \/>\n\t<meta name=\"twitter:label2\" content=\"Est. reading time\" \/>\n\t<meta name=\"twitter:data2\" content=\"5 minutes\" \/>\n<script type=\"application\/ld+json\" class=\"yoast-schema-graph\">{\"@context\":\"https:\/\/schema.org\",\"@graph\":[{\"@type\":\"WebPage\",\"@id\":\"https:\/\/www.smartphoto.fr\/inspiration\/calendrier-de-bureau-personnalise\",\"url\":\"https:\/\/www.smartphoto.fr\/inspiration\/calendrier-de-bureau-personnalise\",\"name\":\"Calendrier de bureau personnalis\u00e9 2024 : inspiration\",\"isPartOf\":{\"@id\":\"https:\/\/www.smartphoto.fr\/inspiration\/#website\"},\"primaryImageOfPage\":{\"@id\":\"https:\/\/www.smartphoto.fr\/inspiration\/calendrier-de-bureau-personnalise#primaryimage\"},\"image\":{\"@id\":\"https:\/\/www.smartphoto.fr\/inspiration\/calendrier-de-bureau-personnalise#primaryimage\"},\"thumbnailUrl\":\"https:\/\/storage.googleapis.com\/smartphoto-express-production-wp-blogs-com\/10\/2015\/09\/DeskCalendar_Shoot_Lifestyle21.jpg\",\"datePublished\":\"2017-10-18T11:48:59+00:00\",\"dateModified\":\"2023-10-05T06:56:49+00:00\",\"author\":{\"@id\":\"https:\/\/www.smartphoto.fr\/inspiration\/#\/schema\/person\/b743c2a89fcff4d18195130bb0259ffe\"},\"description\":\"Fini le calendrier triste et classique au boulot, cette ann\u00e9e, personnalisez les lieux, cr\u00e9ez un calendrier de bureau personnalis\u00e9 2024 qui vous ressemble !\",\"breadcrumb\":{\"@id\":\"https:\/\/www.smartphoto.fr\/inspiration\/calendrier-de-bureau-personnalise#breadcrumb\"},\"inLanguage\":\"fr-FR\",\"potentialAction\":[{\"@type\":\"ReadAction\",\"target\":[\"https:\/\/www.smartphoto.fr\/inspiration\/calendrier-de-bureau-personnalise\"]}]},{\"@type\":\"ImageObject\",\"inLanguage\":\"fr-FR\",\"@id\":\"https:\/\/www.smartphoto.fr\/inspiration\/calendrier-de-bureau-personnalise#primaryimage\",\"url\":\"https:\/\/storage.googleapis.com\/smartphoto-express-production-wp-blogs-com\/10\/2015\/09\/DeskCalendar_Shoot_Lifestyle21.jpg\",\"contentUrl\":\"https:\/\/storage.googleapis.com\/smartphoto-express-production-wp-blogs-com\/10\/2015\/09\/DeskCalendar_Shoot_Lifestyle21.jpg\",\"width\":720,\"height\":480,\"caption\":\"calendrier de bureau personnalis\u00e9 2018\"},{\"@type\":\"BreadcrumbList\",\"@id\":\"https:\/\/www.smartphoto.fr\/inspiration\/calendrier-de-bureau-personnalise#breadcrumb\",\"itemListElement\":[{\"@type\":\"ListItem\",\"position\":1,\"name\":\"Home\",\"item\":\"https:\/\/www.smartphoto.fr\/inspiration\/\"},{\"@type\":\"ListItem\",\"position\":2,\"name\":\"Calendrier de bureau personnalis\u00e9 2024 : la touche de bonne humeur au boulot\"}]},{\"@type\":\"WebSite\",\"@id\":\"https:\/\/www.smartphoto.fr\/inspiration\/#website\",\"url\":\"https:\/\/www.smartphoto.fr\/inspiration\/\",\"name\":\"smartphoto FR\",\"description\":\"Le blog de smartphoto France.\",\"potentialAction\":[{\"@type\":\"SearchAction\",\"target\":{\"@type\":\"EntryPoint\",\"urlTemplate\":\"https:\/\/www.smartphoto.fr\/inspiration\/?s={search_term_string}\"},\"query-input\":{\"@type\":\"PropertyValueSpecification\",\"valueRequired\":true,\"valueName\":\"search_term_string\"}}],\"inLanguage\":\"fr-FR\"},{\"@type\":\"Person\",\"@id\":\"https:\/\/www.smartphoto.fr\/inspiration\/#\/schema\/person\/b743c2a89fcff4d18195130bb0259ffe\",\"name\":\"Claire\",\"image\":{\"@type\":\"ImageObject\",\"inLanguage\":\"fr-FR\",\"@id\":\"https:\/\/www.smartphoto.fr\/inspiration\/#\/schema\/person\/image\/\",\"url\":\"https:\/\/secure.gravatar.com\/avatar\/9f27a09fb8046031a47a9f22ce0ca8e9?s=96&d=mm&r=g\",\"contentUrl\":\"https:\/\/secure.gravatar.com\/avatar\/9f27a09fb8046031a47a9f22ce0ca8e9?s=96&d=mm&r=g\",\"caption\":\"Claire\"},\"description\":\"Claire, 26 ans, passionn\u00e9e de voyages et de danse. J\u2019adore d\u00e9nicher les nouveaut\u00e9s DIY et d\u00e9coration. Je blogue pour smartphoto les astuces \u00e0 r\u00e9aliser avec vos photos.\",\"url\":\"https:\/\/www.smartphoto.fr\/inspiration\/author\/claire\"}]}<\/script>\n<!-- \/ Yoast SEO plugin. -->","yoast_head_json":{"title":"Calendrier de bureau personnalis\u00e9 2024 : inspiration","description":"Fini le calendrier triste et classique au boulot, cette ann\u00e9e, personnalisez les lieux, cr\u00e9ez un calendrier de bureau personnalis\u00e9 2024 qui vous ressemble !","robots":{"index":"index","follow":"follow","max-snippet":"max-snippet:-1","max-image-preview":"max-image-preview:large","max-video-preview":"max-video-preview:-1"},"canonical":"https:\/\/www.smartphoto.fr\/inspiration\/calendrier-de-bureau-personnalise","og_locale":"fr_FR","og_type":"article","og_title":"Calendrier de bureau personnalis\u00e9 2024 : inspiration","og_description":"Fini le calendrier triste et classique au boulot, cette ann\u00e9e, personnalisez les lieux, cr\u00e9ez un calendrier de bureau personnalis\u00e9 2024 qui vous ressemble !","og_url":"https:\/\/www.smartphoto.fr\/inspiration\/calendrier-de-bureau-personnalise","og_site_name":"smartphoto FR","article_publisher":"https:\/\/www.facebook.com\/smartphoto.fr","article_published_time":"2017-10-18T11:48:59+00:00","article_modified_time":"2023-10-05T06:56:49+00:00","og_image":[{"width":720,"height":480,"url":"https:\/\/storage.googleapis.com\/smartphoto-express-production-wp-blogs-com\/10\/2015\/09\/DeskCalendar_Shoot_Lifestyle21.jpg","type":"image\/jpeg"}],"author":"Claire","twitter_card":"summary_large_image","twitter_creator":"@smartphoto_fr","twitter_site":"@smartphoto_fr","twitter_misc":{"Written by":"Claire","Est. reading time":"5 minutes"},"schema":{"@context":"https:\/\/schema.org","@graph":[{"@type":"WebPage","@id":"https:\/\/www.smartphoto.fr\/inspiration\/calendrier-de-bureau-personnalise","url":"https:\/\/www.smartphoto.fr\/inspiration\/calendrier-de-bureau-personnalise","name":"Calendrier de bureau personnalis\u00e9 2024 : inspiration","isPartOf":{"@id":"https:\/\/www.smartphoto.fr\/inspiration\/#website"},"primaryImageOfPage":{"@id":"https:\/\/www.smartphoto.fr\/inspiration\/calendrier-de-bureau-personnalise#primaryimage"},"image":{"@id":"https:\/\/www.smartphoto.fr\/inspiration\/calendrier-de-bureau-personnalise#primaryimage"},"thumbnailUrl":"https:\/\/storage.googleapis.com\/smartphoto-express-production-wp-blogs-com\/10\/2015\/09\/DeskCalendar_Shoot_Lifestyle21.jpg","datePublished":"2017-10-18T11:48:59+00:00","dateModified":"2023-10-05T06:56:49+00:00","author":{"@id":"https:\/\/www.smartphoto.fr\/inspiration\/#\/schema\/person\/b743c2a89fcff4d18195130bb0259ffe"},"description":"Fini le calendrier triste et classique au boulot, cette ann\u00e9e, personnalisez les lieux, cr\u00e9ez un calendrier de bureau personnalis\u00e9 2024 qui vous ressemble !","breadcrumb":{"@id":"https:\/\/www.smartphoto.fr\/inspiration\/calendrier-de-bureau-personnalise#breadcrumb"},"inLanguage":"fr-FR","potentialAction":[{"@type":"ReadAction","target":["https:\/\/www.smartphoto.fr\/inspiration\/calendrier-de-bureau-personnalise"]}]},{"@type":"ImageObject","inLanguage":"fr-FR","@id":"https:\/\/www.smartphoto.fr\/inspiration\/calendrier-de-bureau-personnalise#primaryimage","url":"https:\/\/storage.googleapis.com\/smartphoto-express-production-wp-blogs-com\/10\/2015\/09\/DeskCalendar_Shoot_Lifestyle21.jpg","contentUrl":"https:\/\/storage.googleapis.com\/smartphoto-express-production-wp-blogs-com\/10\/2015\/09\/DeskCalendar_Shoot_Lifestyle21.jpg","width":720,"height":480,"caption":"calendrier de bureau personnalis\u00e9 2018"},{"@type":"BreadcrumbList","@id":"https:\/\/www.smartphoto.fr\/inspiration\/calendrier-de-bureau-personnalise#breadcrumb","itemListElement":[{"@type":"ListItem","position":1,"name":"Home","item":"https:\/\/www.smartphoto.fr\/inspiration\/"},{"@type":"ListItem","position":2,"name":"Calendrier de bureau personnalis\u00e9 2024 : la touche de bonne humeur au boulot"}]},{"@type":"WebSite","@id":"https:\/\/www.smartphoto.fr\/inspiration\/#website","url":"https:\/\/www.smartphoto.fr\/inspiration\/","name":"smartphoto FR","description":"Le blog de smartphoto France.","potentialAction":[{"@type":"SearchAction","target":{"@type":"EntryPoint","urlTemplate":"https:\/\/www.smartphoto.fr\/inspiration\/?s={search_term_string}"},"query-input":{"@type":"PropertyValueSpecification","valueRequired":true,"valueName":"search_term_string"}}],"inLanguage":"fr-FR"},{"@type":"Person","@id":"https:\/\/www.smartphoto.fr\/inspiration\/#\/schema\/person\/b743c2a89fcff4d18195130bb0259ffe","name":"Claire","image":{"@type":"ImageObject","inLanguage":"fr-FR","@id":"https:\/\/www.smartphoto.fr\/inspiration\/#\/schema\/person\/image\/","url":"https:\/\/secure.gravatar.com\/avatar\/9f27a09fb8046031a47a9f22ce0ca8e9?s=96&d=mm&r=g","contentUrl":"https:\/\/secure.gravatar.com\/avatar\/9f27a09fb8046031a47a9f22ce0ca8e9?s=96&d=mm&r=g","caption":"Claire"},"description":"Claire, 26 ans, passionn\u00e9e de voyages et de danse. J\u2019adore d\u00e9nicher les nouveaut\u00e9s DIY et d\u00e9coration. Je blogue pour smartphoto les astuces \u00e0 r\u00e9aliser avec vos photos.","url":"https:\/\/www.smartphoto.fr\/inspiration\/author\/claire"}]}},"_links":{"self":[{"href":"https:\/\/www.smartphoto.fr\/inspiration\/wp-json\/wp\/v2\/posts\/2493","targetHints":{"allow":["GET"]}}],"collection":[{"href":"https:\/\/www.smartphoto.fr\/inspiration\/wp-json\/wp\/v2\/posts"}],"about":[{"href":"https:\/\/www.smartphoto.fr\/inspiration\/wp-json\/wp\/v2\/types\/post"}],"author":[{"embeddable":true,"href":"https:\/\/www.smartphoto.fr\/inspiration\/wp-json\/wp\/v2\/users\/10"}],"replies":[{"embeddable":true,"href":"https:\/\/www.smartphoto.fr\/inspiration\/wp-json\/wp\/v2\/comments?post=2493"}],"version-history":[{"count":7,"href":"https:\/\/www.smartphoto.fr\/inspiration\/wp-json\/wp\/v2\/posts\/2493\/revisions"}],"predecessor-version":[{"id":11538,"href":"https:\/\/www.smartphoto.fr\/inspiration\/wp-json\/wp\/v2\/posts\/2493\/revisions\/11538"}],"wp:featuredmedia":[{"embeddable":true,"href":"https:\/\/www.smartphoto.fr\/inspiration\/wp-json\/wp\/v2\/media\/7114"}],"wp:attachment":[{"href":"https:\/\/www.smartphoto.fr\/inspiration\/wp-json\/wp\/v2\/media?parent=2493"}],"wp:term":[{"taxonomy":"category","embeddable":true,"href":"https:\/\/www.smartphoto.fr\/inspiration\/wp-json\/wp\/v2\/categories?post=2493"},{"taxonomy":"post_tag","embeddable":true,"href":"https:\/\/www.smartphoto.fr\/inspiration\/wp-json\/wp\/v2\/tags?post=2493"}],"curies":[{"name":"wp","href":"https:\/\/api.w.org\/{rel}","templated":true}]}}