{"id":2438,"date":"2019-11-07T13:32:08","date_gmt":"2019-11-07T12:32:08","guid":{"rendered":"http:\/\/www.wistiti.fr\/?p=2438"},"modified":"2019-11-08T09:37:20","modified_gmt":"2019-11-08T08:37:20","slug":"citation-pour-anniversaire-pour-tous-les-ages","status":"publish","type":"post","link":"https:\/\/www.smartphoto.fr\/inspiration\/citation-pour-anniversaire-pour-tous-les-ages","title":{"rendered":"Carte d&rsquo;anniversaire : des citations pour tous les \u00e2ges"},"content":{"rendered":"\n<h3 class=\"wp-block-heading\"><strong>Citation pour anniversaire<\/strong><\/h3>\n\n\n\n<h4 class=\"wp-block-heading\">Vous cherchez l&rsquo;inspiration pour r\u00e9diger une carte d&rsquo;anniversaire pour un anniversaire de 30, 40, 50, ou 60 ans ? D\u00e9couvrez de chouettes messages d&rsquo;anniversaire pour tous les \u00e2ges !<\/h4>\n\n\n\n<div class=\"wp-block-cover has-background-dim\" style=\"background-image:url(https:\/\/storage.googleapis.com\/smartphoto-express-production-wp-blogs-com\/10\/2019\/10\/Anniversaires-titre-1024x751.jpg)\"><div class=\"wp-block-cover__inner-container is-layout-flow wp-block-cover-is-layout-flow\">\n<p style=\"text-align:center\" class=\"has-large-font-size\">Les plus dr\u00f4les et les plus beaux voeux d&rsquo;anniversaire  pour chaque \u00e2ges !<\/p>\n<\/div><\/div>\n\n\n\n<figure class=\"wp-block-pullquote\"><blockquote><p>\u00ab Il y a trois sortes de gens : ceux qui se rappellent les anniversaires, ceux qui les oublient et ceux qui se les rappellent, mais jamais \u00e0 la bonne date !\u00a0\u00bb<\/p><p><em>William Rothsler<\/em><\/p><\/blockquote><\/figure>\n\n\n\n<p>A quelle cat\u00e9gorie appartenez-vous ? A la premi\u00e8re, \u00e9videmment, la preuve: vous lisez cet article \ud83d\ude42 F\u00e9licitations ! Et si vous faites partie de la deuxi\u00e8me cat\u00e9gorie&nbsp;<a rel=\"noreferrer noopener\" href=\"https:\/\/www.smartphoto.fr\/inspiration\/calendrier-anniversaire-personnalise\" target=\"_blank\">cet article<\/a>&nbsp;devrait vous int\u00e9resser !<\/p>\n\n\n\n<p>Pour marquer cet \u00e9v\u00e9nement avec <strong>un signe amical, dr\u00f4le et original, <\/strong>susceptible de faire sourire vos proches, cr\u00e9ez une carte personnalis\u00e9e. <\/p>\n\n\n\n<p>Pour vous aider, voici des textes sympathiques tri\u00e9s par<strong> dizaines<\/strong> d&rsquo;ann\u00e9es ! Car on ne passe pas de la m\u00eame mani\u00e8re le cap des 8 ans ou celui des 58 ans\ud83d\ude0e  <\/p>\n\n\n\n<figure class=\"wp-block-image\"><img loading=\"lazy\" decoding=\"async\" width=\"800\" height=\"535\" src=\"https:\/\/storage.googleapis.com\/smartphoto-express-production-wp-blogs-com\/10\/2019\/10\/anniversaire-1-an.jpg\" alt=\"\" class=\"wp-image-9016\" srcset=\"https:\/\/storage.googleapis.com\/smartphoto-express-production-wp-blogs-com\/10\/2019\/10\/anniversaire-1-an.jpg 800w, https:\/\/storage.googleapis.com\/smartphoto-express-production-wp-blogs-com\/10\/2019\/10\/anniversaire-1-an-300x201.jpg 300w, https:\/\/storage.googleapis.com\/smartphoto-express-production-wp-blogs-com\/10\/2019\/10\/anniversaire-1-an-768x514.jpg 768w\" sizes=\"auto, (max-width: 800px) 100vw, 800px\" \/><\/figure>\n\n\n\n<h2 class=\"wp-block-heading\">V\u0153ux d&rsquo;anniversaire jusqu&rsquo;\u00e0 10 ans<\/h2>\n\n\n\n<p>Hip hip hip Hourra ! A 1 an, 3 ans ou 10 ans, une jolie carte d&rsquo;anniversaire est un symbole \u00e0 garder pr\u00e9cieusement pr\u00e8s de son lit toute l&rsquo;ann\u00e9e. Ces f\u00eates sont des rep\u00e8res tr\u00e8s importants pour les enfants, alors faisons leur les honneurs qu&rsquo;ils m\u00e9ritent avec de jolis v\u0153ux d&rsquo;anniversaire pour enfants :<\/p>\n\n\n\n<ul class=\"wp-block-list\"><li> Joyeux premier anniversaire ! Voil\u00e0 douze mois, tu nous a fait craquer avec ton joli minois. De saison en saison, nous avons appris \u00e0 t&rsquo;aimer pour de bon. Aujourd&rsquo;hui tu as un an, et tu es le plus fantastique b\u00e9b\u00e9 du monde \u00e9videmment \ud83d\ude3b<\/li><li>Tr\u00e8s joyeux anniversaire \u00e0 mon petit lutin pr\u00e9f\u00e9r\u00e9 ! Deux ans, comme mes deux bras qui t&rsquo;entourent d&rsquo;amour pour toujours \ud83d\udc95<\/li><li>Un, deux, trois, compte sur tes doigts : aujourd&rsquo;hui mon petit, nous f\u00eatons tous ensemble trois ann\u00e9es de ta vie si joliment remplies !<\/li><li>Aujourd&rsquo;hui, tu peux jouer, courir, et manger des bonbon. Aujourd&rsquo;hui, tu peux chanter et crier. Aujourd&rsquo;hui, tu peux d\u00e9baller tes cadeaux et manger du g\u00e2teau. Car aujourd&rsquo;hui, tu as cinq ans, et \u00e0 cinq ans, on croque la vie \u00e0 pleines dents !<\/li><li>Cher &#8230; Merci pour ton invitation, et un tr\u00e8s joyeux anniversaire ! Je viendrai \u00e0 ta f\u00eate, et pas seulement pour le g\u00e2teau \ud83d\ude09 Mais il y aura du g\u00e2teau, n&rsquo;est-ce pas ? <\/li><li>8 fait les yeux doux \u00e0 9, qui s&rsquo;envole tel un ballon vers le 10 ! D\u00e9j\u00e0 10 ans mon tr\u00e9sor ? F\u00eatons cela encore et encore !<\/li><\/ul>\n\n\n\n<p>Et pour accompagner votre petite carte, vous pouvez cr\u00e9er des cadeaux personnalis\u00e9s adorables pour enfants : <a href=\"https:\/\/www.smartphoto.fr\/cadeaux-photo\/cadeau-enfant\">vous trouverez de supers id\u00e9es ici<\/a>. <\/p>\n\n\n\n<figure class=\"wp-block-image\"><img loading=\"lazy\" decoding=\"async\" width=\"579\" height=\"415\" src=\"https:\/\/storage.googleapis.com\/smartphoto-express-production-wp-blogs-com\/10\/2019\/11\/birthday-8.png\" alt=\"\" class=\"wp-image-9074\" srcset=\"https:\/\/storage.googleapis.com\/smartphoto-express-production-wp-blogs-com\/10\/2019\/11\/birthday-8.png 579w, https:\/\/storage.googleapis.com\/smartphoto-express-production-wp-blogs-com\/10\/2019\/11\/birthday-8-300x215.png 300w\" sizes=\"auto, (max-width: 579px) 100vw, 579px\" \/><\/figure>\n\n\n\n<h2 class=\"wp-block-heading\">Textes d&rsquo;anniversaire pour les 10-19 ans<\/h2>\n\n\n\n<p>De 10 \u00e0 19 ans, on passe d&rsquo;enfant \u00e0 ado \u00e0 adulte, il y a donc beaucoup de styles diff\u00e9rents ! Or les ados super-connect\u00e9s savent mieux que quiconque appr\u00e9cier la valeur d&rsquo;une carte d&rsquo;anniversaire pr\u00e9par\u00e9e avec amour. Un brin d&rsquo;humour et de l\u00e9g\u00e8ret\u00e9 ne sauraient manquer pour c\u00e9l\u00e9brer une ann\u00e9e de plus au compteur ! Inspirez-vous de ces quelques citations d&rsquo;anniversaires pour ados :<\/p>\n\n\n\n<ul class=\"wp-block-list\"><li>D\u00e9j\u00e0 10 ans, je vais bient\u00f4t pouvoir t&rsquo;appeler mon vieux \ud83d\ude09 Profites bien de cette nouvelle ann\u00e9e et continues de nous faire rigoler comme un pro !<\/li><li>13 v\u0153ux de bonheur pour la personne la plus cool que je connaisse.<\/li><li>J&rsquo;avais pr\u00e9vu de t&rsquo;envoyer des v\u0153ux d&rsquo;anniversaire incroyable, merveilleux, uniques et pleins de paillettes, mais \u00e7a n&rsquo;entrait pas dans une enveloppe, alors je t&rsquo;envoie juste cette carte. Joyeux anniversaire !<\/li><li>\u00ab\u00a0Dancing Queen, Only Seventeen\u00a0\u00bb Kiff ta life ma petite reine \ud83d\udc78<\/li><li>J&rsquo;ai g\u00e9n\u00e9ralement besoin d&rsquo;une notification Facebook pour me souvenir d&rsquo;un anniversaire. Mais quand ce n&rsquo;est pas le cas, je suis si fier de moi que je prends le temps d&rsquo;\u00e9crire une carte &#8230; Joyeux anniversaire !<\/li><li>Joyeux anniversaire \u00e0 l&rsquo;une des seules nanas dont je supporte les comm\u00e9rages et dont j&rsquo;aime les blagues d\u00e9biles \ud83d\ude3b<\/li><li>Joyeux anniversaire \u00e0 toi qui rend mes journ\u00e9es de cours tellement plus supportables \ud83d\ude0e<\/li><li>Joyeux anniversaire \u00e0 toi qui me connais si bien et a quand m\u00eame eu la bonne id\u00e9e de devenir ma meilleure amie \/ mon meilleur ami \ud83e\udd23<\/li><li>Tu pense que tu es plus important(e) aujourd&rsquo;hui parce que c&rsquo;est ton anniversaire, mais tu te trompes&#8230; tu es plus important(e)  tous les jours \ud83d\udc9e<\/li><\/ul>\n\n\n\n<div class=\"wp-block-image\"><figure class=\"aligncenter\"><img loading=\"lazy\" decoding=\"async\" width=\"473\" height=\"343\" src=\"https:\/\/storage.googleapis.com\/smartphoto-express-production-wp-blogs-com\/10\/2019\/11\/verjaardag.jpg\" alt=\"\" class=\"wp-image-9069\" srcset=\"https:\/\/storage.googleapis.com\/smartphoto-express-production-wp-blogs-com\/10\/2019\/11\/verjaardag.jpg 473w, https:\/\/storage.googleapis.com\/smartphoto-express-production-wp-blogs-com\/10\/2019\/11\/verjaardag-300x218.jpg 300w\" sizes=\"auto, (max-width: 473px) 100vw, 473px\" \/><\/figure><\/div>\n\n\n\n<h2 class=\"wp-block-heading\">Citations 20-29 ans : le printemps de la vie, \u00e7a se f\u00eate !<\/h2>\n\n\n\n<p>Des v\u0153ux d\u2019anniversaire pour la vingtaine se doivent d\u2019\u00eatre&nbsp;<strong>frais, dr\u00f4les et tourn\u00e9s vers l\u2019avenir<\/strong>&nbsp;!<\/p>\n\n\n\n<figure class=\"wp-block-image\"><img loading=\"lazy\" decoding=\"async\" width=\"577\" height=\"411\" src=\"https:\/\/storage.googleapis.com\/smartphoto-express-production-wp-blogs-com\/10\/2019\/11\/25.png\" alt=\"\" class=\"wp-image-9075\" srcset=\"https:\/\/storage.googleapis.com\/smartphoto-express-production-wp-blogs-com\/10\/2019\/11\/25.png 577w, https:\/\/storage.googleapis.com\/smartphoto-express-production-wp-blogs-com\/10\/2019\/11\/25-300x214.png 300w\" sizes=\"auto, (max-width: 577px) 100vw, 577px\" \/><figcaption><a href=\"https:\/\/www.smartphoto.fr\/faire-part-cartes\/invitations\">Invitations d&rsquo;anniversaire<\/a><\/figcaption><\/figure>\n\n\n\n<ul class=\"wp-block-list\"><li>\u00ab Vingt ans, c\u2019est merveilleux : tu es devenu(e) assez grand(e) pour avoir les deux pieds dans l\u2019herbe fra\u00eeche et la t\u00eate dans les \u00e9toiles ! Devant toi, tous les possibles !<strong>&nbsp;Joyeux anniversaire<\/strong>&nbsp;! \u00bb<\/li><li>\u00ab Avoir 20 ans, c\u2019est se trouver devant un choix : rester jeune et fou, ou devenir sage et m\u00fbr ! La meilleure solution ? Toute la maturit\u00e9 de la prime jeunesse piment\u00e9e d\u2019un zeste de sage folie ! \u00bb<\/li><\/ul>\n\n\n\n<h2 class=\"wp-block-heading\">Citations 30-39 ans : pour de jeunes adultes pleins d&rsquo;avenir !<\/h2>\n\n\n\n<figure class=\"wp-block-image\"><a href=\"https:\/\/storage.googleapis.com\/smartphoto-express-production-wp-blogs-com\/10\/2015\/09\/citation-pour-anniversaire-30ans.png\"><img loading=\"lazy\" decoding=\"async\" width=\"965\" height=\"229\" src=\"https:\/\/storage.googleapis.com\/smartphoto-express-production-wp-blogs-com\/10\/2015\/09\/citation-pour-anniversaire-30ans.png\" alt=\"\" class=\"wp-image-5214\" srcset=\"https:\/\/storage.googleapis.com\/smartphoto-express-production-wp-blogs-com\/10\/2015\/09\/citation-pour-anniversaire-30ans.png 965w, https:\/\/storage.googleapis.com\/smartphoto-express-production-wp-blogs-com\/10\/2015\/09\/citation-pour-anniversaire-30ans-300x71.png 300w, https:\/\/storage.googleapis.com\/smartphoto-express-production-wp-blogs-com\/10\/2015\/09\/citation-pour-anniversaire-30ans-768x182.png 768w\" sizes=\"auto, (max-width: 965px) 100vw, 965px\" \/><\/a><figcaption> <a rel=\"noreferrer noopener\" href=\"https:\/\/www.smartphoto.fr\/faire-part-cartes\" target=\"_blank\">Carte d&rsquo;anniversaire<\/a> <\/figcaption><\/figure>\n\n\n\n<p><\/p>\n\n\n\n<h4 class=\"wp-block-heading\">Trente ans, c\u2019est un \u00e2ge charni\u00e8re o\u00f9 l\u2019on s\u2019installe dans la vie\u2026 tout en gardant la fougue de la jeunesse.<\/h4>\n\n\n\n<ul class=\"wp-block-list\"><li>\u00ab Avoir trente ans, c\u2019est&nbsp;<strong>\u00eatre un adulte dans le monde des jeunes<\/strong>&nbsp;et un jeune dans le monde des adultes. Profite des deux mondes ! Joyeux 30\u00e8me anniversaire ! \u00bb<\/li><li>Mi-figue, mi-raisin, voici la citation de Jean Dutourd, \u00e0&nbsp;interpr\u00e9ter comme on le souhaite \ud83d\ude09 \u00ab\u00a0On ne comprend gu\u00e8re le mot jeunesse avant trente ans. \u00ab\u00a0<\/li><li>Plus classiques et tr\u00e8s gentils, ces quelques mots qui conviendront \u00e0 tous : \u00ab La trentaine rugissante ! \u00c0 en juger ta p\u00eache et ta bonne humeur, nul doute que la plus belle d\u00e9cennie est encore devant toi ! \u00bb.<\/li><li>Enfin, un peu d\u2019humour pince-sans-rire : \u00ab Joyeux anniversaire. D\u00e9sol\u00e9 de t\u2019annoncer \u00e7a, mais tu te rapproches de plus en plus de 40 ans \u00bb \u2026 Pas faux \ud83d\ude09<\/li><\/ul>\n\n\n\n<h2 class=\"wp-block-heading\">Citations 40-49 ans : le plein \u00e9panouissement !<\/h2>\n\n\n\n<figure class=\"wp-block-image\"><img loading=\"lazy\" decoding=\"async\" width=\"970\" height=\"233\" src=\"https:\/\/storage.googleapis.com\/smartphoto-express-production-wp-blogs-com\/10\/2015\/09\/citation-pour-anniversaire-40ans.png\" alt=\"\" class=\"wp-image-5215\" srcset=\"https:\/\/storage.googleapis.com\/smartphoto-express-production-wp-blogs-com\/10\/2015\/09\/citation-pour-anniversaire-40ans.png 970w, https:\/\/storage.googleapis.com\/smartphoto-express-production-wp-blogs-com\/10\/2015\/09\/citation-pour-anniversaire-40ans-300x72.png 300w, https:\/\/storage.googleapis.com\/smartphoto-express-production-wp-blogs-com\/10\/2015\/09\/citation-pour-anniversaire-40ans-768x184.png 768w\" sizes=\"auto, (max-width: 970px) 100vw, 970px\" \/><figcaption> <a rel=\"noreferrer noopener\" href=\"https:\/\/www.smartphoto.fr\/faire-part-cartes\/faire-part-2-volets\" target=\"_blank\">Carte de voeux<\/a> <\/figcaption><\/figure>\n\n\n\n<h4 class=\"wp-block-heading\">A quarante ans, la vie bat son plein. On ne s\u2019affole plus pour rien mais on sait qu\u2019il nous reste encore tant \u00e0 apprendre !<\/h4>\n\n\n\n<ul class=\"wp-block-list\"><li>Ainsi, dit Jules Renard : \u00ab On ne comprend pas plus la vie \u00e0 quarante ans qu\u2019\u00e0 vingt, mais on le sait et on l\u2019avoue&#8230;&nbsp;<strong>C\u2019est \u00e7a la jeunesse !<\/strong>&nbsp;\u00bb<\/li><li>Pour insister sur la persistance de cette belle jeunesse, optez pour ceci : \u00ab Apr\u00e8s tout, 40 ans c&rsquo;est deux fois vingt ans, deux fois plus de fougue, deux fois plus de s\u00e9duction. Sans complexes, donc, je te souhaite un anniversaire explosif ! \u00bb<\/li><li>Court et rigolo : \u00ab 40, en chiffres romains, c\u2019est XL\u2026&nbsp;<strong>Quarante ans, c\u2019est la vie en grand !<\/strong>&nbsp;\u00bb<\/li><li>Peut-\u00eatre pr\u00e9f\u00e9rerez-vous la logique math\u00e9matique dans votre citation pour anniversaire : \u00ab Je n&rsquo;ai pas 40 ans : j&rsquo;ai 18 ans et 22 ans d&rsquo;exp\u00e9rience ! \u00bb  ou   \u00ab Voil\u00e0 d\u00e9j\u00e0 20 ans que je perfectionne ma vingtaine  \u00bb   <\/li><\/ul>\n\n\n\n<figure class=\"wp-block-pullquote\"><blockquote><p>\u00ab Impossible de vous dire mon \u00e2ge : il change tout le temps ! \u00bb<\/p><cite> <strong>Alphonse Allais<\/strong> <\/cite><\/blockquote><\/figure>\n\n\n\n<h2 class=\"wp-block-heading\">Citations 50-59 ans : l\u2019\u00e2ge de l\u2019apaisement et de la confiance<\/h2>\n\n\n\n<figure class=\"wp-block-image\"><img loading=\"lazy\" decoding=\"async\" width=\"698\" height=\"492\" src=\"https:\/\/storage.googleapis.com\/smartphoto-express-production-wp-blogs-com\/10\/2015\/09\/citation-pour-anniversaire-50ans.png\" alt=\"\" class=\"wp-image-5216\" srcset=\"https:\/\/storage.googleapis.com\/smartphoto-express-production-wp-blogs-com\/10\/2015\/09\/citation-pour-anniversaire-50ans.png 698w, https:\/\/storage.googleapis.com\/smartphoto-express-production-wp-blogs-com\/10\/2015\/09\/citation-pour-anniversaire-50ans-300x211.png 300w\" sizes=\"auto, (max-width: 698px) 100vw, 698px\" \/><figcaption> <a rel=\"noreferrer noopener\" href=\"https:\/\/www.smartphoto.fr\/faire-part-cartes\/faire-part-2-volets\" target=\"_blank\">Carte 2 volets<\/a> <\/figcaption><\/figure>\n\n\n\n<p><\/p>\n\n\n\n<h4 class=\"wp-block-heading\">N\u2019allez pas croire que la jeunesse n\u2019a plus cours \u00e0 50 ans ! Elle est plus m\u00fbre et plus r\u00e9fl\u00e9chie, ce qui ne met pas \u00e0 l\u2019abri de l\u2019erreur parfois. <\/h4>\n\n\n\n<ul class=\"wp-block-list\"><li> A ce propos, affirme Maurice Chevalier :  \u00ab L&rsquo;\u00e2ge mur est le plus beau de tous. On est assez vieux pour reconnaitre ses erreurs et encore assez jeune pour en commettre d&rsquo;autres. \u00bb <\/li><li>Pour ceux qui ont du mal \u00e0 encaisser la dizaine, choisissez :  \u00ab Je te souhaite un tr\u00e8s bon anniversaire pour <strong>tes 50 ans ou si tu pr\u00e9f\u00e8res, tes 49,5 ans hors-taxe<\/strong> ! \u00bb  <\/li><li>Jacques Higelin donne son avis avec humour : \u00ab Avant cinquante ans on est jeune et beau. Apr\u00e8s on est beau. \u00bb, ce qui reste une citation tr\u00e8s positive pour votre carte d\u2019anniversaire ! <\/li><\/ul>\n\n\n\n<h2 class=\"wp-block-heading\">Citations 60 ans : franchir le cap entour\u00e9 d\u2019affection !<\/h2>\n\n\n\n<figure class=\"wp-block-image\"><img loading=\"lazy\" decoding=\"async\" width=\"865\" height=\"435\" src=\"https:\/\/storage.googleapis.com\/smartphoto-express-production-wp-blogs-com\/10\/2015\/09\/citation-pour-anniversaire-60ans.png\" alt=\"\" class=\"wp-image-5217\" srcset=\"https:\/\/storage.googleapis.com\/smartphoto-express-production-wp-blogs-com\/10\/2015\/09\/citation-pour-anniversaire-60ans.png 865w, https:\/\/storage.googleapis.com\/smartphoto-express-production-wp-blogs-com\/10\/2015\/09\/citation-pour-anniversaire-60ans-300x151.png 300w, https:\/\/storage.googleapis.com\/smartphoto-express-production-wp-blogs-com\/10\/2015\/09\/citation-pour-anniversaire-60ans-768x386.png 768w\" sizes=\"auto, (max-width: 865px) 100vw, 865px\" \/><\/figure>\n\n\n\n<h4 class=\"wp-block-heading\">Soixante ans, de nos jours, ce n\u2019est pas vieux, mais la pilule peut \u00eatre un peu difficile \u00e0 avaler !<\/h4>\n\n\n\n<ul class=\"wp-block-list\"><li> Pourtant, comme l\u2019affirme Sainte-Beuve,  \u00abVieillir est encore le seul moyen qu\u2019on ait trouv\u00e9 de vivre longtemps ! \u00bb. <\/li><li>Restons donc positifs et insistons sur l\u2019avenir encore si prometteur.  \u00ab C&rsquo;est \u00e0 60 ans que l&rsquo;on comprend vraiment que chaque ann\u00e9e compte et que <strong>les belles ann\u00e9es sont toujours celles \u00e0 venir<\/strong> plut\u00f4t que celles pass\u00e9es. Joyeux anniversaire, tu vas tout comprendre \u00e0 la vie maintenant ! \u00bb  <\/li><li>Sacha Guitry nous fait sourire avec sa finesse :  \u00ab Si tu savais ce que c&rsquo;est que d&rsquo;avoir trente ans ! Il faut sans doute les avoir au moins deux fois pour le comprendre ! \u00bb  <\/li><li>Et pour des souhaits cosmiques :  \u00ab F\u00e9licitations pour ton soixanti\u00e8me voyage autour du soleil ! Je te souhaite encore plein d\u2019aussi beaux et passionnants voyages ! \u00bb <\/li><\/ul>\n\n\n\n<hr class=\"wp-block-separator\" \/>\n\n\n\n<h4 class=\"wp-block-heading\">Quelques petits mots bien choisis, mis en valeur par&nbsp;de belles photos personnalis\u00e9es\u2026&nbsp;c\u2019est l\u2019assurance de faire plaisir \u00e0 ceux que vous aimez pour leur anniversaire.<\/h4>\n\n\n\n<p>Et n\u2019oubliez pas cette magnifique et c\u00e9l\u00e8bre citation de Samuel Ulmann, valable \u00e0 tous les \u00e2ges :<\/p>\n\n\n\n<figure class=\"wp-block-pullquote\"><blockquote><p>\u00ab\u00a0La jeunesse n&rsquo;est pas une p\u00e9riode de la vie, elle est un \u00e9tat d&rsquo;esprit, un effet de la volont\u00e9, une intensit\u00e9 \u00e9motive, une victoire du courage sur la timidit\u00e9, du go\u00fbt de l&rsquo;aventure sur l&rsquo;amour du confort\u00a0\u00bb<\/p><cite>  SAMUEL ULMANN  <\/cite><\/blockquote><\/figure>\n\n\n\n<pre class=\"wp-block-verse\">... A relire \u00e0 chaque anniversaire ! <\/pre>\n\n\n\n<p><strong>Vous avez d&rsquo;autres id\u00e9es de citation pour anniversaire ? Partagez-les dans les commentaires ou sur&nbsp;<a href=\"https:\/\/www.facebook.com\/smartphoto.fr\" target=\"_blank\" rel=\"noreferrer noopener\">Facebook<\/a>,&nbsp;<a href=\"https:\/\/twitter.com\/smartphoto_fr\" target=\"_blank\" rel=\"noreferrer noopener\">Twitter<\/a>,&nbsp;<a href=\"https:\/\/instagram.com\/smartphoto_fr\/\" target=\"_blank\" rel=\"noreferrer noopener\">Instagram<\/a>, ou&nbsp;<a href=\"https:\/\/www.pinterest.com\/smartphotofr\/\" target=\"_blank\" rel=\"noreferrer noopener\">Pinterest<\/a>&nbsp;avec le hashtag #smartphoto.<\/strong><\/p>\n\n\n\n<div class=\"wp-block-image\"><figure class=\"aligncenter\"><a href=\"https:\/\/www.smartphoto.fr\/anniversaire\"><img loading=\"lazy\" decoding=\"async\" width=\"720\" height=\"280\" src=\"https:\/\/storage.googleapis.com\/smartphoto-express-production-wp-blogs-com\/10\/2013\/09\/Blog_Birthday_CTA_FR.jpg\" alt=\"\" class=\"wp-image-8011\" srcset=\"https:\/\/storage.googleapis.com\/smartphoto-express-production-wp-blogs-com\/10\/2013\/09\/Blog_Birthday_CTA_FR.jpg 720w, https:\/\/storage.googleapis.com\/smartphoto-express-production-wp-blogs-com\/10\/2013\/09\/Blog_Birthday_CTA_FR-300x117.jpg 300w\" sizes=\"auto, (max-width: 720px) 100vw, 720px\" \/><\/a><\/figure><\/div>\n","protected":false},"excerpt":{"rendered":"<p>Citation pour anniversaire Vous cherchez l&rsquo;inspiration pour r\u00e9diger une carte d&rsquo;anniversaire pour un anniversaire de 30, 40, 50, ou 60 ans ? D\u00e9couvrez de chouettes messages d&rsquo;anniversaire pour tous les \u00e2ges ! \u00ab Il y a trois sortes de gens : ceux qui se rappellent les anniversaires, ceux qui les oublient et ceux qui se les rappellent, mais jamais \u00e0 la bonne date !\u00a0\u00bb William Rothsler A quelle cat\u00e9gorie appartenez-vous ? A la premi\u00e8re, \u00e9videmment, la preuve: vous lisez cet article \ud83d\ude42 F\u00e9licitations ! Et si vous faites partie de la deuxi\u00e8me cat\u00e9gorie&nbsp;cet article&nbsp;devrait vous int\u00e9resser ! Pour marquer cet<\/p>\n","protected":false},"author":10,"featured_media":9014,"comment_status":"open","ping_status":"open","sticky":false,"template":"","format":"standard","meta":{"om_disable_all_campaigns":false,"_monsterinsights_skip_tracking":false,"_monsterinsights_sitenote_active":false,"_monsterinsights_sitenote_note":"","_monsterinsights_sitenote_category":0,"footnotes":""},"categories":[70],"tags":[],"class_list":["post-2438","post","type-post","status-publish","format-standard","has-post-thumbnail","hentry","category-anniversaire"],"yoast_head":"<!-- This site is optimized with the Yoast SEO plugin v23.8 - https:\/\/yoast.com\/wordpress\/plugins\/seo\/ -->\n<title>Une citation d&#039;anniversaire pour tous les \u00e2ges : inspiration<\/title>\n<meta name=\"description\" content=\"En manque d&#039;inspiration pour la r\u00e9daction d&#039;une carte d&#039;anniversaire ? 30, 40, 50, ou 60 ans, d\u00e9couvrez une citation pour anniversaire pour tous les \u00e2ges !\" \/>\n<meta name=\"robots\" content=\"index, follow, max-snippet:-1, max-image-preview:large, max-video-preview:-1\" \/>\n<link rel=\"canonical\" href=\"https:\/\/www.smartphoto.fr\/inspiration\/citation-pour-anniversaire-pour-tous-les-ages\" \/>\n<meta property=\"og:locale\" content=\"fr_FR\" \/>\n<meta property=\"og:type\" content=\"article\" \/>\n<meta property=\"og:title\" content=\"Une citation d&#039;anniversaire pour tous les \u00e2ges : inspiration\" \/>\n<meta property=\"og:description\" content=\"En manque d&#039;inspiration pour la r\u00e9daction d&#039;une carte d&#039;anniversaire ? 30, 40, 50, ou 60 ans, d\u00e9couvrez une citation pour anniversaire pour tous les \u00e2ges !\" \/>\n<meta property=\"og:url\" content=\"\/inspiration\/citation-pour-anniversaire-pour-tous-les-ages\" \/>\n<meta property=\"og:site_name\" content=\"smartphoto FR\" \/>\n<meta property=\"article:publisher\" content=\"https:\/\/www.facebook.com\/smartphoto.fr\" \/>\n<meta property=\"article:published_time\" content=\"2019-11-07T12:32:08+00:00\" \/>\n<meta property=\"article:modified_time\" content=\"2019-11-08T08:37:20+00:00\" \/>\n<meta property=\"og:image\" content=\"https:\/\/storage.googleapis.com\/smartphoto-express-production-wp-blogs-com\/10\/2019\/10\/Anniversaires-titre.jpg\" \/>\n\t<meta property=\"og:image:width\" content=\"1282\" \/>\n\t<meta property=\"og:image:height\" content=\"940\" \/>\n\t<meta property=\"og:image:type\" content=\"image\/jpeg\" \/>\n<meta name=\"author\" content=\"Claire\" \/>\n<meta name=\"twitter:card\" content=\"summary_large_image\" \/>\n<meta name=\"twitter:creator\" content=\"@smartphoto_fr\" \/>\n<meta name=\"twitter:site\" content=\"@smartphoto_fr\" \/>\n<meta name=\"twitter:label1\" content=\"Written by\" \/>\n\t<meta name=\"twitter:data1\" content=\"Claire\" \/>\n\t<meta name=\"twitter:label2\" content=\"Est. reading time\" \/>\n\t<meta name=\"twitter:data2\" content=\"8 minutes\" \/>\n<script type=\"application\/ld+json\" class=\"yoast-schema-graph\">{\"@context\":\"https:\/\/schema.org\",\"@graph\":[{\"@type\":\"WebPage\",\"@id\":\"\/inspiration\/citation-pour-anniversaire-pour-tous-les-ages\",\"url\":\"https:\/\/www.smartphoto.fr\/inspiration\/citation-pour-anniversaire-pour-tous-les-ages\",\"name\":\"Une citation d'anniversaire pour tous les \u00e2ges : inspiration\",\"isPartOf\":{\"@id\":\"https:\/\/www.smartphoto.fr\/inspiration\/#website\"},\"primaryImageOfPage\":{\"@id\":\"https:\/\/www.smartphoto.fr\/inspiration\/citation-pour-anniversaire-pour-tous-les-ages#primaryimage\"},\"image\":{\"@id\":\"https:\/\/www.smartphoto.fr\/inspiration\/citation-pour-anniversaire-pour-tous-les-ages#primaryimage\"},\"thumbnailUrl\":\"https:\/\/storage.googleapis.com\/smartphoto-express-production-wp-blogs-com\/10\/2019\/10\/Anniversaires-titre.jpg\",\"datePublished\":\"2019-11-07T12:32:08+00:00\",\"dateModified\":\"2019-11-08T08:37:20+00:00\",\"author\":{\"@id\":\"https:\/\/www.smartphoto.fr\/inspiration\/#\/schema\/person\/b743c2a89fcff4d18195130bb0259ffe\"},\"description\":\"En manque d'inspiration pour la r\u00e9daction d'une carte d'anniversaire ? 30, 40, 50, ou 60 ans, d\u00e9couvrez une citation pour anniversaire pour tous les \u00e2ges !\",\"breadcrumb\":{\"@id\":\"https:\/\/www.smartphoto.fr\/inspiration\/citation-pour-anniversaire-pour-tous-les-ages#breadcrumb\"},\"inLanguage\":\"fr-FR\",\"potentialAction\":[{\"@type\":\"ReadAction\",\"target\":[\"https:\/\/www.smartphoto.fr\/inspiration\/citation-pour-anniversaire-pour-tous-les-ages\"]}]},{\"@type\":\"ImageObject\",\"inLanguage\":\"fr-FR\",\"@id\":\"https:\/\/www.smartphoto.fr\/inspiration\/citation-pour-anniversaire-pour-tous-les-ages#primaryimage\",\"url\":\"https:\/\/storage.googleapis.com\/smartphoto-express-production-wp-blogs-com\/10\/2019\/10\/Anniversaires-titre.jpg\",\"contentUrl\":\"https:\/\/storage.googleapis.com\/smartphoto-express-production-wp-blogs-com\/10\/2019\/10\/Anniversaires-titre.jpg\",\"width\":1282,\"height\":940},{\"@type\":\"BreadcrumbList\",\"@id\":\"https:\/\/www.smartphoto.fr\/inspiration\/citation-pour-anniversaire-pour-tous-les-ages#breadcrumb\",\"itemListElement\":[{\"@type\":\"ListItem\",\"position\":1,\"name\":\"Home\",\"item\":\"https:\/\/www.smartphoto.fr\/inspiration\/\"},{\"@type\":\"ListItem\",\"position\":2,\"name\":\"Carte d&rsquo;anniversaire : des citations pour tous les \u00e2ges\"}]},{\"@type\":\"WebSite\",\"@id\":\"https:\/\/www.smartphoto.fr\/inspiration\/#website\",\"url\":\"https:\/\/www.smartphoto.fr\/inspiration\/\",\"name\":\"smartphoto FR\",\"description\":\"Le blog de smartphoto France.\",\"potentialAction\":[{\"@type\":\"SearchAction\",\"target\":{\"@type\":\"EntryPoint\",\"urlTemplate\":\"https:\/\/www.smartphoto.fr\/inspiration\/?s={search_term_string}\"},\"query-input\":{\"@type\":\"PropertyValueSpecification\",\"valueRequired\":true,\"valueName\":\"search_term_string\"}}],\"inLanguage\":\"fr-FR\"},{\"@type\":\"Person\",\"@id\":\"https:\/\/www.smartphoto.fr\/inspiration\/#\/schema\/person\/b743c2a89fcff4d18195130bb0259ffe\",\"name\":\"Claire\",\"image\":{\"@type\":\"ImageObject\",\"inLanguage\":\"fr-FR\",\"@id\":\"https:\/\/www.smartphoto.fr\/inspiration\/#\/schema\/person\/image\/\",\"url\":\"https:\/\/secure.gravatar.com\/avatar\/9f27a09fb8046031a47a9f22ce0ca8e9?s=96&d=mm&r=g\",\"contentUrl\":\"https:\/\/secure.gravatar.com\/avatar\/9f27a09fb8046031a47a9f22ce0ca8e9?s=96&d=mm&r=g\",\"caption\":\"Claire\"},\"description\":\"Claire, 26 ans, passionn\u00e9e de voyages et de danse. J\u2019adore d\u00e9nicher les nouveaut\u00e9s DIY et d\u00e9coration. Je blogue pour smartphoto les astuces \u00e0 r\u00e9aliser avec vos photos.\",\"url\":\"https:\/\/www.smartphoto.fr\/inspiration\/author\/claire\"}]}<\/script>\n<!-- \/ Yoast SEO plugin. -->","yoast_head_json":{"title":"Une citation d'anniversaire pour tous les \u00e2ges : inspiration","description":"En manque d'inspiration pour la r\u00e9daction d'une carte d'anniversaire ? 30, 40, 50, ou 60 ans, d\u00e9couvrez une citation pour anniversaire pour tous les \u00e2ges !","robots":{"index":"index","follow":"follow","max-snippet":"max-snippet:-1","max-image-preview":"max-image-preview:large","max-video-preview":"max-video-preview:-1"},"canonical":"https:\/\/www.smartphoto.fr\/inspiration\/citation-pour-anniversaire-pour-tous-les-ages","og_locale":"fr_FR","og_type":"article","og_title":"Une citation d'anniversaire pour tous les \u00e2ges : inspiration","og_description":"En manque d'inspiration pour la r\u00e9daction d'une carte d'anniversaire ? 30, 40, 50, ou 60 ans, d\u00e9couvrez une citation pour anniversaire pour tous les \u00e2ges !","og_url":"\/inspiration\/citation-pour-anniversaire-pour-tous-les-ages","og_site_name":"smartphoto FR","article_publisher":"https:\/\/www.facebook.com\/smartphoto.fr","article_published_time":"2019-11-07T12:32:08+00:00","article_modified_time":"2019-11-08T08:37:20+00:00","og_image":[{"width":1282,"height":940,"url":"https:\/\/storage.googleapis.com\/smartphoto-express-production-wp-blogs-com\/10\/2019\/10\/Anniversaires-titre.jpg","type":"image\/jpeg"}],"author":"Claire","twitter_card":"summary_large_image","twitter_creator":"@smartphoto_fr","twitter_site":"@smartphoto_fr","twitter_misc":{"Written by":"Claire","Est. reading time":"8 minutes"},"schema":{"@context":"https:\/\/schema.org","@graph":[{"@type":"WebPage","@id":"\/inspiration\/citation-pour-anniversaire-pour-tous-les-ages","url":"https:\/\/www.smartphoto.fr\/inspiration\/citation-pour-anniversaire-pour-tous-les-ages","name":"Une citation d'anniversaire pour tous les \u00e2ges : inspiration","isPartOf":{"@id":"https:\/\/www.smartphoto.fr\/inspiration\/#website"},"primaryImageOfPage":{"@id":"https:\/\/www.smartphoto.fr\/inspiration\/citation-pour-anniversaire-pour-tous-les-ages#primaryimage"},"image":{"@id":"https:\/\/www.smartphoto.fr\/inspiration\/citation-pour-anniversaire-pour-tous-les-ages#primaryimage"},"thumbnailUrl":"https:\/\/storage.googleapis.com\/smartphoto-express-production-wp-blogs-com\/10\/2019\/10\/Anniversaires-titre.jpg","datePublished":"2019-11-07T12:32:08+00:00","dateModified":"2019-11-08T08:37:20+00:00","author":{"@id":"https:\/\/www.smartphoto.fr\/inspiration\/#\/schema\/person\/b743c2a89fcff4d18195130bb0259ffe"},"description":"En manque d'inspiration pour la r\u00e9daction d'une carte d'anniversaire ? 30, 40, 50, ou 60 ans, d\u00e9couvrez une citation pour anniversaire pour tous les \u00e2ges !","breadcrumb":{"@id":"https:\/\/www.smartphoto.fr\/inspiration\/citation-pour-anniversaire-pour-tous-les-ages#breadcrumb"},"inLanguage":"fr-FR","potentialAction":[{"@type":"ReadAction","target":["https:\/\/www.smartphoto.fr\/inspiration\/citation-pour-anniversaire-pour-tous-les-ages"]}]},{"@type":"ImageObject","inLanguage":"fr-FR","@id":"https:\/\/www.smartphoto.fr\/inspiration\/citation-pour-anniversaire-pour-tous-les-ages#primaryimage","url":"https:\/\/storage.googleapis.com\/smartphoto-express-production-wp-blogs-com\/10\/2019\/10\/Anniversaires-titre.jpg","contentUrl":"https:\/\/storage.googleapis.com\/smartphoto-express-production-wp-blogs-com\/10\/2019\/10\/Anniversaires-titre.jpg","width":1282,"height":940},{"@type":"BreadcrumbList","@id":"https:\/\/www.smartphoto.fr\/inspiration\/citation-pour-anniversaire-pour-tous-les-ages#breadcrumb","itemListElement":[{"@type":"ListItem","position":1,"name":"Home","item":"https:\/\/www.smartphoto.fr\/inspiration\/"},{"@type":"ListItem","position":2,"name":"Carte d&rsquo;anniversaire : des citations pour tous les \u00e2ges"}]},{"@type":"WebSite","@id":"https:\/\/www.smartphoto.fr\/inspiration\/#website","url":"https:\/\/www.smartphoto.fr\/inspiration\/","name":"smartphoto FR","description":"Le blog de smartphoto France.","potentialAction":[{"@type":"SearchAction","target":{"@type":"EntryPoint","urlTemplate":"https:\/\/www.smartphoto.fr\/inspiration\/?s={search_term_string}"},"query-input":{"@type":"PropertyValueSpecification","valueRequired":true,"valueName":"search_term_string"}}],"inLanguage":"fr-FR"},{"@type":"Person","@id":"https:\/\/www.smartphoto.fr\/inspiration\/#\/schema\/person\/b743c2a89fcff4d18195130bb0259ffe","name":"Claire","image":{"@type":"ImageObject","inLanguage":"fr-FR","@id":"https:\/\/www.smartphoto.fr\/inspiration\/#\/schema\/person\/image\/","url":"https:\/\/secure.gravatar.com\/avatar\/9f27a09fb8046031a47a9f22ce0ca8e9?s=96&d=mm&r=g","contentUrl":"https:\/\/secure.gravatar.com\/avatar\/9f27a09fb8046031a47a9f22ce0ca8e9?s=96&d=mm&r=g","caption":"Claire"},"description":"Claire, 26 ans, passionn\u00e9e de voyages et de danse. J\u2019adore d\u00e9nicher les nouveaut\u00e9s DIY et d\u00e9coration. Je blogue pour smartphoto les astuces \u00e0 r\u00e9aliser avec vos photos.","url":"https:\/\/www.smartphoto.fr\/inspiration\/author\/claire"}]}},"_links":{"self":[{"href":"https:\/\/www.smartphoto.fr\/inspiration\/wp-json\/wp\/v2\/posts\/2438","targetHints":{"allow":["GET"]}}],"collection":[{"href":"https:\/\/www.smartphoto.fr\/inspiration\/wp-json\/wp\/v2\/posts"}],"about":[{"href":"https:\/\/www.smartphoto.fr\/inspiration\/wp-json\/wp\/v2\/types\/post"}],"author":[{"embeddable":true,"href":"https:\/\/www.smartphoto.fr\/inspiration\/wp-json\/wp\/v2\/users\/10"}],"replies":[{"embeddable":true,"href":"https:\/\/www.smartphoto.fr\/inspiration\/wp-json\/wp\/v2\/comments?post=2438"}],"version-history":[{"count":14,"href":"https:\/\/www.smartphoto.fr\/inspiration\/wp-json\/wp\/v2\/posts\/2438\/revisions"}],"predecessor-version":[{"id":9078,"href":"https:\/\/www.smartphoto.fr\/inspiration\/wp-json\/wp\/v2\/posts\/2438\/revisions\/9078"}],"wp:featuredmedia":[{"embeddable":true,"href":"https:\/\/www.smartphoto.fr\/inspiration\/wp-json\/wp\/v2\/media\/9014"}],"wp:attachment":[{"href":"https:\/\/www.smartphoto.fr\/inspiration\/wp-json\/wp\/v2\/media?parent=2438"}],"wp:term":[{"taxonomy":"category","embeddable":true,"href":"https:\/\/www.smartphoto.fr\/inspiration\/wp-json\/wp\/v2\/categories?post=2438"},{"taxonomy":"post_tag","embeddable":true,"href":"https:\/\/www.smartphoto.fr\/inspiration\/wp-json\/wp\/v2\/tags?post=2438"}],"curies":[{"name":"wp","href":"https:\/\/api.w.org\/{rel}","templated":true}]}}