{"id":2366,"date":"2015-09-01T16:54:12","date_gmt":"2015-09-01T14:54:12","guid":{"rendered":"http:\/\/www.wistiti.fr\/?p=2366"},"modified":"2022-03-08T15:11:57","modified_gmt":"2022-03-08T14:11:57","slug":"calendrier-personnalisable-photos-instagram","status":"publish","type":"post","link":"https:\/\/www.smartphoto.fr\/inspiration\/calendrier-personnalisable-photos-instagram","title":{"rendered":"Un calendrier personnalisable resplendissant gr\u00e2ce \u00e0 vos photos Instagram !"},"content":{"rendered":"<p style=\"text-align: justify\"><b id=\"textpreview_title\" style=\"font-weight: bold !important\">Calendrier personnalisable&nbsp;<\/b><\/p>\n<div id=\"textpreview\" style=\"text-align: justify\">Mettez vos photos Instragam en valeur en cr\u00e9ant un calendrier personnalisable \u00e0 votre image. Allez hop ! On embarque pour &nbsp;d\u00e9couvrir les designs des calendriers qui mettront en valeur vos photos Instagram.<\/div>\n<p style=\"text-align: justify\"><!--moremore--><\/p>\n<div style=\"text-align: justify\"><a href=\"https:\/\/storage.googleapis.com\/smartphoto-express-production-wp-blogs-com\/10\/2015\/09\/calendrier-personnalisable-cover_700X400_FR.png\"><img loading=\"lazy\" decoding=\"async\" class=\"aligncenter size-full wp-image-2515\" src=\"https:\/\/storage.googleapis.com\/smartphoto-express-production-wp-blogs-com\/10\/2015\/09\/calendrier-personnalisable-cover_700X400_FR.png\" alt=\"calendrier personnalisable\" width=\"700\" height=\"266\"><\/a>On vous propose plusieurs types de calendrier et d&rsquo;agenda pour faire bon usage de vos photos Instagram. Offrez-vous un calendrier Instagram original et faites de celui-ci un objet unique qui changera des traditionnels calendriers avec des photos d&rsquo;animaux. Petit plus propre \u00e0&nbsp;<a href=\"https:\/\/www.smartphoto.fr\/calendrier-photo\" target=\"_blank\" rel=\"noopener noreferrer\">smartphoto<\/a>&nbsp;:&nbsp;<strong style=\"font-weight: bold !important\">vous pouvez choisir le mois de d\u00e9marrage de votre calendrier<\/strong>, tr\u00e8s pratique !<\/div>\n<h3 style=\"text-align: justify\">1) Le calendrier mural<\/h3>\n<div style=\"text-align: justify\">&nbsp;<\/div>\n<div style=\"text-align: justify\"><a href=\"https:\/\/storage.googleapis.com\/smartphoto-express-production-wp-blogs-com\/10\/2015\/09\/calendrier-personnalisable-2016-mural-5.png\"><img loading=\"lazy\" decoding=\"async\" class=\"aligncenter size-full wp-image-2535\" src=\"https:\/\/storage.googleapis.com\/smartphoto-express-production-wp-blogs-com\/10\/2015\/09\/calendrier-personnalisable-2016-mural-5.png\" alt=\"calendrier personnalisable\" width=\"519\" height=\"748\"><\/a><\/div>\n<div style=\"text-align: justify\">&nbsp;<\/div>\n<div style=\"text-align: justify\">Le&nbsp;<a href=\"https:\/\/www.smartphoto.fr\/calendrier-photo\/calendrier-mural?utm_source=blog&amp;utm_medium=social&amp;utm_campaign=calendrierpersonnalisable\" target=\"_blank\" rel=\"noopener noreferrer\">calendrier <\/a><a href=\"https:\/\/www.smartphoto.fr\/calendrier-photo\/calendrier-mural\">mural&nbsp;<\/a>est destin\u00e9 \u00e0 \u00eatre accroch\u00e9 dans votre int\u00e9rieur. Plusieurs formats vous sont propos\u00e9s. R\u00e9alisez un tirage Instagram grand format pour mettre&nbsp;<strong style=\"font-weight: bold !important\">vos plus belles photos au format carr\u00e9 en valeur<\/strong>. Ce calendrier mural sera utilis\u00e9 au quotidien donc s\u00e9lectionnez des photos qui vous tiennent \u00e0 c\u0153ur pour un calendrier personnalisable adorable.<\/div>\n<h3 style=\"text-align: justify\">2) Le calendrier de bureau<\/h3>\n<p style=\"text-align: justify\"><a href=\"https:\/\/storage.googleapis.com\/smartphoto-express-production-wp-blogs-com\/10\/2015\/09\/calendrier-personnalisable-tirage-instagram-4.png\"><img loading=\"lazy\" decoding=\"async\" class=\"aligncenter size-full wp-image-2372\" src=\"https:\/\/storage.googleapis.com\/smartphoto-express-production-wp-blogs-com\/10\/2015\/09\/calendrier-personnalisable-tirage-instagram-4.png\" alt=\"calendrier personnalisable\" width=\"1136\" height=\"601\"><\/a><\/p>\n<p style=\"text-align: justify\">Deuxi\u00e8me id\u00e9e de&nbsp;<strong style=\"font-weight: bold !important\">calendrier personnalisable<\/strong>&nbsp;: le<a href=\"https:\/\/www.smartphoto.fr\/calendrier-photo\/calendrier-de-bureau\" target=\"_blank\" rel=\"noopener noreferrer\">&nbsp;calendrier de bureau<\/a>. Ce calendrier pourra d\u00e9corer \u00e0 la fois votre bureau gr\u00e2ce aux photos choisies et il vous permettra \u00e9galement de vous rep\u00e9rer dans le temps. De cette fa\u00e7on, votre famille sera toujours pr\u00e8s de vous, m\u00eame sur votre lieu de travail. En plus, avoir un calendrier sur son bureau est indispensable !<\/p>\n<h3 style=\"text-align: justify\">3) Le calendrier familial<\/h3>\n<h3 style=\"text-align: justify\"><img loading=\"lazy\" decoding=\"async\" class=\"aligncenter size-full wp-image-8967\" src=\"https:\/\/storage.googleapis.com\/smartphoto-express-production-wp-blogs-com\/10\/2015\/09\/skola_familjeplanerare.jpg\" alt=\"\" width=\"720\" height=\"360\" srcset=\"https:\/\/storage.googleapis.com\/smartphoto-express-production-wp-blogs-com\/10\/2015\/09\/skola_familjeplanerare.jpg 720w, https:\/\/storage.googleapis.com\/smartphoto-express-production-wp-blogs-com\/10\/2015\/09\/skola_familjeplanerare-300x150.jpg 300w\" sizes=\"auto, (max-width: 720px) 100vw, 720px\" \/><\/h3>\n<div style=\"text-align: justify\">Pourquoi ne pas cr\u00e9er un calendrier personnalisable aux couleurs de votre famille ? Un&nbsp;<a href=\"https:\/\/www.smartphoto.fr\/calendrier-photo\/calendrier-familial\" target=\"_blank\" rel=\"noopener noreferrer\">calendrier familial<\/a>&nbsp;permet \u00e0 toute la famille de noter ses rendez-vous ou activit\u00e9s. Alors pourquoi ne pas en profiter pour mettre un&nbsp;<strong style=\"font-weight: bold !important\">portrait Instagram<\/strong>&nbsp;de chaque membre de la famille au-dessus de sa colonne ?<\/div>\n<div style=\"text-align: justify\">&nbsp;<\/div>\n<div style=\"text-align: justify\">&nbsp;<\/div>\n<h3 style=\"text-align: justify\">4) Le calendrier de cuisine<\/h3>\n<p style=\"text-align: justify\"><a href=\"https:\/\/storage.googleapis.com\/smartphoto-express-production-wp-blogs-com\/10\/2015\/09\/calendrier-personnalisable-2016-cuisine-5.png\"><img loading=\"lazy\" decoding=\"async\" class=\"aligncenter size-full wp-image-2537\" src=\"https:\/\/storage.googleapis.com\/smartphoto-express-production-wp-blogs-com\/10\/2015\/09\/calendrier-personnalisable-2016-cuisine-5.png\" alt=\"calendrier personnalisable\" width=\"320\" height=\"689\"><\/a><a href=\"https:\/\/storage.googleapis.com\/smartphoto-express-production-wp-blogs-com\/10\/2015\/09\/calendrier-personnalisable-tirage-instagram-11.png\"><br><\/a><br>Voici un design parfaitement adapt\u00e9 aux&nbsp;<strong style=\"font-weight: bold !important\">photos Instagram<\/strong>&nbsp;! Dans votre cuisine,&nbsp;<a href=\"https:\/\/www.smartphoto.fr\/calendrier-photo\/calendrier-de-cuisine\" target=\"_blank\" rel=\"noopener noreferrer\">ce calendrier<\/a>&nbsp;vous fera d\u00e9couvrir ou red\u00e9couvrir vos photos. Et pourquoi ne pas utiliser uniquement des photos de petits plats que vous avez d\u00e9gust\u00e9 au restaurant ou que vous avez cuisin\u00e9 vous-m\u00eame ? Vous serez \u00e0 100% dans le th\u00e8me !<\/p>\n<h3 style=\"text-align: justify\">5) Le calendrier anniversaire<\/h3>\n<p><img loading=\"lazy\" decoding=\"async\" class=\"aligncenter size-full wp-image-5253\" src=\"https:\/\/storage.googleapis.com\/smartphoto-express-production-wp-blogs-com\/10\/2015\/09\/calendrier-anniversaire-personnalis\u00e9-1.1.jpg\" alt=\"\" width=\"432\" height=\"668\" srcset=\"https:\/\/storage.googleapis.com\/smartphoto-express-production-wp-blogs-com\/10\/2015\/09\/calendrier-anniversaire-personnalis\u00e9-1.1.jpg 432w, https:\/\/storage.googleapis.com\/smartphoto-express-production-wp-blogs-com\/10\/2015\/09\/calendrier-anniversaire-personnalis\u00e9-1.1-194x300.jpg 194w\" sizes=\"auto, (max-width: 432px) 100vw, 432px\" \/><\/p>\n<p>Vous avez du mal \u00e0 retenir les dates d&rsquo;anniversaire ?&nbsp;<a href=\"https:\/\/www.smartphoto.fr\/calendrier-photo\/calendrier-anniversaire\" target=\"_blank\" rel=\"noopener noreferrer\">Ce calendrier est fait pour vous<\/a>&nbsp;! Plus aucune excuse pour oublier l&rsquo;anniversaire de quelqu&rsquo;un ! Et puis, pour mettre en valeur un proche le mois de son anniversaire, choisissez une photo de lui. \u00c0 vous de&nbsp;<strong style=\"font-weight: bold !important\">personnaliser votre calendrier comme vous le souhaitez<\/strong>&nbsp;en utilisant une photo par mois ou plusieurs photos, toutes au format carr\u00e9.<\/p>\n<h3 style=\"text-align: justify\">6) Planning annuel<\/h3>\n<p><a href=\"https:\/\/storage.googleapis.com\/smartphoto-express-production-wp-blogs-com\/10\/2015\/09\/calendrier-personnalise-2016-planning-1.png\"><img loading=\"lazy\" decoding=\"async\" class=\"aligncenter size-full wp-image-2539\" src=\"https:\/\/storage.googleapis.com\/smartphoto-express-production-wp-blogs-com\/10\/2015\/09\/calendrier-personnalise-2016-planning-1.png\" alt=\"calendrier personnalisable\" width=\"954\" height=\"673\"><\/a><\/p>\n<p style=\"text-align: justify\"><a href=\"https:\/\/storage.googleapis.com\/smartphoto-express-production-wp-blogs-com\/10\/2015\/09\/calendrier-personnalis\u00e9-2016-17-1.png\"><img loading=\"lazy\" decoding=\"async\" class=\"aligncenter size-full wp-image-2361\" src=\"https:\/\/storage.googleapis.com\/smartphoto-express-production-wp-blogs-com\/10\/2015\/09\/calendrier-personnalis\u00e9-2016-17-1.png\" alt=\"calendrier personnalisable\" width=\"988\" height=\"701\"><\/a><\/p>\n<p style=\"text-align: justify\">Nouvelle id\u00e9e d&rsquo;<strong style=\"font-weight: bold !important\">agenda \u00e0 personnaliser<\/strong>&nbsp;:&nbsp;un <a href=\"https:\/\/www.smartphoto.fr\/calendrier-photo\/planning-annuel\">planning annuel<\/a>. Il pourra s&rsquo;av\u00e9rer tr\u00e8s pratique si vous devez pr\u00e9voir des choses \u00e0 l&rsquo;avance, ou si vous aimez vous rep\u00e9rez facilement dans le temps. Ce tirage Instagram sera parfait car les photos seront altern\u00e9es avec les mois de l&rsquo;ann\u00e9e. Vous n&rsquo;aurez plus qu&rsquo;\u00e0 choisir si vous pr\u00e9f\u00e9rez mettre des photos de famille ou des photos d&rsquo;objets ou de paysages, qui symbolisent le mois \u00e0 c\u00f4t\u00e9 de la photo. Ce calendrier vous suivra toute l&rsquo;ann\u00e9e alors s\u00e9lectionnez vos meilleures photos.<\/p>\n<h3 style=\"text-align: justify\">7) L&rsquo;agenda scolaire<\/h3>\n<h3 style=\"text-align: justify\"><img loading=\"lazy\" decoding=\"async\" class=\"aligncenter size-full wp-image-8969\" src=\"https:\/\/storage.googleapis.com\/smartphoto-express-production-wp-blogs-com\/10\/2015\/09\/Agenda-photos-insta2.jpg\" alt=\"\" width=\"700\" height=\"467\" srcset=\"https:\/\/storage.googleapis.com\/smartphoto-express-production-wp-blogs-com\/10\/2015\/09\/Agenda-photos-insta2.jpg 700w, https:\/\/storage.googleapis.com\/smartphoto-express-production-wp-blogs-com\/10\/2015\/09\/Agenda-photos-insta2-300x200.jpg 300w\" sizes=\"auto, (max-width: 700px) 100vw, 700px\" \/><\/h3>\n\n\n<p> Chaque ann\u00e9e, c&rsquo;est la m\u00eame gal\u00e8re. Votre enfant ne sait pas quel agenda choisir. Il y a trop de choix et il ne veut pas avoir le m\u00eame que ses amis. Offrez-lui un agenda unique et personnalis\u00e9 avec des photos Instagram. <\/p>\n\n\n\n<p>Laissez-le choisir les photos qu&rsquo;il veut voir sur son agenda et qu&rsquo;il n&rsquo;h\u00e9sitera pas \u00e0 montrer \u00e0 ses camarades de classe. Votre enfant risque m\u00eame de faire des jaloux avec son agenda \u00e0 personnaliser. D\u00e9couvrez&nbsp;<a href=\"https:\/\/www.smartphoto.fr\/inspiration\/agenda-scolaire-personnalise\">notre article<\/a>&nbsp;d\u00e9di\u00e9 aux&nbsp;<a rel=\"noreferrer noopener\" href=\"https:\/\/www.smartphoto.fr\/calendrier-photo\/agenda-photo\" target=\"_blank\">agendas scolaires<\/a>&nbsp;pour faire le plein d&rsquo;id\u00e9es \ud83d\ude42 ! <\/p>\n\n\n\n<h3 class=\"wp-block-heading\">8) L&rsquo;agenda photo &amp; De luxe<\/h3>\n\n\n\n<p> Tout comme l&rsquo;agenda scolaire, un agenda est tr\u00e8s utile dans la vie de tous les jours. Vous pouvez l&rsquo;utilisez pour marquer vos rendez-vous professionnels, vos sorties entre copines, votre rendez-vous chez le coiffeur ou autre\u2026&nbsp;<\/p>\n\n\n\n<p><strong>Personnalisez votre agenda avec vos photos Instagram<\/strong>. Ouvrir votre agenda vous donnera toujours le sourire. On a aussi pens\u00e9 \u00e0 ceux qui sont oblig\u00e9s d&rsquo;avoir un agenda pour leur activit\u00e9 professionnelle en cr\u00e9ant un agenda \u00e0 personnaliser de luxe muni d&rsquo;une couverture aspect cuir.&nbsp;<a rel=\"noreferrer noopener\" href=\"https:\/\/www.smartphoto.fr\/calendrier-photo\/agenda-simili-cuir\" target=\"_blank\">Votre agenda<\/a>&nbsp;pourra contenir jusqu&rsquo;\u00e0 72 photos Instagram. \n\n<\/p>\n\n\n\n<h3 class=\"wp-block-heading\">9) Les nouveaux design arrivent !<\/h3>\n\n\n\n<div class=\"wp-block-image\"><figure class=\"aligncenter\"><img loading=\"lazy\" decoding=\"async\" width=\"700\" height=\"467\" src=\"https:\/\/storage.googleapis.com\/smartphoto-express-production-wp-blogs-com\/10\/2015\/09\/Calendrier-photos-carrees-instagram2.jpg\" alt=\"\" class=\"wp-image-8971\" srcset=\"https:\/\/storage.googleapis.com\/smartphoto-express-production-wp-blogs-com\/10\/2015\/09\/Calendrier-photos-carrees-instagram2.jpg 700w, https:\/\/storage.googleapis.com\/smartphoto-express-production-wp-blogs-com\/10\/2015\/09\/Calendrier-photos-carrees-instagram2-300x200.jpg 300w\" sizes=\"auto, (max-width: 700px) 100vw, 700px\" \/><\/figure><\/div>\n\n\n\n<div class=\"wp-block-image\"><figure class=\"aligncenter\"><img loading=\"lazy\" decoding=\"async\" width=\"780\" height=\"537\" src=\"https:\/\/storage.googleapis.com\/smartphoto-express-production-wp-blogs-com\/10\/2015\/09\/calendrier-porte-photo-instagram.jpg\" alt=\"\" class=\"wp-image-8972\" srcset=\"https:\/\/storage.googleapis.com\/smartphoto-express-production-wp-blogs-com\/10\/2015\/09\/calendrier-porte-photo-instagram.jpg 780w, https:\/\/storage.googleapis.com\/smartphoto-express-production-wp-blogs-com\/10\/2015\/09\/calendrier-porte-photo-instagram-300x207.jpg 300w, https:\/\/storage.googleapis.com\/smartphoto-express-production-wp-blogs-com\/10\/2015\/09\/calendrier-porte-photo-instagram-768x529.jpg 768w\" sizes=\"auto, (max-width: 780px) 100vw, 780px\" \/><\/figure><\/div>\n\n\n\n<p> D\u00e9sormais,<strong>&nbsp;place aux nouveaux designs<\/strong>. On a cr\u00e9\u00e9 un calendrier Instagram mini-format. Vous pourrez le poser o\u00f9 vous voudrez. Votre photo sera mise en valeur. Vous n&rsquo;aurez qu&rsquo;\u00e0 changer de page une fois le mois \u00e9coul\u00e9 et profiter d&rsquo;une nouvelle photo de votre choix. C&rsquo;est le calendrier id\u00e9al pour mettre en valeur un tirage Instagram. <\/p>\n\n\n\n<p>N&rsquo;h\u00e9sitez plus et&nbsp;<strong>cr\u00e9ez un calendrier personnalisable avec vos photos Instagram<\/strong>. Votre calendrier aura un look original gr\u00e2ce aux filtres et au format carr\u00e9 de vos photos. C&rsquo;est un excellent moyen pour mettre vos photos en valeur. Vous devez choisir des photos que vous aimez : de vos proches, de paysages, d&rsquo;objets\u2026 Avec ces calendriers et ces agendas personnalis\u00e9s, vous aurez toujours le sourire en tournant les pages. Lequel de ces calendriers vous aura s\u00e9duit pour la rentr\u00e9e ou la nouvelle ann\u00e9e ? &nbsp; <\/p>\n\n\n\n<p>\n\nPartagez avec nous vos astuces pour cr\u00e9er un chouette calendrier en commentaire ou sur&nbsp;<strong><a href=\"https:\/\/www.facebook.com\/smartphoto.fr\" target=\"_blank\" rel=\"noreferrer noopener\">Facebook<\/a>,&nbsp;<a href=\"https:\/\/twitter.com\/smartphoto_fr\" target=\"_blank\" rel=\"noreferrer noopener\">Twitter<\/a>,&nbsp;<a href=\"https:\/\/instagram.com\/smartphoto_fr\/\" target=\"_blank\" rel=\"noreferrer noopener\">Instagram<\/a>,&nbsp;<a href=\"https:\/\/www.pinterest.com\/smartphotofr\/\" target=\"_blank\" rel=\"noreferrer noopener\">Pinterest<\/a>&nbsp;ou&nbsp;<a href=\"https:\/\/plus.google.com\/+SmartphotoFr\/posts\" target=\"_blank\" rel=\"noreferrer noopener\">Google+<\/a>&nbsp;<\/strong>&nbsp; avec le hashtag #smartphoto !\n\n<\/p>\n\n\n\n<div class=\"wp-block-image\"><figure class=\"aligncenter\"><a href=\"https:\/\/www.smartphoto.fr\/calendrier-photo\" target=\"_blank\" rel=\"noreferrer noopener\"><img decoding=\"async\" src=\"https:\/\/storage.googleapis.com\/smartphoto-express-production-wp-blogs-com\/10\/2015\/09\/CTA_retroKalender_FR.png\" alt=\"calendrier personnalisable\" class=\"wp-image-2516\" \/><\/a><\/figure><\/div>\n","protected":false},"excerpt":{"rendered":"<p>Calendrier personnalisable&nbsp; Mettez vos photos Instragam en valeur en cr\u00e9ant un calendrier personnalisable \u00e0 votre image. Allez hop ! On embarque pour &nbsp;d\u00e9couvrir les designs des calendriers qui mettront en valeur vos photos Instagram.<\/p>\n","protected":false},"author":10,"featured_media":0,"comment_status":"open","ping_status":"open","sticky":false,"template":"","format":"standard","meta":{"om_disable_all_campaigns":false,"_monsterinsights_skip_tracking":false,"_monsterinsights_sitenote_active":false,"_monsterinsights_sitenote_note":"","_monsterinsights_sitenote_category":0,"footnotes":""},"categories":[16],"tags":[],"class_list":["post-2366","post","type-post","status-publish","format-standard","hentry","category-idees"],"yoast_head":"<!-- This site is optimized with the Yoast SEO plugin v23.8 - https:\/\/yoast.com\/wordpress\/plugins\/seo\/ -->\n<title>Calendrier personnalisable : vos photos Instagram \u00e0 l&#039;honneur<\/title>\n<meta name=\"description\" content=\"D\u00e9couvrez nos designs de calendrier personnalisable ! Mettez vos photos Instagram en valeur en cr\u00e9ant un calendrier personnalisable \u00e0 votre image.\" \/>\n<meta name=\"robots\" content=\"index, follow, max-snippet:-1, max-image-preview:large, max-video-preview:-1\" \/>\n<link rel=\"canonical\" href=\"https:\/\/www.smartphoto.fr\/inspiration\/calendrier-personnalisable-photos-instagram\" \/>\n<meta property=\"og:locale\" content=\"fr_FR\" \/>\n<meta property=\"og:type\" content=\"article\" \/>\n<meta property=\"og:title\" content=\"Calendrier personnalisable : vos photos Instagram \u00e0 l&#039;honneur\" \/>\n<meta property=\"og:description\" content=\"D\u00e9couvrez nos designs de calendrier personnalisable ! Mettez vos photos Instagram en valeur en cr\u00e9ant un calendrier personnalisable \u00e0 votre image.\" \/>\n<meta property=\"og:url\" content=\"\/inspiration\/calendrier-personnalisable-photos-instagram\" \/>\n<meta property=\"og:site_name\" content=\"smartphoto FR\" \/>\n<meta property=\"article:publisher\" content=\"https:\/\/www.facebook.com\/smartphoto.fr\" \/>\n<meta property=\"article:published_time\" content=\"2015-09-01T14:54:12+00:00\" \/>\n<meta property=\"article:modified_time\" content=\"2022-03-08T14:11:57+00:00\" \/>\n<meta property=\"og:image\" content=\"https:\/\/storage.googleapis.com\/smartphoto-express-production-wp-blogs-com\/10\/2015\/08\/calendrier-personnalisable-cover_700X400_FR.png\" \/>\n\t<meta property=\"og:image:width\" content=\"700\" \/>\n\t<meta property=\"og:image:height\" content=\"266\" \/>\n\t<meta property=\"og:image:type\" content=\"image\/png\" \/>\n<meta name=\"author\" content=\"Claire\" \/>\n<meta name=\"twitter:card\" content=\"summary_large_image\" \/>\n<meta name=\"twitter:creator\" content=\"@smartphoto_fr\" \/>\n<meta name=\"twitter:site\" content=\"@smartphoto_fr\" \/>\n<meta name=\"twitter:label1\" content=\"Written by\" \/>\n\t<meta name=\"twitter:data1\" content=\"Claire\" \/>\n\t<meta name=\"twitter:label2\" content=\"Est. reading time\" \/>\n\t<meta name=\"twitter:data2\" content=\"4 minutes\" \/>\n<script type=\"application\/ld+json\" class=\"yoast-schema-graph\">{\"@context\":\"https:\/\/schema.org\",\"@graph\":[{\"@type\":\"WebPage\",\"@id\":\"\/inspiration\/calendrier-personnalisable-photos-instagram\",\"url\":\"https:\/\/www.smartphoto.fr\/inspiration\/calendrier-personnalisable-photos-instagram\",\"name\":\"Calendrier personnalisable : vos photos Instagram \u00e0 l'honneur\",\"isPartOf\":{\"@id\":\"https:\/\/www.smartphoto.fr\/inspiration\/#website\"},\"primaryImageOfPage\":{\"@id\":\"https:\/\/www.smartphoto.fr\/inspiration\/calendrier-personnalisable-photos-instagram#primaryimage\"},\"image\":{\"@id\":\"https:\/\/www.smartphoto.fr\/inspiration\/calendrier-personnalisable-photos-instagram#primaryimage\"},\"thumbnailUrl\":\"https:\/\/storage.googleapis.com\/smartphoto-express-production-wp-blogs-com\/10\/2015\/09\/calendrier-personnalisable-cover_700X400_FR.png\",\"datePublished\":\"2015-09-01T14:54:12+00:00\",\"dateModified\":\"2022-03-08T14:11:57+00:00\",\"author\":{\"@id\":\"https:\/\/www.smartphoto.fr\/inspiration\/#\/schema\/person\/b743c2a89fcff4d18195130bb0259ffe\"},\"description\":\"D\u00e9couvrez nos designs de calendrier personnalisable ! Mettez vos photos Instagram en valeur en cr\u00e9ant un calendrier personnalisable \u00e0 votre image.\",\"breadcrumb\":{\"@id\":\"https:\/\/www.smartphoto.fr\/inspiration\/calendrier-personnalisable-photos-instagram#breadcrumb\"},\"inLanguage\":\"fr-FR\",\"potentialAction\":[{\"@type\":\"ReadAction\",\"target\":[\"https:\/\/www.smartphoto.fr\/inspiration\/calendrier-personnalisable-photos-instagram\"]}]},{\"@type\":\"ImageObject\",\"inLanguage\":\"fr-FR\",\"@id\":\"https:\/\/www.smartphoto.fr\/inspiration\/calendrier-personnalisable-photos-instagram#primaryimage\",\"url\":\"https:\/\/storage.googleapis.com\/smartphoto-express-production-wp-blogs-com\/10\/2015\/09\/calendrier-personnalisable-cover_700X400_FR.png\",\"contentUrl\":\"https:\/\/storage.googleapis.com\/smartphoto-express-production-wp-blogs-com\/10\/2015\/09\/calendrier-personnalisable-cover_700X400_FR.png\"},{\"@type\":\"BreadcrumbList\",\"@id\":\"https:\/\/www.smartphoto.fr\/inspiration\/calendrier-personnalisable-photos-instagram#breadcrumb\",\"itemListElement\":[{\"@type\":\"ListItem\",\"position\":1,\"name\":\"Home\",\"item\":\"https:\/\/www.smartphoto.fr\/inspiration\/\"},{\"@type\":\"ListItem\",\"position\":2,\"name\":\"Un calendrier personnalisable resplendissant gr\u00e2ce \u00e0 vos photos Instagram !\"}]},{\"@type\":\"WebSite\",\"@id\":\"https:\/\/www.smartphoto.fr\/inspiration\/#website\",\"url\":\"https:\/\/www.smartphoto.fr\/inspiration\/\",\"name\":\"smartphoto FR\",\"description\":\"Le blog de smartphoto France.\",\"potentialAction\":[{\"@type\":\"SearchAction\",\"target\":{\"@type\":\"EntryPoint\",\"urlTemplate\":\"https:\/\/www.smartphoto.fr\/inspiration\/?s={search_term_string}\"},\"query-input\":{\"@type\":\"PropertyValueSpecification\",\"valueRequired\":true,\"valueName\":\"search_term_string\"}}],\"inLanguage\":\"fr-FR\"},{\"@type\":\"Person\",\"@id\":\"https:\/\/www.smartphoto.fr\/inspiration\/#\/schema\/person\/b743c2a89fcff4d18195130bb0259ffe\",\"name\":\"Claire\",\"image\":{\"@type\":\"ImageObject\",\"inLanguage\":\"fr-FR\",\"@id\":\"https:\/\/www.smartphoto.fr\/inspiration\/#\/schema\/person\/image\/\",\"url\":\"https:\/\/secure.gravatar.com\/avatar\/9f27a09fb8046031a47a9f22ce0ca8e9?s=96&d=mm&r=g\",\"contentUrl\":\"https:\/\/secure.gravatar.com\/avatar\/9f27a09fb8046031a47a9f22ce0ca8e9?s=96&d=mm&r=g\",\"caption\":\"Claire\"},\"description\":\"Claire, 26 ans, passionn\u00e9e de voyages et de danse. J\u2019adore d\u00e9nicher les nouveaut\u00e9s DIY et d\u00e9coration. Je blogue pour smartphoto les astuces \u00e0 r\u00e9aliser avec vos photos.\",\"url\":\"https:\/\/www.smartphoto.fr\/inspiration\/author\/claire\"}]}<\/script>\n<!-- \/ Yoast SEO plugin. -->","yoast_head_json":{"title":"Calendrier personnalisable : vos photos Instagram \u00e0 l'honneur","description":"D\u00e9couvrez nos designs de calendrier personnalisable ! Mettez vos photos Instagram en valeur en cr\u00e9ant un calendrier personnalisable \u00e0 votre image.","robots":{"index":"index","follow":"follow","max-snippet":"max-snippet:-1","max-image-preview":"max-image-preview:large","max-video-preview":"max-video-preview:-1"},"canonical":"https:\/\/www.smartphoto.fr\/inspiration\/calendrier-personnalisable-photos-instagram","og_locale":"fr_FR","og_type":"article","og_title":"Calendrier personnalisable : vos photos Instagram \u00e0 l'honneur","og_description":"D\u00e9couvrez nos designs de calendrier personnalisable ! Mettez vos photos Instagram en valeur en cr\u00e9ant un calendrier personnalisable \u00e0 votre image.","og_url":"\/inspiration\/calendrier-personnalisable-photos-instagram","og_site_name":"smartphoto FR","article_publisher":"https:\/\/www.facebook.com\/smartphoto.fr","article_published_time":"2015-09-01T14:54:12+00:00","article_modified_time":"2022-03-08T14:11:57+00:00","og_image":[{"width":700,"height":266,"url":"https:\/\/storage.googleapis.com\/smartphoto-express-production-wp-blogs-com\/10\/2015\/08\/calendrier-personnalisable-cover_700X400_FR.png","type":"image\/png"}],"author":"Claire","twitter_card":"summary_large_image","twitter_creator":"@smartphoto_fr","twitter_site":"@smartphoto_fr","twitter_misc":{"Written by":"Claire","Est. reading time":"4 minutes"},"schema":{"@context":"https:\/\/schema.org","@graph":[{"@type":"WebPage","@id":"\/inspiration\/calendrier-personnalisable-photos-instagram","url":"https:\/\/www.smartphoto.fr\/inspiration\/calendrier-personnalisable-photos-instagram","name":"Calendrier personnalisable : vos photos Instagram \u00e0 l'honneur","isPartOf":{"@id":"https:\/\/www.smartphoto.fr\/inspiration\/#website"},"primaryImageOfPage":{"@id":"https:\/\/www.smartphoto.fr\/inspiration\/calendrier-personnalisable-photos-instagram#primaryimage"},"image":{"@id":"https:\/\/www.smartphoto.fr\/inspiration\/calendrier-personnalisable-photos-instagram#primaryimage"},"thumbnailUrl":"https:\/\/storage.googleapis.com\/smartphoto-express-production-wp-blogs-com\/10\/2015\/09\/calendrier-personnalisable-cover_700X400_FR.png","datePublished":"2015-09-01T14:54:12+00:00","dateModified":"2022-03-08T14:11:57+00:00","author":{"@id":"https:\/\/www.smartphoto.fr\/inspiration\/#\/schema\/person\/b743c2a89fcff4d18195130bb0259ffe"},"description":"D\u00e9couvrez nos designs de calendrier personnalisable ! Mettez vos photos Instagram en valeur en cr\u00e9ant un calendrier personnalisable \u00e0 votre image.","breadcrumb":{"@id":"https:\/\/www.smartphoto.fr\/inspiration\/calendrier-personnalisable-photos-instagram#breadcrumb"},"inLanguage":"fr-FR","potentialAction":[{"@type":"ReadAction","target":["https:\/\/www.smartphoto.fr\/inspiration\/calendrier-personnalisable-photos-instagram"]}]},{"@type":"ImageObject","inLanguage":"fr-FR","@id":"https:\/\/www.smartphoto.fr\/inspiration\/calendrier-personnalisable-photos-instagram#primaryimage","url":"https:\/\/storage.googleapis.com\/smartphoto-express-production-wp-blogs-com\/10\/2015\/09\/calendrier-personnalisable-cover_700X400_FR.png","contentUrl":"https:\/\/storage.googleapis.com\/smartphoto-express-production-wp-blogs-com\/10\/2015\/09\/calendrier-personnalisable-cover_700X400_FR.png"},{"@type":"BreadcrumbList","@id":"https:\/\/www.smartphoto.fr\/inspiration\/calendrier-personnalisable-photos-instagram#breadcrumb","itemListElement":[{"@type":"ListItem","position":1,"name":"Home","item":"https:\/\/www.smartphoto.fr\/inspiration\/"},{"@type":"ListItem","position":2,"name":"Un calendrier personnalisable resplendissant gr\u00e2ce \u00e0 vos photos Instagram !"}]},{"@type":"WebSite","@id":"https:\/\/www.smartphoto.fr\/inspiration\/#website","url":"https:\/\/www.smartphoto.fr\/inspiration\/","name":"smartphoto FR","description":"Le blog de smartphoto France.","potentialAction":[{"@type":"SearchAction","target":{"@type":"EntryPoint","urlTemplate":"https:\/\/www.smartphoto.fr\/inspiration\/?s={search_term_string}"},"query-input":{"@type":"PropertyValueSpecification","valueRequired":true,"valueName":"search_term_string"}}],"inLanguage":"fr-FR"},{"@type":"Person","@id":"https:\/\/www.smartphoto.fr\/inspiration\/#\/schema\/person\/b743c2a89fcff4d18195130bb0259ffe","name":"Claire","image":{"@type":"ImageObject","inLanguage":"fr-FR","@id":"https:\/\/www.smartphoto.fr\/inspiration\/#\/schema\/person\/image\/","url":"https:\/\/secure.gravatar.com\/avatar\/9f27a09fb8046031a47a9f22ce0ca8e9?s=96&d=mm&r=g","contentUrl":"https:\/\/secure.gravatar.com\/avatar\/9f27a09fb8046031a47a9f22ce0ca8e9?s=96&d=mm&r=g","caption":"Claire"},"description":"Claire, 26 ans, passionn\u00e9e de voyages et de danse. J\u2019adore d\u00e9nicher les nouveaut\u00e9s DIY et d\u00e9coration. Je blogue pour smartphoto les astuces \u00e0 r\u00e9aliser avec vos photos.","url":"https:\/\/www.smartphoto.fr\/inspiration\/author\/claire"}]}},"_links":{"self":[{"href":"https:\/\/www.smartphoto.fr\/inspiration\/wp-json\/wp\/v2\/posts\/2366","targetHints":{"allow":["GET"]}}],"collection":[{"href":"https:\/\/www.smartphoto.fr\/inspiration\/wp-json\/wp\/v2\/posts"}],"about":[{"href":"https:\/\/www.smartphoto.fr\/inspiration\/wp-json\/wp\/v2\/types\/post"}],"author":[{"embeddable":true,"href":"https:\/\/www.smartphoto.fr\/inspiration\/wp-json\/wp\/v2\/users\/10"}],"replies":[{"embeddable":true,"href":"https:\/\/www.smartphoto.fr\/inspiration\/wp-json\/wp\/v2\/comments?post=2366"}],"version-history":[{"count":8,"href":"https:\/\/www.smartphoto.fr\/inspiration\/wp-json\/wp\/v2\/posts\/2366\/revisions"}],"predecessor-version":[{"id":11011,"href":"https:\/\/www.smartphoto.fr\/inspiration\/wp-json\/wp\/v2\/posts\/2366\/revisions\/11011"}],"wp:attachment":[{"href":"https:\/\/www.smartphoto.fr\/inspiration\/wp-json\/wp\/v2\/media?parent=2366"}],"wp:term":[{"taxonomy":"category","embeddable":true,"href":"https:\/\/www.smartphoto.fr\/inspiration\/wp-json\/wp\/v2\/categories?post=2366"},{"taxonomy":"post_tag","embeddable":true,"href":"https:\/\/www.smartphoto.fr\/inspiration\/wp-json\/wp\/v2\/tags?post=2366"}],"curies":[{"name":"wp","href":"https:\/\/api.w.org\/{rel}","templated":true}]}}