{"id":1959,"date":"2015-05-26T10:38:59","date_gmt":"2015-05-26T08:38:59","guid":{"rendered":"http:\/\/www.wistiti.fr\/?p=1959"},"modified":"2019-06-25T11:37:55","modified_gmt":"2019-06-25T09:37:55","slug":"cadeau-fete-des-peres-une-idee-pour-chaque-papa","status":"publish","type":"post","link":"https:\/\/www.smartphoto.fr\/inspiration\/cadeau-fete-des-peres-une-idee-pour-chaque-papa","title":{"rendered":"Cadeau f\u00eate des p\u00e8res : une id\u00e9e pour chaque papa"},"content":{"rendered":"<p style=\"text-align: justify\"><b>Cadeau f\u00eate des p\u00e8res<br \/>\n<\/b>La f\u00eate des p\u00e8res approche, et souvent avec elle le manque d\u2019inspiration pour trouver un cadeau f\u00eate des p\u00e8res original. Voici 11 id\u00e9es cadeaux qui feront un tabac tant chez les papas bons vivant et brico que chez les sportifs, geek,&#8230;<\/p>\n<p><!--more--><\/p>\n<p><a href=\"http:\/\/www.smartphoto.fr\/cadeau-fete-des-peres?utm_source=social&amp;utm_medium=blog&amp;utm_campaign=cadeaufetedesperes\" target=\"_blank\"><img loading=\"lazy\" decoding=\"async\" class=\"aligncenter size-full wp-image-1960\" src=\"https:\/\/storage.googleapis.com\/smartphoto-express-production-wp-blogs-com\/10\/2015\/05\/blogImageFr.jpg\" alt=\"Cadeau f\u00eate des p\u00e8res\" width=\"700\" height=\"1810\" \/><\/a><\/p>\n<p style=\"text-align: justify\">Pour g\u00e2ter votre papa comme il se doit ce dimanche 19 juin 2016, inspirez-vous de notre tableau cadeau f\u00eate des p\u00e8res ! Pour vous aider \u00e0 trouver le cadeau id\u00e9al en un tournemain, on a pr\u00e9s\u00e9lectionn\u00e9 et class\u00e9 tous les cadeaux par type de papa. Alors, comment qualifieriez-vous votre papa ?<\/p>\n<h2 style=\"text-align: justify\">Le Papa boulot<\/h2>\n<p style=\"text-align: justify\">Si votre papa passe son temps au boulot, vous pouvez lui offrir cette <a href=\"http:\/\/www.fossil.fr\/webapp\/wcs\/stores\/servlet\/ProductDisplay?storeId=32556&amp;langId=-2&amp;catalogId=25005&amp;categoryId=453707&amp;cm_vc=453707&amp;pn=&amp;productId=22345432&amp;imagePath=FS4735?utm_source=social&amp;utm_medium=blog&amp;utm_campaign=cadeaufetedesperes\" target=\"_blank\">\u00e9l\u00e9gante montre en cuir<\/a>\u00a0(n\u00b01) inspir\u00e9e des mod\u00e8les vintage. Il sera toujours \u00e0 l&rsquo;heure et ne manquera pas ses rendez-vous professionnels. Le bracelet en cuir plaira sans aucun doute \u00e0 votre papa.<\/p>\n<p style=\"text-align: justify\">Seconde id\u00e9e pour un papa boulot : un <a href=\"https:\/\/www.smartphoto.fr\/cadeaux-photo\/conferencier-porte-documents\" target=\"_blank\">porte-documents personnalis\u00e9<\/a>\u00a0(n\u00b011), qui s&rsquo;av\u00e8rera tr\u00e8s utile s&rsquo;il \u00e9crit souvent ou s&rsquo;il est amen\u00e9 \u00e0 prendre des notes lorsqu&rsquo;il travaille. L&rsquo;avantage, c&rsquo;est que le sien sera unique puisqu&rsquo;il sera personnalis\u00e9 avec une photo de famille !<\/p>\n<h2 style=\"text-align: justify\">Le Papa voyage<\/h2>\n<p style=\"text-align: justify\">Pour un papa baroudeur, rien de tel qu&rsquo;un <a href=\"http:\/\/www.amazon.fr\/Magn%C3%A9tique-dessiner-punaiser-pr%C3%A9parer-trajets\/dp\/B00PHA1E0I\/ref=sr_1_2?ie=UTF8&amp;qid=1427960110&amp;sr=8-2&amp;keywords=carte+plan+du+monde+magn%C3%A9tique?utm_source=social&amp;utm_medium=blog&amp;utm_campaign=cadeaufetedesperes\" target=\"_blank\">planisph\u00e8re<\/a>\u00a0(n\u00b02) pour pr\u00e9voir ses futurs voyages et indiquer les pays d\u00e9j\u00e0 visit\u00e9s. Compl\u00e9ter la carte est une activit\u00e9 \u00e0 r\u00e9aliser en famille. Chacun pourra raconter un souvenir qui l&rsquo;a marqu\u00e9 dans tel ou tel pays. Ce moment sera aussi l&rsquo;occasion de d\u00e9cider des prochaines vacances\u2026<\/p>\n<h2 style=\"text-align: justify\">Le Papa brico<\/h2>\n<p style=\"text-align: justify\">Voici le cadeau id\u00e9al pour un papa qui aime passer son temps libre \u00e0 bricoler, am\u00e9liorer son int\u00e9rieur et fabriquer des objets lui-m\u00eame. Cette <a href=\"http:\/\/www.amazon.fr\/Dremel-rotatif-multifonction-accessoires-F0133000JA\/dp\/B0073R1IZ4\/ref=sr_1_4?s=hi&amp;ie=UTF8&amp;qid=1427878240&amp;sr=1-4&amp;keywords=Dremel+4200?utm_source=social&amp;utm_medium=blog&amp;utm_campaign=cadeaufetedesperes\" target=\"_blank\">trousse \u00e0 outils compos\u00e9e de 15 pi\u00e8ces<\/a>\u00a0(n\u00b03) lui permettra de sculpter, poncer, polir, d\u00e9couper\u2026 Un cadeau f\u00eate des p\u00e8res id\u00e9al !<\/p>\n<h2 style=\"text-align: justify\">Le Papa bon vivant<\/h2>\n<p style=\"text-align: justify\">Pour un papa qui appr\u00e9cie le bon vin ou le champagne, nous avons trouv\u00e9 le cadeau parfait : <a href=\"https:\/\/www.smartphoto.fr\/cadeaux-photo\/etiquettes-bouteilles\" target=\"_blank\">des \u00e9tiquettes pour bouteilles <\/a>(n\u00b04) ! \u00c0 vous de choisir la photo et le texte pour cr\u00e9er des \u00e9tiquettes personnalis\u00e9es. Vous trouverez bien une occasion d&rsquo;ouvrir cette bouteille pour f\u00eater quelque chose en famille.<\/p>\n<p style=\"text-align: justify\">Si votre papa pr\u00e9f\u00e8re les bonnes tables, pensez \u00e0 un<a href=\"http:\/\/www.passeport-gourmand.com\/?utm_source=social&amp;utm_medium=blog&amp;utm_campaign=cadeaufetedesperes\" target=\"_blank\"> passeport gourmand<\/a>\u00a0(n\u00b09) comme cadeau f\u00eate des p\u00e8res. Cela lui permettra de se rendre plusieurs fois au restaurant et de b\u00e9n\u00e9ficier de r\u00e9ductions. Ce passeport gourmand est une sorte de guide de restaurants gastronomiques.<\/p>\n<h2 style=\"text-align: justify\">Le Papa jardin<\/h2>\n<p style=\"text-align: justify\">Votre papa pr\u00e9f\u00e8re passer son temps en ext\u00e9rieur et s&rsquo;occuper du jardin, nous avons encore trouv\u00e9 le cadeau parfait. Cette jolie <a href=\"http:\/\/www.natureetdecouvertes.com\/jardin\/jardinage\/serres-pots-et-suspensions\/serre-en-bois-modele-venezia-91024090?utm_source=social&amp;utm_medium=blog&amp;utm_campaign=cadeaufetedesperes\" target=\"_blank\">serre en bois <\/a>(n\u00b05)\u00a0est con\u00e7ue pour prot\u00e9ger et cultiver les plantes fragiles. Le bois est trait\u00e9 et la serre r\u00e9siste aux intemp\u00e9ries.<\/p>\n<h2 style=\"text-align: justify\">Le Papa famille<\/h2>\n<p style=\"text-align: justify\">Voil\u00e0 un cadeau qui fera plaisir \u00e0 toute la famille : des billets pour passer <a href=\"http:\/\/www.parcasterix.fr\/?utm_source=social&amp;utm_medium=blog&amp;utm_campaign=cadeaufetedesperes\" target=\"_blank\">la journ\u00e9e dans un parc d&rsquo;attraction<\/a>\u00a0(n\u00b06). Votre papa pourra aussi bien profiter des attractions \u00e0 sensations fortes que savourer des man\u00e8ges plus tranquilles mais surtout il passera une bonne journ\u00e9e en famille. Cela promet de jolis souvenirs \u00e0 raconter plus tard !<\/p>\n<h2 style=\"text-align: justify\">Le Papa geek<\/h2>\n<p style=\"text-align: justify\">Vous avez un papa avec un petit c\u00f4t\u00e9 geek ? Il ne l\u00e2che pas son t\u00e9l\u00e9phone de la journ\u00e9e ? Et bien, pourquoi ne pas lui offrir une <a href=\"https:\/\/www.smartphoto.fr\/cadeaux-photo\/coque-telephone\" target=\"_blank\">coque de t\u00e9l\u00e9phone personnalis\u00e9e<\/a>\u00a0(n\u00b07) ? De cette fa\u00e7on, il aura toujours une petite pens\u00e9e pour sa famille lorsqu&rsquo;il \u00e9crira des SMS, consultera ses mails ou naviguera sur Internet\u2026 \u00c0 vous de choisir la photo que votre papa arborera fi\u00e8rement sur son t\u00e9l\u00e9phone.<\/p>\n<h2 style=\"text-align: justify\">Le Papa photo<\/h2>\n<p style=\"text-align: justify\">Votre papa ne peut s&#8217;emp\u00eacher de prendre des photos peu importe o\u00f9 il se trouve ? Pensez \u00e0 lui en lui offrant ce <a href=\"http:\/\/photojojo.com\/store\/awesomeness\/pocket-spotlight?utm_source=social&amp;utm_medium=blog&amp;utm_campaign=cadeaufetedesperes\" target=\"_blank\">flash de poche<\/a> (n\u00b08) comme cadeau f\u00eate des p\u00e8res. Il pourra le brancher directement sur son t\u00e9l\u00e9phone, les photos seront encore plus belles et de meilleure qualit\u00e9 dans les endroits un peu sombres ou bien lorsque le soleil s&rsquo;est d\u00e9j\u00e0 couch\u00e9\u2026<\/p>\n<h2 style=\"text-align: justify\">Le Papa sportif<\/h2>\n<p style=\"text-align: justify\">Votre papa est plut\u00f4t sportif et aime se d\u00e9penser physiquement ? Pensez \u00e0 son confort et son bien-\u00eatre en lui offrant ce <a href=\"http:\/\/www.vetementperso.com\/coupe-vent\" target=\"_blank\">coupe-vent<\/a>\u00a0(n\u00b010) qu&rsquo;il portera pour aller courir. Il est con\u00e7u pour \u00e9vacuer la transpiration et permettre au corps de garder une temp\u00e9rature id\u00e9ale pour pratiquer un sport. Bref, un cadeau f\u00eate des p\u00e8res parfait pour les sportifs !<\/p>\n<p style=\"text-align: justify\">Il est certain que votre papa correspond \u00e0 au moins un des profils cit\u00e9s ci-dessus. \u00c0 vous de choisir le cadeau qui vous semble id\u00e9al pour votre papa selon ses centres d&rsquo;int\u00e9r\u00eats et son mode de vie. Un cadeau personnalis\u00e9 lui fera d&rsquo;autant plus plaisir car il sera unique. Rien ne vous emp\u00eache d&rsquo;offrir plusieurs cadeaux \u00e0 votre papa ce 19 juin.<\/p>\n<p><a href=\"https:\/\/www.smartphoto.fr\/cadeau-fete-des-peres-personnalise\" target=\"_blank\"><img loading=\"lazy\" decoding=\"async\" class=\"aligncenter wp-image-1961 size-full\" src=\"https:\/\/storage.googleapis.com\/smartphoto-express-production-wp-blogs-com\/10\/2015\/05\/banner_blog_8_FR.png\" alt=\"Cadeau f\u00eate des p\u00e8res\" width=\"700\" height=\"250\" \/><\/a><\/p>\n","protected":false},"excerpt":{"rendered":"<p>Cadeau f\u00eate des p\u00e8res La f\u00eate des p\u00e8res approche, et souvent avec elle le manque d\u2019inspiration pour trouver un cadeau f\u00eate des p\u00e8res original. Voici 11 id\u00e9es cadeaux qui feront un tabac tant chez les papas bons vivant et brico que chez les sportifs, geek,&#8230;<\/p>\n","protected":false},"author":10,"featured_media":0,"comment_status":"open","ping_status":"open","sticky":false,"template":"","format":"standard","meta":{"om_disable_all_campaigns":false,"_monsterinsights_skip_tracking":false,"_monsterinsights_sitenote_active":false,"_monsterinsights_sitenote_note":"","_monsterinsights_sitenote_category":0,"footnotes":""},"categories":[75,16],"tags":[],"class_list":["post-1959","post","type-post","status-publish","format-standard","hentry","category-fete-des-peres","category-idees"],"yoast_head":"<!-- This site is optimized with the Yoast SEO plugin v23.8 - https:\/\/yoast.com\/wordpress\/plugins\/seo\/ -->\n<title>Cadeau f\u00eate des p\u00e8res : une id\u00e9e pour chaque papa<\/title>\n<meta name=\"description\" content=\"La f\u00eate des p\u00e8res approche, voici 11 id\u00e9es de cadeau f\u00eate des p\u00e8res qui feront un tabac tant chez les papas bons vivant, brico, sportifs, geek, etc,..\" \/>\n<meta name=\"robots\" content=\"index, follow, max-snippet:-1, max-image-preview:large, max-video-preview:-1\" \/>\n<link rel=\"canonical\" href=\"https:\/\/www.smartphoto.fr\/inspiration\/cadeau-fete-des-peres-une-idee-pour-chaque-papa\" \/>\n<meta property=\"og:locale\" content=\"fr_FR\" \/>\n<meta property=\"og:type\" content=\"article\" \/>\n<meta property=\"og:title\" content=\"Cadeau f\u00eate des p\u00e8res : une id\u00e9e pour chaque papa\" \/>\n<meta property=\"og:description\" content=\"La f\u00eate des p\u00e8res approche, voici 11 id\u00e9es de cadeau f\u00eate des p\u00e8res qui feront un tabac tant chez les papas bons vivant, brico, sportifs, geek, etc,..\" \/>\n<meta property=\"og:url\" content=\"\/inspiration\/cadeau-fete-des-peres-une-idee-pour-chaque-papa\" \/>\n<meta property=\"og:site_name\" content=\"smartphoto FR\" \/>\n<meta property=\"article:publisher\" content=\"https:\/\/www.facebook.com\/smartphoto.fr\" \/>\n<meta property=\"article:published_time\" content=\"2015-05-26T08:38:59+00:00\" \/>\n<meta property=\"article:modified_time\" content=\"2019-06-25T09:37:55+00:00\" \/>\n<meta property=\"og:image\" content=\"https:\/\/storage.googleapis.com\/smartphoto-express-production-wp-blogs-com\/10\/2015\/05\/fathersDayHeaderFr.jpg\" \/>\n\t<meta property=\"og:image:width\" content=\"700\" \/>\n\t<meta property=\"og:image:height\" content=\"383\" \/>\n\t<meta property=\"og:image:type\" content=\"image\/jpeg\" \/>\n<meta name=\"author\" content=\"Claire\" \/>\n<meta name=\"twitter:card\" content=\"summary_large_image\" \/>\n<meta name=\"twitter:creator\" content=\"@smartphoto_fr\" \/>\n<meta name=\"twitter:site\" content=\"@smartphoto_fr\" \/>\n<meta name=\"twitter:label1\" content=\"Written by\" \/>\n\t<meta name=\"twitter:data1\" content=\"Claire\" \/>\n\t<meta name=\"twitter:label2\" content=\"Est. reading time\" \/>\n\t<meta name=\"twitter:data2\" content=\"4 minutes\" \/>\n<script type=\"application\/ld+json\" class=\"yoast-schema-graph\">{\"@context\":\"https:\/\/schema.org\",\"@graph\":[{\"@type\":\"WebPage\",\"@id\":\"\/inspiration\/cadeau-fete-des-peres-une-idee-pour-chaque-papa\",\"url\":\"https:\/\/www.smartphoto.fr\/inspiration\/cadeau-fete-des-peres-une-idee-pour-chaque-papa\",\"name\":\"Cadeau f\u00eate des p\u00e8res : une id\u00e9e pour chaque papa\",\"isPartOf\":{\"@id\":\"https:\/\/www.smartphoto.fr\/inspiration\/#website\"},\"primaryImageOfPage\":{\"@id\":\"https:\/\/www.smartphoto.fr\/inspiration\/cadeau-fete-des-peres-une-idee-pour-chaque-papa#primaryimage\"},\"image\":{\"@id\":\"https:\/\/www.smartphoto.fr\/inspiration\/cadeau-fete-des-peres-une-idee-pour-chaque-papa#primaryimage\"},\"thumbnailUrl\":\"https:\/\/storage.googleapis.com\/smartphoto-express-production-wp-blogs-com\/10\/2015\/05\/blogImageFr.jpg\",\"datePublished\":\"2015-05-26T08:38:59+00:00\",\"dateModified\":\"2019-06-25T09:37:55+00:00\",\"author\":{\"@id\":\"https:\/\/www.smartphoto.fr\/inspiration\/#\/schema\/person\/b743c2a89fcff4d18195130bb0259ffe\"},\"description\":\"La f\u00eate des p\u00e8res approche, voici 11 id\u00e9es de cadeau f\u00eate des p\u00e8res qui feront un tabac tant chez les papas bons vivant, brico, sportifs, geek, etc,..\",\"breadcrumb\":{\"@id\":\"https:\/\/www.smartphoto.fr\/inspiration\/cadeau-fete-des-peres-une-idee-pour-chaque-papa#breadcrumb\"},\"inLanguage\":\"fr-FR\",\"potentialAction\":[{\"@type\":\"ReadAction\",\"target\":[\"https:\/\/www.smartphoto.fr\/inspiration\/cadeau-fete-des-peres-une-idee-pour-chaque-papa\"]}]},{\"@type\":\"ImageObject\",\"inLanguage\":\"fr-FR\",\"@id\":\"https:\/\/www.smartphoto.fr\/inspiration\/cadeau-fete-des-peres-une-idee-pour-chaque-papa#primaryimage\",\"url\":\"https:\/\/storage.googleapis.com\/smartphoto-express-production-wp-blogs-com\/10\/2015\/05\/blogImageFr.jpg\",\"contentUrl\":\"https:\/\/storage.googleapis.com\/smartphoto-express-production-wp-blogs-com\/10\/2015\/05\/blogImageFr.jpg\"},{\"@type\":\"BreadcrumbList\",\"@id\":\"https:\/\/www.smartphoto.fr\/inspiration\/cadeau-fete-des-peres-une-idee-pour-chaque-papa#breadcrumb\",\"itemListElement\":[{\"@type\":\"ListItem\",\"position\":1,\"name\":\"Home\",\"item\":\"https:\/\/www.smartphoto.fr\/inspiration\/\"},{\"@type\":\"ListItem\",\"position\":2,\"name\":\"Cadeau f\u00eate des p\u00e8res : une id\u00e9e pour chaque papa\"}]},{\"@type\":\"WebSite\",\"@id\":\"https:\/\/www.smartphoto.fr\/inspiration\/#website\",\"url\":\"https:\/\/www.smartphoto.fr\/inspiration\/\",\"name\":\"smartphoto FR\",\"description\":\"Le blog de smartphoto France.\",\"potentialAction\":[{\"@type\":\"SearchAction\",\"target\":{\"@type\":\"EntryPoint\",\"urlTemplate\":\"https:\/\/www.smartphoto.fr\/inspiration\/?s={search_term_string}\"},\"query-input\":{\"@type\":\"PropertyValueSpecification\",\"valueRequired\":true,\"valueName\":\"search_term_string\"}}],\"inLanguage\":\"fr-FR\"},{\"@type\":\"Person\",\"@id\":\"https:\/\/www.smartphoto.fr\/inspiration\/#\/schema\/person\/b743c2a89fcff4d18195130bb0259ffe\",\"name\":\"Claire\",\"image\":{\"@type\":\"ImageObject\",\"inLanguage\":\"fr-FR\",\"@id\":\"https:\/\/www.smartphoto.fr\/inspiration\/#\/schema\/person\/image\/\",\"url\":\"https:\/\/secure.gravatar.com\/avatar\/9f27a09fb8046031a47a9f22ce0ca8e9?s=96&d=mm&r=g\",\"contentUrl\":\"https:\/\/secure.gravatar.com\/avatar\/9f27a09fb8046031a47a9f22ce0ca8e9?s=96&d=mm&r=g\",\"caption\":\"Claire\"},\"description\":\"Claire, 26 ans, passionn\u00e9e de voyages et de danse. J\u2019adore d\u00e9nicher les nouveaut\u00e9s DIY et d\u00e9coration. Je blogue pour smartphoto les astuces \u00e0 r\u00e9aliser avec vos photos.\",\"url\":\"https:\/\/www.smartphoto.fr\/inspiration\/author\/claire\"}]}<\/script>\n<!-- \/ Yoast SEO plugin. -->","yoast_head_json":{"title":"Cadeau f\u00eate des p\u00e8res : une id\u00e9e pour chaque papa","description":"La f\u00eate des p\u00e8res approche, voici 11 id\u00e9es de cadeau f\u00eate des p\u00e8res qui feront un tabac tant chez les papas bons vivant, brico, sportifs, geek, etc,..","robots":{"index":"index","follow":"follow","max-snippet":"max-snippet:-1","max-image-preview":"max-image-preview:large","max-video-preview":"max-video-preview:-1"},"canonical":"https:\/\/www.smartphoto.fr\/inspiration\/cadeau-fete-des-peres-une-idee-pour-chaque-papa","og_locale":"fr_FR","og_type":"article","og_title":"Cadeau f\u00eate des p\u00e8res : une id\u00e9e pour chaque papa","og_description":"La f\u00eate des p\u00e8res approche, voici 11 id\u00e9es de cadeau f\u00eate des p\u00e8res qui feront un tabac tant chez les papas bons vivant, brico, sportifs, geek, etc,..","og_url":"\/inspiration\/cadeau-fete-des-peres-une-idee-pour-chaque-papa","og_site_name":"smartphoto FR","article_publisher":"https:\/\/www.facebook.com\/smartphoto.fr","article_published_time":"2015-05-26T08:38:59+00:00","article_modified_time":"2019-06-25T09:37:55+00:00","og_image":[{"width":700,"height":383,"url":"https:\/\/storage.googleapis.com\/smartphoto-express-production-wp-blogs-com\/10\/2015\/05\/fathersDayHeaderFr.jpg","type":"image\/jpeg"}],"author":"Claire","twitter_card":"summary_large_image","twitter_creator":"@smartphoto_fr","twitter_site":"@smartphoto_fr","twitter_misc":{"Written by":"Claire","Est. reading time":"4 minutes"},"schema":{"@context":"https:\/\/schema.org","@graph":[{"@type":"WebPage","@id":"\/inspiration\/cadeau-fete-des-peres-une-idee-pour-chaque-papa","url":"https:\/\/www.smartphoto.fr\/inspiration\/cadeau-fete-des-peres-une-idee-pour-chaque-papa","name":"Cadeau f\u00eate des p\u00e8res : une id\u00e9e pour chaque papa","isPartOf":{"@id":"https:\/\/www.smartphoto.fr\/inspiration\/#website"},"primaryImageOfPage":{"@id":"https:\/\/www.smartphoto.fr\/inspiration\/cadeau-fete-des-peres-une-idee-pour-chaque-papa#primaryimage"},"image":{"@id":"https:\/\/www.smartphoto.fr\/inspiration\/cadeau-fete-des-peres-une-idee-pour-chaque-papa#primaryimage"},"thumbnailUrl":"https:\/\/storage.googleapis.com\/smartphoto-express-production-wp-blogs-com\/10\/2015\/05\/blogImageFr.jpg","datePublished":"2015-05-26T08:38:59+00:00","dateModified":"2019-06-25T09:37:55+00:00","author":{"@id":"https:\/\/www.smartphoto.fr\/inspiration\/#\/schema\/person\/b743c2a89fcff4d18195130bb0259ffe"},"description":"La f\u00eate des p\u00e8res approche, voici 11 id\u00e9es de cadeau f\u00eate des p\u00e8res qui feront un tabac tant chez les papas bons vivant, brico, sportifs, geek, etc,..","breadcrumb":{"@id":"https:\/\/www.smartphoto.fr\/inspiration\/cadeau-fete-des-peres-une-idee-pour-chaque-papa#breadcrumb"},"inLanguage":"fr-FR","potentialAction":[{"@type":"ReadAction","target":["https:\/\/www.smartphoto.fr\/inspiration\/cadeau-fete-des-peres-une-idee-pour-chaque-papa"]}]},{"@type":"ImageObject","inLanguage":"fr-FR","@id":"https:\/\/www.smartphoto.fr\/inspiration\/cadeau-fete-des-peres-une-idee-pour-chaque-papa#primaryimage","url":"https:\/\/storage.googleapis.com\/smartphoto-express-production-wp-blogs-com\/10\/2015\/05\/blogImageFr.jpg","contentUrl":"https:\/\/storage.googleapis.com\/smartphoto-express-production-wp-blogs-com\/10\/2015\/05\/blogImageFr.jpg"},{"@type":"BreadcrumbList","@id":"https:\/\/www.smartphoto.fr\/inspiration\/cadeau-fete-des-peres-une-idee-pour-chaque-papa#breadcrumb","itemListElement":[{"@type":"ListItem","position":1,"name":"Home","item":"https:\/\/www.smartphoto.fr\/inspiration\/"},{"@type":"ListItem","position":2,"name":"Cadeau f\u00eate des p\u00e8res : une id\u00e9e pour chaque papa"}]},{"@type":"WebSite","@id":"https:\/\/www.smartphoto.fr\/inspiration\/#website","url":"https:\/\/www.smartphoto.fr\/inspiration\/","name":"smartphoto FR","description":"Le blog de smartphoto France.","potentialAction":[{"@type":"SearchAction","target":{"@type":"EntryPoint","urlTemplate":"https:\/\/www.smartphoto.fr\/inspiration\/?s={search_term_string}"},"query-input":{"@type":"PropertyValueSpecification","valueRequired":true,"valueName":"search_term_string"}}],"inLanguage":"fr-FR"},{"@type":"Person","@id":"https:\/\/www.smartphoto.fr\/inspiration\/#\/schema\/person\/b743c2a89fcff4d18195130bb0259ffe","name":"Claire","image":{"@type":"ImageObject","inLanguage":"fr-FR","@id":"https:\/\/www.smartphoto.fr\/inspiration\/#\/schema\/person\/image\/","url":"https:\/\/secure.gravatar.com\/avatar\/9f27a09fb8046031a47a9f22ce0ca8e9?s=96&d=mm&r=g","contentUrl":"https:\/\/secure.gravatar.com\/avatar\/9f27a09fb8046031a47a9f22ce0ca8e9?s=96&d=mm&r=g","caption":"Claire"},"description":"Claire, 26 ans, passionn\u00e9e de voyages et de danse. J\u2019adore d\u00e9nicher les nouveaut\u00e9s DIY et d\u00e9coration. Je blogue pour smartphoto les astuces \u00e0 r\u00e9aliser avec vos photos.","url":"https:\/\/www.smartphoto.fr\/inspiration\/author\/claire"}]}},"_links":{"self":[{"href":"https:\/\/www.smartphoto.fr\/inspiration\/wp-json\/wp\/v2\/posts\/1959","targetHints":{"allow":["GET"]}}],"collection":[{"href":"https:\/\/www.smartphoto.fr\/inspiration\/wp-json\/wp\/v2\/posts"}],"about":[{"href":"https:\/\/www.smartphoto.fr\/inspiration\/wp-json\/wp\/v2\/types\/post"}],"author":[{"embeddable":true,"href":"https:\/\/www.smartphoto.fr\/inspiration\/wp-json\/wp\/v2\/users\/10"}],"replies":[{"embeddable":true,"href":"https:\/\/www.smartphoto.fr\/inspiration\/wp-json\/wp\/v2\/comments?post=1959"}],"version-history":[{"count":3,"href":"https:\/\/www.smartphoto.fr\/inspiration\/wp-json\/wp\/v2\/posts\/1959\/revisions"}],"predecessor-version":[{"id":8830,"href":"https:\/\/www.smartphoto.fr\/inspiration\/wp-json\/wp\/v2\/posts\/1959\/revisions\/8830"}],"wp:attachment":[{"href":"https:\/\/www.smartphoto.fr\/inspiration\/wp-json\/wp\/v2\/media?parent=1959"}],"wp:term":[{"taxonomy":"category","embeddable":true,"href":"https:\/\/www.smartphoto.fr\/inspiration\/wp-json\/wp\/v2\/categories?post=1959"},{"taxonomy":"post_tag","embeddable":true,"href":"https:\/\/www.smartphoto.fr\/inspiration\/wp-json\/wp\/v2\/tags?post=1959"}],"curies":[{"name":"wp","href":"https:\/\/api.w.org\/{rel}","templated":true}]}}