{"id":1933,"date":"2018-05-27T12:22:18","date_gmt":"2018-05-27T10:22:18","guid":{"rendered":"http:\/\/www.wistiti.fr\/?p=1933"},"modified":"2019-06-25T11:34:55","modified_gmt":"2019-06-25T09:34:55","slug":"pele-mele-fete-des-peres-astuces","status":"publish","type":"post","link":"https:\/\/www.smartphoto.fr\/inspiration\/pele-mele-fete-des-peres-astuces","title":{"rendered":"R\u00e9aliser un joli p\u00eale-m\u00eale f\u00eate des p\u00e8res : nos trucs et astuces !"},"content":{"rendered":"<p><strong>P\u00eale-m\u00eale f\u00eate des p\u00e8res<\/strong><br \/>\nCr\u00e9ez facilement un joli p\u00eale-m\u00eale f\u00eate des p\u00e8res et mettez-lui des \u00e9toiles plein les yeux !<\/p>\n<p>Votre papa aurait besoin d\u2019un peu de neuf dans la d\u00e9co de son bureau ou sa chambre ? A l\u2019occasion de la f\u00eate des p\u00e8res, aidez-le \u00e0 se sentir bien chez lui gr\u00e2ce \u00e0 un tableau rassemblant ses photo pr\u00e9f\u00e9r\u00e9es.\u00a0R\u00e9alisez en quelques clics un\u00a0<a href=\"https:\/\/www.smartphoto.fr\/deco-photo?utm_source=blog&amp;utm_medium=social&amp;utm_campaign=pelemelefetedesperes\" target=\"_blank\" rel=\"noopener\">p\u00eale-m\u00eale f\u00eate des p\u00e8res\u00a0<\/a>smartphoto.<\/p>\n<h2><a href=\"https:\/\/www.smartphoto.fr\/deco-photo?utm_source=blog&amp;utm_medium=social&amp;utm_campaign=pelemelefetedesperes\" target=\"_blank\" rel=\"noopener\"><br \/>\n<\/a><a href=\"https:\/\/www.smartphoto.fr\/deco-photo?utm_source=blog&amp;utm_medium=social&amp;utm_campaign=pelemelefetedesperes\" target=\"_blank\" rel=\"noopener\"><img loading=\"lazy\" decoding=\"async\" class=\"alignnone wp-image-5928 size-full\" title=\"p\u00eale-m\u00eale f\u00eate des p\u00e8res: trucs et astuces pour un super cadeau photo\" src=\"https:\/\/storage.googleapis.com\/smartphoto-express-production-wp-blogs-com\/10\/2015\/04\/pele-mele-fete-des-peres-1.jpg\" alt=\"p\u00eale-m\u00eale f\u00eate des p\u00e8res\" width=\"720\" height=\"377\" srcset=\"https:\/\/storage.googleapis.com\/smartphoto-express-production-wp-blogs-com\/10\/2015\/04\/pele-mele-fete-des-peres-1.jpg 720w, https:\/\/storage.googleapis.com\/smartphoto-express-production-wp-blogs-com\/10\/2015\/04\/pele-mele-fete-des-peres-1-300x157.jpg 300w\" sizes=\"auto, (max-width: 720px) 100vw, 720px\" \/><\/a><strong><br \/>\n<\/strong>Cr\u00e9ez votre p\u00eale-m\u00eale f\u00eate des p\u00e8res<\/h2>\n<p>Choisissez d\u2019abord soigneusement les photos que vous souhaitez utiliser pour votre p\u00eale-m\u00eale. Faites une s\u00e9lection de 1 \u00e0 15 photos. Vous pouvez cr\u00e9er LE classique\u00a0<a href=\"https:\/\/www.smartphoto.fr\/deco-photo\/poster-pele-mele\">poster p\u00eale-m\u00eale<\/a> ou cr\u00e9er votre p\u00eale-m\u00eale sur un mat\u00e9riau de votre choix :\u00a0<a href=\"https:\/\/www.smartphoto.fr\/deco-photo\/photo-sur-toile\">photo sur toile<\/a>,\u00a0<a href=\"https:\/\/www.smartphoto.fr\/deco-photo\/photo-sur-plexi\">plexi<\/a>,\u00a0<a href=\"https:\/\/www.smartphoto.fr\/deco-photo\/photo-sur-bois\">bois<\/a>,\u00a0<a href=\"https:\/\/www.smartphoto.fr\/deco-photo\/photo-sur-aluminium\">alu<\/a>\u00a0ou\u00a0<a href=\"https:\/\/www.smartphoto.fr\/deco-photo\/tableau-photo-forex\">forex<\/a>. \u00a0Ensuite, choisissez<a href=\"https:\/\/www.smartphoto.fr\/deco-photo\" target=\"_blank\" rel=\"noopener noreferrer\">\u00a0le design de p\u00eale-m\u00eale qui vous fait envie<\/a>\u00a0: un fond color\u00e9, \u00e0 th\u00e8me, avec ou sans texte,\u2026 et c\u2019est parti !\u00a0Vous pouvez commencer \u00e0 cr\u00e9er votre p\u00eale-m\u00eale f\u00eate des p\u00e8res\u00a0\ud83d\ude42<\/p>\n<p><a href=\"https:\/\/www.smartphoto.fr\/deco-photo?utm_source=blog&amp;utm_medium=social&amp;utm_campaign=pelemelefetedesperes\" target=\"_blank\" rel=\"noopener\"><img loading=\"lazy\" decoding=\"async\" class=\"alignnone wp-image-5929 size-full\" src=\"https:\/\/storage.googleapis.com\/smartphoto-express-production-wp-blogs-com\/10\/2015\/04\/pele-mele-fete-des-peres-2.jpg\" alt=\"p\u00eale-m\u00eale f\u00eate des p\u00e8res\" width=\"720\" height=\"377\" srcset=\"https:\/\/storage.googleapis.com\/smartphoto-express-production-wp-blogs-com\/10\/2015\/04\/pele-mele-fete-des-peres-2.jpg 720w, https:\/\/storage.googleapis.com\/smartphoto-express-production-wp-blogs-com\/10\/2015\/04\/pele-mele-fete-des-peres-2-300x157.jpg 300w\" sizes=\"auto, (max-width: 720px) 100vw, 720px\" \/><\/a><\/p>\n<p>Une fois sur la page de cr\u00e9ation du p\u00eale-m\u00eale de votre choix, cliquez sur les images vides pour t\u00e9l\u00e9charger vos photos. Le programme remplit automatiquement votre p\u00eale-m\u00eale ! Vous n\u2019avez plus qu\u2019\u00e0 glisser les photos pour les faire changer de place.<\/p>\n<h3>Astuce<\/h3>\n<ul>\n<li>N\u2019oubliez pas d\u2019ajouter un titre \u00e0 votre cr\u00e9ation en cliquant sur \u00ab\u00a0Texte\u00a0\u00bb.<\/li>\n<li>selon les mod\u00e8les de p\u00eale-m\u00eale, vous pouvez \u00e9galement modifier la couleur de fond, la police d\u2019\u00e9criture et ajouter des effets sur vos photos gr\u00e2ce \u00e0 la barre d\u2019outils \u00e0 gauche.<\/li>\n<li><img loading=\"lazy\" decoding=\"async\" class=\"alignleft wp-image-7404\" src=\"https:\/\/storage.googleapis.com\/smartphoto-express-production-wp-blogs-com\/10\/2017\/05\/Shuffle.jpg\" alt=\"\" width=\"40\" height=\"39\" \/>Gr\u00e2ce \u00e0 notre nouvelle fonction \u00ab\u00a0shuffle\u00a0\u00bb, vous pouvez visionner en 1 clic \u00a0les diff\u00e9rentes possibilit\u00e9s de p\u00eale-m\u00eale avec le nombre de photos que vous avez choisies.<\/li>\n<\/ul>\n<h3>Effet personnalis\u00e9 garanti<\/h3>\n<p>Et voil\u00e0 un beau cadeau r\u00e9alis\u00e9 en quelques minutes seulement ! N\u2019oubliez pas de sauvegarder votre cr\u00e9ation si vous souhaitez la modifier ult\u00e9rieurement.<\/p>\n<h3>On conna\u00eet des papas qui vont \u00eatre g\u00e2t\u00e9s cette ann\u00e9e \ud83d\ude09<\/h3>\n<p>Vous avez besoin d\u2019encore plus d\u2019inspiration ? D\u00e9couvrez notre <a href=\"https:\/\/www.smartphoto.fr\/cadeau-fete-des-peres-personnalise\">boutique de f\u00eate des p\u00e8res<\/a> et des <a href=\"https:\/\/smartphoto.fr\/inspiration\/premiere-fete-des-peres\">id\u00e9es cadeaux pour la premi\u00e8re f\u00eate des p\u00e8res<\/a>.<\/p>\n<p>Si vous avez d&rsquo;autres id\u00e9es de p\u00eale-m\u00eale f\u00eate des p\u00e8res, partagez-les avec nous sur <strong><a href=\"https:\/\/www.facebook.com\/smartphoto.fr\" target=\"_blank\" rel=\"noopener\">Facebook<\/a>,\u00a0<a href=\"https:\/\/twitter.com\/smartphoto_fr\" target=\"_blank\" rel=\"noopener\">Twitter<\/a>,\u00a0<a href=\"https:\/\/instagram.com\/smartphoto_fr\/\" target=\"_blank\" rel=\"noopener\">Instagram<\/a>, ou\u00a0<a href=\"https:\/\/www.pinterest.com\/smartphotofr\/\" target=\"_blank\" rel=\"noopener\">Pinterest<\/a>\u00a0<\/strong>avec le hashtag #smartphoto.<\/p>\n<h4>Bonne chance et bonne f\u00eate \u00e0 votre papa ch\u00e9ri !<\/h4>\n<p><a href=\"https:\/\/www.smartphoto.fr\/cadeau-fete-des-peres-personnalise\" target=\"_blank\" rel=\"noopener\"><img loading=\"lazy\" decoding=\"async\" class=\"aligncenter wp-image-7405 size-full\" title=\"Cadeau f\u00eate des p\u00e8res personnalis\u00e9\" src=\"https:\/\/storage.googleapis.com\/smartphoto-express-production-wp-blogs-com\/10\/2017\/05\/CTA-Fathers-day.png\" alt=\"Cliquez pour d\u00e9couvrir nos id\u00e9es-cadeau f\u00eate des p\u00e8res personnalis\u00e9\" width=\"1440\" height=\"564\" srcset=\"https:\/\/storage.googleapis.com\/smartphoto-express-production-wp-blogs-com\/10\/2017\/05\/CTA-Fathers-day.png 1440w, https:\/\/storage.googleapis.com\/smartphoto-express-production-wp-blogs-com\/10\/2017\/05\/CTA-Fathers-day-300x118.png 300w, https:\/\/storage.googleapis.com\/smartphoto-express-production-wp-blogs-com\/10\/2017\/05\/CTA-Fathers-day-768x301.png 768w, https:\/\/storage.googleapis.com\/smartphoto-express-production-wp-blogs-com\/10\/2017\/05\/CTA-Fathers-day-1024x401.png 1024w\" sizes=\"auto, (max-width: 1440px) 100vw, 1440px\" \/><\/a><\/p>\n","protected":false},"excerpt":{"rendered":"<p>P\u00eale-m\u00eale f\u00eate des p\u00e8res Cr\u00e9ez facilement un joli p\u00eale-m\u00eale f\u00eate des p\u00e8res et mettez-lui des \u00e9toiles plein les yeux ! Votre papa aurait besoin d\u2019un peu de neuf dans la d\u00e9co de son bureau ou sa chambre ? A l\u2019occasion de la f\u00eate des p\u00e8res, aidez-le \u00e0 se sentir bien chez lui gr\u00e2ce \u00e0 un tableau rassemblant ses photo pr\u00e9f\u00e9r\u00e9es.\u00a0R\u00e9alisez en quelques clics un\u00a0p\u00eale-m\u00eale f\u00eate des p\u00e8res\u00a0smartphoto. Cr\u00e9ez votre p\u00eale-m\u00eale f\u00eate des p\u00e8res Choisissez d\u2019abord soigneusement les photos que vous souhaitez utiliser pour votre p\u00eale-m\u00eale. Faites une s\u00e9lection de 1 \u00e0 15 photos. Vous pouvez cr\u00e9er LE classique\u00a0poster p\u00eale-m\u00eale ou<\/p>\n","protected":false},"author":10,"featured_media":5929,"comment_status":"open","ping_status":"open","sticky":false,"template":"","format":"standard","meta":{"om_disable_all_campaigns":false,"_monsterinsights_skip_tracking":false,"_monsterinsights_sitenote_active":false,"_monsterinsights_sitenote_note":"","_monsterinsights_sitenote_category":0,"footnotes":""},"categories":[75,5],"tags":[],"class_list":["post-1933","post","type-post","status-publish","format-standard","has-post-thumbnail","hentry","category-fete-des-peres","category-trucs-et-astuces"],"yoast_head":"<!-- This site is optimized with the Yoast SEO plugin v23.8 - https:\/\/yoast.com\/wordpress\/plugins\/seo\/ -->\n<title>R\u00e9aliser un joli p\u00eale-m\u00eale f\u00eate des p\u00e8res : nos trucs et astuces !<\/title>\n<meta name=\"description\" content=\"Le p\u00eale-m\u00eale f\u00eate des p\u00e8res est un chouette cadeau rapide et facile \u00e0 cr\u00e9\u00e9r. R\u00e9alisez en quelques clics un p\u00eale-m\u00eale photo d\u20191 \u00e0 15 photos sur smartphoto.\" \/>\n<meta name=\"robots\" content=\"index, follow, max-snippet:-1, max-image-preview:large, max-video-preview:-1\" \/>\n<link rel=\"canonical\" href=\"https:\/\/www.smartphoto.fr\/inspiration\/pele-mele-fete-des-peres-astuces\" \/>\n<meta property=\"og:locale\" content=\"fr_FR\" \/>\n<meta property=\"og:type\" content=\"article\" \/>\n<meta property=\"og:title\" content=\"R\u00e9aliser un joli p\u00eale-m\u00eale f\u00eate des p\u00e8res : nos trucs et astuces !\" \/>\n<meta property=\"og:description\" content=\"Le p\u00eale-m\u00eale f\u00eate des p\u00e8res est un chouette cadeau rapide et facile \u00e0 cr\u00e9\u00e9r. R\u00e9alisez en quelques clics un p\u00eale-m\u00eale photo d\u20191 \u00e0 15 photos sur smartphoto.\" \/>\n<meta property=\"og:url\" content=\"\/inspiration\/pele-mele-fete-des-peres-astuces\" \/>\n<meta property=\"og:site_name\" content=\"smartphoto FR\" \/>\n<meta property=\"article:publisher\" content=\"https:\/\/www.facebook.com\/smartphoto.fr\" \/>\n<meta property=\"article:published_time\" content=\"2018-05-27T10:22:18+00:00\" \/>\n<meta property=\"article:modified_time\" content=\"2019-06-25T09:34:55+00:00\" \/>\n<meta property=\"og:image\" content=\"https:\/\/storage.googleapis.com\/smartphoto-express-production-wp-blogs-com\/10\/2015\/04\/pele-mele-fete-des-peres-2.jpg\" \/>\n\t<meta property=\"og:image:width\" content=\"720\" \/>\n\t<meta property=\"og:image:height\" content=\"377\" \/>\n\t<meta property=\"og:image:type\" content=\"image\/jpeg\" \/>\n<meta name=\"author\" content=\"Claire\" \/>\n<meta name=\"twitter:card\" content=\"summary_large_image\" \/>\n<meta name=\"twitter:creator\" content=\"@smartphoto_fr\" \/>\n<meta name=\"twitter:site\" content=\"@smartphoto_fr\" \/>\n<meta name=\"twitter:label1\" content=\"Written by\" \/>\n\t<meta name=\"twitter:data1\" content=\"Claire\" \/>\n\t<meta name=\"twitter:label2\" content=\"Est. reading time\" \/>\n\t<meta name=\"twitter:data2\" content=\"2 minutes\" \/>\n<script type=\"application\/ld+json\" class=\"yoast-schema-graph\">{\"@context\":\"https:\/\/schema.org\",\"@graph\":[{\"@type\":\"WebPage\",\"@id\":\"\/inspiration\/pele-mele-fete-des-peres-astuces\",\"url\":\"https:\/\/www.smartphoto.fr\/inspiration\/pele-mele-fete-des-peres-astuces\",\"name\":\"R\u00e9aliser un joli p\u00eale-m\u00eale f\u00eate des p\u00e8res : nos trucs et astuces !\",\"isPartOf\":{\"@id\":\"https:\/\/www.smartphoto.fr\/inspiration\/#website\"},\"primaryImageOfPage\":{\"@id\":\"https:\/\/www.smartphoto.fr\/inspiration\/pele-mele-fete-des-peres-astuces#primaryimage\"},\"image\":{\"@id\":\"https:\/\/www.smartphoto.fr\/inspiration\/pele-mele-fete-des-peres-astuces#primaryimage\"},\"thumbnailUrl\":\"https:\/\/storage.googleapis.com\/smartphoto-express-production-wp-blogs-com\/10\/2015\/04\/pele-mele-fete-des-peres-2.jpg\",\"datePublished\":\"2018-05-27T10:22:18+00:00\",\"dateModified\":\"2019-06-25T09:34:55+00:00\",\"author\":{\"@id\":\"https:\/\/www.smartphoto.fr\/inspiration\/#\/schema\/person\/b743c2a89fcff4d18195130bb0259ffe\"},\"description\":\"Le p\u00eale-m\u00eale f\u00eate des p\u00e8res est un chouette cadeau rapide et facile \u00e0 cr\u00e9\u00e9r. R\u00e9alisez en quelques clics un p\u00eale-m\u00eale photo d\u20191 \u00e0 15 photos sur smartphoto.\",\"breadcrumb\":{\"@id\":\"https:\/\/www.smartphoto.fr\/inspiration\/pele-mele-fete-des-peres-astuces#breadcrumb\"},\"inLanguage\":\"fr-FR\",\"potentialAction\":[{\"@type\":\"ReadAction\",\"target\":[\"https:\/\/www.smartphoto.fr\/inspiration\/pele-mele-fete-des-peres-astuces\"]}]},{\"@type\":\"ImageObject\",\"inLanguage\":\"fr-FR\",\"@id\":\"https:\/\/www.smartphoto.fr\/inspiration\/pele-mele-fete-des-peres-astuces#primaryimage\",\"url\":\"https:\/\/storage.googleapis.com\/smartphoto-express-production-wp-blogs-com\/10\/2015\/04\/pele-mele-fete-des-peres-2.jpg\",\"contentUrl\":\"https:\/\/storage.googleapis.com\/smartphoto-express-production-wp-blogs-com\/10\/2015\/04\/pele-mele-fete-des-peres-2.jpg\",\"width\":720,\"height\":377,\"caption\":\"p\u00eale-m\u00eale f\u00eate des p\u00e8res\"},{\"@type\":\"BreadcrumbList\",\"@id\":\"https:\/\/www.smartphoto.fr\/inspiration\/pele-mele-fete-des-peres-astuces#breadcrumb\",\"itemListElement\":[{\"@type\":\"ListItem\",\"position\":1,\"name\":\"Home\",\"item\":\"https:\/\/www.smartphoto.fr\/inspiration\/\"},{\"@type\":\"ListItem\",\"position\":2,\"name\":\"R\u00e9aliser un joli p\u00eale-m\u00eale f\u00eate des p\u00e8res : nos trucs et astuces !\"}]},{\"@type\":\"WebSite\",\"@id\":\"https:\/\/www.smartphoto.fr\/inspiration\/#website\",\"url\":\"https:\/\/www.smartphoto.fr\/inspiration\/\",\"name\":\"smartphoto FR\",\"description\":\"Le blog de smartphoto France.\",\"potentialAction\":[{\"@type\":\"SearchAction\",\"target\":{\"@type\":\"EntryPoint\",\"urlTemplate\":\"https:\/\/www.smartphoto.fr\/inspiration\/?s={search_term_string}\"},\"query-input\":{\"@type\":\"PropertyValueSpecification\",\"valueRequired\":true,\"valueName\":\"search_term_string\"}}],\"inLanguage\":\"fr-FR\"},{\"@type\":\"Person\",\"@id\":\"https:\/\/www.smartphoto.fr\/inspiration\/#\/schema\/person\/b743c2a89fcff4d18195130bb0259ffe\",\"name\":\"Claire\",\"image\":{\"@type\":\"ImageObject\",\"inLanguage\":\"fr-FR\",\"@id\":\"https:\/\/www.smartphoto.fr\/inspiration\/#\/schema\/person\/image\/\",\"url\":\"https:\/\/secure.gravatar.com\/avatar\/9f27a09fb8046031a47a9f22ce0ca8e9?s=96&d=mm&r=g\",\"contentUrl\":\"https:\/\/secure.gravatar.com\/avatar\/9f27a09fb8046031a47a9f22ce0ca8e9?s=96&d=mm&r=g\",\"caption\":\"Claire\"},\"description\":\"Claire, 26 ans, passionn\u00e9e de voyages et de danse. J\u2019adore d\u00e9nicher les nouveaut\u00e9s DIY et d\u00e9coration. Je blogue pour smartphoto les astuces \u00e0 r\u00e9aliser avec vos photos.\",\"url\":\"https:\/\/www.smartphoto.fr\/inspiration\/author\/claire\"}]}<\/script>\n<!-- \/ Yoast SEO plugin. -->","yoast_head_json":{"title":"R\u00e9aliser un joli p\u00eale-m\u00eale f\u00eate des p\u00e8res : nos trucs et astuces !","description":"Le p\u00eale-m\u00eale f\u00eate des p\u00e8res est un chouette cadeau rapide et facile \u00e0 cr\u00e9\u00e9r. R\u00e9alisez en quelques clics un p\u00eale-m\u00eale photo d\u20191 \u00e0 15 photos sur smartphoto.","robots":{"index":"index","follow":"follow","max-snippet":"max-snippet:-1","max-image-preview":"max-image-preview:large","max-video-preview":"max-video-preview:-1"},"canonical":"https:\/\/www.smartphoto.fr\/inspiration\/pele-mele-fete-des-peres-astuces","og_locale":"fr_FR","og_type":"article","og_title":"R\u00e9aliser un joli p\u00eale-m\u00eale f\u00eate des p\u00e8res : nos trucs et astuces !","og_description":"Le p\u00eale-m\u00eale f\u00eate des p\u00e8res est un chouette cadeau rapide et facile \u00e0 cr\u00e9\u00e9r. R\u00e9alisez en quelques clics un p\u00eale-m\u00eale photo d\u20191 \u00e0 15 photos sur smartphoto.","og_url":"\/inspiration\/pele-mele-fete-des-peres-astuces","og_site_name":"smartphoto FR","article_publisher":"https:\/\/www.facebook.com\/smartphoto.fr","article_published_time":"2018-05-27T10:22:18+00:00","article_modified_time":"2019-06-25T09:34:55+00:00","og_image":[{"width":720,"height":377,"url":"https:\/\/storage.googleapis.com\/smartphoto-express-production-wp-blogs-com\/10\/2015\/04\/pele-mele-fete-des-peres-2.jpg","type":"image\/jpeg"}],"author":"Claire","twitter_card":"summary_large_image","twitter_creator":"@smartphoto_fr","twitter_site":"@smartphoto_fr","twitter_misc":{"Written by":"Claire","Est. reading time":"2 minutes"},"schema":{"@context":"https:\/\/schema.org","@graph":[{"@type":"WebPage","@id":"\/inspiration\/pele-mele-fete-des-peres-astuces","url":"https:\/\/www.smartphoto.fr\/inspiration\/pele-mele-fete-des-peres-astuces","name":"R\u00e9aliser un joli p\u00eale-m\u00eale f\u00eate des p\u00e8res : nos trucs et astuces !","isPartOf":{"@id":"https:\/\/www.smartphoto.fr\/inspiration\/#website"},"primaryImageOfPage":{"@id":"https:\/\/www.smartphoto.fr\/inspiration\/pele-mele-fete-des-peres-astuces#primaryimage"},"image":{"@id":"https:\/\/www.smartphoto.fr\/inspiration\/pele-mele-fete-des-peres-astuces#primaryimage"},"thumbnailUrl":"https:\/\/storage.googleapis.com\/smartphoto-express-production-wp-blogs-com\/10\/2015\/04\/pele-mele-fete-des-peres-2.jpg","datePublished":"2018-05-27T10:22:18+00:00","dateModified":"2019-06-25T09:34:55+00:00","author":{"@id":"https:\/\/www.smartphoto.fr\/inspiration\/#\/schema\/person\/b743c2a89fcff4d18195130bb0259ffe"},"description":"Le p\u00eale-m\u00eale f\u00eate des p\u00e8res est un chouette cadeau rapide et facile \u00e0 cr\u00e9\u00e9r. R\u00e9alisez en quelques clics un p\u00eale-m\u00eale photo d\u20191 \u00e0 15 photos sur smartphoto.","breadcrumb":{"@id":"https:\/\/www.smartphoto.fr\/inspiration\/pele-mele-fete-des-peres-astuces#breadcrumb"},"inLanguage":"fr-FR","potentialAction":[{"@type":"ReadAction","target":["https:\/\/www.smartphoto.fr\/inspiration\/pele-mele-fete-des-peres-astuces"]}]},{"@type":"ImageObject","inLanguage":"fr-FR","@id":"https:\/\/www.smartphoto.fr\/inspiration\/pele-mele-fete-des-peres-astuces#primaryimage","url":"https:\/\/storage.googleapis.com\/smartphoto-express-production-wp-blogs-com\/10\/2015\/04\/pele-mele-fete-des-peres-2.jpg","contentUrl":"https:\/\/storage.googleapis.com\/smartphoto-express-production-wp-blogs-com\/10\/2015\/04\/pele-mele-fete-des-peres-2.jpg","width":720,"height":377,"caption":"p\u00eale-m\u00eale f\u00eate des p\u00e8res"},{"@type":"BreadcrumbList","@id":"https:\/\/www.smartphoto.fr\/inspiration\/pele-mele-fete-des-peres-astuces#breadcrumb","itemListElement":[{"@type":"ListItem","position":1,"name":"Home","item":"https:\/\/www.smartphoto.fr\/inspiration\/"},{"@type":"ListItem","position":2,"name":"R\u00e9aliser un joli p\u00eale-m\u00eale f\u00eate des p\u00e8res : nos trucs et astuces !"}]},{"@type":"WebSite","@id":"https:\/\/www.smartphoto.fr\/inspiration\/#website","url":"https:\/\/www.smartphoto.fr\/inspiration\/","name":"smartphoto FR","description":"Le blog de smartphoto France.","potentialAction":[{"@type":"SearchAction","target":{"@type":"EntryPoint","urlTemplate":"https:\/\/www.smartphoto.fr\/inspiration\/?s={search_term_string}"},"query-input":{"@type":"PropertyValueSpecification","valueRequired":true,"valueName":"search_term_string"}}],"inLanguage":"fr-FR"},{"@type":"Person","@id":"https:\/\/www.smartphoto.fr\/inspiration\/#\/schema\/person\/b743c2a89fcff4d18195130bb0259ffe","name":"Claire","image":{"@type":"ImageObject","inLanguage":"fr-FR","@id":"https:\/\/www.smartphoto.fr\/inspiration\/#\/schema\/person\/image\/","url":"https:\/\/secure.gravatar.com\/avatar\/9f27a09fb8046031a47a9f22ce0ca8e9?s=96&d=mm&r=g","contentUrl":"https:\/\/secure.gravatar.com\/avatar\/9f27a09fb8046031a47a9f22ce0ca8e9?s=96&d=mm&r=g","caption":"Claire"},"description":"Claire, 26 ans, passionn\u00e9e de voyages et de danse. J\u2019adore d\u00e9nicher les nouveaut\u00e9s DIY et d\u00e9coration. Je blogue pour smartphoto les astuces \u00e0 r\u00e9aliser avec vos photos.","url":"https:\/\/www.smartphoto.fr\/inspiration\/author\/claire"}]}},"_links":{"self":[{"href":"https:\/\/www.smartphoto.fr\/inspiration\/wp-json\/wp\/v2\/posts\/1933","targetHints":{"allow":["GET"]}}],"collection":[{"href":"https:\/\/www.smartphoto.fr\/inspiration\/wp-json\/wp\/v2\/posts"}],"about":[{"href":"https:\/\/www.smartphoto.fr\/inspiration\/wp-json\/wp\/v2\/types\/post"}],"author":[{"embeddable":true,"href":"https:\/\/www.smartphoto.fr\/inspiration\/wp-json\/wp\/v2\/users\/10"}],"replies":[{"embeddable":true,"href":"https:\/\/www.smartphoto.fr\/inspiration\/wp-json\/wp\/v2\/comments?post=1933"}],"version-history":[{"count":13,"href":"https:\/\/www.smartphoto.fr\/inspiration\/wp-json\/wp\/v2\/posts\/1933\/revisions"}],"predecessor-version":[{"id":8814,"href":"https:\/\/www.smartphoto.fr\/inspiration\/wp-json\/wp\/v2\/posts\/1933\/revisions\/8814"}],"wp:featuredmedia":[{"embeddable":true,"href":"https:\/\/www.smartphoto.fr\/inspiration\/wp-json\/wp\/v2\/media\/5929"}],"wp:attachment":[{"href":"https:\/\/www.smartphoto.fr\/inspiration\/wp-json\/wp\/v2\/media?parent=1933"}],"wp:term":[{"taxonomy":"category","embeddable":true,"href":"https:\/\/www.smartphoto.fr\/inspiration\/wp-json\/wp\/v2\/categories?post=1933"},{"taxonomy":"post_tag","embeddable":true,"href":"https:\/\/www.smartphoto.fr\/inspiration\/wp-json\/wp\/v2\/tags?post=1933"}],"curies":[{"name":"wp","href":"https:\/\/api.w.org\/{rel}","templated":true}]}}