{"id":1703,"date":"2017-01-01T15:56:31","date_gmt":"2017-01-01T14:56:31","guid":{"rendered":"http:\/\/www.wistiti.fr\/?p=1703"},"modified":"2022-03-08T15:06:19","modified_gmt":"2022-03-08T14:06:19","slug":"texte-faire-part-mariage","status":"publish","type":"post","link":"https:\/\/www.smartphoto.fr\/inspiration\/texte-faire-part-mariage","title":{"rendered":"Texte faire-part mariage : 7 id\u00e9es \u00e0 votre image"},"content":{"rendered":"<p style=\"text-align: justify\">Les faire-part sont une des premi\u00e8res \u00e9tapes de la r\u00e9alisation d\u2019un mariage. Apr\u00e8s vous avoir propos\u00e9 <a href=\"https:\/\/www.smartphoto.fr\/inspiration\/idees-creatives-faire-part-mariage-personnalise-2017\" target=\"_blank\" rel=\"noopener\">nos id\u00e9es de faire-part<\/a>, on partage aujourd\u2019hui avec vous diff\u00e9rents styles de texte pour rendre vos faire-part uniques.<\/p>\n<p style=\"text-align: justify\"><!--more--><\/p>\n<p style=\"text-align: justify\"><a href=\"https:\/\/www.smartphoto.fr\/mariage\" target=\"_blank\" rel=\"noopener\"><img loading=\"lazy\" decoding=\"async\" class=\"aligncenter wp-image-1908 size-full\" src=\"https:\/\/storage.googleapis.com\/smartphoto-express-production-wp-blogs-com\/10\/2017\/01\/blogHeaderWITFr.jpg\" alt=\"texte faire-part mariage\" width=\"700\" height=\"306\"><\/a><\/p>\n<p style=\"text-align: justify\"><strong>Texte faire-part mariage<\/strong><\/p>\n<ul style=\"text-align: justify\">\n<li>\n<h2>L\u2019annonce traditionnelle :<\/h2>\n<\/li>\n<\/ul>\n<p style=\"text-align: justify\"><a href=\"https:\/\/storage.googleapis.com\/smartphoto-express-production-wp-blogs-com\/10\/2017\/01\/TEXTE_FAIRE_PART_MARIAGE_TRADITIONNEL.png\"><img loading=\"lazy\" decoding=\"async\" class=\"aligncenter wp-image-1762 size-full\" src=\"https:\/\/storage.googleapis.com\/smartphoto-express-production-wp-blogs-com\/10\/2017\/01\/TEXTE_FAIRE_PART_MARIAGE_TRADITIONNEL.png\" alt=\"TEXTE_FAIRE_PART_MARIAGE_TRADITIONNEL\" width=\"659\" height=\"462\"><\/a><\/p>\n<p style=\"text-align: justify\">Texte : <a href=\"http:\/\/www.faire-part.com\/texte-faire-part-mariage.html\" target=\"_blank\" rel=\"noopener\">Faire-part.com<\/a>&nbsp;&#8211; Design :<a href=\"https:\/\/www.smartphoto.fr\/faire-part-cartes\/faire-part-1-volet\" target=\"_blank\" rel=\"noopener\"> smartphoto<\/a><\/p>\n<p style=\"text-align: justify\">Comme le veut la tradition, ce sont les parents des futurs mari\u00e9s qui annoncent le mariage de leurs enfants. Cette formulation est tr\u00e8s solennelle et ne convient pas vraiment si les futurs mari\u00e9s vivent d\u00e9j\u00e0 ensemble. Ce type de faire-part \u00e9tait plut\u00f4t utilis\u00e9 \u00e0 l&rsquo;\u00e9poque o\u00f9 les couples vivaient ensemble une fois mari\u00e9s\u2026 Avec ce texte faire-part mariage, pas de risques, vous restez dans la tradition.<\/p>\n<ul style=\"text-align: justify\">\n<li>\n<h2>Le faire-part classique :<\/h2>\n<\/li>\n<\/ul>\n<p style=\"text-align: justify\"><a href=\"https:\/\/storage.googleapis.com\/smartphoto-express-production-wp-blogs-com\/10\/2017\/01\/tx-classique2.png\"><img loading=\"lazy\" decoding=\"async\" class=\"aligncenter wp-image-1763 size-full\" src=\"https:\/\/storage.googleapis.com\/smartphoto-express-production-wp-blogs-com\/10\/2017\/01\/tx-classique2.png\" alt=\"texte-faire-part-mariage-classique\" width=\"966\" height=\"345\"><\/a><\/p>\n<p style=\"text-align: justify\">Texte&nbsp;: <a href=\"http:\/\/www.mariage.fr\/article\/annoncer\/faire_part.cfm\" target=\"_blank\" rel=\"noopener\">Mariage.fr<\/a>&nbsp;&#8211;&nbsp;Design : <a href=\"https:\/\/www.smartphoto.fr\/faire-part-cartes\/faire-part-classique\" target=\"_blank\" rel=\"noopener\">smartphoto<\/a><\/p>\n<p style=\"text-align: justify\">Ce type de faire-part est aujourd&rsquo;hui le plus commun. On reste dans le classique avec ce faire-part. Les mari\u00e9s annoncent l&rsquo;heureux \u00e9v\u00e8nement et invitent tous leurs proches \u00e0 y participer pour faire la f\u00eate et c\u00e9l\u00e9brer leur union. Une nouvelle fois, avec ce texte <a href=\"https:\/\/www.smartphoto.fr\/faire-part-cartes\/designselection.aspx?pcg=cards&amp;occ=wedding\" target=\"_blank\" rel=\"noopener\">faire-part mariage<\/a>, les futurs \u00e9poux ne prennent pas de risques et on pr\u00f4ne la simplicit\u00e9.<\/p>\n<ul style=\"text-align: justify\">\n<li>\n<h2>Les enfants l\u00e2chent le morceau :<\/h2>\n<\/li>\n<\/ul>\n<p style=\"text-align: justify\"><a href=\"https:\/\/storage.googleapis.com\/smartphoto-express-production-wp-blogs-com\/10\/2017\/01\/tx-enfant.png\"><img loading=\"lazy\" decoding=\"async\" class=\"alignnone size-full wp-image-1764\" src=\"https:\/\/storage.googleapis.com\/smartphoto-express-production-wp-blogs-com\/10\/2017\/01\/tx-enfant.png\" alt=\"texte-faire-part-mariage-enfant\" width=\"425\" height=\"597\"><\/a><\/p>\n<p style=\"text-align: justify\">Texte&nbsp;:&nbsp;<a href=\"http:\/\/www.faire-part.com\/texte-faire-part-mariage.html\" target=\"_blank\" rel=\"noopener\">Faire-part.com<\/a>&nbsp;&#8211;&nbsp;Design : <a href=\"https:\/\/www.smartphoto.fr\/faire-part-cartes\/faire-part-classique\" target=\"_blank\" rel=\"noopener\">smartphoto<\/a><\/p>\n<p style=\"text-align: justify\">Et si vous faisiez participer vos enfants ? Pour une fois, ce sont eux qui prennent les choses en main et annoncent le mariage de leurs parents. Ce faire-part est un peu plus original car il met vos enfants en valeur. Avec ce faire-part, on inverse les r\u00f4les et on met de c\u00f4t\u00e9 la tradition. Vos enfants seront ravis d&rsquo;\u00eatre au centre de votre mariage et de participer \u00e0 leur mani\u00e8re \u00e0 l&rsquo;annonce de l&rsquo;union de leurs parents.<\/p>\n<ul style=\"text-align: justify\">\n<li>\n<h2>L\u2019invitation conviviale :<\/h2>\n<\/li>\n<\/ul>\n<p style=\"text-align: justify\"><a href=\"https:\/\/storage.googleapis.com\/smartphoto-express-production-wp-blogs-com\/10\/2017\/01\/TEXTE_FAIRE_PART_MARIAGE_CONVIVIAL.jpg\"><img loading=\"lazy\" decoding=\"async\" class=\"alignnone size-full wp-image-1755\" src=\"https:\/\/storage.googleapis.com\/smartphoto-express-production-wp-blogs-com\/10\/2017\/01\/TEXTE_FAIRE_PART_MARIAGE_CONVIVIAL.jpg\" alt=\"TEXTE_FAIRE_PART_MARIAGE_CONVIVIAL\" width=\"972\" height=\"329\"><\/a><\/p>\n<p style=\"text-align: justify\">Texte&nbsp;: <a href=\"http:\/\/www.mesfairepart.com\/Texte-faire-part-de-mariage-LES-ORIGINAUX_436.html\" target=\"_blank\" rel=\"noopener\">Mesfairepart<\/a>&nbsp;&#8211;&nbsp;Design : <a href=\"https:\/\/www.smartphoto.fr\/faire-part-cartes\/faire-part-accolades\" target=\"_blank\" rel=\"noopener\">smartphoto<\/a><\/p>\n<p style=\"text-align: justify\">Ce texte faire-part mariage est plus po\u00e9tique et les futurs \u00e9poux invitent leurs proches de fa\u00e7on conviviale avec un texte o\u00f9 l&rsquo;on retrouve de la po\u00e9sie. Vous pouvez utiliser ce texte si vous souhaitez vous d\u00e9marquer des autres tout en restant dans la simplicit\u00e9. La derni\u00e8re phrase montrera m\u00eame \u00e0 vos invit\u00e9s que <a href=\"https:\/\/www.smartphoto.fr\/mariage\/organiser-son-mariage\" target=\"_blank\" rel=\"noopener\">vous aurez envie de faire la f\u00eate ce jour-l\u00e0.<\/a><\/p>\n<ul style=\"text-align: justify\">\n<li>\n<h2>Les mots tendres :<\/h2>\n<\/li>\n<\/ul>\n<p style=\"text-align: justify\"><a href=\"https:\/\/storage.googleapis.com\/smartphoto-express-production-wp-blogs-com\/10\/2017\/01\/TEXTE_FAIRE_PART_MARIAGE_MOTS_TENDRES2.png\"><img loading=\"lazy\" decoding=\"async\" class=\"alignnone size-full wp-image-1758\" src=\"https:\/\/storage.googleapis.com\/smartphoto-express-production-wp-blogs-com\/10\/2017\/01\/TEXTE_FAIRE_PART_MARIAGE_MOTS_TENDRES2.png\" alt=\"TEXTE_FAIRE_PART_MARIAGE_MOTS_TENDRES2\" width=\"999\" height=\"234\"><\/a> <a href=\"https:\/\/storage.googleapis.com\/smartphoto-express-production-wp-blogs-com\/10\/2017\/01\/TEXTE_FAIRE_PART_MARIAGE_MOTS_TENDRES.png\"><img loading=\"lazy\" decoding=\"async\" class=\"alignnone size-full wp-image-1757\" src=\"https:\/\/storage.googleapis.com\/smartphoto-express-production-wp-blogs-com\/10\/2017\/01\/TEXTE_FAIRE_PART_MARIAGE_MOTS_TENDRES.png\" alt=\"TEXTE_FAIRE_PART_MARIAGE_MOTS_TENDRES\" width=\"997\" height=\"238\"><\/a><\/p>\n<p style=\"text-align: justify\">Texte&nbsp;: <a href=\"http:\/\/www.faire-part-de-france.fr\/text\" target=\"_blank\" rel=\"noopener\">Faire-part de France<\/a>&nbsp;&#8211;&nbsp;Design : <a href=\"https:\/\/www.smartphoto.fr\/faire-part-cartes\/faire-part-2-volets\" target=\"_blank\" rel=\"noopener\">smartphoto<\/a><\/p>\n<p style=\"text-align: justify\">Avec ce texte, vos proches ne douteront pas de votre amour ! Ce texte faire-part de mariage est r\u00e9dig\u00e9 avec des mots doux. Le texte est un peu plus long et peut sembler un peu th\u00e9\u00e2tral, mais il vous correspondra parfaitement si vous \u00eates un couple heureux et que vous souhaitez que tout le monde le sache !<\/p>\n<ul style=\"text-align: justify\">\n<li>\n<h2>L\u2019originalit\u00e9 :<\/h2>\n<\/li>\n<\/ul>\n<p style=\"text-align: justify\"><a href=\"https:\/\/storage.googleapis.com\/smartphoto-express-production-wp-blogs-com\/10\/2017\/01\/TEXTE_FAIRE_PART_MARIAGE_ORIGINAL.png\"><img loading=\"lazy\" decoding=\"async\" class=\"alignnone size-full wp-image-1759\" src=\"https:\/\/storage.googleapis.com\/smartphoto-express-production-wp-blogs-com\/10\/2017\/01\/TEXTE_FAIRE_PART_MARIAGE_ORIGINAL.png\" alt=\"TEXTE_FAIRE_PART_MARIAGE_ORIGINAL\" width=\"965\" height=\"227\"><\/a><\/p>\n<p style=\"text-align: justify\">Texte&nbsp;: <a href=\"http:\/\/www.carteland.com\/exemples-de-textes\/texte-faire-part-mariage\" target=\"_blank\" rel=\"noopener\">Carteland<\/a>&nbsp;&#8211;&nbsp;Design : <a href=\"https:\/\/www.smartphoto.fr\/faire-part-cartes?utm_source=blog&amp;utm_medium=social&amp;utm_campaign=textefairepartmariage2015\" target=\"_blank\" rel=\"noopener\">smartphoto<\/a><\/p>\n<p style=\"text-align: justify\">Voici un texte pour ceux qui aiment l&rsquo;originalit\u00e9 ! Le texte est court mais va droit au but. Lorsque vos proches recevront ce faire-part, ils seront surpris par la tournure des phrases et les mots utilis\u00e9s. Et si, pour \u00eatre vraiment un couple original, vous gardiez le secret jusqu&rsquo;\u00e0 l&rsquo;envoi du faire-part ? Vos proches ne s&rsquo;y attendront pas et seront aussi heureux que surpris !<\/p>\n<ul style=\"text-align: justify\">\n<li>\n<h2>Le mariage \u00e0 th\u00e8me :<\/h2>\n<\/li>\n<\/ul>\n<p style=\"text-align: justify\"><a href=\"https:\/\/storage.googleapis.com\/smartphoto-express-production-wp-blogs-com\/10\/2017\/01\/TEXTE_FAIRE_PART_MARIAGE_THEME2.png\"><img loading=\"lazy\" decoding=\"async\" class=\"alignnone size-full wp-image-1761\" src=\"https:\/\/storage.googleapis.com\/smartphoto-express-production-wp-blogs-com\/10\/2017\/01\/TEXTE_FAIRE_PART_MARIAGE_THEME2.png\" alt=\"TEXTE_FAIRE_PART_MARIAGE_THEME2\" width=\"945\" height=\"226\"><\/a> <a href=\"https:\/\/storage.googleapis.com\/smartphoto-express-production-wp-blogs-com\/10\/2017\/01\/TEXTE_FAIRE_PART_MARIAGE_THEME.png\"><img loading=\"lazy\" decoding=\"async\" class=\"alignnone size-full wp-image-1760\" src=\"https:\/\/storage.googleapis.com\/smartphoto-express-production-wp-blogs-com\/10\/2017\/01\/TEXTE_FAIRE_PART_MARIAGE_THEME.png\" alt=\"TEXTE_FAIRE_PART_MARIAGE_THEME\" width=\"941\" height=\"222\"><\/a><\/p>\n<p style=\"text-align: justify\">Texte:&nbsp;<a href=\"http:\/\/www.mariage.fr\/article\/annoncer\/faire_part.cfm\" target=\"_blank\" rel=\"noopener\">Mariage.fr<\/a>&nbsp;&#8211;&nbsp;Design : <a href=\"https:\/\/www.smartphoto.fr\/faire-part-cartes\" target=\"_blank\" rel=\"noopener\">smartphoto<\/a><\/p>\n<p style=\"text-align: justify\">Derni\u00e8re possibilit\u00e9 pour votre faire-part de mariage, vous pouvez reprendre de fa\u00e7on po\u00e9tique ou humoristique le th\u00e8me que vous aurez choisi. Si, par exemple, votre mariage est organis\u00e9 autour du th\u00e8me de la mer, essayez d&rsquo;utiliser le champ s\u00e9mantique de l&rsquo;eau, si vous voulez \u00e0 votre mariage une touche plus champ\u00eatre, choisissez des mots en rapport avec fleurs ou la nature. Si vous avez choisi de faire un <a href=\"https:\/\/www.smartphoto.fr\/mariage\/theme-mariage\" target=\"_blank\" rel=\"noopener\">mariage \u00e0 th\u00e8me<\/a>, vous avez carte blanche pour votre faire-part. Vos invit\u00e9s seront de suite mis dans l&rsquo;ambiance.<\/p>\n<p style=\"text-align: justify\">Pensez \u00e0 ajouter l\u2019adresse de contact en bas du faire-part et \u00e0 glisser les cartes d\u2019invitation pour le vin d\u2019honneur et le repas dans le faire-part.<\/p>\n<p style=\"text-align: justify\">Nul doute que vous aurez eu un petit coup de coeur pour au moins un de ces textes. N&rsquo;oubliez pas qu&rsquo;il faut tout de m\u00eame rester dans l&rsquo;harmonie et donc r\u00e9diger un texte traditionnel si vous choisissez un faire-part classique, un texte plus original si votre faire-part est moins ordinaire, ou un texte qui rappelle votre th\u00e8me sur le support de votre choix. Votre <a href=\"https:\/\/www.smartphoto.fr\/mariage\/organiser-son-mariage\/faire-part-mariage-personnalise\" target=\"_blank\" rel=\"noopener\">faire-part de mariage<\/a> peut \u00eatre \u00e0 la fois, festif, original et donner toutes les informations n\u00e9cessaires \u00e0 vos invit\u00e9s. Si vous avez des doutes ou que vous pr\u00e9f\u00e9rez avoir plusieurs avis, vous pouvez demander \u00e0 vos t\u00e9moins de relire votre texte faire-part mariage avant de l&rsquo;envoyer \u00e0 tout le monde.<\/p>\n<p style=\"text-align: justify\">Vous organisez vous-m\u00eame votre mariage cette ann\u00e9e ? Partagez avec nous votre exp\u00e9rience sur&nbsp;<a href=\"https:\/\/www.facebook.com\/smartphoto.fr\" target=\"_blank\" rel=\"noopener\">Facebook<\/a>,&nbsp;<a href=\"https:\/\/twitter.com\/smartphoto_fr\" target=\"_blank\" rel=\"noopener\">Twitter<\/a>,<a href=\"https:\/\/instagram.com\/smartphoto_fr\/\" target=\"_blank\" rel=\"noopener\">Instagram<\/a>,&nbsp;<a href=\"http:\/\/www.pinterest.com\/smartphotofr\/\">Pinterest&nbsp;<\/a>ou&nbsp;<a href=\"https:\/\/plus.google.com\/+smartphotofr\/posts\">Google+<\/a>&nbsp;avec le hashtag&nbsp;<strong>#smartphoto !<\/strong><\/p>\n<p style=\"text-align: justify\"><a href=\"https:\/\/www.smartphoto.fr\/mariage\" target=\"_blank\" rel=\"noopener\"><img loading=\"lazy\" decoding=\"async\" class=\"alignnone wp-image-1915 size-full\" src=\"https:\/\/storage.googleapis.com\/smartphoto-express-production-wp-blogs-com\/10\/2017\/01\/weddingCTAOWTFra.jpg\" alt=\"weddingCTAOWTFra\" width=\"700\" height=\"250\"><\/a><\/p>\n","protected":false},"excerpt":{"rendered":"<p>Les faire-part sont une des premi\u00e8res \u00e9tapes de la r\u00e9alisation d\u2019un mariage. Apr\u00e8s vous avoir propos\u00e9 nos id\u00e9es de faire-part, on partage aujourd\u2019hui avec vous diff\u00e9rents styles de texte pour rendre vos faire-part uniques.<\/p>\n","protected":false},"author":10,"featured_media":0,"comment_status":"open","ping_status":"open","sticky":false,"template":"","format":"standard","meta":{"om_disable_all_campaigns":false,"_monsterinsights_skip_tracking":false,"_monsterinsights_sitenote_active":false,"_monsterinsights_sitenote_note":"","_monsterinsights_sitenote_category":0,"footnotes":""},"categories":[16,76],"tags":[],"class_list":["post-1703","post","type-post","status-publish","format-standard","hentry","category-idees","category-mariage"],"yoast_head":"<!-- This site is optimized with the Yoast SEO plugin v23.8 - https:\/\/yoast.com\/wordpress\/plugins\/seo\/ -->\n<title>Id\u00e9es de texte faire-part mariage pour 2017<\/title>\n<meta name=\"description\" content=\"On partage aujourd\u2019hui avec vous diff\u00e9rents styles de texte faire-part mariage pour rendre vos faire-part uniques : annonce classique, conviviale, tendre...\" \/>\n<meta name=\"robots\" content=\"index, follow, max-snippet:-1, max-image-preview:large, max-video-preview:-1\" \/>\n<link rel=\"canonical\" href=\"https:\/\/www.smartphoto.fr\/inspiration\/texte-faire-part-mariage\" \/>\n<meta property=\"og:locale\" content=\"fr_FR\" \/>\n<meta property=\"og:type\" content=\"article\" \/>\n<meta property=\"og:title\" content=\"Id\u00e9es de texte faire-part mariage pour 2017\" \/>\n<meta property=\"og:description\" content=\"On partage aujourd\u2019hui avec vous diff\u00e9rents styles de texte faire-part mariage pour rendre vos faire-part uniques : annonce classique, conviviale, tendre...\" \/>\n<meta property=\"og:url\" content=\"\/inspiration\/texte-faire-part-mariage\" \/>\n<meta property=\"og:site_name\" content=\"smartphoto FR\" \/>\n<meta property=\"article:publisher\" content=\"https:\/\/www.facebook.com\/smartphoto.fr\" \/>\n<meta property=\"article:published_time\" content=\"2017-01-01T14:56:31+00:00\" \/>\n<meta property=\"article:modified_time\" content=\"2022-03-08T14:06:19+00:00\" \/>\n<meta property=\"og:image\" content=\"https:\/\/storage.googleapis.com\/smartphoto-express-production-wp-blogs-com\/10\/2015\/04\/blogHeaderWITFr1.jpg\" \/>\n\t<meta property=\"og:image:width\" content=\"700\" \/>\n\t<meta property=\"og:image:height\" content=\"306\" \/>\n\t<meta property=\"og:image:type\" content=\"image\/jpeg\" \/>\n<meta name=\"author\" content=\"Claire\" \/>\n<meta name=\"twitter:card\" content=\"summary_large_image\" \/>\n<meta name=\"twitter:creator\" content=\"@smartphoto_fr\" \/>\n<meta name=\"twitter:site\" content=\"@smartphoto_fr\" \/>\n<meta name=\"twitter:label1\" content=\"Written by\" \/>\n\t<meta name=\"twitter:data1\" content=\"Claire\" \/>\n\t<meta name=\"twitter:label2\" content=\"Est. reading time\" \/>\n\t<meta name=\"twitter:data2\" content=\"4 minutes\" \/>\n<script type=\"application\/ld+json\" class=\"yoast-schema-graph\">{\"@context\":\"https:\/\/schema.org\",\"@graph\":[{\"@type\":\"WebPage\",\"@id\":\"\/inspiration\/texte-faire-part-mariage\",\"url\":\"https:\/\/www.smartphoto.fr\/inspiration\/texte-faire-part-mariage\",\"name\":\"Id\u00e9es de texte faire-part mariage pour 2017\",\"isPartOf\":{\"@id\":\"https:\/\/www.smartphoto.fr\/inspiration\/#website\"},\"primaryImageOfPage\":{\"@id\":\"https:\/\/www.smartphoto.fr\/inspiration\/texte-faire-part-mariage#primaryimage\"},\"image\":{\"@id\":\"https:\/\/www.smartphoto.fr\/inspiration\/texte-faire-part-mariage#primaryimage\"},\"thumbnailUrl\":\"https:\/\/storage.googleapis.com\/smartphoto-express-production-wp-blogs-com\/10\/2017\/01\/blogHeaderWITFr.jpg\",\"datePublished\":\"2017-01-01T14:56:31+00:00\",\"dateModified\":\"2022-03-08T14:06:19+00:00\",\"author\":{\"@id\":\"https:\/\/www.smartphoto.fr\/inspiration\/#\/schema\/person\/b743c2a89fcff4d18195130bb0259ffe\"},\"description\":\"On partage aujourd\u2019hui avec vous diff\u00e9rents styles de texte faire-part mariage pour rendre vos faire-part uniques : annonce classique, conviviale, tendre...\",\"breadcrumb\":{\"@id\":\"https:\/\/www.smartphoto.fr\/inspiration\/texte-faire-part-mariage#breadcrumb\"},\"inLanguage\":\"fr-FR\",\"potentialAction\":[{\"@type\":\"ReadAction\",\"target\":[\"https:\/\/www.smartphoto.fr\/inspiration\/texte-faire-part-mariage\"]}]},{\"@type\":\"ImageObject\",\"inLanguage\":\"fr-FR\",\"@id\":\"https:\/\/www.smartphoto.fr\/inspiration\/texte-faire-part-mariage#primaryimage\",\"url\":\"https:\/\/storage.googleapis.com\/smartphoto-express-production-wp-blogs-com\/10\/2017\/01\/blogHeaderWITFr.jpg\",\"contentUrl\":\"https:\/\/storage.googleapis.com\/smartphoto-express-production-wp-blogs-com\/10\/2017\/01\/blogHeaderWITFr.jpg\"},{\"@type\":\"BreadcrumbList\",\"@id\":\"https:\/\/www.smartphoto.fr\/inspiration\/texte-faire-part-mariage#breadcrumb\",\"itemListElement\":[{\"@type\":\"ListItem\",\"position\":1,\"name\":\"Home\",\"item\":\"https:\/\/www.smartphoto.fr\/inspiration\/\"},{\"@type\":\"ListItem\",\"position\":2,\"name\":\"Texte faire-part mariage : 7 id\u00e9es \u00e0 votre image\"}]},{\"@type\":\"WebSite\",\"@id\":\"https:\/\/www.smartphoto.fr\/inspiration\/#website\",\"url\":\"https:\/\/www.smartphoto.fr\/inspiration\/\",\"name\":\"smartphoto FR\",\"description\":\"Le blog de smartphoto France.\",\"potentialAction\":[{\"@type\":\"SearchAction\",\"target\":{\"@type\":\"EntryPoint\",\"urlTemplate\":\"https:\/\/www.smartphoto.fr\/inspiration\/?s={search_term_string}\"},\"query-input\":{\"@type\":\"PropertyValueSpecification\",\"valueRequired\":true,\"valueName\":\"search_term_string\"}}],\"inLanguage\":\"fr-FR\"},{\"@type\":\"Person\",\"@id\":\"https:\/\/www.smartphoto.fr\/inspiration\/#\/schema\/person\/b743c2a89fcff4d18195130bb0259ffe\",\"name\":\"Claire\",\"image\":{\"@type\":\"ImageObject\",\"inLanguage\":\"fr-FR\",\"@id\":\"https:\/\/www.smartphoto.fr\/inspiration\/#\/schema\/person\/image\/\",\"url\":\"https:\/\/secure.gravatar.com\/avatar\/9f27a09fb8046031a47a9f22ce0ca8e9?s=96&d=mm&r=g\",\"contentUrl\":\"https:\/\/secure.gravatar.com\/avatar\/9f27a09fb8046031a47a9f22ce0ca8e9?s=96&d=mm&r=g\",\"caption\":\"Claire\"},\"description\":\"Claire, 26 ans, passionn\u00e9e de voyages et de danse. J\u2019adore d\u00e9nicher les nouveaut\u00e9s DIY et d\u00e9coration. Je blogue pour smartphoto les astuces \u00e0 r\u00e9aliser avec vos photos.\",\"url\":\"https:\/\/www.smartphoto.fr\/inspiration\/author\/claire\"}]}<\/script>\n<!-- \/ Yoast SEO plugin. -->","yoast_head_json":{"title":"Id\u00e9es de texte faire-part mariage pour 2017","description":"On partage aujourd\u2019hui avec vous diff\u00e9rents styles de texte faire-part mariage pour rendre vos faire-part uniques : annonce classique, conviviale, tendre...","robots":{"index":"index","follow":"follow","max-snippet":"max-snippet:-1","max-image-preview":"max-image-preview:large","max-video-preview":"max-video-preview:-1"},"canonical":"https:\/\/www.smartphoto.fr\/inspiration\/texte-faire-part-mariage","og_locale":"fr_FR","og_type":"article","og_title":"Id\u00e9es de texte faire-part mariage pour 2017","og_description":"On partage aujourd\u2019hui avec vous diff\u00e9rents styles de texte faire-part mariage pour rendre vos faire-part uniques : annonce classique, conviviale, tendre...","og_url":"\/inspiration\/texte-faire-part-mariage","og_site_name":"smartphoto FR","article_publisher":"https:\/\/www.facebook.com\/smartphoto.fr","article_published_time":"2017-01-01T14:56:31+00:00","article_modified_time":"2022-03-08T14:06:19+00:00","og_image":[{"width":700,"height":306,"url":"https:\/\/storage.googleapis.com\/smartphoto-express-production-wp-blogs-com\/10\/2015\/04\/blogHeaderWITFr1.jpg","type":"image\/jpeg"}],"author":"Claire","twitter_card":"summary_large_image","twitter_creator":"@smartphoto_fr","twitter_site":"@smartphoto_fr","twitter_misc":{"Written by":"Claire","Est. reading time":"4 minutes"},"schema":{"@context":"https:\/\/schema.org","@graph":[{"@type":"WebPage","@id":"\/inspiration\/texte-faire-part-mariage","url":"https:\/\/www.smartphoto.fr\/inspiration\/texte-faire-part-mariage","name":"Id\u00e9es de texte faire-part mariage pour 2017","isPartOf":{"@id":"https:\/\/www.smartphoto.fr\/inspiration\/#website"},"primaryImageOfPage":{"@id":"https:\/\/www.smartphoto.fr\/inspiration\/texte-faire-part-mariage#primaryimage"},"image":{"@id":"https:\/\/www.smartphoto.fr\/inspiration\/texte-faire-part-mariage#primaryimage"},"thumbnailUrl":"https:\/\/storage.googleapis.com\/smartphoto-express-production-wp-blogs-com\/10\/2017\/01\/blogHeaderWITFr.jpg","datePublished":"2017-01-01T14:56:31+00:00","dateModified":"2022-03-08T14:06:19+00:00","author":{"@id":"https:\/\/www.smartphoto.fr\/inspiration\/#\/schema\/person\/b743c2a89fcff4d18195130bb0259ffe"},"description":"On partage aujourd\u2019hui avec vous diff\u00e9rents styles de texte faire-part mariage pour rendre vos faire-part uniques : annonce classique, conviviale, tendre...","breadcrumb":{"@id":"https:\/\/www.smartphoto.fr\/inspiration\/texte-faire-part-mariage#breadcrumb"},"inLanguage":"fr-FR","potentialAction":[{"@type":"ReadAction","target":["https:\/\/www.smartphoto.fr\/inspiration\/texte-faire-part-mariage"]}]},{"@type":"ImageObject","inLanguage":"fr-FR","@id":"https:\/\/www.smartphoto.fr\/inspiration\/texte-faire-part-mariage#primaryimage","url":"https:\/\/storage.googleapis.com\/smartphoto-express-production-wp-blogs-com\/10\/2017\/01\/blogHeaderWITFr.jpg","contentUrl":"https:\/\/storage.googleapis.com\/smartphoto-express-production-wp-blogs-com\/10\/2017\/01\/blogHeaderWITFr.jpg"},{"@type":"BreadcrumbList","@id":"https:\/\/www.smartphoto.fr\/inspiration\/texte-faire-part-mariage#breadcrumb","itemListElement":[{"@type":"ListItem","position":1,"name":"Home","item":"https:\/\/www.smartphoto.fr\/inspiration\/"},{"@type":"ListItem","position":2,"name":"Texte faire-part mariage : 7 id\u00e9es \u00e0 votre image"}]},{"@type":"WebSite","@id":"https:\/\/www.smartphoto.fr\/inspiration\/#website","url":"https:\/\/www.smartphoto.fr\/inspiration\/","name":"smartphoto FR","description":"Le blog de smartphoto France.","potentialAction":[{"@type":"SearchAction","target":{"@type":"EntryPoint","urlTemplate":"https:\/\/www.smartphoto.fr\/inspiration\/?s={search_term_string}"},"query-input":{"@type":"PropertyValueSpecification","valueRequired":true,"valueName":"search_term_string"}}],"inLanguage":"fr-FR"},{"@type":"Person","@id":"https:\/\/www.smartphoto.fr\/inspiration\/#\/schema\/person\/b743c2a89fcff4d18195130bb0259ffe","name":"Claire","image":{"@type":"ImageObject","inLanguage":"fr-FR","@id":"https:\/\/www.smartphoto.fr\/inspiration\/#\/schema\/person\/image\/","url":"https:\/\/secure.gravatar.com\/avatar\/9f27a09fb8046031a47a9f22ce0ca8e9?s=96&d=mm&r=g","contentUrl":"https:\/\/secure.gravatar.com\/avatar\/9f27a09fb8046031a47a9f22ce0ca8e9?s=96&d=mm&r=g","caption":"Claire"},"description":"Claire, 26 ans, passionn\u00e9e de voyages et de danse. J\u2019adore d\u00e9nicher les nouveaut\u00e9s DIY et d\u00e9coration. Je blogue pour smartphoto les astuces \u00e0 r\u00e9aliser avec vos photos.","url":"https:\/\/www.smartphoto.fr\/inspiration\/author\/claire"}]}},"_links":{"self":[{"href":"https:\/\/www.smartphoto.fr\/inspiration\/wp-json\/wp\/v2\/posts\/1703","targetHints":{"allow":["GET"]}}],"collection":[{"href":"https:\/\/www.smartphoto.fr\/inspiration\/wp-json\/wp\/v2\/posts"}],"about":[{"href":"https:\/\/www.smartphoto.fr\/inspiration\/wp-json\/wp\/v2\/types\/post"}],"author":[{"embeddable":true,"href":"https:\/\/www.smartphoto.fr\/inspiration\/wp-json\/wp\/v2\/users\/10"}],"replies":[{"embeddable":true,"href":"https:\/\/www.smartphoto.fr\/inspiration\/wp-json\/wp\/v2\/comments?post=1703"}],"version-history":[{"count":4,"href":"https:\/\/www.smartphoto.fr\/inspiration\/wp-json\/wp\/v2\/posts\/1703\/revisions"}],"predecessor-version":[{"id":11001,"href":"https:\/\/www.smartphoto.fr\/inspiration\/wp-json\/wp\/v2\/posts\/1703\/revisions\/11001"}],"wp:attachment":[{"href":"https:\/\/www.smartphoto.fr\/inspiration\/wp-json\/wp\/v2\/media?parent=1703"}],"wp:term":[{"taxonomy":"category","embeddable":true,"href":"https:\/\/www.smartphoto.fr\/inspiration\/wp-json\/wp\/v2\/categories?post=1703"},{"taxonomy":"post_tag","embeddable":true,"href":"https:\/\/www.smartphoto.fr\/inspiration\/wp-json\/wp\/v2\/tags?post=1703"}],"curies":[{"name":"wp","href":"https:\/\/api.w.org\/{rel}","templated":true}]}}