{"id":13099,"date":"2026-04-30T17:32:31","date_gmt":"2026-04-30T15:32:31","guid":{"rendered":"https:\/\/www.smartphoto.fr\/inspiration\/?p=13099"},"modified":"2026-04-30T18:01:20","modified_gmt":"2026-04-30T16:01:20","slug":"premiere-fete-des-meres-idee-cadeau","status":"publish","type":"post","link":"https:\/\/www.smartphoto.fr\/inspiration\/premiere-fete-des-meres-idee-cadeau","title":{"rendered":"Premi\u00e8re f\u00eate des m\u00e8res : 8 id\u00e9es cadeaux pour surprendre la jeune maman"},"content":{"rendered":"\n<p>La premi\u00e8re ann\u00e9e, on prend 50 photos par jour. B\u00e9b\u00e9 change \u00e0 une vitesse folle, et ces souvenirs sont pr\u00e9cieux. Pour cette <strong>premi\u00e8re f\u00eate des m\u00e8res<\/strong>, transformez ces clich\u00e9s en un cadeau unique. Voici 8 id\u00e9es personnalis\u00e9es pour marquer ce tournant \u00e9motionnel et c\u00e9l\u00e9brer son nouveau r\u00f4le avec tendresse.<\/p>\n\n\n\n<h3 class=\"wp-block-heading\"><strong>Premi\u00e8re f\u00eate des M\u00e8res<\/strong><\/h3>\n\n\n\n<h3 class=\"wp-block-heading\">Pourquoi ce premier rendez-vous est-il si sp\u00e9cial ?<\/h3>\n\n\n\n<p>La naissance d&rsquo;un enfant, c&rsquo;est toujours uen transformatin pour une maman. Celle du premier b\u00e9b\u00e9 est d&rsquo;autant plus importante. Au-del\u00e0 d&rsquo;un cadeau, la premi\u00e8re f\u00eate des M\u00e8res est l&rsquo;occasion de c\u00e9l\u00e9brer le chemin d\u00e9j\u00e0 parcouru : des nuits courtes aux premiers sourires, le tout nimb\u00e9 d&rsquo;un amour jusque l\u00e0 inconnu. Les objets personnalis\u00e9s vous permettrotn de marquer l&rsquo;\u00e9v\u00e8nement avec un cadeau qui refl\u00e8re le caract\u00e8re unique de son aventure de jeune Maman et de sa relation avec son tout-petit.<\/p>\n\n\n<div class=\"wp-block-image\">\n<figure class=\"aligncenter size-full is-resized\"><img decoding=\"async\" src=\"https:\/\/storage.googleapis.com\/smartphoto-express-production-wp-blogs-com\/9\/2022\/04\/Premiere-fete-des-meres-jeuen-maman.jpg\" alt=\"\" class=\"wp-image-46464\" style=\"width:700px\" title=\"Premi\u00e8re f\u00eate des m\u00e8res\" \/><\/figure><\/div>\n\n\n<h3 class=\"wp-block-heading\">1. Le livre photo des \u00ab\u00a0premi\u00e8res fois\u00a0\u00bb<\/h3>\n\n\n\n<p><span style=\"font-weight: 400\">Un <a href=\"https:\/\/www.smartphoto.fr\/livre-photo\/creer-un-livre-photo?pvc=PhotobookLSqHardPers\">livre photo <\/a>avec les premi\u00e8res photos de son b\u00e9b\u00e9, c&rsquo;est LE cadeau dont la jeune Maman ne se s\u00e9parera jamais. <\/span>S\u00e9lectionnez vos photos pr\u00e9f\u00e9r\u00e9e pour chaque semaine de vie de cette petite merveille pour surprendre sa maman <span style=\"font-weight: 400\">!<\/span><\/p>\n\n\n<div class=\"wp-block-image\">\n<figure class=\"aligncenter size-full\"><a href=\"https:\/\/www.smartphoto.fr\/livre-photo\/creer-un-livre-photo?pvc=PhotobookLSqHardPers\" target=\"_blank\" rel=\"noopener\"><img decoding=\"async\" src=\"https:\/\/storage.googleapis.com\/smartphoto-express-production-wp-blogs-com\/9\/2022\/04\/Premiere-fete-des-Meres-les-premieres-photos-de-bebe-dans-un-livre-photo.jpg\" alt=\"livre photo b\u00e9b\u00e9 f\u00eate des m\u00e8res\" class=\"wp-image-43593\" \/><\/a><\/figure><\/div>\n\n\n<ul class=\"wp-block-list\">\n<li><strong>L&rsquo;astuce Smartphoto :<\/strong> Ajoutez des l\u00e9gendes comme si b\u00e9b\u00e9 parlait (<em>\u00ab Mon premier mois avec maman \u00bb<\/em>) pour un effet \u00e9motion garanti.<\/li>\n<\/ul>\n\n\n\n<h3 class=\"wp-block-heading\">2. Le body \u00ab\u00a0porte-parole\u00a0\u00bb<\/h3>\n\n\n\n<p>B\u00e9b\u00e9 ne parle pas encore ? Laissez ses v\u00eatements s&rsquo;en charger ! Faites de ce jour une exp\u00e9rience m\u00e9morable et enfilez \u00e0 b\u00e9b\u00e9 <a href=\"https:\/\/www.smartphoto.fr\/cadeaux-photo\/body-bebe-photo\">un body personnalis\u00e9<\/a> lorsque vous le mettrez \u00e0 la sieste, ou la nuit avant la f\u00eate des M\u00e8res. Profitez ensuite du magnifique sourire de sa Maman quand elle retrouvera b\u00e9b\u00e9 au r\u00e9veil qui affichera en grand: <em>\u00ab\u00a0Bonne f\u00eate maman !\u00a0\u00bb<\/em>.<\/p>\n\n\n<div class=\"wp-block-image\">\n<figure class=\"aligncenter size-full\"><a href=\"https:\/\/www.smartphoto.fr\/cadeaux-photo\/body-bebe-photo\"><img decoding=\"async\" src=\"https:\/\/storage.googleapis.com\/smartphoto-express-production-wp-blogs-com\/9\/2022\/04\/Blog-images-1.jpg\" alt=\"maman je t'aime body b\u00e9b\u00e9\" class=\"wp-image-43594\" \/><\/a><\/figure><\/div>\n\n\n<p>Ce body est disponible en 3 tailles (2 \u00e0 12 mois), \u00e0 personnaliser avec photo et textes, au choix. Mais vous pouvez aussi d\u00e9corer vous-m\u00eame un body en coton blanc, si vous avez ce talent \ud83d\ude42<\/p>\n\n\n\n<h3 class=\"wp-block-heading\">3. Un bijou grav\u00e9 pour l&rsquo;\u00e9ternit\u00e9<\/h3>\n\n\n\n<p>Un <a href=\"https:\/\/www.smartphoto.fr\/cadeaux-photo\/pendentif-gravure-personnalise?theme=theme.mothersday\">collier<\/a> en or ou en argent grav\u00e9s avec le pr\u00e9nom et la date de naissance de b\u00e9b\u00e9 fera un souvenir pr\u00e9cieux qu&rsquo;elle sera fi\u00e8re de porter chaque jour. Le cadeau par excellence pour marquer le coup apr\u00e8s une naissance.<\/p>\n\n\n\n<figure class=\"wp-block-image size-full\"><a href=\"https:\/\/www.smartphoto.fr\/cadeaux-photo\/pendentif-gravure-personnalise?theme=theme.mothersday\"><img decoding=\"async\" src=\"https:\/\/storage.googleapis.com\/smartphoto-express-production-wp-blogs-com\/9\/2022\/04\/Collier-grave-date-et-nom-pour-premiere-fete-des-meres-jeune-maman.jpg\" alt=\"\" class=\"wp-image-46463\" \/><\/a><\/figure>\n\n\n\n<h3 class=\"wp-block-heading\">4. Une d\u00e9co murale riche en \u00e9motions<\/h3>\n\n\n\n<p>Toile, p\u00eale-m\u00eale ou hexagones photo (tuiles murales) : transformez le salon en galerie de souvenirs. Choisissez une photo de peau \u00e0 peau ou le premier portrait de famille pour un impact maximal.<\/p>\n\n\n<div class=\"wp-block-image\">\n<figure class=\"aligncenter\"><a href=\"\/fr\/deco-photo\"><img decoding=\"async\" src=\"https:\/\/storage.googleapis.com\/smartphoto-express-production-wp-blogs-com\/9\/2019\/04\/toilephoto-bebe2-e1556549080891.jpg\" alt=\"photo sur toile b\u00e9b\u00e9\" class=\"wp-image-41062\" \/><\/a><\/figure><\/div>\n\n\n<p><span style=\"font-weight: 400\">Comptez 10 minutes pour <a href=\"https:\/\/www.smartphoto.fr\/deco-photo\">cr\u00e9er un joli p\u00eale-m\u00eale ou une photo sur toile<\/a>. Ce qui vous prendra le plus de temps, c\u2019est la s\u00e9lection des photos en amont. Choisissez ensuite parmi 8 mat\u00e9riaux et 50 designs pour mettre en valeur la photo de votre baby chou.<\/span><\/p>\n\n\n\n<p>Vous pouvez aussi opter pour une version plus moderne et d\u00e9co avec des <a href=\"https:\/\/www.smartphoto.fr\/deco-photo\/decoration-murale-geometrique\">tuiles en forme d&rsquo;hexagones<\/a>.<\/p>\n\n\n\n<h3 class=\"wp-block-heading\">5. Le coussin c\u00e2lin personnalis\u00e9<\/h3>\n\n\n\n<p>Pour les moments de repos (bien m\u00e9rit\u00e9s !), un coussin avec la bouille de son petit bout ou une citation douce apporte une touche de r\u00e9confort imm\u00e9diat dans son cocon.<\/p>\n\n\n\n<figure class=\"wp-block-gallery aligncenter has-nested-images columns-default is-cropped wp-block-gallery-1 is-layout-flex wp-block-gallery-is-layout-flex\">\n<figure class=\"wp-block-image size-full\"><a href=\"https:\/\/www.smartphoto.fr\/cadeaux-photo\/coussin-personnalise-photo-texte\/pour-fete-des-meres\"><img decoding=\"async\" data-id=\"46457\" src=\"https:\/\/storage.googleapis.com\/smartphoto-express-production-wp-blogs-com\/9\/2022\/04\/Cadeau-fete-des-Meres-personnalise_Coussin-personnalise-maman.jpg\" alt=\"\" class=\"wp-image-46457\" \/><\/a><\/figure>\n\n\n\n<figure class=\"wp-block-image size-full\"><a href=\"https:\/\/www.smartphoto.fr\/cadeaux-photo\/coussin-personnalise-photo-texte\/pour-fete-des-meres\"><img decoding=\"async\" data-id=\"46465\" src=\"https:\/\/storage.googleapis.com\/smartphoto-express-production-wp-blogs-com\/9\/2022\/04\/coussin-premioere-fete-des-meres-avec-photo-de-bebe.jpg\" alt=\"\" class=\"wp-image-46465\" \/><\/a><\/figure>\n<\/figure>\n\n\n\n<p><span style=\"font-weight: 400\">Avec le <a href=\"https:\/\/www.smartphoto.fr\/cadeaux-photo\/coussin-photo\">coussin photo<\/a>, vous pouvez imprimer une jolie photo de maman et de son petit bout. Elle pourra le serrer contre elle \u00e0 tout moment pour revivre ces pr\u00e9cieux instants ! En c\u0153ur, carr\u00e9, rectangulaire ou XL, vous trouverez le coussin id\u00e9al pour surprendre la maman \u00e0 l&rsquo;occasion de sa premi\u00e8re f\u00eate des m\u00e8res.<\/span><\/p>\n\n\n\n<h3 class=\"wp-block-heading\">6. Le duo look\u00e9 : T-shirt &amp; body assortis<\/h3>\n\n\n\n<p>Un combo de t-shirt et body \u00ab\u00a0Maman d&rsquo;amour\u00a0\u00bb \/ \u00ab\u00a0B\u00e9b\u00e9 ch\u00e9ri\u00a0\u00bb pour des photos souvenirs m\u00e9morables.<\/p>\n\n\n<div class=\"wp-block-image\">\n<figure class=\"aligncenter size-full is-resized\"><img decoding=\"async\" src=\"https:\/\/storage.googleapis.com\/smartphoto-express-production-wp-blogs-com\/9\/2022\/04\/Gemini_Generated_T-shirts-inspiration-idee-premiere-fete-des-meres.jpg\" alt=\"\" class=\"wp-image-46462\" style=\"width:731px;height:auto\" \/><\/figure><\/div>\n\n\n<h3 class=\"wp-block-heading\">7. Un mug pour des matins tout doux<\/h3>\n\n\n\n<p>Parce que les jeunes mamans tournent souvent au caf\u00e9 ou au th\u00e9, personnalisez <span style=\"font-weight: 400\"><a href=\"https:\/\/www.smartphoto.fr\/cadeaux-photo\/mug-personnalise-photo\/pour-fete-des-meres\">le mug<\/a> ou le <a href=\"https:\/\/www.smartphoto.fr\/cadeaux-photo\/bol-en-ceramique\/pour-fete-des-meres\">bol petit-d\u00e9jeuner personnalis\u00e9s<\/a><\/span> avec une jolie phrase ou une photo de b\u00e9b\u00e9. Chaque pause th\u00e9 ou caf\u00e9 devient un moment de tendresse.<\/p>\n\n\n\n<figure class=\"wp-block-image size-full\"><img decoding=\"async\" src=\"https:\/\/storage.googleapis.com\/smartphoto-express-production-wp-blogs-com\/9\/2022\/04\/Mug-et-tasse-personnalises-idee-cadeau-premiere-fete-des-meres.jpg\" alt=\"\" class=\"wp-image-46461\" \/><\/figure>\n\n\n\n<blockquote class=\"wp-block-quote is-layout-flow wp-block-quote-is-layout-flow\">\n<p><span style=\"font-weight: 400\">C&rsquo;est un cadeau beau et pratique, dont elle se servira au quotidien, parfait pour <a href=\"https:\/\/www.smartphoto.fr\/retour-au-travail-maternite?theme=theme.birth\">une jeune maman qui vient de reprendre le travail<\/a> par exemple.<\/span><\/p>\n<\/blockquote>\n\n\n\n<h3 class=\"wp-block-heading\">8. Un cadeau DIY avec les empreintes de b\u00e9b\u00e9<\/h3>\n\n\n\n<p>Rien ne touche plus qu&rsquo;une trace concr\u00e8te de ces petites mains. Utilisez de la p\u00e2te \u00e0 sel ou de la peinture lavable pour cr\u00e9er une carte unique. \ud83d\udc49 <em>Besoin d&rsquo;inspiration ? Retrouvez nos <a target=\"_blank\" rel=\"noreferrer noopener\" href=\"https:\/\/www.google.com\/search?q=URL-VERS-BLOG-BRICOLAGE\">tutos bricolage f\u00eate des m\u00e8res ici<\/a>.<\/em><\/p>\n\n\n\n<figure class=\"wp-block-image size-full\"><img decoding=\"async\" src=\"https:\/\/storage.googleapis.com\/smartphoto-express-production-wp-blogs-com\/9\/2022\/04\/Cadre-souvenir-de-bebe-cadeau-de-premiere-fete-des-meres.jpg\" alt=\"\" class=\"wp-image-46458\" \/><\/figure>\n\n\n\n<hr class=\"wp-block-separator has-alpha-channel-opacity\" \/>\n\n\n\n<h3 class=\"wp-block-heading\">Quel message \u00e9crire pour sa 1\u00e8re f\u00eate des m\u00e8res ?<\/h3>\n\n\n\n<p>Pas besoin d&rsquo;\u00eatre un grand \u00e9crivain pour toucher juste. Voici quelques pistes :<\/p>\n\n\n\n<ul class=\"wp-block-list\">\n<li><strong>De la part du partenaire :<\/strong> <em>\u00ab\u00a0Je suis tellement fier de la maman que tu es devenue. Bonne f\u00eate, mon amour.\u00a0\u00bb<\/em><\/li>\n\n\n\n<li><strong>\u00ab\u00a0Sign\u00e9\u00a0\u00bb par b\u00e9b\u00e9 :<\/strong> <em>\u00ab\u00a0Merci de prendre si bien soin de moi. Je t&rsquo;aime d\u00e9j\u00e0 tellement.\u00a0\u00bb<\/em><\/li>\n\n\n\n<li><strong>Inspiration :<\/strong> D\u00e9couvrez plus d&rsquo;id\u00e9es de <a href=\"https:\/\/storage.googleapis.com\/smartphoto-express-production-wp-blogs-com\/9\/2025\/03\/Textes-pour-la-fete-des-Meres.jpg\" target=\"_blank\" rel=\"noreferrer noopener\">textes pour la f\u00eate des m\u00e8res ici<\/a>.<\/li>\n<\/ul>\n\n\n<div class=\"wp-block-image\">\n<figure class=\"aligncenter size-full is-resized\"><img decoding=\"async\" src=\"https:\/\/storage.googleapis.com\/smartphoto-express-production-wp-blogs-com\/9\/2026\/04\/780x538_Chocolat_heart-edited.jpg\" alt=\"\" class=\"wp-image-46460\" style=\"width:685px;height:auto\" \/><\/figure><\/div>\n\n\n<hr class=\"wp-block-separator has-alpha-channel-opacity\" \/>\n\n\n\n<h3 class=\"wp-block-heading\">FAQ <\/h3>\n\n\n\n<ul class=\"wp-block-list\">\n<li><strong>Quand f\u00eater maman en 2026 ?<\/strong> En Belgique, c&rsquo;est le <strong>10 mai<\/strong>. En France, rendez-vous le <strong>31 mai<\/strong>.<\/li>\n\n\n\n<li><strong>Quel budget pr\u00e9voir ?<\/strong> De 11,99 \u20ac (mug) \u00e0 50 \u20ac+ (livre photo premium), il existe une attention pour chaque budget chez smartphoto.<\/li>\n\n\n\n<li><strong>Le cadeau le plus command\u00e9 ?<\/strong> Le livre photo reste le favori pour immortaliser cette ann\u00e9e de changements.<\/li>\n<\/ul>\n\n\n\n<h2 class=\"wp-block-heading\" id=\"idee-4-le-coussin-de-jeune-maman\"><span style=\"font-weight: 400\">\u2665\u2665\u2665<\/span><\/h2>\n\n\n\n<p class=\"has-text-align-center\"><span style=\"font-weight: 400\">Vous voulez g\u00e2ter <em>votre<\/em> maman pour la f\u00eate des m\u00e8res ?<\/span><\/p>\n\n\n\n<div class=\"wp-block-buttons is-content-justification-center is-layout-flex wp-container-core-buttons-is-layout-1 wp-block-buttons-is-layout-flex\">\n<div class=\"wp-block-button\"><a class=\"wp-block-button__link has-vivid-cyan-blue-background-color has-background has-text-align-center wp-element-button\" href=\"https:\/\/www.smartphoto.fr\/cadeau-fete-des-meres?theme=theme.mothersday\"><span style=\"font-weight: 400\">D\u00e9couvrez toutes nos id\u00e9es cadeaux par ici \u2665<\/span><\/a><\/div>\n<\/div>\n\n\n\n<p>Si vo<span style=\"font-weight: 400\">us avez d\u2019autres id\u00e9es de cadeau pour la premi\u00e8re f\u00eate des m\u00e8res, partagez-les avec nous sur\u00a0<strong><a href=\"https:\/\/www.facebook.com\/smartphoto.fr\" target=\"_blank\" rel=\"noopener noreferrer\">Facebook<\/a>,\u00a0<a href=\"http:\/\/instagram.com\/smartphotobe\" target=\"_blank\" rel=\"noopener noreferrer\">Instagram<\/a>\u00a0ou\u00a0<a href=\"http:\/\/www.pinterest.com\/smartphotobe\/\" target=\"_blank\" rel=\"noreferrer noopener\">Pinterest.<\/a><\/strong><\/span><\/p>\n","protected":false},"excerpt":{"rendered":"<p>La premi\u00e8re f\u00eate des M\u00e8res, \u00e7a ne s&rsquo;oublie pas. Trouvez le cadeau id\u00e9al parmi nos id\u00e9es de livres photos, mugs et objets d\u00e9co personnalis\u00e9s.<\/p>\n","protected":false},"author":39,"featured_media":13100,"comment_status":"open","ping_status":"open","sticky":false,"template":"","format":"standard","meta":{"om_disable_all_campaigns":false,"_monsterinsights_skip_tracking":false,"_monsterinsights_sitenote_active":false,"_monsterinsights_sitenote_note":"","_monsterinsights_sitenote_category":0,"footnotes":""},"categories":[1],"tags":[],"class_list":["post-13099","post","type-post","status-publish","format-standard","has-post-thumbnail","hentry","category-smartphoto"],"yoast_head":"<!-- This site is optimized with the Yoast SEO plugin v23.8 - https:\/\/yoast.com\/wordpress\/plugins\/seo\/ -->\n<title>Premi\u00e8re f\u00eate des m\u00e8res : 8 id\u00e9es cadeaux pour surprendre la jeune maman - smartphoto FR<\/title>\n<meta name=\"robots\" content=\"index, follow, max-snippet:-1, max-image-preview:large, max-video-preview:-1\" \/>\n<link rel=\"canonical\" href=\"https:\/\/www.smartphoto.fr\/inspiration\/premiere-fete-des-meres-idee-cadeau\" \/>\n<meta property=\"og:locale\" content=\"fr_FR\" \/>\n<meta property=\"og:type\" content=\"article\" \/>\n<meta property=\"og:title\" content=\"Premi\u00e8re f\u00eate des m\u00e8res : 8 id\u00e9es cadeaux pour surprendre la jeune maman - smartphoto FR\" \/>\n<meta property=\"og:description\" content=\"La premi\u00e8re f\u00eate des M\u00e8res, \u00e7a ne s&#039;oublie pas. Trouvez le cadeau id\u00e9al parmi nos id\u00e9es de livres photos, mugs et objets d\u00e9co personnalis\u00e9s.\" \/>\n<meta property=\"og:url\" content=\"https:\/\/www.smartphoto.fr\/inspiration\/premiere-fete-des-meres-idee-cadeau\" \/>\n<meta property=\"og:site_name\" content=\"smartphoto FR\" \/>\n<meta property=\"article:publisher\" content=\"https:\/\/www.facebook.com\/smartphoto.fr\" \/>\n<meta property=\"article:published_time\" content=\"2026-04-30T15:32:31+00:00\" \/>\n<meta property=\"article:modified_time\" content=\"2026-04-30T16:01:20+00:00\" \/>\n<meta property=\"og:image\" content=\"https:\/\/storage.googleapis.com\/smartphoto-express-production-wp-blogs-com\/10\/2026\/04\/Premiere-fete-des-meres-jeuen-maman.jpg\" \/>\n\t<meta property=\"og:image:width\" content=\"960\" \/>\n\t<meta property=\"og:image:height\" content=\"485\" \/>\n\t<meta property=\"og:image:type\" content=\"image\/jpeg\" \/>\n<meta name=\"author\" content=\"Caroline\" \/>\n<meta name=\"twitter:card\" content=\"summary_large_image\" \/>\n<meta name=\"twitter:creator\" content=\"@smartphoto_fr\" \/>\n<meta name=\"twitter:site\" content=\"@smartphoto_fr\" \/>\n<meta name=\"twitter:label1\" content=\"Written by\" \/>\n\t<meta name=\"twitter:data1\" content=\"Caroline\" \/>\n\t<meta name=\"twitter:label2\" content=\"Est. reading time\" \/>\n\t<meta name=\"twitter:data2\" content=\"7 minutes\" \/>\n<script type=\"application\/ld+json\" class=\"yoast-schema-graph\">{\"@context\":\"https:\/\/schema.org\",\"@graph\":[{\"@type\":\"WebPage\",\"@id\":\"https:\/\/www.smartphoto.fr\/inspiration\/premiere-fete-des-meres-idee-cadeau\",\"url\":\"https:\/\/www.smartphoto.fr\/inspiration\/premiere-fete-des-meres-idee-cadeau\",\"name\":\"Premi\u00e8re f\u00eate des m\u00e8res : 8 id\u00e9es cadeaux pour surprendre la jeune maman - smartphoto FR\",\"isPartOf\":{\"@id\":\"https:\/\/www.smartphoto.fr\/inspiration\/#website\"},\"primaryImageOfPage\":{\"@id\":\"https:\/\/www.smartphoto.fr\/inspiration\/premiere-fete-des-meres-idee-cadeau#primaryimage\"},\"image\":{\"@id\":\"https:\/\/www.smartphoto.fr\/inspiration\/premiere-fete-des-meres-idee-cadeau#primaryimage\"},\"thumbnailUrl\":\"https:\/\/storage.googleapis.com\/smartphoto-express-production-wp-blogs-com\/10\/2026\/04\/Premiere-fete-des-meres-jeuen-maman.jpg\",\"datePublished\":\"2026-04-30T15:32:31+00:00\",\"dateModified\":\"2026-04-30T16:01:20+00:00\",\"author\":{\"@id\":\"https:\/\/www.smartphoto.fr\/inspiration\/#\/schema\/person\/14abe7c86f4bda0d741e3ec66a39733e\"},\"breadcrumb\":{\"@id\":\"https:\/\/www.smartphoto.fr\/inspiration\/premiere-fete-des-meres-idee-cadeau#breadcrumb\"},\"inLanguage\":\"fr-FR\",\"potentialAction\":[{\"@type\":\"ReadAction\",\"target\":[\"https:\/\/www.smartphoto.fr\/inspiration\/premiere-fete-des-meres-idee-cadeau\"]}]},{\"@type\":\"ImageObject\",\"inLanguage\":\"fr-FR\",\"@id\":\"https:\/\/www.smartphoto.fr\/inspiration\/premiere-fete-des-meres-idee-cadeau#primaryimage\",\"url\":\"https:\/\/storage.googleapis.com\/smartphoto-express-production-wp-blogs-com\/10\/2026\/04\/Premiere-fete-des-meres-jeuen-maman.jpg\",\"contentUrl\":\"https:\/\/storage.googleapis.com\/smartphoto-express-production-wp-blogs-com\/10\/2026\/04\/Premiere-fete-des-meres-jeuen-maman.jpg\",\"width\":960,\"height\":485},{\"@type\":\"BreadcrumbList\",\"@id\":\"https:\/\/www.smartphoto.fr\/inspiration\/premiere-fete-des-meres-idee-cadeau#breadcrumb\",\"itemListElement\":[{\"@type\":\"ListItem\",\"position\":1,\"name\":\"Home\",\"item\":\"https:\/\/www.smartphoto.fr\/inspiration\/\"},{\"@type\":\"ListItem\",\"position\":2,\"name\":\"Premi\u00e8re f\u00eate des m\u00e8res : 8 id\u00e9es cadeaux pour surprendre la jeune maman\"}]},{\"@type\":\"WebSite\",\"@id\":\"https:\/\/www.smartphoto.fr\/inspiration\/#website\",\"url\":\"https:\/\/www.smartphoto.fr\/inspiration\/\",\"name\":\"smartphoto FR\",\"description\":\"Le blog de smartphoto France.\",\"potentialAction\":[{\"@type\":\"SearchAction\",\"target\":{\"@type\":\"EntryPoint\",\"urlTemplate\":\"https:\/\/www.smartphoto.fr\/inspiration\/?s={search_term_string}\"},\"query-input\":{\"@type\":\"PropertyValueSpecification\",\"valueRequired\":true,\"valueName\":\"search_term_string\"}}],\"inLanguage\":\"fr-FR\"},{\"@type\":\"Person\",\"@id\":\"https:\/\/www.smartphoto.fr\/inspiration\/#\/schema\/person\/14abe7c86f4bda0d741e3ec66a39733e\",\"name\":\"Caroline\",\"image\":{\"@type\":\"ImageObject\",\"inLanguage\":\"fr-FR\",\"@id\":\"https:\/\/www.smartphoto.fr\/inspiration\/#\/schema\/person\/image\/\",\"url\":\"https:\/\/secure.gravatar.com\/avatar\/3bf4c2775ae12d0bb3bb504b56a0508c?s=96&d=mm&r=g\",\"contentUrl\":\"https:\/\/secure.gravatar.com\/avatar\/3bf4c2775ae12d0bb3bb504b56a0508c?s=96&d=mm&r=g\",\"caption\":\"Caroline\"},\"description\":\"Des id\u00e9es cr\u00e9atives pour vous inspirer, des sujets qui vous aident vraiment dans votre quotidien, voil\u00e0 ce que j'esp\u00e8re partager avec vous via ce blog. Quand je ne blogue pas pour smartphoto, je profites de bons moments en famille avec mon ch\u00e9ri et mes enfants, ou j'\u00e9tudie et je pratique le yoga.\",\"sameAs\":[\"http:\/\/www.smartphoto.fr\/inspiration\",\"https:\/\/www.instagram.com\/smartphoto_fr\/\"],\"url\":\"https:\/\/www.smartphoto.fr\/inspiration\/author\/caroline\"}]}<\/script>\n<!-- \/ Yoast SEO plugin. -->","yoast_head_json":{"title":"Premi\u00e8re f\u00eate des m\u00e8res : 8 id\u00e9es cadeaux pour surprendre la jeune maman - smartphoto FR","robots":{"index":"index","follow":"follow","max-snippet":"max-snippet:-1","max-image-preview":"max-image-preview:large","max-video-preview":"max-video-preview:-1"},"canonical":"https:\/\/www.smartphoto.fr\/inspiration\/premiere-fete-des-meres-idee-cadeau","og_locale":"fr_FR","og_type":"article","og_title":"Premi\u00e8re f\u00eate des m\u00e8res : 8 id\u00e9es cadeaux pour surprendre la jeune maman - smartphoto FR","og_description":"La premi\u00e8re f\u00eate des M\u00e8res, \u00e7a ne s'oublie pas. Trouvez le cadeau id\u00e9al parmi nos id\u00e9es de livres photos, mugs et objets d\u00e9co personnalis\u00e9s.","og_url":"https:\/\/www.smartphoto.fr\/inspiration\/premiere-fete-des-meres-idee-cadeau","og_site_name":"smartphoto FR","article_publisher":"https:\/\/www.facebook.com\/smartphoto.fr","article_published_time":"2026-04-30T15:32:31+00:00","article_modified_time":"2026-04-30T16:01:20+00:00","og_image":[{"width":960,"height":485,"url":"https:\/\/storage.googleapis.com\/smartphoto-express-production-wp-blogs-com\/10\/2026\/04\/Premiere-fete-des-meres-jeuen-maman.jpg","type":"image\/jpeg"}],"author":"Caroline","twitter_card":"summary_large_image","twitter_creator":"@smartphoto_fr","twitter_site":"@smartphoto_fr","twitter_misc":{"Written by":"Caroline","Est. reading time":"7 minutes"},"schema":{"@context":"https:\/\/schema.org","@graph":[{"@type":"WebPage","@id":"https:\/\/www.smartphoto.fr\/inspiration\/premiere-fete-des-meres-idee-cadeau","url":"https:\/\/www.smartphoto.fr\/inspiration\/premiere-fete-des-meres-idee-cadeau","name":"Premi\u00e8re f\u00eate des m\u00e8res : 8 id\u00e9es cadeaux pour surprendre la jeune maman - smartphoto FR","isPartOf":{"@id":"https:\/\/www.smartphoto.fr\/inspiration\/#website"},"primaryImageOfPage":{"@id":"https:\/\/www.smartphoto.fr\/inspiration\/premiere-fete-des-meres-idee-cadeau#primaryimage"},"image":{"@id":"https:\/\/www.smartphoto.fr\/inspiration\/premiere-fete-des-meres-idee-cadeau#primaryimage"},"thumbnailUrl":"https:\/\/storage.googleapis.com\/smartphoto-express-production-wp-blogs-com\/10\/2026\/04\/Premiere-fete-des-meres-jeuen-maman.jpg","datePublished":"2026-04-30T15:32:31+00:00","dateModified":"2026-04-30T16:01:20+00:00","author":{"@id":"https:\/\/www.smartphoto.fr\/inspiration\/#\/schema\/person\/14abe7c86f4bda0d741e3ec66a39733e"},"breadcrumb":{"@id":"https:\/\/www.smartphoto.fr\/inspiration\/premiere-fete-des-meres-idee-cadeau#breadcrumb"},"inLanguage":"fr-FR","potentialAction":[{"@type":"ReadAction","target":["https:\/\/www.smartphoto.fr\/inspiration\/premiere-fete-des-meres-idee-cadeau"]}]},{"@type":"ImageObject","inLanguage":"fr-FR","@id":"https:\/\/www.smartphoto.fr\/inspiration\/premiere-fete-des-meres-idee-cadeau#primaryimage","url":"https:\/\/storage.googleapis.com\/smartphoto-express-production-wp-blogs-com\/10\/2026\/04\/Premiere-fete-des-meres-jeuen-maman.jpg","contentUrl":"https:\/\/storage.googleapis.com\/smartphoto-express-production-wp-blogs-com\/10\/2026\/04\/Premiere-fete-des-meres-jeuen-maman.jpg","width":960,"height":485},{"@type":"BreadcrumbList","@id":"https:\/\/www.smartphoto.fr\/inspiration\/premiere-fete-des-meres-idee-cadeau#breadcrumb","itemListElement":[{"@type":"ListItem","position":1,"name":"Home","item":"https:\/\/www.smartphoto.fr\/inspiration\/"},{"@type":"ListItem","position":2,"name":"Premi\u00e8re f\u00eate des m\u00e8res : 8 id\u00e9es cadeaux pour surprendre la jeune maman"}]},{"@type":"WebSite","@id":"https:\/\/www.smartphoto.fr\/inspiration\/#website","url":"https:\/\/www.smartphoto.fr\/inspiration\/","name":"smartphoto FR","description":"Le blog de smartphoto France.","potentialAction":[{"@type":"SearchAction","target":{"@type":"EntryPoint","urlTemplate":"https:\/\/www.smartphoto.fr\/inspiration\/?s={search_term_string}"},"query-input":{"@type":"PropertyValueSpecification","valueRequired":true,"valueName":"search_term_string"}}],"inLanguage":"fr-FR"},{"@type":"Person","@id":"https:\/\/www.smartphoto.fr\/inspiration\/#\/schema\/person\/14abe7c86f4bda0d741e3ec66a39733e","name":"Caroline","image":{"@type":"ImageObject","inLanguage":"fr-FR","@id":"https:\/\/www.smartphoto.fr\/inspiration\/#\/schema\/person\/image\/","url":"https:\/\/secure.gravatar.com\/avatar\/3bf4c2775ae12d0bb3bb504b56a0508c?s=96&d=mm&r=g","contentUrl":"https:\/\/secure.gravatar.com\/avatar\/3bf4c2775ae12d0bb3bb504b56a0508c?s=96&d=mm&r=g","caption":"Caroline"},"description":"Des id\u00e9es cr\u00e9atives pour vous inspirer, des sujets qui vous aident vraiment dans votre quotidien, voil\u00e0 ce que j'esp\u00e8re partager avec vous via ce blog. Quand je ne blogue pas pour smartphoto, je profites de bons moments en famille avec mon ch\u00e9ri et mes enfants, ou j'\u00e9tudie et je pratique le yoga.","sameAs":["http:\/\/www.smartphoto.fr\/inspiration","https:\/\/www.instagram.com\/smartphoto_fr\/"],"url":"https:\/\/www.smartphoto.fr\/inspiration\/author\/caroline"}]}},"_links":{"self":[{"href":"https:\/\/www.smartphoto.fr\/inspiration\/wp-json\/wp\/v2\/posts\/13099","targetHints":{"allow":["GET"]}}],"collection":[{"href":"https:\/\/www.smartphoto.fr\/inspiration\/wp-json\/wp\/v2\/posts"}],"about":[{"href":"https:\/\/www.smartphoto.fr\/inspiration\/wp-json\/wp\/v2\/types\/post"}],"author":[{"embeddable":true,"href":"https:\/\/www.smartphoto.fr\/inspiration\/wp-json\/wp\/v2\/users\/39"}],"replies":[{"embeddable":true,"href":"https:\/\/www.smartphoto.fr\/inspiration\/wp-json\/wp\/v2\/comments?post=13099"}],"version-history":[{"count":2,"href":"https:\/\/www.smartphoto.fr\/inspiration\/wp-json\/wp\/v2\/posts\/13099\/revisions"}],"predecessor-version":[{"id":13110,"href":"https:\/\/www.smartphoto.fr\/inspiration\/wp-json\/wp\/v2\/posts\/13099\/revisions\/13110"}],"wp:featuredmedia":[{"embeddable":true,"href":"https:\/\/www.smartphoto.fr\/inspiration\/wp-json\/wp\/v2\/media\/13100"}],"wp:attachment":[{"href":"https:\/\/www.smartphoto.fr\/inspiration\/wp-json\/wp\/v2\/media?parent=13099"}],"wp:term":[{"taxonomy":"category","embeddable":true,"href":"https:\/\/www.smartphoto.fr\/inspiration\/wp-json\/wp\/v2\/categories?post=13099"},{"taxonomy":"post_tag","embeddable":true,"href":"https:\/\/www.smartphoto.fr\/inspiration\/wp-json\/wp\/v2\/tags?post=13099"}],"curies":[{"name":"wp","href":"https:\/\/api.w.org\/{rel}","templated":true}]}}