{"id":12308,"date":"2025-04-28T20:44:26","date_gmt":"2025-04-28T18:44:26","guid":{"rendered":"https:\/\/www.smartphoto.fr\/inspiration\/?p=12308"},"modified":"2025-08-21T15:57:34","modified_gmt":"2025-08-21T13:57:34","slug":"activites-pour-la-fete-des-meres","status":"publish","type":"post","link":"https:\/\/www.smartphoto.fr\/inspiration\/activites-pour-la-fete-des-meres","title":{"rendered":"Les meilleures activit\u00e9s pour la f\u00eate des M\u00e8res 2025"},"content":{"rendered":"\n<p>Il y a un jour par an o\u00f9 l\u2019on peut officiellement couvrir sa maman (ou la maman de ses enfants) de cadeaux, de compliments et de gourmandises en tout genre. La f\u00eate des M\u00e8res est l\u2019occasion id\u00e9ale de lui montrer \u00e0 quel point vous l\u2019appr\u00e9ciez \u2014 pour tous les sandwiches qu\u2019elle a pr\u00e9par\u00e9s, les genoux qu\u2019elle a soign\u00e9s, et les drames qu\u2019elle a g\u00e9r\u00e9s. Et pour ce faire, les activit\u00e9s ont de plus en plus la cote. Plut\u00f4t que de lui offrir simplement un cadeau et passer \u00e0 autre chose, profitez d&rsquo;un vrai moment avec elle, voire en famille, et cr\u00e9ez de nouveaux souvenirs avec cette femme si importante dans votre vie !<\/p>\n\n\n\n<figure class=\"wp-block-image size-full\"><img loading=\"lazy\" decoding=\"async\" width=\"1024\" height=\"512\" src=\"https:\/\/storage.googleapis.com\/smartphoto-express-production-wp-blogs-com\/10\/2025\/04\/Idees-Activites-pour-la-fete-des-Meres-France.jpg\" alt=\"\" class=\"wp-image-12310\" srcset=\"https:\/\/storage.googleapis.com\/smartphoto-express-production-wp-blogs-com\/10\/2025\/04\/Idees-Activites-pour-la-fete-des-Meres-France.jpg 1024w, https:\/\/storage.googleapis.com\/smartphoto-express-production-wp-blogs-com\/10\/2025\/04\/Idees-Activites-pour-la-fete-des-Meres-France-300x150.jpg 300w, https:\/\/storage.googleapis.com\/smartphoto-express-production-wp-blogs-com\/10\/2025\/04\/Idees-Activites-pour-la-fete-des-Meres-France-768x384.jpg 768w\" sizes=\"auto, (max-width: 1024px) 100vw, 1024px\" \/><\/figure>\n\n\n\n<h2 class=\"wp-block-heading\">Activit\u00e9s en France pour la f\u00eate des M\u00e8res<\/h2>\n\n\n\n<p>Que vous soyez un organisateur chevronn\u00e9 de surprises de f\u00eate des M\u00e8res, ou que vous recherchiez une inspiration de derni\u00e8re minute, nous avons de belles id\u00e9es d&rsquo;<strong>activit\u00e9s f\u00eate des M\u00e8res<\/strong> et surprises en r\u00e9serve pour vous. Des sorties ludiques pr\u00e8s de chez vous, des bricolages DIY ou des cadeaux personnalis\u00e9s originaux : vous trouverez ici tout ce qu&rsquo;il vous faut pour rendre cette f\u00eate inoubliable, et il y en a pour toutes les bourses.<\/p>\n\n\n\n<ul class=\"wp-block-list\">\n<li>\u00c9vasion nature : randonn\u00e9e, v\u00e9lo ou pique-nique \ud83c\udf38<\/li>\n\n\n\n<li>Brunch ou go\u00fbter de la f\u00eate des M\u00e8res dans un lieu unique \ud83c\udf73<\/li>\n\n\n\n<li>Ateliers cr\u00e9atifs : bricoler ensemble sans le stress du rangement \ud83c\udfa8<\/li>\n\n\n\n<li>Bien-\u00eatre et cocooning : place \u00e0 la d\u00e9tente \ud83e\uddd6\u200d\u2640\ufe0f<\/li>\n\n\n\n<li>Shopping et fl\u00e2nerie sur les march\u00e9s de la f\u00eate des M\u00e8res \ud83d\udecd\ufe0f<\/li>\n\n\n\n<li>Rendez-vous culturel avec maman : th\u00e9\u00e2tre, cin\u00e9ma ou mus\u00e9e \ud83c\udfad<\/li>\n<\/ul>\n\n\n\n<p>Psst: Partagez vos id\u00e9es d&rsquo;activit\u00e9s et \u00e9v\u00e8nements dans les commentaires si vous en avez d&rsquo;autres \u00e0 recommander ! Et si vous \u00eates en Belgique, consultez <a href=\"https:\/\/www.smartphoto.be\/inspiration\/activites-pour-la-fete-des-meres\">notre blog belge<\/a>.<\/p>\n\n\n\n<figure class=\"wp-block-image size-full\"><img loading=\"lazy\" decoding=\"async\" width=\"1024\" height=\"512\" src=\"https:\/\/storage.googleapis.com\/smartphoto-express-production-wp-blogs-com\/10\/2025\/04\/Activite-fete-des-Meres-idees.jpg\" alt=\"\" class=\"wp-image-12311\" srcset=\"https:\/\/storage.googleapis.com\/smartphoto-express-production-wp-blogs-com\/10\/2025\/04\/Activite-fete-des-Meres-idees.jpg 1024w, https:\/\/storage.googleapis.com\/smartphoto-express-production-wp-blogs-com\/10\/2025\/04\/Activite-fete-des-Meres-idees-300x150.jpg 300w, https:\/\/storage.googleapis.com\/smartphoto-express-production-wp-blogs-com\/10\/2025\/04\/Activite-fete-des-Meres-idees-768x384.jpg 768w\" sizes=\"auto, (max-width: 1024px) 100vw, 1024px\" \/><\/figure>\n\n\n\n<div style=\"height:13px\" aria-hidden=\"true\" class=\"wp-block-spacer\"><\/div>\n\n\n\n<h3 class=\"wp-block-heading\"><strong>1. \u00c9vasion nature : randonn\u00e9e, v\u00e9lo ou pique-nique \ud83c\udf38<\/strong><\/h3>\n\n\n\n<h4 class=\"wp-block-heading\">D\u00e9couvrez ou red\u00e9couvrez les merveilles naturelles de la France <\/h4>\n\n\n\n<p>Les for\u00eats de Fontainebleau, la C\u00f4te d\u2019Azur \u00e0 v\u00e9lo, les sentiers du Pays Basque&#8230; Rien de plus relaxant qu&rsquo;une balade au grand air avec sa maman. Apportez un panier garni de douceurs et un thermos de th\u00e9 (ou une bouteille de cr\u00e9mant) pour un moment parfait.<\/p>\n\n\n\n<p>Quelques id\u00e9es pour vous aider :<\/p>\n\n\n\n<ul class=\"wp-block-list\">\n<li><strong>Visorando<\/strong> : trouvez des id\u00e9es de randonn\u00e9es partout en France<\/li>\n\n\n\n<li><strong>Komoot<\/strong> : des itin\u00e9raires v\u00e9lo et randonn\u00e9e sur-mesure<\/li>\n\n\n\n<li><strong>Randozzy<\/strong> : randonn\u00e9es pr\u00e8s de Paris accessibles en train<\/li>\n\n\n\n<li>Consultez aussi le site de votre r\u00e9gion pour d\u00e9couvrir les parcours locaux.<\/li>\n<\/ul>\n\n\n\n<figure class=\"wp-block-image size-full\"><img decoding=\"async\" src=\"https:\/\/storage.googleapis.com\/smartphoto-express-production-wp-blogs-com\/10\/2025\/04\/Activite-de-fete-des-Meres-randonnee-et-pic-nic-edited.jpg\" alt=\"\" class=\"wp-image-12322\" \/><\/figure>\n\n\n\n<div style=\"height:13px\" aria-hidden=\"true\" class=\"wp-block-spacer\"><\/div>\n\n\n\n<h3 class=\"wp-block-heading\"><strong>2. Brunch ou go\u00fbter de la f\u00eate des M\u00e8res dans un lieu unique \ud83c\udf73<\/strong><\/h3>\n\n\n\n<p><strong>Brunch \u00e0 la ferme ou d\u00eener au ch\u00e2teau<\/strong><br>Cr\u00e9ez un moment de pure magie pour votre maman! Selon ses go\u00fbts:<\/p>\n\n\n\n<ul class=\"wp-block-list\">\n<li>Brunch dans un <strong>ch\u00e2teau-h\u00f4tel<\/strong> comme le Ch\u00e2teau de Berne (Provence)<\/li>\n\n\n\n<li>D\u00eener gastronomique \u00e0 <strong>La Table du Conn\u00e9table<\/strong> (Chantilly)<\/li>\n\n\n\n<li>Brunch champ\u00eatre \u00e0 la <strong>Ferme de Gally<\/strong> pr\u00e8s de Versailles, qui propose une <a href=\"https:\/\/www.lesfermesdegally.com\/evenements\/gatons-les-mamans\">formule sp\u00e9ciale f\u00eate des M\u00e8res<\/a><\/li>\n\n\n\n<li>Un s\u00e9jour \u00ab\u00a0bien-\u00eatre et gastronomie\u00a0\u00bb <a href=\"https:\/\/www.chateau-pizay.com\/fr\/offre-chambre-plus-petit-dejeuner-plus-2h-de-spa.html\">au <strong>Ch\u00e2teau de Pizay<\/strong><\/a> (Beaujolais)<\/li>\n\n\n\n<li>Certains h\u00f4tels comme <strong>Les Sources de Caudalie<\/strong> pr\u00e8s de Bordeaux organisent un brunch sp\u00e9cial f\u00eate des M\u00e8res. <a href=\"https:\/\/www.facebook.com\/LesSourcesDeCaudalie?locale=fr_FR\">Suivez leur page Facebook<\/a> pour en savoir plus.<\/li>\n<\/ul>\n\n\n\n<p>Qui peut r\u00e9sister \u00e0 un croissant dor\u00e9 sous les poutres d\u2019un ch\u00e2teau ancien ? \u2728<\/p>\n\n\n\n<figure class=\"wp-block-image size-full\"><img loading=\"lazy\" decoding=\"async\" width=\"1024\" height=\"512\" src=\"https:\/\/storage.googleapis.com\/smartphoto-express-production-wp-blogs-com\/10\/2025\/04\/Activite-pour-la-fete-des-meres-brunch.jpg\" alt=\"\" class=\"wp-image-12313\" srcset=\"https:\/\/storage.googleapis.com\/smartphoto-express-production-wp-blogs-com\/10\/2025\/04\/Activite-pour-la-fete-des-meres-brunch.jpg 1024w, https:\/\/storage.googleapis.com\/smartphoto-express-production-wp-blogs-com\/10\/2025\/04\/Activite-pour-la-fete-des-meres-brunch-300x150.jpg 300w, https:\/\/storage.googleapis.com\/smartphoto-express-production-wp-blogs-com\/10\/2025\/04\/Activite-pour-la-fete-des-meres-brunch-768x384.jpg 768w\" sizes=\"auto, (max-width: 1024px) 100vw, 1024px\" \/><\/figure>\n\n\n\n<div style=\"height:13px\" aria-hidden=\"true\" class=\"wp-block-spacer\"><\/div>\n\n\n\n<h3 class=\"wp-block-heading\"><strong>3. Ateliers cr\u00e9atifs : bricoler ensemble sans le stress du rangement \ud83c\udfa8<\/strong><\/h3>\n\n\n\n<p><strong>Atelier de composition florale, de c\u00e9ramique, de fabrication de savon ou encore de parfumerie<\/strong><br>Diff\u00e9rents ateliers d&rsquo;artisans pr\u00e9voient des ateliers pour la f\u00eate des M\u00e8res. Vous r\u00e9aliserez quelque chose de beau, apprendrez quelque chose de nouveau et repartirez chez vous avec votre propre cr\u00e9ation. Parfait si votre maman aime cr\u00e9er de ses mains.<\/p>\n\n\n\n<ul class=\"wp-block-list\">\n<li>Atelier de c\u00e9ramique \u00e0 <strong>Paris<\/strong> <a href=\"https:\/\/wecandoo.fr\/\">avec <strong>Wecandoo<\/strong><\/a><\/li>\n\n\n\n<li>Atelier cosm\u00e9tiques naturelles \u00e0 <strong>Lyon <\/strong>avec <a href=\"https:\/\/www.lavandeetcamomille.com\/blank\">Lavande et camomille<\/a><\/li>\n\n\n\n<li>Fabrication de bougies artisanales \u00e0 <strong>Marseille<\/strong> avec <a href=\"https:\/\/lafabriquedemahe.com\/categorie-produit\/atelier-bougie-marseille\/\">l&rsquo;Atelier de Mah\u00eb<\/a><\/li>\n\n\n\n<li>Cr\u00e9ation de parfum \u00e0 <strong>Grasse<\/strong> (ville du parfum par excellence !), Cannes, Nice ou Paris chez <a href=\"https:\/\/molinard.com\/pages\/ateliers-de-creation?srsltid=AfmBOopGzgQmNH7ebVRiZT25BcZZvGCpMENGYjvmKHxTcRO5tirjOKaC\"><strong>Molinar<\/strong><\/a>.<\/li>\n<\/ul>\n\n\n\n<p>Pour encore plus d&rsquo;id\u00e9es, trouvez un artisan pr\u00e8s de chez vous gr\u00e2ce au <a href=\"https:\/\/ateliersdart.com\/repertoire-des-ateliers\/\">r\u00e9pertoire des ateliers d&rsquo;art<\/a>.<\/p>\n\n\n\n<h3 class=\"wp-block-heading\"><strong>4. Bien-\u00eatre et cocooning : place \u00e0&nbsp;<em>la d\u00e9tente<\/em>&nbsp;\ud83e\uddd6\u200d\u2640\ufe0f<\/strong><\/h3>\n\n\n\n<p><strong>Thermes, spas priv\u00e9s ou spa \u00e0 la maison<br><\/strong>La vie stressante de maman peut d\u00e9finitivement \u00eatre mise entre parenth\u00e8ses pour la f\u00eate des M\u00e8res.<\/p>\n\n\n\n<ul class=\"wp-block-list\">\n<li><strong>Version maison <\/strong>: <strong>organisez une journ\u00e9e spa DIY :<\/strong> masques pour le visage, bain de pieds, vernis \u00e0 ongles, tapas savoureuses et un verre de prosecco. Non seulement c&rsquo;est super confortable, moins co\u00fbteux (quoique ;-)), mais c&rsquo;est aussi deux fois plus amusant de pouvoir utiliser les d\u00e9licieuses trempettes au yaourt comme masque pour le visage.<\/li>\n\n\n\n<li>D\u00e9tente aux <a href=\"https:\/\/nuxe-spa.com\/nos-spas-nuxe?srsltid=AfmBOorJYbeFH3tDvZijeyOy89HQpBB87kUKdwBjNjNOYgycmp88kxbI\"><strong>Thermes de Spa Nuxe<\/strong> \u00e0 Paris<\/a>, aux <strong>Thermes \u00ab\u00a0<a href=\"https:\/\/saint-antoine-hotel.fr\/offres-speciales\/fete-des-meres\/\">Le Saint-Antoine<\/a>\u00a0\u00bb \u00e0 Rennes<\/strong>, ou au magnifique <strong><a href=\"https:\/\/centrethermal.laroche-posay.fr\/\">Spa Source de la Roche-Posay<\/a><\/strong>, sp\u00e9cilais\u00e9e en soins dermatologiques.<\/li>\n\n\n\n<li>Journ\u00e9e d\u00e9tente aux <strong><a href=\"https:\/\/www.bainsdumarais.fr\/\">Bains du Marais<\/a><\/strong> \u00e0 Paris ou au <a href=\"https:\/\/www.valvital.fr\/\"><strong>Spa Valvital<\/strong> <\/a>en Savoie<\/li>\n<\/ul>\n\n\n\n<figure class=\"wp-block-image size-full\"><img loading=\"lazy\" decoding=\"async\" width=\"999\" height=\"528\" src=\"https:\/\/storage.googleapis.com\/smartphoto-express-production-wp-blogs-com\/10\/2025\/04\/Spa-mere-fille-pour-la-fete-des-meres.jpg\" alt=\"\" class=\"wp-image-12325\" srcset=\"https:\/\/storage.googleapis.com\/smartphoto-express-production-wp-blogs-com\/10\/2025\/04\/Spa-mere-fille-pour-la-fete-des-meres.jpg 999w, https:\/\/storage.googleapis.com\/smartphoto-express-production-wp-blogs-com\/10\/2025\/04\/Spa-mere-fille-pour-la-fete-des-meres-300x159.jpg 300w, https:\/\/storage.googleapis.com\/smartphoto-express-production-wp-blogs-com\/10\/2025\/04\/Spa-mere-fille-pour-la-fete-des-meres-768x406.jpg 768w\" sizes=\"auto, (max-width: 999px) 100vw, 999px\" \/><\/figure>\n\n\n\n<div style=\"height:13px\" aria-hidden=\"true\" class=\"wp-block-spacer\"><\/div>\n\n\n\n<h3 class=\"wp-block-heading\"><strong>5. Shopping et fl\u00e2nerie sur les march\u00e9s de la f\u00eate des M\u00e8res \ud83d\udecd\ufe0f<\/strong><\/h3>\n\n\n\n<p><strong>Brocantes et march\u00e9s artisanaux<\/strong><br>La f\u00eate des M\u00e8res tombe un dimanche et cela co\u00efncide souvent avec des brocantes ou \u00e9v\u00e8nements locaux  chaleureux, avec des stands remplis de bijoux faits main, de bougies, d&rsquo;art et de friandises. <\/p>\n\n\n\n<ul class=\"wp-block-list\">\n<li>March\u00e9 de f\u00eate des M\u00e8res des cr\u00e9teurs<a href=\"https:\/\/www.eventbrite.fr\/e\/marche-special-fete-des-meres-paris-14e-cadeaux-uniques-tickets-1311541799829\"> dans le 14\u00e8me<\/a><\/li>\n\n\n\n<li>Le <a href=\"https:\/\/www.versailles.fr\/929-4280\/economie-et-commerces\/commerces-et-marches\/agenda\/fiche\/le-versailles-des-createurs-edition-fete-des-meres.htm\">march\u00e9 des cr\u00e9ateurs de Versailles<\/a> \u00e9dition sp\u00e9ciale f\u00eate des M\u00e8res<\/li>\n\n\n\n<li>Le <a href=\"https:\/\/www.mezieres78.fr\/agenda\/marche-nocturne-fete-des-meres\/\">march\u00e9 nocturne de M\u00e9zi\u00e8res<\/a> sp\u00e9cial f\u00eate des M\u00e8res<\/li>\n\n\n\n<li>March\u00e9 de f\u00eate des M\u00e8res <a href=\"https:\/\/www.ville-ambert.fr\/agenda\/268274-marche-de-la-fete-des-meres-arnica\/\">\u00e0 Ambert<\/a> (Arnica)<\/li>\n\n\n\n<li>Le march\u00e9 des producteurs sp\u00e9cial f\u00eate des M\u00e8res \u00e0 <a href=\"https:\/\/www.forges-les-bains.fr\/agenda\/marche-de-producteurs-et-createurs\/\">Forges-les-Bains<\/a><\/li>\n<\/ul>\n\n\n\n<p>Suivez \u00e9galement les pages Facebook ou Instagram de votre mairie, ou consultez des sites comme <strong>Vide-Greniers.org<\/strong> ou <strong>MyBrocante<\/strong> pour ne rien manquer.<\/p>\n\n\n\n<figure class=\"wp-block-image size-full\"><img loading=\"lazy\" decoding=\"async\" width=\"1000\" height=\"557\" src=\"https:\/\/storage.googleapis.com\/smartphoto-express-production-wp-blogs-com\/10\/2025\/04\/Brocante-marche-fete-des-Meres.jpg\" alt=\"\" class=\"wp-image-12326\" srcset=\"https:\/\/storage.googleapis.com\/smartphoto-express-production-wp-blogs-com\/10\/2025\/04\/Brocante-marche-fete-des-Meres.jpg 1000w, https:\/\/storage.googleapis.com\/smartphoto-express-production-wp-blogs-com\/10\/2025\/04\/Brocante-marche-fete-des-Meres-300x167.jpg 300w, https:\/\/storage.googleapis.com\/smartphoto-express-production-wp-blogs-com\/10\/2025\/04\/Brocante-marche-fete-des-Meres-768x428.jpg 768w\" sizes=\"auto, (max-width: 1000px) 100vw, 1000px\" \/><\/figure>\n\n\n\n<div style=\"height:13px\" aria-hidden=\"true\" class=\"wp-block-spacer\"><\/div>\n\n\n\n<h3 class=\"wp-block-heading\"><strong>6. Rendez-vous culturel avec maman : th\u00e9\u00e2tre, cin\u00e9ma ou mus\u00e9e \ud83c\udfad<\/strong><\/h3>\n\n\n\n<p>Offrez-lui une exp\u00e9rience culturelle :<\/p>\n\n\n\n<ul class=\"wp-block-list\">\n<li>Th\u00e9\u00e2tre : \n<ul class=\"wp-block-list\">\n<li>com\u00e9dies au <strong>Th\u00e9\u00e2tre de Paris<\/strong>, <\/li>\n\n\n\n<li>stand-up au <strong>Point Virgule<\/strong> \u00e0 Paris <\/li>\n\n\n\n<li>concerts au <strong>Radiant-Bellevue<\/strong> \u00e0 Lyon<\/li>\n<\/ul>\n<\/li>\n\n\n\n<li>Mus\u00e9e:\n<ul class=\"wp-block-list\">\n<li>Invitez-la \u00e0 visiter un mus\u00e9e unique selon ses go\u00fbts, \u00e0 d\u00e9couvrir sur <a href=\"https:\/\/www.culture.gouv.fr\/thematiques\/musees\/Les-musees-en-France\/les-musees-de-france\/museofile-le-repertoire-des-musees-de-france\">Les Mus\u00e9es de France<\/a>. Par exemple:\n<ul class=\"wp-block-list\">\n<li><strong>Mus\u00e9e Yves Saint Laurent<\/strong> \u00e0 Paris<\/li>\n\n\n\n<li><strong>Mus\u00e9e des Beaux-Arts<\/strong> \u00e0 Lille<\/li>\n\n\n\n<li><strong>MUCEM<\/strong> \u00e0 Marseille<\/li>\n<\/ul>\n<\/li>\n\n\n\n<li>Offrez-lui un <strong><a href=\"https:\/\/www.museumspass.com\/fr\">Pass Mus\u00e9es<\/a><\/strong> dont elle pourra profiter toute l&rsquo;ann\u00e9e. Il est valable dans 360 mus\u00e9es, ch\u00e2teaux et jardins en France, en Allemagne et en Suisse, et lui donnera acc\u00e8s \u00e0 plus de 1000 expositions temporaires. Faites-vous le m\u00eame cadeau et vous aurez autant de raisons de passer du temps avec elle cette ann\u00e9e. Si vous voulez vraiment la g\u00e2ter, pr\u00e9voyez d&rsquo;aller d\u00e9guster une part de g\u00e2teau dans le caf\u00e9 du mus\u00e9e ou dans un chouette caf\u00e9 \u00e0 proximit\u00e9. De nombreux mus\u00e9es sont ouverts le dimanche et valent largement le d\u00e9tour !<\/li>\n<\/ul>\n<\/li>\n<\/ul>\n\n\n\n<figure class=\"wp-block-image size-full\"><img decoding=\"async\" src=\"https:\/\/storage.googleapis.com\/smartphoto-express-production-wp-blogs-com\/10\/2025\/04\/Activite-fete-des-meres-maman-au-musee-edited.jpg\" alt=\"\" class=\"wp-image-12328\" \/><\/figure>\n\n\n\n<p><strong>Une exp\u00e9rience avec ses enfants ch\u00e9ris<\/strong><\/p>\n\n\n\n<p>Quand les enfants grandissent, on a parfois moins de temps pour s&rsquo;amuser en famille.<\/p>\n\n\n\n<ul class=\"wp-block-list\">\n<li>On vous recommande l&rsquo;exp\u00e9rience <a href=\"https:\/\/sensas-experience.com\/fr\/\">SENSAS <\/a>(pr\u00e9sent dans 36 villes) qui porte sur les 5 sens avec en bonus une sensibilitation aux handicaps. Une exp\u00e9rience en famille que Maman appr\u00e9ciera surement. Vous pouvez m\u00eame faire deux \u00e9quipes, par exemple avec sa meilleure copine et ses enfants.<\/li>\n\n\n\n<li>Pour les mamans les plus aventureuses, un <strong>escape game<\/strong> ou <strong>jeu en r\u00e9alit\u00e9 virtuelle <\/strong>peuvent lui offrir le plein de sensations fortes en famille, par exemple chez <strong><a href=\"https:\/\/hinthunt.fr\/#\/catalog\/142589f1-fbd5-4632-bdbd-e5799efb19b7\">HintHunt Paris<\/a><\/strong> ou <strong>Prizoners Lyon<\/strong>. Une exp\u00e9rience dont elle se souviendra !<\/li>\n<\/ul>\n\n\n\n<h2 class=\"wp-block-heading\"><strong>Faites briller votre amour pour elle \u2728<\/strong><\/h2>\n\n\n\n<p>La chose la plus importante dans toutes ces activit\u00e9s ? Laissez maman choisir \u2014 ou mieux encore, organisez-le en secret et surprenez-la. Cela peut \u00eatre petit, cela peut \u00eatre exub\u00e9rant, \u00e0 condition que cela soit fait avec amour.<\/p>\n\n\n\n<p>Et n&rsquo;oubliez pas : la f\u00eate des M\u00e8res n&rsquo;est pas une question de plan parfait, mais de se sentir vraiment appr\u00e9ci\u00e9. Que ce soit dans un spa, lors d&rsquo;une promenade ou avec un g\u00e2teau sur les genoux dans le canap\u00e9.<\/p>\n\n\n\n<h2 class=\"wp-block-heading\"><strong>N&rsquo;oubliez pas la magie d&rsquo;un simple \u00ab merci \u00bb \u2764\ufe0f<\/strong><\/h2>\n\n\n\n<p>Le meilleur cadeau pour chaque maman ? Assurez-vous qu&rsquo;elle se sente aim\u00e9e et appr\u00e9ci\u00e9e. Prenez le temps de lui dire ce qu\u2019elle repr\u00e9sente pour vous. \u00c9crivez-lui une lettre, envoyez-lui un message vocal, faites-lui un c\u00e2lin (ou tout \u00e0 la fois).<\/p>\n\n\n\n<p>Si vous ne savez pas comment bien l\u2019exprimer, voici quelques inspirations :<\/p>\n\n\n\n<ul class=\"wp-block-list\">\n<li>\u00ab Merci d\u2019avoir toujours cru en moi, m\u00eame quand je pensais que je ne pouvais rien faire. \u00bb<\/li>\n\n\n\n<li>\u00ab Je suis d\u00e9sol\u00e9 pour toutes les fois o\u00f9 je t&rsquo;ai appel\u00e9 \u00ab mamaaaaa \u00bb comme si c&rsquo;\u00e9tait une sir\u00e8ne. \u00bb<\/li>\n\n\n\n<li>\u00ab Je commence \u00e0 te ressembler de plus en plus. Et tu sais quoi ? \u00c7a ne me d\u00e9range pas du tout. \u00bb<\/li>\n<\/ul>\n\n\n\n<p>Vous en trouverez plein d&rsquo;autres ainsi que des astuces d&rsquo;\u00e9criture <a href=\"https:\/\/www.smartphoto.be\/inspiration\/texte-fete-des-meres-original\">dans ce blog<\/a> !<\/p>\n\n\n\n<h2 class=\"wp-block-heading\"><strong>Enfin, c\u00e9l\u00e9brez-la \u00e0 votre fa\u00e7on \ud83c\udf89<\/strong><\/h2>\n\n\n\n<p>Que vous choisissiez un <a href=\"https:\/\/www.smartphoto.fr\/cadeau-fete-des-meres-personnalise\">cadeau photo de smartphoto<\/a>, un brunch dans un ch\u00e2teau ou un bricolage avec de la colle sur les doigts, le plus important est que cela vienne&nbsp;<em>de vous<\/em>&nbsp;. La f\u00eate des M\u00e8res est synonyme d&rsquo;amour, de gratitude et d&rsquo;un peu de sentimentalit\u00e9 occasionnelle (le tout accompagn\u00e9 de Champagne et de g\u00e2teau, bien s\u00fbr).<\/p>\n\n\n\n<figure class=\"wp-block-image\"><a href=\"https:\/\/www.smartphoto.be\/nl\/moederdag-cadeau\"><img decoding=\"async\" src=\"https:\/\/storage.googleapis.com\/smartphoto-express-production-wp-blogs-com\/7\/2025\/04\/mature-woman-looking-her-mother-daughter-hugging-each-other-1-1024x512.jpg\" alt=\"Activit\u00e9s et cadeaux pour la f\u00eate des m\u00e8res\" class=\"wp-image-51581\" \/><\/a><\/figure>\n\n\n\n<div style=\"height:13px\" aria-hidden=\"true\" class=\"wp-block-spacer\"><\/div>\n\n\n\n<p>Alors foncez, prenez une d\u00e9cision et organisez-vous. Rendez sa journ\u00e9e sp\u00e9ciale. Et rappelez-vous : quand elle vous dira : \u00ab Mais c&rsquo;est beaucoup trop ! \u00bb\u2026 vous saurez que vous avez fait exactement ce qu&rsquo;il fallait. \ud83d\ude09<\/p>\n\n\n\n<h3 class=\"wp-block-heading\"><strong><br>Avez-vous aussi des id\u00e9es originales pour la f\u00eate des M\u00e8res ?<\/strong><\/h3>\n\n\n\n<p>Alors n&rsquo;h\u00e9sitez pas \u00e0 le partager avec nous via les commentaires, ou encore sur\u00a0\u00a0<a href=\"https:\/\/www.facebook.com\/smartphoto.fr\" target=\"_blank\" rel=\"noreferrer noopener\">Facebook<\/a>\u00a0,\u00a0\u00a0<a href=\"https:\/\/www.instagram.com\/smartphoto_fr\/\" target=\"_blank\" rel=\"noreferrer noopener\">Instagram<\/a>\u00a0,\u00a0\u00a0<a href=\"https:\/\/www.pinterest.com\/smartphotofr\/\" target=\"_blank\" rel=\"noreferrer noopener\">Pinterest<\/a>\u00a0\u00a0ou\u00a0\u00a0<a href=\"https:\/\/www.tiktok.com\/@smartphoto_official?lang=en\" target=\"_blank\" rel=\"noreferrer noopener\">TikTok<\/a>\u00a0\u00a0avec le hashtag\u00a0\u00a0<strong>#mysmartphoto.<\/strong><\/p>\n","protected":false},"excerpt":{"rendered":"<p>Trouvez l\u2019inspiration pour c\u00e9l\u00e9brer la f\u00eate des M\u00e8res autrement : randonn\u00e9es, brunch champ\u00eatre, ateliers cr\u00e9atifs, journ\u00e9es cocooning, escapades culturelles\u2026 Des id\u00e9es simples, \u00e9mouvantes et accessibles \u00e0 toutes les envies et budgets pour partager un moment inoubliable avec maman.<\/p>\n","protected":false},"author":39,"featured_media":12310,"comment_status":"open","ping_status":"open","sticky":false,"template":"","format":"standard","meta":{"om_disable_all_campaigns":false,"_monsterinsights_skip_tracking":false,"_monsterinsights_sitenote_active":false,"_monsterinsights_sitenote_note":"","_monsterinsights_sitenote_category":0,"footnotes":""},"categories":[74],"tags":[],"class_list":["post-12308","post","type-post","status-publish","format-standard","has-post-thumbnail","hentry","category-fete-des-meres"],"yoast_head":"<!-- This site is optimized with the Yoast SEO plugin v23.8 - https:\/\/yoast.com\/wordpress\/plugins\/seo\/ -->\n<title>Les meilleures activit\u00e9s pour la f\u00eate des M\u00e8res 2025<\/title>\n<meta name=\"description\" content=\"Trouvez l\u2019inspiration pour c\u00e9l\u00e9brer la f\u00eate des M\u00e8res autrement et partagez un moment inoubliable avec maman pour sa f\u00eate\" \/>\n<meta name=\"robots\" content=\"index, follow, max-snippet:-1, max-image-preview:large, max-video-preview:-1\" \/>\n<link rel=\"canonical\" href=\"https:\/\/www.smartphoto.fr\/inspiration\/activites-pour-la-fete-des-meres\" \/>\n<meta property=\"og:locale\" content=\"fr_FR\" \/>\n<meta property=\"og:type\" content=\"article\" \/>\n<meta property=\"og:title\" content=\"Les meilleures activit\u00e9s pour la f\u00eate des M\u00e8res 2025\" \/>\n<meta property=\"og:description\" content=\"Trouvez l\u2019inspiration pour c\u00e9l\u00e9brer la f\u00eate des M\u00e8res autrement et partagez un moment inoubliable avec maman pour sa f\u00eate\" \/>\n<meta property=\"og:url\" content=\"https:\/\/www.smartphoto.fr\/inspiration\/activites-pour-la-fete-des-meres\" \/>\n<meta property=\"og:site_name\" content=\"smartphoto FR\" \/>\n<meta property=\"article:publisher\" content=\"https:\/\/www.facebook.com\/smartphoto.fr\" \/>\n<meta property=\"article:published_time\" content=\"2025-04-28T18:44:26+00:00\" \/>\n<meta property=\"article:modified_time\" content=\"2025-08-21T13:57:34+00:00\" \/>\n<meta property=\"og:image\" content=\"https:\/\/storage.googleapis.com\/smartphoto-express-production-wp-blogs-com\/10\/2025\/04\/Idees-Activites-pour-la-fete-des-Meres-France.jpg\" \/>\n\t<meta property=\"og:image:width\" content=\"1024\" \/>\n\t<meta property=\"og:image:height\" content=\"512\" \/>\n\t<meta property=\"og:image:type\" content=\"image\/jpeg\" \/>\n<meta name=\"author\" content=\"Caroline\" \/>\n<meta name=\"twitter:card\" content=\"summary_large_image\" \/>\n<meta name=\"twitter:creator\" content=\"@smartphoto_fr\" \/>\n<meta name=\"twitter:site\" content=\"@smartphoto_fr\" \/>\n<meta name=\"twitter:label1\" content=\"Written by\" \/>\n\t<meta name=\"twitter:data1\" content=\"Caroline\" \/>\n\t<meta name=\"twitter:label2\" content=\"Est. reading time\" \/>\n\t<meta name=\"twitter:data2\" content=\"10 minutes\" \/>\n<script type=\"application\/ld+json\" class=\"yoast-schema-graph\">{\"@context\":\"https:\/\/schema.org\",\"@graph\":[{\"@type\":\"WebPage\",\"@id\":\"https:\/\/www.smartphoto.fr\/inspiration\/activites-pour-la-fete-des-meres\",\"url\":\"https:\/\/www.smartphoto.fr\/inspiration\/activites-pour-la-fete-des-meres\",\"name\":\"Les meilleures activit\u00e9s pour la f\u00eate des M\u00e8res 2025\",\"isPartOf\":{\"@id\":\"https:\/\/www.smartphoto.fr\/inspiration\/#website\"},\"primaryImageOfPage\":{\"@id\":\"https:\/\/www.smartphoto.fr\/inspiration\/activites-pour-la-fete-des-meres#primaryimage\"},\"image\":{\"@id\":\"https:\/\/www.smartphoto.fr\/inspiration\/activites-pour-la-fete-des-meres#primaryimage\"},\"thumbnailUrl\":\"https:\/\/storage.googleapis.com\/smartphoto-express-production-wp-blogs-com\/10\/2025\/04\/Idees-Activites-pour-la-fete-des-Meres-France.jpg\",\"datePublished\":\"2025-04-28T18:44:26+00:00\",\"dateModified\":\"2025-08-21T13:57:34+00:00\",\"author\":{\"@id\":\"https:\/\/www.smartphoto.fr\/inspiration\/#\/schema\/person\/14abe7c86f4bda0d741e3ec66a39733e\"},\"description\":\"Trouvez l\u2019inspiration pour c\u00e9l\u00e9brer la f\u00eate des M\u00e8res autrement et partagez un moment inoubliable avec maman pour sa f\u00eate\",\"breadcrumb\":{\"@id\":\"https:\/\/www.smartphoto.fr\/inspiration\/activites-pour-la-fete-des-meres#breadcrumb\"},\"inLanguage\":\"fr-FR\",\"potentialAction\":[{\"@type\":\"ReadAction\",\"target\":[\"https:\/\/www.smartphoto.fr\/inspiration\/activites-pour-la-fete-des-meres\"]}]},{\"@type\":\"ImageObject\",\"inLanguage\":\"fr-FR\",\"@id\":\"https:\/\/www.smartphoto.fr\/inspiration\/activites-pour-la-fete-des-meres#primaryimage\",\"url\":\"https:\/\/storage.googleapis.com\/smartphoto-express-production-wp-blogs-com\/10\/2025\/04\/Idees-Activites-pour-la-fete-des-Meres-France.jpg\",\"contentUrl\":\"https:\/\/storage.googleapis.com\/smartphoto-express-production-wp-blogs-com\/10\/2025\/04\/Idees-Activites-pour-la-fete-des-Meres-France.jpg\",\"width\":1024,\"height\":512},{\"@type\":\"BreadcrumbList\",\"@id\":\"https:\/\/www.smartphoto.fr\/inspiration\/activites-pour-la-fete-des-meres#breadcrumb\",\"itemListElement\":[{\"@type\":\"ListItem\",\"position\":1,\"name\":\"Home\",\"item\":\"https:\/\/www.smartphoto.fr\/inspiration\/\"},{\"@type\":\"ListItem\",\"position\":2,\"name\":\"Les meilleures activit\u00e9s pour la f\u00eate des M\u00e8res 2025\"}]},{\"@type\":\"WebSite\",\"@id\":\"https:\/\/www.smartphoto.fr\/inspiration\/#website\",\"url\":\"https:\/\/www.smartphoto.fr\/inspiration\/\",\"name\":\"smartphoto FR\",\"description\":\"Le blog de smartphoto France.\",\"potentialAction\":[{\"@type\":\"SearchAction\",\"target\":{\"@type\":\"EntryPoint\",\"urlTemplate\":\"https:\/\/www.smartphoto.fr\/inspiration\/?s={search_term_string}\"},\"query-input\":{\"@type\":\"PropertyValueSpecification\",\"valueRequired\":true,\"valueName\":\"search_term_string\"}}],\"inLanguage\":\"fr-FR\"},{\"@type\":\"Person\",\"@id\":\"https:\/\/www.smartphoto.fr\/inspiration\/#\/schema\/person\/14abe7c86f4bda0d741e3ec66a39733e\",\"name\":\"Caroline\",\"image\":{\"@type\":\"ImageObject\",\"inLanguage\":\"fr-FR\",\"@id\":\"https:\/\/www.smartphoto.fr\/inspiration\/#\/schema\/person\/image\/\",\"url\":\"https:\/\/secure.gravatar.com\/avatar\/3bf4c2775ae12d0bb3bb504b56a0508c?s=96&d=mm&r=g\",\"contentUrl\":\"https:\/\/secure.gravatar.com\/avatar\/3bf4c2775ae12d0bb3bb504b56a0508c?s=96&d=mm&r=g\",\"caption\":\"Caroline\"},\"description\":\"Des id\u00e9es cr\u00e9atives pour vous inspirer, des sujets qui vous aident vraiment dans votre quotidien, voil\u00e0 ce que j'esp\u00e8re partager avec vous via ce blog. Quand je ne blogue pas pour smartphoto, je profites de bons moments en famille avec mon ch\u00e9ri et mes enfants, ou j'\u00e9tudie et je pratique le yoga.\",\"sameAs\":[\"http:\/\/www.smartphoto.fr\/inspiration\",\"https:\/\/www.instagram.com\/smartphoto_fr\/\"],\"url\":\"https:\/\/www.smartphoto.fr\/inspiration\/author\/caroline\"}]}<\/script>\n<!-- \/ Yoast SEO plugin. -->","yoast_head_json":{"title":"Les meilleures activit\u00e9s pour la f\u00eate des M\u00e8res 2025","description":"Trouvez l\u2019inspiration pour c\u00e9l\u00e9brer la f\u00eate des M\u00e8res autrement et partagez un moment inoubliable avec maman pour sa f\u00eate","robots":{"index":"index","follow":"follow","max-snippet":"max-snippet:-1","max-image-preview":"max-image-preview:large","max-video-preview":"max-video-preview:-1"},"canonical":"https:\/\/www.smartphoto.fr\/inspiration\/activites-pour-la-fete-des-meres","og_locale":"fr_FR","og_type":"article","og_title":"Les meilleures activit\u00e9s pour la f\u00eate des M\u00e8res 2025","og_description":"Trouvez l\u2019inspiration pour c\u00e9l\u00e9brer la f\u00eate des M\u00e8res autrement et partagez un moment inoubliable avec maman pour sa f\u00eate","og_url":"https:\/\/www.smartphoto.fr\/inspiration\/activites-pour-la-fete-des-meres","og_site_name":"smartphoto FR","article_publisher":"https:\/\/www.facebook.com\/smartphoto.fr","article_published_time":"2025-04-28T18:44:26+00:00","article_modified_time":"2025-08-21T13:57:34+00:00","og_image":[{"width":1024,"height":512,"url":"https:\/\/storage.googleapis.com\/smartphoto-express-production-wp-blogs-com\/10\/2025\/04\/Idees-Activites-pour-la-fete-des-Meres-France.jpg","type":"image\/jpeg"}],"author":"Caroline","twitter_card":"summary_large_image","twitter_creator":"@smartphoto_fr","twitter_site":"@smartphoto_fr","twitter_misc":{"Written by":"Caroline","Est. reading time":"10 minutes"},"schema":{"@context":"https:\/\/schema.org","@graph":[{"@type":"WebPage","@id":"https:\/\/www.smartphoto.fr\/inspiration\/activites-pour-la-fete-des-meres","url":"https:\/\/www.smartphoto.fr\/inspiration\/activites-pour-la-fete-des-meres","name":"Les meilleures activit\u00e9s pour la f\u00eate des M\u00e8res 2025","isPartOf":{"@id":"https:\/\/www.smartphoto.fr\/inspiration\/#website"},"primaryImageOfPage":{"@id":"https:\/\/www.smartphoto.fr\/inspiration\/activites-pour-la-fete-des-meres#primaryimage"},"image":{"@id":"https:\/\/www.smartphoto.fr\/inspiration\/activites-pour-la-fete-des-meres#primaryimage"},"thumbnailUrl":"https:\/\/storage.googleapis.com\/smartphoto-express-production-wp-blogs-com\/10\/2025\/04\/Idees-Activites-pour-la-fete-des-Meres-France.jpg","datePublished":"2025-04-28T18:44:26+00:00","dateModified":"2025-08-21T13:57:34+00:00","author":{"@id":"https:\/\/www.smartphoto.fr\/inspiration\/#\/schema\/person\/14abe7c86f4bda0d741e3ec66a39733e"},"description":"Trouvez l\u2019inspiration pour c\u00e9l\u00e9brer la f\u00eate des M\u00e8res autrement et partagez un moment inoubliable avec maman pour sa f\u00eate","breadcrumb":{"@id":"https:\/\/www.smartphoto.fr\/inspiration\/activites-pour-la-fete-des-meres#breadcrumb"},"inLanguage":"fr-FR","potentialAction":[{"@type":"ReadAction","target":["https:\/\/www.smartphoto.fr\/inspiration\/activites-pour-la-fete-des-meres"]}]},{"@type":"ImageObject","inLanguage":"fr-FR","@id":"https:\/\/www.smartphoto.fr\/inspiration\/activites-pour-la-fete-des-meres#primaryimage","url":"https:\/\/storage.googleapis.com\/smartphoto-express-production-wp-blogs-com\/10\/2025\/04\/Idees-Activites-pour-la-fete-des-Meres-France.jpg","contentUrl":"https:\/\/storage.googleapis.com\/smartphoto-express-production-wp-blogs-com\/10\/2025\/04\/Idees-Activites-pour-la-fete-des-Meres-France.jpg","width":1024,"height":512},{"@type":"BreadcrumbList","@id":"https:\/\/www.smartphoto.fr\/inspiration\/activites-pour-la-fete-des-meres#breadcrumb","itemListElement":[{"@type":"ListItem","position":1,"name":"Home","item":"https:\/\/www.smartphoto.fr\/inspiration\/"},{"@type":"ListItem","position":2,"name":"Les meilleures activit\u00e9s pour la f\u00eate des M\u00e8res 2025"}]},{"@type":"WebSite","@id":"https:\/\/www.smartphoto.fr\/inspiration\/#website","url":"https:\/\/www.smartphoto.fr\/inspiration\/","name":"smartphoto FR","description":"Le blog de smartphoto France.","potentialAction":[{"@type":"SearchAction","target":{"@type":"EntryPoint","urlTemplate":"https:\/\/www.smartphoto.fr\/inspiration\/?s={search_term_string}"},"query-input":{"@type":"PropertyValueSpecification","valueRequired":true,"valueName":"search_term_string"}}],"inLanguage":"fr-FR"},{"@type":"Person","@id":"https:\/\/www.smartphoto.fr\/inspiration\/#\/schema\/person\/14abe7c86f4bda0d741e3ec66a39733e","name":"Caroline","image":{"@type":"ImageObject","inLanguage":"fr-FR","@id":"https:\/\/www.smartphoto.fr\/inspiration\/#\/schema\/person\/image\/","url":"https:\/\/secure.gravatar.com\/avatar\/3bf4c2775ae12d0bb3bb504b56a0508c?s=96&d=mm&r=g","contentUrl":"https:\/\/secure.gravatar.com\/avatar\/3bf4c2775ae12d0bb3bb504b56a0508c?s=96&d=mm&r=g","caption":"Caroline"},"description":"Des id\u00e9es cr\u00e9atives pour vous inspirer, des sujets qui vous aident vraiment dans votre quotidien, voil\u00e0 ce que j'esp\u00e8re partager avec vous via ce blog. Quand je ne blogue pas pour smartphoto, je profites de bons moments en famille avec mon ch\u00e9ri et mes enfants, ou j'\u00e9tudie et je pratique le yoga.","sameAs":["http:\/\/www.smartphoto.fr\/inspiration","https:\/\/www.instagram.com\/smartphoto_fr\/"],"url":"https:\/\/www.smartphoto.fr\/inspiration\/author\/caroline"}]}},"_links":{"self":[{"href":"https:\/\/www.smartphoto.fr\/inspiration\/wp-json\/wp\/v2\/posts\/12308","targetHints":{"allow":["GET"]}}],"collection":[{"href":"https:\/\/www.smartphoto.fr\/inspiration\/wp-json\/wp\/v2\/posts"}],"about":[{"href":"https:\/\/www.smartphoto.fr\/inspiration\/wp-json\/wp\/v2\/types\/post"}],"author":[{"embeddable":true,"href":"https:\/\/www.smartphoto.fr\/inspiration\/wp-json\/wp\/v2\/users\/39"}],"replies":[{"embeddable":true,"href":"https:\/\/www.smartphoto.fr\/inspiration\/wp-json\/wp\/v2\/comments?post=12308"}],"version-history":[{"count":8,"href":"https:\/\/www.smartphoto.fr\/inspiration\/wp-json\/wp\/v2\/posts\/12308\/revisions"}],"predecessor-version":[{"id":12678,"href":"https:\/\/www.smartphoto.fr\/inspiration\/wp-json\/wp\/v2\/posts\/12308\/revisions\/12678"}],"wp:featuredmedia":[{"embeddable":true,"href":"https:\/\/www.smartphoto.fr\/inspiration\/wp-json\/wp\/v2\/media\/12310"}],"wp:attachment":[{"href":"https:\/\/www.smartphoto.fr\/inspiration\/wp-json\/wp\/v2\/media?parent=12308"}],"wp:term":[{"taxonomy":"category","embeddable":true,"href":"https:\/\/www.smartphoto.fr\/inspiration\/wp-json\/wp\/v2\/categories?post=12308"},{"taxonomy":"post_tag","embeddable":true,"href":"https:\/\/www.smartphoto.fr\/inspiration\/wp-json\/wp\/v2\/tags?post=12308"}],"curies":[{"name":"wp","href":"https:\/\/api.w.org\/{rel}","templated":true}]}}