{"id":12014,"date":"2025-12-05T13:37:44","date_gmt":"2025-12-05T12:37:44","guid":{"rendered":"https:\/\/www.smartphoto.fr\/inspiration\/?p=12014"},"modified":"2025-12-05T13:37:47","modified_gmt":"2025-12-05T12:37:47","slug":"1er-noel-de-bebe-idees-originales","status":"publish","type":"post","link":"https:\/\/www.smartphoto.fr\/inspiration\/1er-noel-de-bebe-idees-originales","title":{"rendered":"Le 1er No\u00ebl de B\u00e9b\u00e9: 7 id\u00e9es originales !"},"content":{"rendered":"\n<p>Le <a href=\"https:\/\/www.smartphoto.fr\/noel\/cadeau-noel\/cadeau-noel-bebe\">premier No\u00ebl de b\u00e9b\u00e9<\/a>, c\u2019est un moment doux, un peu magique\u2026 et qui passe beaucoup trop vite. M\u00eame si votre mini-lutin ne se souviendra pas de tout, <strong>vous, vous allez graver ces instants pour la vie<\/strong>.<\/p>\n\n\n\n<p>Pour vous aider \u00e0 c\u00e9l\u00e9brer cette premi\u00e8re f\u00eate en mode cocoon, on a rassembl\u00e9 <strong>9 id\u00e9es tendres et faciles \u00e0 personnaliser<\/strong>. Certaines deviendront de vraies traditions familiales : <em>une boule de No\u00ebl \u00e0 son image chaque ann\u00e9e, une chaussette pr\u00e8s du sapin, une couverture \u00e0 son nom ultra douce pour l\u2019hiver\u2026<\/em><br>Pr\u00eats \u00e0 faire de ce No\u00ebl 2025 un souvenir pr\u00e9cieux ? Suivez le guide. \u2728<\/p>\n\n\n\n<div style=\"height:22px\" aria-hidden=\"true\" class=\"wp-block-spacer\"><\/div>\n\n\n\n<h2 class=\"wp-block-heading\">1) La boule de No\u00ebl \u201cMon Premier No\u00ebl 2025\u201d<\/h2>\n\n\n\n<h3 class=\"wp-block-heading\">A r\u00e9it\u00e9rer chaque ann\u00e9e pour une collection unique !<\/h3>\n\n\n\n<p>Imaginez: chaque ann\u00e9e, vous faites imprimer une adorable boule de No\u00ebl avec la plus belle photo de b\u00e9b\u00e9 et la mention <strong>\u201cMon premier No\u00ebl 2025\u201d<\/strong>.  au fil du temps, votre sapin racontera l\u2019histoire de votre enfant. C\u2019est simple, \u00e9mouvant, et 100% famille.<\/p>\n\n\n\n<p>Sur smartphoto, vous pouvez choisir une <strong>boule en c\u00e9ramique<\/strong>, une <strong>boule en plastique \u00e9l\u00e9gante et solide<\/strong>, ou une <strong>version en bois<\/strong> parfaite pour les petits espaces.<\/p>\n\n\n\n<figure class=\"wp-block-image size-large\"><img decoding=\"async\" src=\"https:\/\/storage.googleapis.com\/smartphoto-express-production-wp-blogs-com\/9\/2024\/12\/1er-Noel-de-Bebe-idees-originales-7-1024x538.jpg\" alt=\"\" class=\"wp-image-45400\" \/><\/figure>\n\n\n\n<div style=\"height:32px\" aria-hidden=\"true\" class=\"wp-block-spacer\"><\/div>\n\n\n\n<h2 class=\"wp-block-heading\">2) Le tapis \u201c12 mois\u201d pour suivre sa premi\u00e8re ann\u00e9e<\/h2>\n\n\n\n<h3 class=\"wp-block-heading\">Un cadeau qui servira tous les mois, et bien plus<\/h3>\n\n\n\n<p>Le tapis \u201c12 mois\u201d reste une valeur s\u00fbre : doux, d\u00e9coratif et parfait pour immortaliser l\u2019\u00e9volution de b\u00e9b\u00e9 mois apr\u00e8s mois. Vous posez b\u00e9b\u00e9 dessus, vous prenez une photo, et hop : <strong>vous cr\u00e9ez un mini journal de croissance visuel, hyper touchant<\/strong>.<br>N\u2019h\u00e9sitez pas \u00e0 ajouter son pr\u00e9nom, sa date de naissance ou une phrase qui vous ressemble.<\/p>\n\n\n\n<figure class=\"wp-block-image size-large\"><img decoding=\"async\" src=\"https:\/\/storage.googleapis.com\/smartphoto-express-production-wp-blogs-com\/9\/2024\/12\/1er-Noel-de-Bebe-idees-originales-3-1024x538.jpg\" alt=\"\" class=\"wp-image-45402\" \/><\/figure>\n\n\n\n<div style=\"height:22px\" aria-hidden=\"true\" class=\"wp-block-spacer\"><\/div>\n\n\n\n<p>Voici quelques id\u00e9es de phrases pour personnaliser le tapis des 12 mois de b\u00e9b\u00e9 : <\/p>\n\n\n\n<ol class=\"wp-block-list\">\n<li><strong>\u00ab\u00a0Le d\u00e9but de ton histoire est notre plus belle aventure.\u00a0\u00bb<\/strong><\/li>\n\n\n\n<li><strong>\u00ab\u00a0Petit miracle, amour infini.\u00a0\u00bb<\/strong><\/li>\n\n\n\n<li><strong>\u00ab\u00a0Un petit pas pour toi, un grand bond pour nos c\u0153urs.\u00a0\u00bb<\/strong><\/li>\n\n\n\n<li><strong>\u00ab\u00a0Grandir \u00e0 ton rythme, notre plus belle symphonie.\u00a0\u00bb<\/strong><\/li>\n\n\n\n<li><strong>\u00ab\u00a0Attention, petite star en devenir !\u00a0\u00bb<\/strong><\/li>\n\n\n\n<li><strong>\u00ab\u00a0Star de la famille depuis [ann\u00e9e de naissance] !\u00a0\u00bb<\/strong><\/li>\n\n\n\n<li><strong>\u00ab\u00a0Mes parents pensent que je suis parfait&#8230; et ils ont raison !\u00a0\u00bb<\/strong><\/li>\n\n\n\n<li><strong>\u00ab\u00a0Roi\/Reine des c\u00e2lins depuis [ann\u00e9e de naissance]\u00a0\u00bb<\/strong><\/li>\n\n\n\n<li><strong>\u00ab\u00a0Que je t\u2019aime, que je t\u2019aime, que je t\u2019aime.\u00a0\u00bb<\/strong> <em>(Johnny Hallyday)<\/em><\/li>\n\n\n\n<li><strong>\u00ab\u00a0Tu es le soleil de ma vie.\u00a0\u00bb<\/strong> <em>(Stevie Wonder)<\/em><\/li>\n\n\n\n<li><strong>\u00ab\u00a0Il en faut peu pour \u00eatre heureux.\u00a0\u00bb<\/strong> <em>(Disney, Le Livre de la Jungle)<\/em><\/li>\n\n\n\n<li><strong>\u00ab\u00a0\u00c9toile des neiges, mon c\u0153ur amoureux.\u00a0\u00bb<\/strong><\/li>\n\n\n\n<li><strong>\u00ab\u00a0You are my sunshine, my only sunshine.\u00a0\u00bb<\/strong><\/li>\n<\/ol>\n\n\n\n<div style=\"height:40px\" aria-hidden=\"true\" class=\"wp-block-spacer\"><\/div>\n\n\n\n<h2 class=\"wp-block-heading\">3) La chaussette de No\u00ebl \u00e0 son nom<\/h2>\n\n\n\n<h3 class=\"wp-block-heading\">La chaussette qui accompagnera chaque No\u00ebl de son enfance !<\/h3>\n\n\n\n<p>Accroch\u00e9e \u00e0 la chemin\u00e9e ou pr\u00e8s du sapin, la chaussette de No\u00ebl personnalis\u00e9e cr\u00e9e tout de suite un d\u00e9cor qui rappelle les films de No\u00ebl de notre enfance. Ajoutez<a href=\"https:\/\/www.smartphoto.fr\/cadeaux-photo\/chaussette-de-noel-personnalisee?theme=theme.christmas.baby\"> une photo ou juste son pr\u00e9nom<\/a> : cette chaussette accompagnera tous les No\u00ebls de son enfance\u2026 et vous fera sourire chaque ann\u00e9e en la ressortant. Regardez comme ils ont l&rsquo;air heureux nos petits bout&rsquo;choux !<\/p>\n\n\n\n<figure class=\"wp-block-gallery has-nested-images columns-default is-cropped wp-block-gallery-1 is-layout-flex wp-block-gallery-is-layout-flex\">\n<figure class=\"wp-block-image size-large\"><a href=\"https:\/\/www.smartphoto.fr\/cadeaux-photo\/chaussette-de-noel-personnalisee?theme=theme.christmas.baby\"><img decoding=\"async\" data-id=\"45405\" src=\"https:\/\/storage.googleapis.com\/smartphoto-express-production-wp-blogs-com\/9\/2024\/12\/1er-Noel-de-Bebe-idees-originales-10-1024x538.jpg\" alt=\"\" class=\"wp-image-45405\" \/><\/a><\/figure>\n\n\n\n<figure class=\"wp-block-image size-large\"><img decoding=\"async\" data-id=\"46236\" src=\"https:\/\/storage.googleapis.com\/smartphoto-express-production-wp-blogs-com\/9\/2024\/12\/1er-Noel-de-Bebe-idees-originales-12-1-1024x538.jpg\" alt=\"\" class=\"wp-image-46236\" \/><\/figure>\n<\/figure>\n\n\n\n<div style=\"height:40px\" aria-hidden=\"true\" class=\"wp-block-spacer\"><\/div>\n\n\n\n<h2 class=\"wp-block-heading\">4. La bo\u00eete \u00e0 souvenirs de b\u00e9b\u00e9<\/h2>\n\n\n\n<h3 class=\"wp-block-heading\">Pour les \u00e9tapes les plus symboliques de sa premi\u00e8re ann\u00e9e<\/h3>\n\n\n\n<p>La <a href=\"https:\/\/www.smartphoto.fr\/cadeaux-photo\/boite-a-souvenir?theme=theme.birth.gifts.baby\">bo\u00eete \u00e0 souvenirs de b\u00e9b\u00e9<\/a> est un tr\u00e8s joli cadeau \u00e0 faire avant ou lors de la naissance. Mais si vous n&rsquo;en avez pas encore, son premier No\u00ebl est une superbe occasion de l&rsquo;offrir ! Entre 0 et 6 mois, on les voit grandir \u00e0 toute vitesse. Elle est parfaite pour mettre de c\u00f4t\u00e9 leur premi\u00e8re t\u00e9tine, 1ers chaussons et tous ces pr\u00e9cieux souvenirs du d\u00e9but de vie de votre enfant. <a href=\"https:\/\/www.smartphoto.fr\/cadeaux-photo\/boite-a-souvenir?theme=theme.birth.gifts.baby\">D\u00e9couvrez ici <\/a>des designs sp\u00e9cialement pr\u00e9vus pour cet usage. Astuce: l&rsquo;int\u00e9rieur de la bo\u00eete est modulable pour s&rsquo;adapter \u00e0 la taille des objets \u00e0 y conserver.<\/p>\n\n\n\n<figure class=\"wp-block-gallery has-nested-images columns-default is-cropped wp-block-gallery-2 is-layout-flex wp-block-gallery-is-layout-flex\">\n<figure class=\"wp-block-image size-large\"><a href=\"https:\/\/www.smartphoto.fr\/cadeaux-photo\/boite-a-souvenir?theme=theme.birth.gifts.baby\"><img decoding=\"async\" data-id=\"45406\" src=\"https:\/\/storage.googleapis.com\/smartphoto-express-production-wp-blogs-com\/9\/2024\/12\/Babybox_Twins-683x1024.jpg\" alt=\"\" class=\"wp-image-45406\" \/><\/a><\/figure>\n\n\n\n<figure class=\"wp-block-image size-large\"><img decoding=\"async\" data-id=\"45411\" src=\"https:\/\/storage.googleapis.com\/smartphoto-express-production-wp-blogs-com\/9\/2024\/12\/1er-noel-de-bebe-boite-souvenirs-1024x1024.jpeg\" alt=\"\" class=\"wp-image-45411\" \/><\/figure>\n<\/figure>\n\n\n\n<div style=\"height:40px\" aria-hidden=\"true\" class=\"wp-block-spacer\"><\/div>\n\n\n\n<h2 class=\"wp-block-heading\">5. La couverture de b\u00e9b\u00e9 (ou familiale) personnalis\u00e9e<\/h2>\n\n\n\n<h3 class=\"wp-block-heading\">Douce couverture c\u00e2line<\/h3>\n\n\n\n<p>L\u2019hiver, on veut <a href=\"https:\/\/www.smartphoto.fr\/cadeaux-photo\/plaid-polaire?theme=theme.christmas.baby\">du chaud et du doux<\/a>. Une couverture personnalis\u00e9e avec une photo de famille ou une photo de b\u00e9b\u00e9, c\u2019est \u00e0 la fois <strong>un cadeau pratique<\/strong> et un souvenir qui accompagne le quotidien.<br>En petit format pour accompagner b\u00e9b\u00e9 partout, ou grand format pour couvrir toute la tribu dans le canap\u00e9, c\u2019est le genre de cadeau de premier No\u00ebl qui vous servira pendant des ann\u00e9es.  <a href=\"https:\/\/www.smartphoto.fr\/inspiration\/le-1er-noel-de-bebe-idees-originales\" target=\"_blank\" rel=\"noreferrer noopener\"><\/a><\/p>\n\n\n\n<p>Ici, c&rsquo;est un cadeau pour les 3 fr\u00e8res: personnalis\u00e9e avec une magnifique photo de Florian, Oscar et leur grand fr\u00e8re, ils pourront tous les trois profiter bien au-del\u00e0 de leur premier No\u00ebl ensemble.<\/p>\n\n\n\n<figure class=\"wp-block-image size-large\"><a href=\"https:\/\/www.smartphoto.fr\/cadeaux-photo\/plaid-polaire?theme=theme.christmas.baby\"><img decoding=\"async\" src=\"https:\/\/storage.googleapis.com\/smartphoto-express-production-wp-blogs-com\/9\/2024\/12\/1er-Noel-de-Bebe-idees-originales-13-1024x538.jpg\" alt=\"\" class=\"wp-image-45403\" \/><\/a><\/figure>\n\n\n\n<div style=\"height:40px\" aria-hidden=\"true\" class=\"wp-block-spacer\"><\/div>\n\n\n\n<h2 class=\"wp-block-heading\">6. Le bavoir brod\u00e9<\/h2>\n\n\n\n<h3 class=\"wp-block-heading\">Pratique et joli, le bavoir personnalis\u00e9<\/h3>\n\n\n\n<p>Un cadeau mini-budget mais maxi-mignon : <a href=\"https:\/\/www.smartphoto.fr\/cadeaux-photo\/bavoir-photo?theme=theme.christmas.baby\">le bavoir brod\u00e9 \u00e0 son pr\u00e9nom<\/a>.<br>Parfait pour les repas, les biberons, ou simplement pour la photo souvenir du premier No\u00ebl. Bonus : il existe en plusieurs couleurs, donc facile \u00e0 accorder \u00e0 votre th\u00e8me de f\u00eates. <\/p>\n\n\n\n<figure class=\"wp-block-gallery has-nested-images columns-default is-cropped wp-block-gallery-3 is-layout-flex wp-block-gallery-is-layout-flex\">\n<figure class=\"wp-block-image size-large\"><a href=\"https:\/\/www.smartphoto.fr\/cadeaux-photo\/bavoir-photo?theme=theme.christmas.baby\"><img decoding=\"async\" data-id=\"45407\" src=\"https:\/\/storage.googleapis.com\/smartphoto-express-production-wp-blogs-com\/9\/2024\/12\/1er-Noel-de-Bebe-idees-originales-16-683x1024.jpg\" alt=\"\" class=\"wp-image-45407\" \/><\/a><\/figure>\n\n\n\n<figure class=\"wp-block-image size-large\"><a href=\"https:\/\/www.smartphoto.fr\/cadeaux-photo\/bavoir-photo?theme=theme.christmas.baby\"><img decoding=\"async\" data-id=\"45412\" src=\"https:\/\/storage.googleapis.com\/smartphoto-express-production-wp-blogs-com\/9\/2024\/12\/1er-Noel-de-Bebe-idees-originales-bavoir-683x1024.jpg\" alt=\"\" class=\"wp-image-45412\" \/><\/a><\/figure>\n<\/figure>\n\n\n\n<div style=\"height:40px\" aria-hidden=\"true\" class=\"wp-block-spacer\"><\/div>\n\n\n\n<h2 class=\"wp-block-heading\">7) Lettres d\u00e9co XMAS \/ LOVE avec photos<\/h2>\n\n\n\n<h3 class=\"wp-block-heading\">La d\u00e9co de No\u00ebl avec vos photos<\/h3>\n\n\n\n<p>Vous avez d\u00e9j\u00e0 plein de photos de b\u00e9b\u00e9 et de votre ann\u00e9e ? Transformez-les en d\u00e9co !<br>Les <a href=\"https:\/\/www.smartphoto.fr\/cadeaux-photo\/lettres-decoratives?theme=theme.christmas.baby\">lettres photo \u201cXMAS\u201d ou \u201cLOVE\u201d<\/a> rendent votre int\u00e9rieur unique et racontent votre histoire familiale. Une id\u00e9e simple qui fait tout de suite \u201cNo\u00ebl chez nous\u201d, avec un accent sur la nouvelle composition de votre petite (ou grande) famille !<\/p>\n\n\n\n<figure class=\"wp-block-image size-full\"><img decoding=\"async\" src=\"https:\/\/storage.googleapis.com\/smartphoto-express-production-wp-blogs-com\/9\/2025\/12\/Mon-premier-noel-lettres-XMAS-deco2-edited.jpg\" alt=\"Lettres d\u00e9co XMAS \/ LOVE avec photos\" class=\"wp-image-46241\" \/><\/figure>\n\n\n\n<div style=\"height:40px\" aria-hidden=\"true\" class=\"wp-block-spacer\"><\/div>\n\n\n\n<h2 class=\"wp-block-heading\">8) Le mini livre photo \u201cMa premi\u00e8re ann\u00e9e\u201d<\/h2>\n\n\n\n<h3 class=\"wp-block-heading\">L&rsquo;incontournable souvenir photo<\/h3>\n\n\n\n<p>Vous avez un b\u00e9b\u00e9 de d\u00e9cembre ou qui vient tout juste de f\u00eater son premier anniversaire ? Cr\u00e9ez un mini livre photo avec : naissance, premiers sourires, premiers c\u00e2lins, premi\u00e8res vacances\u2026 et terminez par une page sp\u00e9ciale \u201cMon premier No\u00ebl 2025\u201d. Et si b\u00e9b\u00e9 est plus petit, vous pouvez \u00e9crire le livre de son histoire, de l&rsquo;annonce de la grossesse \u00e0 son premier No\u00ebl. C\u2019est le cadeau que vous relirez avec \u00e9motion, d&rsquo;abord avec vos proches, puis avec lui quand il grandira. Le livre photo est un cadeau tr\u00e8s pr\u00e9cieux, incontournable pour conserver ses souvenirs photo dans un bel objet. <\/p>\n\n\n<div class=\"wp-block-image\">\n<figure class=\"aligncenter size-full\"><img decoding=\"async\" src=\"https:\/\/storage.googleapis.com\/smartphoto-express-production-wp-blogs-com\/9\/2025\/12\/1ere-annee-de-bebe-edited.jpg\" alt=\"Le mini livre photo \u201cMon ann\u00e9e 0\u20131\u201d\" class=\"wp-image-46240\" \/><\/figure><\/div>\n\n\n<div style=\"height:22px\" aria-hidden=\"true\" class=\"wp-block-spacer\"><\/div>\n\n\n\n<h2 class=\"wp-block-heading\">9) Une peluche personnalis\u00e9e \u201cdoudou de No\u00ebl\u201d<\/h2>\n\n\n\n<h3 class=\"wp-block-heading\">Peut-on jamais avoir assez de douceur ?<\/h3>\n\n\n\n<p>Le doudou, c\u2019est souvent LE compagnon num\u00e9ro 1. Offrir une peluche personnalis\u00e9e avec son pr\u00e9nom ou une petite photo, c\u2019est cr\u00e9er un rep\u00e8re affectif d\u00e8s son premier No\u00ebl.<br>Et pour vous, c\u2019est encore un souvenir de plus \u00e0 garder pr\u00e9cieusement. smartphoto propose des cadeaux b\u00e9b\u00e9 personnalis\u00e9s comme les peluches ou bodies photo : parfaits pour ce premier No\u00ebl.<\/p>\n\n\n\n<figure class=\"wp-block-image size-full\"><img decoding=\"async\" src=\"https:\/\/storage.googleapis.com\/smartphoto-express-production-wp-blogs-com\/9\/2025\/12\/Doudou-personnalise-de-Noel-edited.jpg\" alt=\"Une peluche personnalis\u00e9e \u201cdoudou de No\u00ebl\u201d\" class=\"wp-image-46242\" \/><\/figure>\n\n\n\n<div style=\"height:40px\" aria-hidden=\"true\" class=\"wp-block-spacer\"><\/div>\n\n\n\n<hr class=\"wp-block-separator has-alpha-channel-opacity\" \/>\n\n\n\n<h3 class=\"wp-block-heading\">Ce premier No\u00ebl ne reviendra jamais\u2026 alors autant le c\u00e9l\u00e9brer \u00e0 fond.<\/h3>\n\n\n\n<p>Choisissez 1 ou 2 id\u00e9es, cr\u00e9ez vos petits rituels, et profitez : <strong>les souvenirs les plus pr\u00e9cieux sont souvent les plus simples.<\/strong><\/p>\n\n\n\n<h3 class=\"wp-block-heading\">\ud83c\udf81 Besoin d\u2019encore plus d\u2019inspiration ?<\/h3>\n\n\n\n<p>Retrouvez toutes nos id\u00e9es de<a href=\"https:\/\/www.smartphoto.fr\/noel\/cadeau-noel\/cadeau-noel-bebe\"> <strong>cadeaux de No\u00ebl personnalis\u00e9s pour b\u00e9b\u00e9<\/strong><\/a> et notre <a href=\"https:\/\/www.smartphoto.fr\/noel\">boutique de No\u00ebl 2025<\/a> sur smartphoto.<\/p>\n\n\n\n<hr class=\"wp-block-separator has-alpha-channel-opacity\" \/>\n\n\n\n<h2 class=\"wp-block-heading\">\u2728 Merci \u00e0 nos mini-stars \u2728<\/h2>\n\n\n\n<p>Merci \u00e0 Florian, Oscar et leur maman d&rsquo;avoir partag\u00e9 leur inspiration de No\u00ebl et leurs sourires. Ils rendent ce guide encore plus chaleureux et festif ! \ud83c\udf84\ud83d\udc96<\/p>\n\n\n\n<figure class=\"wp-block-image size-large\"><img decoding=\"async\" src=\"https:\/\/storage.googleapis.com\/smartphoto-express-production-wp-blogs-com\/9\/2024\/12\/1er-Noel-de-Bebe-idees-originales-12-1024x538.jpg\" alt=\"\" class=\"wp-image-45401\" \/><\/figure>\n","protected":false},"excerpt":{"rendered":"<p>C\u00e9l\u00e9brez le premier No\u00ebl de b\u00e9b\u00e9 avec des cadeaux personnalis\u00e9s et des traditions pleines de tendresse. Boule de No\u00ebl \u2018Mon Premier No\u00ebl 2025\u2019, chaussette \u00e0 son nom, couverture photo\u2026 9 id\u00e9es uniques \u00e0 d\u00e9couvrir.<\/p>\n","protected":false},"author":39,"featured_media":12881,"comment_status":"open","ping_status":"open","sticky":false,"template":"","format":"standard","meta":{"om_disable_all_campaigns":false,"_monsterinsights_skip_tracking":false,"_monsterinsights_sitenote_active":false,"_monsterinsights_sitenote_note":"","_monsterinsights_sitenote_category":0,"footnotes":""},"categories":[77,78],"tags":[],"class_list":["post-12014","post","type-post","status-publish","format-standard","has-post-thumbnail","hentry","category-naissance","category-noel"],"yoast_head":"<!-- This site is optimized with the Yoast SEO plugin v23.8 - https:\/\/yoast.com\/wordpress\/plugins\/seo\/ -->\n<title>Le 1er No\u00ebl de B\u00e9b\u00e9: 7 id\u00e9es originales !<\/title>\n<meta name=\"description\" content=\"C\u00e9l\u00e9brez le premier No\u00ebl de b\u00e9b\u00e9 avec des cadeaux personnalis\u00e9s et des traditions pleines de tendresse. Boule de No\u00ebl \u2018Mon Premier No\u00ebl 2025\u2019, chaussette \u00e0 son nom, couverture photo\u2026 9 id\u00e9es uniques \u00e0 d\u00e9couvrir.\" \/>\n<meta name=\"robots\" content=\"index, follow, max-snippet:-1, max-image-preview:large, max-video-preview:-1\" \/>\n<link rel=\"canonical\" href=\"https:\/\/www.smartphoto.fr\/inspiration\/1er-noel-de-bebe-idees-originales\" \/>\n<meta property=\"og:locale\" content=\"fr_FR\" \/>\n<meta property=\"og:type\" content=\"article\" \/>\n<meta property=\"og:title\" content=\"Le 1er No\u00ebl de B\u00e9b\u00e9: 7 id\u00e9es originales !\" \/>\n<meta property=\"og:description\" content=\"C\u00e9l\u00e9brez le premier No\u00ebl de b\u00e9b\u00e9 avec des cadeaux personnalis\u00e9s et des traditions pleines de tendresse. Boule de No\u00ebl \u2018Mon Premier No\u00ebl 2025\u2019, chaussette \u00e0 son nom, couverture photo\u2026 9 id\u00e9es uniques \u00e0 d\u00e9couvrir.\" \/>\n<meta property=\"og:url\" content=\"https:\/\/www.smartphoto.fr\/inspiration\/1er-noel-de-bebe-idees-originales\" \/>\n<meta property=\"og:site_name\" content=\"smartphoto FR\" \/>\n<meta property=\"article:publisher\" content=\"https:\/\/www.facebook.com\/smartphoto.fr\" \/>\n<meta property=\"article:published_time\" content=\"2025-12-05T12:37:44+00:00\" \/>\n<meta property=\"article:modified_time\" content=\"2025-12-05T12:37:47+00:00\" \/>\n<meta property=\"og:image\" content=\"https:\/\/storage.googleapis.com\/smartphoto-express-production-wp-blogs-com\/10\/2024\/12\/1er-Noel-de-Bebe-idees-originales-9.jpg\" \/>\n\t<meta property=\"og:image:width\" content=\"1200\" \/>\n\t<meta property=\"og:image:height\" content=\"630\" \/>\n\t<meta property=\"og:image:type\" content=\"image\/jpeg\" \/>\n<meta name=\"author\" content=\"Caroline\" \/>\n<meta name=\"twitter:card\" content=\"summary_large_image\" \/>\n<meta name=\"twitter:creator\" content=\"@smartphoto_fr\" \/>\n<meta name=\"twitter:site\" content=\"@smartphoto_fr\" \/>\n<meta name=\"twitter:label1\" content=\"Written by\" \/>\n\t<meta name=\"twitter:data1\" content=\"Caroline\" \/>\n\t<meta name=\"twitter:label2\" content=\"Est. reading time\" \/>\n\t<meta name=\"twitter:data2\" content=\"9 minutes\" \/>\n<script type=\"application\/ld+json\" class=\"yoast-schema-graph\">{\"@context\":\"https:\/\/schema.org\",\"@graph\":[{\"@type\":\"WebPage\",\"@id\":\"https:\/\/www.smartphoto.fr\/inspiration\/1er-noel-de-bebe-idees-originales\",\"url\":\"https:\/\/www.smartphoto.fr\/inspiration\/1er-noel-de-bebe-idees-originales\",\"name\":\"Le 1er No\u00ebl de B\u00e9b\u00e9: 7 id\u00e9es originales !\",\"isPartOf\":{\"@id\":\"https:\/\/www.smartphoto.fr\/inspiration\/#website\"},\"primaryImageOfPage\":{\"@id\":\"https:\/\/www.smartphoto.fr\/inspiration\/1er-noel-de-bebe-idees-originales#primaryimage\"},\"image\":{\"@id\":\"https:\/\/www.smartphoto.fr\/inspiration\/1er-noel-de-bebe-idees-originales#primaryimage\"},\"thumbnailUrl\":\"https:\/\/storage.googleapis.com\/smartphoto-express-production-wp-blogs-com\/10\/2024\/12\/1er-Noel-de-Bebe-idees-originales-9.jpg\",\"datePublished\":\"2025-12-05T12:37:44+00:00\",\"dateModified\":\"2025-12-05T12:37:47+00:00\",\"author\":{\"@id\":\"https:\/\/www.smartphoto.fr\/inspiration\/#\/schema\/person\/14abe7c86f4bda0d741e3ec66a39733e\"},\"description\":\"C\u00e9l\u00e9brez le premier No\u00ebl de b\u00e9b\u00e9 avec des cadeaux personnalis\u00e9s et des traditions pleines de tendresse. Boule de No\u00ebl \u2018Mon Premier No\u00ebl 2025\u2019, chaussette \u00e0 son nom, couverture photo\u2026 9 id\u00e9es uniques \u00e0 d\u00e9couvrir.\",\"breadcrumb\":{\"@id\":\"https:\/\/www.smartphoto.fr\/inspiration\/1er-noel-de-bebe-idees-originales#breadcrumb\"},\"inLanguage\":\"fr-FR\",\"potentialAction\":[{\"@type\":\"ReadAction\",\"target\":[\"https:\/\/www.smartphoto.fr\/inspiration\/1er-noel-de-bebe-idees-originales\"]}]},{\"@type\":\"ImageObject\",\"inLanguage\":\"fr-FR\",\"@id\":\"https:\/\/www.smartphoto.fr\/inspiration\/1er-noel-de-bebe-idees-originales#primaryimage\",\"url\":\"https:\/\/storage.googleapis.com\/smartphoto-express-production-wp-blogs-com\/10\/2024\/12\/1er-Noel-de-Bebe-idees-originales-9.jpg\",\"contentUrl\":\"https:\/\/storage.googleapis.com\/smartphoto-express-production-wp-blogs-com\/10\/2024\/12\/1er-Noel-de-Bebe-idees-originales-9.jpg\",\"width\":1200,\"height\":630},{\"@type\":\"BreadcrumbList\",\"@id\":\"https:\/\/www.smartphoto.fr\/inspiration\/1er-noel-de-bebe-idees-originales#breadcrumb\",\"itemListElement\":[{\"@type\":\"ListItem\",\"position\":1,\"name\":\"Home\",\"item\":\"https:\/\/www.smartphoto.fr\/inspiration\/\"},{\"@type\":\"ListItem\",\"position\":2,\"name\":\"Le 1er No\u00ebl de B\u00e9b\u00e9: 7 id\u00e9es originales !\"}]},{\"@type\":\"WebSite\",\"@id\":\"https:\/\/www.smartphoto.fr\/inspiration\/#website\",\"url\":\"https:\/\/www.smartphoto.fr\/inspiration\/\",\"name\":\"smartphoto FR\",\"description\":\"Le blog de smartphoto France.\",\"potentialAction\":[{\"@type\":\"SearchAction\",\"target\":{\"@type\":\"EntryPoint\",\"urlTemplate\":\"https:\/\/www.smartphoto.fr\/inspiration\/?s={search_term_string}\"},\"query-input\":{\"@type\":\"PropertyValueSpecification\",\"valueRequired\":true,\"valueName\":\"search_term_string\"}}],\"inLanguage\":\"fr-FR\"},{\"@type\":\"Person\",\"@id\":\"https:\/\/www.smartphoto.fr\/inspiration\/#\/schema\/person\/14abe7c86f4bda0d741e3ec66a39733e\",\"name\":\"Caroline\",\"image\":{\"@type\":\"ImageObject\",\"inLanguage\":\"fr-FR\",\"@id\":\"https:\/\/www.smartphoto.fr\/inspiration\/#\/schema\/person\/image\/\",\"url\":\"https:\/\/secure.gravatar.com\/avatar\/3bf4c2775ae12d0bb3bb504b56a0508c?s=96&d=mm&r=g\",\"contentUrl\":\"https:\/\/secure.gravatar.com\/avatar\/3bf4c2775ae12d0bb3bb504b56a0508c?s=96&d=mm&r=g\",\"caption\":\"Caroline\"},\"description\":\"Des id\u00e9es cr\u00e9atives pour vous inspirer, des sujets qui vous aident vraiment dans votre quotidien, voil\u00e0 ce que j'esp\u00e8re partager avec vous via ce blog. Quand je ne blogue pas pour smartphoto, je profites de bons moments en famille avec mon ch\u00e9ri et mes enfants, ou j'\u00e9tudie et je pratique le yoga.\",\"sameAs\":[\"http:\/\/www.smartphoto.fr\/inspiration\",\"https:\/\/www.instagram.com\/smartphoto_fr\/\"],\"url\":\"https:\/\/www.smartphoto.fr\/inspiration\/author\/caroline\"}]}<\/script>\n<!-- \/ Yoast SEO plugin. -->","yoast_head_json":{"title":"Le 1er No\u00ebl de B\u00e9b\u00e9: 7 id\u00e9es originales !","description":"C\u00e9l\u00e9brez le premier No\u00ebl de b\u00e9b\u00e9 avec des cadeaux personnalis\u00e9s et des traditions pleines de tendresse. Boule de No\u00ebl \u2018Mon Premier No\u00ebl 2025\u2019, chaussette \u00e0 son nom, couverture photo\u2026 9 id\u00e9es uniques \u00e0 d\u00e9couvrir.","robots":{"index":"index","follow":"follow","max-snippet":"max-snippet:-1","max-image-preview":"max-image-preview:large","max-video-preview":"max-video-preview:-1"},"canonical":"https:\/\/www.smartphoto.fr\/inspiration\/1er-noel-de-bebe-idees-originales","og_locale":"fr_FR","og_type":"article","og_title":"Le 1er No\u00ebl de B\u00e9b\u00e9: 7 id\u00e9es originales !","og_description":"C\u00e9l\u00e9brez le premier No\u00ebl de b\u00e9b\u00e9 avec des cadeaux personnalis\u00e9s et des traditions pleines de tendresse. Boule de No\u00ebl \u2018Mon Premier No\u00ebl 2025\u2019, chaussette \u00e0 son nom, couverture photo\u2026 9 id\u00e9es uniques \u00e0 d\u00e9couvrir.","og_url":"https:\/\/www.smartphoto.fr\/inspiration\/1er-noel-de-bebe-idees-originales","og_site_name":"smartphoto FR","article_publisher":"https:\/\/www.facebook.com\/smartphoto.fr","article_published_time":"2025-12-05T12:37:44+00:00","article_modified_time":"2025-12-05T12:37:47+00:00","og_image":[{"width":1200,"height":630,"url":"https:\/\/storage.googleapis.com\/smartphoto-express-production-wp-blogs-com\/10\/2024\/12\/1er-Noel-de-Bebe-idees-originales-9.jpg","type":"image\/jpeg"}],"author":"Caroline","twitter_card":"summary_large_image","twitter_creator":"@smartphoto_fr","twitter_site":"@smartphoto_fr","twitter_misc":{"Written by":"Caroline","Est. reading time":"9 minutes"},"schema":{"@context":"https:\/\/schema.org","@graph":[{"@type":"WebPage","@id":"https:\/\/www.smartphoto.fr\/inspiration\/1er-noel-de-bebe-idees-originales","url":"https:\/\/www.smartphoto.fr\/inspiration\/1er-noel-de-bebe-idees-originales","name":"Le 1er No\u00ebl de B\u00e9b\u00e9: 7 id\u00e9es originales !","isPartOf":{"@id":"https:\/\/www.smartphoto.fr\/inspiration\/#website"},"primaryImageOfPage":{"@id":"https:\/\/www.smartphoto.fr\/inspiration\/1er-noel-de-bebe-idees-originales#primaryimage"},"image":{"@id":"https:\/\/www.smartphoto.fr\/inspiration\/1er-noel-de-bebe-idees-originales#primaryimage"},"thumbnailUrl":"https:\/\/storage.googleapis.com\/smartphoto-express-production-wp-blogs-com\/10\/2024\/12\/1er-Noel-de-Bebe-idees-originales-9.jpg","datePublished":"2025-12-05T12:37:44+00:00","dateModified":"2025-12-05T12:37:47+00:00","author":{"@id":"https:\/\/www.smartphoto.fr\/inspiration\/#\/schema\/person\/14abe7c86f4bda0d741e3ec66a39733e"},"description":"C\u00e9l\u00e9brez le premier No\u00ebl de b\u00e9b\u00e9 avec des cadeaux personnalis\u00e9s et des traditions pleines de tendresse. Boule de No\u00ebl \u2018Mon Premier No\u00ebl 2025\u2019, chaussette \u00e0 son nom, couverture photo\u2026 9 id\u00e9es uniques \u00e0 d\u00e9couvrir.","breadcrumb":{"@id":"https:\/\/www.smartphoto.fr\/inspiration\/1er-noel-de-bebe-idees-originales#breadcrumb"},"inLanguage":"fr-FR","potentialAction":[{"@type":"ReadAction","target":["https:\/\/www.smartphoto.fr\/inspiration\/1er-noel-de-bebe-idees-originales"]}]},{"@type":"ImageObject","inLanguage":"fr-FR","@id":"https:\/\/www.smartphoto.fr\/inspiration\/1er-noel-de-bebe-idees-originales#primaryimage","url":"https:\/\/storage.googleapis.com\/smartphoto-express-production-wp-blogs-com\/10\/2024\/12\/1er-Noel-de-Bebe-idees-originales-9.jpg","contentUrl":"https:\/\/storage.googleapis.com\/smartphoto-express-production-wp-blogs-com\/10\/2024\/12\/1er-Noel-de-Bebe-idees-originales-9.jpg","width":1200,"height":630},{"@type":"BreadcrumbList","@id":"https:\/\/www.smartphoto.fr\/inspiration\/1er-noel-de-bebe-idees-originales#breadcrumb","itemListElement":[{"@type":"ListItem","position":1,"name":"Home","item":"https:\/\/www.smartphoto.fr\/inspiration\/"},{"@type":"ListItem","position":2,"name":"Le 1er No\u00ebl de B\u00e9b\u00e9: 7 id\u00e9es originales !"}]},{"@type":"WebSite","@id":"https:\/\/www.smartphoto.fr\/inspiration\/#website","url":"https:\/\/www.smartphoto.fr\/inspiration\/","name":"smartphoto FR","description":"Le blog de smartphoto France.","potentialAction":[{"@type":"SearchAction","target":{"@type":"EntryPoint","urlTemplate":"https:\/\/www.smartphoto.fr\/inspiration\/?s={search_term_string}"},"query-input":{"@type":"PropertyValueSpecification","valueRequired":true,"valueName":"search_term_string"}}],"inLanguage":"fr-FR"},{"@type":"Person","@id":"https:\/\/www.smartphoto.fr\/inspiration\/#\/schema\/person\/14abe7c86f4bda0d741e3ec66a39733e","name":"Caroline","image":{"@type":"ImageObject","inLanguage":"fr-FR","@id":"https:\/\/www.smartphoto.fr\/inspiration\/#\/schema\/person\/image\/","url":"https:\/\/secure.gravatar.com\/avatar\/3bf4c2775ae12d0bb3bb504b56a0508c?s=96&d=mm&r=g","contentUrl":"https:\/\/secure.gravatar.com\/avatar\/3bf4c2775ae12d0bb3bb504b56a0508c?s=96&d=mm&r=g","caption":"Caroline"},"description":"Des id\u00e9es cr\u00e9atives pour vous inspirer, des sujets qui vous aident vraiment dans votre quotidien, voil\u00e0 ce que j'esp\u00e8re partager avec vous via ce blog. Quand je ne blogue pas pour smartphoto, je profites de bons moments en famille avec mon ch\u00e9ri et mes enfants, ou j'\u00e9tudie et je pratique le yoga.","sameAs":["http:\/\/www.smartphoto.fr\/inspiration","https:\/\/www.instagram.com\/smartphoto_fr\/"],"url":"https:\/\/www.smartphoto.fr\/inspiration\/author\/caroline"}]}},"_links":{"self":[{"href":"https:\/\/www.smartphoto.fr\/inspiration\/wp-json\/wp\/v2\/posts\/12014","targetHints":{"allow":["GET"]}}],"collection":[{"href":"https:\/\/www.smartphoto.fr\/inspiration\/wp-json\/wp\/v2\/posts"}],"about":[{"href":"https:\/\/www.smartphoto.fr\/inspiration\/wp-json\/wp\/v2\/types\/post"}],"author":[{"embeddable":true,"href":"https:\/\/www.smartphoto.fr\/inspiration\/wp-json\/wp\/v2\/users\/39"}],"replies":[{"embeddable":true,"href":"https:\/\/www.smartphoto.fr\/inspiration\/wp-json\/wp\/v2\/comments?post=12014"}],"version-history":[{"count":3,"href":"https:\/\/www.smartphoto.fr\/inspiration\/wp-json\/wp\/v2\/posts\/12014\/revisions"}],"predecessor-version":[{"id":12884,"href":"https:\/\/www.smartphoto.fr\/inspiration\/wp-json\/wp\/v2\/posts\/12014\/revisions\/12884"}],"wp:featuredmedia":[{"embeddable":true,"href":"https:\/\/www.smartphoto.fr\/inspiration\/wp-json\/wp\/v2\/media\/12881"}],"wp:attachment":[{"href":"https:\/\/www.smartphoto.fr\/inspiration\/wp-json\/wp\/v2\/media?parent=12014"}],"wp:term":[{"taxonomy":"category","embeddable":true,"href":"https:\/\/www.smartphoto.fr\/inspiration\/wp-json\/wp\/v2\/categories?post=12014"},{"taxonomy":"post_tag","embeddable":true,"href":"https:\/\/www.smartphoto.fr\/inspiration\/wp-json\/wp\/v2\/tags?post=12014"}],"curies":[{"name":"wp","href":"https:\/\/api.w.org\/{rel}","templated":true}]}}