{"id":11864,"date":"2024-10-31T17:32:26","date_gmt":"2024-10-31T16:32:26","guid":{"rendered":"https:\/\/www.smartphoto.fr\/inspiration\/?p=11864"},"modified":"2024-10-31T17:37:25","modified_gmt":"2024-10-31T16:37:25","slug":"40-ans-de-sourires","status":"publish","type":"post","link":"https:\/\/www.smartphoto.fr\/inspiration\/40-ans-de-sourires","title":{"rendered":"40 ans de sourires: les employ\u00e9s de smartphoto racontent"},"content":{"rendered":"\n<p>Pour les 40 ans de smartphoto, allons \u00e0 la rencontre de 3 employ\u00e9es. Leur point commun ? Apr\u00e8s une longue carri\u00e8re dans l\u2019entreprise, elles font encore aujourd\u2019hui partie de l\u2019aventure. C\u2019est dans leurs souvenirs que nous allons puiser des anecdotes et des informations pr\u00e9cieuses sur l\u2019histoire de smartphoto, qui est aussi celle du passage au nouveau si\u00e8cle et \u00e0 l\u2019\u00e8re digitale.<\/p>\n\n\n\n<h3 class=\"wp-block-heading\">Une tr\u00e8s longue histoire<\/h3>\n\n\n\n<p>En 1938, lorsque Oscar De Bucke ouvre le premier magasin de photo de son village en Belgique, il ne se doute pas qu\u2019il pose la premi\u00e8re pierre de ce qui sera plus tard un v\u00e9ritable empire de la photographie. Mais c&rsquo;est en 1984 qu&rsquo;est fond\u00e9e l&rsquo;entreprise fran\u00e7aise ExtraFilm. Pour l\u2019histoire compl\u00e8te de smartphoto, d\u00e9couvrez l\u2019article <a href=\"https:\/\/www.smartphoto.fr\/inspiration\/histoire-de-smartphoto\">&nbsp;\u201cDe l\u2019analogique au num\u00e9rique\u201d<\/a>.&nbsp; Ici, vous allez voyager dans les coulisses de cette histoire, du point de vue de celles qui ont contribu\u00e9 \u00e0 son succ\u00e8s.<\/p>\n\n\n\n<div class=\"wp-block-group\"><div class=\"wp-block-group__inner-container is-layout-constrained wp-block-group-is-layout-constrained\">\n<h2 class=\"wp-block-heading\"><strong>\u201cOn veille \u00e0 \u00eatre aussi proche que possible du client\u201d &#8211; Elsie<\/strong><\/h2>\n\n\n\n<p><strong>Professeur de n\u00e9erlandais, anglais et allemand, Elsie cherchait encore un contrat dans l\u2019enseignement lorsqu\u2019elle a commenc\u00e9 \u00e0 travailler dans l&rsquo;entreprise, \u00e0 l&rsquo;\u00e9poque pour Extrafilm.&nbsp;<\/strong><\/p>\n\n\n<div class=\"wp-block-image\">\n<figure class=\"aligncenter size-full\"><img loading=\"lazy\" decoding=\"async\" width=\"1000\" height=\"570\" src=\"https:\/\/storage.googleapis.com\/smartphoto-express-production-wp-blogs-com\/10\/2024\/10\/Elsie-smartphoto.jpg\" alt=\"\" class=\"wp-image-11870\" srcset=\"https:\/\/storage.googleapis.com\/smartphoto-express-production-wp-blogs-com\/10\/2024\/10\/Elsie-smartphoto.jpg 1000w, https:\/\/storage.googleapis.com\/smartphoto-express-production-wp-blogs-com\/10\/2024\/10\/Elsie-smartphoto-300x171.jpg 300w, https:\/\/storage.googleapis.com\/smartphoto-express-production-wp-blogs-com\/10\/2024\/10\/Elsie-smartphoto-768x438.jpg 768w\" sizes=\"auto, (max-width: 1000px) 100vw, 1000px\" \/><figcaption class=\"wp-element-caption\"><strong>Elsie, responsable du service client France-Belgique<\/strong><\/figcaption><\/figure><\/div>\n\n\n<h3 class=\"wp-block-heading\"><strong>Comment as-tu commenc\u00e9 et \u00e9volu\u00e9 chez smartphoto ?<\/strong><\/h3>\n\n\n\n<p>J\u2019ai \u00e9t\u00e9 engag\u00e9e pour le service d&rsquo;enregistrement et de facturation, et apr\u00e8s 6 mois, je suis devenue responsable d\u2019\u00e9quipe.&nbsp;Un peu plus tard, Extrafilm voulait ouvrir un service client\u00e8le pour le march\u00e9 allemand. Je ma\u00eetrisais bien l&rsquo;allemand et c\u2019est donc un d\u00e9fi qui m\u2019int\u00e9ressait. Ensuite, je suis devenue Production Management Assistant, puis j\u2019ai repris la gestion du service client pour la France et la Belgique. C\u2019\u00e9tait au d\u00e9but des ann\u00e9es 2000, lors de la transition de l\u2019analogique vers le digital.<\/p>\n\n\n<div class=\"wp-block-image\">\n<figure class=\"aligncenter size-full\"><img loading=\"lazy\" decoding=\"async\" width=\"1024\" height=\"768\" src=\"https:\/\/storage.googleapis.com\/smartphoto-express-production-wp-blogs-com\/10\/2024\/10\/spector-medewerkers-Medium.jpg\" alt=\"\" class=\"wp-image-11900\" srcset=\"https:\/\/storage.googleapis.com\/smartphoto-express-production-wp-blogs-com\/10\/2024\/10\/spector-medewerkers-Medium.jpg 1024w, https:\/\/storage.googleapis.com\/smartphoto-express-production-wp-blogs-com\/10\/2024\/10\/spector-medewerkers-Medium-300x225.jpg 300w, https:\/\/storage.googleapis.com\/smartphoto-express-production-wp-blogs-com\/10\/2024\/10\/spector-medewerkers-Medium-768x576.jpg 768w\" sizes=\"auto, (max-width: 1024px) 100vw, 1024px\" \/><figcaption class=\"wp-element-caption\">Photo d&rsquo;archive &#8211; le personnel de spector devant le b\u00e2timent de l&rsquo;entreprise<\/figcaption><\/figure><\/div>\n\n\n<h3 class=\"wp-block-heading\"><strong>Comment s\u2019est pass\u00e9e cette transition?<\/strong><\/h3>\n\n\n\n<p>C\u2019\u00e9tait une p\u00e9riode vraiment difficile. Dans ce genre de situation on dit toujours qu\u2019il faut \u201cla bonne personne au bon endroit\u201d: Stef [Decorte, le CEO actuel de smartphoto NDLR], qui \u00e9tait \u00e0 l\u2019\u00e9poque directeur financier, a vraiment eu l\u2019approche appropri\u00e9e.<strong> Il a su quoi faire et comment.<\/strong> Il est devenu CEO en 2006. Avec Ilse [Van Vaerenbergh, CCO actuelle de smartphoto, ndlr], qui \u00e9tait alors responsable des produits, ils ont repens\u00e9 l\u2019offre de smartphoto pour r\u00e9pondre aux nouveaux besoins des clients. Avec les livres photo, les cartes, les toiles photo etc. ils ont vraiment permis de relancer l\u2019entreprise. Ce sont ces produits \u00e0 haute valeur \u00e9motionnelle qui sont encore aujourd\u2019hui la cl\u00e9 de notre succ\u00e8s.&nbsp;<\/p>\n\n\n\n<blockquote class=\"wp-block-quote has-text-align-center is-layout-flow wp-block-quote-is-layout-flow\">\n<p>\u201c<strong>C\u2019\u00e9tait la bonne personne au bon endroit\u201d<\/strong><\/p>\n<\/blockquote>\n\n\n<div class=\"wp-block-image\">\n<figure class=\"aligncenter size-full\"><img loading=\"lazy\" decoding=\"async\" width=\"2048\" height=\"1366\" src=\"https:\/\/storage.googleapis.com\/smartphoto-express-production-wp-blogs-com\/10\/2024\/10\/Stef-Decorte-CEO-smartphoto.jpg\" alt=\"\" class=\"wp-image-11872\" srcset=\"https:\/\/storage.googleapis.com\/smartphoto-express-production-wp-blogs-com\/10\/2024\/10\/Stef-Decorte-CEO-smartphoto.jpg 2048w, https:\/\/storage.googleapis.com\/smartphoto-express-production-wp-blogs-com\/10\/2024\/10\/Stef-Decorte-CEO-smartphoto-300x200.jpg 300w, https:\/\/storage.googleapis.com\/smartphoto-express-production-wp-blogs-com\/10\/2024\/10\/Stef-Decorte-CEO-smartphoto-1024x683.jpg 1024w, https:\/\/storage.googleapis.com\/smartphoto-express-production-wp-blogs-com\/10\/2024\/10\/Stef-Decorte-CEO-smartphoto-768x512.jpg 768w, https:\/\/storage.googleapis.com\/smartphoto-express-production-wp-blogs-com\/10\/2024\/10\/Stef-Decorte-CEO-smartphoto-1536x1025.jpg 1536w\" sizes=\"auto, (max-width: 2048px) 100vw, 2048px\" \/><figcaption class=\"wp-element-caption\">Stef Decorte a longtemps \u00e9t\u00e9 directeur financier, et est aujourd\u2019hui le CEO de smartphoto<\/figcaption><\/figure><\/div>\n\n\n<h3 class=\"wp-block-heading\"><strong>Comment la culture de l\u2019entreprise a-t-elle \u00e9volu\u00e9 ?<\/strong><\/h3>\n\n\n\n<p>L&rsquo;entreprise avait d\u00e9j\u00e0 une approche centr\u00e9e sur le client, mais avec le temps \u00e7a s\u2019est encore davantage d\u00e9velopp\u00e9. Notamment gr\u00e2ce au site web, qui vise la simplicit\u00e9 d\u2019utilisation. On veille \u00e0 \u00eatre aussi proche que possible du client. \u00c7a se voit aussi dans la fa\u00e7on dont on communique, que ce soit verbalement ou \u00e0 l\u2019\u00e9crit. Chez smartphoto, le client trouve toujours une oreille attentive ! On l\u2019aide le plus possible, d\u2019une mani\u00e8re authentique et empathique.&nbsp;<\/p>\n\n\n\n<blockquote class=\"wp-block-quote has-text-align-center is-layout-flow wp-block-quote-is-layout-flow\">\n<p><strong>\u201cChez smartphoto, le client trouve toujours une oreille attentive !\u201d<\/strong><\/p>\n<\/blockquote>\n\n\n\n<h3 class=\"wp-block-heading\"><strong>As-tu v\u00e9cu des exp\u00e9riences particuli\u00e8rement touchantes en \u00e9tant au service client ?&nbsp;<\/strong><\/h3>\n\n\n\n<p>Les clients traversent parfois des situations particuli\u00e8rement difficiles, \u00e9prouvantes ou heureuses. Lorsqu\u2019ils nous en parlent, nous avons une certaine marge pour faire des gestes de soutien. Qu\u2019il s\u2019agisse d\u2019\u00e9crire une carte, de donner une r\u00e9duction sp\u00e9ciale ou, par exemple, d&rsquo;envoyer un petit cadeau. \u00c7a fait toute la diff\u00e9rence pour nous, car on ne peut pas rester insensible, on est touch\u00e9s par ce qui se passe.<\/p>\n\n\n\n<h3 class=\"wp-block-heading\"><strong>Un mot pour tes coll\u00e8gues \u00e0 l\u2019occasion des 40 ans de smartphoto ?<\/strong><\/h3>\n\n\n\n<p>Merci \u00e0 tous mes coll\u00e8gues ! L\u2019entreprise existe gr\u00e2ce \u00e0 vous qui avez donn\u00e9 le meilleur de vous-m\u00eames au fil des ann\u00e9es, \u00e0 ceux qui le font encore aujourd\u2019hui, et \u00e0 la nouvelle g\u00e9n\u00e9ration de coll\u00e8gues. \u201cTeam work makes the dream work\u201d !<\/p>\n\n\n\n<h3 class=\"wp-block-heading\"><strong>As-tu un produit pr\u00e9f\u00e9r\u00e9 ?&nbsp;<\/strong><\/h3>\n\n\n\n<div class=\"wp-block-media-text is-stacked-on-mobile\" style=\"grid-template-columns:35% auto\"><figure class=\"wp-block-media-text__media\"><img decoding=\"async\" src=\"https:\/\/storage.googleapis.com\/smartphoto-express-production-wp-blogs-com\/10\/2024\/10\/WallDeco2-edited.jpg\" alt=\"d\u00e9co sur le th\u00e8me du voyage\" class=\"wp-image-11892 size-full\" \/><\/figure><div class=\"wp-block-media-text__content\">\n<p>Il y en a beaucoup ! J\u2019aime bien <a href=\"https:\/\/www.smartphoto.be\/fr\/deco-photo\/poster-pele-mele?optiongroup=posterframe\">les cadres photo<\/a>, j\u2019en ai d\u00e9j\u00e0 plusieurs \u00e0 la maison. Je trouve \u00e7a tr\u00e8s bien fait, on le re\u00e7oit et on n\u2019a plus qu\u2019\u00e0 l\u2019accrocher.<\/p>\n<\/div><\/div>\n<\/div><\/div>\n\n\n\n<hr class=\"wp-block-separator has-alpha-channel-opacity\" \/>\n\n\n\n<div class=\"wp-block-group\"><div class=\"wp-block-group__inner-container is-layout-constrained wp-block-group-is-layout-constrained\">\n<div class=\"wp-block-group\"><div class=\"wp-block-group__inner-container is-layout-constrained wp-block-group-is-layout-constrained\">\n<h2 class=\"wp-block-heading\"><strong>\u00ab\u00a0Apr\u00e8s 39 ans, je travaille toujours avec autant d&rsquo;enthousiasme\u00a0\u00bb &#8211; Nancy<\/strong><\/h2>\n\n\n\n<p><strong>Nancy travaille aujourd&rsquo;hui au service qualit\u00e9 de l&rsquo;atelier de production. Elle est partout \u00e0 la fois, s&rsquo;assurant que les commandes envoy\u00e9es correspondent aux standards de qualit\u00e9 \u00e9lev\u00e9s de smartphoto. Elle est \u00e9galement le contact privil\u00e9gi\u00e9 du service client. Apr\u00e8s 39 ans de carri\u00e8re, elle travaille toujours avec beaucoup d&rsquo;enthousiasme !<\/strong><\/p>\n\n\n<div class=\"wp-block-image\">\n<figure class=\"aligncenter size-full\"><img loading=\"lazy\" decoding=\"async\" width=\"960\" height=\"485\" src=\"https:\/\/storage.googleapis.com\/smartphoto-express-production-wp-blogs-com\/10\/2024\/10\/Production_Shoot_153-Nancy-De-Moor.jpeg\" alt=\"\" class=\"wp-image-11874\" srcset=\"https:\/\/storage.googleapis.com\/smartphoto-express-production-wp-blogs-com\/10\/2024\/10\/Production_Shoot_153-Nancy-De-Moor.jpeg 960w, https:\/\/storage.googleapis.com\/smartphoto-express-production-wp-blogs-com\/10\/2024\/10\/Production_Shoot_153-Nancy-De-Moor-300x152.jpeg 300w, https:\/\/storage.googleapis.com\/smartphoto-express-production-wp-blogs-com\/10\/2024\/10\/Production_Shoot_153-Nancy-De-Moor-768x388.jpeg 768w\" sizes=\"auto, (max-width: 960px) 100vw, 960px\" \/><figcaption class=\"wp-element-caption\"><strong>Nancy De Moor, Op\u00e9rateur de production &#8211; Apr\u00e8s-vente<\/strong><\/figcaption><\/figure><\/div>\n\n\n<h3 class=\"wp-block-heading\"><strong>Comment d\u00e9crirais-tu ta carri\u00e8re chez smartphoto ? <\/strong><\/h3>\n\n\n\n<p>Ma carri\u00e8re a \u00e9t\u00e9 tr\u00e8s vari\u00e9e. J&rsquo;ai commenc\u00e9 dans le d\u00e9partement du <em>minilab<\/em>, o\u00f9 nous d\u00e9veloppions des bobines de film. Il me semble que c&rsquo;\u00e9tait il y a bien longtemps ! Je travaille aujourd&rsquo;hui dans le service qualit\u00e9. <strong>Le passage de l&rsquo;\u00e8re analogique au monde num\u00e9rique a fa\u00e7onn\u00e9 ma carri\u00e8re<\/strong> et m&rsquo;a donn\u00e9 l&rsquo;occasion d&rsquo;acqu\u00e9rir constamment de nouvelles comp\u00e9tences. Il n&rsquo;y a pas deux jours identiques ici, et cette diversit\u00e9 m&rsquo;a toujours motiv\u00e9e.<\/p>\n\n\n\n<blockquote class=\"wp-block-quote has-text-align-center is-layout-flow wp-block-quote-is-layout-flow\">\n<p>\u00ab\u00a0<strong>Il n&rsquo;y a pas deux jours identiques ici, et cette diversit\u00e9 m&rsquo;a toujours motiv\u00e9e.\u00a0\u00bb<\/strong><\/p>\n<\/blockquote>\n\n\n<div class=\"wp-block-image\">\n<figure class=\"aligncenter size-full\"><img loading=\"lazy\" decoding=\"async\" width=\"1024\" height=\"549\" src=\"https:\/\/storage.googleapis.com\/smartphoto-express-production-wp-blogs-com\/10\/2024\/10\/Atelier-dimpression-photo-annees-1990-Spector.jpg\" alt=\"\" class=\"wp-image-11878\" srcset=\"https:\/\/storage.googleapis.com\/smartphoto-express-production-wp-blogs-com\/10\/2024\/10\/Atelier-dimpression-photo-annees-1990-Spector.jpg 1024w, https:\/\/storage.googleapis.com\/smartphoto-express-production-wp-blogs-com\/10\/2024\/10\/Atelier-dimpression-photo-annees-1990-Spector-300x161.jpg 300w, https:\/\/storage.googleapis.com\/smartphoto-express-production-wp-blogs-com\/10\/2024\/10\/Atelier-dimpression-photo-annees-1990-Spector-768x412.jpg 768w\" sizes=\"auto, (max-width: 1024px) 100vw, 1024px\" \/><figcaption class=\"wp-element-caption\">L&rsquo;atelier de d\u00e9veloppement photo dans les ann\u00e9es 1990<\/figcaption><\/figure><\/div>\n\n\n<h3 class=\"wp-block-heading\"><strong>Comment la culture d&rsquo;entreprise de smartphoto a-t-elle \u00e9volu\u00e9 ?<\/strong><\/h3>\n\n\n\n<p>L&rsquo;\u00e9volution de la photographie a \u00e9t\u00e9 impressionnante. Smartphoto a embrass\u00e9 le monde num\u00e9rique, ce qui est \u00e0 mon avis la cl\u00e9 de son succ\u00e8s durable : \u00eatre toujours pr\u00eat pour de nouveaux d\u00e9fis. Lorsque j&rsquo;ai commenc\u00e9, nous d\u00e9veloppions encore des rouleaux de pellicule manuellement, et chaque d\u00e9tail devait \u00eatre parfait. Le passage \u00e0 la photographie num\u00e9rique a \u00e9t\u00e9 un \u00e9norme changement, non seulement pour nous en tant qu&#8217;employ\u00e9s, mais aussi pour l&rsquo;ensemble du secteur. C&rsquo;\u00e9tait une adaptation, mais elle nous a permis de travailler beaucoup plus efficacement et d&rsquo;offrir davantage de possibilit\u00e9s cr\u00e9atives \u00e0 nos clients.<\/p>\n\n\n\n<blockquote class=\"wp-block-quote is-layout-flow wp-block-quote-is-layout-flow\">\n<p class=\"has-text-align-center\"><strong>\u00ab\u00a0\u00catre toujours pr\u00eat pour de nouveaux d\u00e9fis\u00a0\u00bb <br>Voil\u00e0 la cl\u00e9 du succ\u00e8s durable de smartphoto selon Nancy.<\/strong><\/p>\n<\/blockquote>\n\n\n<div class=\"wp-block-image\">\n<figure class=\"aligncenter size-full\"><img decoding=\"async\" src=\"https:\/\/storage.googleapis.com\/smartphoto-express-production-wp-blogs-com\/10\/2024\/10\/Customers-spector-edited.jpg\" alt=\"\" class=\"wp-image-11876\" \/><figcaption class=\"wp-element-caption\">Des clients de Spector d\u00e9couvrent leurs photos<\/figcaption><\/figure><\/div>\n\n\n<h3 class=\"wp-block-heading\"><strong>Quels conseils donnerais-tu aux nouveaux coll\u00e8gues ?<\/strong><\/h3>\n\n\n\n<p>Travailler chez Smartphoto, c&rsquo;est travailler dans un environnement agr\u00e9able : il y a beaucoup de vari\u00e9t\u00e9 dans le travail, des pauses sympas, des f\u00eates amusantes, de super coll\u00e8gues, et un bon encadrement par votre chef d&rsquo;\u00e9quipe et les RH.<\/p>\n\n\n\n<h3 class=\"wp-block-heading\"><strong>As-tu un produit pr\u00e9f\u00e9r\u00e9 ?<\/strong><\/h3>\n\n\n\n<div class=\"wp-block-media-text is-stacked-on-mobile\"><figure class=\"wp-block-media-text__media\"><img decoding=\"async\" src=\"https:\/\/storage.googleapis.com\/smartphoto-express-production-wp-blogs-com\/10\/2024\/10\/Souvenirs-de-lete-edited.jpeg\" alt=\"\" class=\"wp-image-11891 size-full\" \/><\/figure><div class=\"wp-block-media-text__content\">\n<p>Oui, sans aucun doute <a href=\"https:\/\/www.smartphoto.be\/fr\/livre-photo\">le livre photo<\/a> ! Pouvoir se rem\u00e9morer des moments importants et les partager avec ses amis et sa famille reste une exp\u00e9rience \u00e9motionnelle. Un livre photo rend les souvenirs tangibles et les pr\u00e9serve pour l&rsquo;avenir. <strong>C&rsquo;est un produit qui ne perd jamais sa valeur, quel que soit le degr\u00e9 de num\u00e9risation du monde. <\/strong><\/p>\n<\/div><\/div>\n<\/div><\/div>\n<\/div><\/div>\n\n\n\n<hr class=\"wp-block-separator has-alpha-channel-opacity\" \/>\n\n\n\n<div class=\"wp-block-group\"><div class=\"wp-block-group__inner-container is-layout-constrained wp-block-group-is-layout-constrained\">\n<h2 class=\"wp-block-heading\"><strong>\u201cJe n\u2019ai jamais eu l\u2019impression de travailler\u201d &#8211; Isabelle<\/strong> <\/h2>\n\n\n\n<p><strong>En 1997, Isabelle accepte son premier job chez Spector. Et 27 ans plus tard, elle est toujours l\u00e0 ! Selon ses dires, elle n\u2019a d\u2019ailleurs jamais eu l\u2019impression de travailler \ud83d\ude09<\/strong><\/p>\n\n\n<div class=\"wp-block-image\">\n<figure class=\"aligncenter size-full\"><img loading=\"lazy\" decoding=\"async\" width=\"941\" height=\"510\" src=\"https:\/\/storage.googleapis.com\/smartphoto-express-production-wp-blogs-com\/10\/2024\/10\/Isabelle-smartphoto.jpg\" alt=\"\" class=\"wp-image-11865\" srcset=\"https:\/\/storage.googleapis.com\/smartphoto-express-production-wp-blogs-com\/10\/2024\/10\/Isabelle-smartphoto.jpg 941w, https:\/\/storage.googleapis.com\/smartphoto-express-production-wp-blogs-com\/10\/2024\/10\/Isabelle-smartphoto-300x163.jpg 300w, https:\/\/storage.googleapis.com\/smartphoto-express-production-wp-blogs-com\/10\/2024\/10\/Isabelle-smartphoto-768x416.jpg 768w\" sizes=\"auto, (max-width: 941px) 100vw, 941px\" \/><figcaption class=\"wp-element-caption\"><strong>Isabelle, employ\u00e9e au service client Belgique-France<\/strong><\/figcaption><\/figure><\/div>\n\n\n<h3 class=\"wp-block-heading\"><strong>Quand es-tu arriv\u00e9e chez smartphoto et quel fut ton parcours ?<\/strong><\/h3>\n\n\n\n<p>J\u2019ai commenc\u00e9 \u00e0 travailler chez smartphoto en 1997.<strong> C\u2019\u00e9tait mon premier job. <\/strong>J\u2019ai commenc\u00e9 avec un contrat temporaire en Juillet, et en d\u00e9cembre ils m\u2019ont rappel\u00e9e pour rejoindre l\u2019entreprise. <\/p>\n\n\n\n<p>Au d\u00e9but, je travaillais sur l\u2019une des <strong>4 lignes d\u2019enregistrement des pellicules<\/strong>. Il y avait une \u00e9quipe du matin, et une \u00e9quipe de l\u2019apr\u00e8s-midi. Il est arriv\u00e9 en \u00e9t\u00e9 qu\u2019on trie jusqu\u2019\u00e0 40.000 pellicules par jour. Apr\u00e8s un moment, je suis devenue <strong>responsable de l\u2019\u00e9quipe de l\u2019apr\u00e8s-midi<\/strong>. Ensuite, je suis pass\u00e9e au service d\u2019<strong>enregistrement des ch\u00e8ques<\/strong>. Nous recevions des bacs \u00e9normes de ch\u00e8ques qu\u2019il fallait encoder.<\/p>\n\n\n<div class=\"wp-block-image\">\n<figure class=\"aligncenter size-full\"><img decoding=\"async\" src=\"https:\/\/storage.googleapis.com\/smartphoto-express-production-wp-blogs-com\/10\/2024\/10\/2001-Ligne-de-triage-des-rouleaux-de-pellicule-argentique-smartphoto-extrafilm-edited.jpg\" alt=\"\" class=\"wp-image-11867\" \/><figcaption class=\"wp-element-caption\">Photo d&rsquo;archive : les pellicules arrivaient dans des enveloppes et elles \u00e9taient soigneusement tri\u00e9es, puis enregistr\u00e9s et libell\u00e9es automatiquement avant d\u2019\u00eatre d\u00e9velopp\u00e9es. Elles recevaient un code unique pour pouvoir envoyer les bonnes photos aux bons clients.<\/figcaption><\/figure><\/div>\n\n\n<p>Au d\u00e9but des ann\u00e9es 2000, Elsie, la responsable du <strong>service client<\/strong>, cherchait quelqu\u2019un pour s\u2019occuper des clients suisses. J\u2019ai toujours aim\u00e9 les langues, je parlais assez bien fran\u00e7ais, alors je suis arriv\u00e9e au service clients et j\u2019y suis rest\u00e9e jusqu\u2019ici. <strong>Je n\u2019ai jamais eu l\u2019impression de travailler ! Quand j\u2019arrive au bureau, c\u2019est comme arriver \u00e0 la maison.&nbsp;<\/strong><\/p>\n\n\n\n<h3 class=\"wp-block-heading\"><strong>Quel a \u00e9t\u00e9 le plus gros changement pour toi chez smartphoto ?&nbsp;<\/strong><\/h3>\n\n\n\n<p>C\u2019est d\u00e9finitivement le passage \u00e0 l\u2019\u00e8re num\u00e9rique. On est pass\u00e9s de la photo argentique au num\u00e9rique tr\u00e8s rapidement, avec des \u00e9volutions vari\u00e9es : <strong>d\u2019abord les pellicules et les appareils jetables, puis l\u2019\u00e9poque des CDs et cartes m\u00e9moires, et enfin le site Web<\/strong>.<\/p>\n\n\n\n<h3 class=\"wp-block-heading\"><strong>Y a-t-il des m\u00e9tiers qui ont disparu avec le passage au num\u00e9rique ?&nbsp;<\/strong><\/h3>\n\n\n\n<p>Certaines t\u00e2ches comme l\u2019emballage des colis sont maintenant automatis\u00e9es. Il y avait aussi des chauffeurs qui allaient chercher et d\u00e9poser les commandes chez les photographes pour Spector.<\/p>\n\n\n<div class=\"wp-block-image\">\n<figure class=\"aligncenter size-full\"><img loading=\"lazy\" decoding=\"async\" width=\"1000\" height=\"524\" src=\"https:\/\/storage.googleapis.com\/smartphoto-express-production-wp-blogs-com\/10\/2024\/10\/Voitures-des-livreurs-spector-extrafilm-dbm-Color.jpg\" alt=\"\" class=\"wp-image-11869\" srcset=\"https:\/\/storage.googleapis.com\/smartphoto-express-production-wp-blogs-com\/10\/2024\/10\/Voitures-des-livreurs-spector-extrafilm-dbm-Color.jpg 1000w, https:\/\/storage.googleapis.com\/smartphoto-express-production-wp-blogs-com\/10\/2024\/10\/Voitures-des-livreurs-spector-extrafilm-dbm-Color-300x157.jpg 300w, https:\/\/storage.googleapis.com\/smartphoto-express-production-wp-blogs-com\/10\/2024\/10\/Voitures-des-livreurs-spector-extrafilm-dbm-Color-768x402.jpg 768w\" sizes=\"auto, (max-width: 1000px) 100vw, 1000px\" \/><figcaption class=\"wp-element-caption\">Photo d&rsquo;archives: les chauffeurs et voitures de livraison devant le b\u00e2timent de DBM Colors<\/figcaption><\/figure><\/div>\n\n\n<h3 class=\"wp-block-heading\"><strong>La culture de l\u2019entreprise a-t-elle beaucoup chang\u00e9 ?&nbsp;<\/strong><\/h3>\n\n\n\n<p>Honn\u00eatement, je ne trouve pas. On a toujours le sentiment d\u2019\u00eatre une sorte de famille.<strong> <\/strong>Je n\u2019ai jamais eu l\u2019impression de travailler.<strong> Il y a beaucoup d\u2019empathie et de respect, que ce soit envers les clients ou entre coll\u00e8gues.<\/strong> La culture de l\u2019entreprise se refl\u00e8te dans la fa\u00e7on de parler aux clients: on les traite plus comme des amis que comme des clients.<\/p>\n\n\n\n<p>Pour moi, le secret de la long\u00e9vit\u00e9 de smartphoto, c\u2019est l\u2019innovation. On cherche \u00e0 satisfaire les clients de toutes les mani\u00e8res possibles et \u00e7a nous pousse \u00e0 trouver de nouvelles solutions tout le temps.<\/p>\n\n\n\n<blockquote class=\"wp-block-quote is-layout-flow wp-block-quote-is-layout-flow\">\n<p class=\"has-text-align-center\">\u00ab\u00a0<strong>Pour moi, le secret de la long\u00e9vit\u00e9 de smartphoto, c\u2019est l\u2019innovation.&nbsp;<\/strong>\u00ab\u00a0<\/p>\n<\/blockquote>\n\n\n\n<h3 class=\"wp-block-heading\"><strong>Quelles sont les valeurs que tu as en commun avec smartphoto ?<\/strong><\/h3>\n\n\n\n<p>C\u2019est une entreprise honn\u00eate envers le client et il y a des contacts chaleureux entre coll\u00e8gues, m\u00eame entre diff\u00e9rents services. On est respect\u00e9s pour le travail qu\u2019on fait, et nous sommes motiv\u00e9s.<\/p>\n\n\n\n<h3 class=\"wp-block-heading\"><strong>Quel est ton souhait pour l\u2019avenir de smartphoto ?<\/strong><\/h3>\n\n\n\n<p>Rendre encore plus de personnes heureuses, leur offrir de beaux souvenirs pendant de nombreuses ann\u00e9es encore. Chaque client, chaque produit a une histoire, on sait \u00e0 quel point c\u2019est important pour eux et on le traite comme tel.<\/p>\n\n\n\n<blockquote class=\"wp-block-quote is-layout-flow wp-block-quote-is-layout-flow\">\n<p class=\"has-text-align-center\">\u00ab\u00a0<strong>Chaque client, chaque produit a une histoire<\/strong>\u00ab\u00a0<\/p>\n<\/blockquote>\n\n\n<div class=\"wp-block-image\">\n<figure class=\"aligncenter size-full\"><img decoding=\"async\" src=\"https:\/\/storage.googleapis.com\/smartphoto-express-production-wp-blogs-com\/10\/2024\/10\/Clients-smartphoto-Avec-livre-photo-edited.jpg\" alt=\"\" class=\"wp-image-11885\" \/><\/figure><\/div>\n\n\n<h3 class=\"wp-block-heading\"><strong>Un mot pour tes coll\u00e8gues \u00e0 l\u2019occasion des 40 ans de smartphoto ?<\/strong><\/h3>\n\n\n\n<p>Je suis contente de vous avoir dans mon \u00e9quipe, on a fait un bon travail, et surtout on a travaill\u00e9 ensemble. On a tous besoin les uns des autres. Par exemple, c\u2019est crucial pour nous au service client de pouvoir compter sur Marianne et Nancy \u00e0 l\u2019atelier : elles font tout ce qu\u2019il faut pour nous aider. Quand il y a un souci avec une commande ou une question d\u2019un client, on sait qu\u2019on peut vraiment compter sur elles.<\/p>\n\n\n\n<h3 class=\"wp-block-heading\"><strong>As-tu un produit pr\u00e9f\u00e9r\u00e9 ?<\/strong><\/h3>\n\n\n\n<div class=\"wp-block-media-text is-stacked-on-mobile\"><figure class=\"wp-block-media-text__media\"><img loading=\"lazy\" decoding=\"async\" width=\"757\" height=\"520\" src=\"https:\/\/storage.googleapis.com\/smartphoto-express-production-wp-blogs-com\/10\/2019\/07\/Slideshow_Baby_AcrylBlock.jpg\" alt=\"\" class=\"wp-image-8872 size-full\" srcset=\"https:\/\/storage.googleapis.com\/smartphoto-express-production-wp-blogs-com\/10\/2019\/07\/Slideshow_Baby_AcrylBlock.jpg 757w, https:\/\/storage.googleapis.com\/smartphoto-express-production-wp-blogs-com\/10\/2019\/07\/Slideshow_Baby_AcrylBlock-300x206.jpg 300w\" sizes=\"auto, (max-width: 757px) 100vw, 757px\" \/><\/figure><div class=\"wp-block-media-text__content\">\n<p>J\u2019aime tout, mais surtout les livres photo ! Et la petite <a href=\"https:\/\/www.smartphoto.fr\/cadeaux-photo\/photo-sur-verre\">photo sur verre<\/a> \u00e0 poser. Ce sont des cadeaux qui restent toute une vie.<\/p>\n<\/div><\/div>\n<\/div><\/div>\n\n\n\n<hr class=\"wp-block-separator has-alpha-channel-opacity\" \/>\n\n\n\n<h2 class=\"wp-block-heading\">Le mot de la fin, mais ce n&rsquo;est que le d\u00e9but&#8230;<\/h2>\n\n\n\n<p>Merci \u00e0 nos trois coll\u00e8gues qui, en partageant leur histoire, nous permettent d&rsquo;illustrer combien <strong>la connexion, l&rsquo;innovation et l&rsquo;attention au d\u00e9tail <\/strong>ont jou\u00e9 un r\u00f4le cl\u00e9 dans la transformation de l&rsquo;entreprise. Gr\u00e2ce \u00e0 de nombreuses personnes qui, comme elles, ont donn\u00e9 le meilleur d&rsquo;elles-m\u00eame tout au long de leur carri\u00e8re, smartphoto est d\u00e9sormais un leader des e-commerce en mati\u00e8re d&rsquo;impression num\u00e9rique, de cadeaux personnalis\u00e9s et de produits photo.<\/p>\n\n\n\n<p>L&rsquo;histoire compl\u00e8te de smartphoto est <strong>une riche histoire d&rsquo;innovation, de pers\u00e9v\u00e9rance et d&rsquo;adaptation aux nouvelles technologies<\/strong>. Si vous souhaitez approfondir ce voyage de l&rsquo;analogique au num\u00e9rique, n&rsquo;h\u00e9sitez pas \u00e0 consulter notre article \u00ab <a href=\"https:\/\/www.smartphoto.be\/inspiration\/histoire-de-smartphoto\">De l&rsquo;analogique au num\u00e9rique<\/a> \u00bb, dans lequel nous abordons en d\u00e9tail les points forts de cette transformation.<\/p>\n\n\n<div class=\"wp-block-image\">\n<figure class=\"aligncenter size-full\"><img loading=\"lazy\" decoding=\"async\" width=\"1000\" height=\"500\" src=\"https:\/\/storage.googleapis.com\/smartphoto-express-production-wp-blogs-com\/10\/2024\/10\/Smartphoto-France-fete-40-ans-de-sourires.jpg\" alt=\"\" class=\"wp-image-11897\" srcset=\"https:\/\/storage.googleapis.com\/smartphoto-express-production-wp-blogs-com\/10\/2024\/10\/Smartphoto-France-fete-40-ans-de-sourires.jpg 1000w, https:\/\/storage.googleapis.com\/smartphoto-express-production-wp-blogs-com\/10\/2024\/10\/Smartphoto-France-fete-40-ans-de-sourires-300x150.jpg 300w, https:\/\/storage.googleapis.com\/smartphoto-express-production-wp-blogs-com\/10\/2024\/10\/Smartphoto-France-fete-40-ans-de-sourires-768x384.jpg 768w\" sizes=\"auto, (max-width: 1000px) 100vw, 1000px\" \/><figcaption class=\"wp-element-caption\">Photo du personnel pour les 40 ans de smartphoto.fr, 2024<\/figcaption><\/figure><\/div>","protected":false},"excerpt":{"rendered":"<p>Pour les 40 ans de smartphoto, allons \u00e0 la rencontre de 3 employ\u00e9es. Leur point commun ? Apr\u00e8s une longue carri\u00e8re dans l\u2019entreprise, elles font encore aujourd\u2019hui partie de l\u2019aventure. C\u2019est dans leurs souvenirs que nous allons puiser des anecdotes et des informations pr\u00e9cieuses sur l\u2019histoire de smartphoto, qui est aussi celle du passage au nouveau si\u00e8cle et \u00e0 l\u2019\u00e8re digitale. Une tr\u00e8s longue histoire En 1938, lorsque Oscar De Bucke ouvre le premier magasin de photo de son village en Belgique, il ne se doute pas qu\u2019il pose la premi\u00e8re pierre de ce qui sera plus tard un v\u00e9ritable<\/p>\n","protected":false},"author":39,"featured_media":11897,"comment_status":"open","ping_status":"open","sticky":false,"template":"","format":"standard","meta":{"om_disable_all_campaigns":false,"_monsterinsights_skip_tracking":false,"_monsterinsights_sitenote_active":false,"_monsterinsights_sitenote_note":"","_monsterinsights_sitenote_category":0,"footnotes":""},"categories":[1],"tags":[],"class_list":["post-11864","post","type-post","status-publish","format-standard","has-post-thumbnail","hentry","category-smartphoto"],"yoast_head":"<!-- This site is optimized with the Yoast SEO plugin v23.8 - https:\/\/yoast.com\/wordpress\/plugins\/seo\/ -->\n<title>40 ans de sourires: les employ\u00e9s de smartphoto racontent - smartphoto FR<\/title>\n<meta name=\"robots\" content=\"index, follow, max-snippet:-1, max-image-preview:large, max-video-preview:-1\" \/>\n<link rel=\"canonical\" href=\"https:\/\/www.smartphoto.fr\/inspiration\/40-ans-de-sourires\" \/>\n<meta property=\"og:locale\" content=\"fr_FR\" \/>\n<meta property=\"og:type\" content=\"article\" \/>\n<meta property=\"og:title\" content=\"40 ans de sourires: les employ\u00e9s de smartphoto racontent - smartphoto FR\" \/>\n<meta property=\"og:description\" content=\"Pour les 40 ans de smartphoto, allons \u00e0 la rencontre de 3 employ\u00e9es. Leur point commun ? Apr\u00e8s une longue carri\u00e8re dans l\u2019entreprise, elles font encore aujourd\u2019hui partie de l\u2019aventure. C\u2019est dans leurs souvenirs que nous allons puiser des anecdotes et des informations pr\u00e9cieuses sur l\u2019histoire de smartphoto, qui est aussi celle du passage au nouveau si\u00e8cle et \u00e0 l\u2019\u00e8re digitale. Une tr\u00e8s longue histoire En 1938, lorsque Oscar De Bucke ouvre le premier magasin de photo de son village en Belgique, il ne se doute pas qu\u2019il pose la premi\u00e8re pierre de ce qui sera plus tard un v\u00e9ritable\" \/>\n<meta property=\"og:url\" content=\"https:\/\/www.smartphoto.fr\/inspiration\/40-ans-de-sourires\" \/>\n<meta property=\"og:site_name\" content=\"smartphoto FR\" \/>\n<meta property=\"article:publisher\" content=\"https:\/\/www.facebook.com\/smartphoto.fr\" \/>\n<meta property=\"article:published_time\" content=\"2024-10-31T16:32:26+00:00\" \/>\n<meta property=\"article:modified_time\" content=\"2024-10-31T16:37:25+00:00\" \/>\n<meta property=\"og:image\" content=\"https:\/\/storage.googleapis.com\/smartphoto-express-production-wp-blogs-com\/10\/2024\/10\/Smartphoto-France-fete-40-ans-de-sourires.jpg\" \/>\n\t<meta property=\"og:image:width\" content=\"1000\" \/>\n\t<meta property=\"og:image:height\" content=\"500\" \/>\n\t<meta property=\"og:image:type\" content=\"image\/jpeg\" \/>\n<meta name=\"author\" content=\"Caroline\" \/>\n<meta name=\"twitter:card\" content=\"summary_large_image\" \/>\n<meta name=\"twitter:creator\" content=\"@smartphoto_fr\" \/>\n<meta name=\"twitter:site\" content=\"@smartphoto_fr\" \/>\n<meta name=\"twitter:label1\" content=\"Written by\" \/>\n\t<meta name=\"twitter:data1\" content=\"Caroline\" \/>\n\t<meta name=\"twitter:label2\" content=\"Est. reading time\" \/>\n\t<meta name=\"twitter:data2\" content=\"13 minutes\" \/>\n<script type=\"application\/ld+json\" class=\"yoast-schema-graph\">{\"@context\":\"https:\/\/schema.org\",\"@graph\":[{\"@type\":\"WebPage\",\"@id\":\"https:\/\/www.smartphoto.fr\/inspiration\/40-ans-de-sourires\",\"url\":\"https:\/\/www.smartphoto.fr\/inspiration\/40-ans-de-sourires\",\"name\":\"40 ans de sourires: les employ\u00e9s de smartphoto racontent - smartphoto FR\",\"isPartOf\":{\"@id\":\"https:\/\/www.smartphoto.fr\/inspiration\/#website\"},\"primaryImageOfPage\":{\"@id\":\"https:\/\/www.smartphoto.fr\/inspiration\/40-ans-de-sourires#primaryimage\"},\"image\":{\"@id\":\"https:\/\/www.smartphoto.fr\/inspiration\/40-ans-de-sourires#primaryimage\"},\"thumbnailUrl\":\"https:\/\/storage.googleapis.com\/smartphoto-express-production-wp-blogs-com\/10\/2024\/10\/Smartphoto-France-fete-40-ans-de-sourires.jpg\",\"datePublished\":\"2024-10-31T16:32:26+00:00\",\"dateModified\":\"2024-10-31T16:37:25+00:00\",\"author\":{\"@id\":\"https:\/\/www.smartphoto.fr\/inspiration\/#\/schema\/person\/14abe7c86f4bda0d741e3ec66a39733e\"},\"breadcrumb\":{\"@id\":\"https:\/\/www.smartphoto.fr\/inspiration\/40-ans-de-sourires#breadcrumb\"},\"inLanguage\":\"fr-FR\",\"potentialAction\":[{\"@type\":\"ReadAction\",\"target\":[\"https:\/\/www.smartphoto.fr\/inspiration\/40-ans-de-sourires\"]}]},{\"@type\":\"ImageObject\",\"inLanguage\":\"fr-FR\",\"@id\":\"https:\/\/www.smartphoto.fr\/inspiration\/40-ans-de-sourires#primaryimage\",\"url\":\"https:\/\/storage.googleapis.com\/smartphoto-express-production-wp-blogs-com\/10\/2024\/10\/Smartphoto-France-fete-40-ans-de-sourires.jpg\",\"contentUrl\":\"https:\/\/storage.googleapis.com\/smartphoto-express-production-wp-blogs-com\/10\/2024\/10\/Smartphoto-France-fete-40-ans-de-sourires.jpg\",\"width\":1000,\"height\":500},{\"@type\":\"BreadcrumbList\",\"@id\":\"https:\/\/www.smartphoto.fr\/inspiration\/40-ans-de-sourires#breadcrumb\",\"itemListElement\":[{\"@type\":\"ListItem\",\"position\":1,\"name\":\"Home\",\"item\":\"https:\/\/www.smartphoto.fr\/inspiration\/\"},{\"@type\":\"ListItem\",\"position\":2,\"name\":\"40 ans de sourires: les employ\u00e9s de smartphoto racontent\"}]},{\"@type\":\"WebSite\",\"@id\":\"https:\/\/www.smartphoto.fr\/inspiration\/#website\",\"url\":\"https:\/\/www.smartphoto.fr\/inspiration\/\",\"name\":\"smartphoto FR\",\"description\":\"Le blog de smartphoto France.\",\"potentialAction\":[{\"@type\":\"SearchAction\",\"target\":{\"@type\":\"EntryPoint\",\"urlTemplate\":\"https:\/\/www.smartphoto.fr\/inspiration\/?s={search_term_string}\"},\"query-input\":{\"@type\":\"PropertyValueSpecification\",\"valueRequired\":true,\"valueName\":\"search_term_string\"}}],\"inLanguage\":\"fr-FR\"},{\"@type\":\"Person\",\"@id\":\"https:\/\/www.smartphoto.fr\/inspiration\/#\/schema\/person\/14abe7c86f4bda0d741e3ec66a39733e\",\"name\":\"Caroline\",\"image\":{\"@type\":\"ImageObject\",\"inLanguage\":\"fr-FR\",\"@id\":\"https:\/\/www.smartphoto.fr\/inspiration\/#\/schema\/person\/image\/\",\"url\":\"https:\/\/secure.gravatar.com\/avatar\/3bf4c2775ae12d0bb3bb504b56a0508c?s=96&d=mm&r=g\",\"contentUrl\":\"https:\/\/secure.gravatar.com\/avatar\/3bf4c2775ae12d0bb3bb504b56a0508c?s=96&d=mm&r=g\",\"caption\":\"Caroline\"},\"description\":\"Des id\u00e9es cr\u00e9atives pour vous inspirer, des sujets qui vous aident vraiment dans votre quotidien, voil\u00e0 ce que j'esp\u00e8re partager avec vous via ce blog. Quand je ne blogue pas pour smartphoto, je profites de bons moments en famille avec mon ch\u00e9ri et mes enfants, ou j'\u00e9tudie et je pratique le yoga.\",\"sameAs\":[\"http:\/\/www.smartphoto.fr\/inspiration\",\"https:\/\/www.instagram.com\/smartphoto_fr\/\"],\"url\":\"https:\/\/www.smartphoto.fr\/inspiration\/author\/caroline\"}]}<\/script>\n<!-- \/ Yoast SEO plugin. -->","yoast_head_json":{"title":"40 ans de sourires: les employ\u00e9s de smartphoto racontent - smartphoto FR","robots":{"index":"index","follow":"follow","max-snippet":"max-snippet:-1","max-image-preview":"max-image-preview:large","max-video-preview":"max-video-preview:-1"},"canonical":"https:\/\/www.smartphoto.fr\/inspiration\/40-ans-de-sourires","og_locale":"fr_FR","og_type":"article","og_title":"40 ans de sourires: les employ\u00e9s de smartphoto racontent - smartphoto FR","og_description":"Pour les 40 ans de smartphoto, allons \u00e0 la rencontre de 3 employ\u00e9es. Leur point commun ? Apr\u00e8s une longue carri\u00e8re dans l\u2019entreprise, elles font encore aujourd\u2019hui partie de l\u2019aventure. C\u2019est dans leurs souvenirs que nous allons puiser des anecdotes et des informations pr\u00e9cieuses sur l\u2019histoire de smartphoto, qui est aussi celle du passage au nouveau si\u00e8cle et \u00e0 l\u2019\u00e8re digitale. Une tr\u00e8s longue histoire En 1938, lorsque Oscar De Bucke ouvre le premier magasin de photo de son village en Belgique, il ne se doute pas qu\u2019il pose la premi\u00e8re pierre de ce qui sera plus tard un v\u00e9ritable","og_url":"https:\/\/www.smartphoto.fr\/inspiration\/40-ans-de-sourires","og_site_name":"smartphoto FR","article_publisher":"https:\/\/www.facebook.com\/smartphoto.fr","article_published_time":"2024-10-31T16:32:26+00:00","article_modified_time":"2024-10-31T16:37:25+00:00","og_image":[{"width":1000,"height":500,"url":"https:\/\/storage.googleapis.com\/smartphoto-express-production-wp-blogs-com\/10\/2024\/10\/Smartphoto-France-fete-40-ans-de-sourires.jpg","type":"image\/jpeg"}],"author":"Caroline","twitter_card":"summary_large_image","twitter_creator":"@smartphoto_fr","twitter_site":"@smartphoto_fr","twitter_misc":{"Written by":"Caroline","Est. reading time":"13 minutes"},"schema":{"@context":"https:\/\/schema.org","@graph":[{"@type":"WebPage","@id":"https:\/\/www.smartphoto.fr\/inspiration\/40-ans-de-sourires","url":"https:\/\/www.smartphoto.fr\/inspiration\/40-ans-de-sourires","name":"40 ans de sourires: les employ\u00e9s de smartphoto racontent - smartphoto FR","isPartOf":{"@id":"https:\/\/www.smartphoto.fr\/inspiration\/#website"},"primaryImageOfPage":{"@id":"https:\/\/www.smartphoto.fr\/inspiration\/40-ans-de-sourires#primaryimage"},"image":{"@id":"https:\/\/www.smartphoto.fr\/inspiration\/40-ans-de-sourires#primaryimage"},"thumbnailUrl":"https:\/\/storage.googleapis.com\/smartphoto-express-production-wp-blogs-com\/10\/2024\/10\/Smartphoto-France-fete-40-ans-de-sourires.jpg","datePublished":"2024-10-31T16:32:26+00:00","dateModified":"2024-10-31T16:37:25+00:00","author":{"@id":"https:\/\/www.smartphoto.fr\/inspiration\/#\/schema\/person\/14abe7c86f4bda0d741e3ec66a39733e"},"breadcrumb":{"@id":"https:\/\/www.smartphoto.fr\/inspiration\/40-ans-de-sourires#breadcrumb"},"inLanguage":"fr-FR","potentialAction":[{"@type":"ReadAction","target":["https:\/\/www.smartphoto.fr\/inspiration\/40-ans-de-sourires"]}]},{"@type":"ImageObject","inLanguage":"fr-FR","@id":"https:\/\/www.smartphoto.fr\/inspiration\/40-ans-de-sourires#primaryimage","url":"https:\/\/storage.googleapis.com\/smartphoto-express-production-wp-blogs-com\/10\/2024\/10\/Smartphoto-France-fete-40-ans-de-sourires.jpg","contentUrl":"https:\/\/storage.googleapis.com\/smartphoto-express-production-wp-blogs-com\/10\/2024\/10\/Smartphoto-France-fete-40-ans-de-sourires.jpg","width":1000,"height":500},{"@type":"BreadcrumbList","@id":"https:\/\/www.smartphoto.fr\/inspiration\/40-ans-de-sourires#breadcrumb","itemListElement":[{"@type":"ListItem","position":1,"name":"Home","item":"https:\/\/www.smartphoto.fr\/inspiration\/"},{"@type":"ListItem","position":2,"name":"40 ans de sourires: les employ\u00e9s de smartphoto racontent"}]},{"@type":"WebSite","@id":"https:\/\/www.smartphoto.fr\/inspiration\/#website","url":"https:\/\/www.smartphoto.fr\/inspiration\/","name":"smartphoto FR","description":"Le blog de smartphoto France.","potentialAction":[{"@type":"SearchAction","target":{"@type":"EntryPoint","urlTemplate":"https:\/\/www.smartphoto.fr\/inspiration\/?s={search_term_string}"},"query-input":{"@type":"PropertyValueSpecification","valueRequired":true,"valueName":"search_term_string"}}],"inLanguage":"fr-FR"},{"@type":"Person","@id":"https:\/\/www.smartphoto.fr\/inspiration\/#\/schema\/person\/14abe7c86f4bda0d741e3ec66a39733e","name":"Caroline","image":{"@type":"ImageObject","inLanguage":"fr-FR","@id":"https:\/\/www.smartphoto.fr\/inspiration\/#\/schema\/person\/image\/","url":"https:\/\/secure.gravatar.com\/avatar\/3bf4c2775ae12d0bb3bb504b56a0508c?s=96&d=mm&r=g","contentUrl":"https:\/\/secure.gravatar.com\/avatar\/3bf4c2775ae12d0bb3bb504b56a0508c?s=96&d=mm&r=g","caption":"Caroline"},"description":"Des id\u00e9es cr\u00e9atives pour vous inspirer, des sujets qui vous aident vraiment dans votre quotidien, voil\u00e0 ce que j'esp\u00e8re partager avec vous via ce blog. Quand je ne blogue pas pour smartphoto, je profites de bons moments en famille avec mon ch\u00e9ri et mes enfants, ou j'\u00e9tudie et je pratique le yoga.","sameAs":["http:\/\/www.smartphoto.fr\/inspiration","https:\/\/www.instagram.com\/smartphoto_fr\/"],"url":"https:\/\/www.smartphoto.fr\/inspiration\/author\/caroline"}]}},"_links":{"self":[{"href":"https:\/\/www.smartphoto.fr\/inspiration\/wp-json\/wp\/v2\/posts\/11864","targetHints":{"allow":["GET"]}}],"collection":[{"href":"https:\/\/www.smartphoto.fr\/inspiration\/wp-json\/wp\/v2\/posts"}],"about":[{"href":"https:\/\/www.smartphoto.fr\/inspiration\/wp-json\/wp\/v2\/types\/post"}],"author":[{"embeddable":true,"href":"https:\/\/www.smartphoto.fr\/inspiration\/wp-json\/wp\/v2\/users\/39"}],"replies":[{"embeddable":true,"href":"https:\/\/www.smartphoto.fr\/inspiration\/wp-json\/wp\/v2\/comments?post=11864"}],"version-history":[{"count":14,"href":"https:\/\/www.smartphoto.fr\/inspiration\/wp-json\/wp\/v2\/posts\/11864\/revisions"}],"predecessor-version":[{"id":11901,"href":"https:\/\/www.smartphoto.fr\/inspiration\/wp-json\/wp\/v2\/posts\/11864\/revisions\/11901"}],"wp:featuredmedia":[{"embeddable":true,"href":"https:\/\/www.smartphoto.fr\/inspiration\/wp-json\/wp\/v2\/media\/11897"}],"wp:attachment":[{"href":"https:\/\/www.smartphoto.fr\/inspiration\/wp-json\/wp\/v2\/media?parent=11864"}],"wp:term":[{"taxonomy":"category","embeddable":true,"href":"https:\/\/www.smartphoto.fr\/inspiration\/wp-json\/wp\/v2\/categories?post=11864"},{"taxonomy":"post_tag","embeddable":true,"href":"https:\/\/www.smartphoto.fr\/inspiration\/wp-json\/wp\/v2\/tags?post=11864"}],"curies":[{"name":"wp","href":"https:\/\/api.w.org\/{rel}","templated":true}]}}