{"id":11835,"date":"2024-08-01T16:21:22","date_gmt":"2024-08-01T14:21:22","guid":{"rendered":"https:\/\/www.smartphoto.fr\/inspiration\/?p=11835"},"modified":"2024-08-21T10:32:26","modified_gmt":"2024-08-21T08:32:26","slug":"meilleurs-quartiers-en-europe-prendre-des-photos","status":"publish","type":"post","link":"https:\/\/www.smartphoto.fr\/inspiration\/meilleurs-quartiers-en-europe-prendre-des-photos","title":{"rendered":"Les meilleurs quartiers en Europe pour prendre des photos en 2024"},"content":{"rendered":"\n<p>Visiter l&rsquo;Europe. Immortaliser vos vacances et vos d\u00e9couvertes \u00e0 travers de magnifiques photos. Voici les plus beaux quartiers \u00e0 explorer pour prendre des photos en 2024. Je vous propose de d\u00e9couvrir 8 lieux \u00e9poustouflants pour sublimer vos photos.<\/p>\n\n\n\n<h2 class=\"wp-block-heading\">1. Le quartier du Duomo et sa cath\u00e9drale \u00e0 Milan<\/h2>\n\n\n\n<p>Commen\u00e7ons notre parcours de l\u2019Europe par l\u2019Italie et plus pr\u00e9cis\u00e9ment par Milan et le quartier du Duomo.&nbsp;<\/p>\n\n\n\n<p>La Cath\u00e9drale de Milan, surnomm\u00e9e le Duomo, a une architecture unique en Europe. Sa construction s\u2019est \u00e9tal\u00e9e sur plusieurs ann\u00e9es avec de nombreuses modifications en cours de construction. Elle est situ\u00e9e dans le quartier centre de Milan. La place de D\u00f4me, qui borde la cath\u00e9drale, permet d\u2019avoir le recul n\u00e9cessaire pour faire des photos magnifiques. Pour en savoir plus son cet \u00e9difice vous pouvez consulter l\u2019article consacr\u00e9 \u00e0 la <a href=\"https:\/\/bonjourmilan.fr\/cathedrale-duomo-milan\/\">Cath\u00e9drale Duomo de Milan<\/a>.<\/p>\n\n\n<div class=\"wp-block-image\">\n<figure class=\"aligncenter size-full\"><img decoding=\"async\" src=\"https:\/\/storage.googleapis.com\/smartphoto-express-production-wp-blogs-com\/9\/2024\/05\/Quartier-Duomo-a-Milan-et-sa-cathedrale.jpg\" alt=\"\" class=\"wp-image-44884\" \/><\/figure><\/div>\n\n\n<div class=\"wp-block-media-text is-stacked-on-mobile\" style=\"grid-template-columns:52% auto\"><figure class=\"wp-block-media-text__media\"><a href=\"https:\/\/creativecommons.org\/licenses\/by-sa\/4.0,\"><img decoding=\"async\" src=\"https:\/\/upload.wikimedia.org\/wikipedia\/commons\/7\/7b\/DSC_2678_web.jpg\" alt=\"\" \/><\/a><\/figure><div class=\"wp-block-media-text__content\">\n<p><strong>Profitez d\u2019\u00eatre dans ce quartier pour admirer le Palais Royal de Milan !<\/strong> L\u00e0 aussi, un m\u00e9lange de styles architecturaux est pr\u00e9sent, allant du baroque au n\u00e9oclassique, d\u00fb aux modifications subies au cours de son histoire.<\/p>\n<\/div><\/div>\n\n\n\n<p>Cr\u00e9dit photo: Lucalari84, CC BY-SA 4.0 via Wikimedia Commons<\/p>\n\n\n\n<h2 class=\"wp-block-heading\">2. Le centre historique de Salzbourg<\/h2>\n\n\n\n<p>Remontons maintenant vers l\u2019Autriche.&nbsp;<\/p>\n\n\n\n<p>Difficile de choisir un quartier en particulier en Autriche tant il y a de palais imp\u00e9riaux, de paysages alpins et de villes pittoresques. Mais si je devais en choisir un seul, ce serait le centre historique de Salzbourg. Vous y traverserez la place de la r\u00e9sidence (Residentzplatz) o\u00f9 quatre chevaux semblent s\u2019\u00e9chapper de sa grande fontaine baroque. N\u2019oubliez pas d\u2019admirer au passage les palais des princes-archev\u00eaques qui entourent la place.&nbsp;<\/p>\n\n\n\n<p>De plus, la maison de Mozart se situe \u00e0 une dizaine de minutes \u00e0 pied de la place de la r\u00e9sidence. Imaginez-vous prendre une photo de vous \u00e0 c\u00f4t\u00e9 du pianoforte de Mozart !<\/p>\n\n\n\n<figure class=\"wp-block-image size-full\"><img decoding=\"async\" src=\"https:\/\/storage.googleapis.com\/smartphoto-express-production-wp-blogs-com\/9\/2024\/05\/Les-meilleurs-quartiers-en-Europe-pour-prendre-des-photos-en-2024-2.-Le-centre-historique-de-Salzbourg.jpg\" alt=\"\" class=\"wp-image-44887\" \/><\/figure>\n\n\n\n<h2 class=\"wp-block-heading\">3. La porte de Brandebourg \u00e0 Berlin<\/h2>\n\n\n\n<p>Continuons notre route vers le nord et vers la ville de Berlin en Allemagne.&nbsp;<\/p>\n\n\n\n<p>Le quartier central de Tiergarten \u00e0 Berlin est connu pour son parc immense ainsi que pour la colonne de la victoire. Mais le monument \u00e0 voir absolument est la porte de Brandebourg. Elle repr\u00e9sente un symbole de paix et de r\u00e9unification apr\u00e8s la chute du mur de Berlin. C\u2019est un lieu tr\u00e8s touristique \u00e0 visiter de jour comme \u00e0 la tomb\u00e9e de la nuit. Deux ambiances diff\u00e9rentes pour faire de tr\u00e8s belles photos. De jour, la luminosit\u00e9 fait \u00e9tinceler la porte. De nuit, les lumi\u00e8res artificielles la font briller de mille feux.<\/p>\n\n\n<div class=\"wp-block-image\">\n<figure class=\"aligncenter size-full\"><img decoding=\"async\" src=\"https:\/\/storage.googleapis.com\/smartphoto-express-production-wp-blogs-com\/9\/2024\/05\/Les-meilleurs-quartiers-en-Europe-pour-prendre-des-photos-en-2024-Porte-de-Brandebourg.jpg\" alt=\"\" class=\"wp-image-44888\" \/><\/figure><\/div>\n\n\n<p><\/p>\n\n\n\n<div class=\"wp-block-media-text is-stacked-on-mobile\" style=\"grid-template-columns:28% auto\"><figure class=\"wp-block-media-text__media\"><img decoding=\"async\" src=\"https:\/\/storage.googleapis.com\/smartphoto-express-production-wp-blogs-com\/9\/2024\/05\/Les-meilleurs-quartiers-en-Europe-pour-prendre-des-photos-en-2024-Cathedrale-de-Berlin.jpg\" alt=\"\" class=\"wp-image-44889 size-full\" \/><\/figure><div class=\"wp-block-media-text__content\">\n<p>Toujours dans le m\u00eame quartier, en vous dirigeant vers l\u2019Est \u00e0 une vingtaine de minutes \u00e0 pied, se dresse la <a href=\"https:\/\/bonjourberlin.fr\/berliner-dom\/\">Cath\u00e9drale de Berlin<\/a>.<\/p>\n<\/div><\/div>\n\n\n\n<h2 class=\"wp-block-heading\">4. Le quartier Gr\u00e0cia de Barcelone<\/h2>\n\n\n\n<p>Si vous visitez Barcelone, je vous conseille vivement d\u2019aller explorer le Park G\u00fcell, dans le quartier de Gr\u00e0cia, qui s\u2019\u00e9tend sur 12 hectares. Ce parc con\u00e7u par le c\u00e9l\u00e8bre architecte Antoni Gaudi r\u00e9v\u00e8le des tr\u00e9sors \u00e0 photographier. Tant la v\u00e9g\u00e9tation, l&rsquo;architecture, les c\u00e9l\u00e8bres mosa\u00efques que le ciel bleu catalan offrent des contrastes de couleurs splendides \u00e0 votre objectif.&nbsp;<\/p>\n\n\n\n<p>Le parc est connu pour ses mosa\u00efques qui recouvrent la plupart des surfaces et pour les sculptures d\u2019animaux, principalement la c\u00e9l\u00e8bre salamandre. Vous pourrez aussi d\u00e9couvrir la salle hypostyle, aussi connue sous le nom de la salle des 100 colonnes.&nbsp;<\/p>\n\n\n<div class=\"wp-block-image\">\n<figure class=\"aligncenter size-full\"><img decoding=\"async\" src=\"https:\/\/storage.googleapis.com\/smartphoto-express-production-wp-blogs-com\/9\/2024\/05\/Les-meilleurs-quartiers-en-Europe-pour-prendre-des-photos-en-2024-Cathedrale-de-Berlin-Park-Guell.jpg\" alt=\"\" class=\"wp-image-44890\" \/><\/figure><\/div>\n\n\n<h2 class=\"wp-block-heading\">5. Le quartier de Montmartre \u00e0 Paris<\/h2>\n\n\n\n<p>On ne peut pas visiter Paris sans aller faire un tour \u00e0 Montmartre. Ce quartier des artistes est \u00e9galement connu pour sa basilique du Sacr\u00e9-C\u0153ur. En tournant le dos \u00e0 la basilique vous aurez une vue saisissante surplombant Paris. Vous pourrez y prendre de superbes photos de Paris et du Sacr\u00e9-C\u0153ur mais \u00e9galement des ruelles pittoresques aux alentours de la place du Tertre. Cette place est le lieu de rendez-vous des artistes et vous aurez l\u2019occasion de vous y faire tirer le portrait, allant du portrait r\u00e9aliste \u00e0 la caricature en fonction de vos choix et de l\u2019artiste. La butte Montmartre a gard\u00e9 son charme d\u2019antan et vous permettra de faire une pause au milieu de l\u2019hyperactivit\u00e9 de Paris.<\/p>\n\n\n<div class=\"wp-block-image\">\n<figure class=\"aligncenter size-large\"><a href=\"https:\/\/creativecommons.org\/licenses\/by-sa\/4.0\"><img decoding=\"async\" src=\"https:\/\/upload.wikimedia.org\/wikipedia\/commons\/f\/fc\/2022-04-15-Basilique_du_Sacr%C3%A9-C%C5%93ur-8641.jpg\" alt=\"\" \/><\/a><figcaption class=\"wp-element-caption\">Cr\u00e9dit photo : Superbass, CC BY-SA 4.0 , via Wikimedia Commons<\/figcaption><\/figure><\/div>\n\n\n<h2 class=\"wp-block-heading\">6. Le quartier de la ville fortifi\u00e9e de Dubrovnik<\/h2>\n\n\n\n<p>Vous connaissez Game of Thrones ? Alors vous allez y reconna\u00eetre quelques lieux de tournage. C\u2019est dans cette ville de Croatie, qu\u2019a eu lieu le tournage de certaines sc\u00e8nes de la s\u00e9rie, notamment les sc\u00e8nes de Port-R\u00e9al. Vous pourrez ainsi d\u00e9couvrir les remparts, le vieux port, la rue Stradun. Celle-ci est la rue principale de la vieille ville fortifi\u00e9e. Elle est toute en pierre et en la parcourant, on se croirait au moyen-\u00e2ge. Elle relie la porte Pile \u00e0 la place Luza. Place sur laquelle se situe l\u2019\u00e9glise Baroque d\u00e9di\u00e9e \u00e0 Saint Blaise, \u00e0 visiter et photographier. Du haut des remparts, vous aurez une vue sur la vieille ville fortifi\u00e9e baign\u00e9e par les lumi\u00e8res et les couleurs de l\u2019Adriatique. De quoi faire de sublimes photos !<\/p>\n\n\n<div class=\"wp-block-image\">\n<figure class=\"aligncenter size-full\"><img decoding=\"async\" src=\"https:\/\/storage.googleapis.com\/smartphoto-express-production-wp-blogs-com\/9\/2024\/05\/Meilleurs-quartiers-deurope-en-photo-Dubrovnik.jpg\" alt=\"\" class=\"wp-image-44891\" \/><\/figure><\/div>\n\n\n<h2 class=\"wp-block-heading\">7. Le quartier de Westminster \u00e0 Londres<\/h2>\n\n\n\n<p>Comment ne pas parler du quartier de Westminster, le centre politique et historique de Londres. C\u2019est l\u00e0 que se situent Big Ben, Buckingham Palace, l&rsquo;Abbaye de Westminster et aussi le magnifique Saint James Park. Que de lieux embl\u00e9matiques \u00e0 visiter. Buckingham Palace n\u2019est autre que le lieu de r\u00e9sidence du Roi Charles III et de sa famille. L&rsquo;abbaye de Westminster, o\u00f9 ont lieu toutes les c\u00e9r\u00e9monies religieuses de la royaut\u00e9, est de style gothique et sa fa\u00e7ade est magnifique. Vous allez pouvoir prendre des photos \u00e0 n\u2019en plus finir au milieu de ces monuments c\u00e9l\u00e8bres.<\/p>\n\n\n<div class=\"wp-block-image\">\n<figure class=\"aligncenter size-full\"><img decoding=\"async\" src=\"https:\/\/storage.googleapis.com\/smartphoto-express-production-wp-blogs-com\/9\/2024\/05\/Les-meilleurs-quartiers-en-Europe-pour-prendre-des-photos-en-2024-big-ben-et-le-pont-de-westminster.jpg\" alt=\"\" class=\"wp-image-44892\" \/><\/figure><\/div>\n\n\n<h2 class=\"wp-block-heading\">8. Le quartier de l\u2019Acropole \u00e0 Ath\u00e8nes<\/h2>\n\n\n\n<p>Ce quartier regroupe les monuments historiques d\u2019Ath\u00e8nes. Le mus\u00e9e de l\u2019Acropole se situe au pied de l\u2019Acropole. Une rue pi\u00e9tonne, la rue Dionysiou Areopagitou, part du mus\u00e9e et va jusqu\u2019\u00e0 la colline de l\u2019Ar\u00e9opage. En suivant cette rue, vous d\u00e9couvrirez le th\u00e9\u00e2tre de Dionysos, la l\u00e9gende veut que ce soit le premier th\u00e9\u00e2tre du monde, et l\u2019Od\u00e9on d\u2019H\u00e9rode Atticus, un th\u00e9\u00e2tre aussi mais de facture romaine. Une fois arriv\u00e9 \u00e0 l\u2019Ar\u00e9opage, vous aurez l\u2019une des vues panoramiques les plus saisissantes sur l\u2019Acropole, l\u2019Agora et la ville d\u2019Ath\u00e8nes. Ces monuments de la Gr\u00e8ce antique vous feront voyager et d\u00e9couvrir la mythologie grecque.<\/p>\n\n\n<div class=\"wp-block-image\">\n<figure class=\"aligncenter size-full is-resized\"><a href=\"https:\/\/creativecommons.org\/licenses\/by-sa\/4.0\"><img decoding=\"async\" src=\"https:\/\/storage.googleapis.com\/smartphoto-express-production-wp-blogs-com\/9\/2024\/05\/Meilleurs-quartiers-dEurope-Acropole-Athene.jpg\" alt=\"\" class=\"wp-image-44893\" style=\"width:750px;height:auto\" \/><\/a><figcaption class=\"wp-element-caption\">Cr\u00e9dit photo : Fuzheado, CC BY-SA 4.0, via Wikimedia Commons<\/figcaption><\/figure><\/div>\n\n\n<figure class=\"wp-block-pullquote\"><blockquote><p>Allez d\u00e9couvrir les plus beaux quartiers d&rsquo;Europe pour faire de vos photos une exp\u00e9rience unique ?<br><br>D\u00e9couvrez tous nos conseils pour <a href=\"https:\/\/www.smartphoto.fr\/inspiration\/creer-un-livre-photo-de-citytrip\">cr\u00e9er votre livre photo apr\u00e8s un city-trip inoubliable<\/a>.<\/p><\/blockquote><\/figure>\n","protected":false},"excerpt":{"rendered":"<p>Visiter l&rsquo;Europe. Immortaliser vos vacances et vos d\u00e9couvertes \u00e0 travers de magnifiques photos. Voici les plus beaux quartiers \u00e0 explorer pour prendre des photos en 2024. Je vous propose de d\u00e9couvrir 8 lieux \u00e9poustouflants pour sublimer vos photos.<\/p>\n","protected":false},"author":39,"featured_media":11837,"comment_status":"open","ping_status":"open","sticky":false,"template":"","format":"standard","meta":{"om_disable_all_campaigns":false,"_monsterinsights_skip_tracking":false,"_monsterinsights_sitenote_active":false,"_monsterinsights_sitenote_note":"","_monsterinsights_sitenote_category":0,"footnotes":""},"categories":[1],"tags":[],"class_list":["post-11835","post","type-post","status-publish","format-standard","has-post-thumbnail","hentry","category-smartphoto"],"yoast_head":"<!-- This site is optimized with the Yoast SEO plugin v23.8 - https:\/\/yoast.com\/wordpress\/plugins\/seo\/ -->\n<title>Les meilleurs quartiers en Europe pour prendre des photos en 2024 - smartphoto FR<\/title>\n<meta name=\"description\" content=\"Visiter l&#039;Europe. Immortaliser vos vacances et vos d\u00e9couvertes \u00e0 travers de magnifiques photos. Voici les plus beaux quartiers \u00e0 explorer.\" \/>\n<meta name=\"robots\" content=\"index, follow, max-snippet:-1, max-image-preview:large, max-video-preview:-1\" \/>\n<link rel=\"canonical\" href=\"https:\/\/www.smartphoto.fr\/inspiration\/meilleurs-quartiers-en-europe-prendre-des-photos\" \/>\n<meta property=\"og:locale\" content=\"fr_FR\" \/>\n<meta property=\"og:type\" content=\"article\" \/>\n<meta property=\"og:title\" content=\"Les meilleurs quartiers en Europe pour prendre des photos en 2024 - smartphoto FR\" \/>\n<meta property=\"og:description\" content=\"Visiter l&#039;Europe. Immortaliser vos vacances et vos d\u00e9couvertes \u00e0 travers de magnifiques photos. Voici les plus beaux quartiers \u00e0 explorer.\" \/>\n<meta property=\"og:url\" content=\"https:\/\/www.smartphoto.fr\/inspiration\/meilleurs-quartiers-en-europe-prendre-des-photos\" \/>\n<meta property=\"og:site_name\" content=\"smartphoto FR\" \/>\n<meta property=\"article:publisher\" content=\"https:\/\/www.facebook.com\/smartphoto.fr\" \/>\n<meta property=\"article:published_time\" content=\"2024-08-01T14:21:22+00:00\" \/>\n<meta property=\"article:modified_time\" content=\"2024-08-21T08:32:26+00:00\" \/>\n<meta property=\"og:image\" content=\"https:\/\/storage.googleapis.com\/smartphoto-express-production-wp-blogs-com\/10\/2024\/08\/Quartier-Duomo-a-Milan-et-sa-cathedrale.jpg\" \/>\n\t<meta property=\"og:image:width\" content=\"700\" \/>\n\t<meta property=\"og:image:height\" content=\"466\" \/>\n\t<meta property=\"og:image:type\" content=\"image\/jpeg\" \/>\n<meta name=\"author\" content=\"Caroline\" \/>\n<meta name=\"twitter:card\" content=\"summary_large_image\" \/>\n<meta name=\"twitter:creator\" content=\"@smartphoto_fr\" \/>\n<meta name=\"twitter:site\" content=\"@smartphoto_fr\" \/>\n<meta name=\"twitter:label1\" content=\"Written by\" \/>\n\t<meta name=\"twitter:data1\" content=\"Caroline\" \/>\n\t<meta name=\"twitter:label2\" content=\"Est. reading time\" \/>\n\t<meta name=\"twitter:data2\" content=\"8 minutes\" \/>\n<script type=\"application\/ld+json\" class=\"yoast-schema-graph\">{\"@context\":\"https:\/\/schema.org\",\"@graph\":[{\"@type\":\"WebPage\",\"@id\":\"https:\/\/www.smartphoto.fr\/inspiration\/meilleurs-quartiers-en-europe-prendre-des-photos\",\"url\":\"https:\/\/www.smartphoto.fr\/inspiration\/meilleurs-quartiers-en-europe-prendre-des-photos\",\"name\":\"Les meilleurs quartiers en Europe pour prendre des photos en 2024 - smartphoto FR\",\"isPartOf\":{\"@id\":\"https:\/\/www.smartphoto.fr\/inspiration\/#website\"},\"primaryImageOfPage\":{\"@id\":\"https:\/\/www.smartphoto.fr\/inspiration\/meilleurs-quartiers-en-europe-prendre-des-photos#primaryimage\"},\"image\":{\"@id\":\"https:\/\/www.smartphoto.fr\/inspiration\/meilleurs-quartiers-en-europe-prendre-des-photos#primaryimage\"},\"thumbnailUrl\":\"https:\/\/storage.googleapis.com\/smartphoto-express-production-wp-blogs-com\/10\/2024\/08\/Quartier-Duomo-a-Milan-et-sa-cathedrale.jpg\",\"datePublished\":\"2024-08-01T14:21:22+00:00\",\"dateModified\":\"2024-08-21T08:32:26+00:00\",\"author\":{\"@id\":\"https:\/\/www.smartphoto.fr\/inspiration\/#\/schema\/person\/14abe7c86f4bda0d741e3ec66a39733e\"},\"description\":\"Visiter l'Europe. Immortaliser vos vacances et vos d\u00e9couvertes \u00e0 travers de magnifiques photos. Voici les plus beaux quartiers \u00e0 explorer.\",\"breadcrumb\":{\"@id\":\"https:\/\/www.smartphoto.fr\/inspiration\/meilleurs-quartiers-en-europe-prendre-des-photos#breadcrumb\"},\"inLanguage\":\"fr-FR\",\"potentialAction\":[{\"@type\":\"ReadAction\",\"target\":[\"https:\/\/www.smartphoto.fr\/inspiration\/meilleurs-quartiers-en-europe-prendre-des-photos\"]}]},{\"@type\":\"ImageObject\",\"inLanguage\":\"fr-FR\",\"@id\":\"https:\/\/www.smartphoto.fr\/inspiration\/meilleurs-quartiers-en-europe-prendre-des-photos#primaryimage\",\"url\":\"https:\/\/storage.googleapis.com\/smartphoto-express-production-wp-blogs-com\/10\/2024\/08\/Quartier-Duomo-a-Milan-et-sa-cathedrale.jpg\",\"contentUrl\":\"https:\/\/storage.googleapis.com\/smartphoto-express-production-wp-blogs-com\/10\/2024\/08\/Quartier-Duomo-a-Milan-et-sa-cathedrale.jpg\",\"width\":700,\"height\":466,\"caption\":\"MILANO, ITALY - AUGUST 29: View to the front of the Milan Cathedral on August 29, 2015. Milan is the second-most populous city in Italy and the capital of Lombardy.\"},{\"@type\":\"BreadcrumbList\",\"@id\":\"https:\/\/www.smartphoto.fr\/inspiration\/meilleurs-quartiers-en-europe-prendre-des-photos#breadcrumb\",\"itemListElement\":[{\"@type\":\"ListItem\",\"position\":1,\"name\":\"Home\",\"item\":\"https:\/\/www.smartphoto.fr\/inspiration\/\"},{\"@type\":\"ListItem\",\"position\":2,\"name\":\"Les meilleurs quartiers en Europe pour prendre des photos en 2024\"}]},{\"@type\":\"WebSite\",\"@id\":\"https:\/\/www.smartphoto.fr\/inspiration\/#website\",\"url\":\"https:\/\/www.smartphoto.fr\/inspiration\/\",\"name\":\"smartphoto FR\",\"description\":\"Le blog de smartphoto France.\",\"potentialAction\":[{\"@type\":\"SearchAction\",\"target\":{\"@type\":\"EntryPoint\",\"urlTemplate\":\"https:\/\/www.smartphoto.fr\/inspiration\/?s={search_term_string}\"},\"query-input\":{\"@type\":\"PropertyValueSpecification\",\"valueRequired\":true,\"valueName\":\"search_term_string\"}}],\"inLanguage\":\"fr-FR\"},{\"@type\":\"Person\",\"@id\":\"https:\/\/www.smartphoto.fr\/inspiration\/#\/schema\/person\/14abe7c86f4bda0d741e3ec66a39733e\",\"name\":\"Caroline\",\"image\":{\"@type\":\"ImageObject\",\"inLanguage\":\"fr-FR\",\"@id\":\"https:\/\/www.smartphoto.fr\/inspiration\/#\/schema\/person\/image\/\",\"url\":\"https:\/\/secure.gravatar.com\/avatar\/3bf4c2775ae12d0bb3bb504b56a0508c?s=96&d=mm&r=g\",\"contentUrl\":\"https:\/\/secure.gravatar.com\/avatar\/3bf4c2775ae12d0bb3bb504b56a0508c?s=96&d=mm&r=g\",\"caption\":\"Caroline\"},\"description\":\"Des id\u00e9es cr\u00e9atives pour vous inspirer, des sujets qui vous aident vraiment dans votre quotidien, voil\u00e0 ce que j'esp\u00e8re partager avec vous via ce blog. Quand je ne blogue pas pour smartphoto, je profites de bons moments en famille avec mon ch\u00e9ri et mes enfants, ou j'\u00e9tudie et je pratique le yoga.\",\"sameAs\":[\"http:\/\/www.smartphoto.fr\/inspiration\",\"https:\/\/www.instagram.com\/smartphoto_fr\/\"],\"url\":\"https:\/\/www.smartphoto.fr\/inspiration\/author\/caroline\"}]}<\/script>\n<!-- \/ Yoast SEO plugin. -->","yoast_head_json":{"title":"Les meilleurs quartiers en Europe pour prendre des photos en 2024 - smartphoto FR","description":"Visiter l'Europe. Immortaliser vos vacances et vos d\u00e9couvertes \u00e0 travers de magnifiques photos. Voici les plus beaux quartiers \u00e0 explorer.","robots":{"index":"index","follow":"follow","max-snippet":"max-snippet:-1","max-image-preview":"max-image-preview:large","max-video-preview":"max-video-preview:-1"},"canonical":"https:\/\/www.smartphoto.fr\/inspiration\/meilleurs-quartiers-en-europe-prendre-des-photos","og_locale":"fr_FR","og_type":"article","og_title":"Les meilleurs quartiers en Europe pour prendre des photos en 2024 - smartphoto FR","og_description":"Visiter l'Europe. Immortaliser vos vacances et vos d\u00e9couvertes \u00e0 travers de magnifiques photos. Voici les plus beaux quartiers \u00e0 explorer.","og_url":"https:\/\/www.smartphoto.fr\/inspiration\/meilleurs-quartiers-en-europe-prendre-des-photos","og_site_name":"smartphoto FR","article_publisher":"https:\/\/www.facebook.com\/smartphoto.fr","article_published_time":"2024-08-01T14:21:22+00:00","article_modified_time":"2024-08-21T08:32:26+00:00","og_image":[{"width":700,"height":466,"url":"https:\/\/storage.googleapis.com\/smartphoto-express-production-wp-blogs-com\/10\/2024\/08\/Quartier-Duomo-a-Milan-et-sa-cathedrale.jpg","type":"image\/jpeg"}],"author":"Caroline","twitter_card":"summary_large_image","twitter_creator":"@smartphoto_fr","twitter_site":"@smartphoto_fr","twitter_misc":{"Written by":"Caroline","Est. reading time":"8 minutes"},"schema":{"@context":"https:\/\/schema.org","@graph":[{"@type":"WebPage","@id":"https:\/\/www.smartphoto.fr\/inspiration\/meilleurs-quartiers-en-europe-prendre-des-photos","url":"https:\/\/www.smartphoto.fr\/inspiration\/meilleurs-quartiers-en-europe-prendre-des-photos","name":"Les meilleurs quartiers en Europe pour prendre des photos en 2024 - smartphoto FR","isPartOf":{"@id":"https:\/\/www.smartphoto.fr\/inspiration\/#website"},"primaryImageOfPage":{"@id":"https:\/\/www.smartphoto.fr\/inspiration\/meilleurs-quartiers-en-europe-prendre-des-photos#primaryimage"},"image":{"@id":"https:\/\/www.smartphoto.fr\/inspiration\/meilleurs-quartiers-en-europe-prendre-des-photos#primaryimage"},"thumbnailUrl":"https:\/\/storage.googleapis.com\/smartphoto-express-production-wp-blogs-com\/10\/2024\/08\/Quartier-Duomo-a-Milan-et-sa-cathedrale.jpg","datePublished":"2024-08-01T14:21:22+00:00","dateModified":"2024-08-21T08:32:26+00:00","author":{"@id":"https:\/\/www.smartphoto.fr\/inspiration\/#\/schema\/person\/14abe7c86f4bda0d741e3ec66a39733e"},"description":"Visiter l'Europe. Immortaliser vos vacances et vos d\u00e9couvertes \u00e0 travers de magnifiques photos. Voici les plus beaux quartiers \u00e0 explorer.","breadcrumb":{"@id":"https:\/\/www.smartphoto.fr\/inspiration\/meilleurs-quartiers-en-europe-prendre-des-photos#breadcrumb"},"inLanguage":"fr-FR","potentialAction":[{"@type":"ReadAction","target":["https:\/\/www.smartphoto.fr\/inspiration\/meilleurs-quartiers-en-europe-prendre-des-photos"]}]},{"@type":"ImageObject","inLanguage":"fr-FR","@id":"https:\/\/www.smartphoto.fr\/inspiration\/meilleurs-quartiers-en-europe-prendre-des-photos#primaryimage","url":"https:\/\/storage.googleapis.com\/smartphoto-express-production-wp-blogs-com\/10\/2024\/08\/Quartier-Duomo-a-Milan-et-sa-cathedrale.jpg","contentUrl":"https:\/\/storage.googleapis.com\/smartphoto-express-production-wp-blogs-com\/10\/2024\/08\/Quartier-Duomo-a-Milan-et-sa-cathedrale.jpg","width":700,"height":466,"caption":"MILANO, ITALY - AUGUST 29: View to the front of the Milan Cathedral on August 29, 2015. Milan is the second-most populous city in Italy and the capital of Lombardy."},{"@type":"BreadcrumbList","@id":"https:\/\/www.smartphoto.fr\/inspiration\/meilleurs-quartiers-en-europe-prendre-des-photos#breadcrumb","itemListElement":[{"@type":"ListItem","position":1,"name":"Home","item":"https:\/\/www.smartphoto.fr\/inspiration\/"},{"@type":"ListItem","position":2,"name":"Les meilleurs quartiers en Europe pour prendre des photos en 2024"}]},{"@type":"WebSite","@id":"https:\/\/www.smartphoto.fr\/inspiration\/#website","url":"https:\/\/www.smartphoto.fr\/inspiration\/","name":"smartphoto FR","description":"Le blog de smartphoto France.","potentialAction":[{"@type":"SearchAction","target":{"@type":"EntryPoint","urlTemplate":"https:\/\/www.smartphoto.fr\/inspiration\/?s={search_term_string}"},"query-input":{"@type":"PropertyValueSpecification","valueRequired":true,"valueName":"search_term_string"}}],"inLanguage":"fr-FR"},{"@type":"Person","@id":"https:\/\/www.smartphoto.fr\/inspiration\/#\/schema\/person\/14abe7c86f4bda0d741e3ec66a39733e","name":"Caroline","image":{"@type":"ImageObject","inLanguage":"fr-FR","@id":"https:\/\/www.smartphoto.fr\/inspiration\/#\/schema\/person\/image\/","url":"https:\/\/secure.gravatar.com\/avatar\/3bf4c2775ae12d0bb3bb504b56a0508c?s=96&d=mm&r=g","contentUrl":"https:\/\/secure.gravatar.com\/avatar\/3bf4c2775ae12d0bb3bb504b56a0508c?s=96&d=mm&r=g","caption":"Caroline"},"description":"Des id\u00e9es cr\u00e9atives pour vous inspirer, des sujets qui vous aident vraiment dans votre quotidien, voil\u00e0 ce que j'esp\u00e8re partager avec vous via ce blog. Quand je ne blogue pas pour smartphoto, je profites de bons moments en famille avec mon ch\u00e9ri et mes enfants, ou j'\u00e9tudie et je pratique le yoga.","sameAs":["http:\/\/www.smartphoto.fr\/inspiration","https:\/\/www.instagram.com\/smartphoto_fr\/"],"url":"https:\/\/www.smartphoto.fr\/inspiration\/author\/caroline"}]}},"_links":{"self":[{"href":"https:\/\/www.smartphoto.fr\/inspiration\/wp-json\/wp\/v2\/posts\/11835","targetHints":{"allow":["GET"]}}],"collection":[{"href":"https:\/\/www.smartphoto.fr\/inspiration\/wp-json\/wp\/v2\/posts"}],"about":[{"href":"https:\/\/www.smartphoto.fr\/inspiration\/wp-json\/wp\/v2\/types\/post"}],"author":[{"embeddable":true,"href":"https:\/\/www.smartphoto.fr\/inspiration\/wp-json\/wp\/v2\/users\/39"}],"replies":[{"embeddable":true,"href":"https:\/\/www.smartphoto.fr\/inspiration\/wp-json\/wp\/v2\/comments?post=11835"}],"version-history":[{"count":3,"href":"https:\/\/www.smartphoto.fr\/inspiration\/wp-json\/wp\/v2\/posts\/11835\/revisions"}],"predecessor-version":[{"id":11842,"href":"https:\/\/www.smartphoto.fr\/inspiration\/wp-json\/wp\/v2\/posts\/11835\/revisions\/11842"}],"wp:featuredmedia":[{"embeddable":true,"href":"https:\/\/www.smartphoto.fr\/inspiration\/wp-json\/wp\/v2\/media\/11837"}],"wp:attachment":[{"href":"https:\/\/www.smartphoto.fr\/inspiration\/wp-json\/wp\/v2\/media?parent=11835"}],"wp:term":[{"taxonomy":"category","embeddable":true,"href":"https:\/\/www.smartphoto.fr\/inspiration\/wp-json\/wp\/v2\/categories?post=11835"},{"taxonomy":"post_tag","embeddable":true,"href":"https:\/\/www.smartphoto.fr\/inspiration\/wp-json\/wp\/v2\/tags?post=11835"}],"curies":[{"name":"wp","href":"https:\/\/api.w.org\/{rel}","templated":true}]}}