{"id":11476,"date":"2023-08-07T15:19:20","date_gmt":"2023-08-07T13:19:20","guid":{"rendered":"\/inspiration\/?p=11476"},"modified":"2023-09-15T15:26:59","modified_gmt":"2023-09-15T13:26:59","slug":"etiquettes-de-marquage-personnalisees","status":"publish","type":"post","link":"https:\/\/www.smartphoto.fr\/inspiration\/etiquettes-de-marquage-personnalisees","title":{"rendered":"Smartphoto pr\u00e9sente:\u00a0les \u00e9tiquettes de marquage personnalis\u00e9es avec texte et\/ou photo"},"content":{"rendered":"\n<p>Suite \u00e0 vos nombreuses demandes et \u00e0 une recherche approfondie du mat\u00e9riel ad\u00e9quat, <a href=\"https:\/\/www.smartphoto.fr\/etiquettes-de-marquage\"><strong>les \u00e9tiquettes de marquage personnalis\u00e9es<\/strong><\/a> smartphoto sont enfin l\u00e0 ! Fini les coups de t\u00e9l\u00e9phone, les recherches et les visites aux objets perdus \ud83d\ude09<\/p>\n\n\n\n<p>D\u00e9couvrez ci-dessous les nombreuses possibilit\u00e9s pour identifier vos<strong> v\u00eatements<\/strong>, vos <strong>affaires d&rsquo;\u00e9cole<\/strong>, votre <strong>linge<\/strong> et vos <strong>accessoires<\/strong>, ainsi que ceux de vos enfants. \ud83c\udff7\ufe0f<\/p>\n\n\n\n<p>Pssst&#8230; Parcourez la page pour d\u00e9couvrir une <strong>nouvelle option<\/strong> super int\u00e9ressante. \ud83d\udcf7<\/p>\n\n\n\n<figure class=\"wp-block-image size-full is-resized\"><a href=\"https:\/\/www.smartphoto.fr\/nominettes\"><img loading=\"lazy\" decoding=\"async\" src=\"https:\/\/storage.googleapis.com\/smartphoto-express-production-wp-blogs-com\/9\/2023\/08\/Nominettes-personnalisees.jpg\" alt=\"Nominettes personnalisables\" class=\"wp-image-44536\" width=\"839\" height=\"558\" \/><\/a><\/figure>\n\n\n\n<div class=\"wp-block-buttons is-content-justification-center is-layout-flex wp-container-core-buttons-is-layout-1 wp-block-buttons-is-layout-flex\">\n<div class=\"wp-block-button is-style-outline is-style-outline--1\"><a class=\"wp-block-button__link has-text-align-center wp-element-button\" href=\"https:\/\/www.smartphoto.fr\/etiquettes-de-marquage\">D\u00e9couvrez toutes les \u00e9tiquettes de marquage<\/a><\/div>\n<\/div>\n\n\n\n<hr class=\"wp-block-separator has-alpha-channel-opacity\" \/>\n\n\n\n<h2 class=\"wp-block-heading\">Etiquettes nominatives<\/h2>\n\n\n\n<p>Gr\u00e2ce \u00e0 ces <a href=\"https:\/\/www.smartphoto.fr\/nominettes\/stickers-prenom\"><strong>stickers nominati<\/strong><\/a><strong><a href=\"https:\/\/www.smartphoto.fr\/etiquettes-de-marquage\/stickers-prenom\">fs<\/a><\/strong> amusants, votre fils ou votre fille ne rentrera plus jamais \u00e0 la maison avec un sac ou une mallette incomplet(e). Non seulement ils sont <strong>durables<\/strong>, mais ils r\u00e9sistent aussi au <strong>lave-vaisselle<\/strong>, au <strong>cong\u00e9lateur<\/strong> et au <strong>micro-ondes<\/strong>. \ud83d\udca7<\/p>\n\n\n\n<p>Des objets les plus petits aux plus grands, avec les <strong>4 diff\u00e9rentes tailles d&rsquo;autocollants<\/strong> et les innombrables motifs et symboles, vous \u00eates s\u00fbr de trouver ce que vous cherchez ! \ud83c\udf1e<\/p>\n\n\n\n<p><strong>Astuce<\/strong> : \u00e9galement int\u00e9ressant pour vos pots d&rsquo;\u00e9pices, outils, fournitures de bureau ou articles de loisirs !<\/p>\n\n\n\n<figure class=\"wp-block-image size-full is-resized\"><a href=\"https:\/\/www.smartphoto.fr\/nominettes\/stickers-prenom\"><img loading=\"lazy\" decoding=\"async\" src=\"https:\/\/storage.googleapis.com\/smartphoto-express-production-wp-blogs-com\/9\/2023\/08\/Etiquettes-nominatives-personnalisees.jpg\" alt=\"Stickers pr\u00e9nom nominettes autocollantes\" class=\"wp-image-44539\" width=\"843\" height=\"561\" \/><\/a><\/figure>\n\n\n\n<div class=\"wp-block-buttons is-content-justification-center is-layout-flex wp-container-core-buttons-is-layout-2 wp-block-buttons-is-layout-flex\">\n<div class=\"wp-block-button is-style-outline is-style-outline--2\"><a class=\"wp-block-button__link has-text-align-center wp-element-button\" href=\"https:\/\/www.smartphoto.fr\/etiquettes-de-marquage\/stickers-prenom\">D\u00e9couvrez les \u00e9tiquettes autocollantes<\/a><\/div>\n<\/div>\n\n\n\n<hr class=\"wp-block-separator has-alpha-channel-opacity\" \/>\n\n\n\n<h2 class=\"wp-block-heading\">Nominettes thermocollantes<\/h2>\n\n\n\n<p>Vous voulez \u00eatre certain que tous les v\u00eatements de votre petit ange reviennent bien chez vous ? Alors vous recherchez ces <a href=\"https:\/\/www.smartphoto.fr\/etiquettes-de-marquage\/etiquettes-thermocollantes\"><strong>\u00e9tiquettes thermocollantes<\/strong><\/a> ! Elles sont faciles \u00e0 appliquer, ne grattent pas et r\u00e9sistent \u00e0 <strong>200 cycles de lavage<\/strong>. Personnalisez les \u00e9tiquettes thermocollantes avec votre <strong>nom, votre num\u00e9ro de t\u00e9l\u00e9phone, votre adresse et\/ou une photo<\/strong>. Fini les confusions, ces v\u00eatements sont les v\u00f4tres ! \ud83d\udc2f<\/p>\n\n\n\n<figure class=\"wp-block-image size-full is-resized\"><a href=\"https:\/\/www.smartphoto.fr\/nominettes\/etiquettes-thermocollantes\"><img loading=\"lazy\" decoding=\"async\" src=\"https:\/\/storage.googleapis.com\/smartphoto-express-production-wp-blogs-com\/9\/2023\/08\/Etiquettes-thermocollantes.jpg\" alt=\"Etiquettes thermocollantes\" class=\"wp-image-44541\" width=\"840\" height=\"560\" \/><\/a><\/figure>\n\n\n\n<div class=\"wp-block-buttons is-content-justification-center is-layout-flex wp-container-core-buttons-is-layout-3 wp-block-buttons-is-layout-flex\">\n<div class=\"wp-block-button is-style-outline is-style-outline--3\"><a class=\"wp-block-button__link has-text-align-center wp-element-button\" href=\"https:\/\/www.smartphoto.fr\/etiquettes-de-marquage\/etiquettes-thermocollantes\">D\u00e9couvrez les \u00e9tiquettes thermocollantes<\/a><\/div>\n<\/div>\n\n\n\n<hr class=\"wp-block-separator has-alpha-channel-opacity\" \/>\n\n\n\n<h2 class=\"wp-block-heading\">M\u00e9daille nominative<\/h2>\n\n\n\n<p>Votre fils ou votre fille ne sait toujours pas quel cartable saisir lorsque papa ou maman se trouve \u00e0 la porte de l&rsquo;\u00e9cole ? Avec cet adorable <a href=\"https:\/\/www.smartphoto.fr\/etiquettes-de-marquage\/etiquette-cartable\"><strong>badge<\/strong><\/a>, tout sera parfaitement clair une fois pour toutes.<\/p>\n\n\n\n<p>Laissez votre enfant choisir <strong>son animal ou son symbole pr\u00e9f\u00e9r\u00e9<\/strong> ou ajoutez une <strong>photo<\/strong>, inscrivez <strong>son nom<\/strong> dessus et soyez assur\u00e9 qu&rsquo;il n&rsquo;y aura plus jamais la moindre erreur. \ud83e\udd92<\/p>\n\n\n\n<figure class=\"wp-block-image size-full is-resized\"><a href=\"https:\/\/www.smartphoto.fr\/nominettes\/etiquette-cartable\"><img loading=\"lazy\" decoding=\"async\" src=\"https:\/\/storage.googleapis.com\/smartphoto-express-production-wp-blogs-com\/9\/2023\/08\/Medailles-nominatives.jpg\" alt=\"Nominettes personnalisables m\u00e9dailles nominatives\" class=\"wp-image-44542\" width=\"841\" height=\"559\" \/><\/a><\/figure>\n\n\n\n<div class=\"wp-block-buttons is-content-justification-center is-layout-flex wp-container-core-buttons-is-layout-4 wp-block-buttons-is-layout-flex\">\n<div class=\"wp-block-button is-style-outline is-style-outline--4\"><a class=\"wp-block-button__link has-text-align-center wp-element-button\" href=\"https:\/\/www.smartphoto.fr\/etiquettes-de-marquage\/etiquette-cartable\">D\u00e9couvrez les m\u00e9dailles nominatives<\/a><\/div>\n<\/div>\n\n\n\n<hr class=\"wp-block-separator has-alpha-channel-opacity\" \/>\n\n\n\n<h2 class=\"wp-block-heading\">Tampon nominatif<\/h2>\n\n\n\n<p>Est-ce possible d&rsquo;aller un cran plus vite ? Avec ce <strong><a href=\"https:\/\/www.smartphoto.fr\/etiquettes-de-marquage\/tampon-nominatif\">tampon nominatif<\/a><\/strong>, vous pouvez \u00e9tiqueter tous vos v\u00eatements et textiles en un rien de temps ! Le tampon peut \u00eatre <strong>utilis\u00e9 900 fois<\/strong> et r\u00e9siste \u00e0 <strong>30 cycles de lavage<\/strong>. Les v\u00eatements ne sont d\u00e9sormais plus assez grands ? Vous pouvez alors ais\u00e9ment les donner \u00e0 leurs fr\u00e8res et s\u0153urs ou \u00e0 d&rsquo;autres personnes. Tr\u00e8s pratique, non ?<\/p>\n\n\n\n<p>Ici aussi, vous avez le choix entre plusieurs <strong>symboles mignons<\/strong>. \ud83d\udc27<\/p>\n\n\n\n<figure class=\"wp-block-image size-full is-resized\"><a href=\"https:\/\/www.smartphoto.fr\/nominettes\/tampon-nominatif\"><img loading=\"lazy\" decoding=\"async\" src=\"https:\/\/storage.googleapis.com\/smartphoto-express-production-wp-blogs-com\/9\/2023\/08\/Tampon-nominatif.jpg\" alt=\"Tampon nominatif nominettes personnalisables\" class=\"wp-image-44543\" width=\"841\" height=\"559\" \/><\/a><\/figure>\n\n\n\n<div class=\"wp-block-buttons is-content-justification-center is-layout-flex wp-container-core-buttons-is-layout-5 wp-block-buttons-is-layout-flex\">\n<div class=\"wp-block-button is-style-outline is-style-outline--5\"><a class=\"wp-block-button__link has-text-align-center wp-element-button\" href=\"https:\/\/www.smartphoto.fr\/etiquettes-de-marquage\/tampon-nominatif\">D\u00e9couvrez les tampons nominatifs<\/a><\/div>\n<\/div>\n\n\n\n<hr class=\"wp-block-separator has-alpha-channel-opacity\" \/>\n\n\n\n<h2 class=\"wp-block-heading\">Nouvelle option : vous pouvez ajouter une photo aux \u00e9tiquettes de marquage<\/h2>\n\n\n\n<p>La cerise sur le g\u00e2teau de nos toutes nouvelles \u00e9tiquettes nominatives ? Vous pouvez ajouter <strong>une photo<\/strong> de votre enfant ! Cette option innovante est tr\u00e8s pratique pour les plus petits d&rsquo;entre eux, qui n&rsquo;ont pas encore appris \u00e0 lire. Et avouez qu&rsquo;une photo de votre petit bout de chou, c&rsquo;est le summum de la mignonitude, non ? \ud83d\ude0d<\/p>\n\n\n\n<figure class=\"wp-block-gallery has-nested-images columns-default is-cropped wp-block-gallery-6 is-layout-flex wp-block-gallery-is-layout-flex\">\n<figure class=\"wp-block-image size-large\"><a href=\"https:\/\/www.smartphoto.fr\/nominettes\"><img decoding=\"async\" data-id=\"44545\" src=\"https:\/\/storage.googleapis.com\/smartphoto-express-production-wp-blogs-com\/9\/2023\/08\/Etiquette-thermocollante.jpg\" alt=\"Nominettes personnalisables\" class=\"wp-image-44545\" \/><\/a><\/figure>\n\n\n\n<figure class=\"wp-block-image size-large\"><a href=\"https:\/\/www.smartphoto.fr\/nominettes\"><img decoding=\"async\" data-id=\"44544\" src=\"https:\/\/storage.googleapis.com\/smartphoto-express-production-wp-blogs-com\/9\/2023\/08\/Etiquettes-nominative-rectangulaire.jpg\" alt=\"nominettes personnalisables\" class=\"wp-image-44544\" \/><\/a><\/figure>\n<\/figure>\n\n\n\n<hr class=\"wp-block-separator has-alpha-channel-opacity\" \/>\n\n\n\n<div style=\"height:18px\" aria-hidden=\"true\" class=\"wp-block-spacer\"><\/div>\n\n\n\n<p>Les mamans de notre \u00e9quipe smartphoto ont d\u00e9j\u00e0 compos\u00e9 quelques <strong>packs<\/strong> sp\u00e9cialement pour vous. Ainsi, vous avez <strong>tout ce qu&rsquo;il vous faut pour vous lancer<\/strong> dans l&rsquo;aventure.\ud83c\udff7\ufe0f<\/p>\n\n\n\n<h2 class=\"wp-block-heading\">Kit de d\u00e9marrage<\/h2>\n\n\n\n<p>Le<strong> <a href=\"https:\/\/www.smartphoto.fr\/etiquettes-de-marquage\/kit-demarrage-marquage\">pack de d\u00e9marrage<\/a><\/strong> est le pack de base id\u00e9al pour tous vos produits. Vous pouvez vous en servir pour tout et n&rsquo;importe quoi ! Le pack contient <strong>48 petits autocollants<\/strong>, <strong>24 grands autocollants carr\u00e9s<\/strong> et <strong>24 \u00e9tiquettes thermocollantes de taille moyenne<\/strong>. Et c&rsquo;est parti !<\/p>\n\n\n\n<figure class=\"wp-block-gallery has-nested-images columns-default is-cropped wp-block-gallery-7 is-layout-flex wp-block-gallery-is-layout-flex\">\n<figure class=\"wp-block-image size-large\"><a href=\"https:\/\/www.smartphoto.fr\/nominettes\/kit-demarrage-nominettes\"><img decoding=\"async\" data-id=\"44549\" src=\"https:\/\/storage.googleapis.com\/smartphoto-express-production-wp-blogs-com\/9\/2023\/08\/pack-demarrage.jpg\" alt=\"Nominettes personnalisables kit de d\u00e9marrage\" class=\"wp-image-44549\" \/><\/a><\/figure>\n\n\n\n<figure class=\"wp-block-image size-large\"><a href=\"https:\/\/www.smartphoto.fr\/nominettes\/kit-demarrage-nominettes\"><img decoding=\"async\" data-id=\"44548\" src=\"https:\/\/storage.googleapis.com\/smartphoto-express-production-wp-blogs-com\/9\/2023\/08\/pack-demarrage-nominettes.jpg\" alt=\"Nominettes personnalis\u00e9es\" class=\"wp-image-44548\" \/><\/a><\/figure>\n<\/figure>\n\n\n\n<div class=\"wp-block-buttons is-content-justification-center is-layout-flex wp-container-core-buttons-is-layout-6 wp-block-buttons-is-layout-flex\">\n<div class=\"wp-block-button is-style-outline is-style-outline--8\"><a class=\"wp-block-button__link has-text-align-center wp-element-button\" href=\"https:\/\/www.smartphoto.fr\/etiquettes-de-marquage\/kit-demarrage-marquage\">D\u00e9couvrez le kit de d\u00e9marrage<\/a><\/div>\n<\/div>\n\n\n\n<hr class=\"wp-block-separator has-alpha-channel-opacity\" \/>\n\n\n\n<h2 class=\"wp-block-heading\">Pack d&rsquo;\u00e9tiquettes de marquage \u00ab\u00a0Les tout petits\u00a0\u00bb<\/h2>\n\n\n\n<p>Avec un enfant confi\u00e9, la question n&rsquo;est pas de savoir si mais quand une chaussette ou un autre v\u00eatement sera \u00e9gar\u00e9. Avec le <strong><a href=\"https:\/\/www.smartphoto.be\/fr\/nominettes\/pack-creche\">p<\/a><a href=\"https:\/\/www.smartphoto.fr\/etiquettes-de-marquage\/pack-creche\">ack \u00ab&nbsp;Les tout petits&nbsp;\u00bb<\/a><\/strong>, tous les objets \u00e9gar\u00e9s vous reviennent ! Dans ce pack, vous trouverez <strong>24 grands autocollants ronds<\/strong> pour les bouteilles et les bocaux, <strong>48 petits autocollants<\/strong> pour les petits objets et <strong>48 petites \u00e9tiquettes thermocollantes<\/strong> pour tous les v\u00eatements ! \ud83d\udc76<\/p>\n\n\n\n<figure class=\"wp-block-gallery has-nested-images columns-default is-cropped wp-block-gallery-9 is-layout-flex wp-block-gallery-is-layout-flex\">\n<figure class=\"wp-block-image size-large\"><a href=\"https:\/\/www.smartphoto.fr\/nominettes\/pack-creche\"><img decoding=\"async\" data-id=\"44550\" src=\"https:\/\/storage.googleapis.com\/smartphoto-express-production-wp-blogs-com\/9\/2023\/08\/pack-creche.jpg\" alt=\"Kit de nominettes pour les tout petits\" class=\"wp-image-44550\" \/><\/a><\/figure>\n\n\n\n<figure class=\"wp-block-image size-large\"><a href=\"https:\/\/www.smartphoto.fr\/nominettes\/pack-creche\"><img decoding=\"async\" data-id=\"44551\" src=\"https:\/\/storage.googleapis.com\/smartphoto-express-production-wp-blogs-com\/9\/2023\/08\/Baby-creche-2.jpg\" alt=\"Kit de nominettes pour les tout petits\" class=\"wp-image-44551\" \/><\/a><\/figure>\n<\/figure>\n\n\n\n<div class=\"wp-block-buttons is-content-justification-center is-layout-flex wp-container-core-buttons-is-layout-7 wp-block-buttons-is-layout-flex\">\n<div class=\"wp-block-button is-style-outline is-style-outline--10\"><a class=\"wp-block-button__link has-text-align-center wp-element-button\" href=\"https:\/\/www.smartphoto.fr\/etiquettes-de-marquage\/pack-creche\">D\u00e9couvrez le pack \u00ab&nbsp;Les tout petits&nbsp;\u00bb<\/a><\/div>\n<\/div>\n\n\n\n<hr class=\"wp-block-separator has-alpha-channel-opacity\" \/>\n\n\n\n<h2 class=\"wp-block-heading\">Pack d&rsquo;\u00e9tiquettes de marquage \u00ab Vive l&rsquo;\u00e9cole \u00bb<\/h2>\n\n\n\n<p>Pr\u00eat pour la nouvelle ann\u00e9e scolaire ? Vous avez s\u00fbrement achet\u00e9 de nouvelles fournitures scolaires et pr\u00e9par\u00e9 de nombreux livres. Avec le<strong> <a href=\"https:\/\/www.smartphoto.fr\/etiquettes-de-marquage\/pack-marquage-ecole\">pack \u00ab Vive l&rsquo;\u00e9cole \u00bb<\/a><\/strong>, vos nouvelles fournitures et vos livres vous accompagneront tout au long de l&rsquo;ann\u00e9e ! Le pack contient <strong>48 petits autocollants rectangulaires<\/strong> et <strong>24 grands autocollants ronds<\/strong> pour tous les livres et stylos, <strong>24 \u00e9tiquettes thermocollantes moyennes<\/strong> pour les v\u00eatements (de sport) et <strong>1 m\u00e9daille nominative<\/strong> pour ton sac d&rsquo;\u00e9cole ou ta trousse. \u2702\ufe0f<\/p>\n\n\n\n<figure class=\"wp-block-gallery has-nested-images columns-default is-cropped wp-block-gallery-11 is-layout-flex wp-block-gallery-is-layout-flex\">\n<figure class=\"wp-block-image size-large\"><a href=\"https:\/\/www.smartphoto.fr\/nominettes\/pack-marquage-ecole\"><img decoding=\"async\" data-id=\"44553\" src=\"https:\/\/storage.googleapis.com\/smartphoto-express-production-wp-blogs-com\/9\/2023\/08\/pack-ecole.jpg\" alt=\"Pack de nominettes pour l'\u00e9cole\" class=\"wp-image-44553\" \/><\/a><\/figure>\n\n\n\n<figure class=\"wp-block-image size-large\"><a href=\"https:\/\/www.smartphoto.fr\/nominettes\/pack-marquage-ecole\"><img decoding=\"async\" data-id=\"44552\" src=\"https:\/\/storage.googleapis.com\/smartphoto-express-production-wp-blogs-com\/9\/2023\/08\/pack-ecole-2.jpg\" alt=\"Pack de nominettes pour l'\u00e9cole\" class=\"wp-image-44552\" \/><\/a><\/figure>\n<\/figure>\n\n\n\n<div class=\"wp-block-buttons is-content-justification-center is-layout-flex wp-container-core-buttons-is-layout-8 wp-block-buttons-is-layout-flex\">\n<div class=\"wp-block-button is-style-outline is-style-outline--12\"><a class=\"wp-block-button__link has-text-align-center wp-element-button\" href=\"https:\/\/www.smartphoto.fr\/etiquettes-de-marquage\/pack-marquage-ecole\">D\u00e9couvrez le pack \u00ab\u00a0Vive l&rsquo;\u00e9cole\u00a0\u00bb<\/a><\/div>\n<\/div>\n\n\n\n<hr class=\"wp-block-separator has-alpha-channel-opacity\" \/>\n\n\n\n<h2 class=\"wp-block-heading\">Pack d&rsquo;\u00e9tiquettes de marquage \u00ab\u00a0Vive les vacances\u00a0\u00bb<\/h2>\n\n\n\n<p>Vos enfants partent-ils prochainement en colonie de vacances ou en vacances scolaires ? Il est temps de pr\u00e9parer la valise ! Toutefois, vous ne pouvez pas \u00eatre s\u00fbr qu&rsquo;ils reviennent avec une valise compl\u00e8te. Le <strong><a href=\"https:\/\/www.smartphoto.fr\/etiquettes-de-marquage\/pack-vacances\">pack \u00ab&nbsp;Vive les vacances&nbsp;\u00bb<\/a><\/strong> vous donne un coup de pouce ! Choisissez ensemble un symbole ou une photo pour vos <strong>24 autocollants moyens<\/strong>, <strong>48 petites \u00e9tiquettes thermocollantes<\/strong> et <strong>24 \u00e9tiquettes thermocollantes moyennes<\/strong>. \ud83d\ude0e<\/p>\n\n\n\n<p>Perdu quand m\u00eame ? Avec l&rsquo;aide de votre num\u00e9ro de t\u00e9l\u00e9phone portable ou de votre adresse, vos affaires vous seront tr\u00e8s certainement restitu\u00e9es !<\/p>\n\n\n\n<figure class=\"wp-block-gallery has-nested-images columns-default is-cropped wp-block-gallery-13 is-layout-flex wp-block-gallery-is-layout-flex\">\n<figure class=\"wp-block-image size-large\"><a href=\"https:\/\/www.smartphoto.fr\/nominettes\/pack-vacances\"><img decoding=\"async\" data-id=\"44555\" src=\"https:\/\/storage.googleapis.com\/smartphoto-express-production-wp-blogs-com\/9\/2023\/08\/pack-de-nominettes-vacances.jpg\" alt=\"Pack de nominettes personnalisables \u00ab Vive les vacances \u00bb\" class=\"wp-image-44555\" \/><\/a><\/figure>\n\n\n\n<figure class=\"wp-block-image size-large\"><a href=\"https:\/\/www.smartphoto.fr\/nominettes\/pack-vacances\"><img decoding=\"async\" data-id=\"44554\" src=\"https:\/\/storage.googleapis.com\/smartphoto-express-production-wp-blogs-com\/9\/2023\/08\/pack-de-nominettes-vacances-2.jpg\" alt=\"Pack de nominettes personnalisables \u00ab Vive les vacances \u00bb\" class=\"wp-image-44554\" \/><\/a><\/figure>\n<\/figure>\n\n\n\n<div class=\"wp-block-buttons is-content-justification-center is-layout-flex wp-container-core-buttons-is-layout-9 wp-block-buttons-is-layout-flex\">\n<div class=\"wp-block-button is-style-outline is-style-outline--14\"><a class=\"wp-block-button__link has-text-align-center wp-element-button\" href=\"https:\/\/www.smartphoto.fr\/etiquettes-de-marquage\/pack-vacances\">D\u00e9couvrez le pack \u00ab&nbsp;Vive les vacances&nbsp;\u00bb<\/a><\/div>\n<\/div>\n\n\n\n<hr class=\"wp-block-separator has-alpha-channel-opacity\" \/>\n\n\n\n<div style=\"height:16px\" aria-hidden=\"true\" class=\"wp-block-spacer\"><\/div>\n\n\n\n<p>Quels sont les \u00e9tiquettes de marquage qui vous ont le plus aid\u00e9 ou qui vous plaisent le plus, vous et vos enfants ?&nbsp; Partagez-les avec nous sur notre <strong><a href=\"https:\/\/www.instagram.com\/smartphoto_fr\/\" target=\"_blank\" rel=\"noreferrer noopener nofollow\">Facebook<\/a><\/strong>, <strong><a href=\"https:\/\/www.pinterest.com\/smartphotofr\/\" target=\"_blank\" rel=\"noreferrer noopener nofollow\">Instagram<\/a><\/strong>, <strong><a href=\"https:\/\/www.pinterest.com\/smartphotofr\/\" target=\"_blank\" rel=\"noreferrer noopener nofollow\">Pinterest<\/a><\/strong> ou <strong><a href=\"https:\/\/www.tiktok.com\/@smartphoto_official\" target=\"_blank\" rel=\"noreferrer noopener nofollow\">TikTok<\/a><\/strong> via un tag ou le hashtag <strong>#mysmartphoto<\/strong> !<\/p>\n\n\n\n<p>Vous cherchez d&rsquo;autres \u00e9tiquettes personnalis\u00e9es ? \ud83d\udc49 D\u00e9couvrez-les <a href=\"https:\/\/www.smartphoto.fr\/cadeaux-photo\/stickers-deco-photo\">ici<\/a> !<\/p>\n\n\n\n<figure class=\"wp-block-image size-full is-resized\"><a href=\"https:\/\/www.smartphoto.fr\/nominettes\"><img loading=\"lazy\" decoding=\"async\" src=\"https:\/\/storage.googleapis.com\/smartphoto-express-production-wp-blogs-com\/9\/2023\/08\/Toutes-les-nominettes-personnalisables.jpg\" alt=\"Nominettes personnalisables\" class=\"wp-image-44556\" width=\"843\" height=\"561\" \/><\/a><\/figure>\n","protected":false},"excerpt":{"rendered":"<p>Suite \u00e0 vos nombreuses demandes et \u00e0 une recherche approfondie du mat\u00e9riel ad\u00e9quat, les \u00e9tiquettes de marquage personnalis\u00e9es smartphoto sont enfin l\u00e0 ! Fini les coups de t\u00e9l\u00e9phone, les recherches et les visites aux objets perdus \ud83d\ude09 D\u00e9couvrez ci-dessous les nombreuses possibilit\u00e9s pour identifier vos v\u00eatements, vos affaires d&rsquo;\u00e9cole, votre linge et vos accessoires, ainsi que ceux de vos enfants. \ud83c\udff7\ufe0f Pssst&#8230; Parcourez la page pour d\u00e9couvrir une nouvelle option super int\u00e9ressante. \ud83d\udcf7 Etiquettes nominatives Gr\u00e2ce \u00e0 ces stickers nominatifs amusants, votre fils ou votre fille ne rentrera plus jamais \u00e0 la maison avec un sac ou une mallette incomplet(e).<\/p>\n","protected":false},"author":75,"featured_media":11480,"comment_status":"open","ping_status":"open","sticky":false,"template":"","format":"standard","meta":{"om_disable_all_campaigns":false,"_monsterinsights_skip_tracking":false,"_monsterinsights_sitenote_active":false,"_monsterinsights_sitenote_note":"","_monsterinsights_sitenote_category":0,"footnotes":""},"categories":[81],"tags":[],"class_list":["post-11476","post","type-post","status-publish","format-standard","has-post-thumbnail","hentry","category-ecole"],"yoast_head":"<!-- This site is optimized with the Yoast SEO plugin v23.8 - https:\/\/yoast.com\/wordpress\/plugins\/seo\/ -->\n<title>Smartphoto pr\u00e9sente les \u00e9tiquettes de marquage avec photos<\/title>\n<meta name=\"description\" content=\"D\u00e9couvrez les diff\u00e9rentes \u00e9tiquettes de marquage personnalis\u00e9es de smartphoto. Ajoutez-y du texte ou une photo. Pour ne plus rien \u00e9garer.\" \/>\n<meta name=\"robots\" content=\"index, follow, max-snippet:-1, max-image-preview:large, max-video-preview:-1\" \/>\n<link rel=\"canonical\" href=\"https:\/\/www.smartphoto.fr\/inspiration\/etiquettes-de-marquage-personnalisees\" \/>\n<meta property=\"og:locale\" content=\"fr_FR\" \/>\n<meta property=\"og:type\" content=\"article\" \/>\n<meta property=\"og:title\" content=\"Smartphoto pr\u00e9sente les \u00e9tiquettes de marquage avec photos\" \/>\n<meta property=\"og:description\" content=\"D\u00e9couvrez les diff\u00e9rentes \u00e9tiquettes de marquage personnalis\u00e9es de smartphoto. Ajoutez-y du texte ou une photo. Pour ne plus rien \u00e9garer.\" \/>\n<meta property=\"og:url\" content=\"https:\/\/www.smartphoto.fr\/inspiration\/etiquettes-de-marquage-personnalisees\" \/>\n<meta property=\"og:site_name\" content=\"smartphoto FR\" \/>\n<meta property=\"article:publisher\" content=\"https:\/\/www.facebook.com\/smartphoto.fr\" \/>\n<meta property=\"article:published_time\" content=\"2023-08-07T13:19:20+00:00\" \/>\n<meta property=\"article:modified_time\" content=\"2023-09-15T13:26:59+00:00\" \/>\n<meta property=\"og:image\" content=\"https:\/\/storage.googleapis.com\/smartphoto-express-production-wp-blogs-com\/10\/2023\/08\/Nominettes-personnalisees.jpg\" \/>\n\t<meta property=\"og:image:width\" content=\"800\" \/>\n\t<meta property=\"og:image:height\" content=\"532\" \/>\n\t<meta property=\"og:image:type\" content=\"image\/jpeg\" \/>\n<meta name=\"author\" content=\"Thomas\" \/>\n<meta name=\"twitter:card\" content=\"summary_large_image\" \/>\n<meta name=\"twitter:creator\" content=\"@smartphoto_fr\" \/>\n<meta name=\"twitter:site\" content=\"@smartphoto_fr\" \/>\n<meta name=\"twitter:label1\" content=\"Written by\" \/>\n\t<meta name=\"twitter:data1\" content=\"Thomas\" \/>\n\t<meta name=\"twitter:label2\" content=\"Est. reading time\" \/>\n\t<meta name=\"twitter:data2\" content=\"8 minutes\" \/>\n<script type=\"application\/ld+json\" class=\"yoast-schema-graph\">{\"@context\":\"https:\/\/schema.org\",\"@graph\":[{\"@type\":\"WebPage\",\"@id\":\"https:\/\/www.smartphoto.fr\/inspiration\/etiquettes-de-marquage-personnalisees\",\"url\":\"https:\/\/www.smartphoto.fr\/inspiration\/etiquettes-de-marquage-personnalisees\",\"name\":\"Smartphoto pr\u00e9sente les \u00e9tiquettes de marquage avec photos\",\"isPartOf\":{\"@id\":\"https:\/\/www.smartphoto.fr\/inspiration\/#website\"},\"primaryImageOfPage\":{\"@id\":\"https:\/\/www.smartphoto.fr\/inspiration\/etiquettes-de-marquage-personnalisees#primaryimage\"},\"image\":{\"@id\":\"https:\/\/www.smartphoto.fr\/inspiration\/etiquettes-de-marquage-personnalisees#primaryimage\"},\"thumbnailUrl\":\"https:\/\/storage.googleapis.com\/smartphoto-express-production-wp-blogs-com\/10\/2023\/08\/Nominettes-personnalisees.jpg\",\"datePublished\":\"2023-08-07T13:19:20+00:00\",\"dateModified\":\"2023-09-15T13:26:59+00:00\",\"author\":{\"@id\":\"https:\/\/www.smartphoto.fr\/inspiration\/#\/schema\/person\/df061fec64ae1e1439155a8659077679\"},\"description\":\"D\u00e9couvrez les diff\u00e9rentes \u00e9tiquettes de marquage personnalis\u00e9es de smartphoto. Ajoutez-y du texte ou une photo. Pour ne plus rien \u00e9garer.\",\"breadcrumb\":{\"@id\":\"https:\/\/www.smartphoto.fr\/inspiration\/etiquettes-de-marquage-personnalisees#breadcrumb\"},\"inLanguage\":\"fr-FR\",\"potentialAction\":[{\"@type\":\"ReadAction\",\"target\":[\"https:\/\/www.smartphoto.fr\/inspiration\/etiquettes-de-marquage-personnalisees\"]}]},{\"@type\":\"ImageObject\",\"inLanguage\":\"fr-FR\",\"@id\":\"https:\/\/www.smartphoto.fr\/inspiration\/etiquettes-de-marquage-personnalisees#primaryimage\",\"url\":\"https:\/\/storage.googleapis.com\/smartphoto-express-production-wp-blogs-com\/10\/2023\/08\/Nominettes-personnalisees.jpg\",\"contentUrl\":\"https:\/\/storage.googleapis.com\/smartphoto-express-production-wp-blogs-com\/10\/2023\/08\/Nominettes-personnalisees.jpg\",\"width\":800,\"height\":532,\"caption\":\"\u00e9tiquettes personnalis\u00e9es\"},{\"@type\":\"BreadcrumbList\",\"@id\":\"https:\/\/www.smartphoto.fr\/inspiration\/etiquettes-de-marquage-personnalisees#breadcrumb\",\"itemListElement\":[{\"@type\":\"ListItem\",\"position\":1,\"name\":\"Home\",\"item\":\"https:\/\/www.smartphoto.fr\/inspiration\/\"},{\"@type\":\"ListItem\",\"position\":2,\"name\":\"Smartphoto pr\u00e9sente:\u00a0les \u00e9tiquettes de marquage personnalis\u00e9es avec texte et\/ou photo\"}]},{\"@type\":\"WebSite\",\"@id\":\"https:\/\/www.smartphoto.fr\/inspiration\/#website\",\"url\":\"https:\/\/www.smartphoto.fr\/inspiration\/\",\"name\":\"smartphoto FR\",\"description\":\"Le blog de smartphoto France.\",\"potentialAction\":[{\"@type\":\"SearchAction\",\"target\":{\"@type\":\"EntryPoint\",\"urlTemplate\":\"https:\/\/www.smartphoto.fr\/inspiration\/?s={search_term_string}\"},\"query-input\":{\"@type\":\"PropertyValueSpecification\",\"valueRequired\":true,\"valueName\":\"search_term_string\"}}],\"inLanguage\":\"fr-FR\"},{\"@type\":\"Person\",\"@id\":\"https:\/\/www.smartphoto.fr\/inspiration\/#\/schema\/person\/df061fec64ae1e1439155a8659077679\",\"name\":\"Thomas\",\"image\":{\"@type\":\"ImageObject\",\"inLanguage\":\"fr-FR\",\"@id\":\"https:\/\/www.smartphoto.fr\/inspiration\/#\/schema\/person\/image\/\",\"url\":\"https:\/\/secure.gravatar.com\/avatar\/960f05a7606c17edb3c4b5274c3731c1?s=96&d=mm&r=g\",\"contentUrl\":\"https:\/\/secure.gravatar.com\/avatar\/960f05a7606c17edb3c4b5274c3731c1?s=96&d=mm&r=g\",\"caption\":\"Thomas\"},\"description\":\"Vous apporter du contenu utile, simple et smart, c'est mon dada. Je suis aussi passionn\u00e9 par les animaux, les voyages et la culture japonaise. Comme vous, je fais des centaines de photos que je peine \u00e0 trier, imprimer, utiliser. Alors ensemble, explorons les solutions qui s'offrent \u00e0 nous !\",\"url\":\"https:\/\/www.smartphoto.fr\/inspiration\/author\/thomas\"}]}<\/script>\n<!-- \/ Yoast SEO plugin. -->","yoast_head_json":{"title":"Smartphoto pr\u00e9sente les \u00e9tiquettes de marquage avec photos","description":"D\u00e9couvrez les diff\u00e9rentes \u00e9tiquettes de marquage personnalis\u00e9es de smartphoto. Ajoutez-y du texte ou une photo. Pour ne plus rien \u00e9garer.","robots":{"index":"index","follow":"follow","max-snippet":"max-snippet:-1","max-image-preview":"max-image-preview:large","max-video-preview":"max-video-preview:-1"},"canonical":"https:\/\/www.smartphoto.fr\/inspiration\/etiquettes-de-marquage-personnalisees","og_locale":"fr_FR","og_type":"article","og_title":"Smartphoto pr\u00e9sente les \u00e9tiquettes de marquage avec photos","og_description":"D\u00e9couvrez les diff\u00e9rentes \u00e9tiquettes de marquage personnalis\u00e9es de smartphoto. Ajoutez-y du texte ou une photo. Pour ne plus rien \u00e9garer.","og_url":"https:\/\/www.smartphoto.fr\/inspiration\/etiquettes-de-marquage-personnalisees","og_site_name":"smartphoto FR","article_publisher":"https:\/\/www.facebook.com\/smartphoto.fr","article_published_time":"2023-08-07T13:19:20+00:00","article_modified_time":"2023-09-15T13:26:59+00:00","og_image":[{"width":800,"height":532,"url":"https:\/\/storage.googleapis.com\/smartphoto-express-production-wp-blogs-com\/10\/2023\/08\/Nominettes-personnalisees.jpg","type":"image\/jpeg"}],"author":"Thomas","twitter_card":"summary_large_image","twitter_creator":"@smartphoto_fr","twitter_site":"@smartphoto_fr","twitter_misc":{"Written by":"Thomas","Est. reading time":"8 minutes"},"schema":{"@context":"https:\/\/schema.org","@graph":[{"@type":"WebPage","@id":"https:\/\/www.smartphoto.fr\/inspiration\/etiquettes-de-marquage-personnalisees","url":"https:\/\/www.smartphoto.fr\/inspiration\/etiquettes-de-marquage-personnalisees","name":"Smartphoto pr\u00e9sente les \u00e9tiquettes de marquage avec photos","isPartOf":{"@id":"https:\/\/www.smartphoto.fr\/inspiration\/#website"},"primaryImageOfPage":{"@id":"https:\/\/www.smartphoto.fr\/inspiration\/etiquettes-de-marquage-personnalisees#primaryimage"},"image":{"@id":"https:\/\/www.smartphoto.fr\/inspiration\/etiquettes-de-marquage-personnalisees#primaryimage"},"thumbnailUrl":"https:\/\/storage.googleapis.com\/smartphoto-express-production-wp-blogs-com\/10\/2023\/08\/Nominettes-personnalisees.jpg","datePublished":"2023-08-07T13:19:20+00:00","dateModified":"2023-09-15T13:26:59+00:00","author":{"@id":"https:\/\/www.smartphoto.fr\/inspiration\/#\/schema\/person\/df061fec64ae1e1439155a8659077679"},"description":"D\u00e9couvrez les diff\u00e9rentes \u00e9tiquettes de marquage personnalis\u00e9es de smartphoto. Ajoutez-y du texte ou une photo. Pour ne plus rien \u00e9garer.","breadcrumb":{"@id":"https:\/\/www.smartphoto.fr\/inspiration\/etiquettes-de-marquage-personnalisees#breadcrumb"},"inLanguage":"fr-FR","potentialAction":[{"@type":"ReadAction","target":["https:\/\/www.smartphoto.fr\/inspiration\/etiquettes-de-marquage-personnalisees"]}]},{"@type":"ImageObject","inLanguage":"fr-FR","@id":"https:\/\/www.smartphoto.fr\/inspiration\/etiquettes-de-marquage-personnalisees#primaryimage","url":"https:\/\/storage.googleapis.com\/smartphoto-express-production-wp-blogs-com\/10\/2023\/08\/Nominettes-personnalisees.jpg","contentUrl":"https:\/\/storage.googleapis.com\/smartphoto-express-production-wp-blogs-com\/10\/2023\/08\/Nominettes-personnalisees.jpg","width":800,"height":532,"caption":"\u00e9tiquettes personnalis\u00e9es"},{"@type":"BreadcrumbList","@id":"https:\/\/www.smartphoto.fr\/inspiration\/etiquettes-de-marquage-personnalisees#breadcrumb","itemListElement":[{"@type":"ListItem","position":1,"name":"Home","item":"https:\/\/www.smartphoto.fr\/inspiration\/"},{"@type":"ListItem","position":2,"name":"Smartphoto pr\u00e9sente:\u00a0les \u00e9tiquettes de marquage personnalis\u00e9es avec texte et\/ou photo"}]},{"@type":"WebSite","@id":"https:\/\/www.smartphoto.fr\/inspiration\/#website","url":"https:\/\/www.smartphoto.fr\/inspiration\/","name":"smartphoto FR","description":"Le blog de smartphoto France.","potentialAction":[{"@type":"SearchAction","target":{"@type":"EntryPoint","urlTemplate":"https:\/\/www.smartphoto.fr\/inspiration\/?s={search_term_string}"},"query-input":{"@type":"PropertyValueSpecification","valueRequired":true,"valueName":"search_term_string"}}],"inLanguage":"fr-FR"},{"@type":"Person","@id":"https:\/\/www.smartphoto.fr\/inspiration\/#\/schema\/person\/df061fec64ae1e1439155a8659077679","name":"Thomas","image":{"@type":"ImageObject","inLanguage":"fr-FR","@id":"https:\/\/www.smartphoto.fr\/inspiration\/#\/schema\/person\/image\/","url":"https:\/\/secure.gravatar.com\/avatar\/960f05a7606c17edb3c4b5274c3731c1?s=96&d=mm&r=g","contentUrl":"https:\/\/secure.gravatar.com\/avatar\/960f05a7606c17edb3c4b5274c3731c1?s=96&d=mm&r=g","caption":"Thomas"},"description":"Vous apporter du contenu utile, simple et smart, c'est mon dada. Je suis aussi passionn\u00e9 par les animaux, les voyages et la culture japonaise. Comme vous, je fais des centaines de photos que je peine \u00e0 trier, imprimer, utiliser. Alors ensemble, explorons les solutions qui s'offrent \u00e0 nous !","url":"https:\/\/www.smartphoto.fr\/inspiration\/author\/thomas"}]}},"_links":{"self":[{"href":"https:\/\/www.smartphoto.fr\/inspiration\/wp-json\/wp\/v2\/posts\/11476","targetHints":{"allow":["GET"]}}],"collection":[{"href":"https:\/\/www.smartphoto.fr\/inspiration\/wp-json\/wp\/v2\/posts"}],"about":[{"href":"https:\/\/www.smartphoto.fr\/inspiration\/wp-json\/wp\/v2\/types\/post"}],"author":[{"embeddable":true,"href":"https:\/\/www.smartphoto.fr\/inspiration\/wp-json\/wp\/v2\/users\/75"}],"replies":[{"embeddable":true,"href":"https:\/\/www.smartphoto.fr\/inspiration\/wp-json\/wp\/v2\/comments?post=11476"}],"version-history":[{"count":7,"href":"https:\/\/www.smartphoto.fr\/inspiration\/wp-json\/wp\/v2\/posts\/11476\/revisions"}],"predecessor-version":[{"id":11503,"href":"https:\/\/www.smartphoto.fr\/inspiration\/wp-json\/wp\/v2\/posts\/11476\/revisions\/11503"}],"wp:featuredmedia":[{"embeddable":true,"href":"https:\/\/www.smartphoto.fr\/inspiration\/wp-json\/wp\/v2\/media\/11480"}],"wp:attachment":[{"href":"https:\/\/www.smartphoto.fr\/inspiration\/wp-json\/wp\/v2\/media?parent=11476"}],"wp:term":[{"taxonomy":"category","embeddable":true,"href":"https:\/\/www.smartphoto.fr\/inspiration\/wp-json\/wp\/v2\/categories?post=11476"},{"taxonomy":"post_tag","embeddable":true,"href":"https:\/\/www.smartphoto.fr\/inspiration\/wp-json\/wp\/v2\/tags?post=11476"}],"curies":[{"name":"wp","href":"https:\/\/api.w.org\/{rel}","templated":true}]}}