{"id":11302,"date":"2023-03-17T11:11:11","date_gmt":"2023-03-17T10:11:11","guid":{"rendered":"\/inspiration\/?p=11302"},"modified":"2024-08-21T10:34:14","modified_gmt":"2024-08-21T08:34:14","slug":"histoire-de-smartphoto","status":"publish","type":"post","link":"https:\/\/www.smartphoto.fr\/inspiration\/histoire-de-smartphoto","title":{"rendered":"L&rsquo;histoire de smartphoto &#8211; De l&rsquo;analogique au num\u00e9rique"},"content":{"rendered":"\n<h3 class=\"wp-block-heading\">De 1964 \u00e0 nos jours<\/h3>\n\n\n\n<p>Vous vous souvenez de l&rsquo;\u00e9poque des pellicules argentiques ? L&rsquo;excitation d&rsquo;attendre que vos photos soient d\u00e9velopp\u00e9es chez le photographe, sans savoir \u00e0 quoi elles ressembleront. Aujourd&rsquo;hui, plusieurs d\u00e9cennies et une r\u00e9volution num\u00e9rique plus tard, vous imprimez vos photos digitales de centaines de fa\u00e7ons diff\u00e9rentes.<\/p>\n\n\n\n<p>Mais saviez-vous que smartphoto a jou\u00e9 un r\u00f4le important dans cette \u00e9volution du march\u00e9 de la photo ?<\/p>\n\n\n\n<p>Nous vous pr\u00e9sentons l&rsquo;histoire de smartphoto ainsi que l&rsquo;\u00e9volution de (l&rsquo;impression photo) au fil des ann\u00e9es. Continuez \u00e0 lire pour d\u00e9couvrir comment smartphoto a chang\u00e9 notre relation avec la photographie et comment (nous) continuons aujourd&rsquo;hui \u00e0 donner le ton dans le monde de (l&rsquo;impression photo.)<\/p>\n\n\n\n<figure class=\"wp-block-image\"><img decoding=\"async\" src=\"https:\/\/storage.googleapis.com\/smartphoto-express-production-wp-blogs-com\/7\/2023\/03\/donkere-kamer-chemisch-proces-wetteren-winkel-Medium.jpg\" alt=\"D\u00e9veloppeur analogique\" \/><figcaption>D\u00e9veloppeur analogique<\/figcaption><\/figure>\n\n\n\n<h2 class=\"wp-block-heading\"><br>Il \u00e9tait une fois&#8230;<\/h2>\n\n\n\n<p>Nous sommes en 1907, au d\u00e9but du XXe si\u00e8cle, lorsque, gr\u00e2ce aux fr\u00e8res Lumi\u00e8re, la premi\u00e8re forme de photographie en couleurs fait son apparition. \u00c0 la m\u00eame \u00e9poque, un certain Oscar De Buck ouvre \u00e0 Scheldewindeke un magasin de photos peu reluisant, gr\u00e2ce auquel il va faire de sa passion son m\u00e9tier. C&rsquo;\u00e9tait l&rsquo;un des premiers magasins de photos du village et il jouissait d&rsquo;une tr\u00e8s bonne r\u00e9putation dans la r\u00e9gion. Oscar s&rsquo;est sp\u00e9cialis\u00e9 dans la photographie de portrait et s&rsquo;est surtout concentr\u00e9 sur les photos de familles locales et de paysages urbains.<\/p>\n\n\n<div class=\"wp-block-image\">\n<figure class=\"aligncenter size-full is-resized\"><img loading=\"lazy\" decoding=\"async\" src=\"https:\/\/storage.googleapis.com\/smartphoto-express-production-wp-blogs-com\/7\/2023\/03\/foto-gemaakt-door-Oscar-De-Buck-in-1917-in-fotozaak-Scheldewindeke-1.jpg\" alt=\"Histoire de smartphoto - photo d'une famille prise par Oscar De Buck, le p\u00e8re des fondateurs\" class=\"wp-image-49723\" width=\"323\" height=\"509\" \/><figcaption>Photo prise par Oscar De Buck dans son studio photo \u00e0 Scheldewindeke (1917)<\/figcaption><\/figure><\/div>\n\n\n<p>Oscar transmet sa passion \u00e0 ses enfants Jules et Georges. <strong>En 1935, Georges cr\u00e9e\/ouvre l&rsquo;entreprise \u00ab\u00a0Foto De Buck\u00a0\u00bb<\/strong> \u00e0 Wetteren en Belgique. C&rsquo;est le d\u00e9but d&rsquo;une histoire pleine de succ\u00e8s, port\u00e9e par la solide r\u00e9putation de Georges en tant que photographe. \u00c0 la m\u00eame \u00e9poque, son fr\u00e8re Jules et son beau-fr\u00e8re <strong>J\u00e9r\u00f4me Mussche <\/strong>ont \u00e9galement le go\u00fbt de la photographie et ouvrent chacun leur propre magasin contenant un studio photo.<\/p>\n\n\n<div class=\"wp-block-image\">\n<figure class=\"aligncenter size-large is-resized\"><img loading=\"lazy\" decoding=\"async\" src=\"https:\/\/storage.googleapis.com\/smartphoto-express-production-wp-blogs-com\/7\/2023\/03\/oude-fotowinkel-georges-de-buck-Medium-1024x692.jpg\" alt=\"Histoire de smartphoto - Premier studio photo de Georges De Buck, l'un des fondateurs\" class=\"wp-image-49725\" width=\"683\" height=\"461\" \/><figcaption>Studio photo Georges De Buck<\/figcaption><\/figure><\/div>\n\n\n<p>Dans la seconde moiti\u00e9 du XXe si\u00e8cle, la <strong>photographie devient plus commerciale<\/strong>, ce que la famille De Buck ne manque pas de remarquer. La prise de photos se fait d\u00e9sormais \u00e9galement pendant les loisirs et le consommateur ordinaire peut profiter de ses photos en couleur. La photographie en couleur est sur le point d&rsquo;exploser.<\/p>\n\n\n\n<h2 class=\"wp-block-heading\">Le commencement : La cr\u00e9ation de DBM Color en 1964<\/h2>\n\n\n\n<p>Les fr\u00e8res De Buck et leur beau-fr\u00e8re J\u00e9r\u00f4me Mussche ont l&rsquo;id\u00e9e de fusionner leurs activit\u00e9s et de lancer un <strong>laboratoire photo moderne<\/strong>. Ils commencent \u00e0 r\u00e9fl\u00e9chir et peu de temps apr\u00e8s, en 1964, DBM Color (De Buck &#8211; Mussche Color) voit le jour. Il s&rsquo;agit d&rsquo;un laboratoire ultramoderne pour le d\u00e9veloppement, l&rsquo;impression et la finition de photos couleur.<\/p>\n\n\n<div class=\"wp-block-image\">\n<figure class=\"aligncenter size-large\"><img decoding=\"async\" src=\"https:\/\/storage.googleapis.com\/smartphoto-express-production-wp-blogs-com\/7\/2023\/03\/brainstorm-oprichting-dbmcolor2-Medium-1.jpg\" alt=\"Histoire de smartphoto - R\u00e9union entre les fr\u00e8res de Buck et leur beau fr\u00e8re J\u00e9r\u00f4me Mussche, les fondateurs\" class=\"wp-image-49726\" \/><figcaption>Une des nombreuses r\u00e9unions pr\u00e9paratoires<\/figcaption><\/figure><\/div>\n\n<div class=\"wp-block-image\">\n<figure class=\"aligncenter size-large is-resized\"><img loading=\"lazy\" decoding=\"async\" src=\"https:\/\/storage.googleapis.com\/smartphoto-express-production-wp-blogs-com\/7\/2023\/03\/teamwork-stichters2.jpg\" alt=\"Histoire de smartphoto - Image des trois fondateurs\" class=\"wp-image-49727\" width=\"470\" height=\"432\" \/><figcaption>Les fondateurs G. De Buck, J. De Buck et J. Mussche<\/figcaption><\/figure><\/div>\n\n\n<p>En quelques ann\u00e9es, la famille De Buck-Mussche a r\u00e9ussi \u00e0 transformer le laboratoire photo en l&rsquo;un des plus modernes au monde. Ils qualifient eux-m\u00eames le d\u00e9veloppement des photos de \u00ab\u00a0miracle de la chimie et de la technologie\u00a0\u00bb. Le laboratoire innovant de DBM Color gagne en r\u00e9putation et de plus en plus de photographes rejoignent le r\u00e9seau. En quelques ann\u00e9es, DBM Color a cr\u00e9\u00e9 un <strong>r\u00e9seau<\/strong> de plus de 800 <strong>photographes partenaires<\/strong>.<\/p>\n\n\n<div class=\"wp-block-image\">\n<figure class=\"aligncenter\"><img decoding=\"async\" src=\"https:\/\/storage.googleapis.com\/smartphoto-express-production-wp-blogs-com\/7\/2023\/03\/chemisch-materiaal-voor-ontwikkeling-Medium.jpg\" alt=\"Histoire de smartphoto - Machine ancienne permettant le d\u00e9veloppement de photos par proc\u00e9d\u00e9 chimique\" \/><figcaption>Proc\u00e9d\u00e9 chimique de d\u00e9veloppement de la photo<\/figcaption><\/figure><\/div>\n\n<div class=\"wp-block-image\">\n<figure class=\"aligncenter\"><img decoding=\"async\" src=\"https:\/\/storage.googleapis.com\/smartphoto-express-production-wp-blogs-com\/7\/2023\/03\/eerste-lijn-automatische-fotoontwikkeling-Medium.jpg\" alt=\"Histoire de smartphoto - Premi\u00e8re ligne de d\u00e9veloppement de photo automatique\" \/><figcaption>Premi\u00e8re ligne de d\u00e9veloppement de photo automatique<\/figcaption><\/figure><\/div>\n\n\n<p>Comme auparavant, les consommateurs continuent d&rsquo;apporter leurs pellicules aux photographe ind\u00e9pendants, mais ces derniers utiliseront d\u00e9sormais le laboratoire photo pour le d\u00e9veloppement.<\/p>\n\n\n\n<blockquote class=\"wp-block-quote is-layout-flow wp-block-quote-is-layout-flow\"><p>Les fr\u00e8res De Buck &#8211; Mussche sont conscients que leurs produits contiennent des souvenirs d&rsquo;une grande valeur \u00e9motionnelle. D\u00e8s le d\u00e9part, ils s&rsquo;engagent fermement en faveur du contact personnel et garantissent la meilleure qualit\u00e9 de photo possible \u00e0 ce moment-l\u00e0 en Europe.<\/p><\/blockquote>\n\n\n\n<h2 class=\"wp-block-heading\">1976 : Spector, une marque de qualit\u00e9<\/h2>\n\n\n\n<p>Dans les ann\u00e9es 1970, la direction a estim\u00e9 que le secteur du photofinishing en tant qu&rsquo;activit\u00e9 distincte n&rsquo;\u00e9tait pas encore suffisamment solide et a cr\u00e9\u00e9 une nouvelle marque forte, Spector, \u00e0 cette fin en 1976.<\/p>\n\n\n\n<p>Spector garantit des tirages photo de haute qualit\u00e9, se positionnant ainsi clairement face aux syst\u00e8mes d&rsquo;impression par correspondance de l&rsquo;\u00e9poque qui misaient sur des prix bas. D\u00e9sormais, Spector est synonyme d&rsquo;impressions de qualit\u00e9, rapides et sans probl\u00e8me.<\/p>\n\n\n\n<p>Un an plus tard, en 1977, Spector est d\u00e9sormais associ\u00e9 au logo de la soci\u00e9t\u00e9. Un oiseau color\u00e9 compos\u00e9 de bandes n\u00e9gatives dans les couleurs principales que sont le rouge, le jaune et le bleu.<\/p>\n\n\n\n<figure class=\"wp-block-image size-full is-resized\"><img loading=\"lazy\" decoding=\"async\" src=\"https:\/\/storage.googleapis.com\/smartphoto-express-production-wp-blogs-com\/7\/2023\/03\/LogoSpector.jpg\" alt=\"Histoire de smartphoto - Image du logo quand smartphoto s'appelait encore Spector\" class=\"wp-image-49740\" width=\"354\" height=\"100\" \/><\/figure>\n\n\n<div class=\"wp-block-image\">\n<figure class=\"aligncenter size-large\"><img decoding=\"async\" src=\"https:\/\/storage.googleapis.com\/smartphoto-express-production-wp-blogs-com\/7\/2023\/03\/management-mussche-Medium-1024x739.jpg\" alt=\"Histoire de smartphoto - Management de Spector en 1977\" class=\"wp-image-49732\" \/><figcaption>Management de Spector 1977<\/figcaption><\/figure><\/div>\n\n<div class=\"wp-block-image\">\n<figure class=\"alignleft size-full is-resized\"><img loading=\"lazy\" decoding=\"async\" src=\"https:\/\/storage.googleapis.com\/smartphoto-express-production-wp-blogs-com\/7\/2023\/03\/lach-eens-naar-het-vogeltje-4.jpg\" alt=\"Histoire de smartphoto - Image d'un oiseau en laiton utilis\u00e9 pour prendre des photos\" class=\"wp-image-49743\" width=\"341\" height=\"227\" \/><\/figure><\/div>\n\n\n<blockquote class=\"wp-block-quote is-layout-flow wp-block-quote-is-layout-flow\"><p><em>Le dicton \u00ab\u00a0L&rsquo;oiseau va sortir\u00a0\u00bb date de 1879 et pouvait \u00eatre pris au pied de la lettre pour l&rsquo;\u00e9poque. Pour que les gens restent assis suffisamment longtemps, les photographes montaient souvent un oiseau m\u00e9canique en laiton sur leur objectif, que les gens devaient regarder pour que l&rsquo;oiseau ne s&rsquo;envole pas. Cette technique permettait d&rsquo;attirer l&rsquo;attention des enfants et des adultes au bon moment et, surtout, suffisamment longtemps. Au d\u00e9but, on utilisait m\u00eame un vrai canari qui avait \u00e9t\u00e9 entra\u00een\u00e9 \u00e0 chanter sur commande.<\/em><\/p><\/blockquote>\n\n\n\n<figure class=\"wp-block-image size-full\"><img decoding=\"async\" src=\"https:\/\/storage.googleapis.com\/smartphoto-express-production-wp-blogs-com\/7\/2023\/03\/ontwikkelen-negatiefjes-Medium-1.jpg\" alt=\"Histoire de smartphoto - Collaboratrice d\u00e9veloppant des n\u00e9gatifs \" class=\"wp-image-49745\" \/><figcaption>D\u00e9veloppement des n\u00e9gatifs<\/figcaption><\/figure>\n\n\n\n<p>Spector se porte bien et conna\u00eet une croissance extr\u00eamement rapide en tant que marque de qualit\u00e9. Ce n&rsquo;est pas \u00e9vident pour autant, car de plus en plus d&rsquo;acteurs \u00e9mergents \u00e0 cette \u00e9poque. Les kiosques et les supermarch\u00e9s qui poss\u00e8dent leurs propres minilabs misent sur le libre-service, \u00e9liminant ainsi les interm\u00e9diaires.<\/p>\n\n\n\n<p>La citation de Johan Mussche, alors directeur g\u00e9n\u00e9ral adjoint et fils de J\u00e9r\u00f4me Mussche, en 1977, en r\u00e9ponse \u00e0 l&rsquo;\u00e9mergence des concurrents \u00e0 bas prix, est caract\u00e9ristique :<\/p>\n\n\n<div class=\"wp-block-image\">\n<figure class=\"alignright size-full is-resized\"><img loading=\"lazy\" decoding=\"async\" src=\"https:\/\/storage.googleapis.com\/smartphoto-express-production-wp-blogs-com\/7\/2023\/03\/mussche-filmrolletes-manager-2.jpg\" alt=\"Histoire de smartphoto - Photo du directeur g\u00e9n\u00e9ral adjoint J\u00e9r\u00f4me Mussche en 1977\" class=\"wp-image-49737\" width=\"367\" height=\"549\" \/><figcaption>J\u00e9r\u00f4me Mussche 1977<\/figcaption><\/figure><\/div>\n\n\n<p><em>\u00ab\u00a0Il y a un grand espoir qui nous hante: que nous, en Europe, nous continuerons \u00e0 nous accrocher \u00e0 une tradition d&rsquo;int\u00e9r\u00eat culturel. En d&rsquo;autres termes, <strong>nous allons continuer \u00e0 consid\u00e9rer toutes les photos comme de petites \u0153uvres d&rsquo;art.<\/strong> Nous devons garder la conviction qu&rsquo;une photographie est plus qu&rsquo;un un simple clich\u00e9. Elle est et reste quelque chose de cr\u00e9atif. \u00ab\u00a0<\/em><\/p>\n\n\n<div class=\"wp-block-image\">\n<figure class=\"aligncenter size-large is-resized\"><img loading=\"lazy\" decoding=\"async\" src=\"https:\/\/storage.googleapis.com\/smartphoto-express-production-wp-blogs-com\/7\/2023\/03\/spector-foto-ontwikkelaar-Medium-1024x691.jpg\" alt=\"Histoire de smartphoto - Un d\u00e9veloppeur de photos de Spector\" class=\"wp-image-49733\" width=\"675\" height=\"455\" \/><figcaption>Le d\u00e9veloppeur de photos de Spector<\/figcaption><\/figure><\/div>\n\n\n<h2 class=\"wp-block-heading\"><strong>La qualit\u00e9 comme mentalit\u00e9<\/strong><\/h2>\n\n\n\n<p>La direction est claire et Spector d\u00e9veloppe un programme de qualit\u00e9 interne complet avec des normes tr\u00e8s strictes. Chaque \u00e9tape du d\u00e9veloppement est suivie par un personnel sp\u00e9cifique qualifi\u00e9 et engag\u00e9.<\/p>\n\n\n\n<p>La recherche de la qualit\u00e9 devient une mentalit\u00e9 et s&rsquo;inscrit dans l&rsquo;ADN de Spector. Non seulement en ce qui concerne les tirages photo eux-m\u00eames, mais aussi dans tous les autres aspects du service.<\/p>\n\n\n\n<figure class=\"wp-block-image size-large\"><img decoding=\"async\" src=\"https:\/\/storage.googleapis.com\/smartphoto-express-production-wp-blogs-com\/7\/2023\/03\/printenkleurenfotos-Medium-1-1024x687.jpg\" alt=\"Histoire de smartphoto -D\u00e9veloppement de photographies en couleur dans le laboratoire de Spector\" class=\"wp-image-49746\" \/><figcaption>D\u00e9veloppement de photographies en couleur dans le laboratoire de Spector<\/figcaption><\/figure>\n\n\n\n<p>Le r\u00e9seau de photographes ind\u00e9pendants est heureux de s&rsquo;associer \u00e0 la nouvelle marque, gage d&rsquo;un produit de tr\u00e8s haute qualit\u00e9.<\/p>\n\n\n\n<p>La \u00ab\u00a0qualit\u00e9 Spector\u00a0\u00bb devient d\u00e8s lors un terme familier en Flandre.<\/p>\n\n\n\n<figure class=\"wp-block-image size-full\"><img decoding=\"async\" src=\"https:\/\/storage.googleapis.com\/smartphoto-express-production-wp-blogs-com\/7\/2023\/03\/spector-medewerkers-Medium.jpg\" alt=\"Histoire de smartphoto - Le personnel de Spector dans les ann\u00e9es '80\" class=\"wp-image-49747\" \/><figcaption>Le personnel de Spector dans les ann\u00e9es &rsquo;80<\/figcaption><\/figure>\n\n\n\n<p>Pour aller encore plus loin, Spector entend s&rsquo;opposer aux nouveaux acteurs du march\u00e9 en misant sur les valeurs fondamentales suivantes :<\/p>\n\n\n\n<ul class=\"wp-block-list\"><li>Garantie de la meilleure qualit\u00e9 (photo rat\u00e9e = pas de paiement)<\/li><li>R\u00e9alisation\/Finition rapide et sans probl\u00e8me<\/li><li>Discr\u00e9tion et confidentialit\u00e9<\/li><li>Un service de qualit\u00e9 avec un contact personnel<\/li><\/ul>\n\n\n\n<p>De plus, gr\u00e2ce aux nombreuses techniques modernes et \u00e0 l&rsquo;automatisation, les prix deviennent plus avantageux. Un v\u00e9ritable point fort par rapport \u00e0 d&rsquo;autres acteurs de la photographie qui ont beaucoup plus de mal \u00e0 cette \u00e9poque.<\/p>\n\n\n\n<figure class=\"wp-block-image size-large\"><img decoding=\"async\" src=\"https:\/\/storage.googleapis.com\/smartphoto-express-production-wp-blogs-com\/7\/2023\/03\/s0249-Medium-1-1024x687.jpg\" alt=\"Histoire de smartphoto - Un enfant consommateur de Spector\" class=\"wp-image-49748\" \/><figcaption>Un consommateur avec un photographe de chez Spector (ann\u00e9es &rsquo;80)<\/figcaption><\/figure>\n\n\n\n<h2 class=\"wp-block-heading\">D\u00e9veloppements innovants et expansion en Europe<\/h2>\n\n\n\n<p>Ann\u00e9e apr\u00e8s ann\u00e9e, les investissements dans les technologies d&rsquo;impression les plus avanc\u00e9es continuent et Spector suit attentivement l&rsquo;\u00e9volution mondiale des techniques de pointe.<\/p>\n\n\n\n<p>Peu de temps apr\u00e8s, Spector lance le \u00ab\u00a0Printpack\u00a0\u00bb, un syst\u00e8me informatis\u00e9 de traitement et d&#8217;emballage des tirages, qui est distribu\u00e9 aux photographes sous une forme pr\u00e9emball\u00e9e.<\/p>\n\n\n\n<p>Le Printpack devient le premier emballage photo scell\u00e9, \u00e9tanche, discret et sans poussi\u00e8re en Europe.<\/p>\n\n\n\n<figure class=\"wp-block-image size-full\"><img decoding=\"async\" src=\"https:\/\/storage.googleapis.com\/smartphoto-express-production-wp-blogs-com\/7\/2023\/03\/color-laser-printer-2.jpg\" alt=\"Histoire de smartphoto - Imprimante laser couleur\" class=\"wp-image-49749\" \/><figcaption>Imprimante laser couleur<\/figcaption><\/figure>\n\n\n\n<p>Le d\u00e9ploiement du \u00ab\u00a0service en un jour avec la garantie Spector\u00a0\u00bb est \u00e9galement en train de prendre de l&rsquo;ampleur. Spector fournit un travail de plus en plus rapide et la qualit\u00e9 ne cesse de s&rsquo;am\u00e9liorer. Les photographes s&rsquo;engagent de plus en plus en faveur de la marque et parviennent \u00e0 faire face \u00e0 une forte concurrence.<\/p>\n\n\n\n<p>La combinaison du savoir-faire et d&rsquo;un engagement sans faille garantit un immense succ\u00e8s. Spector se distingue sur le plan technique et personnel et s&rsquo;offre d&rsquo;excellentes perspectives, ainsi qu&rsquo;aux photographes partenaires.<\/p>\n\n\n\n<figure class=\"wp-block-image size-full\"><img decoding=\"async\" src=\"https:\/\/storage.googleapis.com\/smartphoto-express-production-wp-blogs-com\/7\/2023\/03\/donkere-kamer-foto-ontwikkeling.jpg\" alt=\"Histoire de smartphoto - D\u00e9veloppement de n\u00e9gatifs en chambre obscure\" class=\"wp-image-49751\" \/><figcaption>D\u00e9veloppement de n\u00e9gatifs en chambre obscure<\/figcaption><\/figure>\n\n\n\n<p>Une expansion logique aux Pays-Bas a suivi en 1982, puis en France et en Su\u00e8de dans les ann\u00e9es 1980. \u00c0 cette \u00e9poque, Spector devient une entreprise milliardaire (en francs belges).<\/p>\n\n\n\n<h2 class=\"wp-block-heading\">Ann\u00e9es &rsquo;90 et d\u00e9but des ann\u00e9es 2000<\/h2>\n\n\n\n<p>Dans les ann\u00e9es &rsquo;90, le march\u00e9 de la photographie est encore bas\u00e9 sur les appareils photo analogiques et les pellicules. Les appareils photo num\u00e9riques \u00e9taient encore en cours de d\u00e9veloppement et n&rsquo;\u00e9taient pas encore largement utilis\u00e9s par les amateurs et les professionnels. Par cons\u00e9quent, les pellicules restent le principal produit sur le march\u00e9.<\/p>\n\n\n\n<figure class=\"wp-block-image size-full\"><img decoding=\"async\" src=\"https:\/\/storage.googleapis.com\/smartphoto-express-production-wp-blogs-com\/7\/2023\/03\/ontwikkelen-negatief-tot-fotoprint-1.jpg\" alt=\"Histoire de smartphoto - D\u00e9veloppement de n\u00e9gatifs\" class=\"wp-image-49750\" \/><figcaption>D\u00e9veloppement du n\u00e9gatif jusqu&rsquo;\u00e0 l&rsquo;impression de la photo<\/figcaption><\/figure>\n\n\n\n<p>Plus tard dans les ann\u00e9es &rsquo;90 et au d\u00e9but des ann\u00e9es 2000, les choses changent. L&rsquo;av\u00e8nement d&rsquo;Internet voit l&rsquo;\u00e9mergence de boutiques en ligne o\u00f9 les consommateurs peuvent faire d\u00e9velopper leurs pellicules.<\/p>\n\n\n\n<p>L&rsquo;appareil photo num\u00e9rique gagne alors en qualit\u00e9 et l&rsquo;apparition des premiers smartphones provoque un passage d\u00e9finitif \u00e0 la photographie num\u00e9rique. Les photos peuvent d\u00e9sormais \u00eatre vues sous forme num\u00e9rique sans qu&rsquo;il soit n\u00e9cessaire de les d\u00e9velopper. Une r\u00e9volution est en marche.<\/p>\n\n\n\n<figure class=\"wp-block-image size-large\"><img decoding=\"async\" src=\"https:\/\/storage.googleapis.com\/smartphoto-express-production-wp-blogs-com\/7\/2023\/03\/fotolab-jaren-90-Medium-1-1024x679.jpg\" alt=\"Histoire de smartphoto - Laboratoire photo de Spector dans les ann\u00e9es '80\" class=\"wp-image-49752\" \/><figcaption>Laboratoire photo dans les ann\u00e9es &rsquo;90<\/figcaption><\/figure>\n\n\n\n<p>Ce changement est d&rsquo;abord perceptible chez Spector par l&rsquo;apport de photos via des cl\u00e9s USB, des CD, ou tout simplement via le web. Au sein de l&rsquo;entreprise, la n\u00e9cessit\u00e9 d&rsquo;avoir deux approches diff\u00e9rentes se fait sentir : Spector continue de se concentrer sur les photographes, et \u00ab\u00a0<strong>Extrafilm<\/strong>\u00a0\u00bb est d\u00e9sormais le nom de toutes les activit\u00e9s \u00ab\u00a0web-to-post\u00a0\u00bb directement destin\u00e9es aux consommateurs.<\/p>\n\n\n\n<p>Les facteurs macro\u00e9conomiques inqui\u00e9tants constituent un facteur suppl\u00e9mentaire \u00e0 prendre en compte au cours de cette p\u00e9riode. La baisse de la fid\u00e9lit\u00e9 des clients, l&rsquo;affaiblissement du secteur et la stagnation du march\u00e9 dans son ensemble entra\u00eenent \u00e0 cette \u00e9poque une cascade de faillites pour les d\u00e9taillants traditionnels de produits photographiques.<\/p>\n\n\n\n<p>Spector est sous pression mais reste totalement attach\u00e9 \u00e0 ses valeurs fondamentales que sont la \u00ab\u00a0qualit\u00e9\u00a0\u00bb et le \u00ab\u00a0contact personnel\u00a0\u00bb.<\/p>\n\n\n\n<figure class=\"wp-block-image size-large\"><img decoding=\"async\" src=\"https:\/\/storage.googleapis.com\/smartphoto-express-production-wp-blogs-com\/7\/2023\/03\/2001-productie-fotorolletjes-verzameling-Medium-1024x689.jpg\" alt=\"Histoire de smartphoto - Personnes travaillant dans l'atelier de Spector en 2001\" class=\"wp-image-49754\" \/><figcaption>Pellicules apport\u00e9es \u00e0 Spector (2001)<\/figcaption><\/figure>\n\n\n\n<p>Spector \u00e9chappe \u00e0 la crise et gagne m\u00eame en popularit\u00e9 en Belgique, aux Pays-Bas et dans une grande partie de l&rsquo;Europe. Pellicules analogique sont encore nombreuses sur le march\u00e9.<\/p>\n\n\n\n<p>Malgr\u00e9 l&rsquo;\u00e9mergence de la num\u00e9risation, Spector, en tant que d\u00e9veloppeur analogique, enregistre en 2004 l&rsquo;une des meilleures ann\u00e9es de son histoire.<\/p>\n\n\n\n<h2 class=\"wp-block-heading\">2005 : Tsunami num\u00e9rique<\/h2>\n\n\n\n<p>En quelques ann\u00e9es, la situation change drastiquement. La demande de films analogiques s&rsquo;effondre compl\u00e8tement et le secteur commence \u00e0 chercher f\u00e9brilement une alternative. Les entreprises photographiques classiques n&rsquo;ont aucune chance et font faillite les unes apr\u00e8s les autres. La num\u00e9risation s&rsquo;av\u00e8re impitoyable. En 2005, le d\u00e9veloppement photographique semble compl\u00e8tement mort.<\/p>\n\n\n\n<figure class=\"wp-block-image size-large\"><img decoding=\"async\" src=\"https:\/\/storage.googleapis.com\/smartphoto-express-production-wp-blogs-com\/7\/2023\/03\/spector-foto-ontwikkelaar-2-Medium-1024x743.jpg\" alt=\"Histoire de smartphoto - Image d'un d\u00e9veloppeur de photos Spector\" class=\"wp-image-49755\" \/><figcaption>D\u00e9veloppeur de photos Spector<\/figcaption><\/figure>\n\n\n\n<h2 class=\"wp-block-heading\">2006 : R\u00e9orientation num\u00e9rique<\/h2>\n\n\n\n<p>L&rsquo;\u00e9quipe dirig\u00e9e par Stef De corte, fra\u00eechement nomm\u00e9 directeur g\u00e9n\u00e9ral, est confront\u00e9e \u00e0 un d\u00e9fi extr\u00eamement difficile : une r\u00e9orientation num\u00e9rique compl\u00e8te de l&rsquo;entreprise et une remise en \u00e9tat de l&rsquo;activit\u00e9 photo traditionnelle.<\/p>\n\n\n\n<p>\u00ab\u00a0Ce sera comme \u00e7a ou ce ne sera rien. Il n&rsquo;y a tout simplement pas d&rsquo;alternative.\u00a0\u00bb<\/p>\n\n\n\n<figure class=\"wp-block-image size-full\"><img decoding=\"async\" src=\"https:\/\/storage.googleapis.com\/smartphoto-express-production-wp-blogs-com\/7\/2023\/03\/stef-de-corte-spector.jpg\" alt=\"Histoire de smartphoto - Image du CEO Stef De corte en 2006\" class=\"wp-image-49758\" \/><figcaption>Stef De corte a \u00e9t\u00e9 nomm\u00e9 directeur g\u00e9n\u00e9ral en 2006<\/figcaption><\/figure>\n\n\n\n<p>Spector se rend de plus en plus compte que l&rsquo;analogique ne peut pas \u00eatre compl\u00e8tement remplac\u00e9. Il faut chercher une autre direction et de nouvelles solutions.<\/p>\n\n\n\n<p>\u00c0 l&rsquo;\u00e9poque, Spector sait que les gens rangent souvent leurs photos dans des albums. Un <a href=\"https:\/\/www.smartphoto.fr\/tirage-photo\/album-photo\">album photo<\/a> num\u00e9riquement composable semble alors \u00eatre la prochaine \u00e9tape logique que de nombreuses entreprises europ\u00e9ennes de photographie sont en train de franchir.<\/p>\n\n\n\n<p>Toutefois, contrairement \u00e0 d&rsquo;autres fabricants, Spector r\u00e9fl\u00e9chit d\u00e9j\u00e0 \u00e0 de nouvelles solutions pour les consommateurs.<\/p>\n\n\n\n<p>En 2006, Ilse Van Vaerenbergh est nomm\u00e9e responsable de la section de d\u00e9veloppement des produits, ce qui \u00e9tait totalement nouveau pour Spector \u00e0 l&rsquo;\u00e9poque.<\/p>\n\n\n\n<figure class=\"wp-block-image size-large\"><img decoding=\"async\" src=\"https:\/\/storage.googleapis.com\/smartphoto-express-production-wp-blogs-com\/7\/2023\/03\/IMG_1176-Medium-1024x683.jpg\" alt=\"Histoire de smartphoto - Image de Ilse van Vaerenbergh en 2006\" class=\"wp-image-49760\" \/><figcaption>Ilse Van Vaerenbergh est charg\u00e9e du d\u00e9veloppement des produits en 2006.<\/figcaption><\/figure>\n\n\n\n<p>Trois nouvelles cat\u00e9gories de produits ont \u00e9merg\u00e9  : les produits auxquels sont attach\u00e9s des souvenirs, tels que les <a href=\"https:\/\/www.smartphoto.fr\/livre-photo\">livres photo<\/a>, les produits que l&rsquo;on aime d\u00e9baller \u00e0 la maison et les cadeaux personnalis\u00e9s.<\/p>\n\n\n\n<p>Outre les premiers <a href=\"https:\/\/www.smartphoto.fr\/livre-photo\">livres photo<\/a>, les premi\u00e8res <a href=\"https:\/\/www.smartphoto.fr\/faire-part-cartes\">cartes<\/a> et <a href=\"https:\/\/www.smartphoto.fr\/calendrier-photo\">calendriers<\/a> photo ont vu le jour peu de temps apr\u00e8s. Chacun de ces produits uniques vaut la peine d&rsquo;\u00eatre fabriqu\u00e9 et re\u00e7u. La valeur ajout\u00e9e r\u00e9side dans l&rsquo;unicit\u00e9 et la personnalisation.<\/p>\n\n\n\n<p>La grande attention port\u00e9e aux clients et la pr\u00e9servation de l&rsquo;ADN de Spector s&rsquo;av\u00e8rent une fois de plus \u00eatre une formule de succ\u00e8s. L&rsquo;histoire num\u00e9rique &#8211; qui se d\u00e9roule d\u00e9sormais sous le nom d&rsquo;Extrafilm &#8211; prend de plus en plus forme.<\/p>\n\n\n\n<figure class=\"wp-block-image size-large\"><img decoding=\"async\" src=\"https:\/\/storage.googleapis.com\/smartphoto-express-production-wp-blogs-com\/7\/2023\/03\/eerste-communiekaart-en-gelijmde-boeken-Medium-1024x645.jpg\" alt=\"Histoire de smartphoto - Image des premiers produits photo\" class=\"wp-image-49759\" \/><figcaption>Les tout premiers \u00ab\u00a0nouveaux\u00a0\u00bb produits photo<\/figcaption><\/figure>\n\n\n\n<p>Spector survit \u00e0 la r\u00e9volution num\u00e9rique et, apr\u00e8s avoir fr\u00f4l\u00e9 la faillite, devient l&rsquo;une des rares entreprises classiques \u00e0 s&rsquo;imposer dans le domaine du num\u00e9rique. Chez le g\u00e9ant Kodak, entre autres, les choses vont beaucoup moins bien, et Kodak n&rsquo;a d&rsquo;autre choix que de se d\u00e9clarer en faillite.<\/p>\n\n\n\n<h2 class=\"wp-block-heading\">2011 : La boutique en ligne est rebaptis\u00e9e smartphoto<\/h2>\n\n\n\n<p>De la pellicule classique \u00e0 la boutique en ligne de produits photo personnalis\u00e9s, en quelques ann\u00e9es seulement. Un nouveau nom s&rsquo;impose.<\/p>\n\n\n\n<p>En 2011, l&rsquo;entreprise devient smartphoto, un nom qui signifie qu&rsquo;il faut toujours trouver des solutions intelligentes pour vos photos. L&rsquo;objectif de l&rsquo;entreprise est et restera de vous permettre de profiter de vos photos-souvenirs et de tirer le meilleur parti des moments importants de votre vie.<\/p>\n\n\n\n<figure class=\"wp-block-image size-large\"><img decoding=\"async\" src=\"https:\/\/storage.googleapis.com\/smartphoto-express-production-wp-blogs-com\/7\/2023\/03\/Smartphoto_Personnel_Building_GroupPhoto-2-Medium-1024x683.jpg\" alt=\"Histoire de smartphoto - Image de l'\u00e9quipe devant le batiment\" class=\"wp-image-49761\" \/><\/figure>\n\n\n\n<p>Les valeurs fondamentales de Spector restent donc intactes :<\/p>\n\n\n\n<ul class=\"wp-block-list\"><li>Garantie de qualit\u00e9 sous le nouveau nom de \u00ab\u00a0smartgarantie\u00a0\u00bb. En cas de probl\u00e8me, la r\u00e9impression est gratuite, comme \u00e0 l&rsquo;\u00e9poque de l&rsquo;analogique.<\/li><li>Priorit\u00e9 \u00e0 la rapidit\u00e9 et \u00e0 la commodit\u00e9.<\/li><li>Un service client\u00e8le sur lequel vous pouvez toujours compter.<\/li><\/ul>\n\n\n\n<figure class=\"wp-block-image size-large\"><img decoding=\"async\" src=\"https:\/\/storage.googleapis.com\/smartphoto-express-production-wp-blogs-com\/7\/2023\/03\/70c33436-b341-4101-98b6-540a9dc51af5-1024x682.jpg\" alt=\"Histoire de smartphoto - Collaboratrices contr\u00f4lant la qualit\u00e9 des produits \" class=\"wp-image-49762\" \/><figcaption>Le contr\u00f4le de la qualit\u00e9 reste une priorit\u00e9 absolue<\/figcaption><\/figure>\n\n\n\n<p>D\u00e9sormais, chaque nouveau produit photo sera \u00e9galement mesur\u00e9 \u00e0 l&rsquo;aune du slogan \u00ab\u00a0smart, simple, smile\u00a0\u00bb. L&rsquo;objectif est d&rsquo;offrir des produits photo abordables et de haute qualit\u00e9 gr\u00e2ce \u00e0 des solutions intelligentes via des sites simples. Pour que chacun puisse profiter de ses photos. Transformer les photos en produits photo uniques et pr\u00e9cieux sans trop d&rsquo;efforts.<\/p>\n\n\n\n<p>Parall\u00e8lement \u00e0 smartphoto, Spector continue d&rsquo;exister en tant qu&rsquo;entreprise \u00e0 part enti\u00e8re pour les activit\u00e9s B2B destin\u00e9es aux photographes. Gr\u00e2ce \u00e0 l&rsquo;engagement constant de Johan Dierickx et de son \u00e9quipe, Spector reste \u00e0 ce jour la r\u00e9f\u00e9rence en mati\u00e8re de vente de photos.<\/p>\n\n\n\n<figure class=\"wp-block-image size-full\"><img decoding=\"async\" src=\"https:\/\/storage.googleapis.com\/smartphoto-express-production-wp-blogs-com\/7\/2023\/03\/P1010778-Medium.jpeg\" alt=\"Histoire de smartphoto - Image du CEO et du COO\" class=\"wp-image-49763\" \/><figcaption>Johan Dierickx (au centre) en tant que COO<\/figcaption><\/figure>\n\n\n\n<h2 class=\"wp-block-heading\">2015-2023<\/h2>\n\n\n\n<p>Smartphoto reste fid\u00e8le \u00e0 son ADN et continue de rechercher chaque jour de nouvelles solutions photo plus performantes. Pendant cette p\u00e9riode, des innovations telles que l&rsquo;impression 3D, l&rsquo;impression laser, l&rsquo;impression textile, l&rsquo;impression UV et la r\u00e9alit\u00e9 augment\u00e9e ont fait leur apparition.<\/p>\n\n\n\n<p>Smartphoto reste \u00e9galement fid\u00e8le \u00e0 ses valeurs fondamentales et \u00e0 la recherche constante d&rsquo;une meilleure exp\u00e9rience client gr\u00e2ce \u00e0 des employ\u00e9s passionn\u00e9s qui garantissent un produit de haute qualit\u00e9.<\/p>\n\n\n<div class=\"wp-block-image\">\n<figure class=\"aligncenter size-full\"><img decoding=\"async\" src=\"https:\/\/storage.googleapis.com\/smartphoto-express-production-wp-blogs-com\/7\/2023\/03\/medewerkers-smartphoto.jpg\" alt=\"Histoire de smartphoto - Image d'une collaboratrice travaillant \u00e0 l'atelier \" class=\"wp-image-49764\" \/><figcaption>M\u00eame pendant le Corona, smartphoto reste fid\u00e8le \u00e0 ses valeurs fondamentales<\/figcaption><\/figure><\/div>\n\n\n<p>Aujourd&rsquo;hui, cela se traduit par une boutique en ligne avec plus de 500 produits personnalisables et plus d&rsquo;un million de visiteurs par mois. Chaque mois, plusieurs nouvelles solutions de produits sont ajout\u00e9es \u00e0 la boutique.<\/p>\n\n\n\n<p>Au cours de cette p\u00e9riode, le site web de smartphoto est \u00e9lu trois fois laur\u00e9at du Safeshops Award pour le meilleur concept de boutique en ligne belge, et m\u00eame quatre fois laur\u00e9at d&rsquo;un Becommerce Award. Entre-temps, la satisfaction des clients de smartphoto est \u00e9galement plus \u00e9lev\u00e9e que jamais, avec un score Trustpilot moyen de 4,7 (sur plus de 30 000 avis) et un score NPS (indicateur de satisfaction de la client\u00e8le) de 69, ce qui est un taux exceptionnellement haut.<\/p>\n\n\n\n<p>En 2022, smartphoto imprime pas moins de 46 millions de tirages photo au total et devient l&rsquo;une des entreprises de commerce \u00e9lectronique de photos les plus prosp\u00e8res d&rsquo;Europe.<\/p>\n\n\n\n<figure class=\"wp-block-image size-large\"><img decoding=\"async\" src=\"https:\/\/storage.googleapis.com\/smartphoto-express-production-wp-blogs-com\/7\/2023\/03\/stef-de-corte-productaanbod-smartphoto-Medium-1024x683.jpg\" alt=\"Histoire de smartphoto - Image du CEO Stef de corte en 2022\" class=\"wp-image-49766\" \/><figcaption>Stef De corte, CEO, pr\u00e9sente une partie de la gamme de produits<\/figcaption><\/figure>\n\n\n\n<p>Cela peut paraitre surprenant mais l&rsquo;analogique n&rsquo;est pas encore compl\u00e8tement mort et conna\u00eet m\u00eame un regain d&rsquo;int\u00e9r\u00eat. Aujourd&rsquo;hui encore, nous traitons environ 150 bobines de film par semaine avec Spector.<\/p>\n\n\n\n<p>Quoi qu&rsquo;il en soit, avec smartphoto, 60 ans apr\u00e8s les d\u00e9buts en analogique, nous parvenons toujours \u00e0 rapprocher les gens et \u00e0 leur donner le sourire gr\u00e2ce aux photos.<\/p>\n\n\n\n<figure class=\"wp-block-image size-full\"><img decoding=\"async\" src=\"https:\/\/storage.googleapis.com\/smartphoto-express-production-wp-blogs-com\/7\/2023\/03\/20230313_111014-Medium-3.jpg\" alt=\"Histoire de smartphoto - Pellicules et produits photo\" class=\"wp-image-49767\" \/><figcaption>Du d\u00e9veloppement de rouleaux de photos \u00e0 l&rsquo;impression de puzzles et de pots de fleurs<\/figcaption><\/figure>\n\n\n\n<h2 class=\"wp-block-heading\">En conclusion<\/h2>\n\n\n\n<p>Smartphoto, avec DBM Color, Spector et Extrafilm, a contribu\u00e9 au d\u00e9veloppement de l&rsquo;histoire de la photographie en Europe.<br>Beaucoup de choses ont chang\u00e9 au cours de cette p\u00e9riode, mais en m\u00eame temps rien n&rsquo;a chang\u00e9. La valeur ajout\u00e9e pour le client est toujours au premier plan. La garantie de qualit\u00e9, le contact personnel et la recherche permanente d&rsquo;innovations \u00e9taient et sont les piliers qui ont m\u00eame permis de faire face et de surmonter une r\u00e9volution num\u00e9rique.<\/p>\n\n\n\n<p>Chez smartphoto, nous nous pr\u00e9parons d\u00e9j\u00e0 \u00e0 l&rsquo;\u00e8re suivante et explorons de nouvelles possibilit\u00e9s en mati\u00e8re de machine learning et d&rsquo;intelligence artificielle afin d&rsquo;offrir de nouvelles solutions. Mais le d\u00e9roulement de cette nouvelle histoire nous am\u00e8ne \u00e0 une nouvelle r\u00e9trospective en 2043. \ud83d\ude18<\/p>\n\n\n\n<p>\u00c0 bient\u00f4t ! Et n&rsquo;oubliez pas qu&rsquo;une photo est plus qu&rsquo;un simple clich\u00e9. \ud83d\ude09<\/p>\n","protected":false},"excerpt":{"rendered":"<p>D\u00e9couvrez comment Smartphoto a su \u00e9voluer au fil des ann\u00e9es pour toujours donner le sourire \u00e0 ses clients gr\u00e2ce \u00e0 l&rsquo;art de la photo.<\/p>\n","protected":false},"author":39,"featured_media":11303,"comment_status":"open","ping_status":"open","sticky":false,"template":"","format":"standard","meta":{"om_disable_all_campaigns":false,"_monsterinsights_skip_tracking":false,"_monsterinsights_sitenote_active":false,"_monsterinsights_sitenote_note":"","_monsterinsights_sitenote_category":0,"footnotes":""},"categories":[85,1],"tags":[],"class_list":["post-11302","post","type-post","status-publish","format-standard","has-post-thumbnail","hentry","category-en-coulisses","category-smartphoto"],"yoast_head":"<!-- This site is optimized with the Yoast SEO plugin v23.8 - https:\/\/yoast.com\/wordpress\/plugins\/seo\/ -->\n<title>L&#039;histoire de smartphoto - De l&#039;analogique au num\u00e9rique<\/title>\n<meta name=\"description\" content=\"D\u00e9couvrez comment Smartphoto a su \u00e9voluer au fil des ann\u00e9es pour toujours donner le sourire \u00e0 ses clients gr\u00e2ce \u00e0 l&#039;art de la photo.\" \/>\n<meta name=\"robots\" content=\"index, follow, max-snippet:-1, max-image-preview:large, max-video-preview:-1\" \/>\n<link rel=\"canonical\" href=\"https:\/\/www.smartphoto.fr\/inspiration\/histoire-de-smartphoto\" \/>\n<meta property=\"og:locale\" content=\"fr_FR\" \/>\n<meta property=\"og:type\" content=\"article\" \/>\n<meta property=\"og:title\" content=\"L&#039;histoire de smartphoto - De l&#039;analogique au num\u00e9rique\" \/>\n<meta property=\"og:description\" content=\"D\u00e9couvrez comment Smartphoto a su \u00e9voluer au fil des ann\u00e9es pour toujours donner le sourire \u00e0 ses clients gr\u00e2ce \u00e0 l&#039;art de la photo.\" \/>\n<meta property=\"og:url\" content=\"https:\/\/www.smartphoto.fr\/inspiration\/histoire-de-smartphoto\" \/>\n<meta property=\"og:site_name\" content=\"smartphoto FR\" \/>\n<meta property=\"article:publisher\" content=\"https:\/\/www.facebook.com\/smartphoto.fr\" \/>\n<meta property=\"article:published_time\" content=\"2023-03-17T10:11:11+00:00\" \/>\n<meta property=\"article:modified_time\" content=\"2024-08-21T08:34:14+00:00\" \/>\n<meta property=\"og:image\" content=\"https:\/\/storage.googleapis.com\/smartphoto-express-production-wp-blogs-com\/10\/2023\/03\/Histoire-de-smartphoto-titre.jpg\" \/>\n\t<meta property=\"og:image:width\" content=\"1024\" \/>\n\t<meta property=\"og:image:height\" content=\"768\" \/>\n\t<meta property=\"og:image:type\" content=\"image\/jpeg\" \/>\n<meta name=\"author\" content=\"Caroline\" \/>\n<meta name=\"twitter:card\" content=\"summary_large_image\" \/>\n<meta name=\"twitter:creator\" content=\"@smartphoto_fr\" \/>\n<meta name=\"twitter:site\" content=\"@smartphoto_fr\" \/>\n<meta name=\"twitter:label1\" content=\"Written by\" \/>\n\t<meta name=\"twitter:data1\" content=\"Caroline\" \/>\n\t<meta name=\"twitter:label2\" content=\"Est. reading time\" \/>\n\t<meta name=\"twitter:data2\" content=\"20 minutes\" \/>\n<script type=\"application\/ld+json\" class=\"yoast-schema-graph\">{\"@context\":\"https:\/\/schema.org\",\"@graph\":[{\"@type\":\"WebPage\",\"@id\":\"https:\/\/www.smartphoto.fr\/inspiration\/histoire-de-smartphoto\",\"url\":\"https:\/\/www.smartphoto.fr\/inspiration\/histoire-de-smartphoto\",\"name\":\"L'histoire de smartphoto - De l'analogique au num\u00e9rique\",\"isPartOf\":{\"@id\":\"https:\/\/www.smartphoto.fr\/inspiration\/#website\"},\"primaryImageOfPage\":{\"@id\":\"https:\/\/www.smartphoto.fr\/inspiration\/histoire-de-smartphoto#primaryimage\"},\"image\":{\"@id\":\"https:\/\/www.smartphoto.fr\/inspiration\/histoire-de-smartphoto#primaryimage\"},\"thumbnailUrl\":\"https:\/\/storage.googleapis.com\/smartphoto-express-production-wp-blogs-com\/10\/2023\/03\/Histoire-de-smartphoto-titre.jpg\",\"datePublished\":\"2023-03-17T10:11:11+00:00\",\"dateModified\":\"2024-08-21T08:34:14+00:00\",\"author\":{\"@id\":\"https:\/\/www.smartphoto.fr\/inspiration\/#\/schema\/person\/14abe7c86f4bda0d741e3ec66a39733e\"},\"description\":\"D\u00e9couvrez comment Smartphoto a su \u00e9voluer au fil des ann\u00e9es pour toujours donner le sourire \u00e0 ses clients gr\u00e2ce \u00e0 l'art de la photo.\",\"breadcrumb\":{\"@id\":\"https:\/\/www.smartphoto.fr\/inspiration\/histoire-de-smartphoto#breadcrumb\"},\"inLanguage\":\"fr-FR\",\"potentialAction\":[{\"@type\":\"ReadAction\",\"target\":[\"https:\/\/www.smartphoto.fr\/inspiration\/histoire-de-smartphoto\"]}]},{\"@type\":\"ImageObject\",\"inLanguage\":\"fr-FR\",\"@id\":\"https:\/\/www.smartphoto.fr\/inspiration\/histoire-de-smartphoto#primaryimage\",\"url\":\"https:\/\/storage.googleapis.com\/smartphoto-express-production-wp-blogs-com\/10\/2023\/03\/Histoire-de-smartphoto-titre.jpg\",\"contentUrl\":\"https:\/\/storage.googleapis.com\/smartphoto-express-production-wp-blogs-com\/10\/2023\/03\/Histoire-de-smartphoto-titre.jpg\",\"width\":1024,\"height\":768},{\"@type\":\"BreadcrumbList\",\"@id\":\"https:\/\/www.smartphoto.fr\/inspiration\/histoire-de-smartphoto#breadcrumb\",\"itemListElement\":[{\"@type\":\"ListItem\",\"position\":1,\"name\":\"Home\",\"item\":\"https:\/\/www.smartphoto.fr\/inspiration\/\"},{\"@type\":\"ListItem\",\"position\":2,\"name\":\"L&rsquo;histoire de smartphoto &#8211; De l&rsquo;analogique au num\u00e9rique\"}]},{\"@type\":\"WebSite\",\"@id\":\"https:\/\/www.smartphoto.fr\/inspiration\/#website\",\"url\":\"https:\/\/www.smartphoto.fr\/inspiration\/\",\"name\":\"smartphoto FR\",\"description\":\"Le blog de smartphoto France.\",\"potentialAction\":[{\"@type\":\"SearchAction\",\"target\":{\"@type\":\"EntryPoint\",\"urlTemplate\":\"https:\/\/www.smartphoto.fr\/inspiration\/?s={search_term_string}\"},\"query-input\":{\"@type\":\"PropertyValueSpecification\",\"valueRequired\":true,\"valueName\":\"search_term_string\"}}],\"inLanguage\":\"fr-FR\"},{\"@type\":\"Person\",\"@id\":\"https:\/\/www.smartphoto.fr\/inspiration\/#\/schema\/person\/14abe7c86f4bda0d741e3ec66a39733e\",\"name\":\"Caroline\",\"image\":{\"@type\":\"ImageObject\",\"inLanguage\":\"fr-FR\",\"@id\":\"https:\/\/www.smartphoto.fr\/inspiration\/#\/schema\/person\/image\/\",\"url\":\"https:\/\/secure.gravatar.com\/avatar\/3bf4c2775ae12d0bb3bb504b56a0508c?s=96&d=mm&r=g\",\"contentUrl\":\"https:\/\/secure.gravatar.com\/avatar\/3bf4c2775ae12d0bb3bb504b56a0508c?s=96&d=mm&r=g\",\"caption\":\"Caroline\"},\"description\":\"Des id\u00e9es cr\u00e9atives pour vous inspirer, des sujets qui vous aident vraiment dans votre quotidien, voil\u00e0 ce que j'esp\u00e8re partager avec vous via ce blog. Quand je ne blogue pas pour smartphoto, je profites de bons moments en famille avec mon ch\u00e9ri et mes enfants, ou j'\u00e9tudie et je pratique le yoga.\",\"sameAs\":[\"http:\/\/www.smartphoto.fr\/inspiration\",\"https:\/\/www.instagram.com\/smartphoto_fr\/\"],\"url\":\"https:\/\/www.smartphoto.fr\/inspiration\/author\/caroline\"}]}<\/script>\n<!-- \/ Yoast SEO plugin. -->","yoast_head_json":{"title":"L'histoire de smartphoto - De l'analogique au num\u00e9rique","description":"D\u00e9couvrez comment Smartphoto a su \u00e9voluer au fil des ann\u00e9es pour toujours donner le sourire \u00e0 ses clients gr\u00e2ce \u00e0 l'art de la photo.","robots":{"index":"index","follow":"follow","max-snippet":"max-snippet:-1","max-image-preview":"max-image-preview:large","max-video-preview":"max-video-preview:-1"},"canonical":"https:\/\/www.smartphoto.fr\/inspiration\/histoire-de-smartphoto","og_locale":"fr_FR","og_type":"article","og_title":"L'histoire de smartphoto - De l'analogique au num\u00e9rique","og_description":"D\u00e9couvrez comment Smartphoto a su \u00e9voluer au fil des ann\u00e9es pour toujours donner le sourire \u00e0 ses clients gr\u00e2ce \u00e0 l'art de la photo.","og_url":"https:\/\/www.smartphoto.fr\/inspiration\/histoire-de-smartphoto","og_site_name":"smartphoto FR","article_publisher":"https:\/\/www.facebook.com\/smartphoto.fr","article_published_time":"2023-03-17T10:11:11+00:00","article_modified_time":"2024-08-21T08:34:14+00:00","og_image":[{"width":1024,"height":768,"url":"https:\/\/storage.googleapis.com\/smartphoto-express-production-wp-blogs-com\/10\/2023\/03\/Histoire-de-smartphoto-titre.jpg","type":"image\/jpeg"}],"author":"Caroline","twitter_card":"summary_large_image","twitter_creator":"@smartphoto_fr","twitter_site":"@smartphoto_fr","twitter_misc":{"Written by":"Caroline","Est. reading time":"20 minutes"},"schema":{"@context":"https:\/\/schema.org","@graph":[{"@type":"WebPage","@id":"https:\/\/www.smartphoto.fr\/inspiration\/histoire-de-smartphoto","url":"https:\/\/www.smartphoto.fr\/inspiration\/histoire-de-smartphoto","name":"L'histoire de smartphoto - De l'analogique au num\u00e9rique","isPartOf":{"@id":"https:\/\/www.smartphoto.fr\/inspiration\/#website"},"primaryImageOfPage":{"@id":"https:\/\/www.smartphoto.fr\/inspiration\/histoire-de-smartphoto#primaryimage"},"image":{"@id":"https:\/\/www.smartphoto.fr\/inspiration\/histoire-de-smartphoto#primaryimage"},"thumbnailUrl":"https:\/\/storage.googleapis.com\/smartphoto-express-production-wp-blogs-com\/10\/2023\/03\/Histoire-de-smartphoto-titre.jpg","datePublished":"2023-03-17T10:11:11+00:00","dateModified":"2024-08-21T08:34:14+00:00","author":{"@id":"https:\/\/www.smartphoto.fr\/inspiration\/#\/schema\/person\/14abe7c86f4bda0d741e3ec66a39733e"},"description":"D\u00e9couvrez comment Smartphoto a su \u00e9voluer au fil des ann\u00e9es pour toujours donner le sourire \u00e0 ses clients gr\u00e2ce \u00e0 l'art de la photo.","breadcrumb":{"@id":"https:\/\/www.smartphoto.fr\/inspiration\/histoire-de-smartphoto#breadcrumb"},"inLanguage":"fr-FR","potentialAction":[{"@type":"ReadAction","target":["https:\/\/www.smartphoto.fr\/inspiration\/histoire-de-smartphoto"]}]},{"@type":"ImageObject","inLanguage":"fr-FR","@id":"https:\/\/www.smartphoto.fr\/inspiration\/histoire-de-smartphoto#primaryimage","url":"https:\/\/storage.googleapis.com\/smartphoto-express-production-wp-blogs-com\/10\/2023\/03\/Histoire-de-smartphoto-titre.jpg","contentUrl":"https:\/\/storage.googleapis.com\/smartphoto-express-production-wp-blogs-com\/10\/2023\/03\/Histoire-de-smartphoto-titre.jpg","width":1024,"height":768},{"@type":"BreadcrumbList","@id":"https:\/\/www.smartphoto.fr\/inspiration\/histoire-de-smartphoto#breadcrumb","itemListElement":[{"@type":"ListItem","position":1,"name":"Home","item":"https:\/\/www.smartphoto.fr\/inspiration\/"},{"@type":"ListItem","position":2,"name":"L&rsquo;histoire de smartphoto &#8211; De l&rsquo;analogique au num\u00e9rique"}]},{"@type":"WebSite","@id":"https:\/\/www.smartphoto.fr\/inspiration\/#website","url":"https:\/\/www.smartphoto.fr\/inspiration\/","name":"smartphoto FR","description":"Le blog de smartphoto France.","potentialAction":[{"@type":"SearchAction","target":{"@type":"EntryPoint","urlTemplate":"https:\/\/www.smartphoto.fr\/inspiration\/?s={search_term_string}"},"query-input":{"@type":"PropertyValueSpecification","valueRequired":true,"valueName":"search_term_string"}}],"inLanguage":"fr-FR"},{"@type":"Person","@id":"https:\/\/www.smartphoto.fr\/inspiration\/#\/schema\/person\/14abe7c86f4bda0d741e3ec66a39733e","name":"Caroline","image":{"@type":"ImageObject","inLanguage":"fr-FR","@id":"https:\/\/www.smartphoto.fr\/inspiration\/#\/schema\/person\/image\/","url":"https:\/\/secure.gravatar.com\/avatar\/3bf4c2775ae12d0bb3bb504b56a0508c?s=96&d=mm&r=g","contentUrl":"https:\/\/secure.gravatar.com\/avatar\/3bf4c2775ae12d0bb3bb504b56a0508c?s=96&d=mm&r=g","caption":"Caroline"},"description":"Des id\u00e9es cr\u00e9atives pour vous inspirer, des sujets qui vous aident vraiment dans votre quotidien, voil\u00e0 ce que j'esp\u00e8re partager avec vous via ce blog. Quand je ne blogue pas pour smartphoto, je profites de bons moments en famille avec mon ch\u00e9ri et mes enfants, ou j'\u00e9tudie et je pratique le yoga.","sameAs":["http:\/\/www.smartphoto.fr\/inspiration","https:\/\/www.instagram.com\/smartphoto_fr\/"],"url":"https:\/\/www.smartphoto.fr\/inspiration\/author\/caroline"}]}},"_links":{"self":[{"href":"https:\/\/www.smartphoto.fr\/inspiration\/wp-json\/wp\/v2\/posts\/11302","targetHints":{"allow":["GET"]}}],"collection":[{"href":"https:\/\/www.smartphoto.fr\/inspiration\/wp-json\/wp\/v2\/posts"}],"about":[{"href":"https:\/\/www.smartphoto.fr\/inspiration\/wp-json\/wp\/v2\/types\/post"}],"author":[{"embeddable":true,"href":"https:\/\/www.smartphoto.fr\/inspiration\/wp-json\/wp\/v2\/users\/39"}],"replies":[{"embeddable":true,"href":"https:\/\/www.smartphoto.fr\/inspiration\/wp-json\/wp\/v2\/comments?post=11302"}],"version-history":[{"count":4,"href":"https:\/\/www.smartphoto.fr\/inspiration\/wp-json\/wp\/v2\/posts\/11302\/revisions"}],"predecessor-version":[{"id":11307,"href":"https:\/\/www.smartphoto.fr\/inspiration\/wp-json\/wp\/v2\/posts\/11302\/revisions\/11307"}],"wp:featuredmedia":[{"embeddable":true,"href":"https:\/\/www.smartphoto.fr\/inspiration\/wp-json\/wp\/v2\/media\/11303"}],"wp:attachment":[{"href":"https:\/\/www.smartphoto.fr\/inspiration\/wp-json\/wp\/v2\/media?parent=11302"}],"wp:term":[{"taxonomy":"category","embeddable":true,"href":"https:\/\/www.smartphoto.fr\/inspiration\/wp-json\/wp\/v2\/categories?post=11302"},{"taxonomy":"post_tag","embeddable":true,"href":"https:\/\/www.smartphoto.fr\/inspiration\/wp-json\/wp\/v2\/tags?post=11302"}],"curies":[{"name":"wp","href":"https:\/\/api.w.org\/{rel}","templated":true}]}}